{"id":151,"date":"2022-08-18T20:22:52","date_gmt":"2022-08-18T18:22:52","guid":{"rendered":"https:\/\/www.public.sn\/?p=151"},"modified":"2022-08-20T01:49:21","modified_gmt":"2022-08-19T23:49:21","slug":"alioune-tine-demande-au-president-macky-sall-de-privilegier-le-dialogue-politique-constructif","status":"publish","type":"post","link":"https:\/\/www.public.sn\/index.php\/2022\/08\/18\/alioune-tine-demande-au-president-macky-sall-de-privilegier-le-dialogue-politique-constructif\/","title":{"rendered":"Alioune Tine demande au Pr\u00e9sident Macky Sall de privil\u00e9gier le dialogue politique constructif."},"content":{"rendered":"\n<p><em>\u00ab\u00a0Il faut des reformes institutionnelles \u00e0 travers un dialogue politique constructif o\u00f9 participeront tous les acteurs politiques, l&rsquo;opposition comme le pouvoir, la soci\u00e9t\u00e9 civile, les mouvements citoyens, les femmes et les jeunes au nom de la paix, s\u00e9curit\u00e9 et stabilit\u00e9\u00a0\u00bb. <\/em><\/p><div class=\"publi-paragraphe1\" style=\"margin-top: 10px;margin-bottom: 10px;margin-left: auto;margin-right: auto;text-align: center;\" id=\"publi-910941779\"><div class=\"publi-adlabel\">Publicit\u00e9<\/div><script async src=\"\/\/pagead2.googlesyndication.com\/pagead\/js\/adsbygoogle.js?client=ca-pub-4089586018074219\" crossorigin=\"anonymous\"><\/script><ins class=\"adsbygoogle\" style=\"display:block;\" data-ad-client=\"ca-pub-4089586018074219\" \ndata-ad-slot=\"2087940154\" \ndata-ad-format=\"auto\"><\/ins>\n<script> \n(adsbygoogle = window.adsbygoogle || []).push({}); \n<\/script>\n<\/div>\n\n\n\n<p>Car selon lui ceci doit \u00eatre la priorit\u00e9 par toutes les parties et par les citoyens de toutes sensibilit\u00e9s confondues. \u00c0 l&rsquo;en croire une initiative politique du Pr\u00e9sident de la R\u00e9publique Macky Sall qui pourrait tout r\u00e9gler avec le prochain gouvernement en place.<\/p>\n\n\n\n<p>L&rsquo;expert ind\u00e9pendant sur les droits de l&rsquo;homme par ailleurs fondateur de Afrika Jom Center, apr\u00e8s une mission onusienne d&rsquo;une dizaine de jours, est pass\u00e9 en revue la situation actuelle au Mali, l&rsquo;affaire des 49 militaires ivoiriens arr\u00eat\u00e9s \u00e0 Bamako, le retour du poste de premier ministre, l&rsquo;installation du prochain gouvernement, la pr\u00e9sidence de l&rsquo;Assembl\u00e9e Nationale entre autres questions. <\/p>\n\n\n\n<p>Retrouvez l&rsquo;int\u00e9gralit\u00e9 de l&rsquo;entretien sur toutes nos plateformes de communication. <a href=\"https:\/\/youtu.be\/qo8-hsyiigI\">https:\/\/youtu.be\/qo8-hsyiigI<\/a><\/p>\n\n\n\n<p><em>R\u00e9daction Public SN<\/em><\/p>\n<div class=\"publi-apres-le-contenu\" style=\"margin-top: 10px;margin-bottom: 10px;margin-left: auto;margin-right: auto;text-align: center;\" id=\"publi-585248575\"><div class=\"publi-adlabel\">Publicit\u00e9<\/div><script async src=\"\/\/pagead2.googlesyndication.com\/pagead\/js\/adsbygoogle.js?client=ca-pub-4089586018074219\" crossorigin=\"anonymous\"><\/script><ins class=\"adsbygoogle\" style=\"display:block;\" data-ad-client=\"ca-pub-4089586018074219\" \ndata-ad-slot=\"2087940154\" \ndata-ad-format=\"auto\"><\/ins>\n<script> \n(adsbygoogle = window.adsbygoogle || []).push({}); \n<\/script>\n<\/div>","protected":false},"excerpt":{"rendered":"<p>\u00ab\u00a0Il faut des reformes institutionnelles \u00e0 travers un dialogue politique constructif o\u00f9 participeront tous les acteurs politiques, l&rsquo;opposition comme le pouvoir, la soci\u00e9t\u00e9 civile, les mouvements citoyens, les femmes et les jeunes au nom de la paix, s\u00e9curit\u00e9 et stabilit\u00e9\u00a0\u00bb. Car selon lui ceci doit \u00eatre la priorit\u00e9 par toutes les parties et par les citoyens de toutes sensibilit\u00e9s confondues. \u00c0 l&rsquo;en croire une initiative politique du Pr\u00e9sident de la R\u00e9publique Macky Sall qui pourrait tout r\u00e9gler avec le prochain gouvernement en place. L&rsquo;expert ind\u00e9pendant sur les droits de l&rsquo;homme par ailleurs fondateur de Afrika Jom Center, apr\u00e8s une mission onusienne d&rsquo;une dizaine de jours, est pass\u00e9 en revue la situation actuelle au Mali, l&rsquo;affaire des 49 militaires ivoiriens arr\u00eat\u00e9s \u00e0 Bamako, le retour du poste de premier ministre, l&rsquo;installation du prochain gouvernement, la pr\u00e9sidence de l&rsquo;Assembl\u00e9e Nationale entre autres questions. Retrouvez l&rsquo;int\u00e9gralit\u00e9 de l&rsquo;entretien sur toutes nos plateformes de communication. https:\/\/youtu.be\/qo8-hsyiigI R\u00e9daction Public SN<\/p>\n","protected":false},"author":1,"featured_media":152,"comment_status":"open","ping_status":"open","sticky":false,"template":"","format":"standard","meta":{"_jetpack_memberships_contains_paid_content":false,"footnotes":""},"categories":[3],"tags":[42,12,11,45,46,17,43,44],"class_list":["post-151","post","type-post","status-publish","format-standard","has-post-thumbnail","hentry","category-politique","tag-alioune-tine","tag-assemblee-nationale","tag-macky-sall","tag-mali","tag-onu","tag-opposition","tag-pouvoir","tag-premier-ministre","entry","has-media","owp-thumbs-layout-horizontal","owp-btn-normal","owp-tabs-layout-horizontal","has-no-thumbnails","has-product-nav"],"yoast_head":"<!-- This site is optimized with the Yoast SEO plugin v25.5 - https:\/\/yoast.com\/wordpress\/plugins\/seo\/ -->\n<title>Alioune Tine demande au Pr\u00e9sident Macky Sall de privil\u00e9gier le dialogue politique constructif. - LE PUBLIC<\/title>\n<meta name=\"robots\" content=\"index, follow, max-snippet:-1, max-image-preview:large, max-video-preview:-1\" \/>\n<link rel=\"canonical\" href=\"https:\/\/www.public.sn\/index.php\/2022\/08\/18\/alioune-tine-demande-au-president-macky-sall-de-privilegier-le-dialogue-politique-constructif\/\" \/>\n<meta property=\"og:locale\" content=\"fr_FR\" \/>\n<meta property=\"og:type\" content=\"article\" \/>\n<meta property=\"og:title\" content=\"Alioune Tine demande au Pr\u00e9sident Macky Sall de privil\u00e9gier le dialogue politique constructif. - LE PUBLIC\" \/>\n<meta property=\"og:description\" content=\"\u00ab\u00a0Il faut des reformes institutionnelles \u00e0 travers un dialogue politique constructif o\u00f9 participeront tous les acteurs politiques, l&rsquo;opposition comme le pouvoir, la soci\u00e9t\u00e9 civile, les mouvements citoyens, les femmes et les jeunes au nom de la paix, s\u00e9curit\u00e9 et stabilit\u00e9\u00a0\u00bb. Car selon lui ceci doit \u00eatre la priorit\u00e9 par toutes les parties et par les citoyens de toutes sensibilit\u00e9s confondues. \u00c0 l&rsquo;en croire une initiative politique du Pr\u00e9sident de la R\u00e9publique Macky Sall qui pourrait tout r\u00e9gler avec le prochain gouvernement en place. L&rsquo;expert ind\u00e9pendant sur les droits de l&rsquo;homme par ailleurs fondateur de Afrika Jom Center, apr\u00e8s une mission onusienne d&rsquo;une dizaine de jours, est pass\u00e9 en revue la situation actuelle au Mali, l&rsquo;affaire des 49 militaires ivoiriens arr\u00eat\u00e9s \u00e0 Bamako, le retour du poste de premier ministre, l&rsquo;installation du prochain gouvernement, la pr\u00e9sidence de l&rsquo;Assembl\u00e9e Nationale entre autres questions. Retrouvez l&rsquo;int\u00e9gralit\u00e9 de l&rsquo;entretien sur toutes nos plateformes de communication. https:\/\/youtu.be\/qo8-hsyiigI R\u00e9daction Public SN\" \/>\n<meta property=\"og:url\" content=\"https:\/\/www.public.sn\/index.php\/2022\/08\/18\/alioune-tine-demande-au-president-macky-sall-de-privilegier-le-dialogue-politique-constructif\/\" \/>\n<meta property=\"og:site_name\" content=\"LE PUBLIC\" \/>\n<meta property=\"article:published_time\" content=\"2022-08-18T18:22:52+00:00\" \/>\n<meta property=\"article:modified_time\" content=\"2022-08-19T23:49:21+00:00\" \/>\n<meta property=\"og:image\" content=\"https:\/\/www.public.sn\/wp-content\/uploads\/2022\/08\/59086904-43485146.jpeg\" \/>\n\t<meta property=\"og:image:width\" content=\"800\" \/>\n\t<meta property=\"og:image:height\" content=\"504\" \/>\n\t<meta property=\"og:image:type\" content=\"image\/jpeg\" \/>\n<meta name=\"author\" content=\"LA REDACTION\" \/>\n<meta name=\"twitter:card\" content=\"summary_large_image\" \/>\n<meta name=\"twitter:label1\" content=\"\u00c9crit par\" \/>\n\t<meta name=\"twitter:data1\" content=\"LA REDACTION\" \/>\n\t<meta name=\"twitter:label2\" content=\"Dur\u00e9e de lecture estim\u00e9e\" \/>\n\t<meta name=\"twitter:data2\" content=\"1 minute\" \/>\n<script type=\"application\/ld+json\" class=\"yoast-schema-graph\">{\"@context\":\"https:\/\/schema.org\",\"@graph\":[{\"@type\":\"Article\",\"@id\":\"https:\/\/www.public.sn\/index.php\/2022\/08\/18\/alioune-tine-demande-au-president-macky-sall-de-privilegier-le-dialogue-politique-constructif\/#article\",\"isPartOf\":{\"@id\":\"https:\/\/www.public.sn\/index.php\/2022\/08\/18\/alioune-tine-demande-au-president-macky-sall-de-privilegier-le-dialogue-politique-constructif\/\"},\"author\":{\"name\":\"LA REDACTION\",\"@id\":\"https:\/\/www.public.sn\/#\/schema\/person\/e3f4a11b037d4203902db148f9bc8d5a\"},\"headline\":\"Alioune Tine demande au Pr\u00e9sident Macky Sall de privil\u00e9gier le dialogue politique constructif.\",\"datePublished\":\"2022-08-18T18:22:52+00:00\",\"dateModified\":\"2022-08-19T23:49:21+00:00\",\"mainEntityOfPage\":{\"@id\":\"https:\/\/www.public.sn\/index.php\/2022\/08\/18\/alioune-tine-demande-au-president-macky-sall-de-privilegier-le-dialogue-politique-constructif\/\"},\"wordCount\":184,\"commentCount\":0,\"publisher\":{\"@id\":\"https:\/\/www.public.sn\/#organization\"},\"image\":{\"@id\":\"https:\/\/www.public.sn\/index.php\/2022\/08\/18\/alioune-tine-demande-au-president-macky-sall-de-privilegier-le-dialogue-politique-constructif\/#primaryimage\"},\"thumbnailUrl\":\"https:\/\/www.public.sn\/wp-content\/uploads\/2022\/08\/59086904-43485146.jpeg\",\"keywords\":[\"Alioune Tine\",\"Assembl\u00e9e Nationale\",\"Macky Sall\",\"Mali\",\"ONU\",\"Opposition\",\"Pouvoir\",\"Premier Ministre\"],\"articleSection\":[\"POLITIQUE\"],\"inLanguage\":\"fr-FR\",\"potentialAction\":[{\"@type\":\"CommentAction\",\"name\":\"Comment\",\"target\":[\"https:\/\/www.public.sn\/index.php\/2022\/08\/18\/alioune-tine-demande-au-president-macky-sall-de-privilegier-le-dialogue-politique-constructif\/#respond\"]}]},{\"@type\":\"WebPage\",\"@id\":\"https:\/\/www.public.sn\/index.php\/2022\/08\/18\/alioune-tine-demande-au-president-macky-sall-de-privilegier-le-dialogue-politique-constructif\/\",\"url\":\"https:\/\/www.public.sn\/index.php\/2022\/08\/18\/alioune-tine-demande-au-president-macky-sall-de-privilegier-le-dialogue-politique-constructif\/\",\"name\":\"Alioune Tine demande au Pr\u00e9sident Macky Sall de privil\u00e9gier le dialogue politique constructif. - LE PUBLIC\",\"isPartOf\":{\"@id\":\"https:\/\/www.public.sn\/#website\"},\"primaryImageOfPage\":{\"@id\":\"https:\/\/www.public.sn\/index.php\/2022\/08\/18\/alioune-tine-demande-au-president-macky-sall-de-privilegier-le-dialogue-politique-constructif\/#primaryimage\"},\"image\":{\"@id\":\"https:\/\/www.public.sn\/index.php\/2022\/08\/18\/alioune-tine-demande-au-president-macky-sall-de-privilegier-le-dialogue-politique-constructif\/#primaryimage\"},\"thumbnailUrl\":\"https:\/\/www.public.sn\/wp-content\/uploads\/2022\/08\/59086904-43485146.jpeg\",\"datePublished\":\"2022-08-18T18:22:52+00:00\",\"dateModified\":\"2022-08-19T23:49:21+00:00\",\"breadcrumb\":{\"@id\":\"https:\/\/www.public.sn\/index.php\/2022\/08\/18\/alioune-tine-demande-au-president-macky-sall-de-privilegier-le-dialogue-politique-constructif\/#breadcrumb\"},\"inLanguage\":\"fr-FR\",\"potentialAction\":[{\"@type\":\"ReadAction\",\"target\":[\"https:\/\/www.public.sn\/index.php\/2022\/08\/18\/alioune-tine-demande-au-president-macky-sall-de-privilegier-le-dialogue-politique-constructif\/\"]}]},{\"@type\":\"ImageObject\",\"inLanguage\":\"fr-FR\",\"@id\":\"https:\/\/www.public.sn\/index.php\/2022\/08\/18\/alioune-tine-demande-au-president-macky-sall-de-privilegier-le-dialogue-politique-constructif\/#primaryimage\",\"url\":\"https:\/\/www.public.sn\/wp-content\/uploads\/2022\/08\/59086904-43485146.jpeg\",\"contentUrl\":\"https:\/\/www.public.sn\/wp-content\/uploads\/2022\/08\/59086904-43485146.jpeg\",\"width\":800,\"height\":504},{\"@type\":\"BreadcrumbList\",\"@id\":\"https:\/\/www.public.sn\/index.php\/2022\/08\/18\/alioune-tine-demande-au-president-macky-sall-de-privilegier-le-dialogue-politique-constructif\/#breadcrumb\",\"itemListElement\":[{\"@type\":\"ListItem\",\"position\":1,\"name\":\"Accueil\",\"item\":\"https:\/\/www.public.sn\/\"},{\"@type\":\"ListItem\",\"position\":2,\"name\":\"Alioune Tine demande au Pr\u00e9sident Macky Sall de privil\u00e9gier le dialogue politique constructif.\"}]},{\"@type\":\"WebSite\",\"@id\":\"https:\/\/www.public.sn\/#website\",\"url\":\"https:\/\/www.public.sn\/\",\"name\":\"LE PUBLIC\",\"description\":\"\",\"publisher\":{\"@id\":\"https:\/\/www.public.sn\/#organization\"},\"potentialAction\":[{\"@type\":\"SearchAction\",\"target\":{\"@type\":\"EntryPoint\",\"urlTemplate\":\"https:\/\/www.public.sn\/?s={search_term_string}\"},\"query-input\":{\"@type\":\"PropertyValueSpecification\",\"valueRequired\":true,\"valueName\":\"search_term_string\"}}],\"inLanguage\":\"fr-FR\"},{\"@type\":\"Organization\",\"@id\":\"https:\/\/www.public.sn\/#organization\",\"name\":\"LE PUBLIC\",\"url\":\"https:\/\/www.public.sn\/\",\"logo\":{\"@type\":\"ImageObject\",\"inLanguage\":\"fr-FR\",\"@id\":\"https:\/\/www.public.sn\/#\/schema\/logo\/image\/\",\"url\":\"https:\/\/www.public.sn\/wp-content\/uploads\/2024\/05\/cropped-LOGO-PUBLIC.SN_.png\",\"contentUrl\":\"https:\/\/www.public.sn\/wp-content\/uploads\/2024\/05\/cropped-LOGO-PUBLIC.SN_.png\",\"width\":682,\"height\":192,\"caption\":\"LE PUBLIC\"},\"image\":{\"@id\":\"https:\/\/www.public.sn\/#\/schema\/logo\/image\/\"}},{\"@type\":\"Person\",\"@id\":\"https:\/\/www.public.sn\/#\/schema\/person\/e3f4a11b037d4203902db148f9bc8d5a\",\"name\":\"LA REDACTION\",\"image\":{\"@type\":\"ImageObject\",\"inLanguage\":\"fr-FR\",\"@id\":\"https:\/\/www.public.sn\/#\/schema\/person\/image\/\",\"url\":\"https:\/\/secure.gravatar.com\/avatar\/d6c030db45db2883c075085c5d6c6258654a801a93766b49af0b82d4f454e2a5?s=96&d=mm&r=g\",\"contentUrl\":\"https:\/\/secure.gravatar.com\/avatar\/d6c030db45db2883c075085c5d6c6258654a801a93766b49af0b82d4f454e2a5?s=96&d=mm&r=g\",\"caption\":\"LA REDACTION\"},\"sameAs\":[\"http:\/\/www.public.sn\"],\"url\":\"https:\/\/www.public.sn\/index.php\/author\/admin7324\/\"}]}<\/script>\n<!-- \/ Yoast SEO plugin. -->","yoast_head_json":{"title":"Alioune Tine demande au Pr\u00e9sident Macky Sall de privil\u00e9gier le dialogue politique constructif. - LE PUBLIC","robots":{"index":"index","follow":"follow","max-snippet":"max-snippet:-1","max-image-preview":"max-image-preview:large","max-video-preview":"max-video-preview:-1"},"canonical":"https:\/\/www.public.sn\/index.php\/2022\/08\/18\/alioune-tine-demande-au-president-macky-sall-de-privilegier-le-dialogue-politique-constructif\/","og_locale":"fr_FR","og_type":"article","og_title":"Alioune Tine demande au Pr\u00e9sident Macky Sall de privil\u00e9gier le dialogue politique constructif. - LE PUBLIC","og_description":"\u00ab\u00a0Il faut des reformes institutionnelles \u00e0 travers un dialogue politique constructif o\u00f9 participeront tous les acteurs politiques, l&rsquo;opposition comme le pouvoir, la soci\u00e9t\u00e9 civile, les mouvements citoyens, les femmes et les jeunes au nom de la paix, s\u00e9curit\u00e9 et stabilit\u00e9\u00a0\u00bb. Car selon lui ceci doit \u00eatre la priorit\u00e9 par toutes les parties et par les citoyens de toutes sensibilit\u00e9s confondues. \u00c0 l&rsquo;en croire une initiative politique du Pr\u00e9sident de la R\u00e9publique Macky Sall qui pourrait tout r\u00e9gler avec le prochain gouvernement en place. L&rsquo;expert ind\u00e9pendant sur les droits de l&rsquo;homme par ailleurs fondateur de Afrika Jom Center, apr\u00e8s une mission onusienne d&rsquo;une dizaine de jours, est pass\u00e9 en revue la situation actuelle au Mali, l&rsquo;affaire des 49 militaires ivoiriens arr\u00eat\u00e9s \u00e0 Bamako, le retour du poste de premier ministre, l&rsquo;installation du prochain gouvernement, la pr\u00e9sidence de l&rsquo;Assembl\u00e9e Nationale entre autres questions. Retrouvez l&rsquo;int\u00e9gralit\u00e9 de l&rsquo;entretien sur toutes nos plateformes de communication. https:\/\/youtu.be\/qo8-hsyiigI R\u00e9daction Public SN","og_url":"https:\/\/www.public.sn\/index.php\/2022\/08\/18\/alioune-tine-demande-au-president-macky-sall-de-privilegier-le-dialogue-politique-constructif\/","og_site_name":"LE PUBLIC","article_published_time":"2022-08-18T18:22:52+00:00","article_modified_time":"2022-08-19T23:49:21+00:00","og_image":[{"width":800,"height":504,"url":"https:\/\/www.public.sn\/wp-content\/uploads\/2022\/08\/59086904-43485146.jpeg","type":"image\/jpeg"}],"author":"LA REDACTION","twitter_card":"summary_large_image","twitter_misc":{"\u00c9crit par":"LA REDACTION","Dur\u00e9e de lecture estim\u00e9e":"1 minute"},"schema":{"@context":"https:\/\/schema.org","@graph":[{"@type":"Article","@id":"https:\/\/www.public.sn\/index.php\/2022\/08\/18\/alioune-tine-demande-au-president-macky-sall-de-privilegier-le-dialogue-politique-constructif\/#article","isPartOf":{"@id":"https:\/\/www.public.sn\/index.php\/2022\/08\/18\/alioune-tine-demande-au-president-macky-sall-de-privilegier-le-dialogue-politique-constructif\/"},"author":{"name":"LA REDACTION","@id":"https:\/\/www.public.sn\/#\/schema\/person\/e3f4a11b037d4203902db148f9bc8d5a"},"headline":"Alioune Tine demande au Pr\u00e9sident Macky Sall de privil\u00e9gier le dialogue politique constructif.","datePublished":"2022-08-18T18:22:52+00:00","dateModified":"2022-08-19T23:49:21+00:00","mainEntityOfPage":{"@id":"https:\/\/www.public.sn\/index.php\/2022\/08\/18\/alioune-tine-demande-au-president-macky-sall-de-privilegier-le-dialogue-politique-constructif\/"},"wordCount":184,"commentCount":0,"publisher":{"@id":"https:\/\/www.public.sn\/#organization"},"image":{"@id":"https:\/\/www.public.sn\/index.php\/2022\/08\/18\/alioune-tine-demande-au-president-macky-sall-de-privilegier-le-dialogue-politique-constructif\/#primaryimage"},"thumbnailUrl":"https:\/\/www.public.sn\/wp-content\/uploads\/2022\/08\/59086904-43485146.jpeg","keywords":["Alioune Tine","Assembl\u00e9e Nationale","Macky Sall","Mali","ONU","Opposition","Pouvoir","Premier Ministre"],"articleSection":["POLITIQUE"],"inLanguage":"fr-FR","potentialAction":[{"@type":"CommentAction","name":"Comment","target":["https:\/\/www.public.sn\/index.php\/2022\/08\/18\/alioune-tine-demande-au-president-macky-sall-de-privilegier-le-dialogue-politique-constructif\/#respond"]}]},{"@type":"WebPage","@id":"https:\/\/www.public.sn\/index.php\/2022\/08\/18\/alioune-tine-demande-au-president-macky-sall-de-privilegier-le-dialogue-politique-constructif\/","url":"https:\/\/www.public.sn\/index.php\/2022\/08\/18\/alioune-tine-demande-au-president-macky-sall-de-privilegier-le-dialogue-politique-constructif\/","name":"Alioune Tine demande au Pr\u00e9sident Macky Sall de privil\u00e9gier le dialogue politique constructif. - LE PUBLIC","isPartOf":{"@id":"https:\/\/www.public.sn\/#website"},"primaryImageOfPage":{"@id":"https:\/\/www.public.sn\/index.php\/2022\/08\/18\/alioune-tine-demande-au-president-macky-sall-de-privilegier-le-dialogue-politique-constructif\/#primaryimage"},"image":{"@id":"https:\/\/www.public.sn\/index.php\/2022\/08\/18\/alioune-tine-demande-au-president-macky-sall-de-privilegier-le-dialogue-politique-constructif\/#primaryimage"},"thumbnailUrl":"https:\/\/www.public.sn\/wp-content\/uploads\/2022\/08\/59086904-43485146.jpeg","datePublished":"2022-08-18T18:22:52+00:00","dateModified":"2022-08-19T23:49:21+00:00","breadcrumb":{"@id":"https:\/\/www.public.sn\/index.php\/2022\/08\/18\/alioune-tine-demande-au-president-macky-sall-de-privilegier-le-dialogue-politique-constructif\/#breadcrumb"},"inLanguage":"fr-FR","potentialAction":[{"@type":"ReadAction","target":["https:\/\/www.public.sn\/index.php\/2022\/08\/18\/alioune-tine-demande-au-president-macky-sall-de-privilegier-le-dialogue-politique-constructif\/"]}]},{"@type":"ImageObject","inLanguage":"fr-FR","@id":"https:\/\/www.public.sn\/index.php\/2022\/08\/18\/alioune-tine-demande-au-president-macky-sall-de-privilegier-le-dialogue-politique-constructif\/#primaryimage","url":"https:\/\/www.public.sn\/wp-content\/uploads\/2022\/08\/59086904-43485146.jpeg","contentUrl":"https:\/\/www.public.sn\/wp-content\/uploads\/2022\/08\/59086904-43485146.jpeg","width":800,"height":504},{"@type":"BreadcrumbList","@id":"https:\/\/www.public.sn\/index.php\/2022\/08\/18\/alioune-tine-demande-au-president-macky-sall-de-privilegier-le-dialogue-politique-constructif\/#breadcrumb","itemListElement":[{"@type":"ListItem","position":1,"name":"Accueil","item":"https:\/\/www.public.sn\/"},{"@type":"ListItem","position":2,"name":"Alioune Tine demande au Pr\u00e9sident Macky Sall de privil\u00e9gier le dialogue politique constructif."}]},{"@type":"WebSite","@id":"https:\/\/www.public.sn\/#website","url":"https:\/\/www.public.sn\/","name":"LE PUBLIC","description":"","publisher":{"@id":"https:\/\/www.public.sn\/#organization"},"potentialAction":[{"@type":"SearchAction","target":{"@type":"EntryPoint","urlTemplate":"https:\/\/www.public.sn\/?s={search_term_string}"},"query-input":{"@type":"PropertyValueSpecification","valueRequired":true,"valueName":"search_term_string"}}],"inLanguage":"fr-FR"},{"@type":"Organization","@id":"https:\/\/www.public.sn\/#organization","name":"LE PUBLIC","url":"https:\/\/www.public.sn\/","logo":{"@type":"ImageObject","inLanguage":"fr-FR","@id":"https:\/\/www.public.sn\/#\/schema\/logo\/image\/","url":"https:\/\/www.public.sn\/wp-content\/uploads\/2024\/05\/cropped-LOGO-PUBLIC.SN_.png","contentUrl":"https:\/\/www.public.sn\/wp-content\/uploads\/2024\/05\/cropped-LOGO-PUBLIC.SN_.png","width":682,"height":192,"caption":"LE PUBLIC"},"image":{"@id":"https:\/\/www.public.sn\/#\/schema\/logo\/image\/"}},{"@type":"Person","@id":"https:\/\/www.public.sn\/#\/schema\/person\/e3f4a11b037d4203902db148f9bc8d5a","name":"LA REDACTION","image":{"@type":"ImageObject","inLanguage":"fr-FR","@id":"https:\/\/www.public.sn\/#\/schema\/person\/image\/","url":"https:\/\/secure.gravatar.com\/avatar\/d6c030db45db2883c075085c5d6c6258654a801a93766b49af0b82d4f454e2a5?s=96&d=mm&r=g","contentUrl":"https:\/\/secure.gravatar.com\/avatar\/d6c030db45db2883c075085c5d6c6258654a801a93766b49af0b82d4f454e2a5?s=96&d=mm&r=g","caption":"LA REDACTION"},"sameAs":["http:\/\/www.public.sn"],"url":"https:\/\/www.public.sn\/index.php\/author\/admin7324\/"}]}},"jetpack_featured_media_url":"https:\/\/www.public.sn\/wp-content\/uploads\/2022\/08\/59086904-43485146.jpeg","jetpack_sharing_enabled":true,"_links":{"self":[{"href":"https:\/\/www.public.sn\/index.php\/wp-json\/wp\/v2\/posts\/151","targetHints":{"allow":["GET"]}}],"collection":[{"href":"https:\/\/www.public.sn\/index.php\/wp-json\/wp\/v2\/posts"}],"about":[{"href":"https:\/\/www.public.sn\/index.php\/wp-json\/wp\/v2\/types\/post"}],"author":[{"embeddable":true,"href":"https:\/\/www.public.sn\/index.php\/wp-json\/wp\/v2\/users\/1"}],"replies":[{"embeddable":true,"href":"https:\/\/www.public.sn\/index.php\/wp-json\/wp\/v2\/comments?post=151"}],"version-history":[{"count":2,"href":"https:\/\/www.public.sn\/index.php\/wp-json\/wp\/v2\/posts\/151\/revisions"}],"predecessor-version":[{"id":235,"href":"https:\/\/www.public.sn\/index.php\/wp-json\/wp\/v2\/posts\/151\/revisions\/235"}],"wp:featuredmedia":[{"embeddable":true,"href":"https:\/\/www.public.sn\/index.php\/wp-json\/wp\/v2\/media\/152"}],"wp:attachment":[{"href":"https:\/\/www.public.sn\/index.php\/wp-json\/wp\/v2\/media?parent=151"}],"wp:term":[{"taxonomy":"category","embeddable":true,"href":"https:\/\/www.public.sn\/index.php\/wp-json\/wp\/v2\/categories?post=151"},{"taxonomy":"post_tag","embeddable":true,"href":"https:\/\/www.public.sn\/index.php\/wp-json\/wp\/v2\/tags?post=151"}],"curies":[{"name":"wp","href":"https:\/\/api.w.org\/{rel}","templated":true}]}}