{"id":15167,"date":"2023-02-08T08:34:15","date_gmt":"2023-02-08T08:34:15","guid":{"rendered":"https:\/\/www.public.sn\/?p=15167"},"modified":"2023-02-08T08:34:15","modified_gmt":"2023-02-08T08:34:15","slug":"investiture-de-alioune-sarr-lafp-de-saint-louis-dement","status":"publish","type":"post","link":"https:\/\/www.public.sn\/index.php\/2023\/02\/08\/investiture-de-alioune-sarr-lafp-de-saint-louis-dement\/","title":{"rendered":"Investiture de Alioune Sarr  : L\u2019Afp de Saint Louis d\u00e9ment"},"content":{"rendered":"<p><strong>Il a \u00e9t\u00e9 annonc\u00e9 l\u2019investiture de l\u2019ancien ministre du Tourisme et des Transports a\u00e9riens par des Progressistes de Saint-Louis. L\u2019Afp de Saint Louis s\u2019inscrit en faux.<\/strong><\/p><div class=\"publi-paragraphe1\" style=\"margin-top: 10px;margin-bottom: 10px;margin-left: auto;margin-right: auto;text-align: center;\" id=\"publi-2229332735\"><div class=\"publi-adlabel\">Publicit\u00e9<\/div><script async src=\"\/\/pagead2.googlesyndication.com\/pagead\/js\/adsbygoogle.js?client=ca-pub-4089586018074219\" crossorigin=\"anonymous\"><\/script><ins class=\"adsbygoogle\" style=\"display:block;\" data-ad-client=\"ca-pub-4089586018074219\" \ndata-ad-slot=\"2087940154\" \ndata-ad-format=\"auto\"><\/ins>\n<script> \n(adsbygoogle = window.adsbygoogle || []).push({}); \n<\/script>\n<\/div>\n<p>\u00abCela n\u2019est ni plus ni moins qu\u2019une agitation qui rel\u00e8ve de la propagande, d\u2019une tentative de d\u00e9stabiliser le parti foment\u00e9e par des soi-disant responsables sans aucune l\u00e9gitimit\u00e9. En effet, la r\u00e9solution dite de Maka Toube, village qui regorge de personnes loyales et fid\u00e8les , qui est suppos\u00e9e pr\u00e9senter Monsieur Alioune Sarr comme le candidat de l\u2019AFP n\u2019est en r\u00e9alit\u00e9 qu\u2019une forfaiture soutenue par une minorit\u00e9 insignifiante qui danse beaucoup plus vite que la musique \u00bb, informe Papa Alassane MBAYE Responsable afp Saint Louis et membre du SPE.<\/p>\n<p>\u00abMonsieur Alioune Sarr ne peut \u00eatre investi dans le d\u00e9partement a l\u2019insu des instances du parti \u00e0 Saint-Louis qui ne se sont pas encore r\u00e9unies pour \u00e9voquer la question d\u2019une suppos\u00e9e candidature de l\u2019AFP \u00bb.<\/p>\n<p><strong>Avec REWMI<\/strong><\/p>\n<div class=\"publi-apres-le-contenu\" style=\"margin-top: 10px;margin-bottom: 10px;margin-left: auto;margin-right: auto;text-align: center;\" id=\"publi-262610601\"><div class=\"publi-adlabel\">Publicit\u00e9<\/div><script async src=\"\/\/pagead2.googlesyndication.com\/pagead\/js\/adsbygoogle.js?client=ca-pub-4089586018074219\" crossorigin=\"anonymous\"><\/script><ins class=\"adsbygoogle\" style=\"display:block;\" data-ad-client=\"ca-pub-4089586018074219\" \ndata-ad-slot=\"2087940154\" \ndata-ad-format=\"auto\"><\/ins>\n<script> \n(adsbygoogle = window.adsbygoogle || []).push({}); \n<\/script>\n<\/div>","protected":false},"excerpt":{"rendered":"<p>Il a \u00e9t\u00e9 annonc\u00e9 l\u2019investiture de l\u2019ancien ministre du Tourisme et des Transports a\u00e9riens par des Progressistes de Saint-Louis. L\u2019Afp de Saint Louis s\u2019inscrit en faux. \u00abCela n\u2019est ni plus ni moins qu\u2019une agitation qui rel\u00e8ve de la propagande, d\u2019une tentative de d\u00e9stabiliser le parti foment\u00e9e par des soi-disant responsables sans aucune l\u00e9gitimit\u00e9. En effet, la r\u00e9solution dite de Maka Toube, village qui regorge de personnes loyales et fid\u00e8les , qui est suppos\u00e9e pr\u00e9senter Monsieur Alioune Sarr comme le candidat de l\u2019AFP n\u2019est en r\u00e9alit\u00e9 qu\u2019une forfaiture soutenue par une minorit\u00e9 insignifiante qui danse beaucoup plus vite que la musique \u00bb, informe Papa Alassane MBAYE Responsable afp Saint Louis et membre du SPE. \u00abMonsieur Alioune Sarr ne peut \u00eatre investi dans le d\u00e9partement a l\u2019insu des instances du parti \u00e0 Saint-Louis qui ne se sont pas encore r\u00e9unies pour \u00e9voquer la question d\u2019une suppos\u00e9e candidature de l\u2019AFP \u00bb. Avec REWMI<\/p>\n","protected":false},"author":1,"featured_media":13628,"comment_status":"open","ping_status":"open","sticky":false,"template":"","format":"standard","meta":{"_jetpack_memberships_contains_paid_content":false,"footnotes":""},"categories":[375,3,1],"tags":[4319,589],"class_list":["post-15167","post","type-post","status-publish","format-standard","has-post-thumbnail","hentry","category-actualites","category-politique","category-non-classe","tag-alioune-sarrafp","tag-saint-louis","entry","has-media","owp-thumbs-layout-horizontal","owp-btn-normal","owp-tabs-layout-horizontal","has-no-thumbnails","has-product-nav"],"yoast_head":"<!-- This site is optimized with the Yoast SEO plugin v25.5 - https:\/\/yoast.com\/wordpress\/plugins\/seo\/ -->\n<title>Investiture de Alioune Sarr : L\u2019Afp de Saint Louis d\u00e9ment - LE PUBLIC<\/title>\n<meta name=\"description\" content=\"Il a \u00e9t\u00e9 annonc\u00e9 l\u2019investiture de l\u2019ancien ministre du Tourisme et des Transports a\u00e9riens par des Progressistes de Saint-Louis. L\u2019Afp de Saint Louis s\u2019inscrit en faux.\" \/>\n<meta name=\"robots\" content=\"index, follow, max-snippet:-1, max-image-preview:large, max-video-preview:-1\" \/>\n<link rel=\"canonical\" href=\"https:\/\/www.public.sn\/index.php\/2023\/02\/08\/investiture-de-alioune-sarr-lafp-de-saint-louis-dement\/\" \/>\n<meta property=\"og:locale\" content=\"fr_FR\" \/>\n<meta property=\"og:type\" content=\"article\" \/>\n<meta property=\"og:title\" content=\"Investiture de Alioune Sarr : L\u2019Afp de Saint Louis d\u00e9ment - LE PUBLIC\" \/>\n<meta property=\"og:description\" content=\"Il a \u00e9t\u00e9 annonc\u00e9 l\u2019investiture de l\u2019ancien ministre du Tourisme et des Transports a\u00e9riens par des Progressistes de Saint-Louis. L\u2019Afp de Saint Louis s\u2019inscrit en faux.\" \/>\n<meta property=\"og:url\" content=\"https:\/\/www.public.sn\/index.php\/2023\/02\/08\/investiture-de-alioune-sarr-lafp-de-saint-louis-dement\/\" \/>\n<meta property=\"og:site_name\" content=\"LE PUBLIC\" \/>\n<meta property=\"article:published_time\" content=\"2023-02-08T08:34:15+00:00\" \/>\n<meta property=\"og:image\" content=\"https:\/\/www.public.sn\/wp-content\/uploads\/2023\/01\/moustapha-nias.jpg\" \/>\n\t<meta property=\"og:image:width\" content=\"447\" \/>\n\t<meta property=\"og:image:height\" content=\"362\" \/>\n\t<meta property=\"og:image:type\" content=\"image\/jpeg\" \/>\n<meta name=\"author\" content=\"LA REDACTION\" \/>\n<meta name=\"twitter:card\" content=\"summary_large_image\" \/>\n<meta name=\"twitter:label1\" content=\"\u00c9crit par\" \/>\n\t<meta name=\"twitter:data1\" content=\"LA REDACTION\" \/>\n\t<meta name=\"twitter:label2\" content=\"Dur\u00e9e de lecture estim\u00e9e\" \/>\n\t<meta name=\"twitter:data2\" content=\"1 minute\" \/>\n<script type=\"application\/ld+json\" class=\"yoast-schema-graph\">{\"@context\":\"https:\/\/schema.org\",\"@graph\":[{\"@type\":\"Article\",\"@id\":\"https:\/\/www.public.sn\/index.php\/2023\/02\/08\/investiture-de-alioune-sarr-lafp-de-saint-louis-dement\/#article\",\"isPartOf\":{\"@id\":\"https:\/\/www.public.sn\/index.php\/2023\/02\/08\/investiture-de-alioune-sarr-lafp-de-saint-louis-dement\/\"},\"author\":{\"name\":\"LA REDACTION\",\"@id\":\"https:\/\/www.public.sn\/#\/schema\/person\/e3f4a11b037d4203902db148f9bc8d5a\"},\"headline\":\"Investiture de Alioune Sarr : L\u2019Afp de Saint Louis d\u00e9ment\",\"datePublished\":\"2023-02-08T08:34:15+00:00\",\"mainEntityOfPage\":{\"@id\":\"https:\/\/www.public.sn\/index.php\/2023\/02\/08\/investiture-de-alioune-sarr-lafp-de-saint-louis-dement\/\"},\"wordCount\":183,\"commentCount\":0,\"publisher\":{\"@id\":\"https:\/\/www.public.sn\/#organization\"},\"image\":{\"@id\":\"https:\/\/www.public.sn\/index.php\/2023\/02\/08\/investiture-de-alioune-sarr-lafp-de-saint-louis-dement\/#primaryimage\"},\"thumbnailUrl\":\"https:\/\/www.public.sn\/wp-content\/uploads\/2023\/01\/moustapha-nias.jpg\",\"keywords\":[\"Alioune Sarr;AFP\",\"Saint Louis\"],\"articleSection\":[\"ACTUALIT\u00c9S\",\"POLITIQUE\",\"S\u00c9N\u00c9GAL\"],\"inLanguage\":\"fr-FR\",\"potentialAction\":[{\"@type\":\"CommentAction\",\"name\":\"Comment\",\"target\":[\"https:\/\/www.public.sn\/index.php\/2023\/02\/08\/investiture-de-alioune-sarr-lafp-de-saint-louis-dement\/#respond\"]}]},{\"@type\":\"WebPage\",\"@id\":\"https:\/\/www.public.sn\/index.php\/2023\/02\/08\/investiture-de-alioune-sarr-lafp-de-saint-louis-dement\/\",\"url\":\"https:\/\/www.public.sn\/index.php\/2023\/02\/08\/investiture-de-alioune-sarr-lafp-de-saint-louis-dement\/\",\"name\":\"Investiture de Alioune Sarr : L\u2019Afp de Saint Louis d\u00e9ment - LE PUBLIC\",\"isPartOf\":{\"@id\":\"https:\/\/www.public.sn\/#website\"},\"primaryImageOfPage\":{\"@id\":\"https:\/\/www.public.sn\/index.php\/2023\/02\/08\/investiture-de-alioune-sarr-lafp-de-saint-louis-dement\/#primaryimage\"},\"image\":{\"@id\":\"https:\/\/www.public.sn\/index.php\/2023\/02\/08\/investiture-de-alioune-sarr-lafp-de-saint-louis-dement\/#primaryimage\"},\"thumbnailUrl\":\"https:\/\/www.public.sn\/wp-content\/uploads\/2023\/01\/moustapha-nias.jpg\",\"datePublished\":\"2023-02-08T08:34:15+00:00\",\"description\":\"Il a \u00e9t\u00e9 annonc\u00e9 l\u2019investiture de l\u2019ancien ministre du Tourisme et des Transports a\u00e9riens par des Progressistes de Saint-Louis. L\u2019Afp de Saint Louis s\u2019inscrit en faux.\",\"breadcrumb\":{\"@id\":\"https:\/\/www.public.sn\/index.php\/2023\/02\/08\/investiture-de-alioune-sarr-lafp-de-saint-louis-dement\/#breadcrumb\"},\"inLanguage\":\"fr-FR\",\"potentialAction\":[{\"@type\":\"ReadAction\",\"target\":[\"https:\/\/www.public.sn\/index.php\/2023\/02\/08\/investiture-de-alioune-sarr-lafp-de-saint-louis-dement\/\"]}]},{\"@type\":\"ImageObject\",\"inLanguage\":\"fr-FR\",\"@id\":\"https:\/\/www.public.sn\/index.php\/2023\/02\/08\/investiture-de-alioune-sarr-lafp-de-saint-louis-dement\/#primaryimage\",\"url\":\"https:\/\/www.public.sn\/wp-content\/uploads\/2023\/01\/moustapha-nias.jpg\",\"contentUrl\":\"https:\/\/www.public.sn\/wp-content\/uploads\/2023\/01\/moustapha-nias.jpg\",\"width\":447,\"height\":362},{\"@type\":\"BreadcrumbList\",\"@id\":\"https:\/\/www.public.sn\/index.php\/2023\/02\/08\/investiture-de-alioune-sarr-lafp-de-saint-louis-dement\/#breadcrumb\",\"itemListElement\":[{\"@type\":\"ListItem\",\"position\":1,\"name\":\"Accueil\",\"item\":\"https:\/\/www.public.sn\/\"},{\"@type\":\"ListItem\",\"position\":2,\"name\":\"Investiture de Alioune Sarr : L\u2019Afp de Saint Louis d\u00e9ment\"}]},{\"@type\":\"WebSite\",\"@id\":\"https:\/\/www.public.sn\/#website\",\"url\":\"https:\/\/www.public.sn\/\",\"name\":\"LE PUBLIC\",\"description\":\"\",\"publisher\":{\"@id\":\"https:\/\/www.public.sn\/#organization\"},\"potentialAction\":[{\"@type\":\"SearchAction\",\"target\":{\"@type\":\"EntryPoint\",\"urlTemplate\":\"https:\/\/www.public.sn\/?s={search_term_string}\"},\"query-input\":{\"@type\":\"PropertyValueSpecification\",\"valueRequired\":true,\"valueName\":\"search_term_string\"}}],\"inLanguage\":\"fr-FR\"},{\"@type\":\"Organization\",\"@id\":\"https:\/\/www.public.sn\/#organization\",\"name\":\"LE PUBLIC\",\"url\":\"https:\/\/www.public.sn\/\",\"logo\":{\"@type\":\"ImageObject\",\"inLanguage\":\"fr-FR\",\"@id\":\"https:\/\/www.public.sn\/#\/schema\/logo\/image\/\",\"url\":\"https:\/\/www.public.sn\/wp-content\/uploads\/2024\/05\/cropped-LOGO-PUBLIC.SN_.png\",\"contentUrl\":\"https:\/\/www.public.sn\/wp-content\/uploads\/2024\/05\/cropped-LOGO-PUBLIC.SN_.png\",\"width\":682,\"height\":192,\"caption\":\"LE PUBLIC\"},\"image\":{\"@id\":\"https:\/\/www.public.sn\/#\/schema\/logo\/image\/\"}},{\"@type\":\"Person\",\"@id\":\"https:\/\/www.public.sn\/#\/schema\/person\/e3f4a11b037d4203902db148f9bc8d5a\",\"name\":\"LA REDACTION\",\"image\":{\"@type\":\"ImageObject\",\"inLanguage\":\"fr-FR\",\"@id\":\"https:\/\/www.public.sn\/#\/schema\/person\/image\/\",\"url\":\"https:\/\/secure.gravatar.com\/avatar\/d6c030db45db2883c075085c5d6c6258654a801a93766b49af0b82d4f454e2a5?s=96&d=mm&r=g\",\"contentUrl\":\"https:\/\/secure.gravatar.com\/avatar\/d6c030db45db2883c075085c5d6c6258654a801a93766b49af0b82d4f454e2a5?s=96&d=mm&r=g\",\"caption\":\"LA REDACTION\"},\"sameAs\":[\"http:\/\/www.public.sn\"],\"url\":\"https:\/\/www.public.sn\/index.php\/author\/admin7324\/\"}]}<\/script>\n<!-- \/ Yoast SEO plugin. -->","yoast_head_json":{"title":"Investiture de Alioune Sarr : L\u2019Afp de Saint Louis d\u00e9ment - LE PUBLIC","description":"Il a \u00e9t\u00e9 annonc\u00e9 l\u2019investiture de l\u2019ancien ministre du Tourisme et des Transports a\u00e9riens par des Progressistes de Saint-Louis. L\u2019Afp de Saint Louis s\u2019inscrit en faux.","robots":{"index":"index","follow":"follow","max-snippet":"max-snippet:-1","max-image-preview":"max-image-preview:large","max-video-preview":"max-video-preview:-1"},"canonical":"https:\/\/www.public.sn\/index.php\/2023\/02\/08\/investiture-de-alioune-sarr-lafp-de-saint-louis-dement\/","og_locale":"fr_FR","og_type":"article","og_title":"Investiture de Alioune Sarr : L\u2019Afp de Saint Louis d\u00e9ment - LE PUBLIC","og_description":"Il a \u00e9t\u00e9 annonc\u00e9 l\u2019investiture de l\u2019ancien ministre du Tourisme et des Transports a\u00e9riens par des Progressistes de Saint-Louis. L\u2019Afp de Saint Louis s\u2019inscrit en faux.","og_url":"https:\/\/www.public.sn\/index.php\/2023\/02\/08\/investiture-de-alioune-sarr-lafp-de-saint-louis-dement\/","og_site_name":"LE PUBLIC","article_published_time":"2023-02-08T08:34:15+00:00","og_image":[{"width":447,"height":362,"url":"https:\/\/www.public.sn\/wp-content\/uploads\/2023\/01\/moustapha-nias.jpg","type":"image\/jpeg"}],"author":"LA REDACTION","twitter_card":"summary_large_image","twitter_misc":{"\u00c9crit par":"LA REDACTION","Dur\u00e9e de lecture estim\u00e9e":"1 minute"},"schema":{"@context":"https:\/\/schema.org","@graph":[{"@type":"Article","@id":"https:\/\/www.public.sn\/index.php\/2023\/02\/08\/investiture-de-alioune-sarr-lafp-de-saint-louis-dement\/#article","isPartOf":{"@id":"https:\/\/www.public.sn\/index.php\/2023\/02\/08\/investiture-de-alioune-sarr-lafp-de-saint-louis-dement\/"},"author":{"name":"LA REDACTION","@id":"https:\/\/www.public.sn\/#\/schema\/person\/e3f4a11b037d4203902db148f9bc8d5a"},"headline":"Investiture de Alioune Sarr : L\u2019Afp de Saint Louis d\u00e9ment","datePublished":"2023-02-08T08:34:15+00:00","mainEntityOfPage":{"@id":"https:\/\/www.public.sn\/index.php\/2023\/02\/08\/investiture-de-alioune-sarr-lafp-de-saint-louis-dement\/"},"wordCount":183,"commentCount":0,"publisher":{"@id":"https:\/\/www.public.sn\/#organization"},"image":{"@id":"https:\/\/www.public.sn\/index.php\/2023\/02\/08\/investiture-de-alioune-sarr-lafp-de-saint-louis-dement\/#primaryimage"},"thumbnailUrl":"https:\/\/www.public.sn\/wp-content\/uploads\/2023\/01\/moustapha-nias.jpg","keywords":["Alioune Sarr;AFP","Saint Louis"],"articleSection":["ACTUALIT\u00c9S","POLITIQUE","S\u00c9N\u00c9GAL"],"inLanguage":"fr-FR","potentialAction":[{"@type":"CommentAction","name":"Comment","target":["https:\/\/www.public.sn\/index.php\/2023\/02\/08\/investiture-de-alioune-sarr-lafp-de-saint-louis-dement\/#respond"]}]},{"@type":"WebPage","@id":"https:\/\/www.public.sn\/index.php\/2023\/02\/08\/investiture-de-alioune-sarr-lafp-de-saint-louis-dement\/","url":"https:\/\/www.public.sn\/index.php\/2023\/02\/08\/investiture-de-alioune-sarr-lafp-de-saint-louis-dement\/","name":"Investiture de Alioune Sarr : L\u2019Afp de Saint Louis d\u00e9ment - LE PUBLIC","isPartOf":{"@id":"https:\/\/www.public.sn\/#website"},"primaryImageOfPage":{"@id":"https:\/\/www.public.sn\/index.php\/2023\/02\/08\/investiture-de-alioune-sarr-lafp-de-saint-louis-dement\/#primaryimage"},"image":{"@id":"https:\/\/www.public.sn\/index.php\/2023\/02\/08\/investiture-de-alioune-sarr-lafp-de-saint-louis-dement\/#primaryimage"},"thumbnailUrl":"https:\/\/www.public.sn\/wp-content\/uploads\/2023\/01\/moustapha-nias.jpg","datePublished":"2023-02-08T08:34:15+00:00","description":"Il a \u00e9t\u00e9 annonc\u00e9 l\u2019investiture de l\u2019ancien ministre du Tourisme et des Transports a\u00e9riens par des Progressistes de Saint-Louis. L\u2019Afp de Saint Louis s\u2019inscrit en faux.","breadcrumb":{"@id":"https:\/\/www.public.sn\/index.php\/2023\/02\/08\/investiture-de-alioune-sarr-lafp-de-saint-louis-dement\/#breadcrumb"},"inLanguage":"fr-FR","potentialAction":[{"@type":"ReadAction","target":["https:\/\/www.public.sn\/index.php\/2023\/02\/08\/investiture-de-alioune-sarr-lafp-de-saint-louis-dement\/"]}]},{"@type":"ImageObject","inLanguage":"fr-FR","@id":"https:\/\/www.public.sn\/index.php\/2023\/02\/08\/investiture-de-alioune-sarr-lafp-de-saint-louis-dement\/#primaryimage","url":"https:\/\/www.public.sn\/wp-content\/uploads\/2023\/01\/moustapha-nias.jpg","contentUrl":"https:\/\/www.public.sn\/wp-content\/uploads\/2023\/01\/moustapha-nias.jpg","width":447,"height":362},{"@type":"BreadcrumbList","@id":"https:\/\/www.public.sn\/index.php\/2023\/02\/08\/investiture-de-alioune-sarr-lafp-de-saint-louis-dement\/#breadcrumb","itemListElement":[{"@type":"ListItem","position":1,"name":"Accueil","item":"https:\/\/www.public.sn\/"},{"@type":"ListItem","position":2,"name":"Investiture de Alioune Sarr : L\u2019Afp de Saint Louis d\u00e9ment"}]},{"@type":"WebSite","@id":"https:\/\/www.public.sn\/#website","url":"https:\/\/www.public.sn\/","name":"LE PUBLIC","description":"","publisher":{"@id":"https:\/\/www.public.sn\/#organization"},"potentialAction":[{"@type":"SearchAction","target":{"@type":"EntryPoint","urlTemplate":"https:\/\/www.public.sn\/?s={search_term_string}"},"query-input":{"@type":"PropertyValueSpecification","valueRequired":true,"valueName":"search_term_string"}}],"inLanguage":"fr-FR"},{"@type":"Organization","@id":"https:\/\/www.public.sn\/#organization","name":"LE PUBLIC","url":"https:\/\/www.public.sn\/","logo":{"@type":"ImageObject","inLanguage":"fr-FR","@id":"https:\/\/www.public.sn\/#\/schema\/logo\/image\/","url":"https:\/\/www.public.sn\/wp-content\/uploads\/2024\/05\/cropped-LOGO-PUBLIC.SN_.png","contentUrl":"https:\/\/www.public.sn\/wp-content\/uploads\/2024\/05\/cropped-LOGO-PUBLIC.SN_.png","width":682,"height":192,"caption":"LE PUBLIC"},"image":{"@id":"https:\/\/www.public.sn\/#\/schema\/logo\/image\/"}},{"@type":"Person","@id":"https:\/\/www.public.sn\/#\/schema\/person\/e3f4a11b037d4203902db148f9bc8d5a","name":"LA REDACTION","image":{"@type":"ImageObject","inLanguage":"fr-FR","@id":"https:\/\/www.public.sn\/#\/schema\/person\/image\/","url":"https:\/\/secure.gravatar.com\/avatar\/d6c030db45db2883c075085c5d6c6258654a801a93766b49af0b82d4f454e2a5?s=96&d=mm&r=g","contentUrl":"https:\/\/secure.gravatar.com\/avatar\/d6c030db45db2883c075085c5d6c6258654a801a93766b49af0b82d4f454e2a5?s=96&d=mm&r=g","caption":"LA REDACTION"},"sameAs":["http:\/\/www.public.sn"],"url":"https:\/\/www.public.sn\/index.php\/author\/admin7324\/"}]}},"jetpack_featured_media_url":"https:\/\/www.public.sn\/wp-content\/uploads\/2023\/01\/moustapha-nias.jpg","jetpack_sharing_enabled":true,"_links":{"self":[{"href":"https:\/\/www.public.sn\/index.php\/wp-json\/wp\/v2\/posts\/15167","targetHints":{"allow":["GET"]}}],"collection":[{"href":"https:\/\/www.public.sn\/index.php\/wp-json\/wp\/v2\/posts"}],"about":[{"href":"https:\/\/www.public.sn\/index.php\/wp-json\/wp\/v2\/types\/post"}],"author":[{"embeddable":true,"href":"https:\/\/www.public.sn\/index.php\/wp-json\/wp\/v2\/users\/1"}],"replies":[{"embeddable":true,"href":"https:\/\/www.public.sn\/index.php\/wp-json\/wp\/v2\/comments?post=15167"}],"version-history":[{"count":1,"href":"https:\/\/www.public.sn\/index.php\/wp-json\/wp\/v2\/posts\/15167\/revisions"}],"predecessor-version":[{"id":15168,"href":"https:\/\/www.public.sn\/index.php\/wp-json\/wp\/v2\/posts\/15167\/revisions\/15168"}],"wp:featuredmedia":[{"embeddable":true,"href":"https:\/\/www.public.sn\/index.php\/wp-json\/wp\/v2\/media\/13628"}],"wp:attachment":[{"href":"https:\/\/www.public.sn\/index.php\/wp-json\/wp\/v2\/media?parent=15167"}],"wp:term":[{"taxonomy":"category","embeddable":true,"href":"https:\/\/www.public.sn\/index.php\/wp-json\/wp\/v2\/categories?post=15167"},{"taxonomy":"post_tag","embeddable":true,"href":"https:\/\/www.public.sn\/index.php\/wp-json\/wp\/v2\/tags?post=15167"}],"curies":[{"name":"wp","href":"https:\/\/api.w.org\/{rel}","templated":true}]}}