{"id":15196,"date":"2023-02-08T13:32:56","date_gmt":"2023-02-08T13:32:56","guid":{"rendered":"https:\/\/www.public.sn\/?p=15196"},"modified":"2023-02-08T13:36:01","modified_gmt":"2023-02-08T13:36:01","slug":"15196","status":"publish","type":"post","link":"https:\/\/www.public.sn\/index.php\/2023\/02\/08\/15196\/","title":{"rendered":"Les lettres de Guy Marius Sagna d\u00e9pos\u00e9 pour d\u00e9nonciation"},"content":{"rendered":"<div dir=\"auto\">Je vous informe que je viens de d\u00e9poser deux lettres adress\u00e9es aux membres de l&rsquo;OFNAC et au Garde des sceaux, ministre de la justice respectivement pour :<\/div>\n<div dir=\"auto\">&#8211; D\u00e9nonciation de Fraudes et falsification d&rsquo;un PV d&rsquo;enqu\u00eate par Bassirou Gueye ancien procureur de la R\u00e9publique dans le complot pour liquider Ousmane Sonko<\/div>\n<div dir=\"auto\">&#8211; D\u00e9nonciation de fautes disciplinaires pr\u00e9sum\u00e9es d&rsquo;un magistrat du parquet \u00e0 savoir Bassirou Gueye toujours dans le complot pour la liquidation de Ousmane Sonko<\/div>\n<div dir=\"auto\"><img fetchpriority=\"high\" decoding=\"async\" class=\"alignnone wp-image-15197 size-full\" src=\"https:\/\/www.public.sn\/wp-content\/uploads\/2023\/02\/323449348_529265655967838_156428760616713114_n.jpg\" alt=\"\" width=\"720\" height=\"1045\" srcset=\"https:\/\/www.public.sn\/wp-content\/uploads\/2023\/02\/323449348_529265655967838_156428760616713114_n.jpg 720w, https:\/\/www.public.sn\/wp-content\/uploads\/2023\/02\/323449348_529265655967838_156428760616713114_n-600x871.jpg 600w, https:\/\/www.public.sn\/wp-content\/uploads\/2023\/02\/323449348_529265655967838_156428760616713114_n-207x300.jpg 207w, https:\/\/www.public.sn\/wp-content\/uploads\/2023\/02\/323449348_529265655967838_156428760616713114_n-706x1024.jpg 706w\" sizes=\"(max-width: 720px) 100vw, 720px\" \/> \u00a0<img decoding=\"async\" class=\"alignnone wp-image-15199\" src=\"https:\/\/www.public.sn\/wp-content\/uploads\/2023\/02\/328728989_1264116421168351_3414159948396517751_n.jpg\" alt=\"\" width=\"750\" height=\"1142\" srcset=\"https:\/\/www.public.sn\/wp-content\/uploads\/2023\/02\/328728989_1264116421168351_3414159948396517751_n.jpg 394w, https:\/\/www.public.sn\/wp-content\/uploads\/2023\/02\/328728989_1264116421168351_3414159948396517751_n-197x300.jpg 197w\" sizes=\"(max-width: 750px) 100vw, 750px\" \/><\/div>\n<div dir=\"auto\"><img decoding=\"async\" class=\"alignnone wp-image-15201 size-full\" src=\"https:\/\/www.public.sn\/wp-content\/uploads\/2023\/02\/329425741_903789314103908_5287523921005775736_n.jpg\" alt=\"\" width=\"720\" height=\"1069\" srcset=\"https:\/\/www.public.sn\/wp-content\/uploads\/2023\/02\/329425741_903789314103908_5287523921005775736_n.jpg 720w, https:\/\/www.public.sn\/wp-content\/uploads\/2023\/02\/329425741_903789314103908_5287523921005775736_n-600x891.jpg 600w, https:\/\/www.public.sn\/wp-content\/uploads\/2023\/02\/329425741_903789314103908_5287523921005775736_n-202x300.jpg 202w, https:\/\/www.public.sn\/wp-content\/uploads\/2023\/02\/329425741_903789314103908_5287523921005775736_n-690x1024.jpg 690w\" sizes=\"(max-width: 720px) 100vw, 720px\" \/><\/div>\n<div dir=\"auto\"><img fetchpriority=\"high\" decoding=\"async\" class=\"alignnone wp-image-15197 size-full\" src=\"https:\/\/www.public.sn\/wp-content\/uploads\/2023\/02\/323449348_529265655967838_156428760616713114_n.jpg\" alt=\"\" width=\"720\" height=\"1045\" srcset=\"https:\/\/www.public.sn\/wp-content\/uploads\/2023\/02\/323449348_529265655967838_156428760616713114_n.jpg 720w, https:\/\/www.public.sn\/wp-content\/uploads\/2023\/02\/323449348_529265655967838_156428760616713114_n-600x871.jpg 600w, https:\/\/www.public.sn\/wp-content\/uploads\/2023\/02\/323449348_529265655967838_156428760616713114_n-207x300.jpg 207w, https:\/\/www.public.sn\/wp-content\/uploads\/2023\/02\/323449348_529265655967838_156428760616713114_n-706x1024.jpg 706w\" sizes=\"(max-width: 720px) 100vw, 720px\" \/><\/div>\n<div dir=\"auto\"><img loading=\"lazy\" decoding=\"async\" class=\"alignnone wp-image-15198 size-full\" src=\"https:\/\/www.public.sn\/wp-content\/uploads\/2023\/02\/328236082_875665460220532_8788533317855098135_n.jpg\" alt=\"\" width=\"720\" height=\"1079\" srcset=\"https:\/\/www.public.sn\/wp-content\/uploads\/2023\/02\/328236082_875665460220532_8788533317855098135_n.jpg 720w, https:\/\/www.public.sn\/wp-content\/uploads\/2023\/02\/328236082_875665460220532_8788533317855098135_n-600x899.jpg 600w, https:\/\/www.public.sn\/wp-content\/uploads\/2023\/02\/328236082_875665460220532_8788533317855098135_n-200x300.jpg 200w, https:\/\/www.public.sn\/wp-content\/uploads\/2023\/02\/328236082_875665460220532_8788533317855098135_n-683x1024.jpg 683w\" sizes=\"(max-width: 720px) 100vw, 720px\" \/><\/div>\n<div dir=\"auto\"><img loading=\"lazy\" decoding=\"async\" class=\"alignnone wp-image-15202 size-full\" src=\"https:\/\/www.public.sn\/wp-content\/uploads\/2023\/02\/329823576_731058328591779_4875161777325316679_n.jpg\" alt=\"\" width=\"720\" height=\"1081\" srcset=\"https:\/\/www.public.sn\/wp-content\/uploads\/2023\/02\/329823576_731058328591779_4875161777325316679_n.jpg 720w, https:\/\/www.public.sn\/wp-content\/uploads\/2023\/02\/329823576_731058328591779_4875161777325316679_n-600x901.jpg 600w, https:\/\/www.public.sn\/wp-content\/uploads\/2023\/02\/329823576_731058328591779_4875161777325316679_n-200x300.jpg 200w, https:\/\/www.public.sn\/wp-content\/uploads\/2023\/02\/329823576_731058328591779_4875161777325316679_n-682x1024.jpg 682w\" sizes=\"(max-width: 720px) 100vw, 720px\" \/><\/div>\n<div dir=\"auto\"><img loading=\"lazy\" decoding=\"async\" class=\"alignnone wp-image-15200 size-full\" src=\"https:\/\/www.public.sn\/wp-content\/uploads\/2023\/02\/329150743_459582246269293_4948111845301471249_n.jpg\" alt=\"\" width=\"720\" height=\"610\" srcset=\"https:\/\/www.public.sn\/wp-content\/uploads\/2023\/02\/329150743_459582246269293_4948111845301471249_n.jpg 720w, https:\/\/www.public.sn\/wp-content\/uploads\/2023\/02\/329150743_459582246269293_4948111845301471249_n-600x508.jpg 600w, https:\/\/www.public.sn\/wp-content\/uploads\/2023\/02\/329150743_459582246269293_4948111845301471249_n-300x254.jpg 300w\" sizes=\"(max-width: 720px) 100vw, 720px\" \/><\/div>\n<div class=\"publi-apres-le-contenu\" style=\"margin-top: 10px;margin-bottom: 10px;margin-left: auto;margin-right: auto;text-align: center;\" id=\"publi-1613836614\"><div class=\"publi-adlabel\">Publicit\u00e9<\/div><script async src=\"\/\/pagead2.googlesyndication.com\/pagead\/js\/adsbygoogle.js?client=ca-pub-4089586018074219\" crossorigin=\"anonymous\"><\/script><ins class=\"adsbygoogle\" style=\"display:block;\" data-ad-client=\"ca-pub-4089586018074219\" \ndata-ad-slot=\"2087940154\" \ndata-ad-format=\"auto\"><\/ins>\n<script> \n(adsbygoogle = window.adsbygoogle || []).push({}); \n<\/script>\n<\/div>","protected":false},"excerpt":{"rendered":"<p>Je vous informe que je viens de d\u00e9poser deux lettres adress\u00e9es aux membres de l&rsquo;OFNAC et au Garde des sceaux, ministre de la justice respectivement pour : &#8211; D\u00e9nonciation de Fraudes et falsification d&rsquo;un PV d&rsquo;enqu\u00eate par Bassirou Gueye ancien procureur de la R\u00e9publique dans le complot pour liquider Ousmane Sonko &#8211; D\u00e9nonciation de fautes disciplinaires pr\u00e9sum\u00e9es d&rsquo;un magistrat du parquet \u00e0 savoir Bassirou Gueye toujours dans le complot pour la liquidation de Ousmane Sonko \u00a0<\/p>\n","protected":false},"author":7,"featured_media":15203,"comment_status":"open","ping_status":"open","sticky":false,"template":"","format":"standard","meta":{"_jetpack_memberships_contains_paid_content":false,"footnotes":""},"categories":[375,3724,872,3,376,1,4],"tags":[4326,112,378],"class_list":["post-15196","post","type-post","status-publish","format-standard","has-post-thumbnail","hentry","category-actualites","category-justice","category-photos","category-politique","category-securite-justice","category-non-classe","category-societe","tag-denonciation","tag-guy-marius-sagna","tag-plainte","entry","has-media","owp-thumbs-layout-horizontal","owp-btn-normal","owp-tabs-layout-horizontal","has-no-thumbnails","has-product-nav"],"yoast_head":"<!-- This site is optimized with the Yoast SEO plugin v25.5 - https:\/\/yoast.com\/wordpress\/plugins\/seo\/ -->\n<title>Les lettres de Guy Marius Sagna d\u00e9pos\u00e9 pour d\u00e9nonciation - LE PUBLIC<\/title>\n<meta name=\"robots\" content=\"index, follow, max-snippet:-1, max-image-preview:large, max-video-preview:-1\" \/>\n<link rel=\"canonical\" href=\"https:\/\/www.public.sn\/index.php\/2023\/02\/08\/15196\/\" \/>\n<meta property=\"og:locale\" content=\"fr_FR\" \/>\n<meta property=\"og:type\" content=\"article\" \/>\n<meta property=\"og:title\" content=\"Les lettres de Guy Marius Sagna d\u00e9pos\u00e9 pour d\u00e9nonciation - LE PUBLIC\" \/>\n<meta property=\"og:description\" content=\"Je vous informe que je viens de d\u00e9poser deux lettres adress\u00e9es aux membres de l&rsquo;OFNAC et au Garde des sceaux, ministre de la justice respectivement pour : &#8211; D\u00e9nonciation de Fraudes et falsification d&rsquo;un PV d&rsquo;enqu\u00eate par Bassirou Gueye ancien procureur de la R\u00e9publique dans le complot pour liquider Ousmane Sonko &#8211; D\u00e9nonciation de fautes disciplinaires pr\u00e9sum\u00e9es d&rsquo;un magistrat du parquet \u00e0 savoir Bassirou Gueye toujours dans le complot pour la liquidation de Ousmane Sonko \u00a0\" \/>\n<meta property=\"og:url\" content=\"https:\/\/www.public.sn\/index.php\/2023\/02\/08\/15196\/\" \/>\n<meta property=\"og:site_name\" content=\"LE PUBLIC\" \/>\n<meta property=\"article:published_time\" content=\"2023-02-08T13:32:56+00:00\" \/>\n<meta property=\"article:modified_time\" content=\"2023-02-08T13:36:01+00:00\" \/>\n<meta property=\"og:image\" content=\"https:\/\/www.public.sn\/wp-content\/uploads\/2023\/02\/GMS.jpg\" \/>\n\t<meta property=\"og:image:width\" content=\"800\" \/>\n\t<meta property=\"og:image:height\" content=\"600\" \/>\n\t<meta property=\"og:image:type\" content=\"image\/jpeg\" \/>\n<meta name=\"author\" content=\"LA REDACTION\" \/>\n<meta name=\"twitter:card\" content=\"summary_large_image\" \/>\n<meta name=\"twitter:label1\" content=\"\u00c9crit par\" \/>\n\t<meta name=\"twitter:data1\" content=\"LA REDACTION\" \/>\n\t<meta name=\"twitter:label2\" content=\"Dur\u00e9e de lecture estim\u00e9e\" \/>\n\t<meta name=\"twitter:data2\" content=\"2 minutes\" \/>\n<script type=\"application\/ld+json\" class=\"yoast-schema-graph\">{\"@context\":\"https:\/\/schema.org\",\"@graph\":[{\"@type\":\"Article\",\"@id\":\"https:\/\/www.public.sn\/index.php\/2023\/02\/08\/15196\/#article\",\"isPartOf\":{\"@id\":\"https:\/\/www.public.sn\/index.php\/2023\/02\/08\/15196\/\"},\"author\":{\"name\":\"LA REDACTION\",\"@id\":\"https:\/\/www.public.sn\/#\/schema\/person\/cb76c8e1b8becc6be61fb5e92d6d0224\"},\"headline\":\"Les lettres de Guy Marius Sagna d\u00e9pos\u00e9 pour d\u00e9nonciation\",\"datePublished\":\"2023-02-08T13:32:56+00:00\",\"dateModified\":\"2023-02-08T13:36:01+00:00\",\"mainEntityOfPage\":{\"@id\":\"https:\/\/www.public.sn\/index.php\/2023\/02\/08\/15196\/\"},\"wordCount\":92,\"commentCount\":0,\"publisher\":{\"@id\":\"https:\/\/www.public.sn\/#organization\"},\"image\":{\"@id\":\"https:\/\/www.public.sn\/index.php\/2023\/02\/08\/15196\/#primaryimage\"},\"thumbnailUrl\":\"https:\/\/www.public.sn\/wp-content\/uploads\/2023\/02\/GMS.jpg\",\"keywords\":[\"d\u00e9nonciation\",\"Guy Marius Sagna\",\"plainte\"],\"articleSection\":[\"ACTUALIT\u00c9S\",\"justice\",\"PHOTOS\",\"POLITIQUE\",\"S\u00c9CURIT\u00c9 &amp; JUSTICE\",\"S\u00c9N\u00c9GAL\",\"SOCIETE\"],\"inLanguage\":\"fr-FR\",\"potentialAction\":[{\"@type\":\"CommentAction\",\"name\":\"Comment\",\"target\":[\"https:\/\/www.public.sn\/index.php\/2023\/02\/08\/15196\/#respond\"]}]},{\"@type\":\"WebPage\",\"@id\":\"https:\/\/www.public.sn\/index.php\/2023\/02\/08\/15196\/\",\"url\":\"https:\/\/www.public.sn\/index.php\/2023\/02\/08\/15196\/\",\"name\":\"Les lettres de Guy Marius Sagna d\u00e9pos\u00e9 pour d\u00e9nonciation - LE PUBLIC\",\"isPartOf\":{\"@id\":\"https:\/\/www.public.sn\/#website\"},\"primaryImageOfPage\":{\"@id\":\"https:\/\/www.public.sn\/index.php\/2023\/02\/08\/15196\/#primaryimage\"},\"image\":{\"@id\":\"https:\/\/www.public.sn\/index.php\/2023\/02\/08\/15196\/#primaryimage\"},\"thumbnailUrl\":\"https:\/\/www.public.sn\/wp-content\/uploads\/2023\/02\/GMS.jpg\",\"datePublished\":\"2023-02-08T13:32:56+00:00\",\"dateModified\":\"2023-02-08T13:36:01+00:00\",\"breadcrumb\":{\"@id\":\"https:\/\/www.public.sn\/index.php\/2023\/02\/08\/15196\/#breadcrumb\"},\"inLanguage\":\"fr-FR\",\"potentialAction\":[{\"@type\":\"ReadAction\",\"target\":[\"https:\/\/www.public.sn\/index.php\/2023\/02\/08\/15196\/\"]}]},{\"@type\":\"ImageObject\",\"inLanguage\":\"fr-FR\",\"@id\":\"https:\/\/www.public.sn\/index.php\/2023\/02\/08\/15196\/#primaryimage\",\"url\":\"https:\/\/www.public.sn\/wp-content\/uploads\/2023\/02\/GMS.jpg\",\"contentUrl\":\"https:\/\/www.public.sn\/wp-content\/uploads\/2023\/02\/GMS.jpg\",\"width\":800,\"height\":600},{\"@type\":\"BreadcrumbList\",\"@id\":\"https:\/\/www.public.sn\/index.php\/2023\/02\/08\/15196\/#breadcrumb\",\"itemListElement\":[{\"@type\":\"ListItem\",\"position\":1,\"name\":\"Accueil\",\"item\":\"https:\/\/www.public.sn\/\"},{\"@type\":\"ListItem\",\"position\":2,\"name\":\"Les lettres de Guy Marius Sagna d\u00e9pos\u00e9 pour d\u00e9nonciation\"}]},{\"@type\":\"WebSite\",\"@id\":\"https:\/\/www.public.sn\/#website\",\"url\":\"https:\/\/www.public.sn\/\",\"name\":\"LE PUBLIC\",\"description\":\"\",\"publisher\":{\"@id\":\"https:\/\/www.public.sn\/#organization\"},\"potentialAction\":[{\"@type\":\"SearchAction\",\"target\":{\"@type\":\"EntryPoint\",\"urlTemplate\":\"https:\/\/www.public.sn\/?s={search_term_string}\"},\"query-input\":{\"@type\":\"PropertyValueSpecification\",\"valueRequired\":true,\"valueName\":\"search_term_string\"}}],\"inLanguage\":\"fr-FR\"},{\"@type\":\"Organization\",\"@id\":\"https:\/\/www.public.sn\/#organization\",\"name\":\"LE PUBLIC\",\"url\":\"https:\/\/www.public.sn\/\",\"logo\":{\"@type\":\"ImageObject\",\"inLanguage\":\"fr-FR\",\"@id\":\"https:\/\/www.public.sn\/#\/schema\/logo\/image\/\",\"url\":\"https:\/\/www.public.sn\/wp-content\/uploads\/2024\/05\/cropped-LOGO-PUBLIC.SN_.png\",\"contentUrl\":\"https:\/\/www.public.sn\/wp-content\/uploads\/2024\/05\/cropped-LOGO-PUBLIC.SN_.png\",\"width\":682,\"height\":192,\"caption\":\"LE PUBLIC\"},\"image\":{\"@id\":\"https:\/\/www.public.sn\/#\/schema\/logo\/image\/\"}},{\"@type\":\"Person\",\"@id\":\"https:\/\/www.public.sn\/#\/schema\/person\/cb76c8e1b8becc6be61fb5e92d6d0224\",\"name\":\"LA REDACTION\",\"image\":{\"@type\":\"ImageObject\",\"inLanguage\":\"fr-FR\",\"@id\":\"https:\/\/www.public.sn\/#\/schema\/person\/image\/\",\"url\":\"https:\/\/secure.gravatar.com\/avatar\/2dce5ddd34b8fef0180efe03aa2a9bee7d953856048f9a16b298190a3178407c?s=96&d=mm&r=g\",\"contentUrl\":\"https:\/\/secure.gravatar.com\/avatar\/2dce5ddd34b8fef0180efe03aa2a9bee7d953856048f9a16b298190a3178407c?s=96&d=mm&r=g\",\"caption\":\"LA REDACTION\"},\"url\":\"https:\/\/www.public.sn\/index.php\/author\/editeurpsn\/\"}]}<\/script>\n<!-- \/ Yoast SEO plugin. -->","yoast_head_json":{"title":"Les lettres de Guy Marius Sagna d\u00e9pos\u00e9 pour d\u00e9nonciation - LE PUBLIC","robots":{"index":"index","follow":"follow","max-snippet":"max-snippet:-1","max-image-preview":"max-image-preview:large","max-video-preview":"max-video-preview:-1"},"canonical":"https:\/\/www.public.sn\/index.php\/2023\/02\/08\/15196\/","og_locale":"fr_FR","og_type":"article","og_title":"Les lettres de Guy Marius Sagna d\u00e9pos\u00e9 pour d\u00e9nonciation - LE PUBLIC","og_description":"Je vous informe que je viens de d\u00e9poser deux lettres adress\u00e9es aux membres de l&rsquo;OFNAC et au Garde des sceaux, ministre de la justice respectivement pour : &#8211; D\u00e9nonciation de Fraudes et falsification d&rsquo;un PV d&rsquo;enqu\u00eate par Bassirou Gueye ancien procureur de la R\u00e9publique dans le complot pour liquider Ousmane Sonko &#8211; D\u00e9nonciation de fautes disciplinaires pr\u00e9sum\u00e9es d&rsquo;un magistrat du parquet \u00e0 savoir Bassirou Gueye toujours dans le complot pour la liquidation de Ousmane Sonko \u00a0","og_url":"https:\/\/www.public.sn\/index.php\/2023\/02\/08\/15196\/","og_site_name":"LE PUBLIC","article_published_time":"2023-02-08T13:32:56+00:00","article_modified_time":"2023-02-08T13:36:01+00:00","og_image":[{"width":800,"height":600,"url":"https:\/\/www.public.sn\/wp-content\/uploads\/2023\/02\/GMS.jpg","type":"image\/jpeg"}],"author":"LA REDACTION","twitter_card":"summary_large_image","twitter_misc":{"\u00c9crit par":"LA REDACTION","Dur\u00e9e de lecture estim\u00e9e":"2 minutes"},"schema":{"@context":"https:\/\/schema.org","@graph":[{"@type":"Article","@id":"https:\/\/www.public.sn\/index.php\/2023\/02\/08\/15196\/#article","isPartOf":{"@id":"https:\/\/www.public.sn\/index.php\/2023\/02\/08\/15196\/"},"author":{"name":"LA REDACTION","@id":"https:\/\/www.public.sn\/#\/schema\/person\/cb76c8e1b8becc6be61fb5e92d6d0224"},"headline":"Les lettres de Guy Marius Sagna d\u00e9pos\u00e9 pour d\u00e9nonciation","datePublished":"2023-02-08T13:32:56+00:00","dateModified":"2023-02-08T13:36:01+00:00","mainEntityOfPage":{"@id":"https:\/\/www.public.sn\/index.php\/2023\/02\/08\/15196\/"},"wordCount":92,"commentCount":0,"publisher":{"@id":"https:\/\/www.public.sn\/#organization"},"image":{"@id":"https:\/\/www.public.sn\/index.php\/2023\/02\/08\/15196\/#primaryimage"},"thumbnailUrl":"https:\/\/www.public.sn\/wp-content\/uploads\/2023\/02\/GMS.jpg","keywords":["d\u00e9nonciation","Guy Marius Sagna","plainte"],"articleSection":["ACTUALIT\u00c9S","justice","PHOTOS","POLITIQUE","S\u00c9CURIT\u00c9 &amp; JUSTICE","S\u00c9N\u00c9GAL","SOCIETE"],"inLanguage":"fr-FR","potentialAction":[{"@type":"CommentAction","name":"Comment","target":["https:\/\/www.public.sn\/index.php\/2023\/02\/08\/15196\/#respond"]}]},{"@type":"WebPage","@id":"https:\/\/www.public.sn\/index.php\/2023\/02\/08\/15196\/","url":"https:\/\/www.public.sn\/index.php\/2023\/02\/08\/15196\/","name":"Les lettres de Guy Marius Sagna d\u00e9pos\u00e9 pour d\u00e9nonciation - LE PUBLIC","isPartOf":{"@id":"https:\/\/www.public.sn\/#website"},"primaryImageOfPage":{"@id":"https:\/\/www.public.sn\/index.php\/2023\/02\/08\/15196\/#primaryimage"},"image":{"@id":"https:\/\/www.public.sn\/index.php\/2023\/02\/08\/15196\/#primaryimage"},"thumbnailUrl":"https:\/\/www.public.sn\/wp-content\/uploads\/2023\/02\/GMS.jpg","datePublished":"2023-02-08T13:32:56+00:00","dateModified":"2023-02-08T13:36:01+00:00","breadcrumb":{"@id":"https:\/\/www.public.sn\/index.php\/2023\/02\/08\/15196\/#breadcrumb"},"inLanguage":"fr-FR","potentialAction":[{"@type":"ReadAction","target":["https:\/\/www.public.sn\/index.php\/2023\/02\/08\/15196\/"]}]},{"@type":"ImageObject","inLanguage":"fr-FR","@id":"https:\/\/www.public.sn\/index.php\/2023\/02\/08\/15196\/#primaryimage","url":"https:\/\/www.public.sn\/wp-content\/uploads\/2023\/02\/GMS.jpg","contentUrl":"https:\/\/www.public.sn\/wp-content\/uploads\/2023\/02\/GMS.jpg","width":800,"height":600},{"@type":"BreadcrumbList","@id":"https:\/\/www.public.sn\/index.php\/2023\/02\/08\/15196\/#breadcrumb","itemListElement":[{"@type":"ListItem","position":1,"name":"Accueil","item":"https:\/\/www.public.sn\/"},{"@type":"ListItem","position":2,"name":"Les lettres de Guy Marius Sagna d\u00e9pos\u00e9 pour d\u00e9nonciation"}]},{"@type":"WebSite","@id":"https:\/\/www.public.sn\/#website","url":"https:\/\/www.public.sn\/","name":"LE PUBLIC","description":"","publisher":{"@id":"https:\/\/www.public.sn\/#organization"},"potentialAction":[{"@type":"SearchAction","target":{"@type":"EntryPoint","urlTemplate":"https:\/\/www.public.sn\/?s={search_term_string}"},"query-input":{"@type":"PropertyValueSpecification","valueRequired":true,"valueName":"search_term_string"}}],"inLanguage":"fr-FR"},{"@type":"Organization","@id":"https:\/\/www.public.sn\/#organization","name":"LE PUBLIC","url":"https:\/\/www.public.sn\/","logo":{"@type":"ImageObject","inLanguage":"fr-FR","@id":"https:\/\/www.public.sn\/#\/schema\/logo\/image\/","url":"https:\/\/www.public.sn\/wp-content\/uploads\/2024\/05\/cropped-LOGO-PUBLIC.SN_.png","contentUrl":"https:\/\/www.public.sn\/wp-content\/uploads\/2024\/05\/cropped-LOGO-PUBLIC.SN_.png","width":682,"height":192,"caption":"LE PUBLIC"},"image":{"@id":"https:\/\/www.public.sn\/#\/schema\/logo\/image\/"}},{"@type":"Person","@id":"https:\/\/www.public.sn\/#\/schema\/person\/cb76c8e1b8becc6be61fb5e92d6d0224","name":"LA REDACTION","image":{"@type":"ImageObject","inLanguage":"fr-FR","@id":"https:\/\/www.public.sn\/#\/schema\/person\/image\/","url":"https:\/\/secure.gravatar.com\/avatar\/2dce5ddd34b8fef0180efe03aa2a9bee7d953856048f9a16b298190a3178407c?s=96&d=mm&r=g","contentUrl":"https:\/\/secure.gravatar.com\/avatar\/2dce5ddd34b8fef0180efe03aa2a9bee7d953856048f9a16b298190a3178407c?s=96&d=mm&r=g","caption":"LA REDACTION"},"url":"https:\/\/www.public.sn\/index.php\/author\/editeurpsn\/"}]}},"jetpack_featured_media_url":"https:\/\/www.public.sn\/wp-content\/uploads\/2023\/02\/GMS.jpg","jetpack_sharing_enabled":true,"_links":{"self":[{"href":"https:\/\/www.public.sn\/index.php\/wp-json\/wp\/v2\/posts\/15196","targetHints":{"allow":["GET"]}}],"collection":[{"href":"https:\/\/www.public.sn\/index.php\/wp-json\/wp\/v2\/posts"}],"about":[{"href":"https:\/\/www.public.sn\/index.php\/wp-json\/wp\/v2\/types\/post"}],"author":[{"embeddable":true,"href":"https:\/\/www.public.sn\/index.php\/wp-json\/wp\/v2\/users\/7"}],"replies":[{"embeddable":true,"href":"https:\/\/www.public.sn\/index.php\/wp-json\/wp\/v2\/comments?post=15196"}],"version-history":[{"count":3,"href":"https:\/\/www.public.sn\/index.php\/wp-json\/wp\/v2\/posts\/15196\/revisions"}],"predecessor-version":[{"id":15206,"href":"https:\/\/www.public.sn\/index.php\/wp-json\/wp\/v2\/posts\/15196\/revisions\/15206"}],"wp:featuredmedia":[{"embeddable":true,"href":"https:\/\/www.public.sn\/index.php\/wp-json\/wp\/v2\/media\/15203"}],"wp:attachment":[{"href":"https:\/\/www.public.sn\/index.php\/wp-json\/wp\/v2\/media?parent=15196"}],"wp:term":[{"taxonomy":"category","embeddable":true,"href":"https:\/\/www.public.sn\/index.php\/wp-json\/wp\/v2\/categories?post=15196"},{"taxonomy":"post_tag","embeddable":true,"href":"https:\/\/www.public.sn\/index.php\/wp-json\/wp\/v2\/tags?post=15196"}],"curies":[{"name":"wp","href":"https:\/\/api.w.org\/{rel}","templated":true}]}}