{"id":15208,"date":"2023-02-08T14:28:45","date_gmt":"2023-02-08T14:28:45","guid":{"rendered":"https:\/\/www.public.sn\/?p=15208"},"modified":"2023-02-08T14:28:45","modified_gmt":"2023-02-08T14:28:45","slug":"mamadou-goumbala-et-aissatou-diop-fall-face-a-doudou-coulibay-dans-wax-taan-wax-taaj","status":"publish","type":"post","link":"https:\/\/www.public.sn\/index.php\/2023\/02\/08\/mamadou-goumbala-et-aissatou-diop-fall-face-a-doudou-coulibay-dans-wax-taan-wax-taaj\/","title":{"rendered":"Mamadou Goumbala et Aissatou Diop Fall face \u00e0 Doudou Coulibay dans Wax taan, Wax taaj"},"content":{"rendered":"<p><strong>Suivrez votre \u00e9mission Wax taan Wax Taaj : Doudou Coulibaly re\u00e7oit Aissatou Diop Fall et Mamadou Goumbala Seck<\/strong><\/p><div class=\"publi-paragraphe1\" style=\"margin-top: 10px;margin-bottom: 10px;margin-left: auto;margin-right: auto;text-align: center;\" id=\"publi-916633234\"><div class=\"publi-adlabel\">Publicit\u00e9<\/div><script async src=\"\/\/pagead2.googlesyndication.com\/pagead\/js\/adsbygoogle.js?client=ca-pub-4089586018074219\" crossorigin=\"anonymous\"><\/script><ins class=\"adsbygoogle\" style=\"display:block;\" data-ad-client=\"ca-pub-4089586018074219\" \ndata-ad-slot=\"2087940154\" \ndata-ad-format=\"auto\"><\/ins>\n<script> \n(adsbygoogle = window.adsbygoogle || []).push({}); \n<\/script>\n<\/div>\n<p><iframe title=\"ACTUALIT\u00c9S : La r\u00e9publique \u00e0 Thi\u00e8s, Sonko aux parcelles ...\" src=\"https:\/\/www.youtube.com\/embed\/NgQhaiXnDIg\" width=\"684\" height=\"385\" frameborder=\"0\" allowfullscreen=\"allowfullscreen\"><\/iframe><\/p>\n<div class=\"publi-apres-le-contenu\" style=\"margin-top: 10px;margin-bottom: 10px;margin-left: auto;margin-right: auto;text-align: center;\" id=\"publi-3046141908\"><div class=\"publi-adlabel\">Publicit\u00e9<\/div><script async src=\"\/\/pagead2.googlesyndication.com\/pagead\/js\/adsbygoogle.js?client=ca-pub-4089586018074219\" crossorigin=\"anonymous\"><\/script><ins class=\"adsbygoogle\" style=\"display:block;\" data-ad-client=\"ca-pub-4089586018074219\" \ndata-ad-slot=\"2087940154\" \ndata-ad-format=\"auto\"><\/ins>\n<script> \n(adsbygoogle = window.adsbygoogle || []).push({}); \n<\/script>\n<\/div>","protected":false},"excerpt":{"rendered":"<p>Suivrez votre \u00e9mission Wax taan Wax Taaj : Doudou Coulibaly re\u00e7oit Aissatou Diop Fall et Mamadou Goumbala Seck<\/p>\n","protected":false},"author":1,"featured_media":15209,"comment_status":"open","ping_status":"open","sticky":false,"template":"","format":"standard","meta":{"_jetpack_memberships_contains_paid_content":false,"footnotes":""},"categories":[375,3,8,1,372,6],"tags":[11,4327,306],"class_list":["post-15208","post","type-post","status-publish","format-standard","has-post-thumbnail","hentry","category-actualites","category-politique","category-public-tv","category-non-classe","category-vedette","category-videos","tag-macky-sall","tag-mamadou-goumbala-seck","tag-sonko","entry","has-media","owp-thumbs-layout-horizontal","owp-btn-normal","owp-tabs-layout-horizontal","has-no-thumbnails","has-product-nav"],"yoast_head":"<!-- This site is optimized with the Yoast SEO plugin v25.5 - https:\/\/yoast.com\/wordpress\/plugins\/seo\/ -->\n<title>Mamadou Goumbala et Aissatou Diop Fall face \u00e0 Doudou Coulibay dans Wax taan, Wax taaj - LE PUBLIC<\/title>\n<meta name=\"description\" content=\"Suivrez votre \u00e9mission Wax taan Wax Taaj : Doudou Coulibaly re\u00e7oit Aissatou Diop Fall et Mamadou Goumbala Seck\" \/>\n<meta name=\"robots\" content=\"index, follow, max-snippet:-1, max-image-preview:large, max-video-preview:-1\" \/>\n<link rel=\"canonical\" href=\"https:\/\/www.public.sn\/index.php\/2023\/02\/08\/mamadou-goumbala-et-aissatou-diop-fall-face-a-doudou-coulibay-dans-wax-taan-wax-taaj\/\" \/>\n<meta property=\"og:locale\" content=\"fr_FR\" \/>\n<meta property=\"og:type\" content=\"article\" \/>\n<meta property=\"og:title\" content=\"Mamadou Goumbala et Aissatou Diop Fall face \u00e0 Doudou Coulibay dans Wax taan, Wax taaj - LE PUBLIC\" \/>\n<meta property=\"og:description\" content=\"Suivrez votre \u00e9mission Wax taan Wax Taaj : Doudou Coulibaly re\u00e7oit Aissatou Diop Fall et Mamadou Goumbala Seck\" \/>\n<meta property=\"og:url\" content=\"https:\/\/www.public.sn\/index.php\/2023\/02\/08\/mamadou-goumbala-et-aissatou-diop-fall-face-a-doudou-coulibay-dans-wax-taan-wax-taaj\/\" \/>\n<meta property=\"og:site_name\" content=\"LE PUBLIC\" \/>\n<meta property=\"article:published_time\" content=\"2023-02-08T14:28:45+00:00\" \/>\n<meta property=\"og:image\" content=\"https:\/\/www.public.sn\/wp-content\/uploads\/2023\/02\/WhatsApp-Image-2023-02-08-at-14.04.31.jpeg\" \/>\n\t<meta property=\"og:image:width\" content=\"1366\" \/>\n\t<meta property=\"og:image:height\" content=\"768\" \/>\n\t<meta property=\"og:image:type\" content=\"image\/jpeg\" \/>\n<meta name=\"author\" content=\"LA REDACTION\" \/>\n<meta name=\"twitter:card\" content=\"summary_large_image\" \/>\n<meta name=\"twitter:label1\" content=\"\u00c9crit par\" \/>\n\t<meta name=\"twitter:data1\" content=\"LA REDACTION\" \/>\n\t<meta name=\"twitter:label2\" content=\"Dur\u00e9e de lecture estim\u00e9e\" \/>\n\t<meta name=\"twitter:data2\" content=\"1 minute\" \/>\n<script type=\"application\/ld+json\" class=\"yoast-schema-graph\">{\"@context\":\"https:\/\/schema.org\",\"@graph\":[{\"@type\":\"Article\",\"@id\":\"https:\/\/www.public.sn\/index.php\/2023\/02\/08\/mamadou-goumbala-et-aissatou-diop-fall-face-a-doudou-coulibay-dans-wax-taan-wax-taaj\/#article\",\"isPartOf\":{\"@id\":\"https:\/\/www.public.sn\/index.php\/2023\/02\/08\/mamadou-goumbala-et-aissatou-diop-fall-face-a-doudou-coulibay-dans-wax-taan-wax-taaj\/\"},\"author\":{\"name\":\"LA REDACTION\",\"@id\":\"https:\/\/www.public.sn\/#\/schema\/person\/e3f4a11b037d4203902db148f9bc8d5a\"},\"headline\":\"Mamadou Goumbala et Aissatou Diop Fall face \u00e0 Doudou Coulibay dans Wax taan, Wax taaj\",\"datePublished\":\"2023-02-08T14:28:45+00:00\",\"mainEntityOfPage\":{\"@id\":\"https:\/\/www.public.sn\/index.php\/2023\/02\/08\/mamadou-goumbala-et-aissatou-diop-fall-face-a-doudou-coulibay-dans-wax-taan-wax-taaj\/\"},\"wordCount\":32,\"commentCount\":0,\"publisher\":{\"@id\":\"https:\/\/www.public.sn\/#organization\"},\"image\":{\"@id\":\"https:\/\/www.public.sn\/index.php\/2023\/02\/08\/mamadou-goumbala-et-aissatou-diop-fall-face-a-doudou-coulibay-dans-wax-taan-wax-taaj\/#primaryimage\"},\"thumbnailUrl\":\"https:\/\/www.public.sn\/wp-content\/uploads\/2023\/02\/WhatsApp-Image-2023-02-08-at-14.04.31.jpeg\",\"keywords\":[\"Macky Sall\",\"mamadou goumbala seck\",\"sonko\"],\"articleSection\":[\"ACTUALIT\u00c9S\",\"POLITIQUE\",\"PUBLIC TV\",\"S\u00c9N\u00c9GAL\",\"VEDETTE\",\"VIDEOS\"],\"inLanguage\":\"fr-FR\",\"potentialAction\":[{\"@type\":\"CommentAction\",\"name\":\"Comment\",\"target\":[\"https:\/\/www.public.sn\/index.php\/2023\/02\/08\/mamadou-goumbala-et-aissatou-diop-fall-face-a-doudou-coulibay-dans-wax-taan-wax-taaj\/#respond\"]}]},{\"@type\":\"WebPage\",\"@id\":\"https:\/\/www.public.sn\/index.php\/2023\/02\/08\/mamadou-goumbala-et-aissatou-diop-fall-face-a-doudou-coulibay-dans-wax-taan-wax-taaj\/\",\"url\":\"https:\/\/www.public.sn\/index.php\/2023\/02\/08\/mamadou-goumbala-et-aissatou-diop-fall-face-a-doudou-coulibay-dans-wax-taan-wax-taaj\/\",\"name\":\"Mamadou Goumbala et Aissatou Diop Fall face \u00e0 Doudou Coulibay dans Wax taan, Wax taaj - LE PUBLIC\",\"isPartOf\":{\"@id\":\"https:\/\/www.public.sn\/#website\"},\"primaryImageOfPage\":{\"@id\":\"https:\/\/www.public.sn\/index.php\/2023\/02\/08\/mamadou-goumbala-et-aissatou-diop-fall-face-a-doudou-coulibay-dans-wax-taan-wax-taaj\/#primaryimage\"},\"image\":{\"@id\":\"https:\/\/www.public.sn\/index.php\/2023\/02\/08\/mamadou-goumbala-et-aissatou-diop-fall-face-a-doudou-coulibay-dans-wax-taan-wax-taaj\/#primaryimage\"},\"thumbnailUrl\":\"https:\/\/www.public.sn\/wp-content\/uploads\/2023\/02\/WhatsApp-Image-2023-02-08-at-14.04.31.jpeg\",\"datePublished\":\"2023-02-08T14:28:45+00:00\",\"description\":\"Suivrez votre \u00e9mission Wax taan Wax Taaj : Doudou Coulibaly re\u00e7oit Aissatou Diop Fall et Mamadou Goumbala Seck\",\"breadcrumb\":{\"@id\":\"https:\/\/www.public.sn\/index.php\/2023\/02\/08\/mamadou-goumbala-et-aissatou-diop-fall-face-a-doudou-coulibay-dans-wax-taan-wax-taaj\/#breadcrumb\"},\"inLanguage\":\"fr-FR\",\"potentialAction\":[{\"@type\":\"ReadAction\",\"target\":[\"https:\/\/www.public.sn\/index.php\/2023\/02\/08\/mamadou-goumbala-et-aissatou-diop-fall-face-a-doudou-coulibay-dans-wax-taan-wax-taaj\/\"]}]},{\"@type\":\"ImageObject\",\"inLanguage\":\"fr-FR\",\"@id\":\"https:\/\/www.public.sn\/index.php\/2023\/02\/08\/mamadou-goumbala-et-aissatou-diop-fall-face-a-doudou-coulibay-dans-wax-taan-wax-taaj\/#primaryimage\",\"url\":\"https:\/\/www.public.sn\/wp-content\/uploads\/2023\/02\/WhatsApp-Image-2023-02-08-at-14.04.31.jpeg\",\"contentUrl\":\"https:\/\/www.public.sn\/wp-content\/uploads\/2023\/02\/WhatsApp-Image-2023-02-08-at-14.04.31.jpeg\",\"width\":1366,\"height\":768},{\"@type\":\"BreadcrumbList\",\"@id\":\"https:\/\/www.public.sn\/index.php\/2023\/02\/08\/mamadou-goumbala-et-aissatou-diop-fall-face-a-doudou-coulibay-dans-wax-taan-wax-taaj\/#breadcrumb\",\"itemListElement\":[{\"@type\":\"ListItem\",\"position\":1,\"name\":\"Accueil\",\"item\":\"https:\/\/www.public.sn\/\"},{\"@type\":\"ListItem\",\"position\":2,\"name\":\"Mamadou Goumbala et Aissatou Diop Fall face \u00e0 Doudou Coulibay dans Wax taan, Wax taaj\"}]},{\"@type\":\"WebSite\",\"@id\":\"https:\/\/www.public.sn\/#website\",\"url\":\"https:\/\/www.public.sn\/\",\"name\":\"LE PUBLIC\",\"description\":\"\",\"publisher\":{\"@id\":\"https:\/\/www.public.sn\/#organization\"},\"potentialAction\":[{\"@type\":\"SearchAction\",\"target\":{\"@type\":\"EntryPoint\",\"urlTemplate\":\"https:\/\/www.public.sn\/?s={search_term_string}\"},\"query-input\":{\"@type\":\"PropertyValueSpecification\",\"valueRequired\":true,\"valueName\":\"search_term_string\"}}],\"inLanguage\":\"fr-FR\"},{\"@type\":\"Organization\",\"@id\":\"https:\/\/www.public.sn\/#organization\",\"name\":\"LE PUBLIC\",\"url\":\"https:\/\/www.public.sn\/\",\"logo\":{\"@type\":\"ImageObject\",\"inLanguage\":\"fr-FR\",\"@id\":\"https:\/\/www.public.sn\/#\/schema\/logo\/image\/\",\"url\":\"https:\/\/www.public.sn\/wp-content\/uploads\/2024\/05\/cropped-LOGO-PUBLIC.SN_.png\",\"contentUrl\":\"https:\/\/www.public.sn\/wp-content\/uploads\/2024\/05\/cropped-LOGO-PUBLIC.SN_.png\",\"width\":682,\"height\":192,\"caption\":\"LE PUBLIC\"},\"image\":{\"@id\":\"https:\/\/www.public.sn\/#\/schema\/logo\/image\/\"}},{\"@type\":\"Person\",\"@id\":\"https:\/\/www.public.sn\/#\/schema\/person\/e3f4a11b037d4203902db148f9bc8d5a\",\"name\":\"LA REDACTION\",\"image\":{\"@type\":\"ImageObject\",\"inLanguage\":\"fr-FR\",\"@id\":\"https:\/\/www.public.sn\/#\/schema\/person\/image\/\",\"url\":\"https:\/\/secure.gravatar.com\/avatar\/d6c030db45db2883c075085c5d6c6258654a801a93766b49af0b82d4f454e2a5?s=96&d=mm&r=g\",\"contentUrl\":\"https:\/\/secure.gravatar.com\/avatar\/d6c030db45db2883c075085c5d6c6258654a801a93766b49af0b82d4f454e2a5?s=96&d=mm&r=g\",\"caption\":\"LA REDACTION\"},\"sameAs\":[\"http:\/\/www.public.sn\"],\"url\":\"https:\/\/www.public.sn\/index.php\/author\/admin7324\/\"}]}<\/script>\n<!-- \/ Yoast SEO plugin. -->","yoast_head_json":{"title":"Mamadou Goumbala et Aissatou Diop Fall face \u00e0 Doudou Coulibay dans Wax taan, Wax taaj - LE PUBLIC","description":"Suivrez votre \u00e9mission Wax taan Wax Taaj : Doudou Coulibaly re\u00e7oit Aissatou Diop Fall et Mamadou Goumbala Seck","robots":{"index":"index","follow":"follow","max-snippet":"max-snippet:-1","max-image-preview":"max-image-preview:large","max-video-preview":"max-video-preview:-1"},"canonical":"https:\/\/www.public.sn\/index.php\/2023\/02\/08\/mamadou-goumbala-et-aissatou-diop-fall-face-a-doudou-coulibay-dans-wax-taan-wax-taaj\/","og_locale":"fr_FR","og_type":"article","og_title":"Mamadou Goumbala et Aissatou Diop Fall face \u00e0 Doudou Coulibay dans Wax taan, Wax taaj - LE PUBLIC","og_description":"Suivrez votre \u00e9mission Wax taan Wax Taaj : Doudou Coulibaly re\u00e7oit Aissatou Diop Fall et Mamadou Goumbala Seck","og_url":"https:\/\/www.public.sn\/index.php\/2023\/02\/08\/mamadou-goumbala-et-aissatou-diop-fall-face-a-doudou-coulibay-dans-wax-taan-wax-taaj\/","og_site_name":"LE PUBLIC","article_published_time":"2023-02-08T14:28:45+00:00","og_image":[{"width":1366,"height":768,"url":"https:\/\/www.public.sn\/wp-content\/uploads\/2023\/02\/WhatsApp-Image-2023-02-08-at-14.04.31.jpeg","type":"image\/jpeg"}],"author":"LA REDACTION","twitter_card":"summary_large_image","twitter_misc":{"\u00c9crit par":"LA REDACTION","Dur\u00e9e de lecture estim\u00e9e":"1 minute"},"schema":{"@context":"https:\/\/schema.org","@graph":[{"@type":"Article","@id":"https:\/\/www.public.sn\/index.php\/2023\/02\/08\/mamadou-goumbala-et-aissatou-diop-fall-face-a-doudou-coulibay-dans-wax-taan-wax-taaj\/#article","isPartOf":{"@id":"https:\/\/www.public.sn\/index.php\/2023\/02\/08\/mamadou-goumbala-et-aissatou-diop-fall-face-a-doudou-coulibay-dans-wax-taan-wax-taaj\/"},"author":{"name":"LA REDACTION","@id":"https:\/\/www.public.sn\/#\/schema\/person\/e3f4a11b037d4203902db148f9bc8d5a"},"headline":"Mamadou Goumbala et Aissatou Diop Fall face \u00e0 Doudou Coulibay dans Wax taan, Wax taaj","datePublished":"2023-02-08T14:28:45+00:00","mainEntityOfPage":{"@id":"https:\/\/www.public.sn\/index.php\/2023\/02\/08\/mamadou-goumbala-et-aissatou-diop-fall-face-a-doudou-coulibay-dans-wax-taan-wax-taaj\/"},"wordCount":32,"commentCount":0,"publisher":{"@id":"https:\/\/www.public.sn\/#organization"},"image":{"@id":"https:\/\/www.public.sn\/index.php\/2023\/02\/08\/mamadou-goumbala-et-aissatou-diop-fall-face-a-doudou-coulibay-dans-wax-taan-wax-taaj\/#primaryimage"},"thumbnailUrl":"https:\/\/www.public.sn\/wp-content\/uploads\/2023\/02\/WhatsApp-Image-2023-02-08-at-14.04.31.jpeg","keywords":["Macky Sall","mamadou goumbala seck","sonko"],"articleSection":["ACTUALIT\u00c9S","POLITIQUE","PUBLIC TV","S\u00c9N\u00c9GAL","VEDETTE","VIDEOS"],"inLanguage":"fr-FR","potentialAction":[{"@type":"CommentAction","name":"Comment","target":["https:\/\/www.public.sn\/index.php\/2023\/02\/08\/mamadou-goumbala-et-aissatou-diop-fall-face-a-doudou-coulibay-dans-wax-taan-wax-taaj\/#respond"]}]},{"@type":"WebPage","@id":"https:\/\/www.public.sn\/index.php\/2023\/02\/08\/mamadou-goumbala-et-aissatou-diop-fall-face-a-doudou-coulibay-dans-wax-taan-wax-taaj\/","url":"https:\/\/www.public.sn\/index.php\/2023\/02\/08\/mamadou-goumbala-et-aissatou-diop-fall-face-a-doudou-coulibay-dans-wax-taan-wax-taaj\/","name":"Mamadou Goumbala et Aissatou Diop Fall face \u00e0 Doudou Coulibay dans Wax taan, Wax taaj - LE PUBLIC","isPartOf":{"@id":"https:\/\/www.public.sn\/#website"},"primaryImageOfPage":{"@id":"https:\/\/www.public.sn\/index.php\/2023\/02\/08\/mamadou-goumbala-et-aissatou-diop-fall-face-a-doudou-coulibay-dans-wax-taan-wax-taaj\/#primaryimage"},"image":{"@id":"https:\/\/www.public.sn\/index.php\/2023\/02\/08\/mamadou-goumbala-et-aissatou-diop-fall-face-a-doudou-coulibay-dans-wax-taan-wax-taaj\/#primaryimage"},"thumbnailUrl":"https:\/\/www.public.sn\/wp-content\/uploads\/2023\/02\/WhatsApp-Image-2023-02-08-at-14.04.31.jpeg","datePublished":"2023-02-08T14:28:45+00:00","description":"Suivrez votre \u00e9mission Wax taan Wax Taaj : Doudou Coulibaly re\u00e7oit Aissatou Diop Fall et Mamadou Goumbala Seck","breadcrumb":{"@id":"https:\/\/www.public.sn\/index.php\/2023\/02\/08\/mamadou-goumbala-et-aissatou-diop-fall-face-a-doudou-coulibay-dans-wax-taan-wax-taaj\/#breadcrumb"},"inLanguage":"fr-FR","potentialAction":[{"@type":"ReadAction","target":["https:\/\/www.public.sn\/index.php\/2023\/02\/08\/mamadou-goumbala-et-aissatou-diop-fall-face-a-doudou-coulibay-dans-wax-taan-wax-taaj\/"]}]},{"@type":"ImageObject","inLanguage":"fr-FR","@id":"https:\/\/www.public.sn\/index.php\/2023\/02\/08\/mamadou-goumbala-et-aissatou-diop-fall-face-a-doudou-coulibay-dans-wax-taan-wax-taaj\/#primaryimage","url":"https:\/\/www.public.sn\/wp-content\/uploads\/2023\/02\/WhatsApp-Image-2023-02-08-at-14.04.31.jpeg","contentUrl":"https:\/\/www.public.sn\/wp-content\/uploads\/2023\/02\/WhatsApp-Image-2023-02-08-at-14.04.31.jpeg","width":1366,"height":768},{"@type":"BreadcrumbList","@id":"https:\/\/www.public.sn\/index.php\/2023\/02\/08\/mamadou-goumbala-et-aissatou-diop-fall-face-a-doudou-coulibay-dans-wax-taan-wax-taaj\/#breadcrumb","itemListElement":[{"@type":"ListItem","position":1,"name":"Accueil","item":"https:\/\/www.public.sn\/"},{"@type":"ListItem","position":2,"name":"Mamadou Goumbala et Aissatou Diop Fall face \u00e0 Doudou Coulibay dans Wax taan, Wax taaj"}]},{"@type":"WebSite","@id":"https:\/\/www.public.sn\/#website","url":"https:\/\/www.public.sn\/","name":"LE PUBLIC","description":"","publisher":{"@id":"https:\/\/www.public.sn\/#organization"},"potentialAction":[{"@type":"SearchAction","target":{"@type":"EntryPoint","urlTemplate":"https:\/\/www.public.sn\/?s={search_term_string}"},"query-input":{"@type":"PropertyValueSpecification","valueRequired":true,"valueName":"search_term_string"}}],"inLanguage":"fr-FR"},{"@type":"Organization","@id":"https:\/\/www.public.sn\/#organization","name":"LE PUBLIC","url":"https:\/\/www.public.sn\/","logo":{"@type":"ImageObject","inLanguage":"fr-FR","@id":"https:\/\/www.public.sn\/#\/schema\/logo\/image\/","url":"https:\/\/www.public.sn\/wp-content\/uploads\/2024\/05\/cropped-LOGO-PUBLIC.SN_.png","contentUrl":"https:\/\/www.public.sn\/wp-content\/uploads\/2024\/05\/cropped-LOGO-PUBLIC.SN_.png","width":682,"height":192,"caption":"LE PUBLIC"},"image":{"@id":"https:\/\/www.public.sn\/#\/schema\/logo\/image\/"}},{"@type":"Person","@id":"https:\/\/www.public.sn\/#\/schema\/person\/e3f4a11b037d4203902db148f9bc8d5a","name":"LA REDACTION","image":{"@type":"ImageObject","inLanguage":"fr-FR","@id":"https:\/\/www.public.sn\/#\/schema\/person\/image\/","url":"https:\/\/secure.gravatar.com\/avatar\/d6c030db45db2883c075085c5d6c6258654a801a93766b49af0b82d4f454e2a5?s=96&d=mm&r=g","contentUrl":"https:\/\/secure.gravatar.com\/avatar\/d6c030db45db2883c075085c5d6c6258654a801a93766b49af0b82d4f454e2a5?s=96&d=mm&r=g","caption":"LA REDACTION"},"sameAs":["http:\/\/www.public.sn"],"url":"https:\/\/www.public.sn\/index.php\/author\/admin7324\/"}]}},"jetpack_featured_media_url":"https:\/\/www.public.sn\/wp-content\/uploads\/2023\/02\/WhatsApp-Image-2023-02-08-at-14.04.31.jpeg","jetpack_sharing_enabled":true,"_links":{"self":[{"href":"https:\/\/www.public.sn\/index.php\/wp-json\/wp\/v2\/posts\/15208","targetHints":{"allow":["GET"]}}],"collection":[{"href":"https:\/\/www.public.sn\/index.php\/wp-json\/wp\/v2\/posts"}],"about":[{"href":"https:\/\/www.public.sn\/index.php\/wp-json\/wp\/v2\/types\/post"}],"author":[{"embeddable":true,"href":"https:\/\/www.public.sn\/index.php\/wp-json\/wp\/v2\/users\/1"}],"replies":[{"embeddable":true,"href":"https:\/\/www.public.sn\/index.php\/wp-json\/wp\/v2\/comments?post=15208"}],"version-history":[{"count":1,"href":"https:\/\/www.public.sn\/index.php\/wp-json\/wp\/v2\/posts\/15208\/revisions"}],"predecessor-version":[{"id":15210,"href":"https:\/\/www.public.sn\/index.php\/wp-json\/wp\/v2\/posts\/15208\/revisions\/15210"}],"wp:featuredmedia":[{"embeddable":true,"href":"https:\/\/www.public.sn\/index.php\/wp-json\/wp\/v2\/media\/15209"}],"wp:attachment":[{"href":"https:\/\/www.public.sn\/index.php\/wp-json\/wp\/v2\/media?parent=15208"}],"wp:term":[{"taxonomy":"category","embeddable":true,"href":"https:\/\/www.public.sn\/index.php\/wp-json\/wp\/v2\/categories?post=15208"},{"taxonomy":"post_tag","embeddable":true,"href":"https:\/\/www.public.sn\/index.php\/wp-json\/wp\/v2\/tags?post=15208"}],"curies":[{"name":"wp","href":"https:\/\/api.w.org\/{rel}","templated":true}]}}