{"id":15215,"date":"2023-02-08T16:12:59","date_gmt":"2023-02-08T16:12:59","guid":{"rendered":"https:\/\/www.public.sn\/?p=15215"},"modified":"2023-02-08T16:13:56","modified_gmt":"2023-02-08T16:13:56","slug":"macky-sall-represente-le-president-abdou-diouf-a-yamoussoukro","status":"publish","type":"post","link":"https:\/\/www.public.sn\/index.php\/2023\/02\/08\/macky-sall-represente-le-president-abdou-diouf-a-yamoussoukro\/","title":{"rendered":"Macky Sall repr\u00e9sente le pr\u00e9sident Abdou Diouf \u00e0 Yamoussoukro"},"content":{"rendered":"<p>\u00ab\u00a0C\u2019est un honneur de repr\u00e9senter \u00e0 Yamoussoukro le Pdt Abdou Diouf parrain du Prix Houphou\u00ebt Boigny-UNESCO pour la Paix, attribu\u00e9 cette ann\u00e9e \u00e0 A. Merkel ancienne Chanceli\u00e8re d\u2019Allemagne. Chaleureuses f\u00e9licitations \u00e0 Mme Merkel et merci au Pr\u00e9sident Ouattara pour son accueil fraternel.\u00a0\u00bb Publi\u00e9 par le pr\u00e9sident Macky Sall dans son compte Twitter<\/p><div class=\"publi-paragraphe1\" style=\"margin-top: 10px;margin-bottom: 10px;margin-left: auto;margin-right: auto;text-align: center;\" id=\"publi-291539946\"><div class=\"publi-adlabel\">Publicit\u00e9<\/div><script async src=\"\/\/pagead2.googlesyndication.com\/pagead\/js\/adsbygoogle.js?client=ca-pub-4089586018074219\" crossorigin=\"anonymous\"><\/script><ins class=\"adsbygoogle\" style=\"display:block;\" data-ad-client=\"ca-pub-4089586018074219\" \ndata-ad-slot=\"2087940154\" \ndata-ad-format=\"auto\"><\/ins>\n<script> \n(adsbygoogle = window.adsbygoogle || []).push({}); \n<\/script>\n<\/div>\n<div class=\"oceanwp-oembed-wrap clr\">\n<blockquote class=\"twitter-tweet\" data-width=\"550\" data-dnt=\"true\">\n<p lang=\"fr\" dir=\"ltr\">C\u2019est un honneur de repr\u00e9senter \u00e0 Yamoussoukro le Pdt Abdou Diouf parrain du Prix Houphou\u00ebt Boigny-<a href=\"https:\/\/twitter.com\/hashtag\/UNESCO?src=hash&amp;ref_src=twsrc%5Etfw\">#UNESCO<\/a> pour la Paix, attribu\u00e9 cette ann\u00e9e \u00e0 A. Merkel ancienne Chanceli\u00e8re d\u2019Allemagne. Chaleureuses f\u00e9licitations \u00e0 Mme Merkel et merci au Pdt Ouattara pour son accueil fraternel. <a href=\"https:\/\/t.co\/ora7ffdtFK\">pic.twitter.com\/ora7ffdtFK<\/a><\/p>\n<p>&mdash; Macky Sall (@Macky_Sall) <a href=\"https:\/\/twitter.com\/Macky_Sall\/status\/1623350278555664385?ref_src=twsrc%5Etfw\">February 8, 2023<\/a><\/p><\/blockquote>\n<p><script async src=\"https:\/\/platform.twitter.com\/widgets.js\" charset=\"utf-8\"><\/script><\/div>\n<div class=\"publi-apres-le-contenu\" style=\"margin-top: 10px;margin-bottom: 10px;margin-left: auto;margin-right: auto;text-align: center;\" id=\"publi-1303581259\"><div class=\"publi-adlabel\">Publicit\u00e9<\/div><script async src=\"\/\/pagead2.googlesyndication.com\/pagead\/js\/adsbygoogle.js?client=ca-pub-4089586018074219\" crossorigin=\"anonymous\"><\/script><ins class=\"adsbygoogle\" style=\"display:block;\" data-ad-client=\"ca-pub-4089586018074219\" \ndata-ad-slot=\"2087940154\" \ndata-ad-format=\"auto\"><\/ins>\n<script> \n(adsbygoogle = window.adsbygoogle || []).push({}); \n<\/script>\n<\/div>","protected":false},"excerpt":{"rendered":"<p>\u00ab\u00a0C\u2019est un honneur de repr\u00e9senter \u00e0 Yamoussoukro le Pdt Abdou Diouf parrain du Prix Houphou\u00ebt Boigny-UNESCO pour la Paix, attribu\u00e9 cette ann\u00e9e \u00e0 A. Merkel ancienne Chanceli\u00e8re d\u2019Allemagne. Chaleureuses f\u00e9licitations \u00e0 Mme Merkel et merci au Pr\u00e9sident Ouattara pour son accueil fraternel.\u00a0\u00bb Publi\u00e9 par le pr\u00e9sident Macky Sall dans son compte Twitter C\u2019est un honneur de repr\u00e9senter \u00e0 Yamoussoukro le Pdt Abdou Diouf parrain du Prix Houphou\u00ebt Boigny-#UNESCO pour la Paix, attribu\u00e9 cette ann\u00e9e \u00e0 A. Merkel ancienne Chanceli\u00e8re d\u2019Allemagne. Chaleureuses f\u00e9licitations \u00e0 Mme Merkel et merci au Pdt Ouattara pour son accueil fraternel. pic.twitter.com\/ora7ffdtFK &mdash; Macky Sall (@Macky_Sall) February 8, 2023<\/p>\n","protected":false},"author":7,"featured_media":15216,"comment_status":"open","ping_status":"open","sticky":false,"template":"","format":"standard","meta":{"_jetpack_memberships_contains_paid_content":false,"footnotes":""},"categories":[375,3,376,1,4],"tags":[4330,11,4025],"class_list":["post-15215","post","type-post","status-publish","format-standard","has-post-thumbnail","hentry","category-actualites","category-politique","category-securite-justice","category-non-classe","category-societe","tag-abdou-diouf","tag-macky-sall","tag-yamoussoukro","entry","has-media","owp-thumbs-layout-horizontal","owp-btn-normal","owp-tabs-layout-horizontal","has-no-thumbnails","has-product-nav"],"yoast_head":"<!-- This site is optimized with the Yoast SEO plugin v25.5 - https:\/\/yoast.com\/wordpress\/plugins\/seo\/ -->\n<title>Macky Sall repr\u00e9sente le pr\u00e9sident Abdou Diouf \u00e0 Yamoussoukro - LE PUBLIC<\/title>\n<meta name=\"robots\" content=\"index, follow, max-snippet:-1, max-image-preview:large, max-video-preview:-1\" \/>\n<link rel=\"canonical\" href=\"https:\/\/www.public.sn\/index.php\/2023\/02\/08\/macky-sall-represente-le-president-abdou-diouf-a-yamoussoukro\/\" \/>\n<meta property=\"og:locale\" content=\"fr_FR\" \/>\n<meta property=\"og:type\" content=\"article\" \/>\n<meta property=\"og:title\" content=\"Macky Sall repr\u00e9sente le pr\u00e9sident Abdou Diouf \u00e0 Yamoussoukro - LE PUBLIC\" \/>\n<meta property=\"og:description\" content=\"\u00ab\u00a0C\u2019est un honneur de repr\u00e9senter \u00e0 Yamoussoukro le Pdt Abdou Diouf parrain du Prix Houphou\u00ebt Boigny-UNESCO pour la Paix, attribu\u00e9 cette ann\u00e9e \u00e0 A. Merkel ancienne Chanceli\u00e8re d\u2019Allemagne. Chaleureuses f\u00e9licitations \u00e0 Mme Merkel et merci au Pr\u00e9sident Ouattara pour son accueil fraternel.\u00a0\u00bb Publi\u00e9 par le pr\u00e9sident Macky Sall dans son compte Twitter C\u2019est un honneur de repr\u00e9senter \u00e0 Yamoussoukro le Pdt Abdou Diouf parrain du Prix Houphou\u00ebt Boigny-#UNESCO pour la Paix, attribu\u00e9 cette ann\u00e9e \u00e0 A. Merkel ancienne Chanceli\u00e8re d\u2019Allemagne. Chaleureuses f\u00e9licitations \u00e0 Mme Merkel et merci au Pdt Ouattara pour son accueil fraternel. pic.twitter.com\/ora7ffdtFK &mdash; Macky Sall (@Macky_Sall) February 8, 2023\" \/>\n<meta property=\"og:url\" content=\"https:\/\/www.public.sn\/index.php\/2023\/02\/08\/macky-sall-represente-le-president-abdou-diouf-a-yamoussoukro\/\" \/>\n<meta property=\"og:site_name\" content=\"LE PUBLIC\" \/>\n<meta property=\"article:published_time\" content=\"2023-02-08T16:12:59+00:00\" \/>\n<meta property=\"article:modified_time\" content=\"2023-02-08T16:13:56+00:00\" \/>\n<meta property=\"og:image\" content=\"https:\/\/www.public.sn\/wp-content\/uploads\/2023\/02\/WhatsApp-Image-2023-02-08-at-16.11.48.jpeg\" \/>\n\t<meta property=\"og:image:width\" content=\"1024\" \/>\n\t<meta property=\"og:image:height\" content=\"598\" \/>\n\t<meta property=\"og:image:type\" content=\"image\/jpeg\" \/>\n<meta name=\"author\" content=\"LA REDACTION\" \/>\n<meta name=\"twitter:card\" content=\"summary_large_image\" \/>\n<meta name=\"twitter:label1\" content=\"\u00c9crit par\" \/>\n\t<meta name=\"twitter:data1\" content=\"LA REDACTION\" \/>\n\t<meta name=\"twitter:label2\" content=\"Dur\u00e9e de lecture estim\u00e9e\" \/>\n\t<meta name=\"twitter:data2\" content=\"1 minute\" \/>\n<script type=\"application\/ld+json\" class=\"yoast-schema-graph\">{\"@context\":\"https:\/\/schema.org\",\"@graph\":[{\"@type\":\"Article\",\"@id\":\"https:\/\/www.public.sn\/index.php\/2023\/02\/08\/macky-sall-represente-le-president-abdou-diouf-a-yamoussoukro\/#article\",\"isPartOf\":{\"@id\":\"https:\/\/www.public.sn\/index.php\/2023\/02\/08\/macky-sall-represente-le-president-abdou-diouf-a-yamoussoukro\/\"},\"author\":{\"name\":\"LA REDACTION\",\"@id\":\"https:\/\/www.public.sn\/#\/schema\/person\/cb76c8e1b8becc6be61fb5e92d6d0224\"},\"headline\":\"Macky Sall repr\u00e9sente le pr\u00e9sident Abdou Diouf \u00e0 Yamoussoukro\",\"datePublished\":\"2023-02-08T16:12:59+00:00\",\"dateModified\":\"2023-02-08T16:13:56+00:00\",\"mainEntityOfPage\":{\"@id\":\"https:\/\/www.public.sn\/index.php\/2023\/02\/08\/macky-sall-represente-le-president-abdou-diouf-a-yamoussoukro\/\"},\"wordCount\":80,\"commentCount\":0,\"publisher\":{\"@id\":\"https:\/\/www.public.sn\/#organization\"},\"image\":{\"@id\":\"https:\/\/www.public.sn\/index.php\/2023\/02\/08\/macky-sall-represente-le-president-abdou-diouf-a-yamoussoukro\/#primaryimage\"},\"thumbnailUrl\":\"https:\/\/www.public.sn\/wp-content\/uploads\/2023\/02\/WhatsApp-Image-2023-02-08-at-16.11.48.jpeg\",\"keywords\":[\"abdou diouf\",\"Macky Sall\",\"Yamoussoukro\"],\"articleSection\":[\"ACTUALIT\u00c9S\",\"POLITIQUE\",\"S\u00c9CURIT\u00c9 &amp; JUSTICE\",\"S\u00c9N\u00c9GAL\",\"SOCIETE\"],\"inLanguage\":\"fr-FR\",\"potentialAction\":[{\"@type\":\"CommentAction\",\"name\":\"Comment\",\"target\":[\"https:\/\/www.public.sn\/index.php\/2023\/02\/08\/macky-sall-represente-le-president-abdou-diouf-a-yamoussoukro\/#respond\"]}]},{\"@type\":\"WebPage\",\"@id\":\"https:\/\/www.public.sn\/index.php\/2023\/02\/08\/macky-sall-represente-le-president-abdou-diouf-a-yamoussoukro\/\",\"url\":\"https:\/\/www.public.sn\/index.php\/2023\/02\/08\/macky-sall-represente-le-president-abdou-diouf-a-yamoussoukro\/\",\"name\":\"Macky Sall repr\u00e9sente le pr\u00e9sident Abdou Diouf \u00e0 Yamoussoukro - LE PUBLIC\",\"isPartOf\":{\"@id\":\"https:\/\/www.public.sn\/#website\"},\"primaryImageOfPage\":{\"@id\":\"https:\/\/www.public.sn\/index.php\/2023\/02\/08\/macky-sall-represente-le-president-abdou-diouf-a-yamoussoukro\/#primaryimage\"},\"image\":{\"@id\":\"https:\/\/www.public.sn\/index.php\/2023\/02\/08\/macky-sall-represente-le-president-abdou-diouf-a-yamoussoukro\/#primaryimage\"},\"thumbnailUrl\":\"https:\/\/www.public.sn\/wp-content\/uploads\/2023\/02\/WhatsApp-Image-2023-02-08-at-16.11.48.jpeg\",\"datePublished\":\"2023-02-08T16:12:59+00:00\",\"dateModified\":\"2023-02-08T16:13:56+00:00\",\"breadcrumb\":{\"@id\":\"https:\/\/www.public.sn\/index.php\/2023\/02\/08\/macky-sall-represente-le-president-abdou-diouf-a-yamoussoukro\/#breadcrumb\"},\"inLanguage\":\"fr-FR\",\"potentialAction\":[{\"@type\":\"ReadAction\",\"target\":[\"https:\/\/www.public.sn\/index.php\/2023\/02\/08\/macky-sall-represente-le-president-abdou-diouf-a-yamoussoukro\/\"]}]},{\"@type\":\"ImageObject\",\"inLanguage\":\"fr-FR\",\"@id\":\"https:\/\/www.public.sn\/index.php\/2023\/02\/08\/macky-sall-represente-le-president-abdou-diouf-a-yamoussoukro\/#primaryimage\",\"url\":\"https:\/\/www.public.sn\/wp-content\/uploads\/2023\/02\/WhatsApp-Image-2023-02-08-at-16.11.48.jpeg\",\"contentUrl\":\"https:\/\/www.public.sn\/wp-content\/uploads\/2023\/02\/WhatsApp-Image-2023-02-08-at-16.11.48.jpeg\",\"width\":1024,\"height\":598},{\"@type\":\"BreadcrumbList\",\"@id\":\"https:\/\/www.public.sn\/index.php\/2023\/02\/08\/macky-sall-represente-le-president-abdou-diouf-a-yamoussoukro\/#breadcrumb\",\"itemListElement\":[{\"@type\":\"ListItem\",\"position\":1,\"name\":\"Accueil\",\"item\":\"https:\/\/www.public.sn\/\"},{\"@type\":\"ListItem\",\"position\":2,\"name\":\"Macky Sall repr\u00e9sente le pr\u00e9sident Abdou Diouf \u00e0 Yamoussoukro\"}]},{\"@type\":\"WebSite\",\"@id\":\"https:\/\/www.public.sn\/#website\",\"url\":\"https:\/\/www.public.sn\/\",\"name\":\"LE PUBLIC\",\"description\":\"\",\"publisher\":{\"@id\":\"https:\/\/www.public.sn\/#organization\"},\"potentialAction\":[{\"@type\":\"SearchAction\",\"target\":{\"@type\":\"EntryPoint\",\"urlTemplate\":\"https:\/\/www.public.sn\/?s={search_term_string}\"},\"query-input\":{\"@type\":\"PropertyValueSpecification\",\"valueRequired\":true,\"valueName\":\"search_term_string\"}}],\"inLanguage\":\"fr-FR\"},{\"@type\":\"Organization\",\"@id\":\"https:\/\/www.public.sn\/#organization\",\"name\":\"LE PUBLIC\",\"url\":\"https:\/\/www.public.sn\/\",\"logo\":{\"@type\":\"ImageObject\",\"inLanguage\":\"fr-FR\",\"@id\":\"https:\/\/www.public.sn\/#\/schema\/logo\/image\/\",\"url\":\"https:\/\/www.public.sn\/wp-content\/uploads\/2024\/05\/cropped-LOGO-PUBLIC.SN_.png\",\"contentUrl\":\"https:\/\/www.public.sn\/wp-content\/uploads\/2024\/05\/cropped-LOGO-PUBLIC.SN_.png\",\"width\":682,\"height\":192,\"caption\":\"LE PUBLIC\"},\"image\":{\"@id\":\"https:\/\/www.public.sn\/#\/schema\/logo\/image\/\"}},{\"@type\":\"Person\",\"@id\":\"https:\/\/www.public.sn\/#\/schema\/person\/cb76c8e1b8becc6be61fb5e92d6d0224\",\"name\":\"LA REDACTION\",\"image\":{\"@type\":\"ImageObject\",\"inLanguage\":\"fr-FR\",\"@id\":\"https:\/\/www.public.sn\/#\/schema\/person\/image\/\",\"url\":\"https:\/\/secure.gravatar.com\/avatar\/2dce5ddd34b8fef0180efe03aa2a9bee7d953856048f9a16b298190a3178407c?s=96&d=mm&r=g\",\"contentUrl\":\"https:\/\/secure.gravatar.com\/avatar\/2dce5ddd34b8fef0180efe03aa2a9bee7d953856048f9a16b298190a3178407c?s=96&d=mm&r=g\",\"caption\":\"LA REDACTION\"},\"url\":\"https:\/\/www.public.sn\/index.php\/author\/editeurpsn\/\"}]}<\/script>\n<!-- \/ Yoast SEO plugin. -->","yoast_head_json":{"title":"Macky Sall repr\u00e9sente le pr\u00e9sident Abdou Diouf \u00e0 Yamoussoukro - LE PUBLIC","robots":{"index":"index","follow":"follow","max-snippet":"max-snippet:-1","max-image-preview":"max-image-preview:large","max-video-preview":"max-video-preview:-1"},"canonical":"https:\/\/www.public.sn\/index.php\/2023\/02\/08\/macky-sall-represente-le-president-abdou-diouf-a-yamoussoukro\/","og_locale":"fr_FR","og_type":"article","og_title":"Macky Sall repr\u00e9sente le pr\u00e9sident Abdou Diouf \u00e0 Yamoussoukro - LE PUBLIC","og_description":"\u00ab\u00a0C\u2019est un honneur de repr\u00e9senter \u00e0 Yamoussoukro le Pdt Abdou Diouf parrain du Prix Houphou\u00ebt Boigny-UNESCO pour la Paix, attribu\u00e9 cette ann\u00e9e \u00e0 A. Merkel ancienne Chanceli\u00e8re d\u2019Allemagne. Chaleureuses f\u00e9licitations \u00e0 Mme Merkel et merci au Pr\u00e9sident Ouattara pour son accueil fraternel.\u00a0\u00bb Publi\u00e9 par le pr\u00e9sident Macky Sall dans son compte Twitter C\u2019est un honneur de repr\u00e9senter \u00e0 Yamoussoukro le Pdt Abdou Diouf parrain du Prix Houphou\u00ebt Boigny-#UNESCO pour la Paix, attribu\u00e9 cette ann\u00e9e \u00e0 A. Merkel ancienne Chanceli\u00e8re d\u2019Allemagne. Chaleureuses f\u00e9licitations \u00e0 Mme Merkel et merci au Pdt Ouattara pour son accueil fraternel. pic.twitter.com\/ora7ffdtFK &mdash; Macky Sall (@Macky_Sall) February 8, 2023","og_url":"https:\/\/www.public.sn\/index.php\/2023\/02\/08\/macky-sall-represente-le-president-abdou-diouf-a-yamoussoukro\/","og_site_name":"LE PUBLIC","article_published_time":"2023-02-08T16:12:59+00:00","article_modified_time":"2023-02-08T16:13:56+00:00","og_image":[{"width":1024,"height":598,"url":"https:\/\/www.public.sn\/wp-content\/uploads\/2023\/02\/WhatsApp-Image-2023-02-08-at-16.11.48.jpeg","type":"image\/jpeg"}],"author":"LA REDACTION","twitter_card":"summary_large_image","twitter_misc":{"\u00c9crit par":"LA REDACTION","Dur\u00e9e de lecture estim\u00e9e":"1 minute"},"schema":{"@context":"https:\/\/schema.org","@graph":[{"@type":"Article","@id":"https:\/\/www.public.sn\/index.php\/2023\/02\/08\/macky-sall-represente-le-president-abdou-diouf-a-yamoussoukro\/#article","isPartOf":{"@id":"https:\/\/www.public.sn\/index.php\/2023\/02\/08\/macky-sall-represente-le-president-abdou-diouf-a-yamoussoukro\/"},"author":{"name":"LA REDACTION","@id":"https:\/\/www.public.sn\/#\/schema\/person\/cb76c8e1b8becc6be61fb5e92d6d0224"},"headline":"Macky Sall repr\u00e9sente le pr\u00e9sident Abdou Diouf \u00e0 Yamoussoukro","datePublished":"2023-02-08T16:12:59+00:00","dateModified":"2023-02-08T16:13:56+00:00","mainEntityOfPage":{"@id":"https:\/\/www.public.sn\/index.php\/2023\/02\/08\/macky-sall-represente-le-president-abdou-diouf-a-yamoussoukro\/"},"wordCount":80,"commentCount":0,"publisher":{"@id":"https:\/\/www.public.sn\/#organization"},"image":{"@id":"https:\/\/www.public.sn\/index.php\/2023\/02\/08\/macky-sall-represente-le-president-abdou-diouf-a-yamoussoukro\/#primaryimage"},"thumbnailUrl":"https:\/\/www.public.sn\/wp-content\/uploads\/2023\/02\/WhatsApp-Image-2023-02-08-at-16.11.48.jpeg","keywords":["abdou diouf","Macky Sall","Yamoussoukro"],"articleSection":["ACTUALIT\u00c9S","POLITIQUE","S\u00c9CURIT\u00c9 &amp; JUSTICE","S\u00c9N\u00c9GAL","SOCIETE"],"inLanguage":"fr-FR","potentialAction":[{"@type":"CommentAction","name":"Comment","target":["https:\/\/www.public.sn\/index.php\/2023\/02\/08\/macky-sall-represente-le-president-abdou-diouf-a-yamoussoukro\/#respond"]}]},{"@type":"WebPage","@id":"https:\/\/www.public.sn\/index.php\/2023\/02\/08\/macky-sall-represente-le-president-abdou-diouf-a-yamoussoukro\/","url":"https:\/\/www.public.sn\/index.php\/2023\/02\/08\/macky-sall-represente-le-president-abdou-diouf-a-yamoussoukro\/","name":"Macky Sall repr\u00e9sente le pr\u00e9sident Abdou Diouf \u00e0 Yamoussoukro - LE PUBLIC","isPartOf":{"@id":"https:\/\/www.public.sn\/#website"},"primaryImageOfPage":{"@id":"https:\/\/www.public.sn\/index.php\/2023\/02\/08\/macky-sall-represente-le-president-abdou-diouf-a-yamoussoukro\/#primaryimage"},"image":{"@id":"https:\/\/www.public.sn\/index.php\/2023\/02\/08\/macky-sall-represente-le-president-abdou-diouf-a-yamoussoukro\/#primaryimage"},"thumbnailUrl":"https:\/\/www.public.sn\/wp-content\/uploads\/2023\/02\/WhatsApp-Image-2023-02-08-at-16.11.48.jpeg","datePublished":"2023-02-08T16:12:59+00:00","dateModified":"2023-02-08T16:13:56+00:00","breadcrumb":{"@id":"https:\/\/www.public.sn\/index.php\/2023\/02\/08\/macky-sall-represente-le-president-abdou-diouf-a-yamoussoukro\/#breadcrumb"},"inLanguage":"fr-FR","potentialAction":[{"@type":"ReadAction","target":["https:\/\/www.public.sn\/index.php\/2023\/02\/08\/macky-sall-represente-le-president-abdou-diouf-a-yamoussoukro\/"]}]},{"@type":"ImageObject","inLanguage":"fr-FR","@id":"https:\/\/www.public.sn\/index.php\/2023\/02\/08\/macky-sall-represente-le-president-abdou-diouf-a-yamoussoukro\/#primaryimage","url":"https:\/\/www.public.sn\/wp-content\/uploads\/2023\/02\/WhatsApp-Image-2023-02-08-at-16.11.48.jpeg","contentUrl":"https:\/\/www.public.sn\/wp-content\/uploads\/2023\/02\/WhatsApp-Image-2023-02-08-at-16.11.48.jpeg","width":1024,"height":598},{"@type":"BreadcrumbList","@id":"https:\/\/www.public.sn\/index.php\/2023\/02\/08\/macky-sall-represente-le-president-abdou-diouf-a-yamoussoukro\/#breadcrumb","itemListElement":[{"@type":"ListItem","position":1,"name":"Accueil","item":"https:\/\/www.public.sn\/"},{"@type":"ListItem","position":2,"name":"Macky Sall repr\u00e9sente le pr\u00e9sident Abdou Diouf \u00e0 Yamoussoukro"}]},{"@type":"WebSite","@id":"https:\/\/www.public.sn\/#website","url":"https:\/\/www.public.sn\/","name":"LE PUBLIC","description":"","publisher":{"@id":"https:\/\/www.public.sn\/#organization"},"potentialAction":[{"@type":"SearchAction","target":{"@type":"EntryPoint","urlTemplate":"https:\/\/www.public.sn\/?s={search_term_string}"},"query-input":{"@type":"PropertyValueSpecification","valueRequired":true,"valueName":"search_term_string"}}],"inLanguage":"fr-FR"},{"@type":"Organization","@id":"https:\/\/www.public.sn\/#organization","name":"LE PUBLIC","url":"https:\/\/www.public.sn\/","logo":{"@type":"ImageObject","inLanguage":"fr-FR","@id":"https:\/\/www.public.sn\/#\/schema\/logo\/image\/","url":"https:\/\/www.public.sn\/wp-content\/uploads\/2024\/05\/cropped-LOGO-PUBLIC.SN_.png","contentUrl":"https:\/\/www.public.sn\/wp-content\/uploads\/2024\/05\/cropped-LOGO-PUBLIC.SN_.png","width":682,"height":192,"caption":"LE PUBLIC"},"image":{"@id":"https:\/\/www.public.sn\/#\/schema\/logo\/image\/"}},{"@type":"Person","@id":"https:\/\/www.public.sn\/#\/schema\/person\/cb76c8e1b8becc6be61fb5e92d6d0224","name":"LA REDACTION","image":{"@type":"ImageObject","inLanguage":"fr-FR","@id":"https:\/\/www.public.sn\/#\/schema\/person\/image\/","url":"https:\/\/secure.gravatar.com\/avatar\/2dce5ddd34b8fef0180efe03aa2a9bee7d953856048f9a16b298190a3178407c?s=96&d=mm&r=g","contentUrl":"https:\/\/secure.gravatar.com\/avatar\/2dce5ddd34b8fef0180efe03aa2a9bee7d953856048f9a16b298190a3178407c?s=96&d=mm&r=g","caption":"LA REDACTION"},"url":"https:\/\/www.public.sn\/index.php\/author\/editeurpsn\/"}]}},"jetpack_featured_media_url":"https:\/\/www.public.sn\/wp-content\/uploads\/2023\/02\/WhatsApp-Image-2023-02-08-at-16.11.48.jpeg","jetpack_sharing_enabled":true,"_links":{"self":[{"href":"https:\/\/www.public.sn\/index.php\/wp-json\/wp\/v2\/posts\/15215","targetHints":{"allow":["GET"]}}],"collection":[{"href":"https:\/\/www.public.sn\/index.php\/wp-json\/wp\/v2\/posts"}],"about":[{"href":"https:\/\/www.public.sn\/index.php\/wp-json\/wp\/v2\/types\/post"}],"author":[{"embeddable":true,"href":"https:\/\/www.public.sn\/index.php\/wp-json\/wp\/v2\/users\/7"}],"replies":[{"embeddable":true,"href":"https:\/\/www.public.sn\/index.php\/wp-json\/wp\/v2\/comments?post=15215"}],"version-history":[{"count":2,"href":"https:\/\/www.public.sn\/index.php\/wp-json\/wp\/v2\/posts\/15215\/revisions"}],"predecessor-version":[{"id":15218,"href":"https:\/\/www.public.sn\/index.php\/wp-json\/wp\/v2\/posts\/15215\/revisions\/15218"}],"wp:featuredmedia":[{"embeddable":true,"href":"https:\/\/www.public.sn\/index.php\/wp-json\/wp\/v2\/media\/15216"}],"wp:attachment":[{"href":"https:\/\/www.public.sn\/index.php\/wp-json\/wp\/v2\/media?parent=15215"}],"wp:term":[{"taxonomy":"category","embeddable":true,"href":"https:\/\/www.public.sn\/index.php\/wp-json\/wp\/v2\/categories?post=15215"},{"taxonomy":"post_tag","embeddable":true,"href":"https:\/\/www.public.sn\/index.php\/wp-json\/wp\/v2\/tags?post=15215"}],"curies":[{"name":"wp","href":"https:\/\/api.w.org\/{rel}","templated":true}]}}