{"id":15229,"date":"2023-02-08T18:38:16","date_gmt":"2023-02-08T18:38:16","guid":{"rendered":"https:\/\/www.public.sn\/?p=15229"},"modified":"2023-02-08T18:38:16","modified_gmt":"2023-02-08T18:38:16","slug":"je-vais-battre-tapha-tine-puis-combattre-avec-sa-thies","status":"publish","type":"post","link":"https:\/\/www.public.sn\/index.php\/2023\/02\/08\/je-vais-battre-tapha-tine-puis-combattre-avec-sa-thies\/","title":{"rendered":"Je vais Battre Tapha Tine puis combattre avec Sa Thi\u00e8s"},"content":{"rendered":"<div class=\"x11i5rnm xat24cr x1mh8g0r x1vvkbs xtlvy1s x126k92a\">\n<div dir=\"auto\">A moins d\u2019une semaine de son combat contre Tapha Tine, Bombardier est revenu sur cette affiche au go\u00fbt de revanche contre le g\u00e9ant du Baol. L\u2019ancien roi des ar\u00e8nes s\u2019est dit pr\u00eat en \u00e0 d\u00e9coudre contre son adversaire le 12 f\u00e9vrier prochain.<\/div>\n<\/div>\n<div class=\"x11i5rnm xat24cr x1mh8g0r x1vvkbs xtlvy1s x126k92a\">\n<div dir=\"auto\">Dans un entretien accord\u00e9 \u00e0 Ngagne Diagne sur Itv, Bombardier a commenc\u00e9 par \u00e9voquer les raisons de ce combat revanche contre Tapha Tine. \u00ab J\u2019ai lutt\u00e9 avec tous les t\u00e9nors de l\u2019ar\u00e8ne. Tous sans exception. Donc c\u2019\u00e9tait normal que j\u2019affronte un nouvelle fois un ancien adversaire. Puis ce qui a facilit\u00e9 le combat c\u2019est la venue d\u2019Eric Favre (promoteur du combat) qui nous a propos\u00e9 un bon cachet et on a accept\u00e9 \u00bb.<\/div>\n<\/div>\n<div class=\"x11i5rnm xat24cr x1mh8g0r x1vvkbs xtlvy1s x126k92a\">\n<div dir=\"auto\">Si sa dynamique et celle de son adversaire Tapha Tine sont oppos\u00e9es (d\u00e9faite contre Eumeu S\u00e9ne lors de son dernier combat), le B52 de Mbour ne compte pas pour autant faciliter la t\u00e2che \u00e0 son bourreau d\u2019il y\u2019a plus de dix ans malgr\u00e9 son \u00e2ge avanc\u00e9. \u00ab J\u2019ai une carri\u00e8re tr\u00e8s aboutie et je peux dire que j\u2019ai tout obtenue dans l\u2019ar\u00e8ne. Je veux \u00eatre un exemple pour la jeune g\u00e9n\u00e9ration et leur montr\u00e9 que l\u2019\u00e2ge n\u2019est qu\u2019un chiffre. J\u2019ai pris ce combat pour battre Tapha Tine et montrer \u00e0 tout le monde que l\u2019\u00e2ge ne compte pas et que j\u2019ai encore mon temps \u00e0 faire dans l\u2019ar\u00e8ne avant de prendre ma retraite. Pour le combat de dimanche, il y\u2019aura de la bagarre comme lors de notre premier combat, mais je veux que cela se termine par la lutte pure \u00bb a d\u00e9clar\u00e9 Bombardier.<\/div>\n<\/div>\n<div class=\"x11i5rnm xat24cr x1mh8g0r x1vvkbs xtlvy1s x126k92a\">\n<div dir=\"auto\">Le tombeur de Balla Gaye 2 de noter que contrairement \u00e0 son premier combat contre Tapha Tine lors duquel il avait souffert le martyr, cette fois ci il s\u2019est pr\u00e9par\u00e9 en boxe. \u00ab Dans ce combat en 2012, c\u2019\u00e9tait un duel rapproch\u00e9 avec des Uppercuts et des crochets courts de mon adversaire. C\u2019\u00e9tait une strat\u00e9gie de sa part mais pour cette fois je me suis pr\u00e9par\u00e9 avec mon staff pour aborder le combat de la meilleure des mani\u00e8res. Ce qui est s\u00fbr c\u2019est que je ne reculerai pas \u00bb . Pour finir, Serigne Dia de son vrai nom a confi\u00e9 qu\u2019apr\u00e8s ce combat, il voudrait affronter deux jeunes lutteurs avant de mettre un terme \u00e0 sa carri\u00e8re. \u00ab Oui je veux affronter deux jeunes lutteurs avant de raccrocher. L\u2019un c\u2019est Sa Thi\u00e8s parce que j\u2019ai une dent contre lui. Je veux vraiment l\u2019affronter avant de prendre ma retraite . Je vous dirai le nom de l\u2019autre lutteur apr\u00e8s avoir croiser Sa Thi\u00e9s\u2026 \u00bb<\/div>\n<\/div>\n<div class=\"publi-apres-le-contenu\" style=\"margin-top: 10px;margin-bottom: 10px;margin-left: auto;margin-right: auto;text-align: center;\" id=\"publi-3903148174\"><div class=\"publi-adlabel\">Publicit\u00e9<\/div><script async src=\"\/\/pagead2.googlesyndication.com\/pagead\/js\/adsbygoogle.js?client=ca-pub-4089586018074219\" crossorigin=\"anonymous\"><\/script><ins class=\"adsbygoogle\" style=\"display:block;\" data-ad-client=\"ca-pub-4089586018074219\" \ndata-ad-slot=\"2087940154\" \ndata-ad-format=\"auto\"><\/ins>\n<script> \n(adsbygoogle = window.adsbygoogle || []).push({}); \n<\/script>\n<\/div>","protected":false},"excerpt":{"rendered":"<p>A moins d\u2019une semaine de son combat contre Tapha Tine, Bombardier est revenu sur cette affiche au go\u00fbt de revanche contre le g\u00e9ant du Baol. L\u2019ancien roi des ar\u00e8nes s\u2019est dit pr\u00eat en \u00e0 d\u00e9coudre contre son adversaire le 12 f\u00e9vrier prochain. Dans un entretien accord\u00e9 \u00e0 Ngagne Diagne sur Itv, Bombardier a commenc\u00e9 par \u00e9voquer les raisons de ce combat revanche contre Tapha Tine. \u00ab J\u2019ai lutt\u00e9 avec tous les t\u00e9nors de l\u2019ar\u00e8ne. Tous sans exception. Donc c\u2019\u00e9tait normal que j\u2019affronte un nouvelle fois un ancien adversaire. Puis ce qui a facilit\u00e9 le combat c\u2019est la venue d\u2019Eric Favre (promoteur du combat) qui nous a propos\u00e9 un bon cachet et on a accept\u00e9 \u00bb. Si sa dynamique et celle de son adversaire Tapha Tine sont oppos\u00e9es (d\u00e9faite contre Eumeu S\u00e9ne lors de son dernier combat), le B52 de Mbour ne compte pas pour autant faciliter la t\u00e2che \u00e0 son bourreau d\u2019il y\u2019a plus de dix ans malgr\u00e9 son \u00e2ge avanc\u00e9. \u00ab J\u2019ai une carri\u00e8re tr\u00e8s aboutie et je peux dire que j\u2019ai tout obtenue dans l\u2019ar\u00e8ne. Je veux \u00eatre un exemple pour la jeune g\u00e9n\u00e9ration et leur montr\u00e9 que l\u2019\u00e2ge n\u2019est qu\u2019un chiffre. J\u2019ai pris ce combat pour battre Tapha Tine et montrer \u00e0 tout le monde que l\u2019\u00e2ge ne compte pas et que j\u2019ai encore mon temps \u00e0 faire dans l\u2019ar\u00e8ne avant de prendre ma retraite. Pour le combat de dimanche, il y\u2019aura de la bagarre comme lors de notre premier combat, mais je veux que cela se termine par la lutte pure \u00bb a d\u00e9clar\u00e9 Bombardier. Le tombeur de Balla Gaye 2 de noter que contrairement \u00e0 son premier combat contre Tapha Tine lors duquel il avait souffert le martyr, cette fois ci il s\u2019est pr\u00e9par\u00e9 en boxe. \u00ab Dans ce combat en 2012, c\u2019\u00e9tait un duel rapproch\u00e9 avec des Uppercuts et des crochets courts de mon adversaire. C\u2019\u00e9tait une strat\u00e9gie de sa part mais pour cette fois je me suis pr\u00e9par\u00e9 avec mon staff pour aborder le combat de la meilleure des mani\u00e8res. Ce qui est s\u00fbr c\u2019est que je ne reculerai pas \u00bb . Pour finir, Serigne Dia de son vrai nom a confi\u00e9 qu\u2019apr\u00e8s ce combat, il voudrait affronter deux jeunes lutteurs avant de mettre un terme \u00e0 sa carri\u00e8re. \u00ab Oui je veux affronter deux jeunes lutteurs avant de raccrocher. L\u2019un c\u2019est Sa Thi\u00e8s parce que j\u2019ai une dent contre lui. Je veux vraiment l\u2019affronter avant de prendre ma retraite . Je vous dirai le nom de l\u2019autre lutteur apr\u00e8s avoir croiser Sa Thi\u00e9s\u2026 \u00bb<\/p>\n","protected":false},"author":7,"featured_media":15230,"comment_status":"open","ping_status":"open","sticky":false,"template":"","format":"standard","meta":{"_jetpack_memberships_contains_paid_content":false,"footnotes":""},"categories":[375,864,902,1,4,7,372],"tags":[],"class_list":["post-15229","post","type-post","status-publish","format-standard","has-post-thumbnail","hentry","category-actualites","category-culture","category-lutte-senegalaise","category-non-classe","category-societe","category-sport","category-vedette","entry","has-media","owp-thumbs-layout-horizontal","owp-btn-normal","owp-tabs-layout-horizontal","has-no-thumbnails","has-product-nav"],"yoast_head":"<!-- This site is optimized with the Yoast SEO plugin v25.5 - https:\/\/yoast.com\/wordpress\/plugins\/seo\/ -->\n<title>Je vais Battre Tapha Tine puis combattre avec Sa Thi\u00e8s - LE PUBLIC<\/title>\n<meta name=\"robots\" content=\"index, follow, max-snippet:-1, max-image-preview:large, max-video-preview:-1\" \/>\n<link rel=\"canonical\" href=\"https:\/\/www.public.sn\/index.php\/2023\/02\/08\/je-vais-battre-tapha-tine-puis-combattre-avec-sa-thies\/\" \/>\n<meta property=\"og:locale\" content=\"fr_FR\" \/>\n<meta property=\"og:type\" content=\"article\" \/>\n<meta property=\"og:title\" content=\"Je vais Battre Tapha Tine puis combattre avec Sa Thi\u00e8s - LE PUBLIC\" \/>\n<meta property=\"og:description\" content=\"A moins d\u2019une semaine de son combat contre Tapha Tine, Bombardier est revenu sur cette affiche au go\u00fbt de revanche contre le g\u00e9ant du Baol. L\u2019ancien roi des ar\u00e8nes s\u2019est dit pr\u00eat en \u00e0 d\u00e9coudre contre son adversaire le 12 f\u00e9vrier prochain. Dans un entretien accord\u00e9 \u00e0 Ngagne Diagne sur Itv, Bombardier a commenc\u00e9 par \u00e9voquer les raisons de ce combat revanche contre Tapha Tine. \u00ab J\u2019ai lutt\u00e9 avec tous les t\u00e9nors de l\u2019ar\u00e8ne. Tous sans exception. Donc c\u2019\u00e9tait normal que j\u2019affronte un nouvelle fois un ancien adversaire. Puis ce qui a facilit\u00e9 le combat c\u2019est la venue d\u2019Eric Favre (promoteur du combat) qui nous a propos\u00e9 un bon cachet et on a accept\u00e9 \u00bb. Si sa dynamique et celle de son adversaire Tapha Tine sont oppos\u00e9es (d\u00e9faite contre Eumeu S\u00e9ne lors de son dernier combat), le B52 de Mbour ne compte pas pour autant faciliter la t\u00e2che \u00e0 son bourreau d\u2019il y\u2019a plus de dix ans malgr\u00e9 son \u00e2ge avanc\u00e9. \u00ab J\u2019ai une carri\u00e8re tr\u00e8s aboutie et je peux dire que j\u2019ai tout obtenue dans l\u2019ar\u00e8ne. Je veux \u00eatre un exemple pour la jeune g\u00e9n\u00e9ration et leur montr\u00e9 que l\u2019\u00e2ge n\u2019est qu\u2019un chiffre. J\u2019ai pris ce combat pour battre Tapha Tine et montrer \u00e0 tout le monde que l\u2019\u00e2ge ne compte pas et que j\u2019ai encore mon temps \u00e0 faire dans l\u2019ar\u00e8ne avant de prendre ma retraite. Pour le combat de dimanche, il y\u2019aura de la bagarre comme lors de notre premier combat, mais je veux que cela se termine par la lutte pure \u00bb a d\u00e9clar\u00e9 Bombardier. Le tombeur de Balla Gaye 2 de noter que contrairement \u00e0 son premier combat contre Tapha Tine lors duquel il avait souffert le martyr, cette fois ci il s\u2019est pr\u00e9par\u00e9 en boxe. \u00ab Dans ce combat en 2012, c\u2019\u00e9tait un duel rapproch\u00e9 avec des Uppercuts et des crochets courts de mon adversaire. C\u2019\u00e9tait une strat\u00e9gie de sa part mais pour cette fois je me suis pr\u00e9par\u00e9 avec mon staff pour aborder le combat de la meilleure des mani\u00e8res. Ce qui est s\u00fbr c\u2019est que je ne reculerai pas \u00bb . Pour finir, Serigne Dia de son vrai nom a confi\u00e9 qu\u2019apr\u00e8s ce combat, il voudrait affronter deux jeunes lutteurs avant de mettre un terme \u00e0 sa carri\u00e8re. \u00ab Oui je veux affronter deux jeunes lutteurs avant de raccrocher. L\u2019un c\u2019est Sa Thi\u00e8s parce que j\u2019ai une dent contre lui. Je veux vraiment l\u2019affronter avant de prendre ma retraite . Je vous dirai le nom de l\u2019autre lutteur apr\u00e8s avoir croiser Sa Thi\u00e9s\u2026 \u00bb\" \/>\n<meta property=\"og:url\" content=\"https:\/\/www.public.sn\/index.php\/2023\/02\/08\/je-vais-battre-tapha-tine-puis-combattre-avec-sa-thies\/\" \/>\n<meta property=\"og:site_name\" content=\"LE PUBLIC\" \/>\n<meta property=\"article:published_time\" content=\"2023-02-08T18:38:16+00:00\" \/>\n<meta property=\"og:image\" content=\"https:\/\/www.public.sn\/wp-content\/uploads\/2023\/02\/B52.jpg\" \/>\n\t<meta property=\"og:image:width\" content=\"612\" \/>\n\t<meta property=\"og:image:height\" content=\"298\" \/>\n\t<meta property=\"og:image:type\" content=\"image\/jpeg\" \/>\n<meta name=\"author\" content=\"LA REDACTION\" \/>\n<meta name=\"twitter:card\" content=\"summary_large_image\" \/>\n<meta name=\"twitter:label1\" content=\"\u00c9crit par\" \/>\n\t<meta name=\"twitter:data1\" content=\"LA REDACTION\" \/>\n\t<meta name=\"twitter:label2\" content=\"Dur\u00e9e de lecture estim\u00e9e\" \/>\n\t<meta name=\"twitter:data2\" content=\"3 minutes\" \/>\n<script type=\"application\/ld+json\" class=\"yoast-schema-graph\">{\"@context\":\"https:\/\/schema.org\",\"@graph\":[{\"@type\":\"Article\",\"@id\":\"https:\/\/www.public.sn\/index.php\/2023\/02\/08\/je-vais-battre-tapha-tine-puis-combattre-avec-sa-thies\/#article\",\"isPartOf\":{\"@id\":\"https:\/\/www.public.sn\/index.php\/2023\/02\/08\/je-vais-battre-tapha-tine-puis-combattre-avec-sa-thies\/\"},\"author\":{\"name\":\"LA REDACTION\",\"@id\":\"https:\/\/www.public.sn\/#\/schema\/person\/cb76c8e1b8becc6be61fb5e92d6d0224\"},\"headline\":\"Je vais Battre Tapha Tine puis combattre avec Sa Thi\u00e8s\",\"datePublished\":\"2023-02-08T18:38:16+00:00\",\"mainEntityOfPage\":{\"@id\":\"https:\/\/www.public.sn\/index.php\/2023\/02\/08\/je-vais-battre-tapha-tine-puis-combattre-avec-sa-thies\/\"},\"wordCount\":474,\"commentCount\":0,\"publisher\":{\"@id\":\"https:\/\/www.public.sn\/#organization\"},\"image\":{\"@id\":\"https:\/\/www.public.sn\/index.php\/2023\/02\/08\/je-vais-battre-tapha-tine-puis-combattre-avec-sa-thies\/#primaryimage\"},\"thumbnailUrl\":\"https:\/\/www.public.sn\/wp-content\/uploads\/2023\/02\/B52.jpg\",\"articleSection\":[\"ACTUALIT\u00c9S\",\"CULTURE\",\"LUTTE S\u00c9N\u00c9GALAISE\",\"S\u00c9N\u00c9GAL\",\"SOCIETE\",\"SPORTS\",\"VEDETTE\"],\"inLanguage\":\"fr-FR\",\"potentialAction\":[{\"@type\":\"CommentAction\",\"name\":\"Comment\",\"target\":[\"https:\/\/www.public.sn\/index.php\/2023\/02\/08\/je-vais-battre-tapha-tine-puis-combattre-avec-sa-thies\/#respond\"]}]},{\"@type\":\"WebPage\",\"@id\":\"https:\/\/www.public.sn\/index.php\/2023\/02\/08\/je-vais-battre-tapha-tine-puis-combattre-avec-sa-thies\/\",\"url\":\"https:\/\/www.public.sn\/index.php\/2023\/02\/08\/je-vais-battre-tapha-tine-puis-combattre-avec-sa-thies\/\",\"name\":\"Je vais Battre Tapha Tine puis combattre avec Sa Thi\u00e8s - LE PUBLIC\",\"isPartOf\":{\"@id\":\"https:\/\/www.public.sn\/#website\"},\"primaryImageOfPage\":{\"@id\":\"https:\/\/www.public.sn\/index.php\/2023\/02\/08\/je-vais-battre-tapha-tine-puis-combattre-avec-sa-thies\/#primaryimage\"},\"image\":{\"@id\":\"https:\/\/www.public.sn\/index.php\/2023\/02\/08\/je-vais-battre-tapha-tine-puis-combattre-avec-sa-thies\/#primaryimage\"},\"thumbnailUrl\":\"https:\/\/www.public.sn\/wp-content\/uploads\/2023\/02\/B52.jpg\",\"datePublished\":\"2023-02-08T18:38:16+00:00\",\"breadcrumb\":{\"@id\":\"https:\/\/www.public.sn\/index.php\/2023\/02\/08\/je-vais-battre-tapha-tine-puis-combattre-avec-sa-thies\/#breadcrumb\"},\"inLanguage\":\"fr-FR\",\"potentialAction\":[{\"@type\":\"ReadAction\",\"target\":[\"https:\/\/www.public.sn\/index.php\/2023\/02\/08\/je-vais-battre-tapha-tine-puis-combattre-avec-sa-thies\/\"]}]},{\"@type\":\"ImageObject\",\"inLanguage\":\"fr-FR\",\"@id\":\"https:\/\/www.public.sn\/index.php\/2023\/02\/08\/je-vais-battre-tapha-tine-puis-combattre-avec-sa-thies\/#primaryimage\",\"url\":\"https:\/\/www.public.sn\/wp-content\/uploads\/2023\/02\/B52.jpg\",\"contentUrl\":\"https:\/\/www.public.sn\/wp-content\/uploads\/2023\/02\/B52.jpg\",\"width\":612,\"height\":298},{\"@type\":\"BreadcrumbList\",\"@id\":\"https:\/\/www.public.sn\/index.php\/2023\/02\/08\/je-vais-battre-tapha-tine-puis-combattre-avec-sa-thies\/#breadcrumb\",\"itemListElement\":[{\"@type\":\"ListItem\",\"position\":1,\"name\":\"Accueil\",\"item\":\"https:\/\/www.public.sn\/\"},{\"@type\":\"ListItem\",\"position\":2,\"name\":\"Je vais Battre Tapha Tine puis combattre avec Sa Thi\u00e8s\"}]},{\"@type\":\"WebSite\",\"@id\":\"https:\/\/www.public.sn\/#website\",\"url\":\"https:\/\/www.public.sn\/\",\"name\":\"LE PUBLIC\",\"description\":\"\",\"publisher\":{\"@id\":\"https:\/\/www.public.sn\/#organization\"},\"potentialAction\":[{\"@type\":\"SearchAction\",\"target\":{\"@type\":\"EntryPoint\",\"urlTemplate\":\"https:\/\/www.public.sn\/?s={search_term_string}\"},\"query-input\":{\"@type\":\"PropertyValueSpecification\",\"valueRequired\":true,\"valueName\":\"search_term_string\"}}],\"inLanguage\":\"fr-FR\"},{\"@type\":\"Organization\",\"@id\":\"https:\/\/www.public.sn\/#organization\",\"name\":\"LE PUBLIC\",\"url\":\"https:\/\/www.public.sn\/\",\"logo\":{\"@type\":\"ImageObject\",\"inLanguage\":\"fr-FR\",\"@id\":\"https:\/\/www.public.sn\/#\/schema\/logo\/image\/\",\"url\":\"https:\/\/www.public.sn\/wp-content\/uploads\/2024\/05\/cropped-LOGO-PUBLIC.SN_.png\",\"contentUrl\":\"https:\/\/www.public.sn\/wp-content\/uploads\/2024\/05\/cropped-LOGO-PUBLIC.SN_.png\",\"width\":682,\"height\":192,\"caption\":\"LE PUBLIC\"},\"image\":{\"@id\":\"https:\/\/www.public.sn\/#\/schema\/logo\/image\/\"}},{\"@type\":\"Person\",\"@id\":\"https:\/\/www.public.sn\/#\/schema\/person\/cb76c8e1b8becc6be61fb5e92d6d0224\",\"name\":\"LA REDACTION\",\"image\":{\"@type\":\"ImageObject\",\"inLanguage\":\"fr-FR\",\"@id\":\"https:\/\/www.public.sn\/#\/schema\/person\/image\/\",\"url\":\"https:\/\/secure.gravatar.com\/avatar\/2dce5ddd34b8fef0180efe03aa2a9bee7d953856048f9a16b298190a3178407c?s=96&d=mm&r=g\",\"contentUrl\":\"https:\/\/secure.gravatar.com\/avatar\/2dce5ddd34b8fef0180efe03aa2a9bee7d953856048f9a16b298190a3178407c?s=96&d=mm&r=g\",\"caption\":\"LA REDACTION\"},\"url\":\"https:\/\/www.public.sn\/index.php\/author\/editeurpsn\/\"}]}<\/script>\n<!-- \/ Yoast SEO plugin. -->","yoast_head_json":{"title":"Je vais Battre Tapha Tine puis combattre avec Sa Thi\u00e8s - LE PUBLIC","robots":{"index":"index","follow":"follow","max-snippet":"max-snippet:-1","max-image-preview":"max-image-preview:large","max-video-preview":"max-video-preview:-1"},"canonical":"https:\/\/www.public.sn\/index.php\/2023\/02\/08\/je-vais-battre-tapha-tine-puis-combattre-avec-sa-thies\/","og_locale":"fr_FR","og_type":"article","og_title":"Je vais Battre Tapha Tine puis combattre avec Sa Thi\u00e8s - LE PUBLIC","og_description":"A moins d\u2019une semaine de son combat contre Tapha Tine, Bombardier est revenu sur cette affiche au go\u00fbt de revanche contre le g\u00e9ant du Baol. L\u2019ancien roi des ar\u00e8nes s\u2019est dit pr\u00eat en \u00e0 d\u00e9coudre contre son adversaire le 12 f\u00e9vrier prochain. Dans un entretien accord\u00e9 \u00e0 Ngagne Diagne sur Itv, Bombardier a commenc\u00e9 par \u00e9voquer les raisons de ce combat revanche contre Tapha Tine. \u00ab J\u2019ai lutt\u00e9 avec tous les t\u00e9nors de l\u2019ar\u00e8ne. Tous sans exception. Donc c\u2019\u00e9tait normal que j\u2019affronte un nouvelle fois un ancien adversaire. Puis ce qui a facilit\u00e9 le combat c\u2019est la venue d\u2019Eric Favre (promoteur du combat) qui nous a propos\u00e9 un bon cachet et on a accept\u00e9 \u00bb. Si sa dynamique et celle de son adversaire Tapha Tine sont oppos\u00e9es (d\u00e9faite contre Eumeu S\u00e9ne lors de son dernier combat), le B52 de Mbour ne compte pas pour autant faciliter la t\u00e2che \u00e0 son bourreau d\u2019il y\u2019a plus de dix ans malgr\u00e9 son \u00e2ge avanc\u00e9. \u00ab J\u2019ai une carri\u00e8re tr\u00e8s aboutie et je peux dire que j\u2019ai tout obtenue dans l\u2019ar\u00e8ne. Je veux \u00eatre un exemple pour la jeune g\u00e9n\u00e9ration et leur montr\u00e9 que l\u2019\u00e2ge n\u2019est qu\u2019un chiffre. J\u2019ai pris ce combat pour battre Tapha Tine et montrer \u00e0 tout le monde que l\u2019\u00e2ge ne compte pas et que j\u2019ai encore mon temps \u00e0 faire dans l\u2019ar\u00e8ne avant de prendre ma retraite. Pour le combat de dimanche, il y\u2019aura de la bagarre comme lors de notre premier combat, mais je veux que cela se termine par la lutte pure \u00bb a d\u00e9clar\u00e9 Bombardier. Le tombeur de Balla Gaye 2 de noter que contrairement \u00e0 son premier combat contre Tapha Tine lors duquel il avait souffert le martyr, cette fois ci il s\u2019est pr\u00e9par\u00e9 en boxe. \u00ab Dans ce combat en 2012, c\u2019\u00e9tait un duel rapproch\u00e9 avec des Uppercuts et des crochets courts de mon adversaire. C\u2019\u00e9tait une strat\u00e9gie de sa part mais pour cette fois je me suis pr\u00e9par\u00e9 avec mon staff pour aborder le combat de la meilleure des mani\u00e8res. Ce qui est s\u00fbr c\u2019est que je ne reculerai pas \u00bb . Pour finir, Serigne Dia de son vrai nom a confi\u00e9 qu\u2019apr\u00e8s ce combat, il voudrait affronter deux jeunes lutteurs avant de mettre un terme \u00e0 sa carri\u00e8re. \u00ab Oui je veux affronter deux jeunes lutteurs avant de raccrocher. L\u2019un c\u2019est Sa Thi\u00e8s parce que j\u2019ai une dent contre lui. Je veux vraiment l\u2019affronter avant de prendre ma retraite . Je vous dirai le nom de l\u2019autre lutteur apr\u00e8s avoir croiser Sa Thi\u00e9s\u2026 \u00bb","og_url":"https:\/\/www.public.sn\/index.php\/2023\/02\/08\/je-vais-battre-tapha-tine-puis-combattre-avec-sa-thies\/","og_site_name":"LE PUBLIC","article_published_time":"2023-02-08T18:38:16+00:00","og_image":[{"width":612,"height":298,"url":"https:\/\/www.public.sn\/wp-content\/uploads\/2023\/02\/B52.jpg","type":"image\/jpeg"}],"author":"LA REDACTION","twitter_card":"summary_large_image","twitter_misc":{"\u00c9crit par":"LA REDACTION","Dur\u00e9e de lecture estim\u00e9e":"3 minutes"},"schema":{"@context":"https:\/\/schema.org","@graph":[{"@type":"Article","@id":"https:\/\/www.public.sn\/index.php\/2023\/02\/08\/je-vais-battre-tapha-tine-puis-combattre-avec-sa-thies\/#article","isPartOf":{"@id":"https:\/\/www.public.sn\/index.php\/2023\/02\/08\/je-vais-battre-tapha-tine-puis-combattre-avec-sa-thies\/"},"author":{"name":"LA REDACTION","@id":"https:\/\/www.public.sn\/#\/schema\/person\/cb76c8e1b8becc6be61fb5e92d6d0224"},"headline":"Je vais Battre Tapha Tine puis combattre avec Sa Thi\u00e8s","datePublished":"2023-02-08T18:38:16+00:00","mainEntityOfPage":{"@id":"https:\/\/www.public.sn\/index.php\/2023\/02\/08\/je-vais-battre-tapha-tine-puis-combattre-avec-sa-thies\/"},"wordCount":474,"commentCount":0,"publisher":{"@id":"https:\/\/www.public.sn\/#organization"},"image":{"@id":"https:\/\/www.public.sn\/index.php\/2023\/02\/08\/je-vais-battre-tapha-tine-puis-combattre-avec-sa-thies\/#primaryimage"},"thumbnailUrl":"https:\/\/www.public.sn\/wp-content\/uploads\/2023\/02\/B52.jpg","articleSection":["ACTUALIT\u00c9S","CULTURE","LUTTE S\u00c9N\u00c9GALAISE","S\u00c9N\u00c9GAL","SOCIETE","SPORTS","VEDETTE"],"inLanguage":"fr-FR","potentialAction":[{"@type":"CommentAction","name":"Comment","target":["https:\/\/www.public.sn\/index.php\/2023\/02\/08\/je-vais-battre-tapha-tine-puis-combattre-avec-sa-thies\/#respond"]}]},{"@type":"WebPage","@id":"https:\/\/www.public.sn\/index.php\/2023\/02\/08\/je-vais-battre-tapha-tine-puis-combattre-avec-sa-thies\/","url":"https:\/\/www.public.sn\/index.php\/2023\/02\/08\/je-vais-battre-tapha-tine-puis-combattre-avec-sa-thies\/","name":"Je vais Battre Tapha Tine puis combattre avec Sa Thi\u00e8s - LE PUBLIC","isPartOf":{"@id":"https:\/\/www.public.sn\/#website"},"primaryImageOfPage":{"@id":"https:\/\/www.public.sn\/index.php\/2023\/02\/08\/je-vais-battre-tapha-tine-puis-combattre-avec-sa-thies\/#primaryimage"},"image":{"@id":"https:\/\/www.public.sn\/index.php\/2023\/02\/08\/je-vais-battre-tapha-tine-puis-combattre-avec-sa-thies\/#primaryimage"},"thumbnailUrl":"https:\/\/www.public.sn\/wp-content\/uploads\/2023\/02\/B52.jpg","datePublished":"2023-02-08T18:38:16+00:00","breadcrumb":{"@id":"https:\/\/www.public.sn\/index.php\/2023\/02\/08\/je-vais-battre-tapha-tine-puis-combattre-avec-sa-thies\/#breadcrumb"},"inLanguage":"fr-FR","potentialAction":[{"@type":"ReadAction","target":["https:\/\/www.public.sn\/index.php\/2023\/02\/08\/je-vais-battre-tapha-tine-puis-combattre-avec-sa-thies\/"]}]},{"@type":"ImageObject","inLanguage":"fr-FR","@id":"https:\/\/www.public.sn\/index.php\/2023\/02\/08\/je-vais-battre-tapha-tine-puis-combattre-avec-sa-thies\/#primaryimage","url":"https:\/\/www.public.sn\/wp-content\/uploads\/2023\/02\/B52.jpg","contentUrl":"https:\/\/www.public.sn\/wp-content\/uploads\/2023\/02\/B52.jpg","width":612,"height":298},{"@type":"BreadcrumbList","@id":"https:\/\/www.public.sn\/index.php\/2023\/02\/08\/je-vais-battre-tapha-tine-puis-combattre-avec-sa-thies\/#breadcrumb","itemListElement":[{"@type":"ListItem","position":1,"name":"Accueil","item":"https:\/\/www.public.sn\/"},{"@type":"ListItem","position":2,"name":"Je vais Battre Tapha Tine puis combattre avec Sa Thi\u00e8s"}]},{"@type":"WebSite","@id":"https:\/\/www.public.sn\/#website","url":"https:\/\/www.public.sn\/","name":"LE PUBLIC","description":"","publisher":{"@id":"https:\/\/www.public.sn\/#organization"},"potentialAction":[{"@type":"SearchAction","target":{"@type":"EntryPoint","urlTemplate":"https:\/\/www.public.sn\/?s={search_term_string}"},"query-input":{"@type":"PropertyValueSpecification","valueRequired":true,"valueName":"search_term_string"}}],"inLanguage":"fr-FR"},{"@type":"Organization","@id":"https:\/\/www.public.sn\/#organization","name":"LE PUBLIC","url":"https:\/\/www.public.sn\/","logo":{"@type":"ImageObject","inLanguage":"fr-FR","@id":"https:\/\/www.public.sn\/#\/schema\/logo\/image\/","url":"https:\/\/www.public.sn\/wp-content\/uploads\/2024\/05\/cropped-LOGO-PUBLIC.SN_.png","contentUrl":"https:\/\/www.public.sn\/wp-content\/uploads\/2024\/05\/cropped-LOGO-PUBLIC.SN_.png","width":682,"height":192,"caption":"LE PUBLIC"},"image":{"@id":"https:\/\/www.public.sn\/#\/schema\/logo\/image\/"}},{"@type":"Person","@id":"https:\/\/www.public.sn\/#\/schema\/person\/cb76c8e1b8becc6be61fb5e92d6d0224","name":"LA REDACTION","image":{"@type":"ImageObject","inLanguage":"fr-FR","@id":"https:\/\/www.public.sn\/#\/schema\/person\/image\/","url":"https:\/\/secure.gravatar.com\/avatar\/2dce5ddd34b8fef0180efe03aa2a9bee7d953856048f9a16b298190a3178407c?s=96&d=mm&r=g","contentUrl":"https:\/\/secure.gravatar.com\/avatar\/2dce5ddd34b8fef0180efe03aa2a9bee7d953856048f9a16b298190a3178407c?s=96&d=mm&r=g","caption":"LA REDACTION"},"url":"https:\/\/www.public.sn\/index.php\/author\/editeurpsn\/"}]}},"jetpack_featured_media_url":"https:\/\/www.public.sn\/wp-content\/uploads\/2023\/02\/B52.jpg","jetpack_sharing_enabled":true,"_links":{"self":[{"href":"https:\/\/www.public.sn\/index.php\/wp-json\/wp\/v2\/posts\/15229","targetHints":{"allow":["GET"]}}],"collection":[{"href":"https:\/\/www.public.sn\/index.php\/wp-json\/wp\/v2\/posts"}],"about":[{"href":"https:\/\/www.public.sn\/index.php\/wp-json\/wp\/v2\/types\/post"}],"author":[{"embeddable":true,"href":"https:\/\/www.public.sn\/index.php\/wp-json\/wp\/v2\/users\/7"}],"replies":[{"embeddable":true,"href":"https:\/\/www.public.sn\/index.php\/wp-json\/wp\/v2\/comments?post=15229"}],"version-history":[{"count":1,"href":"https:\/\/www.public.sn\/index.php\/wp-json\/wp\/v2\/posts\/15229\/revisions"}],"predecessor-version":[{"id":15231,"href":"https:\/\/www.public.sn\/index.php\/wp-json\/wp\/v2\/posts\/15229\/revisions\/15231"}],"wp:featuredmedia":[{"embeddable":true,"href":"https:\/\/www.public.sn\/index.php\/wp-json\/wp\/v2\/media\/15230"}],"wp:attachment":[{"href":"https:\/\/www.public.sn\/index.php\/wp-json\/wp\/v2\/media?parent=15229"}],"wp:term":[{"taxonomy":"category","embeddable":true,"href":"https:\/\/www.public.sn\/index.php\/wp-json\/wp\/v2\/categories?post=15229"},{"taxonomy":"post_tag","embeddable":true,"href":"https:\/\/www.public.sn\/index.php\/wp-json\/wp\/v2\/tags?post=15229"}],"curies":[{"name":"wp","href":"https:\/\/api.w.org\/{rel}","templated":true}]}}