{"id":15283,"date":"2023-02-09T09:45:53","date_gmt":"2023-02-09T09:45:53","guid":{"rendered":"https:\/\/www.public.sn\/?p=15283"},"modified":"2023-02-09T09:45:53","modified_gmt":"2023-02-09T09:45:53","slug":"au-seisme-youssou-ndour-presente-ses-condoleances-a-lambassade-de-turque-a-dakar","status":"publish","type":"post","link":"https:\/\/www.public.sn\/index.php\/2023\/02\/09\/au-seisme-youssou-ndour-presente-ses-condoleances-a-lambassade-de-turque-a-dakar\/","title":{"rendered":"Au S\u00e9isme: Youssou Ndour  pr\u00e9sente ses condol\u00e9ances \u00e0 l&rsquo;ambassade de Turque \u00e0 Dakar"},"content":{"rendered":"<h4><em><strong>Le Ministre-conseiller, Youssou Ndour \u00e9tait, ce mercredi, \u00e0 l&rsquo;Ambassade de Turquie, \u00e0 Dakar, pour pr\u00e9senter ses condol\u00e9ances, suite au s\u00e9isme du 6 f\u00e9vrier 2023,<\/strong><\/em><\/h4>\n<p>qui a fait plus de 9000 morts (bilan provisoire). Apr\u00e8s s&rsquo;\u00eatre entretenu avec l&rsquo;ambassadrice Nur Sagman pendant quelques minutes, il a rempli le registre de condol\u00e9ances pour partager la peine du peuple turc en ce moment de deuil.<\/p><div class=\"publi-paragraphe1\" style=\"margin-top: 10px;margin-bottom: 10px;margin-left: auto;margin-right: auto;text-align: center;\" id=\"publi-1841514441\"><div class=\"publi-adlabel\">Publicit\u00e9<\/div><script async src=\"\/\/pagead2.googlesyndication.com\/pagead\/js\/adsbygoogle.js?client=ca-pub-4089586018074219\" crossorigin=\"anonymous\"><\/script><ins class=\"adsbygoogle\" style=\"display:block;\" data-ad-client=\"ca-pub-4089586018074219\" \ndata-ad-slot=\"2087940154\" \ndata-ad-format=\"auto\"><\/ins>\n<script> \n(adsbygoogle = window.adsbygoogle || []).push({}); \n<\/script>\n<\/div>\n<p>&nbsp;<\/p>\n<p>&nbsp;<\/p>\n<p class=\"responsive-video-wrap clr\"><iframe title=\"S\u00e9isme : Youssou Ndour \u00e0 l&#039;Ambassade de Turquie \u00e0 Dakar pour pr\u00e9senter ses condol\u00e9ances\" width=\"1200\" height=\"675\" src=\"https:\/\/www.youtube.com\/embed\/-QqNccDgo-Q?feature=oembed\" frameborder=\"0\" allow=\"accelerometer; autoplay; clipboard-write; encrypted-media; gyroscope; picture-in-picture; web-share\" allowfullscreen><\/iframe><\/p>\n<div class=\"publi-apres-le-contenu\" style=\"margin-top: 10px;margin-bottom: 10px;margin-left: auto;margin-right: auto;text-align: center;\" id=\"publi-795157545\"><div class=\"publi-adlabel\">Publicit\u00e9<\/div><script async src=\"\/\/pagead2.googlesyndication.com\/pagead\/js\/adsbygoogle.js?client=ca-pub-4089586018074219\" crossorigin=\"anonymous\"><\/script><ins class=\"adsbygoogle\" style=\"display:block;\" data-ad-client=\"ca-pub-4089586018074219\" \ndata-ad-slot=\"2087940154\" \ndata-ad-format=\"auto\"><\/ins>\n<script> \n(adsbygoogle = window.adsbygoogle || []).push({}); \n<\/script>\n<\/div>","protected":false},"excerpt":{"rendered":"<p>Le Ministre-conseiller, Youssou Ndour \u00e9tait, ce mercredi, \u00e0 l&rsquo;Ambassade de Turquie, \u00e0 Dakar, pour pr\u00e9senter ses condol\u00e9ances, suite au s\u00e9isme du 6 f\u00e9vrier 2023, qui a fait plus de 9000 morts (bilan provisoire). Apr\u00e8s s&rsquo;\u00eatre entretenu avec l&rsquo;ambassadrice Nur Sagman pendant quelques minutes, il a rempli le registre de condol\u00e9ances pour partager la peine du peuple turc en ce moment de deuil. &nbsp; &nbsp;<\/p>\n","protected":false},"author":7,"featured_media":15285,"comment_status":"open","ping_status":"open","sticky":false,"template":"","format":"standard","meta":{"_jetpack_memberships_contains_paid_content":false,"footnotes":""},"categories":[372],"tags":[],"class_list":["post-15283","post","type-post","status-publish","format-standard","has-post-thumbnail","hentry","category-vedette","entry","has-media","owp-thumbs-layout-horizontal","owp-btn-normal","owp-tabs-layout-horizontal","has-no-thumbnails","has-product-nav"],"yoast_head":"<!-- This site is optimized with the Yoast SEO plugin v25.5 - https:\/\/yoast.com\/wordpress\/plugins\/seo\/ -->\n<title>Au S\u00e9isme: Youssou Ndour pr\u00e9sente ses condol\u00e9ances \u00e0 l&#039;ambassade de Turque \u00e0 Dakar - LE PUBLIC<\/title>\n<meta name=\"robots\" content=\"index, follow, max-snippet:-1, max-image-preview:large, max-video-preview:-1\" \/>\n<link rel=\"canonical\" href=\"https:\/\/www.public.sn\/index.php\/2023\/02\/09\/au-seisme-youssou-ndour-presente-ses-condoleances-a-lambassade-de-turque-a-dakar\/\" \/>\n<meta property=\"og:locale\" content=\"fr_FR\" \/>\n<meta property=\"og:type\" content=\"article\" \/>\n<meta property=\"og:title\" content=\"Au S\u00e9isme: Youssou Ndour pr\u00e9sente ses condol\u00e9ances \u00e0 l&#039;ambassade de Turque \u00e0 Dakar - LE PUBLIC\" \/>\n<meta property=\"og:description\" content=\"Le Ministre-conseiller, Youssou Ndour \u00e9tait, ce mercredi, \u00e0 l&rsquo;Ambassade de Turquie, \u00e0 Dakar, pour pr\u00e9senter ses condol\u00e9ances, suite au s\u00e9isme du 6 f\u00e9vrier 2023, qui a fait plus de 9000 morts (bilan provisoire). Apr\u00e8s s&rsquo;\u00eatre entretenu avec l&rsquo;ambassadrice Nur Sagman pendant quelques minutes, il a rempli le registre de condol\u00e9ances pour partager la peine du peuple turc en ce moment de deuil. &nbsp; &nbsp;\" \/>\n<meta property=\"og:url\" content=\"https:\/\/www.public.sn\/index.php\/2023\/02\/09\/au-seisme-youssou-ndour-presente-ses-condoleances-a-lambassade-de-turque-a-dakar\/\" \/>\n<meta property=\"og:site_name\" content=\"LE PUBLIC\" \/>\n<meta property=\"article:published_time\" content=\"2023-02-09T09:45:53+00:00\" \/>\n<meta property=\"og:image\" content=\"https:\/\/www.public.sn\/wp-content\/uploads\/2023\/02\/youssou-2_5372-1.jpg\" \/>\n\t<meta property=\"og:image:width\" content=\"1600\" \/>\n\t<meta property=\"og:image:height\" content=\"1066\" \/>\n\t<meta property=\"og:image:type\" content=\"image\/jpeg\" \/>\n<meta name=\"author\" content=\"LA REDACTION\" \/>\n<meta name=\"twitter:card\" content=\"summary_large_image\" \/>\n<meta name=\"twitter:label1\" content=\"\u00c9crit par\" \/>\n\t<meta name=\"twitter:data1\" content=\"LA REDACTION\" \/>\n\t<meta name=\"twitter:label2\" content=\"Dur\u00e9e de lecture estim\u00e9e\" \/>\n\t<meta name=\"twitter:data2\" content=\"1 minute\" \/>\n<script type=\"application\/ld+json\" class=\"yoast-schema-graph\">{\"@context\":\"https:\/\/schema.org\",\"@graph\":[{\"@type\":\"Article\",\"@id\":\"https:\/\/www.public.sn\/index.php\/2023\/02\/09\/au-seisme-youssou-ndour-presente-ses-condoleances-a-lambassade-de-turque-a-dakar\/#article\",\"isPartOf\":{\"@id\":\"https:\/\/www.public.sn\/index.php\/2023\/02\/09\/au-seisme-youssou-ndour-presente-ses-condoleances-a-lambassade-de-turque-a-dakar\/\"},\"author\":{\"name\":\"LA REDACTION\",\"@id\":\"https:\/\/www.public.sn\/#\/schema\/person\/cb76c8e1b8becc6be61fb5e92d6d0224\"},\"headline\":\"Au S\u00e9isme: Youssou Ndour pr\u00e9sente ses condol\u00e9ances \u00e0 l&rsquo;ambassade de Turque \u00e0 Dakar\",\"datePublished\":\"2023-02-09T09:45:53+00:00\",\"mainEntityOfPage\":{\"@id\":\"https:\/\/www.public.sn\/index.php\/2023\/02\/09\/au-seisme-youssou-ndour-presente-ses-condoleances-a-lambassade-de-turque-a-dakar\/\"},\"wordCount\":84,\"commentCount\":0,\"publisher\":{\"@id\":\"https:\/\/www.public.sn\/#organization\"},\"image\":{\"@id\":\"https:\/\/www.public.sn\/index.php\/2023\/02\/09\/au-seisme-youssou-ndour-presente-ses-condoleances-a-lambassade-de-turque-a-dakar\/#primaryimage\"},\"thumbnailUrl\":\"https:\/\/www.public.sn\/wp-content\/uploads\/2023\/02\/youssou-2_5372-1.jpg\",\"articleSection\":[\"VEDETTE\"],\"inLanguage\":\"fr-FR\",\"potentialAction\":[{\"@type\":\"CommentAction\",\"name\":\"Comment\",\"target\":[\"https:\/\/www.public.sn\/index.php\/2023\/02\/09\/au-seisme-youssou-ndour-presente-ses-condoleances-a-lambassade-de-turque-a-dakar\/#respond\"]}]},{\"@type\":\"WebPage\",\"@id\":\"https:\/\/www.public.sn\/index.php\/2023\/02\/09\/au-seisme-youssou-ndour-presente-ses-condoleances-a-lambassade-de-turque-a-dakar\/\",\"url\":\"https:\/\/www.public.sn\/index.php\/2023\/02\/09\/au-seisme-youssou-ndour-presente-ses-condoleances-a-lambassade-de-turque-a-dakar\/\",\"name\":\"Au S\u00e9isme: Youssou Ndour pr\u00e9sente ses condol\u00e9ances \u00e0 l'ambassade de Turque \u00e0 Dakar - LE PUBLIC\",\"isPartOf\":{\"@id\":\"https:\/\/www.public.sn\/#website\"},\"primaryImageOfPage\":{\"@id\":\"https:\/\/www.public.sn\/index.php\/2023\/02\/09\/au-seisme-youssou-ndour-presente-ses-condoleances-a-lambassade-de-turque-a-dakar\/#primaryimage\"},\"image\":{\"@id\":\"https:\/\/www.public.sn\/index.php\/2023\/02\/09\/au-seisme-youssou-ndour-presente-ses-condoleances-a-lambassade-de-turque-a-dakar\/#primaryimage\"},\"thumbnailUrl\":\"https:\/\/www.public.sn\/wp-content\/uploads\/2023\/02\/youssou-2_5372-1.jpg\",\"datePublished\":\"2023-02-09T09:45:53+00:00\",\"breadcrumb\":{\"@id\":\"https:\/\/www.public.sn\/index.php\/2023\/02\/09\/au-seisme-youssou-ndour-presente-ses-condoleances-a-lambassade-de-turque-a-dakar\/#breadcrumb\"},\"inLanguage\":\"fr-FR\",\"potentialAction\":[{\"@type\":\"ReadAction\",\"target\":[\"https:\/\/www.public.sn\/index.php\/2023\/02\/09\/au-seisme-youssou-ndour-presente-ses-condoleances-a-lambassade-de-turque-a-dakar\/\"]}]},{\"@type\":\"ImageObject\",\"inLanguage\":\"fr-FR\",\"@id\":\"https:\/\/www.public.sn\/index.php\/2023\/02\/09\/au-seisme-youssou-ndour-presente-ses-condoleances-a-lambassade-de-turque-a-dakar\/#primaryimage\",\"url\":\"https:\/\/www.public.sn\/wp-content\/uploads\/2023\/02\/youssou-2_5372-1.jpg\",\"contentUrl\":\"https:\/\/www.public.sn\/wp-content\/uploads\/2023\/02\/youssou-2_5372-1.jpg\",\"width\":1600,\"height\":1066},{\"@type\":\"BreadcrumbList\",\"@id\":\"https:\/\/www.public.sn\/index.php\/2023\/02\/09\/au-seisme-youssou-ndour-presente-ses-condoleances-a-lambassade-de-turque-a-dakar\/#breadcrumb\",\"itemListElement\":[{\"@type\":\"ListItem\",\"position\":1,\"name\":\"Accueil\",\"item\":\"https:\/\/www.public.sn\/\"},{\"@type\":\"ListItem\",\"position\":2,\"name\":\"Au S\u00e9isme: Youssou Ndour pr\u00e9sente ses condol\u00e9ances \u00e0 l&rsquo;ambassade de Turque \u00e0 Dakar\"}]},{\"@type\":\"WebSite\",\"@id\":\"https:\/\/www.public.sn\/#website\",\"url\":\"https:\/\/www.public.sn\/\",\"name\":\"LE PUBLIC\",\"description\":\"\",\"publisher\":{\"@id\":\"https:\/\/www.public.sn\/#organization\"},\"potentialAction\":[{\"@type\":\"SearchAction\",\"target\":{\"@type\":\"EntryPoint\",\"urlTemplate\":\"https:\/\/www.public.sn\/?s={search_term_string}\"},\"query-input\":{\"@type\":\"PropertyValueSpecification\",\"valueRequired\":true,\"valueName\":\"search_term_string\"}}],\"inLanguage\":\"fr-FR\"},{\"@type\":\"Organization\",\"@id\":\"https:\/\/www.public.sn\/#organization\",\"name\":\"LE PUBLIC\",\"url\":\"https:\/\/www.public.sn\/\",\"logo\":{\"@type\":\"ImageObject\",\"inLanguage\":\"fr-FR\",\"@id\":\"https:\/\/www.public.sn\/#\/schema\/logo\/image\/\",\"url\":\"https:\/\/www.public.sn\/wp-content\/uploads\/2024\/05\/cropped-LOGO-PUBLIC.SN_.png\",\"contentUrl\":\"https:\/\/www.public.sn\/wp-content\/uploads\/2024\/05\/cropped-LOGO-PUBLIC.SN_.png\",\"width\":682,\"height\":192,\"caption\":\"LE PUBLIC\"},\"image\":{\"@id\":\"https:\/\/www.public.sn\/#\/schema\/logo\/image\/\"}},{\"@type\":\"Person\",\"@id\":\"https:\/\/www.public.sn\/#\/schema\/person\/cb76c8e1b8becc6be61fb5e92d6d0224\",\"name\":\"LA REDACTION\",\"image\":{\"@type\":\"ImageObject\",\"inLanguage\":\"fr-FR\",\"@id\":\"https:\/\/www.public.sn\/#\/schema\/person\/image\/\",\"url\":\"https:\/\/secure.gravatar.com\/avatar\/2dce5ddd34b8fef0180efe03aa2a9bee7d953856048f9a16b298190a3178407c?s=96&d=mm&r=g\",\"contentUrl\":\"https:\/\/secure.gravatar.com\/avatar\/2dce5ddd34b8fef0180efe03aa2a9bee7d953856048f9a16b298190a3178407c?s=96&d=mm&r=g\",\"caption\":\"LA REDACTION\"},\"url\":\"https:\/\/www.public.sn\/index.php\/author\/editeurpsn\/\"}]}<\/script>\n<!-- \/ Yoast SEO plugin. -->","yoast_head_json":{"title":"Au S\u00e9isme: Youssou Ndour pr\u00e9sente ses condol\u00e9ances \u00e0 l'ambassade de Turque \u00e0 Dakar - LE PUBLIC","robots":{"index":"index","follow":"follow","max-snippet":"max-snippet:-1","max-image-preview":"max-image-preview:large","max-video-preview":"max-video-preview:-1"},"canonical":"https:\/\/www.public.sn\/index.php\/2023\/02\/09\/au-seisme-youssou-ndour-presente-ses-condoleances-a-lambassade-de-turque-a-dakar\/","og_locale":"fr_FR","og_type":"article","og_title":"Au S\u00e9isme: Youssou Ndour pr\u00e9sente ses condol\u00e9ances \u00e0 l'ambassade de Turque \u00e0 Dakar - LE PUBLIC","og_description":"Le Ministre-conseiller, Youssou Ndour \u00e9tait, ce mercredi, \u00e0 l&rsquo;Ambassade de Turquie, \u00e0 Dakar, pour pr\u00e9senter ses condol\u00e9ances, suite au s\u00e9isme du 6 f\u00e9vrier 2023, qui a fait plus de 9000 morts (bilan provisoire). Apr\u00e8s s&rsquo;\u00eatre entretenu avec l&rsquo;ambassadrice Nur Sagman pendant quelques minutes, il a rempli le registre de condol\u00e9ances pour partager la peine du peuple turc en ce moment de deuil. &nbsp; &nbsp;","og_url":"https:\/\/www.public.sn\/index.php\/2023\/02\/09\/au-seisme-youssou-ndour-presente-ses-condoleances-a-lambassade-de-turque-a-dakar\/","og_site_name":"LE PUBLIC","article_published_time":"2023-02-09T09:45:53+00:00","og_image":[{"width":1600,"height":1066,"url":"https:\/\/www.public.sn\/wp-content\/uploads\/2023\/02\/youssou-2_5372-1.jpg","type":"image\/jpeg"}],"author":"LA REDACTION","twitter_card":"summary_large_image","twitter_misc":{"\u00c9crit par":"LA REDACTION","Dur\u00e9e de lecture estim\u00e9e":"1 minute"},"schema":{"@context":"https:\/\/schema.org","@graph":[{"@type":"Article","@id":"https:\/\/www.public.sn\/index.php\/2023\/02\/09\/au-seisme-youssou-ndour-presente-ses-condoleances-a-lambassade-de-turque-a-dakar\/#article","isPartOf":{"@id":"https:\/\/www.public.sn\/index.php\/2023\/02\/09\/au-seisme-youssou-ndour-presente-ses-condoleances-a-lambassade-de-turque-a-dakar\/"},"author":{"name":"LA REDACTION","@id":"https:\/\/www.public.sn\/#\/schema\/person\/cb76c8e1b8becc6be61fb5e92d6d0224"},"headline":"Au S\u00e9isme: Youssou Ndour pr\u00e9sente ses condol\u00e9ances \u00e0 l&rsquo;ambassade de Turque \u00e0 Dakar","datePublished":"2023-02-09T09:45:53+00:00","mainEntityOfPage":{"@id":"https:\/\/www.public.sn\/index.php\/2023\/02\/09\/au-seisme-youssou-ndour-presente-ses-condoleances-a-lambassade-de-turque-a-dakar\/"},"wordCount":84,"commentCount":0,"publisher":{"@id":"https:\/\/www.public.sn\/#organization"},"image":{"@id":"https:\/\/www.public.sn\/index.php\/2023\/02\/09\/au-seisme-youssou-ndour-presente-ses-condoleances-a-lambassade-de-turque-a-dakar\/#primaryimage"},"thumbnailUrl":"https:\/\/www.public.sn\/wp-content\/uploads\/2023\/02\/youssou-2_5372-1.jpg","articleSection":["VEDETTE"],"inLanguage":"fr-FR","potentialAction":[{"@type":"CommentAction","name":"Comment","target":["https:\/\/www.public.sn\/index.php\/2023\/02\/09\/au-seisme-youssou-ndour-presente-ses-condoleances-a-lambassade-de-turque-a-dakar\/#respond"]}]},{"@type":"WebPage","@id":"https:\/\/www.public.sn\/index.php\/2023\/02\/09\/au-seisme-youssou-ndour-presente-ses-condoleances-a-lambassade-de-turque-a-dakar\/","url":"https:\/\/www.public.sn\/index.php\/2023\/02\/09\/au-seisme-youssou-ndour-presente-ses-condoleances-a-lambassade-de-turque-a-dakar\/","name":"Au S\u00e9isme: Youssou Ndour pr\u00e9sente ses condol\u00e9ances \u00e0 l'ambassade de Turque \u00e0 Dakar - LE PUBLIC","isPartOf":{"@id":"https:\/\/www.public.sn\/#website"},"primaryImageOfPage":{"@id":"https:\/\/www.public.sn\/index.php\/2023\/02\/09\/au-seisme-youssou-ndour-presente-ses-condoleances-a-lambassade-de-turque-a-dakar\/#primaryimage"},"image":{"@id":"https:\/\/www.public.sn\/index.php\/2023\/02\/09\/au-seisme-youssou-ndour-presente-ses-condoleances-a-lambassade-de-turque-a-dakar\/#primaryimage"},"thumbnailUrl":"https:\/\/www.public.sn\/wp-content\/uploads\/2023\/02\/youssou-2_5372-1.jpg","datePublished":"2023-02-09T09:45:53+00:00","breadcrumb":{"@id":"https:\/\/www.public.sn\/index.php\/2023\/02\/09\/au-seisme-youssou-ndour-presente-ses-condoleances-a-lambassade-de-turque-a-dakar\/#breadcrumb"},"inLanguage":"fr-FR","potentialAction":[{"@type":"ReadAction","target":["https:\/\/www.public.sn\/index.php\/2023\/02\/09\/au-seisme-youssou-ndour-presente-ses-condoleances-a-lambassade-de-turque-a-dakar\/"]}]},{"@type":"ImageObject","inLanguage":"fr-FR","@id":"https:\/\/www.public.sn\/index.php\/2023\/02\/09\/au-seisme-youssou-ndour-presente-ses-condoleances-a-lambassade-de-turque-a-dakar\/#primaryimage","url":"https:\/\/www.public.sn\/wp-content\/uploads\/2023\/02\/youssou-2_5372-1.jpg","contentUrl":"https:\/\/www.public.sn\/wp-content\/uploads\/2023\/02\/youssou-2_5372-1.jpg","width":1600,"height":1066},{"@type":"BreadcrumbList","@id":"https:\/\/www.public.sn\/index.php\/2023\/02\/09\/au-seisme-youssou-ndour-presente-ses-condoleances-a-lambassade-de-turque-a-dakar\/#breadcrumb","itemListElement":[{"@type":"ListItem","position":1,"name":"Accueil","item":"https:\/\/www.public.sn\/"},{"@type":"ListItem","position":2,"name":"Au S\u00e9isme: Youssou Ndour pr\u00e9sente ses condol\u00e9ances \u00e0 l&rsquo;ambassade de Turque \u00e0 Dakar"}]},{"@type":"WebSite","@id":"https:\/\/www.public.sn\/#website","url":"https:\/\/www.public.sn\/","name":"LE PUBLIC","description":"","publisher":{"@id":"https:\/\/www.public.sn\/#organization"},"potentialAction":[{"@type":"SearchAction","target":{"@type":"EntryPoint","urlTemplate":"https:\/\/www.public.sn\/?s={search_term_string}"},"query-input":{"@type":"PropertyValueSpecification","valueRequired":true,"valueName":"search_term_string"}}],"inLanguage":"fr-FR"},{"@type":"Organization","@id":"https:\/\/www.public.sn\/#organization","name":"LE PUBLIC","url":"https:\/\/www.public.sn\/","logo":{"@type":"ImageObject","inLanguage":"fr-FR","@id":"https:\/\/www.public.sn\/#\/schema\/logo\/image\/","url":"https:\/\/www.public.sn\/wp-content\/uploads\/2024\/05\/cropped-LOGO-PUBLIC.SN_.png","contentUrl":"https:\/\/www.public.sn\/wp-content\/uploads\/2024\/05\/cropped-LOGO-PUBLIC.SN_.png","width":682,"height":192,"caption":"LE PUBLIC"},"image":{"@id":"https:\/\/www.public.sn\/#\/schema\/logo\/image\/"}},{"@type":"Person","@id":"https:\/\/www.public.sn\/#\/schema\/person\/cb76c8e1b8becc6be61fb5e92d6d0224","name":"LA REDACTION","image":{"@type":"ImageObject","inLanguage":"fr-FR","@id":"https:\/\/www.public.sn\/#\/schema\/person\/image\/","url":"https:\/\/secure.gravatar.com\/avatar\/2dce5ddd34b8fef0180efe03aa2a9bee7d953856048f9a16b298190a3178407c?s=96&d=mm&r=g","contentUrl":"https:\/\/secure.gravatar.com\/avatar\/2dce5ddd34b8fef0180efe03aa2a9bee7d953856048f9a16b298190a3178407c?s=96&d=mm&r=g","caption":"LA REDACTION"},"url":"https:\/\/www.public.sn\/index.php\/author\/editeurpsn\/"}]}},"jetpack_featured_media_url":"https:\/\/www.public.sn\/wp-content\/uploads\/2023\/02\/youssou-2_5372-1.jpg","jetpack_sharing_enabled":true,"_links":{"self":[{"href":"https:\/\/www.public.sn\/index.php\/wp-json\/wp\/v2\/posts\/15283","targetHints":{"allow":["GET"]}}],"collection":[{"href":"https:\/\/www.public.sn\/index.php\/wp-json\/wp\/v2\/posts"}],"about":[{"href":"https:\/\/www.public.sn\/index.php\/wp-json\/wp\/v2\/types\/post"}],"author":[{"embeddable":true,"href":"https:\/\/www.public.sn\/index.php\/wp-json\/wp\/v2\/users\/7"}],"replies":[{"embeddable":true,"href":"https:\/\/www.public.sn\/index.php\/wp-json\/wp\/v2\/comments?post=15283"}],"version-history":[{"count":1,"href":"https:\/\/www.public.sn\/index.php\/wp-json\/wp\/v2\/posts\/15283\/revisions"}],"predecessor-version":[{"id":15286,"href":"https:\/\/www.public.sn\/index.php\/wp-json\/wp\/v2\/posts\/15283\/revisions\/15286"}],"wp:featuredmedia":[{"embeddable":true,"href":"https:\/\/www.public.sn\/index.php\/wp-json\/wp\/v2\/media\/15285"}],"wp:attachment":[{"href":"https:\/\/www.public.sn\/index.php\/wp-json\/wp\/v2\/media?parent=15283"}],"wp:term":[{"taxonomy":"category","embeddable":true,"href":"https:\/\/www.public.sn\/index.php\/wp-json\/wp\/v2\/categories?post=15283"},{"taxonomy":"post_tag","embeddable":true,"href":"https:\/\/www.public.sn\/index.php\/wp-json\/wp\/v2\/tags?post=15283"}],"curies":[{"name":"wp","href":"https:\/\/api.w.org\/{rel}","templated":true}]}}