{"id":15294,"date":"2023-02-09T14:14:40","date_gmt":"2023-02-09T14:14:40","guid":{"rendered":"https:\/\/www.public.sn\/?p=15294"},"modified":"2023-02-09T14:14:40","modified_gmt":"2023-02-09T14:14:40","slug":"affaire-sweat-beauty-les-avocats-de-sonko-a-la-barre-de-la-chambre-daccusation","status":"publish","type":"post","link":"https:\/\/www.public.sn\/index.php\/2023\/02\/09\/affaire-sweat-beauty-les-avocats-de-sonko-a-la-barre-de-la-chambre-daccusation\/","title":{"rendered":"Affaire Sweat Beauty : Les avocats de Sonko \u00e0 la barre de la Chambre d\u2019accusation"},"content":{"rendered":"<p class=\"summary_label\">C\u2019est ce jeudi que la chambre d\u2019accusation va se pencher sur la requ\u00eate des avocats de Ousmane Sonko. \u00a0Leur objectif : parvenir \u00e0 l\u2019annulation de l\u2019ordonnance du doyen des Juges qui a renvoy\u00e9 Ousmane Sonko devant les chambres criminelles, dans l\u2019affaire Sweet Beaut\u00e9.<\/p>\n<div class=\"nty nty-post-middle nty-float-center nty-align-center nty-column-1 nty-clearfix no-bg-box-model\">\n<div id=\"nty-3576-2040296\" class=\"nty-container nty-type-code \" data-adid=\"3576\" data-type=\"code\">\n<div id=\"nty-3576-2040296-place\"><\/div>\n<\/div>\n<\/div>\n<div id=\"printable\" class=\"text_body\">\n<p>Vendredi dernier, les avocats du leader de Pastef ont \u00e9t\u00e9 inform\u00e9s que leur requ\u00eate, visant l\u2019ordonnance du doyen des Juges, sera appel\u00e9e \u00e0 la barre de la Chambre d\u2019accusation ce 9 f\u00e9vrier. Aujourd\u2019hui jeudi, ils vont croiser le fer avec le parquet g\u00e9n\u00e9ral qui va d\u00e9fendre la position du parquet et, donc, du doyen des juges en demandant l\u2019irrecevabilit\u00e9 de la requ\u00eate.<\/p><div class=\"publi-paragraphe1\" style=\"margin-top: 10px;margin-bottom: 10px;margin-left: auto;margin-right: auto;text-align: center;\" id=\"publi-553881195\"><div class=\"publi-adlabel\">Publicit\u00e9<\/div><script async src=\"\/\/pagead2.googlesyndication.com\/pagead\/js\/adsbygoogle.js?client=ca-pub-4089586018074219\" crossorigin=\"anonymous\"><\/script><ins class=\"adsbygoogle\" style=\"display:block;\" data-ad-client=\"ca-pub-4089586018074219\" \ndata-ad-slot=\"2087940154\" \ndata-ad-format=\"auto\"><\/ins>\n<script> \n(adsbygoogle = window.adsbygoogle || []).push({}); \n<\/script>\n<\/div>\n<p>En effet, le 17 janvier, le doyen des juges avait mis en accusation puis renvoy\u00e9 Ousmane Sonko et Nd\u00e8ye Khady Ndiaye devant les Chambres criminelles pour viol et menaces de mort, incitation \u00e0 la d\u00e9bauche, diffusion d\u2019images contraires aux bonnes m\u0153urs et complicit\u00e9 de viol (2\u00e8me). Ce, \u00e0 la suite du r\u00e9quisitoire du parquet en date du 30 d\u00e9cembre 2022.<\/p>\n<p>La requ\u00eate des avocats du leader de Pastef vise \u00e0 d\u00e9clarer la nullit\u00e9 de la proc\u00e9dure dans l\u2019affaire Sweet Beaut\u00e9 et donc de la d\u00e9cision du doyen des Juges. En effet, la chambre d\u2019accusation examine la r\u00e9gularit\u00e9 des proc\u00e9dures qui lui sont soumises. Si elle d\u00e9couvre une cause de nullit\u00e9, elle prononce la nullit\u00e9 de l\u2019acte qui en est entach\u00e9 et, s\u2019il y \u00e9chet, celle de tout ou partie de la proc\u00e9dure ult\u00e9rieure. Relate Xibaaru<\/p>\n<\/div>\n<div class=\"publi-apres-le-contenu\" style=\"margin-top: 10px;margin-bottom: 10px;margin-left: auto;margin-right: auto;text-align: center;\" id=\"publi-1715202047\"><div class=\"publi-adlabel\">Publicit\u00e9<\/div><script async src=\"\/\/pagead2.googlesyndication.com\/pagead\/js\/adsbygoogle.js?client=ca-pub-4089586018074219\" crossorigin=\"anonymous\"><\/script><ins class=\"adsbygoogle\" style=\"display:block;\" data-ad-client=\"ca-pub-4089586018074219\" \ndata-ad-slot=\"2087940154\" \ndata-ad-format=\"auto\"><\/ins>\n<script> \n(adsbygoogle = window.adsbygoogle || []).push({}); \n<\/script>\n<\/div>","protected":false},"excerpt":{"rendered":"<p>C\u2019est ce jeudi que la chambre d\u2019accusation va se pencher sur la requ\u00eate des avocats de Ousmane Sonko. \u00a0Leur objectif : parvenir \u00e0 l\u2019annulation de l\u2019ordonnance du doyen des Juges qui a renvoy\u00e9 Ousmane Sonko devant les chambres criminelles, dans l\u2019affaire Sweet Beaut\u00e9. Vendredi dernier, les avocats du leader de Pastef ont \u00e9t\u00e9 inform\u00e9s que leur requ\u00eate, visant l\u2019ordonnance du doyen des Juges, sera appel\u00e9e \u00e0 la barre de la Chambre d\u2019accusation ce 9 f\u00e9vrier. Aujourd\u2019hui jeudi, ils vont croiser le fer avec le parquet g\u00e9n\u00e9ral qui va d\u00e9fendre la position du parquet et, donc, du doyen des juges en demandant l\u2019irrecevabilit\u00e9 de la requ\u00eate. En effet, le 17 janvier, le doyen des juges avait mis en accusation puis renvoy\u00e9 Ousmane Sonko et Nd\u00e8ye Khady Ndiaye devant les Chambres criminelles pour viol et menaces de mort, incitation \u00e0 la d\u00e9bauche, diffusion d\u2019images contraires aux bonnes m\u0153urs et complicit\u00e9 de viol (2\u00e8me). Ce, \u00e0 la suite du r\u00e9quisitoire du parquet en date du 30 d\u00e9cembre 2022. La requ\u00eate des avocats du leader de Pastef vise \u00e0 d\u00e9clarer la nullit\u00e9 de la proc\u00e9dure dans l\u2019affaire Sweet Beaut\u00e9 et donc de la d\u00e9cision du doyen des Juges. En effet, la chambre d\u2019accusation examine la r\u00e9gularit\u00e9 des proc\u00e9dures qui lui sont soumises. Si elle d\u00e9couvre une cause de nullit\u00e9, elle prononce la nullit\u00e9 de l\u2019acte qui en est entach\u00e9 et, s\u2019il y \u00e9chet, celle de tout ou partie de la proc\u00e9dure ult\u00e9rieure. Relate Xibaaru<\/p>\n","protected":false},"author":7,"featured_media":15303,"comment_status":"open","ping_status":"open","sticky":false,"template":"","format":"standard","meta":{"_jetpack_memberships_contains_paid_content":false,"footnotes":""},"categories":[375,3724,3,376,1,4,372],"tags":[99,306,4338],"class_list":["post-15294","post","type-post","status-publish","format-standard","has-post-thumbnail","hentry","category-actualites","category-justice","category-politique","category-securite-justice","category-non-classe","category-societe","category-vedette","tag-adji-sarr","tag-sonko","tag-swet-beauty","entry","has-media","owp-thumbs-layout-horizontal","owp-btn-normal","owp-tabs-layout-horizontal","has-no-thumbnails","has-product-nav"],"yoast_head":"<!-- This site is optimized with the Yoast SEO plugin v25.5 - https:\/\/yoast.com\/wordpress\/plugins\/seo\/ -->\n<title>Affaire Sweat Beauty : Les avocats de Sonko \u00e0 la barre de la Chambre d\u2019accusation - LE PUBLIC<\/title>\n<meta name=\"robots\" content=\"index, follow, max-snippet:-1, max-image-preview:large, max-video-preview:-1\" \/>\n<link rel=\"canonical\" href=\"https:\/\/www.public.sn\/index.php\/2023\/02\/09\/affaire-sweat-beauty-les-avocats-de-sonko-a-la-barre-de-la-chambre-daccusation\/\" \/>\n<meta property=\"og:locale\" content=\"fr_FR\" \/>\n<meta property=\"og:type\" content=\"article\" \/>\n<meta property=\"og:title\" content=\"Affaire Sweat Beauty : Les avocats de Sonko \u00e0 la barre de la Chambre d\u2019accusation - LE PUBLIC\" \/>\n<meta property=\"og:description\" content=\"C\u2019est ce jeudi que la chambre d\u2019accusation va se pencher sur la requ\u00eate des avocats de Ousmane Sonko. \u00a0Leur objectif : parvenir \u00e0 l\u2019annulation de l\u2019ordonnance du doyen des Juges qui a renvoy\u00e9 Ousmane Sonko devant les chambres criminelles, dans l\u2019affaire Sweet Beaut\u00e9. Vendredi dernier, les avocats du leader de Pastef ont \u00e9t\u00e9 inform\u00e9s que leur requ\u00eate, visant l\u2019ordonnance du doyen des Juges, sera appel\u00e9e \u00e0 la barre de la Chambre d\u2019accusation ce 9 f\u00e9vrier. Aujourd\u2019hui jeudi, ils vont croiser le fer avec le parquet g\u00e9n\u00e9ral qui va d\u00e9fendre la position du parquet et, donc, du doyen des juges en demandant l\u2019irrecevabilit\u00e9 de la requ\u00eate. En effet, le 17 janvier, le doyen des juges avait mis en accusation puis renvoy\u00e9 Ousmane Sonko et Nd\u00e8ye Khady Ndiaye devant les Chambres criminelles pour viol et menaces de mort, incitation \u00e0 la d\u00e9bauche, diffusion d\u2019images contraires aux bonnes m\u0153urs et complicit\u00e9 de viol (2\u00e8me). Ce, \u00e0 la suite du r\u00e9quisitoire du parquet en date du 30 d\u00e9cembre 2022. La requ\u00eate des avocats du leader de Pastef vise \u00e0 d\u00e9clarer la nullit\u00e9 de la proc\u00e9dure dans l\u2019affaire Sweet Beaut\u00e9 et donc de la d\u00e9cision du doyen des Juges. En effet, la chambre d\u2019accusation examine la r\u00e9gularit\u00e9 des proc\u00e9dures qui lui sont soumises. Si elle d\u00e9couvre une cause de nullit\u00e9, elle prononce la nullit\u00e9 de l\u2019acte qui en est entach\u00e9 et, s\u2019il y \u00e9chet, celle de tout ou partie de la proc\u00e9dure ult\u00e9rieure. Relate Xibaaru\" \/>\n<meta property=\"og:url\" content=\"https:\/\/www.public.sn\/index.php\/2023\/02\/09\/affaire-sweat-beauty-les-avocats-de-sonko-a-la-barre-de-la-chambre-daccusation\/\" \/>\n<meta property=\"og:site_name\" content=\"LE PUBLIC\" \/>\n<meta property=\"article:published_time\" content=\"2023-02-09T14:14:40+00:00\" \/>\n<meta property=\"og:image\" content=\"https:\/\/www.public.sn\/wp-content\/uploads\/2023\/02\/sonko-adji-sarr.jpg\" \/>\n\t<meta property=\"og:image:width\" content=\"1256\" \/>\n\t<meta property=\"og:image:height\" content=\"628\" \/>\n\t<meta property=\"og:image:type\" content=\"image\/jpeg\" \/>\n<meta name=\"author\" content=\"LA REDACTION\" \/>\n<meta name=\"twitter:card\" content=\"summary_large_image\" \/>\n<meta name=\"twitter:label1\" content=\"\u00c9crit par\" \/>\n\t<meta name=\"twitter:data1\" content=\"LA REDACTION\" \/>\n\t<meta name=\"twitter:label2\" content=\"Dur\u00e9e de lecture estim\u00e9e\" \/>\n\t<meta name=\"twitter:data2\" content=\"2 minutes\" \/>\n<script type=\"application\/ld+json\" class=\"yoast-schema-graph\">{\"@context\":\"https:\/\/schema.org\",\"@graph\":[{\"@type\":\"Article\",\"@id\":\"https:\/\/www.public.sn\/index.php\/2023\/02\/09\/affaire-sweat-beauty-les-avocats-de-sonko-a-la-barre-de-la-chambre-daccusation\/#article\",\"isPartOf\":{\"@id\":\"https:\/\/www.public.sn\/index.php\/2023\/02\/09\/affaire-sweat-beauty-les-avocats-de-sonko-a-la-barre-de-la-chambre-daccusation\/\"},\"author\":{\"name\":\"LA REDACTION\",\"@id\":\"https:\/\/www.public.sn\/#\/schema\/person\/cb76c8e1b8becc6be61fb5e92d6d0224\"},\"headline\":\"Affaire Sweat Beauty : Les avocats de Sonko \u00e0 la barre de la Chambre d\u2019accusation\",\"datePublished\":\"2023-02-09T14:14:40+00:00\",\"mainEntityOfPage\":{\"@id\":\"https:\/\/www.public.sn\/index.php\/2023\/02\/09\/affaire-sweat-beauty-les-avocats-de-sonko-a-la-barre-de-la-chambre-daccusation\/\"},\"wordCount\":281,\"commentCount\":0,\"publisher\":{\"@id\":\"https:\/\/www.public.sn\/#organization\"},\"image\":{\"@id\":\"https:\/\/www.public.sn\/index.php\/2023\/02\/09\/affaire-sweat-beauty-les-avocats-de-sonko-a-la-barre-de-la-chambre-daccusation\/#primaryimage\"},\"thumbnailUrl\":\"https:\/\/www.public.sn\/wp-content\/uploads\/2023\/02\/sonko-adji-sarr.jpg\",\"keywords\":[\"Adji Sarr\",\"sonko\",\"swet beauty\"],\"articleSection\":[\"ACTUALIT\u00c9S\",\"justice\",\"POLITIQUE\",\"S\u00c9CURIT\u00c9 &amp; JUSTICE\",\"S\u00c9N\u00c9GAL\",\"SOCIETE\",\"VEDETTE\"],\"inLanguage\":\"fr-FR\",\"potentialAction\":[{\"@type\":\"CommentAction\",\"name\":\"Comment\",\"target\":[\"https:\/\/www.public.sn\/index.php\/2023\/02\/09\/affaire-sweat-beauty-les-avocats-de-sonko-a-la-barre-de-la-chambre-daccusation\/#respond\"]}]},{\"@type\":\"WebPage\",\"@id\":\"https:\/\/www.public.sn\/index.php\/2023\/02\/09\/affaire-sweat-beauty-les-avocats-de-sonko-a-la-barre-de-la-chambre-daccusation\/\",\"url\":\"https:\/\/www.public.sn\/index.php\/2023\/02\/09\/affaire-sweat-beauty-les-avocats-de-sonko-a-la-barre-de-la-chambre-daccusation\/\",\"name\":\"Affaire Sweat Beauty : Les avocats de Sonko \u00e0 la barre de la Chambre d\u2019accusation - LE PUBLIC\",\"isPartOf\":{\"@id\":\"https:\/\/www.public.sn\/#website\"},\"primaryImageOfPage\":{\"@id\":\"https:\/\/www.public.sn\/index.php\/2023\/02\/09\/affaire-sweat-beauty-les-avocats-de-sonko-a-la-barre-de-la-chambre-daccusation\/#primaryimage\"},\"image\":{\"@id\":\"https:\/\/www.public.sn\/index.php\/2023\/02\/09\/affaire-sweat-beauty-les-avocats-de-sonko-a-la-barre-de-la-chambre-daccusation\/#primaryimage\"},\"thumbnailUrl\":\"https:\/\/www.public.sn\/wp-content\/uploads\/2023\/02\/sonko-adji-sarr.jpg\",\"datePublished\":\"2023-02-09T14:14:40+00:00\",\"breadcrumb\":{\"@id\":\"https:\/\/www.public.sn\/index.php\/2023\/02\/09\/affaire-sweat-beauty-les-avocats-de-sonko-a-la-barre-de-la-chambre-daccusation\/#breadcrumb\"},\"inLanguage\":\"fr-FR\",\"potentialAction\":[{\"@type\":\"ReadAction\",\"target\":[\"https:\/\/www.public.sn\/index.php\/2023\/02\/09\/affaire-sweat-beauty-les-avocats-de-sonko-a-la-barre-de-la-chambre-daccusation\/\"]}]},{\"@type\":\"ImageObject\",\"inLanguage\":\"fr-FR\",\"@id\":\"https:\/\/www.public.sn\/index.php\/2023\/02\/09\/affaire-sweat-beauty-les-avocats-de-sonko-a-la-barre-de-la-chambre-daccusation\/#primaryimage\",\"url\":\"https:\/\/www.public.sn\/wp-content\/uploads\/2023\/02\/sonko-adji-sarr.jpg\",\"contentUrl\":\"https:\/\/www.public.sn\/wp-content\/uploads\/2023\/02\/sonko-adji-sarr.jpg\",\"width\":1256,\"height\":628},{\"@type\":\"BreadcrumbList\",\"@id\":\"https:\/\/www.public.sn\/index.php\/2023\/02\/09\/affaire-sweat-beauty-les-avocats-de-sonko-a-la-barre-de-la-chambre-daccusation\/#breadcrumb\",\"itemListElement\":[{\"@type\":\"ListItem\",\"position\":1,\"name\":\"Accueil\",\"item\":\"https:\/\/www.public.sn\/\"},{\"@type\":\"ListItem\",\"position\":2,\"name\":\"Affaire Sweat Beauty : Les avocats de Sonko \u00e0 la barre de la Chambre d\u2019accusation\"}]},{\"@type\":\"WebSite\",\"@id\":\"https:\/\/www.public.sn\/#website\",\"url\":\"https:\/\/www.public.sn\/\",\"name\":\"LE PUBLIC\",\"description\":\"\",\"publisher\":{\"@id\":\"https:\/\/www.public.sn\/#organization\"},\"potentialAction\":[{\"@type\":\"SearchAction\",\"target\":{\"@type\":\"EntryPoint\",\"urlTemplate\":\"https:\/\/www.public.sn\/?s={search_term_string}\"},\"query-input\":{\"@type\":\"PropertyValueSpecification\",\"valueRequired\":true,\"valueName\":\"search_term_string\"}}],\"inLanguage\":\"fr-FR\"},{\"@type\":\"Organization\",\"@id\":\"https:\/\/www.public.sn\/#organization\",\"name\":\"LE PUBLIC\",\"url\":\"https:\/\/www.public.sn\/\",\"logo\":{\"@type\":\"ImageObject\",\"inLanguage\":\"fr-FR\",\"@id\":\"https:\/\/www.public.sn\/#\/schema\/logo\/image\/\",\"url\":\"https:\/\/www.public.sn\/wp-content\/uploads\/2024\/05\/cropped-LOGO-PUBLIC.SN_.png\",\"contentUrl\":\"https:\/\/www.public.sn\/wp-content\/uploads\/2024\/05\/cropped-LOGO-PUBLIC.SN_.png\",\"width\":682,\"height\":192,\"caption\":\"LE PUBLIC\"},\"image\":{\"@id\":\"https:\/\/www.public.sn\/#\/schema\/logo\/image\/\"}},{\"@type\":\"Person\",\"@id\":\"https:\/\/www.public.sn\/#\/schema\/person\/cb76c8e1b8becc6be61fb5e92d6d0224\",\"name\":\"LA REDACTION\",\"image\":{\"@type\":\"ImageObject\",\"inLanguage\":\"fr-FR\",\"@id\":\"https:\/\/www.public.sn\/#\/schema\/person\/image\/\",\"url\":\"https:\/\/secure.gravatar.com\/avatar\/2dce5ddd34b8fef0180efe03aa2a9bee7d953856048f9a16b298190a3178407c?s=96&d=mm&r=g\",\"contentUrl\":\"https:\/\/secure.gravatar.com\/avatar\/2dce5ddd34b8fef0180efe03aa2a9bee7d953856048f9a16b298190a3178407c?s=96&d=mm&r=g\",\"caption\":\"LA REDACTION\"},\"url\":\"https:\/\/www.public.sn\/index.php\/author\/editeurpsn\/\"}]}<\/script>\n<!-- \/ Yoast SEO plugin. -->","yoast_head_json":{"title":"Affaire Sweat Beauty : Les avocats de Sonko \u00e0 la barre de la Chambre d\u2019accusation - LE PUBLIC","robots":{"index":"index","follow":"follow","max-snippet":"max-snippet:-1","max-image-preview":"max-image-preview:large","max-video-preview":"max-video-preview:-1"},"canonical":"https:\/\/www.public.sn\/index.php\/2023\/02\/09\/affaire-sweat-beauty-les-avocats-de-sonko-a-la-barre-de-la-chambre-daccusation\/","og_locale":"fr_FR","og_type":"article","og_title":"Affaire Sweat Beauty : Les avocats de Sonko \u00e0 la barre de la Chambre d\u2019accusation - LE PUBLIC","og_description":"C\u2019est ce jeudi que la chambre d\u2019accusation va se pencher sur la requ\u00eate des avocats de Ousmane Sonko. \u00a0Leur objectif : parvenir \u00e0 l\u2019annulation de l\u2019ordonnance du doyen des Juges qui a renvoy\u00e9 Ousmane Sonko devant les chambres criminelles, dans l\u2019affaire Sweet Beaut\u00e9. Vendredi dernier, les avocats du leader de Pastef ont \u00e9t\u00e9 inform\u00e9s que leur requ\u00eate, visant l\u2019ordonnance du doyen des Juges, sera appel\u00e9e \u00e0 la barre de la Chambre d\u2019accusation ce 9 f\u00e9vrier. Aujourd\u2019hui jeudi, ils vont croiser le fer avec le parquet g\u00e9n\u00e9ral qui va d\u00e9fendre la position du parquet et, donc, du doyen des juges en demandant l\u2019irrecevabilit\u00e9 de la requ\u00eate. En effet, le 17 janvier, le doyen des juges avait mis en accusation puis renvoy\u00e9 Ousmane Sonko et Nd\u00e8ye Khady Ndiaye devant les Chambres criminelles pour viol et menaces de mort, incitation \u00e0 la d\u00e9bauche, diffusion d\u2019images contraires aux bonnes m\u0153urs et complicit\u00e9 de viol (2\u00e8me). Ce, \u00e0 la suite du r\u00e9quisitoire du parquet en date du 30 d\u00e9cembre 2022. La requ\u00eate des avocats du leader de Pastef vise \u00e0 d\u00e9clarer la nullit\u00e9 de la proc\u00e9dure dans l\u2019affaire Sweet Beaut\u00e9 et donc de la d\u00e9cision du doyen des Juges. En effet, la chambre d\u2019accusation examine la r\u00e9gularit\u00e9 des proc\u00e9dures qui lui sont soumises. Si elle d\u00e9couvre une cause de nullit\u00e9, elle prononce la nullit\u00e9 de l\u2019acte qui en est entach\u00e9 et, s\u2019il y \u00e9chet, celle de tout ou partie de la proc\u00e9dure ult\u00e9rieure. Relate Xibaaru","og_url":"https:\/\/www.public.sn\/index.php\/2023\/02\/09\/affaire-sweat-beauty-les-avocats-de-sonko-a-la-barre-de-la-chambre-daccusation\/","og_site_name":"LE PUBLIC","article_published_time":"2023-02-09T14:14:40+00:00","og_image":[{"width":1256,"height":628,"url":"https:\/\/www.public.sn\/wp-content\/uploads\/2023\/02\/sonko-adji-sarr.jpg","type":"image\/jpeg"}],"author":"LA REDACTION","twitter_card":"summary_large_image","twitter_misc":{"\u00c9crit par":"LA REDACTION","Dur\u00e9e de lecture estim\u00e9e":"2 minutes"},"schema":{"@context":"https:\/\/schema.org","@graph":[{"@type":"Article","@id":"https:\/\/www.public.sn\/index.php\/2023\/02\/09\/affaire-sweat-beauty-les-avocats-de-sonko-a-la-barre-de-la-chambre-daccusation\/#article","isPartOf":{"@id":"https:\/\/www.public.sn\/index.php\/2023\/02\/09\/affaire-sweat-beauty-les-avocats-de-sonko-a-la-barre-de-la-chambre-daccusation\/"},"author":{"name":"LA REDACTION","@id":"https:\/\/www.public.sn\/#\/schema\/person\/cb76c8e1b8becc6be61fb5e92d6d0224"},"headline":"Affaire Sweat Beauty : Les avocats de Sonko \u00e0 la barre de la Chambre d\u2019accusation","datePublished":"2023-02-09T14:14:40+00:00","mainEntityOfPage":{"@id":"https:\/\/www.public.sn\/index.php\/2023\/02\/09\/affaire-sweat-beauty-les-avocats-de-sonko-a-la-barre-de-la-chambre-daccusation\/"},"wordCount":281,"commentCount":0,"publisher":{"@id":"https:\/\/www.public.sn\/#organization"},"image":{"@id":"https:\/\/www.public.sn\/index.php\/2023\/02\/09\/affaire-sweat-beauty-les-avocats-de-sonko-a-la-barre-de-la-chambre-daccusation\/#primaryimage"},"thumbnailUrl":"https:\/\/www.public.sn\/wp-content\/uploads\/2023\/02\/sonko-adji-sarr.jpg","keywords":["Adji Sarr","sonko","swet beauty"],"articleSection":["ACTUALIT\u00c9S","justice","POLITIQUE","S\u00c9CURIT\u00c9 &amp; JUSTICE","S\u00c9N\u00c9GAL","SOCIETE","VEDETTE"],"inLanguage":"fr-FR","potentialAction":[{"@type":"CommentAction","name":"Comment","target":["https:\/\/www.public.sn\/index.php\/2023\/02\/09\/affaire-sweat-beauty-les-avocats-de-sonko-a-la-barre-de-la-chambre-daccusation\/#respond"]}]},{"@type":"WebPage","@id":"https:\/\/www.public.sn\/index.php\/2023\/02\/09\/affaire-sweat-beauty-les-avocats-de-sonko-a-la-barre-de-la-chambre-daccusation\/","url":"https:\/\/www.public.sn\/index.php\/2023\/02\/09\/affaire-sweat-beauty-les-avocats-de-sonko-a-la-barre-de-la-chambre-daccusation\/","name":"Affaire Sweat Beauty : Les avocats de Sonko \u00e0 la barre de la Chambre d\u2019accusation - LE PUBLIC","isPartOf":{"@id":"https:\/\/www.public.sn\/#website"},"primaryImageOfPage":{"@id":"https:\/\/www.public.sn\/index.php\/2023\/02\/09\/affaire-sweat-beauty-les-avocats-de-sonko-a-la-barre-de-la-chambre-daccusation\/#primaryimage"},"image":{"@id":"https:\/\/www.public.sn\/index.php\/2023\/02\/09\/affaire-sweat-beauty-les-avocats-de-sonko-a-la-barre-de-la-chambre-daccusation\/#primaryimage"},"thumbnailUrl":"https:\/\/www.public.sn\/wp-content\/uploads\/2023\/02\/sonko-adji-sarr.jpg","datePublished":"2023-02-09T14:14:40+00:00","breadcrumb":{"@id":"https:\/\/www.public.sn\/index.php\/2023\/02\/09\/affaire-sweat-beauty-les-avocats-de-sonko-a-la-barre-de-la-chambre-daccusation\/#breadcrumb"},"inLanguage":"fr-FR","potentialAction":[{"@type":"ReadAction","target":["https:\/\/www.public.sn\/index.php\/2023\/02\/09\/affaire-sweat-beauty-les-avocats-de-sonko-a-la-barre-de-la-chambre-daccusation\/"]}]},{"@type":"ImageObject","inLanguage":"fr-FR","@id":"https:\/\/www.public.sn\/index.php\/2023\/02\/09\/affaire-sweat-beauty-les-avocats-de-sonko-a-la-barre-de-la-chambre-daccusation\/#primaryimage","url":"https:\/\/www.public.sn\/wp-content\/uploads\/2023\/02\/sonko-adji-sarr.jpg","contentUrl":"https:\/\/www.public.sn\/wp-content\/uploads\/2023\/02\/sonko-adji-sarr.jpg","width":1256,"height":628},{"@type":"BreadcrumbList","@id":"https:\/\/www.public.sn\/index.php\/2023\/02\/09\/affaire-sweat-beauty-les-avocats-de-sonko-a-la-barre-de-la-chambre-daccusation\/#breadcrumb","itemListElement":[{"@type":"ListItem","position":1,"name":"Accueil","item":"https:\/\/www.public.sn\/"},{"@type":"ListItem","position":2,"name":"Affaire Sweat Beauty : Les avocats de Sonko \u00e0 la barre de la Chambre d\u2019accusation"}]},{"@type":"WebSite","@id":"https:\/\/www.public.sn\/#website","url":"https:\/\/www.public.sn\/","name":"LE PUBLIC","description":"","publisher":{"@id":"https:\/\/www.public.sn\/#organization"},"potentialAction":[{"@type":"SearchAction","target":{"@type":"EntryPoint","urlTemplate":"https:\/\/www.public.sn\/?s={search_term_string}"},"query-input":{"@type":"PropertyValueSpecification","valueRequired":true,"valueName":"search_term_string"}}],"inLanguage":"fr-FR"},{"@type":"Organization","@id":"https:\/\/www.public.sn\/#organization","name":"LE PUBLIC","url":"https:\/\/www.public.sn\/","logo":{"@type":"ImageObject","inLanguage":"fr-FR","@id":"https:\/\/www.public.sn\/#\/schema\/logo\/image\/","url":"https:\/\/www.public.sn\/wp-content\/uploads\/2024\/05\/cropped-LOGO-PUBLIC.SN_.png","contentUrl":"https:\/\/www.public.sn\/wp-content\/uploads\/2024\/05\/cropped-LOGO-PUBLIC.SN_.png","width":682,"height":192,"caption":"LE PUBLIC"},"image":{"@id":"https:\/\/www.public.sn\/#\/schema\/logo\/image\/"}},{"@type":"Person","@id":"https:\/\/www.public.sn\/#\/schema\/person\/cb76c8e1b8becc6be61fb5e92d6d0224","name":"LA REDACTION","image":{"@type":"ImageObject","inLanguage":"fr-FR","@id":"https:\/\/www.public.sn\/#\/schema\/person\/image\/","url":"https:\/\/secure.gravatar.com\/avatar\/2dce5ddd34b8fef0180efe03aa2a9bee7d953856048f9a16b298190a3178407c?s=96&d=mm&r=g","contentUrl":"https:\/\/secure.gravatar.com\/avatar\/2dce5ddd34b8fef0180efe03aa2a9bee7d953856048f9a16b298190a3178407c?s=96&d=mm&r=g","caption":"LA REDACTION"},"url":"https:\/\/www.public.sn\/index.php\/author\/editeurpsn\/"}]}},"jetpack_featured_media_url":"https:\/\/www.public.sn\/wp-content\/uploads\/2023\/02\/sonko-adji-sarr.jpg","jetpack_sharing_enabled":true,"_links":{"self":[{"href":"https:\/\/www.public.sn\/index.php\/wp-json\/wp\/v2\/posts\/15294","targetHints":{"allow":["GET"]}}],"collection":[{"href":"https:\/\/www.public.sn\/index.php\/wp-json\/wp\/v2\/posts"}],"about":[{"href":"https:\/\/www.public.sn\/index.php\/wp-json\/wp\/v2\/types\/post"}],"author":[{"embeddable":true,"href":"https:\/\/www.public.sn\/index.php\/wp-json\/wp\/v2\/users\/7"}],"replies":[{"embeddable":true,"href":"https:\/\/www.public.sn\/index.php\/wp-json\/wp\/v2\/comments?post=15294"}],"version-history":[{"count":1,"href":"https:\/\/www.public.sn\/index.php\/wp-json\/wp\/v2\/posts\/15294\/revisions"}],"predecessor-version":[{"id":15304,"href":"https:\/\/www.public.sn\/index.php\/wp-json\/wp\/v2\/posts\/15294\/revisions\/15304"}],"wp:featuredmedia":[{"embeddable":true,"href":"https:\/\/www.public.sn\/index.php\/wp-json\/wp\/v2\/media\/15303"}],"wp:attachment":[{"href":"https:\/\/www.public.sn\/index.php\/wp-json\/wp\/v2\/media?parent=15294"}],"wp:term":[{"taxonomy":"category","embeddable":true,"href":"https:\/\/www.public.sn\/index.php\/wp-json\/wp\/v2\/categories?post=15294"},{"taxonomy":"post_tag","embeddable":true,"href":"https:\/\/www.public.sn\/index.php\/wp-json\/wp\/v2\/tags?post=15294"}],"curies":[{"name":"wp","href":"https:\/\/api.w.org\/{rel}","templated":true}]}}