{"id":15331,"date":"2023-02-09T21:07:31","date_gmt":"2023-02-09T21:07:31","guid":{"rendered":"https:\/\/www.public.sn\/?p=15331"},"modified":"2023-02-09T21:09:46","modified_gmt":"2023-02-09T21:09:46","slug":"mega-meeting-a-mbacke-ousmane-sonko-fait-une-declaration-de-taille","status":"publish","type":"post","link":"https:\/\/www.public.sn\/index.php\/2023\/02\/09\/mega-meeting-a-mbacke-ousmane-sonko-fait-une-declaration-de-taille\/","title":{"rendered":"M\u00e9ga meeting \u00e0 Mback\u00e9 : Ousmane Sonko fait une d\u00e9claration de taille"},"content":{"rendered":"<p><b>Le leader de Pastef est pr\u00eat \u00e0 en d\u00e9coudre avec le r\u00e9gime en place. En effet, apr\u00e8s \u00a0avoir d\u00e9plor\u00e9 les tirs de grenades lacrymog\u00e8nes sur son cort\u00e8ge lors de sa visite \u00e0 la mairie de la Patte d\u2019Oie \u00e0 Dakar, Ousmane Sonko a encore appel\u00e9 \u00e0 la mobilisation pour le m\u00e9ga meeting pr\u00e9vu demain \u00e0 Mback\u00e9 malgr\u00e9 le communiqu\u00e9 du pr\u00e9fet de cette localit\u00e9 interdisant ce rassemblement.<\/b><\/p><div class=\"publi-paragraphe1\" style=\"margin-top: 10px;margin-bottom: 10px;margin-left: auto;margin-right: auto;text-align: center;\" id=\"publi-1957468449\"><div class=\"publi-adlabel\">Publicit\u00e9<\/div><script async src=\"\/\/pagead2.googlesyndication.com\/pagead\/js\/adsbygoogle.js?client=ca-pub-4089586018074219\" crossorigin=\"anonymous\"><\/script><ins class=\"adsbygoogle\" style=\"display:block;\" data-ad-client=\"ca-pub-4089586018074219\" \ndata-ad-slot=\"2087940154\" \ndata-ad-format=\"auto\"><\/ins>\n<script> \n(adsbygoogle = window.adsbygoogle || []).push({}); \n<\/script>\n<\/div>\n<p>In extenso, sa d\u00e9claration!<\/p>\n<p>Mes chers compatriotes,<br \/>\nA Dakar, ce jeudi 09 f\u00e9vrier 2023, mon cort\u00e8ge a essuy\u00e9 des tirs de grenades lacrymog\u00e8nes pour une simple visite \u00e0 la mairie de la Patte d\u2019Oie; alors qu\u2019hier, Macky Sall, pr\u00e9sident de l\u2019APR, s\u2019est pay\u00e9, tranquillement, un convoi politique \u00e0 Thi\u00e8s sous pr\u00e9texte d&rsquo;un conseil des ministres d\u00e9centralis\u00e9.<br \/>\n\u00c0 Mback\u00e9, toujours ce jeudi 09 f\u00e9vrier 2023, le commissaire de police a convoqu\u00e9 les responsables du parti, organisateurs du meeting de Pastef, pr\u00e9vu demain, pour leur dire que l\u2019activit\u00e9 ne pourrait \u00eatre tenue au motif qu\u2019il n\u2019y a que deux signataires sur la lettre d\u2019information \u00e0 l\u2019administration.<\/p>\n<p>Au moment o\u00f9 nous \u00e9crivons ces lignes, certains parmi eux sont en \u00e9tat d\u2019arrestation, y compris un d\u00e9put\u00e9 \u00e0 l\u2019Assembl\u00e9e nationale, l\u2019honorable Cheikh Thioro Mback\u00e9.<\/p>\n<p>La forfaiture du pr\u00e9fet, auteur de cette d\u00e9cision est choquante. En effet, en ouvrant les guillemets pour citer l\u2019article 96 du code p\u00e9nal du S\u00e9n\u00e9gal en vigueur, comme base l\u00e9gale de \u00ab l\u2019interdiction \u00bb, le pr\u00e9fet du d\u00e9partement de Mback\u00e9, monsieur Amadoune Diop, a reproduit les dispositions, non pas du Code p\u00e9nal, mais celles de la loi N*74-13 du 24 juin 1974, d\u2019ailleurs abrog\u00e9e, dans ses dispositions contraires, par l\u2019article 18 de la loi N\u00b0 78-02 DU 29 janvier 1978 relatives aux r\u00e9unions. Cette forfaiture ne passera pas!<\/p>\n<p>Nous avons saisi la Cour Supr\u00eame d\u2019une requ\u00eate en r\u00e9f\u00e9r\u00e9 aux fins de l\u2019annulation de cette honteuse d\u00e9cision.<\/p>\n<p>En attendant la d\u00e9cision du juge des r\u00e9f\u00e9r\u00e9s, le Mega Meeting de Mback\u00e9 reste maintenu ! Au pr\u00e9fet qui s\u2019est courb\u00e9 devant les ordres ill\u00e9gaux de ses sup\u00e9rieurs d\u2019en assumer les cons\u00e9quences devant l\u2019histoire.<br \/>\nEn cons\u00e9quence, j\u2019appelle les militants et sympathisants \u00e0 maintenir la tr\u00e8s forte mobilisation not\u00e9e qui cr\u00e9e la psychose chez Macky Sall au point qu\u2019il ait besoin d\u2019\u00eatre \u00ab rassur\u00e9 \u00bb par une mobilisation payante de ses responsables et alli\u00e9s politiques moribonds.<\/p>\n<p>En tout \u00e9tat de cause, j\u2019avais d\u00e9j\u00e0 formul\u00e9 mon intention d\u2019accomplir ma pri\u00e8re du vendredi dans la cit\u00e9 religieuse de Touba avant de me rendre \u00e0 Mback\u00e9 solliciter les pri\u00e8res aupr\u00e8s de Serigne Amdy Modou Mbenda Fall, khalife des baye fall , je compte bien m\u2019en acquitter par la gr\u00e2ce de Dieu.<br \/>\nAucune dictature ne prosp\u00e9rera au S\u00e9n\u00e9gal et plus aucune forfaiture ne sera tol\u00e9r\u00e9e. Macky Sall gagnerait \u00e0 le comprendre, pendant qu\u2019il est encore temps, pour pr\u00e9server la paix civile.<\/p>\n<div class=\"publi-apres-le-contenu\" style=\"margin-top: 10px;margin-bottom: 10px;margin-left: auto;margin-right: auto;text-align: center;\" id=\"publi-648202737\"><div class=\"publi-adlabel\">Publicit\u00e9<\/div><script async src=\"\/\/pagead2.googlesyndication.com\/pagead\/js\/adsbygoogle.js?client=ca-pub-4089586018074219\" crossorigin=\"anonymous\"><\/script><ins class=\"adsbygoogle\" style=\"display:block;\" data-ad-client=\"ca-pub-4089586018074219\" \ndata-ad-slot=\"2087940154\" \ndata-ad-format=\"auto\"><\/ins>\n<script> \n(adsbygoogle = window.adsbygoogle || []).push({}); \n<\/script>\n<\/div>","protected":false},"excerpt":{"rendered":"<p>Le leader de Pastef est pr\u00eat \u00e0 en d\u00e9coudre avec le r\u00e9gime en place. En effet, apr\u00e8s \u00a0avoir d\u00e9plor\u00e9 les tirs de grenades lacrymog\u00e8nes sur son cort\u00e8ge lors de sa visite \u00e0 la mairie de la Patte d\u2019Oie \u00e0 Dakar, Ousmane Sonko a encore appel\u00e9 \u00e0 la mobilisation pour le m\u00e9ga meeting pr\u00e9vu demain \u00e0 Mback\u00e9 malgr\u00e9 le communiqu\u00e9 du pr\u00e9fet de cette localit\u00e9 interdisant ce rassemblement. In extenso, sa d\u00e9claration! Mes chers compatriotes, A Dakar, ce jeudi 09 f\u00e9vrier 2023, mon cort\u00e8ge a essuy\u00e9 des tirs de grenades lacrymog\u00e8nes pour une simple visite \u00e0 la mairie de la Patte d\u2019Oie; alors qu\u2019hier, Macky Sall, pr\u00e9sident de l\u2019APR, s\u2019est pay\u00e9, tranquillement, un convoi politique \u00e0 Thi\u00e8s sous pr\u00e9texte d&rsquo;un conseil des ministres d\u00e9centralis\u00e9. \u00c0 Mback\u00e9, toujours ce jeudi 09 f\u00e9vrier 2023, le commissaire de police a convoqu\u00e9 les responsables du parti, organisateurs du meeting de Pastef, pr\u00e9vu demain, pour leur dire que l\u2019activit\u00e9 ne pourrait \u00eatre tenue au motif qu\u2019il n\u2019y a que deux signataires sur la lettre d\u2019information \u00e0 l\u2019administration. Au moment o\u00f9 nous \u00e9crivons ces lignes, certains parmi eux sont en \u00e9tat d\u2019arrestation, y compris un d\u00e9put\u00e9 \u00e0 l\u2019Assembl\u00e9e nationale, l\u2019honorable Cheikh Thioro Mback\u00e9. La forfaiture du pr\u00e9fet, auteur de cette d\u00e9cision est choquante. En effet, en ouvrant les guillemets pour citer l\u2019article 96 du code p\u00e9nal du S\u00e9n\u00e9gal en vigueur, comme base l\u00e9gale de \u00ab l\u2019interdiction \u00bb, le pr\u00e9fet du d\u00e9partement de Mback\u00e9, monsieur Amadoune Diop, a reproduit les dispositions, non pas du Code p\u00e9nal, mais celles de la loi N*74-13 du 24 juin 1974, d\u2019ailleurs abrog\u00e9e, dans ses dispositions contraires, par l\u2019article 18 de la loi N\u00b0 78-02 DU 29 janvier 1978 relatives aux r\u00e9unions. Cette forfaiture ne passera pas! Nous avons saisi la Cour Supr\u00eame d\u2019une requ\u00eate en r\u00e9f\u00e9r\u00e9 aux fins de l\u2019annulation de cette honteuse d\u00e9cision. En attendant la d\u00e9cision du juge des r\u00e9f\u00e9r\u00e9s, le Mega Meeting de Mback\u00e9 reste maintenu ! Au pr\u00e9fet qui s\u2019est courb\u00e9 devant les ordres ill\u00e9gaux de ses sup\u00e9rieurs d\u2019en assumer les cons\u00e9quences devant l\u2019histoire. En cons\u00e9quence, j\u2019appelle les militants et sympathisants \u00e0 maintenir la tr\u00e8s forte mobilisation not\u00e9e qui cr\u00e9e la psychose chez Macky Sall au point qu\u2019il ait besoin d\u2019\u00eatre \u00ab rassur\u00e9 \u00bb par une mobilisation payante de ses responsables et alli\u00e9s politiques moribonds. En tout \u00e9tat de cause, j\u2019avais d\u00e9j\u00e0 formul\u00e9 mon intention d\u2019accomplir ma pri\u00e8re du vendredi dans la cit\u00e9 religieuse de Touba avant de me rendre \u00e0 Mback\u00e9 solliciter les pri\u00e8res aupr\u00e8s de Serigne Amdy Modou Mbenda Fall, khalife des baye fall , je compte bien m\u2019en acquitter par la gr\u00e2ce de Dieu. Aucune dictature ne prosp\u00e9rera au S\u00e9n\u00e9gal et plus aucune forfaiture ne sera tol\u00e9r\u00e9e. Macky Sall gagnerait \u00e0 le comprendre, pendant qu\u2019il est encore temps, pour pr\u00e9server la paix civile.<\/p>\n","protected":false},"author":1,"featured_media":7980,"comment_status":"open","ping_status":"open","sticky":false,"template":"","format":"standard","meta":{"_jetpack_memberships_contains_paid_content":false,"footnotes":""},"categories":[375,3,1,372],"tags":[1529,4162,16],"class_list":["post-15331","post","type-post","status-publish","format-standard","has-post-thumbnail","hentry","category-actualites","category-politique","category-non-classe","category-vedette","tag-mbacke","tag-meeting","tag-ousmane-sonko","entry","has-media","owp-thumbs-layout-horizontal","owp-btn-normal","owp-tabs-layout-horizontal","has-no-thumbnails","has-product-nav"],"yoast_head":"<!-- This site is optimized with the Yoast SEO plugin v25.5 - https:\/\/yoast.com\/wordpress\/plugins\/seo\/ -->\n<title>M\u00e9ga meeting \u00e0 Mback\u00e9 : Ousmane Sonko fait une d\u00e9claration de taille - LE PUBLIC<\/title>\n<meta name=\"description\" content=\"Le leader de Pastef est pr\u00eat \u00e0 en d\u00e9coudre avec le r\u00e9gime en place. En effet, apr\u00e8s \u00a0avoir d\u00e9plor\u00e9 les tirs de grenades lacrymog\u00e8nes sur son cort\u00e8ge lors de sa visite \u00e0 la mairie de la Patte d\u2019Oie \u00e0 Dakar, Ousmane Sonko a encore appel\u00e9 \u00e0 la mobilisation pour le m\u00e9ga meeting pr\u00e9vu demain \u00e0 Mback\u00e9 malgr\u00e9 le communiqu\u00e9 du pr\u00e9fet de cette localit\u00e9 interdisant ce rassemblement.\" \/>\n<meta name=\"robots\" content=\"index, follow, max-snippet:-1, max-image-preview:large, max-video-preview:-1\" \/>\n<link rel=\"canonical\" href=\"https:\/\/www.public.sn\/index.php\/2023\/02\/09\/mega-meeting-a-mbacke-ousmane-sonko-fait-une-declaration-de-taille\/\" \/>\n<meta property=\"og:locale\" content=\"fr_FR\" \/>\n<meta property=\"og:type\" content=\"article\" \/>\n<meta property=\"og:title\" content=\"M\u00e9ga meeting \u00e0 Mback\u00e9 : Ousmane Sonko fait une d\u00e9claration de taille - LE PUBLIC\" \/>\n<meta property=\"og:description\" content=\"Le leader de Pastef est pr\u00eat \u00e0 en d\u00e9coudre avec le r\u00e9gime en place. En effet, apr\u00e8s \u00a0avoir d\u00e9plor\u00e9 les tirs de grenades lacrymog\u00e8nes sur son cort\u00e8ge lors de sa visite \u00e0 la mairie de la Patte d\u2019Oie \u00e0 Dakar, Ousmane Sonko a encore appel\u00e9 \u00e0 la mobilisation pour le m\u00e9ga meeting pr\u00e9vu demain \u00e0 Mback\u00e9 malgr\u00e9 le communiqu\u00e9 du pr\u00e9fet de cette localit\u00e9 interdisant ce rassemblement.\" \/>\n<meta property=\"og:url\" content=\"https:\/\/www.public.sn\/index.php\/2023\/02\/09\/mega-meeting-a-mbacke-ousmane-sonko-fait-une-declaration-de-taille\/\" \/>\n<meta property=\"og:site_name\" content=\"LE PUBLIC\" \/>\n<meta property=\"article:published_time\" content=\"2023-02-09T21:07:31+00:00\" \/>\n<meta property=\"article:modified_time\" content=\"2023-02-09T21:09:46+00:00\" \/>\n<meta property=\"og:image\" content=\"https:\/\/www.public.sn\/wp-content\/uploads\/2022\/11\/OUSMANE-SONKO-EN-CONF-1080x900-1.png\" \/>\n\t<meta property=\"og:image:width\" content=\"1080\" \/>\n\t<meta property=\"og:image:height\" content=\"900\" \/>\n\t<meta property=\"og:image:type\" content=\"image\/png\" \/>\n<meta name=\"author\" content=\"LA REDACTION\" \/>\n<meta name=\"twitter:card\" content=\"summary_large_image\" \/>\n<meta name=\"twitter:label1\" content=\"\u00c9crit par\" \/>\n\t<meta name=\"twitter:data1\" content=\"LA REDACTION\" \/>\n\t<meta name=\"twitter:label2\" content=\"Dur\u00e9e de lecture estim\u00e9e\" \/>\n\t<meta name=\"twitter:data2\" content=\"3 minutes\" \/>\n<script type=\"application\/ld+json\" class=\"yoast-schema-graph\">{\"@context\":\"https:\/\/schema.org\",\"@graph\":[{\"@type\":\"Article\",\"@id\":\"https:\/\/www.public.sn\/index.php\/2023\/02\/09\/mega-meeting-a-mbacke-ousmane-sonko-fait-une-declaration-de-taille\/#article\",\"isPartOf\":{\"@id\":\"https:\/\/www.public.sn\/index.php\/2023\/02\/09\/mega-meeting-a-mbacke-ousmane-sonko-fait-une-declaration-de-taille\/\"},\"author\":{\"name\":\"LA REDACTION\",\"@id\":\"https:\/\/www.public.sn\/#\/schema\/person\/e3f4a11b037d4203902db148f9bc8d5a\"},\"headline\":\"M\u00e9ga meeting \u00e0 Mback\u00e9 : Ousmane Sonko fait une d\u00e9claration de taille\",\"datePublished\":\"2023-02-09T21:07:31+00:00\",\"dateModified\":\"2023-02-09T21:09:46+00:00\",\"mainEntityOfPage\":{\"@id\":\"https:\/\/www.public.sn\/index.php\/2023\/02\/09\/mega-meeting-a-mbacke-ousmane-sonko-fait-une-declaration-de-taille\/\"},\"wordCount\":533,\"commentCount\":0,\"publisher\":{\"@id\":\"https:\/\/www.public.sn\/#organization\"},\"image\":{\"@id\":\"https:\/\/www.public.sn\/index.php\/2023\/02\/09\/mega-meeting-a-mbacke-ousmane-sonko-fait-une-declaration-de-taille\/#primaryimage\"},\"thumbnailUrl\":\"https:\/\/www.public.sn\/wp-content\/uploads\/2022\/11\/OUSMANE-SONKO-EN-CONF-1080x900-1.png\",\"keywords\":[\"mback\u00e9\",\"meeting\",\"Ousmane Sonko\"],\"articleSection\":[\"ACTUALIT\u00c9S\",\"POLITIQUE\",\"S\u00c9N\u00c9GAL\",\"VEDETTE\"],\"inLanguage\":\"fr-FR\",\"potentialAction\":[{\"@type\":\"CommentAction\",\"name\":\"Comment\",\"target\":[\"https:\/\/www.public.sn\/index.php\/2023\/02\/09\/mega-meeting-a-mbacke-ousmane-sonko-fait-une-declaration-de-taille\/#respond\"]}]},{\"@type\":\"WebPage\",\"@id\":\"https:\/\/www.public.sn\/index.php\/2023\/02\/09\/mega-meeting-a-mbacke-ousmane-sonko-fait-une-declaration-de-taille\/\",\"url\":\"https:\/\/www.public.sn\/index.php\/2023\/02\/09\/mega-meeting-a-mbacke-ousmane-sonko-fait-une-declaration-de-taille\/\",\"name\":\"M\u00e9ga meeting \u00e0 Mback\u00e9 : Ousmane Sonko fait une d\u00e9claration de taille - LE PUBLIC\",\"isPartOf\":{\"@id\":\"https:\/\/www.public.sn\/#website\"},\"primaryImageOfPage\":{\"@id\":\"https:\/\/www.public.sn\/index.php\/2023\/02\/09\/mega-meeting-a-mbacke-ousmane-sonko-fait-une-declaration-de-taille\/#primaryimage\"},\"image\":{\"@id\":\"https:\/\/www.public.sn\/index.php\/2023\/02\/09\/mega-meeting-a-mbacke-ousmane-sonko-fait-une-declaration-de-taille\/#primaryimage\"},\"thumbnailUrl\":\"https:\/\/www.public.sn\/wp-content\/uploads\/2022\/11\/OUSMANE-SONKO-EN-CONF-1080x900-1.png\",\"datePublished\":\"2023-02-09T21:07:31+00:00\",\"dateModified\":\"2023-02-09T21:09:46+00:00\",\"description\":\"Le leader de Pastef est pr\u00eat \u00e0 en d\u00e9coudre avec le r\u00e9gime en place. En effet, apr\u00e8s \u00a0avoir d\u00e9plor\u00e9 les tirs de grenades lacrymog\u00e8nes sur son cort\u00e8ge lors de sa visite \u00e0 la mairie de la Patte d\u2019Oie \u00e0 Dakar, Ousmane Sonko a encore appel\u00e9 \u00e0 la mobilisation pour le m\u00e9ga meeting pr\u00e9vu demain \u00e0 Mback\u00e9 malgr\u00e9 le communiqu\u00e9 du pr\u00e9fet de cette localit\u00e9 interdisant ce rassemblement.\",\"breadcrumb\":{\"@id\":\"https:\/\/www.public.sn\/index.php\/2023\/02\/09\/mega-meeting-a-mbacke-ousmane-sonko-fait-une-declaration-de-taille\/#breadcrumb\"},\"inLanguage\":\"fr-FR\",\"potentialAction\":[{\"@type\":\"ReadAction\",\"target\":[\"https:\/\/www.public.sn\/index.php\/2023\/02\/09\/mega-meeting-a-mbacke-ousmane-sonko-fait-une-declaration-de-taille\/\"]}]},{\"@type\":\"ImageObject\",\"inLanguage\":\"fr-FR\",\"@id\":\"https:\/\/www.public.sn\/index.php\/2023\/02\/09\/mega-meeting-a-mbacke-ousmane-sonko-fait-une-declaration-de-taille\/#primaryimage\",\"url\":\"https:\/\/www.public.sn\/wp-content\/uploads\/2022\/11\/OUSMANE-SONKO-EN-CONF-1080x900-1.png\",\"contentUrl\":\"https:\/\/www.public.sn\/wp-content\/uploads\/2022\/11\/OUSMANE-SONKO-EN-CONF-1080x900-1.png\",\"width\":1080,\"height\":900,\"caption\":\"publicsn\"},{\"@type\":\"BreadcrumbList\",\"@id\":\"https:\/\/www.public.sn\/index.php\/2023\/02\/09\/mega-meeting-a-mbacke-ousmane-sonko-fait-une-declaration-de-taille\/#breadcrumb\",\"itemListElement\":[{\"@type\":\"ListItem\",\"position\":1,\"name\":\"Accueil\",\"item\":\"https:\/\/www.public.sn\/\"},{\"@type\":\"ListItem\",\"position\":2,\"name\":\"M\u00e9ga meeting \u00e0 Mback\u00e9 : Ousmane Sonko fait une d\u00e9claration de taille\"}]},{\"@type\":\"WebSite\",\"@id\":\"https:\/\/www.public.sn\/#website\",\"url\":\"https:\/\/www.public.sn\/\",\"name\":\"LE PUBLIC\",\"description\":\"\",\"publisher\":{\"@id\":\"https:\/\/www.public.sn\/#organization\"},\"potentialAction\":[{\"@type\":\"SearchAction\",\"target\":{\"@type\":\"EntryPoint\",\"urlTemplate\":\"https:\/\/www.public.sn\/?s={search_term_string}\"},\"query-input\":{\"@type\":\"PropertyValueSpecification\",\"valueRequired\":true,\"valueName\":\"search_term_string\"}}],\"inLanguage\":\"fr-FR\"},{\"@type\":\"Organization\",\"@id\":\"https:\/\/www.public.sn\/#organization\",\"name\":\"LE PUBLIC\",\"url\":\"https:\/\/www.public.sn\/\",\"logo\":{\"@type\":\"ImageObject\",\"inLanguage\":\"fr-FR\",\"@id\":\"https:\/\/www.public.sn\/#\/schema\/logo\/image\/\",\"url\":\"https:\/\/www.public.sn\/wp-content\/uploads\/2024\/05\/cropped-LOGO-PUBLIC.SN_.png\",\"contentUrl\":\"https:\/\/www.public.sn\/wp-content\/uploads\/2024\/05\/cropped-LOGO-PUBLIC.SN_.png\",\"width\":682,\"height\":192,\"caption\":\"LE PUBLIC\"},\"image\":{\"@id\":\"https:\/\/www.public.sn\/#\/schema\/logo\/image\/\"}},{\"@type\":\"Person\",\"@id\":\"https:\/\/www.public.sn\/#\/schema\/person\/e3f4a11b037d4203902db148f9bc8d5a\",\"name\":\"LA REDACTION\",\"image\":{\"@type\":\"ImageObject\",\"inLanguage\":\"fr-FR\",\"@id\":\"https:\/\/www.public.sn\/#\/schema\/person\/image\/\",\"url\":\"https:\/\/secure.gravatar.com\/avatar\/d6c030db45db2883c075085c5d6c6258654a801a93766b49af0b82d4f454e2a5?s=96&d=mm&r=g\",\"contentUrl\":\"https:\/\/secure.gravatar.com\/avatar\/d6c030db45db2883c075085c5d6c6258654a801a93766b49af0b82d4f454e2a5?s=96&d=mm&r=g\",\"caption\":\"LA REDACTION\"},\"sameAs\":[\"http:\/\/www.public.sn\"],\"url\":\"https:\/\/www.public.sn\/index.php\/author\/admin7324\/\"}]}<\/script>\n<!-- \/ Yoast SEO plugin. -->","yoast_head_json":{"title":"M\u00e9ga meeting \u00e0 Mback\u00e9 : Ousmane Sonko fait une d\u00e9claration de taille - LE PUBLIC","description":"Le leader de Pastef est pr\u00eat \u00e0 en d\u00e9coudre avec le r\u00e9gime en place. En effet, apr\u00e8s \u00a0avoir d\u00e9plor\u00e9 les tirs de grenades lacrymog\u00e8nes sur son cort\u00e8ge lors de sa visite \u00e0 la mairie de la Patte d\u2019Oie \u00e0 Dakar, Ousmane Sonko a encore appel\u00e9 \u00e0 la mobilisation pour le m\u00e9ga meeting pr\u00e9vu demain \u00e0 Mback\u00e9 malgr\u00e9 le communiqu\u00e9 du pr\u00e9fet de cette localit\u00e9 interdisant ce rassemblement.","robots":{"index":"index","follow":"follow","max-snippet":"max-snippet:-1","max-image-preview":"max-image-preview:large","max-video-preview":"max-video-preview:-1"},"canonical":"https:\/\/www.public.sn\/index.php\/2023\/02\/09\/mega-meeting-a-mbacke-ousmane-sonko-fait-une-declaration-de-taille\/","og_locale":"fr_FR","og_type":"article","og_title":"M\u00e9ga meeting \u00e0 Mback\u00e9 : Ousmane Sonko fait une d\u00e9claration de taille - LE PUBLIC","og_description":"Le leader de Pastef est pr\u00eat \u00e0 en d\u00e9coudre avec le r\u00e9gime en place. En effet, apr\u00e8s \u00a0avoir d\u00e9plor\u00e9 les tirs de grenades lacrymog\u00e8nes sur son cort\u00e8ge lors de sa visite \u00e0 la mairie de la Patte d\u2019Oie \u00e0 Dakar, Ousmane Sonko a encore appel\u00e9 \u00e0 la mobilisation pour le m\u00e9ga meeting pr\u00e9vu demain \u00e0 Mback\u00e9 malgr\u00e9 le communiqu\u00e9 du pr\u00e9fet de cette localit\u00e9 interdisant ce rassemblement.","og_url":"https:\/\/www.public.sn\/index.php\/2023\/02\/09\/mega-meeting-a-mbacke-ousmane-sonko-fait-une-declaration-de-taille\/","og_site_name":"LE PUBLIC","article_published_time":"2023-02-09T21:07:31+00:00","article_modified_time":"2023-02-09T21:09:46+00:00","og_image":[{"width":1080,"height":900,"url":"https:\/\/www.public.sn\/wp-content\/uploads\/2022\/11\/OUSMANE-SONKO-EN-CONF-1080x900-1.png","type":"image\/png"}],"author":"LA REDACTION","twitter_card":"summary_large_image","twitter_misc":{"\u00c9crit par":"LA REDACTION","Dur\u00e9e de lecture estim\u00e9e":"3 minutes"},"schema":{"@context":"https:\/\/schema.org","@graph":[{"@type":"Article","@id":"https:\/\/www.public.sn\/index.php\/2023\/02\/09\/mega-meeting-a-mbacke-ousmane-sonko-fait-une-declaration-de-taille\/#article","isPartOf":{"@id":"https:\/\/www.public.sn\/index.php\/2023\/02\/09\/mega-meeting-a-mbacke-ousmane-sonko-fait-une-declaration-de-taille\/"},"author":{"name":"LA REDACTION","@id":"https:\/\/www.public.sn\/#\/schema\/person\/e3f4a11b037d4203902db148f9bc8d5a"},"headline":"M\u00e9ga meeting \u00e0 Mback\u00e9 : Ousmane Sonko fait une d\u00e9claration de taille","datePublished":"2023-02-09T21:07:31+00:00","dateModified":"2023-02-09T21:09:46+00:00","mainEntityOfPage":{"@id":"https:\/\/www.public.sn\/index.php\/2023\/02\/09\/mega-meeting-a-mbacke-ousmane-sonko-fait-une-declaration-de-taille\/"},"wordCount":533,"commentCount":0,"publisher":{"@id":"https:\/\/www.public.sn\/#organization"},"image":{"@id":"https:\/\/www.public.sn\/index.php\/2023\/02\/09\/mega-meeting-a-mbacke-ousmane-sonko-fait-une-declaration-de-taille\/#primaryimage"},"thumbnailUrl":"https:\/\/www.public.sn\/wp-content\/uploads\/2022\/11\/OUSMANE-SONKO-EN-CONF-1080x900-1.png","keywords":["mback\u00e9","meeting","Ousmane Sonko"],"articleSection":["ACTUALIT\u00c9S","POLITIQUE","S\u00c9N\u00c9GAL","VEDETTE"],"inLanguage":"fr-FR","potentialAction":[{"@type":"CommentAction","name":"Comment","target":["https:\/\/www.public.sn\/index.php\/2023\/02\/09\/mega-meeting-a-mbacke-ousmane-sonko-fait-une-declaration-de-taille\/#respond"]}]},{"@type":"WebPage","@id":"https:\/\/www.public.sn\/index.php\/2023\/02\/09\/mega-meeting-a-mbacke-ousmane-sonko-fait-une-declaration-de-taille\/","url":"https:\/\/www.public.sn\/index.php\/2023\/02\/09\/mega-meeting-a-mbacke-ousmane-sonko-fait-une-declaration-de-taille\/","name":"M\u00e9ga meeting \u00e0 Mback\u00e9 : Ousmane Sonko fait une d\u00e9claration de taille - LE PUBLIC","isPartOf":{"@id":"https:\/\/www.public.sn\/#website"},"primaryImageOfPage":{"@id":"https:\/\/www.public.sn\/index.php\/2023\/02\/09\/mega-meeting-a-mbacke-ousmane-sonko-fait-une-declaration-de-taille\/#primaryimage"},"image":{"@id":"https:\/\/www.public.sn\/index.php\/2023\/02\/09\/mega-meeting-a-mbacke-ousmane-sonko-fait-une-declaration-de-taille\/#primaryimage"},"thumbnailUrl":"https:\/\/www.public.sn\/wp-content\/uploads\/2022\/11\/OUSMANE-SONKO-EN-CONF-1080x900-1.png","datePublished":"2023-02-09T21:07:31+00:00","dateModified":"2023-02-09T21:09:46+00:00","description":"Le leader de Pastef est pr\u00eat \u00e0 en d\u00e9coudre avec le r\u00e9gime en place. En effet, apr\u00e8s \u00a0avoir d\u00e9plor\u00e9 les tirs de grenades lacrymog\u00e8nes sur son cort\u00e8ge lors de sa visite \u00e0 la mairie de la Patte d\u2019Oie \u00e0 Dakar, Ousmane Sonko a encore appel\u00e9 \u00e0 la mobilisation pour le m\u00e9ga meeting pr\u00e9vu demain \u00e0 Mback\u00e9 malgr\u00e9 le communiqu\u00e9 du pr\u00e9fet de cette localit\u00e9 interdisant ce rassemblement.","breadcrumb":{"@id":"https:\/\/www.public.sn\/index.php\/2023\/02\/09\/mega-meeting-a-mbacke-ousmane-sonko-fait-une-declaration-de-taille\/#breadcrumb"},"inLanguage":"fr-FR","potentialAction":[{"@type":"ReadAction","target":["https:\/\/www.public.sn\/index.php\/2023\/02\/09\/mega-meeting-a-mbacke-ousmane-sonko-fait-une-declaration-de-taille\/"]}]},{"@type":"ImageObject","inLanguage":"fr-FR","@id":"https:\/\/www.public.sn\/index.php\/2023\/02\/09\/mega-meeting-a-mbacke-ousmane-sonko-fait-une-declaration-de-taille\/#primaryimage","url":"https:\/\/www.public.sn\/wp-content\/uploads\/2022\/11\/OUSMANE-SONKO-EN-CONF-1080x900-1.png","contentUrl":"https:\/\/www.public.sn\/wp-content\/uploads\/2022\/11\/OUSMANE-SONKO-EN-CONF-1080x900-1.png","width":1080,"height":900,"caption":"publicsn"},{"@type":"BreadcrumbList","@id":"https:\/\/www.public.sn\/index.php\/2023\/02\/09\/mega-meeting-a-mbacke-ousmane-sonko-fait-une-declaration-de-taille\/#breadcrumb","itemListElement":[{"@type":"ListItem","position":1,"name":"Accueil","item":"https:\/\/www.public.sn\/"},{"@type":"ListItem","position":2,"name":"M\u00e9ga meeting \u00e0 Mback\u00e9 : Ousmane Sonko fait une d\u00e9claration de taille"}]},{"@type":"WebSite","@id":"https:\/\/www.public.sn\/#website","url":"https:\/\/www.public.sn\/","name":"LE PUBLIC","description":"","publisher":{"@id":"https:\/\/www.public.sn\/#organization"},"potentialAction":[{"@type":"SearchAction","target":{"@type":"EntryPoint","urlTemplate":"https:\/\/www.public.sn\/?s={search_term_string}"},"query-input":{"@type":"PropertyValueSpecification","valueRequired":true,"valueName":"search_term_string"}}],"inLanguage":"fr-FR"},{"@type":"Organization","@id":"https:\/\/www.public.sn\/#organization","name":"LE PUBLIC","url":"https:\/\/www.public.sn\/","logo":{"@type":"ImageObject","inLanguage":"fr-FR","@id":"https:\/\/www.public.sn\/#\/schema\/logo\/image\/","url":"https:\/\/www.public.sn\/wp-content\/uploads\/2024\/05\/cropped-LOGO-PUBLIC.SN_.png","contentUrl":"https:\/\/www.public.sn\/wp-content\/uploads\/2024\/05\/cropped-LOGO-PUBLIC.SN_.png","width":682,"height":192,"caption":"LE PUBLIC"},"image":{"@id":"https:\/\/www.public.sn\/#\/schema\/logo\/image\/"}},{"@type":"Person","@id":"https:\/\/www.public.sn\/#\/schema\/person\/e3f4a11b037d4203902db148f9bc8d5a","name":"LA REDACTION","image":{"@type":"ImageObject","inLanguage":"fr-FR","@id":"https:\/\/www.public.sn\/#\/schema\/person\/image\/","url":"https:\/\/secure.gravatar.com\/avatar\/d6c030db45db2883c075085c5d6c6258654a801a93766b49af0b82d4f454e2a5?s=96&d=mm&r=g","contentUrl":"https:\/\/secure.gravatar.com\/avatar\/d6c030db45db2883c075085c5d6c6258654a801a93766b49af0b82d4f454e2a5?s=96&d=mm&r=g","caption":"LA REDACTION"},"sameAs":["http:\/\/www.public.sn"],"url":"https:\/\/www.public.sn\/index.php\/author\/admin7324\/"}]}},"jetpack_featured_media_url":"https:\/\/www.public.sn\/wp-content\/uploads\/2022\/11\/OUSMANE-SONKO-EN-CONF-1080x900-1.png","jetpack_sharing_enabled":true,"_links":{"self":[{"href":"https:\/\/www.public.sn\/index.php\/wp-json\/wp\/v2\/posts\/15331","targetHints":{"allow":["GET"]}}],"collection":[{"href":"https:\/\/www.public.sn\/index.php\/wp-json\/wp\/v2\/posts"}],"about":[{"href":"https:\/\/www.public.sn\/index.php\/wp-json\/wp\/v2\/types\/post"}],"author":[{"embeddable":true,"href":"https:\/\/www.public.sn\/index.php\/wp-json\/wp\/v2\/users\/1"}],"replies":[{"embeddable":true,"href":"https:\/\/www.public.sn\/index.php\/wp-json\/wp\/v2\/comments?post=15331"}],"version-history":[{"count":2,"href":"https:\/\/www.public.sn\/index.php\/wp-json\/wp\/v2\/posts\/15331\/revisions"}],"predecessor-version":[{"id":15333,"href":"https:\/\/www.public.sn\/index.php\/wp-json\/wp\/v2\/posts\/15331\/revisions\/15333"}],"wp:featuredmedia":[{"embeddable":true,"href":"https:\/\/www.public.sn\/index.php\/wp-json\/wp\/v2\/media\/7980"}],"wp:attachment":[{"href":"https:\/\/www.public.sn\/index.php\/wp-json\/wp\/v2\/media?parent=15331"}],"wp:term":[{"taxonomy":"category","embeddable":true,"href":"https:\/\/www.public.sn\/index.php\/wp-json\/wp\/v2\/categories?post=15331"},{"taxonomy":"post_tag","embeddable":true,"href":"https:\/\/www.public.sn\/index.php\/wp-json\/wp\/v2\/tags?post=15331"}],"curies":[{"name":"wp","href":"https:\/\/api.w.org\/{rel}","templated":true}]}}