{"id":1537,"date":"2022-09-08T22:12:17","date_gmt":"2022-09-08T20:12:17","guid":{"rendered":"https:\/\/www.public.sn\/?p=1537"},"modified":"2022-09-08T22:13:31","modified_gmt":"2022-09-08T20:13:31","slug":"le-chef-de-letat-macky-sall-a-recu-en-palais-le-polonais-andrzej-duda","status":"publish","type":"post","link":"https:\/\/www.public.sn\/index.php\/2022\/09\/08\/le-chef-de-letat-macky-sall-a-recu-en-palais-le-polonais-andrzej-duda\/","title":{"rendered":"Le Chef de l\u2019\u00c9tat Macky Sall a recu en palais le polonais Andrzej Duda."},"content":{"rendered":"\n<p><strong>En visite officielle \u00e0 Dakar, \u00a0le pr\u00e9sident polonais Andrzej Duda et le chef de l\u2019\u00c9tat Macky Sall, ont anim\u00e9 ce jeudi 08 Septembre une d\u00e9claration de presse conjointe. <\/strong><br>Lors de cette rencontre avec la presse nationale au terme d\u2019une s\u00e9ance de travail entre les deux chefs d\u2019\u00c9tat et de leurs gouvernements, le pr\u00e9sident Macky Sall s\u2019est f\u00e9licit\u00e9 de l\u2019\u00e9tat de la coop\u00e9ration entre le S\u00e9n\u00e9gal et la Pologne. \u00c0 l\u2019issue de ce rendez-vous de Dakar, les deux pays se sont engag\u00e9s \u00e0 consolider la coop\u00e9ration bilat\u00e9rale entre les deux pays dans divers secteurs tels que l\u2019agriculture, l\u2019assainissement et la formation maritime&#8230;\u00a0<br>\u00a0\u00a0<br>\u00ab J&rsquo;appr\u00e9cie beaucoup votre visite qui fait suite \u00e0 celle que j&rsquo;avais effectu\u00e9e en Pologne en 2016. Le S\u00e9n\u00e9gal et la Pologne entretiennent de tr\u00e8s bons rapports de coop\u00e9ration. Notre coop\u00e9ration s&rsquo;est renforc\u00e9e avec l&rsquo;ouverture r\u00e9ciproque d&rsquo;ambassades \u00e0 Varsovie en 2015 et de la Pologne \u00e0 Dakar en 2016. Nous avons exprim\u00e9 au pr\u00e9sident Duda notre forte volont\u00e9 de consolider et \u00e9largir la coop\u00e9ration bilat\u00e9rale entre les deux pays dans les secteurs cl\u00e9s de l&rsquo;agriculture de l&rsquo;assainissement de la formation maritime o\u00f9 la Pologne dispose d&rsquo;une expertise av\u00e9r\u00e9e. Et nous avons beaucoup \u00e0 apprendre de la Pologne \u00bb, a pr\u00e9cis\u00e9 le chef de l\u2019\u00c9tat S\u00e9n\u00e9galais.\u00a0<br>\u00a0\u00a0<br>Par ailleurs, le pr\u00e9sident Macky Sall a \u00e9galement rassur\u00e9 Andrzej Duda, que le S\u00e9n\u00e9gal reste un pays ouvert \u00e0 tous les partenariats et que ses portes sont grandement ouvertes pour accueillir les entreprises polonaises qui cherchent \u00e0 investir dans diff\u00e9rents secteurs. \u00a0\u00ab Nos deux gouvernements vont examiner en d\u00e9tails tous ces volets et voir comment allouer la ligne de cr\u00e9dit de 100 millions de dollars US que la Pologne a mise \u00e0 la disposition du S\u00e9n\u00e9gal en guise de pr\u00eat. Nous voulons aussi collaborer dans le domaine des hydrocarbures, dans la perspective de l&rsquo;exploitation prochaine de gaz et de p\u00e9trole \u00e0 compter de 2023.\u00a0<br>\u00a0\u00a0<br>Nous souhaitons par ailleurs renforcer les \u00e9changes \u00e9conomiques par l&rsquo;investissement en impliquant davantage nos secteurs priv\u00e9s respectifs. J&rsquo;ai rassur\u00e9 le Pr\u00e9sident Duda sur le fait que le S\u00e9n\u00e9gal reste un pays ouvert \u00e0 tous les partenariats et que les entreprises polonaises sont les bienvenues chez nous dans les domaines comme la construction, le logement, les infrastructures h\u00f4teli\u00e8res, les Agro- p\u00f4les, l&rsquo;industrie de fa\u00e7on g\u00e9n\u00e9rale pour ne citer que ces domaines. \u00bb Ce qui a \u00e9t\u00e9 bien appr\u00e9ci\u00e9 par le pr\u00e9sident Polonais Andrzej Duda, qui n\u2019a pas aussi manqu\u00e9 \u00e0 saluer les beaux jours de la coop\u00e9ration bilat\u00e9rale entre les deux \u00c9tats.<\/p><div class=\"publi-paragraphe1\" style=\"margin-top: 10px;margin-bottom: 10px;margin-left: auto;margin-right: auto;text-align: center;\" id=\"publi-1115168574\"><div class=\"publi-adlabel\">Publicit\u00e9<\/div><script async src=\"\/\/pagead2.googlesyndication.com\/pagead\/js\/adsbygoogle.js?client=ca-pub-4089586018074219\" crossorigin=\"anonymous\"><\/script><ins class=\"adsbygoogle\" style=\"display:block;\" data-ad-client=\"ca-pub-4089586018074219\" \ndata-ad-slot=\"2087940154\" \ndata-ad-format=\"auto\"><\/ins>\n<script> \n(adsbygoogle = window.adsbygoogle || []).push({}); \n<\/script>\n<\/div>\n<div class=\"publi-apres-le-contenu\" style=\"margin-top: 10px;margin-bottom: 10px;margin-left: auto;margin-right: auto;text-align: center;\" id=\"publi-1793946316\"><div class=\"publi-adlabel\">Publicit\u00e9<\/div><script async src=\"\/\/pagead2.googlesyndication.com\/pagead\/js\/adsbygoogle.js?client=ca-pub-4089586018074219\" crossorigin=\"anonymous\"><\/script><ins class=\"adsbygoogle\" style=\"display:block;\" data-ad-client=\"ca-pub-4089586018074219\" \ndata-ad-slot=\"2087940154\" \ndata-ad-format=\"auto\"><\/ins>\n<script> \n(adsbygoogle = window.adsbygoogle || []).push({}); \n<\/script>\n<\/div>","protected":false},"excerpt":{"rendered":"<p>En visite officielle \u00e0 Dakar, \u00a0le pr\u00e9sident polonais Andrzej Duda et le chef de l\u2019\u00c9tat Macky Sall, ont anim\u00e9 ce jeudi 08 Septembre une d\u00e9claration de presse conjointe. Lors de cette rencontre avec la presse nationale au terme d\u2019une s\u00e9ance de travail entre les deux chefs d\u2019\u00c9tat et de leurs gouvernements, le pr\u00e9sident Macky Sall s\u2019est f\u00e9licit\u00e9 de l\u2019\u00e9tat de la coop\u00e9ration entre le S\u00e9n\u00e9gal et la Pologne. \u00c0 l\u2019issue de ce rendez-vous de Dakar, les deux pays se sont engag\u00e9s \u00e0 consolider la coop\u00e9ration bilat\u00e9rale entre les deux pays dans divers secteurs tels que l\u2019agriculture, l\u2019assainissement et la formation maritime&#8230;\u00a0\u00a0\u00a0\u00ab J&rsquo;appr\u00e9cie beaucoup votre visite qui fait suite \u00e0 celle que j&rsquo;avais effectu\u00e9e en Pologne en 2016. Le S\u00e9n\u00e9gal et la Pologne entretiennent de tr\u00e8s bons rapports de coop\u00e9ration. Notre coop\u00e9ration s&rsquo;est renforc\u00e9e avec l&rsquo;ouverture r\u00e9ciproque d&rsquo;ambassades \u00e0 Varsovie en 2015 et de la Pologne \u00e0 Dakar en 2016. Nous avons exprim\u00e9 au pr\u00e9sident Duda notre forte volont\u00e9 de consolider et \u00e9largir la coop\u00e9ration bilat\u00e9rale entre les deux pays dans les secteurs cl\u00e9s de l&rsquo;agriculture de l&rsquo;assainissement de la formation maritime o\u00f9 la Pologne dispose d&rsquo;une expertise av\u00e9r\u00e9e. Et nous avons beaucoup \u00e0 apprendre de la Pologne \u00bb, a pr\u00e9cis\u00e9 le chef de l\u2019\u00c9tat S\u00e9n\u00e9galais.\u00a0\u00a0\u00a0Par ailleurs, le pr\u00e9sident Macky Sall a \u00e9galement rassur\u00e9 Andrzej Duda, que le S\u00e9n\u00e9gal reste un pays ouvert \u00e0 tous les partenariats et que ses portes sont grandement ouvertes pour accueillir les entreprises polonaises qui cherchent \u00e0 investir dans diff\u00e9rents secteurs. \u00a0\u00ab Nos deux gouvernements vont examiner en d\u00e9tails tous ces volets et voir comment allouer la ligne de cr\u00e9dit de 100 millions de dollars US que la Pologne a mise \u00e0 la disposition du S\u00e9n\u00e9gal en guise de pr\u00eat. Nous voulons aussi collaborer dans le domaine des hydrocarbures, dans la perspective de l&rsquo;exploitation prochaine de gaz et de p\u00e9trole \u00e0 compter de 2023.\u00a0\u00a0\u00a0Nous souhaitons par ailleurs renforcer les \u00e9changes \u00e9conomiques par l&rsquo;investissement en impliquant davantage nos secteurs priv\u00e9s respectifs. J&rsquo;ai rassur\u00e9 le Pr\u00e9sident Duda sur le fait que le S\u00e9n\u00e9gal reste un pays ouvert \u00e0 tous les partenariats et que les entreprises polonaises sont les bienvenues chez nous dans les domaines comme la construction, le logement, les infrastructures h\u00f4teli\u00e8res, les Agro- p\u00f4les, l&rsquo;industrie de fa\u00e7on g\u00e9n\u00e9rale pour ne citer que ces domaines. \u00bb Ce qui a \u00e9t\u00e9 bien appr\u00e9ci\u00e9 par le pr\u00e9sident Polonais Andrzej Duda, qui n\u2019a pas aussi manqu\u00e9 \u00e0 saluer les beaux jours de la coop\u00e9ration bilat\u00e9rale entre les deux \u00c9tats.<\/p>\n","protected":false},"author":1,"featured_media":1538,"comment_status":"open","ping_status":"open","sticky":false,"template":"","format":"standard","meta":{"_jetpack_memberships_contains_paid_content":false,"footnotes":""},"categories":[375],"tags":[647,11,127,648,649],"class_list":["post-1537","post","type-post","status-publish","format-standard","has-post-thumbnail","hentry","category-actualites","tag-andrzej-duda","tag-macky-sall","tag-palais","tag-pologne","tag-visite","entry","has-media","owp-thumbs-layout-horizontal","owp-btn-normal","owp-tabs-layout-horizontal","has-no-thumbnails","has-product-nav"],"yoast_head":"<!-- This site is optimized with the Yoast SEO plugin v25.5 - https:\/\/yoast.com\/wordpress\/plugins\/seo\/ -->\n<title>Le Chef de l\u2019\u00c9tat Macky Sall a recu en palais le polonais Andrzej Duda. - LE PUBLIC<\/title>\n<meta name=\"robots\" content=\"index, follow, max-snippet:-1, max-image-preview:large, max-video-preview:-1\" \/>\n<link rel=\"canonical\" href=\"https:\/\/www.public.sn\/index.php\/2022\/09\/08\/le-chef-de-letat-macky-sall-a-recu-en-palais-le-polonais-andrzej-duda\/\" \/>\n<meta property=\"og:locale\" content=\"fr_FR\" \/>\n<meta property=\"og:type\" content=\"article\" \/>\n<meta property=\"og:title\" content=\"Le Chef de l\u2019\u00c9tat Macky Sall a recu en palais le polonais Andrzej Duda. - LE PUBLIC\" \/>\n<meta property=\"og:description\" content=\"En visite officielle \u00e0 Dakar, \u00a0le pr\u00e9sident polonais Andrzej Duda et le chef de l\u2019\u00c9tat Macky Sall, ont anim\u00e9 ce jeudi 08 Septembre une d\u00e9claration de presse conjointe. Lors de cette rencontre avec la presse nationale au terme d\u2019une s\u00e9ance de travail entre les deux chefs d\u2019\u00c9tat et de leurs gouvernements, le pr\u00e9sident Macky Sall s\u2019est f\u00e9licit\u00e9 de l\u2019\u00e9tat de la coop\u00e9ration entre le S\u00e9n\u00e9gal et la Pologne. \u00c0 l\u2019issue de ce rendez-vous de Dakar, les deux pays se sont engag\u00e9s \u00e0 consolider la coop\u00e9ration bilat\u00e9rale entre les deux pays dans divers secteurs tels que l\u2019agriculture, l\u2019assainissement et la formation maritime&#8230;\u00a0\u00a0\u00a0\u00ab J&rsquo;appr\u00e9cie beaucoup votre visite qui fait suite \u00e0 celle que j&rsquo;avais effectu\u00e9e en Pologne en 2016. Le S\u00e9n\u00e9gal et la Pologne entretiennent de tr\u00e8s bons rapports de coop\u00e9ration. Notre coop\u00e9ration s&rsquo;est renforc\u00e9e avec l&rsquo;ouverture r\u00e9ciproque d&rsquo;ambassades \u00e0 Varsovie en 2015 et de la Pologne \u00e0 Dakar en 2016. Nous avons exprim\u00e9 au pr\u00e9sident Duda notre forte volont\u00e9 de consolider et \u00e9largir la coop\u00e9ration bilat\u00e9rale entre les deux pays dans les secteurs cl\u00e9s de l&rsquo;agriculture de l&rsquo;assainissement de la formation maritime o\u00f9 la Pologne dispose d&rsquo;une expertise av\u00e9r\u00e9e. Et nous avons beaucoup \u00e0 apprendre de la Pologne \u00bb, a pr\u00e9cis\u00e9 le chef de l\u2019\u00c9tat S\u00e9n\u00e9galais.\u00a0\u00a0\u00a0Par ailleurs, le pr\u00e9sident Macky Sall a \u00e9galement rassur\u00e9 Andrzej Duda, que le S\u00e9n\u00e9gal reste un pays ouvert \u00e0 tous les partenariats et que ses portes sont grandement ouvertes pour accueillir les entreprises polonaises qui cherchent \u00e0 investir dans diff\u00e9rents secteurs. \u00a0\u00ab Nos deux gouvernements vont examiner en d\u00e9tails tous ces volets et voir comment allouer la ligne de cr\u00e9dit de 100 millions de dollars US que la Pologne a mise \u00e0 la disposition du S\u00e9n\u00e9gal en guise de pr\u00eat. Nous voulons aussi collaborer dans le domaine des hydrocarbures, dans la perspective de l&rsquo;exploitation prochaine de gaz et de p\u00e9trole \u00e0 compter de 2023.\u00a0\u00a0\u00a0Nous souhaitons par ailleurs renforcer les \u00e9changes \u00e9conomiques par l&rsquo;investissement en impliquant davantage nos secteurs priv\u00e9s respectifs. J&rsquo;ai rassur\u00e9 le Pr\u00e9sident Duda sur le fait que le S\u00e9n\u00e9gal reste un pays ouvert \u00e0 tous les partenariats et que les entreprises polonaises sont les bienvenues chez nous dans les domaines comme la construction, le logement, les infrastructures h\u00f4teli\u00e8res, les Agro- p\u00f4les, l&rsquo;industrie de fa\u00e7on g\u00e9n\u00e9rale pour ne citer que ces domaines. \u00bb Ce qui a \u00e9t\u00e9 bien appr\u00e9ci\u00e9 par le pr\u00e9sident Polonais Andrzej Duda, qui n\u2019a pas aussi manqu\u00e9 \u00e0 saluer les beaux jours de la coop\u00e9ration bilat\u00e9rale entre les deux \u00c9tats.\" \/>\n<meta property=\"og:url\" content=\"https:\/\/www.public.sn\/index.php\/2022\/09\/08\/le-chef-de-letat-macky-sall-a-recu-en-palais-le-polonais-andrzej-duda\/\" \/>\n<meta property=\"og:site_name\" content=\"LE PUBLIC\" \/>\n<meta property=\"article:published_time\" content=\"2022-09-08T20:12:17+00:00\" \/>\n<meta property=\"article:modified_time\" content=\"2022-09-08T20:13:31+00:00\" \/>\n<meta property=\"og:image\" content=\"https:\/\/www.public.sn\/wp-content\/uploads\/2022\/09\/6EEAC12C-1725-4365-A489-2930BB70205B.jpeg\" \/>\n\t<meta property=\"og:image:width\" content=\"720\" \/>\n\t<meta property=\"og:image:height\" content=\"538\" \/>\n\t<meta property=\"og:image:type\" content=\"image\/jpeg\" \/>\n<meta name=\"author\" content=\"LA REDACTION\" \/>\n<meta name=\"twitter:card\" content=\"summary_large_image\" \/>\n<meta name=\"twitter:label1\" content=\"\u00c9crit par\" \/>\n\t<meta name=\"twitter:data1\" content=\"LA REDACTION\" \/>\n\t<meta name=\"twitter:label2\" content=\"Dur\u00e9e de lecture estim\u00e9e\" \/>\n\t<meta name=\"twitter:data2\" content=\"3 minutes\" \/>\n<script type=\"application\/ld+json\" class=\"yoast-schema-graph\">{\"@context\":\"https:\/\/schema.org\",\"@graph\":[{\"@type\":\"Article\",\"@id\":\"https:\/\/www.public.sn\/index.php\/2022\/09\/08\/le-chef-de-letat-macky-sall-a-recu-en-palais-le-polonais-andrzej-duda\/#article\",\"isPartOf\":{\"@id\":\"https:\/\/www.public.sn\/index.php\/2022\/09\/08\/le-chef-de-letat-macky-sall-a-recu-en-palais-le-polonais-andrzej-duda\/\"},\"author\":{\"name\":\"LA REDACTION\",\"@id\":\"https:\/\/www.public.sn\/#\/schema\/person\/e3f4a11b037d4203902db148f9bc8d5a\"},\"headline\":\"Le Chef de l\u2019\u00c9tat Macky Sall a recu en palais le polonais Andrzej Duda.\",\"datePublished\":\"2022-09-08T20:12:17+00:00\",\"dateModified\":\"2022-09-08T20:13:31+00:00\",\"mainEntityOfPage\":{\"@id\":\"https:\/\/www.public.sn\/index.php\/2022\/09\/08\/le-chef-de-letat-macky-sall-a-recu-en-palais-le-polonais-andrzej-duda\/\"},\"wordCount\":466,\"commentCount\":0,\"publisher\":{\"@id\":\"https:\/\/www.public.sn\/#organization\"},\"image\":{\"@id\":\"https:\/\/www.public.sn\/index.php\/2022\/09\/08\/le-chef-de-letat-macky-sall-a-recu-en-palais-le-polonais-andrzej-duda\/#primaryimage\"},\"thumbnailUrl\":\"https:\/\/www.public.sn\/wp-content\/uploads\/2022\/09\/6EEAC12C-1725-4365-A489-2930BB70205B.jpeg\",\"keywords\":[\"Andrzej Duda\",\"Macky Sall\",\"Palais\",\"Pologne\",\"Visite\"],\"articleSection\":[\"ACTUALIT\u00c9S\"],\"inLanguage\":\"fr-FR\",\"potentialAction\":[{\"@type\":\"CommentAction\",\"name\":\"Comment\",\"target\":[\"https:\/\/www.public.sn\/index.php\/2022\/09\/08\/le-chef-de-letat-macky-sall-a-recu-en-palais-le-polonais-andrzej-duda\/#respond\"]}]},{\"@type\":\"WebPage\",\"@id\":\"https:\/\/www.public.sn\/index.php\/2022\/09\/08\/le-chef-de-letat-macky-sall-a-recu-en-palais-le-polonais-andrzej-duda\/\",\"url\":\"https:\/\/www.public.sn\/index.php\/2022\/09\/08\/le-chef-de-letat-macky-sall-a-recu-en-palais-le-polonais-andrzej-duda\/\",\"name\":\"Le Chef de l\u2019\u00c9tat Macky Sall a recu en palais le polonais Andrzej Duda. - LE PUBLIC\",\"isPartOf\":{\"@id\":\"https:\/\/www.public.sn\/#website\"},\"primaryImageOfPage\":{\"@id\":\"https:\/\/www.public.sn\/index.php\/2022\/09\/08\/le-chef-de-letat-macky-sall-a-recu-en-palais-le-polonais-andrzej-duda\/#primaryimage\"},\"image\":{\"@id\":\"https:\/\/www.public.sn\/index.php\/2022\/09\/08\/le-chef-de-letat-macky-sall-a-recu-en-palais-le-polonais-andrzej-duda\/#primaryimage\"},\"thumbnailUrl\":\"https:\/\/www.public.sn\/wp-content\/uploads\/2022\/09\/6EEAC12C-1725-4365-A489-2930BB70205B.jpeg\",\"datePublished\":\"2022-09-08T20:12:17+00:00\",\"dateModified\":\"2022-09-08T20:13:31+00:00\",\"breadcrumb\":{\"@id\":\"https:\/\/www.public.sn\/index.php\/2022\/09\/08\/le-chef-de-letat-macky-sall-a-recu-en-palais-le-polonais-andrzej-duda\/#breadcrumb\"},\"inLanguage\":\"fr-FR\",\"potentialAction\":[{\"@type\":\"ReadAction\",\"target\":[\"https:\/\/www.public.sn\/index.php\/2022\/09\/08\/le-chef-de-letat-macky-sall-a-recu-en-palais-le-polonais-andrzej-duda\/\"]}]},{\"@type\":\"ImageObject\",\"inLanguage\":\"fr-FR\",\"@id\":\"https:\/\/www.public.sn\/index.php\/2022\/09\/08\/le-chef-de-letat-macky-sall-a-recu-en-palais-le-polonais-andrzej-duda\/#primaryimage\",\"url\":\"https:\/\/www.public.sn\/wp-content\/uploads\/2022\/09\/6EEAC12C-1725-4365-A489-2930BB70205B.jpeg\",\"contentUrl\":\"https:\/\/www.public.sn\/wp-content\/uploads\/2022\/09\/6EEAC12C-1725-4365-A489-2930BB70205B.jpeg\",\"width\":720,\"height\":538},{\"@type\":\"BreadcrumbList\",\"@id\":\"https:\/\/www.public.sn\/index.php\/2022\/09\/08\/le-chef-de-letat-macky-sall-a-recu-en-palais-le-polonais-andrzej-duda\/#breadcrumb\",\"itemListElement\":[{\"@type\":\"ListItem\",\"position\":1,\"name\":\"Accueil\",\"item\":\"https:\/\/www.public.sn\/\"},{\"@type\":\"ListItem\",\"position\":2,\"name\":\"Le Chef de l\u2019\u00c9tat Macky Sall a recu en palais le polonais Andrzej Duda.\"}]},{\"@type\":\"WebSite\",\"@id\":\"https:\/\/www.public.sn\/#website\",\"url\":\"https:\/\/www.public.sn\/\",\"name\":\"LE PUBLIC\",\"description\":\"\",\"publisher\":{\"@id\":\"https:\/\/www.public.sn\/#organization\"},\"potentialAction\":[{\"@type\":\"SearchAction\",\"target\":{\"@type\":\"EntryPoint\",\"urlTemplate\":\"https:\/\/www.public.sn\/?s={search_term_string}\"},\"query-input\":{\"@type\":\"PropertyValueSpecification\",\"valueRequired\":true,\"valueName\":\"search_term_string\"}}],\"inLanguage\":\"fr-FR\"},{\"@type\":\"Organization\",\"@id\":\"https:\/\/www.public.sn\/#organization\",\"name\":\"LE PUBLIC\",\"url\":\"https:\/\/www.public.sn\/\",\"logo\":{\"@type\":\"ImageObject\",\"inLanguage\":\"fr-FR\",\"@id\":\"https:\/\/www.public.sn\/#\/schema\/logo\/image\/\",\"url\":\"https:\/\/www.public.sn\/wp-content\/uploads\/2024\/05\/cropped-LOGO-PUBLIC.SN_.png\",\"contentUrl\":\"https:\/\/www.public.sn\/wp-content\/uploads\/2024\/05\/cropped-LOGO-PUBLIC.SN_.png\",\"width\":682,\"height\":192,\"caption\":\"LE PUBLIC\"},\"image\":{\"@id\":\"https:\/\/www.public.sn\/#\/schema\/logo\/image\/\"}},{\"@type\":\"Person\",\"@id\":\"https:\/\/www.public.sn\/#\/schema\/person\/e3f4a11b037d4203902db148f9bc8d5a\",\"name\":\"LA REDACTION\",\"image\":{\"@type\":\"ImageObject\",\"inLanguage\":\"fr-FR\",\"@id\":\"https:\/\/www.public.sn\/#\/schema\/person\/image\/\",\"url\":\"https:\/\/secure.gravatar.com\/avatar\/d6c030db45db2883c075085c5d6c6258654a801a93766b49af0b82d4f454e2a5?s=96&d=mm&r=g\",\"contentUrl\":\"https:\/\/secure.gravatar.com\/avatar\/d6c030db45db2883c075085c5d6c6258654a801a93766b49af0b82d4f454e2a5?s=96&d=mm&r=g\",\"caption\":\"LA REDACTION\"},\"sameAs\":[\"http:\/\/www.public.sn\"],\"url\":\"https:\/\/www.public.sn\/index.php\/author\/admin7324\/\"}]}<\/script>\n<!-- \/ Yoast SEO plugin. -->","yoast_head_json":{"title":"Le Chef de l\u2019\u00c9tat Macky Sall a recu en palais le polonais Andrzej Duda. - LE PUBLIC","robots":{"index":"index","follow":"follow","max-snippet":"max-snippet:-1","max-image-preview":"max-image-preview:large","max-video-preview":"max-video-preview:-1"},"canonical":"https:\/\/www.public.sn\/index.php\/2022\/09\/08\/le-chef-de-letat-macky-sall-a-recu-en-palais-le-polonais-andrzej-duda\/","og_locale":"fr_FR","og_type":"article","og_title":"Le Chef de l\u2019\u00c9tat Macky Sall a recu en palais le polonais Andrzej Duda. - LE PUBLIC","og_description":"En visite officielle \u00e0 Dakar, \u00a0le pr\u00e9sident polonais Andrzej Duda et le chef de l\u2019\u00c9tat Macky Sall, ont anim\u00e9 ce jeudi 08 Septembre une d\u00e9claration de presse conjointe. Lors de cette rencontre avec la presse nationale au terme d\u2019une s\u00e9ance de travail entre les deux chefs d\u2019\u00c9tat et de leurs gouvernements, le pr\u00e9sident Macky Sall s\u2019est f\u00e9licit\u00e9 de l\u2019\u00e9tat de la coop\u00e9ration entre le S\u00e9n\u00e9gal et la Pologne. \u00c0 l\u2019issue de ce rendez-vous de Dakar, les deux pays se sont engag\u00e9s \u00e0 consolider la coop\u00e9ration bilat\u00e9rale entre les deux pays dans divers secteurs tels que l\u2019agriculture, l\u2019assainissement et la formation maritime&#8230;\u00a0\u00a0\u00a0\u00ab J&rsquo;appr\u00e9cie beaucoup votre visite qui fait suite \u00e0 celle que j&rsquo;avais effectu\u00e9e en Pologne en 2016. Le S\u00e9n\u00e9gal et la Pologne entretiennent de tr\u00e8s bons rapports de coop\u00e9ration. Notre coop\u00e9ration s&rsquo;est renforc\u00e9e avec l&rsquo;ouverture r\u00e9ciproque d&rsquo;ambassades \u00e0 Varsovie en 2015 et de la Pologne \u00e0 Dakar en 2016. Nous avons exprim\u00e9 au pr\u00e9sident Duda notre forte volont\u00e9 de consolider et \u00e9largir la coop\u00e9ration bilat\u00e9rale entre les deux pays dans les secteurs cl\u00e9s de l&rsquo;agriculture de l&rsquo;assainissement de la formation maritime o\u00f9 la Pologne dispose d&rsquo;une expertise av\u00e9r\u00e9e. Et nous avons beaucoup \u00e0 apprendre de la Pologne \u00bb, a pr\u00e9cis\u00e9 le chef de l\u2019\u00c9tat S\u00e9n\u00e9galais.\u00a0\u00a0\u00a0Par ailleurs, le pr\u00e9sident Macky Sall a \u00e9galement rassur\u00e9 Andrzej Duda, que le S\u00e9n\u00e9gal reste un pays ouvert \u00e0 tous les partenariats et que ses portes sont grandement ouvertes pour accueillir les entreprises polonaises qui cherchent \u00e0 investir dans diff\u00e9rents secteurs. \u00a0\u00ab Nos deux gouvernements vont examiner en d\u00e9tails tous ces volets et voir comment allouer la ligne de cr\u00e9dit de 100 millions de dollars US que la Pologne a mise \u00e0 la disposition du S\u00e9n\u00e9gal en guise de pr\u00eat. Nous voulons aussi collaborer dans le domaine des hydrocarbures, dans la perspective de l&rsquo;exploitation prochaine de gaz et de p\u00e9trole \u00e0 compter de 2023.\u00a0\u00a0\u00a0Nous souhaitons par ailleurs renforcer les \u00e9changes \u00e9conomiques par l&rsquo;investissement en impliquant davantage nos secteurs priv\u00e9s respectifs. J&rsquo;ai rassur\u00e9 le Pr\u00e9sident Duda sur le fait que le S\u00e9n\u00e9gal reste un pays ouvert \u00e0 tous les partenariats et que les entreprises polonaises sont les bienvenues chez nous dans les domaines comme la construction, le logement, les infrastructures h\u00f4teli\u00e8res, les Agro- p\u00f4les, l&rsquo;industrie de fa\u00e7on g\u00e9n\u00e9rale pour ne citer que ces domaines. \u00bb Ce qui a \u00e9t\u00e9 bien appr\u00e9ci\u00e9 par le pr\u00e9sident Polonais Andrzej Duda, qui n\u2019a pas aussi manqu\u00e9 \u00e0 saluer les beaux jours de la coop\u00e9ration bilat\u00e9rale entre les deux \u00c9tats.","og_url":"https:\/\/www.public.sn\/index.php\/2022\/09\/08\/le-chef-de-letat-macky-sall-a-recu-en-palais-le-polonais-andrzej-duda\/","og_site_name":"LE PUBLIC","article_published_time":"2022-09-08T20:12:17+00:00","article_modified_time":"2022-09-08T20:13:31+00:00","og_image":[{"width":720,"height":538,"url":"https:\/\/www.public.sn\/wp-content\/uploads\/2022\/09\/6EEAC12C-1725-4365-A489-2930BB70205B.jpeg","type":"image\/jpeg"}],"author":"LA REDACTION","twitter_card":"summary_large_image","twitter_misc":{"\u00c9crit par":"LA REDACTION","Dur\u00e9e de lecture estim\u00e9e":"3 minutes"},"schema":{"@context":"https:\/\/schema.org","@graph":[{"@type":"Article","@id":"https:\/\/www.public.sn\/index.php\/2022\/09\/08\/le-chef-de-letat-macky-sall-a-recu-en-palais-le-polonais-andrzej-duda\/#article","isPartOf":{"@id":"https:\/\/www.public.sn\/index.php\/2022\/09\/08\/le-chef-de-letat-macky-sall-a-recu-en-palais-le-polonais-andrzej-duda\/"},"author":{"name":"LA REDACTION","@id":"https:\/\/www.public.sn\/#\/schema\/person\/e3f4a11b037d4203902db148f9bc8d5a"},"headline":"Le Chef de l\u2019\u00c9tat Macky Sall a recu en palais le polonais Andrzej Duda.","datePublished":"2022-09-08T20:12:17+00:00","dateModified":"2022-09-08T20:13:31+00:00","mainEntityOfPage":{"@id":"https:\/\/www.public.sn\/index.php\/2022\/09\/08\/le-chef-de-letat-macky-sall-a-recu-en-palais-le-polonais-andrzej-duda\/"},"wordCount":466,"commentCount":0,"publisher":{"@id":"https:\/\/www.public.sn\/#organization"},"image":{"@id":"https:\/\/www.public.sn\/index.php\/2022\/09\/08\/le-chef-de-letat-macky-sall-a-recu-en-palais-le-polonais-andrzej-duda\/#primaryimage"},"thumbnailUrl":"https:\/\/www.public.sn\/wp-content\/uploads\/2022\/09\/6EEAC12C-1725-4365-A489-2930BB70205B.jpeg","keywords":["Andrzej Duda","Macky Sall","Palais","Pologne","Visite"],"articleSection":["ACTUALIT\u00c9S"],"inLanguage":"fr-FR","potentialAction":[{"@type":"CommentAction","name":"Comment","target":["https:\/\/www.public.sn\/index.php\/2022\/09\/08\/le-chef-de-letat-macky-sall-a-recu-en-palais-le-polonais-andrzej-duda\/#respond"]}]},{"@type":"WebPage","@id":"https:\/\/www.public.sn\/index.php\/2022\/09\/08\/le-chef-de-letat-macky-sall-a-recu-en-palais-le-polonais-andrzej-duda\/","url":"https:\/\/www.public.sn\/index.php\/2022\/09\/08\/le-chef-de-letat-macky-sall-a-recu-en-palais-le-polonais-andrzej-duda\/","name":"Le Chef de l\u2019\u00c9tat Macky Sall a recu en palais le polonais Andrzej Duda. - LE PUBLIC","isPartOf":{"@id":"https:\/\/www.public.sn\/#website"},"primaryImageOfPage":{"@id":"https:\/\/www.public.sn\/index.php\/2022\/09\/08\/le-chef-de-letat-macky-sall-a-recu-en-palais-le-polonais-andrzej-duda\/#primaryimage"},"image":{"@id":"https:\/\/www.public.sn\/index.php\/2022\/09\/08\/le-chef-de-letat-macky-sall-a-recu-en-palais-le-polonais-andrzej-duda\/#primaryimage"},"thumbnailUrl":"https:\/\/www.public.sn\/wp-content\/uploads\/2022\/09\/6EEAC12C-1725-4365-A489-2930BB70205B.jpeg","datePublished":"2022-09-08T20:12:17+00:00","dateModified":"2022-09-08T20:13:31+00:00","breadcrumb":{"@id":"https:\/\/www.public.sn\/index.php\/2022\/09\/08\/le-chef-de-letat-macky-sall-a-recu-en-palais-le-polonais-andrzej-duda\/#breadcrumb"},"inLanguage":"fr-FR","potentialAction":[{"@type":"ReadAction","target":["https:\/\/www.public.sn\/index.php\/2022\/09\/08\/le-chef-de-letat-macky-sall-a-recu-en-palais-le-polonais-andrzej-duda\/"]}]},{"@type":"ImageObject","inLanguage":"fr-FR","@id":"https:\/\/www.public.sn\/index.php\/2022\/09\/08\/le-chef-de-letat-macky-sall-a-recu-en-palais-le-polonais-andrzej-duda\/#primaryimage","url":"https:\/\/www.public.sn\/wp-content\/uploads\/2022\/09\/6EEAC12C-1725-4365-A489-2930BB70205B.jpeg","contentUrl":"https:\/\/www.public.sn\/wp-content\/uploads\/2022\/09\/6EEAC12C-1725-4365-A489-2930BB70205B.jpeg","width":720,"height":538},{"@type":"BreadcrumbList","@id":"https:\/\/www.public.sn\/index.php\/2022\/09\/08\/le-chef-de-letat-macky-sall-a-recu-en-palais-le-polonais-andrzej-duda\/#breadcrumb","itemListElement":[{"@type":"ListItem","position":1,"name":"Accueil","item":"https:\/\/www.public.sn\/"},{"@type":"ListItem","position":2,"name":"Le Chef de l\u2019\u00c9tat Macky Sall a recu en palais le polonais Andrzej Duda."}]},{"@type":"WebSite","@id":"https:\/\/www.public.sn\/#website","url":"https:\/\/www.public.sn\/","name":"LE PUBLIC","description":"","publisher":{"@id":"https:\/\/www.public.sn\/#organization"},"potentialAction":[{"@type":"SearchAction","target":{"@type":"EntryPoint","urlTemplate":"https:\/\/www.public.sn\/?s={search_term_string}"},"query-input":{"@type":"PropertyValueSpecification","valueRequired":true,"valueName":"search_term_string"}}],"inLanguage":"fr-FR"},{"@type":"Organization","@id":"https:\/\/www.public.sn\/#organization","name":"LE PUBLIC","url":"https:\/\/www.public.sn\/","logo":{"@type":"ImageObject","inLanguage":"fr-FR","@id":"https:\/\/www.public.sn\/#\/schema\/logo\/image\/","url":"https:\/\/www.public.sn\/wp-content\/uploads\/2024\/05\/cropped-LOGO-PUBLIC.SN_.png","contentUrl":"https:\/\/www.public.sn\/wp-content\/uploads\/2024\/05\/cropped-LOGO-PUBLIC.SN_.png","width":682,"height":192,"caption":"LE PUBLIC"},"image":{"@id":"https:\/\/www.public.sn\/#\/schema\/logo\/image\/"}},{"@type":"Person","@id":"https:\/\/www.public.sn\/#\/schema\/person\/e3f4a11b037d4203902db148f9bc8d5a","name":"LA REDACTION","image":{"@type":"ImageObject","inLanguage":"fr-FR","@id":"https:\/\/www.public.sn\/#\/schema\/person\/image\/","url":"https:\/\/secure.gravatar.com\/avatar\/d6c030db45db2883c075085c5d6c6258654a801a93766b49af0b82d4f454e2a5?s=96&d=mm&r=g","contentUrl":"https:\/\/secure.gravatar.com\/avatar\/d6c030db45db2883c075085c5d6c6258654a801a93766b49af0b82d4f454e2a5?s=96&d=mm&r=g","caption":"LA REDACTION"},"sameAs":["http:\/\/www.public.sn"],"url":"https:\/\/www.public.sn\/index.php\/author\/admin7324\/"}]}},"jetpack_featured_media_url":"https:\/\/www.public.sn\/wp-content\/uploads\/2022\/09\/6EEAC12C-1725-4365-A489-2930BB70205B.jpeg","jetpack_sharing_enabled":true,"_links":{"self":[{"href":"https:\/\/www.public.sn\/index.php\/wp-json\/wp\/v2\/posts\/1537","targetHints":{"allow":["GET"]}}],"collection":[{"href":"https:\/\/www.public.sn\/index.php\/wp-json\/wp\/v2\/posts"}],"about":[{"href":"https:\/\/www.public.sn\/index.php\/wp-json\/wp\/v2\/types\/post"}],"author":[{"embeddable":true,"href":"https:\/\/www.public.sn\/index.php\/wp-json\/wp\/v2\/users\/1"}],"replies":[{"embeddable":true,"href":"https:\/\/www.public.sn\/index.php\/wp-json\/wp\/v2\/comments?post=1537"}],"version-history":[{"count":2,"href":"https:\/\/www.public.sn\/index.php\/wp-json\/wp\/v2\/posts\/1537\/revisions"}],"predecessor-version":[{"id":1540,"href":"https:\/\/www.public.sn\/index.php\/wp-json\/wp\/v2\/posts\/1537\/revisions\/1540"}],"wp:featuredmedia":[{"embeddable":true,"href":"https:\/\/www.public.sn\/index.php\/wp-json\/wp\/v2\/media\/1538"}],"wp:attachment":[{"href":"https:\/\/www.public.sn\/index.php\/wp-json\/wp\/v2\/media?parent=1537"}],"wp:term":[{"taxonomy":"category","embeddable":true,"href":"https:\/\/www.public.sn\/index.php\/wp-json\/wp\/v2\/categories?post=1537"},{"taxonomy":"post_tag","embeddable":true,"href":"https:\/\/www.public.sn\/index.php\/wp-json\/wp\/v2\/tags?post=1537"}],"curies":[{"name":"wp","href":"https:\/\/api.w.org\/{rel}","templated":true}]}}