{"id":15420,"date":"2023-02-10T10:12:17","date_gmt":"2023-02-10T10:12:17","guid":{"rendered":"https:\/\/www.public.sn\/?p=15420"},"modified":"2023-02-10T10:12:17","modified_gmt":"2023-02-10T10:12:17","slug":"public-matin-flash-info-de-ce-vendredi-10-fevrier-2023","status":"publish","type":"post","link":"https:\/\/www.public.sn\/index.php\/2023\/02\/10\/public-matin-flash-info-de-ce-vendredi-10-fevrier-2023\/","title":{"rendered":"PUBLIC MATIN-  Flash Info  De Ce Vendredi 10 f\u00e9vrier 2023"},"content":{"rendered":"<p>&nbsp;<\/p>\n<p><img fetchpriority=\"high\" decoding=\"async\" class=\"alignnone wp-image-15421 size-full\" src=\"https:\/\/www.public.sn\/wp-content\/uploads\/2023\/02\/macky-idy.webp\" alt=\"\" width=\"1024\" height=\"769\" srcset=\"https:\/\/www.public.sn\/wp-content\/uploads\/2023\/02\/macky-idy.webp 1024w, https:\/\/www.public.sn\/wp-content\/uploads\/2023\/02\/macky-idy-600x451.webp 600w, https:\/\/www.public.sn\/wp-content\/uploads\/2023\/02\/macky-idy-300x225.webp 300w, https:\/\/www.public.sn\/wp-content\/uploads\/2023\/02\/macky-idy-768x577.webp 768w, https:\/\/www.public.sn\/wp-content\/uploads\/2023\/02\/macky-idy-750x563.webp 750w\" sizes=\"(max-width: 1024px) 100vw, 1024px\" \/><\/p>\n<h3><strong>\u00a0 \u00a0 \u00a0 \u00a0 \u00a0 Programme de d\u00e9veloppement : Une enveloppe de 1500 milliards pour Thi\u00e8s<\/strong><\/h3>\n<p><em><strong>Par ElMath NIANG<\/strong><\/em>&#8211; Ce jeudi, lors du Conseil pr\u00e9sidentiel sur le d\u00e9veloppement de Thi\u00e8s, le pr\u00e9sident Macky Sall a annonc\u00e9 l\u2019enveloppe qui est d\u00e9di\u00e9e \u00e0 la r\u00e9gion pour les trois prochaines ann\u00e9es.<\/p><div class=\"publi-paragraphe1\" style=\"margin-top: 10px;margin-bottom: 10px;margin-left: auto;margin-right: auto;text-align: center;\" id=\"publi-1714270409\"><div class=\"publi-adlabel\">Publicit\u00e9<\/div><script async src=\"\/\/pagead2.googlesyndication.com\/pagead\/js\/adsbygoogle.js?client=ca-pub-4089586018074219\" crossorigin=\"anonymous\"><\/script><ins class=\"adsbygoogle\" style=\"display:block;\" data-ad-client=\"ca-pub-4089586018074219\" \ndata-ad-slot=\"2087940154\" \ndata-ad-format=\"auto\"><\/ins>\n<script> \n(adsbygoogle = window.adsbygoogle || []).push({}); \n<\/script>\n<\/div>\n<p>\u00c0 Thi\u00e8s, le programme d\u2019investissement prioritaire d\u00e9clin\u00e9 par le gouvernement, pour les trois prochaines ann\u00e9es, est estim\u00e9 \u00e01500 milliards de francs Cfa. L\u2019annonce a \u00e9t\u00e9 faite par le pr\u00e9sident Macky Sall. Il pr\u00e9sidait, ce jeudi, un conseil pr\u00e9sidentiel sur le D\u00e9veloppement de Thi\u00e8s, renseigne Igfm. Une enveloppe qui reste sous r\u00e9serve des validations en conseil des ministres, dit-il.<\/p>\n<p>\u00abC\u2019est une grosse enveloppe. On a fait de gros efforts \u00e0 Tamba, mais l\u00e0 vous multipliez par 3 l\u2019enveloppe de Tamba (500 milliards pour les 3 ans). Il faut appr\u00e9cier cet effort. Parce que c\u2019est notre ambition qui justifie qu\u2019au-del\u00e0 de ce qui a \u00e9t\u00e9 fait, de nous engager encore sur les trois prochaines ann\u00e9es \u00e0 r\u00e9aliser ce programme\u00bb, a d\u00e9clar\u00e9 Macky Sall.<\/p>\n<p>Cette enveloppe permettra d\u2019acc\u00e9l\u00e9rer la relance du chemin de fer, de consolider la vocation militaire de Thi\u00e8s, de renforcer le maillage s\u00e9curitaire de la r\u00e9gion, acc\u00e9l\u00e9rer le d\u00e9veloppement de la p\u00eache et de l\u2019\u00e9conomie maritime avec la r\u00e9alisation du Port de Ndayane, encadrer l\u2019\u00e9conomie du P\u00e9trole et du gaz avec le gisement offshore de Yakar Teranga etc.<\/p>\n<h3><strong>Meeting interdit \u00e0 Mback\u00e9 : Sonko d\u00e9nonce une d\u00e9cision choquante et saisit la Cour supr\u00eame<\/strong><\/h3>\n<h4>Le M\u00e9ga meeting de Pastef Mback\u00e9 est interdit par le pr\u00e9fet du d\u00e9partement pour non-respect des formalit\u00e9s. Et Ousmane Sonko de d\u00e9noncer une forfaiture, annon\u00e7ant la saisine de la Cour supr\u00eame, informe Senego.<\/h4>\n<p>Le leader de Pastef d\u00e9nonce une forfaiture du pr\u00e9fet, auteur \u00ab\u00a0de cette d\u00e9cision est choquante\u00a0\u00bb. \u00ab\u00a0En ouvrant les guillemets pour citer l\u2019article 96 du code p\u00e9nal du S\u00e9n\u00e9gal en vigueur, comme base l\u00e9gale de \u00ab l\u2019interdiction \u00bb, le pr\u00e9fet du d\u00e9partement de Mback\u00e9, monsieur Amadoune Diop, a reproduit les dispositions, non pas du Code p\u00e9nal, mais celles de la loi N*74-13 du 24 juin 1974, d\u2019ailleurs abrog\u00e9e, dans ses dispositions contraires, par l\u2019article 18 de la loi N\u00b0 78-02 DU 29 janvier 1978 relatives aux r\u00e9unions. Cette forfaiture ne passera pas!\u00a0\u00bb, a r\u00e9agi le leader de Pastef.<\/p>\n<p>Ousmane Sonko annonce que Pastef a saisi la Cour Supr\u00eame d\u2019une requ\u00eate en r\u00e9f\u00e9r\u00e9 aux fins de l\u2019annulation de ce qu\u2019il qualifie de \u00ab\u00a0honteuse d\u00e9cision\u00a0\u00bb.<\/p>\n<p>\u00ab\u00a0En attendant la d\u00e9cision du juge des r\u00e9f\u00e9r\u00e9s, le Mega Meeting de Mback\u00e9 reste maintenu ! Au pr\u00e9fet qui s\u2019est courb\u00e9 devant les ordres ill\u00e9gaux de ses sup\u00e9rieurs d\u2019en assumer les cons\u00e9quences devant l\u2019histoire\u00a0\u00bb, a-t-il ajout\u00e9.<\/p>\n<h3><strong>Guy Marius Sagna alerte \u201cje viens d\u2019\u00eatre \u00e9t\u00e9 inform\u00e9 que les services de renseignements\u2026\u201d<\/strong><\/h3>\n<h4>Les activit\u00e9s proches de l\u2019opposition sont dans une mauvaise passe ces derniers jours. En tout cas, apr\u00e8s l\u2019arrestation de Hannibal Djim, d\u2019autres sont activement recherch\u00e9s par les services de renseignements, selon le d\u00e9put\u00e9 Guy Marius Sagna. Ce dernier a fait l\u2019annonce sur Facebook, visit\u00e9e par Senego, tout en d\u00e9non\u00e7ant la \u00ab\u00a0tentative d\u2019intimidation\u00a0\u00bb du r\u00e9gime de Macky Sall sur les membres du Frapp\/France D\u00e9gage.<\/h4>\n<p>\u00ab\u00a0Apr\u00e8s le kidnapping de Hannibal Djim, je viens d\u2019\u00eatre \u00e9t\u00e9 inform\u00e9 que les services de renseignements de l\u2019apprenti dictateur Macky Sall ont commis des \u00e9l\u00e9ments pour trouver les domiciles de nos camarades du FRAPP Bentaleb Sow et Aliou G\u00e9rard Ko\u00efta sous pr\u00e9texte qu\u2019ils seraient mes bras droits.<\/p>\n<p>Tout ce qui arrivera \u00e0 ces deux membres du FRAPP et \u00e0 tout autre membre du FRAPP sera de la responsabilit\u00e9 du pr\u00e9sident Macky Sall.<\/p>\n<p>Nous sommes sereins et l\u2019attendons de pied ferme. La tentative d\u2019intimidation ne passera pas.<\/p>\n<h3><strong>\u00a0Mback\u00e9 : Le d\u00e9put\u00e9 Cheikh Thioro Mback\u00e9, Serigne Assane Mback\u00e9 et Cie sont libres<\/strong><\/h3>\n<h4>Les partisans d\u2019Ousmane Sonko, interpell\u00e9s \u00e0 Mback\u00e9, cet apr\u00e8s-midi, par la police, viennent d\u2019\u00eatre lib\u00e9r\u00e9s.<\/h4>\n<p>En effet, le d\u00e9put\u00e9 Cheikh Thioro Mback\u00e9, Serigne Assane Mback\u00e9 et leurs camarades ont \u00e9t\u00e9 mis aux arr\u00eats au niveau du boulevard Ndoy\u00e8ne.<\/p>\n<p>Ces responsables de Pastef \u00e0 Mback\u00e9 ont \u00e9t\u00e9 retenus dans les locaux du commissariat urbain de Mback\u00e9 durant des heures, pour parer \u00e0 d\u2019\u00e9ventuels troubles \u00e0 l\u2019ordre public. Selon des sources de Seneweb, aucune charge ne p\u00e8se sur eux.<\/p>\n<p>L\u2019interpellation de Serigne Cheikh Thioro Mback\u00e9 et Cie avait mis leurs camarades de part dans tous leurs \u00e9tats. Des \u00e9chauffour\u00e9es entre policiers et membres de Pastef ont \u00e9t\u00e9 not\u00e9es \u00e0 Mback\u00e9. Mais la situation est redevenue calme.<\/p>\n<h3><strong>Accident mortel sur l\u2019autoroute : Antoine Diome et Mansour Faye sur les lieux du drame<\/strong><\/h3>\n<h4>Un accident d\u2019une rare violence s\u2019est produit ce jeudi 09 f\u00e9vrier entre un bus de transport en commun et un camion \u00e0 la sortie de S\u00e9bikotane Nord dans le sens AIBD vers DAKAR, renseigne Senego. L\u2019accident a fait 5 morts, 13 bless\u00e9s, dont 7 dans un \u00e9tat grave.<\/h4>\n<p>lors qu\u2019ils s\u2019appr\u00eataient \u00e0 assister au conseil des ministres d\u00e9centralis\u00e9 dans la r\u00e9gion de Thi\u00e8s, le ministre des Infrastructures, des Transports terrestres et du D\u00e9senclavement, Mansour Faye et le ministre de l\u2019Int\u00e9rieur, F\u00e9lix Antoine DIOME se sont se rendus sur les lieux de l\u2019accident pour constater le drame.<\/p>\n<h3><strong>\u00a0Chambre d\u2019accusation : Le juge acc\u00e8de \u00e0 la demande de renvoi des avocats de Sonko\u00a0<\/strong><\/h3>\n<h4>Les avocats d\u2019Ousmane Sonko \u00e9taient, ce jeudi, devant la chambre d\u2019accusation de la Cour d\u2019appel de Dakar aujourd\u2019hui. C\u2019est pour l\u2019examen de leur requ\u00eate en annulation de l\u2019ordonnance du Doyen des juges, Oumar Maham Diallo, renseigne Emedia.sn.<\/h4>\n<p>\u00c0 l\u2019entame de l\u2019audience, les avocats du leader de Pastef ont introduit une requ\u00eate pour le renvoi de ladite audience. Cependant, l\u2019avocat g\u00e9n\u00e9ral et la partie civile \u00e9taient oppos\u00e9s \u00e0 ce renvoi. Apr\u00e8s quelques minutes d\u2019\u00e9changes, la chambre s\u2019est retir\u00e9e pour d\u00e9lib\u00e9rer. \u00c0 leur retour, ils ont d\u00e9cid\u00e9 de renvoyer l\u2019audience jusqu\u2019au 14 f\u00e9vrier pour plaidoiries.<\/p>\n<p>Pour m\u00e9moire, les conseils du leader de Pastef avaient saisi la chambre d\u2019accusation suite \u00e0 la d\u00e9cision du doyen des Juges Oumar Maham Diallo le 17 janvier, de renvoyer leur client devant la chambre criminelle pour viols et menaces de mort.<\/p>\n<p>Les avocats de Sonko esp\u00e8rent obtenir une annulation de l\u2019ordonnance du Doyen des juges afin d\u2019\u00e9viter un proc\u00e8s devant un tribunal avec Adji Sarr. Mes Bamba Ciss\u00e9, Khoureysi Ba et Cie ont en plus d\u00e9nonc\u00e9 que dans cette proc\u00e9dure, seuls la partie civile et le parquet- et non l\u2019inculp\u00e9- sont autoris\u00e9s \u00e0 faire appel. Et ont aussi mentionn\u00e9 que leurs nombreuses demandes en nullit\u00e9 sont rest\u00e9es sans effet. Mes Bamba Ciss\u00e9, Khoureysi Ba et Cie feront face \u00e0 l\u2019avocat g\u00e9n\u00e9ral, qui va essayer d\u2019obtenir l\u2019irrecevabilit\u00e9 de leur requ\u00eate. Et ils n\u2019excluent pas de se pourvoir en cassation si leur requ\u00eate est rejet\u00e9e.<\/p>\n<div class=\"publi-apres-le-contenu\" style=\"margin-top: 10px;margin-bottom: 10px;margin-left: auto;margin-right: auto;text-align: center;\" id=\"publi-3743450759\"><div class=\"publi-adlabel\">Publicit\u00e9<\/div><script async src=\"\/\/pagead2.googlesyndication.com\/pagead\/js\/adsbygoogle.js?client=ca-pub-4089586018074219\" crossorigin=\"anonymous\"><\/script><ins class=\"adsbygoogle\" style=\"display:block;\" data-ad-client=\"ca-pub-4089586018074219\" \ndata-ad-slot=\"2087940154\" \ndata-ad-format=\"auto\"><\/ins>\n<script> \n(adsbygoogle = window.adsbygoogle || []).push({}); \n<\/script>\n<\/div>","protected":false},"excerpt":{"rendered":"<p>&nbsp; \u00a0 \u00a0 \u00a0 \u00a0 \u00a0 Programme de d\u00e9veloppement : Une enveloppe de 1500 milliards pour Thi\u00e8s Par ElMath NIANG&#8211; Ce jeudi, lors du Conseil pr\u00e9sidentiel sur le d\u00e9veloppement de Thi\u00e8s, le pr\u00e9sident Macky Sall a annonc\u00e9 l\u2019enveloppe qui est d\u00e9di\u00e9e \u00e0 la r\u00e9gion pour les trois prochaines ann\u00e9es. \u00c0 Thi\u00e8s, le programme d\u2019investissement prioritaire d\u00e9clin\u00e9 par le gouvernement, pour les trois prochaines ann\u00e9es, est estim\u00e9 \u00e01500 milliards de francs Cfa. L\u2019annonce a \u00e9t\u00e9 faite par le pr\u00e9sident Macky Sall. Il pr\u00e9sidait, ce jeudi, un conseil pr\u00e9sidentiel sur le D\u00e9veloppement de Thi\u00e8s, renseigne Igfm. Une enveloppe qui reste sous r\u00e9serve des validations en conseil des ministres, dit-il. \u00abC\u2019est une grosse enveloppe. On a fait de gros efforts \u00e0 Tamba, mais l\u00e0 vous multipliez par 3 l\u2019enveloppe de Tamba (500 milliards pour les 3 ans). Il faut appr\u00e9cier cet effort. Parce que c\u2019est notre ambition qui justifie qu\u2019au-del\u00e0 de ce qui a \u00e9t\u00e9 fait, de nous engager encore sur les trois prochaines ann\u00e9es \u00e0 r\u00e9aliser ce programme\u00bb, a d\u00e9clar\u00e9 Macky Sall. Cette enveloppe permettra d\u2019acc\u00e9l\u00e9rer la relance du chemin de fer, de consolider la vocation militaire de Thi\u00e8s, de renforcer le maillage s\u00e9curitaire de la r\u00e9gion, acc\u00e9l\u00e9rer le d\u00e9veloppement de la p\u00eache et de l\u2019\u00e9conomie maritime avec la r\u00e9alisation du Port de Ndayane, encadrer l\u2019\u00e9conomie du P\u00e9trole et du gaz avec le gisement offshore de Yakar Teranga etc. Meeting interdit \u00e0 Mback\u00e9 : Sonko d\u00e9nonce une d\u00e9cision choquante et saisit la Cour supr\u00eame Le M\u00e9ga meeting de Pastef Mback\u00e9 est interdit par le pr\u00e9fet du d\u00e9partement pour non-respect des formalit\u00e9s. Et Ousmane Sonko de d\u00e9noncer une forfaiture, annon\u00e7ant la saisine de la Cour supr\u00eame, informe Senego. Le leader de Pastef d\u00e9nonce une forfaiture du pr\u00e9fet, auteur \u00ab\u00a0de cette d\u00e9cision est choquante\u00a0\u00bb. \u00ab\u00a0En ouvrant les guillemets pour citer l\u2019article 96 du code p\u00e9nal du S\u00e9n\u00e9gal en vigueur, comme base l\u00e9gale de \u00ab l\u2019interdiction \u00bb, le pr\u00e9fet du d\u00e9partement de Mback\u00e9, monsieur Amadoune Diop, a reproduit les dispositions, non pas du Code p\u00e9nal, mais celles de la loi N*74-13 du 24 juin 1974, d\u2019ailleurs abrog\u00e9e, dans ses dispositions contraires, par l\u2019article 18 de la loi N\u00b0 78-02 DU 29 janvier 1978 relatives aux r\u00e9unions. Cette forfaiture ne passera pas!\u00a0\u00bb, a r\u00e9agi le leader de Pastef. Ousmane Sonko annonce que Pastef a saisi la Cour Supr\u00eame d\u2019une requ\u00eate en r\u00e9f\u00e9r\u00e9 aux fins de l\u2019annulation de ce qu\u2019il qualifie de \u00ab\u00a0honteuse d\u00e9cision\u00a0\u00bb. \u00ab\u00a0En attendant la d\u00e9cision du juge des r\u00e9f\u00e9r\u00e9s, le Mega Meeting de Mback\u00e9 reste maintenu ! Au pr\u00e9fet qui s\u2019est courb\u00e9 devant les ordres ill\u00e9gaux de ses sup\u00e9rieurs d\u2019en assumer les cons\u00e9quences devant l\u2019histoire\u00a0\u00bb, a-t-il ajout\u00e9. Guy Marius Sagna alerte \u201cje viens d\u2019\u00eatre \u00e9t\u00e9 inform\u00e9 que les services de renseignements\u2026\u201d Les activit\u00e9s proches de l\u2019opposition sont dans une mauvaise passe ces derniers jours. En tout cas, apr\u00e8s l\u2019arrestation de Hannibal Djim, d\u2019autres sont activement recherch\u00e9s par les services de renseignements, selon le d\u00e9put\u00e9 Guy Marius Sagna. Ce dernier a fait l\u2019annonce sur Facebook, visit\u00e9e par Senego, tout en d\u00e9non\u00e7ant la \u00ab\u00a0tentative d\u2019intimidation\u00a0\u00bb du r\u00e9gime de Macky Sall sur les membres du Frapp\/France D\u00e9gage. \u00ab\u00a0Apr\u00e8s le kidnapping de Hannibal Djim, je viens d\u2019\u00eatre \u00e9t\u00e9 inform\u00e9 que les services de renseignements de l\u2019apprenti dictateur Macky Sall ont commis des \u00e9l\u00e9ments pour trouver les domiciles de nos camarades du FRAPP Bentaleb Sow et Aliou G\u00e9rard Ko\u00efta sous pr\u00e9texte qu\u2019ils seraient mes bras droits. Tout ce qui arrivera \u00e0 ces deux membres du FRAPP et \u00e0 tout autre membre du FRAPP sera de la responsabilit\u00e9 du pr\u00e9sident Macky Sall. Nous sommes sereins et l\u2019attendons de pied ferme. La tentative d\u2019intimidation ne passera pas. \u00a0Mback\u00e9 : Le d\u00e9put\u00e9 Cheikh Thioro Mback\u00e9, Serigne Assane Mback\u00e9 et Cie sont libres Les partisans d\u2019Ousmane Sonko, interpell\u00e9s \u00e0 Mback\u00e9, cet apr\u00e8s-midi, par la police, viennent d\u2019\u00eatre lib\u00e9r\u00e9s. En effet, le d\u00e9put\u00e9 Cheikh Thioro Mback\u00e9, Serigne Assane Mback\u00e9 et leurs camarades ont \u00e9t\u00e9 mis aux arr\u00eats au niveau du boulevard Ndoy\u00e8ne. Ces responsables de Pastef \u00e0 Mback\u00e9 ont \u00e9t\u00e9 retenus dans les locaux du commissariat urbain de Mback\u00e9 durant des heures, pour parer \u00e0 d\u2019\u00e9ventuels troubles \u00e0 l\u2019ordre public. Selon des sources de Seneweb, aucune charge ne p\u00e8se sur eux. L\u2019interpellation de Serigne Cheikh Thioro Mback\u00e9 et Cie avait mis leurs camarades de part dans tous leurs \u00e9tats. Des \u00e9chauffour\u00e9es entre policiers et membres de Pastef ont \u00e9t\u00e9 not\u00e9es \u00e0 Mback\u00e9. Mais la situation est redevenue calme. Accident mortel sur l\u2019autoroute : Antoine Diome et Mansour Faye sur les lieux du drame Un accident d\u2019une rare violence s\u2019est produit ce jeudi 09 f\u00e9vrier entre un bus de transport en commun et un camion \u00e0 la sortie de S\u00e9bikotane Nord dans le sens AIBD vers DAKAR, renseigne Senego. L\u2019accident a fait 5 morts, 13 bless\u00e9s, dont 7 dans un \u00e9tat grave. lors qu\u2019ils s\u2019appr\u00eataient \u00e0 assister au conseil des ministres d\u00e9centralis\u00e9 dans la r\u00e9gion de Thi\u00e8s, le ministre des Infrastructures, des Transports terrestres et du D\u00e9senclavement, Mansour Faye et le ministre de l\u2019Int\u00e9rieur, F\u00e9lix Antoine DIOME se sont se rendus sur les lieux de l\u2019accident pour constater le drame. \u00a0Chambre d\u2019accusation : Le juge acc\u00e8de \u00e0 la demande de renvoi des avocats de Sonko\u00a0 Les avocats d\u2019Ousmane Sonko \u00e9taient, ce jeudi, devant la chambre d\u2019accusation de la Cour d\u2019appel de Dakar aujourd\u2019hui. C\u2019est pour l\u2019examen de leur requ\u00eate en annulation de l\u2019ordonnance du Doyen des juges, Oumar Maham Diallo, renseigne Emedia.sn. \u00c0 l\u2019entame de l\u2019audience, les avocats du leader de Pastef ont introduit une requ\u00eate pour le renvoi de ladite audience. Cependant, l\u2019avocat g\u00e9n\u00e9ral et la partie civile \u00e9taient oppos\u00e9s \u00e0 ce renvoi. Apr\u00e8s quelques minutes d\u2019\u00e9changes, la chambre s\u2019est retir\u00e9e pour d\u00e9lib\u00e9rer. \u00c0 leur retour, ils ont d\u00e9cid\u00e9 de renvoyer l\u2019audience jusqu\u2019au 14 f\u00e9vrier pour plaidoiries. Pour m\u00e9moire, les conseils du leader de Pastef avaient saisi la chambre d\u2019accusation suite \u00e0 la d\u00e9cision du doyen des Juges Oumar Maham Diallo le 17 janvier, de renvoyer leur client devant la chambre criminelle pour viols et menaces de mort. Les avocats de Sonko esp\u00e8rent obtenir une annulation de l\u2019ordonnance du Doyen des juges afin<\/p>\n","protected":false},"author":7,"featured_media":15421,"comment_status":"open","ping_status":"open","sticky":false,"template":"","format":"standard","meta":{"_jetpack_memberships_contains_paid_content":false,"footnotes":""},"categories":[375,3,372],"tags":[],"class_list":["post-15420","post","type-post","status-publish","format-standard","has-post-thumbnail","hentry","category-actualites","category-politique","category-vedette","entry","has-media","owp-thumbs-layout-horizontal","owp-btn-normal","owp-tabs-layout-horizontal","has-no-thumbnails","has-product-nav"],"yoast_head":"<!-- This site is optimized with the Yoast SEO plugin v25.5 - https:\/\/yoast.com\/wordpress\/plugins\/seo\/ -->\n<title>PUBLIC MATIN- Flash Info De Ce Vendredi 10 f\u00e9vrier 2023 - LE PUBLIC<\/title>\n<meta name=\"robots\" content=\"index, follow, max-snippet:-1, max-image-preview:large, max-video-preview:-1\" \/>\n<link rel=\"canonical\" href=\"https:\/\/www.public.sn\/index.php\/2023\/02\/10\/public-matin-flash-info-de-ce-vendredi-10-fevrier-2023\/\" \/>\n<meta property=\"og:locale\" content=\"fr_FR\" \/>\n<meta property=\"og:type\" content=\"article\" \/>\n<meta property=\"og:title\" content=\"PUBLIC MATIN- Flash Info De Ce Vendredi 10 f\u00e9vrier 2023 - LE PUBLIC\" \/>\n<meta property=\"og:description\" content=\"&nbsp; \u00a0 \u00a0 \u00a0 \u00a0 \u00a0 Programme de d\u00e9veloppement : Une enveloppe de 1500 milliards pour Thi\u00e8s Par ElMath NIANG&#8211; Ce jeudi, lors du Conseil pr\u00e9sidentiel sur le d\u00e9veloppement de Thi\u00e8s, le pr\u00e9sident Macky Sall a annonc\u00e9 l\u2019enveloppe qui est d\u00e9di\u00e9e \u00e0 la r\u00e9gion pour les trois prochaines ann\u00e9es. \u00c0 Thi\u00e8s, le programme d\u2019investissement prioritaire d\u00e9clin\u00e9 par le gouvernement, pour les trois prochaines ann\u00e9es, est estim\u00e9 \u00e01500 milliards de francs Cfa. L\u2019annonce a \u00e9t\u00e9 faite par le pr\u00e9sident Macky Sall. Il pr\u00e9sidait, ce jeudi, un conseil pr\u00e9sidentiel sur le D\u00e9veloppement de Thi\u00e8s, renseigne Igfm. Une enveloppe qui reste sous r\u00e9serve des validations en conseil des ministres, dit-il. \u00abC\u2019est une grosse enveloppe. On a fait de gros efforts \u00e0 Tamba, mais l\u00e0 vous multipliez par 3 l\u2019enveloppe de Tamba (500 milliards pour les 3 ans). Il faut appr\u00e9cier cet effort. Parce que c\u2019est notre ambition qui justifie qu\u2019au-del\u00e0 de ce qui a \u00e9t\u00e9 fait, de nous engager encore sur les trois prochaines ann\u00e9es \u00e0 r\u00e9aliser ce programme\u00bb, a d\u00e9clar\u00e9 Macky Sall. Cette enveloppe permettra d\u2019acc\u00e9l\u00e9rer la relance du chemin de fer, de consolider la vocation militaire de Thi\u00e8s, de renforcer le maillage s\u00e9curitaire de la r\u00e9gion, acc\u00e9l\u00e9rer le d\u00e9veloppement de la p\u00eache et de l\u2019\u00e9conomie maritime avec la r\u00e9alisation du Port de Ndayane, encadrer l\u2019\u00e9conomie du P\u00e9trole et du gaz avec le gisement offshore de Yakar Teranga etc. Meeting interdit \u00e0 Mback\u00e9 : Sonko d\u00e9nonce une d\u00e9cision choquante et saisit la Cour supr\u00eame Le M\u00e9ga meeting de Pastef Mback\u00e9 est interdit par le pr\u00e9fet du d\u00e9partement pour non-respect des formalit\u00e9s. Et Ousmane Sonko de d\u00e9noncer une forfaiture, annon\u00e7ant la saisine de la Cour supr\u00eame, informe Senego. Le leader de Pastef d\u00e9nonce une forfaiture du pr\u00e9fet, auteur \u00ab\u00a0de cette d\u00e9cision est choquante\u00a0\u00bb. \u00ab\u00a0En ouvrant les guillemets pour citer l\u2019article 96 du code p\u00e9nal du S\u00e9n\u00e9gal en vigueur, comme base l\u00e9gale de \u00ab l\u2019interdiction \u00bb, le pr\u00e9fet du d\u00e9partement de Mback\u00e9, monsieur Amadoune Diop, a reproduit les dispositions, non pas du Code p\u00e9nal, mais celles de la loi N*74-13 du 24 juin 1974, d\u2019ailleurs abrog\u00e9e, dans ses dispositions contraires, par l\u2019article 18 de la loi N\u00b0 78-02 DU 29 janvier 1978 relatives aux r\u00e9unions. Cette forfaiture ne passera pas!\u00a0\u00bb, a r\u00e9agi le leader de Pastef. Ousmane Sonko annonce que Pastef a saisi la Cour Supr\u00eame d\u2019une requ\u00eate en r\u00e9f\u00e9r\u00e9 aux fins de l\u2019annulation de ce qu\u2019il qualifie de \u00ab\u00a0honteuse d\u00e9cision\u00a0\u00bb. \u00ab\u00a0En attendant la d\u00e9cision du juge des r\u00e9f\u00e9r\u00e9s, le Mega Meeting de Mback\u00e9 reste maintenu ! Au pr\u00e9fet qui s\u2019est courb\u00e9 devant les ordres ill\u00e9gaux de ses sup\u00e9rieurs d\u2019en assumer les cons\u00e9quences devant l\u2019histoire\u00a0\u00bb, a-t-il ajout\u00e9. Guy Marius Sagna alerte \u201cje viens d\u2019\u00eatre \u00e9t\u00e9 inform\u00e9 que les services de renseignements\u2026\u201d Les activit\u00e9s proches de l\u2019opposition sont dans une mauvaise passe ces derniers jours. En tout cas, apr\u00e8s l\u2019arrestation de Hannibal Djim, d\u2019autres sont activement recherch\u00e9s par les services de renseignements, selon le d\u00e9put\u00e9 Guy Marius Sagna. Ce dernier a fait l\u2019annonce sur Facebook, visit\u00e9e par Senego, tout en d\u00e9non\u00e7ant la \u00ab\u00a0tentative d\u2019intimidation\u00a0\u00bb du r\u00e9gime de Macky Sall sur les membres du Frapp\/France D\u00e9gage. \u00ab\u00a0Apr\u00e8s le kidnapping de Hannibal Djim, je viens d\u2019\u00eatre \u00e9t\u00e9 inform\u00e9 que les services de renseignements de l\u2019apprenti dictateur Macky Sall ont commis des \u00e9l\u00e9ments pour trouver les domiciles de nos camarades du FRAPP Bentaleb Sow et Aliou G\u00e9rard Ko\u00efta sous pr\u00e9texte qu\u2019ils seraient mes bras droits. Tout ce qui arrivera \u00e0 ces deux membres du FRAPP et \u00e0 tout autre membre du FRAPP sera de la responsabilit\u00e9 du pr\u00e9sident Macky Sall. Nous sommes sereins et l\u2019attendons de pied ferme. La tentative d\u2019intimidation ne passera pas. \u00a0Mback\u00e9 : Le d\u00e9put\u00e9 Cheikh Thioro Mback\u00e9, Serigne Assane Mback\u00e9 et Cie sont libres Les partisans d\u2019Ousmane Sonko, interpell\u00e9s \u00e0 Mback\u00e9, cet apr\u00e8s-midi, par la police, viennent d\u2019\u00eatre lib\u00e9r\u00e9s. En effet, le d\u00e9put\u00e9 Cheikh Thioro Mback\u00e9, Serigne Assane Mback\u00e9 et leurs camarades ont \u00e9t\u00e9 mis aux arr\u00eats au niveau du boulevard Ndoy\u00e8ne. Ces responsables de Pastef \u00e0 Mback\u00e9 ont \u00e9t\u00e9 retenus dans les locaux du commissariat urbain de Mback\u00e9 durant des heures, pour parer \u00e0 d\u2019\u00e9ventuels troubles \u00e0 l\u2019ordre public. Selon des sources de Seneweb, aucune charge ne p\u00e8se sur eux. L\u2019interpellation de Serigne Cheikh Thioro Mback\u00e9 et Cie avait mis leurs camarades de part dans tous leurs \u00e9tats. Des \u00e9chauffour\u00e9es entre policiers et membres de Pastef ont \u00e9t\u00e9 not\u00e9es \u00e0 Mback\u00e9. Mais la situation est redevenue calme. Accident mortel sur l\u2019autoroute : Antoine Diome et Mansour Faye sur les lieux du drame Un accident d\u2019une rare violence s\u2019est produit ce jeudi 09 f\u00e9vrier entre un bus de transport en commun et un camion \u00e0 la sortie de S\u00e9bikotane Nord dans le sens AIBD vers DAKAR, renseigne Senego. L\u2019accident a fait 5 morts, 13 bless\u00e9s, dont 7 dans un \u00e9tat grave. lors qu\u2019ils s\u2019appr\u00eataient \u00e0 assister au conseil des ministres d\u00e9centralis\u00e9 dans la r\u00e9gion de Thi\u00e8s, le ministre des Infrastructures, des Transports terrestres et du D\u00e9senclavement, Mansour Faye et le ministre de l\u2019Int\u00e9rieur, F\u00e9lix Antoine DIOME se sont se rendus sur les lieux de l\u2019accident pour constater le drame. \u00a0Chambre d\u2019accusation : Le juge acc\u00e8de \u00e0 la demande de renvoi des avocats de Sonko\u00a0 Les avocats d\u2019Ousmane Sonko \u00e9taient, ce jeudi, devant la chambre d\u2019accusation de la Cour d\u2019appel de Dakar aujourd\u2019hui. C\u2019est pour l\u2019examen de leur requ\u00eate en annulation de l\u2019ordonnance du Doyen des juges, Oumar Maham Diallo, renseigne Emedia.sn. \u00c0 l\u2019entame de l\u2019audience, les avocats du leader de Pastef ont introduit une requ\u00eate pour le renvoi de ladite audience. Cependant, l\u2019avocat g\u00e9n\u00e9ral et la partie civile \u00e9taient oppos\u00e9s \u00e0 ce renvoi. Apr\u00e8s quelques minutes d\u2019\u00e9changes, la chambre s\u2019est retir\u00e9e pour d\u00e9lib\u00e9rer. \u00c0 leur retour, ils ont d\u00e9cid\u00e9 de renvoyer l\u2019audience jusqu\u2019au 14 f\u00e9vrier pour plaidoiries. Pour m\u00e9moire, les conseils du leader de Pastef avaient saisi la chambre d\u2019accusation suite \u00e0 la d\u00e9cision du doyen des Juges Oumar Maham Diallo le 17 janvier, de renvoyer leur client devant la chambre criminelle pour viols et menaces de mort. Les avocats de Sonko esp\u00e8rent obtenir une annulation de l\u2019ordonnance du Doyen des juges afin\" \/>\n<meta property=\"og:url\" content=\"https:\/\/www.public.sn\/index.php\/2023\/02\/10\/public-matin-flash-info-de-ce-vendredi-10-fevrier-2023\/\" \/>\n<meta property=\"og:site_name\" content=\"LE PUBLIC\" \/>\n<meta property=\"article:published_time\" content=\"2023-02-10T10:12:17+00:00\" \/>\n<meta property=\"og:image\" content=\"https:\/\/www.public.sn\/wp-content\/uploads\/2023\/02\/macky-idy.webp\" \/>\n\t<meta property=\"og:image:width\" content=\"1024\" \/>\n\t<meta property=\"og:image:height\" content=\"769\" \/>\n\t<meta property=\"og:image:type\" content=\"image\/webp\" \/>\n<meta name=\"author\" content=\"LA REDACTION\" \/>\n<meta name=\"twitter:card\" content=\"summary_large_image\" \/>\n<meta name=\"twitter:label1\" content=\"\u00c9crit par\" \/>\n\t<meta name=\"twitter:data1\" content=\"LA REDACTION\" \/>\n\t<meta name=\"twitter:label2\" content=\"Dur\u00e9e de lecture estim\u00e9e\" \/>\n\t<meta name=\"twitter:data2\" content=\"6 minutes\" \/>\n<script type=\"application\/ld+json\" class=\"yoast-schema-graph\">{\"@context\":\"https:\/\/schema.org\",\"@graph\":[{\"@type\":\"Article\",\"@id\":\"https:\/\/www.public.sn\/index.php\/2023\/02\/10\/public-matin-flash-info-de-ce-vendredi-10-fevrier-2023\/#article\",\"isPartOf\":{\"@id\":\"https:\/\/www.public.sn\/index.php\/2023\/02\/10\/public-matin-flash-info-de-ce-vendredi-10-fevrier-2023\/\"},\"author\":{\"name\":\"LA REDACTION\",\"@id\":\"https:\/\/www.public.sn\/#\/schema\/person\/cb76c8e1b8becc6be61fb5e92d6d0224\"},\"headline\":\"PUBLIC MATIN- Flash Info De Ce Vendredi 10 f\u00e9vrier 2023\",\"datePublished\":\"2023-02-10T10:12:17+00:00\",\"mainEntityOfPage\":{\"@id\":\"https:\/\/www.public.sn\/index.php\/2023\/02\/10\/public-matin-flash-info-de-ce-vendredi-10-fevrier-2023\/\"},\"wordCount\":1247,\"commentCount\":0,\"publisher\":{\"@id\":\"https:\/\/www.public.sn\/#organization\"},\"image\":{\"@id\":\"https:\/\/www.public.sn\/index.php\/2023\/02\/10\/public-matin-flash-info-de-ce-vendredi-10-fevrier-2023\/#primaryimage\"},\"thumbnailUrl\":\"https:\/\/www.public.sn\/wp-content\/uploads\/2023\/02\/macky-idy.webp\",\"articleSection\":[\"ACTUALIT\u00c9S\",\"POLITIQUE\",\"VEDETTE\"],\"inLanguage\":\"fr-FR\",\"potentialAction\":[{\"@type\":\"CommentAction\",\"name\":\"Comment\",\"target\":[\"https:\/\/www.public.sn\/index.php\/2023\/02\/10\/public-matin-flash-info-de-ce-vendredi-10-fevrier-2023\/#respond\"]}]},{\"@type\":\"WebPage\",\"@id\":\"https:\/\/www.public.sn\/index.php\/2023\/02\/10\/public-matin-flash-info-de-ce-vendredi-10-fevrier-2023\/\",\"url\":\"https:\/\/www.public.sn\/index.php\/2023\/02\/10\/public-matin-flash-info-de-ce-vendredi-10-fevrier-2023\/\",\"name\":\"PUBLIC MATIN- Flash Info De Ce Vendredi 10 f\u00e9vrier 2023 - LE PUBLIC\",\"isPartOf\":{\"@id\":\"https:\/\/www.public.sn\/#website\"},\"primaryImageOfPage\":{\"@id\":\"https:\/\/www.public.sn\/index.php\/2023\/02\/10\/public-matin-flash-info-de-ce-vendredi-10-fevrier-2023\/#primaryimage\"},\"image\":{\"@id\":\"https:\/\/www.public.sn\/index.php\/2023\/02\/10\/public-matin-flash-info-de-ce-vendredi-10-fevrier-2023\/#primaryimage\"},\"thumbnailUrl\":\"https:\/\/www.public.sn\/wp-content\/uploads\/2023\/02\/macky-idy.webp\",\"datePublished\":\"2023-02-10T10:12:17+00:00\",\"breadcrumb\":{\"@id\":\"https:\/\/www.public.sn\/index.php\/2023\/02\/10\/public-matin-flash-info-de-ce-vendredi-10-fevrier-2023\/#breadcrumb\"},\"inLanguage\":\"fr-FR\",\"potentialAction\":[{\"@type\":\"ReadAction\",\"target\":[\"https:\/\/www.public.sn\/index.php\/2023\/02\/10\/public-matin-flash-info-de-ce-vendredi-10-fevrier-2023\/\"]}]},{\"@type\":\"ImageObject\",\"inLanguage\":\"fr-FR\",\"@id\":\"https:\/\/www.public.sn\/index.php\/2023\/02\/10\/public-matin-flash-info-de-ce-vendredi-10-fevrier-2023\/#primaryimage\",\"url\":\"https:\/\/www.public.sn\/wp-content\/uploads\/2023\/02\/macky-idy.webp\",\"contentUrl\":\"https:\/\/www.public.sn\/wp-content\/uploads\/2023\/02\/macky-idy.webp\",\"width\":1024,\"height\":769},{\"@type\":\"BreadcrumbList\",\"@id\":\"https:\/\/www.public.sn\/index.php\/2023\/02\/10\/public-matin-flash-info-de-ce-vendredi-10-fevrier-2023\/#breadcrumb\",\"itemListElement\":[{\"@type\":\"ListItem\",\"position\":1,\"name\":\"Accueil\",\"item\":\"https:\/\/www.public.sn\/\"},{\"@type\":\"ListItem\",\"position\":2,\"name\":\"PUBLIC MATIN- Flash Info De Ce Vendredi 10 f\u00e9vrier 2023\"}]},{\"@type\":\"WebSite\",\"@id\":\"https:\/\/www.public.sn\/#website\",\"url\":\"https:\/\/www.public.sn\/\",\"name\":\"LE PUBLIC\",\"description\":\"\",\"publisher\":{\"@id\":\"https:\/\/www.public.sn\/#organization\"},\"potentialAction\":[{\"@type\":\"SearchAction\",\"target\":{\"@type\":\"EntryPoint\",\"urlTemplate\":\"https:\/\/www.public.sn\/?s={search_term_string}\"},\"query-input\":{\"@type\":\"PropertyValueSpecification\",\"valueRequired\":true,\"valueName\":\"search_term_string\"}}],\"inLanguage\":\"fr-FR\"},{\"@type\":\"Organization\",\"@id\":\"https:\/\/www.public.sn\/#organization\",\"name\":\"LE PUBLIC\",\"url\":\"https:\/\/www.public.sn\/\",\"logo\":{\"@type\":\"ImageObject\",\"inLanguage\":\"fr-FR\",\"@id\":\"https:\/\/www.public.sn\/#\/schema\/logo\/image\/\",\"url\":\"https:\/\/www.public.sn\/wp-content\/uploads\/2024\/05\/cropped-LOGO-PUBLIC.SN_.png\",\"contentUrl\":\"https:\/\/www.public.sn\/wp-content\/uploads\/2024\/05\/cropped-LOGO-PUBLIC.SN_.png\",\"width\":682,\"height\":192,\"caption\":\"LE PUBLIC\"},\"image\":{\"@id\":\"https:\/\/www.public.sn\/#\/schema\/logo\/image\/\"}},{\"@type\":\"Person\",\"@id\":\"https:\/\/www.public.sn\/#\/schema\/person\/cb76c8e1b8becc6be61fb5e92d6d0224\",\"name\":\"LA REDACTION\",\"image\":{\"@type\":\"ImageObject\",\"inLanguage\":\"fr-FR\",\"@id\":\"https:\/\/www.public.sn\/#\/schema\/person\/image\/\",\"url\":\"https:\/\/secure.gravatar.com\/avatar\/2dce5ddd34b8fef0180efe03aa2a9bee7d953856048f9a16b298190a3178407c?s=96&d=mm&r=g\",\"contentUrl\":\"https:\/\/secure.gravatar.com\/avatar\/2dce5ddd34b8fef0180efe03aa2a9bee7d953856048f9a16b298190a3178407c?s=96&d=mm&r=g\",\"caption\":\"LA REDACTION\"},\"url\":\"https:\/\/www.public.sn\/index.php\/author\/editeurpsn\/\"}]}<\/script>\n<!-- \/ Yoast SEO plugin. -->","yoast_head_json":{"title":"PUBLIC MATIN- Flash Info De Ce Vendredi 10 f\u00e9vrier 2023 - LE PUBLIC","robots":{"index":"index","follow":"follow","max-snippet":"max-snippet:-1","max-image-preview":"max-image-preview:large","max-video-preview":"max-video-preview:-1"},"canonical":"https:\/\/www.public.sn\/index.php\/2023\/02\/10\/public-matin-flash-info-de-ce-vendredi-10-fevrier-2023\/","og_locale":"fr_FR","og_type":"article","og_title":"PUBLIC MATIN- Flash Info De Ce Vendredi 10 f\u00e9vrier 2023 - LE PUBLIC","og_description":"&nbsp; \u00a0 \u00a0 \u00a0 \u00a0 \u00a0 Programme de d\u00e9veloppement : Une enveloppe de 1500 milliards pour Thi\u00e8s Par ElMath NIANG&#8211; Ce jeudi, lors du Conseil pr\u00e9sidentiel sur le d\u00e9veloppement de Thi\u00e8s, le pr\u00e9sident Macky Sall a annonc\u00e9 l\u2019enveloppe qui est d\u00e9di\u00e9e \u00e0 la r\u00e9gion pour les trois prochaines ann\u00e9es. \u00c0 Thi\u00e8s, le programme d\u2019investissement prioritaire d\u00e9clin\u00e9 par le gouvernement, pour les trois prochaines ann\u00e9es, est estim\u00e9 \u00e01500 milliards de francs Cfa. L\u2019annonce a \u00e9t\u00e9 faite par le pr\u00e9sident Macky Sall. Il pr\u00e9sidait, ce jeudi, un conseil pr\u00e9sidentiel sur le D\u00e9veloppement de Thi\u00e8s, renseigne Igfm. Une enveloppe qui reste sous r\u00e9serve des validations en conseil des ministres, dit-il. \u00abC\u2019est une grosse enveloppe. On a fait de gros efforts \u00e0 Tamba, mais l\u00e0 vous multipliez par 3 l\u2019enveloppe de Tamba (500 milliards pour les 3 ans). Il faut appr\u00e9cier cet effort. Parce que c\u2019est notre ambition qui justifie qu\u2019au-del\u00e0 de ce qui a \u00e9t\u00e9 fait, de nous engager encore sur les trois prochaines ann\u00e9es \u00e0 r\u00e9aliser ce programme\u00bb, a d\u00e9clar\u00e9 Macky Sall. Cette enveloppe permettra d\u2019acc\u00e9l\u00e9rer la relance du chemin de fer, de consolider la vocation militaire de Thi\u00e8s, de renforcer le maillage s\u00e9curitaire de la r\u00e9gion, acc\u00e9l\u00e9rer le d\u00e9veloppement de la p\u00eache et de l\u2019\u00e9conomie maritime avec la r\u00e9alisation du Port de Ndayane, encadrer l\u2019\u00e9conomie du P\u00e9trole et du gaz avec le gisement offshore de Yakar Teranga etc. Meeting interdit \u00e0 Mback\u00e9 : Sonko d\u00e9nonce une d\u00e9cision choquante et saisit la Cour supr\u00eame Le M\u00e9ga meeting de Pastef Mback\u00e9 est interdit par le pr\u00e9fet du d\u00e9partement pour non-respect des formalit\u00e9s. Et Ousmane Sonko de d\u00e9noncer une forfaiture, annon\u00e7ant la saisine de la Cour supr\u00eame, informe Senego. Le leader de Pastef d\u00e9nonce une forfaiture du pr\u00e9fet, auteur \u00ab\u00a0de cette d\u00e9cision est choquante\u00a0\u00bb. \u00ab\u00a0En ouvrant les guillemets pour citer l\u2019article 96 du code p\u00e9nal du S\u00e9n\u00e9gal en vigueur, comme base l\u00e9gale de \u00ab l\u2019interdiction \u00bb, le pr\u00e9fet du d\u00e9partement de Mback\u00e9, monsieur Amadoune Diop, a reproduit les dispositions, non pas du Code p\u00e9nal, mais celles de la loi N*74-13 du 24 juin 1974, d\u2019ailleurs abrog\u00e9e, dans ses dispositions contraires, par l\u2019article 18 de la loi N\u00b0 78-02 DU 29 janvier 1978 relatives aux r\u00e9unions. Cette forfaiture ne passera pas!\u00a0\u00bb, a r\u00e9agi le leader de Pastef. Ousmane Sonko annonce que Pastef a saisi la Cour Supr\u00eame d\u2019une requ\u00eate en r\u00e9f\u00e9r\u00e9 aux fins de l\u2019annulation de ce qu\u2019il qualifie de \u00ab\u00a0honteuse d\u00e9cision\u00a0\u00bb. \u00ab\u00a0En attendant la d\u00e9cision du juge des r\u00e9f\u00e9r\u00e9s, le Mega Meeting de Mback\u00e9 reste maintenu ! Au pr\u00e9fet qui s\u2019est courb\u00e9 devant les ordres ill\u00e9gaux de ses sup\u00e9rieurs d\u2019en assumer les cons\u00e9quences devant l\u2019histoire\u00a0\u00bb, a-t-il ajout\u00e9. Guy Marius Sagna alerte \u201cje viens d\u2019\u00eatre \u00e9t\u00e9 inform\u00e9 que les services de renseignements\u2026\u201d Les activit\u00e9s proches de l\u2019opposition sont dans une mauvaise passe ces derniers jours. En tout cas, apr\u00e8s l\u2019arrestation de Hannibal Djim, d\u2019autres sont activement recherch\u00e9s par les services de renseignements, selon le d\u00e9put\u00e9 Guy Marius Sagna. Ce dernier a fait l\u2019annonce sur Facebook, visit\u00e9e par Senego, tout en d\u00e9non\u00e7ant la \u00ab\u00a0tentative d\u2019intimidation\u00a0\u00bb du r\u00e9gime de Macky Sall sur les membres du Frapp\/France D\u00e9gage. \u00ab\u00a0Apr\u00e8s le kidnapping de Hannibal Djim, je viens d\u2019\u00eatre \u00e9t\u00e9 inform\u00e9 que les services de renseignements de l\u2019apprenti dictateur Macky Sall ont commis des \u00e9l\u00e9ments pour trouver les domiciles de nos camarades du FRAPP Bentaleb Sow et Aliou G\u00e9rard Ko\u00efta sous pr\u00e9texte qu\u2019ils seraient mes bras droits. Tout ce qui arrivera \u00e0 ces deux membres du FRAPP et \u00e0 tout autre membre du FRAPP sera de la responsabilit\u00e9 du pr\u00e9sident Macky Sall. Nous sommes sereins et l\u2019attendons de pied ferme. La tentative d\u2019intimidation ne passera pas. \u00a0Mback\u00e9 : Le d\u00e9put\u00e9 Cheikh Thioro Mback\u00e9, Serigne Assane Mback\u00e9 et Cie sont libres Les partisans d\u2019Ousmane Sonko, interpell\u00e9s \u00e0 Mback\u00e9, cet apr\u00e8s-midi, par la police, viennent d\u2019\u00eatre lib\u00e9r\u00e9s. En effet, le d\u00e9put\u00e9 Cheikh Thioro Mback\u00e9, Serigne Assane Mback\u00e9 et leurs camarades ont \u00e9t\u00e9 mis aux arr\u00eats au niveau du boulevard Ndoy\u00e8ne. Ces responsables de Pastef \u00e0 Mback\u00e9 ont \u00e9t\u00e9 retenus dans les locaux du commissariat urbain de Mback\u00e9 durant des heures, pour parer \u00e0 d\u2019\u00e9ventuels troubles \u00e0 l\u2019ordre public. Selon des sources de Seneweb, aucune charge ne p\u00e8se sur eux. L\u2019interpellation de Serigne Cheikh Thioro Mback\u00e9 et Cie avait mis leurs camarades de part dans tous leurs \u00e9tats. Des \u00e9chauffour\u00e9es entre policiers et membres de Pastef ont \u00e9t\u00e9 not\u00e9es \u00e0 Mback\u00e9. Mais la situation est redevenue calme. Accident mortel sur l\u2019autoroute : Antoine Diome et Mansour Faye sur les lieux du drame Un accident d\u2019une rare violence s\u2019est produit ce jeudi 09 f\u00e9vrier entre un bus de transport en commun et un camion \u00e0 la sortie de S\u00e9bikotane Nord dans le sens AIBD vers DAKAR, renseigne Senego. L\u2019accident a fait 5 morts, 13 bless\u00e9s, dont 7 dans un \u00e9tat grave. lors qu\u2019ils s\u2019appr\u00eataient \u00e0 assister au conseil des ministres d\u00e9centralis\u00e9 dans la r\u00e9gion de Thi\u00e8s, le ministre des Infrastructures, des Transports terrestres et du D\u00e9senclavement, Mansour Faye et le ministre de l\u2019Int\u00e9rieur, F\u00e9lix Antoine DIOME se sont se rendus sur les lieux de l\u2019accident pour constater le drame. \u00a0Chambre d\u2019accusation : Le juge acc\u00e8de \u00e0 la demande de renvoi des avocats de Sonko\u00a0 Les avocats d\u2019Ousmane Sonko \u00e9taient, ce jeudi, devant la chambre d\u2019accusation de la Cour d\u2019appel de Dakar aujourd\u2019hui. C\u2019est pour l\u2019examen de leur requ\u00eate en annulation de l\u2019ordonnance du Doyen des juges, Oumar Maham Diallo, renseigne Emedia.sn. \u00c0 l\u2019entame de l\u2019audience, les avocats du leader de Pastef ont introduit une requ\u00eate pour le renvoi de ladite audience. Cependant, l\u2019avocat g\u00e9n\u00e9ral et la partie civile \u00e9taient oppos\u00e9s \u00e0 ce renvoi. Apr\u00e8s quelques minutes d\u2019\u00e9changes, la chambre s\u2019est retir\u00e9e pour d\u00e9lib\u00e9rer. \u00c0 leur retour, ils ont d\u00e9cid\u00e9 de renvoyer l\u2019audience jusqu\u2019au 14 f\u00e9vrier pour plaidoiries. Pour m\u00e9moire, les conseils du leader de Pastef avaient saisi la chambre d\u2019accusation suite \u00e0 la d\u00e9cision du doyen des Juges Oumar Maham Diallo le 17 janvier, de renvoyer leur client devant la chambre criminelle pour viols et menaces de mort. Les avocats de Sonko esp\u00e8rent obtenir une annulation de l\u2019ordonnance du Doyen des juges afin","og_url":"https:\/\/www.public.sn\/index.php\/2023\/02\/10\/public-matin-flash-info-de-ce-vendredi-10-fevrier-2023\/","og_site_name":"LE PUBLIC","article_published_time":"2023-02-10T10:12:17+00:00","og_image":[{"width":1024,"height":769,"url":"https:\/\/www.public.sn\/wp-content\/uploads\/2023\/02\/macky-idy.webp","type":"image\/webp"}],"author":"LA REDACTION","twitter_card":"summary_large_image","twitter_misc":{"\u00c9crit par":"LA REDACTION","Dur\u00e9e de lecture estim\u00e9e":"6 minutes"},"schema":{"@context":"https:\/\/schema.org","@graph":[{"@type":"Article","@id":"https:\/\/www.public.sn\/index.php\/2023\/02\/10\/public-matin-flash-info-de-ce-vendredi-10-fevrier-2023\/#article","isPartOf":{"@id":"https:\/\/www.public.sn\/index.php\/2023\/02\/10\/public-matin-flash-info-de-ce-vendredi-10-fevrier-2023\/"},"author":{"name":"LA REDACTION","@id":"https:\/\/www.public.sn\/#\/schema\/person\/cb76c8e1b8becc6be61fb5e92d6d0224"},"headline":"PUBLIC MATIN- Flash Info De Ce Vendredi 10 f\u00e9vrier 2023","datePublished":"2023-02-10T10:12:17+00:00","mainEntityOfPage":{"@id":"https:\/\/www.public.sn\/index.php\/2023\/02\/10\/public-matin-flash-info-de-ce-vendredi-10-fevrier-2023\/"},"wordCount":1247,"commentCount":0,"publisher":{"@id":"https:\/\/www.public.sn\/#organization"},"image":{"@id":"https:\/\/www.public.sn\/index.php\/2023\/02\/10\/public-matin-flash-info-de-ce-vendredi-10-fevrier-2023\/#primaryimage"},"thumbnailUrl":"https:\/\/www.public.sn\/wp-content\/uploads\/2023\/02\/macky-idy.webp","articleSection":["ACTUALIT\u00c9S","POLITIQUE","VEDETTE"],"inLanguage":"fr-FR","potentialAction":[{"@type":"CommentAction","name":"Comment","target":["https:\/\/www.public.sn\/index.php\/2023\/02\/10\/public-matin-flash-info-de-ce-vendredi-10-fevrier-2023\/#respond"]}]},{"@type":"WebPage","@id":"https:\/\/www.public.sn\/index.php\/2023\/02\/10\/public-matin-flash-info-de-ce-vendredi-10-fevrier-2023\/","url":"https:\/\/www.public.sn\/index.php\/2023\/02\/10\/public-matin-flash-info-de-ce-vendredi-10-fevrier-2023\/","name":"PUBLIC MATIN- Flash Info De Ce Vendredi 10 f\u00e9vrier 2023 - LE PUBLIC","isPartOf":{"@id":"https:\/\/www.public.sn\/#website"},"primaryImageOfPage":{"@id":"https:\/\/www.public.sn\/index.php\/2023\/02\/10\/public-matin-flash-info-de-ce-vendredi-10-fevrier-2023\/#primaryimage"},"image":{"@id":"https:\/\/www.public.sn\/index.php\/2023\/02\/10\/public-matin-flash-info-de-ce-vendredi-10-fevrier-2023\/#primaryimage"},"thumbnailUrl":"https:\/\/www.public.sn\/wp-content\/uploads\/2023\/02\/macky-idy.webp","datePublished":"2023-02-10T10:12:17+00:00","breadcrumb":{"@id":"https:\/\/www.public.sn\/index.php\/2023\/02\/10\/public-matin-flash-info-de-ce-vendredi-10-fevrier-2023\/#breadcrumb"},"inLanguage":"fr-FR","potentialAction":[{"@type":"ReadAction","target":["https:\/\/www.public.sn\/index.php\/2023\/02\/10\/public-matin-flash-info-de-ce-vendredi-10-fevrier-2023\/"]}]},{"@type":"ImageObject","inLanguage":"fr-FR","@id":"https:\/\/www.public.sn\/index.php\/2023\/02\/10\/public-matin-flash-info-de-ce-vendredi-10-fevrier-2023\/#primaryimage","url":"https:\/\/www.public.sn\/wp-content\/uploads\/2023\/02\/macky-idy.webp","contentUrl":"https:\/\/www.public.sn\/wp-content\/uploads\/2023\/02\/macky-idy.webp","width":1024,"height":769},{"@type":"BreadcrumbList","@id":"https:\/\/www.public.sn\/index.php\/2023\/02\/10\/public-matin-flash-info-de-ce-vendredi-10-fevrier-2023\/#breadcrumb","itemListElement":[{"@type":"ListItem","position":1,"name":"Accueil","item":"https:\/\/www.public.sn\/"},{"@type":"ListItem","position":2,"name":"PUBLIC MATIN- Flash Info De Ce Vendredi 10 f\u00e9vrier 2023"}]},{"@type":"WebSite","@id":"https:\/\/www.public.sn\/#website","url":"https:\/\/www.public.sn\/","name":"LE PUBLIC","description":"","publisher":{"@id":"https:\/\/www.public.sn\/#organization"},"potentialAction":[{"@type":"SearchAction","target":{"@type":"EntryPoint","urlTemplate":"https:\/\/www.public.sn\/?s={search_term_string}"},"query-input":{"@type":"PropertyValueSpecification","valueRequired":true,"valueName":"search_term_string"}}],"inLanguage":"fr-FR"},{"@type":"Organization","@id":"https:\/\/www.public.sn\/#organization","name":"LE PUBLIC","url":"https:\/\/www.public.sn\/","logo":{"@type":"ImageObject","inLanguage":"fr-FR","@id":"https:\/\/www.public.sn\/#\/schema\/logo\/image\/","url":"https:\/\/www.public.sn\/wp-content\/uploads\/2024\/05\/cropped-LOGO-PUBLIC.SN_.png","contentUrl":"https:\/\/www.public.sn\/wp-content\/uploads\/2024\/05\/cropped-LOGO-PUBLIC.SN_.png","width":682,"height":192,"caption":"LE PUBLIC"},"image":{"@id":"https:\/\/www.public.sn\/#\/schema\/logo\/image\/"}},{"@type":"Person","@id":"https:\/\/www.public.sn\/#\/schema\/person\/cb76c8e1b8becc6be61fb5e92d6d0224","name":"LA REDACTION","image":{"@type":"ImageObject","inLanguage":"fr-FR","@id":"https:\/\/www.public.sn\/#\/schema\/person\/image\/","url":"https:\/\/secure.gravatar.com\/avatar\/2dce5ddd34b8fef0180efe03aa2a9bee7d953856048f9a16b298190a3178407c?s=96&d=mm&r=g","contentUrl":"https:\/\/secure.gravatar.com\/avatar\/2dce5ddd34b8fef0180efe03aa2a9bee7d953856048f9a16b298190a3178407c?s=96&d=mm&r=g","caption":"LA REDACTION"},"url":"https:\/\/www.public.sn\/index.php\/author\/editeurpsn\/"}]}},"jetpack_featured_media_url":"https:\/\/www.public.sn\/wp-content\/uploads\/2023\/02\/macky-idy.webp","jetpack_sharing_enabled":true,"_links":{"self":[{"href":"https:\/\/www.public.sn\/index.php\/wp-json\/wp\/v2\/posts\/15420","targetHints":{"allow":["GET"]}}],"collection":[{"href":"https:\/\/www.public.sn\/index.php\/wp-json\/wp\/v2\/posts"}],"about":[{"href":"https:\/\/www.public.sn\/index.php\/wp-json\/wp\/v2\/types\/post"}],"author":[{"embeddable":true,"href":"https:\/\/www.public.sn\/index.php\/wp-json\/wp\/v2\/users\/7"}],"replies":[{"embeddable":true,"href":"https:\/\/www.public.sn\/index.php\/wp-json\/wp\/v2\/comments?post=15420"}],"version-history":[{"count":1,"href":"https:\/\/www.public.sn\/index.php\/wp-json\/wp\/v2\/posts\/15420\/revisions"}],"predecessor-version":[{"id":15423,"href":"https:\/\/www.public.sn\/index.php\/wp-json\/wp\/v2\/posts\/15420\/revisions\/15423"}],"wp:featuredmedia":[{"embeddable":true,"href":"https:\/\/www.public.sn\/index.php\/wp-json\/wp\/v2\/media\/15421"}],"wp:attachment":[{"href":"https:\/\/www.public.sn\/index.php\/wp-json\/wp\/v2\/media?parent=15420"}],"wp:term":[{"taxonomy":"category","embeddable":true,"href":"https:\/\/www.public.sn\/index.php\/wp-json\/wp\/v2\/categories?post=15420"},{"taxonomy":"post_tag","embeddable":true,"href":"https:\/\/www.public.sn\/index.php\/wp-json\/wp\/v2\/tags?post=15420"}],"curies":[{"name":"wp","href":"https:\/\/api.w.org\/{rel}","templated":true}]}}