{"id":1544,"date":"2022-09-08T22:31:26","date_gmt":"2022-09-08T20:31:26","guid":{"rendered":"https:\/\/www.public.sn\/?p=1544"},"modified":"2022-09-08T22:34:00","modified_gmt":"2022-09-08T20:34:00","slug":"thierno-bocoum-ousmane-sonko-ment-et-il-sait-quil-ment","status":"publish","type":"post","link":"https:\/\/www.public.sn\/index.php\/2022\/09\/08\/thierno-bocoum-ousmane-sonko-ment-et-il-sait-quil-ment\/","title":{"rendered":"Thierno Bocoum: \u201cOusmane Sonko ment et il sait qu\u2019il ment\u201d."},"content":{"rendered":"\n<p><strong>Lors de la campagne \u00e9lectorale des L\u00e9gislatives du 31 juillet, Ousmane Sonko&nbsp;avait laiss\u00e9 entendre qu\u2019hormis l\u2019inter-coalition Yewwi-Wallu, toutes les autres coalitions travaillent pour le Pr\u00e9sident Macky Sall.<\/strong><\/p><div class=\"publi-paragraphe1\" style=\"margin-top: 10px;margin-bottom: 10px;margin-left: auto;margin-right: auto;text-align: center;\" id=\"publi-1905628753\"><div class=\"publi-adlabel\">Publicit\u00e9<\/div><script async src=\"\/\/pagead2.googlesyndication.com\/pagead\/js\/adsbygoogle.js?client=ca-pub-4089586018074219\" crossorigin=\"anonymous\"><\/script><ins class=\"adsbygoogle\" style=\"display:block;\" data-ad-client=\"ca-pub-4089586018074219\" \ndata-ad-slot=\"2087940154\" \ndata-ad-format=\"auto\"><\/ins>\n<script> \n(adsbygoogle = window.adsbygoogle || []).push({}); \n<\/script>\n<\/div>\n\n\n\n<p>Une d\u00e9claration qui avait provoqu\u00e9 l\u2019ire de l\u2019autre frange de l\u2019opposition. Thierno Bocoum de Aar S\u00e9n\u00e9gal avait fustig\u00e9 cette sortie malheureuse du leader de Pastef allant m\u00eame jusqu\u2019\u00e0 dire que : \u00ab Ousmane Sonko ment et il sait qu\u2019il ment \u00bb. Il revient sur ses dires et s\u2019exlique.<\/p>\n\n\n\n<p>Invit\u00e9 de l\u2019\u00e9mission Ndekki Li sur Sud FM, le leader du mouveemnt Agir non moins porte-parole de la coalition Aar S\u00e9n\u00e9gal dit n\u2019avoir aucun probl\u00e8me avec Ousmane Sonko. D\u2019ailleurs, dit-il :\u00a0<em>\u00ab C\u2019est moi qui suis le premier \u00e0 dire que Ousmane Sonko est le Leader de l\u2019opposition. Mais, on ne doit pas utiliser sa notori\u00e9t\u00e9 pour discr\u00e9diter les autres \u00bb<\/em>.<\/p>\n\n\n\n<p><\/p>\n\n\n\n<figure class=\"wp-block-video\"><video height=\"256\" style=\"aspect-ratio: 480 \/ 256;\" width=\"480\" controls src=\"https:\/\/www.public.sn\/wp-content\/uploads\/2022\/09\/trim.F246599C-31FC-4A87-AD42-68EC4A8C5A36.mov\"><\/video><\/figure>\n\n\n\n<figure class=\"wp-block-video\"><video height=\"256\" style=\"aspect-ratio: 480 \/ 256;\" width=\"480\" controls src=\"https:\/\/www.public.sn\/wp-content\/uploads\/2022\/09\/trim.09EE85E8-E239-44F5-B5A1-B0E9A289C724.mov\"><\/video><\/figure>\n<div class=\"publi-apres-le-contenu\" style=\"margin-top: 10px;margin-bottom: 10px;margin-left: auto;margin-right: auto;text-align: center;\" id=\"publi-2546120234\"><div class=\"publi-adlabel\">Publicit\u00e9<\/div><script async src=\"\/\/pagead2.googlesyndication.com\/pagead\/js\/adsbygoogle.js?client=ca-pub-4089586018074219\" crossorigin=\"anonymous\"><\/script><ins class=\"adsbygoogle\" style=\"display:block;\" data-ad-client=\"ca-pub-4089586018074219\" \ndata-ad-slot=\"2087940154\" \ndata-ad-format=\"auto\"><\/ins>\n<script> \n(adsbygoogle = window.adsbygoogle || []).push({}); \n<\/script>\n<\/div>","protected":false},"excerpt":{"rendered":"<p>Lors de la campagne \u00e9lectorale des L\u00e9gislatives du 31 juillet, Ousmane Sonko&nbsp;avait laiss\u00e9 entendre qu\u2019hormis l\u2019inter-coalition Yewwi-Wallu, toutes les autres coalitions travaillent pour le Pr\u00e9sident Macky Sall. Une d\u00e9claration qui avait provoqu\u00e9 l\u2019ire de l\u2019autre frange de l\u2019opposition. Thierno Bocoum de Aar S\u00e9n\u00e9gal avait fustig\u00e9 cette sortie malheureuse du leader de Pastef allant m\u00eame jusqu\u2019\u00e0 dire que : \u00ab Ousmane Sonko ment et il sait qu\u2019il ment \u00bb. Il revient sur ses dires et s\u2019exlique. Invit\u00e9 de l\u2019\u00e9mission Ndekki Li sur Sud FM, le leader du mouveemnt Agir non moins porte-parole de la coalition Aar S\u00e9n\u00e9gal dit n\u2019avoir aucun probl\u00e8me avec Ousmane Sonko. D\u2019ailleurs, dit-il :\u00a0\u00ab C\u2019est moi qui suis le premier \u00e0 dire que Ousmane Sonko est le Leader de l\u2019opposition. Mais, on ne doit pas utiliser sa notori\u00e9t\u00e9 pour discr\u00e9diter les autres \u00bb.<\/p>\n","protected":false},"author":1,"featured_media":1546,"comment_status":"open","ping_status":"open","sticky":false,"template":"","format":"standard","meta":{"_jetpack_memberships_contains_paid_content":false,"footnotes":""},"categories":[3],"tags":[12,17,16,106],"class_list":["post-1544","post","type-post","status-publish","format-standard","has-post-thumbnail","hentry","category-politique","tag-assemblee-nationale","tag-opposition","tag-ousmane-sonko","tag-thierno-bocoum","entry","has-media","owp-thumbs-layout-horizontal","owp-btn-normal","owp-tabs-layout-horizontal","has-no-thumbnails","has-product-nav"],"yoast_head":"<!-- This site is optimized with the Yoast SEO plugin v25.5 - https:\/\/yoast.com\/wordpress\/plugins\/seo\/ -->\n<title>Thierno Bocoum: \u201cOusmane Sonko ment et il sait qu\u2019il ment\u201d. - LE PUBLIC<\/title>\n<meta name=\"robots\" content=\"index, follow, max-snippet:-1, max-image-preview:large, max-video-preview:-1\" \/>\n<link rel=\"canonical\" href=\"https:\/\/www.public.sn\/index.php\/2022\/09\/08\/thierno-bocoum-ousmane-sonko-ment-et-il-sait-quil-ment\/\" \/>\n<meta property=\"og:locale\" content=\"fr_FR\" \/>\n<meta property=\"og:type\" content=\"article\" \/>\n<meta property=\"og:title\" content=\"Thierno Bocoum: \u201cOusmane Sonko ment et il sait qu\u2019il ment\u201d. - LE PUBLIC\" \/>\n<meta property=\"og:description\" content=\"Lors de la campagne \u00e9lectorale des L\u00e9gislatives du 31 juillet, Ousmane Sonko&nbsp;avait laiss\u00e9 entendre qu\u2019hormis l\u2019inter-coalition Yewwi-Wallu, toutes les autres coalitions travaillent pour le Pr\u00e9sident Macky Sall. Une d\u00e9claration qui avait provoqu\u00e9 l\u2019ire de l\u2019autre frange de l\u2019opposition. Thierno Bocoum de Aar S\u00e9n\u00e9gal avait fustig\u00e9 cette sortie malheureuse du leader de Pastef allant m\u00eame jusqu\u2019\u00e0 dire que : \u00ab Ousmane Sonko ment et il sait qu\u2019il ment \u00bb. Il revient sur ses dires et s\u2019exlique. Invit\u00e9 de l\u2019\u00e9mission Ndekki Li sur Sud FM, le leader du mouveemnt Agir non moins porte-parole de la coalition Aar S\u00e9n\u00e9gal dit n\u2019avoir aucun probl\u00e8me avec Ousmane Sonko. D\u2019ailleurs, dit-il :\u00a0\u00ab C\u2019est moi qui suis le premier \u00e0 dire que Ousmane Sonko est le Leader de l\u2019opposition. Mais, on ne doit pas utiliser sa notori\u00e9t\u00e9 pour discr\u00e9diter les autres \u00bb.\" \/>\n<meta property=\"og:url\" content=\"https:\/\/www.public.sn\/index.php\/2022\/09\/08\/thierno-bocoum-ousmane-sonko-ment-et-il-sait-quil-ment\/\" \/>\n<meta property=\"og:site_name\" content=\"LE PUBLIC\" \/>\n<meta property=\"article:published_time\" content=\"2022-09-08T20:31:26+00:00\" \/>\n<meta property=\"article:modified_time\" content=\"2022-09-08T20:34:00+00:00\" \/>\n<meta property=\"og:image\" content=\"https:\/\/www.public.sn\/wp-content\/uploads\/2022\/09\/3C253C20-0075-41F8-BBA2-168058C2DF26.jpeg\" \/>\n\t<meta property=\"og:image:width\" content=\"650\" \/>\n\t<meta property=\"og:image:height\" content=\"391\" \/>\n\t<meta property=\"og:image:type\" content=\"image\/jpeg\" \/>\n<meta name=\"author\" content=\"LA REDACTION\" \/>\n<meta name=\"twitter:card\" content=\"summary_large_image\" \/>\n<meta name=\"twitter:label1\" content=\"\u00c9crit par\" \/>\n\t<meta name=\"twitter:data1\" content=\"LA REDACTION\" \/>\n\t<meta name=\"twitter:label2\" content=\"Dur\u00e9e de lecture estim\u00e9e\" \/>\n\t<meta name=\"twitter:data2\" content=\"1 minute\" \/>\n<script type=\"application\/ld+json\" class=\"yoast-schema-graph\">{\"@context\":\"https:\/\/schema.org\",\"@graph\":[{\"@type\":\"Article\",\"@id\":\"https:\/\/www.public.sn\/index.php\/2022\/09\/08\/thierno-bocoum-ousmane-sonko-ment-et-il-sait-quil-ment\/#article\",\"isPartOf\":{\"@id\":\"https:\/\/www.public.sn\/index.php\/2022\/09\/08\/thierno-bocoum-ousmane-sonko-ment-et-il-sait-quil-ment\/\"},\"author\":{\"name\":\"LA REDACTION\",\"@id\":\"https:\/\/www.public.sn\/#\/schema\/person\/e3f4a11b037d4203902db148f9bc8d5a\"},\"headline\":\"Thierno Bocoum: \u201cOusmane Sonko ment et il sait qu\u2019il ment\u201d.\",\"datePublished\":\"2022-09-08T20:31:26+00:00\",\"dateModified\":\"2022-09-08T20:34:00+00:00\",\"mainEntityOfPage\":{\"@id\":\"https:\/\/www.public.sn\/index.php\/2022\/09\/08\/thierno-bocoum-ousmane-sonko-ment-et-il-sait-quil-ment\/\"},\"wordCount\":164,\"commentCount\":0,\"publisher\":{\"@id\":\"https:\/\/www.public.sn\/#organization\"},\"image\":{\"@id\":\"https:\/\/www.public.sn\/index.php\/2022\/09\/08\/thierno-bocoum-ousmane-sonko-ment-et-il-sait-quil-ment\/#primaryimage\"},\"thumbnailUrl\":\"https:\/\/www.public.sn\/wp-content\/uploads\/2022\/09\/3C253C20-0075-41F8-BBA2-168058C2DF26.jpeg\",\"keywords\":[\"Assembl\u00e9e Nationale\",\"Opposition\",\"Ousmane Sonko\",\"Thierno Bocoum\"],\"articleSection\":[\"POLITIQUE\"],\"inLanguage\":\"fr-FR\",\"potentialAction\":[{\"@type\":\"CommentAction\",\"name\":\"Comment\",\"target\":[\"https:\/\/www.public.sn\/index.php\/2022\/09\/08\/thierno-bocoum-ousmane-sonko-ment-et-il-sait-quil-ment\/#respond\"]}]},{\"@type\":\"WebPage\",\"@id\":\"https:\/\/www.public.sn\/index.php\/2022\/09\/08\/thierno-bocoum-ousmane-sonko-ment-et-il-sait-quil-ment\/\",\"url\":\"https:\/\/www.public.sn\/index.php\/2022\/09\/08\/thierno-bocoum-ousmane-sonko-ment-et-il-sait-quil-ment\/\",\"name\":\"Thierno Bocoum: \u201cOusmane Sonko ment et il sait qu\u2019il ment\u201d. - LE PUBLIC\",\"isPartOf\":{\"@id\":\"https:\/\/www.public.sn\/#website\"},\"primaryImageOfPage\":{\"@id\":\"https:\/\/www.public.sn\/index.php\/2022\/09\/08\/thierno-bocoum-ousmane-sonko-ment-et-il-sait-quil-ment\/#primaryimage\"},\"image\":{\"@id\":\"https:\/\/www.public.sn\/index.php\/2022\/09\/08\/thierno-bocoum-ousmane-sonko-ment-et-il-sait-quil-ment\/#primaryimage\"},\"thumbnailUrl\":\"https:\/\/www.public.sn\/wp-content\/uploads\/2022\/09\/3C253C20-0075-41F8-BBA2-168058C2DF26.jpeg\",\"datePublished\":\"2022-09-08T20:31:26+00:00\",\"dateModified\":\"2022-09-08T20:34:00+00:00\",\"breadcrumb\":{\"@id\":\"https:\/\/www.public.sn\/index.php\/2022\/09\/08\/thierno-bocoum-ousmane-sonko-ment-et-il-sait-quil-ment\/#breadcrumb\"},\"inLanguage\":\"fr-FR\",\"potentialAction\":[{\"@type\":\"ReadAction\",\"target\":[\"https:\/\/www.public.sn\/index.php\/2022\/09\/08\/thierno-bocoum-ousmane-sonko-ment-et-il-sait-quil-ment\/\"]}]},{\"@type\":\"ImageObject\",\"inLanguage\":\"fr-FR\",\"@id\":\"https:\/\/www.public.sn\/index.php\/2022\/09\/08\/thierno-bocoum-ousmane-sonko-ment-et-il-sait-quil-ment\/#primaryimage\",\"url\":\"https:\/\/www.public.sn\/wp-content\/uploads\/2022\/09\/3C253C20-0075-41F8-BBA2-168058C2DF26.jpeg\",\"contentUrl\":\"https:\/\/www.public.sn\/wp-content\/uploads\/2022\/09\/3C253C20-0075-41F8-BBA2-168058C2DF26.jpeg\",\"width\":650,\"height\":391},{\"@type\":\"BreadcrumbList\",\"@id\":\"https:\/\/www.public.sn\/index.php\/2022\/09\/08\/thierno-bocoum-ousmane-sonko-ment-et-il-sait-quil-ment\/#breadcrumb\",\"itemListElement\":[{\"@type\":\"ListItem\",\"position\":1,\"name\":\"Accueil\",\"item\":\"https:\/\/www.public.sn\/\"},{\"@type\":\"ListItem\",\"position\":2,\"name\":\"Thierno Bocoum: \u201cOusmane Sonko ment et il sait qu\u2019il ment\u201d.\"}]},{\"@type\":\"WebSite\",\"@id\":\"https:\/\/www.public.sn\/#website\",\"url\":\"https:\/\/www.public.sn\/\",\"name\":\"LE PUBLIC\",\"description\":\"\",\"publisher\":{\"@id\":\"https:\/\/www.public.sn\/#organization\"},\"potentialAction\":[{\"@type\":\"SearchAction\",\"target\":{\"@type\":\"EntryPoint\",\"urlTemplate\":\"https:\/\/www.public.sn\/?s={search_term_string}\"},\"query-input\":{\"@type\":\"PropertyValueSpecification\",\"valueRequired\":true,\"valueName\":\"search_term_string\"}}],\"inLanguage\":\"fr-FR\"},{\"@type\":\"Organization\",\"@id\":\"https:\/\/www.public.sn\/#organization\",\"name\":\"LE PUBLIC\",\"url\":\"https:\/\/www.public.sn\/\",\"logo\":{\"@type\":\"ImageObject\",\"inLanguage\":\"fr-FR\",\"@id\":\"https:\/\/www.public.sn\/#\/schema\/logo\/image\/\",\"url\":\"https:\/\/www.public.sn\/wp-content\/uploads\/2024\/05\/cropped-LOGO-PUBLIC.SN_.png\",\"contentUrl\":\"https:\/\/www.public.sn\/wp-content\/uploads\/2024\/05\/cropped-LOGO-PUBLIC.SN_.png\",\"width\":682,\"height\":192,\"caption\":\"LE PUBLIC\"},\"image\":{\"@id\":\"https:\/\/www.public.sn\/#\/schema\/logo\/image\/\"}},{\"@type\":\"Person\",\"@id\":\"https:\/\/www.public.sn\/#\/schema\/person\/e3f4a11b037d4203902db148f9bc8d5a\",\"name\":\"LA REDACTION\",\"image\":{\"@type\":\"ImageObject\",\"inLanguage\":\"fr-FR\",\"@id\":\"https:\/\/www.public.sn\/#\/schema\/person\/image\/\",\"url\":\"https:\/\/secure.gravatar.com\/avatar\/d6c030db45db2883c075085c5d6c6258654a801a93766b49af0b82d4f454e2a5?s=96&d=mm&r=g\",\"contentUrl\":\"https:\/\/secure.gravatar.com\/avatar\/d6c030db45db2883c075085c5d6c6258654a801a93766b49af0b82d4f454e2a5?s=96&d=mm&r=g\",\"caption\":\"LA REDACTION\"},\"sameAs\":[\"http:\/\/www.public.sn\"],\"url\":\"https:\/\/www.public.sn\/index.php\/author\/admin7324\/\"}]}<\/script>\n<!-- \/ Yoast SEO plugin. -->","yoast_head_json":{"title":"Thierno Bocoum: \u201cOusmane Sonko ment et il sait qu\u2019il ment\u201d. - LE PUBLIC","robots":{"index":"index","follow":"follow","max-snippet":"max-snippet:-1","max-image-preview":"max-image-preview:large","max-video-preview":"max-video-preview:-1"},"canonical":"https:\/\/www.public.sn\/index.php\/2022\/09\/08\/thierno-bocoum-ousmane-sonko-ment-et-il-sait-quil-ment\/","og_locale":"fr_FR","og_type":"article","og_title":"Thierno Bocoum: \u201cOusmane Sonko ment et il sait qu\u2019il ment\u201d. - LE PUBLIC","og_description":"Lors de la campagne \u00e9lectorale des L\u00e9gislatives du 31 juillet, Ousmane Sonko&nbsp;avait laiss\u00e9 entendre qu\u2019hormis l\u2019inter-coalition Yewwi-Wallu, toutes les autres coalitions travaillent pour le Pr\u00e9sident Macky Sall. Une d\u00e9claration qui avait provoqu\u00e9 l\u2019ire de l\u2019autre frange de l\u2019opposition. Thierno Bocoum de Aar S\u00e9n\u00e9gal avait fustig\u00e9 cette sortie malheureuse du leader de Pastef allant m\u00eame jusqu\u2019\u00e0 dire que : \u00ab Ousmane Sonko ment et il sait qu\u2019il ment \u00bb. Il revient sur ses dires et s\u2019exlique. Invit\u00e9 de l\u2019\u00e9mission Ndekki Li sur Sud FM, le leader du mouveemnt Agir non moins porte-parole de la coalition Aar S\u00e9n\u00e9gal dit n\u2019avoir aucun probl\u00e8me avec Ousmane Sonko. D\u2019ailleurs, dit-il :\u00a0\u00ab C\u2019est moi qui suis le premier \u00e0 dire que Ousmane Sonko est le Leader de l\u2019opposition. Mais, on ne doit pas utiliser sa notori\u00e9t\u00e9 pour discr\u00e9diter les autres \u00bb.","og_url":"https:\/\/www.public.sn\/index.php\/2022\/09\/08\/thierno-bocoum-ousmane-sonko-ment-et-il-sait-quil-ment\/","og_site_name":"LE PUBLIC","article_published_time":"2022-09-08T20:31:26+00:00","article_modified_time":"2022-09-08T20:34:00+00:00","og_image":[{"width":650,"height":391,"url":"https:\/\/www.public.sn\/wp-content\/uploads\/2022\/09\/3C253C20-0075-41F8-BBA2-168058C2DF26.jpeg","type":"image\/jpeg"}],"author":"LA REDACTION","twitter_card":"summary_large_image","twitter_misc":{"\u00c9crit par":"LA REDACTION","Dur\u00e9e de lecture estim\u00e9e":"1 minute"},"schema":{"@context":"https:\/\/schema.org","@graph":[{"@type":"Article","@id":"https:\/\/www.public.sn\/index.php\/2022\/09\/08\/thierno-bocoum-ousmane-sonko-ment-et-il-sait-quil-ment\/#article","isPartOf":{"@id":"https:\/\/www.public.sn\/index.php\/2022\/09\/08\/thierno-bocoum-ousmane-sonko-ment-et-il-sait-quil-ment\/"},"author":{"name":"LA REDACTION","@id":"https:\/\/www.public.sn\/#\/schema\/person\/e3f4a11b037d4203902db148f9bc8d5a"},"headline":"Thierno Bocoum: \u201cOusmane Sonko ment et il sait qu\u2019il ment\u201d.","datePublished":"2022-09-08T20:31:26+00:00","dateModified":"2022-09-08T20:34:00+00:00","mainEntityOfPage":{"@id":"https:\/\/www.public.sn\/index.php\/2022\/09\/08\/thierno-bocoum-ousmane-sonko-ment-et-il-sait-quil-ment\/"},"wordCount":164,"commentCount":0,"publisher":{"@id":"https:\/\/www.public.sn\/#organization"},"image":{"@id":"https:\/\/www.public.sn\/index.php\/2022\/09\/08\/thierno-bocoum-ousmane-sonko-ment-et-il-sait-quil-ment\/#primaryimage"},"thumbnailUrl":"https:\/\/www.public.sn\/wp-content\/uploads\/2022\/09\/3C253C20-0075-41F8-BBA2-168058C2DF26.jpeg","keywords":["Assembl\u00e9e Nationale","Opposition","Ousmane Sonko","Thierno Bocoum"],"articleSection":["POLITIQUE"],"inLanguage":"fr-FR","potentialAction":[{"@type":"CommentAction","name":"Comment","target":["https:\/\/www.public.sn\/index.php\/2022\/09\/08\/thierno-bocoum-ousmane-sonko-ment-et-il-sait-quil-ment\/#respond"]}]},{"@type":"WebPage","@id":"https:\/\/www.public.sn\/index.php\/2022\/09\/08\/thierno-bocoum-ousmane-sonko-ment-et-il-sait-quil-ment\/","url":"https:\/\/www.public.sn\/index.php\/2022\/09\/08\/thierno-bocoum-ousmane-sonko-ment-et-il-sait-quil-ment\/","name":"Thierno Bocoum: \u201cOusmane Sonko ment et il sait qu\u2019il ment\u201d. - LE PUBLIC","isPartOf":{"@id":"https:\/\/www.public.sn\/#website"},"primaryImageOfPage":{"@id":"https:\/\/www.public.sn\/index.php\/2022\/09\/08\/thierno-bocoum-ousmane-sonko-ment-et-il-sait-quil-ment\/#primaryimage"},"image":{"@id":"https:\/\/www.public.sn\/index.php\/2022\/09\/08\/thierno-bocoum-ousmane-sonko-ment-et-il-sait-quil-ment\/#primaryimage"},"thumbnailUrl":"https:\/\/www.public.sn\/wp-content\/uploads\/2022\/09\/3C253C20-0075-41F8-BBA2-168058C2DF26.jpeg","datePublished":"2022-09-08T20:31:26+00:00","dateModified":"2022-09-08T20:34:00+00:00","breadcrumb":{"@id":"https:\/\/www.public.sn\/index.php\/2022\/09\/08\/thierno-bocoum-ousmane-sonko-ment-et-il-sait-quil-ment\/#breadcrumb"},"inLanguage":"fr-FR","potentialAction":[{"@type":"ReadAction","target":["https:\/\/www.public.sn\/index.php\/2022\/09\/08\/thierno-bocoum-ousmane-sonko-ment-et-il-sait-quil-ment\/"]}]},{"@type":"ImageObject","inLanguage":"fr-FR","@id":"https:\/\/www.public.sn\/index.php\/2022\/09\/08\/thierno-bocoum-ousmane-sonko-ment-et-il-sait-quil-ment\/#primaryimage","url":"https:\/\/www.public.sn\/wp-content\/uploads\/2022\/09\/3C253C20-0075-41F8-BBA2-168058C2DF26.jpeg","contentUrl":"https:\/\/www.public.sn\/wp-content\/uploads\/2022\/09\/3C253C20-0075-41F8-BBA2-168058C2DF26.jpeg","width":650,"height":391},{"@type":"BreadcrumbList","@id":"https:\/\/www.public.sn\/index.php\/2022\/09\/08\/thierno-bocoum-ousmane-sonko-ment-et-il-sait-quil-ment\/#breadcrumb","itemListElement":[{"@type":"ListItem","position":1,"name":"Accueil","item":"https:\/\/www.public.sn\/"},{"@type":"ListItem","position":2,"name":"Thierno Bocoum: \u201cOusmane Sonko ment et il sait qu\u2019il ment\u201d."}]},{"@type":"WebSite","@id":"https:\/\/www.public.sn\/#website","url":"https:\/\/www.public.sn\/","name":"LE PUBLIC","description":"","publisher":{"@id":"https:\/\/www.public.sn\/#organization"},"potentialAction":[{"@type":"SearchAction","target":{"@type":"EntryPoint","urlTemplate":"https:\/\/www.public.sn\/?s={search_term_string}"},"query-input":{"@type":"PropertyValueSpecification","valueRequired":true,"valueName":"search_term_string"}}],"inLanguage":"fr-FR"},{"@type":"Organization","@id":"https:\/\/www.public.sn\/#organization","name":"LE PUBLIC","url":"https:\/\/www.public.sn\/","logo":{"@type":"ImageObject","inLanguage":"fr-FR","@id":"https:\/\/www.public.sn\/#\/schema\/logo\/image\/","url":"https:\/\/www.public.sn\/wp-content\/uploads\/2024\/05\/cropped-LOGO-PUBLIC.SN_.png","contentUrl":"https:\/\/www.public.sn\/wp-content\/uploads\/2024\/05\/cropped-LOGO-PUBLIC.SN_.png","width":682,"height":192,"caption":"LE PUBLIC"},"image":{"@id":"https:\/\/www.public.sn\/#\/schema\/logo\/image\/"}},{"@type":"Person","@id":"https:\/\/www.public.sn\/#\/schema\/person\/e3f4a11b037d4203902db148f9bc8d5a","name":"LA REDACTION","image":{"@type":"ImageObject","inLanguage":"fr-FR","@id":"https:\/\/www.public.sn\/#\/schema\/person\/image\/","url":"https:\/\/secure.gravatar.com\/avatar\/d6c030db45db2883c075085c5d6c6258654a801a93766b49af0b82d4f454e2a5?s=96&d=mm&r=g","contentUrl":"https:\/\/secure.gravatar.com\/avatar\/d6c030db45db2883c075085c5d6c6258654a801a93766b49af0b82d4f454e2a5?s=96&d=mm&r=g","caption":"LA REDACTION"},"sameAs":["http:\/\/www.public.sn"],"url":"https:\/\/www.public.sn\/index.php\/author\/admin7324\/"}]}},"jetpack_featured_media_url":"https:\/\/www.public.sn\/wp-content\/uploads\/2022\/09\/3C253C20-0075-41F8-BBA2-168058C2DF26.jpeg","jetpack_sharing_enabled":true,"_links":{"self":[{"href":"https:\/\/www.public.sn\/index.php\/wp-json\/wp\/v2\/posts\/1544","targetHints":{"allow":["GET"]}}],"collection":[{"href":"https:\/\/www.public.sn\/index.php\/wp-json\/wp\/v2\/posts"}],"about":[{"href":"https:\/\/www.public.sn\/index.php\/wp-json\/wp\/v2\/types\/post"}],"author":[{"embeddable":true,"href":"https:\/\/www.public.sn\/index.php\/wp-json\/wp\/v2\/users\/1"}],"replies":[{"embeddable":true,"href":"https:\/\/www.public.sn\/index.php\/wp-json\/wp\/v2\/comments?post=1544"}],"version-history":[{"count":2,"href":"https:\/\/www.public.sn\/index.php\/wp-json\/wp\/v2\/posts\/1544\/revisions"}],"predecessor-version":[{"id":1550,"href":"https:\/\/www.public.sn\/index.php\/wp-json\/wp\/v2\/posts\/1544\/revisions\/1550"}],"wp:featuredmedia":[{"embeddable":true,"href":"https:\/\/www.public.sn\/index.php\/wp-json\/wp\/v2\/media\/1546"}],"wp:attachment":[{"href":"https:\/\/www.public.sn\/index.php\/wp-json\/wp\/v2\/media?parent=1544"}],"wp:term":[{"taxonomy":"category","embeddable":true,"href":"https:\/\/www.public.sn\/index.php\/wp-json\/wp\/v2\/categories?post=1544"},{"taxonomy":"post_tag","embeddable":true,"href":"https:\/\/www.public.sn\/index.php\/wp-json\/wp\/v2\/tags?post=1544"}],"curies":[{"name":"wp","href":"https:\/\/api.w.org\/{rel}","templated":true}]}}