{"id":15484,"date":"2023-02-10T19:34:07","date_gmt":"2023-02-10T19:34:07","guid":{"rendered":"https:\/\/www.public.sn\/?p=15484"},"modified":"2023-02-10T19:35:05","modified_gmt":"2023-02-10T19:35:05","slug":"ousmane-sonko-et-cie-gazes-a-lentree-de-mbacke-regardez","status":"publish","type":"post","link":"https:\/\/www.public.sn\/index.php\/2023\/02\/10\/ousmane-sonko-et-cie-gazes-a-lentree-de-mbacke-regardez\/","title":{"rendered":"Ousmane Sonko et Cie gaz\u00e9s \u00e0 l\u2019entr\u00e9e de Mback\u00e9. Regardez !"},"content":{"rendered":"<p><strong>Un vendredi chaud \u00e0 Mback\u00e9. Malgr\u00e9 l&rsquo;interdiction du meeting de Pastef, les jeunes campapent\u00a0 toujours sur leur d\u00e9cision. Ils veulent recevoir leur leader dans leur localit\u00e9. Ousmane Sonko. A l\u2019entr\u00e9e de Mback\u00e9, le cort\u00e8ge du leader de Pastef, Ousmane Sonko a \u00e9t\u00e9 gaz\u00e9 par les forces de l\u2019ordre.<\/strong><\/p><div class=\"publi-paragraphe1\" style=\"margin-top: 10px;margin-bottom: 10px;margin-left: auto;margin-right: auto;text-align: center;\" id=\"publi-609653907\"><div class=\"publi-adlabel\">Publicit\u00e9<\/div><script async src=\"\/\/pagead2.googlesyndication.com\/pagead\/js\/adsbygoogle.js?client=ca-pub-4089586018074219\" crossorigin=\"anonymous\"><\/script><ins class=\"adsbygoogle\" style=\"display:block;\" data-ad-client=\"ca-pub-4089586018074219\" \ndata-ad-slot=\"2087940154\" \ndata-ad-format=\"auto\"><\/ins>\n<script> \n(adsbygoogle = window.adsbygoogle || []).push({}); \n<\/script>\n<\/div>\n<p>Le leader de Pastef veut co\u00fbte que co\u00fbte tenir son m\u00e9ga meeting malgr\u00e9 le refus du pr\u00e9fet de Mback\u00e9. D\u00e9termin\u00e9 \u00e0 rallier Mback\u00e9, son cort\u00e8ge a essuy\u00e9 des tirs de grenades lacrymog\u00e8nes des forces de l\u2019ordre qui ont tent\u00e9 de l\u2019en emp\u00eacher.<\/p>\n<p>Regardez !<br \/>\n<iframe title=\"Mback\u00e9 : Le cort\u00e8ge de Sonko gaz\u00e9 par la police\" src=\"https:\/\/www.youtube.com\/embed\/zie_mrDhro0\" width=\"785\" height=\"439\" frameborder=\"0\" allowfullscreen=\"allowfullscreen\"><\/iframe><\/p>\n<div class=\"publi-apres-le-contenu\" style=\"margin-top: 10px;margin-bottom: 10px;margin-left: auto;margin-right: auto;text-align: center;\" id=\"publi-668060342\"><div class=\"publi-adlabel\">Publicit\u00e9<\/div><script async src=\"\/\/pagead2.googlesyndication.com\/pagead\/js\/adsbygoogle.js?client=ca-pub-4089586018074219\" crossorigin=\"anonymous\"><\/script><ins class=\"adsbygoogle\" style=\"display:block;\" data-ad-client=\"ca-pub-4089586018074219\" \ndata-ad-slot=\"2087940154\" \ndata-ad-format=\"auto\"><\/ins>\n<script> \n(adsbygoogle = window.adsbygoogle || []).push({}); \n<\/script>\n<\/div>","protected":false},"excerpt":{"rendered":"<p>Un vendredi chaud \u00e0 Mback\u00e9. Malgr\u00e9 l&rsquo;interdiction du meeting de Pastef, les jeunes campapent\u00a0 toujours sur leur d\u00e9cision. Ils veulent recevoir leur leader dans leur localit\u00e9. Ousmane Sonko. A l\u2019entr\u00e9e de Mback\u00e9, le cort\u00e8ge du leader de Pastef, Ousmane Sonko a \u00e9t\u00e9 gaz\u00e9 par les forces de l\u2019ordre. Le leader de Pastef veut co\u00fbte que co\u00fbte tenir son m\u00e9ga meeting malgr\u00e9 le refus du pr\u00e9fet de Mback\u00e9. D\u00e9termin\u00e9 \u00e0 rallier Mback\u00e9, son cort\u00e8ge a essuy\u00e9 des tirs de grenades lacrymog\u00e8nes des forces de l\u2019ordre qui ont tent\u00e9 de l\u2019en emp\u00eacher. Regardez !<\/p>\n","protected":false},"author":1,"featured_media":15475,"comment_status":"open","ping_status":"open","sticky":false,"template":"","format":"standard","meta":{"_jetpack_memberships_contains_paid_content":false,"footnotes":""},"categories":[375,3,376,1,372,6],"tags":[1529,16],"class_list":["post-15484","post","type-post","status-publish","format-standard","has-post-thumbnail","hentry","category-actualites","category-politique","category-securite-justice","category-non-classe","category-vedette","category-videos","tag-mbacke","tag-ousmane-sonko","entry","has-media","owp-thumbs-layout-horizontal","owp-btn-normal","owp-tabs-layout-horizontal","has-no-thumbnails","has-product-nav"],"yoast_head":"<!-- This site is optimized with the Yoast SEO plugin v25.5 - https:\/\/yoast.com\/wordpress\/plugins\/seo\/ -->\n<title>Ousmane Sonko et Cie gaz\u00e9s \u00e0 l\u2019entr\u00e9e de Mback\u00e9. Regardez ! - LE PUBLIC<\/title>\n<meta name=\"robots\" content=\"index, follow, max-snippet:-1, max-image-preview:large, max-video-preview:-1\" \/>\n<link rel=\"canonical\" href=\"https:\/\/www.public.sn\/index.php\/2023\/02\/10\/ousmane-sonko-et-cie-gazes-a-lentree-de-mbacke-regardez\/\" \/>\n<meta property=\"og:locale\" content=\"fr_FR\" \/>\n<meta property=\"og:type\" content=\"article\" \/>\n<meta property=\"og:title\" content=\"Ousmane Sonko et Cie gaz\u00e9s \u00e0 l\u2019entr\u00e9e de Mback\u00e9. Regardez ! - LE PUBLIC\" \/>\n<meta property=\"og:description\" content=\"Un vendredi chaud \u00e0 Mback\u00e9. Malgr\u00e9 l&rsquo;interdiction du meeting de Pastef, les jeunes campapent\u00a0 toujours sur leur d\u00e9cision. Ils veulent recevoir leur leader dans leur localit\u00e9. Ousmane Sonko. A l\u2019entr\u00e9e de Mback\u00e9, le cort\u00e8ge du leader de Pastef, Ousmane Sonko a \u00e9t\u00e9 gaz\u00e9 par les forces de l\u2019ordre. Le leader de Pastef veut co\u00fbte que co\u00fbte tenir son m\u00e9ga meeting malgr\u00e9 le refus du pr\u00e9fet de Mback\u00e9. D\u00e9termin\u00e9 \u00e0 rallier Mback\u00e9, son cort\u00e8ge a essuy\u00e9 des tirs de grenades lacrymog\u00e8nes des forces de l\u2019ordre qui ont tent\u00e9 de l\u2019en emp\u00eacher. Regardez !\" \/>\n<meta property=\"og:url\" content=\"https:\/\/www.public.sn\/index.php\/2023\/02\/10\/ousmane-sonko-et-cie-gazes-a-lentree-de-mbacke-regardez\/\" \/>\n<meta property=\"og:site_name\" content=\"LE PUBLIC\" \/>\n<meta property=\"article:published_time\" content=\"2023-02-10T19:34:07+00:00\" \/>\n<meta property=\"article:modified_time\" content=\"2023-02-10T19:35:05+00:00\" \/>\n<meta property=\"og:image\" content=\"https:\/\/www.public.sn\/wp-content\/uploads\/2023\/02\/WhatsApp-Image-2023-02-10-at-17.00.26-1.jpeg\" \/>\n\t<meta property=\"og:image:width\" content=\"808\" \/>\n\t<meta property=\"og:image:height\" content=\"606\" \/>\n\t<meta property=\"og:image:type\" content=\"image\/jpeg\" \/>\n<meta name=\"author\" content=\"LA REDACTION\" \/>\n<meta name=\"twitter:card\" content=\"summary_large_image\" \/>\n<meta name=\"twitter:label1\" content=\"\u00c9crit par\" \/>\n\t<meta name=\"twitter:data1\" content=\"LA REDACTION\" \/>\n\t<meta name=\"twitter:label2\" content=\"Dur\u00e9e de lecture estim\u00e9e\" \/>\n\t<meta name=\"twitter:data2\" content=\"1 minute\" \/>\n<script type=\"application\/ld+json\" class=\"yoast-schema-graph\">{\"@context\":\"https:\/\/schema.org\",\"@graph\":[{\"@type\":\"Article\",\"@id\":\"https:\/\/www.public.sn\/index.php\/2023\/02\/10\/ousmane-sonko-et-cie-gazes-a-lentree-de-mbacke-regardez\/#article\",\"isPartOf\":{\"@id\":\"https:\/\/www.public.sn\/index.php\/2023\/02\/10\/ousmane-sonko-et-cie-gazes-a-lentree-de-mbacke-regardez\/\"},\"author\":{\"name\":\"LA REDACTION\",\"@id\":\"https:\/\/www.public.sn\/#\/schema\/person\/e3f4a11b037d4203902db148f9bc8d5a\"},\"headline\":\"Ousmane Sonko et Cie gaz\u00e9s \u00e0 l\u2019entr\u00e9e de Mback\u00e9. Regardez !\",\"datePublished\":\"2023-02-10T19:34:07+00:00\",\"dateModified\":\"2023-02-10T19:35:05+00:00\",\"mainEntityOfPage\":{\"@id\":\"https:\/\/www.public.sn\/index.php\/2023\/02\/10\/ousmane-sonko-et-cie-gazes-a-lentree-de-mbacke-regardez\/\"},\"wordCount\":116,\"commentCount\":0,\"publisher\":{\"@id\":\"https:\/\/www.public.sn\/#organization\"},\"image\":{\"@id\":\"https:\/\/www.public.sn\/index.php\/2023\/02\/10\/ousmane-sonko-et-cie-gazes-a-lentree-de-mbacke-regardez\/#primaryimage\"},\"thumbnailUrl\":\"https:\/\/www.public.sn\/wp-content\/uploads\/2023\/02\/WhatsApp-Image-2023-02-10-at-17.00.26-1.jpeg\",\"keywords\":[\"mback\u00e9\",\"Ousmane Sonko\"],\"articleSection\":[\"ACTUALIT\u00c9S\",\"POLITIQUE\",\"S\u00c9CURIT\u00c9 &amp; JUSTICE\",\"S\u00c9N\u00c9GAL\",\"VEDETTE\",\"VIDEOS\"],\"inLanguage\":\"fr-FR\",\"potentialAction\":[{\"@type\":\"CommentAction\",\"name\":\"Comment\",\"target\":[\"https:\/\/www.public.sn\/index.php\/2023\/02\/10\/ousmane-sonko-et-cie-gazes-a-lentree-de-mbacke-regardez\/#respond\"]}]},{\"@type\":\"WebPage\",\"@id\":\"https:\/\/www.public.sn\/index.php\/2023\/02\/10\/ousmane-sonko-et-cie-gazes-a-lentree-de-mbacke-regardez\/\",\"url\":\"https:\/\/www.public.sn\/index.php\/2023\/02\/10\/ousmane-sonko-et-cie-gazes-a-lentree-de-mbacke-regardez\/\",\"name\":\"Ousmane Sonko et Cie gaz\u00e9s \u00e0 l\u2019entr\u00e9e de Mback\u00e9. Regardez ! - LE PUBLIC\",\"isPartOf\":{\"@id\":\"https:\/\/www.public.sn\/#website\"},\"primaryImageOfPage\":{\"@id\":\"https:\/\/www.public.sn\/index.php\/2023\/02\/10\/ousmane-sonko-et-cie-gazes-a-lentree-de-mbacke-regardez\/#primaryimage\"},\"image\":{\"@id\":\"https:\/\/www.public.sn\/index.php\/2023\/02\/10\/ousmane-sonko-et-cie-gazes-a-lentree-de-mbacke-regardez\/#primaryimage\"},\"thumbnailUrl\":\"https:\/\/www.public.sn\/wp-content\/uploads\/2023\/02\/WhatsApp-Image-2023-02-10-at-17.00.26-1.jpeg\",\"datePublished\":\"2023-02-10T19:34:07+00:00\",\"dateModified\":\"2023-02-10T19:35:05+00:00\",\"breadcrumb\":{\"@id\":\"https:\/\/www.public.sn\/index.php\/2023\/02\/10\/ousmane-sonko-et-cie-gazes-a-lentree-de-mbacke-regardez\/#breadcrumb\"},\"inLanguage\":\"fr-FR\",\"potentialAction\":[{\"@type\":\"ReadAction\",\"target\":[\"https:\/\/www.public.sn\/index.php\/2023\/02\/10\/ousmane-sonko-et-cie-gazes-a-lentree-de-mbacke-regardez\/\"]}]},{\"@type\":\"ImageObject\",\"inLanguage\":\"fr-FR\",\"@id\":\"https:\/\/www.public.sn\/index.php\/2023\/02\/10\/ousmane-sonko-et-cie-gazes-a-lentree-de-mbacke-regardez\/#primaryimage\",\"url\":\"https:\/\/www.public.sn\/wp-content\/uploads\/2023\/02\/WhatsApp-Image-2023-02-10-at-17.00.26-1.jpeg\",\"contentUrl\":\"https:\/\/www.public.sn\/wp-content\/uploads\/2023\/02\/WhatsApp-Image-2023-02-10-at-17.00.26-1.jpeg\",\"width\":808,\"height\":606},{\"@type\":\"BreadcrumbList\",\"@id\":\"https:\/\/www.public.sn\/index.php\/2023\/02\/10\/ousmane-sonko-et-cie-gazes-a-lentree-de-mbacke-regardez\/#breadcrumb\",\"itemListElement\":[{\"@type\":\"ListItem\",\"position\":1,\"name\":\"Accueil\",\"item\":\"https:\/\/www.public.sn\/\"},{\"@type\":\"ListItem\",\"position\":2,\"name\":\"Ousmane Sonko et Cie gaz\u00e9s \u00e0 l\u2019entr\u00e9e de Mback\u00e9. Regardez !\"}]},{\"@type\":\"WebSite\",\"@id\":\"https:\/\/www.public.sn\/#website\",\"url\":\"https:\/\/www.public.sn\/\",\"name\":\"LE PUBLIC\",\"description\":\"\",\"publisher\":{\"@id\":\"https:\/\/www.public.sn\/#organization\"},\"potentialAction\":[{\"@type\":\"SearchAction\",\"target\":{\"@type\":\"EntryPoint\",\"urlTemplate\":\"https:\/\/www.public.sn\/?s={search_term_string}\"},\"query-input\":{\"@type\":\"PropertyValueSpecification\",\"valueRequired\":true,\"valueName\":\"search_term_string\"}}],\"inLanguage\":\"fr-FR\"},{\"@type\":\"Organization\",\"@id\":\"https:\/\/www.public.sn\/#organization\",\"name\":\"LE PUBLIC\",\"url\":\"https:\/\/www.public.sn\/\",\"logo\":{\"@type\":\"ImageObject\",\"inLanguage\":\"fr-FR\",\"@id\":\"https:\/\/www.public.sn\/#\/schema\/logo\/image\/\",\"url\":\"https:\/\/www.public.sn\/wp-content\/uploads\/2024\/05\/cropped-LOGO-PUBLIC.SN_.png\",\"contentUrl\":\"https:\/\/www.public.sn\/wp-content\/uploads\/2024\/05\/cropped-LOGO-PUBLIC.SN_.png\",\"width\":682,\"height\":192,\"caption\":\"LE PUBLIC\"},\"image\":{\"@id\":\"https:\/\/www.public.sn\/#\/schema\/logo\/image\/\"}},{\"@type\":\"Person\",\"@id\":\"https:\/\/www.public.sn\/#\/schema\/person\/e3f4a11b037d4203902db148f9bc8d5a\",\"name\":\"LA REDACTION\",\"image\":{\"@type\":\"ImageObject\",\"inLanguage\":\"fr-FR\",\"@id\":\"https:\/\/www.public.sn\/#\/schema\/person\/image\/\",\"url\":\"https:\/\/secure.gravatar.com\/avatar\/d6c030db45db2883c075085c5d6c6258654a801a93766b49af0b82d4f454e2a5?s=96&d=mm&r=g\",\"contentUrl\":\"https:\/\/secure.gravatar.com\/avatar\/d6c030db45db2883c075085c5d6c6258654a801a93766b49af0b82d4f454e2a5?s=96&d=mm&r=g\",\"caption\":\"LA REDACTION\"},\"sameAs\":[\"http:\/\/www.public.sn\"],\"url\":\"https:\/\/www.public.sn\/index.php\/author\/admin7324\/\"}]}<\/script>\n<!-- \/ Yoast SEO plugin. -->","yoast_head_json":{"title":"Ousmane Sonko et Cie gaz\u00e9s \u00e0 l\u2019entr\u00e9e de Mback\u00e9. Regardez ! - LE PUBLIC","robots":{"index":"index","follow":"follow","max-snippet":"max-snippet:-1","max-image-preview":"max-image-preview:large","max-video-preview":"max-video-preview:-1"},"canonical":"https:\/\/www.public.sn\/index.php\/2023\/02\/10\/ousmane-sonko-et-cie-gazes-a-lentree-de-mbacke-regardez\/","og_locale":"fr_FR","og_type":"article","og_title":"Ousmane Sonko et Cie gaz\u00e9s \u00e0 l\u2019entr\u00e9e de Mback\u00e9. Regardez ! - LE PUBLIC","og_description":"Un vendredi chaud \u00e0 Mback\u00e9. Malgr\u00e9 l&rsquo;interdiction du meeting de Pastef, les jeunes campapent\u00a0 toujours sur leur d\u00e9cision. Ils veulent recevoir leur leader dans leur localit\u00e9. Ousmane Sonko. A l\u2019entr\u00e9e de Mback\u00e9, le cort\u00e8ge du leader de Pastef, Ousmane Sonko a \u00e9t\u00e9 gaz\u00e9 par les forces de l\u2019ordre. Le leader de Pastef veut co\u00fbte que co\u00fbte tenir son m\u00e9ga meeting malgr\u00e9 le refus du pr\u00e9fet de Mback\u00e9. D\u00e9termin\u00e9 \u00e0 rallier Mback\u00e9, son cort\u00e8ge a essuy\u00e9 des tirs de grenades lacrymog\u00e8nes des forces de l\u2019ordre qui ont tent\u00e9 de l\u2019en emp\u00eacher. Regardez !","og_url":"https:\/\/www.public.sn\/index.php\/2023\/02\/10\/ousmane-sonko-et-cie-gazes-a-lentree-de-mbacke-regardez\/","og_site_name":"LE PUBLIC","article_published_time":"2023-02-10T19:34:07+00:00","article_modified_time":"2023-02-10T19:35:05+00:00","og_image":[{"width":808,"height":606,"url":"https:\/\/www.public.sn\/wp-content\/uploads\/2023\/02\/WhatsApp-Image-2023-02-10-at-17.00.26-1.jpeg","type":"image\/jpeg"}],"author":"LA REDACTION","twitter_card":"summary_large_image","twitter_misc":{"\u00c9crit par":"LA REDACTION","Dur\u00e9e de lecture estim\u00e9e":"1 minute"},"schema":{"@context":"https:\/\/schema.org","@graph":[{"@type":"Article","@id":"https:\/\/www.public.sn\/index.php\/2023\/02\/10\/ousmane-sonko-et-cie-gazes-a-lentree-de-mbacke-regardez\/#article","isPartOf":{"@id":"https:\/\/www.public.sn\/index.php\/2023\/02\/10\/ousmane-sonko-et-cie-gazes-a-lentree-de-mbacke-regardez\/"},"author":{"name":"LA REDACTION","@id":"https:\/\/www.public.sn\/#\/schema\/person\/e3f4a11b037d4203902db148f9bc8d5a"},"headline":"Ousmane Sonko et Cie gaz\u00e9s \u00e0 l\u2019entr\u00e9e de Mback\u00e9. Regardez !","datePublished":"2023-02-10T19:34:07+00:00","dateModified":"2023-02-10T19:35:05+00:00","mainEntityOfPage":{"@id":"https:\/\/www.public.sn\/index.php\/2023\/02\/10\/ousmane-sonko-et-cie-gazes-a-lentree-de-mbacke-regardez\/"},"wordCount":116,"commentCount":0,"publisher":{"@id":"https:\/\/www.public.sn\/#organization"},"image":{"@id":"https:\/\/www.public.sn\/index.php\/2023\/02\/10\/ousmane-sonko-et-cie-gazes-a-lentree-de-mbacke-regardez\/#primaryimage"},"thumbnailUrl":"https:\/\/www.public.sn\/wp-content\/uploads\/2023\/02\/WhatsApp-Image-2023-02-10-at-17.00.26-1.jpeg","keywords":["mback\u00e9","Ousmane Sonko"],"articleSection":["ACTUALIT\u00c9S","POLITIQUE","S\u00c9CURIT\u00c9 &amp; JUSTICE","S\u00c9N\u00c9GAL","VEDETTE","VIDEOS"],"inLanguage":"fr-FR","potentialAction":[{"@type":"CommentAction","name":"Comment","target":["https:\/\/www.public.sn\/index.php\/2023\/02\/10\/ousmane-sonko-et-cie-gazes-a-lentree-de-mbacke-regardez\/#respond"]}]},{"@type":"WebPage","@id":"https:\/\/www.public.sn\/index.php\/2023\/02\/10\/ousmane-sonko-et-cie-gazes-a-lentree-de-mbacke-regardez\/","url":"https:\/\/www.public.sn\/index.php\/2023\/02\/10\/ousmane-sonko-et-cie-gazes-a-lentree-de-mbacke-regardez\/","name":"Ousmane Sonko et Cie gaz\u00e9s \u00e0 l\u2019entr\u00e9e de Mback\u00e9. Regardez ! - LE PUBLIC","isPartOf":{"@id":"https:\/\/www.public.sn\/#website"},"primaryImageOfPage":{"@id":"https:\/\/www.public.sn\/index.php\/2023\/02\/10\/ousmane-sonko-et-cie-gazes-a-lentree-de-mbacke-regardez\/#primaryimage"},"image":{"@id":"https:\/\/www.public.sn\/index.php\/2023\/02\/10\/ousmane-sonko-et-cie-gazes-a-lentree-de-mbacke-regardez\/#primaryimage"},"thumbnailUrl":"https:\/\/www.public.sn\/wp-content\/uploads\/2023\/02\/WhatsApp-Image-2023-02-10-at-17.00.26-1.jpeg","datePublished":"2023-02-10T19:34:07+00:00","dateModified":"2023-02-10T19:35:05+00:00","breadcrumb":{"@id":"https:\/\/www.public.sn\/index.php\/2023\/02\/10\/ousmane-sonko-et-cie-gazes-a-lentree-de-mbacke-regardez\/#breadcrumb"},"inLanguage":"fr-FR","potentialAction":[{"@type":"ReadAction","target":["https:\/\/www.public.sn\/index.php\/2023\/02\/10\/ousmane-sonko-et-cie-gazes-a-lentree-de-mbacke-regardez\/"]}]},{"@type":"ImageObject","inLanguage":"fr-FR","@id":"https:\/\/www.public.sn\/index.php\/2023\/02\/10\/ousmane-sonko-et-cie-gazes-a-lentree-de-mbacke-regardez\/#primaryimage","url":"https:\/\/www.public.sn\/wp-content\/uploads\/2023\/02\/WhatsApp-Image-2023-02-10-at-17.00.26-1.jpeg","contentUrl":"https:\/\/www.public.sn\/wp-content\/uploads\/2023\/02\/WhatsApp-Image-2023-02-10-at-17.00.26-1.jpeg","width":808,"height":606},{"@type":"BreadcrumbList","@id":"https:\/\/www.public.sn\/index.php\/2023\/02\/10\/ousmane-sonko-et-cie-gazes-a-lentree-de-mbacke-regardez\/#breadcrumb","itemListElement":[{"@type":"ListItem","position":1,"name":"Accueil","item":"https:\/\/www.public.sn\/"},{"@type":"ListItem","position":2,"name":"Ousmane Sonko et Cie gaz\u00e9s \u00e0 l\u2019entr\u00e9e de Mback\u00e9. Regardez !"}]},{"@type":"WebSite","@id":"https:\/\/www.public.sn\/#website","url":"https:\/\/www.public.sn\/","name":"LE PUBLIC","description":"","publisher":{"@id":"https:\/\/www.public.sn\/#organization"},"potentialAction":[{"@type":"SearchAction","target":{"@type":"EntryPoint","urlTemplate":"https:\/\/www.public.sn\/?s={search_term_string}"},"query-input":{"@type":"PropertyValueSpecification","valueRequired":true,"valueName":"search_term_string"}}],"inLanguage":"fr-FR"},{"@type":"Organization","@id":"https:\/\/www.public.sn\/#organization","name":"LE PUBLIC","url":"https:\/\/www.public.sn\/","logo":{"@type":"ImageObject","inLanguage":"fr-FR","@id":"https:\/\/www.public.sn\/#\/schema\/logo\/image\/","url":"https:\/\/www.public.sn\/wp-content\/uploads\/2024\/05\/cropped-LOGO-PUBLIC.SN_.png","contentUrl":"https:\/\/www.public.sn\/wp-content\/uploads\/2024\/05\/cropped-LOGO-PUBLIC.SN_.png","width":682,"height":192,"caption":"LE PUBLIC"},"image":{"@id":"https:\/\/www.public.sn\/#\/schema\/logo\/image\/"}},{"@type":"Person","@id":"https:\/\/www.public.sn\/#\/schema\/person\/e3f4a11b037d4203902db148f9bc8d5a","name":"LA REDACTION","image":{"@type":"ImageObject","inLanguage":"fr-FR","@id":"https:\/\/www.public.sn\/#\/schema\/person\/image\/","url":"https:\/\/secure.gravatar.com\/avatar\/d6c030db45db2883c075085c5d6c6258654a801a93766b49af0b82d4f454e2a5?s=96&d=mm&r=g","contentUrl":"https:\/\/secure.gravatar.com\/avatar\/d6c030db45db2883c075085c5d6c6258654a801a93766b49af0b82d4f454e2a5?s=96&d=mm&r=g","caption":"LA REDACTION"},"sameAs":["http:\/\/www.public.sn"],"url":"https:\/\/www.public.sn\/index.php\/author\/admin7324\/"}]}},"jetpack_featured_media_url":"https:\/\/www.public.sn\/wp-content\/uploads\/2023\/02\/WhatsApp-Image-2023-02-10-at-17.00.26-1.jpeg","jetpack_sharing_enabled":true,"_links":{"self":[{"href":"https:\/\/www.public.sn\/index.php\/wp-json\/wp\/v2\/posts\/15484","targetHints":{"allow":["GET"]}}],"collection":[{"href":"https:\/\/www.public.sn\/index.php\/wp-json\/wp\/v2\/posts"}],"about":[{"href":"https:\/\/www.public.sn\/index.php\/wp-json\/wp\/v2\/types\/post"}],"author":[{"embeddable":true,"href":"https:\/\/www.public.sn\/index.php\/wp-json\/wp\/v2\/users\/1"}],"replies":[{"embeddable":true,"href":"https:\/\/www.public.sn\/index.php\/wp-json\/wp\/v2\/comments?post=15484"}],"version-history":[{"count":2,"href":"https:\/\/www.public.sn\/index.php\/wp-json\/wp\/v2\/posts\/15484\/revisions"}],"predecessor-version":[{"id":15486,"href":"https:\/\/www.public.sn\/index.php\/wp-json\/wp\/v2\/posts\/15484\/revisions\/15486"}],"wp:featuredmedia":[{"embeddable":true,"href":"https:\/\/www.public.sn\/index.php\/wp-json\/wp\/v2\/media\/15475"}],"wp:attachment":[{"href":"https:\/\/www.public.sn\/index.php\/wp-json\/wp\/v2\/media?parent=15484"}],"wp:term":[{"taxonomy":"category","embeddable":true,"href":"https:\/\/www.public.sn\/index.php\/wp-json\/wp\/v2\/categories?post=15484"},{"taxonomy":"post_tag","embeddable":true,"href":"https:\/\/www.public.sn\/index.php\/wp-json\/wp\/v2\/tags?post=15484"}],"curies":[{"name":"wp","href":"https:\/\/api.w.org\/{rel}","templated":true}]}}