{"id":15487,"date":"2023-02-11T12:03:14","date_gmt":"2023-02-11T12:03:14","guid":{"rendered":"https:\/\/www.public.sn\/?p=15487"},"modified":"2023-02-11T12:03:14","modified_gmt":"2023-02-11T12:03:14","slug":"manifestation-touba-mbacke-le-bilan-des-arrestations","status":"publish","type":"post","link":"https:\/\/www.public.sn\/index.php\/2023\/02\/11\/manifestation-touba-mbacke-le-bilan-des-arrestations\/","title":{"rendered":"Manifestation Touba\/Mback\u00e9 : Le bilan des arrestations"},"content":{"rendered":"<p>L&rsquo;\u00e9tau se resserre autour des personnes interpell\u00e9es suite \u00e0 l&rsquo;interdiction de la tenue du meeting de Ousmane Sonko au boulevard Ndoy\u00e9ne. Selon Seneweb, 57 manifestants sont actuellement entre les mains de la police.<\/p><div class=\"publi-paragraphe1\" style=\"margin-top: 10px;margin-bottom: 10px;margin-left: auto;margin-right: auto;text-align: center;\" id=\"publi-3757530619\"><div class=\"publi-adlabel\">Publicit\u00e9<\/div><script async src=\"\/\/pagead2.googlesyndication.com\/pagead\/js\/adsbygoogle.js?client=ca-pub-4089586018074219\" crossorigin=\"anonymous\"><\/script><ins class=\"adsbygoogle\" style=\"display:block;\" data-ad-client=\"ca-pub-4089586018074219\" \ndata-ad-slot=\"2087940154\" \ndata-ad-format=\"auto\"><\/ins>\n<script> \n(adsbygoogle = window.adsbygoogle || []).push({}); \n<\/script>\n<\/div>\n<p>Les \u00e9l\u00e9ments du commissariat sp\u00e9cial de Touba et ses secondaires avaient mis la main sur 28 individus lors des affrontements. Tout ce beau monde ont pass\u00e9 la nuit dans les locaux de la police.<\/p>\n<p>De plus, les policiers du commissariat urbain de Mback\u00e9 ont mis aux arr\u00eats 29 personnes dont Serigne Assane Mback\u00e9. Ces derni\u00e8res sont actuellement en garde \u00e0 vue pour participation \u00e0 une manifestation non autoris\u00e9e.<\/p>\n<p>Le leader du mouvement appel 221 Serigne Assane Mback\u00e9 a \u00e9t\u00e9 arr\u00eat\u00e9 avec trois personnes dont une femme. Le chef religieux-politicien avait \u00e9t\u00e9 interpell\u00e9 dans son v\u00e9hicule lorsqu&rsquo;il voulais rentrer \u00e0 Touba.<\/p>\n<div class=\"publi-apres-le-contenu\" style=\"margin-top: 10px;margin-bottom: 10px;margin-left: auto;margin-right: auto;text-align: center;\" id=\"publi-2805212268\"><div class=\"publi-adlabel\">Publicit\u00e9<\/div><script async src=\"\/\/pagead2.googlesyndication.com\/pagead\/js\/adsbygoogle.js?client=ca-pub-4089586018074219\" crossorigin=\"anonymous\"><\/script><ins class=\"adsbygoogle\" style=\"display:block;\" data-ad-client=\"ca-pub-4089586018074219\" \ndata-ad-slot=\"2087940154\" \ndata-ad-format=\"auto\"><\/ins>\n<script> \n(adsbygoogle = window.adsbygoogle || []).push({}); \n<\/script>\n<\/div>","protected":false},"excerpt":{"rendered":"<p>L&rsquo;\u00e9tau se resserre autour des personnes interpell\u00e9es suite \u00e0 l&rsquo;interdiction de la tenue du meeting de Ousmane Sonko au boulevard Ndoy\u00e9ne. Selon Seneweb, 57 manifestants sont actuellement entre les mains de la police. Les \u00e9l\u00e9ments du commissariat sp\u00e9cial de Touba et ses secondaires avaient mis la main sur 28 individus lors des affrontements. Tout ce beau monde ont pass\u00e9 la nuit dans les locaux de la police. De plus, les policiers du commissariat urbain de Mback\u00e9 ont mis aux arr\u00eats 29 personnes dont Serigne Assane Mback\u00e9. Ces derni\u00e8res sont actuellement en garde \u00e0 vue pour participation \u00e0 une manifestation non autoris\u00e9e. Le leader du mouvement appel 221 Serigne Assane Mback\u00e9 a \u00e9t\u00e9 arr\u00eat\u00e9 avec trois personnes dont une femme. Le chef religieux-politicien avait \u00e9t\u00e9 interpell\u00e9 dans son v\u00e9hicule lorsqu&rsquo;il voulais rentrer \u00e0 Touba.<\/p>\n","protected":false},"author":7,"featured_media":15488,"comment_status":"open","ping_status":"open","sticky":false,"template":"","format":"standard","meta":{"_jetpack_memberships_contains_paid_content":false,"footnotes":""},"categories":[375,3724,4353,3,376,1,4],"tags":[1473,4354,1529,69],"class_list":["post-15487","post","type-post","status-publish","format-standard","has-post-thumbnail","hentry","category-actualites","category-justice","category-manifestations","category-politique","category-securite-justice","category-non-classe","category-societe","tag-arrestation","tag-mannifestation","tag-mbacke","tag-touba","entry","has-media","owp-thumbs-layout-horizontal","owp-btn-normal","owp-tabs-layout-horizontal","has-no-thumbnails","has-product-nav"],"yoast_head":"<!-- This site is optimized with the Yoast SEO plugin v25.5 - https:\/\/yoast.com\/wordpress\/plugins\/seo\/ -->\n<title>Manifestation Touba\/Mback\u00e9 : Le bilan des arrestations - LE PUBLIC<\/title>\n<meta name=\"robots\" content=\"index, follow, max-snippet:-1, max-image-preview:large, max-video-preview:-1\" \/>\n<link rel=\"canonical\" href=\"https:\/\/www.public.sn\/index.php\/2023\/02\/11\/manifestation-touba-mbacke-le-bilan-des-arrestations\/\" \/>\n<meta property=\"og:locale\" content=\"fr_FR\" \/>\n<meta property=\"og:type\" content=\"article\" \/>\n<meta property=\"og:title\" content=\"Manifestation Touba\/Mback\u00e9 : Le bilan des arrestations - LE PUBLIC\" \/>\n<meta property=\"og:description\" content=\"L&rsquo;\u00e9tau se resserre autour des personnes interpell\u00e9es suite \u00e0 l&rsquo;interdiction de la tenue du meeting de Ousmane Sonko au boulevard Ndoy\u00e9ne. Selon Seneweb, 57 manifestants sont actuellement entre les mains de la police. Les \u00e9l\u00e9ments du commissariat sp\u00e9cial de Touba et ses secondaires avaient mis la main sur 28 individus lors des affrontements. Tout ce beau monde ont pass\u00e9 la nuit dans les locaux de la police. De plus, les policiers du commissariat urbain de Mback\u00e9 ont mis aux arr\u00eats 29 personnes dont Serigne Assane Mback\u00e9. Ces derni\u00e8res sont actuellement en garde \u00e0 vue pour participation \u00e0 une manifestation non autoris\u00e9e. Le leader du mouvement appel 221 Serigne Assane Mback\u00e9 a \u00e9t\u00e9 arr\u00eat\u00e9 avec trois personnes dont une femme. Le chef religieux-politicien avait \u00e9t\u00e9 interpell\u00e9 dans son v\u00e9hicule lorsqu&rsquo;il voulais rentrer \u00e0 Touba.\" \/>\n<meta property=\"og:url\" content=\"https:\/\/www.public.sn\/index.php\/2023\/02\/11\/manifestation-touba-mbacke-le-bilan-des-arrestations\/\" \/>\n<meta property=\"og:site_name\" content=\"LE PUBLIC\" \/>\n<meta property=\"article:published_time\" content=\"2023-02-11T12:03:14+00:00\" \/>\n<meta property=\"og:image\" content=\"https:\/\/www.public.sn\/wp-content\/uploads\/2023\/02\/70720324-49292143.jpg\" \/>\n\t<meta property=\"og:image:width\" content=\"659\" \/>\n\t<meta property=\"og:image:height\" content=\"335\" \/>\n\t<meta property=\"og:image:type\" content=\"image\/jpeg\" \/>\n<meta name=\"author\" content=\"LA REDACTION\" \/>\n<meta name=\"twitter:card\" content=\"summary_large_image\" \/>\n<meta name=\"twitter:label1\" content=\"\u00c9crit par\" \/>\n\t<meta name=\"twitter:data1\" content=\"LA REDACTION\" \/>\n\t<meta name=\"twitter:label2\" content=\"Dur\u00e9e de lecture estim\u00e9e\" \/>\n\t<meta name=\"twitter:data2\" content=\"1 minute\" \/>\n<script type=\"application\/ld+json\" class=\"yoast-schema-graph\">{\"@context\":\"https:\/\/schema.org\",\"@graph\":[{\"@type\":\"Article\",\"@id\":\"https:\/\/www.public.sn\/index.php\/2023\/02\/11\/manifestation-touba-mbacke-le-bilan-des-arrestations\/#article\",\"isPartOf\":{\"@id\":\"https:\/\/www.public.sn\/index.php\/2023\/02\/11\/manifestation-touba-mbacke-le-bilan-des-arrestations\/\"},\"author\":{\"name\":\"LA REDACTION\",\"@id\":\"https:\/\/www.public.sn\/#\/schema\/person\/cb76c8e1b8becc6be61fb5e92d6d0224\"},\"headline\":\"Manifestation Touba\/Mback\u00e9 : Le bilan des arrestations\",\"datePublished\":\"2023-02-11T12:03:14+00:00\",\"mainEntityOfPage\":{\"@id\":\"https:\/\/www.public.sn\/index.php\/2023\/02\/11\/manifestation-touba-mbacke-le-bilan-des-arrestations\/\"},\"wordCount\":142,\"commentCount\":0,\"publisher\":{\"@id\":\"https:\/\/www.public.sn\/#organization\"},\"image\":{\"@id\":\"https:\/\/www.public.sn\/index.php\/2023\/02\/11\/manifestation-touba-mbacke-le-bilan-des-arrestations\/#primaryimage\"},\"thumbnailUrl\":\"https:\/\/www.public.sn\/wp-content\/uploads\/2023\/02\/70720324-49292143.jpg\",\"keywords\":[\"arrestation\",\"mannifestation\",\"mback\u00e9\",\"Touba\"],\"articleSection\":[\"ACTUALIT\u00c9S\",\"justice\",\"MANIFESTATIONS\",\"POLITIQUE\",\"S\u00c9CURIT\u00c9 &amp; JUSTICE\",\"S\u00c9N\u00c9GAL\",\"SOCIETE\"],\"inLanguage\":\"fr-FR\",\"potentialAction\":[{\"@type\":\"CommentAction\",\"name\":\"Comment\",\"target\":[\"https:\/\/www.public.sn\/index.php\/2023\/02\/11\/manifestation-touba-mbacke-le-bilan-des-arrestations\/#respond\"]}]},{\"@type\":\"WebPage\",\"@id\":\"https:\/\/www.public.sn\/index.php\/2023\/02\/11\/manifestation-touba-mbacke-le-bilan-des-arrestations\/\",\"url\":\"https:\/\/www.public.sn\/index.php\/2023\/02\/11\/manifestation-touba-mbacke-le-bilan-des-arrestations\/\",\"name\":\"Manifestation Touba\/Mback\u00e9 : Le bilan des arrestations - LE PUBLIC\",\"isPartOf\":{\"@id\":\"https:\/\/www.public.sn\/#website\"},\"primaryImageOfPage\":{\"@id\":\"https:\/\/www.public.sn\/index.php\/2023\/02\/11\/manifestation-touba-mbacke-le-bilan-des-arrestations\/#primaryimage\"},\"image\":{\"@id\":\"https:\/\/www.public.sn\/index.php\/2023\/02\/11\/manifestation-touba-mbacke-le-bilan-des-arrestations\/#primaryimage\"},\"thumbnailUrl\":\"https:\/\/www.public.sn\/wp-content\/uploads\/2023\/02\/70720324-49292143.jpg\",\"datePublished\":\"2023-02-11T12:03:14+00:00\",\"breadcrumb\":{\"@id\":\"https:\/\/www.public.sn\/index.php\/2023\/02\/11\/manifestation-touba-mbacke-le-bilan-des-arrestations\/#breadcrumb\"},\"inLanguage\":\"fr-FR\",\"potentialAction\":[{\"@type\":\"ReadAction\",\"target\":[\"https:\/\/www.public.sn\/index.php\/2023\/02\/11\/manifestation-touba-mbacke-le-bilan-des-arrestations\/\"]}]},{\"@type\":\"ImageObject\",\"inLanguage\":\"fr-FR\",\"@id\":\"https:\/\/www.public.sn\/index.php\/2023\/02\/11\/manifestation-touba-mbacke-le-bilan-des-arrestations\/#primaryimage\",\"url\":\"https:\/\/www.public.sn\/wp-content\/uploads\/2023\/02\/70720324-49292143.jpg\",\"contentUrl\":\"https:\/\/www.public.sn\/wp-content\/uploads\/2023\/02\/70720324-49292143.jpg\",\"width\":659,\"height\":335},{\"@type\":\"BreadcrumbList\",\"@id\":\"https:\/\/www.public.sn\/index.php\/2023\/02\/11\/manifestation-touba-mbacke-le-bilan-des-arrestations\/#breadcrumb\",\"itemListElement\":[{\"@type\":\"ListItem\",\"position\":1,\"name\":\"Accueil\",\"item\":\"https:\/\/www.public.sn\/\"},{\"@type\":\"ListItem\",\"position\":2,\"name\":\"Manifestation Touba\/Mback\u00e9 : Le bilan des arrestations\"}]},{\"@type\":\"WebSite\",\"@id\":\"https:\/\/www.public.sn\/#website\",\"url\":\"https:\/\/www.public.sn\/\",\"name\":\"LE PUBLIC\",\"description\":\"\",\"publisher\":{\"@id\":\"https:\/\/www.public.sn\/#organization\"},\"potentialAction\":[{\"@type\":\"SearchAction\",\"target\":{\"@type\":\"EntryPoint\",\"urlTemplate\":\"https:\/\/www.public.sn\/?s={search_term_string}\"},\"query-input\":{\"@type\":\"PropertyValueSpecification\",\"valueRequired\":true,\"valueName\":\"search_term_string\"}}],\"inLanguage\":\"fr-FR\"},{\"@type\":\"Organization\",\"@id\":\"https:\/\/www.public.sn\/#organization\",\"name\":\"LE PUBLIC\",\"url\":\"https:\/\/www.public.sn\/\",\"logo\":{\"@type\":\"ImageObject\",\"inLanguage\":\"fr-FR\",\"@id\":\"https:\/\/www.public.sn\/#\/schema\/logo\/image\/\",\"url\":\"https:\/\/www.public.sn\/wp-content\/uploads\/2024\/05\/cropped-LOGO-PUBLIC.SN_.png\",\"contentUrl\":\"https:\/\/www.public.sn\/wp-content\/uploads\/2024\/05\/cropped-LOGO-PUBLIC.SN_.png\",\"width\":682,\"height\":192,\"caption\":\"LE PUBLIC\"},\"image\":{\"@id\":\"https:\/\/www.public.sn\/#\/schema\/logo\/image\/\"}},{\"@type\":\"Person\",\"@id\":\"https:\/\/www.public.sn\/#\/schema\/person\/cb76c8e1b8becc6be61fb5e92d6d0224\",\"name\":\"LA REDACTION\",\"image\":{\"@type\":\"ImageObject\",\"inLanguage\":\"fr-FR\",\"@id\":\"https:\/\/www.public.sn\/#\/schema\/person\/image\/\",\"url\":\"https:\/\/secure.gravatar.com\/avatar\/2dce5ddd34b8fef0180efe03aa2a9bee7d953856048f9a16b298190a3178407c?s=96&d=mm&r=g\",\"contentUrl\":\"https:\/\/secure.gravatar.com\/avatar\/2dce5ddd34b8fef0180efe03aa2a9bee7d953856048f9a16b298190a3178407c?s=96&d=mm&r=g\",\"caption\":\"LA REDACTION\"},\"url\":\"https:\/\/www.public.sn\/index.php\/author\/editeurpsn\/\"}]}<\/script>\n<!-- \/ Yoast SEO plugin. -->","yoast_head_json":{"title":"Manifestation Touba\/Mback\u00e9 : Le bilan des arrestations - LE PUBLIC","robots":{"index":"index","follow":"follow","max-snippet":"max-snippet:-1","max-image-preview":"max-image-preview:large","max-video-preview":"max-video-preview:-1"},"canonical":"https:\/\/www.public.sn\/index.php\/2023\/02\/11\/manifestation-touba-mbacke-le-bilan-des-arrestations\/","og_locale":"fr_FR","og_type":"article","og_title":"Manifestation Touba\/Mback\u00e9 : Le bilan des arrestations - LE PUBLIC","og_description":"L&rsquo;\u00e9tau se resserre autour des personnes interpell\u00e9es suite \u00e0 l&rsquo;interdiction de la tenue du meeting de Ousmane Sonko au boulevard Ndoy\u00e9ne. Selon Seneweb, 57 manifestants sont actuellement entre les mains de la police. Les \u00e9l\u00e9ments du commissariat sp\u00e9cial de Touba et ses secondaires avaient mis la main sur 28 individus lors des affrontements. Tout ce beau monde ont pass\u00e9 la nuit dans les locaux de la police. De plus, les policiers du commissariat urbain de Mback\u00e9 ont mis aux arr\u00eats 29 personnes dont Serigne Assane Mback\u00e9. Ces derni\u00e8res sont actuellement en garde \u00e0 vue pour participation \u00e0 une manifestation non autoris\u00e9e. Le leader du mouvement appel 221 Serigne Assane Mback\u00e9 a \u00e9t\u00e9 arr\u00eat\u00e9 avec trois personnes dont une femme. Le chef religieux-politicien avait \u00e9t\u00e9 interpell\u00e9 dans son v\u00e9hicule lorsqu&rsquo;il voulais rentrer \u00e0 Touba.","og_url":"https:\/\/www.public.sn\/index.php\/2023\/02\/11\/manifestation-touba-mbacke-le-bilan-des-arrestations\/","og_site_name":"LE PUBLIC","article_published_time":"2023-02-11T12:03:14+00:00","og_image":[{"width":659,"height":335,"url":"https:\/\/www.public.sn\/wp-content\/uploads\/2023\/02\/70720324-49292143.jpg","type":"image\/jpeg"}],"author":"LA REDACTION","twitter_card":"summary_large_image","twitter_misc":{"\u00c9crit par":"LA REDACTION","Dur\u00e9e de lecture estim\u00e9e":"1 minute"},"schema":{"@context":"https:\/\/schema.org","@graph":[{"@type":"Article","@id":"https:\/\/www.public.sn\/index.php\/2023\/02\/11\/manifestation-touba-mbacke-le-bilan-des-arrestations\/#article","isPartOf":{"@id":"https:\/\/www.public.sn\/index.php\/2023\/02\/11\/manifestation-touba-mbacke-le-bilan-des-arrestations\/"},"author":{"name":"LA REDACTION","@id":"https:\/\/www.public.sn\/#\/schema\/person\/cb76c8e1b8becc6be61fb5e92d6d0224"},"headline":"Manifestation Touba\/Mback\u00e9 : Le bilan des arrestations","datePublished":"2023-02-11T12:03:14+00:00","mainEntityOfPage":{"@id":"https:\/\/www.public.sn\/index.php\/2023\/02\/11\/manifestation-touba-mbacke-le-bilan-des-arrestations\/"},"wordCount":142,"commentCount":0,"publisher":{"@id":"https:\/\/www.public.sn\/#organization"},"image":{"@id":"https:\/\/www.public.sn\/index.php\/2023\/02\/11\/manifestation-touba-mbacke-le-bilan-des-arrestations\/#primaryimage"},"thumbnailUrl":"https:\/\/www.public.sn\/wp-content\/uploads\/2023\/02\/70720324-49292143.jpg","keywords":["arrestation","mannifestation","mback\u00e9","Touba"],"articleSection":["ACTUALIT\u00c9S","justice","MANIFESTATIONS","POLITIQUE","S\u00c9CURIT\u00c9 &amp; JUSTICE","S\u00c9N\u00c9GAL","SOCIETE"],"inLanguage":"fr-FR","potentialAction":[{"@type":"CommentAction","name":"Comment","target":["https:\/\/www.public.sn\/index.php\/2023\/02\/11\/manifestation-touba-mbacke-le-bilan-des-arrestations\/#respond"]}]},{"@type":"WebPage","@id":"https:\/\/www.public.sn\/index.php\/2023\/02\/11\/manifestation-touba-mbacke-le-bilan-des-arrestations\/","url":"https:\/\/www.public.sn\/index.php\/2023\/02\/11\/manifestation-touba-mbacke-le-bilan-des-arrestations\/","name":"Manifestation Touba\/Mback\u00e9 : Le bilan des arrestations - LE PUBLIC","isPartOf":{"@id":"https:\/\/www.public.sn\/#website"},"primaryImageOfPage":{"@id":"https:\/\/www.public.sn\/index.php\/2023\/02\/11\/manifestation-touba-mbacke-le-bilan-des-arrestations\/#primaryimage"},"image":{"@id":"https:\/\/www.public.sn\/index.php\/2023\/02\/11\/manifestation-touba-mbacke-le-bilan-des-arrestations\/#primaryimage"},"thumbnailUrl":"https:\/\/www.public.sn\/wp-content\/uploads\/2023\/02\/70720324-49292143.jpg","datePublished":"2023-02-11T12:03:14+00:00","breadcrumb":{"@id":"https:\/\/www.public.sn\/index.php\/2023\/02\/11\/manifestation-touba-mbacke-le-bilan-des-arrestations\/#breadcrumb"},"inLanguage":"fr-FR","potentialAction":[{"@type":"ReadAction","target":["https:\/\/www.public.sn\/index.php\/2023\/02\/11\/manifestation-touba-mbacke-le-bilan-des-arrestations\/"]}]},{"@type":"ImageObject","inLanguage":"fr-FR","@id":"https:\/\/www.public.sn\/index.php\/2023\/02\/11\/manifestation-touba-mbacke-le-bilan-des-arrestations\/#primaryimage","url":"https:\/\/www.public.sn\/wp-content\/uploads\/2023\/02\/70720324-49292143.jpg","contentUrl":"https:\/\/www.public.sn\/wp-content\/uploads\/2023\/02\/70720324-49292143.jpg","width":659,"height":335},{"@type":"BreadcrumbList","@id":"https:\/\/www.public.sn\/index.php\/2023\/02\/11\/manifestation-touba-mbacke-le-bilan-des-arrestations\/#breadcrumb","itemListElement":[{"@type":"ListItem","position":1,"name":"Accueil","item":"https:\/\/www.public.sn\/"},{"@type":"ListItem","position":2,"name":"Manifestation Touba\/Mback\u00e9 : Le bilan des arrestations"}]},{"@type":"WebSite","@id":"https:\/\/www.public.sn\/#website","url":"https:\/\/www.public.sn\/","name":"LE PUBLIC","description":"","publisher":{"@id":"https:\/\/www.public.sn\/#organization"},"potentialAction":[{"@type":"SearchAction","target":{"@type":"EntryPoint","urlTemplate":"https:\/\/www.public.sn\/?s={search_term_string}"},"query-input":{"@type":"PropertyValueSpecification","valueRequired":true,"valueName":"search_term_string"}}],"inLanguage":"fr-FR"},{"@type":"Organization","@id":"https:\/\/www.public.sn\/#organization","name":"LE PUBLIC","url":"https:\/\/www.public.sn\/","logo":{"@type":"ImageObject","inLanguage":"fr-FR","@id":"https:\/\/www.public.sn\/#\/schema\/logo\/image\/","url":"https:\/\/www.public.sn\/wp-content\/uploads\/2024\/05\/cropped-LOGO-PUBLIC.SN_.png","contentUrl":"https:\/\/www.public.sn\/wp-content\/uploads\/2024\/05\/cropped-LOGO-PUBLIC.SN_.png","width":682,"height":192,"caption":"LE PUBLIC"},"image":{"@id":"https:\/\/www.public.sn\/#\/schema\/logo\/image\/"}},{"@type":"Person","@id":"https:\/\/www.public.sn\/#\/schema\/person\/cb76c8e1b8becc6be61fb5e92d6d0224","name":"LA REDACTION","image":{"@type":"ImageObject","inLanguage":"fr-FR","@id":"https:\/\/www.public.sn\/#\/schema\/person\/image\/","url":"https:\/\/secure.gravatar.com\/avatar\/2dce5ddd34b8fef0180efe03aa2a9bee7d953856048f9a16b298190a3178407c?s=96&d=mm&r=g","contentUrl":"https:\/\/secure.gravatar.com\/avatar\/2dce5ddd34b8fef0180efe03aa2a9bee7d953856048f9a16b298190a3178407c?s=96&d=mm&r=g","caption":"LA REDACTION"},"url":"https:\/\/www.public.sn\/index.php\/author\/editeurpsn\/"}]}},"jetpack_featured_media_url":"https:\/\/www.public.sn\/wp-content\/uploads\/2023\/02\/70720324-49292143.jpg","jetpack_sharing_enabled":true,"_links":{"self":[{"href":"https:\/\/www.public.sn\/index.php\/wp-json\/wp\/v2\/posts\/15487","targetHints":{"allow":["GET"]}}],"collection":[{"href":"https:\/\/www.public.sn\/index.php\/wp-json\/wp\/v2\/posts"}],"about":[{"href":"https:\/\/www.public.sn\/index.php\/wp-json\/wp\/v2\/types\/post"}],"author":[{"embeddable":true,"href":"https:\/\/www.public.sn\/index.php\/wp-json\/wp\/v2\/users\/7"}],"replies":[{"embeddable":true,"href":"https:\/\/www.public.sn\/index.php\/wp-json\/wp\/v2\/comments?post=15487"}],"version-history":[{"count":1,"href":"https:\/\/www.public.sn\/index.php\/wp-json\/wp\/v2\/posts\/15487\/revisions"}],"predecessor-version":[{"id":15489,"href":"https:\/\/www.public.sn\/index.php\/wp-json\/wp\/v2\/posts\/15487\/revisions\/15489"}],"wp:featuredmedia":[{"embeddable":true,"href":"https:\/\/www.public.sn\/index.php\/wp-json\/wp\/v2\/media\/15488"}],"wp:attachment":[{"href":"https:\/\/www.public.sn\/index.php\/wp-json\/wp\/v2\/media?parent=15487"}],"wp:term":[{"taxonomy":"category","embeddable":true,"href":"https:\/\/www.public.sn\/index.php\/wp-json\/wp\/v2\/categories?post=15487"},{"taxonomy":"post_tag","embeddable":true,"href":"https:\/\/www.public.sn\/index.php\/wp-json\/wp\/v2\/tags?post=15487"}],"curies":[{"name":"wp","href":"https:\/\/api.w.org\/{rel}","templated":true}]}}