{"id":1551,"date":"2022-09-09T01:51:22","date_gmt":"2022-09-08T23:51:22","guid":{"rendered":"https:\/\/www.public.sn\/?p=1551"},"modified":"2022-09-09T01:51:23","modified_gmt":"2022-09-08T23:51:23","slug":"comptes-bloques-laibd-sa-dement-ils-nont-jamais-ete-bloques","status":"publish","type":"post","link":"https:\/\/www.public.sn\/index.php\/2022\/09\/09\/comptes-bloques-laibd-sa-dement-ils-nont-jamais-ete-bloques\/","title":{"rendered":"\u201cComptes bloqu\u00e9s\u201d: L\u2019AIBD SA d\u00e9ment \u201cils n\u2019ont jamais \u00e9t\u00e9 bloqu\u00e9s\u201d."},"content":{"rendered":"\n<p><strong>Les comptes de l\u2019A\u00e9roport Blaise Diagne ont \u00e9t\u00e9 \u00a0bloqu\u00e9s par la SENELEC. Pour cause, l\u2019entreprise \u00a0r\u00e9clame \u00e0 l\u2019AIBD une facture non pay\u00e9e estim\u00e9e \u00e0 4 millards de FCFA.<\/strong><\/p><div class=\"publi-paragraphe1\" style=\"margin-top: 10px;margin-bottom: 10px;margin-left: auto;margin-right: auto;text-align: center;\" id=\"publi-3421714661\"><div class=\"publi-adlabel\">Publicit\u00e9<\/div><script async src=\"\/\/pagead2.googlesyndication.com\/pagead\/js\/adsbygoogle.js?client=ca-pub-4089586018074219\" crossorigin=\"anonymous\"><\/script><ins class=\"adsbygoogle\" style=\"display:block;\" data-ad-client=\"ca-pub-4089586018074219\" \ndata-ad-slot=\"2087940154\" \ndata-ad-format=\"auto\"><\/ins>\n<script> \n(adsbygoogle = window.adsbygoogle || []).push({}); \n<\/script>\n<\/div>\n\n\n\n<p>Une information d\u00e9mentie par le directeur de l\u2019AIBD,  Doudou Ka dans un communiqu\u00e9.<strong><br><\/strong>\u201c<em>Les comptes de Aibd.sa n\u2019ont jamais \u00e9t\u00e9 bloqu\u00e9s<\/em>\u201d, r\u00e9agit la soci\u00e9t\u00e9 AIBD dans son communiqu\u00e9. L\u2019A\u00e9roport International Blaisgne \u00e9voque une confusion.<br><strong>COMMUNIQU\u00c9<\/strong> <\/p>\n\n\n\n<p>\u201cLa Senelec bloque les comptes de Aibd\u201d. Pr\u00e9cision suite aux informations parues dans le quotidien \u00ab Le Quotidien \u00bb de ce jeudi 8 septembre 2022.<\/p>\n\n\n\n<p>La Cellule Communication de Aibd.sa tient \u00e0 pr\u00e9ciser, suite \u00e0 la Une du journal \u00ab Le Quotidien \u00bb cit\u00e9e en titre, que les comptes de Aibd.sa n\u2019ont jamais \u00e9t\u00e9 bloqu\u00e9s.<\/p>\n\n\n\n<p>La formulation peut porter \u00e0 confusion car ce sont bel et bien les comptes de LAS.sa, gestionnaire de l\u2019A\u00e9roport International Blaise Diagne de Diass qui ont \u00e9t\u00e9 bloqu\u00e9s.<\/p>\n\n\n\n<p>Aibd.sa et les services de l\u2019\u00c9tat sont mobilis\u00e9s&nbsp; pour r\u00e9gler le diff\u00e9rend entre SENELEC et LAS .sa \u00e0 l\u2019amiable, afin que l\u2019ensemble des&nbsp; activit\u00e9s a\u00e9roportuaires soient pr\u00e9serv\u00e9es. \u00bb&nbsp;<\/p>\n\n\n\n<p>La Cellule Communication de Aibd.sa<\/p>\n<div class=\"publi-apres-le-contenu\" style=\"margin-top: 10px;margin-bottom: 10px;margin-left: auto;margin-right: auto;text-align: center;\" id=\"publi-10726942\"><div class=\"publi-adlabel\">Publicit\u00e9<\/div><script async src=\"\/\/pagead2.googlesyndication.com\/pagead\/js\/adsbygoogle.js?client=ca-pub-4089586018074219\" crossorigin=\"anonymous\"><\/script><ins class=\"adsbygoogle\" style=\"display:block;\" data-ad-client=\"ca-pub-4089586018074219\" \ndata-ad-slot=\"2087940154\" \ndata-ad-format=\"auto\"><\/ins>\n<script> \n(adsbygoogle = window.adsbygoogle || []).push({}); \n<\/script>\n<\/div>","protected":false},"excerpt":{"rendered":"<p>Les comptes de l\u2019A\u00e9roport Blaise Diagne ont \u00e9t\u00e9 \u00a0bloqu\u00e9s par la SENELEC. Pour cause, l\u2019entreprise \u00a0r\u00e9clame \u00e0 l\u2019AIBD une facture non pay\u00e9e estim\u00e9e \u00e0 4 millards de FCFA. Une information d\u00e9mentie par le directeur de l\u2019AIBD, Doudou Ka dans un communiqu\u00e9.\u201cLes comptes de Aibd.sa n\u2019ont jamais \u00e9t\u00e9 bloqu\u00e9s\u201d, r\u00e9agit la soci\u00e9t\u00e9 AIBD dans son communiqu\u00e9. L\u2019A\u00e9roport International Blaisgne \u00e9voque une confusion.COMMUNIQU\u00c9 \u201cLa Senelec bloque les comptes de Aibd\u201d. Pr\u00e9cision suite aux informations parues dans le quotidien \u00ab Le Quotidien \u00bb de ce jeudi 8 septembre 2022. La Cellule Communication de Aibd.sa tient \u00e0 pr\u00e9ciser, suite \u00e0 la Une du journal \u00ab Le Quotidien \u00bb cit\u00e9e en titre, que les comptes de Aibd.sa n\u2019ont jamais \u00e9t\u00e9 bloqu\u00e9s. La formulation peut porter \u00e0 confusion car ce sont bel et bien les comptes de LAS.sa, gestionnaire de l\u2019A\u00e9roport International Blaise Diagne de Diass qui ont \u00e9t\u00e9 bloqu\u00e9s. Aibd.sa et les services de l\u2019\u00c9tat sont mobilis\u00e9s&nbsp; pour r\u00e9gler le diff\u00e9rend entre SENELEC et LAS .sa \u00e0 l\u2019amiable, afin que l\u2019ensemble des&nbsp; activit\u00e9s a\u00e9roportuaires soient pr\u00e9serv\u00e9es. \u00bb&nbsp; La Cellule Communication de Aibd.sa<\/p>\n","protected":false},"author":1,"featured_media":1552,"comment_status":"open","ping_status":"open","sticky":false,"template":"","format":"standard","meta":{"_jetpack_memberships_contains_paid_content":false,"footnotes":""},"categories":[375,4],"tags":[654,656,655,153],"class_list":["post-1551","post","type-post","status-publish","format-standard","has-post-thumbnail","hentry","category-actualites","category-societe","tag-aind","tag-comptes-bloques","tag-doudou-ka","tag-senelec","entry","has-media","owp-thumbs-layout-horizontal","owp-btn-normal","owp-tabs-layout-horizontal","has-no-thumbnails","has-product-nav"],"yoast_head":"<!-- This site is optimized with the Yoast SEO plugin v25.5 - https:\/\/yoast.com\/wordpress\/plugins\/seo\/ -->\n<title>\u201cComptes bloqu\u00e9s\u201d: L\u2019AIBD SA d\u00e9ment \u201cils n\u2019ont jamais \u00e9t\u00e9 bloqu\u00e9s\u201d. - LE PUBLIC<\/title>\n<meta name=\"robots\" content=\"index, follow, max-snippet:-1, max-image-preview:large, max-video-preview:-1\" \/>\n<link rel=\"canonical\" href=\"https:\/\/www.public.sn\/index.php\/2022\/09\/09\/comptes-bloques-laibd-sa-dement-ils-nont-jamais-ete-bloques\/\" \/>\n<meta property=\"og:locale\" content=\"fr_FR\" \/>\n<meta property=\"og:type\" content=\"article\" \/>\n<meta property=\"og:title\" content=\"\u201cComptes bloqu\u00e9s\u201d: L\u2019AIBD SA d\u00e9ment \u201cils n\u2019ont jamais \u00e9t\u00e9 bloqu\u00e9s\u201d. - LE PUBLIC\" \/>\n<meta property=\"og:description\" content=\"Les comptes de l\u2019A\u00e9roport Blaise Diagne ont \u00e9t\u00e9 \u00a0bloqu\u00e9s par la SENELEC. Pour cause, l\u2019entreprise \u00a0r\u00e9clame \u00e0 l\u2019AIBD une facture non pay\u00e9e estim\u00e9e \u00e0 4 millards de FCFA. Une information d\u00e9mentie par le directeur de l\u2019AIBD, Doudou Ka dans un communiqu\u00e9.\u201cLes comptes de Aibd.sa n\u2019ont jamais \u00e9t\u00e9 bloqu\u00e9s\u201d, r\u00e9agit la soci\u00e9t\u00e9 AIBD dans son communiqu\u00e9. L\u2019A\u00e9roport International Blaisgne \u00e9voque une confusion.COMMUNIQU\u00c9 \u201cLa Senelec bloque les comptes de Aibd\u201d. Pr\u00e9cision suite aux informations parues dans le quotidien \u00ab Le Quotidien \u00bb de ce jeudi 8 septembre 2022. La Cellule Communication de Aibd.sa tient \u00e0 pr\u00e9ciser, suite \u00e0 la Une du journal \u00ab Le Quotidien \u00bb cit\u00e9e en titre, que les comptes de Aibd.sa n\u2019ont jamais \u00e9t\u00e9 bloqu\u00e9s. La formulation peut porter \u00e0 confusion car ce sont bel et bien les comptes de LAS.sa, gestionnaire de l\u2019A\u00e9roport International Blaise Diagne de Diass qui ont \u00e9t\u00e9 bloqu\u00e9s. Aibd.sa et les services de l\u2019\u00c9tat sont mobilis\u00e9s&nbsp; pour r\u00e9gler le diff\u00e9rend entre SENELEC et LAS .sa \u00e0 l\u2019amiable, afin que l\u2019ensemble des&nbsp; activit\u00e9s a\u00e9roportuaires soient pr\u00e9serv\u00e9es. \u00bb&nbsp; La Cellule Communication de Aibd.sa\" \/>\n<meta property=\"og:url\" content=\"https:\/\/www.public.sn\/index.php\/2022\/09\/09\/comptes-bloques-laibd-sa-dement-ils-nont-jamais-ete-bloques\/\" \/>\n<meta property=\"og:site_name\" content=\"LE PUBLIC\" \/>\n<meta property=\"article:published_time\" content=\"2022-09-08T23:51:22+00:00\" \/>\n<meta property=\"article:modified_time\" content=\"2022-09-08T23:51:23+00:00\" \/>\n<meta property=\"og:image\" content=\"https:\/\/www.public.sn\/wp-content\/uploads\/2022\/09\/124A1206-C8F6-4BB0-906F-479D2185F34F.jpeg\" \/>\n\t<meta property=\"og:image:width\" content=\"600\" \/>\n\t<meta property=\"og:image:height\" content=\"307\" \/>\n\t<meta property=\"og:image:type\" content=\"image\/jpeg\" \/>\n<meta name=\"author\" content=\"LA REDACTION\" \/>\n<meta name=\"twitter:card\" content=\"summary_large_image\" \/>\n<meta name=\"twitter:label1\" content=\"\u00c9crit par\" \/>\n\t<meta name=\"twitter:data1\" content=\"LA REDACTION\" \/>\n\t<meta name=\"twitter:label2\" content=\"Dur\u00e9e de lecture estim\u00e9e\" \/>\n\t<meta name=\"twitter:data2\" content=\"1 minute\" \/>\n<script type=\"application\/ld+json\" class=\"yoast-schema-graph\">{\"@context\":\"https:\/\/schema.org\",\"@graph\":[{\"@type\":\"Article\",\"@id\":\"https:\/\/www.public.sn\/index.php\/2022\/09\/09\/comptes-bloques-laibd-sa-dement-ils-nont-jamais-ete-bloques\/#article\",\"isPartOf\":{\"@id\":\"https:\/\/www.public.sn\/index.php\/2022\/09\/09\/comptes-bloques-laibd-sa-dement-ils-nont-jamais-ete-bloques\/\"},\"author\":{\"name\":\"LA REDACTION\",\"@id\":\"https:\/\/www.public.sn\/#\/schema\/person\/e3f4a11b037d4203902db148f9bc8d5a\"},\"headline\":\"\u201cComptes bloqu\u00e9s\u201d: L\u2019AIBD SA d\u00e9ment \u201cils n\u2019ont jamais \u00e9t\u00e9 bloqu\u00e9s\u201d.\",\"datePublished\":\"2022-09-08T23:51:22+00:00\",\"dateModified\":\"2022-09-08T23:51:23+00:00\",\"mainEntityOfPage\":{\"@id\":\"https:\/\/www.public.sn\/index.php\/2022\/09\/09\/comptes-bloques-laibd-sa-dement-ils-nont-jamais-ete-bloques\/\"},\"wordCount\":223,\"commentCount\":0,\"publisher\":{\"@id\":\"https:\/\/www.public.sn\/#organization\"},\"image\":{\"@id\":\"https:\/\/www.public.sn\/index.php\/2022\/09\/09\/comptes-bloques-laibd-sa-dement-ils-nont-jamais-ete-bloques\/#primaryimage\"},\"thumbnailUrl\":\"https:\/\/www.public.sn\/wp-content\/uploads\/2022\/09\/124A1206-C8F6-4BB0-906F-479D2185F34F.jpeg\",\"keywords\":[\"Aind\",\"Comptes bloqu\u00e9s\",\"Doudou Ka\",\"Senelec\"],\"articleSection\":[\"ACTUALIT\u00c9S\",\"SOCIETE\"],\"inLanguage\":\"fr-FR\",\"potentialAction\":[{\"@type\":\"CommentAction\",\"name\":\"Comment\",\"target\":[\"https:\/\/www.public.sn\/index.php\/2022\/09\/09\/comptes-bloques-laibd-sa-dement-ils-nont-jamais-ete-bloques\/#respond\"]}]},{\"@type\":\"WebPage\",\"@id\":\"https:\/\/www.public.sn\/index.php\/2022\/09\/09\/comptes-bloques-laibd-sa-dement-ils-nont-jamais-ete-bloques\/\",\"url\":\"https:\/\/www.public.sn\/index.php\/2022\/09\/09\/comptes-bloques-laibd-sa-dement-ils-nont-jamais-ete-bloques\/\",\"name\":\"\u201cComptes bloqu\u00e9s\u201d: L\u2019AIBD SA d\u00e9ment \u201cils n\u2019ont jamais \u00e9t\u00e9 bloqu\u00e9s\u201d. - LE PUBLIC\",\"isPartOf\":{\"@id\":\"https:\/\/www.public.sn\/#website\"},\"primaryImageOfPage\":{\"@id\":\"https:\/\/www.public.sn\/index.php\/2022\/09\/09\/comptes-bloques-laibd-sa-dement-ils-nont-jamais-ete-bloques\/#primaryimage\"},\"image\":{\"@id\":\"https:\/\/www.public.sn\/index.php\/2022\/09\/09\/comptes-bloques-laibd-sa-dement-ils-nont-jamais-ete-bloques\/#primaryimage\"},\"thumbnailUrl\":\"https:\/\/www.public.sn\/wp-content\/uploads\/2022\/09\/124A1206-C8F6-4BB0-906F-479D2185F34F.jpeg\",\"datePublished\":\"2022-09-08T23:51:22+00:00\",\"dateModified\":\"2022-09-08T23:51:23+00:00\",\"breadcrumb\":{\"@id\":\"https:\/\/www.public.sn\/index.php\/2022\/09\/09\/comptes-bloques-laibd-sa-dement-ils-nont-jamais-ete-bloques\/#breadcrumb\"},\"inLanguage\":\"fr-FR\",\"potentialAction\":[{\"@type\":\"ReadAction\",\"target\":[\"https:\/\/www.public.sn\/index.php\/2022\/09\/09\/comptes-bloques-laibd-sa-dement-ils-nont-jamais-ete-bloques\/\"]}]},{\"@type\":\"ImageObject\",\"inLanguage\":\"fr-FR\",\"@id\":\"https:\/\/www.public.sn\/index.php\/2022\/09\/09\/comptes-bloques-laibd-sa-dement-ils-nont-jamais-ete-bloques\/#primaryimage\",\"url\":\"https:\/\/www.public.sn\/wp-content\/uploads\/2022\/09\/124A1206-C8F6-4BB0-906F-479D2185F34F.jpeg\",\"contentUrl\":\"https:\/\/www.public.sn\/wp-content\/uploads\/2022\/09\/124A1206-C8F6-4BB0-906F-479D2185F34F.jpeg\",\"width\":600,\"height\":307},{\"@type\":\"BreadcrumbList\",\"@id\":\"https:\/\/www.public.sn\/index.php\/2022\/09\/09\/comptes-bloques-laibd-sa-dement-ils-nont-jamais-ete-bloques\/#breadcrumb\",\"itemListElement\":[{\"@type\":\"ListItem\",\"position\":1,\"name\":\"Accueil\",\"item\":\"https:\/\/www.public.sn\/\"},{\"@type\":\"ListItem\",\"position\":2,\"name\":\"\u201cComptes bloqu\u00e9s\u201d: L\u2019AIBD SA d\u00e9ment \u201cils n\u2019ont jamais \u00e9t\u00e9 bloqu\u00e9s\u201d.\"}]},{\"@type\":\"WebSite\",\"@id\":\"https:\/\/www.public.sn\/#website\",\"url\":\"https:\/\/www.public.sn\/\",\"name\":\"LE PUBLIC\",\"description\":\"\",\"publisher\":{\"@id\":\"https:\/\/www.public.sn\/#organization\"},\"potentialAction\":[{\"@type\":\"SearchAction\",\"target\":{\"@type\":\"EntryPoint\",\"urlTemplate\":\"https:\/\/www.public.sn\/?s={search_term_string}\"},\"query-input\":{\"@type\":\"PropertyValueSpecification\",\"valueRequired\":true,\"valueName\":\"search_term_string\"}}],\"inLanguage\":\"fr-FR\"},{\"@type\":\"Organization\",\"@id\":\"https:\/\/www.public.sn\/#organization\",\"name\":\"LE PUBLIC\",\"url\":\"https:\/\/www.public.sn\/\",\"logo\":{\"@type\":\"ImageObject\",\"inLanguage\":\"fr-FR\",\"@id\":\"https:\/\/www.public.sn\/#\/schema\/logo\/image\/\",\"url\":\"https:\/\/www.public.sn\/wp-content\/uploads\/2024\/05\/cropped-LOGO-PUBLIC.SN_.png\",\"contentUrl\":\"https:\/\/www.public.sn\/wp-content\/uploads\/2024\/05\/cropped-LOGO-PUBLIC.SN_.png\",\"width\":682,\"height\":192,\"caption\":\"LE PUBLIC\"},\"image\":{\"@id\":\"https:\/\/www.public.sn\/#\/schema\/logo\/image\/\"}},{\"@type\":\"Person\",\"@id\":\"https:\/\/www.public.sn\/#\/schema\/person\/e3f4a11b037d4203902db148f9bc8d5a\",\"name\":\"LA REDACTION\",\"image\":{\"@type\":\"ImageObject\",\"inLanguage\":\"fr-FR\",\"@id\":\"https:\/\/www.public.sn\/#\/schema\/person\/image\/\",\"url\":\"https:\/\/secure.gravatar.com\/avatar\/d6c030db45db2883c075085c5d6c6258654a801a93766b49af0b82d4f454e2a5?s=96&d=mm&r=g\",\"contentUrl\":\"https:\/\/secure.gravatar.com\/avatar\/d6c030db45db2883c075085c5d6c6258654a801a93766b49af0b82d4f454e2a5?s=96&d=mm&r=g\",\"caption\":\"LA REDACTION\"},\"sameAs\":[\"http:\/\/www.public.sn\"],\"url\":\"https:\/\/www.public.sn\/index.php\/author\/admin7324\/\"}]}<\/script>\n<!-- \/ Yoast SEO plugin. -->","yoast_head_json":{"title":"\u201cComptes bloqu\u00e9s\u201d: L\u2019AIBD SA d\u00e9ment \u201cils n\u2019ont jamais \u00e9t\u00e9 bloqu\u00e9s\u201d. - LE PUBLIC","robots":{"index":"index","follow":"follow","max-snippet":"max-snippet:-1","max-image-preview":"max-image-preview:large","max-video-preview":"max-video-preview:-1"},"canonical":"https:\/\/www.public.sn\/index.php\/2022\/09\/09\/comptes-bloques-laibd-sa-dement-ils-nont-jamais-ete-bloques\/","og_locale":"fr_FR","og_type":"article","og_title":"\u201cComptes bloqu\u00e9s\u201d: L\u2019AIBD SA d\u00e9ment \u201cils n\u2019ont jamais \u00e9t\u00e9 bloqu\u00e9s\u201d. - LE PUBLIC","og_description":"Les comptes de l\u2019A\u00e9roport Blaise Diagne ont \u00e9t\u00e9 \u00a0bloqu\u00e9s par la SENELEC. Pour cause, l\u2019entreprise \u00a0r\u00e9clame \u00e0 l\u2019AIBD une facture non pay\u00e9e estim\u00e9e \u00e0 4 millards de FCFA. Une information d\u00e9mentie par le directeur de l\u2019AIBD, Doudou Ka dans un communiqu\u00e9.\u201cLes comptes de Aibd.sa n\u2019ont jamais \u00e9t\u00e9 bloqu\u00e9s\u201d, r\u00e9agit la soci\u00e9t\u00e9 AIBD dans son communiqu\u00e9. L\u2019A\u00e9roport International Blaisgne \u00e9voque une confusion.COMMUNIQU\u00c9 \u201cLa Senelec bloque les comptes de Aibd\u201d. Pr\u00e9cision suite aux informations parues dans le quotidien \u00ab Le Quotidien \u00bb de ce jeudi 8 septembre 2022. La Cellule Communication de Aibd.sa tient \u00e0 pr\u00e9ciser, suite \u00e0 la Une du journal \u00ab Le Quotidien \u00bb cit\u00e9e en titre, que les comptes de Aibd.sa n\u2019ont jamais \u00e9t\u00e9 bloqu\u00e9s. La formulation peut porter \u00e0 confusion car ce sont bel et bien les comptes de LAS.sa, gestionnaire de l\u2019A\u00e9roport International Blaise Diagne de Diass qui ont \u00e9t\u00e9 bloqu\u00e9s. Aibd.sa et les services de l\u2019\u00c9tat sont mobilis\u00e9s&nbsp; pour r\u00e9gler le diff\u00e9rend entre SENELEC et LAS .sa \u00e0 l\u2019amiable, afin que l\u2019ensemble des&nbsp; activit\u00e9s a\u00e9roportuaires soient pr\u00e9serv\u00e9es. \u00bb&nbsp; La Cellule Communication de Aibd.sa","og_url":"https:\/\/www.public.sn\/index.php\/2022\/09\/09\/comptes-bloques-laibd-sa-dement-ils-nont-jamais-ete-bloques\/","og_site_name":"LE PUBLIC","article_published_time":"2022-09-08T23:51:22+00:00","article_modified_time":"2022-09-08T23:51:23+00:00","og_image":[{"width":600,"height":307,"url":"https:\/\/www.public.sn\/wp-content\/uploads\/2022\/09\/124A1206-C8F6-4BB0-906F-479D2185F34F.jpeg","type":"image\/jpeg"}],"author":"LA REDACTION","twitter_card":"summary_large_image","twitter_misc":{"\u00c9crit par":"LA REDACTION","Dur\u00e9e de lecture estim\u00e9e":"1 minute"},"schema":{"@context":"https:\/\/schema.org","@graph":[{"@type":"Article","@id":"https:\/\/www.public.sn\/index.php\/2022\/09\/09\/comptes-bloques-laibd-sa-dement-ils-nont-jamais-ete-bloques\/#article","isPartOf":{"@id":"https:\/\/www.public.sn\/index.php\/2022\/09\/09\/comptes-bloques-laibd-sa-dement-ils-nont-jamais-ete-bloques\/"},"author":{"name":"LA REDACTION","@id":"https:\/\/www.public.sn\/#\/schema\/person\/e3f4a11b037d4203902db148f9bc8d5a"},"headline":"\u201cComptes bloqu\u00e9s\u201d: L\u2019AIBD SA d\u00e9ment \u201cils n\u2019ont jamais \u00e9t\u00e9 bloqu\u00e9s\u201d.","datePublished":"2022-09-08T23:51:22+00:00","dateModified":"2022-09-08T23:51:23+00:00","mainEntityOfPage":{"@id":"https:\/\/www.public.sn\/index.php\/2022\/09\/09\/comptes-bloques-laibd-sa-dement-ils-nont-jamais-ete-bloques\/"},"wordCount":223,"commentCount":0,"publisher":{"@id":"https:\/\/www.public.sn\/#organization"},"image":{"@id":"https:\/\/www.public.sn\/index.php\/2022\/09\/09\/comptes-bloques-laibd-sa-dement-ils-nont-jamais-ete-bloques\/#primaryimage"},"thumbnailUrl":"https:\/\/www.public.sn\/wp-content\/uploads\/2022\/09\/124A1206-C8F6-4BB0-906F-479D2185F34F.jpeg","keywords":["Aind","Comptes bloqu\u00e9s","Doudou Ka","Senelec"],"articleSection":["ACTUALIT\u00c9S","SOCIETE"],"inLanguage":"fr-FR","potentialAction":[{"@type":"CommentAction","name":"Comment","target":["https:\/\/www.public.sn\/index.php\/2022\/09\/09\/comptes-bloques-laibd-sa-dement-ils-nont-jamais-ete-bloques\/#respond"]}]},{"@type":"WebPage","@id":"https:\/\/www.public.sn\/index.php\/2022\/09\/09\/comptes-bloques-laibd-sa-dement-ils-nont-jamais-ete-bloques\/","url":"https:\/\/www.public.sn\/index.php\/2022\/09\/09\/comptes-bloques-laibd-sa-dement-ils-nont-jamais-ete-bloques\/","name":"\u201cComptes bloqu\u00e9s\u201d: L\u2019AIBD SA d\u00e9ment \u201cils n\u2019ont jamais \u00e9t\u00e9 bloqu\u00e9s\u201d. - LE PUBLIC","isPartOf":{"@id":"https:\/\/www.public.sn\/#website"},"primaryImageOfPage":{"@id":"https:\/\/www.public.sn\/index.php\/2022\/09\/09\/comptes-bloques-laibd-sa-dement-ils-nont-jamais-ete-bloques\/#primaryimage"},"image":{"@id":"https:\/\/www.public.sn\/index.php\/2022\/09\/09\/comptes-bloques-laibd-sa-dement-ils-nont-jamais-ete-bloques\/#primaryimage"},"thumbnailUrl":"https:\/\/www.public.sn\/wp-content\/uploads\/2022\/09\/124A1206-C8F6-4BB0-906F-479D2185F34F.jpeg","datePublished":"2022-09-08T23:51:22+00:00","dateModified":"2022-09-08T23:51:23+00:00","breadcrumb":{"@id":"https:\/\/www.public.sn\/index.php\/2022\/09\/09\/comptes-bloques-laibd-sa-dement-ils-nont-jamais-ete-bloques\/#breadcrumb"},"inLanguage":"fr-FR","potentialAction":[{"@type":"ReadAction","target":["https:\/\/www.public.sn\/index.php\/2022\/09\/09\/comptes-bloques-laibd-sa-dement-ils-nont-jamais-ete-bloques\/"]}]},{"@type":"ImageObject","inLanguage":"fr-FR","@id":"https:\/\/www.public.sn\/index.php\/2022\/09\/09\/comptes-bloques-laibd-sa-dement-ils-nont-jamais-ete-bloques\/#primaryimage","url":"https:\/\/www.public.sn\/wp-content\/uploads\/2022\/09\/124A1206-C8F6-4BB0-906F-479D2185F34F.jpeg","contentUrl":"https:\/\/www.public.sn\/wp-content\/uploads\/2022\/09\/124A1206-C8F6-4BB0-906F-479D2185F34F.jpeg","width":600,"height":307},{"@type":"BreadcrumbList","@id":"https:\/\/www.public.sn\/index.php\/2022\/09\/09\/comptes-bloques-laibd-sa-dement-ils-nont-jamais-ete-bloques\/#breadcrumb","itemListElement":[{"@type":"ListItem","position":1,"name":"Accueil","item":"https:\/\/www.public.sn\/"},{"@type":"ListItem","position":2,"name":"\u201cComptes bloqu\u00e9s\u201d: L\u2019AIBD SA d\u00e9ment \u201cils n\u2019ont jamais \u00e9t\u00e9 bloqu\u00e9s\u201d."}]},{"@type":"WebSite","@id":"https:\/\/www.public.sn\/#website","url":"https:\/\/www.public.sn\/","name":"LE PUBLIC","description":"","publisher":{"@id":"https:\/\/www.public.sn\/#organization"},"potentialAction":[{"@type":"SearchAction","target":{"@type":"EntryPoint","urlTemplate":"https:\/\/www.public.sn\/?s={search_term_string}"},"query-input":{"@type":"PropertyValueSpecification","valueRequired":true,"valueName":"search_term_string"}}],"inLanguage":"fr-FR"},{"@type":"Organization","@id":"https:\/\/www.public.sn\/#organization","name":"LE PUBLIC","url":"https:\/\/www.public.sn\/","logo":{"@type":"ImageObject","inLanguage":"fr-FR","@id":"https:\/\/www.public.sn\/#\/schema\/logo\/image\/","url":"https:\/\/www.public.sn\/wp-content\/uploads\/2024\/05\/cropped-LOGO-PUBLIC.SN_.png","contentUrl":"https:\/\/www.public.sn\/wp-content\/uploads\/2024\/05\/cropped-LOGO-PUBLIC.SN_.png","width":682,"height":192,"caption":"LE PUBLIC"},"image":{"@id":"https:\/\/www.public.sn\/#\/schema\/logo\/image\/"}},{"@type":"Person","@id":"https:\/\/www.public.sn\/#\/schema\/person\/e3f4a11b037d4203902db148f9bc8d5a","name":"LA REDACTION","image":{"@type":"ImageObject","inLanguage":"fr-FR","@id":"https:\/\/www.public.sn\/#\/schema\/person\/image\/","url":"https:\/\/secure.gravatar.com\/avatar\/d6c030db45db2883c075085c5d6c6258654a801a93766b49af0b82d4f454e2a5?s=96&d=mm&r=g","contentUrl":"https:\/\/secure.gravatar.com\/avatar\/d6c030db45db2883c075085c5d6c6258654a801a93766b49af0b82d4f454e2a5?s=96&d=mm&r=g","caption":"LA REDACTION"},"sameAs":["http:\/\/www.public.sn"],"url":"https:\/\/www.public.sn\/index.php\/author\/admin7324\/"}]}},"jetpack_featured_media_url":"https:\/\/www.public.sn\/wp-content\/uploads\/2022\/09\/124A1206-C8F6-4BB0-906F-479D2185F34F.jpeg","jetpack_sharing_enabled":true,"_links":{"self":[{"href":"https:\/\/www.public.sn\/index.php\/wp-json\/wp\/v2\/posts\/1551","targetHints":{"allow":["GET"]}}],"collection":[{"href":"https:\/\/www.public.sn\/index.php\/wp-json\/wp\/v2\/posts"}],"about":[{"href":"https:\/\/www.public.sn\/index.php\/wp-json\/wp\/v2\/types\/post"}],"author":[{"embeddable":true,"href":"https:\/\/www.public.sn\/index.php\/wp-json\/wp\/v2\/users\/1"}],"replies":[{"embeddable":true,"href":"https:\/\/www.public.sn\/index.php\/wp-json\/wp\/v2\/comments?post=1551"}],"version-history":[{"count":1,"href":"https:\/\/www.public.sn\/index.php\/wp-json\/wp\/v2\/posts\/1551\/revisions"}],"predecessor-version":[{"id":1553,"href":"https:\/\/www.public.sn\/index.php\/wp-json\/wp\/v2\/posts\/1551\/revisions\/1553"}],"wp:featuredmedia":[{"embeddable":true,"href":"https:\/\/www.public.sn\/index.php\/wp-json\/wp\/v2\/media\/1552"}],"wp:attachment":[{"href":"https:\/\/www.public.sn\/index.php\/wp-json\/wp\/v2\/media?parent=1551"}],"wp:term":[{"taxonomy":"category","embeddable":true,"href":"https:\/\/www.public.sn\/index.php\/wp-json\/wp\/v2\/categories?post=1551"},{"taxonomy":"post_tag","embeddable":true,"href":"https:\/\/www.public.sn\/index.php\/wp-json\/wp\/v2\/tags?post=1551"}],"curies":[{"name":"wp","href":"https:\/\/api.w.org\/{rel}","templated":true}]}}