{"id":15520,"date":"2023-02-11T17:24:25","date_gmt":"2023-02-11T17:24:25","guid":{"rendered":"https:\/\/www.public.sn\/?p=15520"},"modified":"2023-02-11T17:24:25","modified_gmt":"2023-02-11T17:24:25","slug":"lagence-sonatel-de-mbacke-a-ete-attaquee-durant-les-affrontements-qui-ont-eu-lieu-ce-vendredi","status":"publish","type":"post","link":"https:\/\/www.public.sn\/index.php\/2023\/02\/11\/lagence-sonatel-de-mbacke-a-ete-attaquee-durant-les-affrontements-qui-ont-eu-lieu-ce-vendredi\/","title":{"rendered":"L\u2019agence Sonatel de Mback\u00e9 a \u00e9t\u00e9 attaqu\u00e9e durant les affrontements qui ont eu lieu ce vendredi."},"content":{"rendered":"<p>&nbsp;<\/p>\n<p><img fetchpriority=\"high\" decoding=\"async\" class=\"alignnone wp-image-15521 size-full\" src=\"https:\/\/www.public.sn\/wp-content\/uploads\/2023\/02\/mbacke_1746.jpg\" alt=\"\" width=\"720\" height=\"406\" srcset=\"https:\/\/www.public.sn\/wp-content\/uploads\/2023\/02\/mbacke_1746.jpg 720w, https:\/\/www.public.sn\/wp-content\/uploads\/2023\/02\/mbacke_1746-600x338.jpg 600w, https:\/\/www.public.sn\/wp-content\/uploads\/2023\/02\/mbacke_1746-300x169.jpg 300w\" sizes=\"(max-width: 720px) 100vw, 720px\" \/><\/p>\n<p class=\"summary_label\"><em><strong>Plusieurs d\u00e9g\u00e2ts ont \u00e9t\u00e9 enregistr\u00e9s \u00e0 Mback\u00e9, ce vendredi, o\u00f9 Pastef a brav\u00e9 l&rsquo;interdiction du meeting qu&rsquo;il comptait tenir dans la localit\u00e9.<\/strong><\/em><\/p><div class=\"publi-paragraphe1\" style=\"margin-top: 10px;margin-bottom: 10px;margin-left: auto;margin-right: auto;text-align: center;\" id=\"publi-3252265868\"><div class=\"publi-adlabel\">Publicit\u00e9<\/div><script async src=\"\/\/pagead2.googlesyndication.com\/pagead\/js\/adsbygoogle.js?client=ca-pub-4089586018074219\" crossorigin=\"anonymous\"><\/script><ins class=\"adsbygoogle\" style=\"display:block;\" data-ad-client=\"ca-pub-4089586018074219\" \ndata-ad-slot=\"2087940154\" \ndata-ad-format=\"auto\"><\/ins>\n<script> \n(adsbygoogle = window.adsbygoogle || []).push({}); \n<\/script>\n<\/div>\n<div id=\"printable\" class=\"text_body\">\n<p>La devanture a \u00e9t\u00e9 caillass\u00e9e. Les manifestants ont vite \u00e9t\u00e9 dispers\u00e9s par les forces de l&rsquo;ordre.<\/p>\n<p>Puis, Senchan, qui est \u00e0 proximit\u00e9 de l&rsquo;agence Sonatel Orange, a aussi \u00e9t\u00e9 saccag\u00e9 \u00e0 son tour. Les biens du magasin ont \u00e9t\u00e9 pill\u00e9s. M\u00eame sort pour la station Total \u00a0qui \u00e9tait \u00e0 proximit\u00e9, selon la Rfm. La boutique de la station a \u00e9t\u00e9 pill\u00e9e.<\/p>\n<p>Par ailleurs, la croix rouge a \u00e9vacu\u00e9 une vingtaine de personnes bless\u00e9es durant les affrontements. Plusieurs manifestants ont aussi \u00e9t\u00e9 interpell\u00e9s.<\/p>\n<div class=\"adcanevas\"><\/div>\n<\/div>\n<div class=\"publi-apres-le-contenu\" style=\"margin-top: 10px;margin-bottom: 10px;margin-left: auto;margin-right: auto;text-align: center;\" id=\"publi-3223752813\"><div class=\"publi-adlabel\">Publicit\u00e9<\/div><script async src=\"\/\/pagead2.googlesyndication.com\/pagead\/js\/adsbygoogle.js?client=ca-pub-4089586018074219\" crossorigin=\"anonymous\"><\/script><ins class=\"adsbygoogle\" style=\"display:block;\" data-ad-client=\"ca-pub-4089586018074219\" \ndata-ad-slot=\"2087940154\" \ndata-ad-format=\"auto\"><\/ins>\n<script> \n(adsbygoogle = window.adsbygoogle || []).push({}); \n<\/script>\n<\/div>","protected":false},"excerpt":{"rendered":"<p>&nbsp; Plusieurs d\u00e9g\u00e2ts ont \u00e9t\u00e9 enregistr\u00e9s \u00e0 Mback\u00e9, ce vendredi, o\u00f9 Pastef a brav\u00e9 l&rsquo;interdiction du meeting qu&rsquo;il comptait tenir dans la localit\u00e9. La devanture a \u00e9t\u00e9 caillass\u00e9e. Les manifestants ont vite \u00e9t\u00e9 dispers\u00e9s par les forces de l&rsquo;ordre. Puis, Senchan, qui est \u00e0 proximit\u00e9 de l&rsquo;agence Sonatel Orange, a aussi \u00e9t\u00e9 saccag\u00e9 \u00e0 son tour. Les biens du magasin ont \u00e9t\u00e9 pill\u00e9s. M\u00eame sort pour la station Total \u00a0qui \u00e9tait \u00e0 proximit\u00e9, selon la Rfm. La boutique de la station a \u00e9t\u00e9 pill\u00e9e. Par ailleurs, la croix rouge a \u00e9vacu\u00e9 une vingtaine de personnes bless\u00e9es durant les affrontements. Plusieurs manifestants ont aussi \u00e9t\u00e9 interpell\u00e9s.<\/p>\n","protected":false},"author":7,"featured_media":15521,"comment_status":"open","ping_status":"open","sticky":false,"template":"","format":"standard","meta":{"_jetpack_memberships_contains_paid_content":false,"footnotes":""},"categories":[375,844,372],"tags":[],"class_list":["post-15520","post","type-post","status-publish","format-standard","has-post-thumbnail","hentry","category-actualites","category-revue-de-presse","category-vedette","entry","has-media","owp-thumbs-layout-horizontal","owp-btn-normal","owp-tabs-layout-horizontal","has-no-thumbnails","has-product-nav"],"yoast_head":"<!-- This site is optimized with the Yoast SEO plugin v25.5 - https:\/\/yoast.com\/wordpress\/plugins\/seo\/ -->\n<title>L\u2019agence Sonatel de Mback\u00e9 a \u00e9t\u00e9 attaqu\u00e9e durant les affrontements qui ont eu lieu ce vendredi. - LE PUBLIC<\/title>\n<meta name=\"robots\" content=\"index, follow, max-snippet:-1, max-image-preview:large, max-video-preview:-1\" \/>\n<link rel=\"canonical\" href=\"https:\/\/www.public.sn\/index.php\/2023\/02\/11\/lagence-sonatel-de-mbacke-a-ete-attaquee-durant-les-affrontements-qui-ont-eu-lieu-ce-vendredi\/\" \/>\n<meta property=\"og:locale\" content=\"fr_FR\" \/>\n<meta property=\"og:type\" content=\"article\" \/>\n<meta property=\"og:title\" content=\"L\u2019agence Sonatel de Mback\u00e9 a \u00e9t\u00e9 attaqu\u00e9e durant les affrontements qui ont eu lieu ce vendredi. - LE PUBLIC\" \/>\n<meta property=\"og:description\" content=\"&nbsp; Plusieurs d\u00e9g\u00e2ts ont \u00e9t\u00e9 enregistr\u00e9s \u00e0 Mback\u00e9, ce vendredi, o\u00f9 Pastef a brav\u00e9 l&rsquo;interdiction du meeting qu&rsquo;il comptait tenir dans la localit\u00e9. La devanture a \u00e9t\u00e9 caillass\u00e9e. Les manifestants ont vite \u00e9t\u00e9 dispers\u00e9s par les forces de l&rsquo;ordre. Puis, Senchan, qui est \u00e0 proximit\u00e9 de l&rsquo;agence Sonatel Orange, a aussi \u00e9t\u00e9 saccag\u00e9 \u00e0 son tour. Les biens du magasin ont \u00e9t\u00e9 pill\u00e9s. M\u00eame sort pour la station Total \u00a0qui \u00e9tait \u00e0 proximit\u00e9, selon la Rfm. La boutique de la station a \u00e9t\u00e9 pill\u00e9e. Par ailleurs, la croix rouge a \u00e9vacu\u00e9 une vingtaine de personnes bless\u00e9es durant les affrontements. Plusieurs manifestants ont aussi \u00e9t\u00e9 interpell\u00e9s.\" \/>\n<meta property=\"og:url\" content=\"https:\/\/www.public.sn\/index.php\/2023\/02\/11\/lagence-sonatel-de-mbacke-a-ete-attaquee-durant-les-affrontements-qui-ont-eu-lieu-ce-vendredi\/\" \/>\n<meta property=\"og:site_name\" content=\"LE PUBLIC\" \/>\n<meta property=\"article:published_time\" content=\"2023-02-11T17:24:25+00:00\" \/>\n<meta property=\"og:image\" content=\"https:\/\/www.public.sn\/wp-content\/uploads\/2023\/02\/mbacke_1746.jpg\" \/>\n\t<meta property=\"og:image:width\" content=\"720\" \/>\n\t<meta property=\"og:image:height\" content=\"406\" \/>\n\t<meta property=\"og:image:type\" content=\"image\/jpeg\" \/>\n<meta name=\"author\" content=\"LA REDACTION\" \/>\n<meta name=\"twitter:card\" content=\"summary_large_image\" \/>\n<meta name=\"twitter:label1\" content=\"\u00c9crit par\" \/>\n\t<meta name=\"twitter:data1\" content=\"LA REDACTION\" \/>\n\t<meta name=\"twitter:label2\" content=\"Dur\u00e9e de lecture estim\u00e9e\" \/>\n\t<meta name=\"twitter:data2\" content=\"1 minute\" \/>\n<script type=\"application\/ld+json\" class=\"yoast-schema-graph\">{\"@context\":\"https:\/\/schema.org\",\"@graph\":[{\"@type\":\"Article\",\"@id\":\"https:\/\/www.public.sn\/index.php\/2023\/02\/11\/lagence-sonatel-de-mbacke-a-ete-attaquee-durant-les-affrontements-qui-ont-eu-lieu-ce-vendredi\/#article\",\"isPartOf\":{\"@id\":\"https:\/\/www.public.sn\/index.php\/2023\/02\/11\/lagence-sonatel-de-mbacke-a-ete-attaquee-durant-les-affrontements-qui-ont-eu-lieu-ce-vendredi\/\"},\"author\":{\"name\":\"LA REDACTION\",\"@id\":\"https:\/\/www.public.sn\/#\/schema\/person\/cb76c8e1b8becc6be61fb5e92d6d0224\"},\"headline\":\"L\u2019agence Sonatel de Mback\u00e9 a \u00e9t\u00e9 attaqu\u00e9e durant les affrontements qui ont eu lieu ce vendredi.\",\"datePublished\":\"2023-02-11T17:24:25+00:00\",\"mainEntityOfPage\":{\"@id\":\"https:\/\/www.public.sn\/index.php\/2023\/02\/11\/lagence-sonatel-de-mbacke-a-ete-attaquee-durant-les-affrontements-qui-ont-eu-lieu-ce-vendredi\/\"},\"wordCount\":129,\"commentCount\":0,\"publisher\":{\"@id\":\"https:\/\/www.public.sn\/#organization\"},\"image\":{\"@id\":\"https:\/\/www.public.sn\/index.php\/2023\/02\/11\/lagence-sonatel-de-mbacke-a-ete-attaquee-durant-les-affrontements-qui-ont-eu-lieu-ce-vendredi\/#primaryimage\"},\"thumbnailUrl\":\"https:\/\/www.public.sn\/wp-content\/uploads\/2023\/02\/mbacke_1746.jpg\",\"articleSection\":[\"ACTUALIT\u00c9S\",\"REVUE DE PRESSE\",\"VEDETTE\"],\"inLanguage\":\"fr-FR\",\"potentialAction\":[{\"@type\":\"CommentAction\",\"name\":\"Comment\",\"target\":[\"https:\/\/www.public.sn\/index.php\/2023\/02\/11\/lagence-sonatel-de-mbacke-a-ete-attaquee-durant-les-affrontements-qui-ont-eu-lieu-ce-vendredi\/#respond\"]}]},{\"@type\":\"WebPage\",\"@id\":\"https:\/\/www.public.sn\/index.php\/2023\/02\/11\/lagence-sonatel-de-mbacke-a-ete-attaquee-durant-les-affrontements-qui-ont-eu-lieu-ce-vendredi\/\",\"url\":\"https:\/\/www.public.sn\/index.php\/2023\/02\/11\/lagence-sonatel-de-mbacke-a-ete-attaquee-durant-les-affrontements-qui-ont-eu-lieu-ce-vendredi\/\",\"name\":\"L\u2019agence Sonatel de Mback\u00e9 a \u00e9t\u00e9 attaqu\u00e9e durant les affrontements qui ont eu lieu ce vendredi. - LE PUBLIC\",\"isPartOf\":{\"@id\":\"https:\/\/www.public.sn\/#website\"},\"primaryImageOfPage\":{\"@id\":\"https:\/\/www.public.sn\/index.php\/2023\/02\/11\/lagence-sonatel-de-mbacke-a-ete-attaquee-durant-les-affrontements-qui-ont-eu-lieu-ce-vendredi\/#primaryimage\"},\"image\":{\"@id\":\"https:\/\/www.public.sn\/index.php\/2023\/02\/11\/lagence-sonatel-de-mbacke-a-ete-attaquee-durant-les-affrontements-qui-ont-eu-lieu-ce-vendredi\/#primaryimage\"},\"thumbnailUrl\":\"https:\/\/www.public.sn\/wp-content\/uploads\/2023\/02\/mbacke_1746.jpg\",\"datePublished\":\"2023-02-11T17:24:25+00:00\",\"breadcrumb\":{\"@id\":\"https:\/\/www.public.sn\/index.php\/2023\/02\/11\/lagence-sonatel-de-mbacke-a-ete-attaquee-durant-les-affrontements-qui-ont-eu-lieu-ce-vendredi\/#breadcrumb\"},\"inLanguage\":\"fr-FR\",\"potentialAction\":[{\"@type\":\"ReadAction\",\"target\":[\"https:\/\/www.public.sn\/index.php\/2023\/02\/11\/lagence-sonatel-de-mbacke-a-ete-attaquee-durant-les-affrontements-qui-ont-eu-lieu-ce-vendredi\/\"]}]},{\"@type\":\"ImageObject\",\"inLanguage\":\"fr-FR\",\"@id\":\"https:\/\/www.public.sn\/index.php\/2023\/02\/11\/lagence-sonatel-de-mbacke-a-ete-attaquee-durant-les-affrontements-qui-ont-eu-lieu-ce-vendredi\/#primaryimage\",\"url\":\"https:\/\/www.public.sn\/wp-content\/uploads\/2023\/02\/mbacke_1746.jpg\",\"contentUrl\":\"https:\/\/www.public.sn\/wp-content\/uploads\/2023\/02\/mbacke_1746.jpg\",\"width\":720,\"height\":406},{\"@type\":\"BreadcrumbList\",\"@id\":\"https:\/\/www.public.sn\/index.php\/2023\/02\/11\/lagence-sonatel-de-mbacke-a-ete-attaquee-durant-les-affrontements-qui-ont-eu-lieu-ce-vendredi\/#breadcrumb\",\"itemListElement\":[{\"@type\":\"ListItem\",\"position\":1,\"name\":\"Accueil\",\"item\":\"https:\/\/www.public.sn\/\"},{\"@type\":\"ListItem\",\"position\":2,\"name\":\"L\u2019agence Sonatel de Mback\u00e9 a \u00e9t\u00e9 attaqu\u00e9e durant les affrontements qui ont eu lieu ce vendredi.\"}]},{\"@type\":\"WebSite\",\"@id\":\"https:\/\/www.public.sn\/#website\",\"url\":\"https:\/\/www.public.sn\/\",\"name\":\"LE PUBLIC\",\"description\":\"\",\"publisher\":{\"@id\":\"https:\/\/www.public.sn\/#organization\"},\"potentialAction\":[{\"@type\":\"SearchAction\",\"target\":{\"@type\":\"EntryPoint\",\"urlTemplate\":\"https:\/\/www.public.sn\/?s={search_term_string}\"},\"query-input\":{\"@type\":\"PropertyValueSpecification\",\"valueRequired\":true,\"valueName\":\"search_term_string\"}}],\"inLanguage\":\"fr-FR\"},{\"@type\":\"Organization\",\"@id\":\"https:\/\/www.public.sn\/#organization\",\"name\":\"LE PUBLIC\",\"url\":\"https:\/\/www.public.sn\/\",\"logo\":{\"@type\":\"ImageObject\",\"inLanguage\":\"fr-FR\",\"@id\":\"https:\/\/www.public.sn\/#\/schema\/logo\/image\/\",\"url\":\"https:\/\/www.public.sn\/wp-content\/uploads\/2024\/05\/cropped-LOGO-PUBLIC.SN_.png\",\"contentUrl\":\"https:\/\/www.public.sn\/wp-content\/uploads\/2024\/05\/cropped-LOGO-PUBLIC.SN_.png\",\"width\":682,\"height\":192,\"caption\":\"LE PUBLIC\"},\"image\":{\"@id\":\"https:\/\/www.public.sn\/#\/schema\/logo\/image\/\"}},{\"@type\":\"Person\",\"@id\":\"https:\/\/www.public.sn\/#\/schema\/person\/cb76c8e1b8becc6be61fb5e92d6d0224\",\"name\":\"LA REDACTION\",\"image\":{\"@type\":\"ImageObject\",\"inLanguage\":\"fr-FR\",\"@id\":\"https:\/\/www.public.sn\/#\/schema\/person\/image\/\",\"url\":\"https:\/\/secure.gravatar.com\/avatar\/2dce5ddd34b8fef0180efe03aa2a9bee7d953856048f9a16b298190a3178407c?s=96&d=mm&r=g\",\"contentUrl\":\"https:\/\/secure.gravatar.com\/avatar\/2dce5ddd34b8fef0180efe03aa2a9bee7d953856048f9a16b298190a3178407c?s=96&d=mm&r=g\",\"caption\":\"LA REDACTION\"},\"url\":\"https:\/\/www.public.sn\/index.php\/author\/editeurpsn\/\"}]}<\/script>\n<!-- \/ Yoast SEO plugin. -->","yoast_head_json":{"title":"L\u2019agence Sonatel de Mback\u00e9 a \u00e9t\u00e9 attaqu\u00e9e durant les affrontements qui ont eu lieu ce vendredi. - LE PUBLIC","robots":{"index":"index","follow":"follow","max-snippet":"max-snippet:-1","max-image-preview":"max-image-preview:large","max-video-preview":"max-video-preview:-1"},"canonical":"https:\/\/www.public.sn\/index.php\/2023\/02\/11\/lagence-sonatel-de-mbacke-a-ete-attaquee-durant-les-affrontements-qui-ont-eu-lieu-ce-vendredi\/","og_locale":"fr_FR","og_type":"article","og_title":"L\u2019agence Sonatel de Mback\u00e9 a \u00e9t\u00e9 attaqu\u00e9e durant les affrontements qui ont eu lieu ce vendredi. - LE PUBLIC","og_description":"&nbsp; Plusieurs d\u00e9g\u00e2ts ont \u00e9t\u00e9 enregistr\u00e9s \u00e0 Mback\u00e9, ce vendredi, o\u00f9 Pastef a brav\u00e9 l&rsquo;interdiction du meeting qu&rsquo;il comptait tenir dans la localit\u00e9. La devanture a \u00e9t\u00e9 caillass\u00e9e. Les manifestants ont vite \u00e9t\u00e9 dispers\u00e9s par les forces de l&rsquo;ordre. Puis, Senchan, qui est \u00e0 proximit\u00e9 de l&rsquo;agence Sonatel Orange, a aussi \u00e9t\u00e9 saccag\u00e9 \u00e0 son tour. Les biens du magasin ont \u00e9t\u00e9 pill\u00e9s. M\u00eame sort pour la station Total \u00a0qui \u00e9tait \u00e0 proximit\u00e9, selon la Rfm. La boutique de la station a \u00e9t\u00e9 pill\u00e9e. Par ailleurs, la croix rouge a \u00e9vacu\u00e9 une vingtaine de personnes bless\u00e9es durant les affrontements. Plusieurs manifestants ont aussi \u00e9t\u00e9 interpell\u00e9s.","og_url":"https:\/\/www.public.sn\/index.php\/2023\/02\/11\/lagence-sonatel-de-mbacke-a-ete-attaquee-durant-les-affrontements-qui-ont-eu-lieu-ce-vendredi\/","og_site_name":"LE PUBLIC","article_published_time":"2023-02-11T17:24:25+00:00","og_image":[{"width":720,"height":406,"url":"https:\/\/www.public.sn\/wp-content\/uploads\/2023\/02\/mbacke_1746.jpg","type":"image\/jpeg"}],"author":"LA REDACTION","twitter_card":"summary_large_image","twitter_misc":{"\u00c9crit par":"LA REDACTION","Dur\u00e9e de lecture estim\u00e9e":"1 minute"},"schema":{"@context":"https:\/\/schema.org","@graph":[{"@type":"Article","@id":"https:\/\/www.public.sn\/index.php\/2023\/02\/11\/lagence-sonatel-de-mbacke-a-ete-attaquee-durant-les-affrontements-qui-ont-eu-lieu-ce-vendredi\/#article","isPartOf":{"@id":"https:\/\/www.public.sn\/index.php\/2023\/02\/11\/lagence-sonatel-de-mbacke-a-ete-attaquee-durant-les-affrontements-qui-ont-eu-lieu-ce-vendredi\/"},"author":{"name":"LA REDACTION","@id":"https:\/\/www.public.sn\/#\/schema\/person\/cb76c8e1b8becc6be61fb5e92d6d0224"},"headline":"L\u2019agence Sonatel de Mback\u00e9 a \u00e9t\u00e9 attaqu\u00e9e durant les affrontements qui ont eu lieu ce vendredi.","datePublished":"2023-02-11T17:24:25+00:00","mainEntityOfPage":{"@id":"https:\/\/www.public.sn\/index.php\/2023\/02\/11\/lagence-sonatel-de-mbacke-a-ete-attaquee-durant-les-affrontements-qui-ont-eu-lieu-ce-vendredi\/"},"wordCount":129,"commentCount":0,"publisher":{"@id":"https:\/\/www.public.sn\/#organization"},"image":{"@id":"https:\/\/www.public.sn\/index.php\/2023\/02\/11\/lagence-sonatel-de-mbacke-a-ete-attaquee-durant-les-affrontements-qui-ont-eu-lieu-ce-vendredi\/#primaryimage"},"thumbnailUrl":"https:\/\/www.public.sn\/wp-content\/uploads\/2023\/02\/mbacke_1746.jpg","articleSection":["ACTUALIT\u00c9S","REVUE DE PRESSE","VEDETTE"],"inLanguage":"fr-FR","potentialAction":[{"@type":"CommentAction","name":"Comment","target":["https:\/\/www.public.sn\/index.php\/2023\/02\/11\/lagence-sonatel-de-mbacke-a-ete-attaquee-durant-les-affrontements-qui-ont-eu-lieu-ce-vendredi\/#respond"]}]},{"@type":"WebPage","@id":"https:\/\/www.public.sn\/index.php\/2023\/02\/11\/lagence-sonatel-de-mbacke-a-ete-attaquee-durant-les-affrontements-qui-ont-eu-lieu-ce-vendredi\/","url":"https:\/\/www.public.sn\/index.php\/2023\/02\/11\/lagence-sonatel-de-mbacke-a-ete-attaquee-durant-les-affrontements-qui-ont-eu-lieu-ce-vendredi\/","name":"L\u2019agence Sonatel de Mback\u00e9 a \u00e9t\u00e9 attaqu\u00e9e durant les affrontements qui ont eu lieu ce vendredi. - LE PUBLIC","isPartOf":{"@id":"https:\/\/www.public.sn\/#website"},"primaryImageOfPage":{"@id":"https:\/\/www.public.sn\/index.php\/2023\/02\/11\/lagence-sonatel-de-mbacke-a-ete-attaquee-durant-les-affrontements-qui-ont-eu-lieu-ce-vendredi\/#primaryimage"},"image":{"@id":"https:\/\/www.public.sn\/index.php\/2023\/02\/11\/lagence-sonatel-de-mbacke-a-ete-attaquee-durant-les-affrontements-qui-ont-eu-lieu-ce-vendredi\/#primaryimage"},"thumbnailUrl":"https:\/\/www.public.sn\/wp-content\/uploads\/2023\/02\/mbacke_1746.jpg","datePublished":"2023-02-11T17:24:25+00:00","breadcrumb":{"@id":"https:\/\/www.public.sn\/index.php\/2023\/02\/11\/lagence-sonatel-de-mbacke-a-ete-attaquee-durant-les-affrontements-qui-ont-eu-lieu-ce-vendredi\/#breadcrumb"},"inLanguage":"fr-FR","potentialAction":[{"@type":"ReadAction","target":["https:\/\/www.public.sn\/index.php\/2023\/02\/11\/lagence-sonatel-de-mbacke-a-ete-attaquee-durant-les-affrontements-qui-ont-eu-lieu-ce-vendredi\/"]}]},{"@type":"ImageObject","inLanguage":"fr-FR","@id":"https:\/\/www.public.sn\/index.php\/2023\/02\/11\/lagence-sonatel-de-mbacke-a-ete-attaquee-durant-les-affrontements-qui-ont-eu-lieu-ce-vendredi\/#primaryimage","url":"https:\/\/www.public.sn\/wp-content\/uploads\/2023\/02\/mbacke_1746.jpg","contentUrl":"https:\/\/www.public.sn\/wp-content\/uploads\/2023\/02\/mbacke_1746.jpg","width":720,"height":406},{"@type":"BreadcrumbList","@id":"https:\/\/www.public.sn\/index.php\/2023\/02\/11\/lagence-sonatel-de-mbacke-a-ete-attaquee-durant-les-affrontements-qui-ont-eu-lieu-ce-vendredi\/#breadcrumb","itemListElement":[{"@type":"ListItem","position":1,"name":"Accueil","item":"https:\/\/www.public.sn\/"},{"@type":"ListItem","position":2,"name":"L\u2019agence Sonatel de Mback\u00e9 a \u00e9t\u00e9 attaqu\u00e9e durant les affrontements qui ont eu lieu ce vendredi."}]},{"@type":"WebSite","@id":"https:\/\/www.public.sn\/#website","url":"https:\/\/www.public.sn\/","name":"LE PUBLIC","description":"","publisher":{"@id":"https:\/\/www.public.sn\/#organization"},"potentialAction":[{"@type":"SearchAction","target":{"@type":"EntryPoint","urlTemplate":"https:\/\/www.public.sn\/?s={search_term_string}"},"query-input":{"@type":"PropertyValueSpecification","valueRequired":true,"valueName":"search_term_string"}}],"inLanguage":"fr-FR"},{"@type":"Organization","@id":"https:\/\/www.public.sn\/#organization","name":"LE PUBLIC","url":"https:\/\/www.public.sn\/","logo":{"@type":"ImageObject","inLanguage":"fr-FR","@id":"https:\/\/www.public.sn\/#\/schema\/logo\/image\/","url":"https:\/\/www.public.sn\/wp-content\/uploads\/2024\/05\/cropped-LOGO-PUBLIC.SN_.png","contentUrl":"https:\/\/www.public.sn\/wp-content\/uploads\/2024\/05\/cropped-LOGO-PUBLIC.SN_.png","width":682,"height":192,"caption":"LE PUBLIC"},"image":{"@id":"https:\/\/www.public.sn\/#\/schema\/logo\/image\/"}},{"@type":"Person","@id":"https:\/\/www.public.sn\/#\/schema\/person\/cb76c8e1b8becc6be61fb5e92d6d0224","name":"LA REDACTION","image":{"@type":"ImageObject","inLanguage":"fr-FR","@id":"https:\/\/www.public.sn\/#\/schema\/person\/image\/","url":"https:\/\/secure.gravatar.com\/avatar\/2dce5ddd34b8fef0180efe03aa2a9bee7d953856048f9a16b298190a3178407c?s=96&d=mm&r=g","contentUrl":"https:\/\/secure.gravatar.com\/avatar\/2dce5ddd34b8fef0180efe03aa2a9bee7d953856048f9a16b298190a3178407c?s=96&d=mm&r=g","caption":"LA REDACTION"},"url":"https:\/\/www.public.sn\/index.php\/author\/editeurpsn\/"}]}},"jetpack_featured_media_url":"https:\/\/www.public.sn\/wp-content\/uploads\/2023\/02\/mbacke_1746.jpg","jetpack_sharing_enabled":true,"_links":{"self":[{"href":"https:\/\/www.public.sn\/index.php\/wp-json\/wp\/v2\/posts\/15520","targetHints":{"allow":["GET"]}}],"collection":[{"href":"https:\/\/www.public.sn\/index.php\/wp-json\/wp\/v2\/posts"}],"about":[{"href":"https:\/\/www.public.sn\/index.php\/wp-json\/wp\/v2\/types\/post"}],"author":[{"embeddable":true,"href":"https:\/\/www.public.sn\/index.php\/wp-json\/wp\/v2\/users\/7"}],"replies":[{"embeddable":true,"href":"https:\/\/www.public.sn\/index.php\/wp-json\/wp\/v2\/comments?post=15520"}],"version-history":[{"count":1,"href":"https:\/\/www.public.sn\/index.php\/wp-json\/wp\/v2\/posts\/15520\/revisions"}],"predecessor-version":[{"id":15523,"href":"https:\/\/www.public.sn\/index.php\/wp-json\/wp\/v2\/posts\/15520\/revisions\/15523"}],"wp:featuredmedia":[{"embeddable":true,"href":"https:\/\/www.public.sn\/index.php\/wp-json\/wp\/v2\/media\/15521"}],"wp:attachment":[{"href":"https:\/\/www.public.sn\/index.php\/wp-json\/wp\/v2\/media?parent=15520"}],"wp:term":[{"taxonomy":"category","embeddable":true,"href":"https:\/\/www.public.sn\/index.php\/wp-json\/wp\/v2\/categories?post=15520"},{"taxonomy":"post_tag","embeddable":true,"href":"https:\/\/www.public.sn\/index.php\/wp-json\/wp\/v2\/tags?post=15520"}],"curies":[{"name":"wp","href":"https:\/\/api.w.org\/{rel}","templated":true}]}}