{"id":1555,"date":"2022-09-09T10:22:16","date_gmt":"2022-09-09T08:22:16","guid":{"rendered":"https:\/\/www.public.sn\/?p=1555"},"modified":"2022-09-09T10:22:17","modified_gmt":"2022-09-09T08:22:17","slug":"le-jour-dapres-par-mik-macky-chante-le-peuple-dechante","status":"publish","type":"post","link":"https:\/\/www.public.sn\/index.php\/2022\/09\/09\/le-jour-dapres-par-mik-macky-chante-le-peuple-dechante\/","title":{"rendered":"Le Jour d\u2019Apr\u00e8s \u2013 Par MIK : Macky chante, le Peuple d\u00e9chante."},"content":{"rendered":"\n<p>Ainsi donc le Pr\u00e9sident a chant\u00e9. On l\u2019avait vu une fois danser et il ne s\u2019\u00e9tait pas mal d\u00e9brouill\u00e9. Quant au chant, la voix de Macky Sall n\u2019\u00e9tait pas si m\u00e9lodieuse, pour dire le moins. N\u00e9anmoins, elle \u00e9tait dans le tempo donn\u00e9 par \u00ab&nbsp;Le douzi\u00e8me Ga\u00efnd\u00e9&nbsp;\u00bb. Apr\u00e8s tout, il faut savoir charmer Dame Coupe du Monde pour la conqu\u00e9rir m\u00eame avec une voix rauque, pardon de rocker. Ce n\u2019est pas nous qui bouderons notre plaisir, si le tube d\u2019\u00e9t\u00e9 du Pr\u00e9sident est le talisman pour ramener, en hiver, de Qatar \u00e0 Dakar, le troph\u00e9e tant convoit\u00e9. On \u00e9tait mercredi 7 septembre quand le chef de l\u2019Etat a pouss\u00e9 la chansonnette au Grand Th\u00e9\u00e2tre. Le Conseil des ministres, en vacances et en fin de mission depuis les L\u00e9gislatives, ne s\u2019est pas r\u00e9uni. Pour la rentr\u00e9e, l\u2019\u00e9quipe gouvernementale reviendra autrement compos\u00e9e avec un capitaine appel\u00e9 \u00ab&nbsp;Premier ministre&nbsp;\u00bb.<\/p><div class=\"publi-paragraphe1\" style=\"margin-top: 10px;margin-bottom: 10px;margin-left: auto;margin-right: auto;text-align: center;\" id=\"publi-3910066651\"><div class=\"publi-adlabel\">Publicit\u00e9<\/div><script async src=\"\/\/pagead2.googlesyndication.com\/pagead\/js\/adsbygoogle.js?client=ca-pub-4089586018074219\" crossorigin=\"anonymous\"><\/script><ins class=\"adsbygoogle\" style=\"display:block;\" data-ad-client=\"ca-pub-4089586018074219\" \ndata-ad-slot=\"2087940154\" \ndata-ad-format=\"auto\"><\/ins>\n<script> \n(adsbygoogle = window.adsbygoogle || []).push({}); \n<\/script>\n<\/div>\n\n\n\n<p>Le Pr\u00e9sident a donc chant\u00e9. On a bien envie de saluer le lead vocal par un standing ovation. Mais en a-t-on le droit avec une conjoncture aussi d\u00e9sesp\u00e9rante que celle v\u00e9cue par les S\u00e9n\u00e9galais. En effet, Monsieur le Pr\u00e9sident, la vie n\u2019est pas rose. Elle est m\u00eame morose et tout sauf chantante. Inondations avec morts et maladies, pouvoir d\u2019achat r\u00e9duit comme peau de chagrin par la flamb\u00e9e des prix, p\u00e8res et m\u00e8res de famille angoiss\u00e9s, sant\u00e9 chancelante, \u00e9ducation d\u00e9faillante, accidents mortels, terres brad\u00e9es et m\u00eame braconn\u00e9es, anarchie fonci\u00e8re et immobili\u00e8re, institutions chahut\u00e9es, d\u00e9penses somptuaires pour des infrastructures pas toujours ad\u00e9quates\u2026 Bref, le tournis est \u00e0 la fois \u00e9conomique, familial et social.<\/p>\n\n\n\n<p>\u00ab&nbsp;Monsieur le Pr\u00e9sident, les S\u00e9n\u00e9galais sont fatigu\u00e9s&nbsp;\u00bb. Ce constat d\u2019un c\u00e9l\u00e8bre juge dans les ann\u00e9es 80 est toujours d\u2019actualit\u00e9. Pire, vos compatriotes sont au plus bas de la pyramide de Maslow&nbsp;! Pendant ce temps, le PR est dans les airs. Comme pour snober son monde, il parle aux sinistr\u00e9s des inondations avec leur bilan macabre alors qu\u2019il est \u00e0 des milliers de kilom\u00e8tres du S\u00e9n\u00e9gal. De ce fait, il est en vacances du pays. Redescendre sur terre et oser regarder la r\u00e9alit\u00e9 en face. Non pas en faisant la politique de l\u2019autruche, mais en engageant un corps \u00e0 corps courageux avec les urgences et les priorit\u00e9s. Une descente dans les zones inond\u00e9es pour \u00eatre au chevet des familles sinistr\u00e9es aurait \u00e9t\u00e9 plus parlante que les beaux discours. L\u2019inertie de la gouvernance actuelle est sid\u00e9rante. Frustrante. R\u00e9voltante m\u00eame.<\/p>\n\n\n\n<p>L\u2019indiff\u00e9rence \u00e0 l\u2019endroit du peuple est telle que la nomination d\u2019un Premier ministre, qui devait intervenir depuis des mois, est rang\u00e9e dans des tiroirs poussi\u00e9reux. Certes un Premier ministre sera nomm\u00e9 dans les prochains jours. Mais servira-t-il \u00e0 grand-chose quand, auparavant, le Pr\u00e9sident a d\u00e9j\u00e0 fini de montrer l\u2019inutilit\u00e9 du PM en refusant justement de le d\u00e9signer depuis bient\u00f4t une ann\u00e9e, malgr\u00e9 la restauration de la fonction et les d\u00e9clarations faites urbi et orbi&nbsp;? Le poste de Premier ministre est pourtant inscrit dans la Constitution au m\u00eame titre que celui de pr\u00e9sident de la R\u00e9publique. Passons sur les arguments sp\u00e9cieux pour justifier sans toutefois convaincre, le refus de nommer un Premier ministre. Cette fa\u00e7on de faire rel\u00e8ve de la d\u00e9sinvolture. A moins que le Pr\u00e9sident soit peu inspir\u00e9.<\/p>\n\n\n\n<p>Volontairement ou involontairement, le Pr\u00e9sident Macky Sall s\u2019est \u00e9vertu\u00e9, ces derni\u00e8res ann\u00e9es, \u00e0 faire la promotion de profils qui laissent \u00e0 d\u00e9sirer quant \u00e0 leur capacit\u00e9 \u00e0 g\u00e9rer un pays. Par ses erreurs et parfois, ses fautes, ces quidams se recrutent d\u00e9sormais \u00e0 une \u00e9chelle industrielle dans le champ politique. Bonjour le nivellement par le bas. Il n\u2019y a gu\u00e8re longtemps on s\u2019en moquait. \u00ab&nbsp;Lui maire&nbsp;? Il peut r\u00eaver&nbsp;!&nbsp;\u00bb. \u00ab&nbsp;Lui d\u00e9put\u00e9&nbsp;? Impossible&nbsp;!&nbsp;\u00bb Et pourtant c\u2019est arriv\u00e9. Plus d\u2019une fois&nbsp;!!! Demain, ce sera la pr\u00e9sidence de la R\u00e9publique. Le 12 septembre, jour de l\u2019installation des nouveaux d\u00e9put\u00e9s, notre pays aura un avant-go\u00fbt de ce qui le guette. La pr\u00e9sidence de l\u2019Assembl\u00e9e est fortement convoit\u00e9e.<br>Face \u00e0 ce tableau sombre, les S\u00e9n\u00e9galais ne chantent pas. Ils d\u00e9chantent.<\/p>\n\n\n\n<p>Mamoudou Ibra KANE<\/p>\n<div class=\"publi-apres-le-contenu\" style=\"margin-top: 10px;margin-bottom: 10px;margin-left: auto;margin-right: auto;text-align: center;\" id=\"publi-679868931\"><div class=\"publi-adlabel\">Publicit\u00e9<\/div><script async src=\"\/\/pagead2.googlesyndication.com\/pagead\/js\/adsbygoogle.js?client=ca-pub-4089586018074219\" crossorigin=\"anonymous\"><\/script><ins class=\"adsbygoogle\" style=\"display:block;\" data-ad-client=\"ca-pub-4089586018074219\" \ndata-ad-slot=\"2087940154\" \ndata-ad-format=\"auto\"><\/ins>\n<script> \n(adsbygoogle = window.adsbygoogle || []).push({}); \n<\/script>\n<\/div>","protected":false},"excerpt":{"rendered":"<p>Ainsi donc le Pr\u00e9sident a chant\u00e9. On l\u2019avait vu une fois danser et il ne s\u2019\u00e9tait pas mal d\u00e9brouill\u00e9. Quant au chant, la voix de Macky Sall n\u2019\u00e9tait pas si m\u00e9lodieuse, pour dire le moins. N\u00e9anmoins, elle \u00e9tait dans le tempo donn\u00e9 par \u00ab&nbsp;Le douzi\u00e8me Ga\u00efnd\u00e9&nbsp;\u00bb. Apr\u00e8s tout, il faut savoir charmer Dame Coupe du Monde pour la conqu\u00e9rir m\u00eame avec une voix rauque, pardon de rocker. Ce n\u2019est pas nous qui bouderons notre plaisir, si le tube d\u2019\u00e9t\u00e9 du Pr\u00e9sident est le talisman pour ramener, en hiver, de Qatar \u00e0 Dakar, le troph\u00e9e tant convoit\u00e9. On \u00e9tait mercredi 7 septembre quand le chef de l\u2019Etat a pouss\u00e9 la chansonnette au Grand Th\u00e9\u00e2tre. Le Conseil des ministres, en vacances et en fin de mission depuis les L\u00e9gislatives, ne s\u2019est pas r\u00e9uni. Pour la rentr\u00e9e, l\u2019\u00e9quipe gouvernementale reviendra autrement compos\u00e9e avec un capitaine appel\u00e9 \u00ab&nbsp;Premier ministre&nbsp;\u00bb. Le Pr\u00e9sident a donc chant\u00e9. On a bien envie de saluer le lead vocal par un standing ovation. Mais en a-t-on le droit avec une conjoncture aussi d\u00e9sesp\u00e9rante que celle v\u00e9cue par les S\u00e9n\u00e9galais. En effet, Monsieur le Pr\u00e9sident, la vie n\u2019est pas rose. Elle est m\u00eame morose et tout sauf chantante. Inondations avec morts et maladies, pouvoir d\u2019achat r\u00e9duit comme peau de chagrin par la flamb\u00e9e des prix, p\u00e8res et m\u00e8res de famille angoiss\u00e9s, sant\u00e9 chancelante, \u00e9ducation d\u00e9faillante, accidents mortels, terres brad\u00e9es et m\u00eame braconn\u00e9es, anarchie fonci\u00e8re et immobili\u00e8re, institutions chahut\u00e9es, d\u00e9penses somptuaires pour des infrastructures pas toujours ad\u00e9quates\u2026 Bref, le tournis est \u00e0 la fois \u00e9conomique, familial et social. \u00ab&nbsp;Monsieur le Pr\u00e9sident, les S\u00e9n\u00e9galais sont fatigu\u00e9s&nbsp;\u00bb. Ce constat d\u2019un c\u00e9l\u00e8bre juge dans les ann\u00e9es 80 est toujours d\u2019actualit\u00e9. Pire, vos compatriotes sont au plus bas de la pyramide de Maslow&nbsp;! Pendant ce temps, le PR est dans les airs. Comme pour snober son monde, il parle aux sinistr\u00e9s des inondations avec leur bilan macabre alors qu\u2019il est \u00e0 des milliers de kilom\u00e8tres du S\u00e9n\u00e9gal. De ce fait, il est en vacances du pays. Redescendre sur terre et oser regarder la r\u00e9alit\u00e9 en face. Non pas en faisant la politique de l\u2019autruche, mais en engageant un corps \u00e0 corps courageux avec les urgences et les priorit\u00e9s. Une descente dans les zones inond\u00e9es pour \u00eatre au chevet des familles sinistr\u00e9es aurait \u00e9t\u00e9 plus parlante que les beaux discours. L\u2019inertie de la gouvernance actuelle est sid\u00e9rante. Frustrante. R\u00e9voltante m\u00eame. L\u2019indiff\u00e9rence \u00e0 l\u2019endroit du peuple est telle que la nomination d\u2019un Premier ministre, qui devait intervenir depuis des mois, est rang\u00e9e dans des tiroirs poussi\u00e9reux. Certes un Premier ministre sera nomm\u00e9 dans les prochains jours. Mais servira-t-il \u00e0 grand-chose quand, auparavant, le Pr\u00e9sident a d\u00e9j\u00e0 fini de montrer l\u2019inutilit\u00e9 du PM en refusant justement de le d\u00e9signer depuis bient\u00f4t une ann\u00e9e, malgr\u00e9 la restauration de la fonction et les d\u00e9clarations faites urbi et orbi&nbsp;? Le poste de Premier ministre est pourtant inscrit dans la Constitution au m\u00eame titre que celui de pr\u00e9sident de la R\u00e9publique. Passons sur les arguments sp\u00e9cieux pour justifier sans toutefois convaincre, le refus de nommer un Premier ministre. Cette fa\u00e7on de faire rel\u00e8ve de la d\u00e9sinvolture. A moins que le Pr\u00e9sident soit peu inspir\u00e9. Volontairement ou involontairement, le Pr\u00e9sident Macky Sall s\u2019est \u00e9vertu\u00e9, ces derni\u00e8res ann\u00e9es, \u00e0 faire la promotion de profils qui laissent \u00e0 d\u00e9sirer quant \u00e0 leur capacit\u00e9 \u00e0 g\u00e9rer un pays. Par ses erreurs et parfois, ses fautes, ces quidams se recrutent d\u00e9sormais \u00e0 une \u00e9chelle industrielle dans le champ politique. Bonjour le nivellement par le bas. Il n\u2019y a gu\u00e8re longtemps on s\u2019en moquait. \u00ab&nbsp;Lui maire&nbsp;? Il peut r\u00eaver&nbsp;!&nbsp;\u00bb. \u00ab&nbsp;Lui d\u00e9put\u00e9&nbsp;? Impossible&nbsp;!&nbsp;\u00bb Et pourtant c\u2019est arriv\u00e9. Plus d\u2019une fois&nbsp;!!! Demain, ce sera la pr\u00e9sidence de la R\u00e9publique. Le 12 septembre, jour de l\u2019installation des nouveaux d\u00e9put\u00e9s, notre pays aura un avant-go\u00fbt de ce qui le guette. La pr\u00e9sidence de l\u2019Assembl\u00e9e est fortement convoit\u00e9e.Face \u00e0 ce tableau sombre, les S\u00e9n\u00e9galais ne chantent pas. Ils d\u00e9chantent. Mamoudou Ibra KANE<\/p>\n","protected":false},"author":1,"featured_media":1556,"comment_status":"open","ping_status":"open","sticky":false,"template":"","format":"standard","meta":{"_jetpack_memberships_contains_paid_content":false,"footnotes":""},"categories":[375,3],"tags":[11,657,658],"class_list":["post-1555","post","type-post","status-publish","format-standard","has-post-thumbnail","hentry","category-actualites","category-politique","tag-macky-sall","tag-mamoudou-ibra-kane","tag-peuple","entry","has-media","owp-thumbs-layout-horizontal","owp-btn-normal","owp-tabs-layout-horizontal","has-no-thumbnails","has-product-nav"],"yoast_head":"<!-- This site is optimized with the Yoast SEO plugin v25.5 - https:\/\/yoast.com\/wordpress\/plugins\/seo\/ -->\n<title>Le Jour d\u2019Apr\u00e8s \u2013 Par MIK : Macky chante, le Peuple d\u00e9chante. - LE PUBLIC<\/title>\n<meta name=\"robots\" content=\"index, follow, max-snippet:-1, max-image-preview:large, max-video-preview:-1\" \/>\n<link rel=\"canonical\" href=\"https:\/\/www.public.sn\/index.php\/2022\/09\/09\/le-jour-dapres-par-mik-macky-chante-le-peuple-dechante\/\" \/>\n<meta property=\"og:locale\" content=\"fr_FR\" \/>\n<meta property=\"og:type\" content=\"article\" \/>\n<meta property=\"og:title\" content=\"Le Jour d\u2019Apr\u00e8s \u2013 Par MIK : Macky chante, le Peuple d\u00e9chante. - LE PUBLIC\" \/>\n<meta property=\"og:description\" content=\"Ainsi donc le Pr\u00e9sident a chant\u00e9. On l\u2019avait vu une fois danser et il ne s\u2019\u00e9tait pas mal d\u00e9brouill\u00e9. Quant au chant, la voix de Macky Sall n\u2019\u00e9tait pas si m\u00e9lodieuse, pour dire le moins. N\u00e9anmoins, elle \u00e9tait dans le tempo donn\u00e9 par \u00ab&nbsp;Le douzi\u00e8me Ga\u00efnd\u00e9&nbsp;\u00bb. Apr\u00e8s tout, il faut savoir charmer Dame Coupe du Monde pour la conqu\u00e9rir m\u00eame avec une voix rauque, pardon de rocker. Ce n\u2019est pas nous qui bouderons notre plaisir, si le tube d\u2019\u00e9t\u00e9 du Pr\u00e9sident est le talisman pour ramener, en hiver, de Qatar \u00e0 Dakar, le troph\u00e9e tant convoit\u00e9. On \u00e9tait mercredi 7 septembre quand le chef de l\u2019Etat a pouss\u00e9 la chansonnette au Grand Th\u00e9\u00e2tre. Le Conseil des ministres, en vacances et en fin de mission depuis les L\u00e9gislatives, ne s\u2019est pas r\u00e9uni. Pour la rentr\u00e9e, l\u2019\u00e9quipe gouvernementale reviendra autrement compos\u00e9e avec un capitaine appel\u00e9 \u00ab&nbsp;Premier ministre&nbsp;\u00bb. Le Pr\u00e9sident a donc chant\u00e9. On a bien envie de saluer le lead vocal par un standing ovation. Mais en a-t-on le droit avec une conjoncture aussi d\u00e9sesp\u00e9rante que celle v\u00e9cue par les S\u00e9n\u00e9galais. En effet, Monsieur le Pr\u00e9sident, la vie n\u2019est pas rose. Elle est m\u00eame morose et tout sauf chantante. Inondations avec morts et maladies, pouvoir d\u2019achat r\u00e9duit comme peau de chagrin par la flamb\u00e9e des prix, p\u00e8res et m\u00e8res de famille angoiss\u00e9s, sant\u00e9 chancelante, \u00e9ducation d\u00e9faillante, accidents mortels, terres brad\u00e9es et m\u00eame braconn\u00e9es, anarchie fonci\u00e8re et immobili\u00e8re, institutions chahut\u00e9es, d\u00e9penses somptuaires pour des infrastructures pas toujours ad\u00e9quates\u2026 Bref, le tournis est \u00e0 la fois \u00e9conomique, familial et social. \u00ab&nbsp;Monsieur le Pr\u00e9sident, les S\u00e9n\u00e9galais sont fatigu\u00e9s&nbsp;\u00bb. Ce constat d\u2019un c\u00e9l\u00e8bre juge dans les ann\u00e9es 80 est toujours d\u2019actualit\u00e9. Pire, vos compatriotes sont au plus bas de la pyramide de Maslow&nbsp;! Pendant ce temps, le PR est dans les airs. Comme pour snober son monde, il parle aux sinistr\u00e9s des inondations avec leur bilan macabre alors qu\u2019il est \u00e0 des milliers de kilom\u00e8tres du S\u00e9n\u00e9gal. De ce fait, il est en vacances du pays. Redescendre sur terre et oser regarder la r\u00e9alit\u00e9 en face. Non pas en faisant la politique de l\u2019autruche, mais en engageant un corps \u00e0 corps courageux avec les urgences et les priorit\u00e9s. Une descente dans les zones inond\u00e9es pour \u00eatre au chevet des familles sinistr\u00e9es aurait \u00e9t\u00e9 plus parlante que les beaux discours. L\u2019inertie de la gouvernance actuelle est sid\u00e9rante. Frustrante. R\u00e9voltante m\u00eame. L\u2019indiff\u00e9rence \u00e0 l\u2019endroit du peuple est telle que la nomination d\u2019un Premier ministre, qui devait intervenir depuis des mois, est rang\u00e9e dans des tiroirs poussi\u00e9reux. Certes un Premier ministre sera nomm\u00e9 dans les prochains jours. Mais servira-t-il \u00e0 grand-chose quand, auparavant, le Pr\u00e9sident a d\u00e9j\u00e0 fini de montrer l\u2019inutilit\u00e9 du PM en refusant justement de le d\u00e9signer depuis bient\u00f4t une ann\u00e9e, malgr\u00e9 la restauration de la fonction et les d\u00e9clarations faites urbi et orbi&nbsp;? Le poste de Premier ministre est pourtant inscrit dans la Constitution au m\u00eame titre que celui de pr\u00e9sident de la R\u00e9publique. Passons sur les arguments sp\u00e9cieux pour justifier sans toutefois convaincre, le refus de nommer un Premier ministre. Cette fa\u00e7on de faire rel\u00e8ve de la d\u00e9sinvolture. A moins que le Pr\u00e9sident soit peu inspir\u00e9. Volontairement ou involontairement, le Pr\u00e9sident Macky Sall s\u2019est \u00e9vertu\u00e9, ces derni\u00e8res ann\u00e9es, \u00e0 faire la promotion de profils qui laissent \u00e0 d\u00e9sirer quant \u00e0 leur capacit\u00e9 \u00e0 g\u00e9rer un pays. Par ses erreurs et parfois, ses fautes, ces quidams se recrutent d\u00e9sormais \u00e0 une \u00e9chelle industrielle dans le champ politique. Bonjour le nivellement par le bas. Il n\u2019y a gu\u00e8re longtemps on s\u2019en moquait. \u00ab&nbsp;Lui maire&nbsp;? Il peut r\u00eaver&nbsp;!&nbsp;\u00bb. \u00ab&nbsp;Lui d\u00e9put\u00e9&nbsp;? Impossible&nbsp;!&nbsp;\u00bb Et pourtant c\u2019est arriv\u00e9. Plus d\u2019une fois&nbsp;!!! Demain, ce sera la pr\u00e9sidence de la R\u00e9publique. Le 12 septembre, jour de l\u2019installation des nouveaux d\u00e9put\u00e9s, notre pays aura un avant-go\u00fbt de ce qui le guette. La pr\u00e9sidence de l\u2019Assembl\u00e9e est fortement convoit\u00e9e.Face \u00e0 ce tableau sombre, les S\u00e9n\u00e9galais ne chantent pas. Ils d\u00e9chantent. Mamoudou Ibra KANE\" \/>\n<meta property=\"og:url\" content=\"https:\/\/www.public.sn\/index.php\/2022\/09\/09\/le-jour-dapres-par-mik-macky-chante-le-peuple-dechante\/\" \/>\n<meta property=\"og:site_name\" content=\"LE PUBLIC\" \/>\n<meta property=\"article:published_time\" content=\"2022-09-09T08:22:16+00:00\" \/>\n<meta property=\"article:modified_time\" content=\"2022-09-09T08:22:17+00:00\" \/>\n<meta property=\"og:image\" content=\"https:\/\/www.public.sn\/wp-content\/uploads\/2022\/09\/D512A9D6-9BFC-4B6E-BBC7-306BABDFDA92.jpeg\" \/>\n\t<meta property=\"og:image:width\" content=\"678\" \/>\n\t<meta property=\"og:image:height\" content=\"381\" \/>\n\t<meta property=\"og:image:type\" content=\"image\/jpeg\" \/>\n<meta name=\"author\" content=\"LA REDACTION\" \/>\n<meta name=\"twitter:card\" content=\"summary_large_image\" \/>\n<meta name=\"twitter:label1\" content=\"\u00c9crit par\" \/>\n\t<meta name=\"twitter:data1\" content=\"LA REDACTION\" \/>\n\t<meta name=\"twitter:label2\" content=\"Dur\u00e9e de lecture estim\u00e9e\" \/>\n\t<meta name=\"twitter:data2\" content=\"4 minutes\" \/>\n<script type=\"application\/ld+json\" class=\"yoast-schema-graph\">{\"@context\":\"https:\/\/schema.org\",\"@graph\":[{\"@type\":\"Article\",\"@id\":\"https:\/\/www.public.sn\/index.php\/2022\/09\/09\/le-jour-dapres-par-mik-macky-chante-le-peuple-dechante\/#article\",\"isPartOf\":{\"@id\":\"https:\/\/www.public.sn\/index.php\/2022\/09\/09\/le-jour-dapres-par-mik-macky-chante-le-peuple-dechante\/\"},\"author\":{\"name\":\"LA REDACTION\",\"@id\":\"https:\/\/www.public.sn\/#\/schema\/person\/e3f4a11b037d4203902db148f9bc8d5a\"},\"headline\":\"Le Jour d\u2019Apr\u00e8s \u2013 Par MIK : Macky chante, le Peuple d\u00e9chante.\",\"datePublished\":\"2022-09-09T08:22:16+00:00\",\"dateModified\":\"2022-09-09T08:22:17+00:00\",\"mainEntityOfPage\":{\"@id\":\"https:\/\/www.public.sn\/index.php\/2022\/09\/09\/le-jour-dapres-par-mik-macky-chante-le-peuple-dechante\/\"},\"wordCount\":783,\"commentCount\":0,\"publisher\":{\"@id\":\"https:\/\/www.public.sn\/#organization\"},\"image\":{\"@id\":\"https:\/\/www.public.sn\/index.php\/2022\/09\/09\/le-jour-dapres-par-mik-macky-chante-le-peuple-dechante\/#primaryimage\"},\"thumbnailUrl\":\"https:\/\/www.public.sn\/wp-content\/uploads\/2022\/09\/D512A9D6-9BFC-4B6E-BBC7-306BABDFDA92.jpeg\",\"keywords\":[\"Macky Sall\",\"Mamoudou IBRA Kane\",\"Peuple\"],\"articleSection\":[\"ACTUALIT\u00c9S\",\"POLITIQUE\"],\"inLanguage\":\"fr-FR\",\"potentialAction\":[{\"@type\":\"CommentAction\",\"name\":\"Comment\",\"target\":[\"https:\/\/www.public.sn\/index.php\/2022\/09\/09\/le-jour-dapres-par-mik-macky-chante-le-peuple-dechante\/#respond\"]}]},{\"@type\":\"WebPage\",\"@id\":\"https:\/\/www.public.sn\/index.php\/2022\/09\/09\/le-jour-dapres-par-mik-macky-chante-le-peuple-dechante\/\",\"url\":\"https:\/\/www.public.sn\/index.php\/2022\/09\/09\/le-jour-dapres-par-mik-macky-chante-le-peuple-dechante\/\",\"name\":\"Le Jour d\u2019Apr\u00e8s \u2013 Par MIK : Macky chante, le Peuple d\u00e9chante. - LE PUBLIC\",\"isPartOf\":{\"@id\":\"https:\/\/www.public.sn\/#website\"},\"primaryImageOfPage\":{\"@id\":\"https:\/\/www.public.sn\/index.php\/2022\/09\/09\/le-jour-dapres-par-mik-macky-chante-le-peuple-dechante\/#primaryimage\"},\"image\":{\"@id\":\"https:\/\/www.public.sn\/index.php\/2022\/09\/09\/le-jour-dapres-par-mik-macky-chante-le-peuple-dechante\/#primaryimage\"},\"thumbnailUrl\":\"https:\/\/www.public.sn\/wp-content\/uploads\/2022\/09\/D512A9D6-9BFC-4B6E-BBC7-306BABDFDA92.jpeg\",\"datePublished\":\"2022-09-09T08:22:16+00:00\",\"dateModified\":\"2022-09-09T08:22:17+00:00\",\"breadcrumb\":{\"@id\":\"https:\/\/www.public.sn\/index.php\/2022\/09\/09\/le-jour-dapres-par-mik-macky-chante-le-peuple-dechante\/#breadcrumb\"},\"inLanguage\":\"fr-FR\",\"potentialAction\":[{\"@type\":\"ReadAction\",\"target\":[\"https:\/\/www.public.sn\/index.php\/2022\/09\/09\/le-jour-dapres-par-mik-macky-chante-le-peuple-dechante\/\"]}]},{\"@type\":\"ImageObject\",\"inLanguage\":\"fr-FR\",\"@id\":\"https:\/\/www.public.sn\/index.php\/2022\/09\/09\/le-jour-dapres-par-mik-macky-chante-le-peuple-dechante\/#primaryimage\",\"url\":\"https:\/\/www.public.sn\/wp-content\/uploads\/2022\/09\/D512A9D6-9BFC-4B6E-BBC7-306BABDFDA92.jpeg\",\"contentUrl\":\"https:\/\/www.public.sn\/wp-content\/uploads\/2022\/09\/D512A9D6-9BFC-4B6E-BBC7-306BABDFDA92.jpeg\",\"width\":678,\"height\":381},{\"@type\":\"BreadcrumbList\",\"@id\":\"https:\/\/www.public.sn\/index.php\/2022\/09\/09\/le-jour-dapres-par-mik-macky-chante-le-peuple-dechante\/#breadcrumb\",\"itemListElement\":[{\"@type\":\"ListItem\",\"position\":1,\"name\":\"Accueil\",\"item\":\"https:\/\/www.public.sn\/\"},{\"@type\":\"ListItem\",\"position\":2,\"name\":\"Le Jour d\u2019Apr\u00e8s \u2013 Par MIK : Macky chante, le Peuple d\u00e9chante.\"}]},{\"@type\":\"WebSite\",\"@id\":\"https:\/\/www.public.sn\/#website\",\"url\":\"https:\/\/www.public.sn\/\",\"name\":\"LE PUBLIC\",\"description\":\"\",\"publisher\":{\"@id\":\"https:\/\/www.public.sn\/#organization\"},\"potentialAction\":[{\"@type\":\"SearchAction\",\"target\":{\"@type\":\"EntryPoint\",\"urlTemplate\":\"https:\/\/www.public.sn\/?s={search_term_string}\"},\"query-input\":{\"@type\":\"PropertyValueSpecification\",\"valueRequired\":true,\"valueName\":\"search_term_string\"}}],\"inLanguage\":\"fr-FR\"},{\"@type\":\"Organization\",\"@id\":\"https:\/\/www.public.sn\/#organization\",\"name\":\"LE PUBLIC\",\"url\":\"https:\/\/www.public.sn\/\",\"logo\":{\"@type\":\"ImageObject\",\"inLanguage\":\"fr-FR\",\"@id\":\"https:\/\/www.public.sn\/#\/schema\/logo\/image\/\",\"url\":\"https:\/\/www.public.sn\/wp-content\/uploads\/2024\/05\/cropped-LOGO-PUBLIC.SN_.png\",\"contentUrl\":\"https:\/\/www.public.sn\/wp-content\/uploads\/2024\/05\/cropped-LOGO-PUBLIC.SN_.png\",\"width\":682,\"height\":192,\"caption\":\"LE PUBLIC\"},\"image\":{\"@id\":\"https:\/\/www.public.sn\/#\/schema\/logo\/image\/\"}},{\"@type\":\"Person\",\"@id\":\"https:\/\/www.public.sn\/#\/schema\/person\/e3f4a11b037d4203902db148f9bc8d5a\",\"name\":\"LA REDACTION\",\"image\":{\"@type\":\"ImageObject\",\"inLanguage\":\"fr-FR\",\"@id\":\"https:\/\/www.public.sn\/#\/schema\/person\/image\/\",\"url\":\"https:\/\/secure.gravatar.com\/avatar\/d6c030db45db2883c075085c5d6c6258654a801a93766b49af0b82d4f454e2a5?s=96&d=mm&r=g\",\"contentUrl\":\"https:\/\/secure.gravatar.com\/avatar\/d6c030db45db2883c075085c5d6c6258654a801a93766b49af0b82d4f454e2a5?s=96&d=mm&r=g\",\"caption\":\"LA REDACTION\"},\"sameAs\":[\"http:\/\/www.public.sn\"],\"url\":\"https:\/\/www.public.sn\/index.php\/author\/admin7324\/\"}]}<\/script>\n<!-- \/ Yoast SEO plugin. -->","yoast_head_json":{"title":"Le Jour d\u2019Apr\u00e8s \u2013 Par MIK : Macky chante, le Peuple d\u00e9chante. - LE PUBLIC","robots":{"index":"index","follow":"follow","max-snippet":"max-snippet:-1","max-image-preview":"max-image-preview:large","max-video-preview":"max-video-preview:-1"},"canonical":"https:\/\/www.public.sn\/index.php\/2022\/09\/09\/le-jour-dapres-par-mik-macky-chante-le-peuple-dechante\/","og_locale":"fr_FR","og_type":"article","og_title":"Le Jour d\u2019Apr\u00e8s \u2013 Par MIK : Macky chante, le Peuple d\u00e9chante. - LE PUBLIC","og_description":"Ainsi donc le Pr\u00e9sident a chant\u00e9. On l\u2019avait vu une fois danser et il ne s\u2019\u00e9tait pas mal d\u00e9brouill\u00e9. Quant au chant, la voix de Macky Sall n\u2019\u00e9tait pas si m\u00e9lodieuse, pour dire le moins. N\u00e9anmoins, elle \u00e9tait dans le tempo donn\u00e9 par \u00ab&nbsp;Le douzi\u00e8me Ga\u00efnd\u00e9&nbsp;\u00bb. Apr\u00e8s tout, il faut savoir charmer Dame Coupe du Monde pour la conqu\u00e9rir m\u00eame avec une voix rauque, pardon de rocker. Ce n\u2019est pas nous qui bouderons notre plaisir, si le tube d\u2019\u00e9t\u00e9 du Pr\u00e9sident est le talisman pour ramener, en hiver, de Qatar \u00e0 Dakar, le troph\u00e9e tant convoit\u00e9. On \u00e9tait mercredi 7 septembre quand le chef de l\u2019Etat a pouss\u00e9 la chansonnette au Grand Th\u00e9\u00e2tre. Le Conseil des ministres, en vacances et en fin de mission depuis les L\u00e9gislatives, ne s\u2019est pas r\u00e9uni. Pour la rentr\u00e9e, l\u2019\u00e9quipe gouvernementale reviendra autrement compos\u00e9e avec un capitaine appel\u00e9 \u00ab&nbsp;Premier ministre&nbsp;\u00bb. Le Pr\u00e9sident a donc chant\u00e9. On a bien envie de saluer le lead vocal par un standing ovation. Mais en a-t-on le droit avec une conjoncture aussi d\u00e9sesp\u00e9rante que celle v\u00e9cue par les S\u00e9n\u00e9galais. En effet, Monsieur le Pr\u00e9sident, la vie n\u2019est pas rose. Elle est m\u00eame morose et tout sauf chantante. Inondations avec morts et maladies, pouvoir d\u2019achat r\u00e9duit comme peau de chagrin par la flamb\u00e9e des prix, p\u00e8res et m\u00e8res de famille angoiss\u00e9s, sant\u00e9 chancelante, \u00e9ducation d\u00e9faillante, accidents mortels, terres brad\u00e9es et m\u00eame braconn\u00e9es, anarchie fonci\u00e8re et immobili\u00e8re, institutions chahut\u00e9es, d\u00e9penses somptuaires pour des infrastructures pas toujours ad\u00e9quates\u2026 Bref, le tournis est \u00e0 la fois \u00e9conomique, familial et social. \u00ab&nbsp;Monsieur le Pr\u00e9sident, les S\u00e9n\u00e9galais sont fatigu\u00e9s&nbsp;\u00bb. Ce constat d\u2019un c\u00e9l\u00e8bre juge dans les ann\u00e9es 80 est toujours d\u2019actualit\u00e9. Pire, vos compatriotes sont au plus bas de la pyramide de Maslow&nbsp;! Pendant ce temps, le PR est dans les airs. Comme pour snober son monde, il parle aux sinistr\u00e9s des inondations avec leur bilan macabre alors qu\u2019il est \u00e0 des milliers de kilom\u00e8tres du S\u00e9n\u00e9gal. De ce fait, il est en vacances du pays. Redescendre sur terre et oser regarder la r\u00e9alit\u00e9 en face. Non pas en faisant la politique de l\u2019autruche, mais en engageant un corps \u00e0 corps courageux avec les urgences et les priorit\u00e9s. Une descente dans les zones inond\u00e9es pour \u00eatre au chevet des familles sinistr\u00e9es aurait \u00e9t\u00e9 plus parlante que les beaux discours. L\u2019inertie de la gouvernance actuelle est sid\u00e9rante. Frustrante. R\u00e9voltante m\u00eame. L\u2019indiff\u00e9rence \u00e0 l\u2019endroit du peuple est telle que la nomination d\u2019un Premier ministre, qui devait intervenir depuis des mois, est rang\u00e9e dans des tiroirs poussi\u00e9reux. Certes un Premier ministre sera nomm\u00e9 dans les prochains jours. Mais servira-t-il \u00e0 grand-chose quand, auparavant, le Pr\u00e9sident a d\u00e9j\u00e0 fini de montrer l\u2019inutilit\u00e9 du PM en refusant justement de le d\u00e9signer depuis bient\u00f4t une ann\u00e9e, malgr\u00e9 la restauration de la fonction et les d\u00e9clarations faites urbi et orbi&nbsp;? Le poste de Premier ministre est pourtant inscrit dans la Constitution au m\u00eame titre que celui de pr\u00e9sident de la R\u00e9publique. Passons sur les arguments sp\u00e9cieux pour justifier sans toutefois convaincre, le refus de nommer un Premier ministre. Cette fa\u00e7on de faire rel\u00e8ve de la d\u00e9sinvolture. A moins que le Pr\u00e9sident soit peu inspir\u00e9. Volontairement ou involontairement, le Pr\u00e9sident Macky Sall s\u2019est \u00e9vertu\u00e9, ces derni\u00e8res ann\u00e9es, \u00e0 faire la promotion de profils qui laissent \u00e0 d\u00e9sirer quant \u00e0 leur capacit\u00e9 \u00e0 g\u00e9rer un pays. Par ses erreurs et parfois, ses fautes, ces quidams se recrutent d\u00e9sormais \u00e0 une \u00e9chelle industrielle dans le champ politique. Bonjour le nivellement par le bas. Il n\u2019y a gu\u00e8re longtemps on s\u2019en moquait. \u00ab&nbsp;Lui maire&nbsp;? Il peut r\u00eaver&nbsp;!&nbsp;\u00bb. \u00ab&nbsp;Lui d\u00e9put\u00e9&nbsp;? Impossible&nbsp;!&nbsp;\u00bb Et pourtant c\u2019est arriv\u00e9. Plus d\u2019une fois&nbsp;!!! Demain, ce sera la pr\u00e9sidence de la R\u00e9publique. Le 12 septembre, jour de l\u2019installation des nouveaux d\u00e9put\u00e9s, notre pays aura un avant-go\u00fbt de ce qui le guette. La pr\u00e9sidence de l\u2019Assembl\u00e9e est fortement convoit\u00e9e.Face \u00e0 ce tableau sombre, les S\u00e9n\u00e9galais ne chantent pas. Ils d\u00e9chantent. Mamoudou Ibra KANE","og_url":"https:\/\/www.public.sn\/index.php\/2022\/09\/09\/le-jour-dapres-par-mik-macky-chante-le-peuple-dechante\/","og_site_name":"LE PUBLIC","article_published_time":"2022-09-09T08:22:16+00:00","article_modified_time":"2022-09-09T08:22:17+00:00","og_image":[{"width":678,"height":381,"url":"https:\/\/www.public.sn\/wp-content\/uploads\/2022\/09\/D512A9D6-9BFC-4B6E-BBC7-306BABDFDA92.jpeg","type":"image\/jpeg"}],"author":"LA REDACTION","twitter_card":"summary_large_image","twitter_misc":{"\u00c9crit par":"LA REDACTION","Dur\u00e9e de lecture estim\u00e9e":"4 minutes"},"schema":{"@context":"https:\/\/schema.org","@graph":[{"@type":"Article","@id":"https:\/\/www.public.sn\/index.php\/2022\/09\/09\/le-jour-dapres-par-mik-macky-chante-le-peuple-dechante\/#article","isPartOf":{"@id":"https:\/\/www.public.sn\/index.php\/2022\/09\/09\/le-jour-dapres-par-mik-macky-chante-le-peuple-dechante\/"},"author":{"name":"LA REDACTION","@id":"https:\/\/www.public.sn\/#\/schema\/person\/e3f4a11b037d4203902db148f9bc8d5a"},"headline":"Le Jour d\u2019Apr\u00e8s \u2013 Par MIK : Macky chante, le Peuple d\u00e9chante.","datePublished":"2022-09-09T08:22:16+00:00","dateModified":"2022-09-09T08:22:17+00:00","mainEntityOfPage":{"@id":"https:\/\/www.public.sn\/index.php\/2022\/09\/09\/le-jour-dapres-par-mik-macky-chante-le-peuple-dechante\/"},"wordCount":783,"commentCount":0,"publisher":{"@id":"https:\/\/www.public.sn\/#organization"},"image":{"@id":"https:\/\/www.public.sn\/index.php\/2022\/09\/09\/le-jour-dapres-par-mik-macky-chante-le-peuple-dechante\/#primaryimage"},"thumbnailUrl":"https:\/\/www.public.sn\/wp-content\/uploads\/2022\/09\/D512A9D6-9BFC-4B6E-BBC7-306BABDFDA92.jpeg","keywords":["Macky Sall","Mamoudou IBRA Kane","Peuple"],"articleSection":["ACTUALIT\u00c9S","POLITIQUE"],"inLanguage":"fr-FR","potentialAction":[{"@type":"CommentAction","name":"Comment","target":["https:\/\/www.public.sn\/index.php\/2022\/09\/09\/le-jour-dapres-par-mik-macky-chante-le-peuple-dechante\/#respond"]}]},{"@type":"WebPage","@id":"https:\/\/www.public.sn\/index.php\/2022\/09\/09\/le-jour-dapres-par-mik-macky-chante-le-peuple-dechante\/","url":"https:\/\/www.public.sn\/index.php\/2022\/09\/09\/le-jour-dapres-par-mik-macky-chante-le-peuple-dechante\/","name":"Le Jour d\u2019Apr\u00e8s \u2013 Par MIK : Macky chante, le Peuple d\u00e9chante. - LE PUBLIC","isPartOf":{"@id":"https:\/\/www.public.sn\/#website"},"primaryImageOfPage":{"@id":"https:\/\/www.public.sn\/index.php\/2022\/09\/09\/le-jour-dapres-par-mik-macky-chante-le-peuple-dechante\/#primaryimage"},"image":{"@id":"https:\/\/www.public.sn\/index.php\/2022\/09\/09\/le-jour-dapres-par-mik-macky-chante-le-peuple-dechante\/#primaryimage"},"thumbnailUrl":"https:\/\/www.public.sn\/wp-content\/uploads\/2022\/09\/D512A9D6-9BFC-4B6E-BBC7-306BABDFDA92.jpeg","datePublished":"2022-09-09T08:22:16+00:00","dateModified":"2022-09-09T08:22:17+00:00","breadcrumb":{"@id":"https:\/\/www.public.sn\/index.php\/2022\/09\/09\/le-jour-dapres-par-mik-macky-chante-le-peuple-dechante\/#breadcrumb"},"inLanguage":"fr-FR","potentialAction":[{"@type":"ReadAction","target":["https:\/\/www.public.sn\/index.php\/2022\/09\/09\/le-jour-dapres-par-mik-macky-chante-le-peuple-dechante\/"]}]},{"@type":"ImageObject","inLanguage":"fr-FR","@id":"https:\/\/www.public.sn\/index.php\/2022\/09\/09\/le-jour-dapres-par-mik-macky-chante-le-peuple-dechante\/#primaryimage","url":"https:\/\/www.public.sn\/wp-content\/uploads\/2022\/09\/D512A9D6-9BFC-4B6E-BBC7-306BABDFDA92.jpeg","contentUrl":"https:\/\/www.public.sn\/wp-content\/uploads\/2022\/09\/D512A9D6-9BFC-4B6E-BBC7-306BABDFDA92.jpeg","width":678,"height":381},{"@type":"BreadcrumbList","@id":"https:\/\/www.public.sn\/index.php\/2022\/09\/09\/le-jour-dapres-par-mik-macky-chante-le-peuple-dechante\/#breadcrumb","itemListElement":[{"@type":"ListItem","position":1,"name":"Accueil","item":"https:\/\/www.public.sn\/"},{"@type":"ListItem","position":2,"name":"Le Jour d\u2019Apr\u00e8s \u2013 Par MIK : Macky chante, le Peuple d\u00e9chante."}]},{"@type":"WebSite","@id":"https:\/\/www.public.sn\/#website","url":"https:\/\/www.public.sn\/","name":"LE PUBLIC","description":"","publisher":{"@id":"https:\/\/www.public.sn\/#organization"},"potentialAction":[{"@type":"SearchAction","target":{"@type":"EntryPoint","urlTemplate":"https:\/\/www.public.sn\/?s={search_term_string}"},"query-input":{"@type":"PropertyValueSpecification","valueRequired":true,"valueName":"search_term_string"}}],"inLanguage":"fr-FR"},{"@type":"Organization","@id":"https:\/\/www.public.sn\/#organization","name":"LE PUBLIC","url":"https:\/\/www.public.sn\/","logo":{"@type":"ImageObject","inLanguage":"fr-FR","@id":"https:\/\/www.public.sn\/#\/schema\/logo\/image\/","url":"https:\/\/www.public.sn\/wp-content\/uploads\/2024\/05\/cropped-LOGO-PUBLIC.SN_.png","contentUrl":"https:\/\/www.public.sn\/wp-content\/uploads\/2024\/05\/cropped-LOGO-PUBLIC.SN_.png","width":682,"height":192,"caption":"LE PUBLIC"},"image":{"@id":"https:\/\/www.public.sn\/#\/schema\/logo\/image\/"}},{"@type":"Person","@id":"https:\/\/www.public.sn\/#\/schema\/person\/e3f4a11b037d4203902db148f9bc8d5a","name":"LA REDACTION","image":{"@type":"ImageObject","inLanguage":"fr-FR","@id":"https:\/\/www.public.sn\/#\/schema\/person\/image\/","url":"https:\/\/secure.gravatar.com\/avatar\/d6c030db45db2883c075085c5d6c6258654a801a93766b49af0b82d4f454e2a5?s=96&d=mm&r=g","contentUrl":"https:\/\/secure.gravatar.com\/avatar\/d6c030db45db2883c075085c5d6c6258654a801a93766b49af0b82d4f454e2a5?s=96&d=mm&r=g","caption":"LA REDACTION"},"sameAs":["http:\/\/www.public.sn"],"url":"https:\/\/www.public.sn\/index.php\/author\/admin7324\/"}]}},"jetpack_featured_media_url":"https:\/\/www.public.sn\/wp-content\/uploads\/2022\/09\/D512A9D6-9BFC-4B6E-BBC7-306BABDFDA92.jpeg","jetpack_sharing_enabled":true,"_links":{"self":[{"href":"https:\/\/www.public.sn\/index.php\/wp-json\/wp\/v2\/posts\/1555","targetHints":{"allow":["GET"]}}],"collection":[{"href":"https:\/\/www.public.sn\/index.php\/wp-json\/wp\/v2\/posts"}],"about":[{"href":"https:\/\/www.public.sn\/index.php\/wp-json\/wp\/v2\/types\/post"}],"author":[{"embeddable":true,"href":"https:\/\/www.public.sn\/index.php\/wp-json\/wp\/v2\/users\/1"}],"replies":[{"embeddable":true,"href":"https:\/\/www.public.sn\/index.php\/wp-json\/wp\/v2\/comments?post=1555"}],"version-history":[{"count":1,"href":"https:\/\/www.public.sn\/index.php\/wp-json\/wp\/v2\/posts\/1555\/revisions"}],"predecessor-version":[{"id":1557,"href":"https:\/\/www.public.sn\/index.php\/wp-json\/wp\/v2\/posts\/1555\/revisions\/1557"}],"wp:featuredmedia":[{"embeddable":true,"href":"https:\/\/www.public.sn\/index.php\/wp-json\/wp\/v2\/media\/1556"}],"wp:attachment":[{"href":"https:\/\/www.public.sn\/index.php\/wp-json\/wp\/v2\/media?parent=1555"}],"wp:term":[{"taxonomy":"category","embeddable":true,"href":"https:\/\/www.public.sn\/index.php\/wp-json\/wp\/v2\/categories?post=1555"},{"taxonomy":"post_tag","embeddable":true,"href":"https:\/\/www.public.sn\/index.php\/wp-json\/wp\/v2\/tags?post=1555"}],"curies":[{"name":"wp","href":"https:\/\/api.w.org\/{rel}","templated":true}]}}