{"id":1558,"date":"2022-09-09T10:26:50","date_gmt":"2022-09-09T08:26:50","guid":{"rendered":"https:\/\/www.public.sn\/?p=1558"},"modified":"2022-09-09T10:26:51","modified_gmt":"2022-09-09T08:26:51","slug":"abdou-karim-gueye-et-pr-oumar-diagne-en-garde-a-vue","status":"publish","type":"post","link":"https:\/\/www.public.sn\/index.php\/2022\/09\/09\/abdou-karim-gueye-et-pr-oumar-diagne-en-garde-a-vue\/","title":{"rendered":"Abdou Karim Gu\u00e9ye et Pr Oumar Diagne en garde \u00e0 vue."},"content":{"rendered":"\n<p>Abdou Karim Gu\u00e8ye et Pr Cheikh Oumar Diagne sont plac\u00e9s en garde \u00e0 vue \u00e0 la Dic. Ils ont pass\u00e9 la nuit au commissariat central, d\u2019apr\u00e8s leur avocat Me Cheikh Koure\u00efssi Ba. Ils sont pour \u00ab\u00a0diffusion de fausses nouvelles\u00a0\u00bb.<\/p><div class=\"publi-paragraphe1\" style=\"margin-top: 10px;margin-bottom: 10px;margin-left: auto;margin-right: auto;text-align: center;\" id=\"publi-1347539766\"><div class=\"publi-adlabel\">Publicit\u00e9<\/div><script async src=\"\/\/pagead2.googlesyndication.com\/pagead\/js\/adsbygoogle.js?client=ca-pub-4089586018074219\" crossorigin=\"anonymous\"><\/script><ins class=\"adsbygoogle\" style=\"display:block;\" data-ad-client=\"ca-pub-4089586018074219\" \ndata-ad-slot=\"2087940154\" \ndata-ad-format=\"auto\"><\/ins>\n<script> \n(adsbygoogle = window.adsbygoogle || []).push({}); \n<\/script>\n<\/div>\n<div class=\"publi-apres-le-contenu\" style=\"margin-top: 10px;margin-bottom: 10px;margin-left: auto;margin-right: auto;text-align: center;\" id=\"publi-236368503\"><div class=\"publi-adlabel\">Publicit\u00e9<\/div><script async src=\"\/\/pagead2.googlesyndication.com\/pagead\/js\/adsbygoogle.js?client=ca-pub-4089586018074219\" crossorigin=\"anonymous\"><\/script><ins class=\"adsbygoogle\" style=\"display:block;\" data-ad-client=\"ca-pub-4089586018074219\" \ndata-ad-slot=\"2087940154\" \ndata-ad-format=\"auto\"><\/ins>\n<script> \n(adsbygoogle = window.adsbygoogle || []).push({}); \n<\/script>\n<\/div>","protected":false},"excerpt":{"rendered":"<p>Abdou Karim Gu\u00e8ye et Pr Cheikh Oumar Diagne sont plac\u00e9s en garde \u00e0 vue \u00e0 la Dic. Ils ont pass\u00e9 la nuit au commissariat central, d\u2019apr\u00e8s leur avocat Me Cheikh Koure\u00efssi Ba. Ils sont pour \u00ab\u00a0diffusion de fausses nouvelles\u00a0\u00bb.<\/p>\n","protected":false},"author":1,"featured_media":1559,"comment_status":"open","ping_status":"open","sticky":false,"template":"","format":"standard","meta":{"_jetpack_memberships_contains_paid_content":false,"footnotes":""},"categories":[375,376],"tags":[660,640,641,114,659],"class_list":["post-1558","post","type-post","status-publish","format-standard","has-post-thumbnail","hentry","category-actualites","category-securite-justice","tag-commissariat","tag-dic","tag-imam-ndao","tag-karim-xrum-xax","tag-pr-oumar-diagne","entry","has-media","owp-thumbs-layout-horizontal","owp-btn-normal","owp-tabs-layout-horizontal","has-no-thumbnails","has-product-nav"],"yoast_head":"<!-- This site is optimized with the Yoast SEO plugin v25.5 - https:\/\/yoast.com\/wordpress\/plugins\/seo\/ -->\n<title>Abdou Karim Gu\u00e9ye et Pr Oumar Diagne en garde \u00e0 vue. - LE PUBLIC<\/title>\n<meta name=\"robots\" content=\"index, follow, max-snippet:-1, max-image-preview:large, max-video-preview:-1\" \/>\n<link rel=\"canonical\" href=\"https:\/\/www.public.sn\/index.php\/2022\/09\/09\/abdou-karim-gueye-et-pr-oumar-diagne-en-garde-a-vue\/\" \/>\n<meta property=\"og:locale\" content=\"fr_FR\" \/>\n<meta property=\"og:type\" content=\"article\" \/>\n<meta property=\"og:title\" content=\"Abdou Karim Gu\u00e9ye et Pr Oumar Diagne en garde \u00e0 vue. - LE PUBLIC\" \/>\n<meta property=\"og:description\" content=\"Abdou Karim Gu\u00e8ye et Pr Cheikh Oumar Diagne sont plac\u00e9s en garde \u00e0 vue \u00e0 la Dic. Ils ont pass\u00e9 la nuit au commissariat central, d\u2019apr\u00e8s leur avocat Me Cheikh Koure\u00efssi Ba. Ils sont pour \u00ab\u00a0diffusion de fausses nouvelles\u00a0\u00bb.\" \/>\n<meta property=\"og:url\" content=\"https:\/\/www.public.sn\/index.php\/2022\/09\/09\/abdou-karim-gueye-et-pr-oumar-diagne-en-garde-a-vue\/\" \/>\n<meta property=\"og:site_name\" content=\"LE PUBLIC\" \/>\n<meta property=\"article:published_time\" content=\"2022-09-09T08:26:50+00:00\" \/>\n<meta property=\"article:modified_time\" content=\"2022-09-09T08:26:51+00:00\" \/>\n<meta property=\"og:image\" content=\"https:\/\/www.public.sn\/wp-content\/uploads\/2022\/09\/C9253A6A-829C-4E04-ABDE-B16AABFB388B.jpeg\" \/>\n\t<meta property=\"og:image:width\" content=\"291\" \/>\n\t<meta property=\"og:image:height\" content=\"173\" \/>\n\t<meta property=\"og:image:type\" content=\"image\/jpeg\" \/>\n<meta name=\"author\" content=\"LA REDACTION\" \/>\n<meta name=\"twitter:card\" content=\"summary_large_image\" \/>\n<meta name=\"twitter:label1\" content=\"\u00c9crit par\" \/>\n\t<meta name=\"twitter:data1\" content=\"LA REDACTION\" \/>\n\t<meta name=\"twitter:label2\" content=\"Dur\u00e9e de lecture estim\u00e9e\" \/>\n\t<meta name=\"twitter:data2\" content=\"1 minute\" \/>\n<script type=\"application\/ld+json\" class=\"yoast-schema-graph\">{\"@context\":\"https:\/\/schema.org\",\"@graph\":[{\"@type\":\"Article\",\"@id\":\"https:\/\/www.public.sn\/index.php\/2022\/09\/09\/abdou-karim-gueye-et-pr-oumar-diagne-en-garde-a-vue\/#article\",\"isPartOf\":{\"@id\":\"https:\/\/www.public.sn\/index.php\/2022\/09\/09\/abdou-karim-gueye-et-pr-oumar-diagne-en-garde-a-vue\/\"},\"author\":{\"name\":\"LA REDACTION\",\"@id\":\"https:\/\/www.public.sn\/#\/schema\/person\/e3f4a11b037d4203902db148f9bc8d5a\"},\"headline\":\"Abdou Karim Gu\u00e9ye et Pr Oumar Diagne en garde \u00e0 vue.\",\"datePublished\":\"2022-09-09T08:26:50+00:00\",\"dateModified\":\"2022-09-09T08:26:51+00:00\",\"mainEntityOfPage\":{\"@id\":\"https:\/\/www.public.sn\/index.php\/2022\/09\/09\/abdou-karim-gueye-et-pr-oumar-diagne-en-garde-a-vue\/\"},\"wordCount\":53,\"commentCount\":0,\"publisher\":{\"@id\":\"https:\/\/www.public.sn\/#organization\"},\"image\":{\"@id\":\"https:\/\/www.public.sn\/index.php\/2022\/09\/09\/abdou-karim-gueye-et-pr-oumar-diagne-en-garde-a-vue\/#primaryimage\"},\"thumbnailUrl\":\"https:\/\/www.public.sn\/wp-content\/uploads\/2022\/09\/C9253A6A-829C-4E04-ABDE-B16AABFB388B.jpeg\",\"keywords\":[\"Commissariat\",\"DIC\",\"Imam Ndao\",\"Karim Xrum Xax\",\"Pr Oumar Diagne\"],\"articleSection\":[\"ACTUALIT\u00c9S\",\"S\u00c9CURIT\u00c9 &amp; JUSTICE\"],\"inLanguage\":\"fr-FR\",\"potentialAction\":[{\"@type\":\"CommentAction\",\"name\":\"Comment\",\"target\":[\"https:\/\/www.public.sn\/index.php\/2022\/09\/09\/abdou-karim-gueye-et-pr-oumar-diagne-en-garde-a-vue\/#respond\"]}]},{\"@type\":\"WebPage\",\"@id\":\"https:\/\/www.public.sn\/index.php\/2022\/09\/09\/abdou-karim-gueye-et-pr-oumar-diagne-en-garde-a-vue\/\",\"url\":\"https:\/\/www.public.sn\/index.php\/2022\/09\/09\/abdou-karim-gueye-et-pr-oumar-diagne-en-garde-a-vue\/\",\"name\":\"Abdou Karim Gu\u00e9ye et Pr Oumar Diagne en garde \u00e0 vue. - LE PUBLIC\",\"isPartOf\":{\"@id\":\"https:\/\/www.public.sn\/#website\"},\"primaryImageOfPage\":{\"@id\":\"https:\/\/www.public.sn\/index.php\/2022\/09\/09\/abdou-karim-gueye-et-pr-oumar-diagne-en-garde-a-vue\/#primaryimage\"},\"image\":{\"@id\":\"https:\/\/www.public.sn\/index.php\/2022\/09\/09\/abdou-karim-gueye-et-pr-oumar-diagne-en-garde-a-vue\/#primaryimage\"},\"thumbnailUrl\":\"https:\/\/www.public.sn\/wp-content\/uploads\/2022\/09\/C9253A6A-829C-4E04-ABDE-B16AABFB388B.jpeg\",\"datePublished\":\"2022-09-09T08:26:50+00:00\",\"dateModified\":\"2022-09-09T08:26:51+00:00\",\"breadcrumb\":{\"@id\":\"https:\/\/www.public.sn\/index.php\/2022\/09\/09\/abdou-karim-gueye-et-pr-oumar-diagne-en-garde-a-vue\/#breadcrumb\"},\"inLanguage\":\"fr-FR\",\"potentialAction\":[{\"@type\":\"ReadAction\",\"target\":[\"https:\/\/www.public.sn\/index.php\/2022\/09\/09\/abdou-karim-gueye-et-pr-oumar-diagne-en-garde-a-vue\/\"]}]},{\"@type\":\"ImageObject\",\"inLanguage\":\"fr-FR\",\"@id\":\"https:\/\/www.public.sn\/index.php\/2022\/09\/09\/abdou-karim-gueye-et-pr-oumar-diagne-en-garde-a-vue\/#primaryimage\",\"url\":\"https:\/\/www.public.sn\/wp-content\/uploads\/2022\/09\/C9253A6A-829C-4E04-ABDE-B16AABFB388B.jpeg\",\"contentUrl\":\"https:\/\/www.public.sn\/wp-content\/uploads\/2022\/09\/C9253A6A-829C-4E04-ABDE-B16AABFB388B.jpeg\",\"width\":291,\"height\":173},{\"@type\":\"BreadcrumbList\",\"@id\":\"https:\/\/www.public.sn\/index.php\/2022\/09\/09\/abdou-karim-gueye-et-pr-oumar-diagne-en-garde-a-vue\/#breadcrumb\",\"itemListElement\":[{\"@type\":\"ListItem\",\"position\":1,\"name\":\"Accueil\",\"item\":\"https:\/\/www.public.sn\/\"},{\"@type\":\"ListItem\",\"position\":2,\"name\":\"Abdou Karim Gu\u00e9ye et Pr Oumar Diagne en garde \u00e0 vue.\"}]},{\"@type\":\"WebSite\",\"@id\":\"https:\/\/www.public.sn\/#website\",\"url\":\"https:\/\/www.public.sn\/\",\"name\":\"LE PUBLIC\",\"description\":\"\",\"publisher\":{\"@id\":\"https:\/\/www.public.sn\/#organization\"},\"potentialAction\":[{\"@type\":\"SearchAction\",\"target\":{\"@type\":\"EntryPoint\",\"urlTemplate\":\"https:\/\/www.public.sn\/?s={search_term_string}\"},\"query-input\":{\"@type\":\"PropertyValueSpecification\",\"valueRequired\":true,\"valueName\":\"search_term_string\"}}],\"inLanguage\":\"fr-FR\"},{\"@type\":\"Organization\",\"@id\":\"https:\/\/www.public.sn\/#organization\",\"name\":\"LE PUBLIC\",\"url\":\"https:\/\/www.public.sn\/\",\"logo\":{\"@type\":\"ImageObject\",\"inLanguage\":\"fr-FR\",\"@id\":\"https:\/\/www.public.sn\/#\/schema\/logo\/image\/\",\"url\":\"https:\/\/www.public.sn\/wp-content\/uploads\/2024\/05\/cropped-LOGO-PUBLIC.SN_.png\",\"contentUrl\":\"https:\/\/www.public.sn\/wp-content\/uploads\/2024\/05\/cropped-LOGO-PUBLIC.SN_.png\",\"width\":682,\"height\":192,\"caption\":\"LE PUBLIC\"},\"image\":{\"@id\":\"https:\/\/www.public.sn\/#\/schema\/logo\/image\/\"}},{\"@type\":\"Person\",\"@id\":\"https:\/\/www.public.sn\/#\/schema\/person\/e3f4a11b037d4203902db148f9bc8d5a\",\"name\":\"LA REDACTION\",\"image\":{\"@type\":\"ImageObject\",\"inLanguage\":\"fr-FR\",\"@id\":\"https:\/\/www.public.sn\/#\/schema\/person\/image\/\",\"url\":\"https:\/\/secure.gravatar.com\/avatar\/d6c030db45db2883c075085c5d6c6258654a801a93766b49af0b82d4f454e2a5?s=96&d=mm&r=g\",\"contentUrl\":\"https:\/\/secure.gravatar.com\/avatar\/d6c030db45db2883c075085c5d6c6258654a801a93766b49af0b82d4f454e2a5?s=96&d=mm&r=g\",\"caption\":\"LA REDACTION\"},\"sameAs\":[\"http:\/\/www.public.sn\"],\"url\":\"https:\/\/www.public.sn\/index.php\/author\/admin7324\/\"}]}<\/script>\n<!-- \/ Yoast SEO plugin. -->","yoast_head_json":{"title":"Abdou Karim Gu\u00e9ye et Pr Oumar Diagne en garde \u00e0 vue. - LE PUBLIC","robots":{"index":"index","follow":"follow","max-snippet":"max-snippet:-1","max-image-preview":"max-image-preview:large","max-video-preview":"max-video-preview:-1"},"canonical":"https:\/\/www.public.sn\/index.php\/2022\/09\/09\/abdou-karim-gueye-et-pr-oumar-diagne-en-garde-a-vue\/","og_locale":"fr_FR","og_type":"article","og_title":"Abdou Karim Gu\u00e9ye et Pr Oumar Diagne en garde \u00e0 vue. - LE PUBLIC","og_description":"Abdou Karim Gu\u00e8ye et Pr Cheikh Oumar Diagne sont plac\u00e9s en garde \u00e0 vue \u00e0 la Dic. Ils ont pass\u00e9 la nuit au commissariat central, d\u2019apr\u00e8s leur avocat Me Cheikh Koure\u00efssi Ba. Ils sont pour \u00ab\u00a0diffusion de fausses nouvelles\u00a0\u00bb.","og_url":"https:\/\/www.public.sn\/index.php\/2022\/09\/09\/abdou-karim-gueye-et-pr-oumar-diagne-en-garde-a-vue\/","og_site_name":"LE PUBLIC","article_published_time":"2022-09-09T08:26:50+00:00","article_modified_time":"2022-09-09T08:26:51+00:00","og_image":[{"width":291,"height":173,"url":"https:\/\/www.public.sn\/wp-content\/uploads\/2022\/09\/C9253A6A-829C-4E04-ABDE-B16AABFB388B.jpeg","type":"image\/jpeg"}],"author":"LA REDACTION","twitter_card":"summary_large_image","twitter_misc":{"\u00c9crit par":"LA REDACTION","Dur\u00e9e de lecture estim\u00e9e":"1 minute"},"schema":{"@context":"https:\/\/schema.org","@graph":[{"@type":"Article","@id":"https:\/\/www.public.sn\/index.php\/2022\/09\/09\/abdou-karim-gueye-et-pr-oumar-diagne-en-garde-a-vue\/#article","isPartOf":{"@id":"https:\/\/www.public.sn\/index.php\/2022\/09\/09\/abdou-karim-gueye-et-pr-oumar-diagne-en-garde-a-vue\/"},"author":{"name":"LA REDACTION","@id":"https:\/\/www.public.sn\/#\/schema\/person\/e3f4a11b037d4203902db148f9bc8d5a"},"headline":"Abdou Karim Gu\u00e9ye et Pr Oumar Diagne en garde \u00e0 vue.","datePublished":"2022-09-09T08:26:50+00:00","dateModified":"2022-09-09T08:26:51+00:00","mainEntityOfPage":{"@id":"https:\/\/www.public.sn\/index.php\/2022\/09\/09\/abdou-karim-gueye-et-pr-oumar-diagne-en-garde-a-vue\/"},"wordCount":53,"commentCount":0,"publisher":{"@id":"https:\/\/www.public.sn\/#organization"},"image":{"@id":"https:\/\/www.public.sn\/index.php\/2022\/09\/09\/abdou-karim-gueye-et-pr-oumar-diagne-en-garde-a-vue\/#primaryimage"},"thumbnailUrl":"https:\/\/www.public.sn\/wp-content\/uploads\/2022\/09\/C9253A6A-829C-4E04-ABDE-B16AABFB388B.jpeg","keywords":["Commissariat","DIC","Imam Ndao","Karim Xrum Xax","Pr Oumar Diagne"],"articleSection":["ACTUALIT\u00c9S","S\u00c9CURIT\u00c9 &amp; JUSTICE"],"inLanguage":"fr-FR","potentialAction":[{"@type":"CommentAction","name":"Comment","target":["https:\/\/www.public.sn\/index.php\/2022\/09\/09\/abdou-karim-gueye-et-pr-oumar-diagne-en-garde-a-vue\/#respond"]}]},{"@type":"WebPage","@id":"https:\/\/www.public.sn\/index.php\/2022\/09\/09\/abdou-karim-gueye-et-pr-oumar-diagne-en-garde-a-vue\/","url":"https:\/\/www.public.sn\/index.php\/2022\/09\/09\/abdou-karim-gueye-et-pr-oumar-diagne-en-garde-a-vue\/","name":"Abdou Karim Gu\u00e9ye et Pr Oumar Diagne en garde \u00e0 vue. - LE PUBLIC","isPartOf":{"@id":"https:\/\/www.public.sn\/#website"},"primaryImageOfPage":{"@id":"https:\/\/www.public.sn\/index.php\/2022\/09\/09\/abdou-karim-gueye-et-pr-oumar-diagne-en-garde-a-vue\/#primaryimage"},"image":{"@id":"https:\/\/www.public.sn\/index.php\/2022\/09\/09\/abdou-karim-gueye-et-pr-oumar-diagne-en-garde-a-vue\/#primaryimage"},"thumbnailUrl":"https:\/\/www.public.sn\/wp-content\/uploads\/2022\/09\/C9253A6A-829C-4E04-ABDE-B16AABFB388B.jpeg","datePublished":"2022-09-09T08:26:50+00:00","dateModified":"2022-09-09T08:26:51+00:00","breadcrumb":{"@id":"https:\/\/www.public.sn\/index.php\/2022\/09\/09\/abdou-karim-gueye-et-pr-oumar-diagne-en-garde-a-vue\/#breadcrumb"},"inLanguage":"fr-FR","potentialAction":[{"@type":"ReadAction","target":["https:\/\/www.public.sn\/index.php\/2022\/09\/09\/abdou-karim-gueye-et-pr-oumar-diagne-en-garde-a-vue\/"]}]},{"@type":"ImageObject","inLanguage":"fr-FR","@id":"https:\/\/www.public.sn\/index.php\/2022\/09\/09\/abdou-karim-gueye-et-pr-oumar-diagne-en-garde-a-vue\/#primaryimage","url":"https:\/\/www.public.sn\/wp-content\/uploads\/2022\/09\/C9253A6A-829C-4E04-ABDE-B16AABFB388B.jpeg","contentUrl":"https:\/\/www.public.sn\/wp-content\/uploads\/2022\/09\/C9253A6A-829C-4E04-ABDE-B16AABFB388B.jpeg","width":291,"height":173},{"@type":"BreadcrumbList","@id":"https:\/\/www.public.sn\/index.php\/2022\/09\/09\/abdou-karim-gueye-et-pr-oumar-diagne-en-garde-a-vue\/#breadcrumb","itemListElement":[{"@type":"ListItem","position":1,"name":"Accueil","item":"https:\/\/www.public.sn\/"},{"@type":"ListItem","position":2,"name":"Abdou Karim Gu\u00e9ye et Pr Oumar Diagne en garde \u00e0 vue."}]},{"@type":"WebSite","@id":"https:\/\/www.public.sn\/#website","url":"https:\/\/www.public.sn\/","name":"LE PUBLIC","description":"","publisher":{"@id":"https:\/\/www.public.sn\/#organization"},"potentialAction":[{"@type":"SearchAction","target":{"@type":"EntryPoint","urlTemplate":"https:\/\/www.public.sn\/?s={search_term_string}"},"query-input":{"@type":"PropertyValueSpecification","valueRequired":true,"valueName":"search_term_string"}}],"inLanguage":"fr-FR"},{"@type":"Organization","@id":"https:\/\/www.public.sn\/#organization","name":"LE PUBLIC","url":"https:\/\/www.public.sn\/","logo":{"@type":"ImageObject","inLanguage":"fr-FR","@id":"https:\/\/www.public.sn\/#\/schema\/logo\/image\/","url":"https:\/\/www.public.sn\/wp-content\/uploads\/2024\/05\/cropped-LOGO-PUBLIC.SN_.png","contentUrl":"https:\/\/www.public.sn\/wp-content\/uploads\/2024\/05\/cropped-LOGO-PUBLIC.SN_.png","width":682,"height":192,"caption":"LE PUBLIC"},"image":{"@id":"https:\/\/www.public.sn\/#\/schema\/logo\/image\/"}},{"@type":"Person","@id":"https:\/\/www.public.sn\/#\/schema\/person\/e3f4a11b037d4203902db148f9bc8d5a","name":"LA REDACTION","image":{"@type":"ImageObject","inLanguage":"fr-FR","@id":"https:\/\/www.public.sn\/#\/schema\/person\/image\/","url":"https:\/\/secure.gravatar.com\/avatar\/d6c030db45db2883c075085c5d6c6258654a801a93766b49af0b82d4f454e2a5?s=96&d=mm&r=g","contentUrl":"https:\/\/secure.gravatar.com\/avatar\/d6c030db45db2883c075085c5d6c6258654a801a93766b49af0b82d4f454e2a5?s=96&d=mm&r=g","caption":"LA REDACTION"},"sameAs":["http:\/\/www.public.sn"],"url":"https:\/\/www.public.sn\/index.php\/author\/admin7324\/"}]}},"jetpack_featured_media_url":"https:\/\/www.public.sn\/wp-content\/uploads\/2022\/09\/C9253A6A-829C-4E04-ABDE-B16AABFB388B.jpeg","jetpack_sharing_enabled":true,"_links":{"self":[{"href":"https:\/\/www.public.sn\/index.php\/wp-json\/wp\/v2\/posts\/1558","targetHints":{"allow":["GET"]}}],"collection":[{"href":"https:\/\/www.public.sn\/index.php\/wp-json\/wp\/v2\/posts"}],"about":[{"href":"https:\/\/www.public.sn\/index.php\/wp-json\/wp\/v2\/types\/post"}],"author":[{"embeddable":true,"href":"https:\/\/www.public.sn\/index.php\/wp-json\/wp\/v2\/users\/1"}],"replies":[{"embeddable":true,"href":"https:\/\/www.public.sn\/index.php\/wp-json\/wp\/v2\/comments?post=1558"}],"version-history":[{"count":1,"href":"https:\/\/www.public.sn\/index.php\/wp-json\/wp\/v2\/posts\/1558\/revisions"}],"predecessor-version":[{"id":1560,"href":"https:\/\/www.public.sn\/index.php\/wp-json\/wp\/v2\/posts\/1558\/revisions\/1560"}],"wp:featuredmedia":[{"embeddable":true,"href":"https:\/\/www.public.sn\/index.php\/wp-json\/wp\/v2\/media\/1559"}],"wp:attachment":[{"href":"https:\/\/www.public.sn\/index.php\/wp-json\/wp\/v2\/media?parent=1558"}],"wp:term":[{"taxonomy":"category","embeddable":true,"href":"https:\/\/www.public.sn\/index.php\/wp-json\/wp\/v2\/categories?post=1558"},{"taxonomy":"post_tag","embeddable":true,"href":"https:\/\/www.public.sn\/index.php\/wp-json\/wp\/v2\/tags?post=1558"}],"curies":[{"name":"wp","href":"https:\/\/api.w.org\/{rel}","templated":true}]}}