{"id":1564,"date":"2022-09-09T10:43:57","date_gmt":"2022-09-09T08:43:57","guid":{"rendered":"https:\/\/www.public.sn\/?p=1564"},"modified":"2022-09-09T10:44:24","modified_gmt":"2022-09-09T08:44:24","slug":"meteo-des-pluies-et-orages-attendus-dans-journee","status":"publish","type":"post","link":"https:\/\/www.public.sn\/index.php\/2022\/09\/09\/meteo-des-pluies-et-orages-attendus-dans-journee\/","title":{"rendered":"M\u00e9t\u00e9o: Des pluies et orages attendus dans la journ\u00e9e."},"content":{"rendered":"\n<p>L\u2019Agence nationale de l\u2019aviation civile et de la m\u00e9t\u00e9orologie (ANACIM) annoncent que des activit\u00e9s plubio-orageuses sont attendues sur plusieurs parties du pays au courant de la journ\u00e9e de ce vendredi.<\/p><div class=\"publi-paragraphe1\" style=\"margin-top: 10px;margin-bottom: 10px;margin-left: auto;margin-right: auto;text-align: center;\" id=\"publi-4283638542\"><div class=\"publi-adlabel\">Publicit\u00e9<\/div><script async src=\"\/\/pagead2.googlesyndication.com\/pagead\/js\/adsbygoogle.js?client=ca-pub-4089586018074219\" crossorigin=\"anonymous\"><\/script><ins class=\"adsbygoogle\" style=\"display:block;\" data-ad-client=\"ca-pub-4089586018074219\" \ndata-ad-slot=\"2087940154\" \ndata-ad-format=\"auto\"><\/ins>\n<script> \n(adsbygoogle = window.adsbygoogle || []).push({}); \n<\/script>\n<\/div>\n\n\n\n<p>\u201c<em>Au courant de la journ\u00e9e, des orages et pluies sont attendus sur les r\u00e9gions Est, Matam y compris, la Casamance. Toute la fa\u00e7ade Ouest du pays, y compris Dakar et Saint-Louis; Diourbel\u201d,<\/em> annonce l\u2019Anacim dans son bulletin.<\/p>\n\n\n\n<figure class=\"wp-block-image size-large\"><img fetchpriority=\"high\" decoding=\"async\" width=\"1024\" height=\"579\" src=\"https:\/\/www.public.sn\/wp-content\/uploads\/2022\/09\/8B11283B-9E8E-401E-9313-740D00C28968-1024x579.jpeg\" alt=\"\" class=\"wp-image-1566\" srcset=\"https:\/\/www.public.sn\/wp-content\/uploads\/2022\/09\/8B11283B-9E8E-401E-9313-740D00C28968-1024x579.jpeg 1024w, https:\/\/www.public.sn\/wp-content\/uploads\/2022\/09\/8B11283B-9E8E-401E-9313-740D00C28968-600x339.jpeg 600w, https:\/\/www.public.sn\/wp-content\/uploads\/2022\/09\/8B11283B-9E8E-401E-9313-740D00C28968-300x170.jpeg 300w, https:\/\/www.public.sn\/wp-content\/uploads\/2022\/09\/8B11283B-9E8E-401E-9313-740D00C28968-768x434.jpeg 768w, https:\/\/www.public.sn\/wp-content\/uploads\/2022\/09\/8B11283B-9E8E-401E-9313-740D00C28968.jpeg 1392w\" sizes=\"(max-width: 1024px) 100vw, 1024px\" \/><\/figure>\n<div class=\"publi-apres-le-contenu\" style=\"margin-top: 10px;margin-bottom: 10px;margin-left: auto;margin-right: auto;text-align: center;\" id=\"publi-675040626\"><div class=\"publi-adlabel\">Publicit\u00e9<\/div><script async src=\"\/\/pagead2.googlesyndication.com\/pagead\/js\/adsbygoogle.js?client=ca-pub-4089586018074219\" crossorigin=\"anonymous\"><\/script><ins class=\"adsbygoogle\" style=\"display:block;\" data-ad-client=\"ca-pub-4089586018074219\" \ndata-ad-slot=\"2087940154\" \ndata-ad-format=\"auto\"><\/ins>\n<script> \n(adsbygoogle = window.adsbygoogle || []).push({}); \n<\/script>\n<\/div>","protected":false},"excerpt":{"rendered":"<p>L\u2019Agence nationale de l\u2019aviation civile et de la m\u00e9t\u00e9orologie (ANACIM) annoncent que des activit\u00e9s plubio-orageuses sont attendues sur plusieurs parties du pays au courant de la journ\u00e9e de ce vendredi. \u201cAu courant de la journ\u00e9e, des orages et pluies sont attendus sur les r\u00e9gions Est, Matam y compris, la Casamance. Toute la fa\u00e7ade Ouest du pays, y compris Dakar et Saint-Louis; Diourbel\u201d, annonce l\u2019Anacim dans son bulletin.<\/p>\n","protected":false},"author":1,"featured_media":1565,"comment_status":"open","ping_status":"open","sticky":false,"template":"","format":"standard","meta":{"_jetpack_memberships_contains_paid_content":false,"footnotes":""},"categories":[375,4],"tags":[74,559,665,664,151,76],"class_list":["post-1564","post","type-post","status-publish","format-standard","has-post-thumbnail","hentry","category-actualites","category-societe","tag-anacim","tag-casamance","tag-est","tag-meteo-2","tag-orages","tag-pluies","entry","has-media","owp-thumbs-layout-horizontal","owp-btn-normal","owp-tabs-layout-horizontal","has-no-thumbnails","has-product-nav"],"yoast_head":"<!-- This site is optimized with the Yoast SEO plugin v25.5 - https:\/\/yoast.com\/wordpress\/plugins\/seo\/ -->\n<title>M\u00e9t\u00e9o: Des pluies et orages attendus dans la journ\u00e9e. - LE PUBLIC<\/title>\n<meta name=\"robots\" content=\"index, follow, max-snippet:-1, max-image-preview:large, max-video-preview:-1\" \/>\n<link rel=\"canonical\" href=\"https:\/\/www.public.sn\/index.php\/2022\/09\/09\/meteo-des-pluies-et-orages-attendus-dans-journee\/\" \/>\n<meta property=\"og:locale\" content=\"fr_FR\" \/>\n<meta property=\"og:type\" content=\"article\" \/>\n<meta property=\"og:title\" content=\"M\u00e9t\u00e9o: Des pluies et orages attendus dans la journ\u00e9e. - LE PUBLIC\" \/>\n<meta property=\"og:description\" content=\"L\u2019Agence nationale de l\u2019aviation civile et de la m\u00e9t\u00e9orologie (ANACIM) annoncent que des activit\u00e9s plubio-orageuses sont attendues sur plusieurs parties du pays au courant de la journ\u00e9e de ce vendredi. \u201cAu courant de la journ\u00e9e, des orages et pluies sont attendus sur les r\u00e9gions Est, Matam y compris, la Casamance. Toute la fa\u00e7ade Ouest du pays, y compris Dakar et Saint-Louis; Diourbel\u201d, annonce l\u2019Anacim dans son bulletin.\" \/>\n<meta property=\"og:url\" content=\"https:\/\/www.public.sn\/index.php\/2022\/09\/09\/meteo-des-pluies-et-orages-attendus-dans-journee\/\" \/>\n<meta property=\"og:site_name\" content=\"LE PUBLIC\" \/>\n<meta property=\"article:published_time\" content=\"2022-09-09T08:43:57+00:00\" \/>\n<meta property=\"article:modified_time\" content=\"2022-09-09T08:44:24+00:00\" \/>\n<meta property=\"og:image\" content=\"https:\/\/www.public.sn\/wp-content\/uploads\/2022\/09\/49E2FA55-C1FF-4467-86E2-2DBA0161C53D.jpeg\" \/>\n\t<meta property=\"og:image:width\" content=\"350\" \/>\n\t<meta property=\"og:image:height\" content=\"200\" \/>\n\t<meta property=\"og:image:type\" content=\"image\/jpeg\" \/>\n<meta name=\"author\" content=\"LA REDACTION\" \/>\n<meta name=\"twitter:card\" content=\"summary_large_image\" \/>\n<meta name=\"twitter:label1\" content=\"\u00c9crit par\" \/>\n\t<meta name=\"twitter:data1\" content=\"LA REDACTION\" \/>\n\t<meta name=\"twitter:label2\" content=\"Dur\u00e9e de lecture estim\u00e9e\" \/>\n\t<meta name=\"twitter:data2\" content=\"1 minute\" \/>\n<script type=\"application\/ld+json\" class=\"yoast-schema-graph\">{\"@context\":\"https:\/\/schema.org\",\"@graph\":[{\"@type\":\"Article\",\"@id\":\"https:\/\/www.public.sn\/index.php\/2022\/09\/09\/meteo-des-pluies-et-orages-attendus-dans-journee\/#article\",\"isPartOf\":{\"@id\":\"https:\/\/www.public.sn\/index.php\/2022\/09\/09\/meteo-des-pluies-et-orages-attendus-dans-journee\/\"},\"author\":{\"name\":\"LA REDACTION\",\"@id\":\"https:\/\/www.public.sn\/#\/schema\/person\/e3f4a11b037d4203902db148f9bc8d5a\"},\"headline\":\"M\u00e9t\u00e9o: Des pluies et orages attendus dans la journ\u00e9e.\",\"datePublished\":\"2022-09-09T08:43:57+00:00\",\"dateModified\":\"2022-09-09T08:44:24+00:00\",\"mainEntityOfPage\":{\"@id\":\"https:\/\/www.public.sn\/index.php\/2022\/09\/09\/meteo-des-pluies-et-orages-attendus-dans-journee\/\"},\"wordCount\":89,\"commentCount\":0,\"publisher\":{\"@id\":\"https:\/\/www.public.sn\/#organization\"},\"image\":{\"@id\":\"https:\/\/www.public.sn\/index.php\/2022\/09\/09\/meteo-des-pluies-et-orages-attendus-dans-journee\/#primaryimage\"},\"thumbnailUrl\":\"https:\/\/www.public.sn\/wp-content\/uploads\/2022\/09\/49E2FA55-C1FF-4467-86E2-2DBA0161C53D.jpeg\",\"keywords\":[\"Anacim\",\"Casamance\",\"Est\",\"Meteo\",\"Orages\",\"Pluies\"],\"articleSection\":[\"ACTUALIT\u00c9S\",\"SOCIETE\"],\"inLanguage\":\"fr-FR\",\"potentialAction\":[{\"@type\":\"CommentAction\",\"name\":\"Comment\",\"target\":[\"https:\/\/www.public.sn\/index.php\/2022\/09\/09\/meteo-des-pluies-et-orages-attendus-dans-journee\/#respond\"]}]},{\"@type\":\"WebPage\",\"@id\":\"https:\/\/www.public.sn\/index.php\/2022\/09\/09\/meteo-des-pluies-et-orages-attendus-dans-journee\/\",\"url\":\"https:\/\/www.public.sn\/index.php\/2022\/09\/09\/meteo-des-pluies-et-orages-attendus-dans-journee\/\",\"name\":\"M\u00e9t\u00e9o: Des pluies et orages attendus dans la journ\u00e9e. - LE PUBLIC\",\"isPartOf\":{\"@id\":\"https:\/\/www.public.sn\/#website\"},\"primaryImageOfPage\":{\"@id\":\"https:\/\/www.public.sn\/index.php\/2022\/09\/09\/meteo-des-pluies-et-orages-attendus-dans-journee\/#primaryimage\"},\"image\":{\"@id\":\"https:\/\/www.public.sn\/index.php\/2022\/09\/09\/meteo-des-pluies-et-orages-attendus-dans-journee\/#primaryimage\"},\"thumbnailUrl\":\"https:\/\/www.public.sn\/wp-content\/uploads\/2022\/09\/49E2FA55-C1FF-4467-86E2-2DBA0161C53D.jpeg\",\"datePublished\":\"2022-09-09T08:43:57+00:00\",\"dateModified\":\"2022-09-09T08:44:24+00:00\",\"breadcrumb\":{\"@id\":\"https:\/\/www.public.sn\/index.php\/2022\/09\/09\/meteo-des-pluies-et-orages-attendus-dans-journee\/#breadcrumb\"},\"inLanguage\":\"fr-FR\",\"potentialAction\":[{\"@type\":\"ReadAction\",\"target\":[\"https:\/\/www.public.sn\/index.php\/2022\/09\/09\/meteo-des-pluies-et-orages-attendus-dans-journee\/\"]}]},{\"@type\":\"ImageObject\",\"inLanguage\":\"fr-FR\",\"@id\":\"https:\/\/www.public.sn\/index.php\/2022\/09\/09\/meteo-des-pluies-et-orages-attendus-dans-journee\/#primaryimage\",\"url\":\"https:\/\/www.public.sn\/wp-content\/uploads\/2022\/09\/49E2FA55-C1FF-4467-86E2-2DBA0161C53D.jpeg\",\"contentUrl\":\"https:\/\/www.public.sn\/wp-content\/uploads\/2022\/09\/49E2FA55-C1FF-4467-86E2-2DBA0161C53D.jpeg\",\"width\":350,\"height\":200},{\"@type\":\"BreadcrumbList\",\"@id\":\"https:\/\/www.public.sn\/index.php\/2022\/09\/09\/meteo-des-pluies-et-orages-attendus-dans-journee\/#breadcrumb\",\"itemListElement\":[{\"@type\":\"ListItem\",\"position\":1,\"name\":\"Accueil\",\"item\":\"https:\/\/www.public.sn\/\"},{\"@type\":\"ListItem\",\"position\":2,\"name\":\"M\u00e9t\u00e9o: Des pluies et orages attendus dans la journ\u00e9e.\"}]},{\"@type\":\"WebSite\",\"@id\":\"https:\/\/www.public.sn\/#website\",\"url\":\"https:\/\/www.public.sn\/\",\"name\":\"LE PUBLIC\",\"description\":\"\",\"publisher\":{\"@id\":\"https:\/\/www.public.sn\/#organization\"},\"potentialAction\":[{\"@type\":\"SearchAction\",\"target\":{\"@type\":\"EntryPoint\",\"urlTemplate\":\"https:\/\/www.public.sn\/?s={search_term_string}\"},\"query-input\":{\"@type\":\"PropertyValueSpecification\",\"valueRequired\":true,\"valueName\":\"search_term_string\"}}],\"inLanguage\":\"fr-FR\"},{\"@type\":\"Organization\",\"@id\":\"https:\/\/www.public.sn\/#organization\",\"name\":\"LE PUBLIC\",\"url\":\"https:\/\/www.public.sn\/\",\"logo\":{\"@type\":\"ImageObject\",\"inLanguage\":\"fr-FR\",\"@id\":\"https:\/\/www.public.sn\/#\/schema\/logo\/image\/\",\"url\":\"https:\/\/www.public.sn\/wp-content\/uploads\/2024\/05\/cropped-LOGO-PUBLIC.SN_.png\",\"contentUrl\":\"https:\/\/www.public.sn\/wp-content\/uploads\/2024\/05\/cropped-LOGO-PUBLIC.SN_.png\",\"width\":682,\"height\":192,\"caption\":\"LE PUBLIC\"},\"image\":{\"@id\":\"https:\/\/www.public.sn\/#\/schema\/logo\/image\/\"}},{\"@type\":\"Person\",\"@id\":\"https:\/\/www.public.sn\/#\/schema\/person\/e3f4a11b037d4203902db148f9bc8d5a\",\"name\":\"LA REDACTION\",\"image\":{\"@type\":\"ImageObject\",\"inLanguage\":\"fr-FR\",\"@id\":\"https:\/\/www.public.sn\/#\/schema\/person\/image\/\",\"url\":\"https:\/\/secure.gravatar.com\/avatar\/d6c030db45db2883c075085c5d6c6258654a801a93766b49af0b82d4f454e2a5?s=96&d=mm&r=g\",\"contentUrl\":\"https:\/\/secure.gravatar.com\/avatar\/d6c030db45db2883c075085c5d6c6258654a801a93766b49af0b82d4f454e2a5?s=96&d=mm&r=g\",\"caption\":\"LA REDACTION\"},\"sameAs\":[\"http:\/\/www.public.sn\"],\"url\":\"https:\/\/www.public.sn\/index.php\/author\/admin7324\/\"}]}<\/script>\n<!-- \/ Yoast SEO plugin. -->","yoast_head_json":{"title":"M\u00e9t\u00e9o: Des pluies et orages attendus dans la journ\u00e9e. - LE PUBLIC","robots":{"index":"index","follow":"follow","max-snippet":"max-snippet:-1","max-image-preview":"max-image-preview:large","max-video-preview":"max-video-preview:-1"},"canonical":"https:\/\/www.public.sn\/index.php\/2022\/09\/09\/meteo-des-pluies-et-orages-attendus-dans-journee\/","og_locale":"fr_FR","og_type":"article","og_title":"M\u00e9t\u00e9o: Des pluies et orages attendus dans la journ\u00e9e. - LE PUBLIC","og_description":"L\u2019Agence nationale de l\u2019aviation civile et de la m\u00e9t\u00e9orologie (ANACIM) annoncent que des activit\u00e9s plubio-orageuses sont attendues sur plusieurs parties du pays au courant de la journ\u00e9e de ce vendredi. \u201cAu courant de la journ\u00e9e, des orages et pluies sont attendus sur les r\u00e9gions Est, Matam y compris, la Casamance. Toute la fa\u00e7ade Ouest du pays, y compris Dakar et Saint-Louis; Diourbel\u201d, annonce l\u2019Anacim dans son bulletin.","og_url":"https:\/\/www.public.sn\/index.php\/2022\/09\/09\/meteo-des-pluies-et-orages-attendus-dans-journee\/","og_site_name":"LE PUBLIC","article_published_time":"2022-09-09T08:43:57+00:00","article_modified_time":"2022-09-09T08:44:24+00:00","og_image":[{"width":350,"height":200,"url":"https:\/\/www.public.sn\/wp-content\/uploads\/2022\/09\/49E2FA55-C1FF-4467-86E2-2DBA0161C53D.jpeg","type":"image\/jpeg"}],"author":"LA REDACTION","twitter_card":"summary_large_image","twitter_misc":{"\u00c9crit par":"LA REDACTION","Dur\u00e9e de lecture estim\u00e9e":"1 minute"},"schema":{"@context":"https:\/\/schema.org","@graph":[{"@type":"Article","@id":"https:\/\/www.public.sn\/index.php\/2022\/09\/09\/meteo-des-pluies-et-orages-attendus-dans-journee\/#article","isPartOf":{"@id":"https:\/\/www.public.sn\/index.php\/2022\/09\/09\/meteo-des-pluies-et-orages-attendus-dans-journee\/"},"author":{"name":"LA REDACTION","@id":"https:\/\/www.public.sn\/#\/schema\/person\/e3f4a11b037d4203902db148f9bc8d5a"},"headline":"M\u00e9t\u00e9o: Des pluies et orages attendus dans la journ\u00e9e.","datePublished":"2022-09-09T08:43:57+00:00","dateModified":"2022-09-09T08:44:24+00:00","mainEntityOfPage":{"@id":"https:\/\/www.public.sn\/index.php\/2022\/09\/09\/meteo-des-pluies-et-orages-attendus-dans-journee\/"},"wordCount":89,"commentCount":0,"publisher":{"@id":"https:\/\/www.public.sn\/#organization"},"image":{"@id":"https:\/\/www.public.sn\/index.php\/2022\/09\/09\/meteo-des-pluies-et-orages-attendus-dans-journee\/#primaryimage"},"thumbnailUrl":"https:\/\/www.public.sn\/wp-content\/uploads\/2022\/09\/49E2FA55-C1FF-4467-86E2-2DBA0161C53D.jpeg","keywords":["Anacim","Casamance","Est","Meteo","Orages","Pluies"],"articleSection":["ACTUALIT\u00c9S","SOCIETE"],"inLanguage":"fr-FR","potentialAction":[{"@type":"CommentAction","name":"Comment","target":["https:\/\/www.public.sn\/index.php\/2022\/09\/09\/meteo-des-pluies-et-orages-attendus-dans-journee\/#respond"]}]},{"@type":"WebPage","@id":"https:\/\/www.public.sn\/index.php\/2022\/09\/09\/meteo-des-pluies-et-orages-attendus-dans-journee\/","url":"https:\/\/www.public.sn\/index.php\/2022\/09\/09\/meteo-des-pluies-et-orages-attendus-dans-journee\/","name":"M\u00e9t\u00e9o: Des pluies et orages attendus dans la journ\u00e9e. - LE PUBLIC","isPartOf":{"@id":"https:\/\/www.public.sn\/#website"},"primaryImageOfPage":{"@id":"https:\/\/www.public.sn\/index.php\/2022\/09\/09\/meteo-des-pluies-et-orages-attendus-dans-journee\/#primaryimage"},"image":{"@id":"https:\/\/www.public.sn\/index.php\/2022\/09\/09\/meteo-des-pluies-et-orages-attendus-dans-journee\/#primaryimage"},"thumbnailUrl":"https:\/\/www.public.sn\/wp-content\/uploads\/2022\/09\/49E2FA55-C1FF-4467-86E2-2DBA0161C53D.jpeg","datePublished":"2022-09-09T08:43:57+00:00","dateModified":"2022-09-09T08:44:24+00:00","breadcrumb":{"@id":"https:\/\/www.public.sn\/index.php\/2022\/09\/09\/meteo-des-pluies-et-orages-attendus-dans-journee\/#breadcrumb"},"inLanguage":"fr-FR","potentialAction":[{"@type":"ReadAction","target":["https:\/\/www.public.sn\/index.php\/2022\/09\/09\/meteo-des-pluies-et-orages-attendus-dans-journee\/"]}]},{"@type":"ImageObject","inLanguage":"fr-FR","@id":"https:\/\/www.public.sn\/index.php\/2022\/09\/09\/meteo-des-pluies-et-orages-attendus-dans-journee\/#primaryimage","url":"https:\/\/www.public.sn\/wp-content\/uploads\/2022\/09\/49E2FA55-C1FF-4467-86E2-2DBA0161C53D.jpeg","contentUrl":"https:\/\/www.public.sn\/wp-content\/uploads\/2022\/09\/49E2FA55-C1FF-4467-86E2-2DBA0161C53D.jpeg","width":350,"height":200},{"@type":"BreadcrumbList","@id":"https:\/\/www.public.sn\/index.php\/2022\/09\/09\/meteo-des-pluies-et-orages-attendus-dans-journee\/#breadcrumb","itemListElement":[{"@type":"ListItem","position":1,"name":"Accueil","item":"https:\/\/www.public.sn\/"},{"@type":"ListItem","position":2,"name":"M\u00e9t\u00e9o: Des pluies et orages attendus dans la journ\u00e9e."}]},{"@type":"WebSite","@id":"https:\/\/www.public.sn\/#website","url":"https:\/\/www.public.sn\/","name":"LE PUBLIC","description":"","publisher":{"@id":"https:\/\/www.public.sn\/#organization"},"potentialAction":[{"@type":"SearchAction","target":{"@type":"EntryPoint","urlTemplate":"https:\/\/www.public.sn\/?s={search_term_string}"},"query-input":{"@type":"PropertyValueSpecification","valueRequired":true,"valueName":"search_term_string"}}],"inLanguage":"fr-FR"},{"@type":"Organization","@id":"https:\/\/www.public.sn\/#organization","name":"LE PUBLIC","url":"https:\/\/www.public.sn\/","logo":{"@type":"ImageObject","inLanguage":"fr-FR","@id":"https:\/\/www.public.sn\/#\/schema\/logo\/image\/","url":"https:\/\/www.public.sn\/wp-content\/uploads\/2024\/05\/cropped-LOGO-PUBLIC.SN_.png","contentUrl":"https:\/\/www.public.sn\/wp-content\/uploads\/2024\/05\/cropped-LOGO-PUBLIC.SN_.png","width":682,"height":192,"caption":"LE PUBLIC"},"image":{"@id":"https:\/\/www.public.sn\/#\/schema\/logo\/image\/"}},{"@type":"Person","@id":"https:\/\/www.public.sn\/#\/schema\/person\/e3f4a11b037d4203902db148f9bc8d5a","name":"LA REDACTION","image":{"@type":"ImageObject","inLanguage":"fr-FR","@id":"https:\/\/www.public.sn\/#\/schema\/person\/image\/","url":"https:\/\/secure.gravatar.com\/avatar\/d6c030db45db2883c075085c5d6c6258654a801a93766b49af0b82d4f454e2a5?s=96&d=mm&r=g","contentUrl":"https:\/\/secure.gravatar.com\/avatar\/d6c030db45db2883c075085c5d6c6258654a801a93766b49af0b82d4f454e2a5?s=96&d=mm&r=g","caption":"LA REDACTION"},"sameAs":["http:\/\/www.public.sn"],"url":"https:\/\/www.public.sn\/index.php\/author\/admin7324\/"}]}},"jetpack_featured_media_url":"https:\/\/www.public.sn\/wp-content\/uploads\/2022\/09\/49E2FA55-C1FF-4467-86E2-2DBA0161C53D.jpeg","jetpack_sharing_enabled":true,"_links":{"self":[{"href":"https:\/\/www.public.sn\/index.php\/wp-json\/wp\/v2\/posts\/1564","targetHints":{"allow":["GET"]}}],"collection":[{"href":"https:\/\/www.public.sn\/index.php\/wp-json\/wp\/v2\/posts"}],"about":[{"href":"https:\/\/www.public.sn\/index.php\/wp-json\/wp\/v2\/types\/post"}],"author":[{"embeddable":true,"href":"https:\/\/www.public.sn\/index.php\/wp-json\/wp\/v2\/users\/1"}],"replies":[{"embeddable":true,"href":"https:\/\/www.public.sn\/index.php\/wp-json\/wp\/v2\/comments?post=1564"}],"version-history":[{"count":2,"href":"https:\/\/www.public.sn\/index.php\/wp-json\/wp\/v2\/posts\/1564\/revisions"}],"predecessor-version":[{"id":1568,"href":"https:\/\/www.public.sn\/index.php\/wp-json\/wp\/v2\/posts\/1564\/revisions\/1568"}],"wp:featuredmedia":[{"embeddable":true,"href":"https:\/\/www.public.sn\/index.php\/wp-json\/wp\/v2\/media\/1565"}],"wp:attachment":[{"href":"https:\/\/www.public.sn\/index.php\/wp-json\/wp\/v2\/media?parent=1564"}],"wp:term":[{"taxonomy":"category","embeddable":true,"href":"https:\/\/www.public.sn\/index.php\/wp-json\/wp\/v2\/categories?post=1564"},{"taxonomy":"post_tag","embeddable":true,"href":"https:\/\/www.public.sn\/index.php\/wp-json\/wp\/v2\/tags?post=1564"}],"curies":[{"name":"wp","href":"https:\/\/api.w.org\/{rel}","templated":true}]}}