{"id":15651,"date":"2023-02-13T23:37:15","date_gmt":"2023-02-13T23:37:15","guid":{"rendered":"https:\/\/www.public.sn\/?p=15651"},"modified":"2023-02-13T23:37:15","modified_gmt":"2023-02-13T23:37:15","slug":"manifestation-de-mbacke-plus-dune-soixantaine-de-personnes-deferees-a-diourbel-ce-matin","status":"publish","type":"post","link":"https:\/\/www.public.sn\/index.php\/2023\/02\/13\/manifestation-de-mbacke-plus-dune-soixantaine-de-personnes-deferees-a-diourbel-ce-matin\/","title":{"rendered":"Manifestation de Mback\u00e9 : Plus d\u2019une soixantaine de personnes d\u00e9f\u00e9r\u00e9es \u00e0 Diourbel ce matin"},"content":{"rendered":"<div class=\"post-header post-tp-11-header bs-lazy wfi b-loaded\" title=\"Manif \u00e0 Mback\u00e9 : Plus d\u2019une soixantaine de personnes d\u00e9f\u00e9r\u00e9es \u00e0 Diourbel ce matin\" data-bs-srcset=\"{&quot;baseurl&quot;:&quot;https:\\\/\\\/www.xibaaru.sn\\\/wp-content\\\/uploads\\\/2020\\\/04\\\/&quot;,&quot;sizes&quot;:{&quot;210&quot;:&quot;tribunal-de-diourbel-210x136.jpg&quot;,&quot;279&quot;:&quot;tribunal-de-diourbel-279x220.jpg&quot;,&quot;357&quot;:&quot;tribunal-de-diourbel-357x210.jpg&quot;,&quot;664&quot;:&quot;tribunal-de-diourbel.jpg&quot;}}\">\n<div class=\"post-header-inner\">\n<div class=\"post-header-title\">\n<h1 class=\"single-post-title\"><span style=\"color: #333333; font-size: 15px;\">Ce lundi matin, le tribunal d\u2019instance de Mback\u00e9 a \u00e9t\u00e9 pris d\u2019assaut par les parents, amis et sympathisants des personnes arr\u00eat\u00e9es le vendredi dernier lors des manifestations de Mback\u00e9. 27 personnes ont \u00e9t\u00e9 arr\u00eat\u00e9es par les limiers de Touba, 23 par leurs coll\u00e8gues de Mback\u00e9 et 11 par la gendarmerie.<\/span><\/h1>\n<\/div>\n<\/div>\n<\/div>\n<div class=\"entry-content clearfix single-post-content\">\n<p>Seules 3 d\u2019entre elles ont \u00e9t\u00e9 lib\u00e9r\u00e9es et le reste apr\u00e8s un bref passage devant le procureur de Mback\u00e9, devra r\u00e9pondre de leurs actes au tribunal de Diourbel.<\/p><div class=\"publi-paragraphe1\" style=\"margin-top: 10px;margin-bottom: 10px;margin-left: auto;margin-right: auto;text-align: center;\" id=\"publi-1209183178\"><div class=\"publi-adlabel\">Publicit\u00e9<\/div><script async src=\"\/\/pagead2.googlesyndication.com\/pagead\/js\/adsbygoogle.js?client=ca-pub-4089586018074219\" crossorigin=\"anonymous\"><\/script><ins class=\"adsbygoogle\" style=\"display:block;\" data-ad-client=\"ca-pub-4089586018074219\" \ndata-ad-slot=\"2087940154\" \ndata-ad-format=\"auto\"><\/ins>\n<script> \n(adsbygoogle = window.adsbygoogle || []).push({}); \n<\/script>\n<\/div>\n<p>Parmis ces personnes figurent le marabout Serigne Assane Mback\u00e9, pr\u00e9sident du mouvement Appel et tr\u00e8s proche de Ousmane Sonko.<\/p>\n<div class=\"nty nty-post-middle nty-float-center nty-align-center nty-column-1 nty-clearfix no-bg-box-model\">\n<div id=\"nty-3576-1662829390\" class=\"nty-container nty-type-code \" data-adid=\"3576\" data-type=\"code\">\n<div id=\"nty-3576-1662829390-place\"><\/div>\n<\/div>\n<\/div>\n<p>Un impressionnant dispositif s\u00e9curitaire \u00e9tait pr\u00e9sent dans les alentours du tribunal de Mback\u00e9.<\/p>\n<p>En attendant la d\u00e9cision des juges de Diourbel, ce beau monde devra attendre le jugement soit en flagrant d\u00e9lit ou un mandat de d\u00e9p\u00f4t.<\/p>\n<p>En tout \u00e9tat de cause, leur sort est entre les mains des magistrats mais force est de noter que les saccages avec d\u2019importants d\u00e9g\u00e2ts ne milite pas en leur faveur abonde Xibaaru<\/p>\n<\/div>\n<div class=\"publi-apres-le-contenu\" style=\"margin-top: 10px;margin-bottom: 10px;margin-left: auto;margin-right: auto;text-align: center;\" id=\"publi-3577552712\"><div class=\"publi-adlabel\">Publicit\u00e9<\/div><script async src=\"\/\/pagead2.googlesyndication.com\/pagead\/js\/adsbygoogle.js?client=ca-pub-4089586018074219\" crossorigin=\"anonymous\"><\/script><ins class=\"adsbygoogle\" style=\"display:block;\" data-ad-client=\"ca-pub-4089586018074219\" \ndata-ad-slot=\"2087940154\" \ndata-ad-format=\"auto\"><\/ins>\n<script> \n(adsbygoogle = window.adsbygoogle || []).push({}); \n<\/script>\n<\/div>","protected":false},"excerpt":{"rendered":"<p>Ce lundi matin, le tribunal d\u2019instance de Mback\u00e9 a \u00e9t\u00e9 pris d\u2019assaut par les parents, amis et sympathisants des personnes arr\u00eat\u00e9es le vendredi dernier lors des manifestations de Mback\u00e9. 27 personnes ont \u00e9t\u00e9 arr\u00eat\u00e9es par les limiers de Touba, 23 par leurs coll\u00e8gues de Mback\u00e9 et 11 par la gendarmerie. Seules 3 d\u2019entre elles ont \u00e9t\u00e9 lib\u00e9r\u00e9es et le reste apr\u00e8s un bref passage devant le procureur de Mback\u00e9, devra r\u00e9pondre de leurs actes au tribunal de Diourbel. Parmis ces personnes figurent le marabout Serigne Assane Mback\u00e9, pr\u00e9sident du mouvement Appel et tr\u00e8s proche de Ousmane Sonko. Un impressionnant dispositif s\u00e9curitaire \u00e9tait pr\u00e9sent dans les alentours du tribunal de Mback\u00e9. En attendant la d\u00e9cision des juges de Diourbel, ce beau monde devra attendre le jugement soit en flagrant d\u00e9lit ou un mandat de d\u00e9p\u00f4t. En tout \u00e9tat de cause, leur sort est entre les mains des magistrats mais force est de noter que les saccages avec d\u2019importants d\u00e9g\u00e2ts ne milite pas en leur faveur abonde Xibaaru<\/p>\n","protected":false},"author":7,"featured_media":15622,"comment_status":"open","ping_status":"open","sticky":false,"template":"","format":"standard","meta":{"_jetpack_memberships_contains_paid_content":false,"footnotes":""},"categories":[375,3724,4353,3,376,1,4],"tags":[1473,4383,4352,1529],"class_list":["post-15651","post","type-post","status-publish","format-standard","has-post-thumbnail","hentry","category-actualites","category-justice","category-manifestations","category-politique","category-securite-justice","category-non-classe","category-societe","tag-arrestation","tag-deferes","tag-manifestations","tag-mbacke","entry","has-media","owp-thumbs-layout-horizontal","owp-btn-normal","owp-tabs-layout-horizontal","has-no-thumbnails","has-product-nav"],"yoast_head":"<!-- This site is optimized with the Yoast SEO plugin v25.5 - https:\/\/yoast.com\/wordpress\/plugins\/seo\/ -->\n<title>Manifestation de Mback\u00e9 : Plus d\u2019une soixantaine de personnes d\u00e9f\u00e9r\u00e9es \u00e0 Diourbel ce matin - LE PUBLIC<\/title>\n<meta name=\"robots\" content=\"index, follow, max-snippet:-1, max-image-preview:large, max-video-preview:-1\" \/>\n<link rel=\"canonical\" href=\"https:\/\/www.public.sn\/index.php\/2023\/02\/13\/manifestation-de-mbacke-plus-dune-soixantaine-de-personnes-deferees-a-diourbel-ce-matin\/\" \/>\n<meta property=\"og:locale\" content=\"fr_FR\" \/>\n<meta property=\"og:type\" content=\"article\" \/>\n<meta property=\"og:title\" content=\"Manifestation de Mback\u00e9 : Plus d\u2019une soixantaine de personnes d\u00e9f\u00e9r\u00e9es \u00e0 Diourbel ce matin - LE PUBLIC\" \/>\n<meta property=\"og:description\" content=\"Ce lundi matin, le tribunal d\u2019instance de Mback\u00e9 a \u00e9t\u00e9 pris d\u2019assaut par les parents, amis et sympathisants des personnes arr\u00eat\u00e9es le vendredi dernier lors des manifestations de Mback\u00e9. 27 personnes ont \u00e9t\u00e9 arr\u00eat\u00e9es par les limiers de Touba, 23 par leurs coll\u00e8gues de Mback\u00e9 et 11 par la gendarmerie. Seules 3 d\u2019entre elles ont \u00e9t\u00e9 lib\u00e9r\u00e9es et le reste apr\u00e8s un bref passage devant le procureur de Mback\u00e9, devra r\u00e9pondre de leurs actes au tribunal de Diourbel. Parmis ces personnes figurent le marabout Serigne Assane Mback\u00e9, pr\u00e9sident du mouvement Appel et tr\u00e8s proche de Ousmane Sonko. Un impressionnant dispositif s\u00e9curitaire \u00e9tait pr\u00e9sent dans les alentours du tribunal de Mback\u00e9. En attendant la d\u00e9cision des juges de Diourbel, ce beau monde devra attendre le jugement soit en flagrant d\u00e9lit ou un mandat de d\u00e9p\u00f4t. En tout \u00e9tat de cause, leur sort est entre les mains des magistrats mais force est de noter que les saccages avec d\u2019importants d\u00e9g\u00e2ts ne milite pas en leur faveur abonde Xibaaru\" \/>\n<meta property=\"og:url\" content=\"https:\/\/www.public.sn\/index.php\/2023\/02\/13\/manifestation-de-mbacke-plus-dune-soixantaine-de-personnes-deferees-a-diourbel-ce-matin\/\" \/>\n<meta property=\"og:site_name\" content=\"LE PUBLIC\" \/>\n<meta property=\"article:published_time\" content=\"2023-02-13T23:37:15+00:00\" \/>\n<meta property=\"og:image\" content=\"https:\/\/www.public.sn\/wp-content\/uploads\/2023\/02\/diourbel-la-deuxieme-session-.jpg\" \/>\n\t<meta property=\"og:image:width\" content=\"500\" \/>\n\t<meta property=\"og:image:height\" content=\"318\" \/>\n\t<meta property=\"og:image:type\" content=\"image\/jpeg\" \/>\n<meta name=\"author\" content=\"LA REDACTION\" \/>\n<meta name=\"twitter:card\" content=\"summary_large_image\" \/>\n<meta name=\"twitter:label1\" content=\"\u00c9crit par\" \/>\n\t<meta name=\"twitter:data1\" content=\"LA REDACTION\" \/>\n\t<meta name=\"twitter:label2\" content=\"Dur\u00e9e de lecture estim\u00e9e\" \/>\n\t<meta name=\"twitter:data2\" content=\"1 minute\" \/>\n<script type=\"application\/ld+json\" class=\"yoast-schema-graph\">{\"@context\":\"https:\/\/schema.org\",\"@graph\":[{\"@type\":\"Article\",\"@id\":\"https:\/\/www.public.sn\/index.php\/2023\/02\/13\/manifestation-de-mbacke-plus-dune-soixantaine-de-personnes-deferees-a-diourbel-ce-matin\/#article\",\"isPartOf\":{\"@id\":\"https:\/\/www.public.sn\/index.php\/2023\/02\/13\/manifestation-de-mbacke-plus-dune-soixantaine-de-personnes-deferees-a-diourbel-ce-matin\/\"},\"author\":{\"name\":\"LA REDACTION\",\"@id\":\"https:\/\/www.public.sn\/#\/schema\/person\/cb76c8e1b8becc6be61fb5e92d6d0224\"},\"headline\":\"Manifestation de Mback\u00e9 : Plus d\u2019une soixantaine de personnes d\u00e9f\u00e9r\u00e9es \u00e0 Diourbel ce matin\",\"datePublished\":\"2023-02-13T23:37:15+00:00\",\"mainEntityOfPage\":{\"@id\":\"https:\/\/www.public.sn\/index.php\/2023\/02\/13\/manifestation-de-mbacke-plus-dune-soixantaine-de-personnes-deferees-a-diourbel-ce-matin\/\"},\"wordCount\":201,\"commentCount\":0,\"publisher\":{\"@id\":\"https:\/\/www.public.sn\/#organization\"},\"image\":{\"@id\":\"https:\/\/www.public.sn\/index.php\/2023\/02\/13\/manifestation-de-mbacke-plus-dune-soixantaine-de-personnes-deferees-a-diourbel-ce-matin\/#primaryimage\"},\"thumbnailUrl\":\"https:\/\/www.public.sn\/wp-content\/uploads\/2023\/02\/diourbel-la-deuxieme-session-.jpg\",\"keywords\":[\"arrestation\",\"D\u00e9f\u00e9r\u00e9s\",\"manifestations\",\"mback\u00e9\"],\"articleSection\":[\"ACTUALIT\u00c9S\",\"justice\",\"MANIFESTATIONS\",\"POLITIQUE\",\"S\u00c9CURIT\u00c9 &amp; JUSTICE\",\"S\u00c9N\u00c9GAL\",\"SOCIETE\"],\"inLanguage\":\"fr-FR\",\"potentialAction\":[{\"@type\":\"CommentAction\",\"name\":\"Comment\",\"target\":[\"https:\/\/www.public.sn\/index.php\/2023\/02\/13\/manifestation-de-mbacke-plus-dune-soixantaine-de-personnes-deferees-a-diourbel-ce-matin\/#respond\"]}]},{\"@type\":\"WebPage\",\"@id\":\"https:\/\/www.public.sn\/index.php\/2023\/02\/13\/manifestation-de-mbacke-plus-dune-soixantaine-de-personnes-deferees-a-diourbel-ce-matin\/\",\"url\":\"https:\/\/www.public.sn\/index.php\/2023\/02\/13\/manifestation-de-mbacke-plus-dune-soixantaine-de-personnes-deferees-a-diourbel-ce-matin\/\",\"name\":\"Manifestation de Mback\u00e9 : Plus d\u2019une soixantaine de personnes d\u00e9f\u00e9r\u00e9es \u00e0 Diourbel ce matin - LE PUBLIC\",\"isPartOf\":{\"@id\":\"https:\/\/www.public.sn\/#website\"},\"primaryImageOfPage\":{\"@id\":\"https:\/\/www.public.sn\/index.php\/2023\/02\/13\/manifestation-de-mbacke-plus-dune-soixantaine-de-personnes-deferees-a-diourbel-ce-matin\/#primaryimage\"},\"image\":{\"@id\":\"https:\/\/www.public.sn\/index.php\/2023\/02\/13\/manifestation-de-mbacke-plus-dune-soixantaine-de-personnes-deferees-a-diourbel-ce-matin\/#primaryimage\"},\"thumbnailUrl\":\"https:\/\/www.public.sn\/wp-content\/uploads\/2023\/02\/diourbel-la-deuxieme-session-.jpg\",\"datePublished\":\"2023-02-13T23:37:15+00:00\",\"breadcrumb\":{\"@id\":\"https:\/\/www.public.sn\/index.php\/2023\/02\/13\/manifestation-de-mbacke-plus-dune-soixantaine-de-personnes-deferees-a-diourbel-ce-matin\/#breadcrumb\"},\"inLanguage\":\"fr-FR\",\"potentialAction\":[{\"@type\":\"ReadAction\",\"target\":[\"https:\/\/www.public.sn\/index.php\/2023\/02\/13\/manifestation-de-mbacke-plus-dune-soixantaine-de-personnes-deferees-a-diourbel-ce-matin\/\"]}]},{\"@type\":\"ImageObject\",\"inLanguage\":\"fr-FR\",\"@id\":\"https:\/\/www.public.sn\/index.php\/2023\/02\/13\/manifestation-de-mbacke-plus-dune-soixantaine-de-personnes-deferees-a-diourbel-ce-matin\/#primaryimage\",\"url\":\"https:\/\/www.public.sn\/wp-content\/uploads\/2023\/02\/diourbel-la-deuxieme-session-.jpg\",\"contentUrl\":\"https:\/\/www.public.sn\/wp-content\/uploads\/2023\/02\/diourbel-la-deuxieme-session-.jpg\",\"width\":500,\"height\":318},{\"@type\":\"BreadcrumbList\",\"@id\":\"https:\/\/www.public.sn\/index.php\/2023\/02\/13\/manifestation-de-mbacke-plus-dune-soixantaine-de-personnes-deferees-a-diourbel-ce-matin\/#breadcrumb\",\"itemListElement\":[{\"@type\":\"ListItem\",\"position\":1,\"name\":\"Accueil\",\"item\":\"https:\/\/www.public.sn\/\"},{\"@type\":\"ListItem\",\"position\":2,\"name\":\"Manifestation de Mback\u00e9 : Plus d\u2019une soixantaine de personnes d\u00e9f\u00e9r\u00e9es \u00e0 Diourbel ce matin\"}]},{\"@type\":\"WebSite\",\"@id\":\"https:\/\/www.public.sn\/#website\",\"url\":\"https:\/\/www.public.sn\/\",\"name\":\"LE PUBLIC\",\"description\":\"\",\"publisher\":{\"@id\":\"https:\/\/www.public.sn\/#organization\"},\"potentialAction\":[{\"@type\":\"SearchAction\",\"target\":{\"@type\":\"EntryPoint\",\"urlTemplate\":\"https:\/\/www.public.sn\/?s={search_term_string}\"},\"query-input\":{\"@type\":\"PropertyValueSpecification\",\"valueRequired\":true,\"valueName\":\"search_term_string\"}}],\"inLanguage\":\"fr-FR\"},{\"@type\":\"Organization\",\"@id\":\"https:\/\/www.public.sn\/#organization\",\"name\":\"LE PUBLIC\",\"url\":\"https:\/\/www.public.sn\/\",\"logo\":{\"@type\":\"ImageObject\",\"inLanguage\":\"fr-FR\",\"@id\":\"https:\/\/www.public.sn\/#\/schema\/logo\/image\/\",\"url\":\"https:\/\/www.public.sn\/wp-content\/uploads\/2024\/05\/cropped-LOGO-PUBLIC.SN_.png\",\"contentUrl\":\"https:\/\/www.public.sn\/wp-content\/uploads\/2024\/05\/cropped-LOGO-PUBLIC.SN_.png\",\"width\":682,\"height\":192,\"caption\":\"LE PUBLIC\"},\"image\":{\"@id\":\"https:\/\/www.public.sn\/#\/schema\/logo\/image\/\"}},{\"@type\":\"Person\",\"@id\":\"https:\/\/www.public.sn\/#\/schema\/person\/cb76c8e1b8becc6be61fb5e92d6d0224\",\"name\":\"LA REDACTION\",\"image\":{\"@type\":\"ImageObject\",\"inLanguage\":\"fr-FR\",\"@id\":\"https:\/\/www.public.sn\/#\/schema\/person\/image\/\",\"url\":\"https:\/\/secure.gravatar.com\/avatar\/2dce5ddd34b8fef0180efe03aa2a9bee7d953856048f9a16b298190a3178407c?s=96&d=mm&r=g\",\"contentUrl\":\"https:\/\/secure.gravatar.com\/avatar\/2dce5ddd34b8fef0180efe03aa2a9bee7d953856048f9a16b298190a3178407c?s=96&d=mm&r=g\",\"caption\":\"LA REDACTION\"},\"url\":\"https:\/\/www.public.sn\/index.php\/author\/editeurpsn\/\"}]}<\/script>\n<!-- \/ Yoast SEO plugin. -->","yoast_head_json":{"title":"Manifestation de Mback\u00e9 : Plus d\u2019une soixantaine de personnes d\u00e9f\u00e9r\u00e9es \u00e0 Diourbel ce matin - LE PUBLIC","robots":{"index":"index","follow":"follow","max-snippet":"max-snippet:-1","max-image-preview":"max-image-preview:large","max-video-preview":"max-video-preview:-1"},"canonical":"https:\/\/www.public.sn\/index.php\/2023\/02\/13\/manifestation-de-mbacke-plus-dune-soixantaine-de-personnes-deferees-a-diourbel-ce-matin\/","og_locale":"fr_FR","og_type":"article","og_title":"Manifestation de Mback\u00e9 : Plus d\u2019une soixantaine de personnes d\u00e9f\u00e9r\u00e9es \u00e0 Diourbel ce matin - LE PUBLIC","og_description":"Ce lundi matin, le tribunal d\u2019instance de Mback\u00e9 a \u00e9t\u00e9 pris d\u2019assaut par les parents, amis et sympathisants des personnes arr\u00eat\u00e9es le vendredi dernier lors des manifestations de Mback\u00e9. 27 personnes ont \u00e9t\u00e9 arr\u00eat\u00e9es par les limiers de Touba, 23 par leurs coll\u00e8gues de Mback\u00e9 et 11 par la gendarmerie. Seules 3 d\u2019entre elles ont \u00e9t\u00e9 lib\u00e9r\u00e9es et le reste apr\u00e8s un bref passage devant le procureur de Mback\u00e9, devra r\u00e9pondre de leurs actes au tribunal de Diourbel. Parmis ces personnes figurent le marabout Serigne Assane Mback\u00e9, pr\u00e9sident du mouvement Appel et tr\u00e8s proche de Ousmane Sonko. Un impressionnant dispositif s\u00e9curitaire \u00e9tait pr\u00e9sent dans les alentours du tribunal de Mback\u00e9. En attendant la d\u00e9cision des juges de Diourbel, ce beau monde devra attendre le jugement soit en flagrant d\u00e9lit ou un mandat de d\u00e9p\u00f4t. En tout \u00e9tat de cause, leur sort est entre les mains des magistrats mais force est de noter que les saccages avec d\u2019importants d\u00e9g\u00e2ts ne milite pas en leur faveur abonde Xibaaru","og_url":"https:\/\/www.public.sn\/index.php\/2023\/02\/13\/manifestation-de-mbacke-plus-dune-soixantaine-de-personnes-deferees-a-diourbel-ce-matin\/","og_site_name":"LE PUBLIC","article_published_time":"2023-02-13T23:37:15+00:00","og_image":[{"width":500,"height":318,"url":"https:\/\/www.public.sn\/wp-content\/uploads\/2023\/02\/diourbel-la-deuxieme-session-.jpg","type":"image\/jpeg"}],"author":"LA REDACTION","twitter_card":"summary_large_image","twitter_misc":{"\u00c9crit par":"LA REDACTION","Dur\u00e9e de lecture estim\u00e9e":"1 minute"},"schema":{"@context":"https:\/\/schema.org","@graph":[{"@type":"Article","@id":"https:\/\/www.public.sn\/index.php\/2023\/02\/13\/manifestation-de-mbacke-plus-dune-soixantaine-de-personnes-deferees-a-diourbel-ce-matin\/#article","isPartOf":{"@id":"https:\/\/www.public.sn\/index.php\/2023\/02\/13\/manifestation-de-mbacke-plus-dune-soixantaine-de-personnes-deferees-a-diourbel-ce-matin\/"},"author":{"name":"LA REDACTION","@id":"https:\/\/www.public.sn\/#\/schema\/person\/cb76c8e1b8becc6be61fb5e92d6d0224"},"headline":"Manifestation de Mback\u00e9 : Plus d\u2019une soixantaine de personnes d\u00e9f\u00e9r\u00e9es \u00e0 Diourbel ce matin","datePublished":"2023-02-13T23:37:15+00:00","mainEntityOfPage":{"@id":"https:\/\/www.public.sn\/index.php\/2023\/02\/13\/manifestation-de-mbacke-plus-dune-soixantaine-de-personnes-deferees-a-diourbel-ce-matin\/"},"wordCount":201,"commentCount":0,"publisher":{"@id":"https:\/\/www.public.sn\/#organization"},"image":{"@id":"https:\/\/www.public.sn\/index.php\/2023\/02\/13\/manifestation-de-mbacke-plus-dune-soixantaine-de-personnes-deferees-a-diourbel-ce-matin\/#primaryimage"},"thumbnailUrl":"https:\/\/www.public.sn\/wp-content\/uploads\/2023\/02\/diourbel-la-deuxieme-session-.jpg","keywords":["arrestation","D\u00e9f\u00e9r\u00e9s","manifestations","mback\u00e9"],"articleSection":["ACTUALIT\u00c9S","justice","MANIFESTATIONS","POLITIQUE","S\u00c9CURIT\u00c9 &amp; JUSTICE","S\u00c9N\u00c9GAL","SOCIETE"],"inLanguage":"fr-FR","potentialAction":[{"@type":"CommentAction","name":"Comment","target":["https:\/\/www.public.sn\/index.php\/2023\/02\/13\/manifestation-de-mbacke-plus-dune-soixantaine-de-personnes-deferees-a-diourbel-ce-matin\/#respond"]}]},{"@type":"WebPage","@id":"https:\/\/www.public.sn\/index.php\/2023\/02\/13\/manifestation-de-mbacke-plus-dune-soixantaine-de-personnes-deferees-a-diourbel-ce-matin\/","url":"https:\/\/www.public.sn\/index.php\/2023\/02\/13\/manifestation-de-mbacke-plus-dune-soixantaine-de-personnes-deferees-a-diourbel-ce-matin\/","name":"Manifestation de Mback\u00e9 : Plus d\u2019une soixantaine de personnes d\u00e9f\u00e9r\u00e9es \u00e0 Diourbel ce matin - LE PUBLIC","isPartOf":{"@id":"https:\/\/www.public.sn\/#website"},"primaryImageOfPage":{"@id":"https:\/\/www.public.sn\/index.php\/2023\/02\/13\/manifestation-de-mbacke-plus-dune-soixantaine-de-personnes-deferees-a-diourbel-ce-matin\/#primaryimage"},"image":{"@id":"https:\/\/www.public.sn\/index.php\/2023\/02\/13\/manifestation-de-mbacke-plus-dune-soixantaine-de-personnes-deferees-a-diourbel-ce-matin\/#primaryimage"},"thumbnailUrl":"https:\/\/www.public.sn\/wp-content\/uploads\/2023\/02\/diourbel-la-deuxieme-session-.jpg","datePublished":"2023-02-13T23:37:15+00:00","breadcrumb":{"@id":"https:\/\/www.public.sn\/index.php\/2023\/02\/13\/manifestation-de-mbacke-plus-dune-soixantaine-de-personnes-deferees-a-diourbel-ce-matin\/#breadcrumb"},"inLanguage":"fr-FR","potentialAction":[{"@type":"ReadAction","target":["https:\/\/www.public.sn\/index.php\/2023\/02\/13\/manifestation-de-mbacke-plus-dune-soixantaine-de-personnes-deferees-a-diourbel-ce-matin\/"]}]},{"@type":"ImageObject","inLanguage":"fr-FR","@id":"https:\/\/www.public.sn\/index.php\/2023\/02\/13\/manifestation-de-mbacke-plus-dune-soixantaine-de-personnes-deferees-a-diourbel-ce-matin\/#primaryimage","url":"https:\/\/www.public.sn\/wp-content\/uploads\/2023\/02\/diourbel-la-deuxieme-session-.jpg","contentUrl":"https:\/\/www.public.sn\/wp-content\/uploads\/2023\/02\/diourbel-la-deuxieme-session-.jpg","width":500,"height":318},{"@type":"BreadcrumbList","@id":"https:\/\/www.public.sn\/index.php\/2023\/02\/13\/manifestation-de-mbacke-plus-dune-soixantaine-de-personnes-deferees-a-diourbel-ce-matin\/#breadcrumb","itemListElement":[{"@type":"ListItem","position":1,"name":"Accueil","item":"https:\/\/www.public.sn\/"},{"@type":"ListItem","position":2,"name":"Manifestation de Mback\u00e9 : Plus d\u2019une soixantaine de personnes d\u00e9f\u00e9r\u00e9es \u00e0 Diourbel ce matin"}]},{"@type":"WebSite","@id":"https:\/\/www.public.sn\/#website","url":"https:\/\/www.public.sn\/","name":"LE PUBLIC","description":"","publisher":{"@id":"https:\/\/www.public.sn\/#organization"},"potentialAction":[{"@type":"SearchAction","target":{"@type":"EntryPoint","urlTemplate":"https:\/\/www.public.sn\/?s={search_term_string}"},"query-input":{"@type":"PropertyValueSpecification","valueRequired":true,"valueName":"search_term_string"}}],"inLanguage":"fr-FR"},{"@type":"Organization","@id":"https:\/\/www.public.sn\/#organization","name":"LE PUBLIC","url":"https:\/\/www.public.sn\/","logo":{"@type":"ImageObject","inLanguage":"fr-FR","@id":"https:\/\/www.public.sn\/#\/schema\/logo\/image\/","url":"https:\/\/www.public.sn\/wp-content\/uploads\/2024\/05\/cropped-LOGO-PUBLIC.SN_.png","contentUrl":"https:\/\/www.public.sn\/wp-content\/uploads\/2024\/05\/cropped-LOGO-PUBLIC.SN_.png","width":682,"height":192,"caption":"LE PUBLIC"},"image":{"@id":"https:\/\/www.public.sn\/#\/schema\/logo\/image\/"}},{"@type":"Person","@id":"https:\/\/www.public.sn\/#\/schema\/person\/cb76c8e1b8becc6be61fb5e92d6d0224","name":"LA REDACTION","image":{"@type":"ImageObject","inLanguage":"fr-FR","@id":"https:\/\/www.public.sn\/#\/schema\/person\/image\/","url":"https:\/\/secure.gravatar.com\/avatar\/2dce5ddd34b8fef0180efe03aa2a9bee7d953856048f9a16b298190a3178407c?s=96&d=mm&r=g","contentUrl":"https:\/\/secure.gravatar.com\/avatar\/2dce5ddd34b8fef0180efe03aa2a9bee7d953856048f9a16b298190a3178407c?s=96&d=mm&r=g","caption":"LA REDACTION"},"url":"https:\/\/www.public.sn\/index.php\/author\/editeurpsn\/"}]}},"jetpack_featured_media_url":"https:\/\/www.public.sn\/wp-content\/uploads\/2023\/02\/diourbel-la-deuxieme-session-.jpg","jetpack_sharing_enabled":true,"_links":{"self":[{"href":"https:\/\/www.public.sn\/index.php\/wp-json\/wp\/v2\/posts\/15651","targetHints":{"allow":["GET"]}}],"collection":[{"href":"https:\/\/www.public.sn\/index.php\/wp-json\/wp\/v2\/posts"}],"about":[{"href":"https:\/\/www.public.sn\/index.php\/wp-json\/wp\/v2\/types\/post"}],"author":[{"embeddable":true,"href":"https:\/\/www.public.sn\/index.php\/wp-json\/wp\/v2\/users\/7"}],"replies":[{"embeddable":true,"href":"https:\/\/www.public.sn\/index.php\/wp-json\/wp\/v2\/comments?post=15651"}],"version-history":[{"count":1,"href":"https:\/\/www.public.sn\/index.php\/wp-json\/wp\/v2\/posts\/15651\/revisions"}],"predecessor-version":[{"id":15653,"href":"https:\/\/www.public.sn\/index.php\/wp-json\/wp\/v2\/posts\/15651\/revisions\/15653"}],"wp:featuredmedia":[{"embeddable":true,"href":"https:\/\/www.public.sn\/index.php\/wp-json\/wp\/v2\/media\/15622"}],"wp:attachment":[{"href":"https:\/\/www.public.sn\/index.php\/wp-json\/wp\/v2\/media?parent=15651"}],"wp:term":[{"taxonomy":"category","embeddable":true,"href":"https:\/\/www.public.sn\/index.php\/wp-json\/wp\/v2\/categories?post=15651"},{"taxonomy":"post_tag","embeddable":true,"href":"https:\/\/www.public.sn\/index.php\/wp-json\/wp\/v2\/tags?post=15651"}],"curies":[{"name":"wp","href":"https:\/\/api.w.org\/{rel}","templated":true}]}}