{"id":15724,"date":"2023-02-14T12:04:59","date_gmt":"2023-02-14T12:04:59","guid":{"rendered":"https:\/\/www.public.sn\/?p=15724"},"modified":"2023-02-14T12:04:59","modified_gmt":"2023-02-14T12:04:59","slug":"jour-de-verite-dans-laffaire-sweet-beauty","status":"publish","type":"post","link":"https:\/\/www.public.sn\/index.php\/2023\/02\/14\/jour-de-verite-dans-laffaire-sweet-beauty\/","title":{"rendered":"Jour de v\u00e9rit\u00e9 dans l&rsquo;affaire \u00ab\u00a0Sweet Beauty\u00a0\u00bb"},"content":{"rendered":"<p>Les avocats de Ousmane Sonko seront ce mardi face \u00e0 ceux de Adji Sarr et au parquet devant la chambre d\u2019accusation de la Cour d\u2019appel. Les premiers avaient fait appel de la d\u00e9cision du Doyen des juges de renvoyer leur client devant la chambre criminelle pour r\u00e9pondre des accusations de viol et menaces de mort, port\u00e9es contre lui par l\u2019ancienne masseuse.<\/p><div class=\"publi-paragraphe1\" style=\"margin-top: 10px;margin-bottom: 10px;margin-left: auto;margin-right: auto;text-align: center;\" id=\"publi-218184779\"><div class=\"publi-adlabel\">Publicit\u00e9<\/div><script async src=\"\/\/pagead2.googlesyndication.com\/pagead\/js\/adsbygoogle.js?client=ca-pub-4089586018074219\" crossorigin=\"anonymous\"><\/script><ins class=\"adsbygoogle\" style=\"display:block;\" data-ad-client=\"ca-pub-4089586018074219\" \ndata-ad-slot=\"2087940154\" \ndata-ad-format=\"auto\"><\/ins>\n<script> \n(adsbygoogle = window.adsbygoogle || []).push({}); \n<\/script>\n<\/div>\n<div class=\"nty nty-post-middle nty-float-center nty-align-center nty-column-1 nty-clearfix no-bg-box-model\">\n<div id=\"nty-3576-1006153651\" class=\"nty-container nty-type-code \" data-adid=\"3576\" data-type=\"code\">\n<div id=\"nty-3576-1006153651-place\"><\/div>\n<\/div>\n<\/div>\n<p>Les deux parties \u00e9taient face-\u00e0-face jeudi dernier. Mais les conseils de Ousmane Sonko avaient demand\u00e9 et obtenu le report de l\u2019audience afin de s\u2019impr\u00e9gner du dossier. La partie civile et le parquet s\u2019\u00e9taient oppos\u00e9 au renvoi en vain donc. Les \u00c9chos, qui donne l\u2019information, signale que l\u2019audience se d\u00e9roulera sans Me El Hadji Diouf, avocat de Adji Sarr. Ce dernier est suspendu provisoirement par le conseil de l\u2019ordre des avocats.<\/p>\n<div class=\"publi-apres-le-contenu\" style=\"margin-top: 10px;margin-bottom: 10px;margin-left: auto;margin-right: auto;text-align: center;\" id=\"publi-3737555486\"><div class=\"publi-adlabel\">Publicit\u00e9<\/div><script async src=\"\/\/pagead2.googlesyndication.com\/pagead\/js\/adsbygoogle.js?client=ca-pub-4089586018074219\" crossorigin=\"anonymous\"><\/script><ins class=\"adsbygoogle\" style=\"display:block;\" data-ad-client=\"ca-pub-4089586018074219\" \ndata-ad-slot=\"2087940154\" \ndata-ad-format=\"auto\"><\/ins>\n<script> \n(adsbygoogle = window.adsbygoogle || []).push({}); \n<\/script>\n<\/div>","protected":false},"excerpt":{"rendered":"<p>Les avocats de Ousmane Sonko seront ce mardi face \u00e0 ceux de Adji Sarr et au parquet devant la chambre d\u2019accusation de la Cour d\u2019appel. Les premiers avaient fait appel de la d\u00e9cision du Doyen des juges de renvoyer leur client devant la chambre criminelle pour r\u00e9pondre des accusations de viol et menaces de mort, port\u00e9es contre lui par l\u2019ancienne masseuse. Les deux parties \u00e9taient face-\u00e0-face jeudi dernier. Mais les conseils de Ousmane Sonko avaient demand\u00e9 et obtenu le report de l\u2019audience afin de s\u2019impr\u00e9gner du dossier. La partie civile et le parquet s\u2019\u00e9taient oppos\u00e9 au renvoi en vain donc. Les \u00c9chos, qui donne l\u2019information, signale que l\u2019audience se d\u00e9roulera sans Me El Hadji Diouf, avocat de Adji Sarr. Ce dernier est suspendu provisoirement par le conseil de l\u2019ordre des avocats.<\/p>\n","protected":false},"author":7,"featured_media":13222,"comment_status":"open","ping_status":"open","sticky":false,"template":"","format":"standard","meta":{"_jetpack_memberships_contains_paid_content":false,"footnotes":""},"categories":[375,3724,3,376,1,4,372],"tags":[99,2358,306],"class_list":["post-15724","post","type-post","status-publish","format-standard","has-post-thumbnail","hentry","category-actualites","category-justice","category-politique","category-securite-justice","category-non-classe","category-societe","category-vedette","tag-adji-sarr","tag-affaire-sweet-beauty","tag-sonko","entry","has-media","owp-thumbs-layout-horizontal","owp-btn-normal","owp-tabs-layout-horizontal","has-no-thumbnails","has-product-nav"],"yoast_head":"<!-- This site is optimized with the Yoast SEO plugin v25.5 - https:\/\/yoast.com\/wordpress\/plugins\/seo\/ -->\n<title>Jour de v\u00e9rit\u00e9 dans l&#039;affaire &quot;Sweet Beauty&quot; - LE PUBLIC<\/title>\n<meta name=\"robots\" content=\"index, follow, max-snippet:-1, max-image-preview:large, max-video-preview:-1\" \/>\n<link rel=\"canonical\" href=\"https:\/\/www.public.sn\/index.php\/2023\/02\/14\/jour-de-verite-dans-laffaire-sweet-beauty\/\" \/>\n<meta property=\"og:locale\" content=\"fr_FR\" \/>\n<meta property=\"og:type\" content=\"article\" \/>\n<meta property=\"og:title\" content=\"Jour de v\u00e9rit\u00e9 dans l&#039;affaire &quot;Sweet Beauty&quot; - LE PUBLIC\" \/>\n<meta property=\"og:description\" content=\"Les avocats de Ousmane Sonko seront ce mardi face \u00e0 ceux de Adji Sarr et au parquet devant la chambre d\u2019accusation de la Cour d\u2019appel. Les premiers avaient fait appel de la d\u00e9cision du Doyen des juges de renvoyer leur client devant la chambre criminelle pour r\u00e9pondre des accusations de viol et menaces de mort, port\u00e9es contre lui par l\u2019ancienne masseuse. Les deux parties \u00e9taient face-\u00e0-face jeudi dernier. Mais les conseils de Ousmane Sonko avaient demand\u00e9 et obtenu le report de l\u2019audience afin de s\u2019impr\u00e9gner du dossier. La partie civile et le parquet s\u2019\u00e9taient oppos\u00e9 au renvoi en vain donc. Les \u00c9chos, qui donne l\u2019information, signale que l\u2019audience se d\u00e9roulera sans Me El Hadji Diouf, avocat de Adji Sarr. Ce dernier est suspendu provisoirement par le conseil de l\u2019ordre des avocats.\" \/>\n<meta property=\"og:url\" content=\"https:\/\/www.public.sn\/index.php\/2023\/02\/14\/jour-de-verite-dans-laffaire-sweet-beauty\/\" \/>\n<meta property=\"og:site_name\" content=\"LE PUBLIC\" \/>\n<meta property=\"article:published_time\" content=\"2023-02-14T12:04:59+00:00\" \/>\n<meta property=\"og:image\" content=\"https:\/\/www.public.sn\/wp-content\/uploads\/2023\/01\/sonko-adji-sarr-palais-de-justice.jpg\" \/>\n\t<meta property=\"og:image:width\" content=\"1200\" \/>\n\t<meta property=\"og:image:height\" content=\"675\" \/>\n\t<meta property=\"og:image:type\" content=\"image\/jpeg\" \/>\n<meta name=\"author\" content=\"LA REDACTION\" \/>\n<meta name=\"twitter:card\" content=\"summary_large_image\" \/>\n<meta name=\"twitter:label1\" content=\"\u00c9crit par\" \/>\n\t<meta name=\"twitter:data1\" content=\"LA REDACTION\" \/>\n\t<meta name=\"twitter:label2\" content=\"Dur\u00e9e de lecture estim\u00e9e\" \/>\n\t<meta name=\"twitter:data2\" content=\"1 minute\" \/>\n<script type=\"application\/ld+json\" class=\"yoast-schema-graph\">{\"@context\":\"https:\/\/schema.org\",\"@graph\":[{\"@type\":\"Article\",\"@id\":\"https:\/\/www.public.sn\/index.php\/2023\/02\/14\/jour-de-verite-dans-laffaire-sweet-beauty\/#article\",\"isPartOf\":{\"@id\":\"https:\/\/www.public.sn\/index.php\/2023\/02\/14\/jour-de-verite-dans-laffaire-sweet-beauty\/\"},\"author\":{\"name\":\"LA REDACTION\",\"@id\":\"https:\/\/www.public.sn\/#\/schema\/person\/cb76c8e1b8becc6be61fb5e92d6d0224\"},\"headline\":\"Jour de v\u00e9rit\u00e9 dans l&rsquo;affaire \u00ab\u00a0Sweet Beauty\u00a0\u00bb\",\"datePublished\":\"2023-02-14T12:04:59+00:00\",\"mainEntityOfPage\":{\"@id\":\"https:\/\/www.public.sn\/index.php\/2023\/02\/14\/jour-de-verite-dans-laffaire-sweet-beauty\/\"},\"wordCount\":153,\"commentCount\":0,\"publisher\":{\"@id\":\"https:\/\/www.public.sn\/#organization\"},\"image\":{\"@id\":\"https:\/\/www.public.sn\/index.php\/2023\/02\/14\/jour-de-verite-dans-laffaire-sweet-beauty\/#primaryimage\"},\"thumbnailUrl\":\"https:\/\/www.public.sn\/wp-content\/uploads\/2023\/01\/sonko-adji-sarr-palais-de-justice.jpg\",\"keywords\":[\"Adji Sarr\",\"affaire sweet beauty\",\"sonko\"],\"articleSection\":[\"ACTUALIT\u00c9S\",\"justice\",\"POLITIQUE\",\"S\u00c9CURIT\u00c9 &amp; JUSTICE\",\"S\u00c9N\u00c9GAL\",\"SOCIETE\",\"VEDETTE\"],\"inLanguage\":\"fr-FR\",\"potentialAction\":[{\"@type\":\"CommentAction\",\"name\":\"Comment\",\"target\":[\"https:\/\/www.public.sn\/index.php\/2023\/02\/14\/jour-de-verite-dans-laffaire-sweet-beauty\/#respond\"]}]},{\"@type\":\"WebPage\",\"@id\":\"https:\/\/www.public.sn\/index.php\/2023\/02\/14\/jour-de-verite-dans-laffaire-sweet-beauty\/\",\"url\":\"https:\/\/www.public.sn\/index.php\/2023\/02\/14\/jour-de-verite-dans-laffaire-sweet-beauty\/\",\"name\":\"Jour de v\u00e9rit\u00e9 dans l'affaire \\\"Sweet Beauty\\\" - LE PUBLIC\",\"isPartOf\":{\"@id\":\"https:\/\/www.public.sn\/#website\"},\"primaryImageOfPage\":{\"@id\":\"https:\/\/www.public.sn\/index.php\/2023\/02\/14\/jour-de-verite-dans-laffaire-sweet-beauty\/#primaryimage\"},\"image\":{\"@id\":\"https:\/\/www.public.sn\/index.php\/2023\/02\/14\/jour-de-verite-dans-laffaire-sweet-beauty\/#primaryimage\"},\"thumbnailUrl\":\"https:\/\/www.public.sn\/wp-content\/uploads\/2023\/01\/sonko-adji-sarr-palais-de-justice.jpg\",\"datePublished\":\"2023-02-14T12:04:59+00:00\",\"breadcrumb\":{\"@id\":\"https:\/\/www.public.sn\/index.php\/2023\/02\/14\/jour-de-verite-dans-laffaire-sweet-beauty\/#breadcrumb\"},\"inLanguage\":\"fr-FR\",\"potentialAction\":[{\"@type\":\"ReadAction\",\"target\":[\"https:\/\/www.public.sn\/index.php\/2023\/02\/14\/jour-de-verite-dans-laffaire-sweet-beauty\/\"]}]},{\"@type\":\"ImageObject\",\"inLanguage\":\"fr-FR\",\"@id\":\"https:\/\/www.public.sn\/index.php\/2023\/02\/14\/jour-de-verite-dans-laffaire-sweet-beauty\/#primaryimage\",\"url\":\"https:\/\/www.public.sn\/wp-content\/uploads\/2023\/01\/sonko-adji-sarr-palais-de-justice.jpg\",\"contentUrl\":\"https:\/\/www.public.sn\/wp-content\/uploads\/2023\/01\/sonko-adji-sarr-palais-de-justice.jpg\",\"width\":1200,\"height\":675},{\"@type\":\"BreadcrumbList\",\"@id\":\"https:\/\/www.public.sn\/index.php\/2023\/02\/14\/jour-de-verite-dans-laffaire-sweet-beauty\/#breadcrumb\",\"itemListElement\":[{\"@type\":\"ListItem\",\"position\":1,\"name\":\"Accueil\",\"item\":\"https:\/\/www.public.sn\/\"},{\"@type\":\"ListItem\",\"position\":2,\"name\":\"Jour de v\u00e9rit\u00e9 dans l&rsquo;affaire \u00ab\u00a0Sweet Beauty\u00a0\u00bb\"}]},{\"@type\":\"WebSite\",\"@id\":\"https:\/\/www.public.sn\/#website\",\"url\":\"https:\/\/www.public.sn\/\",\"name\":\"LE PUBLIC\",\"description\":\"\",\"publisher\":{\"@id\":\"https:\/\/www.public.sn\/#organization\"},\"potentialAction\":[{\"@type\":\"SearchAction\",\"target\":{\"@type\":\"EntryPoint\",\"urlTemplate\":\"https:\/\/www.public.sn\/?s={search_term_string}\"},\"query-input\":{\"@type\":\"PropertyValueSpecification\",\"valueRequired\":true,\"valueName\":\"search_term_string\"}}],\"inLanguage\":\"fr-FR\"},{\"@type\":\"Organization\",\"@id\":\"https:\/\/www.public.sn\/#organization\",\"name\":\"LE PUBLIC\",\"url\":\"https:\/\/www.public.sn\/\",\"logo\":{\"@type\":\"ImageObject\",\"inLanguage\":\"fr-FR\",\"@id\":\"https:\/\/www.public.sn\/#\/schema\/logo\/image\/\",\"url\":\"https:\/\/www.public.sn\/wp-content\/uploads\/2024\/05\/cropped-LOGO-PUBLIC.SN_.png\",\"contentUrl\":\"https:\/\/www.public.sn\/wp-content\/uploads\/2024\/05\/cropped-LOGO-PUBLIC.SN_.png\",\"width\":682,\"height\":192,\"caption\":\"LE PUBLIC\"},\"image\":{\"@id\":\"https:\/\/www.public.sn\/#\/schema\/logo\/image\/\"}},{\"@type\":\"Person\",\"@id\":\"https:\/\/www.public.sn\/#\/schema\/person\/cb76c8e1b8becc6be61fb5e92d6d0224\",\"name\":\"LA REDACTION\",\"image\":{\"@type\":\"ImageObject\",\"inLanguage\":\"fr-FR\",\"@id\":\"https:\/\/www.public.sn\/#\/schema\/person\/image\/\",\"url\":\"https:\/\/secure.gravatar.com\/avatar\/2dce5ddd34b8fef0180efe03aa2a9bee7d953856048f9a16b298190a3178407c?s=96&d=mm&r=g\",\"contentUrl\":\"https:\/\/secure.gravatar.com\/avatar\/2dce5ddd34b8fef0180efe03aa2a9bee7d953856048f9a16b298190a3178407c?s=96&d=mm&r=g\",\"caption\":\"LA REDACTION\"},\"url\":\"https:\/\/www.public.sn\/index.php\/author\/editeurpsn\/\"}]}<\/script>\n<!-- \/ Yoast SEO plugin. -->","yoast_head_json":{"title":"Jour de v\u00e9rit\u00e9 dans l'affaire \"Sweet Beauty\" - LE PUBLIC","robots":{"index":"index","follow":"follow","max-snippet":"max-snippet:-1","max-image-preview":"max-image-preview:large","max-video-preview":"max-video-preview:-1"},"canonical":"https:\/\/www.public.sn\/index.php\/2023\/02\/14\/jour-de-verite-dans-laffaire-sweet-beauty\/","og_locale":"fr_FR","og_type":"article","og_title":"Jour de v\u00e9rit\u00e9 dans l'affaire \"Sweet Beauty\" - LE PUBLIC","og_description":"Les avocats de Ousmane Sonko seront ce mardi face \u00e0 ceux de Adji Sarr et au parquet devant la chambre d\u2019accusation de la Cour d\u2019appel. Les premiers avaient fait appel de la d\u00e9cision du Doyen des juges de renvoyer leur client devant la chambre criminelle pour r\u00e9pondre des accusations de viol et menaces de mort, port\u00e9es contre lui par l\u2019ancienne masseuse. Les deux parties \u00e9taient face-\u00e0-face jeudi dernier. Mais les conseils de Ousmane Sonko avaient demand\u00e9 et obtenu le report de l\u2019audience afin de s\u2019impr\u00e9gner du dossier. La partie civile et le parquet s\u2019\u00e9taient oppos\u00e9 au renvoi en vain donc. Les \u00c9chos, qui donne l\u2019information, signale que l\u2019audience se d\u00e9roulera sans Me El Hadji Diouf, avocat de Adji Sarr. Ce dernier est suspendu provisoirement par le conseil de l\u2019ordre des avocats.","og_url":"https:\/\/www.public.sn\/index.php\/2023\/02\/14\/jour-de-verite-dans-laffaire-sweet-beauty\/","og_site_name":"LE PUBLIC","article_published_time":"2023-02-14T12:04:59+00:00","og_image":[{"width":1200,"height":675,"url":"https:\/\/www.public.sn\/wp-content\/uploads\/2023\/01\/sonko-adji-sarr-palais-de-justice.jpg","type":"image\/jpeg"}],"author":"LA REDACTION","twitter_card":"summary_large_image","twitter_misc":{"\u00c9crit par":"LA REDACTION","Dur\u00e9e de lecture estim\u00e9e":"1 minute"},"schema":{"@context":"https:\/\/schema.org","@graph":[{"@type":"Article","@id":"https:\/\/www.public.sn\/index.php\/2023\/02\/14\/jour-de-verite-dans-laffaire-sweet-beauty\/#article","isPartOf":{"@id":"https:\/\/www.public.sn\/index.php\/2023\/02\/14\/jour-de-verite-dans-laffaire-sweet-beauty\/"},"author":{"name":"LA REDACTION","@id":"https:\/\/www.public.sn\/#\/schema\/person\/cb76c8e1b8becc6be61fb5e92d6d0224"},"headline":"Jour de v\u00e9rit\u00e9 dans l&rsquo;affaire \u00ab\u00a0Sweet Beauty\u00a0\u00bb","datePublished":"2023-02-14T12:04:59+00:00","mainEntityOfPage":{"@id":"https:\/\/www.public.sn\/index.php\/2023\/02\/14\/jour-de-verite-dans-laffaire-sweet-beauty\/"},"wordCount":153,"commentCount":0,"publisher":{"@id":"https:\/\/www.public.sn\/#organization"},"image":{"@id":"https:\/\/www.public.sn\/index.php\/2023\/02\/14\/jour-de-verite-dans-laffaire-sweet-beauty\/#primaryimage"},"thumbnailUrl":"https:\/\/www.public.sn\/wp-content\/uploads\/2023\/01\/sonko-adji-sarr-palais-de-justice.jpg","keywords":["Adji Sarr","affaire sweet beauty","sonko"],"articleSection":["ACTUALIT\u00c9S","justice","POLITIQUE","S\u00c9CURIT\u00c9 &amp; JUSTICE","S\u00c9N\u00c9GAL","SOCIETE","VEDETTE"],"inLanguage":"fr-FR","potentialAction":[{"@type":"CommentAction","name":"Comment","target":["https:\/\/www.public.sn\/index.php\/2023\/02\/14\/jour-de-verite-dans-laffaire-sweet-beauty\/#respond"]}]},{"@type":"WebPage","@id":"https:\/\/www.public.sn\/index.php\/2023\/02\/14\/jour-de-verite-dans-laffaire-sweet-beauty\/","url":"https:\/\/www.public.sn\/index.php\/2023\/02\/14\/jour-de-verite-dans-laffaire-sweet-beauty\/","name":"Jour de v\u00e9rit\u00e9 dans l'affaire \"Sweet Beauty\" - LE PUBLIC","isPartOf":{"@id":"https:\/\/www.public.sn\/#website"},"primaryImageOfPage":{"@id":"https:\/\/www.public.sn\/index.php\/2023\/02\/14\/jour-de-verite-dans-laffaire-sweet-beauty\/#primaryimage"},"image":{"@id":"https:\/\/www.public.sn\/index.php\/2023\/02\/14\/jour-de-verite-dans-laffaire-sweet-beauty\/#primaryimage"},"thumbnailUrl":"https:\/\/www.public.sn\/wp-content\/uploads\/2023\/01\/sonko-adji-sarr-palais-de-justice.jpg","datePublished":"2023-02-14T12:04:59+00:00","breadcrumb":{"@id":"https:\/\/www.public.sn\/index.php\/2023\/02\/14\/jour-de-verite-dans-laffaire-sweet-beauty\/#breadcrumb"},"inLanguage":"fr-FR","potentialAction":[{"@type":"ReadAction","target":["https:\/\/www.public.sn\/index.php\/2023\/02\/14\/jour-de-verite-dans-laffaire-sweet-beauty\/"]}]},{"@type":"ImageObject","inLanguage":"fr-FR","@id":"https:\/\/www.public.sn\/index.php\/2023\/02\/14\/jour-de-verite-dans-laffaire-sweet-beauty\/#primaryimage","url":"https:\/\/www.public.sn\/wp-content\/uploads\/2023\/01\/sonko-adji-sarr-palais-de-justice.jpg","contentUrl":"https:\/\/www.public.sn\/wp-content\/uploads\/2023\/01\/sonko-adji-sarr-palais-de-justice.jpg","width":1200,"height":675},{"@type":"BreadcrumbList","@id":"https:\/\/www.public.sn\/index.php\/2023\/02\/14\/jour-de-verite-dans-laffaire-sweet-beauty\/#breadcrumb","itemListElement":[{"@type":"ListItem","position":1,"name":"Accueil","item":"https:\/\/www.public.sn\/"},{"@type":"ListItem","position":2,"name":"Jour de v\u00e9rit\u00e9 dans l&rsquo;affaire \u00ab\u00a0Sweet Beauty\u00a0\u00bb"}]},{"@type":"WebSite","@id":"https:\/\/www.public.sn\/#website","url":"https:\/\/www.public.sn\/","name":"LE PUBLIC","description":"","publisher":{"@id":"https:\/\/www.public.sn\/#organization"},"potentialAction":[{"@type":"SearchAction","target":{"@type":"EntryPoint","urlTemplate":"https:\/\/www.public.sn\/?s={search_term_string}"},"query-input":{"@type":"PropertyValueSpecification","valueRequired":true,"valueName":"search_term_string"}}],"inLanguage":"fr-FR"},{"@type":"Organization","@id":"https:\/\/www.public.sn\/#organization","name":"LE PUBLIC","url":"https:\/\/www.public.sn\/","logo":{"@type":"ImageObject","inLanguage":"fr-FR","@id":"https:\/\/www.public.sn\/#\/schema\/logo\/image\/","url":"https:\/\/www.public.sn\/wp-content\/uploads\/2024\/05\/cropped-LOGO-PUBLIC.SN_.png","contentUrl":"https:\/\/www.public.sn\/wp-content\/uploads\/2024\/05\/cropped-LOGO-PUBLIC.SN_.png","width":682,"height":192,"caption":"LE PUBLIC"},"image":{"@id":"https:\/\/www.public.sn\/#\/schema\/logo\/image\/"}},{"@type":"Person","@id":"https:\/\/www.public.sn\/#\/schema\/person\/cb76c8e1b8becc6be61fb5e92d6d0224","name":"LA REDACTION","image":{"@type":"ImageObject","inLanguage":"fr-FR","@id":"https:\/\/www.public.sn\/#\/schema\/person\/image\/","url":"https:\/\/secure.gravatar.com\/avatar\/2dce5ddd34b8fef0180efe03aa2a9bee7d953856048f9a16b298190a3178407c?s=96&d=mm&r=g","contentUrl":"https:\/\/secure.gravatar.com\/avatar\/2dce5ddd34b8fef0180efe03aa2a9bee7d953856048f9a16b298190a3178407c?s=96&d=mm&r=g","caption":"LA REDACTION"},"url":"https:\/\/www.public.sn\/index.php\/author\/editeurpsn\/"}]}},"jetpack_featured_media_url":"https:\/\/www.public.sn\/wp-content\/uploads\/2023\/01\/sonko-adji-sarr-palais-de-justice.jpg","jetpack_sharing_enabled":true,"_links":{"self":[{"href":"https:\/\/www.public.sn\/index.php\/wp-json\/wp\/v2\/posts\/15724","targetHints":{"allow":["GET"]}}],"collection":[{"href":"https:\/\/www.public.sn\/index.php\/wp-json\/wp\/v2\/posts"}],"about":[{"href":"https:\/\/www.public.sn\/index.php\/wp-json\/wp\/v2\/types\/post"}],"author":[{"embeddable":true,"href":"https:\/\/www.public.sn\/index.php\/wp-json\/wp\/v2\/users\/7"}],"replies":[{"embeddable":true,"href":"https:\/\/www.public.sn\/index.php\/wp-json\/wp\/v2\/comments?post=15724"}],"version-history":[{"count":1,"href":"https:\/\/www.public.sn\/index.php\/wp-json\/wp\/v2\/posts\/15724\/revisions"}],"predecessor-version":[{"id":15725,"href":"https:\/\/www.public.sn\/index.php\/wp-json\/wp\/v2\/posts\/15724\/revisions\/15725"}],"wp:featuredmedia":[{"embeddable":true,"href":"https:\/\/www.public.sn\/index.php\/wp-json\/wp\/v2\/media\/13222"}],"wp:attachment":[{"href":"https:\/\/www.public.sn\/index.php\/wp-json\/wp\/v2\/media?parent=15724"}],"wp:term":[{"taxonomy":"category","embeddable":true,"href":"https:\/\/www.public.sn\/index.php\/wp-json\/wp\/v2\/categories?post=15724"},{"taxonomy":"post_tag","embeddable":true,"href":"https:\/\/www.public.sn\/index.php\/wp-json\/wp\/v2\/tags?post=15724"}],"curies":[{"name":"wp","href":"https:\/\/api.w.org\/{rel}","templated":true}]}}