{"id":15757,"date":"2023-02-14T14:58:38","date_gmt":"2023-02-14T14:58:38","guid":{"rendered":"https:\/\/www.public.sn\/?p=15757"},"modified":"2023-02-14T14:58:38","modified_gmt":"2023-02-14T14:58:38","slug":"sen-actualites-publiques-ce-mardi-14-fevrier-2023","status":"publish","type":"post","link":"https:\/\/www.public.sn\/index.php\/2023\/02\/14\/sen-actualites-publiques-ce-mardi-14-fevrier-2023\/","title":{"rendered":"Sen Actualit\u00e9s Publiques ,Ce Mardi 14 F\u00e9vrier 2023"},"content":{"rendered":"<p><img fetchpriority=\"high\" decoding=\"async\" class=\"alignnone size-full wp-image-15755\" src=\"https:\/\/www.public.sn\/wp-content\/uploads\/2023\/02\/sonko-copie-4_6519.jpg\" alt=\"\" width=\"1440\" height=\"1011\" srcset=\"https:\/\/www.public.sn\/wp-content\/uploads\/2023\/02\/sonko-copie-4_6519.jpg 1440w, https:\/\/www.public.sn\/wp-content\/uploads\/2023\/02\/sonko-copie-4_6519-600x421.jpg 600w, https:\/\/www.public.sn\/wp-content\/uploads\/2023\/02\/sonko-copie-4_6519-300x211.jpg 300w, https:\/\/www.public.sn\/wp-content\/uploads\/2023\/02\/sonko-copie-4_6519-1024x719.jpg 1024w, https:\/\/www.public.sn\/wp-content\/uploads\/2023\/02\/sonko-copie-4_6519-768x539.jpg 768w, https:\/\/www.public.sn\/wp-content\/uploads\/2023\/02\/sonko-copie-4_6519-750x527.jpg 750w, https:\/\/www.public.sn\/wp-content\/uploads\/2023\/02\/sonko-copie-4_6519-1140x800.jpg 1140w\" sizes=\"(max-width: 1440px) 100vw, 1440px\" \/><\/p>\n<h4 class=\"summary_label\"><strong>Comme pr\u00e9vu, les avocats de Ousmane Sonko \u00e9taient \u00e0 la chambre d\u2019accusation ce mardi, pour d\u00e9fendre leur recours. Ils ont, cependant, introduit une exception d\u2019inconstitutionnalit\u00e9 sur laquelle l\u2019institution va d\u00e9lib\u00e9rer.<\/strong><\/h4>\n<div id=\"printable\" class=\"text_body\">\n<p>\u00abLa Chambre d&rsquo;Accusation, saisie aux fins de renvoyer au Conseil Constitutionnel l&rsquo;exception d&rsquo;inconstitutionnalit\u00e9 de l&rsquo;article 180 du Code de Proc\u00e9dure P\u00e9nale soulev\u00e9e par la D\u00e9fense, a mis en d\u00e9lib\u00e9r\u00e9\u00bb, a annonc\u00e9 Me Khoureychi B\u00e2.<\/p><div class=\"publi-paragraphe1\" style=\"margin-top: 10px;margin-bottom: 10px;margin-left: auto;margin-right: auto;text-align: center;\" id=\"publi-2295967753\"><div class=\"publi-adlabel\">Publicit\u00e9<\/div><script async src=\"\/\/pagead2.googlesyndication.com\/pagead\/js\/adsbygoogle.js?client=ca-pub-4089586018074219\" crossorigin=\"anonymous\"><\/script><ins class=\"adsbygoogle\" style=\"display:block;\" data-ad-client=\"ca-pub-4089586018074219\" \ndata-ad-slot=\"2087940154\" \ndata-ad-format=\"auto\"><\/ins>\n<script> \n(adsbygoogle = window.adsbygoogle || []).push({}); \n<\/script>\n<\/div>\n<p>Il est membre du pool d\u2019avocats de Ousmane Sonko dont les conseils veulent que leur exception d\u2019inconstitutionnalit\u00e9, soulev\u00e9e ce mardi devant la chambre d&rsquo;accusation, soit d\u2019abord renvoy\u00e9e au niveau du Conseil constitutionnel, que les sages statuent dessus d\u2019abord. Et c\u2019est cette requ\u00eate que la chambre d\u2019accusation a mise en d\u00e9lib\u00e9r\u00e9.<\/p>\n<p>Ci-dessous une capture de l&rsquo;article 180 du code de proc\u00e9dure p\u00e9nale, \u00e9voqu\u00e9 par les avocats de Sonko.<\/p>\n<p><img decoding=\"async\" src=\"https:\/\/www.igfm.sn\/data\/igfm\/2023\/02\/1676382318_63eb906e470c4.png\" \/><\/p>\n<p><img decoding=\"async\" class=\"alignnone size-full wp-image-15758\" src=\"https:\/\/www.public.sn\/wp-content\/uploads\/2023\/02\/aminata-mbengue-ndiaye_3830-1.jpeg\" alt=\"\" width=\"958\" height=\"568\" srcset=\"https:\/\/www.public.sn\/wp-content\/uploads\/2023\/02\/aminata-mbengue-ndiaye_3830-1.jpeg 958w, https:\/\/www.public.sn\/wp-content\/uploads\/2023\/02\/aminata-mbengue-ndiaye_3830-1-600x356.jpeg 600w, https:\/\/www.public.sn\/wp-content\/uploads\/2023\/02\/aminata-mbengue-ndiaye_3830-1-300x178.jpeg 300w, https:\/\/www.public.sn\/wp-content\/uploads\/2023\/02\/aminata-mbengue-ndiaye_3830-1-768x455.jpeg 768w, https:\/\/www.public.sn\/wp-content\/uploads\/2023\/02\/aminata-mbengue-ndiaye_3830-1-750x445.jpeg 750w\" sizes=\"(max-width: 958px) 100vw, 958px\" \/><\/p>\n<h4 class=\"summary_label\">\u00a0<strong>Le Parti socialiste ne pr\u00e9sentera pas sa propre candidature pour la pr\u00e9sidentielle de 2024. C\u2019est la position exprim\u00e9e par la majorit\u00e9 des responsables socialistes lors du s\u00e9minaire des Verts tenu ce weekend \u00e0 la Maison du parti<\/strong>.<\/h4>\n<p class=\"summary_label\">Malgr\u00e9 quelques vents contraires Aminata Mbengue Ndiaye et Cie ont r\u00e9affirm\u00e9 leur ancrage dans Benno en vue de la prochaine course pour le Palais.<\/p>\n<div id=\"printable\" class=\"text_body\">\n<p>Les socialistes ont invoqu\u00e9 plusieurs raisons. Les \u00c9chos, qui donne l\u2019information, rapporte qu\u2019ils ont d\u00e9clar\u00e9 qu\u2019il serait incoh\u00e9rent que leur formation politique, apr\u00e8s un si long compagnonnage avec Benno, pr\u00e9sente sous sa propre banni\u00e8re un candidat \u00e0 la pr\u00e9sidentielle de 2024.<\/p>\n<p>En plus, poursuit le journal, la majorit\u00e9 des responsables du PS est convaincue que, vu la complexit\u00e9 de ses proc\u00e9dures, leur parti n\u2019aura pas le temps mat\u00e9riel pour choisir un candidat et pr\u00e9senter une candidature cr\u00e9dible.<\/p>\n<p>En dehors de la question de leur position dans Benno, les socialistes ont \u00e9voqu\u00e9 d\u2019autres points comme les finances du parti et les querelles entre responsables. Les \u00c9chos informe que les conclusions du s\u00e9minaire seront consign\u00e9es dans un rapport de synth\u00e8se \u00e0 pr\u00e9senter la semaine prochaine.<\/p>\n<\/div>\n<p><img decoding=\"async\" class=\"alignnone size-full wp-image-15613\" src=\"https:\/\/www.public.sn\/wp-content\/uploads\/2023\/02\/Babacar-Gueye.jpg\" alt=\"\" width=\"612\" height=\"298\" srcset=\"https:\/\/www.public.sn\/wp-content\/uploads\/2023\/02\/Babacar-Gueye.jpg 612w, https:\/\/www.public.sn\/wp-content\/uploads\/2023\/02\/Babacar-Gueye-600x292.jpg 600w, https:\/\/www.public.sn\/wp-content\/uploads\/2023\/02\/Babacar-Gueye-300x146.jpg 300w\" sizes=\"(max-width: 612px) 100vw, 612px\" \/><\/p>\n<h4 class=\"summary_label\"><strong>La gendarmerie vient d&rsquo;annoncer\u00a0l&rsquo;arrestation du pr\u00e9sum\u00e9 meurtrier de l&rsquo;adolescent au cours d\u2019un Thiant \u00e0 Keur Massar.<\/strong><\/h4>\n<div id=\"printable\" class=\"text_body\">\n<p>La victime \u00e9tait surnomm\u00e9e Amdy Peulh. C&rsquo;est au cours d&rsquo;une bagarre survenue \u00e0 l&rsquo;occasion d&rsquo;une c\u00e9r\u00e9monie religieuse (Thiant) organis\u00e9e entre adolescents, qu&rsquo;elle a \u00a0\u00e9t\u00e9 mortellement bless\u00e9e au cou, par arme blanche. La Gendarmerie nationale dit avoir proc\u00e9d\u00e9, ce 13 f\u00e9vrier 2023, \u00e0 l&rsquo;arrestation du pr\u00e9sum\u00e9 meurtrier.<\/p>\n<p>Les pandores expliquent que l&rsquo;enqu\u00eate ouverte par le Haut-commandement et confi\u00e9e \u00e0 la Brigade de Recherches de Keur Massar a vite permis d&rsquo;identifier, de localiser et d&rsquo;interpeller le mis en cause. \u00abIl sera d\u00e9f\u00e9r\u00e9 devant les autorit\u00e9s judiciaires d\u00e8s la cl\u00f4ture de l&rsquo;enqu\u00eate\u00bb, informe-t-elle dans un communiqu\u00e9 de presse.<\/p>\n<p><img loading=\"lazy\" decoding=\"async\" class=\"alignnone size-full wp-image-15759\" src=\"https:\/\/www.public.sn\/wp-content\/uploads\/2023\/02\/2827501_5091.jpg\" alt=\"\" width=\"1280\" height=\"720\" srcset=\"https:\/\/www.public.sn\/wp-content\/uploads\/2023\/02\/2827501_5091.jpg 1280w, https:\/\/www.public.sn\/wp-content\/uploads\/2023\/02\/2827501_5091-600x338.jpg 600w, https:\/\/www.public.sn\/wp-content\/uploads\/2023\/02\/2827501_5091-300x169.jpg 300w, https:\/\/www.public.sn\/wp-content\/uploads\/2023\/02\/2827501_5091-1024x576.jpg 1024w, https:\/\/www.public.sn\/wp-content\/uploads\/2023\/02\/2827501_5091-768x432.jpg 768w, https:\/\/www.public.sn\/wp-content\/uploads\/2023\/02\/2827501_5091-750x422.jpg 750w, https:\/\/www.public.sn\/wp-content\/uploads\/2023\/02\/2827501_5091-1140x641.jpg 1140w\" sizes=\"(max-width: 1280px) 100vw, 1280px\" \/><\/p>\n<h4 class=\"summary_label\"><strong>La maison de production Marodi est condamn\u00e9e \u00e0 payer 21 millions \u00e0 khadidiatou Sy, plus connue sous le sobriquet de Kalista.<\/strong><\/h4>\n<h4 class=\"summary_label\">Cette derni\u00e8re est connue pour avoir \u00e9crit les premi\u00e8res parties de la s\u00e9rie \u00e0 succ\u00e8s \u00abMa\u00eetresse d\u2019un homme mari\u00e9\u00bb avant de rompre avec la maison de production.<\/h4>\n<div id=\"printable\" class=\"text_body\">\n<p>Selon les ECHOS le probl\u00e8me est plus s\u00e9rieux et plus profond. Sur une plainte de Kalista Sy devant la premi\u00e8re chambre, le tribunal de commerce,Statuant publiquement en mati\u00e8re commerciale et en ressort, a condamn\u00e9 la soci\u00e9t\u00e9 Marodi \u00e0 payer \u00e0 Khadidiatou Sy la somme de 21.087.800 F Cfa. L&rsquo;audience a \u00e9t\u00e9 pr\u00e9sid\u00e9e par Papa Diabel Ndir assist\u00e9e de Ibrahima Sow et Mme Binetou Ramatoulaye San\u00e9 B\u00e2.<\/p>\n<\/div>\n<\/div>\n<\/div>\n<div class=\"publi-apres-le-contenu\" style=\"margin-top: 10px;margin-bottom: 10px;margin-left: auto;margin-right: auto;text-align: center;\" id=\"publi-1735633578\"><div class=\"publi-adlabel\">Publicit\u00e9<\/div><script async src=\"\/\/pagead2.googlesyndication.com\/pagead\/js\/adsbygoogle.js?client=ca-pub-4089586018074219\" crossorigin=\"anonymous\"><\/script><ins class=\"adsbygoogle\" style=\"display:block;\" data-ad-client=\"ca-pub-4089586018074219\" \ndata-ad-slot=\"2087940154\" \ndata-ad-format=\"auto\"><\/ins>\n<script> \n(adsbygoogle = window.adsbygoogle || []).push({}); \n<\/script>\n<\/div>","protected":false},"excerpt":{"rendered":"<p>Comme pr\u00e9vu, les avocats de Ousmane Sonko \u00e9taient \u00e0 la chambre d\u2019accusation ce mardi, pour d\u00e9fendre leur recours. Ils ont, cependant, introduit une exception d\u2019inconstitutionnalit\u00e9 sur laquelle l\u2019institution va d\u00e9lib\u00e9rer. \u00abLa Chambre d&rsquo;Accusation, saisie aux fins de renvoyer au Conseil Constitutionnel l&rsquo;exception d&rsquo;inconstitutionnalit\u00e9 de l&rsquo;article 180 du Code de Proc\u00e9dure P\u00e9nale soulev\u00e9e par la D\u00e9fense, a mis en d\u00e9lib\u00e9r\u00e9\u00bb, a annonc\u00e9 Me Khoureychi B\u00e2. Il est membre du pool d\u2019avocats de Ousmane Sonko dont les conseils veulent que leur exception d\u2019inconstitutionnalit\u00e9, soulev\u00e9e ce mardi devant la chambre d&rsquo;accusation, soit d\u2019abord renvoy\u00e9e au niveau du Conseil constitutionnel, que les sages statuent dessus d\u2019abord. Et c\u2019est cette requ\u00eate que la chambre d\u2019accusation a mise en d\u00e9lib\u00e9r\u00e9. Ci-dessous une capture de l&rsquo;article 180 du code de proc\u00e9dure p\u00e9nale, \u00e9voqu\u00e9 par les avocats de Sonko. \u00a0Le Parti socialiste ne pr\u00e9sentera pas sa propre candidature pour la pr\u00e9sidentielle de 2024. C\u2019est la position exprim\u00e9e par la majorit\u00e9 des responsables socialistes lors du s\u00e9minaire des Verts tenu ce weekend \u00e0 la Maison du parti. Malgr\u00e9 quelques vents contraires Aminata Mbengue Ndiaye et Cie ont r\u00e9affirm\u00e9 leur ancrage dans Benno en vue de la prochaine course pour le Palais. Les socialistes ont invoqu\u00e9 plusieurs raisons. Les \u00c9chos, qui donne l\u2019information, rapporte qu\u2019ils ont d\u00e9clar\u00e9 qu\u2019il serait incoh\u00e9rent que leur formation politique, apr\u00e8s un si long compagnonnage avec Benno, pr\u00e9sente sous sa propre banni\u00e8re un candidat \u00e0 la pr\u00e9sidentielle de 2024. En plus, poursuit le journal, la majorit\u00e9 des responsables du PS est convaincue que, vu la complexit\u00e9 de ses proc\u00e9dures, leur parti n\u2019aura pas le temps mat\u00e9riel pour choisir un candidat et pr\u00e9senter une candidature cr\u00e9dible. En dehors de la question de leur position dans Benno, les socialistes ont \u00e9voqu\u00e9 d\u2019autres points comme les finances du parti et les querelles entre responsables. Les \u00c9chos informe que les conclusions du s\u00e9minaire seront consign\u00e9es dans un rapport de synth\u00e8se \u00e0 pr\u00e9senter la semaine prochaine. La gendarmerie vient d&rsquo;annoncer\u00a0l&rsquo;arrestation du pr\u00e9sum\u00e9 meurtrier de l&rsquo;adolescent au cours d\u2019un Thiant \u00e0 Keur Massar. La victime \u00e9tait surnomm\u00e9e Amdy Peulh. C&rsquo;est au cours d&rsquo;une bagarre survenue \u00e0 l&rsquo;occasion d&rsquo;une c\u00e9r\u00e9monie religieuse (Thiant) organis\u00e9e entre adolescents, qu&rsquo;elle a \u00a0\u00e9t\u00e9 mortellement bless\u00e9e au cou, par arme blanche. La Gendarmerie nationale dit avoir proc\u00e9d\u00e9, ce 13 f\u00e9vrier 2023, \u00e0 l&rsquo;arrestation du pr\u00e9sum\u00e9 meurtrier. Les pandores expliquent que l&rsquo;enqu\u00eate ouverte par le Haut-commandement et confi\u00e9e \u00e0 la Brigade de Recherches de Keur Massar a vite permis d&rsquo;identifier, de localiser et d&rsquo;interpeller le mis en cause. \u00abIl sera d\u00e9f\u00e9r\u00e9 devant les autorit\u00e9s judiciaires d\u00e8s la cl\u00f4ture de l&rsquo;enqu\u00eate\u00bb, informe-t-elle dans un communiqu\u00e9 de presse. La maison de production Marodi est condamn\u00e9e \u00e0 payer 21 millions \u00e0 khadidiatou Sy, plus connue sous le sobriquet de Kalista. Cette derni\u00e8re est connue pour avoir \u00e9crit les premi\u00e8res parties de la s\u00e9rie \u00e0 succ\u00e8s \u00abMa\u00eetresse d\u2019un homme mari\u00e9\u00bb avant de rompre avec la maison de production. Selon les ECHOS le probl\u00e8me est plus s\u00e9rieux et plus profond. Sur une plainte de Kalista Sy devant la premi\u00e8re chambre, le tribunal de commerce,Statuant publiquement en mati\u00e8re commerciale et en ressort, a condamn\u00e9 la soci\u00e9t\u00e9 Marodi \u00e0 payer \u00e0 Khadidiatou Sy la somme de 21.087.800 F Cfa. L&rsquo;audience a \u00e9t\u00e9 pr\u00e9sid\u00e9e par Papa Diabel Ndir assist\u00e9e de Ibrahima Sow et Mme Binetou Ramatoulaye San\u00e9 B\u00e2.<\/p>\n","protected":false},"author":7,"featured_media":15760,"comment_status":"open","ping_status":"open","sticky":false,"template":"","format":"standard","meta":{"_jetpack_memberships_contains_paid_content":false,"footnotes":""},"categories":[375,3,372],"tags":[],"class_list":["post-15757","post","type-post","status-publish","format-standard","has-post-thumbnail","hentry","category-actualites","category-politique","category-vedette","entry","has-media","owp-thumbs-layout-horizontal","owp-btn-normal","owp-tabs-layout-horizontal","has-no-thumbnails","has-product-nav"],"yoast_head":"<!-- This site is optimized with the Yoast SEO plugin v25.5 - https:\/\/yoast.com\/wordpress\/plugins\/seo\/ -->\n<title>Sen Actualit\u00e9s Publiques ,Ce Mardi 14 F\u00e9vrier 2023 - LE PUBLIC<\/title>\n<meta name=\"robots\" content=\"index, follow, max-snippet:-1, max-image-preview:large, max-video-preview:-1\" \/>\n<link rel=\"canonical\" href=\"https:\/\/www.public.sn\/index.php\/2023\/02\/14\/sen-actualites-publiques-ce-mardi-14-fevrier-2023\/\" \/>\n<meta property=\"og:locale\" content=\"fr_FR\" \/>\n<meta property=\"og:type\" content=\"article\" \/>\n<meta property=\"og:title\" content=\"Sen Actualit\u00e9s Publiques ,Ce Mardi 14 F\u00e9vrier 2023 - LE PUBLIC\" \/>\n<meta property=\"og:description\" content=\"Comme pr\u00e9vu, les avocats de Ousmane Sonko \u00e9taient \u00e0 la chambre d\u2019accusation ce mardi, pour d\u00e9fendre leur recours. Ils ont, cependant, introduit une exception d\u2019inconstitutionnalit\u00e9 sur laquelle l\u2019institution va d\u00e9lib\u00e9rer. \u00abLa Chambre d&rsquo;Accusation, saisie aux fins de renvoyer au Conseil Constitutionnel l&rsquo;exception d&rsquo;inconstitutionnalit\u00e9 de l&rsquo;article 180 du Code de Proc\u00e9dure P\u00e9nale soulev\u00e9e par la D\u00e9fense, a mis en d\u00e9lib\u00e9r\u00e9\u00bb, a annonc\u00e9 Me Khoureychi B\u00e2. Il est membre du pool d\u2019avocats de Ousmane Sonko dont les conseils veulent que leur exception d\u2019inconstitutionnalit\u00e9, soulev\u00e9e ce mardi devant la chambre d&rsquo;accusation, soit d\u2019abord renvoy\u00e9e au niveau du Conseil constitutionnel, que les sages statuent dessus d\u2019abord. Et c\u2019est cette requ\u00eate que la chambre d\u2019accusation a mise en d\u00e9lib\u00e9r\u00e9. Ci-dessous une capture de l&rsquo;article 180 du code de proc\u00e9dure p\u00e9nale, \u00e9voqu\u00e9 par les avocats de Sonko. \u00a0Le Parti socialiste ne pr\u00e9sentera pas sa propre candidature pour la pr\u00e9sidentielle de 2024. C\u2019est la position exprim\u00e9e par la majorit\u00e9 des responsables socialistes lors du s\u00e9minaire des Verts tenu ce weekend \u00e0 la Maison du parti. Malgr\u00e9 quelques vents contraires Aminata Mbengue Ndiaye et Cie ont r\u00e9affirm\u00e9 leur ancrage dans Benno en vue de la prochaine course pour le Palais. Les socialistes ont invoqu\u00e9 plusieurs raisons. Les \u00c9chos, qui donne l\u2019information, rapporte qu\u2019ils ont d\u00e9clar\u00e9 qu\u2019il serait incoh\u00e9rent que leur formation politique, apr\u00e8s un si long compagnonnage avec Benno, pr\u00e9sente sous sa propre banni\u00e8re un candidat \u00e0 la pr\u00e9sidentielle de 2024. En plus, poursuit le journal, la majorit\u00e9 des responsables du PS est convaincue que, vu la complexit\u00e9 de ses proc\u00e9dures, leur parti n\u2019aura pas le temps mat\u00e9riel pour choisir un candidat et pr\u00e9senter une candidature cr\u00e9dible. En dehors de la question de leur position dans Benno, les socialistes ont \u00e9voqu\u00e9 d\u2019autres points comme les finances du parti et les querelles entre responsables. Les \u00c9chos informe que les conclusions du s\u00e9minaire seront consign\u00e9es dans un rapport de synth\u00e8se \u00e0 pr\u00e9senter la semaine prochaine. La gendarmerie vient d&rsquo;annoncer\u00a0l&rsquo;arrestation du pr\u00e9sum\u00e9 meurtrier de l&rsquo;adolescent au cours d\u2019un Thiant \u00e0 Keur Massar. La victime \u00e9tait surnomm\u00e9e Amdy Peulh. C&rsquo;est au cours d&rsquo;une bagarre survenue \u00e0 l&rsquo;occasion d&rsquo;une c\u00e9r\u00e9monie religieuse (Thiant) organis\u00e9e entre adolescents, qu&rsquo;elle a \u00a0\u00e9t\u00e9 mortellement bless\u00e9e au cou, par arme blanche. La Gendarmerie nationale dit avoir proc\u00e9d\u00e9, ce 13 f\u00e9vrier 2023, \u00e0 l&rsquo;arrestation du pr\u00e9sum\u00e9 meurtrier. Les pandores expliquent que l&rsquo;enqu\u00eate ouverte par le Haut-commandement et confi\u00e9e \u00e0 la Brigade de Recherches de Keur Massar a vite permis d&rsquo;identifier, de localiser et d&rsquo;interpeller le mis en cause. \u00abIl sera d\u00e9f\u00e9r\u00e9 devant les autorit\u00e9s judiciaires d\u00e8s la cl\u00f4ture de l&rsquo;enqu\u00eate\u00bb, informe-t-elle dans un communiqu\u00e9 de presse. La maison de production Marodi est condamn\u00e9e \u00e0 payer 21 millions \u00e0 khadidiatou Sy, plus connue sous le sobriquet de Kalista. Cette derni\u00e8re est connue pour avoir \u00e9crit les premi\u00e8res parties de la s\u00e9rie \u00e0 succ\u00e8s \u00abMa\u00eetresse d\u2019un homme mari\u00e9\u00bb avant de rompre avec la maison de production. Selon les ECHOS le probl\u00e8me est plus s\u00e9rieux et plus profond. Sur une plainte de Kalista Sy devant la premi\u00e8re chambre, le tribunal de commerce,Statuant publiquement en mati\u00e8re commerciale et en ressort, a condamn\u00e9 la soci\u00e9t\u00e9 Marodi \u00e0 payer \u00e0 Khadidiatou Sy la somme de 21.087.800 F Cfa. L&rsquo;audience a \u00e9t\u00e9 pr\u00e9sid\u00e9e par Papa Diabel Ndir assist\u00e9e de Ibrahima Sow et Mme Binetou Ramatoulaye San\u00e9 B\u00e2.\" \/>\n<meta property=\"og:url\" content=\"https:\/\/www.public.sn\/index.php\/2023\/02\/14\/sen-actualites-publiques-ce-mardi-14-fevrier-2023\/\" \/>\n<meta property=\"og:site_name\" content=\"LE PUBLIC\" \/>\n<meta property=\"article:published_time\" content=\"2023-02-14T14:58:38+00:00\" \/>\n<meta property=\"og:image\" content=\"https:\/\/www.public.sn\/wp-content\/uploads\/2023\/02\/sonko-copie-4_6519-1.jpg\" \/>\n\t<meta property=\"og:image:width\" content=\"1440\" \/>\n\t<meta property=\"og:image:height\" content=\"1011\" \/>\n\t<meta property=\"og:image:type\" content=\"image\/jpeg\" \/>\n<meta name=\"author\" content=\"LA REDACTION\" \/>\n<meta name=\"twitter:card\" content=\"summary_large_image\" \/>\n<meta name=\"twitter:label1\" content=\"\u00c9crit par\" \/>\n\t<meta name=\"twitter:data1\" content=\"LA REDACTION\" \/>\n\t<meta name=\"twitter:label2\" content=\"Dur\u00e9e de lecture estim\u00e9e\" \/>\n\t<meta name=\"twitter:data2\" content=\"4 minutes\" \/>\n<script type=\"application\/ld+json\" class=\"yoast-schema-graph\">{\"@context\":\"https:\/\/schema.org\",\"@graph\":[{\"@type\":\"Article\",\"@id\":\"https:\/\/www.public.sn\/index.php\/2023\/02\/14\/sen-actualites-publiques-ce-mardi-14-fevrier-2023\/#article\",\"isPartOf\":{\"@id\":\"https:\/\/www.public.sn\/index.php\/2023\/02\/14\/sen-actualites-publiques-ce-mardi-14-fevrier-2023\/\"},\"author\":{\"name\":\"LA REDACTION\",\"@id\":\"https:\/\/www.public.sn\/#\/schema\/person\/cb76c8e1b8becc6be61fb5e92d6d0224\"},\"headline\":\"Sen Actualit\u00e9s Publiques ,Ce Mardi 14 F\u00e9vrier 2023\",\"datePublished\":\"2023-02-14T14:58:38+00:00\",\"mainEntityOfPage\":{\"@id\":\"https:\/\/www.public.sn\/index.php\/2023\/02\/14\/sen-actualites-publiques-ce-mardi-14-fevrier-2023\/\"},\"wordCount\":613,\"commentCount\":0,\"publisher\":{\"@id\":\"https:\/\/www.public.sn\/#organization\"},\"image\":{\"@id\":\"https:\/\/www.public.sn\/index.php\/2023\/02\/14\/sen-actualites-publiques-ce-mardi-14-fevrier-2023\/#primaryimage\"},\"thumbnailUrl\":\"https:\/\/www.public.sn\/wp-content\/uploads\/2023\/02\/sonko-copie-4_6519-1.jpg\",\"articleSection\":[\"ACTUALIT\u00c9S\",\"POLITIQUE\",\"VEDETTE\"],\"inLanguage\":\"fr-FR\",\"potentialAction\":[{\"@type\":\"CommentAction\",\"name\":\"Comment\",\"target\":[\"https:\/\/www.public.sn\/index.php\/2023\/02\/14\/sen-actualites-publiques-ce-mardi-14-fevrier-2023\/#respond\"]}]},{\"@type\":\"WebPage\",\"@id\":\"https:\/\/www.public.sn\/index.php\/2023\/02\/14\/sen-actualites-publiques-ce-mardi-14-fevrier-2023\/\",\"url\":\"https:\/\/www.public.sn\/index.php\/2023\/02\/14\/sen-actualites-publiques-ce-mardi-14-fevrier-2023\/\",\"name\":\"Sen Actualit\u00e9s Publiques ,Ce Mardi 14 F\u00e9vrier 2023 - LE PUBLIC\",\"isPartOf\":{\"@id\":\"https:\/\/www.public.sn\/#website\"},\"primaryImageOfPage\":{\"@id\":\"https:\/\/www.public.sn\/index.php\/2023\/02\/14\/sen-actualites-publiques-ce-mardi-14-fevrier-2023\/#primaryimage\"},\"image\":{\"@id\":\"https:\/\/www.public.sn\/index.php\/2023\/02\/14\/sen-actualites-publiques-ce-mardi-14-fevrier-2023\/#primaryimage\"},\"thumbnailUrl\":\"https:\/\/www.public.sn\/wp-content\/uploads\/2023\/02\/sonko-copie-4_6519-1.jpg\",\"datePublished\":\"2023-02-14T14:58:38+00:00\",\"breadcrumb\":{\"@id\":\"https:\/\/www.public.sn\/index.php\/2023\/02\/14\/sen-actualites-publiques-ce-mardi-14-fevrier-2023\/#breadcrumb\"},\"inLanguage\":\"fr-FR\",\"potentialAction\":[{\"@type\":\"ReadAction\",\"target\":[\"https:\/\/www.public.sn\/index.php\/2023\/02\/14\/sen-actualites-publiques-ce-mardi-14-fevrier-2023\/\"]}]},{\"@type\":\"ImageObject\",\"inLanguage\":\"fr-FR\",\"@id\":\"https:\/\/www.public.sn\/index.php\/2023\/02\/14\/sen-actualites-publiques-ce-mardi-14-fevrier-2023\/#primaryimage\",\"url\":\"https:\/\/www.public.sn\/wp-content\/uploads\/2023\/02\/sonko-copie-4_6519-1.jpg\",\"contentUrl\":\"https:\/\/www.public.sn\/wp-content\/uploads\/2023\/02\/sonko-copie-4_6519-1.jpg\",\"width\":1440,\"height\":1011},{\"@type\":\"BreadcrumbList\",\"@id\":\"https:\/\/www.public.sn\/index.php\/2023\/02\/14\/sen-actualites-publiques-ce-mardi-14-fevrier-2023\/#breadcrumb\",\"itemListElement\":[{\"@type\":\"ListItem\",\"position\":1,\"name\":\"Accueil\",\"item\":\"https:\/\/www.public.sn\/\"},{\"@type\":\"ListItem\",\"position\":2,\"name\":\"Sen Actualit\u00e9s Publiques ,Ce Mardi 14 F\u00e9vrier 2023\"}]},{\"@type\":\"WebSite\",\"@id\":\"https:\/\/www.public.sn\/#website\",\"url\":\"https:\/\/www.public.sn\/\",\"name\":\"LE PUBLIC\",\"description\":\"\",\"publisher\":{\"@id\":\"https:\/\/www.public.sn\/#organization\"},\"potentialAction\":[{\"@type\":\"SearchAction\",\"target\":{\"@type\":\"EntryPoint\",\"urlTemplate\":\"https:\/\/www.public.sn\/?s={search_term_string}\"},\"query-input\":{\"@type\":\"PropertyValueSpecification\",\"valueRequired\":true,\"valueName\":\"search_term_string\"}}],\"inLanguage\":\"fr-FR\"},{\"@type\":\"Organization\",\"@id\":\"https:\/\/www.public.sn\/#organization\",\"name\":\"LE PUBLIC\",\"url\":\"https:\/\/www.public.sn\/\",\"logo\":{\"@type\":\"ImageObject\",\"inLanguage\":\"fr-FR\",\"@id\":\"https:\/\/www.public.sn\/#\/schema\/logo\/image\/\",\"url\":\"https:\/\/www.public.sn\/wp-content\/uploads\/2024\/05\/cropped-LOGO-PUBLIC.SN_.png\",\"contentUrl\":\"https:\/\/www.public.sn\/wp-content\/uploads\/2024\/05\/cropped-LOGO-PUBLIC.SN_.png\",\"width\":682,\"height\":192,\"caption\":\"LE PUBLIC\"},\"image\":{\"@id\":\"https:\/\/www.public.sn\/#\/schema\/logo\/image\/\"}},{\"@type\":\"Person\",\"@id\":\"https:\/\/www.public.sn\/#\/schema\/person\/cb76c8e1b8becc6be61fb5e92d6d0224\",\"name\":\"LA REDACTION\",\"image\":{\"@type\":\"ImageObject\",\"inLanguage\":\"fr-FR\",\"@id\":\"https:\/\/www.public.sn\/#\/schema\/person\/image\/\",\"url\":\"https:\/\/secure.gravatar.com\/avatar\/2dce5ddd34b8fef0180efe03aa2a9bee7d953856048f9a16b298190a3178407c?s=96&d=mm&r=g\",\"contentUrl\":\"https:\/\/secure.gravatar.com\/avatar\/2dce5ddd34b8fef0180efe03aa2a9bee7d953856048f9a16b298190a3178407c?s=96&d=mm&r=g\",\"caption\":\"LA REDACTION\"},\"url\":\"https:\/\/www.public.sn\/index.php\/author\/editeurpsn\/\"}]}<\/script>\n<!-- \/ Yoast SEO plugin. -->","yoast_head_json":{"title":"Sen Actualit\u00e9s Publiques ,Ce Mardi 14 F\u00e9vrier 2023 - LE PUBLIC","robots":{"index":"index","follow":"follow","max-snippet":"max-snippet:-1","max-image-preview":"max-image-preview:large","max-video-preview":"max-video-preview:-1"},"canonical":"https:\/\/www.public.sn\/index.php\/2023\/02\/14\/sen-actualites-publiques-ce-mardi-14-fevrier-2023\/","og_locale":"fr_FR","og_type":"article","og_title":"Sen Actualit\u00e9s Publiques ,Ce Mardi 14 F\u00e9vrier 2023 - LE PUBLIC","og_description":"Comme pr\u00e9vu, les avocats de Ousmane Sonko \u00e9taient \u00e0 la chambre d\u2019accusation ce mardi, pour d\u00e9fendre leur recours. Ils ont, cependant, introduit une exception d\u2019inconstitutionnalit\u00e9 sur laquelle l\u2019institution va d\u00e9lib\u00e9rer. \u00abLa Chambre d&rsquo;Accusation, saisie aux fins de renvoyer au Conseil Constitutionnel l&rsquo;exception d&rsquo;inconstitutionnalit\u00e9 de l&rsquo;article 180 du Code de Proc\u00e9dure P\u00e9nale soulev\u00e9e par la D\u00e9fense, a mis en d\u00e9lib\u00e9r\u00e9\u00bb, a annonc\u00e9 Me Khoureychi B\u00e2. Il est membre du pool d\u2019avocats de Ousmane Sonko dont les conseils veulent que leur exception d\u2019inconstitutionnalit\u00e9, soulev\u00e9e ce mardi devant la chambre d&rsquo;accusation, soit d\u2019abord renvoy\u00e9e au niveau du Conseil constitutionnel, que les sages statuent dessus d\u2019abord. Et c\u2019est cette requ\u00eate que la chambre d\u2019accusation a mise en d\u00e9lib\u00e9r\u00e9. Ci-dessous une capture de l&rsquo;article 180 du code de proc\u00e9dure p\u00e9nale, \u00e9voqu\u00e9 par les avocats de Sonko. \u00a0Le Parti socialiste ne pr\u00e9sentera pas sa propre candidature pour la pr\u00e9sidentielle de 2024. C\u2019est la position exprim\u00e9e par la majorit\u00e9 des responsables socialistes lors du s\u00e9minaire des Verts tenu ce weekend \u00e0 la Maison du parti. Malgr\u00e9 quelques vents contraires Aminata Mbengue Ndiaye et Cie ont r\u00e9affirm\u00e9 leur ancrage dans Benno en vue de la prochaine course pour le Palais. Les socialistes ont invoqu\u00e9 plusieurs raisons. Les \u00c9chos, qui donne l\u2019information, rapporte qu\u2019ils ont d\u00e9clar\u00e9 qu\u2019il serait incoh\u00e9rent que leur formation politique, apr\u00e8s un si long compagnonnage avec Benno, pr\u00e9sente sous sa propre banni\u00e8re un candidat \u00e0 la pr\u00e9sidentielle de 2024. En plus, poursuit le journal, la majorit\u00e9 des responsables du PS est convaincue que, vu la complexit\u00e9 de ses proc\u00e9dures, leur parti n\u2019aura pas le temps mat\u00e9riel pour choisir un candidat et pr\u00e9senter une candidature cr\u00e9dible. En dehors de la question de leur position dans Benno, les socialistes ont \u00e9voqu\u00e9 d\u2019autres points comme les finances du parti et les querelles entre responsables. Les \u00c9chos informe que les conclusions du s\u00e9minaire seront consign\u00e9es dans un rapport de synth\u00e8se \u00e0 pr\u00e9senter la semaine prochaine. La gendarmerie vient d&rsquo;annoncer\u00a0l&rsquo;arrestation du pr\u00e9sum\u00e9 meurtrier de l&rsquo;adolescent au cours d\u2019un Thiant \u00e0 Keur Massar. La victime \u00e9tait surnomm\u00e9e Amdy Peulh. C&rsquo;est au cours d&rsquo;une bagarre survenue \u00e0 l&rsquo;occasion d&rsquo;une c\u00e9r\u00e9monie religieuse (Thiant) organis\u00e9e entre adolescents, qu&rsquo;elle a \u00a0\u00e9t\u00e9 mortellement bless\u00e9e au cou, par arme blanche. La Gendarmerie nationale dit avoir proc\u00e9d\u00e9, ce 13 f\u00e9vrier 2023, \u00e0 l&rsquo;arrestation du pr\u00e9sum\u00e9 meurtrier. Les pandores expliquent que l&rsquo;enqu\u00eate ouverte par le Haut-commandement et confi\u00e9e \u00e0 la Brigade de Recherches de Keur Massar a vite permis d&rsquo;identifier, de localiser et d&rsquo;interpeller le mis en cause. \u00abIl sera d\u00e9f\u00e9r\u00e9 devant les autorit\u00e9s judiciaires d\u00e8s la cl\u00f4ture de l&rsquo;enqu\u00eate\u00bb, informe-t-elle dans un communiqu\u00e9 de presse. La maison de production Marodi est condamn\u00e9e \u00e0 payer 21 millions \u00e0 khadidiatou Sy, plus connue sous le sobriquet de Kalista. Cette derni\u00e8re est connue pour avoir \u00e9crit les premi\u00e8res parties de la s\u00e9rie \u00e0 succ\u00e8s \u00abMa\u00eetresse d\u2019un homme mari\u00e9\u00bb avant de rompre avec la maison de production. Selon les ECHOS le probl\u00e8me est plus s\u00e9rieux et plus profond. Sur une plainte de Kalista Sy devant la premi\u00e8re chambre, le tribunal de commerce,Statuant publiquement en mati\u00e8re commerciale et en ressort, a condamn\u00e9 la soci\u00e9t\u00e9 Marodi \u00e0 payer \u00e0 Khadidiatou Sy la somme de 21.087.800 F Cfa. L&rsquo;audience a \u00e9t\u00e9 pr\u00e9sid\u00e9e par Papa Diabel Ndir assist\u00e9e de Ibrahima Sow et Mme Binetou Ramatoulaye San\u00e9 B\u00e2.","og_url":"https:\/\/www.public.sn\/index.php\/2023\/02\/14\/sen-actualites-publiques-ce-mardi-14-fevrier-2023\/","og_site_name":"LE PUBLIC","article_published_time":"2023-02-14T14:58:38+00:00","og_image":[{"width":1440,"height":1011,"url":"https:\/\/www.public.sn\/wp-content\/uploads\/2023\/02\/sonko-copie-4_6519-1.jpg","type":"image\/jpeg"}],"author":"LA REDACTION","twitter_card":"summary_large_image","twitter_misc":{"\u00c9crit par":"LA REDACTION","Dur\u00e9e de lecture estim\u00e9e":"4 minutes"},"schema":{"@context":"https:\/\/schema.org","@graph":[{"@type":"Article","@id":"https:\/\/www.public.sn\/index.php\/2023\/02\/14\/sen-actualites-publiques-ce-mardi-14-fevrier-2023\/#article","isPartOf":{"@id":"https:\/\/www.public.sn\/index.php\/2023\/02\/14\/sen-actualites-publiques-ce-mardi-14-fevrier-2023\/"},"author":{"name":"LA REDACTION","@id":"https:\/\/www.public.sn\/#\/schema\/person\/cb76c8e1b8becc6be61fb5e92d6d0224"},"headline":"Sen Actualit\u00e9s Publiques ,Ce Mardi 14 F\u00e9vrier 2023","datePublished":"2023-02-14T14:58:38+00:00","mainEntityOfPage":{"@id":"https:\/\/www.public.sn\/index.php\/2023\/02\/14\/sen-actualites-publiques-ce-mardi-14-fevrier-2023\/"},"wordCount":613,"commentCount":0,"publisher":{"@id":"https:\/\/www.public.sn\/#organization"},"image":{"@id":"https:\/\/www.public.sn\/index.php\/2023\/02\/14\/sen-actualites-publiques-ce-mardi-14-fevrier-2023\/#primaryimage"},"thumbnailUrl":"https:\/\/www.public.sn\/wp-content\/uploads\/2023\/02\/sonko-copie-4_6519-1.jpg","articleSection":["ACTUALIT\u00c9S","POLITIQUE","VEDETTE"],"inLanguage":"fr-FR","potentialAction":[{"@type":"CommentAction","name":"Comment","target":["https:\/\/www.public.sn\/index.php\/2023\/02\/14\/sen-actualites-publiques-ce-mardi-14-fevrier-2023\/#respond"]}]},{"@type":"WebPage","@id":"https:\/\/www.public.sn\/index.php\/2023\/02\/14\/sen-actualites-publiques-ce-mardi-14-fevrier-2023\/","url":"https:\/\/www.public.sn\/index.php\/2023\/02\/14\/sen-actualites-publiques-ce-mardi-14-fevrier-2023\/","name":"Sen Actualit\u00e9s Publiques ,Ce Mardi 14 F\u00e9vrier 2023 - LE PUBLIC","isPartOf":{"@id":"https:\/\/www.public.sn\/#website"},"primaryImageOfPage":{"@id":"https:\/\/www.public.sn\/index.php\/2023\/02\/14\/sen-actualites-publiques-ce-mardi-14-fevrier-2023\/#primaryimage"},"image":{"@id":"https:\/\/www.public.sn\/index.php\/2023\/02\/14\/sen-actualites-publiques-ce-mardi-14-fevrier-2023\/#primaryimage"},"thumbnailUrl":"https:\/\/www.public.sn\/wp-content\/uploads\/2023\/02\/sonko-copie-4_6519-1.jpg","datePublished":"2023-02-14T14:58:38+00:00","breadcrumb":{"@id":"https:\/\/www.public.sn\/index.php\/2023\/02\/14\/sen-actualites-publiques-ce-mardi-14-fevrier-2023\/#breadcrumb"},"inLanguage":"fr-FR","potentialAction":[{"@type":"ReadAction","target":["https:\/\/www.public.sn\/index.php\/2023\/02\/14\/sen-actualites-publiques-ce-mardi-14-fevrier-2023\/"]}]},{"@type":"ImageObject","inLanguage":"fr-FR","@id":"https:\/\/www.public.sn\/index.php\/2023\/02\/14\/sen-actualites-publiques-ce-mardi-14-fevrier-2023\/#primaryimage","url":"https:\/\/www.public.sn\/wp-content\/uploads\/2023\/02\/sonko-copie-4_6519-1.jpg","contentUrl":"https:\/\/www.public.sn\/wp-content\/uploads\/2023\/02\/sonko-copie-4_6519-1.jpg","width":1440,"height":1011},{"@type":"BreadcrumbList","@id":"https:\/\/www.public.sn\/index.php\/2023\/02\/14\/sen-actualites-publiques-ce-mardi-14-fevrier-2023\/#breadcrumb","itemListElement":[{"@type":"ListItem","position":1,"name":"Accueil","item":"https:\/\/www.public.sn\/"},{"@type":"ListItem","position":2,"name":"Sen Actualit\u00e9s Publiques ,Ce Mardi 14 F\u00e9vrier 2023"}]},{"@type":"WebSite","@id":"https:\/\/www.public.sn\/#website","url":"https:\/\/www.public.sn\/","name":"LE PUBLIC","description":"","publisher":{"@id":"https:\/\/www.public.sn\/#organization"},"potentialAction":[{"@type":"SearchAction","target":{"@type":"EntryPoint","urlTemplate":"https:\/\/www.public.sn\/?s={search_term_string}"},"query-input":{"@type":"PropertyValueSpecification","valueRequired":true,"valueName":"search_term_string"}}],"inLanguage":"fr-FR"},{"@type":"Organization","@id":"https:\/\/www.public.sn\/#organization","name":"LE PUBLIC","url":"https:\/\/www.public.sn\/","logo":{"@type":"ImageObject","inLanguage":"fr-FR","@id":"https:\/\/www.public.sn\/#\/schema\/logo\/image\/","url":"https:\/\/www.public.sn\/wp-content\/uploads\/2024\/05\/cropped-LOGO-PUBLIC.SN_.png","contentUrl":"https:\/\/www.public.sn\/wp-content\/uploads\/2024\/05\/cropped-LOGO-PUBLIC.SN_.png","width":682,"height":192,"caption":"LE PUBLIC"},"image":{"@id":"https:\/\/www.public.sn\/#\/schema\/logo\/image\/"}},{"@type":"Person","@id":"https:\/\/www.public.sn\/#\/schema\/person\/cb76c8e1b8becc6be61fb5e92d6d0224","name":"LA REDACTION","image":{"@type":"ImageObject","inLanguage":"fr-FR","@id":"https:\/\/www.public.sn\/#\/schema\/person\/image\/","url":"https:\/\/secure.gravatar.com\/avatar\/2dce5ddd34b8fef0180efe03aa2a9bee7d953856048f9a16b298190a3178407c?s=96&d=mm&r=g","contentUrl":"https:\/\/secure.gravatar.com\/avatar\/2dce5ddd34b8fef0180efe03aa2a9bee7d953856048f9a16b298190a3178407c?s=96&d=mm&r=g","caption":"LA REDACTION"},"url":"https:\/\/www.public.sn\/index.php\/author\/editeurpsn\/"}]}},"jetpack_featured_media_url":"https:\/\/www.public.sn\/wp-content\/uploads\/2023\/02\/sonko-copie-4_6519-1.jpg","jetpack_sharing_enabled":true,"_links":{"self":[{"href":"https:\/\/www.public.sn\/index.php\/wp-json\/wp\/v2\/posts\/15757","targetHints":{"allow":["GET"]}}],"collection":[{"href":"https:\/\/www.public.sn\/index.php\/wp-json\/wp\/v2\/posts"}],"about":[{"href":"https:\/\/www.public.sn\/index.php\/wp-json\/wp\/v2\/types\/post"}],"author":[{"embeddable":true,"href":"https:\/\/www.public.sn\/index.php\/wp-json\/wp\/v2\/users\/7"}],"replies":[{"embeddable":true,"href":"https:\/\/www.public.sn\/index.php\/wp-json\/wp\/v2\/comments?post=15757"}],"version-history":[{"count":1,"href":"https:\/\/www.public.sn\/index.php\/wp-json\/wp\/v2\/posts\/15757\/revisions"}],"predecessor-version":[{"id":15761,"href":"https:\/\/www.public.sn\/index.php\/wp-json\/wp\/v2\/posts\/15757\/revisions\/15761"}],"wp:featuredmedia":[{"embeddable":true,"href":"https:\/\/www.public.sn\/index.php\/wp-json\/wp\/v2\/media\/15760"}],"wp:attachment":[{"href":"https:\/\/www.public.sn\/index.php\/wp-json\/wp\/v2\/media?parent=15757"}],"wp:term":[{"taxonomy":"category","embeddable":true,"href":"https:\/\/www.public.sn\/index.php\/wp-json\/wp\/v2\/categories?post=15757"},{"taxonomy":"post_tag","embeddable":true,"href":"https:\/\/www.public.sn\/index.php\/wp-json\/wp\/v2\/tags?post=15757"}],"curies":[{"name":"wp","href":"https:\/\/api.w.org\/{rel}","templated":true}]}}