{"id":15769,"date":"2023-02-14T17:03:46","date_gmt":"2023-02-14T17:03:46","guid":{"rendered":"https:\/\/www.public.sn\/?p=15769"},"modified":"2023-02-14T17:05:42","modified_gmt":"2023-02-14T17:05:42","slug":"15769","status":"publish","type":"post","link":"https:\/\/www.public.sn\/index.php\/2023\/02\/14\/15769\/","title":{"rendered":"Chambre Criminelle : La requ\u00eate des conseils de Sonko mise en d\u00e9lib\u00e9r\u00e9"},"content":{"rendered":"<p>La chambre d\u2019accusation de la Cour d\u2019appel de Dakar s\u2019est pench\u00e9e ce mardi 14 f\u00e9vrier 2023, sur la requ\u00eate introduite par les avocats de Ousmane Sonko aux fins d\u2019annulation du renvoi de l\u2019affaire de Sweet beauty par le Doyen des juges, devant la Chambre criminelle. L\u2019un des conseillers du leader de Pastef Les Patriotes, a annonc\u00e9 l\u2019affaire est \u00ab mise en d\u00e9lib\u00e9r\u00e9 \u00bb.\u00a0\u00a0<em>\u00ab La Chambre d\u2019Accusation, saisie aux fins de renvoyer au Conseil Constitutionnel l\u2019exception d\u2019inconstitutionnalit\u00e9 de l\u2019article 180 du Code de Proc\u00e9dure P\u00e9nale soulev\u00e9e par la D\u00e9fense, a mis en d\u00e9lib\u00e9r\u00e9\u00a0\u00bb<\/em>, a annonc\u00e9 Me Khoureysi Ba, via sa page Facebook.<\/p><div class=\"publi-paragraphe1\" style=\"margin-top: 10px;margin-bottom: 10px;margin-left: auto;margin-right: auto;text-align: center;\" id=\"publi-3751692809\"><div class=\"publi-adlabel\">Publicit\u00e9<\/div><script async src=\"\/\/pagead2.googlesyndication.com\/pagead\/js\/adsbygoogle.js?client=ca-pub-4089586018074219\" crossorigin=\"anonymous\"><\/script><ins class=\"adsbygoogle\" style=\"display:block;\" data-ad-client=\"ca-pub-4089586018074219\" \ndata-ad-slot=\"2087940154\" \ndata-ad-format=\"auto\"><\/ins>\n<script> \n(adsbygoogle = window.adsbygoogle || []).push({}); \n<\/script>\n<\/div>\n<div class=\"publi-apres-le-contenu\" style=\"margin-top: 10px;margin-bottom: 10px;margin-left: auto;margin-right: auto;text-align: center;\" id=\"publi-108547330\"><div class=\"publi-adlabel\">Publicit\u00e9<\/div><script async src=\"\/\/pagead2.googlesyndication.com\/pagead\/js\/adsbygoogle.js?client=ca-pub-4089586018074219\" crossorigin=\"anonymous\"><\/script><ins class=\"adsbygoogle\" style=\"display:block;\" data-ad-client=\"ca-pub-4089586018074219\" \ndata-ad-slot=\"2087940154\" \ndata-ad-format=\"auto\"><\/ins>\n<script> \n(adsbygoogle = window.adsbygoogle || []).push({}); \n<\/script>\n<\/div>","protected":false},"excerpt":{"rendered":"<p>La chambre d\u2019accusation de la Cour d\u2019appel de Dakar s\u2019est pench\u00e9e ce mardi 14 f\u00e9vrier 2023, sur la requ\u00eate introduite par les avocats de Ousmane Sonko aux fins d\u2019annulation du renvoi de l\u2019affaire de Sweet beauty par le Doyen des juges, devant la Chambre criminelle. L\u2019un des conseillers du leader de Pastef Les Patriotes, a annonc\u00e9 l\u2019affaire est \u00ab mise en d\u00e9lib\u00e9r\u00e9 \u00bb.\u00a0\u00a0\u00ab La Chambre d\u2019Accusation, saisie aux fins de renvoyer au Conseil Constitutionnel l\u2019exception d\u2019inconstitutionnalit\u00e9 de l\u2019article 180 du Code de Proc\u00e9dure P\u00e9nale soulev\u00e9e par la D\u00e9fense, a mis en d\u00e9lib\u00e9r\u00e9\u00a0\u00bb, a annonc\u00e9 Me Khoureysi Ba, via sa page Facebook.<\/p>\n","protected":false},"author":7,"featured_media":12390,"comment_status":"open","ping_status":"open","sticky":false,"template":"","format":"standard","meta":{"_jetpack_memberships_contains_paid_content":false,"footnotes":""},"categories":[375,3724,3,376,1,4,372],"tags":[99,16,4412],"class_list":["post-15769","post","type-post","status-publish","format-standard","has-post-thumbnail","hentry","category-actualites","category-justice","category-politique","category-securite-justice","category-non-classe","category-societe","category-vedette","tag-adji-sarr","tag-ousmane-sonko","tag-sxeet-beauty","entry","has-media","owp-thumbs-layout-horizontal","owp-btn-normal","owp-tabs-layout-horizontal","has-no-thumbnails","has-product-nav"],"yoast_head":"<!-- This site is optimized with the Yoast SEO plugin v25.5 - https:\/\/yoast.com\/wordpress\/plugins\/seo\/ -->\n<title>Chambre Criminelle : La requ\u00eate des conseils de Sonko mise en d\u00e9lib\u00e9r\u00e9 - LE PUBLIC<\/title>\n<meta name=\"robots\" content=\"index, follow, max-snippet:-1, max-image-preview:large, max-video-preview:-1\" \/>\n<link rel=\"canonical\" href=\"https:\/\/www.public.sn\/index.php\/2023\/02\/14\/15769\/\" \/>\n<meta property=\"og:locale\" content=\"fr_FR\" \/>\n<meta property=\"og:type\" content=\"article\" \/>\n<meta property=\"og:title\" content=\"Chambre Criminelle : La requ\u00eate des conseils de Sonko mise en d\u00e9lib\u00e9r\u00e9 - LE PUBLIC\" \/>\n<meta property=\"og:description\" content=\"La chambre d\u2019accusation de la Cour d\u2019appel de Dakar s\u2019est pench\u00e9e ce mardi 14 f\u00e9vrier 2023, sur la requ\u00eate introduite par les avocats de Ousmane Sonko aux fins d\u2019annulation du renvoi de l\u2019affaire de Sweet beauty par le Doyen des juges, devant la Chambre criminelle. L\u2019un des conseillers du leader de Pastef Les Patriotes, a annonc\u00e9 l\u2019affaire est \u00ab mise en d\u00e9lib\u00e9r\u00e9 \u00bb.\u00a0\u00a0\u00ab La Chambre d\u2019Accusation, saisie aux fins de renvoyer au Conseil Constitutionnel l\u2019exception d\u2019inconstitutionnalit\u00e9 de l\u2019article 180 du Code de Proc\u00e9dure P\u00e9nale soulev\u00e9e par la D\u00e9fense, a mis en d\u00e9lib\u00e9r\u00e9\u00a0\u00bb, a annonc\u00e9 Me Khoureysi Ba, via sa page Facebook.\" \/>\n<meta property=\"og:url\" content=\"https:\/\/www.public.sn\/index.php\/2023\/02\/14\/15769\/\" \/>\n<meta property=\"og:site_name\" content=\"LE PUBLIC\" \/>\n<meta property=\"article:published_time\" content=\"2023-02-14T17:03:46+00:00\" \/>\n<meta property=\"article:modified_time\" content=\"2023-02-14T17:05:42+00:00\" \/>\n<meta property=\"og:image\" content=\"https:\/\/www.public.sn\/wp-content\/uploads\/2022\/12\/sonko-adji.jpg\" \/>\n\t<meta property=\"og:image:width\" content=\"1280\" \/>\n\t<meta property=\"og:image:height\" content=\"720\" \/>\n\t<meta property=\"og:image:type\" content=\"image\/jpeg\" \/>\n<meta name=\"author\" content=\"LA REDACTION\" \/>\n<meta name=\"twitter:card\" content=\"summary_large_image\" \/>\n<meta name=\"twitter:label1\" content=\"\u00c9crit par\" \/>\n\t<meta name=\"twitter:data1\" content=\"LA REDACTION\" \/>\n\t<meta name=\"twitter:label2\" content=\"Dur\u00e9e de lecture estim\u00e9e\" \/>\n\t<meta name=\"twitter:data2\" content=\"1 minute\" \/>\n<script type=\"application\/ld+json\" class=\"yoast-schema-graph\">{\"@context\":\"https:\/\/schema.org\",\"@graph\":[{\"@type\":\"Article\",\"@id\":\"https:\/\/www.public.sn\/index.php\/2023\/02\/14\/15769\/#article\",\"isPartOf\":{\"@id\":\"https:\/\/www.public.sn\/index.php\/2023\/02\/14\/15769\/\"},\"author\":{\"name\":\"LA REDACTION\",\"@id\":\"https:\/\/www.public.sn\/#\/schema\/person\/cb76c8e1b8becc6be61fb5e92d6d0224\"},\"headline\":\"Chambre Criminelle : La requ\u00eate des conseils de Sonko mise en d\u00e9lib\u00e9r\u00e9\",\"datePublished\":\"2023-02-14T17:03:46+00:00\",\"dateModified\":\"2023-02-14T17:05:42+00:00\",\"mainEntityOfPage\":{\"@id\":\"https:\/\/www.public.sn\/index.php\/2023\/02\/14\/15769\/\"},\"wordCount\":132,\"commentCount\":0,\"publisher\":{\"@id\":\"https:\/\/www.public.sn\/#organization\"},\"image\":{\"@id\":\"https:\/\/www.public.sn\/index.php\/2023\/02\/14\/15769\/#primaryimage\"},\"thumbnailUrl\":\"https:\/\/www.public.sn\/wp-content\/uploads\/2022\/12\/sonko-adji.jpg\",\"keywords\":[\"Adji Sarr\",\"Ousmane Sonko\",\"sxeet beauty\"],\"articleSection\":[\"ACTUALIT\u00c9S\",\"justice\",\"POLITIQUE\",\"S\u00c9CURIT\u00c9 &amp; JUSTICE\",\"S\u00c9N\u00c9GAL\",\"SOCIETE\",\"VEDETTE\"],\"inLanguage\":\"fr-FR\",\"potentialAction\":[{\"@type\":\"CommentAction\",\"name\":\"Comment\",\"target\":[\"https:\/\/www.public.sn\/index.php\/2023\/02\/14\/15769\/#respond\"]}]},{\"@type\":\"WebPage\",\"@id\":\"https:\/\/www.public.sn\/index.php\/2023\/02\/14\/15769\/\",\"url\":\"https:\/\/www.public.sn\/index.php\/2023\/02\/14\/15769\/\",\"name\":\"Chambre Criminelle : La requ\u00eate des conseils de Sonko mise en d\u00e9lib\u00e9r\u00e9 - LE PUBLIC\",\"isPartOf\":{\"@id\":\"https:\/\/www.public.sn\/#website\"},\"primaryImageOfPage\":{\"@id\":\"https:\/\/www.public.sn\/index.php\/2023\/02\/14\/15769\/#primaryimage\"},\"image\":{\"@id\":\"https:\/\/www.public.sn\/index.php\/2023\/02\/14\/15769\/#primaryimage\"},\"thumbnailUrl\":\"https:\/\/www.public.sn\/wp-content\/uploads\/2022\/12\/sonko-adji.jpg\",\"datePublished\":\"2023-02-14T17:03:46+00:00\",\"dateModified\":\"2023-02-14T17:05:42+00:00\",\"breadcrumb\":{\"@id\":\"https:\/\/www.public.sn\/index.php\/2023\/02\/14\/15769\/#breadcrumb\"},\"inLanguage\":\"fr-FR\",\"potentialAction\":[{\"@type\":\"ReadAction\",\"target\":[\"https:\/\/www.public.sn\/index.php\/2023\/02\/14\/15769\/\"]}]},{\"@type\":\"ImageObject\",\"inLanguage\":\"fr-FR\",\"@id\":\"https:\/\/www.public.sn\/index.php\/2023\/02\/14\/15769\/#primaryimage\",\"url\":\"https:\/\/www.public.sn\/wp-content\/uploads\/2022\/12\/sonko-adji.jpg\",\"contentUrl\":\"https:\/\/www.public.sn\/wp-content\/uploads\/2022\/12\/sonko-adji.jpg\",\"width\":1280,\"height\":720},{\"@type\":\"BreadcrumbList\",\"@id\":\"https:\/\/www.public.sn\/index.php\/2023\/02\/14\/15769\/#breadcrumb\",\"itemListElement\":[{\"@type\":\"ListItem\",\"position\":1,\"name\":\"Accueil\",\"item\":\"https:\/\/www.public.sn\/\"},{\"@type\":\"ListItem\",\"position\":2,\"name\":\"Chambre Criminelle : La requ\u00eate des conseils de Sonko mise en d\u00e9lib\u00e9r\u00e9\"}]},{\"@type\":\"WebSite\",\"@id\":\"https:\/\/www.public.sn\/#website\",\"url\":\"https:\/\/www.public.sn\/\",\"name\":\"LE PUBLIC\",\"description\":\"\",\"publisher\":{\"@id\":\"https:\/\/www.public.sn\/#organization\"},\"potentialAction\":[{\"@type\":\"SearchAction\",\"target\":{\"@type\":\"EntryPoint\",\"urlTemplate\":\"https:\/\/www.public.sn\/?s={search_term_string}\"},\"query-input\":{\"@type\":\"PropertyValueSpecification\",\"valueRequired\":true,\"valueName\":\"search_term_string\"}}],\"inLanguage\":\"fr-FR\"},{\"@type\":\"Organization\",\"@id\":\"https:\/\/www.public.sn\/#organization\",\"name\":\"LE PUBLIC\",\"url\":\"https:\/\/www.public.sn\/\",\"logo\":{\"@type\":\"ImageObject\",\"inLanguage\":\"fr-FR\",\"@id\":\"https:\/\/www.public.sn\/#\/schema\/logo\/image\/\",\"url\":\"https:\/\/www.public.sn\/wp-content\/uploads\/2024\/05\/cropped-LOGO-PUBLIC.SN_.png\",\"contentUrl\":\"https:\/\/www.public.sn\/wp-content\/uploads\/2024\/05\/cropped-LOGO-PUBLIC.SN_.png\",\"width\":682,\"height\":192,\"caption\":\"LE PUBLIC\"},\"image\":{\"@id\":\"https:\/\/www.public.sn\/#\/schema\/logo\/image\/\"}},{\"@type\":\"Person\",\"@id\":\"https:\/\/www.public.sn\/#\/schema\/person\/cb76c8e1b8becc6be61fb5e92d6d0224\",\"name\":\"LA REDACTION\",\"image\":{\"@type\":\"ImageObject\",\"inLanguage\":\"fr-FR\",\"@id\":\"https:\/\/www.public.sn\/#\/schema\/person\/image\/\",\"url\":\"https:\/\/secure.gravatar.com\/avatar\/2dce5ddd34b8fef0180efe03aa2a9bee7d953856048f9a16b298190a3178407c?s=96&d=mm&r=g\",\"contentUrl\":\"https:\/\/secure.gravatar.com\/avatar\/2dce5ddd34b8fef0180efe03aa2a9bee7d953856048f9a16b298190a3178407c?s=96&d=mm&r=g\",\"caption\":\"LA REDACTION\"},\"url\":\"https:\/\/www.public.sn\/index.php\/author\/editeurpsn\/\"}]}<\/script>\n<!-- \/ Yoast SEO plugin. -->","yoast_head_json":{"title":"Chambre Criminelle : La requ\u00eate des conseils de Sonko mise en d\u00e9lib\u00e9r\u00e9 - LE PUBLIC","robots":{"index":"index","follow":"follow","max-snippet":"max-snippet:-1","max-image-preview":"max-image-preview:large","max-video-preview":"max-video-preview:-1"},"canonical":"https:\/\/www.public.sn\/index.php\/2023\/02\/14\/15769\/","og_locale":"fr_FR","og_type":"article","og_title":"Chambre Criminelle : La requ\u00eate des conseils de Sonko mise en d\u00e9lib\u00e9r\u00e9 - LE PUBLIC","og_description":"La chambre d\u2019accusation de la Cour d\u2019appel de Dakar s\u2019est pench\u00e9e ce mardi 14 f\u00e9vrier 2023, sur la requ\u00eate introduite par les avocats de Ousmane Sonko aux fins d\u2019annulation du renvoi de l\u2019affaire de Sweet beauty par le Doyen des juges, devant la Chambre criminelle. L\u2019un des conseillers du leader de Pastef Les Patriotes, a annonc\u00e9 l\u2019affaire est \u00ab mise en d\u00e9lib\u00e9r\u00e9 \u00bb.\u00a0\u00a0\u00ab La Chambre d\u2019Accusation, saisie aux fins de renvoyer au Conseil Constitutionnel l\u2019exception d\u2019inconstitutionnalit\u00e9 de l\u2019article 180 du Code de Proc\u00e9dure P\u00e9nale soulev\u00e9e par la D\u00e9fense, a mis en d\u00e9lib\u00e9r\u00e9\u00a0\u00bb, a annonc\u00e9 Me Khoureysi Ba, via sa page Facebook.","og_url":"https:\/\/www.public.sn\/index.php\/2023\/02\/14\/15769\/","og_site_name":"LE PUBLIC","article_published_time":"2023-02-14T17:03:46+00:00","article_modified_time":"2023-02-14T17:05:42+00:00","og_image":[{"width":1280,"height":720,"url":"https:\/\/www.public.sn\/wp-content\/uploads\/2022\/12\/sonko-adji.jpg","type":"image\/jpeg"}],"author":"LA REDACTION","twitter_card":"summary_large_image","twitter_misc":{"\u00c9crit par":"LA REDACTION","Dur\u00e9e de lecture estim\u00e9e":"1 minute"},"schema":{"@context":"https:\/\/schema.org","@graph":[{"@type":"Article","@id":"https:\/\/www.public.sn\/index.php\/2023\/02\/14\/15769\/#article","isPartOf":{"@id":"https:\/\/www.public.sn\/index.php\/2023\/02\/14\/15769\/"},"author":{"name":"LA REDACTION","@id":"https:\/\/www.public.sn\/#\/schema\/person\/cb76c8e1b8becc6be61fb5e92d6d0224"},"headline":"Chambre Criminelle : La requ\u00eate des conseils de Sonko mise en d\u00e9lib\u00e9r\u00e9","datePublished":"2023-02-14T17:03:46+00:00","dateModified":"2023-02-14T17:05:42+00:00","mainEntityOfPage":{"@id":"https:\/\/www.public.sn\/index.php\/2023\/02\/14\/15769\/"},"wordCount":132,"commentCount":0,"publisher":{"@id":"https:\/\/www.public.sn\/#organization"},"image":{"@id":"https:\/\/www.public.sn\/index.php\/2023\/02\/14\/15769\/#primaryimage"},"thumbnailUrl":"https:\/\/www.public.sn\/wp-content\/uploads\/2022\/12\/sonko-adji.jpg","keywords":["Adji Sarr","Ousmane Sonko","sxeet beauty"],"articleSection":["ACTUALIT\u00c9S","justice","POLITIQUE","S\u00c9CURIT\u00c9 &amp; JUSTICE","S\u00c9N\u00c9GAL","SOCIETE","VEDETTE"],"inLanguage":"fr-FR","potentialAction":[{"@type":"CommentAction","name":"Comment","target":["https:\/\/www.public.sn\/index.php\/2023\/02\/14\/15769\/#respond"]}]},{"@type":"WebPage","@id":"https:\/\/www.public.sn\/index.php\/2023\/02\/14\/15769\/","url":"https:\/\/www.public.sn\/index.php\/2023\/02\/14\/15769\/","name":"Chambre Criminelle : La requ\u00eate des conseils de Sonko mise en d\u00e9lib\u00e9r\u00e9 - LE PUBLIC","isPartOf":{"@id":"https:\/\/www.public.sn\/#website"},"primaryImageOfPage":{"@id":"https:\/\/www.public.sn\/index.php\/2023\/02\/14\/15769\/#primaryimage"},"image":{"@id":"https:\/\/www.public.sn\/index.php\/2023\/02\/14\/15769\/#primaryimage"},"thumbnailUrl":"https:\/\/www.public.sn\/wp-content\/uploads\/2022\/12\/sonko-adji.jpg","datePublished":"2023-02-14T17:03:46+00:00","dateModified":"2023-02-14T17:05:42+00:00","breadcrumb":{"@id":"https:\/\/www.public.sn\/index.php\/2023\/02\/14\/15769\/#breadcrumb"},"inLanguage":"fr-FR","potentialAction":[{"@type":"ReadAction","target":["https:\/\/www.public.sn\/index.php\/2023\/02\/14\/15769\/"]}]},{"@type":"ImageObject","inLanguage":"fr-FR","@id":"https:\/\/www.public.sn\/index.php\/2023\/02\/14\/15769\/#primaryimage","url":"https:\/\/www.public.sn\/wp-content\/uploads\/2022\/12\/sonko-adji.jpg","contentUrl":"https:\/\/www.public.sn\/wp-content\/uploads\/2022\/12\/sonko-adji.jpg","width":1280,"height":720},{"@type":"BreadcrumbList","@id":"https:\/\/www.public.sn\/index.php\/2023\/02\/14\/15769\/#breadcrumb","itemListElement":[{"@type":"ListItem","position":1,"name":"Accueil","item":"https:\/\/www.public.sn\/"},{"@type":"ListItem","position":2,"name":"Chambre Criminelle : La requ\u00eate des conseils de Sonko mise en d\u00e9lib\u00e9r\u00e9"}]},{"@type":"WebSite","@id":"https:\/\/www.public.sn\/#website","url":"https:\/\/www.public.sn\/","name":"LE PUBLIC","description":"","publisher":{"@id":"https:\/\/www.public.sn\/#organization"},"potentialAction":[{"@type":"SearchAction","target":{"@type":"EntryPoint","urlTemplate":"https:\/\/www.public.sn\/?s={search_term_string}"},"query-input":{"@type":"PropertyValueSpecification","valueRequired":true,"valueName":"search_term_string"}}],"inLanguage":"fr-FR"},{"@type":"Organization","@id":"https:\/\/www.public.sn\/#organization","name":"LE PUBLIC","url":"https:\/\/www.public.sn\/","logo":{"@type":"ImageObject","inLanguage":"fr-FR","@id":"https:\/\/www.public.sn\/#\/schema\/logo\/image\/","url":"https:\/\/www.public.sn\/wp-content\/uploads\/2024\/05\/cropped-LOGO-PUBLIC.SN_.png","contentUrl":"https:\/\/www.public.sn\/wp-content\/uploads\/2024\/05\/cropped-LOGO-PUBLIC.SN_.png","width":682,"height":192,"caption":"LE PUBLIC"},"image":{"@id":"https:\/\/www.public.sn\/#\/schema\/logo\/image\/"}},{"@type":"Person","@id":"https:\/\/www.public.sn\/#\/schema\/person\/cb76c8e1b8becc6be61fb5e92d6d0224","name":"LA REDACTION","image":{"@type":"ImageObject","inLanguage":"fr-FR","@id":"https:\/\/www.public.sn\/#\/schema\/person\/image\/","url":"https:\/\/secure.gravatar.com\/avatar\/2dce5ddd34b8fef0180efe03aa2a9bee7d953856048f9a16b298190a3178407c?s=96&d=mm&r=g","contentUrl":"https:\/\/secure.gravatar.com\/avatar\/2dce5ddd34b8fef0180efe03aa2a9bee7d953856048f9a16b298190a3178407c?s=96&d=mm&r=g","caption":"LA REDACTION"},"url":"https:\/\/www.public.sn\/index.php\/author\/editeurpsn\/"}]}},"jetpack_featured_media_url":"https:\/\/www.public.sn\/wp-content\/uploads\/2022\/12\/sonko-adji.jpg","jetpack_sharing_enabled":true,"_links":{"self":[{"href":"https:\/\/www.public.sn\/index.php\/wp-json\/wp\/v2\/posts\/15769","targetHints":{"allow":["GET"]}}],"collection":[{"href":"https:\/\/www.public.sn\/index.php\/wp-json\/wp\/v2\/posts"}],"about":[{"href":"https:\/\/www.public.sn\/index.php\/wp-json\/wp\/v2\/types\/post"}],"author":[{"embeddable":true,"href":"https:\/\/www.public.sn\/index.php\/wp-json\/wp\/v2\/users\/7"}],"replies":[{"embeddable":true,"href":"https:\/\/www.public.sn\/index.php\/wp-json\/wp\/v2\/comments?post=15769"}],"version-history":[{"count":2,"href":"https:\/\/www.public.sn\/index.php\/wp-json\/wp\/v2\/posts\/15769\/revisions"}],"predecessor-version":[{"id":15771,"href":"https:\/\/www.public.sn\/index.php\/wp-json\/wp\/v2\/posts\/15769\/revisions\/15771"}],"wp:featuredmedia":[{"embeddable":true,"href":"https:\/\/www.public.sn\/index.php\/wp-json\/wp\/v2\/media\/12390"}],"wp:attachment":[{"href":"https:\/\/www.public.sn\/index.php\/wp-json\/wp\/v2\/media?parent=15769"}],"wp:term":[{"taxonomy":"category","embeddable":true,"href":"https:\/\/www.public.sn\/index.php\/wp-json\/wp\/v2\/categories?post=15769"},{"taxonomy":"post_tag","embeddable":true,"href":"https:\/\/www.public.sn\/index.php\/wp-json\/wp\/v2\/tags?post=15769"}],"curies":[{"name":"wp","href":"https:\/\/api.w.org\/{rel}","templated":true}]}}