{"id":15824,"date":"2023-02-15T13:12:59","date_gmt":"2023-02-15T13:12:59","guid":{"rendered":"https:\/\/www.public.sn\/?p=15824"},"modified":"2023-02-15T13:12:59","modified_gmt":"2023-02-15T13:12:59","slug":"grand-medine-et-parcelles-assainie-la-police-arrete-une-bande-de-quatre-malfrats","status":"publish","type":"post","link":"https:\/\/www.public.sn\/index.php\/2023\/02\/15\/grand-medine-et-parcelles-assainie-la-police-arrete-une-bande-de-quatre-malfrats\/","title":{"rendered":"Grand M\u00e9dine et Parcelles Assainie : La police arr\u00eate une bande de quatre malfrats"},"content":{"rendered":"<p><strong>Une bande de quatre voleurs qui \u00e9cumait le secteur de Grand M\u00e9dine et des Parcelles Assainie a \u00e9t\u00e9 interpell\u00e9e par la police de la localit\u00e9. Selon nos sources, tout est parti du sieur A. O. Diallo qui, apr\u00e8s avoir achet\u00e9 une moto de marque Ktm, l\u2019a mise \u00e0 la disposition de son cousin A. Mballo.<\/strong><\/p><div class=\"publi-paragraphe1\" style=\"margin-top: 10px;margin-bottom: 10px;margin-left: auto;margin-right: auto;text-align: center;\" id=\"publi-1247584245\"><div class=\"publi-adlabel\">Publicit\u00e9<\/div><script async src=\"\/\/pagead2.googlesyndication.com\/pagead\/js\/adsbygoogle.js?client=ca-pub-4089586018074219\" crossorigin=\"anonymous\"><\/script><ins class=\"adsbygoogle\" style=\"display:block;\" data-ad-client=\"ca-pub-4089586018074219\" \ndata-ad-slot=\"2087940154\" \ndata-ad-format=\"auto\"><\/ins>\n<script> \n(adsbygoogle = window.adsbygoogle || []).push({}); \n<\/script>\n<\/div>\n<p>Cependant, dans la soir\u00e9e du 10 au 11 f\u00e9vrier, Diallo re\u00e7oit un coup de fil de la part de son cousin Mballo qui l\u2019informe que sa moto a \u00e9t\u00e9 vol\u00e9e. Mais le lendemain, Diallo, en partance aux Hlm, aper\u00e7oit 02 individus qui ne sont personne d\u2019autre que Bara D. et Abdou S. D., \u00e0 bord d\u2019une moto semblable \u00e0 celle vol\u00e9e. Sans tarder, Diallo engage avec eux une course-poursuite jusqu\u2019\u00e0 l\u2019Unit\u00e9 22 des Parcelles assainies o\u00f9 il les somme de s\u2019arr\u00eater. Interrog\u00e9s sur la provenance de la moto, Bara D. et Abdou. S. D. ont d\u00e9clar\u00e9 qu\u2019elle leur a \u00e9t\u00e9 pr\u00eat\u00e9e par un certain A. A. San\u00e9. Ce dernier, quelques instants plus tard, s\u2019est pr\u00e9sent\u00e9 pour faire comprendre \u00e0 A. O. Diallo avoir achet\u00e9 la moto aupr\u00e8s d\u2019une personne r\u00e9sidant \u00e0 la cit\u00e9 Damel, avant d\u2019accepter de le conduire s\u00e9ance tenante au domicile de son vendeur.<\/p>\n<p>Ce que Diallo va accepter sans arri\u00e8re-pens\u00e9e. Arriv\u00e9s sur les lieux indiqu\u00e9s, A. A. San\u00e9 entre dans la maison pour y ressortir bredouille, arguant \u00e0 Diallo que son vendeur \u00e9tait absent.<\/p>\n<p>Sur ce, les quidams sont repartis \u00e0 Grand-M\u00e9dine pour retrouver le m\u00e9canicien Bara D. Toutefois, arriv\u00e9 sur place, le nomm\u00e9 A. A. San\u00e9 fait descendre Abdou S. D. avant de d\u00e9marrer en trombe pour prendre la direction d\u2019une ruelle.<\/p>\n<p>Sur ce, A. O. Diallo d\u00e9cide d\u2019engager une course-poursuite, mais sera stopp\u00e9 par Bara D. qui s\u2019est dress\u00e9 devant lui. Une bagarre s\u2019en est suivie, apr\u00e8s quoi A.O.Diallo se rend au Commissariat des Parcelles assainies Unit\u00e9 22 pour raconter sa m\u00e9saventure.<\/p>\n<p>Sans tarder, les limiers font une descente sur les lieux indiqu\u00e9s pour interpeller Bara D. Abdou. S. D. et A. A. San\u00e9. Au terme de leur garde \u00e0 vue, ils ont \u00e9t\u00e9 d\u00e9f\u00e9r\u00e9s au parquet pour association de malfaiteurs, vol en r\u00e9union commis la nuit.<\/p>\n<p><strong>L&rsquo;AS<\/strong><\/p>\n<div class=\"publi-apres-le-contenu\" style=\"margin-top: 10px;margin-bottom: 10px;margin-left: auto;margin-right: auto;text-align: center;\" id=\"publi-4259910948\"><div class=\"publi-adlabel\">Publicit\u00e9<\/div><script async src=\"\/\/pagead2.googlesyndication.com\/pagead\/js\/adsbygoogle.js?client=ca-pub-4089586018074219\" crossorigin=\"anonymous\"><\/script><ins class=\"adsbygoogle\" style=\"display:block;\" data-ad-client=\"ca-pub-4089586018074219\" \ndata-ad-slot=\"2087940154\" \ndata-ad-format=\"auto\"><\/ins>\n<script> \n(adsbygoogle = window.adsbygoogle || []).push({}); \n<\/script>\n<\/div>","protected":false},"excerpt":{"rendered":"<p>Une bande de quatre voleurs qui \u00e9cumait le secteur de Grand M\u00e9dine et des Parcelles Assainie a \u00e9t\u00e9 interpell\u00e9e par la police de la localit\u00e9. Selon nos sources, tout est parti du sieur A. O. Diallo qui, apr\u00e8s avoir achet\u00e9 une moto de marque Ktm, l\u2019a mise \u00e0 la disposition de son cousin A. Mballo. Cependant, dans la soir\u00e9e du 10 au 11 f\u00e9vrier, Diallo re\u00e7oit un coup de fil de la part de son cousin Mballo qui l\u2019informe que sa moto a \u00e9t\u00e9 vol\u00e9e. Mais le lendemain, Diallo, en partance aux Hlm, aper\u00e7oit 02 individus qui ne sont personne d\u2019autre que Bara D. et Abdou S. D., \u00e0 bord d\u2019une moto semblable \u00e0 celle vol\u00e9e. Sans tarder, Diallo engage avec eux une course-poursuite jusqu\u2019\u00e0 l\u2019Unit\u00e9 22 des Parcelles assainies o\u00f9 il les somme de s\u2019arr\u00eater. Interrog\u00e9s sur la provenance de la moto, Bara D. et Abdou. S. D. ont d\u00e9clar\u00e9 qu\u2019elle leur a \u00e9t\u00e9 pr\u00eat\u00e9e par un certain A. A. San\u00e9. Ce dernier, quelques instants plus tard, s\u2019est pr\u00e9sent\u00e9 pour faire comprendre \u00e0 A. O. Diallo avoir achet\u00e9 la moto aupr\u00e8s d\u2019une personne r\u00e9sidant \u00e0 la cit\u00e9 Damel, avant d\u2019accepter de le conduire s\u00e9ance tenante au domicile de son vendeur. Ce que Diallo va accepter sans arri\u00e8re-pens\u00e9e. Arriv\u00e9s sur les lieux indiqu\u00e9s, A. A. San\u00e9 entre dans la maison pour y ressortir bredouille, arguant \u00e0 Diallo que son vendeur \u00e9tait absent. Sur ce, les quidams sont repartis \u00e0 Grand-M\u00e9dine pour retrouver le m\u00e9canicien Bara D. Toutefois, arriv\u00e9 sur place, le nomm\u00e9 A. A. San\u00e9 fait descendre Abdou S. D. avant de d\u00e9marrer en trombe pour prendre la direction d\u2019une ruelle. Sur ce, A. O. Diallo d\u00e9cide d\u2019engager une course-poursuite, mais sera stopp\u00e9 par Bara D. qui s\u2019est dress\u00e9 devant lui. Une bagarre s\u2019en est suivie, apr\u00e8s quoi A.O.Diallo se rend au Commissariat des Parcelles assainies Unit\u00e9 22 pour raconter sa m\u00e9saventure. Sans tarder, les limiers font une descente sur les lieux indiqu\u00e9s pour interpeller Bara D. Abdou. S. D. et A. A. San\u00e9. Au terme de leur garde \u00e0 vue, ils ont \u00e9t\u00e9 d\u00e9f\u00e9r\u00e9s au parquet pour association de malfaiteurs, vol en r\u00e9union commis la nuit. L&rsquo;AS<\/p>\n","protected":false},"author":1,"featured_media":12999,"comment_status":"open","ping_status":"open","sticky":false,"template":"","format":"standard","meta":{"_jetpack_memberships_contains_paid_content":false,"footnotes":""},"categories":[379,376,1,4],"tags":[4434,4432,4433],"class_list":["post-15824","post","type-post","status-publish","format-standard","has-post-thumbnail","hentry","category-faits-divers","category-securite-justice","category-non-classe","category-societe","tag-bandit","tag-grand-medine","tag-parcelles-assainie","entry","has-media","owp-thumbs-layout-horizontal","owp-btn-normal","owp-tabs-layout-horizontal","has-no-thumbnails","has-product-nav"],"yoast_head":"<!-- This site is optimized with the Yoast SEO plugin v25.5 - https:\/\/yoast.com\/wordpress\/plugins\/seo\/ -->\n<title>Grand M\u00e9dine et Parcelles Assainie : La police arr\u00eate une bande de quatre malfrats - LE PUBLIC<\/title>\n<meta name=\"description\" content=\"Une bande de quatre voleurs qui \u00e9cumait le secteur de Grand M\u00e9dine et des Parcelles Assainie a \u00e9t\u00e9 interpell\u00e9e par la police de la localit\u00e9. Selon nos sources, tout est parti du sieur A. O. Diallo qui, apr\u00e8s avoir achet\u00e9 une moto de marque Ktm, l\u2019a mise \u00e0 la disposition de son cousin A. Mballo.\" \/>\n<meta name=\"robots\" content=\"index, follow, max-snippet:-1, max-image-preview:large, max-video-preview:-1\" \/>\n<link rel=\"canonical\" href=\"https:\/\/www.public.sn\/index.php\/2023\/02\/15\/grand-medine-et-parcelles-assainie-la-police-arrete-une-bande-de-quatre-malfrats\/\" \/>\n<meta property=\"og:locale\" content=\"fr_FR\" \/>\n<meta property=\"og:type\" content=\"article\" \/>\n<meta property=\"og:title\" content=\"Grand M\u00e9dine et Parcelles Assainie : La police arr\u00eate une bande de quatre malfrats - LE PUBLIC\" \/>\n<meta property=\"og:description\" content=\"Une bande de quatre voleurs qui \u00e9cumait le secteur de Grand M\u00e9dine et des Parcelles Assainie a \u00e9t\u00e9 interpell\u00e9e par la police de la localit\u00e9. Selon nos sources, tout est parti du sieur A. O. Diallo qui, apr\u00e8s avoir achet\u00e9 une moto de marque Ktm, l\u2019a mise \u00e0 la disposition de son cousin A. Mballo.\" \/>\n<meta property=\"og:url\" content=\"https:\/\/www.public.sn\/index.php\/2023\/02\/15\/grand-medine-et-parcelles-assainie-la-police-arrete-une-bande-de-quatre-malfrats\/\" \/>\n<meta property=\"og:site_name\" content=\"LE PUBLIC\" \/>\n<meta property=\"article:published_time\" content=\"2023-02-15T13:12:59+00:00\" \/>\n<meta property=\"og:image\" content=\"https:\/\/www.public.sn\/wp-content\/uploads\/2022\/12\/police.webp\" \/>\n\t<meta property=\"og:image:width\" content=\"2560\" \/>\n\t<meta property=\"og:image:height\" content=\"1437\" \/>\n\t<meta property=\"og:image:type\" content=\"image\/webp\" \/>\n<meta name=\"author\" content=\"LA REDACTION\" \/>\n<meta name=\"twitter:card\" content=\"summary_large_image\" \/>\n<meta name=\"twitter:label1\" content=\"\u00c9crit par\" \/>\n\t<meta name=\"twitter:data1\" content=\"LA REDACTION\" \/>\n\t<meta name=\"twitter:label2\" content=\"Dur\u00e9e de lecture estim\u00e9e\" \/>\n\t<meta name=\"twitter:data2\" content=\"2 minutes\" \/>\n<script type=\"application\/ld+json\" class=\"yoast-schema-graph\">{\"@context\":\"https:\/\/schema.org\",\"@graph\":[{\"@type\":\"Article\",\"@id\":\"https:\/\/www.public.sn\/index.php\/2023\/02\/15\/grand-medine-et-parcelles-assainie-la-police-arrete-une-bande-de-quatre-malfrats\/#article\",\"isPartOf\":{\"@id\":\"https:\/\/www.public.sn\/index.php\/2023\/02\/15\/grand-medine-et-parcelles-assainie-la-police-arrete-une-bande-de-quatre-malfrats\/\"},\"author\":{\"name\":\"LA REDACTION\",\"@id\":\"https:\/\/www.public.sn\/#\/schema\/person\/e3f4a11b037d4203902db148f9bc8d5a\"},\"headline\":\"Grand M\u00e9dine et Parcelles Assainie : La police arr\u00eate une bande de quatre malfrats\",\"datePublished\":\"2023-02-15T13:12:59+00:00\",\"mainEntityOfPage\":{\"@id\":\"https:\/\/www.public.sn\/index.php\/2023\/02\/15\/grand-medine-et-parcelles-assainie-la-police-arrete-une-bande-de-quatre-malfrats\/\"},\"wordCount\":409,\"commentCount\":0,\"publisher\":{\"@id\":\"https:\/\/www.public.sn\/#organization\"},\"image\":{\"@id\":\"https:\/\/www.public.sn\/index.php\/2023\/02\/15\/grand-medine-et-parcelles-assainie-la-police-arrete-une-bande-de-quatre-malfrats\/#primaryimage\"},\"thumbnailUrl\":\"https:\/\/www.public.sn\/wp-content\/uploads\/2022\/12\/police.webp\",\"keywords\":[\"bandit\",\"Grand M\u00e9dine\",\"Parcelles Assainie\"],\"articleSection\":[\"FAITS DIVERS\",\"S\u00c9CURIT\u00c9 &amp; JUSTICE\",\"S\u00c9N\u00c9GAL\",\"SOCIETE\"],\"inLanguage\":\"fr-FR\",\"potentialAction\":[{\"@type\":\"CommentAction\",\"name\":\"Comment\",\"target\":[\"https:\/\/www.public.sn\/index.php\/2023\/02\/15\/grand-medine-et-parcelles-assainie-la-police-arrete-une-bande-de-quatre-malfrats\/#respond\"]}]},{\"@type\":\"WebPage\",\"@id\":\"https:\/\/www.public.sn\/index.php\/2023\/02\/15\/grand-medine-et-parcelles-assainie-la-police-arrete-une-bande-de-quatre-malfrats\/\",\"url\":\"https:\/\/www.public.sn\/index.php\/2023\/02\/15\/grand-medine-et-parcelles-assainie-la-police-arrete-une-bande-de-quatre-malfrats\/\",\"name\":\"Grand M\u00e9dine et Parcelles Assainie : La police arr\u00eate une bande de quatre malfrats - LE PUBLIC\",\"isPartOf\":{\"@id\":\"https:\/\/www.public.sn\/#website\"},\"primaryImageOfPage\":{\"@id\":\"https:\/\/www.public.sn\/index.php\/2023\/02\/15\/grand-medine-et-parcelles-assainie-la-police-arrete-une-bande-de-quatre-malfrats\/#primaryimage\"},\"image\":{\"@id\":\"https:\/\/www.public.sn\/index.php\/2023\/02\/15\/grand-medine-et-parcelles-assainie-la-police-arrete-une-bande-de-quatre-malfrats\/#primaryimage\"},\"thumbnailUrl\":\"https:\/\/www.public.sn\/wp-content\/uploads\/2022\/12\/police.webp\",\"datePublished\":\"2023-02-15T13:12:59+00:00\",\"description\":\"Une bande de quatre voleurs qui \u00e9cumait le secteur de Grand M\u00e9dine et des Parcelles Assainie a \u00e9t\u00e9 interpell\u00e9e par la police de la localit\u00e9. Selon nos sources, tout est parti du sieur A. O. Diallo qui, apr\u00e8s avoir achet\u00e9 une moto de marque Ktm, l\u2019a mise \u00e0 la disposition de son cousin A. Mballo.\",\"breadcrumb\":{\"@id\":\"https:\/\/www.public.sn\/index.php\/2023\/02\/15\/grand-medine-et-parcelles-assainie-la-police-arrete-une-bande-de-quatre-malfrats\/#breadcrumb\"},\"inLanguage\":\"fr-FR\",\"potentialAction\":[{\"@type\":\"ReadAction\",\"target\":[\"https:\/\/www.public.sn\/index.php\/2023\/02\/15\/grand-medine-et-parcelles-assainie-la-police-arrete-une-bande-de-quatre-malfrats\/\"]}]},{\"@type\":\"ImageObject\",\"inLanguage\":\"fr-FR\",\"@id\":\"https:\/\/www.public.sn\/index.php\/2023\/02\/15\/grand-medine-et-parcelles-assainie-la-police-arrete-une-bande-de-quatre-malfrats\/#primaryimage\",\"url\":\"https:\/\/www.public.sn\/wp-content\/uploads\/2022\/12\/police.webp\",\"contentUrl\":\"https:\/\/www.public.sn\/wp-content\/uploads\/2022\/12\/police.webp\",\"width\":2560,\"height\":1437},{\"@type\":\"BreadcrumbList\",\"@id\":\"https:\/\/www.public.sn\/index.php\/2023\/02\/15\/grand-medine-et-parcelles-assainie-la-police-arrete-une-bande-de-quatre-malfrats\/#breadcrumb\",\"itemListElement\":[{\"@type\":\"ListItem\",\"position\":1,\"name\":\"Accueil\",\"item\":\"https:\/\/www.public.sn\/\"},{\"@type\":\"ListItem\",\"position\":2,\"name\":\"Grand M\u00e9dine et Parcelles Assainie : La police arr\u00eate une bande de quatre malfrats\"}]},{\"@type\":\"WebSite\",\"@id\":\"https:\/\/www.public.sn\/#website\",\"url\":\"https:\/\/www.public.sn\/\",\"name\":\"LE PUBLIC\",\"description\":\"\",\"publisher\":{\"@id\":\"https:\/\/www.public.sn\/#organization\"},\"potentialAction\":[{\"@type\":\"SearchAction\",\"target\":{\"@type\":\"EntryPoint\",\"urlTemplate\":\"https:\/\/www.public.sn\/?s={search_term_string}\"},\"query-input\":{\"@type\":\"PropertyValueSpecification\",\"valueRequired\":true,\"valueName\":\"search_term_string\"}}],\"inLanguage\":\"fr-FR\"},{\"@type\":\"Organization\",\"@id\":\"https:\/\/www.public.sn\/#organization\",\"name\":\"LE PUBLIC\",\"url\":\"https:\/\/www.public.sn\/\",\"logo\":{\"@type\":\"ImageObject\",\"inLanguage\":\"fr-FR\",\"@id\":\"https:\/\/www.public.sn\/#\/schema\/logo\/image\/\",\"url\":\"https:\/\/www.public.sn\/wp-content\/uploads\/2024\/05\/cropped-LOGO-PUBLIC.SN_.png\",\"contentUrl\":\"https:\/\/www.public.sn\/wp-content\/uploads\/2024\/05\/cropped-LOGO-PUBLIC.SN_.png\",\"width\":682,\"height\":192,\"caption\":\"LE PUBLIC\"},\"image\":{\"@id\":\"https:\/\/www.public.sn\/#\/schema\/logo\/image\/\"}},{\"@type\":\"Person\",\"@id\":\"https:\/\/www.public.sn\/#\/schema\/person\/e3f4a11b037d4203902db148f9bc8d5a\",\"name\":\"LA REDACTION\",\"image\":{\"@type\":\"ImageObject\",\"inLanguage\":\"fr-FR\",\"@id\":\"https:\/\/www.public.sn\/#\/schema\/person\/image\/\",\"url\":\"https:\/\/secure.gravatar.com\/avatar\/d6c030db45db2883c075085c5d6c6258654a801a93766b49af0b82d4f454e2a5?s=96&d=mm&r=g\",\"contentUrl\":\"https:\/\/secure.gravatar.com\/avatar\/d6c030db45db2883c075085c5d6c6258654a801a93766b49af0b82d4f454e2a5?s=96&d=mm&r=g\",\"caption\":\"LA REDACTION\"},\"sameAs\":[\"http:\/\/www.public.sn\"],\"url\":\"https:\/\/www.public.sn\/index.php\/author\/admin7324\/\"}]}<\/script>\n<!-- \/ Yoast SEO plugin. -->","yoast_head_json":{"title":"Grand M\u00e9dine et Parcelles Assainie : La police arr\u00eate une bande de quatre malfrats - LE PUBLIC","description":"Une bande de quatre voleurs qui \u00e9cumait le secteur de Grand M\u00e9dine et des Parcelles Assainie a \u00e9t\u00e9 interpell\u00e9e par la police de la localit\u00e9. Selon nos sources, tout est parti du sieur A. O. Diallo qui, apr\u00e8s avoir achet\u00e9 une moto de marque Ktm, l\u2019a mise \u00e0 la disposition de son cousin A. Mballo.","robots":{"index":"index","follow":"follow","max-snippet":"max-snippet:-1","max-image-preview":"max-image-preview:large","max-video-preview":"max-video-preview:-1"},"canonical":"https:\/\/www.public.sn\/index.php\/2023\/02\/15\/grand-medine-et-parcelles-assainie-la-police-arrete-une-bande-de-quatre-malfrats\/","og_locale":"fr_FR","og_type":"article","og_title":"Grand M\u00e9dine et Parcelles Assainie : La police arr\u00eate une bande de quatre malfrats - LE PUBLIC","og_description":"Une bande de quatre voleurs qui \u00e9cumait le secteur de Grand M\u00e9dine et des Parcelles Assainie a \u00e9t\u00e9 interpell\u00e9e par la police de la localit\u00e9. Selon nos sources, tout est parti du sieur A. O. Diallo qui, apr\u00e8s avoir achet\u00e9 une moto de marque Ktm, l\u2019a mise \u00e0 la disposition de son cousin A. Mballo.","og_url":"https:\/\/www.public.sn\/index.php\/2023\/02\/15\/grand-medine-et-parcelles-assainie-la-police-arrete-une-bande-de-quatre-malfrats\/","og_site_name":"LE PUBLIC","article_published_time":"2023-02-15T13:12:59+00:00","og_image":[{"width":2560,"height":1437,"url":"https:\/\/www.public.sn\/wp-content\/uploads\/2022\/12\/police.webp","type":"image\/webp"}],"author":"LA REDACTION","twitter_card":"summary_large_image","twitter_misc":{"\u00c9crit par":"LA REDACTION","Dur\u00e9e de lecture estim\u00e9e":"2 minutes"},"schema":{"@context":"https:\/\/schema.org","@graph":[{"@type":"Article","@id":"https:\/\/www.public.sn\/index.php\/2023\/02\/15\/grand-medine-et-parcelles-assainie-la-police-arrete-une-bande-de-quatre-malfrats\/#article","isPartOf":{"@id":"https:\/\/www.public.sn\/index.php\/2023\/02\/15\/grand-medine-et-parcelles-assainie-la-police-arrete-une-bande-de-quatre-malfrats\/"},"author":{"name":"LA REDACTION","@id":"https:\/\/www.public.sn\/#\/schema\/person\/e3f4a11b037d4203902db148f9bc8d5a"},"headline":"Grand M\u00e9dine et Parcelles Assainie : La police arr\u00eate une bande de quatre malfrats","datePublished":"2023-02-15T13:12:59+00:00","mainEntityOfPage":{"@id":"https:\/\/www.public.sn\/index.php\/2023\/02\/15\/grand-medine-et-parcelles-assainie-la-police-arrete-une-bande-de-quatre-malfrats\/"},"wordCount":409,"commentCount":0,"publisher":{"@id":"https:\/\/www.public.sn\/#organization"},"image":{"@id":"https:\/\/www.public.sn\/index.php\/2023\/02\/15\/grand-medine-et-parcelles-assainie-la-police-arrete-une-bande-de-quatre-malfrats\/#primaryimage"},"thumbnailUrl":"https:\/\/www.public.sn\/wp-content\/uploads\/2022\/12\/police.webp","keywords":["bandit","Grand M\u00e9dine","Parcelles Assainie"],"articleSection":["FAITS DIVERS","S\u00c9CURIT\u00c9 &amp; JUSTICE","S\u00c9N\u00c9GAL","SOCIETE"],"inLanguage":"fr-FR","potentialAction":[{"@type":"CommentAction","name":"Comment","target":["https:\/\/www.public.sn\/index.php\/2023\/02\/15\/grand-medine-et-parcelles-assainie-la-police-arrete-une-bande-de-quatre-malfrats\/#respond"]}]},{"@type":"WebPage","@id":"https:\/\/www.public.sn\/index.php\/2023\/02\/15\/grand-medine-et-parcelles-assainie-la-police-arrete-une-bande-de-quatre-malfrats\/","url":"https:\/\/www.public.sn\/index.php\/2023\/02\/15\/grand-medine-et-parcelles-assainie-la-police-arrete-une-bande-de-quatre-malfrats\/","name":"Grand M\u00e9dine et Parcelles Assainie : La police arr\u00eate une bande de quatre malfrats - LE PUBLIC","isPartOf":{"@id":"https:\/\/www.public.sn\/#website"},"primaryImageOfPage":{"@id":"https:\/\/www.public.sn\/index.php\/2023\/02\/15\/grand-medine-et-parcelles-assainie-la-police-arrete-une-bande-de-quatre-malfrats\/#primaryimage"},"image":{"@id":"https:\/\/www.public.sn\/index.php\/2023\/02\/15\/grand-medine-et-parcelles-assainie-la-police-arrete-une-bande-de-quatre-malfrats\/#primaryimage"},"thumbnailUrl":"https:\/\/www.public.sn\/wp-content\/uploads\/2022\/12\/police.webp","datePublished":"2023-02-15T13:12:59+00:00","description":"Une bande de quatre voleurs qui \u00e9cumait le secteur de Grand M\u00e9dine et des Parcelles Assainie a \u00e9t\u00e9 interpell\u00e9e par la police de la localit\u00e9. Selon nos sources, tout est parti du sieur A. O. Diallo qui, apr\u00e8s avoir achet\u00e9 une moto de marque Ktm, l\u2019a mise \u00e0 la disposition de son cousin A. Mballo.","breadcrumb":{"@id":"https:\/\/www.public.sn\/index.php\/2023\/02\/15\/grand-medine-et-parcelles-assainie-la-police-arrete-une-bande-de-quatre-malfrats\/#breadcrumb"},"inLanguage":"fr-FR","potentialAction":[{"@type":"ReadAction","target":["https:\/\/www.public.sn\/index.php\/2023\/02\/15\/grand-medine-et-parcelles-assainie-la-police-arrete-une-bande-de-quatre-malfrats\/"]}]},{"@type":"ImageObject","inLanguage":"fr-FR","@id":"https:\/\/www.public.sn\/index.php\/2023\/02\/15\/grand-medine-et-parcelles-assainie-la-police-arrete-une-bande-de-quatre-malfrats\/#primaryimage","url":"https:\/\/www.public.sn\/wp-content\/uploads\/2022\/12\/police.webp","contentUrl":"https:\/\/www.public.sn\/wp-content\/uploads\/2022\/12\/police.webp","width":2560,"height":1437},{"@type":"BreadcrumbList","@id":"https:\/\/www.public.sn\/index.php\/2023\/02\/15\/grand-medine-et-parcelles-assainie-la-police-arrete-une-bande-de-quatre-malfrats\/#breadcrumb","itemListElement":[{"@type":"ListItem","position":1,"name":"Accueil","item":"https:\/\/www.public.sn\/"},{"@type":"ListItem","position":2,"name":"Grand M\u00e9dine et Parcelles Assainie : La police arr\u00eate une bande de quatre malfrats"}]},{"@type":"WebSite","@id":"https:\/\/www.public.sn\/#website","url":"https:\/\/www.public.sn\/","name":"LE PUBLIC","description":"","publisher":{"@id":"https:\/\/www.public.sn\/#organization"},"potentialAction":[{"@type":"SearchAction","target":{"@type":"EntryPoint","urlTemplate":"https:\/\/www.public.sn\/?s={search_term_string}"},"query-input":{"@type":"PropertyValueSpecification","valueRequired":true,"valueName":"search_term_string"}}],"inLanguage":"fr-FR"},{"@type":"Organization","@id":"https:\/\/www.public.sn\/#organization","name":"LE PUBLIC","url":"https:\/\/www.public.sn\/","logo":{"@type":"ImageObject","inLanguage":"fr-FR","@id":"https:\/\/www.public.sn\/#\/schema\/logo\/image\/","url":"https:\/\/www.public.sn\/wp-content\/uploads\/2024\/05\/cropped-LOGO-PUBLIC.SN_.png","contentUrl":"https:\/\/www.public.sn\/wp-content\/uploads\/2024\/05\/cropped-LOGO-PUBLIC.SN_.png","width":682,"height":192,"caption":"LE PUBLIC"},"image":{"@id":"https:\/\/www.public.sn\/#\/schema\/logo\/image\/"}},{"@type":"Person","@id":"https:\/\/www.public.sn\/#\/schema\/person\/e3f4a11b037d4203902db148f9bc8d5a","name":"LA REDACTION","image":{"@type":"ImageObject","inLanguage":"fr-FR","@id":"https:\/\/www.public.sn\/#\/schema\/person\/image\/","url":"https:\/\/secure.gravatar.com\/avatar\/d6c030db45db2883c075085c5d6c6258654a801a93766b49af0b82d4f454e2a5?s=96&d=mm&r=g","contentUrl":"https:\/\/secure.gravatar.com\/avatar\/d6c030db45db2883c075085c5d6c6258654a801a93766b49af0b82d4f454e2a5?s=96&d=mm&r=g","caption":"LA REDACTION"},"sameAs":["http:\/\/www.public.sn"],"url":"https:\/\/www.public.sn\/index.php\/author\/admin7324\/"}]}},"jetpack_featured_media_url":"https:\/\/www.public.sn\/wp-content\/uploads\/2022\/12\/police.webp","jetpack_sharing_enabled":true,"_links":{"self":[{"href":"https:\/\/www.public.sn\/index.php\/wp-json\/wp\/v2\/posts\/15824","targetHints":{"allow":["GET"]}}],"collection":[{"href":"https:\/\/www.public.sn\/index.php\/wp-json\/wp\/v2\/posts"}],"about":[{"href":"https:\/\/www.public.sn\/index.php\/wp-json\/wp\/v2\/types\/post"}],"author":[{"embeddable":true,"href":"https:\/\/www.public.sn\/index.php\/wp-json\/wp\/v2\/users\/1"}],"replies":[{"embeddable":true,"href":"https:\/\/www.public.sn\/index.php\/wp-json\/wp\/v2\/comments?post=15824"}],"version-history":[{"count":1,"href":"https:\/\/www.public.sn\/index.php\/wp-json\/wp\/v2\/posts\/15824\/revisions"}],"predecessor-version":[{"id":15830,"href":"https:\/\/www.public.sn\/index.php\/wp-json\/wp\/v2\/posts\/15824\/revisions\/15830"}],"wp:featuredmedia":[{"embeddable":true,"href":"https:\/\/www.public.sn\/index.php\/wp-json\/wp\/v2\/media\/12999"}],"wp:attachment":[{"href":"https:\/\/www.public.sn\/index.php\/wp-json\/wp\/v2\/media?parent=15824"}],"wp:term":[{"taxonomy":"category","embeddable":true,"href":"https:\/\/www.public.sn\/index.php\/wp-json\/wp\/v2\/categories?post=15824"},{"taxonomy":"post_tag","embeddable":true,"href":"https:\/\/www.public.sn\/index.php\/wp-json\/wp\/v2\/tags?post=15824"}],"curies":[{"name":"wp","href":"https:\/\/api.w.org\/{rel}","templated":true}]}}