{"id":15863,"date":"2023-02-15T15:50:54","date_gmt":"2023-02-15T15:50:54","guid":{"rendered":"https:\/\/www.public.sn\/?p=15863"},"modified":"2023-02-15T15:50:54","modified_gmt":"2023-02-15T15:50:54","slug":"habib-sy-elu-president-la-conference-des-leaders-de-la-coalition-yewwi-askanwi","status":"publish","type":"post","link":"https:\/\/www.public.sn\/index.php\/2023\/02\/15\/habib-sy-elu-president-la-conference-des-leaders-de-la-coalition-yewwi-askanwi\/","title":{"rendered":"Habib Sy \u00e9lu Pr\u00e9sident la Conf\u00e9r\u00e9nce des leaders de la Coalition Yewwi Askanwi"},"content":{"rendered":"<p>&nbsp;<\/p>\n<p><img fetchpriority=\"high\" decoding=\"async\" class=\"alignnone size-full wp-image-15864\" src=\"https:\/\/www.public.sn\/wp-content\/uploads\/2023\/02\/habib-sy-president-de-la-conference-des-leaders-coalition-yewwi-askan-wi.png\" alt=\"\" width=\"594\" height=\"378\" srcset=\"https:\/\/www.public.sn\/wp-content\/uploads\/2023\/02\/habib-sy-president-de-la-conference-des-leaders-coalition-yewwi-askan-wi.png 594w, https:\/\/www.public.sn\/wp-content\/uploads\/2023\/02\/habib-sy-president-de-la-conference-des-leaders-coalition-yewwi-askan-wi-300x191.png 300w\" sizes=\"(max-width: 594px) 100vw, 594px\" \/><\/p>\n<h4><em><strong>Khalifa Ababacar Sall n\u2019est plus le pr\u00e9sident de la conf\u00e9rence des leaders de la coalition Yewwi Askan Wi. Il est remplac\u00e9 \u00e0 ce poste par Habib Sy, \u00e9lu \u00e0 l\u2019unanimit\u00e9 pr\u00e9sident de la conf\u00e9rence des leaders.<\/strong><\/em><\/h4>\n<p>Ce changement est intervenu lors de l\u2019assembl\u00e9e g\u00e9n\u00e9rale la coalition. La conf\u00e9rence des leaders s\u2019est, en effet, r\u00e9uni ce mardi 14 f\u00e9vrier 2023, au si\u00e8ge du parti r\u00e9publicain et du progr\u00e8s (Prp).<\/p><div class=\"publi-paragraphe1\" style=\"margin-top: 10px;margin-bottom: 10px;margin-left: auto;margin-right: auto;text-align: center;\" id=\"publi-967356358\"><div class=\"publi-adlabel\">Publicit\u00e9<\/div><script async src=\"\/\/pagead2.googlesyndication.com\/pagead\/js\/adsbygoogle.js?client=ca-pub-4089586018074219\" crossorigin=\"anonymous\"><\/script><ins class=\"adsbygoogle\" style=\"display:block;\" data-ad-client=\"ca-pub-4089586018074219\" \ndata-ad-slot=\"2087940154\" \ndata-ad-format=\"auto\"><\/ins>\n<script> \n(adsbygoogle = window.adsbygoogle || []).push({}); \n<\/script>\n<\/div>\n<p>Habib Sy\u00a0 a pu \u00eatre \u00e9lu apr\u00e8s une \u00ab modification de certaines dispositions de la charte de la coalition \u00bb a fait savoir la conf\u00e9rence des leaders de Yewwi Askan Wi.<\/p>\n<div class=\"publi-apres-le-contenu\" style=\"margin-top: 10px;margin-bottom: 10px;margin-left: auto;margin-right: auto;text-align: center;\" id=\"publi-1977369128\"><div class=\"publi-adlabel\">Publicit\u00e9<\/div><script async src=\"\/\/pagead2.googlesyndication.com\/pagead\/js\/adsbygoogle.js?client=ca-pub-4089586018074219\" crossorigin=\"anonymous\"><\/script><ins class=\"adsbygoogle\" style=\"display:block;\" data-ad-client=\"ca-pub-4089586018074219\" \ndata-ad-slot=\"2087940154\" \ndata-ad-format=\"auto\"><\/ins>\n<script> \n(adsbygoogle = window.adsbygoogle || []).push({}); \n<\/script>\n<\/div>","protected":false},"excerpt":{"rendered":"<p>&nbsp; Khalifa Ababacar Sall n\u2019est plus le pr\u00e9sident de la conf\u00e9rence des leaders de la coalition Yewwi Askan Wi. Il est remplac\u00e9 \u00e0 ce poste par Habib Sy, \u00e9lu \u00e0 l\u2019unanimit\u00e9 pr\u00e9sident de la conf\u00e9rence des leaders. Ce changement est intervenu lors de l\u2019assembl\u00e9e g\u00e9n\u00e9rale la coalition. La conf\u00e9rence des leaders s\u2019est, en effet, r\u00e9uni ce mardi 14 f\u00e9vrier 2023, au si\u00e8ge du parti r\u00e9publicain et du progr\u00e8s (Prp). Habib Sy\u00a0 a pu \u00eatre \u00e9lu apr\u00e8s une \u00ab modification de certaines dispositions de la charte de la coalition \u00bb a fait savoir la conf\u00e9rence des leaders de Yewwi Askan Wi.<\/p>\n","protected":false},"author":7,"featured_media":15864,"comment_status":"open","ping_status":"open","sticky":false,"template":"","format":"standard","meta":{"_jetpack_memberships_contains_paid_content":false,"footnotes":""},"categories":[375,379,961,3,372],"tags":[],"class_list":["post-15863","post","type-post","status-publish","format-standard","has-post-thumbnail","hentry","category-actualites","category-faits-divers","category-medias","category-politique","category-vedette","entry","has-media","owp-thumbs-layout-horizontal","owp-btn-normal","owp-tabs-layout-horizontal","has-no-thumbnails","has-product-nav"],"yoast_head":"<!-- This site is optimized with the Yoast SEO plugin v25.5 - https:\/\/yoast.com\/wordpress\/plugins\/seo\/ -->\n<title>Habib Sy \u00e9lu Pr\u00e9sident la Conf\u00e9r\u00e9nce des leaders de la Coalition Yewwi Askanwi - LE PUBLIC<\/title>\n<meta name=\"robots\" content=\"index, follow, max-snippet:-1, max-image-preview:large, max-video-preview:-1\" \/>\n<link rel=\"canonical\" href=\"https:\/\/www.public.sn\/index.php\/2023\/02\/15\/habib-sy-elu-president-la-conference-des-leaders-de-la-coalition-yewwi-askanwi\/\" \/>\n<meta property=\"og:locale\" content=\"fr_FR\" \/>\n<meta property=\"og:type\" content=\"article\" \/>\n<meta property=\"og:title\" content=\"Habib Sy \u00e9lu Pr\u00e9sident la Conf\u00e9r\u00e9nce des leaders de la Coalition Yewwi Askanwi - LE PUBLIC\" \/>\n<meta property=\"og:description\" content=\"&nbsp; Khalifa Ababacar Sall n\u2019est plus le pr\u00e9sident de la conf\u00e9rence des leaders de la coalition Yewwi Askan Wi. Il est remplac\u00e9 \u00e0 ce poste par Habib Sy, \u00e9lu \u00e0 l\u2019unanimit\u00e9 pr\u00e9sident de la conf\u00e9rence des leaders. Ce changement est intervenu lors de l\u2019assembl\u00e9e g\u00e9n\u00e9rale la coalition. La conf\u00e9rence des leaders s\u2019est, en effet, r\u00e9uni ce mardi 14 f\u00e9vrier 2023, au si\u00e8ge du parti r\u00e9publicain et du progr\u00e8s (Prp). Habib Sy\u00a0 a pu \u00eatre \u00e9lu apr\u00e8s une \u00ab modification de certaines dispositions de la charte de la coalition \u00bb a fait savoir la conf\u00e9rence des leaders de Yewwi Askan Wi.\" \/>\n<meta property=\"og:url\" content=\"https:\/\/www.public.sn\/index.php\/2023\/02\/15\/habib-sy-elu-president-la-conference-des-leaders-de-la-coalition-yewwi-askanwi\/\" \/>\n<meta property=\"og:site_name\" content=\"LE PUBLIC\" \/>\n<meta property=\"article:published_time\" content=\"2023-02-15T15:50:54+00:00\" \/>\n<meta property=\"og:image\" content=\"https:\/\/www.public.sn\/wp-content\/uploads\/2023\/02\/habib-sy-president-de-la-conference-des-leaders-coalition-yewwi-askan-wi.png\" \/>\n\t<meta property=\"og:image:width\" content=\"594\" \/>\n\t<meta property=\"og:image:height\" content=\"378\" \/>\n\t<meta property=\"og:image:type\" content=\"image\/png\" \/>\n<meta name=\"author\" content=\"LA REDACTION\" \/>\n<meta name=\"twitter:card\" content=\"summary_large_image\" \/>\n<meta name=\"twitter:label1\" content=\"\u00c9crit par\" \/>\n\t<meta name=\"twitter:data1\" content=\"LA REDACTION\" \/>\n\t<meta name=\"twitter:label2\" content=\"Dur\u00e9e de lecture estim\u00e9e\" \/>\n\t<meta name=\"twitter:data2\" content=\"1 minute\" \/>\n<script type=\"application\/ld+json\" class=\"yoast-schema-graph\">{\"@context\":\"https:\/\/schema.org\",\"@graph\":[{\"@type\":\"Article\",\"@id\":\"https:\/\/www.public.sn\/index.php\/2023\/02\/15\/habib-sy-elu-president-la-conference-des-leaders-de-la-coalition-yewwi-askanwi\/#article\",\"isPartOf\":{\"@id\":\"https:\/\/www.public.sn\/index.php\/2023\/02\/15\/habib-sy-elu-president-la-conference-des-leaders-de-la-coalition-yewwi-askanwi\/\"},\"author\":{\"name\":\"LA REDACTION\",\"@id\":\"https:\/\/www.public.sn\/#\/schema\/person\/cb76c8e1b8becc6be61fb5e92d6d0224\"},\"headline\":\"Habib Sy \u00e9lu Pr\u00e9sident la Conf\u00e9r\u00e9nce des leaders de la Coalition Yewwi Askanwi\",\"datePublished\":\"2023-02-15T15:50:54+00:00\",\"mainEntityOfPage\":{\"@id\":\"https:\/\/www.public.sn\/index.php\/2023\/02\/15\/habib-sy-elu-president-la-conference-des-leaders-de-la-coalition-yewwi-askanwi\/\"},\"wordCount\":129,\"commentCount\":0,\"publisher\":{\"@id\":\"https:\/\/www.public.sn\/#organization\"},\"image\":{\"@id\":\"https:\/\/www.public.sn\/index.php\/2023\/02\/15\/habib-sy-elu-president-la-conference-des-leaders-de-la-coalition-yewwi-askanwi\/#primaryimage\"},\"thumbnailUrl\":\"https:\/\/www.public.sn\/wp-content\/uploads\/2023\/02\/habib-sy-president-de-la-conference-des-leaders-coalition-yewwi-askan-wi.png\",\"articleSection\":[\"ACTUALIT\u00c9S\",\"FAITS DIVERS\",\"M\u00c9DIAS\",\"POLITIQUE\",\"VEDETTE\"],\"inLanguage\":\"fr-FR\",\"potentialAction\":[{\"@type\":\"CommentAction\",\"name\":\"Comment\",\"target\":[\"https:\/\/www.public.sn\/index.php\/2023\/02\/15\/habib-sy-elu-president-la-conference-des-leaders-de-la-coalition-yewwi-askanwi\/#respond\"]}]},{\"@type\":\"WebPage\",\"@id\":\"https:\/\/www.public.sn\/index.php\/2023\/02\/15\/habib-sy-elu-president-la-conference-des-leaders-de-la-coalition-yewwi-askanwi\/\",\"url\":\"https:\/\/www.public.sn\/index.php\/2023\/02\/15\/habib-sy-elu-president-la-conference-des-leaders-de-la-coalition-yewwi-askanwi\/\",\"name\":\"Habib Sy \u00e9lu Pr\u00e9sident la Conf\u00e9r\u00e9nce des leaders de la Coalition Yewwi Askanwi - LE PUBLIC\",\"isPartOf\":{\"@id\":\"https:\/\/www.public.sn\/#website\"},\"primaryImageOfPage\":{\"@id\":\"https:\/\/www.public.sn\/index.php\/2023\/02\/15\/habib-sy-elu-president-la-conference-des-leaders-de-la-coalition-yewwi-askanwi\/#primaryimage\"},\"image\":{\"@id\":\"https:\/\/www.public.sn\/index.php\/2023\/02\/15\/habib-sy-elu-president-la-conference-des-leaders-de-la-coalition-yewwi-askanwi\/#primaryimage\"},\"thumbnailUrl\":\"https:\/\/www.public.sn\/wp-content\/uploads\/2023\/02\/habib-sy-president-de-la-conference-des-leaders-coalition-yewwi-askan-wi.png\",\"datePublished\":\"2023-02-15T15:50:54+00:00\",\"breadcrumb\":{\"@id\":\"https:\/\/www.public.sn\/index.php\/2023\/02\/15\/habib-sy-elu-president-la-conference-des-leaders-de-la-coalition-yewwi-askanwi\/#breadcrumb\"},\"inLanguage\":\"fr-FR\",\"potentialAction\":[{\"@type\":\"ReadAction\",\"target\":[\"https:\/\/www.public.sn\/index.php\/2023\/02\/15\/habib-sy-elu-president-la-conference-des-leaders-de-la-coalition-yewwi-askanwi\/\"]}]},{\"@type\":\"ImageObject\",\"inLanguage\":\"fr-FR\",\"@id\":\"https:\/\/www.public.sn\/index.php\/2023\/02\/15\/habib-sy-elu-president-la-conference-des-leaders-de-la-coalition-yewwi-askanwi\/#primaryimage\",\"url\":\"https:\/\/www.public.sn\/wp-content\/uploads\/2023\/02\/habib-sy-president-de-la-conference-des-leaders-coalition-yewwi-askan-wi.png\",\"contentUrl\":\"https:\/\/www.public.sn\/wp-content\/uploads\/2023\/02\/habib-sy-president-de-la-conference-des-leaders-coalition-yewwi-askan-wi.png\",\"width\":594,\"height\":378},{\"@type\":\"BreadcrumbList\",\"@id\":\"https:\/\/www.public.sn\/index.php\/2023\/02\/15\/habib-sy-elu-president-la-conference-des-leaders-de-la-coalition-yewwi-askanwi\/#breadcrumb\",\"itemListElement\":[{\"@type\":\"ListItem\",\"position\":1,\"name\":\"Accueil\",\"item\":\"https:\/\/www.public.sn\/\"},{\"@type\":\"ListItem\",\"position\":2,\"name\":\"Habib Sy \u00e9lu Pr\u00e9sident la Conf\u00e9r\u00e9nce des leaders de la Coalition Yewwi Askanwi\"}]},{\"@type\":\"WebSite\",\"@id\":\"https:\/\/www.public.sn\/#website\",\"url\":\"https:\/\/www.public.sn\/\",\"name\":\"LE PUBLIC\",\"description\":\"\",\"publisher\":{\"@id\":\"https:\/\/www.public.sn\/#organization\"},\"potentialAction\":[{\"@type\":\"SearchAction\",\"target\":{\"@type\":\"EntryPoint\",\"urlTemplate\":\"https:\/\/www.public.sn\/?s={search_term_string}\"},\"query-input\":{\"@type\":\"PropertyValueSpecification\",\"valueRequired\":true,\"valueName\":\"search_term_string\"}}],\"inLanguage\":\"fr-FR\"},{\"@type\":\"Organization\",\"@id\":\"https:\/\/www.public.sn\/#organization\",\"name\":\"LE PUBLIC\",\"url\":\"https:\/\/www.public.sn\/\",\"logo\":{\"@type\":\"ImageObject\",\"inLanguage\":\"fr-FR\",\"@id\":\"https:\/\/www.public.sn\/#\/schema\/logo\/image\/\",\"url\":\"https:\/\/www.public.sn\/wp-content\/uploads\/2024\/05\/cropped-LOGO-PUBLIC.SN_.png\",\"contentUrl\":\"https:\/\/www.public.sn\/wp-content\/uploads\/2024\/05\/cropped-LOGO-PUBLIC.SN_.png\",\"width\":682,\"height\":192,\"caption\":\"LE PUBLIC\"},\"image\":{\"@id\":\"https:\/\/www.public.sn\/#\/schema\/logo\/image\/\"}},{\"@type\":\"Person\",\"@id\":\"https:\/\/www.public.sn\/#\/schema\/person\/cb76c8e1b8becc6be61fb5e92d6d0224\",\"name\":\"LA REDACTION\",\"image\":{\"@type\":\"ImageObject\",\"inLanguage\":\"fr-FR\",\"@id\":\"https:\/\/www.public.sn\/#\/schema\/person\/image\/\",\"url\":\"https:\/\/secure.gravatar.com\/avatar\/2dce5ddd34b8fef0180efe03aa2a9bee7d953856048f9a16b298190a3178407c?s=96&d=mm&r=g\",\"contentUrl\":\"https:\/\/secure.gravatar.com\/avatar\/2dce5ddd34b8fef0180efe03aa2a9bee7d953856048f9a16b298190a3178407c?s=96&d=mm&r=g\",\"caption\":\"LA REDACTION\"},\"url\":\"https:\/\/www.public.sn\/index.php\/author\/editeurpsn\/\"}]}<\/script>\n<!-- \/ Yoast SEO plugin. -->","yoast_head_json":{"title":"Habib Sy \u00e9lu Pr\u00e9sident la Conf\u00e9r\u00e9nce des leaders de la Coalition Yewwi Askanwi - LE PUBLIC","robots":{"index":"index","follow":"follow","max-snippet":"max-snippet:-1","max-image-preview":"max-image-preview:large","max-video-preview":"max-video-preview:-1"},"canonical":"https:\/\/www.public.sn\/index.php\/2023\/02\/15\/habib-sy-elu-president-la-conference-des-leaders-de-la-coalition-yewwi-askanwi\/","og_locale":"fr_FR","og_type":"article","og_title":"Habib Sy \u00e9lu Pr\u00e9sident la Conf\u00e9r\u00e9nce des leaders de la Coalition Yewwi Askanwi - LE PUBLIC","og_description":"&nbsp; Khalifa Ababacar Sall n\u2019est plus le pr\u00e9sident de la conf\u00e9rence des leaders de la coalition Yewwi Askan Wi. Il est remplac\u00e9 \u00e0 ce poste par Habib Sy, \u00e9lu \u00e0 l\u2019unanimit\u00e9 pr\u00e9sident de la conf\u00e9rence des leaders. Ce changement est intervenu lors de l\u2019assembl\u00e9e g\u00e9n\u00e9rale la coalition. La conf\u00e9rence des leaders s\u2019est, en effet, r\u00e9uni ce mardi 14 f\u00e9vrier 2023, au si\u00e8ge du parti r\u00e9publicain et du progr\u00e8s (Prp). Habib Sy\u00a0 a pu \u00eatre \u00e9lu apr\u00e8s une \u00ab modification de certaines dispositions de la charte de la coalition \u00bb a fait savoir la conf\u00e9rence des leaders de Yewwi Askan Wi.","og_url":"https:\/\/www.public.sn\/index.php\/2023\/02\/15\/habib-sy-elu-president-la-conference-des-leaders-de-la-coalition-yewwi-askanwi\/","og_site_name":"LE PUBLIC","article_published_time":"2023-02-15T15:50:54+00:00","og_image":[{"width":594,"height":378,"url":"https:\/\/www.public.sn\/wp-content\/uploads\/2023\/02\/habib-sy-president-de-la-conference-des-leaders-coalition-yewwi-askan-wi.png","type":"image\/png"}],"author":"LA REDACTION","twitter_card":"summary_large_image","twitter_misc":{"\u00c9crit par":"LA REDACTION","Dur\u00e9e de lecture estim\u00e9e":"1 minute"},"schema":{"@context":"https:\/\/schema.org","@graph":[{"@type":"Article","@id":"https:\/\/www.public.sn\/index.php\/2023\/02\/15\/habib-sy-elu-president-la-conference-des-leaders-de-la-coalition-yewwi-askanwi\/#article","isPartOf":{"@id":"https:\/\/www.public.sn\/index.php\/2023\/02\/15\/habib-sy-elu-president-la-conference-des-leaders-de-la-coalition-yewwi-askanwi\/"},"author":{"name":"LA REDACTION","@id":"https:\/\/www.public.sn\/#\/schema\/person\/cb76c8e1b8becc6be61fb5e92d6d0224"},"headline":"Habib Sy \u00e9lu Pr\u00e9sident la Conf\u00e9r\u00e9nce des leaders de la Coalition Yewwi Askanwi","datePublished":"2023-02-15T15:50:54+00:00","mainEntityOfPage":{"@id":"https:\/\/www.public.sn\/index.php\/2023\/02\/15\/habib-sy-elu-president-la-conference-des-leaders-de-la-coalition-yewwi-askanwi\/"},"wordCount":129,"commentCount":0,"publisher":{"@id":"https:\/\/www.public.sn\/#organization"},"image":{"@id":"https:\/\/www.public.sn\/index.php\/2023\/02\/15\/habib-sy-elu-president-la-conference-des-leaders-de-la-coalition-yewwi-askanwi\/#primaryimage"},"thumbnailUrl":"https:\/\/www.public.sn\/wp-content\/uploads\/2023\/02\/habib-sy-president-de-la-conference-des-leaders-coalition-yewwi-askan-wi.png","articleSection":["ACTUALIT\u00c9S","FAITS DIVERS","M\u00c9DIAS","POLITIQUE","VEDETTE"],"inLanguage":"fr-FR","potentialAction":[{"@type":"CommentAction","name":"Comment","target":["https:\/\/www.public.sn\/index.php\/2023\/02\/15\/habib-sy-elu-president-la-conference-des-leaders-de-la-coalition-yewwi-askanwi\/#respond"]}]},{"@type":"WebPage","@id":"https:\/\/www.public.sn\/index.php\/2023\/02\/15\/habib-sy-elu-president-la-conference-des-leaders-de-la-coalition-yewwi-askanwi\/","url":"https:\/\/www.public.sn\/index.php\/2023\/02\/15\/habib-sy-elu-president-la-conference-des-leaders-de-la-coalition-yewwi-askanwi\/","name":"Habib Sy \u00e9lu Pr\u00e9sident la Conf\u00e9r\u00e9nce des leaders de la Coalition Yewwi Askanwi - LE PUBLIC","isPartOf":{"@id":"https:\/\/www.public.sn\/#website"},"primaryImageOfPage":{"@id":"https:\/\/www.public.sn\/index.php\/2023\/02\/15\/habib-sy-elu-president-la-conference-des-leaders-de-la-coalition-yewwi-askanwi\/#primaryimage"},"image":{"@id":"https:\/\/www.public.sn\/index.php\/2023\/02\/15\/habib-sy-elu-president-la-conference-des-leaders-de-la-coalition-yewwi-askanwi\/#primaryimage"},"thumbnailUrl":"https:\/\/www.public.sn\/wp-content\/uploads\/2023\/02\/habib-sy-president-de-la-conference-des-leaders-coalition-yewwi-askan-wi.png","datePublished":"2023-02-15T15:50:54+00:00","breadcrumb":{"@id":"https:\/\/www.public.sn\/index.php\/2023\/02\/15\/habib-sy-elu-president-la-conference-des-leaders-de-la-coalition-yewwi-askanwi\/#breadcrumb"},"inLanguage":"fr-FR","potentialAction":[{"@type":"ReadAction","target":["https:\/\/www.public.sn\/index.php\/2023\/02\/15\/habib-sy-elu-president-la-conference-des-leaders-de-la-coalition-yewwi-askanwi\/"]}]},{"@type":"ImageObject","inLanguage":"fr-FR","@id":"https:\/\/www.public.sn\/index.php\/2023\/02\/15\/habib-sy-elu-president-la-conference-des-leaders-de-la-coalition-yewwi-askanwi\/#primaryimage","url":"https:\/\/www.public.sn\/wp-content\/uploads\/2023\/02\/habib-sy-president-de-la-conference-des-leaders-coalition-yewwi-askan-wi.png","contentUrl":"https:\/\/www.public.sn\/wp-content\/uploads\/2023\/02\/habib-sy-president-de-la-conference-des-leaders-coalition-yewwi-askan-wi.png","width":594,"height":378},{"@type":"BreadcrumbList","@id":"https:\/\/www.public.sn\/index.php\/2023\/02\/15\/habib-sy-elu-president-la-conference-des-leaders-de-la-coalition-yewwi-askanwi\/#breadcrumb","itemListElement":[{"@type":"ListItem","position":1,"name":"Accueil","item":"https:\/\/www.public.sn\/"},{"@type":"ListItem","position":2,"name":"Habib Sy \u00e9lu Pr\u00e9sident la Conf\u00e9r\u00e9nce des leaders de la Coalition Yewwi Askanwi"}]},{"@type":"WebSite","@id":"https:\/\/www.public.sn\/#website","url":"https:\/\/www.public.sn\/","name":"LE PUBLIC","description":"","publisher":{"@id":"https:\/\/www.public.sn\/#organization"},"potentialAction":[{"@type":"SearchAction","target":{"@type":"EntryPoint","urlTemplate":"https:\/\/www.public.sn\/?s={search_term_string}"},"query-input":{"@type":"PropertyValueSpecification","valueRequired":true,"valueName":"search_term_string"}}],"inLanguage":"fr-FR"},{"@type":"Organization","@id":"https:\/\/www.public.sn\/#organization","name":"LE PUBLIC","url":"https:\/\/www.public.sn\/","logo":{"@type":"ImageObject","inLanguage":"fr-FR","@id":"https:\/\/www.public.sn\/#\/schema\/logo\/image\/","url":"https:\/\/www.public.sn\/wp-content\/uploads\/2024\/05\/cropped-LOGO-PUBLIC.SN_.png","contentUrl":"https:\/\/www.public.sn\/wp-content\/uploads\/2024\/05\/cropped-LOGO-PUBLIC.SN_.png","width":682,"height":192,"caption":"LE PUBLIC"},"image":{"@id":"https:\/\/www.public.sn\/#\/schema\/logo\/image\/"}},{"@type":"Person","@id":"https:\/\/www.public.sn\/#\/schema\/person\/cb76c8e1b8becc6be61fb5e92d6d0224","name":"LA REDACTION","image":{"@type":"ImageObject","inLanguage":"fr-FR","@id":"https:\/\/www.public.sn\/#\/schema\/person\/image\/","url":"https:\/\/secure.gravatar.com\/avatar\/2dce5ddd34b8fef0180efe03aa2a9bee7d953856048f9a16b298190a3178407c?s=96&d=mm&r=g","contentUrl":"https:\/\/secure.gravatar.com\/avatar\/2dce5ddd34b8fef0180efe03aa2a9bee7d953856048f9a16b298190a3178407c?s=96&d=mm&r=g","caption":"LA REDACTION"},"url":"https:\/\/www.public.sn\/index.php\/author\/editeurpsn\/"}]}},"jetpack_featured_media_url":"https:\/\/www.public.sn\/wp-content\/uploads\/2023\/02\/habib-sy-president-de-la-conference-des-leaders-coalition-yewwi-askan-wi.png","jetpack_sharing_enabled":true,"_links":{"self":[{"href":"https:\/\/www.public.sn\/index.php\/wp-json\/wp\/v2\/posts\/15863","targetHints":{"allow":["GET"]}}],"collection":[{"href":"https:\/\/www.public.sn\/index.php\/wp-json\/wp\/v2\/posts"}],"about":[{"href":"https:\/\/www.public.sn\/index.php\/wp-json\/wp\/v2\/types\/post"}],"author":[{"embeddable":true,"href":"https:\/\/www.public.sn\/index.php\/wp-json\/wp\/v2\/users\/7"}],"replies":[{"embeddable":true,"href":"https:\/\/www.public.sn\/index.php\/wp-json\/wp\/v2\/comments?post=15863"}],"version-history":[{"count":1,"href":"https:\/\/www.public.sn\/index.php\/wp-json\/wp\/v2\/posts\/15863\/revisions"}],"predecessor-version":[{"id":15865,"href":"https:\/\/www.public.sn\/index.php\/wp-json\/wp\/v2\/posts\/15863\/revisions\/15865"}],"wp:featuredmedia":[{"embeddable":true,"href":"https:\/\/www.public.sn\/index.php\/wp-json\/wp\/v2\/media\/15864"}],"wp:attachment":[{"href":"https:\/\/www.public.sn\/index.php\/wp-json\/wp\/v2\/media?parent=15863"}],"wp:term":[{"taxonomy":"category","embeddable":true,"href":"https:\/\/www.public.sn\/index.php\/wp-json\/wp\/v2\/categories?post=15863"},{"taxonomy":"post_tag","embeddable":true,"href":"https:\/\/www.public.sn\/index.php\/wp-json\/wp\/v2\/tags?post=15863"}],"curies":[{"name":"wp","href":"https:\/\/api.w.org\/{rel}","templated":true}]}}