{"id":1593,"date":"2022-09-09T20:53:01","date_gmt":"2022-09-09T18:53:01","guid":{"rendered":"https:\/\/www.public.sn\/?p=1593"},"modified":"2022-09-09T22:18:11","modified_gmt":"2022-09-09T20:18:11","slug":"1593","status":"publish","type":"post","link":"https:\/\/www.public.sn\/index.php\/2022\/09\/09\/1593\/","title":{"rendered":"Ville Thi\u00e8s: La Mairie attend 103 millions de l\u2019\u00c9tat pour les subventions aux \u00e9tudiants."},"content":{"rendered":"\n<p><strong>Le maire de Thi\u00e8s attend de recevoir 103 millions de francs CFA repr\u00e9sentant sa part des fonds de dotation pour lib\u00e9rer les subventions destin\u00e9es aux \u00e9tudiants thi\u00e9ssois inscrits dans les universit\u00e9s du pays, a indiqu\u00e9 l\u2019\u00e9dile de la capitale du rail, Babacar Diop.<\/strong><\/p><div class=\"publi-paragraphe1\" style=\"margin-top: 10px;margin-bottom: 10px;margin-left: auto;margin-right: auto;text-align: center;\" id=\"publi-3403537990\"><div class=\"publi-adlabel\">Publicit\u00e9<\/div><script async src=\"\/\/pagead2.googlesyndication.com\/pagead\/js\/adsbygoogle.js?client=ca-pub-4089586018074219\" crossorigin=\"anonymous\"><\/script><ins class=\"adsbygoogle\" style=\"display:block;\" data-ad-client=\"ca-pub-4089586018074219\" \ndata-ad-slot=\"2087940154\" \ndata-ad-format=\"auto\"><\/ins>\n<script> \n(adsbygoogle = window.adsbygoogle || []).push({}); \n<\/script>\n<\/div>\n\n\n\n<p>Des \u00e9tudiants thi\u00e9ssois de l\u2019Universit\u00e9 Assane Seck de Ziguinchor avaient r\u00e9cemment sollicit\u00e9, au cours d\u2019un point de presse, le soutien des autorit\u00e9s et de bonnes volont\u00e9s pour r\u00e9gler les loyers des locaux qu\u2019ils occupent dans les villes o\u00f9 ils poursuivent leurs \u00e9tudes.<\/p>\n\n\n\n<p>Ils avaient indiqu\u00e9 qu\u2019ils pourraient \u00eatre expuls\u00e9s de leurs logements \u00e0 la rentr\u00e9e, en raison de plusieurs mois d\u2019arri\u00e9r\u00e9s de loyer.<\/p>\n\n\n\n<p>\u201c<em>L\u2019Etat n\u2019a pas encore lib\u00e9r\u00e9 les fonds de dotation et les subventions des \u00e9tudiants sont log\u00e9es dans ce fonds d\u2019un montant de 103 millions\u201d, <\/em>a dit Babacar Diop, jeudi, lors d\u2019une conf\u00e9rence de presse.<\/p>\n\n\n\n<p>\u201c<em>Je ne peux pas les leur verser tant que cet argent n\u2019est pas d\u00e9bloqu\u00e9. C\u2019est le seul probl\u00e8me que j\u2019ai\u201d,<\/em> a dit l\u2019\u00e9dile, interpell\u00e9 sur cette question, avant d\u2019ajouter&nbsp;: \u201c<em>Le jour o\u00f9 ils auront appris que l\u2019argent a \u00e9t\u00e9 d\u00e9bloqu\u00e9, qu\u2019ils viennent le lendemain prendre leur argent\u201d.<\/em><\/p>\n\n\n\n<p>Babacar Diop estime que sa d\u00e9cision d\u2019accorder aux \u00e9tudiants une subvention de 15 millions CFA, montant qui pourrait \u00eatre revu \u00e0 la hausse, est la preuve qu\u2019il est de leur c\u00f4t\u00e9, d\u2019autant qu\u2019aucune structure n\u2019a re\u00e7u une subvention de cette importance de la part de la mairie, assure-t-il.<\/p>\n\n\n\n<p>Le maire dit avoir tenu le m\u00eame propos aux \u00e9tudiants thi\u00e9ssois des universit\u00e9s Cheikh Anta Diop, Amadou Moctar Mbow de Dakar, Gaston Berger de Saint-Louis, Alioune Diop de Bamb\u00e8ye, Assane Seck de Ziguinchor, et ceux de l\u2019universit\u00e9 du Sine-Saloum, lorsqu\u2019il les a re\u00e7us.<\/p>\n\n\n\n<p>Se disant \u00ab&nbsp;un produit du mouvement \u00e9tudiant&nbsp;\u00bb, ancien pr\u00e9sident de la coordination des \u00e9tudiants thi\u00e9ssois \u00e0 Dakar, universitaire et membre du Syndicat autonome des enseignants du sup\u00e9rieur (SAES), Babacar Diop assure conna\u00eetre les probl\u00e8mes des \u00e9tudiants pour les avoir v\u00e9cus.<\/p>\n\n\n\n<p>Il a indiqu\u00e9 avoir s\u00e9curis\u00e9 l\u2019orientation de ces fonds qui, traditionnellement, \u00e9taient vers\u00e9s dans le fonctionnement et le carburant.<\/p>\n\n\n\n<p>\u201c<em>Pour la premi\u00e8re fois, aucun franc n\u2019est entr\u00e9 dans les charges de fonctionnement du cabinet du maire. Cet argent est r\u00e9parti entre la culture, les mouvements de jeunes et les \u00e9tudiants, les bourses\u201d,<\/em> pr\u00e9cise-t-il.<\/p>\n\n\n\n<p>En plus des subventions accord\u00e9es aux \u00e9tudiants, la mairie compte octroyer des bourses aux bacheliers qui souhaitent s\u2019inscrire dans des universit\u00e9s priv\u00e9es.<\/p>\n\n\n\n<p>Le maire \u00e9lu \u00e0 l\u2019issue des derni\u00e8res \u00e9lections locales dit avoir renonc\u00e9 \u00e0 un v\u00e9hicule de fonction, et utilise son propre v\u00e9hicule et son carburant, sans compter qu\u2019il d\u00e9cid\u00e9 de voyager en classe \u00e9conomique, dans le souci d\u2019\u00e9conomiser \u201c<em>les faibles ressources de la ville et de relever le d\u00e9fi de la reconstruire\u201d<\/em>. Le budget 2022 de la ville de Thi\u00e8s a \u00e9t\u00e9 vot\u00e9 \u00e0 1,859 milliard de FCFA, dont 700 millions sont destin\u00e9s \u00e0 \u00e9ponger des dettes, selon le maire.<\/p>\n\n\n<p><p class=\"responsive-video-wrap clr\"><iframe title=\"Nabou Dash vilipende Adamo et montre ses messages \u00abyama done gniane\u2026\u00bb [Live Sn]\" width=\"1200\" height=\"675\" src=\"https:\/\/www.youtube.com\/embed\/eMGA8-oRCyg?feature=oembed\" frameborder=\"0\" allow=\"accelerometer; autoplay; clipboard-write; encrypted-media; gyroscope; picture-in-picture\" allowfullscreen><\/iframe><\/p><\/p><div class=\"publi-apres-le-contenu\" style=\"margin-top: 10px;margin-bottom: 10px;margin-left: auto;margin-right: auto;text-align: center;\" id=\"publi-573922953\"><div class=\"publi-adlabel\">Publicit\u00e9<\/div><script async src=\"\/\/pagead2.googlesyndication.com\/pagead\/js\/adsbygoogle.js?client=ca-pub-4089586018074219\" crossorigin=\"anonymous\"><\/script><ins class=\"adsbygoogle\" style=\"display:block;\" data-ad-client=\"ca-pub-4089586018074219\" \ndata-ad-slot=\"2087940154\" \ndata-ad-format=\"auto\"><\/ins>\n<script> \n(adsbygoogle = window.adsbygoogle || []).push({}); \n<\/script>\n<\/div>","protected":false},"excerpt":{"rendered":"<p>Le maire de Thi\u00e8s attend de recevoir 103 millions de francs CFA repr\u00e9sentant sa part des fonds de dotation pour lib\u00e9rer les subventions destin\u00e9es aux \u00e9tudiants thi\u00e9ssois inscrits dans les universit\u00e9s du pays, a indiqu\u00e9 l\u2019\u00e9dile de la capitale du rail, Babacar Diop. Des \u00e9tudiants thi\u00e9ssois de l\u2019Universit\u00e9 Assane Seck de Ziguinchor avaient r\u00e9cemment sollicit\u00e9, au cours d\u2019un point de presse, le soutien des autorit\u00e9s et de bonnes volont\u00e9s pour r\u00e9gler les loyers des locaux qu\u2019ils occupent dans les villes o\u00f9 ils poursuivent leurs \u00e9tudes. Ils avaient indiqu\u00e9 qu\u2019ils pourraient \u00eatre expuls\u00e9s de leurs logements \u00e0 la rentr\u00e9e, en raison de plusieurs mois d\u2019arri\u00e9r\u00e9s de loyer. \u201cL\u2019Etat n\u2019a pas encore lib\u00e9r\u00e9 les fonds de dotation et les subventions des \u00e9tudiants sont log\u00e9es dans ce fonds d\u2019un montant de 103 millions\u201d, a dit Babacar Diop, jeudi, lors d\u2019une conf\u00e9rence de presse. \u201cJe ne peux pas les leur verser tant que cet argent n\u2019est pas d\u00e9bloqu\u00e9. C\u2019est le seul probl\u00e8me que j\u2019ai\u201d, a dit l\u2019\u00e9dile, interpell\u00e9 sur cette question, avant d\u2019ajouter&nbsp;: \u201cLe jour o\u00f9 ils auront appris que l\u2019argent a \u00e9t\u00e9 d\u00e9bloqu\u00e9, qu\u2019ils viennent le lendemain prendre leur argent\u201d. Babacar Diop estime que sa d\u00e9cision d\u2019accorder aux \u00e9tudiants une subvention de 15 millions CFA, montant qui pourrait \u00eatre revu \u00e0 la hausse, est la preuve qu\u2019il est de leur c\u00f4t\u00e9, d\u2019autant qu\u2019aucune structure n\u2019a re\u00e7u une subvention de cette importance de la part de la mairie, assure-t-il. Le maire dit avoir tenu le m\u00eame propos aux \u00e9tudiants thi\u00e9ssois des universit\u00e9s Cheikh Anta Diop, Amadou Moctar Mbow de Dakar, Gaston Berger de Saint-Louis, Alioune Diop de Bamb\u00e8ye, Assane Seck de Ziguinchor, et ceux de l\u2019universit\u00e9 du Sine-Saloum, lorsqu\u2019il les a re\u00e7us. Se disant \u00ab&nbsp;un produit du mouvement \u00e9tudiant&nbsp;\u00bb, ancien pr\u00e9sident de la coordination des \u00e9tudiants thi\u00e9ssois \u00e0 Dakar, universitaire et membre du Syndicat autonome des enseignants du sup\u00e9rieur (SAES), Babacar Diop assure conna\u00eetre les probl\u00e8mes des \u00e9tudiants pour les avoir v\u00e9cus. Il a indiqu\u00e9 avoir s\u00e9curis\u00e9 l\u2019orientation de ces fonds qui, traditionnellement, \u00e9taient vers\u00e9s dans le fonctionnement et le carburant. \u201cPour la premi\u00e8re fois, aucun franc n\u2019est entr\u00e9 dans les charges de fonctionnement du cabinet du maire. Cet argent est r\u00e9parti entre la culture, les mouvements de jeunes et les \u00e9tudiants, les bourses\u201d, pr\u00e9cise-t-il. En plus des subventions accord\u00e9es aux \u00e9tudiants, la mairie compte octroyer des bourses aux bacheliers qui souhaitent s\u2019inscrire dans des universit\u00e9s priv\u00e9es. Le maire \u00e9lu \u00e0 l\u2019issue des derni\u00e8res \u00e9lections locales dit avoir renonc\u00e9 \u00e0 un v\u00e9hicule de fonction, et utilise son propre v\u00e9hicule et son carburant, sans compter qu\u2019il d\u00e9cid\u00e9 de voyager en classe \u00e9conomique, dans le souci d\u2019\u00e9conomiser \u201cles faibles ressources de la ville et de relever le d\u00e9fi de la reconstruire\u201d. Le budget 2022 de la ville de Thi\u00e8s a \u00e9t\u00e9 vot\u00e9 \u00e0 1,859 milliard de FCFA, dont 700 millions sont destin\u00e9s \u00e0 \u00e9ponger des dettes, selon le maire.<\/p>\n","protected":false},"author":1,"featured_media":1594,"comment_status":"open","ping_status":"open","sticky":false,"template":"","format":"standard","meta":{"_jetpack_memberships_contains_paid_content":false,"footnotes":""},"categories":[3],"tags":[679,680,681,482],"class_list":["post-1593","post","type-post","status-publish","format-standard","has-post-thumbnail","hentry","category-politique","tag-dr-babacar-diop-2","tag-etudiants","tag-subvention","tag-thies","entry","has-media","owp-thumbs-layout-horizontal","owp-btn-normal","owp-tabs-layout-horizontal","has-no-thumbnails","has-product-nav"],"yoast_head":"<!-- This site is optimized with the Yoast SEO plugin v25.5 - https:\/\/yoast.com\/wordpress\/plugins\/seo\/ -->\n<title>Ville Thi\u00e8s: La Mairie attend 103 millions de l\u2019\u00c9tat pour les subventions aux \u00e9tudiants. - LE PUBLIC<\/title>\n<meta name=\"robots\" content=\"index, follow, max-snippet:-1, max-image-preview:large, max-video-preview:-1\" \/>\n<link rel=\"canonical\" href=\"https:\/\/www.public.sn\/index.php\/2022\/09\/09\/1593\/\" \/>\n<meta property=\"og:locale\" content=\"fr_FR\" \/>\n<meta property=\"og:type\" content=\"article\" \/>\n<meta property=\"og:title\" content=\"Ville Thi\u00e8s: La Mairie attend 103 millions de l\u2019\u00c9tat pour les subventions aux \u00e9tudiants. - LE PUBLIC\" \/>\n<meta property=\"og:description\" content=\"Le maire de Thi\u00e8s attend de recevoir 103 millions de francs CFA repr\u00e9sentant sa part des fonds de dotation pour lib\u00e9rer les subventions destin\u00e9es aux \u00e9tudiants thi\u00e9ssois inscrits dans les universit\u00e9s du pays, a indiqu\u00e9 l\u2019\u00e9dile de la capitale du rail, Babacar Diop. Des \u00e9tudiants thi\u00e9ssois de l\u2019Universit\u00e9 Assane Seck de Ziguinchor avaient r\u00e9cemment sollicit\u00e9, au cours d\u2019un point de presse, le soutien des autorit\u00e9s et de bonnes volont\u00e9s pour r\u00e9gler les loyers des locaux qu\u2019ils occupent dans les villes o\u00f9 ils poursuivent leurs \u00e9tudes. Ils avaient indiqu\u00e9 qu\u2019ils pourraient \u00eatre expuls\u00e9s de leurs logements \u00e0 la rentr\u00e9e, en raison de plusieurs mois d\u2019arri\u00e9r\u00e9s de loyer. \u201cL\u2019Etat n\u2019a pas encore lib\u00e9r\u00e9 les fonds de dotation et les subventions des \u00e9tudiants sont log\u00e9es dans ce fonds d\u2019un montant de 103 millions\u201d, a dit Babacar Diop, jeudi, lors d\u2019une conf\u00e9rence de presse. \u201cJe ne peux pas les leur verser tant que cet argent n\u2019est pas d\u00e9bloqu\u00e9. C\u2019est le seul probl\u00e8me que j\u2019ai\u201d, a dit l\u2019\u00e9dile, interpell\u00e9 sur cette question, avant d\u2019ajouter&nbsp;: \u201cLe jour o\u00f9 ils auront appris que l\u2019argent a \u00e9t\u00e9 d\u00e9bloqu\u00e9, qu\u2019ils viennent le lendemain prendre leur argent\u201d. Babacar Diop estime que sa d\u00e9cision d\u2019accorder aux \u00e9tudiants une subvention de 15 millions CFA, montant qui pourrait \u00eatre revu \u00e0 la hausse, est la preuve qu\u2019il est de leur c\u00f4t\u00e9, d\u2019autant qu\u2019aucune structure n\u2019a re\u00e7u une subvention de cette importance de la part de la mairie, assure-t-il. Le maire dit avoir tenu le m\u00eame propos aux \u00e9tudiants thi\u00e9ssois des universit\u00e9s Cheikh Anta Diop, Amadou Moctar Mbow de Dakar, Gaston Berger de Saint-Louis, Alioune Diop de Bamb\u00e8ye, Assane Seck de Ziguinchor, et ceux de l\u2019universit\u00e9 du Sine-Saloum, lorsqu\u2019il les a re\u00e7us. Se disant \u00ab&nbsp;un produit du mouvement \u00e9tudiant&nbsp;\u00bb, ancien pr\u00e9sident de la coordination des \u00e9tudiants thi\u00e9ssois \u00e0 Dakar, universitaire et membre du Syndicat autonome des enseignants du sup\u00e9rieur (SAES), Babacar Diop assure conna\u00eetre les probl\u00e8mes des \u00e9tudiants pour les avoir v\u00e9cus. Il a indiqu\u00e9 avoir s\u00e9curis\u00e9 l\u2019orientation de ces fonds qui, traditionnellement, \u00e9taient vers\u00e9s dans le fonctionnement et le carburant. \u201cPour la premi\u00e8re fois, aucun franc n\u2019est entr\u00e9 dans les charges de fonctionnement du cabinet du maire. Cet argent est r\u00e9parti entre la culture, les mouvements de jeunes et les \u00e9tudiants, les bourses\u201d, pr\u00e9cise-t-il. En plus des subventions accord\u00e9es aux \u00e9tudiants, la mairie compte octroyer des bourses aux bacheliers qui souhaitent s\u2019inscrire dans des universit\u00e9s priv\u00e9es. Le maire \u00e9lu \u00e0 l\u2019issue des derni\u00e8res \u00e9lections locales dit avoir renonc\u00e9 \u00e0 un v\u00e9hicule de fonction, et utilise son propre v\u00e9hicule et son carburant, sans compter qu\u2019il d\u00e9cid\u00e9 de voyager en classe \u00e9conomique, dans le souci d\u2019\u00e9conomiser \u201cles faibles ressources de la ville et de relever le d\u00e9fi de la reconstruire\u201d. Le budget 2022 de la ville de Thi\u00e8s a \u00e9t\u00e9 vot\u00e9 \u00e0 1,859 milliard de FCFA, dont 700 millions sont destin\u00e9s \u00e0 \u00e9ponger des dettes, selon le maire.\" \/>\n<meta property=\"og:url\" content=\"https:\/\/www.public.sn\/index.php\/2022\/09\/09\/1593\/\" \/>\n<meta property=\"og:site_name\" content=\"LE PUBLIC\" \/>\n<meta property=\"article:published_time\" content=\"2022-09-09T18:53:01+00:00\" \/>\n<meta property=\"article:modified_time\" content=\"2022-09-09T20:18:11+00:00\" \/>\n<meta property=\"og:image\" content=\"https:\/\/www.public.sn\/wp-content\/uploads\/2022\/09\/9EAA6A46-F9A7-42AF-A19C-A4F154C2E57F.png\" \/>\n\t<meta property=\"og:image:width\" content=\"1392\" \/>\n\t<meta property=\"og:image:height\" content=\"783\" \/>\n\t<meta property=\"og:image:type\" content=\"image\/png\" \/>\n<meta name=\"author\" content=\"LA REDACTION\" \/>\n<meta name=\"twitter:card\" content=\"summary_large_image\" \/>\n<meta name=\"twitter:label1\" content=\"\u00c9crit par\" \/>\n\t<meta name=\"twitter:data1\" content=\"LA REDACTION\" \/>\n\t<meta name=\"twitter:label2\" content=\"Dur\u00e9e de lecture estim\u00e9e\" \/>\n\t<meta name=\"twitter:data2\" content=\"3 minutes\" \/>\n<script type=\"application\/ld+json\" class=\"yoast-schema-graph\">{\"@context\":\"https:\/\/schema.org\",\"@graph\":[{\"@type\":\"Article\",\"@id\":\"https:\/\/www.public.sn\/index.php\/2022\/09\/09\/1593\/#article\",\"isPartOf\":{\"@id\":\"https:\/\/www.public.sn\/index.php\/2022\/09\/09\/1593\/\"},\"author\":{\"name\":\"LA REDACTION\",\"@id\":\"https:\/\/www.public.sn\/#\/schema\/person\/e3f4a11b037d4203902db148f9bc8d5a\"},\"headline\":\"Ville Thi\u00e8s: La Mairie attend 103 millions de l\u2019\u00c9tat pour les subventions aux \u00e9tudiants.\",\"datePublished\":\"2022-09-09T18:53:01+00:00\",\"dateModified\":\"2022-09-09T20:18:11+00:00\",\"mainEntityOfPage\":{\"@id\":\"https:\/\/www.public.sn\/index.php\/2022\/09\/09\/1593\/\"},\"wordCount\":563,\"commentCount\":0,\"publisher\":{\"@id\":\"https:\/\/www.public.sn\/#organization\"},\"image\":{\"@id\":\"https:\/\/www.public.sn\/index.php\/2022\/09\/09\/1593\/#primaryimage\"},\"thumbnailUrl\":\"https:\/\/www.public.sn\/wp-content\/uploads\/2022\/09\/9EAA6A46-F9A7-42AF-A19C-A4F154C2E57F.png\",\"keywords\":[\"Dr. Babacar Diop\",\"\u00c9tudiants\",\"Subvention\",\"Thi\u00e8s\"],\"articleSection\":[\"POLITIQUE\"],\"inLanguage\":\"fr-FR\",\"potentialAction\":[{\"@type\":\"CommentAction\",\"name\":\"Comment\",\"target\":[\"https:\/\/www.public.sn\/index.php\/2022\/09\/09\/1593\/#respond\"]}]},{\"@type\":\"WebPage\",\"@id\":\"https:\/\/www.public.sn\/index.php\/2022\/09\/09\/1593\/\",\"url\":\"https:\/\/www.public.sn\/index.php\/2022\/09\/09\/1593\/\",\"name\":\"Ville Thi\u00e8s: La Mairie attend 103 millions de l\u2019\u00c9tat pour les subventions aux \u00e9tudiants. - LE PUBLIC\",\"isPartOf\":{\"@id\":\"https:\/\/www.public.sn\/#website\"},\"primaryImageOfPage\":{\"@id\":\"https:\/\/www.public.sn\/index.php\/2022\/09\/09\/1593\/#primaryimage\"},\"image\":{\"@id\":\"https:\/\/www.public.sn\/index.php\/2022\/09\/09\/1593\/#primaryimage\"},\"thumbnailUrl\":\"https:\/\/www.public.sn\/wp-content\/uploads\/2022\/09\/9EAA6A46-F9A7-42AF-A19C-A4F154C2E57F.png\",\"datePublished\":\"2022-09-09T18:53:01+00:00\",\"dateModified\":\"2022-09-09T20:18:11+00:00\",\"breadcrumb\":{\"@id\":\"https:\/\/www.public.sn\/index.php\/2022\/09\/09\/1593\/#breadcrumb\"},\"inLanguage\":\"fr-FR\",\"potentialAction\":[{\"@type\":\"ReadAction\",\"target\":[\"https:\/\/www.public.sn\/index.php\/2022\/09\/09\/1593\/\"]}]},{\"@type\":\"ImageObject\",\"inLanguage\":\"fr-FR\",\"@id\":\"https:\/\/www.public.sn\/index.php\/2022\/09\/09\/1593\/#primaryimage\",\"url\":\"https:\/\/www.public.sn\/wp-content\/uploads\/2022\/09\/9EAA6A46-F9A7-42AF-A19C-A4F154C2E57F.png\",\"contentUrl\":\"https:\/\/www.public.sn\/wp-content\/uploads\/2022\/09\/9EAA6A46-F9A7-42AF-A19C-A4F154C2E57F.png\",\"width\":1392,\"height\":783},{\"@type\":\"BreadcrumbList\",\"@id\":\"https:\/\/www.public.sn\/index.php\/2022\/09\/09\/1593\/#breadcrumb\",\"itemListElement\":[{\"@type\":\"ListItem\",\"position\":1,\"name\":\"Accueil\",\"item\":\"https:\/\/www.public.sn\/\"},{\"@type\":\"ListItem\",\"position\":2,\"name\":\"Ville Thi\u00e8s: La Mairie attend 103 millions de l\u2019\u00c9tat pour les subventions aux \u00e9tudiants.\"}]},{\"@type\":\"WebSite\",\"@id\":\"https:\/\/www.public.sn\/#website\",\"url\":\"https:\/\/www.public.sn\/\",\"name\":\"LE PUBLIC\",\"description\":\"\",\"publisher\":{\"@id\":\"https:\/\/www.public.sn\/#organization\"},\"potentialAction\":[{\"@type\":\"SearchAction\",\"target\":{\"@type\":\"EntryPoint\",\"urlTemplate\":\"https:\/\/www.public.sn\/?s={search_term_string}\"},\"query-input\":{\"@type\":\"PropertyValueSpecification\",\"valueRequired\":true,\"valueName\":\"search_term_string\"}}],\"inLanguage\":\"fr-FR\"},{\"@type\":\"Organization\",\"@id\":\"https:\/\/www.public.sn\/#organization\",\"name\":\"LE PUBLIC\",\"url\":\"https:\/\/www.public.sn\/\",\"logo\":{\"@type\":\"ImageObject\",\"inLanguage\":\"fr-FR\",\"@id\":\"https:\/\/www.public.sn\/#\/schema\/logo\/image\/\",\"url\":\"https:\/\/www.public.sn\/wp-content\/uploads\/2024\/05\/cropped-LOGO-PUBLIC.SN_.png\",\"contentUrl\":\"https:\/\/www.public.sn\/wp-content\/uploads\/2024\/05\/cropped-LOGO-PUBLIC.SN_.png\",\"width\":682,\"height\":192,\"caption\":\"LE PUBLIC\"},\"image\":{\"@id\":\"https:\/\/www.public.sn\/#\/schema\/logo\/image\/\"}},{\"@type\":\"Person\",\"@id\":\"https:\/\/www.public.sn\/#\/schema\/person\/e3f4a11b037d4203902db148f9bc8d5a\",\"name\":\"LA REDACTION\",\"image\":{\"@type\":\"ImageObject\",\"inLanguage\":\"fr-FR\",\"@id\":\"https:\/\/www.public.sn\/#\/schema\/person\/image\/\",\"url\":\"https:\/\/secure.gravatar.com\/avatar\/d6c030db45db2883c075085c5d6c6258654a801a93766b49af0b82d4f454e2a5?s=96&d=mm&r=g\",\"contentUrl\":\"https:\/\/secure.gravatar.com\/avatar\/d6c030db45db2883c075085c5d6c6258654a801a93766b49af0b82d4f454e2a5?s=96&d=mm&r=g\",\"caption\":\"LA REDACTION\"},\"sameAs\":[\"http:\/\/www.public.sn\"],\"url\":\"https:\/\/www.public.sn\/index.php\/author\/admin7324\/\"}]}<\/script>\n<!-- \/ Yoast SEO plugin. -->","yoast_head_json":{"title":"Ville Thi\u00e8s: La Mairie attend 103 millions de l\u2019\u00c9tat pour les subventions aux \u00e9tudiants. - LE PUBLIC","robots":{"index":"index","follow":"follow","max-snippet":"max-snippet:-1","max-image-preview":"max-image-preview:large","max-video-preview":"max-video-preview:-1"},"canonical":"https:\/\/www.public.sn\/index.php\/2022\/09\/09\/1593\/","og_locale":"fr_FR","og_type":"article","og_title":"Ville Thi\u00e8s: La Mairie attend 103 millions de l\u2019\u00c9tat pour les subventions aux \u00e9tudiants. - LE PUBLIC","og_description":"Le maire de Thi\u00e8s attend de recevoir 103 millions de francs CFA repr\u00e9sentant sa part des fonds de dotation pour lib\u00e9rer les subventions destin\u00e9es aux \u00e9tudiants thi\u00e9ssois inscrits dans les universit\u00e9s du pays, a indiqu\u00e9 l\u2019\u00e9dile de la capitale du rail, Babacar Diop. Des \u00e9tudiants thi\u00e9ssois de l\u2019Universit\u00e9 Assane Seck de Ziguinchor avaient r\u00e9cemment sollicit\u00e9, au cours d\u2019un point de presse, le soutien des autorit\u00e9s et de bonnes volont\u00e9s pour r\u00e9gler les loyers des locaux qu\u2019ils occupent dans les villes o\u00f9 ils poursuivent leurs \u00e9tudes. Ils avaient indiqu\u00e9 qu\u2019ils pourraient \u00eatre expuls\u00e9s de leurs logements \u00e0 la rentr\u00e9e, en raison de plusieurs mois d\u2019arri\u00e9r\u00e9s de loyer. \u201cL\u2019Etat n\u2019a pas encore lib\u00e9r\u00e9 les fonds de dotation et les subventions des \u00e9tudiants sont log\u00e9es dans ce fonds d\u2019un montant de 103 millions\u201d, a dit Babacar Diop, jeudi, lors d\u2019une conf\u00e9rence de presse. \u201cJe ne peux pas les leur verser tant que cet argent n\u2019est pas d\u00e9bloqu\u00e9. C\u2019est le seul probl\u00e8me que j\u2019ai\u201d, a dit l\u2019\u00e9dile, interpell\u00e9 sur cette question, avant d\u2019ajouter&nbsp;: \u201cLe jour o\u00f9 ils auront appris que l\u2019argent a \u00e9t\u00e9 d\u00e9bloqu\u00e9, qu\u2019ils viennent le lendemain prendre leur argent\u201d. Babacar Diop estime que sa d\u00e9cision d\u2019accorder aux \u00e9tudiants une subvention de 15 millions CFA, montant qui pourrait \u00eatre revu \u00e0 la hausse, est la preuve qu\u2019il est de leur c\u00f4t\u00e9, d\u2019autant qu\u2019aucune structure n\u2019a re\u00e7u une subvention de cette importance de la part de la mairie, assure-t-il. Le maire dit avoir tenu le m\u00eame propos aux \u00e9tudiants thi\u00e9ssois des universit\u00e9s Cheikh Anta Diop, Amadou Moctar Mbow de Dakar, Gaston Berger de Saint-Louis, Alioune Diop de Bamb\u00e8ye, Assane Seck de Ziguinchor, et ceux de l\u2019universit\u00e9 du Sine-Saloum, lorsqu\u2019il les a re\u00e7us. Se disant \u00ab&nbsp;un produit du mouvement \u00e9tudiant&nbsp;\u00bb, ancien pr\u00e9sident de la coordination des \u00e9tudiants thi\u00e9ssois \u00e0 Dakar, universitaire et membre du Syndicat autonome des enseignants du sup\u00e9rieur (SAES), Babacar Diop assure conna\u00eetre les probl\u00e8mes des \u00e9tudiants pour les avoir v\u00e9cus. Il a indiqu\u00e9 avoir s\u00e9curis\u00e9 l\u2019orientation de ces fonds qui, traditionnellement, \u00e9taient vers\u00e9s dans le fonctionnement et le carburant. \u201cPour la premi\u00e8re fois, aucun franc n\u2019est entr\u00e9 dans les charges de fonctionnement du cabinet du maire. Cet argent est r\u00e9parti entre la culture, les mouvements de jeunes et les \u00e9tudiants, les bourses\u201d, pr\u00e9cise-t-il. En plus des subventions accord\u00e9es aux \u00e9tudiants, la mairie compte octroyer des bourses aux bacheliers qui souhaitent s\u2019inscrire dans des universit\u00e9s priv\u00e9es. Le maire \u00e9lu \u00e0 l\u2019issue des derni\u00e8res \u00e9lections locales dit avoir renonc\u00e9 \u00e0 un v\u00e9hicule de fonction, et utilise son propre v\u00e9hicule et son carburant, sans compter qu\u2019il d\u00e9cid\u00e9 de voyager en classe \u00e9conomique, dans le souci d\u2019\u00e9conomiser \u201cles faibles ressources de la ville et de relever le d\u00e9fi de la reconstruire\u201d. Le budget 2022 de la ville de Thi\u00e8s a \u00e9t\u00e9 vot\u00e9 \u00e0 1,859 milliard de FCFA, dont 700 millions sont destin\u00e9s \u00e0 \u00e9ponger des dettes, selon le maire.","og_url":"https:\/\/www.public.sn\/index.php\/2022\/09\/09\/1593\/","og_site_name":"LE PUBLIC","article_published_time":"2022-09-09T18:53:01+00:00","article_modified_time":"2022-09-09T20:18:11+00:00","og_image":[{"width":1392,"height":783,"url":"https:\/\/www.public.sn\/wp-content\/uploads\/2022\/09\/9EAA6A46-F9A7-42AF-A19C-A4F154C2E57F.png","type":"image\/png"}],"author":"LA REDACTION","twitter_card":"summary_large_image","twitter_misc":{"\u00c9crit par":"LA REDACTION","Dur\u00e9e de lecture estim\u00e9e":"3 minutes"},"schema":{"@context":"https:\/\/schema.org","@graph":[{"@type":"Article","@id":"https:\/\/www.public.sn\/index.php\/2022\/09\/09\/1593\/#article","isPartOf":{"@id":"https:\/\/www.public.sn\/index.php\/2022\/09\/09\/1593\/"},"author":{"name":"LA REDACTION","@id":"https:\/\/www.public.sn\/#\/schema\/person\/e3f4a11b037d4203902db148f9bc8d5a"},"headline":"Ville Thi\u00e8s: La Mairie attend 103 millions de l\u2019\u00c9tat pour les subventions aux \u00e9tudiants.","datePublished":"2022-09-09T18:53:01+00:00","dateModified":"2022-09-09T20:18:11+00:00","mainEntityOfPage":{"@id":"https:\/\/www.public.sn\/index.php\/2022\/09\/09\/1593\/"},"wordCount":563,"commentCount":0,"publisher":{"@id":"https:\/\/www.public.sn\/#organization"},"image":{"@id":"https:\/\/www.public.sn\/index.php\/2022\/09\/09\/1593\/#primaryimage"},"thumbnailUrl":"https:\/\/www.public.sn\/wp-content\/uploads\/2022\/09\/9EAA6A46-F9A7-42AF-A19C-A4F154C2E57F.png","keywords":["Dr. Babacar Diop","\u00c9tudiants","Subvention","Thi\u00e8s"],"articleSection":["POLITIQUE"],"inLanguage":"fr-FR","potentialAction":[{"@type":"CommentAction","name":"Comment","target":["https:\/\/www.public.sn\/index.php\/2022\/09\/09\/1593\/#respond"]}]},{"@type":"WebPage","@id":"https:\/\/www.public.sn\/index.php\/2022\/09\/09\/1593\/","url":"https:\/\/www.public.sn\/index.php\/2022\/09\/09\/1593\/","name":"Ville Thi\u00e8s: La Mairie attend 103 millions de l\u2019\u00c9tat pour les subventions aux \u00e9tudiants. - LE PUBLIC","isPartOf":{"@id":"https:\/\/www.public.sn\/#website"},"primaryImageOfPage":{"@id":"https:\/\/www.public.sn\/index.php\/2022\/09\/09\/1593\/#primaryimage"},"image":{"@id":"https:\/\/www.public.sn\/index.php\/2022\/09\/09\/1593\/#primaryimage"},"thumbnailUrl":"https:\/\/www.public.sn\/wp-content\/uploads\/2022\/09\/9EAA6A46-F9A7-42AF-A19C-A4F154C2E57F.png","datePublished":"2022-09-09T18:53:01+00:00","dateModified":"2022-09-09T20:18:11+00:00","breadcrumb":{"@id":"https:\/\/www.public.sn\/index.php\/2022\/09\/09\/1593\/#breadcrumb"},"inLanguage":"fr-FR","potentialAction":[{"@type":"ReadAction","target":["https:\/\/www.public.sn\/index.php\/2022\/09\/09\/1593\/"]}]},{"@type":"ImageObject","inLanguage":"fr-FR","@id":"https:\/\/www.public.sn\/index.php\/2022\/09\/09\/1593\/#primaryimage","url":"https:\/\/www.public.sn\/wp-content\/uploads\/2022\/09\/9EAA6A46-F9A7-42AF-A19C-A4F154C2E57F.png","contentUrl":"https:\/\/www.public.sn\/wp-content\/uploads\/2022\/09\/9EAA6A46-F9A7-42AF-A19C-A4F154C2E57F.png","width":1392,"height":783},{"@type":"BreadcrumbList","@id":"https:\/\/www.public.sn\/index.php\/2022\/09\/09\/1593\/#breadcrumb","itemListElement":[{"@type":"ListItem","position":1,"name":"Accueil","item":"https:\/\/www.public.sn\/"},{"@type":"ListItem","position":2,"name":"Ville Thi\u00e8s: La Mairie attend 103 millions de l\u2019\u00c9tat pour les subventions aux \u00e9tudiants."}]},{"@type":"WebSite","@id":"https:\/\/www.public.sn\/#website","url":"https:\/\/www.public.sn\/","name":"LE PUBLIC","description":"","publisher":{"@id":"https:\/\/www.public.sn\/#organization"},"potentialAction":[{"@type":"SearchAction","target":{"@type":"EntryPoint","urlTemplate":"https:\/\/www.public.sn\/?s={search_term_string}"},"query-input":{"@type":"PropertyValueSpecification","valueRequired":true,"valueName":"search_term_string"}}],"inLanguage":"fr-FR"},{"@type":"Organization","@id":"https:\/\/www.public.sn\/#organization","name":"LE PUBLIC","url":"https:\/\/www.public.sn\/","logo":{"@type":"ImageObject","inLanguage":"fr-FR","@id":"https:\/\/www.public.sn\/#\/schema\/logo\/image\/","url":"https:\/\/www.public.sn\/wp-content\/uploads\/2024\/05\/cropped-LOGO-PUBLIC.SN_.png","contentUrl":"https:\/\/www.public.sn\/wp-content\/uploads\/2024\/05\/cropped-LOGO-PUBLIC.SN_.png","width":682,"height":192,"caption":"LE PUBLIC"},"image":{"@id":"https:\/\/www.public.sn\/#\/schema\/logo\/image\/"}},{"@type":"Person","@id":"https:\/\/www.public.sn\/#\/schema\/person\/e3f4a11b037d4203902db148f9bc8d5a","name":"LA REDACTION","image":{"@type":"ImageObject","inLanguage":"fr-FR","@id":"https:\/\/www.public.sn\/#\/schema\/person\/image\/","url":"https:\/\/secure.gravatar.com\/avatar\/d6c030db45db2883c075085c5d6c6258654a801a93766b49af0b82d4f454e2a5?s=96&d=mm&r=g","contentUrl":"https:\/\/secure.gravatar.com\/avatar\/d6c030db45db2883c075085c5d6c6258654a801a93766b49af0b82d4f454e2a5?s=96&d=mm&r=g","caption":"LA REDACTION"},"sameAs":["http:\/\/www.public.sn"],"url":"https:\/\/www.public.sn\/index.php\/author\/admin7324\/"}]}},"jetpack_featured_media_url":"https:\/\/www.public.sn\/wp-content\/uploads\/2022\/09\/9EAA6A46-F9A7-42AF-A19C-A4F154C2E57F.png","jetpack_sharing_enabled":true,"_links":{"self":[{"href":"https:\/\/www.public.sn\/index.php\/wp-json\/wp\/v2\/posts\/1593","targetHints":{"allow":["GET"]}}],"collection":[{"href":"https:\/\/www.public.sn\/index.php\/wp-json\/wp\/v2\/posts"}],"about":[{"href":"https:\/\/www.public.sn\/index.php\/wp-json\/wp\/v2\/types\/post"}],"author":[{"embeddable":true,"href":"https:\/\/www.public.sn\/index.php\/wp-json\/wp\/v2\/users\/1"}],"replies":[{"embeddable":true,"href":"https:\/\/www.public.sn\/index.php\/wp-json\/wp\/v2\/comments?post=1593"}],"version-history":[{"count":4,"href":"https:\/\/www.public.sn\/index.php\/wp-json\/wp\/v2\/posts\/1593\/revisions"}],"predecessor-version":[{"id":1609,"href":"https:\/\/www.public.sn\/index.php\/wp-json\/wp\/v2\/posts\/1593\/revisions\/1609"}],"wp:featuredmedia":[{"embeddable":true,"href":"https:\/\/www.public.sn\/index.php\/wp-json\/wp\/v2\/media\/1594"}],"wp:attachment":[{"href":"https:\/\/www.public.sn\/index.php\/wp-json\/wp\/v2\/media?parent=1593"}],"wp:term":[{"taxonomy":"category","embeddable":true,"href":"https:\/\/www.public.sn\/index.php\/wp-json\/wp\/v2\/categories?post=1593"},{"taxonomy":"post_tag","embeddable":true,"href":"https:\/\/www.public.sn\/index.php\/wp-json\/wp\/v2\/tags?post=1593"}],"curies":[{"name":"wp","href":"https:\/\/api.w.org\/{rel}","templated":true}]}}