{"id":16160,"date":"2023-02-20T19:05:04","date_gmt":"2023-02-20T19:05:04","guid":{"rendered":"https:\/\/www.public.sn\/?p=16160"},"modified":"2023-02-20T19:05:04","modified_gmt":"2023-02-20T19:05:04","slug":"exfiltre-de-sa-voiture-sur-la-corniche-ousmane-sonko-donne-les-raisons","status":"publish","type":"post","link":"https:\/\/www.public.sn\/index.php\/2023\/02\/20\/exfiltre-de-sa-voiture-sur-la-corniche-ousmane-sonko-donne-les-raisons\/","title":{"rendered":"Exfiltr\u00e9 de sa voiture sur la corniche, Ousmane Sonko donne les raisons"},"content":{"rendered":"<p>Ce Jeudi dernier, apr\u00e8s un attroupement sur la Corniche lors de son retour du Tribunal de Dakar, Ousmane Sonko a \u00e9t\u00e9 exfiltr\u00e9 par les \u00e9l\u00e9ments du GIGN et de la BIP. Invit\u00e9 ce dimanche au m\u00e9ga meeting du Pur, le leader de Pastef r\u00e9v\u00e8le que c\u2019est parce qu\u2019il y avait des milices sur place, pr\u00eats \u00e0 lui tirer une balle.<\/p><div class=\"publi-paragraphe1\" style=\"margin-top: 10px;margin-bottom: 10px;margin-left: auto;margin-right: auto;text-align: center;\" id=\"publi-2579918617\"><div class=\"publi-adlabel\">Publicit\u00e9<\/div><script async src=\"\/\/pagead2.googlesyndication.com\/pagead\/js\/adsbygoogle.js?client=ca-pub-4089586018074219\" crossorigin=\"anonymous\"><\/script><ins class=\"adsbygoogle\" style=\"display:block;\" data-ad-client=\"ca-pub-4089586018074219\" \ndata-ad-slot=\"2087940154\" \ndata-ad-format=\"auto\"><\/ins>\n<script> \n(adsbygoogle = window.adsbygoogle || []).push({}); \n<\/script>\n<\/div>\n<p>\u00ab La paix est la stabilit\u00e9 sont la premi\u00e8re ressource de ce pays et tout le monde doit faire en sorte de le pr\u00e9server. Mais Macky Sall a \u00e9t\u00e9 le premier pr\u00e9sident de la R\u00e9publique qui a engag\u00e9 des milices arm\u00e9s dans ce pays. Jeudi, lorsque j\u2019\u00e9tais \u00e0 la Corniche, ils avaient des grenades et des armes. Les forces de l\u2019ordre n\u2019ont pas pu les contenir et m\u2019ont dit qu\u2019elles devaient m\u2019exfiltrer dans un fourgon blind\u00e9 pour me ramener chez moi, pour \u00e9viter que je prenne une balle. c\u2019est une honte \u00bb, a-t-il d\u00e9clar\u00e9.<\/p>\n<p>\u00ab Je dis \u00e0 Macky Sall que si l\u2019un des hommes politiques ici (ceux de l\u2019opposition pr\u00e9sents au meeting du PUR) est touch\u00e9 par un nervis, le peuple viendra au palais pour le d\u00e9loger et le trainer, comme l\u2019ont fait les peuples d\u2019autres dictateurs \u00bb, a-t-il ajout\u00e9.<\/p>\n<div class=\"publi-apres-le-contenu\" style=\"margin-top: 10px;margin-bottom: 10px;margin-left: auto;margin-right: auto;text-align: center;\" id=\"publi-1874510870\"><div class=\"publi-adlabel\">Publicit\u00e9<\/div><script async src=\"\/\/pagead2.googlesyndication.com\/pagead\/js\/adsbygoogle.js?client=ca-pub-4089586018074219\" crossorigin=\"anonymous\"><\/script><ins class=\"adsbygoogle\" style=\"display:block;\" data-ad-client=\"ca-pub-4089586018074219\" \ndata-ad-slot=\"2087940154\" \ndata-ad-format=\"auto\"><\/ins>\n<script> \n(adsbygoogle = window.adsbygoogle || []).push({}); \n<\/script>\n<\/div>","protected":false},"excerpt":{"rendered":"<p>Ce Jeudi dernier, apr\u00e8s un attroupement sur la Corniche lors de son retour du Tribunal de Dakar, Ousmane Sonko a \u00e9t\u00e9 exfiltr\u00e9 par les \u00e9l\u00e9ments du GIGN et de la BIP. Invit\u00e9 ce dimanche au m\u00e9ga meeting du Pur, le leader de Pastef r\u00e9v\u00e8le que c\u2019est parce qu\u2019il y avait des milices sur place, pr\u00eats \u00e0 lui tirer une balle. \u00ab La paix est la stabilit\u00e9 sont la premi\u00e8re ressource de ce pays et tout le monde doit faire en sorte de le pr\u00e9server. Mais Macky Sall a \u00e9t\u00e9 le premier pr\u00e9sident de la R\u00e9publique qui a engag\u00e9 des milices arm\u00e9s dans ce pays. Jeudi, lorsque j\u2019\u00e9tais \u00e0 la Corniche, ils avaient des grenades et des armes. Les forces de l\u2019ordre n\u2019ont pas pu les contenir et m\u2019ont dit qu\u2019elles devaient m\u2019exfiltrer dans un fourgon blind\u00e9 pour me ramener chez moi, pour \u00e9viter que je prenne une balle. c\u2019est une honte \u00bb, a-t-il d\u00e9clar\u00e9. \u00ab Je dis \u00e0 Macky Sall que si l\u2019un des hommes politiques ici (ceux de l\u2019opposition pr\u00e9sents au meeting du PUR) est touch\u00e9 par un nervis, le peuple viendra au palais pour le d\u00e9loger et le trainer, comme l\u2019ont fait les peuples d\u2019autres dictateurs \u00bb, a-t-il ajout\u00e9.<\/p>\n","protected":false},"author":7,"featured_media":16161,"comment_status":"open","ping_status":"open","sticky":false,"template":"","format":"standard","meta":{"_jetpack_memberships_contains_paid_content":false,"footnotes":""},"categories":[375,3724,4353,376,1,4,372],"tags":[4473,4472,4471,4474,306],"class_list":["post-16160","post","type-post","status-publish","format-standard","has-post-thumbnail","hentry","category-actualites","category-justice","category-manifestations","category-securite-justice","category-non-classe","category-societe","category-vedette","tag-bip","tag-corniche","tag-exfiltration","tag-gign","tag-sonko","entry","has-media","owp-thumbs-layout-horizontal","owp-btn-normal","owp-tabs-layout-horizontal","has-no-thumbnails","has-product-nav"],"yoast_head":"<!-- This site is optimized with the Yoast SEO plugin v25.5 - https:\/\/yoast.com\/wordpress\/plugins\/seo\/ -->\n<title>Exfiltr\u00e9 de sa voiture sur la corniche, Ousmane Sonko donne les raisons - LE PUBLIC<\/title>\n<meta name=\"robots\" content=\"index, follow, max-snippet:-1, max-image-preview:large, max-video-preview:-1\" \/>\n<link rel=\"canonical\" href=\"https:\/\/www.public.sn\/index.php\/2023\/02\/20\/exfiltre-de-sa-voiture-sur-la-corniche-ousmane-sonko-donne-les-raisons\/\" \/>\n<meta property=\"og:locale\" content=\"fr_FR\" \/>\n<meta property=\"og:type\" content=\"article\" \/>\n<meta property=\"og:title\" content=\"Exfiltr\u00e9 de sa voiture sur la corniche, Ousmane Sonko donne les raisons - LE PUBLIC\" \/>\n<meta property=\"og:description\" content=\"Ce Jeudi dernier, apr\u00e8s un attroupement sur la Corniche lors de son retour du Tribunal de Dakar, Ousmane Sonko a \u00e9t\u00e9 exfiltr\u00e9 par les \u00e9l\u00e9ments du GIGN et de la BIP. Invit\u00e9 ce dimanche au m\u00e9ga meeting du Pur, le leader de Pastef r\u00e9v\u00e8le que c\u2019est parce qu\u2019il y avait des milices sur place, pr\u00eats \u00e0 lui tirer une balle. \u00ab La paix est la stabilit\u00e9 sont la premi\u00e8re ressource de ce pays et tout le monde doit faire en sorte de le pr\u00e9server. Mais Macky Sall a \u00e9t\u00e9 le premier pr\u00e9sident de la R\u00e9publique qui a engag\u00e9 des milices arm\u00e9s dans ce pays. Jeudi, lorsque j\u2019\u00e9tais \u00e0 la Corniche, ils avaient des grenades et des armes. Les forces de l\u2019ordre n\u2019ont pas pu les contenir et m\u2019ont dit qu\u2019elles devaient m\u2019exfiltrer dans un fourgon blind\u00e9 pour me ramener chez moi, pour \u00e9viter que je prenne une balle. c\u2019est une honte \u00bb, a-t-il d\u00e9clar\u00e9. \u00ab Je dis \u00e0 Macky Sall que si l\u2019un des hommes politiques ici (ceux de l\u2019opposition pr\u00e9sents au meeting du PUR) est touch\u00e9 par un nervis, le peuple viendra au palais pour le d\u00e9loger et le trainer, comme l\u2019ont fait les peuples d\u2019autres dictateurs \u00bb, a-t-il ajout\u00e9.\" \/>\n<meta property=\"og:url\" content=\"https:\/\/www.public.sn\/index.php\/2023\/02\/20\/exfiltre-de-sa-voiture-sur-la-corniche-ousmane-sonko-donne-les-raisons\/\" \/>\n<meta property=\"og:site_name\" content=\"LE PUBLIC\" \/>\n<meta property=\"article:published_time\" content=\"2023-02-20T19:05:04+00:00\" \/>\n<meta property=\"og:image\" content=\"https:\/\/www.public.sn\/wp-content\/uploads\/2023\/02\/Exfiltration-Ousmane-Sonko.jpeg\" \/>\n\t<meta property=\"og:image:width\" content=\"1280\" \/>\n\t<meta property=\"og:image:height\" content=\"720\" \/>\n\t<meta property=\"og:image:type\" content=\"image\/jpeg\" \/>\n<meta name=\"author\" content=\"LA REDACTION\" \/>\n<meta name=\"twitter:card\" content=\"summary_large_image\" \/>\n<meta name=\"twitter:label1\" content=\"\u00c9crit par\" \/>\n\t<meta name=\"twitter:data1\" content=\"LA REDACTION\" \/>\n\t<meta name=\"twitter:label2\" content=\"Dur\u00e9e de lecture estim\u00e9e\" \/>\n\t<meta name=\"twitter:data2\" content=\"2 minutes\" \/>\n<script type=\"application\/ld+json\" class=\"yoast-schema-graph\">{\"@context\":\"https:\/\/schema.org\",\"@graph\":[{\"@type\":\"Article\",\"@id\":\"https:\/\/www.public.sn\/index.php\/2023\/02\/20\/exfiltre-de-sa-voiture-sur-la-corniche-ousmane-sonko-donne-les-raisons\/#article\",\"isPartOf\":{\"@id\":\"https:\/\/www.public.sn\/index.php\/2023\/02\/20\/exfiltre-de-sa-voiture-sur-la-corniche-ousmane-sonko-donne-les-raisons\/\"},\"author\":{\"name\":\"LA REDACTION\",\"@id\":\"https:\/\/www.public.sn\/#\/schema\/person\/cb76c8e1b8becc6be61fb5e92d6d0224\"},\"headline\":\"Exfiltr\u00e9 de sa voiture sur la corniche, Ousmane Sonko donne les raisons\",\"datePublished\":\"2023-02-20T19:05:04+00:00\",\"mainEntityOfPage\":{\"@id\":\"https:\/\/www.public.sn\/index.php\/2023\/02\/20\/exfiltre-de-sa-voiture-sur-la-corniche-ousmane-sonko-donne-les-raisons\/\"},\"wordCount\":233,\"commentCount\":0,\"publisher\":{\"@id\":\"https:\/\/www.public.sn\/#organization\"},\"image\":{\"@id\":\"https:\/\/www.public.sn\/index.php\/2023\/02\/20\/exfiltre-de-sa-voiture-sur-la-corniche-ousmane-sonko-donne-les-raisons\/#primaryimage\"},\"thumbnailUrl\":\"https:\/\/www.public.sn\/wp-content\/uploads\/2023\/02\/Exfiltration-Ousmane-Sonko.jpeg\",\"keywords\":[\"BIP\",\"Corniche\",\"exfiltration\",\"GIGN\",\"sonko\"],\"articleSection\":[\"ACTUALIT\u00c9S\",\"justice\",\"MANIFESTATIONS\",\"S\u00c9CURIT\u00c9 &amp; JUSTICE\",\"S\u00c9N\u00c9GAL\",\"SOCIETE\",\"VEDETTE\"],\"inLanguage\":\"fr-FR\",\"potentialAction\":[{\"@type\":\"CommentAction\",\"name\":\"Comment\",\"target\":[\"https:\/\/www.public.sn\/index.php\/2023\/02\/20\/exfiltre-de-sa-voiture-sur-la-corniche-ousmane-sonko-donne-les-raisons\/#respond\"]}]},{\"@type\":\"WebPage\",\"@id\":\"https:\/\/www.public.sn\/index.php\/2023\/02\/20\/exfiltre-de-sa-voiture-sur-la-corniche-ousmane-sonko-donne-les-raisons\/\",\"url\":\"https:\/\/www.public.sn\/index.php\/2023\/02\/20\/exfiltre-de-sa-voiture-sur-la-corniche-ousmane-sonko-donne-les-raisons\/\",\"name\":\"Exfiltr\u00e9 de sa voiture sur la corniche, Ousmane Sonko donne les raisons - LE PUBLIC\",\"isPartOf\":{\"@id\":\"https:\/\/www.public.sn\/#website\"},\"primaryImageOfPage\":{\"@id\":\"https:\/\/www.public.sn\/index.php\/2023\/02\/20\/exfiltre-de-sa-voiture-sur-la-corniche-ousmane-sonko-donne-les-raisons\/#primaryimage\"},\"image\":{\"@id\":\"https:\/\/www.public.sn\/index.php\/2023\/02\/20\/exfiltre-de-sa-voiture-sur-la-corniche-ousmane-sonko-donne-les-raisons\/#primaryimage\"},\"thumbnailUrl\":\"https:\/\/www.public.sn\/wp-content\/uploads\/2023\/02\/Exfiltration-Ousmane-Sonko.jpeg\",\"datePublished\":\"2023-02-20T19:05:04+00:00\",\"breadcrumb\":{\"@id\":\"https:\/\/www.public.sn\/index.php\/2023\/02\/20\/exfiltre-de-sa-voiture-sur-la-corniche-ousmane-sonko-donne-les-raisons\/#breadcrumb\"},\"inLanguage\":\"fr-FR\",\"potentialAction\":[{\"@type\":\"ReadAction\",\"target\":[\"https:\/\/www.public.sn\/index.php\/2023\/02\/20\/exfiltre-de-sa-voiture-sur-la-corniche-ousmane-sonko-donne-les-raisons\/\"]}]},{\"@type\":\"ImageObject\",\"inLanguage\":\"fr-FR\",\"@id\":\"https:\/\/www.public.sn\/index.php\/2023\/02\/20\/exfiltre-de-sa-voiture-sur-la-corniche-ousmane-sonko-donne-les-raisons\/#primaryimage\",\"url\":\"https:\/\/www.public.sn\/wp-content\/uploads\/2023\/02\/Exfiltration-Ousmane-Sonko.jpeg\",\"contentUrl\":\"https:\/\/www.public.sn\/wp-content\/uploads\/2023\/02\/Exfiltration-Ousmane-Sonko.jpeg\",\"width\":1280,\"height\":720},{\"@type\":\"BreadcrumbList\",\"@id\":\"https:\/\/www.public.sn\/index.php\/2023\/02\/20\/exfiltre-de-sa-voiture-sur-la-corniche-ousmane-sonko-donne-les-raisons\/#breadcrumb\",\"itemListElement\":[{\"@type\":\"ListItem\",\"position\":1,\"name\":\"Accueil\",\"item\":\"https:\/\/www.public.sn\/\"},{\"@type\":\"ListItem\",\"position\":2,\"name\":\"Exfiltr\u00e9 de sa voiture sur la corniche, Ousmane Sonko donne les raisons\"}]},{\"@type\":\"WebSite\",\"@id\":\"https:\/\/www.public.sn\/#website\",\"url\":\"https:\/\/www.public.sn\/\",\"name\":\"LE PUBLIC\",\"description\":\"\",\"publisher\":{\"@id\":\"https:\/\/www.public.sn\/#organization\"},\"potentialAction\":[{\"@type\":\"SearchAction\",\"target\":{\"@type\":\"EntryPoint\",\"urlTemplate\":\"https:\/\/www.public.sn\/?s={search_term_string}\"},\"query-input\":{\"@type\":\"PropertyValueSpecification\",\"valueRequired\":true,\"valueName\":\"search_term_string\"}}],\"inLanguage\":\"fr-FR\"},{\"@type\":\"Organization\",\"@id\":\"https:\/\/www.public.sn\/#organization\",\"name\":\"LE PUBLIC\",\"url\":\"https:\/\/www.public.sn\/\",\"logo\":{\"@type\":\"ImageObject\",\"inLanguage\":\"fr-FR\",\"@id\":\"https:\/\/www.public.sn\/#\/schema\/logo\/image\/\",\"url\":\"https:\/\/www.public.sn\/wp-content\/uploads\/2024\/05\/cropped-LOGO-PUBLIC.SN_.png\",\"contentUrl\":\"https:\/\/www.public.sn\/wp-content\/uploads\/2024\/05\/cropped-LOGO-PUBLIC.SN_.png\",\"width\":682,\"height\":192,\"caption\":\"LE PUBLIC\"},\"image\":{\"@id\":\"https:\/\/www.public.sn\/#\/schema\/logo\/image\/\"}},{\"@type\":\"Person\",\"@id\":\"https:\/\/www.public.sn\/#\/schema\/person\/cb76c8e1b8becc6be61fb5e92d6d0224\",\"name\":\"LA REDACTION\",\"image\":{\"@type\":\"ImageObject\",\"inLanguage\":\"fr-FR\",\"@id\":\"https:\/\/www.public.sn\/#\/schema\/person\/image\/\",\"url\":\"https:\/\/secure.gravatar.com\/avatar\/2dce5ddd34b8fef0180efe03aa2a9bee7d953856048f9a16b298190a3178407c?s=96&d=mm&r=g\",\"contentUrl\":\"https:\/\/secure.gravatar.com\/avatar\/2dce5ddd34b8fef0180efe03aa2a9bee7d953856048f9a16b298190a3178407c?s=96&d=mm&r=g\",\"caption\":\"LA REDACTION\"},\"url\":\"https:\/\/www.public.sn\/index.php\/author\/editeurpsn\/\"}]}<\/script>\n<!-- \/ Yoast SEO plugin. -->","yoast_head_json":{"title":"Exfiltr\u00e9 de sa voiture sur la corniche, Ousmane Sonko donne les raisons - LE PUBLIC","robots":{"index":"index","follow":"follow","max-snippet":"max-snippet:-1","max-image-preview":"max-image-preview:large","max-video-preview":"max-video-preview:-1"},"canonical":"https:\/\/www.public.sn\/index.php\/2023\/02\/20\/exfiltre-de-sa-voiture-sur-la-corniche-ousmane-sonko-donne-les-raisons\/","og_locale":"fr_FR","og_type":"article","og_title":"Exfiltr\u00e9 de sa voiture sur la corniche, Ousmane Sonko donne les raisons - LE PUBLIC","og_description":"Ce Jeudi dernier, apr\u00e8s un attroupement sur la Corniche lors de son retour du Tribunal de Dakar, Ousmane Sonko a \u00e9t\u00e9 exfiltr\u00e9 par les \u00e9l\u00e9ments du GIGN et de la BIP. Invit\u00e9 ce dimanche au m\u00e9ga meeting du Pur, le leader de Pastef r\u00e9v\u00e8le que c\u2019est parce qu\u2019il y avait des milices sur place, pr\u00eats \u00e0 lui tirer une balle. \u00ab La paix est la stabilit\u00e9 sont la premi\u00e8re ressource de ce pays et tout le monde doit faire en sorte de le pr\u00e9server. Mais Macky Sall a \u00e9t\u00e9 le premier pr\u00e9sident de la R\u00e9publique qui a engag\u00e9 des milices arm\u00e9s dans ce pays. Jeudi, lorsque j\u2019\u00e9tais \u00e0 la Corniche, ils avaient des grenades et des armes. Les forces de l\u2019ordre n\u2019ont pas pu les contenir et m\u2019ont dit qu\u2019elles devaient m\u2019exfiltrer dans un fourgon blind\u00e9 pour me ramener chez moi, pour \u00e9viter que je prenne une balle. c\u2019est une honte \u00bb, a-t-il d\u00e9clar\u00e9. \u00ab Je dis \u00e0 Macky Sall que si l\u2019un des hommes politiques ici (ceux de l\u2019opposition pr\u00e9sents au meeting du PUR) est touch\u00e9 par un nervis, le peuple viendra au palais pour le d\u00e9loger et le trainer, comme l\u2019ont fait les peuples d\u2019autres dictateurs \u00bb, a-t-il ajout\u00e9.","og_url":"https:\/\/www.public.sn\/index.php\/2023\/02\/20\/exfiltre-de-sa-voiture-sur-la-corniche-ousmane-sonko-donne-les-raisons\/","og_site_name":"LE PUBLIC","article_published_time":"2023-02-20T19:05:04+00:00","og_image":[{"width":1280,"height":720,"url":"https:\/\/www.public.sn\/wp-content\/uploads\/2023\/02\/Exfiltration-Ousmane-Sonko.jpeg","type":"image\/jpeg"}],"author":"LA REDACTION","twitter_card":"summary_large_image","twitter_misc":{"\u00c9crit par":"LA REDACTION","Dur\u00e9e de lecture estim\u00e9e":"2 minutes"},"schema":{"@context":"https:\/\/schema.org","@graph":[{"@type":"Article","@id":"https:\/\/www.public.sn\/index.php\/2023\/02\/20\/exfiltre-de-sa-voiture-sur-la-corniche-ousmane-sonko-donne-les-raisons\/#article","isPartOf":{"@id":"https:\/\/www.public.sn\/index.php\/2023\/02\/20\/exfiltre-de-sa-voiture-sur-la-corniche-ousmane-sonko-donne-les-raisons\/"},"author":{"name":"LA REDACTION","@id":"https:\/\/www.public.sn\/#\/schema\/person\/cb76c8e1b8becc6be61fb5e92d6d0224"},"headline":"Exfiltr\u00e9 de sa voiture sur la corniche, Ousmane Sonko donne les raisons","datePublished":"2023-02-20T19:05:04+00:00","mainEntityOfPage":{"@id":"https:\/\/www.public.sn\/index.php\/2023\/02\/20\/exfiltre-de-sa-voiture-sur-la-corniche-ousmane-sonko-donne-les-raisons\/"},"wordCount":233,"commentCount":0,"publisher":{"@id":"https:\/\/www.public.sn\/#organization"},"image":{"@id":"https:\/\/www.public.sn\/index.php\/2023\/02\/20\/exfiltre-de-sa-voiture-sur-la-corniche-ousmane-sonko-donne-les-raisons\/#primaryimage"},"thumbnailUrl":"https:\/\/www.public.sn\/wp-content\/uploads\/2023\/02\/Exfiltration-Ousmane-Sonko.jpeg","keywords":["BIP","Corniche","exfiltration","GIGN","sonko"],"articleSection":["ACTUALIT\u00c9S","justice","MANIFESTATIONS","S\u00c9CURIT\u00c9 &amp; JUSTICE","S\u00c9N\u00c9GAL","SOCIETE","VEDETTE"],"inLanguage":"fr-FR","potentialAction":[{"@type":"CommentAction","name":"Comment","target":["https:\/\/www.public.sn\/index.php\/2023\/02\/20\/exfiltre-de-sa-voiture-sur-la-corniche-ousmane-sonko-donne-les-raisons\/#respond"]}]},{"@type":"WebPage","@id":"https:\/\/www.public.sn\/index.php\/2023\/02\/20\/exfiltre-de-sa-voiture-sur-la-corniche-ousmane-sonko-donne-les-raisons\/","url":"https:\/\/www.public.sn\/index.php\/2023\/02\/20\/exfiltre-de-sa-voiture-sur-la-corniche-ousmane-sonko-donne-les-raisons\/","name":"Exfiltr\u00e9 de sa voiture sur la corniche, Ousmane Sonko donne les raisons - LE PUBLIC","isPartOf":{"@id":"https:\/\/www.public.sn\/#website"},"primaryImageOfPage":{"@id":"https:\/\/www.public.sn\/index.php\/2023\/02\/20\/exfiltre-de-sa-voiture-sur-la-corniche-ousmane-sonko-donne-les-raisons\/#primaryimage"},"image":{"@id":"https:\/\/www.public.sn\/index.php\/2023\/02\/20\/exfiltre-de-sa-voiture-sur-la-corniche-ousmane-sonko-donne-les-raisons\/#primaryimage"},"thumbnailUrl":"https:\/\/www.public.sn\/wp-content\/uploads\/2023\/02\/Exfiltration-Ousmane-Sonko.jpeg","datePublished":"2023-02-20T19:05:04+00:00","breadcrumb":{"@id":"https:\/\/www.public.sn\/index.php\/2023\/02\/20\/exfiltre-de-sa-voiture-sur-la-corniche-ousmane-sonko-donne-les-raisons\/#breadcrumb"},"inLanguage":"fr-FR","potentialAction":[{"@type":"ReadAction","target":["https:\/\/www.public.sn\/index.php\/2023\/02\/20\/exfiltre-de-sa-voiture-sur-la-corniche-ousmane-sonko-donne-les-raisons\/"]}]},{"@type":"ImageObject","inLanguage":"fr-FR","@id":"https:\/\/www.public.sn\/index.php\/2023\/02\/20\/exfiltre-de-sa-voiture-sur-la-corniche-ousmane-sonko-donne-les-raisons\/#primaryimage","url":"https:\/\/www.public.sn\/wp-content\/uploads\/2023\/02\/Exfiltration-Ousmane-Sonko.jpeg","contentUrl":"https:\/\/www.public.sn\/wp-content\/uploads\/2023\/02\/Exfiltration-Ousmane-Sonko.jpeg","width":1280,"height":720},{"@type":"BreadcrumbList","@id":"https:\/\/www.public.sn\/index.php\/2023\/02\/20\/exfiltre-de-sa-voiture-sur-la-corniche-ousmane-sonko-donne-les-raisons\/#breadcrumb","itemListElement":[{"@type":"ListItem","position":1,"name":"Accueil","item":"https:\/\/www.public.sn\/"},{"@type":"ListItem","position":2,"name":"Exfiltr\u00e9 de sa voiture sur la corniche, Ousmane Sonko donne les raisons"}]},{"@type":"WebSite","@id":"https:\/\/www.public.sn\/#website","url":"https:\/\/www.public.sn\/","name":"LE PUBLIC","description":"","publisher":{"@id":"https:\/\/www.public.sn\/#organization"},"potentialAction":[{"@type":"SearchAction","target":{"@type":"EntryPoint","urlTemplate":"https:\/\/www.public.sn\/?s={search_term_string}"},"query-input":{"@type":"PropertyValueSpecification","valueRequired":true,"valueName":"search_term_string"}}],"inLanguage":"fr-FR"},{"@type":"Organization","@id":"https:\/\/www.public.sn\/#organization","name":"LE PUBLIC","url":"https:\/\/www.public.sn\/","logo":{"@type":"ImageObject","inLanguage":"fr-FR","@id":"https:\/\/www.public.sn\/#\/schema\/logo\/image\/","url":"https:\/\/www.public.sn\/wp-content\/uploads\/2024\/05\/cropped-LOGO-PUBLIC.SN_.png","contentUrl":"https:\/\/www.public.sn\/wp-content\/uploads\/2024\/05\/cropped-LOGO-PUBLIC.SN_.png","width":682,"height":192,"caption":"LE PUBLIC"},"image":{"@id":"https:\/\/www.public.sn\/#\/schema\/logo\/image\/"}},{"@type":"Person","@id":"https:\/\/www.public.sn\/#\/schema\/person\/cb76c8e1b8becc6be61fb5e92d6d0224","name":"LA REDACTION","image":{"@type":"ImageObject","inLanguage":"fr-FR","@id":"https:\/\/www.public.sn\/#\/schema\/person\/image\/","url":"https:\/\/secure.gravatar.com\/avatar\/2dce5ddd34b8fef0180efe03aa2a9bee7d953856048f9a16b298190a3178407c?s=96&d=mm&r=g","contentUrl":"https:\/\/secure.gravatar.com\/avatar\/2dce5ddd34b8fef0180efe03aa2a9bee7d953856048f9a16b298190a3178407c?s=96&d=mm&r=g","caption":"LA REDACTION"},"url":"https:\/\/www.public.sn\/index.php\/author\/editeurpsn\/"}]}},"jetpack_featured_media_url":"https:\/\/www.public.sn\/wp-content\/uploads\/2023\/02\/Exfiltration-Ousmane-Sonko.jpeg","jetpack_sharing_enabled":true,"_links":{"self":[{"href":"https:\/\/www.public.sn\/index.php\/wp-json\/wp\/v2\/posts\/16160","targetHints":{"allow":["GET"]}}],"collection":[{"href":"https:\/\/www.public.sn\/index.php\/wp-json\/wp\/v2\/posts"}],"about":[{"href":"https:\/\/www.public.sn\/index.php\/wp-json\/wp\/v2\/types\/post"}],"author":[{"embeddable":true,"href":"https:\/\/www.public.sn\/index.php\/wp-json\/wp\/v2\/users\/7"}],"replies":[{"embeddable":true,"href":"https:\/\/www.public.sn\/index.php\/wp-json\/wp\/v2\/comments?post=16160"}],"version-history":[{"count":1,"href":"https:\/\/www.public.sn\/index.php\/wp-json\/wp\/v2\/posts\/16160\/revisions"}],"predecessor-version":[{"id":16162,"href":"https:\/\/www.public.sn\/index.php\/wp-json\/wp\/v2\/posts\/16160\/revisions\/16162"}],"wp:featuredmedia":[{"embeddable":true,"href":"https:\/\/www.public.sn\/index.php\/wp-json\/wp\/v2\/media\/16161"}],"wp:attachment":[{"href":"https:\/\/www.public.sn\/index.php\/wp-json\/wp\/v2\/media?parent=16160"}],"wp:term":[{"taxonomy":"category","embeddable":true,"href":"https:\/\/www.public.sn\/index.php\/wp-json\/wp\/v2\/categories?post=16160"},{"taxonomy":"post_tag","embeddable":true,"href":"https:\/\/www.public.sn\/index.php\/wp-json\/wp\/v2\/tags?post=16160"}],"curies":[{"name":"wp","href":"https:\/\/api.w.org\/{rel}","templated":true}]}}