{"id":1617,"date":"2022-09-10T13:12:23","date_gmt":"2022-09-10T11:12:23","guid":{"rendered":"https:\/\/www.public.sn\/?p=1617"},"modified":"2022-09-10T13:12:24","modified_gmt":"2022-09-10T11:12:24","slug":"les-deputes-de-benno-bokk-yakaar-en-seminaire-a-saly","status":"publish","type":"post","link":"https:\/\/www.public.sn\/index.php\/2022\/09\/10\/les-deputes-de-benno-bokk-yakaar-en-seminaire-a-saly\/","title":{"rendered":"Les d\u00e9put\u00e9s de Benno Bokk Yakaar en s\u00e9minaire \u00e0 Saly."},"content":{"rendered":"\n<p>Les d\u00e9put\u00e9s nouvellement \u00e9lus de la coalition Benno Bokk Yaakaar organisent un s\u00e9minaire de formation du 10 au 11 septembre 2022, \u00e0 Saly, informe un communiqu\u00e9.<\/p><div class=\"publi-paragraphe1\" style=\"margin-top: 10px;margin-bottom: 10px;margin-left: auto;margin-right: auto;text-align: center;\" id=\"publi-2182796959\"><div class=\"publi-adlabel\">Publicit\u00e9<\/div><script async src=\"\/\/pagead2.googlesyndication.com\/pagead\/js\/adsbygoogle.js?client=ca-pub-4089586018074219\" crossorigin=\"anonymous\"><\/script><ins class=\"adsbygoogle\" style=\"display:block;\" data-ad-client=\"ca-pub-4089586018074219\" \ndata-ad-slot=\"2087940154\" \ndata-ad-format=\"auto\"><\/ins>\n<script> \n(adsbygoogle = window.adsbygoogle || []).push({}); \n<\/script>\n<\/div>\n\n\n\n<p>Selon le d\u00e9put\u00e9 Abdou Mbow, signataire du document, ce s\u00e9minaire constitue une \u00e9tape importante dans le processus de construction d\u2019un bloc solidaire, solide et uni dans la promotion d\u2019une Assembl\u00e9e nationale forte.<\/p>\n\n\n\n<p>\u00c9galement, poursuit-il, ce sera l\u2019occasion pour les d\u00e9put\u00e9s d\u2019\u00eatre pr\u00e9par\u00e9s \u00e0 accomplir leur exaltante mission dans la marche de notre Nation vers son destin de progr\u00e8s. Le s\u00e9minaire sera articul\u00e9 autour des axes de r\u00e9flexion suivants : l\u2019environnement institutionnel de la R\u00e9publique du S\u00e9n\u00e9gal, les rapports entre le Pouvoir Ex\u00e9cutif et le Pouvoir L\u00e9gislatif, le r\u00f4le, les missions et la responsabilit\u00e9 du d\u00e9put\u00e9 au regard de la Constitution et du R\u00e8glement int\u00e9rieur de l\u2019Assembl\u00e9e nationale; le fonctionnement et l\u2019organisation de l\u2019Assembl\u00e9e nationale, le Budget et le contr\u00f4le budg\u00e9taire.<\/p>\n<div class=\"publi-apres-le-contenu\" style=\"margin-top: 10px;margin-bottom: 10px;margin-left: auto;margin-right: auto;text-align: center;\" id=\"publi-952100657\"><div class=\"publi-adlabel\">Publicit\u00e9<\/div><script async src=\"\/\/pagead2.googlesyndication.com\/pagead\/js\/adsbygoogle.js?client=ca-pub-4089586018074219\" crossorigin=\"anonymous\"><\/script><ins class=\"adsbygoogle\" style=\"display:block;\" data-ad-client=\"ca-pub-4089586018074219\" \ndata-ad-slot=\"2087940154\" \ndata-ad-format=\"auto\"><\/ins>\n<script> \n(adsbygoogle = window.adsbygoogle || []).push({}); \n<\/script>\n<\/div>","protected":false},"excerpt":{"rendered":"<p>Les d\u00e9put\u00e9s nouvellement \u00e9lus de la coalition Benno Bokk Yaakaar organisent un s\u00e9minaire de formation du 10 au 11 septembre 2022, \u00e0 Saly, informe un communiqu\u00e9. Selon le d\u00e9put\u00e9 Abdou Mbow, signataire du document, ce s\u00e9minaire constitue une \u00e9tape importante dans le processus de construction d\u2019un bloc solidaire, solide et uni dans la promotion d\u2019une Assembl\u00e9e nationale forte. \u00c9galement, poursuit-il, ce sera l\u2019occasion pour les d\u00e9put\u00e9s d\u2019\u00eatre pr\u00e9par\u00e9s \u00e0 accomplir leur exaltante mission dans la marche de notre Nation vers son destin de progr\u00e8s. Le s\u00e9minaire sera articul\u00e9 autour des axes de r\u00e9flexion suivants : l\u2019environnement institutionnel de la R\u00e9publique du S\u00e9n\u00e9gal, les rapports entre le Pouvoir Ex\u00e9cutif et le Pouvoir L\u00e9gislatif, le r\u00f4le, les missions et la responsabilit\u00e9 du d\u00e9put\u00e9 au regard de la Constitution et du R\u00e8glement int\u00e9rieur de l\u2019Assembl\u00e9e nationale; le fonctionnement et l\u2019organisation de l\u2019Assembl\u00e9e nationale, le Budget et le contr\u00f4le budg\u00e9taire.<\/p>\n","protected":false},"author":1,"featured_media":1618,"comment_status":"open","ping_status":"open","sticky":false,"template":"","format":"standard","meta":{"_jetpack_memberships_contains_paid_content":false,"footnotes":""},"categories":[375,3],"tags":[12,299,11,687],"class_list":["post-1617","post","type-post","status-publish","format-standard","has-post-thumbnail","hentry","category-actualites","category-politique","tag-assemblee-nationale","tag-benno-bokk-yakaar","tag-macky-sall","tag-saly","entry","has-media","owp-thumbs-layout-horizontal","owp-btn-normal","owp-tabs-layout-horizontal","has-no-thumbnails","has-product-nav"],"yoast_head":"<!-- This site is optimized with the Yoast SEO plugin v25.5 - https:\/\/yoast.com\/wordpress\/plugins\/seo\/ -->\n<title>Les d\u00e9put\u00e9s de Benno Bokk Yakaar en s\u00e9minaire \u00e0 Saly. - LE PUBLIC<\/title>\n<meta name=\"robots\" content=\"index, follow, max-snippet:-1, max-image-preview:large, max-video-preview:-1\" \/>\n<link rel=\"canonical\" href=\"https:\/\/www.public.sn\/index.php\/2022\/09\/10\/les-deputes-de-benno-bokk-yakaar-en-seminaire-a-saly\/\" \/>\n<meta property=\"og:locale\" content=\"fr_FR\" \/>\n<meta property=\"og:type\" content=\"article\" \/>\n<meta property=\"og:title\" content=\"Les d\u00e9put\u00e9s de Benno Bokk Yakaar en s\u00e9minaire \u00e0 Saly. - LE PUBLIC\" \/>\n<meta property=\"og:description\" content=\"Les d\u00e9put\u00e9s nouvellement \u00e9lus de la coalition Benno Bokk Yaakaar organisent un s\u00e9minaire de formation du 10 au 11 septembre 2022, \u00e0 Saly, informe un communiqu\u00e9. Selon le d\u00e9put\u00e9 Abdou Mbow, signataire du document, ce s\u00e9minaire constitue une \u00e9tape importante dans le processus de construction d\u2019un bloc solidaire, solide et uni dans la promotion d\u2019une Assembl\u00e9e nationale forte. \u00c9galement, poursuit-il, ce sera l\u2019occasion pour les d\u00e9put\u00e9s d\u2019\u00eatre pr\u00e9par\u00e9s \u00e0 accomplir leur exaltante mission dans la marche de notre Nation vers son destin de progr\u00e8s. Le s\u00e9minaire sera articul\u00e9 autour des axes de r\u00e9flexion suivants : l\u2019environnement institutionnel de la R\u00e9publique du S\u00e9n\u00e9gal, les rapports entre le Pouvoir Ex\u00e9cutif et le Pouvoir L\u00e9gislatif, le r\u00f4le, les missions et la responsabilit\u00e9 du d\u00e9put\u00e9 au regard de la Constitution et du R\u00e8glement int\u00e9rieur de l\u2019Assembl\u00e9e nationale; le fonctionnement et l\u2019organisation de l\u2019Assembl\u00e9e nationale, le Budget et le contr\u00f4le budg\u00e9taire.\" \/>\n<meta property=\"og:url\" content=\"https:\/\/www.public.sn\/index.php\/2022\/09\/10\/les-deputes-de-benno-bokk-yakaar-en-seminaire-a-saly\/\" \/>\n<meta property=\"og:site_name\" content=\"LE PUBLIC\" \/>\n<meta property=\"article:published_time\" content=\"2022-09-10T11:12:23+00:00\" \/>\n<meta property=\"article:modified_time\" content=\"2022-09-10T11:12:24+00:00\" \/>\n<meta property=\"og:image\" content=\"https:\/\/www.public.sn\/wp-content\/uploads\/2022\/09\/D4FAB797-8C76-47BD-BB44-B70A9913FAE8.jpeg\" \/>\n\t<meta property=\"og:image:width\" content=\"900\" \/>\n\t<meta property=\"og:image:height\" content=\"675\" \/>\n\t<meta property=\"og:image:type\" content=\"image\/jpeg\" \/>\n<meta name=\"author\" content=\"LA REDACTION\" \/>\n<meta name=\"twitter:card\" content=\"summary_large_image\" \/>\n<meta name=\"twitter:label1\" content=\"\u00c9crit par\" \/>\n\t<meta name=\"twitter:data1\" content=\"LA REDACTION\" \/>\n\t<meta name=\"twitter:label2\" content=\"Dur\u00e9e de lecture estim\u00e9e\" \/>\n\t<meta name=\"twitter:data2\" content=\"1 minute\" \/>\n<script type=\"application\/ld+json\" class=\"yoast-schema-graph\">{\"@context\":\"https:\/\/schema.org\",\"@graph\":[{\"@type\":\"Article\",\"@id\":\"https:\/\/www.public.sn\/index.php\/2022\/09\/10\/les-deputes-de-benno-bokk-yakaar-en-seminaire-a-saly\/#article\",\"isPartOf\":{\"@id\":\"https:\/\/www.public.sn\/index.php\/2022\/09\/10\/les-deputes-de-benno-bokk-yakaar-en-seminaire-a-saly\/\"},\"author\":{\"name\":\"LA REDACTION\",\"@id\":\"https:\/\/www.public.sn\/#\/schema\/person\/e3f4a11b037d4203902db148f9bc8d5a\"},\"headline\":\"Les d\u00e9put\u00e9s de Benno Bokk Yakaar en s\u00e9minaire \u00e0 Saly.\",\"datePublished\":\"2022-09-10T11:12:23+00:00\",\"dateModified\":\"2022-09-10T11:12:24+00:00\",\"mainEntityOfPage\":{\"@id\":\"https:\/\/www.public.sn\/index.php\/2022\/09\/10\/les-deputes-de-benno-bokk-yakaar-en-seminaire-a-saly\/\"},\"wordCount\":186,\"commentCount\":0,\"publisher\":{\"@id\":\"https:\/\/www.public.sn\/#organization\"},\"image\":{\"@id\":\"https:\/\/www.public.sn\/index.php\/2022\/09\/10\/les-deputes-de-benno-bokk-yakaar-en-seminaire-a-saly\/#primaryimage\"},\"thumbnailUrl\":\"https:\/\/www.public.sn\/wp-content\/uploads\/2022\/09\/D4FAB797-8C76-47BD-BB44-B70A9913FAE8.jpeg\",\"keywords\":[\"Assembl\u00e9e Nationale\",\"Benno Bokk Yakaar\",\"Macky Sall\",\"Saly\"],\"articleSection\":[\"ACTUALIT\u00c9S\",\"POLITIQUE\"],\"inLanguage\":\"fr-FR\",\"potentialAction\":[{\"@type\":\"CommentAction\",\"name\":\"Comment\",\"target\":[\"https:\/\/www.public.sn\/index.php\/2022\/09\/10\/les-deputes-de-benno-bokk-yakaar-en-seminaire-a-saly\/#respond\"]}]},{\"@type\":\"WebPage\",\"@id\":\"https:\/\/www.public.sn\/index.php\/2022\/09\/10\/les-deputes-de-benno-bokk-yakaar-en-seminaire-a-saly\/\",\"url\":\"https:\/\/www.public.sn\/index.php\/2022\/09\/10\/les-deputes-de-benno-bokk-yakaar-en-seminaire-a-saly\/\",\"name\":\"Les d\u00e9put\u00e9s de Benno Bokk Yakaar en s\u00e9minaire \u00e0 Saly. - LE PUBLIC\",\"isPartOf\":{\"@id\":\"https:\/\/www.public.sn\/#website\"},\"primaryImageOfPage\":{\"@id\":\"https:\/\/www.public.sn\/index.php\/2022\/09\/10\/les-deputes-de-benno-bokk-yakaar-en-seminaire-a-saly\/#primaryimage\"},\"image\":{\"@id\":\"https:\/\/www.public.sn\/index.php\/2022\/09\/10\/les-deputes-de-benno-bokk-yakaar-en-seminaire-a-saly\/#primaryimage\"},\"thumbnailUrl\":\"https:\/\/www.public.sn\/wp-content\/uploads\/2022\/09\/D4FAB797-8C76-47BD-BB44-B70A9913FAE8.jpeg\",\"datePublished\":\"2022-09-10T11:12:23+00:00\",\"dateModified\":\"2022-09-10T11:12:24+00:00\",\"breadcrumb\":{\"@id\":\"https:\/\/www.public.sn\/index.php\/2022\/09\/10\/les-deputes-de-benno-bokk-yakaar-en-seminaire-a-saly\/#breadcrumb\"},\"inLanguage\":\"fr-FR\",\"potentialAction\":[{\"@type\":\"ReadAction\",\"target\":[\"https:\/\/www.public.sn\/index.php\/2022\/09\/10\/les-deputes-de-benno-bokk-yakaar-en-seminaire-a-saly\/\"]}]},{\"@type\":\"ImageObject\",\"inLanguage\":\"fr-FR\",\"@id\":\"https:\/\/www.public.sn\/index.php\/2022\/09\/10\/les-deputes-de-benno-bokk-yakaar-en-seminaire-a-saly\/#primaryimage\",\"url\":\"https:\/\/www.public.sn\/wp-content\/uploads\/2022\/09\/D4FAB797-8C76-47BD-BB44-B70A9913FAE8.jpeg\",\"contentUrl\":\"https:\/\/www.public.sn\/wp-content\/uploads\/2022\/09\/D4FAB797-8C76-47BD-BB44-B70A9913FAE8.jpeg\",\"width\":900,\"height\":675},{\"@type\":\"BreadcrumbList\",\"@id\":\"https:\/\/www.public.sn\/index.php\/2022\/09\/10\/les-deputes-de-benno-bokk-yakaar-en-seminaire-a-saly\/#breadcrumb\",\"itemListElement\":[{\"@type\":\"ListItem\",\"position\":1,\"name\":\"Accueil\",\"item\":\"https:\/\/www.public.sn\/\"},{\"@type\":\"ListItem\",\"position\":2,\"name\":\"Les d\u00e9put\u00e9s de Benno Bokk Yakaar en s\u00e9minaire \u00e0 Saly.\"}]},{\"@type\":\"WebSite\",\"@id\":\"https:\/\/www.public.sn\/#website\",\"url\":\"https:\/\/www.public.sn\/\",\"name\":\"LE PUBLIC\",\"description\":\"\",\"publisher\":{\"@id\":\"https:\/\/www.public.sn\/#organization\"},\"potentialAction\":[{\"@type\":\"SearchAction\",\"target\":{\"@type\":\"EntryPoint\",\"urlTemplate\":\"https:\/\/www.public.sn\/?s={search_term_string}\"},\"query-input\":{\"@type\":\"PropertyValueSpecification\",\"valueRequired\":true,\"valueName\":\"search_term_string\"}}],\"inLanguage\":\"fr-FR\"},{\"@type\":\"Organization\",\"@id\":\"https:\/\/www.public.sn\/#organization\",\"name\":\"LE PUBLIC\",\"url\":\"https:\/\/www.public.sn\/\",\"logo\":{\"@type\":\"ImageObject\",\"inLanguage\":\"fr-FR\",\"@id\":\"https:\/\/www.public.sn\/#\/schema\/logo\/image\/\",\"url\":\"https:\/\/www.public.sn\/wp-content\/uploads\/2024\/05\/cropped-LOGO-PUBLIC.SN_.png\",\"contentUrl\":\"https:\/\/www.public.sn\/wp-content\/uploads\/2024\/05\/cropped-LOGO-PUBLIC.SN_.png\",\"width\":682,\"height\":192,\"caption\":\"LE PUBLIC\"},\"image\":{\"@id\":\"https:\/\/www.public.sn\/#\/schema\/logo\/image\/\"}},{\"@type\":\"Person\",\"@id\":\"https:\/\/www.public.sn\/#\/schema\/person\/e3f4a11b037d4203902db148f9bc8d5a\",\"name\":\"LA REDACTION\",\"image\":{\"@type\":\"ImageObject\",\"inLanguage\":\"fr-FR\",\"@id\":\"https:\/\/www.public.sn\/#\/schema\/person\/image\/\",\"url\":\"https:\/\/secure.gravatar.com\/avatar\/d6c030db45db2883c075085c5d6c6258654a801a93766b49af0b82d4f454e2a5?s=96&d=mm&r=g\",\"contentUrl\":\"https:\/\/secure.gravatar.com\/avatar\/d6c030db45db2883c075085c5d6c6258654a801a93766b49af0b82d4f454e2a5?s=96&d=mm&r=g\",\"caption\":\"LA REDACTION\"},\"sameAs\":[\"http:\/\/www.public.sn\"],\"url\":\"https:\/\/www.public.sn\/index.php\/author\/admin7324\/\"}]}<\/script>\n<!-- \/ Yoast SEO plugin. -->","yoast_head_json":{"title":"Les d\u00e9put\u00e9s de Benno Bokk Yakaar en s\u00e9minaire \u00e0 Saly. - LE PUBLIC","robots":{"index":"index","follow":"follow","max-snippet":"max-snippet:-1","max-image-preview":"max-image-preview:large","max-video-preview":"max-video-preview:-1"},"canonical":"https:\/\/www.public.sn\/index.php\/2022\/09\/10\/les-deputes-de-benno-bokk-yakaar-en-seminaire-a-saly\/","og_locale":"fr_FR","og_type":"article","og_title":"Les d\u00e9put\u00e9s de Benno Bokk Yakaar en s\u00e9minaire \u00e0 Saly. - LE PUBLIC","og_description":"Les d\u00e9put\u00e9s nouvellement \u00e9lus de la coalition Benno Bokk Yaakaar organisent un s\u00e9minaire de formation du 10 au 11 septembre 2022, \u00e0 Saly, informe un communiqu\u00e9. Selon le d\u00e9put\u00e9 Abdou Mbow, signataire du document, ce s\u00e9minaire constitue une \u00e9tape importante dans le processus de construction d\u2019un bloc solidaire, solide et uni dans la promotion d\u2019une Assembl\u00e9e nationale forte. \u00c9galement, poursuit-il, ce sera l\u2019occasion pour les d\u00e9put\u00e9s d\u2019\u00eatre pr\u00e9par\u00e9s \u00e0 accomplir leur exaltante mission dans la marche de notre Nation vers son destin de progr\u00e8s. Le s\u00e9minaire sera articul\u00e9 autour des axes de r\u00e9flexion suivants : l\u2019environnement institutionnel de la R\u00e9publique du S\u00e9n\u00e9gal, les rapports entre le Pouvoir Ex\u00e9cutif et le Pouvoir L\u00e9gislatif, le r\u00f4le, les missions et la responsabilit\u00e9 du d\u00e9put\u00e9 au regard de la Constitution et du R\u00e8glement int\u00e9rieur de l\u2019Assembl\u00e9e nationale; le fonctionnement et l\u2019organisation de l\u2019Assembl\u00e9e nationale, le Budget et le contr\u00f4le budg\u00e9taire.","og_url":"https:\/\/www.public.sn\/index.php\/2022\/09\/10\/les-deputes-de-benno-bokk-yakaar-en-seminaire-a-saly\/","og_site_name":"LE PUBLIC","article_published_time":"2022-09-10T11:12:23+00:00","article_modified_time":"2022-09-10T11:12:24+00:00","og_image":[{"width":900,"height":675,"url":"https:\/\/www.public.sn\/wp-content\/uploads\/2022\/09\/D4FAB797-8C76-47BD-BB44-B70A9913FAE8.jpeg","type":"image\/jpeg"}],"author":"LA REDACTION","twitter_card":"summary_large_image","twitter_misc":{"\u00c9crit par":"LA REDACTION","Dur\u00e9e de lecture estim\u00e9e":"1 minute"},"schema":{"@context":"https:\/\/schema.org","@graph":[{"@type":"Article","@id":"https:\/\/www.public.sn\/index.php\/2022\/09\/10\/les-deputes-de-benno-bokk-yakaar-en-seminaire-a-saly\/#article","isPartOf":{"@id":"https:\/\/www.public.sn\/index.php\/2022\/09\/10\/les-deputes-de-benno-bokk-yakaar-en-seminaire-a-saly\/"},"author":{"name":"LA REDACTION","@id":"https:\/\/www.public.sn\/#\/schema\/person\/e3f4a11b037d4203902db148f9bc8d5a"},"headline":"Les d\u00e9put\u00e9s de Benno Bokk Yakaar en s\u00e9minaire \u00e0 Saly.","datePublished":"2022-09-10T11:12:23+00:00","dateModified":"2022-09-10T11:12:24+00:00","mainEntityOfPage":{"@id":"https:\/\/www.public.sn\/index.php\/2022\/09\/10\/les-deputes-de-benno-bokk-yakaar-en-seminaire-a-saly\/"},"wordCount":186,"commentCount":0,"publisher":{"@id":"https:\/\/www.public.sn\/#organization"},"image":{"@id":"https:\/\/www.public.sn\/index.php\/2022\/09\/10\/les-deputes-de-benno-bokk-yakaar-en-seminaire-a-saly\/#primaryimage"},"thumbnailUrl":"https:\/\/www.public.sn\/wp-content\/uploads\/2022\/09\/D4FAB797-8C76-47BD-BB44-B70A9913FAE8.jpeg","keywords":["Assembl\u00e9e Nationale","Benno Bokk Yakaar","Macky Sall","Saly"],"articleSection":["ACTUALIT\u00c9S","POLITIQUE"],"inLanguage":"fr-FR","potentialAction":[{"@type":"CommentAction","name":"Comment","target":["https:\/\/www.public.sn\/index.php\/2022\/09\/10\/les-deputes-de-benno-bokk-yakaar-en-seminaire-a-saly\/#respond"]}]},{"@type":"WebPage","@id":"https:\/\/www.public.sn\/index.php\/2022\/09\/10\/les-deputes-de-benno-bokk-yakaar-en-seminaire-a-saly\/","url":"https:\/\/www.public.sn\/index.php\/2022\/09\/10\/les-deputes-de-benno-bokk-yakaar-en-seminaire-a-saly\/","name":"Les d\u00e9put\u00e9s de Benno Bokk Yakaar en s\u00e9minaire \u00e0 Saly. - LE PUBLIC","isPartOf":{"@id":"https:\/\/www.public.sn\/#website"},"primaryImageOfPage":{"@id":"https:\/\/www.public.sn\/index.php\/2022\/09\/10\/les-deputes-de-benno-bokk-yakaar-en-seminaire-a-saly\/#primaryimage"},"image":{"@id":"https:\/\/www.public.sn\/index.php\/2022\/09\/10\/les-deputes-de-benno-bokk-yakaar-en-seminaire-a-saly\/#primaryimage"},"thumbnailUrl":"https:\/\/www.public.sn\/wp-content\/uploads\/2022\/09\/D4FAB797-8C76-47BD-BB44-B70A9913FAE8.jpeg","datePublished":"2022-09-10T11:12:23+00:00","dateModified":"2022-09-10T11:12:24+00:00","breadcrumb":{"@id":"https:\/\/www.public.sn\/index.php\/2022\/09\/10\/les-deputes-de-benno-bokk-yakaar-en-seminaire-a-saly\/#breadcrumb"},"inLanguage":"fr-FR","potentialAction":[{"@type":"ReadAction","target":["https:\/\/www.public.sn\/index.php\/2022\/09\/10\/les-deputes-de-benno-bokk-yakaar-en-seminaire-a-saly\/"]}]},{"@type":"ImageObject","inLanguage":"fr-FR","@id":"https:\/\/www.public.sn\/index.php\/2022\/09\/10\/les-deputes-de-benno-bokk-yakaar-en-seminaire-a-saly\/#primaryimage","url":"https:\/\/www.public.sn\/wp-content\/uploads\/2022\/09\/D4FAB797-8C76-47BD-BB44-B70A9913FAE8.jpeg","contentUrl":"https:\/\/www.public.sn\/wp-content\/uploads\/2022\/09\/D4FAB797-8C76-47BD-BB44-B70A9913FAE8.jpeg","width":900,"height":675},{"@type":"BreadcrumbList","@id":"https:\/\/www.public.sn\/index.php\/2022\/09\/10\/les-deputes-de-benno-bokk-yakaar-en-seminaire-a-saly\/#breadcrumb","itemListElement":[{"@type":"ListItem","position":1,"name":"Accueil","item":"https:\/\/www.public.sn\/"},{"@type":"ListItem","position":2,"name":"Les d\u00e9put\u00e9s de Benno Bokk Yakaar en s\u00e9minaire \u00e0 Saly."}]},{"@type":"WebSite","@id":"https:\/\/www.public.sn\/#website","url":"https:\/\/www.public.sn\/","name":"LE PUBLIC","description":"","publisher":{"@id":"https:\/\/www.public.sn\/#organization"},"potentialAction":[{"@type":"SearchAction","target":{"@type":"EntryPoint","urlTemplate":"https:\/\/www.public.sn\/?s={search_term_string}"},"query-input":{"@type":"PropertyValueSpecification","valueRequired":true,"valueName":"search_term_string"}}],"inLanguage":"fr-FR"},{"@type":"Organization","@id":"https:\/\/www.public.sn\/#organization","name":"LE PUBLIC","url":"https:\/\/www.public.sn\/","logo":{"@type":"ImageObject","inLanguage":"fr-FR","@id":"https:\/\/www.public.sn\/#\/schema\/logo\/image\/","url":"https:\/\/www.public.sn\/wp-content\/uploads\/2024\/05\/cropped-LOGO-PUBLIC.SN_.png","contentUrl":"https:\/\/www.public.sn\/wp-content\/uploads\/2024\/05\/cropped-LOGO-PUBLIC.SN_.png","width":682,"height":192,"caption":"LE PUBLIC"},"image":{"@id":"https:\/\/www.public.sn\/#\/schema\/logo\/image\/"}},{"@type":"Person","@id":"https:\/\/www.public.sn\/#\/schema\/person\/e3f4a11b037d4203902db148f9bc8d5a","name":"LA REDACTION","image":{"@type":"ImageObject","inLanguage":"fr-FR","@id":"https:\/\/www.public.sn\/#\/schema\/person\/image\/","url":"https:\/\/secure.gravatar.com\/avatar\/d6c030db45db2883c075085c5d6c6258654a801a93766b49af0b82d4f454e2a5?s=96&d=mm&r=g","contentUrl":"https:\/\/secure.gravatar.com\/avatar\/d6c030db45db2883c075085c5d6c6258654a801a93766b49af0b82d4f454e2a5?s=96&d=mm&r=g","caption":"LA REDACTION"},"sameAs":["http:\/\/www.public.sn"],"url":"https:\/\/www.public.sn\/index.php\/author\/admin7324\/"}]}},"jetpack_featured_media_url":"https:\/\/www.public.sn\/wp-content\/uploads\/2022\/09\/D4FAB797-8C76-47BD-BB44-B70A9913FAE8.jpeg","jetpack_sharing_enabled":true,"_links":{"self":[{"href":"https:\/\/www.public.sn\/index.php\/wp-json\/wp\/v2\/posts\/1617","targetHints":{"allow":["GET"]}}],"collection":[{"href":"https:\/\/www.public.sn\/index.php\/wp-json\/wp\/v2\/posts"}],"about":[{"href":"https:\/\/www.public.sn\/index.php\/wp-json\/wp\/v2\/types\/post"}],"author":[{"embeddable":true,"href":"https:\/\/www.public.sn\/index.php\/wp-json\/wp\/v2\/users\/1"}],"replies":[{"embeddable":true,"href":"https:\/\/www.public.sn\/index.php\/wp-json\/wp\/v2\/comments?post=1617"}],"version-history":[{"count":1,"href":"https:\/\/www.public.sn\/index.php\/wp-json\/wp\/v2\/posts\/1617\/revisions"}],"predecessor-version":[{"id":1619,"href":"https:\/\/www.public.sn\/index.php\/wp-json\/wp\/v2\/posts\/1617\/revisions\/1619"}],"wp:featuredmedia":[{"embeddable":true,"href":"https:\/\/www.public.sn\/index.php\/wp-json\/wp\/v2\/media\/1618"}],"wp:attachment":[{"href":"https:\/\/www.public.sn\/index.php\/wp-json\/wp\/v2\/media?parent=1617"}],"wp:term":[{"taxonomy":"category","embeddable":true,"href":"https:\/\/www.public.sn\/index.php\/wp-json\/wp\/v2\/categories?post=1617"},{"taxonomy":"post_tag","embeddable":true,"href":"https:\/\/www.public.sn\/index.php\/wp-json\/wp\/v2\/tags?post=1617"}],"curies":[{"name":"wp","href":"https:\/\/api.w.org\/{rel}","templated":true}]}}