{"id":16206,"date":"2023-02-21T11:22:01","date_gmt":"2023-02-21T11:22:01","guid":{"rendered":"https:\/\/www.public.sn\/?p=16206"},"modified":"2023-02-21T11:22:01","modified_gmt":"2023-02-21T11:22:01","slug":"detie-fall-candidat-a-lelection-presidentielle-de-2024","status":"publish","type":"post","link":"https:\/\/www.public.sn\/index.php\/2023\/02\/21\/detie-fall-candidat-a-lelection-presidentielle-de-2024\/","title":{"rendered":"D\u00e9ti\u00e9 Fall candidat \u00e0 l&rsquo;\u00e9lection pr\u00e9sidentielle de 2024"},"content":{"rendered":"<p>C\u2019est Jeune Afrique qui fait l\u2019annonce. Le Coordonnateur de la coalition Yewwi Askan Wi (YAW) sera investi candidat, ce dimanche 26 f\u00e9vrier, par le Parti R\u00e9publicain pour le Progr\u00e8s (PRP), sa formation politique. D\u00e9thi\u00e9 Fall sera ainsi le troisi\u00e8me membre de la Conf\u00e9rence des leaders de YAW \u00e0 briguer la Magistrature supr\u00eame apr\u00e8s Ousmane Sonko et Khalifa Sall.<\/p><div class=\"publi-paragraphe1\" style=\"margin-top: 10px;margin-bottom: 10px;margin-left: auto;margin-right: auto;text-align: center;\" id=\"publi-2242199449\"><div class=\"publi-adlabel\">Publicit\u00e9<\/div><script async src=\"\/\/pagead2.googlesyndication.com\/pagead\/js\/adsbygoogle.js?client=ca-pub-4089586018074219\" crossorigin=\"anonymous\"><\/script><ins class=\"adsbygoogle\" style=\"display:block;\" data-ad-client=\"ca-pub-4089586018074219\" \ndata-ad-slot=\"2087940154\" \ndata-ad-format=\"auto\"><\/ins>\n<script> \n(adsbygoogle = window.adsbygoogle || []).push({}); \n<\/script>\n<\/div>\n<div class=\"nty nty-post-middle nty-float-center nty-align-center nty-column-1 nty-clearfix no-bg-box-model\">\n<div id=\"nty-3576-2053019436\" class=\"nty-container nty-type-code \" data-adid=\"3576\" data-type=\"code\">\n<div id=\"nty-3576-2053019436-place\"><\/div>\n<\/div>\n<\/div>\n<p>Le journal renseigne que D\u00e9thi\u00e9 Fall, qui est par ailleurs directeur industriel de la NMA Sanders, devrait entamer une tourn\u00e9e nationale dans les diff\u00e9rentes r\u00e9gions du pays, apr\u00e8s l\u2019officialisation de sa candidature. \u00ab La candidature de D\u00e9thi\u00e9 Fall \u00e9tait une demande de beaucoup de S\u00e9n\u00e9galais qui le consid\u00e8rent comme un homme exp\u00e9riment\u00e9 sur la sc\u00e8ne politique. C\u2019est un homme aim\u00e9 par la jeunesse dont le discours est rassurant et f\u00e9d\u00e9rateur \u00bb, a indiqu\u00e9 un de ses collaborateurs cit\u00e9 par Jeune Afrique. \u00ab Il pourrait conduire une bonne politique au profit du S\u00e9n\u00e9gal. \u00bb<\/p>\n<div class=\"publi-apres-le-contenu\" style=\"margin-top: 10px;margin-bottom: 10px;margin-left: auto;margin-right: auto;text-align: center;\" id=\"publi-2697917614\"><div class=\"publi-adlabel\">Publicit\u00e9<\/div><script async src=\"\/\/pagead2.googlesyndication.com\/pagead\/js\/adsbygoogle.js?client=ca-pub-4089586018074219\" crossorigin=\"anonymous\"><\/script><ins class=\"adsbygoogle\" style=\"display:block;\" data-ad-client=\"ca-pub-4089586018074219\" \ndata-ad-slot=\"2087940154\" \ndata-ad-format=\"auto\"><\/ins>\n<script> \n(adsbygoogle = window.adsbygoogle || []).push({}); \n<\/script>\n<\/div>","protected":false},"excerpt":{"rendered":"<p>C\u2019est Jeune Afrique qui fait l\u2019annonce. Le Coordonnateur de la coalition Yewwi Askan Wi (YAW) sera investi candidat, ce dimanche 26 f\u00e9vrier, par le Parti R\u00e9publicain pour le Progr\u00e8s (PRP), sa formation politique. D\u00e9thi\u00e9 Fall sera ainsi le troisi\u00e8me membre de la Conf\u00e9rence des leaders de YAW \u00e0 briguer la Magistrature supr\u00eame apr\u00e8s Ousmane Sonko et Khalifa Sall. Le journal renseigne que D\u00e9thi\u00e9 Fall, qui est par ailleurs directeur industriel de la NMA Sanders, devrait entamer une tourn\u00e9e nationale dans les diff\u00e9rentes r\u00e9gions du pays, apr\u00e8s l\u2019officialisation de sa candidature. \u00ab La candidature de D\u00e9thi\u00e9 Fall \u00e9tait une demande de beaucoup de S\u00e9n\u00e9galais qui le consid\u00e8rent comme un homme exp\u00e9riment\u00e9 sur la sc\u00e8ne politique. C\u2019est un homme aim\u00e9 par la jeunesse dont le discours est rassurant et f\u00e9d\u00e9rateur \u00bb, a indiqu\u00e9 un de ses collaborateurs cit\u00e9 par Jeune Afrique. \u00ab Il pourrait conduire une bonne politique au profit du S\u00e9n\u00e9gal. \u00bb<\/p>\n","protected":false},"author":7,"featured_media":16219,"comment_status":"open","ping_status":"open","sticky":false,"template":"","format":"standard","meta":{"_jetpack_memberships_contains_paid_content":false,"footnotes":""},"categories":[375,3,1,4],"tags":[1714,2307,31,1602],"class_list":["post-16206","post","type-post","status-publish","format-standard","has-post-thumbnail","hentry","category-actualites","category-politique","category-non-classe","category-societe","tag-1714","tag-candidat","tag-dethie-fall","tag-presidentielle","entry","has-media","owp-thumbs-layout-horizontal","owp-btn-normal","owp-tabs-layout-horizontal","has-no-thumbnails","has-product-nav"],"yoast_head":"<!-- This site is optimized with the Yoast SEO plugin v25.5 - https:\/\/yoast.com\/wordpress\/plugins\/seo\/ -->\n<title>D\u00e9ti\u00e9 Fall candidat \u00e0 l&#039;\u00e9lection pr\u00e9sidentielle de 2024 - LE PUBLIC<\/title>\n<meta name=\"robots\" content=\"index, follow, max-snippet:-1, max-image-preview:large, max-video-preview:-1\" \/>\n<link rel=\"canonical\" href=\"https:\/\/www.public.sn\/index.php\/2023\/02\/21\/detie-fall-candidat-a-lelection-presidentielle-de-2024\/\" \/>\n<meta property=\"og:locale\" content=\"fr_FR\" \/>\n<meta property=\"og:type\" content=\"article\" \/>\n<meta property=\"og:title\" content=\"D\u00e9ti\u00e9 Fall candidat \u00e0 l&#039;\u00e9lection pr\u00e9sidentielle de 2024 - LE PUBLIC\" \/>\n<meta property=\"og:description\" content=\"C\u2019est Jeune Afrique qui fait l\u2019annonce. Le Coordonnateur de la coalition Yewwi Askan Wi (YAW) sera investi candidat, ce dimanche 26 f\u00e9vrier, par le Parti R\u00e9publicain pour le Progr\u00e8s (PRP), sa formation politique. D\u00e9thi\u00e9 Fall sera ainsi le troisi\u00e8me membre de la Conf\u00e9rence des leaders de YAW \u00e0 briguer la Magistrature supr\u00eame apr\u00e8s Ousmane Sonko et Khalifa Sall. Le journal renseigne que D\u00e9thi\u00e9 Fall, qui est par ailleurs directeur industriel de la NMA Sanders, devrait entamer une tourn\u00e9e nationale dans les diff\u00e9rentes r\u00e9gions du pays, apr\u00e8s l\u2019officialisation de sa candidature. \u00ab La candidature de D\u00e9thi\u00e9 Fall \u00e9tait une demande de beaucoup de S\u00e9n\u00e9galais qui le consid\u00e8rent comme un homme exp\u00e9riment\u00e9 sur la sc\u00e8ne politique. C\u2019est un homme aim\u00e9 par la jeunesse dont le discours est rassurant et f\u00e9d\u00e9rateur \u00bb, a indiqu\u00e9 un de ses collaborateurs cit\u00e9 par Jeune Afrique. \u00ab Il pourrait conduire une bonne politique au profit du S\u00e9n\u00e9gal. \u00bb\" \/>\n<meta property=\"og:url\" content=\"https:\/\/www.public.sn\/index.php\/2023\/02\/21\/detie-fall-candidat-a-lelection-presidentielle-de-2024\/\" \/>\n<meta property=\"og:site_name\" content=\"LE PUBLIC\" \/>\n<meta property=\"article:published_time\" content=\"2023-02-21T11:22:01+00:00\" \/>\n<meta property=\"og:image\" content=\"https:\/\/www.public.sn\/wp-content\/uploads\/2023\/02\/dethie-fall.jpg\" \/>\n\t<meta property=\"og:image:width\" content=\"225\" \/>\n\t<meta property=\"og:image:height\" content=\"224\" \/>\n\t<meta property=\"og:image:type\" content=\"image\/jpeg\" \/>\n<meta name=\"author\" content=\"LA REDACTION\" \/>\n<meta name=\"twitter:card\" content=\"summary_large_image\" \/>\n<meta name=\"twitter:label1\" content=\"\u00c9crit par\" \/>\n\t<meta name=\"twitter:data1\" content=\"LA REDACTION\" \/>\n\t<meta name=\"twitter:label2\" content=\"Dur\u00e9e de lecture estim\u00e9e\" \/>\n\t<meta name=\"twitter:data2\" content=\"1 minute\" \/>\n<script type=\"application\/ld+json\" class=\"yoast-schema-graph\">{\"@context\":\"https:\/\/schema.org\",\"@graph\":[{\"@type\":\"Article\",\"@id\":\"https:\/\/www.public.sn\/index.php\/2023\/02\/21\/detie-fall-candidat-a-lelection-presidentielle-de-2024\/#article\",\"isPartOf\":{\"@id\":\"https:\/\/www.public.sn\/index.php\/2023\/02\/21\/detie-fall-candidat-a-lelection-presidentielle-de-2024\/\"},\"author\":{\"name\":\"LA REDACTION\",\"@id\":\"https:\/\/www.public.sn\/#\/schema\/person\/cb76c8e1b8becc6be61fb5e92d6d0224\"},\"headline\":\"D\u00e9ti\u00e9 Fall candidat \u00e0 l&rsquo;\u00e9lection pr\u00e9sidentielle de 2024\",\"datePublished\":\"2023-02-21T11:22:01+00:00\",\"mainEntityOfPage\":{\"@id\":\"https:\/\/www.public.sn\/index.php\/2023\/02\/21\/detie-fall-candidat-a-lelection-presidentielle-de-2024\/\"},\"wordCount\":181,\"commentCount\":0,\"publisher\":{\"@id\":\"https:\/\/www.public.sn\/#organization\"},\"image\":{\"@id\":\"https:\/\/www.public.sn\/index.php\/2023\/02\/21\/detie-fall-candidat-a-lelection-presidentielle-de-2024\/#primaryimage\"},\"thumbnailUrl\":\"https:\/\/www.public.sn\/wp-content\/uploads\/2023\/02\/dethie-fall.jpg\",\"keywords\":[\"2024\",\"candidat\",\"D\u00e9thi\u00e9 Fall\",\"presidentielle\"],\"articleSection\":[\"ACTUALIT\u00c9S\",\"POLITIQUE\",\"S\u00c9N\u00c9GAL\",\"SOCIETE\"],\"inLanguage\":\"fr-FR\",\"potentialAction\":[{\"@type\":\"CommentAction\",\"name\":\"Comment\",\"target\":[\"https:\/\/www.public.sn\/index.php\/2023\/02\/21\/detie-fall-candidat-a-lelection-presidentielle-de-2024\/#respond\"]}]},{\"@type\":\"WebPage\",\"@id\":\"https:\/\/www.public.sn\/index.php\/2023\/02\/21\/detie-fall-candidat-a-lelection-presidentielle-de-2024\/\",\"url\":\"https:\/\/www.public.sn\/index.php\/2023\/02\/21\/detie-fall-candidat-a-lelection-presidentielle-de-2024\/\",\"name\":\"D\u00e9ti\u00e9 Fall candidat \u00e0 l'\u00e9lection pr\u00e9sidentielle de 2024 - LE PUBLIC\",\"isPartOf\":{\"@id\":\"https:\/\/www.public.sn\/#website\"},\"primaryImageOfPage\":{\"@id\":\"https:\/\/www.public.sn\/index.php\/2023\/02\/21\/detie-fall-candidat-a-lelection-presidentielle-de-2024\/#primaryimage\"},\"image\":{\"@id\":\"https:\/\/www.public.sn\/index.php\/2023\/02\/21\/detie-fall-candidat-a-lelection-presidentielle-de-2024\/#primaryimage\"},\"thumbnailUrl\":\"https:\/\/www.public.sn\/wp-content\/uploads\/2023\/02\/dethie-fall.jpg\",\"datePublished\":\"2023-02-21T11:22:01+00:00\",\"breadcrumb\":{\"@id\":\"https:\/\/www.public.sn\/index.php\/2023\/02\/21\/detie-fall-candidat-a-lelection-presidentielle-de-2024\/#breadcrumb\"},\"inLanguage\":\"fr-FR\",\"potentialAction\":[{\"@type\":\"ReadAction\",\"target\":[\"https:\/\/www.public.sn\/index.php\/2023\/02\/21\/detie-fall-candidat-a-lelection-presidentielle-de-2024\/\"]}]},{\"@type\":\"ImageObject\",\"inLanguage\":\"fr-FR\",\"@id\":\"https:\/\/www.public.sn\/index.php\/2023\/02\/21\/detie-fall-candidat-a-lelection-presidentielle-de-2024\/#primaryimage\",\"url\":\"https:\/\/www.public.sn\/wp-content\/uploads\/2023\/02\/dethie-fall.jpg\",\"contentUrl\":\"https:\/\/www.public.sn\/wp-content\/uploads\/2023\/02\/dethie-fall.jpg\",\"width\":225,\"height\":224},{\"@type\":\"BreadcrumbList\",\"@id\":\"https:\/\/www.public.sn\/index.php\/2023\/02\/21\/detie-fall-candidat-a-lelection-presidentielle-de-2024\/#breadcrumb\",\"itemListElement\":[{\"@type\":\"ListItem\",\"position\":1,\"name\":\"Accueil\",\"item\":\"https:\/\/www.public.sn\/\"},{\"@type\":\"ListItem\",\"position\":2,\"name\":\"D\u00e9ti\u00e9 Fall candidat \u00e0 l&rsquo;\u00e9lection pr\u00e9sidentielle de 2024\"}]},{\"@type\":\"WebSite\",\"@id\":\"https:\/\/www.public.sn\/#website\",\"url\":\"https:\/\/www.public.sn\/\",\"name\":\"LE PUBLIC\",\"description\":\"\",\"publisher\":{\"@id\":\"https:\/\/www.public.sn\/#organization\"},\"potentialAction\":[{\"@type\":\"SearchAction\",\"target\":{\"@type\":\"EntryPoint\",\"urlTemplate\":\"https:\/\/www.public.sn\/?s={search_term_string}\"},\"query-input\":{\"@type\":\"PropertyValueSpecification\",\"valueRequired\":true,\"valueName\":\"search_term_string\"}}],\"inLanguage\":\"fr-FR\"},{\"@type\":\"Organization\",\"@id\":\"https:\/\/www.public.sn\/#organization\",\"name\":\"LE PUBLIC\",\"url\":\"https:\/\/www.public.sn\/\",\"logo\":{\"@type\":\"ImageObject\",\"inLanguage\":\"fr-FR\",\"@id\":\"https:\/\/www.public.sn\/#\/schema\/logo\/image\/\",\"url\":\"https:\/\/www.public.sn\/wp-content\/uploads\/2024\/05\/cropped-LOGO-PUBLIC.SN_.png\",\"contentUrl\":\"https:\/\/www.public.sn\/wp-content\/uploads\/2024\/05\/cropped-LOGO-PUBLIC.SN_.png\",\"width\":682,\"height\":192,\"caption\":\"LE PUBLIC\"},\"image\":{\"@id\":\"https:\/\/www.public.sn\/#\/schema\/logo\/image\/\"}},{\"@type\":\"Person\",\"@id\":\"https:\/\/www.public.sn\/#\/schema\/person\/cb76c8e1b8becc6be61fb5e92d6d0224\",\"name\":\"LA REDACTION\",\"image\":{\"@type\":\"ImageObject\",\"inLanguage\":\"fr-FR\",\"@id\":\"https:\/\/www.public.sn\/#\/schema\/person\/image\/\",\"url\":\"https:\/\/secure.gravatar.com\/avatar\/2dce5ddd34b8fef0180efe03aa2a9bee7d953856048f9a16b298190a3178407c?s=96&d=mm&r=g\",\"contentUrl\":\"https:\/\/secure.gravatar.com\/avatar\/2dce5ddd34b8fef0180efe03aa2a9bee7d953856048f9a16b298190a3178407c?s=96&d=mm&r=g\",\"caption\":\"LA REDACTION\"},\"url\":\"https:\/\/www.public.sn\/index.php\/author\/editeurpsn\/\"}]}<\/script>\n<!-- \/ Yoast SEO plugin. -->","yoast_head_json":{"title":"D\u00e9ti\u00e9 Fall candidat \u00e0 l'\u00e9lection pr\u00e9sidentielle de 2024 - LE PUBLIC","robots":{"index":"index","follow":"follow","max-snippet":"max-snippet:-1","max-image-preview":"max-image-preview:large","max-video-preview":"max-video-preview:-1"},"canonical":"https:\/\/www.public.sn\/index.php\/2023\/02\/21\/detie-fall-candidat-a-lelection-presidentielle-de-2024\/","og_locale":"fr_FR","og_type":"article","og_title":"D\u00e9ti\u00e9 Fall candidat \u00e0 l'\u00e9lection pr\u00e9sidentielle de 2024 - LE PUBLIC","og_description":"C\u2019est Jeune Afrique qui fait l\u2019annonce. Le Coordonnateur de la coalition Yewwi Askan Wi (YAW) sera investi candidat, ce dimanche 26 f\u00e9vrier, par le Parti R\u00e9publicain pour le Progr\u00e8s (PRP), sa formation politique. D\u00e9thi\u00e9 Fall sera ainsi le troisi\u00e8me membre de la Conf\u00e9rence des leaders de YAW \u00e0 briguer la Magistrature supr\u00eame apr\u00e8s Ousmane Sonko et Khalifa Sall. Le journal renseigne que D\u00e9thi\u00e9 Fall, qui est par ailleurs directeur industriel de la NMA Sanders, devrait entamer une tourn\u00e9e nationale dans les diff\u00e9rentes r\u00e9gions du pays, apr\u00e8s l\u2019officialisation de sa candidature. \u00ab La candidature de D\u00e9thi\u00e9 Fall \u00e9tait une demande de beaucoup de S\u00e9n\u00e9galais qui le consid\u00e8rent comme un homme exp\u00e9riment\u00e9 sur la sc\u00e8ne politique. C\u2019est un homme aim\u00e9 par la jeunesse dont le discours est rassurant et f\u00e9d\u00e9rateur \u00bb, a indiqu\u00e9 un de ses collaborateurs cit\u00e9 par Jeune Afrique. \u00ab Il pourrait conduire une bonne politique au profit du S\u00e9n\u00e9gal. \u00bb","og_url":"https:\/\/www.public.sn\/index.php\/2023\/02\/21\/detie-fall-candidat-a-lelection-presidentielle-de-2024\/","og_site_name":"LE PUBLIC","article_published_time":"2023-02-21T11:22:01+00:00","og_image":[{"width":225,"height":224,"url":"https:\/\/www.public.sn\/wp-content\/uploads\/2023\/02\/dethie-fall.jpg","type":"image\/jpeg"}],"author":"LA REDACTION","twitter_card":"summary_large_image","twitter_misc":{"\u00c9crit par":"LA REDACTION","Dur\u00e9e de lecture estim\u00e9e":"1 minute"},"schema":{"@context":"https:\/\/schema.org","@graph":[{"@type":"Article","@id":"https:\/\/www.public.sn\/index.php\/2023\/02\/21\/detie-fall-candidat-a-lelection-presidentielle-de-2024\/#article","isPartOf":{"@id":"https:\/\/www.public.sn\/index.php\/2023\/02\/21\/detie-fall-candidat-a-lelection-presidentielle-de-2024\/"},"author":{"name":"LA REDACTION","@id":"https:\/\/www.public.sn\/#\/schema\/person\/cb76c8e1b8becc6be61fb5e92d6d0224"},"headline":"D\u00e9ti\u00e9 Fall candidat \u00e0 l&rsquo;\u00e9lection pr\u00e9sidentielle de 2024","datePublished":"2023-02-21T11:22:01+00:00","mainEntityOfPage":{"@id":"https:\/\/www.public.sn\/index.php\/2023\/02\/21\/detie-fall-candidat-a-lelection-presidentielle-de-2024\/"},"wordCount":181,"commentCount":0,"publisher":{"@id":"https:\/\/www.public.sn\/#organization"},"image":{"@id":"https:\/\/www.public.sn\/index.php\/2023\/02\/21\/detie-fall-candidat-a-lelection-presidentielle-de-2024\/#primaryimage"},"thumbnailUrl":"https:\/\/www.public.sn\/wp-content\/uploads\/2023\/02\/dethie-fall.jpg","keywords":["2024","candidat","D\u00e9thi\u00e9 Fall","presidentielle"],"articleSection":["ACTUALIT\u00c9S","POLITIQUE","S\u00c9N\u00c9GAL","SOCIETE"],"inLanguage":"fr-FR","potentialAction":[{"@type":"CommentAction","name":"Comment","target":["https:\/\/www.public.sn\/index.php\/2023\/02\/21\/detie-fall-candidat-a-lelection-presidentielle-de-2024\/#respond"]}]},{"@type":"WebPage","@id":"https:\/\/www.public.sn\/index.php\/2023\/02\/21\/detie-fall-candidat-a-lelection-presidentielle-de-2024\/","url":"https:\/\/www.public.sn\/index.php\/2023\/02\/21\/detie-fall-candidat-a-lelection-presidentielle-de-2024\/","name":"D\u00e9ti\u00e9 Fall candidat \u00e0 l'\u00e9lection pr\u00e9sidentielle de 2024 - LE PUBLIC","isPartOf":{"@id":"https:\/\/www.public.sn\/#website"},"primaryImageOfPage":{"@id":"https:\/\/www.public.sn\/index.php\/2023\/02\/21\/detie-fall-candidat-a-lelection-presidentielle-de-2024\/#primaryimage"},"image":{"@id":"https:\/\/www.public.sn\/index.php\/2023\/02\/21\/detie-fall-candidat-a-lelection-presidentielle-de-2024\/#primaryimage"},"thumbnailUrl":"https:\/\/www.public.sn\/wp-content\/uploads\/2023\/02\/dethie-fall.jpg","datePublished":"2023-02-21T11:22:01+00:00","breadcrumb":{"@id":"https:\/\/www.public.sn\/index.php\/2023\/02\/21\/detie-fall-candidat-a-lelection-presidentielle-de-2024\/#breadcrumb"},"inLanguage":"fr-FR","potentialAction":[{"@type":"ReadAction","target":["https:\/\/www.public.sn\/index.php\/2023\/02\/21\/detie-fall-candidat-a-lelection-presidentielle-de-2024\/"]}]},{"@type":"ImageObject","inLanguage":"fr-FR","@id":"https:\/\/www.public.sn\/index.php\/2023\/02\/21\/detie-fall-candidat-a-lelection-presidentielle-de-2024\/#primaryimage","url":"https:\/\/www.public.sn\/wp-content\/uploads\/2023\/02\/dethie-fall.jpg","contentUrl":"https:\/\/www.public.sn\/wp-content\/uploads\/2023\/02\/dethie-fall.jpg","width":225,"height":224},{"@type":"BreadcrumbList","@id":"https:\/\/www.public.sn\/index.php\/2023\/02\/21\/detie-fall-candidat-a-lelection-presidentielle-de-2024\/#breadcrumb","itemListElement":[{"@type":"ListItem","position":1,"name":"Accueil","item":"https:\/\/www.public.sn\/"},{"@type":"ListItem","position":2,"name":"D\u00e9ti\u00e9 Fall candidat \u00e0 l&rsquo;\u00e9lection pr\u00e9sidentielle de 2024"}]},{"@type":"WebSite","@id":"https:\/\/www.public.sn\/#website","url":"https:\/\/www.public.sn\/","name":"LE PUBLIC","description":"","publisher":{"@id":"https:\/\/www.public.sn\/#organization"},"potentialAction":[{"@type":"SearchAction","target":{"@type":"EntryPoint","urlTemplate":"https:\/\/www.public.sn\/?s={search_term_string}"},"query-input":{"@type":"PropertyValueSpecification","valueRequired":true,"valueName":"search_term_string"}}],"inLanguage":"fr-FR"},{"@type":"Organization","@id":"https:\/\/www.public.sn\/#organization","name":"LE PUBLIC","url":"https:\/\/www.public.sn\/","logo":{"@type":"ImageObject","inLanguage":"fr-FR","@id":"https:\/\/www.public.sn\/#\/schema\/logo\/image\/","url":"https:\/\/www.public.sn\/wp-content\/uploads\/2024\/05\/cropped-LOGO-PUBLIC.SN_.png","contentUrl":"https:\/\/www.public.sn\/wp-content\/uploads\/2024\/05\/cropped-LOGO-PUBLIC.SN_.png","width":682,"height":192,"caption":"LE PUBLIC"},"image":{"@id":"https:\/\/www.public.sn\/#\/schema\/logo\/image\/"}},{"@type":"Person","@id":"https:\/\/www.public.sn\/#\/schema\/person\/cb76c8e1b8becc6be61fb5e92d6d0224","name":"LA REDACTION","image":{"@type":"ImageObject","inLanguage":"fr-FR","@id":"https:\/\/www.public.sn\/#\/schema\/person\/image\/","url":"https:\/\/secure.gravatar.com\/avatar\/2dce5ddd34b8fef0180efe03aa2a9bee7d953856048f9a16b298190a3178407c?s=96&d=mm&r=g","contentUrl":"https:\/\/secure.gravatar.com\/avatar\/2dce5ddd34b8fef0180efe03aa2a9bee7d953856048f9a16b298190a3178407c?s=96&d=mm&r=g","caption":"LA REDACTION"},"url":"https:\/\/www.public.sn\/index.php\/author\/editeurpsn\/"}]}},"jetpack_featured_media_url":"https:\/\/www.public.sn\/wp-content\/uploads\/2023\/02\/dethie-fall.jpg","jetpack_sharing_enabled":true,"_links":{"self":[{"href":"https:\/\/www.public.sn\/index.php\/wp-json\/wp\/v2\/posts\/16206","targetHints":{"allow":["GET"]}}],"collection":[{"href":"https:\/\/www.public.sn\/index.php\/wp-json\/wp\/v2\/posts"}],"about":[{"href":"https:\/\/www.public.sn\/index.php\/wp-json\/wp\/v2\/types\/post"}],"author":[{"embeddable":true,"href":"https:\/\/www.public.sn\/index.php\/wp-json\/wp\/v2\/users\/7"}],"replies":[{"embeddable":true,"href":"https:\/\/www.public.sn\/index.php\/wp-json\/wp\/v2\/comments?post=16206"}],"version-history":[{"count":1,"href":"https:\/\/www.public.sn\/index.php\/wp-json\/wp\/v2\/posts\/16206\/revisions"}],"predecessor-version":[{"id":16220,"href":"https:\/\/www.public.sn\/index.php\/wp-json\/wp\/v2\/posts\/16206\/revisions\/16220"}],"wp:featuredmedia":[{"embeddable":true,"href":"https:\/\/www.public.sn\/index.php\/wp-json\/wp\/v2\/media\/16219"}],"wp:attachment":[{"href":"https:\/\/www.public.sn\/index.php\/wp-json\/wp\/v2\/media?parent=16206"}],"wp:term":[{"taxonomy":"category","embeddable":true,"href":"https:\/\/www.public.sn\/index.php\/wp-json\/wp\/v2\/categories?post=16206"},{"taxonomy":"post_tag","embeddable":true,"href":"https:\/\/www.public.sn\/index.php\/wp-json\/wp\/v2\/tags?post=16206"}],"curies":[{"name":"wp","href":"https:\/\/api.w.org\/{rel}","templated":true}]}}