{"id":16215,"date":"2023-02-21T12:01:45","date_gmt":"2023-02-21T12:01:45","guid":{"rendered":"https:\/\/www.public.sn\/?p=16215"},"modified":"2023-02-21T11:07:11","modified_gmt":"2023-02-21T11:07:11","slug":"medias-les-teles-rejettent-le-tarif-de-diffusion-de-3-millions-de-frs-par-mois","status":"publish","type":"post","link":"https:\/\/www.public.sn\/index.php\/2023\/02\/21\/medias-les-teles-rejettent-le-tarif-de-diffusion-de-3-millions-de-frs-par-mois\/","title":{"rendered":"TNT : les t\u00e9l\u00e9s rejettent le tarif de diffusion de 3 millions de frs par mois\u2026"},"content":{"rendered":"<p><strong>Les t\u00e9l\u00e9visions priv\u00e9es ne sont pas pr\u00eates \u00e0 payer la redevance de trois millions de frs par mois comme frais de diffusion sur le canal de la T\u00e9l\u00e9vision num\u00e9rique terrestre (TNT). Mercredi 15 f\u00e9vrier 2023, le minist\u00e8re de la Communication, des T\u00e9l\u00e9communications et de l\u2019\u00c9conomie num\u00e9rique, de concert avec le Conseil national de R\u00e9gulation de l\u2019Audiovisuel (CNRA), avec la participation de T\u00e9l\u00e9diffusion du S\u00e9n\u00e9gal (TDS SA), a convi\u00e9 les \u00e9diteurs t\u00e9l\u00e9visuels priv\u00e9s pour la fixation du montant relatif \u00e0 la diffusion des programmes sur la TNT.<\/strong><\/p><div class=\"publi-paragraphe1\" style=\"margin-top: 10px;margin-bottom: 10px;margin-left: auto;margin-right: auto;text-align: center;\" id=\"publi-2004506236\"><div class=\"publi-adlabel\">Publicit\u00e9<\/div><script async src=\"\/\/pagead2.googlesyndication.com\/pagead\/js\/adsbygoogle.js?client=ca-pub-4089586018074219\" crossorigin=\"anonymous\"><\/script><ins class=\"adsbygoogle\" style=\"display:block;\" data-ad-client=\"ca-pub-4089586018074219\" \ndata-ad-slot=\"2087940154\" \ndata-ad-format=\"auto\"><\/ins>\n<script> \n(adsbygoogle = window.adsbygoogle || []).push({}); \n<\/script>\n<\/div>\n<p>La position des autorit\u00e9s publiques est de fixer le montant du tarif de la diffusion sur la TNT \u00e0 TROIS MILLIONS FRANCS (3.000.000 FCFA) par mois et par t\u00e9l\u00e9vision. Ce tarif serait applicable d\u00e8s ce 1er mars 2023. \u00ab Pour les \u00e9diteurs t\u00e9l\u00e9visuels priv\u00e9s s\u00e9n\u00e9galais, l\u2019application de ce tarif de TROIS MILLIONS FRANCS (3.000.000 FCFA) par mois et par t\u00e9l\u00e9vision, n\u2019est pas soutenable aujourd\u2019hui. L\u2019\u00c9tat doit aider les m\u00e9dias \u00e0 remplir leur mission de service public \u00bb souligne le pr\u00e9sident du Cdeps Mamadou Ibra Kane dans une lettre ouverte adress\u00e9e au pr\u00e9sident de la R\u00e9publique.<\/p>\n<p>Le patron des quotidiens sportifs Stades et Lamb et de l\u2019imprimerie Africom ajoute que \u00ab cette mesure imm\u00e9diate va provoquer la fermeture d\u2019entreprises de presse, ou tout au moins, engendrer des licenciements et d\u00e9grader la situation sociale \u00bb. Il rappelle que les effets de la crise du coronavirus sont toujours persistants aggrav\u00e9s par les cons\u00e9quences de la guerre en Ukraine. Par ailleurs, ka presse s\u00e9n\u00e9galaise subit les contrecoups d\u2019une crise profonde. \u00ab C\u2019est pourquoi nous nous en r\u00e9f\u00e9rons encore \u00e0 votre magnanimit\u00e9, pour votre soutien \u00e0 la presse s\u00e9n\u00e9galaise \u00bb lit-on dans la lettre.<\/p>\n<p>\u2026<br \/>\n\u00ab Excellence, monsieur le pr\u00e9sident de la R\u00e9publique, pour permettre \u00e0 notre presse nationale de jouer pleinement son r\u00f4le dans le d\u00e9veloppement \u00e9conomique et social du S\u00e9n\u00e9gal, les op\u00e9rateurs t\u00e9l\u00e9visuels priv\u00e9s s\u00e9n\u00e9galais sollicitent votre soutien pour : &#8211; Les op\u00e9rateurs t\u00e9l\u00e9visuels priv\u00e9s acceptent le montant fix\u00e9 de TROIS MILLIONS FRANCS (3.000.000 FCFA). Mais, le paiement des frais de diffusion des t\u00e9l\u00e9visions priv\u00e9es nationales, devra se faire de mani\u00e8re progressive sur cinq (5) ans. UN MILLION FRANCS (1.000.000 FCFA) la 1\u00e8re ann\u00e9e, une augmentation de CINQ CENT MILLE FRANCS (500.000 FCFA) chaque ann\u00e9e suivante jusqu\u2019\u00e0 concurrence des TROIS MILLIONS FRANCS (3.000.000 FCFA). &#8211; L\u2019entr\u00e9e en vigueur de la nouvelle tarification des frais de diffusion des t\u00e9l\u00e9visions priv\u00e9es sur la TNT, apr\u00e8s les \u00e9lections pr\u00e9sidentielles du 25 f\u00e9vrier 2024.<\/p>\n<p>Les ann\u00e9es 2023 et 2024 verront les entreprises de presse consentir de gros investissements pour la couverture des \u00e9lections pr\u00e9sidentielles de 2024, afin d\u2019assumer pleinement leur mission de service public \u00bb selon Mamadou Ibra Kane. Les op\u00e9rateurs t\u00e9l\u00e9visuels priv\u00e9s s\u00e9n\u00e9galais, conscients du r\u00f4le strat\u00e9gique de T\u00e9l\u00e9diffusion du S\u00e9n\u00e9gal (TDS-SA), sollicitent son financement int\u00e9gral par l\u2019\u00c9tat, sur une p\u00e9riode de cinq (5) ans. Selon eux, cette subvention de l\u2019\u00c9tat au profit de TDS-SA pourrait \u00eatre financ\u00e9e par la compensation des dividendes num\u00e9riques li\u00e9s \u00e0 la cession des fr\u00e9quences analogiques par les t\u00e9l\u00e9visions priv\u00e9es. De m\u00eame, la redevance du fioul, initialement attribu\u00e9e \u00e0 la RTS, pourrait \u00eatre revers\u00e9e \u00e0 TDS-SA pour am\u00e9liorer la totale couverture du territoire national avec des images de qualit\u00e9 en HD.<\/p>\n<p>Par ailleurs, les flux de t\u00e9l\u00e9communication g\u00e9n\u00e9r\u00e9s par l\u2019utilisation des contenus audiovisuels pourraient valablement justifier d\u2019une taxe \u00e0 payer par les op\u00e9rateurs de t\u00e9l\u00e9phonie. A l\u2019endroit du pr\u00e9sident Macky Sall, le Cdeps note que \u00ab votre soutien \u00e0 la presse s\u2019est traduit par le vote du Code de la Presse en 2017. Ce soutien serait parachev\u00e9 par l\u2019adoption d\u2019un Code de la Publicit\u00e9 au S\u00e9n\u00e9gal et le renforcement du Fonds d\u2019Appui et de D\u00e9veloppement de la Presse (FADP), deux outils indispensables, sans lesquels il ne saurait y avoir des entreprises de presse \u00e9conomiquement viables \u00bb. Et ils n\u2019ont m\u00eame pas r\u00e9clam\u00e9 l\u2019envoi de Babacar Diagne, le pr\u00e9sident du CNRA, au mus\u00e9e des vieux souvenirs ?<\/p>\n<p><strong>LE TEMOIN<\/strong><\/p>\n<div class=\"publi-apres-le-contenu\" style=\"margin-top: 10px;margin-bottom: 10px;margin-left: auto;margin-right: auto;text-align: center;\" id=\"publi-535238030\"><div class=\"publi-adlabel\">Publicit\u00e9<\/div><script async src=\"\/\/pagead2.googlesyndication.com\/pagead\/js\/adsbygoogle.js?client=ca-pub-4089586018074219\" crossorigin=\"anonymous\"><\/script><ins class=\"adsbygoogle\" style=\"display:block;\" data-ad-client=\"ca-pub-4089586018074219\" \ndata-ad-slot=\"2087940154\" \ndata-ad-format=\"auto\"><\/ins>\n<script> \n(adsbygoogle = window.adsbygoogle || []).push({}); \n<\/script>\n<\/div>","protected":false},"excerpt":{"rendered":"<p>Les t\u00e9l\u00e9visions priv\u00e9es ne sont pas pr\u00eates \u00e0 payer la redevance de trois millions de frs par mois comme frais de diffusion sur le canal de la T\u00e9l\u00e9vision num\u00e9rique terrestre (TNT). Mercredi 15 f\u00e9vrier 2023, le minist\u00e8re de la Communication, des T\u00e9l\u00e9communications et de l\u2019\u00c9conomie num\u00e9rique, de concert avec le Conseil national de R\u00e9gulation de l\u2019Audiovisuel (CNRA), avec la participation de T\u00e9l\u00e9diffusion du S\u00e9n\u00e9gal (TDS SA), a convi\u00e9 les \u00e9diteurs t\u00e9l\u00e9visuels priv\u00e9s pour la fixation du montant relatif \u00e0 la diffusion des programmes sur la TNT. La position des autorit\u00e9s publiques est de fixer le montant du tarif de la diffusion sur la TNT \u00e0 TROIS MILLIONS FRANCS (3.000.000 FCFA) par mois et par t\u00e9l\u00e9vision. Ce tarif serait applicable d\u00e8s ce 1er mars 2023. \u00ab Pour les \u00e9diteurs t\u00e9l\u00e9visuels priv\u00e9s s\u00e9n\u00e9galais, l\u2019application de ce tarif de TROIS MILLIONS FRANCS (3.000.000 FCFA) par mois et par t\u00e9l\u00e9vision, n\u2019est pas soutenable aujourd\u2019hui. L\u2019\u00c9tat doit aider les m\u00e9dias \u00e0 remplir leur mission de service public \u00bb souligne le pr\u00e9sident du Cdeps Mamadou Ibra Kane dans une lettre ouverte adress\u00e9e au pr\u00e9sident de la R\u00e9publique. Le patron des quotidiens sportifs Stades et Lamb et de l\u2019imprimerie Africom ajoute que \u00ab cette mesure imm\u00e9diate va provoquer la fermeture d\u2019entreprises de presse, ou tout au moins, engendrer des licenciements et d\u00e9grader la situation sociale \u00bb. Il rappelle que les effets de la crise du coronavirus sont toujours persistants aggrav\u00e9s par les cons\u00e9quences de la guerre en Ukraine. Par ailleurs, ka presse s\u00e9n\u00e9galaise subit les contrecoups d\u2019une crise profonde. \u00ab C\u2019est pourquoi nous nous en r\u00e9f\u00e9rons encore \u00e0 votre magnanimit\u00e9, pour votre soutien \u00e0 la presse s\u00e9n\u00e9galaise \u00bb lit-on dans la lettre. \u2026 \u00ab Excellence, monsieur le pr\u00e9sident de la R\u00e9publique, pour permettre \u00e0 notre presse nationale de jouer pleinement son r\u00f4le dans le d\u00e9veloppement \u00e9conomique et social du S\u00e9n\u00e9gal, les op\u00e9rateurs t\u00e9l\u00e9visuels priv\u00e9s s\u00e9n\u00e9galais sollicitent votre soutien pour : &#8211; Les op\u00e9rateurs t\u00e9l\u00e9visuels priv\u00e9s acceptent le montant fix\u00e9 de TROIS MILLIONS FRANCS (3.000.000 FCFA). Mais, le paiement des frais de diffusion des t\u00e9l\u00e9visions priv\u00e9es nationales, devra se faire de mani\u00e8re progressive sur cinq (5) ans. UN MILLION FRANCS (1.000.000 FCFA) la 1\u00e8re ann\u00e9e, une augmentation de CINQ CENT MILLE FRANCS (500.000 FCFA) chaque ann\u00e9e suivante jusqu\u2019\u00e0 concurrence des TROIS MILLIONS FRANCS (3.000.000 FCFA). &#8211; L\u2019entr\u00e9e en vigueur de la nouvelle tarification des frais de diffusion des t\u00e9l\u00e9visions priv\u00e9es sur la TNT, apr\u00e8s les \u00e9lections pr\u00e9sidentielles du 25 f\u00e9vrier 2024. Les ann\u00e9es 2023 et 2024 verront les entreprises de presse consentir de gros investissements pour la couverture des \u00e9lections pr\u00e9sidentielles de 2024, afin d\u2019assumer pleinement leur mission de service public \u00bb selon Mamadou Ibra Kane. Les op\u00e9rateurs t\u00e9l\u00e9visuels priv\u00e9s s\u00e9n\u00e9galais, conscients du r\u00f4le strat\u00e9gique de T\u00e9l\u00e9diffusion du S\u00e9n\u00e9gal (TDS-SA), sollicitent son financement int\u00e9gral par l\u2019\u00c9tat, sur une p\u00e9riode de cinq (5) ans. Selon eux, cette subvention de l\u2019\u00c9tat au profit de TDS-SA pourrait \u00eatre financ\u00e9e par la compensation des dividendes num\u00e9riques li\u00e9s \u00e0 la cession des fr\u00e9quences analogiques par les t\u00e9l\u00e9visions priv\u00e9es. De m\u00eame, la redevance du fioul, initialement attribu\u00e9e \u00e0 la RTS, pourrait \u00eatre revers\u00e9e \u00e0 TDS-SA pour am\u00e9liorer la totale couverture du territoire national avec des images de qualit\u00e9 en HD. Par ailleurs, les flux de t\u00e9l\u00e9communication g\u00e9n\u00e9r\u00e9s par l\u2019utilisation des contenus audiovisuels pourraient valablement justifier d\u2019une taxe \u00e0 payer par les op\u00e9rateurs de t\u00e9l\u00e9phonie. A l\u2019endroit du pr\u00e9sident Macky Sall, le Cdeps note que \u00ab votre soutien \u00e0 la presse s\u2019est traduit par le vote du Code de la Presse en 2017. Ce soutien serait parachev\u00e9 par l\u2019adoption d\u2019un Code de la Publicit\u00e9 au S\u00e9n\u00e9gal et le renforcement du Fonds d\u2019Appui et de D\u00e9veloppement de la Presse (FADP), deux outils indispensables, sans lesquels il ne saurait y avoir des entreprises de presse \u00e9conomiquement viables \u00bb. Et ils n\u2019ont m\u00eame pas r\u00e9clam\u00e9 l\u2019envoi de Babacar Diagne, le pr\u00e9sident du CNRA, au mus\u00e9e des vieux souvenirs ? LE TEMOIN<\/p>\n","protected":false},"author":1,"featured_media":16216,"comment_status":"open","ping_status":"open","sticky":false,"template":"","format":"standard","meta":{"_jetpack_memberships_contains_paid_content":false,"footnotes":""},"categories":[375,961,1,4478],"tags":[],"class_list":["post-16215","post","type-post","status-publish","format-standard","has-post-thumbnail","hentry","category-actualites","category-medias","category-non-classe","category-telecommunication","entry","has-media","owp-thumbs-layout-horizontal","owp-btn-normal","owp-tabs-layout-horizontal","has-no-thumbnails","has-product-nav"],"yoast_head":"<!-- This site is optimized with the Yoast SEO plugin v25.5 - https:\/\/yoast.com\/wordpress\/plugins\/seo\/ -->\n<title>TNT : les t\u00e9l\u00e9s rejettent le tarif de diffusion de 3 millions de frs par mois\u2026 - LE PUBLIC<\/title>\n<meta name=\"description\" content=\"Les t\u00e9l\u00e9visions priv\u00e9es ne sont pas pr\u00eates \u00e0 payer la redevance de trois millions de frs par mois comme frais de diffusion sur le canal de la T\u00e9l\u00e9vision num\u00e9rique terrestre (TNT). Mercredi 15 f\u00e9vrier 2023, le minist\u00e8re de la Communication, des T\u00e9l\u00e9communications et de l\u2019\u00c9conomie num\u00e9rique, de concert avec le Conseil national de R\u00e9gulation de l\u2019Audiovisuel (CNRA), avec la participation de T\u00e9l\u00e9diffusion du S\u00e9n\u00e9gal (TDS SA), a convi\u00e9 les \u00e9diteurs t\u00e9l\u00e9visuels priv\u00e9s pour la fixation du montant relatif \u00e0 la diffusion des programmes sur la TNT.\" \/>\n<meta name=\"robots\" content=\"index, follow, max-snippet:-1, max-image-preview:large, max-video-preview:-1\" \/>\n<link rel=\"canonical\" href=\"https:\/\/www.public.sn\/index.php\/2023\/02\/21\/medias-les-teles-rejettent-le-tarif-de-diffusion-de-3-millions-de-frs-par-mois\/\" \/>\n<meta property=\"og:locale\" content=\"fr_FR\" \/>\n<meta property=\"og:type\" content=\"article\" \/>\n<meta property=\"og:title\" content=\"TNT : les t\u00e9l\u00e9s rejettent le tarif de diffusion de 3 millions de frs par mois\u2026 - LE PUBLIC\" \/>\n<meta property=\"og:description\" content=\"Les t\u00e9l\u00e9visions priv\u00e9es ne sont pas pr\u00eates \u00e0 payer la redevance de trois millions de frs par mois comme frais de diffusion sur le canal de la T\u00e9l\u00e9vision num\u00e9rique terrestre (TNT). Mercredi 15 f\u00e9vrier 2023, le minist\u00e8re de la Communication, des T\u00e9l\u00e9communications et de l\u2019\u00c9conomie num\u00e9rique, de concert avec le Conseil national de R\u00e9gulation de l\u2019Audiovisuel (CNRA), avec la participation de T\u00e9l\u00e9diffusion du S\u00e9n\u00e9gal (TDS SA), a convi\u00e9 les \u00e9diteurs t\u00e9l\u00e9visuels priv\u00e9s pour la fixation du montant relatif \u00e0 la diffusion des programmes sur la TNT.\" \/>\n<meta property=\"og:url\" content=\"https:\/\/www.public.sn\/index.php\/2023\/02\/21\/medias-les-teles-rejettent-le-tarif-de-diffusion-de-3-millions-de-frs-par-mois\/\" \/>\n<meta property=\"og:site_name\" content=\"LE PUBLIC\" \/>\n<meta property=\"article:published_time\" content=\"2023-02-21T12:01:45+00:00\" \/>\n<meta property=\"og:image\" content=\"https:\/\/www.public.sn\/wp-content\/uploads\/2023\/02\/tnt-senegal.jpg\" \/>\n\t<meta property=\"og:image:width\" content=\"1920\" \/>\n\t<meta property=\"og:image:height\" content=\"780\" \/>\n\t<meta property=\"og:image:type\" content=\"image\/jpeg\" \/>\n<meta name=\"author\" content=\"LA REDACTION\" \/>\n<meta name=\"twitter:card\" content=\"summary_large_image\" \/>\n<meta name=\"twitter:label1\" content=\"\u00c9crit par\" \/>\n\t<meta name=\"twitter:data1\" content=\"LA REDACTION\" \/>\n\t<meta name=\"twitter:label2\" content=\"Dur\u00e9e de lecture estim\u00e9e\" \/>\n\t<meta name=\"twitter:data2\" content=\"4 minutes\" \/>\n<script type=\"application\/ld+json\" class=\"yoast-schema-graph\">{\"@context\":\"https:\/\/schema.org\",\"@graph\":[{\"@type\":\"Article\",\"@id\":\"https:\/\/www.public.sn\/index.php\/2023\/02\/21\/medias-les-teles-rejettent-le-tarif-de-diffusion-de-3-millions-de-frs-par-mois\/#article\",\"isPartOf\":{\"@id\":\"https:\/\/www.public.sn\/index.php\/2023\/02\/21\/medias-les-teles-rejettent-le-tarif-de-diffusion-de-3-millions-de-frs-par-mois\/\"},\"author\":{\"name\":\"LA REDACTION\",\"@id\":\"https:\/\/www.public.sn\/#\/schema\/person\/e3f4a11b037d4203902db148f9bc8d5a\"},\"headline\":\"TNT : les t\u00e9l\u00e9s rejettent le tarif de diffusion de 3 millions de frs par mois\u2026\",\"datePublished\":\"2023-02-21T12:01:45+00:00\",\"mainEntityOfPage\":{\"@id\":\"https:\/\/www.public.sn\/index.php\/2023\/02\/21\/medias-les-teles-rejettent-le-tarif-de-diffusion-de-3-millions-de-frs-par-mois\/\"},\"wordCount\":758,\"commentCount\":0,\"publisher\":{\"@id\":\"https:\/\/www.public.sn\/#organization\"},\"image\":{\"@id\":\"https:\/\/www.public.sn\/index.php\/2023\/02\/21\/medias-les-teles-rejettent-le-tarif-de-diffusion-de-3-millions-de-frs-par-mois\/#primaryimage\"},\"thumbnailUrl\":\"https:\/\/www.public.sn\/wp-content\/uploads\/2023\/02\/tnt-senegal.jpg\",\"articleSection\":[\"ACTUALIT\u00c9S\",\"M\u00c9DIAS\",\"S\u00c9N\u00c9GAL\",\"T\u00c9L\u00c9COMMUNICATION\"],\"inLanguage\":\"fr-FR\",\"potentialAction\":[{\"@type\":\"CommentAction\",\"name\":\"Comment\",\"target\":[\"https:\/\/www.public.sn\/index.php\/2023\/02\/21\/medias-les-teles-rejettent-le-tarif-de-diffusion-de-3-millions-de-frs-par-mois\/#respond\"]}]},{\"@type\":\"WebPage\",\"@id\":\"https:\/\/www.public.sn\/index.php\/2023\/02\/21\/medias-les-teles-rejettent-le-tarif-de-diffusion-de-3-millions-de-frs-par-mois\/\",\"url\":\"https:\/\/www.public.sn\/index.php\/2023\/02\/21\/medias-les-teles-rejettent-le-tarif-de-diffusion-de-3-millions-de-frs-par-mois\/\",\"name\":\"TNT : les t\u00e9l\u00e9s rejettent le tarif de diffusion de 3 millions de frs par mois\u2026 - LE PUBLIC\",\"isPartOf\":{\"@id\":\"https:\/\/www.public.sn\/#website\"},\"primaryImageOfPage\":{\"@id\":\"https:\/\/www.public.sn\/index.php\/2023\/02\/21\/medias-les-teles-rejettent-le-tarif-de-diffusion-de-3-millions-de-frs-par-mois\/#primaryimage\"},\"image\":{\"@id\":\"https:\/\/www.public.sn\/index.php\/2023\/02\/21\/medias-les-teles-rejettent-le-tarif-de-diffusion-de-3-millions-de-frs-par-mois\/#primaryimage\"},\"thumbnailUrl\":\"https:\/\/www.public.sn\/wp-content\/uploads\/2023\/02\/tnt-senegal.jpg\",\"datePublished\":\"2023-02-21T12:01:45+00:00\",\"description\":\"Les t\u00e9l\u00e9visions priv\u00e9es ne sont pas pr\u00eates \u00e0 payer la redevance de trois millions de frs par mois comme frais de diffusion sur le canal de la T\u00e9l\u00e9vision num\u00e9rique terrestre (TNT). Mercredi 15 f\u00e9vrier 2023, le minist\u00e8re de la Communication, des T\u00e9l\u00e9communications et de l\u2019\u00c9conomie num\u00e9rique, de concert avec le Conseil national de R\u00e9gulation de l\u2019Audiovisuel (CNRA), avec la participation de T\u00e9l\u00e9diffusion du S\u00e9n\u00e9gal (TDS SA), a convi\u00e9 les \u00e9diteurs t\u00e9l\u00e9visuels priv\u00e9s pour la fixation du montant relatif \u00e0 la diffusion des programmes sur la TNT.\",\"breadcrumb\":{\"@id\":\"https:\/\/www.public.sn\/index.php\/2023\/02\/21\/medias-les-teles-rejettent-le-tarif-de-diffusion-de-3-millions-de-frs-par-mois\/#breadcrumb\"},\"inLanguage\":\"fr-FR\",\"potentialAction\":[{\"@type\":\"ReadAction\",\"target\":[\"https:\/\/www.public.sn\/index.php\/2023\/02\/21\/medias-les-teles-rejettent-le-tarif-de-diffusion-de-3-millions-de-frs-par-mois\/\"]}]},{\"@type\":\"ImageObject\",\"inLanguage\":\"fr-FR\",\"@id\":\"https:\/\/www.public.sn\/index.php\/2023\/02\/21\/medias-les-teles-rejettent-le-tarif-de-diffusion-de-3-millions-de-frs-par-mois\/#primaryimage\",\"url\":\"https:\/\/www.public.sn\/wp-content\/uploads\/2023\/02\/tnt-senegal.jpg\",\"contentUrl\":\"https:\/\/www.public.sn\/wp-content\/uploads\/2023\/02\/tnt-senegal.jpg\",\"width\":1920,\"height\":780},{\"@type\":\"BreadcrumbList\",\"@id\":\"https:\/\/www.public.sn\/index.php\/2023\/02\/21\/medias-les-teles-rejettent-le-tarif-de-diffusion-de-3-millions-de-frs-par-mois\/#breadcrumb\",\"itemListElement\":[{\"@type\":\"ListItem\",\"position\":1,\"name\":\"Accueil\",\"item\":\"https:\/\/www.public.sn\/\"},{\"@type\":\"ListItem\",\"position\":2,\"name\":\"TNT : les t\u00e9l\u00e9s rejettent le tarif de diffusion de 3 millions de frs par mois\u2026\"}]},{\"@type\":\"WebSite\",\"@id\":\"https:\/\/www.public.sn\/#website\",\"url\":\"https:\/\/www.public.sn\/\",\"name\":\"LE PUBLIC\",\"description\":\"\",\"publisher\":{\"@id\":\"https:\/\/www.public.sn\/#organization\"},\"potentialAction\":[{\"@type\":\"SearchAction\",\"target\":{\"@type\":\"EntryPoint\",\"urlTemplate\":\"https:\/\/www.public.sn\/?s={search_term_string}\"},\"query-input\":{\"@type\":\"PropertyValueSpecification\",\"valueRequired\":true,\"valueName\":\"search_term_string\"}}],\"inLanguage\":\"fr-FR\"},{\"@type\":\"Organization\",\"@id\":\"https:\/\/www.public.sn\/#organization\",\"name\":\"LE PUBLIC\",\"url\":\"https:\/\/www.public.sn\/\",\"logo\":{\"@type\":\"ImageObject\",\"inLanguage\":\"fr-FR\",\"@id\":\"https:\/\/www.public.sn\/#\/schema\/logo\/image\/\",\"url\":\"https:\/\/www.public.sn\/wp-content\/uploads\/2024\/05\/cropped-LOGO-PUBLIC.SN_.png\",\"contentUrl\":\"https:\/\/www.public.sn\/wp-content\/uploads\/2024\/05\/cropped-LOGO-PUBLIC.SN_.png\",\"width\":682,\"height\":192,\"caption\":\"LE PUBLIC\"},\"image\":{\"@id\":\"https:\/\/www.public.sn\/#\/schema\/logo\/image\/\"}},{\"@type\":\"Person\",\"@id\":\"https:\/\/www.public.sn\/#\/schema\/person\/e3f4a11b037d4203902db148f9bc8d5a\",\"name\":\"LA REDACTION\",\"image\":{\"@type\":\"ImageObject\",\"inLanguage\":\"fr-FR\",\"@id\":\"https:\/\/www.public.sn\/#\/schema\/person\/image\/\",\"url\":\"https:\/\/secure.gravatar.com\/avatar\/d6c030db45db2883c075085c5d6c6258654a801a93766b49af0b82d4f454e2a5?s=96&d=mm&r=g\",\"contentUrl\":\"https:\/\/secure.gravatar.com\/avatar\/d6c030db45db2883c075085c5d6c6258654a801a93766b49af0b82d4f454e2a5?s=96&d=mm&r=g\",\"caption\":\"LA REDACTION\"},\"sameAs\":[\"http:\/\/www.public.sn\"],\"url\":\"https:\/\/www.public.sn\/index.php\/author\/admin7324\/\"}]}<\/script>\n<!-- \/ Yoast SEO plugin. -->","yoast_head_json":{"title":"TNT : les t\u00e9l\u00e9s rejettent le tarif de diffusion de 3 millions de frs par mois\u2026 - LE PUBLIC","description":"Les t\u00e9l\u00e9visions priv\u00e9es ne sont pas pr\u00eates \u00e0 payer la redevance de trois millions de frs par mois comme frais de diffusion sur le canal de la T\u00e9l\u00e9vision num\u00e9rique terrestre (TNT). Mercredi 15 f\u00e9vrier 2023, le minist\u00e8re de la Communication, des T\u00e9l\u00e9communications et de l\u2019\u00c9conomie num\u00e9rique, de concert avec le Conseil national de R\u00e9gulation de l\u2019Audiovisuel (CNRA), avec la participation de T\u00e9l\u00e9diffusion du S\u00e9n\u00e9gal (TDS SA), a convi\u00e9 les \u00e9diteurs t\u00e9l\u00e9visuels priv\u00e9s pour la fixation du montant relatif \u00e0 la diffusion des programmes sur la TNT.","robots":{"index":"index","follow":"follow","max-snippet":"max-snippet:-1","max-image-preview":"max-image-preview:large","max-video-preview":"max-video-preview:-1"},"canonical":"https:\/\/www.public.sn\/index.php\/2023\/02\/21\/medias-les-teles-rejettent-le-tarif-de-diffusion-de-3-millions-de-frs-par-mois\/","og_locale":"fr_FR","og_type":"article","og_title":"TNT : les t\u00e9l\u00e9s rejettent le tarif de diffusion de 3 millions de frs par mois\u2026 - LE PUBLIC","og_description":"Les t\u00e9l\u00e9visions priv\u00e9es ne sont pas pr\u00eates \u00e0 payer la redevance de trois millions de frs par mois comme frais de diffusion sur le canal de la T\u00e9l\u00e9vision num\u00e9rique terrestre (TNT). Mercredi 15 f\u00e9vrier 2023, le minist\u00e8re de la Communication, des T\u00e9l\u00e9communications et de l\u2019\u00c9conomie num\u00e9rique, de concert avec le Conseil national de R\u00e9gulation de l\u2019Audiovisuel (CNRA), avec la participation de T\u00e9l\u00e9diffusion du S\u00e9n\u00e9gal (TDS SA), a convi\u00e9 les \u00e9diteurs t\u00e9l\u00e9visuels priv\u00e9s pour la fixation du montant relatif \u00e0 la diffusion des programmes sur la TNT.","og_url":"https:\/\/www.public.sn\/index.php\/2023\/02\/21\/medias-les-teles-rejettent-le-tarif-de-diffusion-de-3-millions-de-frs-par-mois\/","og_site_name":"LE PUBLIC","article_published_time":"2023-02-21T12:01:45+00:00","og_image":[{"width":1920,"height":780,"url":"https:\/\/www.public.sn\/wp-content\/uploads\/2023\/02\/tnt-senegal.jpg","type":"image\/jpeg"}],"author":"LA REDACTION","twitter_card":"summary_large_image","twitter_misc":{"\u00c9crit par":"LA REDACTION","Dur\u00e9e de lecture estim\u00e9e":"4 minutes"},"schema":{"@context":"https:\/\/schema.org","@graph":[{"@type":"Article","@id":"https:\/\/www.public.sn\/index.php\/2023\/02\/21\/medias-les-teles-rejettent-le-tarif-de-diffusion-de-3-millions-de-frs-par-mois\/#article","isPartOf":{"@id":"https:\/\/www.public.sn\/index.php\/2023\/02\/21\/medias-les-teles-rejettent-le-tarif-de-diffusion-de-3-millions-de-frs-par-mois\/"},"author":{"name":"LA REDACTION","@id":"https:\/\/www.public.sn\/#\/schema\/person\/e3f4a11b037d4203902db148f9bc8d5a"},"headline":"TNT : les t\u00e9l\u00e9s rejettent le tarif de diffusion de 3 millions de frs par mois\u2026","datePublished":"2023-02-21T12:01:45+00:00","mainEntityOfPage":{"@id":"https:\/\/www.public.sn\/index.php\/2023\/02\/21\/medias-les-teles-rejettent-le-tarif-de-diffusion-de-3-millions-de-frs-par-mois\/"},"wordCount":758,"commentCount":0,"publisher":{"@id":"https:\/\/www.public.sn\/#organization"},"image":{"@id":"https:\/\/www.public.sn\/index.php\/2023\/02\/21\/medias-les-teles-rejettent-le-tarif-de-diffusion-de-3-millions-de-frs-par-mois\/#primaryimage"},"thumbnailUrl":"https:\/\/www.public.sn\/wp-content\/uploads\/2023\/02\/tnt-senegal.jpg","articleSection":["ACTUALIT\u00c9S","M\u00c9DIAS","S\u00c9N\u00c9GAL","T\u00c9L\u00c9COMMUNICATION"],"inLanguage":"fr-FR","potentialAction":[{"@type":"CommentAction","name":"Comment","target":["https:\/\/www.public.sn\/index.php\/2023\/02\/21\/medias-les-teles-rejettent-le-tarif-de-diffusion-de-3-millions-de-frs-par-mois\/#respond"]}]},{"@type":"WebPage","@id":"https:\/\/www.public.sn\/index.php\/2023\/02\/21\/medias-les-teles-rejettent-le-tarif-de-diffusion-de-3-millions-de-frs-par-mois\/","url":"https:\/\/www.public.sn\/index.php\/2023\/02\/21\/medias-les-teles-rejettent-le-tarif-de-diffusion-de-3-millions-de-frs-par-mois\/","name":"TNT : les t\u00e9l\u00e9s rejettent le tarif de diffusion de 3 millions de frs par mois\u2026 - LE PUBLIC","isPartOf":{"@id":"https:\/\/www.public.sn\/#website"},"primaryImageOfPage":{"@id":"https:\/\/www.public.sn\/index.php\/2023\/02\/21\/medias-les-teles-rejettent-le-tarif-de-diffusion-de-3-millions-de-frs-par-mois\/#primaryimage"},"image":{"@id":"https:\/\/www.public.sn\/index.php\/2023\/02\/21\/medias-les-teles-rejettent-le-tarif-de-diffusion-de-3-millions-de-frs-par-mois\/#primaryimage"},"thumbnailUrl":"https:\/\/www.public.sn\/wp-content\/uploads\/2023\/02\/tnt-senegal.jpg","datePublished":"2023-02-21T12:01:45+00:00","description":"Les t\u00e9l\u00e9visions priv\u00e9es ne sont pas pr\u00eates \u00e0 payer la redevance de trois millions de frs par mois comme frais de diffusion sur le canal de la T\u00e9l\u00e9vision num\u00e9rique terrestre (TNT). Mercredi 15 f\u00e9vrier 2023, le minist\u00e8re de la Communication, des T\u00e9l\u00e9communications et de l\u2019\u00c9conomie num\u00e9rique, de concert avec le Conseil national de R\u00e9gulation de l\u2019Audiovisuel (CNRA), avec la participation de T\u00e9l\u00e9diffusion du S\u00e9n\u00e9gal (TDS SA), a convi\u00e9 les \u00e9diteurs t\u00e9l\u00e9visuels priv\u00e9s pour la fixation du montant relatif \u00e0 la diffusion des programmes sur la TNT.","breadcrumb":{"@id":"https:\/\/www.public.sn\/index.php\/2023\/02\/21\/medias-les-teles-rejettent-le-tarif-de-diffusion-de-3-millions-de-frs-par-mois\/#breadcrumb"},"inLanguage":"fr-FR","potentialAction":[{"@type":"ReadAction","target":["https:\/\/www.public.sn\/index.php\/2023\/02\/21\/medias-les-teles-rejettent-le-tarif-de-diffusion-de-3-millions-de-frs-par-mois\/"]}]},{"@type":"ImageObject","inLanguage":"fr-FR","@id":"https:\/\/www.public.sn\/index.php\/2023\/02\/21\/medias-les-teles-rejettent-le-tarif-de-diffusion-de-3-millions-de-frs-par-mois\/#primaryimage","url":"https:\/\/www.public.sn\/wp-content\/uploads\/2023\/02\/tnt-senegal.jpg","contentUrl":"https:\/\/www.public.sn\/wp-content\/uploads\/2023\/02\/tnt-senegal.jpg","width":1920,"height":780},{"@type":"BreadcrumbList","@id":"https:\/\/www.public.sn\/index.php\/2023\/02\/21\/medias-les-teles-rejettent-le-tarif-de-diffusion-de-3-millions-de-frs-par-mois\/#breadcrumb","itemListElement":[{"@type":"ListItem","position":1,"name":"Accueil","item":"https:\/\/www.public.sn\/"},{"@type":"ListItem","position":2,"name":"TNT : les t\u00e9l\u00e9s rejettent le tarif de diffusion de 3 millions de frs par mois\u2026"}]},{"@type":"WebSite","@id":"https:\/\/www.public.sn\/#website","url":"https:\/\/www.public.sn\/","name":"LE PUBLIC","description":"","publisher":{"@id":"https:\/\/www.public.sn\/#organization"},"potentialAction":[{"@type":"SearchAction","target":{"@type":"EntryPoint","urlTemplate":"https:\/\/www.public.sn\/?s={search_term_string}"},"query-input":{"@type":"PropertyValueSpecification","valueRequired":true,"valueName":"search_term_string"}}],"inLanguage":"fr-FR"},{"@type":"Organization","@id":"https:\/\/www.public.sn\/#organization","name":"LE PUBLIC","url":"https:\/\/www.public.sn\/","logo":{"@type":"ImageObject","inLanguage":"fr-FR","@id":"https:\/\/www.public.sn\/#\/schema\/logo\/image\/","url":"https:\/\/www.public.sn\/wp-content\/uploads\/2024\/05\/cropped-LOGO-PUBLIC.SN_.png","contentUrl":"https:\/\/www.public.sn\/wp-content\/uploads\/2024\/05\/cropped-LOGO-PUBLIC.SN_.png","width":682,"height":192,"caption":"LE PUBLIC"},"image":{"@id":"https:\/\/www.public.sn\/#\/schema\/logo\/image\/"}},{"@type":"Person","@id":"https:\/\/www.public.sn\/#\/schema\/person\/e3f4a11b037d4203902db148f9bc8d5a","name":"LA REDACTION","image":{"@type":"ImageObject","inLanguage":"fr-FR","@id":"https:\/\/www.public.sn\/#\/schema\/person\/image\/","url":"https:\/\/secure.gravatar.com\/avatar\/d6c030db45db2883c075085c5d6c6258654a801a93766b49af0b82d4f454e2a5?s=96&d=mm&r=g","contentUrl":"https:\/\/secure.gravatar.com\/avatar\/d6c030db45db2883c075085c5d6c6258654a801a93766b49af0b82d4f454e2a5?s=96&d=mm&r=g","caption":"LA REDACTION"},"sameAs":["http:\/\/www.public.sn"],"url":"https:\/\/www.public.sn\/index.php\/author\/admin7324\/"}]}},"jetpack_featured_media_url":"https:\/\/www.public.sn\/wp-content\/uploads\/2023\/02\/tnt-senegal.jpg","jetpack_sharing_enabled":true,"_links":{"self":[{"href":"https:\/\/www.public.sn\/index.php\/wp-json\/wp\/v2\/posts\/16215","targetHints":{"allow":["GET"]}}],"collection":[{"href":"https:\/\/www.public.sn\/index.php\/wp-json\/wp\/v2\/posts"}],"about":[{"href":"https:\/\/www.public.sn\/index.php\/wp-json\/wp\/v2\/types\/post"}],"author":[{"embeddable":true,"href":"https:\/\/www.public.sn\/index.php\/wp-json\/wp\/v2\/users\/1"}],"replies":[{"embeddable":true,"href":"https:\/\/www.public.sn\/index.php\/wp-json\/wp\/v2\/comments?post=16215"}],"version-history":[{"count":2,"href":"https:\/\/www.public.sn\/index.php\/wp-json\/wp\/v2\/posts\/16215\/revisions"}],"predecessor-version":[{"id":16218,"href":"https:\/\/www.public.sn\/index.php\/wp-json\/wp\/v2\/posts\/16215\/revisions\/16218"}],"wp:featuredmedia":[{"embeddable":true,"href":"https:\/\/www.public.sn\/index.php\/wp-json\/wp\/v2\/media\/16216"}],"wp:attachment":[{"href":"https:\/\/www.public.sn\/index.php\/wp-json\/wp\/v2\/media?parent=16215"}],"wp:term":[{"taxonomy":"category","embeddable":true,"href":"https:\/\/www.public.sn\/index.php\/wp-json\/wp\/v2\/categories?post=16215"},{"taxonomy":"post_tag","embeddable":true,"href":"https:\/\/www.public.sn\/index.php\/wp-json\/wp\/v2\/tags?post=16215"}],"curies":[{"name":"wp","href":"https:\/\/api.w.org\/{rel}","templated":true}]}}