{"id":16253,"date":"2023-02-21T16:55:46","date_gmt":"2023-02-21T16:55:46","guid":{"rendered":"https:\/\/www.public.sn\/?p=16253"},"modified":"2023-02-21T16:55:46","modified_gmt":"2023-02-21T16:55:46","slug":"important-accord-de-cooperation-culturelle-entre-la-guinee-et-le-senegal","status":"publish","type":"post","link":"https:\/\/www.public.sn\/index.php\/2023\/02\/21\/important-accord-de-cooperation-culturelle-entre-la-guinee-et-le-senegal\/","title":{"rendered":"Important accord de coop\u00e9ration culturelle entre la Guin\u00e9e et le S\u00e9n\u00e9gal"},"content":{"rendered":"<p>Les ministres de la Culture du S\u00e9n\u00e9gal, Aliou Sow, et de Guin\u00e9e-Bissau, Augusto Gomes, ont sign\u00e9 un accord de coop\u00e9ration culturelle et cin\u00e9matographique en marge du carnaval organis\u00e9 par Guin\u00e9e-Bissau o\u00f9 le S\u00e9n\u00e9gal est pays invit\u00e9 d\u2019honneur, annonce un communiqu\u00e9 transmis lundi soir \u00e0 l\u2019APS.<\/p><div class=\"publi-paragraphe1\" style=\"margin-top: 10px;margin-bottom: 10px;margin-left: auto;margin-right: auto;text-align: center;\" id=\"publi-2314301335\"><div class=\"publi-adlabel\">Publicit\u00e9<\/div><script async src=\"\/\/pagead2.googlesyndication.com\/pagead\/js\/adsbygoogle.js?client=ca-pub-4089586018074219\" crossorigin=\"anonymous\"><\/script><ins class=\"adsbygoogle\" style=\"display:block;\" data-ad-client=\"ca-pub-4089586018074219\" \ndata-ad-slot=\"2087940154\" \ndata-ad-format=\"auto\"><\/ins>\n<script> \n(adsbygoogle = window.adsbygoogle || []).push({}); \n<\/script>\n<\/div>\n<p>Les documents ont \u00e9t\u00e9 paraph\u00e9s par le ministre s\u00e9n\u00e9galais en visite officielle \u00e0 Bissau et son homologue bissau-guin\u00e9en, pr\u00e9cise le document re\u00e7u du service presse du minist\u00e8re s\u00e9n\u00e9galais de la Culture.<\/p>\n<p>Les deux pays s\u2019accordent \u00e0 mener \u2018\u2019les actions n\u00e9cessaires pour redynamiser la culture et la coop\u00e9ration\u2019\u2019.\u00a0\u2018\u2019Nous voulons faire rayonner davantage l\u2019Afrique, consolider la paix et les dynamiques de d\u00e9veloppement \u00e9conomiques. Ce qui passe par le renforcement de l\u2019image de l\u2019Afrique \u00e0 travers la culture\u2019\u2019, a dit le ministre Aliou Sow.<\/p>\n<p>M. Gomes a pour sa part estim\u00e9 que cet accord est \u2018\u2019une preuve des relations fraternelles, amicales entre le S\u00e9n\u00e9gal et la Guin\u00e9e Bissau. \u2018\u2019La culture est un facteur de promotion de la paix et du d\u00e9veloppement \u00e9conomique. Et \u00e0 aucun moment nous ne doutons de cela et sommes conscients du fait que nous devons plus travailler pour le rayonnement de la culture\u2019\u2019, souligne Augusto Gomes.<\/p>\n<div class=\"nty nty-post-middle nty-float-center nty-align-center nty-column-1 nty-clearfix no-bg-box-model\">\n<div id=\"nty-3576-1430360871\" class=\"nty-container nty-type-code \" data-adid=\"3576\" data-type=\"code\">\n<div id=\"nty-3576-1430360871-place\"><\/div>\n<\/div>\n<\/div>\n<p>Les deux pays ambitionnent de d\u00e9velopper davantage de coproductions cin\u00e9matographiques.\u00a0Les ministres Aliou Sow et Augusto Gomes ont aussi sign\u00e9 le programme ex\u00e9cutif triennal 2023-2025 de l\u2019accord de coop\u00e9ration culturelle entre les deux pays.<\/p>\n<p>Ils comptent faire une \u00e9valuation dans trois ans pour savoir ce qui a \u00e9t\u00e9 r\u00e9alis\u00e9 et ce qui est \u00e0 am\u00e9liorer dans cette coop\u00e9ration culturelle.<\/p>\n<p>Le ministre Aliou Sow a \u00e9t\u00e9 accueilli dimanche \u00e0 l\u2019a\u00e9roport Osvaldo Viera de Bissau par son homologue Augusto Gomes, selon le communiqu\u00e9. Il a \u00e9t\u00e9 re\u00e7u lundi en audience par le vice-Premier ministre de la Guin\u00e9e Bissau, Sambu Soares.<br \/>\nLe texte signale aussi qu\u2019un diner de gala a \u00e9t\u00e9 organis\u00e9 en l\u2019honneur de M. Sow, anim\u00e9 par des artistes des deux pays.<\/p>\n<p>Le ministre s\u00e9n\u00e9galais a remis l\u2019enveloppe de cinq millions de francs CFA promis comme appui au ballet national de Bissau lors de sa prestation \u00e0 la onzi\u00e8me \u00e9dition du Festival national des arts et cultures tenue \u00e0 Kaffrine du 21 au 18 janvier dernier.<\/p>\n<div class=\"publi-apres-le-contenu\" style=\"margin-top: 10px;margin-bottom: 10px;margin-left: auto;margin-right: auto;text-align: center;\" id=\"publi-3749140224\"><div class=\"publi-adlabel\">Publicit\u00e9<\/div><script async src=\"\/\/pagead2.googlesyndication.com\/pagead\/js\/adsbygoogle.js?client=ca-pub-4089586018074219\" crossorigin=\"anonymous\"><\/script><ins class=\"adsbygoogle\" style=\"display:block;\" data-ad-client=\"ca-pub-4089586018074219\" \ndata-ad-slot=\"2087940154\" \ndata-ad-format=\"auto\"><\/ins>\n<script> \n(adsbygoogle = window.adsbygoogle || []).push({}); \n<\/script>\n<\/div>","protected":false},"excerpt":{"rendered":"<p>Les ministres de la Culture du S\u00e9n\u00e9gal, Aliou Sow, et de Guin\u00e9e-Bissau, Augusto Gomes, ont sign\u00e9 un accord de coop\u00e9ration culturelle et cin\u00e9matographique en marge du carnaval organis\u00e9 par Guin\u00e9e-Bissau o\u00f9 le S\u00e9n\u00e9gal est pays invit\u00e9 d\u2019honneur, annonce un communiqu\u00e9 transmis lundi soir \u00e0 l\u2019APS. Les documents ont \u00e9t\u00e9 paraph\u00e9s par le ministre s\u00e9n\u00e9galais en visite officielle \u00e0 Bissau et son homologue bissau-guin\u00e9en, pr\u00e9cise le document re\u00e7u du service presse du minist\u00e8re s\u00e9n\u00e9galais de la Culture. Les deux pays s\u2019accordent \u00e0 mener \u2018\u2019les actions n\u00e9cessaires pour redynamiser la culture et la coop\u00e9ration\u2019\u2019.\u00a0\u2018\u2019Nous voulons faire rayonner davantage l\u2019Afrique, consolider la paix et les dynamiques de d\u00e9veloppement \u00e9conomiques. Ce qui passe par le renforcement de l\u2019image de l\u2019Afrique \u00e0 travers la culture\u2019\u2019, a dit le ministre Aliou Sow. M. Gomes a pour sa part estim\u00e9 que cet accord est \u2018\u2019une preuve des relations fraternelles, amicales entre le S\u00e9n\u00e9gal et la Guin\u00e9e Bissau. \u2018\u2019La culture est un facteur de promotion de la paix et du d\u00e9veloppement \u00e9conomique. Et \u00e0 aucun moment nous ne doutons de cela et sommes conscients du fait que nous devons plus travailler pour le rayonnement de la culture\u2019\u2019, souligne Augusto Gomes. Les deux pays ambitionnent de d\u00e9velopper davantage de coproductions cin\u00e9matographiques.\u00a0Les ministres Aliou Sow et Augusto Gomes ont aussi sign\u00e9 le programme ex\u00e9cutif triennal 2023-2025 de l\u2019accord de coop\u00e9ration culturelle entre les deux pays. Ils comptent faire une \u00e9valuation dans trois ans pour savoir ce qui a \u00e9t\u00e9 r\u00e9alis\u00e9 et ce qui est \u00e0 am\u00e9liorer dans cette coop\u00e9ration culturelle. Le ministre Aliou Sow a \u00e9t\u00e9 accueilli dimanche \u00e0 l\u2019a\u00e9roport Osvaldo Viera de Bissau par son homologue Augusto Gomes, selon le communiqu\u00e9. Il a \u00e9t\u00e9 re\u00e7u lundi en audience par le vice-Premier ministre de la Guin\u00e9e Bissau, Sambu Soares. Le texte signale aussi qu\u2019un diner de gala a \u00e9t\u00e9 organis\u00e9 en l\u2019honneur de M. Sow, anim\u00e9 par des artistes des deux pays. Le ministre s\u00e9n\u00e9galais a remis l\u2019enveloppe de cinq millions de francs CFA promis comme appui au ballet national de Bissau lors de sa prestation \u00e0 la onzi\u00e8me \u00e9dition du Festival national des arts et cultures tenue \u00e0 Kaffrine du 21 au 18 janvier dernier.<\/p>\n","protected":false},"author":7,"featured_media":16254,"comment_status":"open","ping_status":"open","sticky":false,"template":"","format":"standard","meta":{"_jetpack_memberships_contains_paid_content":false,"footnotes":""},"categories":[375,550,864,3728,602,3,1,4],"tags":[4490,516,766],"class_list":["post-16253","post","type-post","status-publish","format-standard","has-post-thumbnail","hentry","category-actualites","category-afrique-monde","category-culture","category-internationale","category-partenaires","category-politique","category-non-classe","category-societe","tag-accord-de-cooperation","tag-guinee","tag-senegal","entry","has-media","owp-thumbs-layout-horizontal","owp-btn-normal","owp-tabs-layout-horizontal","has-no-thumbnails","has-product-nav"],"yoast_head":"<!-- This site is optimized with the Yoast SEO plugin v25.5 - https:\/\/yoast.com\/wordpress\/plugins\/seo\/ -->\n<title>Important accord de coop\u00e9ration culturelle entre la Guin\u00e9e et le S\u00e9n\u00e9gal - LE PUBLIC<\/title>\n<meta name=\"robots\" content=\"index, follow, max-snippet:-1, max-image-preview:large, max-video-preview:-1\" \/>\n<link rel=\"canonical\" href=\"https:\/\/www.public.sn\/index.php\/2023\/02\/21\/important-accord-de-cooperation-culturelle-entre-la-guinee-et-le-senegal\/\" \/>\n<meta property=\"og:locale\" content=\"fr_FR\" \/>\n<meta property=\"og:type\" content=\"article\" \/>\n<meta property=\"og:title\" content=\"Important accord de coop\u00e9ration culturelle entre la Guin\u00e9e et le S\u00e9n\u00e9gal - LE PUBLIC\" \/>\n<meta property=\"og:description\" content=\"Les ministres de la Culture du S\u00e9n\u00e9gal, Aliou Sow, et de Guin\u00e9e-Bissau, Augusto Gomes, ont sign\u00e9 un accord de coop\u00e9ration culturelle et cin\u00e9matographique en marge du carnaval organis\u00e9 par Guin\u00e9e-Bissau o\u00f9 le S\u00e9n\u00e9gal est pays invit\u00e9 d\u2019honneur, annonce un communiqu\u00e9 transmis lundi soir \u00e0 l\u2019APS. Les documents ont \u00e9t\u00e9 paraph\u00e9s par le ministre s\u00e9n\u00e9galais en visite officielle \u00e0 Bissau et son homologue bissau-guin\u00e9en, pr\u00e9cise le document re\u00e7u du service presse du minist\u00e8re s\u00e9n\u00e9galais de la Culture. Les deux pays s\u2019accordent \u00e0 mener \u2018\u2019les actions n\u00e9cessaires pour redynamiser la culture et la coop\u00e9ration\u2019\u2019.\u00a0\u2018\u2019Nous voulons faire rayonner davantage l\u2019Afrique, consolider la paix et les dynamiques de d\u00e9veloppement \u00e9conomiques. Ce qui passe par le renforcement de l\u2019image de l\u2019Afrique \u00e0 travers la culture\u2019\u2019, a dit le ministre Aliou Sow. M. Gomes a pour sa part estim\u00e9 que cet accord est \u2018\u2019une preuve des relations fraternelles, amicales entre le S\u00e9n\u00e9gal et la Guin\u00e9e Bissau. \u2018\u2019La culture est un facteur de promotion de la paix et du d\u00e9veloppement \u00e9conomique. Et \u00e0 aucun moment nous ne doutons de cela et sommes conscients du fait que nous devons plus travailler pour le rayonnement de la culture\u2019\u2019, souligne Augusto Gomes. Les deux pays ambitionnent de d\u00e9velopper davantage de coproductions cin\u00e9matographiques.\u00a0Les ministres Aliou Sow et Augusto Gomes ont aussi sign\u00e9 le programme ex\u00e9cutif triennal 2023-2025 de l\u2019accord de coop\u00e9ration culturelle entre les deux pays. Ils comptent faire une \u00e9valuation dans trois ans pour savoir ce qui a \u00e9t\u00e9 r\u00e9alis\u00e9 et ce qui est \u00e0 am\u00e9liorer dans cette coop\u00e9ration culturelle. Le ministre Aliou Sow a \u00e9t\u00e9 accueilli dimanche \u00e0 l\u2019a\u00e9roport Osvaldo Viera de Bissau par son homologue Augusto Gomes, selon le communiqu\u00e9. Il a \u00e9t\u00e9 re\u00e7u lundi en audience par le vice-Premier ministre de la Guin\u00e9e Bissau, Sambu Soares. Le texte signale aussi qu\u2019un diner de gala a \u00e9t\u00e9 organis\u00e9 en l\u2019honneur de M. Sow, anim\u00e9 par des artistes des deux pays. Le ministre s\u00e9n\u00e9galais a remis l\u2019enveloppe de cinq millions de francs CFA promis comme appui au ballet national de Bissau lors de sa prestation \u00e0 la onzi\u00e8me \u00e9dition du Festival national des arts et cultures tenue \u00e0 Kaffrine du 21 au 18 janvier dernier.\" \/>\n<meta property=\"og:url\" content=\"https:\/\/www.public.sn\/index.php\/2023\/02\/21\/important-accord-de-cooperation-culturelle-entre-la-guinee-et-le-senegal\/\" \/>\n<meta property=\"og:site_name\" content=\"LE PUBLIC\" \/>\n<meta property=\"article:published_time\" content=\"2023-02-21T16:55:46+00:00\" \/>\n<meta property=\"og:image\" content=\"https:\/\/www.public.sn\/wp-content\/uploads\/2023\/02\/image-7.jpeg\" \/>\n\t<meta property=\"og:image:width\" content=\"705\" \/>\n\t<meta property=\"og:image:height\" content=\"389\" \/>\n\t<meta property=\"og:image:type\" content=\"image\/jpeg\" \/>\n<meta name=\"author\" content=\"LA REDACTION\" \/>\n<meta name=\"twitter:card\" content=\"summary_large_image\" \/>\n<meta name=\"twitter:label1\" content=\"\u00c9crit par\" \/>\n\t<meta name=\"twitter:data1\" content=\"LA REDACTION\" \/>\n\t<meta name=\"twitter:label2\" content=\"Dur\u00e9e de lecture estim\u00e9e\" \/>\n\t<meta name=\"twitter:data2\" content=\"2 minutes\" \/>\n<script type=\"application\/ld+json\" class=\"yoast-schema-graph\">{\"@context\":\"https:\/\/schema.org\",\"@graph\":[{\"@type\":\"Article\",\"@id\":\"https:\/\/www.public.sn\/index.php\/2023\/02\/21\/important-accord-de-cooperation-culturelle-entre-la-guinee-et-le-senegal\/#article\",\"isPartOf\":{\"@id\":\"https:\/\/www.public.sn\/index.php\/2023\/02\/21\/important-accord-de-cooperation-culturelle-entre-la-guinee-et-le-senegal\/\"},\"author\":{\"name\":\"LA REDACTION\",\"@id\":\"https:\/\/www.public.sn\/#\/schema\/person\/cb76c8e1b8becc6be61fb5e92d6d0224\"},\"headline\":\"Important accord de coop\u00e9ration culturelle entre la Guin\u00e9e et le S\u00e9n\u00e9gal\",\"datePublished\":\"2023-02-21T16:55:46+00:00\",\"mainEntityOfPage\":{\"@id\":\"https:\/\/www.public.sn\/index.php\/2023\/02\/21\/important-accord-de-cooperation-culturelle-entre-la-guinee-et-le-senegal\/\"},\"wordCount\":410,\"commentCount\":0,\"publisher\":{\"@id\":\"https:\/\/www.public.sn\/#organization\"},\"image\":{\"@id\":\"https:\/\/www.public.sn\/index.php\/2023\/02\/21\/important-accord-de-cooperation-culturelle-entre-la-guinee-et-le-senegal\/#primaryimage\"},\"thumbnailUrl\":\"https:\/\/www.public.sn\/wp-content\/uploads\/2023\/02\/image-7.jpeg\",\"keywords\":[\"accord de coop\u00e9ration\",\"Guin\u00e9e\",\"S\u00e9n\u00e9gal\"],\"articleSection\":[\"ACTUALIT\u00c9S\",\"AFRIQUE &amp; MONDE\",\"CULTURE\",\"internationale\",\"PARTENAIRES\",\"POLITIQUE\",\"S\u00c9N\u00c9GAL\",\"SOCIETE\"],\"inLanguage\":\"fr-FR\",\"potentialAction\":[{\"@type\":\"CommentAction\",\"name\":\"Comment\",\"target\":[\"https:\/\/www.public.sn\/index.php\/2023\/02\/21\/important-accord-de-cooperation-culturelle-entre-la-guinee-et-le-senegal\/#respond\"]}]},{\"@type\":\"WebPage\",\"@id\":\"https:\/\/www.public.sn\/index.php\/2023\/02\/21\/important-accord-de-cooperation-culturelle-entre-la-guinee-et-le-senegal\/\",\"url\":\"https:\/\/www.public.sn\/index.php\/2023\/02\/21\/important-accord-de-cooperation-culturelle-entre-la-guinee-et-le-senegal\/\",\"name\":\"Important accord de coop\u00e9ration culturelle entre la Guin\u00e9e et le S\u00e9n\u00e9gal - LE PUBLIC\",\"isPartOf\":{\"@id\":\"https:\/\/www.public.sn\/#website\"},\"primaryImageOfPage\":{\"@id\":\"https:\/\/www.public.sn\/index.php\/2023\/02\/21\/important-accord-de-cooperation-culturelle-entre-la-guinee-et-le-senegal\/#primaryimage\"},\"image\":{\"@id\":\"https:\/\/www.public.sn\/index.php\/2023\/02\/21\/important-accord-de-cooperation-culturelle-entre-la-guinee-et-le-senegal\/#primaryimage\"},\"thumbnailUrl\":\"https:\/\/www.public.sn\/wp-content\/uploads\/2023\/02\/image-7.jpeg\",\"datePublished\":\"2023-02-21T16:55:46+00:00\",\"breadcrumb\":{\"@id\":\"https:\/\/www.public.sn\/index.php\/2023\/02\/21\/important-accord-de-cooperation-culturelle-entre-la-guinee-et-le-senegal\/#breadcrumb\"},\"inLanguage\":\"fr-FR\",\"potentialAction\":[{\"@type\":\"ReadAction\",\"target\":[\"https:\/\/www.public.sn\/index.php\/2023\/02\/21\/important-accord-de-cooperation-culturelle-entre-la-guinee-et-le-senegal\/\"]}]},{\"@type\":\"ImageObject\",\"inLanguage\":\"fr-FR\",\"@id\":\"https:\/\/www.public.sn\/index.php\/2023\/02\/21\/important-accord-de-cooperation-culturelle-entre-la-guinee-et-le-senegal\/#primaryimage\",\"url\":\"https:\/\/www.public.sn\/wp-content\/uploads\/2023\/02\/image-7.jpeg\",\"contentUrl\":\"https:\/\/www.public.sn\/wp-content\/uploads\/2023\/02\/image-7.jpeg\",\"width\":705,\"height\":389},{\"@type\":\"BreadcrumbList\",\"@id\":\"https:\/\/www.public.sn\/index.php\/2023\/02\/21\/important-accord-de-cooperation-culturelle-entre-la-guinee-et-le-senegal\/#breadcrumb\",\"itemListElement\":[{\"@type\":\"ListItem\",\"position\":1,\"name\":\"Accueil\",\"item\":\"https:\/\/www.public.sn\/\"},{\"@type\":\"ListItem\",\"position\":2,\"name\":\"Important accord de coop\u00e9ration culturelle entre la Guin\u00e9e et le S\u00e9n\u00e9gal\"}]},{\"@type\":\"WebSite\",\"@id\":\"https:\/\/www.public.sn\/#website\",\"url\":\"https:\/\/www.public.sn\/\",\"name\":\"LE PUBLIC\",\"description\":\"\",\"publisher\":{\"@id\":\"https:\/\/www.public.sn\/#organization\"},\"potentialAction\":[{\"@type\":\"SearchAction\",\"target\":{\"@type\":\"EntryPoint\",\"urlTemplate\":\"https:\/\/www.public.sn\/?s={search_term_string}\"},\"query-input\":{\"@type\":\"PropertyValueSpecification\",\"valueRequired\":true,\"valueName\":\"search_term_string\"}}],\"inLanguage\":\"fr-FR\"},{\"@type\":\"Organization\",\"@id\":\"https:\/\/www.public.sn\/#organization\",\"name\":\"LE PUBLIC\",\"url\":\"https:\/\/www.public.sn\/\",\"logo\":{\"@type\":\"ImageObject\",\"inLanguage\":\"fr-FR\",\"@id\":\"https:\/\/www.public.sn\/#\/schema\/logo\/image\/\",\"url\":\"https:\/\/www.public.sn\/wp-content\/uploads\/2024\/05\/cropped-LOGO-PUBLIC.SN_.png\",\"contentUrl\":\"https:\/\/www.public.sn\/wp-content\/uploads\/2024\/05\/cropped-LOGO-PUBLIC.SN_.png\",\"width\":682,\"height\":192,\"caption\":\"LE PUBLIC\"},\"image\":{\"@id\":\"https:\/\/www.public.sn\/#\/schema\/logo\/image\/\"}},{\"@type\":\"Person\",\"@id\":\"https:\/\/www.public.sn\/#\/schema\/person\/cb76c8e1b8becc6be61fb5e92d6d0224\",\"name\":\"LA REDACTION\",\"image\":{\"@type\":\"ImageObject\",\"inLanguage\":\"fr-FR\",\"@id\":\"https:\/\/www.public.sn\/#\/schema\/person\/image\/\",\"url\":\"https:\/\/secure.gravatar.com\/avatar\/2dce5ddd34b8fef0180efe03aa2a9bee7d953856048f9a16b298190a3178407c?s=96&d=mm&r=g\",\"contentUrl\":\"https:\/\/secure.gravatar.com\/avatar\/2dce5ddd34b8fef0180efe03aa2a9bee7d953856048f9a16b298190a3178407c?s=96&d=mm&r=g\",\"caption\":\"LA REDACTION\"},\"url\":\"https:\/\/www.public.sn\/index.php\/author\/editeurpsn\/\"}]}<\/script>\n<!-- \/ Yoast SEO plugin. -->","yoast_head_json":{"title":"Important accord de coop\u00e9ration culturelle entre la Guin\u00e9e et le S\u00e9n\u00e9gal - LE PUBLIC","robots":{"index":"index","follow":"follow","max-snippet":"max-snippet:-1","max-image-preview":"max-image-preview:large","max-video-preview":"max-video-preview:-1"},"canonical":"https:\/\/www.public.sn\/index.php\/2023\/02\/21\/important-accord-de-cooperation-culturelle-entre-la-guinee-et-le-senegal\/","og_locale":"fr_FR","og_type":"article","og_title":"Important accord de coop\u00e9ration culturelle entre la Guin\u00e9e et le S\u00e9n\u00e9gal - LE PUBLIC","og_description":"Les ministres de la Culture du S\u00e9n\u00e9gal, Aliou Sow, et de Guin\u00e9e-Bissau, Augusto Gomes, ont sign\u00e9 un accord de coop\u00e9ration culturelle et cin\u00e9matographique en marge du carnaval organis\u00e9 par Guin\u00e9e-Bissau o\u00f9 le S\u00e9n\u00e9gal est pays invit\u00e9 d\u2019honneur, annonce un communiqu\u00e9 transmis lundi soir \u00e0 l\u2019APS. Les documents ont \u00e9t\u00e9 paraph\u00e9s par le ministre s\u00e9n\u00e9galais en visite officielle \u00e0 Bissau et son homologue bissau-guin\u00e9en, pr\u00e9cise le document re\u00e7u du service presse du minist\u00e8re s\u00e9n\u00e9galais de la Culture. Les deux pays s\u2019accordent \u00e0 mener \u2018\u2019les actions n\u00e9cessaires pour redynamiser la culture et la coop\u00e9ration\u2019\u2019.\u00a0\u2018\u2019Nous voulons faire rayonner davantage l\u2019Afrique, consolider la paix et les dynamiques de d\u00e9veloppement \u00e9conomiques. Ce qui passe par le renforcement de l\u2019image de l\u2019Afrique \u00e0 travers la culture\u2019\u2019, a dit le ministre Aliou Sow. M. Gomes a pour sa part estim\u00e9 que cet accord est \u2018\u2019une preuve des relations fraternelles, amicales entre le S\u00e9n\u00e9gal et la Guin\u00e9e Bissau. \u2018\u2019La culture est un facteur de promotion de la paix et du d\u00e9veloppement \u00e9conomique. Et \u00e0 aucun moment nous ne doutons de cela et sommes conscients du fait que nous devons plus travailler pour le rayonnement de la culture\u2019\u2019, souligne Augusto Gomes. Les deux pays ambitionnent de d\u00e9velopper davantage de coproductions cin\u00e9matographiques.\u00a0Les ministres Aliou Sow et Augusto Gomes ont aussi sign\u00e9 le programme ex\u00e9cutif triennal 2023-2025 de l\u2019accord de coop\u00e9ration culturelle entre les deux pays. Ils comptent faire une \u00e9valuation dans trois ans pour savoir ce qui a \u00e9t\u00e9 r\u00e9alis\u00e9 et ce qui est \u00e0 am\u00e9liorer dans cette coop\u00e9ration culturelle. Le ministre Aliou Sow a \u00e9t\u00e9 accueilli dimanche \u00e0 l\u2019a\u00e9roport Osvaldo Viera de Bissau par son homologue Augusto Gomes, selon le communiqu\u00e9. Il a \u00e9t\u00e9 re\u00e7u lundi en audience par le vice-Premier ministre de la Guin\u00e9e Bissau, Sambu Soares. Le texte signale aussi qu\u2019un diner de gala a \u00e9t\u00e9 organis\u00e9 en l\u2019honneur de M. Sow, anim\u00e9 par des artistes des deux pays. Le ministre s\u00e9n\u00e9galais a remis l\u2019enveloppe de cinq millions de francs CFA promis comme appui au ballet national de Bissau lors de sa prestation \u00e0 la onzi\u00e8me \u00e9dition du Festival national des arts et cultures tenue \u00e0 Kaffrine du 21 au 18 janvier dernier.","og_url":"https:\/\/www.public.sn\/index.php\/2023\/02\/21\/important-accord-de-cooperation-culturelle-entre-la-guinee-et-le-senegal\/","og_site_name":"LE PUBLIC","article_published_time":"2023-02-21T16:55:46+00:00","og_image":[{"width":705,"height":389,"url":"https:\/\/www.public.sn\/wp-content\/uploads\/2023\/02\/image-7.jpeg","type":"image\/jpeg"}],"author":"LA REDACTION","twitter_card":"summary_large_image","twitter_misc":{"\u00c9crit par":"LA REDACTION","Dur\u00e9e de lecture estim\u00e9e":"2 minutes"},"schema":{"@context":"https:\/\/schema.org","@graph":[{"@type":"Article","@id":"https:\/\/www.public.sn\/index.php\/2023\/02\/21\/important-accord-de-cooperation-culturelle-entre-la-guinee-et-le-senegal\/#article","isPartOf":{"@id":"https:\/\/www.public.sn\/index.php\/2023\/02\/21\/important-accord-de-cooperation-culturelle-entre-la-guinee-et-le-senegal\/"},"author":{"name":"LA REDACTION","@id":"https:\/\/www.public.sn\/#\/schema\/person\/cb76c8e1b8becc6be61fb5e92d6d0224"},"headline":"Important accord de coop\u00e9ration culturelle entre la Guin\u00e9e et le S\u00e9n\u00e9gal","datePublished":"2023-02-21T16:55:46+00:00","mainEntityOfPage":{"@id":"https:\/\/www.public.sn\/index.php\/2023\/02\/21\/important-accord-de-cooperation-culturelle-entre-la-guinee-et-le-senegal\/"},"wordCount":410,"commentCount":0,"publisher":{"@id":"https:\/\/www.public.sn\/#organization"},"image":{"@id":"https:\/\/www.public.sn\/index.php\/2023\/02\/21\/important-accord-de-cooperation-culturelle-entre-la-guinee-et-le-senegal\/#primaryimage"},"thumbnailUrl":"https:\/\/www.public.sn\/wp-content\/uploads\/2023\/02\/image-7.jpeg","keywords":["accord de coop\u00e9ration","Guin\u00e9e","S\u00e9n\u00e9gal"],"articleSection":["ACTUALIT\u00c9S","AFRIQUE &amp; MONDE","CULTURE","internationale","PARTENAIRES","POLITIQUE","S\u00c9N\u00c9GAL","SOCIETE"],"inLanguage":"fr-FR","potentialAction":[{"@type":"CommentAction","name":"Comment","target":["https:\/\/www.public.sn\/index.php\/2023\/02\/21\/important-accord-de-cooperation-culturelle-entre-la-guinee-et-le-senegal\/#respond"]}]},{"@type":"WebPage","@id":"https:\/\/www.public.sn\/index.php\/2023\/02\/21\/important-accord-de-cooperation-culturelle-entre-la-guinee-et-le-senegal\/","url":"https:\/\/www.public.sn\/index.php\/2023\/02\/21\/important-accord-de-cooperation-culturelle-entre-la-guinee-et-le-senegal\/","name":"Important accord de coop\u00e9ration culturelle entre la Guin\u00e9e et le S\u00e9n\u00e9gal - LE PUBLIC","isPartOf":{"@id":"https:\/\/www.public.sn\/#website"},"primaryImageOfPage":{"@id":"https:\/\/www.public.sn\/index.php\/2023\/02\/21\/important-accord-de-cooperation-culturelle-entre-la-guinee-et-le-senegal\/#primaryimage"},"image":{"@id":"https:\/\/www.public.sn\/index.php\/2023\/02\/21\/important-accord-de-cooperation-culturelle-entre-la-guinee-et-le-senegal\/#primaryimage"},"thumbnailUrl":"https:\/\/www.public.sn\/wp-content\/uploads\/2023\/02\/image-7.jpeg","datePublished":"2023-02-21T16:55:46+00:00","breadcrumb":{"@id":"https:\/\/www.public.sn\/index.php\/2023\/02\/21\/important-accord-de-cooperation-culturelle-entre-la-guinee-et-le-senegal\/#breadcrumb"},"inLanguage":"fr-FR","potentialAction":[{"@type":"ReadAction","target":["https:\/\/www.public.sn\/index.php\/2023\/02\/21\/important-accord-de-cooperation-culturelle-entre-la-guinee-et-le-senegal\/"]}]},{"@type":"ImageObject","inLanguage":"fr-FR","@id":"https:\/\/www.public.sn\/index.php\/2023\/02\/21\/important-accord-de-cooperation-culturelle-entre-la-guinee-et-le-senegal\/#primaryimage","url":"https:\/\/www.public.sn\/wp-content\/uploads\/2023\/02\/image-7.jpeg","contentUrl":"https:\/\/www.public.sn\/wp-content\/uploads\/2023\/02\/image-7.jpeg","width":705,"height":389},{"@type":"BreadcrumbList","@id":"https:\/\/www.public.sn\/index.php\/2023\/02\/21\/important-accord-de-cooperation-culturelle-entre-la-guinee-et-le-senegal\/#breadcrumb","itemListElement":[{"@type":"ListItem","position":1,"name":"Accueil","item":"https:\/\/www.public.sn\/"},{"@type":"ListItem","position":2,"name":"Important accord de coop\u00e9ration culturelle entre la Guin\u00e9e et le S\u00e9n\u00e9gal"}]},{"@type":"WebSite","@id":"https:\/\/www.public.sn\/#website","url":"https:\/\/www.public.sn\/","name":"LE PUBLIC","description":"","publisher":{"@id":"https:\/\/www.public.sn\/#organization"},"potentialAction":[{"@type":"SearchAction","target":{"@type":"EntryPoint","urlTemplate":"https:\/\/www.public.sn\/?s={search_term_string}"},"query-input":{"@type":"PropertyValueSpecification","valueRequired":true,"valueName":"search_term_string"}}],"inLanguage":"fr-FR"},{"@type":"Organization","@id":"https:\/\/www.public.sn\/#organization","name":"LE PUBLIC","url":"https:\/\/www.public.sn\/","logo":{"@type":"ImageObject","inLanguage":"fr-FR","@id":"https:\/\/www.public.sn\/#\/schema\/logo\/image\/","url":"https:\/\/www.public.sn\/wp-content\/uploads\/2024\/05\/cropped-LOGO-PUBLIC.SN_.png","contentUrl":"https:\/\/www.public.sn\/wp-content\/uploads\/2024\/05\/cropped-LOGO-PUBLIC.SN_.png","width":682,"height":192,"caption":"LE PUBLIC"},"image":{"@id":"https:\/\/www.public.sn\/#\/schema\/logo\/image\/"}},{"@type":"Person","@id":"https:\/\/www.public.sn\/#\/schema\/person\/cb76c8e1b8becc6be61fb5e92d6d0224","name":"LA REDACTION","image":{"@type":"ImageObject","inLanguage":"fr-FR","@id":"https:\/\/www.public.sn\/#\/schema\/person\/image\/","url":"https:\/\/secure.gravatar.com\/avatar\/2dce5ddd34b8fef0180efe03aa2a9bee7d953856048f9a16b298190a3178407c?s=96&d=mm&r=g","contentUrl":"https:\/\/secure.gravatar.com\/avatar\/2dce5ddd34b8fef0180efe03aa2a9bee7d953856048f9a16b298190a3178407c?s=96&d=mm&r=g","caption":"LA REDACTION"},"url":"https:\/\/www.public.sn\/index.php\/author\/editeurpsn\/"}]}},"jetpack_featured_media_url":"https:\/\/www.public.sn\/wp-content\/uploads\/2023\/02\/image-7.jpeg","jetpack_sharing_enabled":true,"_links":{"self":[{"href":"https:\/\/www.public.sn\/index.php\/wp-json\/wp\/v2\/posts\/16253","targetHints":{"allow":["GET"]}}],"collection":[{"href":"https:\/\/www.public.sn\/index.php\/wp-json\/wp\/v2\/posts"}],"about":[{"href":"https:\/\/www.public.sn\/index.php\/wp-json\/wp\/v2\/types\/post"}],"author":[{"embeddable":true,"href":"https:\/\/www.public.sn\/index.php\/wp-json\/wp\/v2\/users\/7"}],"replies":[{"embeddable":true,"href":"https:\/\/www.public.sn\/index.php\/wp-json\/wp\/v2\/comments?post=16253"}],"version-history":[{"count":1,"href":"https:\/\/www.public.sn\/index.php\/wp-json\/wp\/v2\/posts\/16253\/revisions"}],"predecessor-version":[{"id":16255,"href":"https:\/\/www.public.sn\/index.php\/wp-json\/wp\/v2\/posts\/16253\/revisions\/16255"}],"wp:featuredmedia":[{"embeddable":true,"href":"https:\/\/www.public.sn\/index.php\/wp-json\/wp\/v2\/media\/16254"}],"wp:attachment":[{"href":"https:\/\/www.public.sn\/index.php\/wp-json\/wp\/v2\/media?parent=16253"}],"wp:term":[{"taxonomy":"category","embeddable":true,"href":"https:\/\/www.public.sn\/index.php\/wp-json\/wp\/v2\/categories?post=16253"},{"taxonomy":"post_tag","embeddable":true,"href":"https:\/\/www.public.sn\/index.php\/wp-json\/wp\/v2\/tags?post=16253"}],"curies":[{"name":"wp","href":"https:\/\/api.w.org\/{rel}","templated":true}]}}