{"id":1629,"date":"2022-09-10T19:31:45","date_gmt":"2022-09-10T17:31:45","guid":{"rendered":"https:\/\/www.public.sn\/?p=1629"},"modified":"2022-09-10T19:31:46","modified_gmt":"2022-09-10T17:31:46","slug":"deces-dimam-ndao-une-de-ses-epouses-sort-du-silence","status":"publish","type":"post","link":"https:\/\/www.public.sn\/index.php\/2022\/09\/10\/deces-dimam-ndao-une-de-ses-epouses-sort-du-silence\/","title":{"rendered":"D\u00e9c\u00e8s d\u2019Imam Ndao: Une de ses \u00e9pouses sort du silence."},"content":{"rendered":"\n<p><strong>Quatre jours apr\u00e8s le d\u00e9c\u00e8s de l\u2019Imam Alioune Badara Ndao, la pol\u00e9mique sur les causes de sa mort continuent d\u2019alimenter le d\u00e9bat public. <\/strong><br>Pour la premi\u00e8re fois, une des \u00e9pouses du d\u00e9funt guide religieux a fait une sortie dans une vid\u00e9o partag\u00e9e par Buur News pour r\u00e9gler des comptes avec un certain Moustapha Dram\u00e9. Ce dernier aurait confi\u00e9 dans les m\u00e9dias que la troisi\u00e8me \u00e9pouse de l\u2019imam Ndao lui a dit qu\u2019il a \u00e9t\u00e9 mordu par un serpent. Ce qu\u2019elle d\u00e9ment fermement avant de donner une piste sur ce qui a d\u00fb causer la mort de son \u00e9poux.\u00a0<\/p><div class=\"publi-paragraphe1\" style=\"margin-top: 10px;margin-bottom: 10px;margin-left: auto;margin-right: auto;text-align: center;\" id=\"publi-1040110792\"><div class=\"publi-adlabel\">Publicit\u00e9<\/div><script async src=\"\/\/pagead2.googlesyndication.com\/pagead\/js\/adsbygoogle.js?client=ca-pub-4089586018074219\" crossorigin=\"anonymous\"><\/script><ins class=\"adsbygoogle\" style=\"display:block;\" data-ad-client=\"ca-pub-4089586018074219\" \ndata-ad-slot=\"2087940154\" \ndata-ad-format=\"auto\"><\/ins>\n<script> \n(adsbygoogle = window.adsbygoogle || []).push({}); \n<\/script>\n<\/div>\n\n\n\n<p>\u201c<em>Je n\u2019ai jamais fait d\u2019apparition publique ni de sortie dans les m\u00e9dias. Mais cet individu, Moustapha Dram\u00e9, est all\u00e9 dire que c\u2019est la 3e femme de l\u2019imam Ndao qui lui a dit que c\u2019est la morsure d\u2019un serpent qui a caus\u00e9 son d\u00e9c\u00e8s. C\u2019est pourquoi j\u2019ai tenu \u00e0 apporter un d\u00e9menti. Je n\u2019ai jamais entendu l\u2019Imam dire ce qu\u2019il a dit. C\u2019est de la calomnie et Dieu nous jugera. L\u2019imam \u00e9tait bien portant avant qu\u2019il n\u2019aille en prison. Tout ce qui lui est arriv\u00e9, c\u2019est pendant son s\u00e9jour carc\u00e9ral\u201d,<\/em> a d\u00e9nonc\u00e9 la troisi\u00e8me \u00e9pouse de l\u2019Imam Ndao.<\/p>\n<div class=\"publi-apres-le-contenu\" style=\"margin-top: 10px;margin-bottom: 10px;margin-left: auto;margin-right: auto;text-align: center;\" id=\"publi-2991338063\"><div class=\"publi-adlabel\">Publicit\u00e9<\/div><script async src=\"\/\/pagead2.googlesyndication.com\/pagead\/js\/adsbygoogle.js?client=ca-pub-4089586018074219\" crossorigin=\"anonymous\"><\/script><ins class=\"adsbygoogle\" style=\"display:block;\" data-ad-client=\"ca-pub-4089586018074219\" \ndata-ad-slot=\"2087940154\" \ndata-ad-format=\"auto\"><\/ins>\n<script> \n(adsbygoogle = window.adsbygoogle || []).push({}); \n<\/script>\n<\/div>","protected":false},"excerpt":{"rendered":"<p>Quatre jours apr\u00e8s le d\u00e9c\u00e8s de l\u2019Imam Alioune Badara Ndao, la pol\u00e9mique sur les causes de sa mort continuent d\u2019alimenter le d\u00e9bat public. Pour la premi\u00e8re fois, une des \u00e9pouses du d\u00e9funt guide religieux a fait une sortie dans une vid\u00e9o partag\u00e9e par Buur News pour r\u00e9gler des comptes avec un certain Moustapha Dram\u00e9. Ce dernier aurait confi\u00e9 dans les m\u00e9dias que la troisi\u00e8me \u00e9pouse de l\u2019imam Ndao lui a dit qu\u2019il a \u00e9t\u00e9 mordu par un serpent. Ce qu\u2019elle d\u00e9ment fermement avant de donner une piste sur ce qui a d\u00fb causer la mort de son \u00e9poux.\u00a0 \u201cJe n\u2019ai jamais fait d\u2019apparition publique ni de sortie dans les m\u00e9dias. Mais cet individu, Moustapha Dram\u00e9, est all\u00e9 dire que c\u2019est la 3e femme de l\u2019imam Ndao qui lui a dit que c\u2019est la morsure d\u2019un serpent qui a caus\u00e9 son d\u00e9c\u00e8s. C\u2019est pourquoi j\u2019ai tenu \u00e0 apporter un d\u00e9menti. Je n\u2019ai jamais entendu l\u2019Imam dire ce qu\u2019il a dit. C\u2019est de la calomnie et Dieu nous jugera. L\u2019imam \u00e9tait bien portant avant qu\u2019il n\u2019aille en prison. Tout ce qui lui est arriv\u00e9, c\u2019est pendant son s\u00e9jour carc\u00e9ral\u201d, a d\u00e9nonc\u00e9 la troisi\u00e8me \u00e9pouse de l\u2019Imam Ndao.<\/p>\n","protected":false},"author":1,"featured_media":1630,"comment_status":"open","ping_status":"open","sticky":false,"template":"","format":"standard","meta":{"_jetpack_memberships_contains_paid_content":false,"footnotes":""},"categories":[375],"tags":[],"class_list":["post-1629","post","type-post","status-publish","format-standard","has-post-thumbnail","hentry","category-actualites","entry","has-media","owp-thumbs-layout-horizontal","owp-btn-normal","owp-tabs-layout-horizontal","has-no-thumbnails","has-product-nav"],"yoast_head":"<!-- This site is optimized with the Yoast SEO plugin v25.5 - https:\/\/yoast.com\/wordpress\/plugins\/seo\/ -->\n<title>D\u00e9c\u00e8s d\u2019Imam Ndao: Une de ses \u00e9pouses sort du silence. - LE PUBLIC<\/title>\n<meta name=\"robots\" content=\"index, follow, max-snippet:-1, max-image-preview:large, max-video-preview:-1\" \/>\n<link rel=\"canonical\" href=\"https:\/\/www.public.sn\/index.php\/2022\/09\/10\/deces-dimam-ndao-une-de-ses-epouses-sort-du-silence\/\" \/>\n<meta property=\"og:locale\" content=\"fr_FR\" \/>\n<meta property=\"og:type\" content=\"article\" \/>\n<meta property=\"og:title\" content=\"D\u00e9c\u00e8s d\u2019Imam Ndao: Une de ses \u00e9pouses sort du silence. - LE PUBLIC\" \/>\n<meta property=\"og:description\" content=\"Quatre jours apr\u00e8s le d\u00e9c\u00e8s de l\u2019Imam Alioune Badara Ndao, la pol\u00e9mique sur les causes de sa mort continuent d\u2019alimenter le d\u00e9bat public. Pour la premi\u00e8re fois, une des \u00e9pouses du d\u00e9funt guide religieux a fait une sortie dans une vid\u00e9o partag\u00e9e par Buur News pour r\u00e9gler des comptes avec un certain Moustapha Dram\u00e9. Ce dernier aurait confi\u00e9 dans les m\u00e9dias que la troisi\u00e8me \u00e9pouse de l\u2019imam Ndao lui a dit qu\u2019il a \u00e9t\u00e9 mordu par un serpent. Ce qu\u2019elle d\u00e9ment fermement avant de donner une piste sur ce qui a d\u00fb causer la mort de son \u00e9poux.\u00a0 \u201cJe n\u2019ai jamais fait d\u2019apparition publique ni de sortie dans les m\u00e9dias. Mais cet individu, Moustapha Dram\u00e9, est all\u00e9 dire que c\u2019est la 3e femme de l\u2019imam Ndao qui lui a dit que c\u2019est la morsure d\u2019un serpent qui a caus\u00e9 son d\u00e9c\u00e8s. C\u2019est pourquoi j\u2019ai tenu \u00e0 apporter un d\u00e9menti. Je n\u2019ai jamais entendu l\u2019Imam dire ce qu\u2019il a dit. C\u2019est de la calomnie et Dieu nous jugera. L\u2019imam \u00e9tait bien portant avant qu\u2019il n\u2019aille en prison. Tout ce qui lui est arriv\u00e9, c\u2019est pendant son s\u00e9jour carc\u00e9ral\u201d, a d\u00e9nonc\u00e9 la troisi\u00e8me \u00e9pouse de l\u2019Imam Ndao.\" \/>\n<meta property=\"og:url\" content=\"https:\/\/www.public.sn\/index.php\/2022\/09\/10\/deces-dimam-ndao-une-de-ses-epouses-sort-du-silence\/\" \/>\n<meta property=\"og:site_name\" content=\"LE PUBLIC\" \/>\n<meta property=\"article:published_time\" content=\"2022-09-10T17:31:45+00:00\" \/>\n<meta property=\"article:modified_time\" content=\"2022-09-10T17:31:46+00:00\" \/>\n<meta property=\"og:image\" content=\"https:\/\/www.public.sn\/wp-content\/uploads\/2022\/09\/5DDA5BA7-5545-4310-BC46-2FC9EFCD263B.jpeg\" \/>\n\t<meta property=\"og:image:width\" content=\"598\" \/>\n\t<meta property=\"og:image:height\" content=\"394\" \/>\n\t<meta property=\"og:image:type\" content=\"image\/jpeg\" \/>\n<meta name=\"author\" content=\"LA REDACTION\" \/>\n<meta name=\"twitter:card\" content=\"summary_large_image\" \/>\n<meta name=\"twitter:label1\" content=\"\u00c9crit par\" \/>\n\t<meta name=\"twitter:data1\" content=\"LA REDACTION\" \/>\n\t<meta name=\"twitter:label2\" content=\"Dur\u00e9e de lecture estim\u00e9e\" \/>\n\t<meta name=\"twitter:data2\" content=\"1 minute\" \/>\n<script type=\"application\/ld+json\" class=\"yoast-schema-graph\">{\"@context\":\"https:\/\/schema.org\",\"@graph\":[{\"@type\":\"Article\",\"@id\":\"https:\/\/www.public.sn\/index.php\/2022\/09\/10\/deces-dimam-ndao-une-de-ses-epouses-sort-du-silence\/#article\",\"isPartOf\":{\"@id\":\"https:\/\/www.public.sn\/index.php\/2022\/09\/10\/deces-dimam-ndao-une-de-ses-epouses-sort-du-silence\/\"},\"author\":{\"name\":\"LA REDACTION\",\"@id\":\"https:\/\/www.public.sn\/#\/schema\/person\/e3f4a11b037d4203902db148f9bc8d5a\"},\"headline\":\"D\u00e9c\u00e8s d\u2019Imam Ndao: Une de ses \u00e9pouses sort du silence.\",\"datePublished\":\"2022-09-10T17:31:45+00:00\",\"dateModified\":\"2022-09-10T17:31:46+00:00\",\"mainEntityOfPage\":{\"@id\":\"https:\/\/www.public.sn\/index.php\/2022\/09\/10\/deces-dimam-ndao-une-de-ses-epouses-sort-du-silence\/\"},\"wordCount\":250,\"commentCount\":0,\"publisher\":{\"@id\":\"https:\/\/www.public.sn\/#organization\"},\"image\":{\"@id\":\"https:\/\/www.public.sn\/index.php\/2022\/09\/10\/deces-dimam-ndao-une-de-ses-epouses-sort-du-silence\/#primaryimage\"},\"thumbnailUrl\":\"https:\/\/www.public.sn\/wp-content\/uploads\/2022\/09\/5DDA5BA7-5545-4310-BC46-2FC9EFCD263B.jpeg\",\"articleSection\":[\"ACTUALIT\u00c9S\"],\"inLanguage\":\"fr-FR\",\"potentialAction\":[{\"@type\":\"CommentAction\",\"name\":\"Comment\",\"target\":[\"https:\/\/www.public.sn\/index.php\/2022\/09\/10\/deces-dimam-ndao-une-de-ses-epouses-sort-du-silence\/#respond\"]}]},{\"@type\":\"WebPage\",\"@id\":\"https:\/\/www.public.sn\/index.php\/2022\/09\/10\/deces-dimam-ndao-une-de-ses-epouses-sort-du-silence\/\",\"url\":\"https:\/\/www.public.sn\/index.php\/2022\/09\/10\/deces-dimam-ndao-une-de-ses-epouses-sort-du-silence\/\",\"name\":\"D\u00e9c\u00e8s d\u2019Imam Ndao: Une de ses \u00e9pouses sort du silence. - LE PUBLIC\",\"isPartOf\":{\"@id\":\"https:\/\/www.public.sn\/#website\"},\"primaryImageOfPage\":{\"@id\":\"https:\/\/www.public.sn\/index.php\/2022\/09\/10\/deces-dimam-ndao-une-de-ses-epouses-sort-du-silence\/#primaryimage\"},\"image\":{\"@id\":\"https:\/\/www.public.sn\/index.php\/2022\/09\/10\/deces-dimam-ndao-une-de-ses-epouses-sort-du-silence\/#primaryimage\"},\"thumbnailUrl\":\"https:\/\/www.public.sn\/wp-content\/uploads\/2022\/09\/5DDA5BA7-5545-4310-BC46-2FC9EFCD263B.jpeg\",\"datePublished\":\"2022-09-10T17:31:45+00:00\",\"dateModified\":\"2022-09-10T17:31:46+00:00\",\"breadcrumb\":{\"@id\":\"https:\/\/www.public.sn\/index.php\/2022\/09\/10\/deces-dimam-ndao-une-de-ses-epouses-sort-du-silence\/#breadcrumb\"},\"inLanguage\":\"fr-FR\",\"potentialAction\":[{\"@type\":\"ReadAction\",\"target\":[\"https:\/\/www.public.sn\/index.php\/2022\/09\/10\/deces-dimam-ndao-une-de-ses-epouses-sort-du-silence\/\"]}]},{\"@type\":\"ImageObject\",\"inLanguage\":\"fr-FR\",\"@id\":\"https:\/\/www.public.sn\/index.php\/2022\/09\/10\/deces-dimam-ndao-une-de-ses-epouses-sort-du-silence\/#primaryimage\",\"url\":\"https:\/\/www.public.sn\/wp-content\/uploads\/2022\/09\/5DDA5BA7-5545-4310-BC46-2FC9EFCD263B.jpeg\",\"contentUrl\":\"https:\/\/www.public.sn\/wp-content\/uploads\/2022\/09\/5DDA5BA7-5545-4310-BC46-2FC9EFCD263B.jpeg\",\"width\":598,\"height\":394},{\"@type\":\"BreadcrumbList\",\"@id\":\"https:\/\/www.public.sn\/index.php\/2022\/09\/10\/deces-dimam-ndao-une-de-ses-epouses-sort-du-silence\/#breadcrumb\",\"itemListElement\":[{\"@type\":\"ListItem\",\"position\":1,\"name\":\"Accueil\",\"item\":\"https:\/\/www.public.sn\/\"},{\"@type\":\"ListItem\",\"position\":2,\"name\":\"D\u00e9c\u00e8s d\u2019Imam Ndao: Une de ses \u00e9pouses sort du silence.\"}]},{\"@type\":\"WebSite\",\"@id\":\"https:\/\/www.public.sn\/#website\",\"url\":\"https:\/\/www.public.sn\/\",\"name\":\"LE PUBLIC\",\"description\":\"\",\"publisher\":{\"@id\":\"https:\/\/www.public.sn\/#organization\"},\"potentialAction\":[{\"@type\":\"SearchAction\",\"target\":{\"@type\":\"EntryPoint\",\"urlTemplate\":\"https:\/\/www.public.sn\/?s={search_term_string}\"},\"query-input\":{\"@type\":\"PropertyValueSpecification\",\"valueRequired\":true,\"valueName\":\"search_term_string\"}}],\"inLanguage\":\"fr-FR\"},{\"@type\":\"Organization\",\"@id\":\"https:\/\/www.public.sn\/#organization\",\"name\":\"LE PUBLIC\",\"url\":\"https:\/\/www.public.sn\/\",\"logo\":{\"@type\":\"ImageObject\",\"inLanguage\":\"fr-FR\",\"@id\":\"https:\/\/www.public.sn\/#\/schema\/logo\/image\/\",\"url\":\"https:\/\/www.public.sn\/wp-content\/uploads\/2024\/05\/cropped-LOGO-PUBLIC.SN_.png\",\"contentUrl\":\"https:\/\/www.public.sn\/wp-content\/uploads\/2024\/05\/cropped-LOGO-PUBLIC.SN_.png\",\"width\":682,\"height\":192,\"caption\":\"LE PUBLIC\"},\"image\":{\"@id\":\"https:\/\/www.public.sn\/#\/schema\/logo\/image\/\"}},{\"@type\":\"Person\",\"@id\":\"https:\/\/www.public.sn\/#\/schema\/person\/e3f4a11b037d4203902db148f9bc8d5a\",\"name\":\"LA REDACTION\",\"image\":{\"@type\":\"ImageObject\",\"inLanguage\":\"fr-FR\",\"@id\":\"https:\/\/www.public.sn\/#\/schema\/person\/image\/\",\"url\":\"https:\/\/secure.gravatar.com\/avatar\/d6c030db45db2883c075085c5d6c6258654a801a93766b49af0b82d4f454e2a5?s=96&d=mm&r=g\",\"contentUrl\":\"https:\/\/secure.gravatar.com\/avatar\/d6c030db45db2883c075085c5d6c6258654a801a93766b49af0b82d4f454e2a5?s=96&d=mm&r=g\",\"caption\":\"LA REDACTION\"},\"sameAs\":[\"http:\/\/www.public.sn\"],\"url\":\"https:\/\/www.public.sn\/index.php\/author\/admin7324\/\"}]}<\/script>\n<!-- \/ Yoast SEO plugin. -->","yoast_head_json":{"title":"D\u00e9c\u00e8s d\u2019Imam Ndao: Une de ses \u00e9pouses sort du silence. - LE PUBLIC","robots":{"index":"index","follow":"follow","max-snippet":"max-snippet:-1","max-image-preview":"max-image-preview:large","max-video-preview":"max-video-preview:-1"},"canonical":"https:\/\/www.public.sn\/index.php\/2022\/09\/10\/deces-dimam-ndao-une-de-ses-epouses-sort-du-silence\/","og_locale":"fr_FR","og_type":"article","og_title":"D\u00e9c\u00e8s d\u2019Imam Ndao: Une de ses \u00e9pouses sort du silence. - LE PUBLIC","og_description":"Quatre jours apr\u00e8s le d\u00e9c\u00e8s de l\u2019Imam Alioune Badara Ndao, la pol\u00e9mique sur les causes de sa mort continuent d\u2019alimenter le d\u00e9bat public. Pour la premi\u00e8re fois, une des \u00e9pouses du d\u00e9funt guide religieux a fait une sortie dans une vid\u00e9o partag\u00e9e par Buur News pour r\u00e9gler des comptes avec un certain Moustapha Dram\u00e9. Ce dernier aurait confi\u00e9 dans les m\u00e9dias que la troisi\u00e8me \u00e9pouse de l\u2019imam Ndao lui a dit qu\u2019il a \u00e9t\u00e9 mordu par un serpent. Ce qu\u2019elle d\u00e9ment fermement avant de donner une piste sur ce qui a d\u00fb causer la mort de son \u00e9poux.\u00a0 \u201cJe n\u2019ai jamais fait d\u2019apparition publique ni de sortie dans les m\u00e9dias. Mais cet individu, Moustapha Dram\u00e9, est all\u00e9 dire que c\u2019est la 3e femme de l\u2019imam Ndao qui lui a dit que c\u2019est la morsure d\u2019un serpent qui a caus\u00e9 son d\u00e9c\u00e8s. C\u2019est pourquoi j\u2019ai tenu \u00e0 apporter un d\u00e9menti. Je n\u2019ai jamais entendu l\u2019Imam dire ce qu\u2019il a dit. C\u2019est de la calomnie et Dieu nous jugera. L\u2019imam \u00e9tait bien portant avant qu\u2019il n\u2019aille en prison. Tout ce qui lui est arriv\u00e9, c\u2019est pendant son s\u00e9jour carc\u00e9ral\u201d, a d\u00e9nonc\u00e9 la troisi\u00e8me \u00e9pouse de l\u2019Imam Ndao.","og_url":"https:\/\/www.public.sn\/index.php\/2022\/09\/10\/deces-dimam-ndao-une-de-ses-epouses-sort-du-silence\/","og_site_name":"LE PUBLIC","article_published_time":"2022-09-10T17:31:45+00:00","article_modified_time":"2022-09-10T17:31:46+00:00","og_image":[{"width":598,"height":394,"url":"https:\/\/www.public.sn\/wp-content\/uploads\/2022\/09\/5DDA5BA7-5545-4310-BC46-2FC9EFCD263B.jpeg","type":"image\/jpeg"}],"author":"LA REDACTION","twitter_card":"summary_large_image","twitter_misc":{"\u00c9crit par":"LA REDACTION","Dur\u00e9e de lecture estim\u00e9e":"1 minute"},"schema":{"@context":"https:\/\/schema.org","@graph":[{"@type":"Article","@id":"https:\/\/www.public.sn\/index.php\/2022\/09\/10\/deces-dimam-ndao-une-de-ses-epouses-sort-du-silence\/#article","isPartOf":{"@id":"https:\/\/www.public.sn\/index.php\/2022\/09\/10\/deces-dimam-ndao-une-de-ses-epouses-sort-du-silence\/"},"author":{"name":"LA REDACTION","@id":"https:\/\/www.public.sn\/#\/schema\/person\/e3f4a11b037d4203902db148f9bc8d5a"},"headline":"D\u00e9c\u00e8s d\u2019Imam Ndao: Une de ses \u00e9pouses sort du silence.","datePublished":"2022-09-10T17:31:45+00:00","dateModified":"2022-09-10T17:31:46+00:00","mainEntityOfPage":{"@id":"https:\/\/www.public.sn\/index.php\/2022\/09\/10\/deces-dimam-ndao-une-de-ses-epouses-sort-du-silence\/"},"wordCount":250,"commentCount":0,"publisher":{"@id":"https:\/\/www.public.sn\/#organization"},"image":{"@id":"https:\/\/www.public.sn\/index.php\/2022\/09\/10\/deces-dimam-ndao-une-de-ses-epouses-sort-du-silence\/#primaryimage"},"thumbnailUrl":"https:\/\/www.public.sn\/wp-content\/uploads\/2022\/09\/5DDA5BA7-5545-4310-BC46-2FC9EFCD263B.jpeg","articleSection":["ACTUALIT\u00c9S"],"inLanguage":"fr-FR","potentialAction":[{"@type":"CommentAction","name":"Comment","target":["https:\/\/www.public.sn\/index.php\/2022\/09\/10\/deces-dimam-ndao-une-de-ses-epouses-sort-du-silence\/#respond"]}]},{"@type":"WebPage","@id":"https:\/\/www.public.sn\/index.php\/2022\/09\/10\/deces-dimam-ndao-une-de-ses-epouses-sort-du-silence\/","url":"https:\/\/www.public.sn\/index.php\/2022\/09\/10\/deces-dimam-ndao-une-de-ses-epouses-sort-du-silence\/","name":"D\u00e9c\u00e8s d\u2019Imam Ndao: Une de ses \u00e9pouses sort du silence. - LE PUBLIC","isPartOf":{"@id":"https:\/\/www.public.sn\/#website"},"primaryImageOfPage":{"@id":"https:\/\/www.public.sn\/index.php\/2022\/09\/10\/deces-dimam-ndao-une-de-ses-epouses-sort-du-silence\/#primaryimage"},"image":{"@id":"https:\/\/www.public.sn\/index.php\/2022\/09\/10\/deces-dimam-ndao-une-de-ses-epouses-sort-du-silence\/#primaryimage"},"thumbnailUrl":"https:\/\/www.public.sn\/wp-content\/uploads\/2022\/09\/5DDA5BA7-5545-4310-BC46-2FC9EFCD263B.jpeg","datePublished":"2022-09-10T17:31:45+00:00","dateModified":"2022-09-10T17:31:46+00:00","breadcrumb":{"@id":"https:\/\/www.public.sn\/index.php\/2022\/09\/10\/deces-dimam-ndao-une-de-ses-epouses-sort-du-silence\/#breadcrumb"},"inLanguage":"fr-FR","potentialAction":[{"@type":"ReadAction","target":["https:\/\/www.public.sn\/index.php\/2022\/09\/10\/deces-dimam-ndao-une-de-ses-epouses-sort-du-silence\/"]}]},{"@type":"ImageObject","inLanguage":"fr-FR","@id":"https:\/\/www.public.sn\/index.php\/2022\/09\/10\/deces-dimam-ndao-une-de-ses-epouses-sort-du-silence\/#primaryimage","url":"https:\/\/www.public.sn\/wp-content\/uploads\/2022\/09\/5DDA5BA7-5545-4310-BC46-2FC9EFCD263B.jpeg","contentUrl":"https:\/\/www.public.sn\/wp-content\/uploads\/2022\/09\/5DDA5BA7-5545-4310-BC46-2FC9EFCD263B.jpeg","width":598,"height":394},{"@type":"BreadcrumbList","@id":"https:\/\/www.public.sn\/index.php\/2022\/09\/10\/deces-dimam-ndao-une-de-ses-epouses-sort-du-silence\/#breadcrumb","itemListElement":[{"@type":"ListItem","position":1,"name":"Accueil","item":"https:\/\/www.public.sn\/"},{"@type":"ListItem","position":2,"name":"D\u00e9c\u00e8s d\u2019Imam Ndao: Une de ses \u00e9pouses sort du silence."}]},{"@type":"WebSite","@id":"https:\/\/www.public.sn\/#website","url":"https:\/\/www.public.sn\/","name":"LE PUBLIC","description":"","publisher":{"@id":"https:\/\/www.public.sn\/#organization"},"potentialAction":[{"@type":"SearchAction","target":{"@type":"EntryPoint","urlTemplate":"https:\/\/www.public.sn\/?s={search_term_string}"},"query-input":{"@type":"PropertyValueSpecification","valueRequired":true,"valueName":"search_term_string"}}],"inLanguage":"fr-FR"},{"@type":"Organization","@id":"https:\/\/www.public.sn\/#organization","name":"LE PUBLIC","url":"https:\/\/www.public.sn\/","logo":{"@type":"ImageObject","inLanguage":"fr-FR","@id":"https:\/\/www.public.sn\/#\/schema\/logo\/image\/","url":"https:\/\/www.public.sn\/wp-content\/uploads\/2024\/05\/cropped-LOGO-PUBLIC.SN_.png","contentUrl":"https:\/\/www.public.sn\/wp-content\/uploads\/2024\/05\/cropped-LOGO-PUBLIC.SN_.png","width":682,"height":192,"caption":"LE PUBLIC"},"image":{"@id":"https:\/\/www.public.sn\/#\/schema\/logo\/image\/"}},{"@type":"Person","@id":"https:\/\/www.public.sn\/#\/schema\/person\/e3f4a11b037d4203902db148f9bc8d5a","name":"LA REDACTION","image":{"@type":"ImageObject","inLanguage":"fr-FR","@id":"https:\/\/www.public.sn\/#\/schema\/person\/image\/","url":"https:\/\/secure.gravatar.com\/avatar\/d6c030db45db2883c075085c5d6c6258654a801a93766b49af0b82d4f454e2a5?s=96&d=mm&r=g","contentUrl":"https:\/\/secure.gravatar.com\/avatar\/d6c030db45db2883c075085c5d6c6258654a801a93766b49af0b82d4f454e2a5?s=96&d=mm&r=g","caption":"LA REDACTION"},"sameAs":["http:\/\/www.public.sn"],"url":"https:\/\/www.public.sn\/index.php\/author\/admin7324\/"}]}},"jetpack_featured_media_url":"https:\/\/www.public.sn\/wp-content\/uploads\/2022\/09\/5DDA5BA7-5545-4310-BC46-2FC9EFCD263B.jpeg","jetpack_sharing_enabled":true,"_links":{"self":[{"href":"https:\/\/www.public.sn\/index.php\/wp-json\/wp\/v2\/posts\/1629","targetHints":{"allow":["GET"]}}],"collection":[{"href":"https:\/\/www.public.sn\/index.php\/wp-json\/wp\/v2\/posts"}],"about":[{"href":"https:\/\/www.public.sn\/index.php\/wp-json\/wp\/v2\/types\/post"}],"author":[{"embeddable":true,"href":"https:\/\/www.public.sn\/index.php\/wp-json\/wp\/v2\/users\/1"}],"replies":[{"embeddable":true,"href":"https:\/\/www.public.sn\/index.php\/wp-json\/wp\/v2\/comments?post=1629"}],"version-history":[{"count":1,"href":"https:\/\/www.public.sn\/index.php\/wp-json\/wp\/v2\/posts\/1629\/revisions"}],"predecessor-version":[{"id":1631,"href":"https:\/\/www.public.sn\/index.php\/wp-json\/wp\/v2\/posts\/1629\/revisions\/1631"}],"wp:featuredmedia":[{"embeddable":true,"href":"https:\/\/www.public.sn\/index.php\/wp-json\/wp\/v2\/media\/1630"}],"wp:attachment":[{"href":"https:\/\/www.public.sn\/index.php\/wp-json\/wp\/v2\/media?parent=1629"}],"wp:term":[{"taxonomy":"category","embeddable":true,"href":"https:\/\/www.public.sn\/index.php\/wp-json\/wp\/v2\/categories?post=1629"},{"taxonomy":"post_tag","embeddable":true,"href":"https:\/\/www.public.sn\/index.php\/wp-json\/wp\/v2\/tags?post=1629"}],"curies":[{"name":"wp","href":"https:\/\/api.w.org\/{rel}","templated":true}]}}