{"id":16300,"date":"2023-02-22T15:19:35","date_gmt":"2023-02-22T15:19:35","guid":{"rendered":"https:\/\/www.public.sn\/?p=16300"},"modified":"2023-02-22T15:19:35","modified_gmt":"2023-02-22T15:19:35","slug":"le-ministre-francais-des-armees-a-dakar-la-france-prete-a-vendre-plus-darmes-au-senegal","status":"publish","type":"post","link":"https:\/\/www.public.sn\/index.php\/2023\/02\/22\/le-ministre-francais-des-armees-a-dakar-la-france-prete-a-vendre-plus-darmes-au-senegal\/","title":{"rendered":"Le ministre fran\u00e7ais des Arm\u00e9es \u00e0 Dakar : La France pr\u00eate \u00e0 vendre plus d\u2019armes au S\u00e9n\u00e9gal\u2026"},"content":{"rendered":"<p><strong>Le ministre fran\u00e7ais des Arm\u00e9es S\u00e9bastien Lecornu \u00e9tait \u00e0 Dakar, ce mardi 21 f\u00e9vrier, dans le cadre de sa tourn\u00e9e africaine qui l\u2019a conduit aussi \u00e0 Abidjan (C\u00f4te d\u2019Ivoire). Au cours de son s\u00e9jour dans la capitale s\u00e9n\u00e9galaise -le premier depuis sa nomination, en mai dernier- S\u00e9bastien Lecornu a rencontr\u00e9 son homologue Sidiki Kaba et le Pr\u00e9sident Macky Sall.<\/strong><\/p><div class=\"publi-paragraphe1\" style=\"margin-top: 10px;margin-bottom: 10px;margin-left: auto;margin-right: auto;text-align: center;\" id=\"publi-2644536112\"><div class=\"publi-adlabel\">Publicit\u00e9<\/div><script async src=\"\/\/pagead2.googlesyndication.com\/pagead\/js\/adsbygoogle.js?client=ca-pub-4089586018074219\" crossorigin=\"anonymous\"><\/script><ins class=\"adsbygoogle\" style=\"display:block;\" data-ad-client=\"ca-pub-4089586018074219\" \ndata-ad-slot=\"2087940154\" \ndata-ad-format=\"auto\"><\/ins>\n<script> \n(adsbygoogle = window.adsbygoogle || []).push({}); \n<\/script>\n<\/div>\n<div><\/div>\n<p>Malgr\u00e9 la fin des missions Barkhane au Mali et Sabre au Burkina Faso, pas de red\u00e9ploiement pr\u00e9vu pour ces militaires au S\u00e9n\u00e9gal. D\u2019apr\u00e8s RFI, les \u00e9l\u00e9ments pr\u00e9sents dans le pays resteront focalis\u00e9s sur leur mission de coop\u00e9ration sans prendre part aux op\u00e9rations militaires. Selon le ministre, il n\u2019y a pas de demande des autorit\u00e9s s\u00e9n\u00e9galaises dans ce sens.<\/p>\n<p>Selon toujours Rfi, les \u00e9changes ont aussi port\u00e9 sur la menace terroriste au Sahel tout proche et la s\u00e9curisation de la fronti\u00e8re avec le Mali. Sur ce volet, les S\u00e9n\u00e9galais souhaitent acheter du mat\u00e9riel aux Fran\u00e7ais : munitions, radars, \u00e9quipement optronique\u2026 Mais ils ont confi\u00e9 au ministre des Arm\u00e9es se sentir parfois boud\u00e9s par l\u2019industrie de l\u2019armement fran\u00e7aise, qui leur pr\u00e9f\u00e8re des plus gros clients au Moyen-Orient et en Asie.<\/p>\n<p>\u00ab Je veux qu\u2019on corrige cela \u00bb, affirme S\u00e9bastien Lecornu, qui promet de faire remonter le message c\u00f4t\u00e9 fran\u00e7ais.<\/p>\n<div class=\"publi-apres-le-contenu\" style=\"margin-top: 10px;margin-bottom: 10px;margin-left: auto;margin-right: auto;text-align: center;\" id=\"publi-1378623396\"><div class=\"publi-adlabel\">Publicit\u00e9<\/div><script async src=\"\/\/pagead2.googlesyndication.com\/pagead\/js\/adsbygoogle.js?client=ca-pub-4089586018074219\" crossorigin=\"anonymous\"><\/script><ins class=\"adsbygoogle\" style=\"display:block;\" data-ad-client=\"ca-pub-4089586018074219\" \ndata-ad-slot=\"2087940154\" \ndata-ad-format=\"auto\"><\/ins>\n<script> \n(adsbygoogle = window.adsbygoogle || []).push({}); \n<\/script>\n<\/div>","protected":false},"excerpt":{"rendered":"<p>Le ministre fran\u00e7ais des Arm\u00e9es S\u00e9bastien Lecornu \u00e9tait \u00e0 Dakar, ce mardi 21 f\u00e9vrier, dans le cadre de sa tourn\u00e9e africaine qui l\u2019a conduit aussi \u00e0 Abidjan (C\u00f4te d\u2019Ivoire). Au cours de son s\u00e9jour dans la capitale s\u00e9n\u00e9galaise -le premier depuis sa nomination, en mai dernier- S\u00e9bastien Lecornu a rencontr\u00e9 son homologue Sidiki Kaba et le Pr\u00e9sident Macky Sall. Malgr\u00e9 la fin des missions Barkhane au Mali et Sabre au Burkina Faso, pas de red\u00e9ploiement pr\u00e9vu pour ces militaires au S\u00e9n\u00e9gal. D\u2019apr\u00e8s RFI, les \u00e9l\u00e9ments pr\u00e9sents dans le pays resteront focalis\u00e9s sur leur mission de coop\u00e9ration sans prendre part aux op\u00e9rations militaires. Selon le ministre, il n\u2019y a pas de demande des autorit\u00e9s s\u00e9n\u00e9galaises dans ce sens. Selon toujours Rfi, les \u00e9changes ont aussi port\u00e9 sur la menace terroriste au Sahel tout proche et la s\u00e9curisation de la fronti\u00e8re avec le Mali. Sur ce volet, les S\u00e9n\u00e9galais souhaitent acheter du mat\u00e9riel aux Fran\u00e7ais : munitions, radars, \u00e9quipement optronique\u2026 Mais ils ont confi\u00e9 au ministre des Arm\u00e9es se sentir parfois boud\u00e9s par l\u2019industrie de l\u2019armement fran\u00e7aise, qui leur pr\u00e9f\u00e8re des plus gros clients au Moyen-Orient et en Asie. \u00ab Je veux qu\u2019on corrige cela \u00bb, affirme S\u00e9bastien Lecornu, qui promet de faire remonter le message c\u00f4t\u00e9 fran\u00e7ais.<\/p>\n","protected":false},"author":7,"featured_media":16301,"comment_status":"open","ping_status":"open","sticky":false,"template":"","format":"standard","meta":{"_jetpack_memberships_contains_paid_content":false,"footnotes":""},"categories":[375,3,376,1,4],"tags":[2159,4496,766],"class_list":["post-16300","post","type-post","status-publish","format-standard","has-post-thumbnail","hentry","category-actualites","category-politique","category-securite-justice","category-non-classe","category-societe","tag-arme","tag-ministre-des-arme-francais","tag-senegal","entry","has-media","owp-thumbs-layout-horizontal","owp-btn-normal","owp-tabs-layout-horizontal","has-no-thumbnails","has-product-nav"],"yoast_head":"<!-- This site is optimized with the Yoast SEO plugin v25.5 - https:\/\/yoast.com\/wordpress\/plugins\/seo\/ -->\n<title>Le ministre fran\u00e7ais des Arm\u00e9es \u00e0 Dakar : La France pr\u00eate \u00e0 vendre plus d\u2019armes au S\u00e9n\u00e9gal\u2026 - LE PUBLIC<\/title>\n<meta name=\"robots\" content=\"index, follow, max-snippet:-1, max-image-preview:large, max-video-preview:-1\" \/>\n<link rel=\"canonical\" href=\"https:\/\/www.public.sn\/index.php\/2023\/02\/22\/le-ministre-francais-des-armees-a-dakar-la-france-prete-a-vendre-plus-darmes-au-senegal\/\" \/>\n<meta property=\"og:locale\" content=\"fr_FR\" \/>\n<meta property=\"og:type\" content=\"article\" \/>\n<meta property=\"og:title\" content=\"Le ministre fran\u00e7ais des Arm\u00e9es \u00e0 Dakar : La France pr\u00eate \u00e0 vendre plus d\u2019armes au S\u00e9n\u00e9gal\u2026 - LE PUBLIC\" \/>\n<meta property=\"og:description\" content=\"Le ministre fran\u00e7ais des Arm\u00e9es S\u00e9bastien Lecornu \u00e9tait \u00e0 Dakar, ce mardi 21 f\u00e9vrier, dans le cadre de sa tourn\u00e9e africaine qui l\u2019a conduit aussi \u00e0 Abidjan (C\u00f4te d\u2019Ivoire). Au cours de son s\u00e9jour dans la capitale s\u00e9n\u00e9galaise -le premier depuis sa nomination, en mai dernier- S\u00e9bastien Lecornu a rencontr\u00e9 son homologue Sidiki Kaba et le Pr\u00e9sident Macky Sall. Malgr\u00e9 la fin des missions Barkhane au Mali et Sabre au Burkina Faso, pas de red\u00e9ploiement pr\u00e9vu pour ces militaires au S\u00e9n\u00e9gal. D\u2019apr\u00e8s RFI, les \u00e9l\u00e9ments pr\u00e9sents dans le pays resteront focalis\u00e9s sur leur mission de coop\u00e9ration sans prendre part aux op\u00e9rations militaires. Selon le ministre, il n\u2019y a pas de demande des autorit\u00e9s s\u00e9n\u00e9galaises dans ce sens. Selon toujours Rfi, les \u00e9changes ont aussi port\u00e9 sur la menace terroriste au Sahel tout proche et la s\u00e9curisation de la fronti\u00e8re avec le Mali. Sur ce volet, les S\u00e9n\u00e9galais souhaitent acheter du mat\u00e9riel aux Fran\u00e7ais : munitions, radars, \u00e9quipement optronique\u2026 Mais ils ont confi\u00e9 au ministre des Arm\u00e9es se sentir parfois boud\u00e9s par l\u2019industrie de l\u2019armement fran\u00e7aise, qui leur pr\u00e9f\u00e8re des plus gros clients au Moyen-Orient et en Asie. \u00ab Je veux qu\u2019on corrige cela \u00bb, affirme S\u00e9bastien Lecornu, qui promet de faire remonter le message c\u00f4t\u00e9 fran\u00e7ais.\" \/>\n<meta property=\"og:url\" content=\"https:\/\/www.public.sn\/index.php\/2023\/02\/22\/le-ministre-francais-des-armees-a-dakar-la-france-prete-a-vendre-plus-darmes-au-senegal\/\" \/>\n<meta property=\"og:site_name\" content=\"LE PUBLIC\" \/>\n<meta property=\"article:published_time\" content=\"2023-02-22T15:19:35+00:00\" \/>\n<meta property=\"og:image\" content=\"https:\/\/www.public.sn\/wp-content\/uploads\/2023\/02\/ministre-des-arme-francaise.webp\" \/>\n\t<meta property=\"og:image:width\" content=\"700\" \/>\n\t<meta property=\"og:image:height\" content=\"430\" \/>\n\t<meta property=\"og:image:type\" content=\"image\/webp\" \/>\n<meta name=\"author\" content=\"LA REDACTION\" \/>\n<meta name=\"twitter:card\" content=\"summary_large_image\" \/>\n<meta name=\"twitter:label1\" content=\"\u00c9crit par\" \/>\n\t<meta name=\"twitter:data1\" content=\"LA REDACTION\" \/>\n\t<meta name=\"twitter:label2\" content=\"Dur\u00e9e de lecture estim\u00e9e\" \/>\n\t<meta name=\"twitter:data2\" content=\"2 minutes\" \/>\n<script type=\"application\/ld+json\" class=\"yoast-schema-graph\">{\"@context\":\"https:\/\/schema.org\",\"@graph\":[{\"@type\":\"Article\",\"@id\":\"https:\/\/www.public.sn\/index.php\/2023\/02\/22\/le-ministre-francais-des-armees-a-dakar-la-france-prete-a-vendre-plus-darmes-au-senegal\/#article\",\"isPartOf\":{\"@id\":\"https:\/\/www.public.sn\/index.php\/2023\/02\/22\/le-ministre-francais-des-armees-a-dakar-la-france-prete-a-vendre-plus-darmes-au-senegal\/\"},\"author\":{\"name\":\"LA REDACTION\",\"@id\":\"https:\/\/www.public.sn\/#\/schema\/person\/cb76c8e1b8becc6be61fb5e92d6d0224\"},\"headline\":\"Le ministre fran\u00e7ais des Arm\u00e9es \u00e0 Dakar : La France pr\u00eate \u00e0 vendre plus d\u2019armes au S\u00e9n\u00e9gal\u2026\",\"datePublished\":\"2023-02-22T15:19:35+00:00\",\"mainEntityOfPage\":{\"@id\":\"https:\/\/www.public.sn\/index.php\/2023\/02\/22\/le-ministre-francais-des-armees-a-dakar-la-france-prete-a-vendre-plus-darmes-au-senegal\/\"},\"wordCount\":265,\"commentCount\":0,\"publisher\":{\"@id\":\"https:\/\/www.public.sn\/#organization\"},\"image\":{\"@id\":\"https:\/\/www.public.sn\/index.php\/2023\/02\/22\/le-ministre-francais-des-armees-a-dakar-la-france-prete-a-vendre-plus-darmes-au-senegal\/#primaryimage\"},\"thumbnailUrl\":\"https:\/\/www.public.sn\/wp-content\/uploads\/2023\/02\/ministre-des-arme-francaise.webp\",\"keywords\":[\"arme\",\"ministre des arm\u00e9 fran\u00e7ais\",\"S\u00e9n\u00e9gal\"],\"articleSection\":[\"ACTUALIT\u00c9S\",\"POLITIQUE\",\"S\u00c9CURIT\u00c9 &amp; JUSTICE\",\"S\u00c9N\u00c9GAL\",\"SOCIETE\"],\"inLanguage\":\"fr-FR\",\"potentialAction\":[{\"@type\":\"CommentAction\",\"name\":\"Comment\",\"target\":[\"https:\/\/www.public.sn\/index.php\/2023\/02\/22\/le-ministre-francais-des-armees-a-dakar-la-france-prete-a-vendre-plus-darmes-au-senegal\/#respond\"]}]},{\"@type\":\"WebPage\",\"@id\":\"https:\/\/www.public.sn\/index.php\/2023\/02\/22\/le-ministre-francais-des-armees-a-dakar-la-france-prete-a-vendre-plus-darmes-au-senegal\/\",\"url\":\"https:\/\/www.public.sn\/index.php\/2023\/02\/22\/le-ministre-francais-des-armees-a-dakar-la-france-prete-a-vendre-plus-darmes-au-senegal\/\",\"name\":\"Le ministre fran\u00e7ais des Arm\u00e9es \u00e0 Dakar : La France pr\u00eate \u00e0 vendre plus d\u2019armes au S\u00e9n\u00e9gal\u2026 - LE PUBLIC\",\"isPartOf\":{\"@id\":\"https:\/\/www.public.sn\/#website\"},\"primaryImageOfPage\":{\"@id\":\"https:\/\/www.public.sn\/index.php\/2023\/02\/22\/le-ministre-francais-des-armees-a-dakar-la-france-prete-a-vendre-plus-darmes-au-senegal\/#primaryimage\"},\"image\":{\"@id\":\"https:\/\/www.public.sn\/index.php\/2023\/02\/22\/le-ministre-francais-des-armees-a-dakar-la-france-prete-a-vendre-plus-darmes-au-senegal\/#primaryimage\"},\"thumbnailUrl\":\"https:\/\/www.public.sn\/wp-content\/uploads\/2023\/02\/ministre-des-arme-francaise.webp\",\"datePublished\":\"2023-02-22T15:19:35+00:00\",\"breadcrumb\":{\"@id\":\"https:\/\/www.public.sn\/index.php\/2023\/02\/22\/le-ministre-francais-des-armees-a-dakar-la-france-prete-a-vendre-plus-darmes-au-senegal\/#breadcrumb\"},\"inLanguage\":\"fr-FR\",\"potentialAction\":[{\"@type\":\"ReadAction\",\"target\":[\"https:\/\/www.public.sn\/index.php\/2023\/02\/22\/le-ministre-francais-des-armees-a-dakar-la-france-prete-a-vendre-plus-darmes-au-senegal\/\"]}]},{\"@type\":\"ImageObject\",\"inLanguage\":\"fr-FR\",\"@id\":\"https:\/\/www.public.sn\/index.php\/2023\/02\/22\/le-ministre-francais-des-armees-a-dakar-la-france-prete-a-vendre-plus-darmes-au-senegal\/#primaryimage\",\"url\":\"https:\/\/www.public.sn\/wp-content\/uploads\/2023\/02\/ministre-des-arme-francaise.webp\",\"contentUrl\":\"https:\/\/www.public.sn\/wp-content\/uploads\/2023\/02\/ministre-des-arme-francaise.webp\",\"width\":700,\"height\":430},{\"@type\":\"BreadcrumbList\",\"@id\":\"https:\/\/www.public.sn\/index.php\/2023\/02\/22\/le-ministre-francais-des-armees-a-dakar-la-france-prete-a-vendre-plus-darmes-au-senegal\/#breadcrumb\",\"itemListElement\":[{\"@type\":\"ListItem\",\"position\":1,\"name\":\"Accueil\",\"item\":\"https:\/\/www.public.sn\/\"},{\"@type\":\"ListItem\",\"position\":2,\"name\":\"Le ministre fran\u00e7ais des Arm\u00e9es \u00e0 Dakar : La France pr\u00eate \u00e0 vendre plus d\u2019armes au S\u00e9n\u00e9gal\u2026\"}]},{\"@type\":\"WebSite\",\"@id\":\"https:\/\/www.public.sn\/#website\",\"url\":\"https:\/\/www.public.sn\/\",\"name\":\"LE PUBLIC\",\"description\":\"\",\"publisher\":{\"@id\":\"https:\/\/www.public.sn\/#organization\"},\"potentialAction\":[{\"@type\":\"SearchAction\",\"target\":{\"@type\":\"EntryPoint\",\"urlTemplate\":\"https:\/\/www.public.sn\/?s={search_term_string}\"},\"query-input\":{\"@type\":\"PropertyValueSpecification\",\"valueRequired\":true,\"valueName\":\"search_term_string\"}}],\"inLanguage\":\"fr-FR\"},{\"@type\":\"Organization\",\"@id\":\"https:\/\/www.public.sn\/#organization\",\"name\":\"LE PUBLIC\",\"url\":\"https:\/\/www.public.sn\/\",\"logo\":{\"@type\":\"ImageObject\",\"inLanguage\":\"fr-FR\",\"@id\":\"https:\/\/www.public.sn\/#\/schema\/logo\/image\/\",\"url\":\"https:\/\/www.public.sn\/wp-content\/uploads\/2024\/05\/cropped-LOGO-PUBLIC.SN_.png\",\"contentUrl\":\"https:\/\/www.public.sn\/wp-content\/uploads\/2024\/05\/cropped-LOGO-PUBLIC.SN_.png\",\"width\":682,\"height\":192,\"caption\":\"LE PUBLIC\"},\"image\":{\"@id\":\"https:\/\/www.public.sn\/#\/schema\/logo\/image\/\"}},{\"@type\":\"Person\",\"@id\":\"https:\/\/www.public.sn\/#\/schema\/person\/cb76c8e1b8becc6be61fb5e92d6d0224\",\"name\":\"LA REDACTION\",\"image\":{\"@type\":\"ImageObject\",\"inLanguage\":\"fr-FR\",\"@id\":\"https:\/\/www.public.sn\/#\/schema\/person\/image\/\",\"url\":\"https:\/\/secure.gravatar.com\/avatar\/2dce5ddd34b8fef0180efe03aa2a9bee7d953856048f9a16b298190a3178407c?s=96&d=mm&r=g\",\"contentUrl\":\"https:\/\/secure.gravatar.com\/avatar\/2dce5ddd34b8fef0180efe03aa2a9bee7d953856048f9a16b298190a3178407c?s=96&d=mm&r=g\",\"caption\":\"LA REDACTION\"},\"url\":\"https:\/\/www.public.sn\/index.php\/author\/editeurpsn\/\"}]}<\/script>\n<!-- \/ Yoast SEO plugin. -->","yoast_head_json":{"title":"Le ministre fran\u00e7ais des Arm\u00e9es \u00e0 Dakar : La France pr\u00eate \u00e0 vendre plus d\u2019armes au S\u00e9n\u00e9gal\u2026 - LE PUBLIC","robots":{"index":"index","follow":"follow","max-snippet":"max-snippet:-1","max-image-preview":"max-image-preview:large","max-video-preview":"max-video-preview:-1"},"canonical":"https:\/\/www.public.sn\/index.php\/2023\/02\/22\/le-ministre-francais-des-armees-a-dakar-la-france-prete-a-vendre-plus-darmes-au-senegal\/","og_locale":"fr_FR","og_type":"article","og_title":"Le ministre fran\u00e7ais des Arm\u00e9es \u00e0 Dakar : La France pr\u00eate \u00e0 vendre plus d\u2019armes au S\u00e9n\u00e9gal\u2026 - LE PUBLIC","og_description":"Le ministre fran\u00e7ais des Arm\u00e9es S\u00e9bastien Lecornu \u00e9tait \u00e0 Dakar, ce mardi 21 f\u00e9vrier, dans le cadre de sa tourn\u00e9e africaine qui l\u2019a conduit aussi \u00e0 Abidjan (C\u00f4te d\u2019Ivoire). Au cours de son s\u00e9jour dans la capitale s\u00e9n\u00e9galaise -le premier depuis sa nomination, en mai dernier- S\u00e9bastien Lecornu a rencontr\u00e9 son homologue Sidiki Kaba et le Pr\u00e9sident Macky Sall. Malgr\u00e9 la fin des missions Barkhane au Mali et Sabre au Burkina Faso, pas de red\u00e9ploiement pr\u00e9vu pour ces militaires au S\u00e9n\u00e9gal. D\u2019apr\u00e8s RFI, les \u00e9l\u00e9ments pr\u00e9sents dans le pays resteront focalis\u00e9s sur leur mission de coop\u00e9ration sans prendre part aux op\u00e9rations militaires. Selon le ministre, il n\u2019y a pas de demande des autorit\u00e9s s\u00e9n\u00e9galaises dans ce sens. Selon toujours Rfi, les \u00e9changes ont aussi port\u00e9 sur la menace terroriste au Sahel tout proche et la s\u00e9curisation de la fronti\u00e8re avec le Mali. Sur ce volet, les S\u00e9n\u00e9galais souhaitent acheter du mat\u00e9riel aux Fran\u00e7ais : munitions, radars, \u00e9quipement optronique\u2026 Mais ils ont confi\u00e9 au ministre des Arm\u00e9es se sentir parfois boud\u00e9s par l\u2019industrie de l\u2019armement fran\u00e7aise, qui leur pr\u00e9f\u00e8re des plus gros clients au Moyen-Orient et en Asie. \u00ab Je veux qu\u2019on corrige cela \u00bb, affirme S\u00e9bastien Lecornu, qui promet de faire remonter le message c\u00f4t\u00e9 fran\u00e7ais.","og_url":"https:\/\/www.public.sn\/index.php\/2023\/02\/22\/le-ministre-francais-des-armees-a-dakar-la-france-prete-a-vendre-plus-darmes-au-senegal\/","og_site_name":"LE PUBLIC","article_published_time":"2023-02-22T15:19:35+00:00","og_image":[{"width":700,"height":430,"url":"https:\/\/www.public.sn\/wp-content\/uploads\/2023\/02\/ministre-des-arme-francaise.webp","type":"image\/webp"}],"author":"LA REDACTION","twitter_card":"summary_large_image","twitter_misc":{"\u00c9crit par":"LA REDACTION","Dur\u00e9e de lecture estim\u00e9e":"2 minutes"},"schema":{"@context":"https:\/\/schema.org","@graph":[{"@type":"Article","@id":"https:\/\/www.public.sn\/index.php\/2023\/02\/22\/le-ministre-francais-des-armees-a-dakar-la-france-prete-a-vendre-plus-darmes-au-senegal\/#article","isPartOf":{"@id":"https:\/\/www.public.sn\/index.php\/2023\/02\/22\/le-ministre-francais-des-armees-a-dakar-la-france-prete-a-vendre-plus-darmes-au-senegal\/"},"author":{"name":"LA REDACTION","@id":"https:\/\/www.public.sn\/#\/schema\/person\/cb76c8e1b8becc6be61fb5e92d6d0224"},"headline":"Le ministre fran\u00e7ais des Arm\u00e9es \u00e0 Dakar : La France pr\u00eate \u00e0 vendre plus d\u2019armes au S\u00e9n\u00e9gal\u2026","datePublished":"2023-02-22T15:19:35+00:00","mainEntityOfPage":{"@id":"https:\/\/www.public.sn\/index.php\/2023\/02\/22\/le-ministre-francais-des-armees-a-dakar-la-france-prete-a-vendre-plus-darmes-au-senegal\/"},"wordCount":265,"commentCount":0,"publisher":{"@id":"https:\/\/www.public.sn\/#organization"},"image":{"@id":"https:\/\/www.public.sn\/index.php\/2023\/02\/22\/le-ministre-francais-des-armees-a-dakar-la-france-prete-a-vendre-plus-darmes-au-senegal\/#primaryimage"},"thumbnailUrl":"https:\/\/www.public.sn\/wp-content\/uploads\/2023\/02\/ministre-des-arme-francaise.webp","keywords":["arme","ministre des arm\u00e9 fran\u00e7ais","S\u00e9n\u00e9gal"],"articleSection":["ACTUALIT\u00c9S","POLITIQUE","S\u00c9CURIT\u00c9 &amp; JUSTICE","S\u00c9N\u00c9GAL","SOCIETE"],"inLanguage":"fr-FR","potentialAction":[{"@type":"CommentAction","name":"Comment","target":["https:\/\/www.public.sn\/index.php\/2023\/02\/22\/le-ministre-francais-des-armees-a-dakar-la-france-prete-a-vendre-plus-darmes-au-senegal\/#respond"]}]},{"@type":"WebPage","@id":"https:\/\/www.public.sn\/index.php\/2023\/02\/22\/le-ministre-francais-des-armees-a-dakar-la-france-prete-a-vendre-plus-darmes-au-senegal\/","url":"https:\/\/www.public.sn\/index.php\/2023\/02\/22\/le-ministre-francais-des-armees-a-dakar-la-france-prete-a-vendre-plus-darmes-au-senegal\/","name":"Le ministre fran\u00e7ais des Arm\u00e9es \u00e0 Dakar : La France pr\u00eate \u00e0 vendre plus d\u2019armes au S\u00e9n\u00e9gal\u2026 - LE PUBLIC","isPartOf":{"@id":"https:\/\/www.public.sn\/#website"},"primaryImageOfPage":{"@id":"https:\/\/www.public.sn\/index.php\/2023\/02\/22\/le-ministre-francais-des-armees-a-dakar-la-france-prete-a-vendre-plus-darmes-au-senegal\/#primaryimage"},"image":{"@id":"https:\/\/www.public.sn\/index.php\/2023\/02\/22\/le-ministre-francais-des-armees-a-dakar-la-france-prete-a-vendre-plus-darmes-au-senegal\/#primaryimage"},"thumbnailUrl":"https:\/\/www.public.sn\/wp-content\/uploads\/2023\/02\/ministre-des-arme-francaise.webp","datePublished":"2023-02-22T15:19:35+00:00","breadcrumb":{"@id":"https:\/\/www.public.sn\/index.php\/2023\/02\/22\/le-ministre-francais-des-armees-a-dakar-la-france-prete-a-vendre-plus-darmes-au-senegal\/#breadcrumb"},"inLanguage":"fr-FR","potentialAction":[{"@type":"ReadAction","target":["https:\/\/www.public.sn\/index.php\/2023\/02\/22\/le-ministre-francais-des-armees-a-dakar-la-france-prete-a-vendre-plus-darmes-au-senegal\/"]}]},{"@type":"ImageObject","inLanguage":"fr-FR","@id":"https:\/\/www.public.sn\/index.php\/2023\/02\/22\/le-ministre-francais-des-armees-a-dakar-la-france-prete-a-vendre-plus-darmes-au-senegal\/#primaryimage","url":"https:\/\/www.public.sn\/wp-content\/uploads\/2023\/02\/ministre-des-arme-francaise.webp","contentUrl":"https:\/\/www.public.sn\/wp-content\/uploads\/2023\/02\/ministre-des-arme-francaise.webp","width":700,"height":430},{"@type":"BreadcrumbList","@id":"https:\/\/www.public.sn\/index.php\/2023\/02\/22\/le-ministre-francais-des-armees-a-dakar-la-france-prete-a-vendre-plus-darmes-au-senegal\/#breadcrumb","itemListElement":[{"@type":"ListItem","position":1,"name":"Accueil","item":"https:\/\/www.public.sn\/"},{"@type":"ListItem","position":2,"name":"Le ministre fran\u00e7ais des Arm\u00e9es \u00e0 Dakar : La France pr\u00eate \u00e0 vendre plus d\u2019armes au S\u00e9n\u00e9gal\u2026"}]},{"@type":"WebSite","@id":"https:\/\/www.public.sn\/#website","url":"https:\/\/www.public.sn\/","name":"LE PUBLIC","description":"","publisher":{"@id":"https:\/\/www.public.sn\/#organization"},"potentialAction":[{"@type":"SearchAction","target":{"@type":"EntryPoint","urlTemplate":"https:\/\/www.public.sn\/?s={search_term_string}"},"query-input":{"@type":"PropertyValueSpecification","valueRequired":true,"valueName":"search_term_string"}}],"inLanguage":"fr-FR"},{"@type":"Organization","@id":"https:\/\/www.public.sn\/#organization","name":"LE PUBLIC","url":"https:\/\/www.public.sn\/","logo":{"@type":"ImageObject","inLanguage":"fr-FR","@id":"https:\/\/www.public.sn\/#\/schema\/logo\/image\/","url":"https:\/\/www.public.sn\/wp-content\/uploads\/2024\/05\/cropped-LOGO-PUBLIC.SN_.png","contentUrl":"https:\/\/www.public.sn\/wp-content\/uploads\/2024\/05\/cropped-LOGO-PUBLIC.SN_.png","width":682,"height":192,"caption":"LE PUBLIC"},"image":{"@id":"https:\/\/www.public.sn\/#\/schema\/logo\/image\/"}},{"@type":"Person","@id":"https:\/\/www.public.sn\/#\/schema\/person\/cb76c8e1b8becc6be61fb5e92d6d0224","name":"LA REDACTION","image":{"@type":"ImageObject","inLanguage":"fr-FR","@id":"https:\/\/www.public.sn\/#\/schema\/person\/image\/","url":"https:\/\/secure.gravatar.com\/avatar\/2dce5ddd34b8fef0180efe03aa2a9bee7d953856048f9a16b298190a3178407c?s=96&d=mm&r=g","contentUrl":"https:\/\/secure.gravatar.com\/avatar\/2dce5ddd34b8fef0180efe03aa2a9bee7d953856048f9a16b298190a3178407c?s=96&d=mm&r=g","caption":"LA REDACTION"},"url":"https:\/\/www.public.sn\/index.php\/author\/editeurpsn\/"}]}},"jetpack_featured_media_url":"https:\/\/www.public.sn\/wp-content\/uploads\/2023\/02\/ministre-des-arme-francaise.webp","jetpack_sharing_enabled":true,"_links":{"self":[{"href":"https:\/\/www.public.sn\/index.php\/wp-json\/wp\/v2\/posts\/16300","targetHints":{"allow":["GET"]}}],"collection":[{"href":"https:\/\/www.public.sn\/index.php\/wp-json\/wp\/v2\/posts"}],"about":[{"href":"https:\/\/www.public.sn\/index.php\/wp-json\/wp\/v2\/types\/post"}],"author":[{"embeddable":true,"href":"https:\/\/www.public.sn\/index.php\/wp-json\/wp\/v2\/users\/7"}],"replies":[{"embeddable":true,"href":"https:\/\/www.public.sn\/index.php\/wp-json\/wp\/v2\/comments?post=16300"}],"version-history":[{"count":1,"href":"https:\/\/www.public.sn\/index.php\/wp-json\/wp\/v2\/posts\/16300\/revisions"}],"predecessor-version":[{"id":16302,"href":"https:\/\/www.public.sn\/index.php\/wp-json\/wp\/v2\/posts\/16300\/revisions\/16302"}],"wp:featuredmedia":[{"embeddable":true,"href":"https:\/\/www.public.sn\/index.php\/wp-json\/wp\/v2\/media\/16301"}],"wp:attachment":[{"href":"https:\/\/www.public.sn\/index.php\/wp-json\/wp\/v2\/media?parent=16300"}],"wp:term":[{"taxonomy":"category","embeddable":true,"href":"https:\/\/www.public.sn\/index.php\/wp-json\/wp\/v2\/categories?post=16300"},{"taxonomy":"post_tag","embeddable":true,"href":"https:\/\/www.public.sn\/index.php\/wp-json\/wp\/v2\/tags?post=16300"}],"curies":[{"name":"wp","href":"https:\/\/api.w.org\/{rel}","templated":true}]}}