{"id":16308,"date":"2023-02-22T17:17:19","date_gmt":"2023-02-22T17:17:19","guid":{"rendered":"https:\/\/www.public.sn\/?p=16308"},"modified":"2023-02-22T17:18:08","modified_gmt":"2023-02-22T17:18:08","slug":"touba-meurtre-ou-accident-un-jeune-meurt-le-couteau-plante-dans-son-ventre","status":"publish","type":"post","link":"https:\/\/www.public.sn\/index.php\/2023\/02\/22\/touba-meurtre-ou-accident-un-jeune-meurt-le-couteau-plante-dans-son-ventre\/","title":{"rendered":"Touba : Meurtre ou accident, un jeune meurt le couteau plant\u00e9 dans son ventre"},"content":{"rendered":"<p style=\"text-align: left;\"><strong>Un jeune \u00e2g\u00e9 de 17 ans a \u00e9t\u00e9 retrouv\u00e9 mort un couteau plant\u00e9 dans le ventre, dans la nuit du dimanche au lundi \u00e0 Touba. Le corps sans vie de Fallou G. a ainsi \u00e9t\u00e9 transport\u00e9 \u00e0 la morgue de l\u2019h\u00f4pital de Ndamatou hier. L\u2019enqu\u00eate est confi\u00e9e \u00e0 la gendarmerie de Ndindy. <\/strong><\/p><div class=\"publi-paragraphe1\" style=\"margin-top: 10px;margin-bottom: 10px;margin-left: auto;margin-right: auto;text-align: center;\" id=\"publi-3470971536\"><div class=\"publi-adlabel\">Publicit\u00e9<\/div><script async src=\"\/\/pagead2.googlesyndication.com\/pagead\/js\/adsbygoogle.js?client=ca-pub-4089586018074219\" crossorigin=\"anonymous\"><\/script><ins class=\"adsbygoogle\" style=\"display:block;\" data-ad-client=\"ca-pub-4089586018074219\" \ndata-ad-slot=\"2087940154\" \ndata-ad-format=\"auto\"><\/ins>\n<script> \n(adsbygoogle = window.adsbygoogle || []).push({}); \n<\/script>\n<\/div>\n<p style=\"text-align: left;\">Les hommes en bleu sont partag\u00e9s entre deux th\u00e8ses : celle du meurtre et celle d\u2019un accident, parce que la victime se serait donn\u00e9 un coup de couteau \u00e0 la suite d\u2019une transe. Un membre de la famille que Dakaractu a joint au t\u00e9l\u00e9phone confie que le corps du d\u00e9funt n\u2019est toujours pas mis \u00e0 leur disposition pour l\u2019inhumation.<\/p>\n<div class=\"publi-apres-le-contenu\" style=\"margin-top: 10px;margin-bottom: 10px;margin-left: auto;margin-right: auto;text-align: center;\" id=\"publi-2315590168\"><div class=\"publi-adlabel\">Publicit\u00e9<\/div><script async src=\"\/\/pagead2.googlesyndication.com\/pagead\/js\/adsbygoogle.js?client=ca-pub-4089586018074219\" crossorigin=\"anonymous\"><\/script><ins class=\"adsbygoogle\" style=\"display:block;\" data-ad-client=\"ca-pub-4089586018074219\" \ndata-ad-slot=\"2087940154\" \ndata-ad-format=\"auto\"><\/ins>\n<script> \n(adsbygoogle = window.adsbygoogle || []).push({}); \n<\/script>\n<\/div>","protected":false},"excerpt":{"rendered":"<p>Un jeune \u00e2g\u00e9 de 17 ans a \u00e9t\u00e9 retrouv\u00e9 mort un couteau plant\u00e9 dans le ventre, dans la nuit du dimanche au lundi \u00e0 Touba. Le corps sans vie de Fallou G. a ainsi \u00e9t\u00e9 transport\u00e9 \u00e0 la morgue de l\u2019h\u00f4pital de Ndamatou hier. L\u2019enqu\u00eate est confi\u00e9e \u00e0 la gendarmerie de Ndindy. Les hommes en bleu sont partag\u00e9s entre deux th\u00e8ses : celle du meurtre et celle d\u2019un accident, parce que la victime se serait donn\u00e9 un coup de couteau \u00e0 la suite d\u2019une transe. Un membre de la famille que Dakaractu a joint au t\u00e9l\u00e9phone confie que le corps du d\u00e9funt n\u2019est toujours pas mis \u00e0 leur disposition pour l\u2019inhumation.<\/p>\n","protected":false},"author":7,"featured_media":16309,"comment_status":"open","ping_status":"open","sticky":false,"template":"","format":"standard","meta":{"_jetpack_memberships_contains_paid_content":false,"footnotes":""},"categories":[375,1051,379,3724,376,1,4],"tags":[3192,492,69],"class_list":["post-16308","post","type-post","status-publish","format-standard","has-post-thumbnail","hentry","category-actualites","category-drame","category-faits-divers","category-justice","category-securite-justice","category-non-classe","category-societe","tag-jeune","tag-mort","tag-touba","entry","has-media","owp-thumbs-layout-horizontal","owp-btn-normal","owp-tabs-layout-horizontal","has-no-thumbnails","has-product-nav"],"yoast_head":"<!-- This site is optimized with the Yoast SEO plugin v25.5 - https:\/\/yoast.com\/wordpress\/plugins\/seo\/ -->\n<title>Touba : Meurtre ou accident, un jeune meurt le couteau plant\u00e9 dans son ventre - LE PUBLIC<\/title>\n<meta name=\"robots\" content=\"index, follow, max-snippet:-1, max-image-preview:large, max-video-preview:-1\" \/>\n<link rel=\"canonical\" href=\"https:\/\/www.public.sn\/index.php\/2023\/02\/22\/touba-meurtre-ou-accident-un-jeune-meurt-le-couteau-plante-dans-son-ventre\/\" \/>\n<meta property=\"og:locale\" content=\"fr_FR\" \/>\n<meta property=\"og:type\" content=\"article\" \/>\n<meta property=\"og:title\" content=\"Touba : Meurtre ou accident, un jeune meurt le couteau plant\u00e9 dans son ventre - LE PUBLIC\" \/>\n<meta property=\"og:description\" content=\"Un jeune \u00e2g\u00e9 de 17 ans a \u00e9t\u00e9 retrouv\u00e9 mort un couteau plant\u00e9 dans le ventre, dans la nuit du dimanche au lundi \u00e0 Touba. Le corps sans vie de Fallou G. a ainsi \u00e9t\u00e9 transport\u00e9 \u00e0 la morgue de l\u2019h\u00f4pital de Ndamatou hier. L\u2019enqu\u00eate est confi\u00e9e \u00e0 la gendarmerie de Ndindy. Les hommes en bleu sont partag\u00e9s entre deux th\u00e8ses : celle du meurtre et celle d\u2019un accident, parce que la victime se serait donn\u00e9 un coup de couteau \u00e0 la suite d\u2019une transe. Un membre de la famille que Dakaractu a joint au t\u00e9l\u00e9phone confie que le corps du d\u00e9funt n\u2019est toujours pas mis \u00e0 leur disposition pour l\u2019inhumation.\" \/>\n<meta property=\"og:url\" content=\"https:\/\/www.public.sn\/index.php\/2023\/02\/22\/touba-meurtre-ou-accident-un-jeune-meurt-le-couteau-plante-dans-son-ventre\/\" \/>\n<meta property=\"og:site_name\" content=\"LE PUBLIC\" \/>\n<meta property=\"article:published_time\" content=\"2023-02-22T17:17:19+00:00\" \/>\n<meta property=\"article:modified_time\" content=\"2023-02-22T17:18:08+00:00\" \/>\n<meta property=\"og:image\" content=\"https:\/\/www.public.sn\/wp-content\/uploads\/2023\/02\/touba-tue.jpg\" \/>\n\t<meta property=\"og:image:width\" content=\"303\" \/>\n\t<meta property=\"og:image:height\" content=\"166\" \/>\n\t<meta property=\"og:image:type\" content=\"image\/jpeg\" \/>\n<meta name=\"author\" content=\"LA REDACTION\" \/>\n<meta name=\"twitter:card\" content=\"summary_large_image\" \/>\n<meta name=\"twitter:label1\" content=\"\u00c9crit par\" \/>\n\t<meta name=\"twitter:data1\" content=\"LA REDACTION\" \/>\n\t<meta name=\"twitter:label2\" content=\"Dur\u00e9e de lecture estim\u00e9e\" \/>\n\t<meta name=\"twitter:data2\" content=\"1 minute\" \/>\n<script type=\"application\/ld+json\" class=\"yoast-schema-graph\">{\"@context\":\"https:\/\/schema.org\",\"@graph\":[{\"@type\":\"Article\",\"@id\":\"https:\/\/www.public.sn\/index.php\/2023\/02\/22\/touba-meurtre-ou-accident-un-jeune-meurt-le-couteau-plante-dans-son-ventre\/#article\",\"isPartOf\":{\"@id\":\"https:\/\/www.public.sn\/index.php\/2023\/02\/22\/touba-meurtre-ou-accident-un-jeune-meurt-le-couteau-plante-dans-son-ventre\/\"},\"author\":{\"name\":\"LA REDACTION\",\"@id\":\"https:\/\/www.public.sn\/#\/schema\/person\/cb76c8e1b8becc6be61fb5e92d6d0224\"},\"headline\":\"Touba : Meurtre ou accident, un jeune meurt le couteau plant\u00e9 dans son ventre\",\"datePublished\":\"2023-02-22T17:17:19+00:00\",\"dateModified\":\"2023-02-22T17:18:08+00:00\",\"mainEntityOfPage\":{\"@id\":\"https:\/\/www.public.sn\/index.php\/2023\/02\/22\/touba-meurtre-ou-accident-un-jeune-meurt-le-couteau-plante-dans-son-ventre\/\"},\"wordCount\":131,\"commentCount\":0,\"publisher\":{\"@id\":\"https:\/\/www.public.sn\/#organization\"},\"image\":{\"@id\":\"https:\/\/www.public.sn\/index.php\/2023\/02\/22\/touba-meurtre-ou-accident-un-jeune-meurt-le-couteau-plante-dans-son-ventre\/#primaryimage\"},\"thumbnailUrl\":\"https:\/\/www.public.sn\/wp-content\/uploads\/2023\/02\/touba-tue.jpg\",\"keywords\":[\"jeune\",\"Mort\",\"Touba\"],\"articleSection\":[\"ACTUALIT\u00c9S\",\"DRAME\",\"FAITS DIVERS\",\"justice\",\"S\u00c9CURIT\u00c9 &amp; JUSTICE\",\"S\u00c9N\u00c9GAL\",\"SOCIETE\"],\"inLanguage\":\"fr-FR\",\"potentialAction\":[{\"@type\":\"CommentAction\",\"name\":\"Comment\",\"target\":[\"https:\/\/www.public.sn\/index.php\/2023\/02\/22\/touba-meurtre-ou-accident-un-jeune-meurt-le-couteau-plante-dans-son-ventre\/#respond\"]}]},{\"@type\":\"WebPage\",\"@id\":\"https:\/\/www.public.sn\/index.php\/2023\/02\/22\/touba-meurtre-ou-accident-un-jeune-meurt-le-couteau-plante-dans-son-ventre\/\",\"url\":\"https:\/\/www.public.sn\/index.php\/2023\/02\/22\/touba-meurtre-ou-accident-un-jeune-meurt-le-couteau-plante-dans-son-ventre\/\",\"name\":\"Touba : Meurtre ou accident, un jeune meurt le couteau plant\u00e9 dans son ventre - LE PUBLIC\",\"isPartOf\":{\"@id\":\"https:\/\/www.public.sn\/#website\"},\"primaryImageOfPage\":{\"@id\":\"https:\/\/www.public.sn\/index.php\/2023\/02\/22\/touba-meurtre-ou-accident-un-jeune-meurt-le-couteau-plante-dans-son-ventre\/#primaryimage\"},\"image\":{\"@id\":\"https:\/\/www.public.sn\/index.php\/2023\/02\/22\/touba-meurtre-ou-accident-un-jeune-meurt-le-couteau-plante-dans-son-ventre\/#primaryimage\"},\"thumbnailUrl\":\"https:\/\/www.public.sn\/wp-content\/uploads\/2023\/02\/touba-tue.jpg\",\"datePublished\":\"2023-02-22T17:17:19+00:00\",\"dateModified\":\"2023-02-22T17:18:08+00:00\",\"breadcrumb\":{\"@id\":\"https:\/\/www.public.sn\/index.php\/2023\/02\/22\/touba-meurtre-ou-accident-un-jeune-meurt-le-couteau-plante-dans-son-ventre\/#breadcrumb\"},\"inLanguage\":\"fr-FR\",\"potentialAction\":[{\"@type\":\"ReadAction\",\"target\":[\"https:\/\/www.public.sn\/index.php\/2023\/02\/22\/touba-meurtre-ou-accident-un-jeune-meurt-le-couteau-plante-dans-son-ventre\/\"]}]},{\"@type\":\"ImageObject\",\"inLanguage\":\"fr-FR\",\"@id\":\"https:\/\/www.public.sn\/index.php\/2023\/02\/22\/touba-meurtre-ou-accident-un-jeune-meurt-le-couteau-plante-dans-son-ventre\/#primaryimage\",\"url\":\"https:\/\/www.public.sn\/wp-content\/uploads\/2023\/02\/touba-tue.jpg\",\"contentUrl\":\"https:\/\/www.public.sn\/wp-content\/uploads\/2023\/02\/touba-tue.jpg\",\"width\":303,\"height\":166},{\"@type\":\"BreadcrumbList\",\"@id\":\"https:\/\/www.public.sn\/index.php\/2023\/02\/22\/touba-meurtre-ou-accident-un-jeune-meurt-le-couteau-plante-dans-son-ventre\/#breadcrumb\",\"itemListElement\":[{\"@type\":\"ListItem\",\"position\":1,\"name\":\"Accueil\",\"item\":\"https:\/\/www.public.sn\/\"},{\"@type\":\"ListItem\",\"position\":2,\"name\":\"Touba : Meurtre ou accident, un jeune meurt le couteau plant\u00e9 dans son ventre\"}]},{\"@type\":\"WebSite\",\"@id\":\"https:\/\/www.public.sn\/#website\",\"url\":\"https:\/\/www.public.sn\/\",\"name\":\"LE PUBLIC\",\"description\":\"\",\"publisher\":{\"@id\":\"https:\/\/www.public.sn\/#organization\"},\"potentialAction\":[{\"@type\":\"SearchAction\",\"target\":{\"@type\":\"EntryPoint\",\"urlTemplate\":\"https:\/\/www.public.sn\/?s={search_term_string}\"},\"query-input\":{\"@type\":\"PropertyValueSpecification\",\"valueRequired\":true,\"valueName\":\"search_term_string\"}}],\"inLanguage\":\"fr-FR\"},{\"@type\":\"Organization\",\"@id\":\"https:\/\/www.public.sn\/#organization\",\"name\":\"LE PUBLIC\",\"url\":\"https:\/\/www.public.sn\/\",\"logo\":{\"@type\":\"ImageObject\",\"inLanguage\":\"fr-FR\",\"@id\":\"https:\/\/www.public.sn\/#\/schema\/logo\/image\/\",\"url\":\"https:\/\/www.public.sn\/wp-content\/uploads\/2024\/05\/cropped-LOGO-PUBLIC.SN_.png\",\"contentUrl\":\"https:\/\/www.public.sn\/wp-content\/uploads\/2024\/05\/cropped-LOGO-PUBLIC.SN_.png\",\"width\":682,\"height\":192,\"caption\":\"LE PUBLIC\"},\"image\":{\"@id\":\"https:\/\/www.public.sn\/#\/schema\/logo\/image\/\"}},{\"@type\":\"Person\",\"@id\":\"https:\/\/www.public.sn\/#\/schema\/person\/cb76c8e1b8becc6be61fb5e92d6d0224\",\"name\":\"LA REDACTION\",\"image\":{\"@type\":\"ImageObject\",\"inLanguage\":\"fr-FR\",\"@id\":\"https:\/\/www.public.sn\/#\/schema\/person\/image\/\",\"url\":\"https:\/\/secure.gravatar.com\/avatar\/2dce5ddd34b8fef0180efe03aa2a9bee7d953856048f9a16b298190a3178407c?s=96&d=mm&r=g\",\"contentUrl\":\"https:\/\/secure.gravatar.com\/avatar\/2dce5ddd34b8fef0180efe03aa2a9bee7d953856048f9a16b298190a3178407c?s=96&d=mm&r=g\",\"caption\":\"LA REDACTION\"},\"url\":\"https:\/\/www.public.sn\/index.php\/author\/editeurpsn\/\"}]}<\/script>\n<!-- \/ Yoast SEO plugin. -->","yoast_head_json":{"title":"Touba : Meurtre ou accident, un jeune meurt le couteau plant\u00e9 dans son ventre - LE PUBLIC","robots":{"index":"index","follow":"follow","max-snippet":"max-snippet:-1","max-image-preview":"max-image-preview:large","max-video-preview":"max-video-preview:-1"},"canonical":"https:\/\/www.public.sn\/index.php\/2023\/02\/22\/touba-meurtre-ou-accident-un-jeune-meurt-le-couteau-plante-dans-son-ventre\/","og_locale":"fr_FR","og_type":"article","og_title":"Touba : Meurtre ou accident, un jeune meurt le couteau plant\u00e9 dans son ventre - LE PUBLIC","og_description":"Un jeune \u00e2g\u00e9 de 17 ans a \u00e9t\u00e9 retrouv\u00e9 mort un couteau plant\u00e9 dans le ventre, dans la nuit du dimanche au lundi \u00e0 Touba. Le corps sans vie de Fallou G. a ainsi \u00e9t\u00e9 transport\u00e9 \u00e0 la morgue de l\u2019h\u00f4pital de Ndamatou hier. L\u2019enqu\u00eate est confi\u00e9e \u00e0 la gendarmerie de Ndindy. Les hommes en bleu sont partag\u00e9s entre deux th\u00e8ses : celle du meurtre et celle d\u2019un accident, parce que la victime se serait donn\u00e9 un coup de couteau \u00e0 la suite d\u2019une transe. Un membre de la famille que Dakaractu a joint au t\u00e9l\u00e9phone confie que le corps du d\u00e9funt n\u2019est toujours pas mis \u00e0 leur disposition pour l\u2019inhumation.","og_url":"https:\/\/www.public.sn\/index.php\/2023\/02\/22\/touba-meurtre-ou-accident-un-jeune-meurt-le-couteau-plante-dans-son-ventre\/","og_site_name":"LE PUBLIC","article_published_time":"2023-02-22T17:17:19+00:00","article_modified_time":"2023-02-22T17:18:08+00:00","og_image":[{"width":303,"height":166,"url":"https:\/\/www.public.sn\/wp-content\/uploads\/2023\/02\/touba-tue.jpg","type":"image\/jpeg"}],"author":"LA REDACTION","twitter_card":"summary_large_image","twitter_misc":{"\u00c9crit par":"LA REDACTION","Dur\u00e9e de lecture estim\u00e9e":"1 minute"},"schema":{"@context":"https:\/\/schema.org","@graph":[{"@type":"Article","@id":"https:\/\/www.public.sn\/index.php\/2023\/02\/22\/touba-meurtre-ou-accident-un-jeune-meurt-le-couteau-plante-dans-son-ventre\/#article","isPartOf":{"@id":"https:\/\/www.public.sn\/index.php\/2023\/02\/22\/touba-meurtre-ou-accident-un-jeune-meurt-le-couteau-plante-dans-son-ventre\/"},"author":{"name":"LA REDACTION","@id":"https:\/\/www.public.sn\/#\/schema\/person\/cb76c8e1b8becc6be61fb5e92d6d0224"},"headline":"Touba : Meurtre ou accident, un jeune meurt le couteau plant\u00e9 dans son ventre","datePublished":"2023-02-22T17:17:19+00:00","dateModified":"2023-02-22T17:18:08+00:00","mainEntityOfPage":{"@id":"https:\/\/www.public.sn\/index.php\/2023\/02\/22\/touba-meurtre-ou-accident-un-jeune-meurt-le-couteau-plante-dans-son-ventre\/"},"wordCount":131,"commentCount":0,"publisher":{"@id":"https:\/\/www.public.sn\/#organization"},"image":{"@id":"https:\/\/www.public.sn\/index.php\/2023\/02\/22\/touba-meurtre-ou-accident-un-jeune-meurt-le-couteau-plante-dans-son-ventre\/#primaryimage"},"thumbnailUrl":"https:\/\/www.public.sn\/wp-content\/uploads\/2023\/02\/touba-tue.jpg","keywords":["jeune","Mort","Touba"],"articleSection":["ACTUALIT\u00c9S","DRAME","FAITS DIVERS","justice","S\u00c9CURIT\u00c9 &amp; JUSTICE","S\u00c9N\u00c9GAL","SOCIETE"],"inLanguage":"fr-FR","potentialAction":[{"@type":"CommentAction","name":"Comment","target":["https:\/\/www.public.sn\/index.php\/2023\/02\/22\/touba-meurtre-ou-accident-un-jeune-meurt-le-couteau-plante-dans-son-ventre\/#respond"]}]},{"@type":"WebPage","@id":"https:\/\/www.public.sn\/index.php\/2023\/02\/22\/touba-meurtre-ou-accident-un-jeune-meurt-le-couteau-plante-dans-son-ventre\/","url":"https:\/\/www.public.sn\/index.php\/2023\/02\/22\/touba-meurtre-ou-accident-un-jeune-meurt-le-couteau-plante-dans-son-ventre\/","name":"Touba : Meurtre ou accident, un jeune meurt le couteau plant\u00e9 dans son ventre - LE PUBLIC","isPartOf":{"@id":"https:\/\/www.public.sn\/#website"},"primaryImageOfPage":{"@id":"https:\/\/www.public.sn\/index.php\/2023\/02\/22\/touba-meurtre-ou-accident-un-jeune-meurt-le-couteau-plante-dans-son-ventre\/#primaryimage"},"image":{"@id":"https:\/\/www.public.sn\/index.php\/2023\/02\/22\/touba-meurtre-ou-accident-un-jeune-meurt-le-couteau-plante-dans-son-ventre\/#primaryimage"},"thumbnailUrl":"https:\/\/www.public.sn\/wp-content\/uploads\/2023\/02\/touba-tue.jpg","datePublished":"2023-02-22T17:17:19+00:00","dateModified":"2023-02-22T17:18:08+00:00","breadcrumb":{"@id":"https:\/\/www.public.sn\/index.php\/2023\/02\/22\/touba-meurtre-ou-accident-un-jeune-meurt-le-couteau-plante-dans-son-ventre\/#breadcrumb"},"inLanguage":"fr-FR","potentialAction":[{"@type":"ReadAction","target":["https:\/\/www.public.sn\/index.php\/2023\/02\/22\/touba-meurtre-ou-accident-un-jeune-meurt-le-couteau-plante-dans-son-ventre\/"]}]},{"@type":"ImageObject","inLanguage":"fr-FR","@id":"https:\/\/www.public.sn\/index.php\/2023\/02\/22\/touba-meurtre-ou-accident-un-jeune-meurt-le-couteau-plante-dans-son-ventre\/#primaryimage","url":"https:\/\/www.public.sn\/wp-content\/uploads\/2023\/02\/touba-tue.jpg","contentUrl":"https:\/\/www.public.sn\/wp-content\/uploads\/2023\/02\/touba-tue.jpg","width":303,"height":166},{"@type":"BreadcrumbList","@id":"https:\/\/www.public.sn\/index.php\/2023\/02\/22\/touba-meurtre-ou-accident-un-jeune-meurt-le-couteau-plante-dans-son-ventre\/#breadcrumb","itemListElement":[{"@type":"ListItem","position":1,"name":"Accueil","item":"https:\/\/www.public.sn\/"},{"@type":"ListItem","position":2,"name":"Touba : Meurtre ou accident, un jeune meurt le couteau plant\u00e9 dans son ventre"}]},{"@type":"WebSite","@id":"https:\/\/www.public.sn\/#website","url":"https:\/\/www.public.sn\/","name":"LE PUBLIC","description":"","publisher":{"@id":"https:\/\/www.public.sn\/#organization"},"potentialAction":[{"@type":"SearchAction","target":{"@type":"EntryPoint","urlTemplate":"https:\/\/www.public.sn\/?s={search_term_string}"},"query-input":{"@type":"PropertyValueSpecification","valueRequired":true,"valueName":"search_term_string"}}],"inLanguage":"fr-FR"},{"@type":"Organization","@id":"https:\/\/www.public.sn\/#organization","name":"LE PUBLIC","url":"https:\/\/www.public.sn\/","logo":{"@type":"ImageObject","inLanguage":"fr-FR","@id":"https:\/\/www.public.sn\/#\/schema\/logo\/image\/","url":"https:\/\/www.public.sn\/wp-content\/uploads\/2024\/05\/cropped-LOGO-PUBLIC.SN_.png","contentUrl":"https:\/\/www.public.sn\/wp-content\/uploads\/2024\/05\/cropped-LOGO-PUBLIC.SN_.png","width":682,"height":192,"caption":"LE PUBLIC"},"image":{"@id":"https:\/\/www.public.sn\/#\/schema\/logo\/image\/"}},{"@type":"Person","@id":"https:\/\/www.public.sn\/#\/schema\/person\/cb76c8e1b8becc6be61fb5e92d6d0224","name":"LA REDACTION","image":{"@type":"ImageObject","inLanguage":"fr-FR","@id":"https:\/\/www.public.sn\/#\/schema\/person\/image\/","url":"https:\/\/secure.gravatar.com\/avatar\/2dce5ddd34b8fef0180efe03aa2a9bee7d953856048f9a16b298190a3178407c?s=96&d=mm&r=g","contentUrl":"https:\/\/secure.gravatar.com\/avatar\/2dce5ddd34b8fef0180efe03aa2a9bee7d953856048f9a16b298190a3178407c?s=96&d=mm&r=g","caption":"LA REDACTION"},"url":"https:\/\/www.public.sn\/index.php\/author\/editeurpsn\/"}]}},"jetpack_featured_media_url":"https:\/\/www.public.sn\/wp-content\/uploads\/2023\/02\/touba-tue.jpg","jetpack_sharing_enabled":true,"_links":{"self":[{"href":"https:\/\/www.public.sn\/index.php\/wp-json\/wp\/v2\/posts\/16308","targetHints":{"allow":["GET"]}}],"collection":[{"href":"https:\/\/www.public.sn\/index.php\/wp-json\/wp\/v2\/posts"}],"about":[{"href":"https:\/\/www.public.sn\/index.php\/wp-json\/wp\/v2\/types\/post"}],"author":[{"embeddable":true,"href":"https:\/\/www.public.sn\/index.php\/wp-json\/wp\/v2\/users\/7"}],"replies":[{"embeddable":true,"href":"https:\/\/www.public.sn\/index.php\/wp-json\/wp\/v2\/comments?post=16308"}],"version-history":[{"count":2,"href":"https:\/\/www.public.sn\/index.php\/wp-json\/wp\/v2\/posts\/16308\/revisions"}],"predecessor-version":[{"id":16311,"href":"https:\/\/www.public.sn\/index.php\/wp-json\/wp\/v2\/posts\/16308\/revisions\/16311"}],"wp:featuredmedia":[{"embeddable":true,"href":"https:\/\/www.public.sn\/index.php\/wp-json\/wp\/v2\/media\/16309"}],"wp:attachment":[{"href":"https:\/\/www.public.sn\/index.php\/wp-json\/wp\/v2\/media?parent=16308"}],"wp:term":[{"taxonomy":"category","embeddable":true,"href":"https:\/\/www.public.sn\/index.php\/wp-json\/wp\/v2\/categories?post=16308"},{"taxonomy":"post_tag","embeddable":true,"href":"https:\/\/www.public.sn\/index.php\/wp-json\/wp\/v2\/tags?post=16308"}],"curies":[{"name":"wp","href":"https:\/\/api.w.org\/{rel}","templated":true}]}}