{"id":1632,"date":"2022-09-10T19:37:13","date_gmt":"2022-09-10T17:37:13","guid":{"rendered":"https:\/\/www.public.sn\/?p=1632"},"modified":"2022-09-10T19:37:14","modified_gmt":"2022-09-10T17:37:14","slug":"conseil-constitutionnel-awa-dieye-prete-serment-lundi-a-11-heures","status":"publish","type":"post","link":"https:\/\/www.public.sn\/index.php\/2022\/09\/10\/conseil-constitutionnel-awa-dieye-prete-serment-lundi-a-11-heures\/","title":{"rendered":"Conseil constitutionnel: Awa Dieye pr\u00eate serment lundi \u00e0 11 heures."},"content":{"rendered":"\n<p><strong>Le Conseil constitutionnel organise, lundi, la c\u00e9r\u00e9monie de prestation de serment d\u2019Awa Di\u00e8ye, nouvellement nomm\u00e9e \u00e0 la fonction de juge constitutionnel, annonce un communiqu\u00e9 de ladite juridiction.<\/strong><\/p><div class=\"publi-paragraphe1\" style=\"margin-top: 10px;margin-bottom: 10px;margin-left: auto;margin-right: auto;text-align: center;\" id=\"publi-1195759180\"><div class=\"publi-adlabel\">Publicit\u00e9<\/div><script async src=\"\/\/pagead2.googlesyndication.com\/pagead\/js\/adsbygoogle.js?client=ca-pub-4089586018074219\" crossorigin=\"anonymous\"><\/script><ins class=\"adsbygoogle\" style=\"display:block;\" data-ad-client=\"ca-pub-4089586018074219\" \ndata-ad-slot=\"2087940154\" \ndata-ad-format=\"auto\"><\/ins>\n<script> \n(adsbygoogle = window.adsbygoogle || []).push({}); \n<\/script>\n<\/div>\n\n\n\n<p>La c\u00e9r\u00e9monie est pr\u00e9vue \u00e0 partir de 11 heures \u00e0 la salle d\u2019audience de la Cour supr\u00eame, indique la m\u00eame source. Me Di\u00e8ye a \u00e9t\u00e9 r\u00e9cemment nomm\u00e9e par d\u00e9cret avocate g\u00e9n\u00e9rale du Conseil constitutionnel en m\u00eame temps que le pr\u00e9sident de la juridiction, le magistrat Mamadou Badio Camara.<\/p>\n<div class=\"publi-apres-le-contenu\" style=\"margin-top: 10px;margin-bottom: 10px;margin-left: auto;margin-right: auto;text-align: center;\" id=\"publi-3885395939\"><div class=\"publi-adlabel\">Publicit\u00e9<\/div><script async src=\"\/\/pagead2.googlesyndication.com\/pagead\/js\/adsbygoogle.js?client=ca-pub-4089586018074219\" crossorigin=\"anonymous\"><\/script><ins class=\"adsbygoogle\" style=\"display:block;\" data-ad-client=\"ca-pub-4089586018074219\" \ndata-ad-slot=\"2087940154\" \ndata-ad-format=\"auto\"><\/ins>\n<script> \n(adsbygoogle = window.adsbygoogle || []).push({}); \n<\/script>\n<\/div>","protected":false},"excerpt":{"rendered":"<p>Le Conseil constitutionnel organise, lundi, la c\u00e9r\u00e9monie de prestation de serment d\u2019Awa Di\u00e8ye, nouvellement nomm\u00e9e \u00e0 la fonction de juge constitutionnel, annonce un communiqu\u00e9 de ladite juridiction. La c\u00e9r\u00e9monie est pr\u00e9vue \u00e0 partir de 11 heures \u00e0 la salle d\u2019audience de la Cour supr\u00eame, indique la m\u00eame source. Me Di\u00e8ye a \u00e9t\u00e9 r\u00e9cemment nomm\u00e9e par d\u00e9cret avocate g\u00e9n\u00e9rale du Conseil constitutionnel en m\u00eame temps que le pr\u00e9sident de la juridiction, le magistrat Mamadou Badio Camara.<\/p>\n","protected":false},"author":1,"featured_media":1633,"comment_status":"open","ping_status":"open","sticky":false,"template":"","format":"standard","meta":{"_jetpack_memberships_contains_paid_content":false,"footnotes":""},"categories":[375],"tags":[697,455,459,11,698],"class_list":["post-1632","post","type-post","status-publish","format-standard","has-post-thumbnail","hentry","category-actualites","tag-awa-dieye","tag-conseil-constitutionnel","tag-droit","tag-macky-sall","tag-serment","entry","has-media","owp-thumbs-layout-horizontal","owp-btn-normal","owp-tabs-layout-horizontal","has-no-thumbnails","has-product-nav"],"yoast_head":"<!-- This site is optimized with the Yoast SEO plugin v25.5 - https:\/\/yoast.com\/wordpress\/plugins\/seo\/ -->\n<title>Conseil constitutionnel: Awa Dieye pr\u00eate serment lundi \u00e0 11 heures. - LE PUBLIC<\/title>\n<meta name=\"robots\" content=\"index, follow, max-snippet:-1, max-image-preview:large, max-video-preview:-1\" \/>\n<link rel=\"canonical\" href=\"https:\/\/www.public.sn\/index.php\/2022\/09\/10\/conseil-constitutionnel-awa-dieye-prete-serment-lundi-a-11-heures\/\" \/>\n<meta property=\"og:locale\" content=\"fr_FR\" \/>\n<meta property=\"og:type\" content=\"article\" \/>\n<meta property=\"og:title\" content=\"Conseil constitutionnel: Awa Dieye pr\u00eate serment lundi \u00e0 11 heures. - LE PUBLIC\" \/>\n<meta property=\"og:description\" content=\"Le Conseil constitutionnel organise, lundi, la c\u00e9r\u00e9monie de prestation de serment d\u2019Awa Di\u00e8ye, nouvellement nomm\u00e9e \u00e0 la fonction de juge constitutionnel, annonce un communiqu\u00e9 de ladite juridiction. La c\u00e9r\u00e9monie est pr\u00e9vue \u00e0 partir de 11 heures \u00e0 la salle d\u2019audience de la Cour supr\u00eame, indique la m\u00eame source. Me Di\u00e8ye a \u00e9t\u00e9 r\u00e9cemment nomm\u00e9e par d\u00e9cret avocate g\u00e9n\u00e9rale du Conseil constitutionnel en m\u00eame temps que le pr\u00e9sident de la juridiction, le magistrat Mamadou Badio Camara.\" \/>\n<meta property=\"og:url\" content=\"https:\/\/www.public.sn\/index.php\/2022\/09\/10\/conseil-constitutionnel-awa-dieye-prete-serment-lundi-a-11-heures\/\" \/>\n<meta property=\"og:site_name\" content=\"LE PUBLIC\" \/>\n<meta property=\"article:published_time\" content=\"2022-09-10T17:37:13+00:00\" \/>\n<meta property=\"article:modified_time\" content=\"2022-09-10T17:37:14+00:00\" \/>\n<meta property=\"og:image\" content=\"https:\/\/www.public.sn\/wp-content\/uploads\/2022\/09\/C0331029-03CE-431B-A13F-34BF9EEF0379.jpeg\" \/>\n\t<meta property=\"og:image:width\" content=\"1140\" \/>\n\t<meta property=\"og:image:height\" content=\"570\" \/>\n\t<meta property=\"og:image:type\" content=\"image\/jpeg\" \/>\n<meta name=\"author\" content=\"LA REDACTION\" \/>\n<meta name=\"twitter:card\" content=\"summary_large_image\" \/>\n<meta name=\"twitter:label1\" content=\"\u00c9crit par\" \/>\n\t<meta name=\"twitter:data1\" content=\"LA REDACTION\" \/>\n\t<meta name=\"twitter:label2\" content=\"Dur\u00e9e de lecture estim\u00e9e\" \/>\n\t<meta name=\"twitter:data2\" content=\"1 minute\" \/>\n<script type=\"application\/ld+json\" class=\"yoast-schema-graph\">{\"@context\":\"https:\/\/schema.org\",\"@graph\":[{\"@type\":\"Article\",\"@id\":\"https:\/\/www.public.sn\/index.php\/2022\/09\/10\/conseil-constitutionnel-awa-dieye-prete-serment-lundi-a-11-heures\/#article\",\"isPartOf\":{\"@id\":\"https:\/\/www.public.sn\/index.php\/2022\/09\/10\/conseil-constitutionnel-awa-dieye-prete-serment-lundi-a-11-heures\/\"},\"author\":{\"name\":\"LA REDACTION\",\"@id\":\"https:\/\/www.public.sn\/#\/schema\/person\/e3f4a11b037d4203902db148f9bc8d5a\"},\"headline\":\"Conseil constitutionnel: Awa Dieye pr\u00eate serment lundi \u00e0 11 heures.\",\"datePublished\":\"2022-09-10T17:37:13+00:00\",\"dateModified\":\"2022-09-10T17:37:14+00:00\",\"mainEntityOfPage\":{\"@id\":\"https:\/\/www.public.sn\/index.php\/2022\/09\/10\/conseil-constitutionnel-awa-dieye-prete-serment-lundi-a-11-heures\/\"},\"wordCount\":99,\"commentCount\":0,\"publisher\":{\"@id\":\"https:\/\/www.public.sn\/#organization\"},\"image\":{\"@id\":\"https:\/\/www.public.sn\/index.php\/2022\/09\/10\/conseil-constitutionnel-awa-dieye-prete-serment-lundi-a-11-heures\/#primaryimage\"},\"thumbnailUrl\":\"https:\/\/www.public.sn\/wp-content\/uploads\/2022\/09\/C0331029-03CE-431B-A13F-34BF9EEF0379.jpeg\",\"keywords\":[\"Awa Di\u00e9ye\",\"Conseil Constitutionnel\",\"Droit\",\"Macky Sall\",\"Serment\"],\"articleSection\":[\"ACTUALIT\u00c9S\"],\"inLanguage\":\"fr-FR\",\"potentialAction\":[{\"@type\":\"CommentAction\",\"name\":\"Comment\",\"target\":[\"https:\/\/www.public.sn\/index.php\/2022\/09\/10\/conseil-constitutionnel-awa-dieye-prete-serment-lundi-a-11-heures\/#respond\"]}]},{\"@type\":\"WebPage\",\"@id\":\"https:\/\/www.public.sn\/index.php\/2022\/09\/10\/conseil-constitutionnel-awa-dieye-prete-serment-lundi-a-11-heures\/\",\"url\":\"https:\/\/www.public.sn\/index.php\/2022\/09\/10\/conseil-constitutionnel-awa-dieye-prete-serment-lundi-a-11-heures\/\",\"name\":\"Conseil constitutionnel: Awa Dieye pr\u00eate serment lundi \u00e0 11 heures. - LE PUBLIC\",\"isPartOf\":{\"@id\":\"https:\/\/www.public.sn\/#website\"},\"primaryImageOfPage\":{\"@id\":\"https:\/\/www.public.sn\/index.php\/2022\/09\/10\/conseil-constitutionnel-awa-dieye-prete-serment-lundi-a-11-heures\/#primaryimage\"},\"image\":{\"@id\":\"https:\/\/www.public.sn\/index.php\/2022\/09\/10\/conseil-constitutionnel-awa-dieye-prete-serment-lundi-a-11-heures\/#primaryimage\"},\"thumbnailUrl\":\"https:\/\/www.public.sn\/wp-content\/uploads\/2022\/09\/C0331029-03CE-431B-A13F-34BF9EEF0379.jpeg\",\"datePublished\":\"2022-09-10T17:37:13+00:00\",\"dateModified\":\"2022-09-10T17:37:14+00:00\",\"breadcrumb\":{\"@id\":\"https:\/\/www.public.sn\/index.php\/2022\/09\/10\/conseil-constitutionnel-awa-dieye-prete-serment-lundi-a-11-heures\/#breadcrumb\"},\"inLanguage\":\"fr-FR\",\"potentialAction\":[{\"@type\":\"ReadAction\",\"target\":[\"https:\/\/www.public.sn\/index.php\/2022\/09\/10\/conseil-constitutionnel-awa-dieye-prete-serment-lundi-a-11-heures\/\"]}]},{\"@type\":\"ImageObject\",\"inLanguage\":\"fr-FR\",\"@id\":\"https:\/\/www.public.sn\/index.php\/2022\/09\/10\/conseil-constitutionnel-awa-dieye-prete-serment-lundi-a-11-heures\/#primaryimage\",\"url\":\"https:\/\/www.public.sn\/wp-content\/uploads\/2022\/09\/C0331029-03CE-431B-A13F-34BF9EEF0379.jpeg\",\"contentUrl\":\"https:\/\/www.public.sn\/wp-content\/uploads\/2022\/09\/C0331029-03CE-431B-A13F-34BF9EEF0379.jpeg\",\"width\":1140,\"height\":570},{\"@type\":\"BreadcrumbList\",\"@id\":\"https:\/\/www.public.sn\/index.php\/2022\/09\/10\/conseil-constitutionnel-awa-dieye-prete-serment-lundi-a-11-heures\/#breadcrumb\",\"itemListElement\":[{\"@type\":\"ListItem\",\"position\":1,\"name\":\"Accueil\",\"item\":\"https:\/\/www.public.sn\/\"},{\"@type\":\"ListItem\",\"position\":2,\"name\":\"Conseil constitutionnel: Awa Dieye pr\u00eate serment lundi \u00e0 11 heures.\"}]},{\"@type\":\"WebSite\",\"@id\":\"https:\/\/www.public.sn\/#website\",\"url\":\"https:\/\/www.public.sn\/\",\"name\":\"LE PUBLIC\",\"description\":\"\",\"publisher\":{\"@id\":\"https:\/\/www.public.sn\/#organization\"},\"potentialAction\":[{\"@type\":\"SearchAction\",\"target\":{\"@type\":\"EntryPoint\",\"urlTemplate\":\"https:\/\/www.public.sn\/?s={search_term_string}\"},\"query-input\":{\"@type\":\"PropertyValueSpecification\",\"valueRequired\":true,\"valueName\":\"search_term_string\"}}],\"inLanguage\":\"fr-FR\"},{\"@type\":\"Organization\",\"@id\":\"https:\/\/www.public.sn\/#organization\",\"name\":\"LE PUBLIC\",\"url\":\"https:\/\/www.public.sn\/\",\"logo\":{\"@type\":\"ImageObject\",\"inLanguage\":\"fr-FR\",\"@id\":\"https:\/\/www.public.sn\/#\/schema\/logo\/image\/\",\"url\":\"https:\/\/www.public.sn\/wp-content\/uploads\/2024\/05\/cropped-LOGO-PUBLIC.SN_.png\",\"contentUrl\":\"https:\/\/www.public.sn\/wp-content\/uploads\/2024\/05\/cropped-LOGO-PUBLIC.SN_.png\",\"width\":682,\"height\":192,\"caption\":\"LE PUBLIC\"},\"image\":{\"@id\":\"https:\/\/www.public.sn\/#\/schema\/logo\/image\/\"}},{\"@type\":\"Person\",\"@id\":\"https:\/\/www.public.sn\/#\/schema\/person\/e3f4a11b037d4203902db148f9bc8d5a\",\"name\":\"LA REDACTION\",\"image\":{\"@type\":\"ImageObject\",\"inLanguage\":\"fr-FR\",\"@id\":\"https:\/\/www.public.sn\/#\/schema\/person\/image\/\",\"url\":\"https:\/\/secure.gravatar.com\/avatar\/d6c030db45db2883c075085c5d6c6258654a801a93766b49af0b82d4f454e2a5?s=96&d=mm&r=g\",\"contentUrl\":\"https:\/\/secure.gravatar.com\/avatar\/d6c030db45db2883c075085c5d6c6258654a801a93766b49af0b82d4f454e2a5?s=96&d=mm&r=g\",\"caption\":\"LA REDACTION\"},\"sameAs\":[\"http:\/\/www.public.sn\"],\"url\":\"https:\/\/www.public.sn\/index.php\/author\/admin7324\/\"}]}<\/script>\n<!-- \/ Yoast SEO plugin. -->","yoast_head_json":{"title":"Conseil constitutionnel: Awa Dieye pr\u00eate serment lundi \u00e0 11 heures. - LE PUBLIC","robots":{"index":"index","follow":"follow","max-snippet":"max-snippet:-1","max-image-preview":"max-image-preview:large","max-video-preview":"max-video-preview:-1"},"canonical":"https:\/\/www.public.sn\/index.php\/2022\/09\/10\/conseil-constitutionnel-awa-dieye-prete-serment-lundi-a-11-heures\/","og_locale":"fr_FR","og_type":"article","og_title":"Conseil constitutionnel: Awa Dieye pr\u00eate serment lundi \u00e0 11 heures. - LE PUBLIC","og_description":"Le Conseil constitutionnel organise, lundi, la c\u00e9r\u00e9monie de prestation de serment d\u2019Awa Di\u00e8ye, nouvellement nomm\u00e9e \u00e0 la fonction de juge constitutionnel, annonce un communiqu\u00e9 de ladite juridiction. La c\u00e9r\u00e9monie est pr\u00e9vue \u00e0 partir de 11 heures \u00e0 la salle d\u2019audience de la Cour supr\u00eame, indique la m\u00eame source. Me Di\u00e8ye a \u00e9t\u00e9 r\u00e9cemment nomm\u00e9e par d\u00e9cret avocate g\u00e9n\u00e9rale du Conseil constitutionnel en m\u00eame temps que le pr\u00e9sident de la juridiction, le magistrat Mamadou Badio Camara.","og_url":"https:\/\/www.public.sn\/index.php\/2022\/09\/10\/conseil-constitutionnel-awa-dieye-prete-serment-lundi-a-11-heures\/","og_site_name":"LE PUBLIC","article_published_time":"2022-09-10T17:37:13+00:00","article_modified_time":"2022-09-10T17:37:14+00:00","og_image":[{"width":1140,"height":570,"url":"https:\/\/www.public.sn\/wp-content\/uploads\/2022\/09\/C0331029-03CE-431B-A13F-34BF9EEF0379.jpeg","type":"image\/jpeg"}],"author":"LA REDACTION","twitter_card":"summary_large_image","twitter_misc":{"\u00c9crit par":"LA REDACTION","Dur\u00e9e de lecture estim\u00e9e":"1 minute"},"schema":{"@context":"https:\/\/schema.org","@graph":[{"@type":"Article","@id":"https:\/\/www.public.sn\/index.php\/2022\/09\/10\/conseil-constitutionnel-awa-dieye-prete-serment-lundi-a-11-heures\/#article","isPartOf":{"@id":"https:\/\/www.public.sn\/index.php\/2022\/09\/10\/conseil-constitutionnel-awa-dieye-prete-serment-lundi-a-11-heures\/"},"author":{"name":"LA REDACTION","@id":"https:\/\/www.public.sn\/#\/schema\/person\/e3f4a11b037d4203902db148f9bc8d5a"},"headline":"Conseil constitutionnel: Awa Dieye pr\u00eate serment lundi \u00e0 11 heures.","datePublished":"2022-09-10T17:37:13+00:00","dateModified":"2022-09-10T17:37:14+00:00","mainEntityOfPage":{"@id":"https:\/\/www.public.sn\/index.php\/2022\/09\/10\/conseil-constitutionnel-awa-dieye-prete-serment-lundi-a-11-heures\/"},"wordCount":99,"commentCount":0,"publisher":{"@id":"https:\/\/www.public.sn\/#organization"},"image":{"@id":"https:\/\/www.public.sn\/index.php\/2022\/09\/10\/conseil-constitutionnel-awa-dieye-prete-serment-lundi-a-11-heures\/#primaryimage"},"thumbnailUrl":"https:\/\/www.public.sn\/wp-content\/uploads\/2022\/09\/C0331029-03CE-431B-A13F-34BF9EEF0379.jpeg","keywords":["Awa Di\u00e9ye","Conseil Constitutionnel","Droit","Macky Sall","Serment"],"articleSection":["ACTUALIT\u00c9S"],"inLanguage":"fr-FR","potentialAction":[{"@type":"CommentAction","name":"Comment","target":["https:\/\/www.public.sn\/index.php\/2022\/09\/10\/conseil-constitutionnel-awa-dieye-prete-serment-lundi-a-11-heures\/#respond"]}]},{"@type":"WebPage","@id":"https:\/\/www.public.sn\/index.php\/2022\/09\/10\/conseil-constitutionnel-awa-dieye-prete-serment-lundi-a-11-heures\/","url":"https:\/\/www.public.sn\/index.php\/2022\/09\/10\/conseil-constitutionnel-awa-dieye-prete-serment-lundi-a-11-heures\/","name":"Conseil constitutionnel: Awa Dieye pr\u00eate serment lundi \u00e0 11 heures. - LE PUBLIC","isPartOf":{"@id":"https:\/\/www.public.sn\/#website"},"primaryImageOfPage":{"@id":"https:\/\/www.public.sn\/index.php\/2022\/09\/10\/conseil-constitutionnel-awa-dieye-prete-serment-lundi-a-11-heures\/#primaryimage"},"image":{"@id":"https:\/\/www.public.sn\/index.php\/2022\/09\/10\/conseil-constitutionnel-awa-dieye-prete-serment-lundi-a-11-heures\/#primaryimage"},"thumbnailUrl":"https:\/\/www.public.sn\/wp-content\/uploads\/2022\/09\/C0331029-03CE-431B-A13F-34BF9EEF0379.jpeg","datePublished":"2022-09-10T17:37:13+00:00","dateModified":"2022-09-10T17:37:14+00:00","breadcrumb":{"@id":"https:\/\/www.public.sn\/index.php\/2022\/09\/10\/conseil-constitutionnel-awa-dieye-prete-serment-lundi-a-11-heures\/#breadcrumb"},"inLanguage":"fr-FR","potentialAction":[{"@type":"ReadAction","target":["https:\/\/www.public.sn\/index.php\/2022\/09\/10\/conseil-constitutionnel-awa-dieye-prete-serment-lundi-a-11-heures\/"]}]},{"@type":"ImageObject","inLanguage":"fr-FR","@id":"https:\/\/www.public.sn\/index.php\/2022\/09\/10\/conseil-constitutionnel-awa-dieye-prete-serment-lundi-a-11-heures\/#primaryimage","url":"https:\/\/www.public.sn\/wp-content\/uploads\/2022\/09\/C0331029-03CE-431B-A13F-34BF9EEF0379.jpeg","contentUrl":"https:\/\/www.public.sn\/wp-content\/uploads\/2022\/09\/C0331029-03CE-431B-A13F-34BF9EEF0379.jpeg","width":1140,"height":570},{"@type":"BreadcrumbList","@id":"https:\/\/www.public.sn\/index.php\/2022\/09\/10\/conseil-constitutionnel-awa-dieye-prete-serment-lundi-a-11-heures\/#breadcrumb","itemListElement":[{"@type":"ListItem","position":1,"name":"Accueil","item":"https:\/\/www.public.sn\/"},{"@type":"ListItem","position":2,"name":"Conseil constitutionnel: Awa Dieye pr\u00eate serment lundi \u00e0 11 heures."}]},{"@type":"WebSite","@id":"https:\/\/www.public.sn\/#website","url":"https:\/\/www.public.sn\/","name":"LE PUBLIC","description":"","publisher":{"@id":"https:\/\/www.public.sn\/#organization"},"potentialAction":[{"@type":"SearchAction","target":{"@type":"EntryPoint","urlTemplate":"https:\/\/www.public.sn\/?s={search_term_string}"},"query-input":{"@type":"PropertyValueSpecification","valueRequired":true,"valueName":"search_term_string"}}],"inLanguage":"fr-FR"},{"@type":"Organization","@id":"https:\/\/www.public.sn\/#organization","name":"LE PUBLIC","url":"https:\/\/www.public.sn\/","logo":{"@type":"ImageObject","inLanguage":"fr-FR","@id":"https:\/\/www.public.sn\/#\/schema\/logo\/image\/","url":"https:\/\/www.public.sn\/wp-content\/uploads\/2024\/05\/cropped-LOGO-PUBLIC.SN_.png","contentUrl":"https:\/\/www.public.sn\/wp-content\/uploads\/2024\/05\/cropped-LOGO-PUBLIC.SN_.png","width":682,"height":192,"caption":"LE PUBLIC"},"image":{"@id":"https:\/\/www.public.sn\/#\/schema\/logo\/image\/"}},{"@type":"Person","@id":"https:\/\/www.public.sn\/#\/schema\/person\/e3f4a11b037d4203902db148f9bc8d5a","name":"LA REDACTION","image":{"@type":"ImageObject","inLanguage":"fr-FR","@id":"https:\/\/www.public.sn\/#\/schema\/person\/image\/","url":"https:\/\/secure.gravatar.com\/avatar\/d6c030db45db2883c075085c5d6c6258654a801a93766b49af0b82d4f454e2a5?s=96&d=mm&r=g","contentUrl":"https:\/\/secure.gravatar.com\/avatar\/d6c030db45db2883c075085c5d6c6258654a801a93766b49af0b82d4f454e2a5?s=96&d=mm&r=g","caption":"LA REDACTION"},"sameAs":["http:\/\/www.public.sn"],"url":"https:\/\/www.public.sn\/index.php\/author\/admin7324\/"}]}},"jetpack_featured_media_url":"https:\/\/www.public.sn\/wp-content\/uploads\/2022\/09\/C0331029-03CE-431B-A13F-34BF9EEF0379.jpeg","jetpack_sharing_enabled":true,"_links":{"self":[{"href":"https:\/\/www.public.sn\/index.php\/wp-json\/wp\/v2\/posts\/1632","targetHints":{"allow":["GET"]}}],"collection":[{"href":"https:\/\/www.public.sn\/index.php\/wp-json\/wp\/v2\/posts"}],"about":[{"href":"https:\/\/www.public.sn\/index.php\/wp-json\/wp\/v2\/types\/post"}],"author":[{"embeddable":true,"href":"https:\/\/www.public.sn\/index.php\/wp-json\/wp\/v2\/users\/1"}],"replies":[{"embeddable":true,"href":"https:\/\/www.public.sn\/index.php\/wp-json\/wp\/v2\/comments?post=1632"}],"version-history":[{"count":1,"href":"https:\/\/www.public.sn\/index.php\/wp-json\/wp\/v2\/posts\/1632\/revisions"}],"predecessor-version":[{"id":1634,"href":"https:\/\/www.public.sn\/index.php\/wp-json\/wp\/v2\/posts\/1632\/revisions\/1634"}],"wp:featuredmedia":[{"embeddable":true,"href":"https:\/\/www.public.sn\/index.php\/wp-json\/wp\/v2\/media\/1633"}],"wp:attachment":[{"href":"https:\/\/www.public.sn\/index.php\/wp-json\/wp\/v2\/media?parent=1632"}],"wp:term":[{"taxonomy":"category","embeddable":true,"href":"https:\/\/www.public.sn\/index.php\/wp-json\/wp\/v2\/categories?post=1632"},{"taxonomy":"post_tag","embeddable":true,"href":"https:\/\/www.public.sn\/index.php\/wp-json\/wp\/v2\/tags?post=1632"}],"curies":[{"name":"wp","href":"https:\/\/api.w.org\/{rel}","templated":true}]}}