{"id":16367,"date":"2023-02-23T11:30:25","date_gmt":"2023-02-23T11:30:25","guid":{"rendered":"https:\/\/www.public.sn\/?p=16367"},"modified":"2023-02-23T11:30:25","modified_gmt":"2023-02-23T11:30:25","slug":"soldats-senegalais-tues-au-mali-lidentite-des-morts-et-des-blesses-connus","status":"publish","type":"post","link":"https:\/\/www.public.sn\/index.php\/2023\/02\/23\/soldats-senegalais-tues-au-mali-lidentite-des-morts-et-des-blesses-connus\/","title":{"rendered":"Soldats s\u00e9n\u00e9galais tu\u00e9s au Mali : L\u2019identit\u00e9 des morts et des bless\u00e9s connus"},"content":{"rendered":"<div class=\"feeder--the-contents\">Le S\u00e9n\u00e9gal est endeuill\u00e9 par le d\u00e9c\u00e8s de 3 de ses\u00a0soldats\u00a0tu\u00e9s dans une explosion qui a eu lieu, ce mardi 22 f\u00e9vrier 2023, au retour d\u2019une mission de ravitaillement entre les localit\u00e9s d\u2019Ogassagou et de Sevare. En effet, un v\u00e9hicule blind\u00e9 du contingent s\u00e9n\u00e9galais d\u00e9ploy\u00e9 au sein de la Mission multidimensionnelle int\u00e9gr\u00e9e des Nations unies pour la stabilisation au Mali (MINUSMA), a heurt\u00e9 un engin explosif improvis\u00e9 (EEI) \u00e0 hauteur du village de Songobia (centre du pays).<\/div>\n<div><\/div>\n<div class=\"feeder--the-contents\">L\u2019OBS a r\u00e9v\u00e9l\u00e9 l\u2019identit\u00e9 des victimes. Il y a Ousseynou Diallo. Ag\u00e9 de 33 ans, originaire de Kabatoki (Kaolack). Il laisse derri\u00e8re lui une veuve et deux enfants. Il est jumeau. Il a perdu son fr\u00e8re \u00e0 l\u2019\u00e2ge de 7 ans.\u00a0 C\u2019est apr\u00e8s le BAC qu\u2019il a int\u00e9gr\u00e9 l\u2019arm\u00e9e, en 2015. Eug\u00e8ne Idrissa\u00a0 Badhyne Mingou est le deuxi\u00e8me sur la liste. Il est militaire en service \u00e0 la Marine nationale. Originaire de Ziguinchor, il a \u00e9t\u00e9 nouvellement mari\u00e9 \u00bb.<\/div>\n<div><\/div>\n<div class=\"feeder--the-contents\">Le troisi\u00e8me soldat d\u00e9c\u00e9d\u00e9 sur la liste se nomme Pierre Boubane. Originaire de la r\u00e9gion de K\u00e9dougou, il laisse derri\u00e8re lui une veuve et un b\u00e9b\u00e9 n\u00e9 il y a deux semaines qu\u2019il ne verra jamais.\u00a0L\u2019identit\u00e9 des cinq bless\u00e9s\u00a0Il s\u2019agit du sergent Papa Mamadou Mass Diop, de la Marine nationale, du caporal Cheikh Ahmet Diouf, de la Marine nationale, du caporal Mamadou Sall, de la Marine nationale, du\u00a0soldat\u00a0de premier classe, Amdy Moustapha Diop et du soldat de premier classe Fran\u00e7ois Sarr.<\/div>\n<div class=\"publi-apres-le-contenu\" style=\"margin-top: 10px;margin-bottom: 10px;margin-left: auto;margin-right: auto;text-align: center;\" id=\"publi-552058633\"><div class=\"publi-adlabel\">Publicit\u00e9<\/div><script async src=\"\/\/pagead2.googlesyndication.com\/pagead\/js\/adsbygoogle.js?client=ca-pub-4089586018074219\" crossorigin=\"anonymous\"><\/script><ins class=\"adsbygoogle\" style=\"display:block;\" data-ad-client=\"ca-pub-4089586018074219\" \ndata-ad-slot=\"2087940154\" \ndata-ad-format=\"auto\"><\/ins>\n<script> \n(adsbygoogle = window.adsbygoogle || []).push({}); \n<\/script>\n<\/div>","protected":false},"excerpt":{"rendered":"<p>Le S\u00e9n\u00e9gal est endeuill\u00e9 par le d\u00e9c\u00e8s de 3 de ses\u00a0soldats\u00a0tu\u00e9s dans une explosion qui a eu lieu, ce mardi 22 f\u00e9vrier 2023, au retour d\u2019une mission de ravitaillement entre les localit\u00e9s d\u2019Ogassagou et de Sevare. En effet, un v\u00e9hicule blind\u00e9 du contingent s\u00e9n\u00e9galais d\u00e9ploy\u00e9 au sein de la Mission multidimensionnelle int\u00e9gr\u00e9e des Nations unies pour la stabilisation au Mali (MINUSMA), a heurt\u00e9 un engin explosif improvis\u00e9 (EEI) \u00e0 hauteur du village de Songobia (centre du pays). L\u2019OBS a r\u00e9v\u00e9l\u00e9 l\u2019identit\u00e9 des victimes. Il y a Ousseynou Diallo. Ag\u00e9 de 33 ans, originaire de Kabatoki (Kaolack). Il laisse derri\u00e8re lui une veuve et deux enfants. Il est jumeau. Il a perdu son fr\u00e8re \u00e0 l\u2019\u00e2ge de 7 ans.\u00a0 C\u2019est apr\u00e8s le BAC qu\u2019il a int\u00e9gr\u00e9 l\u2019arm\u00e9e, en 2015. Eug\u00e8ne Idrissa\u00a0 Badhyne Mingou est le deuxi\u00e8me sur la liste. Il est militaire en service \u00e0 la Marine nationale. Originaire de Ziguinchor, il a \u00e9t\u00e9 nouvellement mari\u00e9 \u00bb. Le troisi\u00e8me soldat d\u00e9c\u00e9d\u00e9 sur la liste se nomme Pierre Boubane. Originaire de la r\u00e9gion de K\u00e9dougou, il laisse derri\u00e8re lui une veuve et un b\u00e9b\u00e9 n\u00e9 il y a deux semaines qu\u2019il ne verra jamais.\u00a0L\u2019identit\u00e9 des cinq bless\u00e9s\u00a0Il s\u2019agit du sergent Papa Mamadou Mass Diop, de la Marine nationale, du caporal Cheikh Ahmet Diouf, de la Marine nationale, du caporal Mamadou Sall, de la Marine nationale, du\u00a0soldat\u00a0de premier classe, Amdy Moustapha Diop et du soldat de premier classe Fran\u00e7ois Sarr.<\/p>\n","protected":false},"author":7,"featured_media":16368,"comment_status":"open","ping_status":"open","sticky":false,"template":"","format":"standard","meta":{"_jetpack_memberships_contains_paid_content":false,"footnotes":""},"categories":[375,1051,3724,376,1,4,6],"tags":[492,1772,892],"class_list":["post-16367","post","type-post","status-publish","format-standard","has-post-thumbnail","hentry","category-actualites","category-drame","category-justice","category-securite-justice","category-non-classe","category-societe","category-videos","tag-mort","tag-senegalais","tag-soldat","entry","has-media","owp-thumbs-layout-horizontal","owp-btn-normal","owp-tabs-layout-horizontal","has-no-thumbnails","has-product-nav"],"yoast_head":"<!-- This site is optimized with the Yoast SEO plugin v25.5 - https:\/\/yoast.com\/wordpress\/plugins\/seo\/ -->\n<title>Soldats s\u00e9n\u00e9galais tu\u00e9s au Mali : L\u2019identit\u00e9 des morts et des bless\u00e9s connus - LE PUBLIC<\/title>\n<meta name=\"robots\" content=\"index, follow, max-snippet:-1, max-image-preview:large, max-video-preview:-1\" \/>\n<link rel=\"canonical\" href=\"https:\/\/www.public.sn\/index.php\/2023\/02\/23\/soldats-senegalais-tues-au-mali-lidentite-des-morts-et-des-blesses-connus\/\" \/>\n<meta property=\"og:locale\" content=\"fr_FR\" \/>\n<meta property=\"og:type\" content=\"article\" \/>\n<meta property=\"og:title\" content=\"Soldats s\u00e9n\u00e9galais tu\u00e9s au Mali : L\u2019identit\u00e9 des morts et des bless\u00e9s connus - LE PUBLIC\" \/>\n<meta property=\"og:description\" content=\"Le S\u00e9n\u00e9gal est endeuill\u00e9 par le d\u00e9c\u00e8s de 3 de ses\u00a0soldats\u00a0tu\u00e9s dans une explosion qui a eu lieu, ce mardi 22 f\u00e9vrier 2023, au retour d\u2019une mission de ravitaillement entre les localit\u00e9s d\u2019Ogassagou et de Sevare. En effet, un v\u00e9hicule blind\u00e9 du contingent s\u00e9n\u00e9galais d\u00e9ploy\u00e9 au sein de la Mission multidimensionnelle int\u00e9gr\u00e9e des Nations unies pour la stabilisation au Mali (MINUSMA), a heurt\u00e9 un engin explosif improvis\u00e9 (EEI) \u00e0 hauteur du village de Songobia (centre du pays). L\u2019OBS a r\u00e9v\u00e9l\u00e9 l\u2019identit\u00e9 des victimes. Il y a Ousseynou Diallo. Ag\u00e9 de 33 ans, originaire de Kabatoki (Kaolack). Il laisse derri\u00e8re lui une veuve et deux enfants. Il est jumeau. Il a perdu son fr\u00e8re \u00e0 l\u2019\u00e2ge de 7 ans.\u00a0 C\u2019est apr\u00e8s le BAC qu\u2019il a int\u00e9gr\u00e9 l\u2019arm\u00e9e, en 2015. Eug\u00e8ne Idrissa\u00a0 Badhyne Mingou est le deuxi\u00e8me sur la liste. Il est militaire en service \u00e0 la Marine nationale. Originaire de Ziguinchor, il a \u00e9t\u00e9 nouvellement mari\u00e9 \u00bb. Le troisi\u00e8me soldat d\u00e9c\u00e9d\u00e9 sur la liste se nomme Pierre Boubane. Originaire de la r\u00e9gion de K\u00e9dougou, il laisse derri\u00e8re lui une veuve et un b\u00e9b\u00e9 n\u00e9 il y a deux semaines qu\u2019il ne verra jamais.\u00a0L\u2019identit\u00e9 des cinq bless\u00e9s\u00a0Il s\u2019agit du sergent Papa Mamadou Mass Diop, de la Marine nationale, du caporal Cheikh Ahmet Diouf, de la Marine nationale, du caporal Mamadou Sall, de la Marine nationale, du\u00a0soldat\u00a0de premier classe, Amdy Moustapha Diop et du soldat de premier classe Fran\u00e7ois Sarr.\" \/>\n<meta property=\"og:url\" content=\"https:\/\/www.public.sn\/index.php\/2023\/02\/23\/soldats-senegalais-tues-au-mali-lidentite-des-morts-et-des-blesses-connus\/\" \/>\n<meta property=\"og:site_name\" content=\"LE PUBLIC\" \/>\n<meta property=\"article:published_time\" content=\"2023-02-23T11:30:25+00:00\" \/>\n<meta property=\"og:image\" content=\"https:\/\/www.public.sn\/wp-content\/uploads\/2023\/02\/Casques-bleus-senegalais-.gif\" \/>\n\t<meta property=\"og:image:width\" content=\"470\" \/>\n\t<meta property=\"og:image:height\" content=\"246\" \/>\n\t<meta property=\"og:image:type\" content=\"image\/gif\" \/>\n<meta name=\"author\" content=\"LA REDACTION\" \/>\n<meta name=\"twitter:card\" content=\"summary_large_image\" \/>\n<meta name=\"twitter:label1\" content=\"\u00c9crit par\" \/>\n\t<meta name=\"twitter:data1\" content=\"LA REDACTION\" \/>\n\t<meta name=\"twitter:label2\" content=\"Dur\u00e9e de lecture estim\u00e9e\" \/>\n\t<meta name=\"twitter:data2\" content=\"2 minutes\" \/>\n<script type=\"application\/ld+json\" class=\"yoast-schema-graph\">{\"@context\":\"https:\/\/schema.org\",\"@graph\":[{\"@type\":\"Article\",\"@id\":\"https:\/\/www.public.sn\/index.php\/2023\/02\/23\/soldats-senegalais-tues-au-mali-lidentite-des-morts-et-des-blesses-connus\/#article\",\"isPartOf\":{\"@id\":\"https:\/\/www.public.sn\/index.php\/2023\/02\/23\/soldats-senegalais-tues-au-mali-lidentite-des-morts-et-des-blesses-connus\/\"},\"author\":{\"name\":\"LA REDACTION\",\"@id\":\"https:\/\/www.public.sn\/#\/schema\/person\/cb76c8e1b8becc6be61fb5e92d6d0224\"},\"headline\":\"Soldats s\u00e9n\u00e9galais tu\u00e9s au Mali : L\u2019identit\u00e9 des morts et des bless\u00e9s connus\",\"datePublished\":\"2023-02-23T11:30:25+00:00\",\"mainEntityOfPage\":{\"@id\":\"https:\/\/www.public.sn\/index.php\/2023\/02\/23\/soldats-senegalais-tues-au-mali-lidentite-des-morts-et-des-blesses-connus\/\"},\"wordCount\":292,\"commentCount\":0,\"publisher\":{\"@id\":\"https:\/\/www.public.sn\/#organization\"},\"image\":{\"@id\":\"https:\/\/www.public.sn\/index.php\/2023\/02\/23\/soldats-senegalais-tues-au-mali-lidentite-des-morts-et-des-blesses-connus\/#primaryimage\"},\"thumbnailUrl\":\"https:\/\/www.public.sn\/wp-content\/uploads\/2023\/02\/Casques-bleus-senegalais-.gif\",\"keywords\":[\"Mort\",\"S\u00e9n\u00e9galais\",\"Soldat\"],\"articleSection\":[\"ACTUALIT\u00c9S\",\"DRAME\",\"justice\",\"S\u00c9CURIT\u00c9 &amp; JUSTICE\",\"S\u00c9N\u00c9GAL\",\"SOCIETE\",\"VIDEOS\"],\"inLanguage\":\"fr-FR\",\"potentialAction\":[{\"@type\":\"CommentAction\",\"name\":\"Comment\",\"target\":[\"https:\/\/www.public.sn\/index.php\/2023\/02\/23\/soldats-senegalais-tues-au-mali-lidentite-des-morts-et-des-blesses-connus\/#respond\"]}]},{\"@type\":\"WebPage\",\"@id\":\"https:\/\/www.public.sn\/index.php\/2023\/02\/23\/soldats-senegalais-tues-au-mali-lidentite-des-morts-et-des-blesses-connus\/\",\"url\":\"https:\/\/www.public.sn\/index.php\/2023\/02\/23\/soldats-senegalais-tues-au-mali-lidentite-des-morts-et-des-blesses-connus\/\",\"name\":\"Soldats s\u00e9n\u00e9galais tu\u00e9s au Mali : L\u2019identit\u00e9 des morts et des bless\u00e9s connus - LE PUBLIC\",\"isPartOf\":{\"@id\":\"https:\/\/www.public.sn\/#website\"},\"primaryImageOfPage\":{\"@id\":\"https:\/\/www.public.sn\/index.php\/2023\/02\/23\/soldats-senegalais-tues-au-mali-lidentite-des-morts-et-des-blesses-connus\/#primaryimage\"},\"image\":{\"@id\":\"https:\/\/www.public.sn\/index.php\/2023\/02\/23\/soldats-senegalais-tues-au-mali-lidentite-des-morts-et-des-blesses-connus\/#primaryimage\"},\"thumbnailUrl\":\"https:\/\/www.public.sn\/wp-content\/uploads\/2023\/02\/Casques-bleus-senegalais-.gif\",\"datePublished\":\"2023-02-23T11:30:25+00:00\",\"breadcrumb\":{\"@id\":\"https:\/\/www.public.sn\/index.php\/2023\/02\/23\/soldats-senegalais-tues-au-mali-lidentite-des-morts-et-des-blesses-connus\/#breadcrumb\"},\"inLanguage\":\"fr-FR\",\"potentialAction\":[{\"@type\":\"ReadAction\",\"target\":[\"https:\/\/www.public.sn\/index.php\/2023\/02\/23\/soldats-senegalais-tues-au-mali-lidentite-des-morts-et-des-blesses-connus\/\"]}]},{\"@type\":\"ImageObject\",\"inLanguage\":\"fr-FR\",\"@id\":\"https:\/\/www.public.sn\/index.php\/2023\/02\/23\/soldats-senegalais-tues-au-mali-lidentite-des-morts-et-des-blesses-connus\/#primaryimage\",\"url\":\"https:\/\/www.public.sn\/wp-content\/uploads\/2023\/02\/Casques-bleus-senegalais-.gif\",\"contentUrl\":\"https:\/\/www.public.sn\/wp-content\/uploads\/2023\/02\/Casques-bleus-senegalais-.gif\",\"width\":470,\"height\":246},{\"@type\":\"BreadcrumbList\",\"@id\":\"https:\/\/www.public.sn\/index.php\/2023\/02\/23\/soldats-senegalais-tues-au-mali-lidentite-des-morts-et-des-blesses-connus\/#breadcrumb\",\"itemListElement\":[{\"@type\":\"ListItem\",\"position\":1,\"name\":\"Accueil\",\"item\":\"https:\/\/www.public.sn\/\"},{\"@type\":\"ListItem\",\"position\":2,\"name\":\"Soldats s\u00e9n\u00e9galais tu\u00e9s au Mali : L\u2019identit\u00e9 des morts et des bless\u00e9s connus\"}]},{\"@type\":\"WebSite\",\"@id\":\"https:\/\/www.public.sn\/#website\",\"url\":\"https:\/\/www.public.sn\/\",\"name\":\"LE PUBLIC\",\"description\":\"\",\"publisher\":{\"@id\":\"https:\/\/www.public.sn\/#organization\"},\"potentialAction\":[{\"@type\":\"SearchAction\",\"target\":{\"@type\":\"EntryPoint\",\"urlTemplate\":\"https:\/\/www.public.sn\/?s={search_term_string}\"},\"query-input\":{\"@type\":\"PropertyValueSpecification\",\"valueRequired\":true,\"valueName\":\"search_term_string\"}}],\"inLanguage\":\"fr-FR\"},{\"@type\":\"Organization\",\"@id\":\"https:\/\/www.public.sn\/#organization\",\"name\":\"LE PUBLIC\",\"url\":\"https:\/\/www.public.sn\/\",\"logo\":{\"@type\":\"ImageObject\",\"inLanguage\":\"fr-FR\",\"@id\":\"https:\/\/www.public.sn\/#\/schema\/logo\/image\/\",\"url\":\"https:\/\/www.public.sn\/wp-content\/uploads\/2024\/05\/cropped-LOGO-PUBLIC.SN_.png\",\"contentUrl\":\"https:\/\/www.public.sn\/wp-content\/uploads\/2024\/05\/cropped-LOGO-PUBLIC.SN_.png\",\"width\":682,\"height\":192,\"caption\":\"LE PUBLIC\"},\"image\":{\"@id\":\"https:\/\/www.public.sn\/#\/schema\/logo\/image\/\"}},{\"@type\":\"Person\",\"@id\":\"https:\/\/www.public.sn\/#\/schema\/person\/cb76c8e1b8becc6be61fb5e92d6d0224\",\"name\":\"LA REDACTION\",\"image\":{\"@type\":\"ImageObject\",\"inLanguage\":\"fr-FR\",\"@id\":\"https:\/\/www.public.sn\/#\/schema\/person\/image\/\",\"url\":\"https:\/\/secure.gravatar.com\/avatar\/2dce5ddd34b8fef0180efe03aa2a9bee7d953856048f9a16b298190a3178407c?s=96&d=mm&r=g\",\"contentUrl\":\"https:\/\/secure.gravatar.com\/avatar\/2dce5ddd34b8fef0180efe03aa2a9bee7d953856048f9a16b298190a3178407c?s=96&d=mm&r=g\",\"caption\":\"LA REDACTION\"},\"url\":\"https:\/\/www.public.sn\/index.php\/author\/editeurpsn\/\"}]}<\/script>\n<!-- \/ Yoast SEO plugin. -->","yoast_head_json":{"title":"Soldats s\u00e9n\u00e9galais tu\u00e9s au Mali : L\u2019identit\u00e9 des morts et des bless\u00e9s connus - LE PUBLIC","robots":{"index":"index","follow":"follow","max-snippet":"max-snippet:-1","max-image-preview":"max-image-preview:large","max-video-preview":"max-video-preview:-1"},"canonical":"https:\/\/www.public.sn\/index.php\/2023\/02\/23\/soldats-senegalais-tues-au-mali-lidentite-des-morts-et-des-blesses-connus\/","og_locale":"fr_FR","og_type":"article","og_title":"Soldats s\u00e9n\u00e9galais tu\u00e9s au Mali : L\u2019identit\u00e9 des morts et des bless\u00e9s connus - LE PUBLIC","og_description":"Le S\u00e9n\u00e9gal est endeuill\u00e9 par le d\u00e9c\u00e8s de 3 de ses\u00a0soldats\u00a0tu\u00e9s dans une explosion qui a eu lieu, ce mardi 22 f\u00e9vrier 2023, au retour d\u2019une mission de ravitaillement entre les localit\u00e9s d\u2019Ogassagou et de Sevare. En effet, un v\u00e9hicule blind\u00e9 du contingent s\u00e9n\u00e9galais d\u00e9ploy\u00e9 au sein de la Mission multidimensionnelle int\u00e9gr\u00e9e des Nations unies pour la stabilisation au Mali (MINUSMA), a heurt\u00e9 un engin explosif improvis\u00e9 (EEI) \u00e0 hauteur du village de Songobia (centre du pays). L\u2019OBS a r\u00e9v\u00e9l\u00e9 l\u2019identit\u00e9 des victimes. Il y a Ousseynou Diallo. Ag\u00e9 de 33 ans, originaire de Kabatoki (Kaolack). Il laisse derri\u00e8re lui une veuve et deux enfants. Il est jumeau. Il a perdu son fr\u00e8re \u00e0 l\u2019\u00e2ge de 7 ans.\u00a0 C\u2019est apr\u00e8s le BAC qu\u2019il a int\u00e9gr\u00e9 l\u2019arm\u00e9e, en 2015. Eug\u00e8ne Idrissa\u00a0 Badhyne Mingou est le deuxi\u00e8me sur la liste. Il est militaire en service \u00e0 la Marine nationale. Originaire de Ziguinchor, il a \u00e9t\u00e9 nouvellement mari\u00e9 \u00bb. Le troisi\u00e8me soldat d\u00e9c\u00e9d\u00e9 sur la liste se nomme Pierre Boubane. Originaire de la r\u00e9gion de K\u00e9dougou, il laisse derri\u00e8re lui une veuve et un b\u00e9b\u00e9 n\u00e9 il y a deux semaines qu\u2019il ne verra jamais.\u00a0L\u2019identit\u00e9 des cinq bless\u00e9s\u00a0Il s\u2019agit du sergent Papa Mamadou Mass Diop, de la Marine nationale, du caporal Cheikh Ahmet Diouf, de la Marine nationale, du caporal Mamadou Sall, de la Marine nationale, du\u00a0soldat\u00a0de premier classe, Amdy Moustapha Diop et du soldat de premier classe Fran\u00e7ois Sarr.","og_url":"https:\/\/www.public.sn\/index.php\/2023\/02\/23\/soldats-senegalais-tues-au-mali-lidentite-des-morts-et-des-blesses-connus\/","og_site_name":"LE PUBLIC","article_published_time":"2023-02-23T11:30:25+00:00","og_image":[{"width":470,"height":246,"url":"https:\/\/www.public.sn\/wp-content\/uploads\/2023\/02\/Casques-bleus-senegalais-.gif","type":"image\/gif"}],"author":"LA REDACTION","twitter_card":"summary_large_image","twitter_misc":{"\u00c9crit par":"LA REDACTION","Dur\u00e9e de lecture estim\u00e9e":"2 minutes"},"schema":{"@context":"https:\/\/schema.org","@graph":[{"@type":"Article","@id":"https:\/\/www.public.sn\/index.php\/2023\/02\/23\/soldats-senegalais-tues-au-mali-lidentite-des-morts-et-des-blesses-connus\/#article","isPartOf":{"@id":"https:\/\/www.public.sn\/index.php\/2023\/02\/23\/soldats-senegalais-tues-au-mali-lidentite-des-morts-et-des-blesses-connus\/"},"author":{"name":"LA REDACTION","@id":"https:\/\/www.public.sn\/#\/schema\/person\/cb76c8e1b8becc6be61fb5e92d6d0224"},"headline":"Soldats s\u00e9n\u00e9galais tu\u00e9s au Mali : L\u2019identit\u00e9 des morts et des bless\u00e9s connus","datePublished":"2023-02-23T11:30:25+00:00","mainEntityOfPage":{"@id":"https:\/\/www.public.sn\/index.php\/2023\/02\/23\/soldats-senegalais-tues-au-mali-lidentite-des-morts-et-des-blesses-connus\/"},"wordCount":292,"commentCount":0,"publisher":{"@id":"https:\/\/www.public.sn\/#organization"},"image":{"@id":"https:\/\/www.public.sn\/index.php\/2023\/02\/23\/soldats-senegalais-tues-au-mali-lidentite-des-morts-et-des-blesses-connus\/#primaryimage"},"thumbnailUrl":"https:\/\/www.public.sn\/wp-content\/uploads\/2023\/02\/Casques-bleus-senegalais-.gif","keywords":["Mort","S\u00e9n\u00e9galais","Soldat"],"articleSection":["ACTUALIT\u00c9S","DRAME","justice","S\u00c9CURIT\u00c9 &amp; JUSTICE","S\u00c9N\u00c9GAL","SOCIETE","VIDEOS"],"inLanguage":"fr-FR","potentialAction":[{"@type":"CommentAction","name":"Comment","target":["https:\/\/www.public.sn\/index.php\/2023\/02\/23\/soldats-senegalais-tues-au-mali-lidentite-des-morts-et-des-blesses-connus\/#respond"]}]},{"@type":"WebPage","@id":"https:\/\/www.public.sn\/index.php\/2023\/02\/23\/soldats-senegalais-tues-au-mali-lidentite-des-morts-et-des-blesses-connus\/","url":"https:\/\/www.public.sn\/index.php\/2023\/02\/23\/soldats-senegalais-tues-au-mali-lidentite-des-morts-et-des-blesses-connus\/","name":"Soldats s\u00e9n\u00e9galais tu\u00e9s au Mali : L\u2019identit\u00e9 des morts et des bless\u00e9s connus - LE PUBLIC","isPartOf":{"@id":"https:\/\/www.public.sn\/#website"},"primaryImageOfPage":{"@id":"https:\/\/www.public.sn\/index.php\/2023\/02\/23\/soldats-senegalais-tues-au-mali-lidentite-des-morts-et-des-blesses-connus\/#primaryimage"},"image":{"@id":"https:\/\/www.public.sn\/index.php\/2023\/02\/23\/soldats-senegalais-tues-au-mali-lidentite-des-morts-et-des-blesses-connus\/#primaryimage"},"thumbnailUrl":"https:\/\/www.public.sn\/wp-content\/uploads\/2023\/02\/Casques-bleus-senegalais-.gif","datePublished":"2023-02-23T11:30:25+00:00","breadcrumb":{"@id":"https:\/\/www.public.sn\/index.php\/2023\/02\/23\/soldats-senegalais-tues-au-mali-lidentite-des-morts-et-des-blesses-connus\/#breadcrumb"},"inLanguage":"fr-FR","potentialAction":[{"@type":"ReadAction","target":["https:\/\/www.public.sn\/index.php\/2023\/02\/23\/soldats-senegalais-tues-au-mali-lidentite-des-morts-et-des-blesses-connus\/"]}]},{"@type":"ImageObject","inLanguage":"fr-FR","@id":"https:\/\/www.public.sn\/index.php\/2023\/02\/23\/soldats-senegalais-tues-au-mali-lidentite-des-morts-et-des-blesses-connus\/#primaryimage","url":"https:\/\/www.public.sn\/wp-content\/uploads\/2023\/02\/Casques-bleus-senegalais-.gif","contentUrl":"https:\/\/www.public.sn\/wp-content\/uploads\/2023\/02\/Casques-bleus-senegalais-.gif","width":470,"height":246},{"@type":"BreadcrumbList","@id":"https:\/\/www.public.sn\/index.php\/2023\/02\/23\/soldats-senegalais-tues-au-mali-lidentite-des-morts-et-des-blesses-connus\/#breadcrumb","itemListElement":[{"@type":"ListItem","position":1,"name":"Accueil","item":"https:\/\/www.public.sn\/"},{"@type":"ListItem","position":2,"name":"Soldats s\u00e9n\u00e9galais tu\u00e9s au Mali : L\u2019identit\u00e9 des morts et des bless\u00e9s connus"}]},{"@type":"WebSite","@id":"https:\/\/www.public.sn\/#website","url":"https:\/\/www.public.sn\/","name":"LE PUBLIC","description":"","publisher":{"@id":"https:\/\/www.public.sn\/#organization"},"potentialAction":[{"@type":"SearchAction","target":{"@type":"EntryPoint","urlTemplate":"https:\/\/www.public.sn\/?s={search_term_string}"},"query-input":{"@type":"PropertyValueSpecification","valueRequired":true,"valueName":"search_term_string"}}],"inLanguage":"fr-FR"},{"@type":"Organization","@id":"https:\/\/www.public.sn\/#organization","name":"LE PUBLIC","url":"https:\/\/www.public.sn\/","logo":{"@type":"ImageObject","inLanguage":"fr-FR","@id":"https:\/\/www.public.sn\/#\/schema\/logo\/image\/","url":"https:\/\/www.public.sn\/wp-content\/uploads\/2024\/05\/cropped-LOGO-PUBLIC.SN_.png","contentUrl":"https:\/\/www.public.sn\/wp-content\/uploads\/2024\/05\/cropped-LOGO-PUBLIC.SN_.png","width":682,"height":192,"caption":"LE PUBLIC"},"image":{"@id":"https:\/\/www.public.sn\/#\/schema\/logo\/image\/"}},{"@type":"Person","@id":"https:\/\/www.public.sn\/#\/schema\/person\/cb76c8e1b8becc6be61fb5e92d6d0224","name":"LA REDACTION","image":{"@type":"ImageObject","inLanguage":"fr-FR","@id":"https:\/\/www.public.sn\/#\/schema\/person\/image\/","url":"https:\/\/secure.gravatar.com\/avatar\/2dce5ddd34b8fef0180efe03aa2a9bee7d953856048f9a16b298190a3178407c?s=96&d=mm&r=g","contentUrl":"https:\/\/secure.gravatar.com\/avatar\/2dce5ddd34b8fef0180efe03aa2a9bee7d953856048f9a16b298190a3178407c?s=96&d=mm&r=g","caption":"LA REDACTION"},"url":"https:\/\/www.public.sn\/index.php\/author\/editeurpsn\/"}]}},"jetpack_featured_media_url":"https:\/\/www.public.sn\/wp-content\/uploads\/2023\/02\/Casques-bleus-senegalais-.gif","jetpack_sharing_enabled":true,"_links":{"self":[{"href":"https:\/\/www.public.sn\/index.php\/wp-json\/wp\/v2\/posts\/16367","targetHints":{"allow":["GET"]}}],"collection":[{"href":"https:\/\/www.public.sn\/index.php\/wp-json\/wp\/v2\/posts"}],"about":[{"href":"https:\/\/www.public.sn\/index.php\/wp-json\/wp\/v2\/types\/post"}],"author":[{"embeddable":true,"href":"https:\/\/www.public.sn\/index.php\/wp-json\/wp\/v2\/users\/7"}],"replies":[{"embeddable":true,"href":"https:\/\/www.public.sn\/index.php\/wp-json\/wp\/v2\/comments?post=16367"}],"version-history":[{"count":1,"href":"https:\/\/www.public.sn\/index.php\/wp-json\/wp\/v2\/posts\/16367\/revisions"}],"predecessor-version":[{"id":16369,"href":"https:\/\/www.public.sn\/index.php\/wp-json\/wp\/v2\/posts\/16367\/revisions\/16369"}],"wp:featuredmedia":[{"embeddable":true,"href":"https:\/\/www.public.sn\/index.php\/wp-json\/wp\/v2\/media\/16368"}],"wp:attachment":[{"href":"https:\/\/www.public.sn\/index.php\/wp-json\/wp\/v2\/media?parent=16367"}],"wp:term":[{"taxonomy":"category","embeddable":true,"href":"https:\/\/www.public.sn\/index.php\/wp-json\/wp\/v2\/categories?post=16367"},{"taxonomy":"post_tag","embeddable":true,"href":"https:\/\/www.public.sn\/index.php\/wp-json\/wp\/v2\/tags?post=16367"}],"curies":[{"name":"wp","href":"https:\/\/api.w.org\/{rel}","templated":true}]}}