{"id":16384,"date":"2023-02-23T16:27:29","date_gmt":"2023-02-23T16:27:29","guid":{"rendered":"https:\/\/www.public.sn\/?p=16384"},"modified":"2023-02-23T16:27:29","modified_gmt":"2023-02-23T16:27:29","slug":"public-actualites-ce-jeudi-23-fevrier-2023","status":"publish","type":"post","link":"https:\/\/www.public.sn\/index.php\/2023\/02\/23\/public-actualites-ce-jeudi-23-fevrier-2023\/","title":{"rendered":"Public-Actualit\u00e9s, Ce Jeudi 23 F\u00e9vrier 2023"},"content":{"rendered":"<p><img fetchpriority=\"high\" decoding=\"async\" class=\"alignnone size-full wp-image-16385\" src=\"https:\/\/www.public.sn\/wp-content\/uploads\/2023\/02\/conseil-Minitres.webp\" alt=\"\" width=\"612\" height=\"298\" srcset=\"https:\/\/www.public.sn\/wp-content\/uploads\/2023\/02\/conseil-Minitres.webp 612w, https:\/\/www.public.sn\/wp-content\/uploads\/2023\/02\/conseil-Minitres-600x292.webp 600w, https:\/\/www.public.sn\/wp-content\/uploads\/2023\/02\/conseil-Minitres-300x146.webp 300w\" sizes=\"(max-width: 612px) 100vw, 612px\" \/><\/p>\n<h4><strong>Gal\u00e8re des retrait\u00e9s : Macky Sall interpelle le ministre du Travail<\/strong><\/h4>\n<p>La gal\u00e8re des retrait\u00e9s de l\u2019Institut de pr\u00e9voyance retraite du S\u00e9n\u00e9gal (Ipres) n\u2019a pas \u00e9chapp\u00e9 au chef de l\u2019Etat. En conseil des ministres, Macky Sall a demand\u00e9 au Ministre du Travail, Samba Sy \u00ab de prendre toutes les mesures requises en vue d\u2019am\u00e9liorer les conditions de paiement des pensions de retraites dans les services de l\u2019IPRES \u00bb.<\/p><div class=\"publi-paragraphe1\" style=\"margin-top: 10px;margin-bottom: 10px;margin-left: auto;margin-right: auto;text-align: center;\" id=\"publi-2541476117\"><div class=\"publi-adlabel\">Publicit\u00e9<\/div><script async src=\"\/\/pagead2.googlesyndication.com\/pagead\/js\/adsbygoogle.js?client=ca-pub-4089586018074219\" crossorigin=\"anonymous\"><\/script><ins class=\"adsbygoogle\" style=\"display:block;\" data-ad-client=\"ca-pub-4089586018074219\" \ndata-ad-slot=\"2087940154\" \ndata-ad-format=\"auto\"><\/ins>\n<script> \n(adsbygoogle = window.adsbygoogle || []).push({}); \n<\/script>\n<\/div>\n<p>Depuis quelques semaines en effet, les retrait\u00e9s \u00e9prouvent d\u2019\u00e9normes difficult\u00e9s pour disposer de leur pension. La Poste ne pouvant plus assurer le paiement normal, beaucoup se font payer \u00e0 la piscine olympique. Il y a aussi une op\u00e9ration de pointage qui vise \u00e0 s\u2019assurer que les b\u00e9n\u00e9ficiaires des pensionnaires sont r\u00e9ellement les ayant-droits, renseigne Seneweb.com.<\/p>\n<p>Mais ces op\u00e9rations sont p\u00e9nibles pour le troisi\u00e8me \u00e2ge. Certains se sont retrouv\u00e9s au si\u00e8ge de l\u2019Ipres au point E o\u00f9 ils ont eu rendez-vous par sms. L\u00e0 aussi, c\u2019\u00e9tait difficile, parce que d\u00e9sorganis\u00e9.<\/p>\n<h4><strong>Affaire Sweet-Beaut\u00e9 : Les conseils d\u2019Ousmane Sonko saisissent la Cour Supr\u00eame<\/strong><\/h4>\n<p>Les avocats du leader du\u00a0Pastef\u00a0Ousmane\u00a0Sonko\u00a0sont tr\u00e8s d\u00e9termin\u00e9s pour que leur client ne passe pas devant la Chambre criminelle.\u00a0Ainsi, apr\u00e8s le rejet de la Chambre d\u2019Accusation de la Cour d\u2019Appel de Dakar ce\u00a0mardi 21\u00a0f\u00e9vrier de l\u2019exception d\u2019inconstitutionnalit\u00e9 soulev\u00e9e contre l\u2019ordonnance de\u00a0renvoi devant la Chambre criminelle\u00a0d\u00e9cern\u00e9 par le juge d\u2019instruction, Maham\u00a0Diallo.\u00a0Ils ont d\u00e9cid\u00e9 de saisir la Cour Supr\u00eame, car ils estiment que la Chambre d\u2019Accusation n\u2019a aucun pouvoir d\u2019appr\u00e9ciation en ce qui concerne une exception d\u2019inconstitutionnalit\u00e9, informe Dakaractu.com.<\/p>\n<p>La d\u00e9cision rendue n\u2019\u00e9tant, d\u2019une part, ni lisible ni compr\u00e9hensible et la vocation de toute d\u00e9cision de justice \u00e9tant, d\u2019autre part, d\u2019\u00eatre critiqu\u00e9e, la D\u00e9fense du pr\u00e9sident Ousmane\u00a0Sonko\u00a0entend se pourvoir en cassation devant la juridiction sup\u00e9rieure, en l\u2019occurrence la Cour\u00a0Supr\u00eame\u00a0\u00bb,\u00a0a fait savoir l\u2019un des conseils du maire de\u00a0Ziguinchor, Me\u00a0Khoureichi\u00a0Ba.<\/p>\n<p>Poursuivant son argumentaire, il d\u00e9clare que la Chambre d\u2019Accusation n\u2019a aucun pouvoir d\u2019appr\u00e9ciation, il lui est juste demand\u00e9 de servir de bo\u00eete postale et non de filtre.\u00a0\u00ab\u00a0De\u00a0transmettre l\u2019exception \u00e0 son destinataire, le Conseil constitutionnel.\u00a0Et d\u2019attendre sagement que ledit Conseil appr\u00e9cie le bien-fond\u00e9 ou le mal fond\u00e9 de l\u2019exception en y faisant droit ou en la rejetant.\u00a0Apr\u00e8s\u00a0cela, elle\u00a0pourrait renouer avec sa pl\u00e9nitude de juridiction, le sursis \u00e0 statuer \u00e9tant lev\u00e9\u00a0\u00bb, a soulign\u00e9 Me\u00a0Ba\u00a0qui estime que les articles 92 de la Constitution et 22 de la Loi organique\u00a02016 \u2013 23\u00a0du 14\/07\/2016 relative au\u00a0Conseil constitutionnel\u00a0ont tu\u00e9 dans l\u2019\u0153uf\u00a0toute vell\u00e9it\u00e9 d\u2019initier des proc\u00e9dures d\u2019exception pour contrer une exception de proc\u00e9dure.\u00a0M\u00eame si la m\u00e9t\u00e9orologie politique est \u00e0 l\u2019origine de toutes les turbulences du droit.<\/p>\n<h4><strong>\u00a0Paix et tol\u00e9rance : Le khalife des Lay\u00e8nes lance un appel aux S\u00e9n\u00e9galais<\/strong><\/h4>\n<p>Le Khalife des Lay\u00e8nes, Serigne Mouhamadou Mactar Laye, a demand\u00e9, mercredi, aux S\u00e9n\u00e9galais de cultiver la paix, la coh\u00e9sion sociale, la tol\u00e9rance.<\/p>\n<p>Il s\u2019exprimait \u00e0 la c\u00e9r\u00e9monie de cl\u00f4ture de la 143\u00e8me \u00e9dition de l\u2019Appel de Seydina Limamou Laye. Le ministre de l\u2019Int\u00e9rieur a dirig\u00e9 la d\u00e9l\u00e9gation gouvernementale. Par la voix de son porte-parole, Serigne Mouhamadou Mactar Laye a demand\u00e9 aux acteurs politiques et aux S\u00e9n\u00e9galais de mani\u00e8re g\u00e9n\u00e9rale d\u2019\u00e9viter la violence.<\/p>\n<p>\u2018\u2019Nous devons tous appeler \u00e0 la paix et \u00e9viter la violence car le pays a besoin de paix. C\u2019est dans la paix que nous pouvons cultiver le vivre ensemble et la tol\u00e9rance\u2019\u2019, a dit le religieux, note Aps, visit\u00e9e par Senego.<\/p>\n<p>Il a formul\u00e9 des pri\u00e8res pour la paix au S\u00e9n\u00e9gal en soulignant que \u2018\u2019Diamalaye a toujours \u00e9t\u00e9 un foyer de paix\u2019\u2019.<\/p>\n<p>Les repr\u00e9sentants diplomatiques au S\u00e9n\u00e9gal dont celle de la Turquie invit\u00e9e d\u2019honneur de l\u2019\u00e9v\u00e8nement \u00e9taient \u00e9galement pr\u00e9sents \u00e0 la c\u00e9r\u00e9monie. Le guide religieux a pri\u00e9 pour le peuple turc suite au s\u00e9isme qui a secou\u00e9 le pays.<\/p>\n<p>Le ministre de l\u2019int\u00e9rieur Antoine F\u00e9lix-Diome a demand\u00e9 au Khalife de prier pour un \u2018\u2019S\u00e9n\u00e9gal uni et prosp\u00e8re\u2019\u2019.<\/p>\n<h4><strong>Sos villages d\u2019enfants : La fondatrice Tamaro Tour\u00e9 n\u2019est plus !<\/strong><\/h4>\n<p>Mme Tamaro Tour\u00e9 a \u00e9t\u00e9 rappel\u00e9e \u00e0 Dieu dans la nuit du 20 au 21 f\u00e9vrier, renseigne Senego. Sa disparition \u00e0 l\u2019\u00e2ge de 86 ans, marque la fin d\u2019une vie au service des autres et d\u2019accomplissements significatifs.<\/p>\n<p>Premi\u00e8re femme inspecteur du travail au S\u00e9n\u00e9gal, Tamaro Tou\u00e9 est, par la suite, nomm\u00e9e Conseill\u00e8re technique sur les questions sociales de Abdou Diouf qui \u00e9tait alors le 1er Ministre du Pr\u00e9sident Senghor.<\/p>\n<p>En 1976, elle fonde l\u2019association SOS Villages d\u2019Enfants au S\u00e9n\u00e9gal qui \u0153uvre \u00e0 la protection d\u2019enfants vuln\u00e9rables et leur apporte toutes les ressources n\u00e9cessaires \u00e0 leur plein d\u00e9veloppement. En 2016, on estimait \u00e0 50 000 le nombre d\u2019enfants ayant b\u00e9n\u00e9fici\u00e9 des services de cette association \u00e0 but non lucratif.<\/p>\n<h4><strong>Diourbel : Le charg\u00e9 de Com du Pastef\/Kaffrine envoy\u00e9 en prison, son dossier en instruction<\/strong><\/h4>\n<p>Le charg\u00e9 de communication du Pastef \u00e0 Kaffrine a \u00e9t\u00e9 d\u00e9f\u00e9r\u00e9, hier mardi, au tribunal de grande instance de Diourbel par la Section de recherches (SR) de Thi\u00e8s. Abdoulaye Thomas Faye a \u00e9t\u00e9 inculp\u00e9 puis plac\u00e9 sous mandat de d\u00e9p\u00f4t, ce mercredi, par le juge d\u2019instruction charg\u00e9 du dossier.<\/p>\n<p>Ce proche d\u2019Ousmane Sonko va ainsi passer sa premi\u00e8re nuit \u00e0 la prison centrale du Baol.<\/p>\n<p>Professeur d\u2019\u00e9conomie au lyc\u00e9e technique Cheikh Ahmadou Bamba de Diourbel, Abdoulaye Thomas Faye est poursuivi, selon des sources de Seneweb, pour\u00a0 provocation \u00e0 un attroupement, actes et man\u0153uvres de nature \u00e0 troubler l\u2019ordre public ou \u00e0 la violation des lois.<\/p>\n<p>Pour rappel, ce responsable de Pastef a \u00e9t\u00e9 arr\u00eat\u00e9 \u00e0 Kaffrine, \u00e0 la suite d\u2019un post sur Facebook, dans lequel il appelait \u00e0 un soul\u00e8vement populaire et \u00e0 un financement de la r\u00e9sistance.<\/p>\n<h4><strong>\u00a0Conseil des ministres : Abdou Karim Sall, nouveau patron de l\u2019Artp<\/strong><\/h4>\n<p>L\u2019ancien ministre de l\u2019Environnement et du D\u00e9veloppement Durable, Abdou Karim Sall, revient dans le gouvernement de Macky Sall, renseigne Pressafrik.com. Ing\u00e9nieur en T\u00e9l\u00e9communications, il est\u00a0nomm\u00e9, ce mercredi lors du Conseil des ministres, Directeur\u00a0g\u00e9n\u00e9ral de l\u2019Autorit\u00e9 de R\u00e9gulation des T\u00e9l\u00e9communications et des Postes (Artp) et remplace \u00e0 ce poste\u00a0Abdoul Ly, appel\u00e9 \u00e0 d\u2019autres fonctions.<\/p>\n<p>L\u2019actuel maire de Mbao et membre du parti de l\u2019Alliance pour la r\u00e9publique (Apr) a \u00e9t\u00e9 limog\u00e9 de son poste de ministre ce, apr\u00e8s l\u2019\u00e9pisode des gazelles oryx qui a \u00e9t\u00e9 l\u2019un des faits les plus marquants lorsqu\u2019il \u00e9tait \u00e0 la t\u00eate de ce d\u00e9partement.<\/p>\n<div class=\"publi-apres-le-contenu\" style=\"margin-top: 10px;margin-bottom: 10px;margin-left: auto;margin-right: auto;text-align: center;\" id=\"publi-3778475907\"><div class=\"publi-adlabel\">Publicit\u00e9<\/div><script async src=\"\/\/pagead2.googlesyndication.com\/pagead\/js\/adsbygoogle.js?client=ca-pub-4089586018074219\" crossorigin=\"anonymous\"><\/script><ins class=\"adsbygoogle\" style=\"display:block;\" data-ad-client=\"ca-pub-4089586018074219\" \ndata-ad-slot=\"2087940154\" \ndata-ad-format=\"auto\"><\/ins>\n<script> \n(adsbygoogle = window.adsbygoogle || []).push({}); \n<\/script>\n<\/div>","protected":false},"excerpt":{"rendered":"<p>Gal\u00e8re des retrait\u00e9s : Macky Sall interpelle le ministre du Travail La gal\u00e8re des retrait\u00e9s de l\u2019Institut de pr\u00e9voyance retraite du S\u00e9n\u00e9gal (Ipres) n\u2019a pas \u00e9chapp\u00e9 au chef de l\u2019Etat. En conseil des ministres, Macky Sall a demand\u00e9 au Ministre du Travail, Samba Sy \u00ab de prendre toutes les mesures requises en vue d\u2019am\u00e9liorer les conditions de paiement des pensions de retraites dans les services de l\u2019IPRES \u00bb. Depuis quelques semaines en effet, les retrait\u00e9s \u00e9prouvent d\u2019\u00e9normes difficult\u00e9s pour disposer de leur pension. La Poste ne pouvant plus assurer le paiement normal, beaucoup se font payer \u00e0 la piscine olympique. Il y a aussi une op\u00e9ration de pointage qui vise \u00e0 s\u2019assurer que les b\u00e9n\u00e9ficiaires des pensionnaires sont r\u00e9ellement les ayant-droits, renseigne Seneweb.com. Mais ces op\u00e9rations sont p\u00e9nibles pour le troisi\u00e8me \u00e2ge. Certains se sont retrouv\u00e9s au si\u00e8ge de l\u2019Ipres au point E o\u00f9 ils ont eu rendez-vous par sms. L\u00e0 aussi, c\u2019\u00e9tait difficile, parce que d\u00e9sorganis\u00e9. Affaire Sweet-Beaut\u00e9 : Les conseils d\u2019Ousmane Sonko saisissent la Cour Supr\u00eame Les avocats du leader du\u00a0Pastef\u00a0Ousmane\u00a0Sonko\u00a0sont tr\u00e8s d\u00e9termin\u00e9s pour que leur client ne passe pas devant la Chambre criminelle.\u00a0Ainsi, apr\u00e8s le rejet de la Chambre d\u2019Accusation de la Cour d\u2019Appel de Dakar ce\u00a0mardi 21\u00a0f\u00e9vrier de l\u2019exception d\u2019inconstitutionnalit\u00e9 soulev\u00e9e contre l\u2019ordonnance de\u00a0renvoi devant la Chambre criminelle\u00a0d\u00e9cern\u00e9 par le juge d\u2019instruction, Maham\u00a0Diallo.\u00a0Ils ont d\u00e9cid\u00e9 de saisir la Cour Supr\u00eame, car ils estiment que la Chambre d\u2019Accusation n\u2019a aucun pouvoir d\u2019appr\u00e9ciation en ce qui concerne une exception d\u2019inconstitutionnalit\u00e9, informe Dakaractu.com. La d\u00e9cision rendue n\u2019\u00e9tant, d\u2019une part, ni lisible ni compr\u00e9hensible et la vocation de toute d\u00e9cision de justice \u00e9tant, d\u2019autre part, d\u2019\u00eatre critiqu\u00e9e, la D\u00e9fense du pr\u00e9sident Ousmane\u00a0Sonko\u00a0entend se pourvoir en cassation devant la juridiction sup\u00e9rieure, en l\u2019occurrence la Cour\u00a0Supr\u00eame\u00a0\u00bb,\u00a0a fait savoir l\u2019un des conseils du maire de\u00a0Ziguinchor, Me\u00a0Khoureichi\u00a0Ba. Poursuivant son argumentaire, il d\u00e9clare que la Chambre d\u2019Accusation n\u2019a aucun pouvoir d\u2019appr\u00e9ciation, il lui est juste demand\u00e9 de servir de bo\u00eete postale et non de filtre.\u00a0\u00ab\u00a0De\u00a0transmettre l\u2019exception \u00e0 son destinataire, le Conseil constitutionnel.\u00a0Et d\u2019attendre sagement que ledit Conseil appr\u00e9cie le bien-fond\u00e9 ou le mal fond\u00e9 de l\u2019exception en y faisant droit ou en la rejetant.\u00a0Apr\u00e8s\u00a0cela, elle\u00a0pourrait renouer avec sa pl\u00e9nitude de juridiction, le sursis \u00e0 statuer \u00e9tant lev\u00e9\u00a0\u00bb, a soulign\u00e9 Me\u00a0Ba\u00a0qui estime que les articles 92 de la Constitution et 22 de la Loi organique\u00a02016 \u2013 23\u00a0du 14\/07\/2016 relative au\u00a0Conseil constitutionnel\u00a0ont tu\u00e9 dans l\u2019\u0153uf\u00a0toute vell\u00e9it\u00e9 d\u2019initier des proc\u00e9dures d\u2019exception pour contrer une exception de proc\u00e9dure.\u00a0M\u00eame si la m\u00e9t\u00e9orologie politique est \u00e0 l\u2019origine de toutes les turbulences du droit. \u00a0Paix et tol\u00e9rance : Le khalife des Lay\u00e8nes lance un appel aux S\u00e9n\u00e9galais Le Khalife des Lay\u00e8nes, Serigne Mouhamadou Mactar Laye, a demand\u00e9, mercredi, aux S\u00e9n\u00e9galais de cultiver la paix, la coh\u00e9sion sociale, la tol\u00e9rance. Il s\u2019exprimait \u00e0 la c\u00e9r\u00e9monie de cl\u00f4ture de la 143\u00e8me \u00e9dition de l\u2019Appel de Seydina Limamou Laye. Le ministre de l\u2019Int\u00e9rieur a dirig\u00e9 la d\u00e9l\u00e9gation gouvernementale. Par la voix de son porte-parole, Serigne Mouhamadou Mactar Laye a demand\u00e9 aux acteurs politiques et aux S\u00e9n\u00e9galais de mani\u00e8re g\u00e9n\u00e9rale d\u2019\u00e9viter la violence. \u2018\u2019Nous devons tous appeler \u00e0 la paix et \u00e9viter la violence car le pays a besoin de paix. C\u2019est dans la paix que nous pouvons cultiver le vivre ensemble et la tol\u00e9rance\u2019\u2019, a dit le religieux, note Aps, visit\u00e9e par Senego. Il a formul\u00e9 des pri\u00e8res pour la paix au S\u00e9n\u00e9gal en soulignant que \u2018\u2019Diamalaye a toujours \u00e9t\u00e9 un foyer de paix\u2019\u2019. Les repr\u00e9sentants diplomatiques au S\u00e9n\u00e9gal dont celle de la Turquie invit\u00e9e d\u2019honneur de l\u2019\u00e9v\u00e8nement \u00e9taient \u00e9galement pr\u00e9sents \u00e0 la c\u00e9r\u00e9monie. Le guide religieux a pri\u00e9 pour le peuple turc suite au s\u00e9isme qui a secou\u00e9 le pays. Le ministre de l\u2019int\u00e9rieur Antoine F\u00e9lix-Diome a demand\u00e9 au Khalife de prier pour un \u2018\u2019S\u00e9n\u00e9gal uni et prosp\u00e8re\u2019\u2019. Sos villages d\u2019enfants : La fondatrice Tamaro Tour\u00e9 n\u2019est plus ! Mme Tamaro Tour\u00e9 a \u00e9t\u00e9 rappel\u00e9e \u00e0 Dieu dans la nuit du 20 au 21 f\u00e9vrier, renseigne Senego. Sa disparition \u00e0 l\u2019\u00e2ge de 86 ans, marque la fin d\u2019une vie au service des autres et d\u2019accomplissements significatifs. Premi\u00e8re femme inspecteur du travail au S\u00e9n\u00e9gal, Tamaro Tou\u00e9 est, par la suite, nomm\u00e9e Conseill\u00e8re technique sur les questions sociales de Abdou Diouf qui \u00e9tait alors le 1er Ministre du Pr\u00e9sident Senghor. En 1976, elle fonde l\u2019association SOS Villages d\u2019Enfants au S\u00e9n\u00e9gal qui \u0153uvre \u00e0 la protection d\u2019enfants vuln\u00e9rables et leur apporte toutes les ressources n\u00e9cessaires \u00e0 leur plein d\u00e9veloppement. En 2016, on estimait \u00e0 50 000 le nombre d\u2019enfants ayant b\u00e9n\u00e9fici\u00e9 des services de cette association \u00e0 but non lucratif. Diourbel : Le charg\u00e9 de Com du Pastef\/Kaffrine envoy\u00e9 en prison, son dossier en instruction Le charg\u00e9 de communication du Pastef \u00e0 Kaffrine a \u00e9t\u00e9 d\u00e9f\u00e9r\u00e9, hier mardi, au tribunal de grande instance de Diourbel par la Section de recherches (SR) de Thi\u00e8s. Abdoulaye Thomas Faye a \u00e9t\u00e9 inculp\u00e9 puis plac\u00e9 sous mandat de d\u00e9p\u00f4t, ce mercredi, par le juge d\u2019instruction charg\u00e9 du dossier. Ce proche d\u2019Ousmane Sonko va ainsi passer sa premi\u00e8re nuit \u00e0 la prison centrale du Baol. Professeur d\u2019\u00e9conomie au lyc\u00e9e technique Cheikh Ahmadou Bamba de Diourbel, Abdoulaye Thomas Faye est poursuivi, selon des sources de Seneweb, pour\u00a0 provocation \u00e0 un attroupement, actes et man\u0153uvres de nature \u00e0 troubler l\u2019ordre public ou \u00e0 la violation des lois. Pour rappel, ce responsable de Pastef a \u00e9t\u00e9 arr\u00eat\u00e9 \u00e0 Kaffrine, \u00e0 la suite d\u2019un post sur Facebook, dans lequel il appelait \u00e0 un soul\u00e8vement populaire et \u00e0 un financement de la r\u00e9sistance. \u00a0Conseil des ministres : Abdou Karim Sall, nouveau patron de l\u2019Artp L\u2019ancien ministre de l\u2019Environnement et du D\u00e9veloppement Durable, Abdou Karim Sall, revient dans le gouvernement de Macky Sall, renseigne Pressafrik.com. Ing\u00e9nieur en T\u00e9l\u00e9communications, il est\u00a0nomm\u00e9, ce mercredi lors du Conseil des ministres, Directeur\u00a0g\u00e9n\u00e9ral de l\u2019Autorit\u00e9 de R\u00e9gulation des T\u00e9l\u00e9communications et des Postes (Artp) et remplace \u00e0 ce poste\u00a0Abdoul Ly, appel\u00e9 \u00e0 d\u2019autres fonctions. L\u2019actuel maire de Mbao et membre du parti de l\u2019Alliance pour la r\u00e9publique (Apr) a \u00e9t\u00e9 limog\u00e9 de son poste de ministre ce, apr\u00e8s l\u2019\u00e9pisode des gazelles oryx qui a \u00e9t\u00e9 l\u2019un des faits les plus marquants lorsqu\u2019il \u00e9tait<\/p>\n","protected":false},"author":7,"featured_media":16385,"comment_status":"open","ping_status":"open","sticky":false,"template":"","format":"standard","meta":{"_jetpack_memberships_contains_paid_content":false,"footnotes":""},"categories":[375,379,4353,3,844,372],"tags":[],"class_list":["post-16384","post","type-post","status-publish","format-standard","has-post-thumbnail","hentry","category-actualites","category-faits-divers","category-manifestations","category-politique","category-revue-de-presse","category-vedette","entry","has-media","owp-thumbs-layout-horizontal","owp-btn-normal","owp-tabs-layout-horizontal","has-no-thumbnails","has-product-nav"],"yoast_head":"<!-- This site is optimized with the Yoast SEO plugin v25.5 - https:\/\/yoast.com\/wordpress\/plugins\/seo\/ -->\n<title>Public-Actualit\u00e9s, Ce Jeudi 23 F\u00e9vrier 2023 - LE PUBLIC<\/title>\n<meta name=\"robots\" content=\"index, follow, max-snippet:-1, max-image-preview:large, max-video-preview:-1\" \/>\n<link rel=\"canonical\" href=\"https:\/\/www.public.sn\/index.php\/2023\/02\/23\/public-actualites-ce-jeudi-23-fevrier-2023\/\" \/>\n<meta property=\"og:locale\" content=\"fr_FR\" \/>\n<meta property=\"og:type\" content=\"article\" \/>\n<meta property=\"og:title\" content=\"Public-Actualit\u00e9s, Ce Jeudi 23 F\u00e9vrier 2023 - LE PUBLIC\" \/>\n<meta property=\"og:description\" content=\"Gal\u00e8re des retrait\u00e9s : Macky Sall interpelle le ministre du Travail La gal\u00e8re des retrait\u00e9s de l\u2019Institut de pr\u00e9voyance retraite du S\u00e9n\u00e9gal (Ipres) n\u2019a pas \u00e9chapp\u00e9 au chef de l\u2019Etat. En conseil des ministres, Macky Sall a demand\u00e9 au Ministre du Travail, Samba Sy \u00ab de prendre toutes les mesures requises en vue d\u2019am\u00e9liorer les conditions de paiement des pensions de retraites dans les services de l\u2019IPRES \u00bb. Depuis quelques semaines en effet, les retrait\u00e9s \u00e9prouvent d\u2019\u00e9normes difficult\u00e9s pour disposer de leur pension. La Poste ne pouvant plus assurer le paiement normal, beaucoup se font payer \u00e0 la piscine olympique. Il y a aussi une op\u00e9ration de pointage qui vise \u00e0 s\u2019assurer que les b\u00e9n\u00e9ficiaires des pensionnaires sont r\u00e9ellement les ayant-droits, renseigne Seneweb.com. Mais ces op\u00e9rations sont p\u00e9nibles pour le troisi\u00e8me \u00e2ge. Certains se sont retrouv\u00e9s au si\u00e8ge de l\u2019Ipres au point E o\u00f9 ils ont eu rendez-vous par sms. L\u00e0 aussi, c\u2019\u00e9tait difficile, parce que d\u00e9sorganis\u00e9. Affaire Sweet-Beaut\u00e9 : Les conseils d\u2019Ousmane Sonko saisissent la Cour Supr\u00eame Les avocats du leader du\u00a0Pastef\u00a0Ousmane\u00a0Sonko\u00a0sont tr\u00e8s d\u00e9termin\u00e9s pour que leur client ne passe pas devant la Chambre criminelle.\u00a0Ainsi, apr\u00e8s le rejet de la Chambre d\u2019Accusation de la Cour d\u2019Appel de Dakar ce\u00a0mardi 21\u00a0f\u00e9vrier de l\u2019exception d\u2019inconstitutionnalit\u00e9 soulev\u00e9e contre l\u2019ordonnance de\u00a0renvoi devant la Chambre criminelle\u00a0d\u00e9cern\u00e9 par le juge d\u2019instruction, Maham\u00a0Diallo.\u00a0Ils ont d\u00e9cid\u00e9 de saisir la Cour Supr\u00eame, car ils estiment que la Chambre d\u2019Accusation n\u2019a aucun pouvoir d\u2019appr\u00e9ciation en ce qui concerne une exception d\u2019inconstitutionnalit\u00e9, informe Dakaractu.com. La d\u00e9cision rendue n\u2019\u00e9tant, d\u2019une part, ni lisible ni compr\u00e9hensible et la vocation de toute d\u00e9cision de justice \u00e9tant, d\u2019autre part, d\u2019\u00eatre critiqu\u00e9e, la D\u00e9fense du pr\u00e9sident Ousmane\u00a0Sonko\u00a0entend se pourvoir en cassation devant la juridiction sup\u00e9rieure, en l\u2019occurrence la Cour\u00a0Supr\u00eame\u00a0\u00bb,\u00a0a fait savoir l\u2019un des conseils du maire de\u00a0Ziguinchor, Me\u00a0Khoureichi\u00a0Ba. Poursuivant son argumentaire, il d\u00e9clare que la Chambre d\u2019Accusation n\u2019a aucun pouvoir d\u2019appr\u00e9ciation, il lui est juste demand\u00e9 de servir de bo\u00eete postale et non de filtre.\u00a0\u00ab\u00a0De\u00a0transmettre l\u2019exception \u00e0 son destinataire, le Conseil constitutionnel.\u00a0Et d\u2019attendre sagement que ledit Conseil appr\u00e9cie le bien-fond\u00e9 ou le mal fond\u00e9 de l\u2019exception en y faisant droit ou en la rejetant.\u00a0Apr\u00e8s\u00a0cela, elle\u00a0pourrait renouer avec sa pl\u00e9nitude de juridiction, le sursis \u00e0 statuer \u00e9tant lev\u00e9\u00a0\u00bb, a soulign\u00e9 Me\u00a0Ba\u00a0qui estime que les articles 92 de la Constitution et 22 de la Loi organique\u00a02016 \u2013 23\u00a0du 14\/07\/2016 relative au\u00a0Conseil constitutionnel\u00a0ont tu\u00e9 dans l\u2019\u0153uf\u00a0toute vell\u00e9it\u00e9 d\u2019initier des proc\u00e9dures d\u2019exception pour contrer une exception de proc\u00e9dure.\u00a0M\u00eame si la m\u00e9t\u00e9orologie politique est \u00e0 l\u2019origine de toutes les turbulences du droit. \u00a0Paix et tol\u00e9rance : Le khalife des Lay\u00e8nes lance un appel aux S\u00e9n\u00e9galais Le Khalife des Lay\u00e8nes, Serigne Mouhamadou Mactar Laye, a demand\u00e9, mercredi, aux S\u00e9n\u00e9galais de cultiver la paix, la coh\u00e9sion sociale, la tol\u00e9rance. Il s\u2019exprimait \u00e0 la c\u00e9r\u00e9monie de cl\u00f4ture de la 143\u00e8me \u00e9dition de l\u2019Appel de Seydina Limamou Laye. Le ministre de l\u2019Int\u00e9rieur a dirig\u00e9 la d\u00e9l\u00e9gation gouvernementale. Par la voix de son porte-parole, Serigne Mouhamadou Mactar Laye a demand\u00e9 aux acteurs politiques et aux S\u00e9n\u00e9galais de mani\u00e8re g\u00e9n\u00e9rale d\u2019\u00e9viter la violence. \u2018\u2019Nous devons tous appeler \u00e0 la paix et \u00e9viter la violence car le pays a besoin de paix. C\u2019est dans la paix que nous pouvons cultiver le vivre ensemble et la tol\u00e9rance\u2019\u2019, a dit le religieux, note Aps, visit\u00e9e par Senego. Il a formul\u00e9 des pri\u00e8res pour la paix au S\u00e9n\u00e9gal en soulignant que \u2018\u2019Diamalaye a toujours \u00e9t\u00e9 un foyer de paix\u2019\u2019. Les repr\u00e9sentants diplomatiques au S\u00e9n\u00e9gal dont celle de la Turquie invit\u00e9e d\u2019honneur de l\u2019\u00e9v\u00e8nement \u00e9taient \u00e9galement pr\u00e9sents \u00e0 la c\u00e9r\u00e9monie. Le guide religieux a pri\u00e9 pour le peuple turc suite au s\u00e9isme qui a secou\u00e9 le pays. Le ministre de l\u2019int\u00e9rieur Antoine F\u00e9lix-Diome a demand\u00e9 au Khalife de prier pour un \u2018\u2019S\u00e9n\u00e9gal uni et prosp\u00e8re\u2019\u2019. Sos villages d\u2019enfants : La fondatrice Tamaro Tour\u00e9 n\u2019est plus ! Mme Tamaro Tour\u00e9 a \u00e9t\u00e9 rappel\u00e9e \u00e0 Dieu dans la nuit du 20 au 21 f\u00e9vrier, renseigne Senego. Sa disparition \u00e0 l\u2019\u00e2ge de 86 ans, marque la fin d\u2019une vie au service des autres et d\u2019accomplissements significatifs. Premi\u00e8re femme inspecteur du travail au S\u00e9n\u00e9gal, Tamaro Tou\u00e9 est, par la suite, nomm\u00e9e Conseill\u00e8re technique sur les questions sociales de Abdou Diouf qui \u00e9tait alors le 1er Ministre du Pr\u00e9sident Senghor. En 1976, elle fonde l\u2019association SOS Villages d\u2019Enfants au S\u00e9n\u00e9gal qui \u0153uvre \u00e0 la protection d\u2019enfants vuln\u00e9rables et leur apporte toutes les ressources n\u00e9cessaires \u00e0 leur plein d\u00e9veloppement. En 2016, on estimait \u00e0 50 000 le nombre d\u2019enfants ayant b\u00e9n\u00e9fici\u00e9 des services de cette association \u00e0 but non lucratif. Diourbel : Le charg\u00e9 de Com du Pastef\/Kaffrine envoy\u00e9 en prison, son dossier en instruction Le charg\u00e9 de communication du Pastef \u00e0 Kaffrine a \u00e9t\u00e9 d\u00e9f\u00e9r\u00e9, hier mardi, au tribunal de grande instance de Diourbel par la Section de recherches (SR) de Thi\u00e8s. Abdoulaye Thomas Faye a \u00e9t\u00e9 inculp\u00e9 puis plac\u00e9 sous mandat de d\u00e9p\u00f4t, ce mercredi, par le juge d\u2019instruction charg\u00e9 du dossier. Ce proche d\u2019Ousmane Sonko va ainsi passer sa premi\u00e8re nuit \u00e0 la prison centrale du Baol. Professeur d\u2019\u00e9conomie au lyc\u00e9e technique Cheikh Ahmadou Bamba de Diourbel, Abdoulaye Thomas Faye est poursuivi, selon des sources de Seneweb, pour\u00a0 provocation \u00e0 un attroupement, actes et man\u0153uvres de nature \u00e0 troubler l\u2019ordre public ou \u00e0 la violation des lois. Pour rappel, ce responsable de Pastef a \u00e9t\u00e9 arr\u00eat\u00e9 \u00e0 Kaffrine, \u00e0 la suite d\u2019un post sur Facebook, dans lequel il appelait \u00e0 un soul\u00e8vement populaire et \u00e0 un financement de la r\u00e9sistance. \u00a0Conseil des ministres : Abdou Karim Sall, nouveau patron de l\u2019Artp L\u2019ancien ministre de l\u2019Environnement et du D\u00e9veloppement Durable, Abdou Karim Sall, revient dans le gouvernement de Macky Sall, renseigne Pressafrik.com. Ing\u00e9nieur en T\u00e9l\u00e9communications, il est\u00a0nomm\u00e9, ce mercredi lors du Conseil des ministres, Directeur\u00a0g\u00e9n\u00e9ral de l\u2019Autorit\u00e9 de R\u00e9gulation des T\u00e9l\u00e9communications et des Postes (Artp) et remplace \u00e0 ce poste\u00a0Abdoul Ly, appel\u00e9 \u00e0 d\u2019autres fonctions. L\u2019actuel maire de Mbao et membre du parti de l\u2019Alliance pour la r\u00e9publique (Apr) a \u00e9t\u00e9 limog\u00e9 de son poste de ministre ce, apr\u00e8s l\u2019\u00e9pisode des gazelles oryx qui a \u00e9t\u00e9 l\u2019un des faits les plus marquants lorsqu\u2019il \u00e9tait\" \/>\n<meta property=\"og:url\" content=\"https:\/\/www.public.sn\/index.php\/2023\/02\/23\/public-actualites-ce-jeudi-23-fevrier-2023\/\" \/>\n<meta property=\"og:site_name\" content=\"LE PUBLIC\" \/>\n<meta property=\"article:published_time\" content=\"2023-02-23T16:27:29+00:00\" \/>\n<meta property=\"og:image\" content=\"https:\/\/www.public.sn\/wp-content\/uploads\/2023\/02\/conseil-Minitres.webp\" \/>\n\t<meta property=\"og:image:width\" content=\"612\" \/>\n\t<meta property=\"og:image:height\" content=\"298\" \/>\n\t<meta property=\"og:image:type\" content=\"image\/webp\" \/>\n<meta name=\"author\" content=\"LA REDACTION\" \/>\n<meta name=\"twitter:card\" content=\"summary_large_image\" \/>\n<meta name=\"twitter:label1\" content=\"\u00c9crit par\" \/>\n\t<meta name=\"twitter:data1\" content=\"LA REDACTION\" \/>\n\t<meta name=\"twitter:label2\" content=\"Dur\u00e9e de lecture estim\u00e9e\" \/>\n\t<meta name=\"twitter:data2\" content=\"6 minutes\" \/>\n<script type=\"application\/ld+json\" class=\"yoast-schema-graph\">{\"@context\":\"https:\/\/schema.org\",\"@graph\":[{\"@type\":\"Article\",\"@id\":\"https:\/\/www.public.sn\/index.php\/2023\/02\/23\/public-actualites-ce-jeudi-23-fevrier-2023\/#article\",\"isPartOf\":{\"@id\":\"https:\/\/www.public.sn\/index.php\/2023\/02\/23\/public-actualites-ce-jeudi-23-fevrier-2023\/\"},\"author\":{\"name\":\"LA REDACTION\",\"@id\":\"https:\/\/www.public.sn\/#\/schema\/person\/cb76c8e1b8becc6be61fb5e92d6d0224\"},\"headline\":\"Public-Actualit\u00e9s, Ce Jeudi 23 F\u00e9vrier 2023\",\"datePublished\":\"2023-02-23T16:27:29+00:00\",\"mainEntityOfPage\":{\"@id\":\"https:\/\/www.public.sn\/index.php\/2023\/02\/23\/public-actualites-ce-jeudi-23-fevrier-2023\/\"},\"wordCount\":1198,\"commentCount\":0,\"publisher\":{\"@id\":\"https:\/\/www.public.sn\/#organization\"},\"image\":{\"@id\":\"https:\/\/www.public.sn\/index.php\/2023\/02\/23\/public-actualites-ce-jeudi-23-fevrier-2023\/#primaryimage\"},\"thumbnailUrl\":\"https:\/\/www.public.sn\/wp-content\/uploads\/2023\/02\/conseil-Minitres.webp\",\"articleSection\":[\"ACTUALIT\u00c9S\",\"FAITS DIVERS\",\"MANIFESTATIONS\",\"POLITIQUE\",\"REVUE DE PRESSE\",\"VEDETTE\"],\"inLanguage\":\"fr-FR\",\"potentialAction\":[{\"@type\":\"CommentAction\",\"name\":\"Comment\",\"target\":[\"https:\/\/www.public.sn\/index.php\/2023\/02\/23\/public-actualites-ce-jeudi-23-fevrier-2023\/#respond\"]}]},{\"@type\":\"WebPage\",\"@id\":\"https:\/\/www.public.sn\/index.php\/2023\/02\/23\/public-actualites-ce-jeudi-23-fevrier-2023\/\",\"url\":\"https:\/\/www.public.sn\/index.php\/2023\/02\/23\/public-actualites-ce-jeudi-23-fevrier-2023\/\",\"name\":\"Public-Actualit\u00e9s, Ce Jeudi 23 F\u00e9vrier 2023 - LE PUBLIC\",\"isPartOf\":{\"@id\":\"https:\/\/www.public.sn\/#website\"},\"primaryImageOfPage\":{\"@id\":\"https:\/\/www.public.sn\/index.php\/2023\/02\/23\/public-actualites-ce-jeudi-23-fevrier-2023\/#primaryimage\"},\"image\":{\"@id\":\"https:\/\/www.public.sn\/index.php\/2023\/02\/23\/public-actualites-ce-jeudi-23-fevrier-2023\/#primaryimage\"},\"thumbnailUrl\":\"https:\/\/www.public.sn\/wp-content\/uploads\/2023\/02\/conseil-Minitres.webp\",\"datePublished\":\"2023-02-23T16:27:29+00:00\",\"breadcrumb\":{\"@id\":\"https:\/\/www.public.sn\/index.php\/2023\/02\/23\/public-actualites-ce-jeudi-23-fevrier-2023\/#breadcrumb\"},\"inLanguage\":\"fr-FR\",\"potentialAction\":[{\"@type\":\"ReadAction\",\"target\":[\"https:\/\/www.public.sn\/index.php\/2023\/02\/23\/public-actualites-ce-jeudi-23-fevrier-2023\/\"]}]},{\"@type\":\"ImageObject\",\"inLanguage\":\"fr-FR\",\"@id\":\"https:\/\/www.public.sn\/index.php\/2023\/02\/23\/public-actualites-ce-jeudi-23-fevrier-2023\/#primaryimage\",\"url\":\"https:\/\/www.public.sn\/wp-content\/uploads\/2023\/02\/conseil-Minitres.webp\",\"contentUrl\":\"https:\/\/www.public.sn\/wp-content\/uploads\/2023\/02\/conseil-Minitres.webp\",\"width\":612,\"height\":298},{\"@type\":\"BreadcrumbList\",\"@id\":\"https:\/\/www.public.sn\/index.php\/2023\/02\/23\/public-actualites-ce-jeudi-23-fevrier-2023\/#breadcrumb\",\"itemListElement\":[{\"@type\":\"ListItem\",\"position\":1,\"name\":\"Accueil\",\"item\":\"https:\/\/www.public.sn\/\"},{\"@type\":\"ListItem\",\"position\":2,\"name\":\"Public-Actualit\u00e9s, Ce Jeudi 23 F\u00e9vrier 2023\"}]},{\"@type\":\"WebSite\",\"@id\":\"https:\/\/www.public.sn\/#website\",\"url\":\"https:\/\/www.public.sn\/\",\"name\":\"LE PUBLIC\",\"description\":\"\",\"publisher\":{\"@id\":\"https:\/\/www.public.sn\/#organization\"},\"potentialAction\":[{\"@type\":\"SearchAction\",\"target\":{\"@type\":\"EntryPoint\",\"urlTemplate\":\"https:\/\/www.public.sn\/?s={search_term_string}\"},\"query-input\":{\"@type\":\"PropertyValueSpecification\",\"valueRequired\":true,\"valueName\":\"search_term_string\"}}],\"inLanguage\":\"fr-FR\"},{\"@type\":\"Organization\",\"@id\":\"https:\/\/www.public.sn\/#organization\",\"name\":\"LE PUBLIC\",\"url\":\"https:\/\/www.public.sn\/\",\"logo\":{\"@type\":\"ImageObject\",\"inLanguage\":\"fr-FR\",\"@id\":\"https:\/\/www.public.sn\/#\/schema\/logo\/image\/\",\"url\":\"https:\/\/www.public.sn\/wp-content\/uploads\/2024\/05\/cropped-LOGO-PUBLIC.SN_.png\",\"contentUrl\":\"https:\/\/www.public.sn\/wp-content\/uploads\/2024\/05\/cropped-LOGO-PUBLIC.SN_.png\",\"width\":682,\"height\":192,\"caption\":\"LE PUBLIC\"},\"image\":{\"@id\":\"https:\/\/www.public.sn\/#\/schema\/logo\/image\/\"}},{\"@type\":\"Person\",\"@id\":\"https:\/\/www.public.sn\/#\/schema\/person\/cb76c8e1b8becc6be61fb5e92d6d0224\",\"name\":\"LA REDACTION\",\"image\":{\"@type\":\"ImageObject\",\"inLanguage\":\"fr-FR\",\"@id\":\"https:\/\/www.public.sn\/#\/schema\/person\/image\/\",\"url\":\"https:\/\/secure.gravatar.com\/avatar\/2dce5ddd34b8fef0180efe03aa2a9bee7d953856048f9a16b298190a3178407c?s=96&d=mm&r=g\",\"contentUrl\":\"https:\/\/secure.gravatar.com\/avatar\/2dce5ddd34b8fef0180efe03aa2a9bee7d953856048f9a16b298190a3178407c?s=96&d=mm&r=g\",\"caption\":\"LA REDACTION\"},\"url\":\"https:\/\/www.public.sn\/index.php\/author\/editeurpsn\/\"}]}<\/script>\n<!-- \/ Yoast SEO plugin. -->","yoast_head_json":{"title":"Public-Actualit\u00e9s, Ce Jeudi 23 F\u00e9vrier 2023 - LE PUBLIC","robots":{"index":"index","follow":"follow","max-snippet":"max-snippet:-1","max-image-preview":"max-image-preview:large","max-video-preview":"max-video-preview:-1"},"canonical":"https:\/\/www.public.sn\/index.php\/2023\/02\/23\/public-actualites-ce-jeudi-23-fevrier-2023\/","og_locale":"fr_FR","og_type":"article","og_title":"Public-Actualit\u00e9s, Ce Jeudi 23 F\u00e9vrier 2023 - LE PUBLIC","og_description":"Gal\u00e8re des retrait\u00e9s : Macky Sall interpelle le ministre du Travail La gal\u00e8re des retrait\u00e9s de l\u2019Institut de pr\u00e9voyance retraite du S\u00e9n\u00e9gal (Ipres) n\u2019a pas \u00e9chapp\u00e9 au chef de l\u2019Etat. En conseil des ministres, Macky Sall a demand\u00e9 au Ministre du Travail, Samba Sy \u00ab de prendre toutes les mesures requises en vue d\u2019am\u00e9liorer les conditions de paiement des pensions de retraites dans les services de l\u2019IPRES \u00bb. Depuis quelques semaines en effet, les retrait\u00e9s \u00e9prouvent d\u2019\u00e9normes difficult\u00e9s pour disposer de leur pension. La Poste ne pouvant plus assurer le paiement normal, beaucoup se font payer \u00e0 la piscine olympique. Il y a aussi une op\u00e9ration de pointage qui vise \u00e0 s\u2019assurer que les b\u00e9n\u00e9ficiaires des pensionnaires sont r\u00e9ellement les ayant-droits, renseigne Seneweb.com. Mais ces op\u00e9rations sont p\u00e9nibles pour le troisi\u00e8me \u00e2ge. Certains se sont retrouv\u00e9s au si\u00e8ge de l\u2019Ipres au point E o\u00f9 ils ont eu rendez-vous par sms. L\u00e0 aussi, c\u2019\u00e9tait difficile, parce que d\u00e9sorganis\u00e9. Affaire Sweet-Beaut\u00e9 : Les conseils d\u2019Ousmane Sonko saisissent la Cour Supr\u00eame Les avocats du leader du\u00a0Pastef\u00a0Ousmane\u00a0Sonko\u00a0sont tr\u00e8s d\u00e9termin\u00e9s pour que leur client ne passe pas devant la Chambre criminelle.\u00a0Ainsi, apr\u00e8s le rejet de la Chambre d\u2019Accusation de la Cour d\u2019Appel de Dakar ce\u00a0mardi 21\u00a0f\u00e9vrier de l\u2019exception d\u2019inconstitutionnalit\u00e9 soulev\u00e9e contre l\u2019ordonnance de\u00a0renvoi devant la Chambre criminelle\u00a0d\u00e9cern\u00e9 par le juge d\u2019instruction, Maham\u00a0Diallo.\u00a0Ils ont d\u00e9cid\u00e9 de saisir la Cour Supr\u00eame, car ils estiment que la Chambre d\u2019Accusation n\u2019a aucun pouvoir d\u2019appr\u00e9ciation en ce qui concerne une exception d\u2019inconstitutionnalit\u00e9, informe Dakaractu.com. La d\u00e9cision rendue n\u2019\u00e9tant, d\u2019une part, ni lisible ni compr\u00e9hensible et la vocation de toute d\u00e9cision de justice \u00e9tant, d\u2019autre part, d\u2019\u00eatre critiqu\u00e9e, la D\u00e9fense du pr\u00e9sident Ousmane\u00a0Sonko\u00a0entend se pourvoir en cassation devant la juridiction sup\u00e9rieure, en l\u2019occurrence la Cour\u00a0Supr\u00eame\u00a0\u00bb,\u00a0a fait savoir l\u2019un des conseils du maire de\u00a0Ziguinchor, Me\u00a0Khoureichi\u00a0Ba. Poursuivant son argumentaire, il d\u00e9clare que la Chambre d\u2019Accusation n\u2019a aucun pouvoir d\u2019appr\u00e9ciation, il lui est juste demand\u00e9 de servir de bo\u00eete postale et non de filtre.\u00a0\u00ab\u00a0De\u00a0transmettre l\u2019exception \u00e0 son destinataire, le Conseil constitutionnel.\u00a0Et d\u2019attendre sagement que ledit Conseil appr\u00e9cie le bien-fond\u00e9 ou le mal fond\u00e9 de l\u2019exception en y faisant droit ou en la rejetant.\u00a0Apr\u00e8s\u00a0cela, elle\u00a0pourrait renouer avec sa pl\u00e9nitude de juridiction, le sursis \u00e0 statuer \u00e9tant lev\u00e9\u00a0\u00bb, a soulign\u00e9 Me\u00a0Ba\u00a0qui estime que les articles 92 de la Constitution et 22 de la Loi organique\u00a02016 \u2013 23\u00a0du 14\/07\/2016 relative au\u00a0Conseil constitutionnel\u00a0ont tu\u00e9 dans l\u2019\u0153uf\u00a0toute vell\u00e9it\u00e9 d\u2019initier des proc\u00e9dures d\u2019exception pour contrer une exception de proc\u00e9dure.\u00a0M\u00eame si la m\u00e9t\u00e9orologie politique est \u00e0 l\u2019origine de toutes les turbulences du droit. \u00a0Paix et tol\u00e9rance : Le khalife des Lay\u00e8nes lance un appel aux S\u00e9n\u00e9galais Le Khalife des Lay\u00e8nes, Serigne Mouhamadou Mactar Laye, a demand\u00e9, mercredi, aux S\u00e9n\u00e9galais de cultiver la paix, la coh\u00e9sion sociale, la tol\u00e9rance. Il s\u2019exprimait \u00e0 la c\u00e9r\u00e9monie de cl\u00f4ture de la 143\u00e8me \u00e9dition de l\u2019Appel de Seydina Limamou Laye. Le ministre de l\u2019Int\u00e9rieur a dirig\u00e9 la d\u00e9l\u00e9gation gouvernementale. Par la voix de son porte-parole, Serigne Mouhamadou Mactar Laye a demand\u00e9 aux acteurs politiques et aux S\u00e9n\u00e9galais de mani\u00e8re g\u00e9n\u00e9rale d\u2019\u00e9viter la violence. \u2018\u2019Nous devons tous appeler \u00e0 la paix et \u00e9viter la violence car le pays a besoin de paix. C\u2019est dans la paix que nous pouvons cultiver le vivre ensemble et la tol\u00e9rance\u2019\u2019, a dit le religieux, note Aps, visit\u00e9e par Senego. Il a formul\u00e9 des pri\u00e8res pour la paix au S\u00e9n\u00e9gal en soulignant que \u2018\u2019Diamalaye a toujours \u00e9t\u00e9 un foyer de paix\u2019\u2019. Les repr\u00e9sentants diplomatiques au S\u00e9n\u00e9gal dont celle de la Turquie invit\u00e9e d\u2019honneur de l\u2019\u00e9v\u00e8nement \u00e9taient \u00e9galement pr\u00e9sents \u00e0 la c\u00e9r\u00e9monie. Le guide religieux a pri\u00e9 pour le peuple turc suite au s\u00e9isme qui a secou\u00e9 le pays. Le ministre de l\u2019int\u00e9rieur Antoine F\u00e9lix-Diome a demand\u00e9 au Khalife de prier pour un \u2018\u2019S\u00e9n\u00e9gal uni et prosp\u00e8re\u2019\u2019. Sos villages d\u2019enfants : La fondatrice Tamaro Tour\u00e9 n\u2019est plus ! Mme Tamaro Tour\u00e9 a \u00e9t\u00e9 rappel\u00e9e \u00e0 Dieu dans la nuit du 20 au 21 f\u00e9vrier, renseigne Senego. Sa disparition \u00e0 l\u2019\u00e2ge de 86 ans, marque la fin d\u2019une vie au service des autres et d\u2019accomplissements significatifs. Premi\u00e8re femme inspecteur du travail au S\u00e9n\u00e9gal, Tamaro Tou\u00e9 est, par la suite, nomm\u00e9e Conseill\u00e8re technique sur les questions sociales de Abdou Diouf qui \u00e9tait alors le 1er Ministre du Pr\u00e9sident Senghor. En 1976, elle fonde l\u2019association SOS Villages d\u2019Enfants au S\u00e9n\u00e9gal qui \u0153uvre \u00e0 la protection d\u2019enfants vuln\u00e9rables et leur apporte toutes les ressources n\u00e9cessaires \u00e0 leur plein d\u00e9veloppement. En 2016, on estimait \u00e0 50 000 le nombre d\u2019enfants ayant b\u00e9n\u00e9fici\u00e9 des services de cette association \u00e0 but non lucratif. Diourbel : Le charg\u00e9 de Com du Pastef\/Kaffrine envoy\u00e9 en prison, son dossier en instruction Le charg\u00e9 de communication du Pastef \u00e0 Kaffrine a \u00e9t\u00e9 d\u00e9f\u00e9r\u00e9, hier mardi, au tribunal de grande instance de Diourbel par la Section de recherches (SR) de Thi\u00e8s. Abdoulaye Thomas Faye a \u00e9t\u00e9 inculp\u00e9 puis plac\u00e9 sous mandat de d\u00e9p\u00f4t, ce mercredi, par le juge d\u2019instruction charg\u00e9 du dossier. Ce proche d\u2019Ousmane Sonko va ainsi passer sa premi\u00e8re nuit \u00e0 la prison centrale du Baol. Professeur d\u2019\u00e9conomie au lyc\u00e9e technique Cheikh Ahmadou Bamba de Diourbel, Abdoulaye Thomas Faye est poursuivi, selon des sources de Seneweb, pour\u00a0 provocation \u00e0 un attroupement, actes et man\u0153uvres de nature \u00e0 troubler l\u2019ordre public ou \u00e0 la violation des lois. Pour rappel, ce responsable de Pastef a \u00e9t\u00e9 arr\u00eat\u00e9 \u00e0 Kaffrine, \u00e0 la suite d\u2019un post sur Facebook, dans lequel il appelait \u00e0 un soul\u00e8vement populaire et \u00e0 un financement de la r\u00e9sistance. \u00a0Conseil des ministres : Abdou Karim Sall, nouveau patron de l\u2019Artp L\u2019ancien ministre de l\u2019Environnement et du D\u00e9veloppement Durable, Abdou Karim Sall, revient dans le gouvernement de Macky Sall, renseigne Pressafrik.com. Ing\u00e9nieur en T\u00e9l\u00e9communications, il est\u00a0nomm\u00e9, ce mercredi lors du Conseil des ministres, Directeur\u00a0g\u00e9n\u00e9ral de l\u2019Autorit\u00e9 de R\u00e9gulation des T\u00e9l\u00e9communications et des Postes (Artp) et remplace \u00e0 ce poste\u00a0Abdoul Ly, appel\u00e9 \u00e0 d\u2019autres fonctions. L\u2019actuel maire de Mbao et membre du parti de l\u2019Alliance pour la r\u00e9publique (Apr) a \u00e9t\u00e9 limog\u00e9 de son poste de ministre ce, apr\u00e8s l\u2019\u00e9pisode des gazelles oryx qui a \u00e9t\u00e9 l\u2019un des faits les plus marquants lorsqu\u2019il \u00e9tait","og_url":"https:\/\/www.public.sn\/index.php\/2023\/02\/23\/public-actualites-ce-jeudi-23-fevrier-2023\/","og_site_name":"LE PUBLIC","article_published_time":"2023-02-23T16:27:29+00:00","og_image":[{"width":612,"height":298,"url":"https:\/\/www.public.sn\/wp-content\/uploads\/2023\/02\/conseil-Minitres.webp","type":"image\/webp"}],"author":"LA REDACTION","twitter_card":"summary_large_image","twitter_misc":{"\u00c9crit par":"LA REDACTION","Dur\u00e9e de lecture estim\u00e9e":"6 minutes"},"schema":{"@context":"https:\/\/schema.org","@graph":[{"@type":"Article","@id":"https:\/\/www.public.sn\/index.php\/2023\/02\/23\/public-actualites-ce-jeudi-23-fevrier-2023\/#article","isPartOf":{"@id":"https:\/\/www.public.sn\/index.php\/2023\/02\/23\/public-actualites-ce-jeudi-23-fevrier-2023\/"},"author":{"name":"LA REDACTION","@id":"https:\/\/www.public.sn\/#\/schema\/person\/cb76c8e1b8becc6be61fb5e92d6d0224"},"headline":"Public-Actualit\u00e9s, Ce Jeudi 23 F\u00e9vrier 2023","datePublished":"2023-02-23T16:27:29+00:00","mainEntityOfPage":{"@id":"https:\/\/www.public.sn\/index.php\/2023\/02\/23\/public-actualites-ce-jeudi-23-fevrier-2023\/"},"wordCount":1198,"commentCount":0,"publisher":{"@id":"https:\/\/www.public.sn\/#organization"},"image":{"@id":"https:\/\/www.public.sn\/index.php\/2023\/02\/23\/public-actualites-ce-jeudi-23-fevrier-2023\/#primaryimage"},"thumbnailUrl":"https:\/\/www.public.sn\/wp-content\/uploads\/2023\/02\/conseil-Minitres.webp","articleSection":["ACTUALIT\u00c9S","FAITS DIVERS","MANIFESTATIONS","POLITIQUE","REVUE DE PRESSE","VEDETTE"],"inLanguage":"fr-FR","potentialAction":[{"@type":"CommentAction","name":"Comment","target":["https:\/\/www.public.sn\/index.php\/2023\/02\/23\/public-actualites-ce-jeudi-23-fevrier-2023\/#respond"]}]},{"@type":"WebPage","@id":"https:\/\/www.public.sn\/index.php\/2023\/02\/23\/public-actualites-ce-jeudi-23-fevrier-2023\/","url":"https:\/\/www.public.sn\/index.php\/2023\/02\/23\/public-actualites-ce-jeudi-23-fevrier-2023\/","name":"Public-Actualit\u00e9s, Ce Jeudi 23 F\u00e9vrier 2023 - LE PUBLIC","isPartOf":{"@id":"https:\/\/www.public.sn\/#website"},"primaryImageOfPage":{"@id":"https:\/\/www.public.sn\/index.php\/2023\/02\/23\/public-actualites-ce-jeudi-23-fevrier-2023\/#primaryimage"},"image":{"@id":"https:\/\/www.public.sn\/index.php\/2023\/02\/23\/public-actualites-ce-jeudi-23-fevrier-2023\/#primaryimage"},"thumbnailUrl":"https:\/\/www.public.sn\/wp-content\/uploads\/2023\/02\/conseil-Minitres.webp","datePublished":"2023-02-23T16:27:29+00:00","breadcrumb":{"@id":"https:\/\/www.public.sn\/index.php\/2023\/02\/23\/public-actualites-ce-jeudi-23-fevrier-2023\/#breadcrumb"},"inLanguage":"fr-FR","potentialAction":[{"@type":"ReadAction","target":["https:\/\/www.public.sn\/index.php\/2023\/02\/23\/public-actualites-ce-jeudi-23-fevrier-2023\/"]}]},{"@type":"ImageObject","inLanguage":"fr-FR","@id":"https:\/\/www.public.sn\/index.php\/2023\/02\/23\/public-actualites-ce-jeudi-23-fevrier-2023\/#primaryimage","url":"https:\/\/www.public.sn\/wp-content\/uploads\/2023\/02\/conseil-Minitres.webp","contentUrl":"https:\/\/www.public.sn\/wp-content\/uploads\/2023\/02\/conseil-Minitres.webp","width":612,"height":298},{"@type":"BreadcrumbList","@id":"https:\/\/www.public.sn\/index.php\/2023\/02\/23\/public-actualites-ce-jeudi-23-fevrier-2023\/#breadcrumb","itemListElement":[{"@type":"ListItem","position":1,"name":"Accueil","item":"https:\/\/www.public.sn\/"},{"@type":"ListItem","position":2,"name":"Public-Actualit\u00e9s, Ce Jeudi 23 F\u00e9vrier 2023"}]},{"@type":"WebSite","@id":"https:\/\/www.public.sn\/#website","url":"https:\/\/www.public.sn\/","name":"LE PUBLIC","description":"","publisher":{"@id":"https:\/\/www.public.sn\/#organization"},"potentialAction":[{"@type":"SearchAction","target":{"@type":"EntryPoint","urlTemplate":"https:\/\/www.public.sn\/?s={search_term_string}"},"query-input":{"@type":"PropertyValueSpecification","valueRequired":true,"valueName":"search_term_string"}}],"inLanguage":"fr-FR"},{"@type":"Organization","@id":"https:\/\/www.public.sn\/#organization","name":"LE PUBLIC","url":"https:\/\/www.public.sn\/","logo":{"@type":"ImageObject","inLanguage":"fr-FR","@id":"https:\/\/www.public.sn\/#\/schema\/logo\/image\/","url":"https:\/\/www.public.sn\/wp-content\/uploads\/2024\/05\/cropped-LOGO-PUBLIC.SN_.png","contentUrl":"https:\/\/www.public.sn\/wp-content\/uploads\/2024\/05\/cropped-LOGO-PUBLIC.SN_.png","width":682,"height":192,"caption":"LE PUBLIC"},"image":{"@id":"https:\/\/www.public.sn\/#\/schema\/logo\/image\/"}},{"@type":"Person","@id":"https:\/\/www.public.sn\/#\/schema\/person\/cb76c8e1b8becc6be61fb5e92d6d0224","name":"LA REDACTION","image":{"@type":"ImageObject","inLanguage":"fr-FR","@id":"https:\/\/www.public.sn\/#\/schema\/person\/image\/","url":"https:\/\/secure.gravatar.com\/avatar\/2dce5ddd34b8fef0180efe03aa2a9bee7d953856048f9a16b298190a3178407c?s=96&d=mm&r=g","contentUrl":"https:\/\/secure.gravatar.com\/avatar\/2dce5ddd34b8fef0180efe03aa2a9bee7d953856048f9a16b298190a3178407c?s=96&d=mm&r=g","caption":"LA REDACTION"},"url":"https:\/\/www.public.sn\/index.php\/author\/editeurpsn\/"}]}},"jetpack_featured_media_url":"https:\/\/www.public.sn\/wp-content\/uploads\/2023\/02\/conseil-Minitres.webp","jetpack_sharing_enabled":true,"_links":{"self":[{"href":"https:\/\/www.public.sn\/index.php\/wp-json\/wp\/v2\/posts\/16384","targetHints":{"allow":["GET"]}}],"collection":[{"href":"https:\/\/www.public.sn\/index.php\/wp-json\/wp\/v2\/posts"}],"about":[{"href":"https:\/\/www.public.sn\/index.php\/wp-json\/wp\/v2\/types\/post"}],"author":[{"embeddable":true,"href":"https:\/\/www.public.sn\/index.php\/wp-json\/wp\/v2\/users\/7"}],"replies":[{"embeddable":true,"href":"https:\/\/www.public.sn\/index.php\/wp-json\/wp\/v2\/comments?post=16384"}],"version-history":[{"count":1,"href":"https:\/\/www.public.sn\/index.php\/wp-json\/wp\/v2\/posts\/16384\/revisions"}],"predecessor-version":[{"id":16386,"href":"https:\/\/www.public.sn\/index.php\/wp-json\/wp\/v2\/posts\/16384\/revisions\/16386"}],"wp:featuredmedia":[{"embeddable":true,"href":"https:\/\/www.public.sn\/index.php\/wp-json\/wp\/v2\/media\/16385"}],"wp:attachment":[{"href":"https:\/\/www.public.sn\/index.php\/wp-json\/wp\/v2\/media?parent=16384"}],"wp:term":[{"taxonomy":"category","embeddable":true,"href":"https:\/\/www.public.sn\/index.php\/wp-json\/wp\/v2\/categories?post=16384"},{"taxonomy":"post_tag","embeddable":true,"href":"https:\/\/www.public.sn\/index.php\/wp-json\/wp\/v2\/tags?post=16384"}],"curies":[{"name":"wp","href":"https:\/\/api.w.org\/{rel}","templated":true}]}}