{"id":16387,"date":"2023-02-23T16:36:04","date_gmt":"2023-02-23T16:36:04","guid":{"rendered":"https:\/\/www.public.sn\/?p=16387"},"modified":"2023-02-23T16:36:04","modified_gmt":"2023-02-23T16:36:04","slug":"le-geste-noble-de-aliou-cisse-el-hadji-diouf-et-demba-ba-en-faveur-des-victimes-du-seisme-en-turquie","status":"publish","type":"post","link":"https:\/\/www.public.sn\/index.php\/2023\/02\/23\/le-geste-noble-de-aliou-cisse-el-hadji-diouf-et-demba-ba-en-faveur-des-victimes-du-seisme-en-turquie\/","title":{"rendered":"Le geste noble de Aliou Ciss\u00e9, El Hadji Diouf, et Demba Ba en faveur des victimes du s\u00e9isme en Turquie"},"content":{"rendered":"<p>Des ex-footballeurs s\u00e9n\u00e9galais se sont rassembl\u00e9s pour soutenir les victimes des r\u00e9cents tremblements de terre en Turquie. El Hadji Diouf et Aliou Ciss\u00e9 ont g\u00e9n\u00e9reusement offert leurs maillots d\u00e9dicac\u00e9s de la Coupe du Monde 2002 \u00e0 une vente aux ench\u00e8res organis\u00e9e par l\u2019ambassade turque \u00e0 Dakar.<\/p><div class=\"publi-paragraphe1\" style=\"margin-top: 10px;margin-bottom: 10px;margin-left: auto;margin-right: auto;text-align: center;\" id=\"publi-3932061017\"><div class=\"publi-adlabel\">Publicit\u00e9<\/div><script async src=\"\/\/pagead2.googlesyndication.com\/pagead\/js\/adsbygoogle.js?client=ca-pub-4089586018074219\" crossorigin=\"anonymous\"><\/script><ins class=\"adsbygoogle\" style=\"display:block;\" data-ad-client=\"ca-pub-4089586018074219\" \ndata-ad-slot=\"2087940154\" \ndata-ad-format=\"auto\"><\/ins>\n<script> \n(adsbygoogle = window.adsbygoogle || []).push({}); \n<\/script>\n<\/div>\n<div><\/div>\n<p>Le match m\u00e9morable entre la Turquie et le S\u00e9n\u00e9gal en quart de finale de la Coupe du Monde de 2002 est encore vivant dans les esprits, o\u00f9 la Turquie a \u00e9limin\u00e9 le S\u00e9n\u00e9gal gr\u00e2ce \u00e0 un but en or. Les maillots port\u00e9s pendant ce match seront vendus aux ench\u00e8res pour aider les victimes des tremblements de terre.<\/p>\n<p>La star d\u2019hier de l\u2019\u00e9quipe de Medipol Basaksehir, Demba Ba, a \u00e9galement offert son maillot pour la vente aux ench\u00e8res en signe de solidarit\u00e9. De plus, Mame Thiam, attaquant s\u00e9n\u00e9galais de Yukatel Kayserispor, a fait don de ses maillots sign\u00e9s de Kayserispor et de Fenerbahce.<\/p>\n<p>Les tremblements de terre qui ont frapp\u00e9 le sud de la Turquie en f\u00e9vrier 2023 ont co\u00fbt\u00e9 la vie \u00e0 plus de 42 310 personnes et bless\u00e9 des milliers d\u2019autres. Gr\u00e2ce \u00e0 l\u2019initiative de ces anciens joueurs de football s\u00e9n\u00e9galais, la communaut\u00e9 internationale peut aider \u00e0 soutenir les personnes touch\u00e9es par ces catastrophes naturelles.<\/p>\n<div class=\"publi-apres-le-contenu\" style=\"margin-top: 10px;margin-bottom: 10px;margin-left: auto;margin-right: auto;text-align: center;\" id=\"publi-2313326423\"><div class=\"publi-adlabel\">Publicit\u00e9<\/div><script async src=\"\/\/pagead2.googlesyndication.com\/pagead\/js\/adsbygoogle.js?client=ca-pub-4089586018074219\" crossorigin=\"anonymous\"><\/script><ins class=\"adsbygoogle\" style=\"display:block;\" data-ad-client=\"ca-pub-4089586018074219\" \ndata-ad-slot=\"2087940154\" \ndata-ad-format=\"auto\"><\/ins>\n<script> \n(adsbygoogle = window.adsbygoogle || []).push({}); \n<\/script>\n<\/div>","protected":false},"excerpt":{"rendered":"<p>Des ex-footballeurs s\u00e9n\u00e9galais se sont rassembl\u00e9s pour soutenir les victimes des r\u00e9cents tremblements de terre en Turquie. El Hadji Diouf et Aliou Ciss\u00e9 ont g\u00e9n\u00e9reusement offert leurs maillots d\u00e9dicac\u00e9s de la Coupe du Monde 2002 \u00e0 une vente aux ench\u00e8res organis\u00e9e par l\u2019ambassade turque \u00e0 Dakar. Le match m\u00e9morable entre la Turquie et le S\u00e9n\u00e9gal en quart de finale de la Coupe du Monde de 2002 est encore vivant dans les esprits, o\u00f9 la Turquie a \u00e9limin\u00e9 le S\u00e9n\u00e9gal gr\u00e2ce \u00e0 un but en or. Les maillots port\u00e9s pendant ce match seront vendus aux ench\u00e8res pour aider les victimes des tremblements de terre. La star d\u2019hier de l\u2019\u00e9quipe de Medipol Basaksehir, Demba Ba, a \u00e9galement offert son maillot pour la vente aux ench\u00e8res en signe de solidarit\u00e9. De plus, Mame Thiam, attaquant s\u00e9n\u00e9galais de Yukatel Kayserispor, a fait don de ses maillots sign\u00e9s de Kayserispor et de Fenerbahce. Les tremblements de terre qui ont frapp\u00e9 le sud de la Turquie en f\u00e9vrier 2023 ont co\u00fbt\u00e9 la vie \u00e0 plus de 42 310 personnes et bless\u00e9 des milliers d\u2019autres. Gr\u00e2ce \u00e0 l\u2019initiative de ces anciens joueurs de football s\u00e9n\u00e9galais, la communaut\u00e9 internationale peut aider \u00e0 soutenir les personnes touch\u00e9es par ces catastrophes naturelles.<\/p>\n","protected":false},"author":7,"featured_media":16388,"comment_status":"open","ping_status":"open","sticky":false,"template":"","format":"standard","meta":{"_jetpack_memberships_contains_paid_content":false,"footnotes":""},"categories":[375,550,379,3728,1574,4,7],"tags":[827,1384,1767,4459],"class_list":["post-16387","post","type-post","status-publish","format-standard","has-post-thumbnail","hentry","category-actualites","category-afrique-monde","category-faits-divers","category-internationale","category-sante","category-societe","category-sport","tag-aliou-cisse","tag-demba-ba","tag-diouf","tag-seisme-turquie","entry","has-media","owp-thumbs-layout-horizontal","owp-btn-normal","owp-tabs-layout-horizontal","has-no-thumbnails","has-product-nav"],"yoast_head":"<!-- This site is optimized with the Yoast SEO plugin v25.5 - https:\/\/yoast.com\/wordpress\/plugins\/seo\/ -->\n<title>Le geste noble de Aliou Ciss\u00e9, El Hadji Diouf, et Demba Ba en faveur des victimes du s\u00e9isme en Turquie - LE PUBLIC<\/title>\n<meta name=\"robots\" content=\"index, follow, max-snippet:-1, max-image-preview:large, max-video-preview:-1\" \/>\n<link rel=\"canonical\" href=\"https:\/\/www.public.sn\/index.php\/2023\/02\/23\/le-geste-noble-de-aliou-cisse-el-hadji-diouf-et-demba-ba-en-faveur-des-victimes-du-seisme-en-turquie\/\" \/>\n<meta property=\"og:locale\" content=\"fr_FR\" \/>\n<meta property=\"og:type\" content=\"article\" \/>\n<meta property=\"og:title\" content=\"Le geste noble de Aliou Ciss\u00e9, El Hadji Diouf, et Demba Ba en faveur des victimes du s\u00e9isme en Turquie - LE PUBLIC\" \/>\n<meta property=\"og:description\" content=\"Des ex-footballeurs s\u00e9n\u00e9galais se sont rassembl\u00e9s pour soutenir les victimes des r\u00e9cents tremblements de terre en Turquie. El Hadji Diouf et Aliou Ciss\u00e9 ont g\u00e9n\u00e9reusement offert leurs maillots d\u00e9dicac\u00e9s de la Coupe du Monde 2002 \u00e0 une vente aux ench\u00e8res organis\u00e9e par l\u2019ambassade turque \u00e0 Dakar. Le match m\u00e9morable entre la Turquie et le S\u00e9n\u00e9gal en quart de finale de la Coupe du Monde de 2002 est encore vivant dans les esprits, o\u00f9 la Turquie a \u00e9limin\u00e9 le S\u00e9n\u00e9gal gr\u00e2ce \u00e0 un but en or. Les maillots port\u00e9s pendant ce match seront vendus aux ench\u00e8res pour aider les victimes des tremblements de terre. La star d\u2019hier de l\u2019\u00e9quipe de Medipol Basaksehir, Demba Ba, a \u00e9galement offert son maillot pour la vente aux ench\u00e8res en signe de solidarit\u00e9. De plus, Mame Thiam, attaquant s\u00e9n\u00e9galais de Yukatel Kayserispor, a fait don de ses maillots sign\u00e9s de Kayserispor et de Fenerbahce. Les tremblements de terre qui ont frapp\u00e9 le sud de la Turquie en f\u00e9vrier 2023 ont co\u00fbt\u00e9 la vie \u00e0 plus de 42 310 personnes et bless\u00e9 des milliers d\u2019autres. Gr\u00e2ce \u00e0 l\u2019initiative de ces anciens joueurs de football s\u00e9n\u00e9galais, la communaut\u00e9 internationale peut aider \u00e0 soutenir les personnes touch\u00e9es par ces catastrophes naturelles.\" \/>\n<meta property=\"og:url\" content=\"https:\/\/www.public.sn\/index.php\/2023\/02\/23\/le-geste-noble-de-aliou-cisse-el-hadji-diouf-et-demba-ba-en-faveur-des-victimes-du-seisme-en-turquie\/\" \/>\n<meta property=\"og:site_name\" content=\"LE PUBLIC\" \/>\n<meta property=\"article:published_time\" content=\"2023-02-23T16:36:04+00:00\" \/>\n<meta property=\"og:image\" content=\"https:\/\/www.public.sn\/wp-content\/uploads\/2023\/02\/Aliou-CisseDioufy.gif\" \/>\n\t<meta property=\"og:image:width\" content=\"789\" \/>\n\t<meta property=\"og:image:height\" content=\"560\" \/>\n\t<meta property=\"og:image:type\" content=\"image\/gif\" \/>\n<meta name=\"author\" content=\"LA REDACTION\" \/>\n<meta name=\"twitter:card\" content=\"summary_large_image\" \/>\n<meta name=\"twitter:label1\" content=\"\u00c9crit par\" \/>\n\t<meta name=\"twitter:data1\" content=\"LA REDACTION\" \/>\n\t<meta name=\"twitter:label2\" content=\"Dur\u00e9e de lecture estim\u00e9e\" \/>\n\t<meta name=\"twitter:data2\" content=\"2 minutes\" \/>\n<script type=\"application\/ld+json\" class=\"yoast-schema-graph\">{\"@context\":\"https:\/\/schema.org\",\"@graph\":[{\"@type\":\"Article\",\"@id\":\"https:\/\/www.public.sn\/index.php\/2023\/02\/23\/le-geste-noble-de-aliou-cisse-el-hadji-diouf-et-demba-ba-en-faveur-des-victimes-du-seisme-en-turquie\/#article\",\"isPartOf\":{\"@id\":\"https:\/\/www.public.sn\/index.php\/2023\/02\/23\/le-geste-noble-de-aliou-cisse-el-hadji-diouf-et-demba-ba-en-faveur-des-victimes-du-seisme-en-turquie\/\"},\"author\":{\"name\":\"LA REDACTION\",\"@id\":\"https:\/\/www.public.sn\/#\/schema\/person\/cb76c8e1b8becc6be61fb5e92d6d0224\"},\"headline\":\"Le geste noble de Aliou Ciss\u00e9, El Hadji Diouf, et Demba Ba en faveur des victimes du s\u00e9isme en Turquie\",\"datePublished\":\"2023-02-23T16:36:04+00:00\",\"mainEntityOfPage\":{\"@id\":\"https:\/\/www.public.sn\/index.php\/2023\/02\/23\/le-geste-noble-de-aliou-cisse-el-hadji-diouf-et-demba-ba-en-faveur-des-victimes-du-seisme-en-turquie\/\"},\"wordCount\":245,\"commentCount\":0,\"publisher\":{\"@id\":\"https:\/\/www.public.sn\/#organization\"},\"image\":{\"@id\":\"https:\/\/www.public.sn\/index.php\/2023\/02\/23\/le-geste-noble-de-aliou-cisse-el-hadji-diouf-et-demba-ba-en-faveur-des-victimes-du-seisme-en-turquie\/#primaryimage\"},\"thumbnailUrl\":\"https:\/\/www.public.sn\/wp-content\/uploads\/2023\/02\/Aliou-CisseDioufy.gif\",\"keywords\":[\"Aliou Ciss\u00e9\",\"demba ba\",\"diouf\",\"s\u00e9isme turquie\"],\"articleSection\":[\"ACTUALIT\u00c9S\",\"AFRIQUE &amp; MONDE\",\"FAITS DIVERS\",\"internationale\",\"SANT\u00c9\",\"SOCIETE\",\"SPORTS\"],\"inLanguage\":\"fr-FR\",\"potentialAction\":[{\"@type\":\"CommentAction\",\"name\":\"Comment\",\"target\":[\"https:\/\/www.public.sn\/index.php\/2023\/02\/23\/le-geste-noble-de-aliou-cisse-el-hadji-diouf-et-demba-ba-en-faveur-des-victimes-du-seisme-en-turquie\/#respond\"]}]},{\"@type\":\"WebPage\",\"@id\":\"https:\/\/www.public.sn\/index.php\/2023\/02\/23\/le-geste-noble-de-aliou-cisse-el-hadji-diouf-et-demba-ba-en-faveur-des-victimes-du-seisme-en-turquie\/\",\"url\":\"https:\/\/www.public.sn\/index.php\/2023\/02\/23\/le-geste-noble-de-aliou-cisse-el-hadji-diouf-et-demba-ba-en-faveur-des-victimes-du-seisme-en-turquie\/\",\"name\":\"Le geste noble de Aliou Ciss\u00e9, El Hadji Diouf, et Demba Ba en faveur des victimes du s\u00e9isme en Turquie - LE PUBLIC\",\"isPartOf\":{\"@id\":\"https:\/\/www.public.sn\/#website\"},\"primaryImageOfPage\":{\"@id\":\"https:\/\/www.public.sn\/index.php\/2023\/02\/23\/le-geste-noble-de-aliou-cisse-el-hadji-diouf-et-demba-ba-en-faveur-des-victimes-du-seisme-en-turquie\/#primaryimage\"},\"image\":{\"@id\":\"https:\/\/www.public.sn\/index.php\/2023\/02\/23\/le-geste-noble-de-aliou-cisse-el-hadji-diouf-et-demba-ba-en-faveur-des-victimes-du-seisme-en-turquie\/#primaryimage\"},\"thumbnailUrl\":\"https:\/\/www.public.sn\/wp-content\/uploads\/2023\/02\/Aliou-CisseDioufy.gif\",\"datePublished\":\"2023-02-23T16:36:04+00:00\",\"breadcrumb\":{\"@id\":\"https:\/\/www.public.sn\/index.php\/2023\/02\/23\/le-geste-noble-de-aliou-cisse-el-hadji-diouf-et-demba-ba-en-faveur-des-victimes-du-seisme-en-turquie\/#breadcrumb\"},\"inLanguage\":\"fr-FR\",\"potentialAction\":[{\"@type\":\"ReadAction\",\"target\":[\"https:\/\/www.public.sn\/index.php\/2023\/02\/23\/le-geste-noble-de-aliou-cisse-el-hadji-diouf-et-demba-ba-en-faveur-des-victimes-du-seisme-en-turquie\/\"]}]},{\"@type\":\"ImageObject\",\"inLanguage\":\"fr-FR\",\"@id\":\"https:\/\/www.public.sn\/index.php\/2023\/02\/23\/le-geste-noble-de-aliou-cisse-el-hadji-diouf-et-demba-ba-en-faveur-des-victimes-du-seisme-en-turquie\/#primaryimage\",\"url\":\"https:\/\/www.public.sn\/wp-content\/uploads\/2023\/02\/Aliou-CisseDioufy.gif\",\"contentUrl\":\"https:\/\/www.public.sn\/wp-content\/uploads\/2023\/02\/Aliou-CisseDioufy.gif\",\"width\":789,\"height\":560},{\"@type\":\"BreadcrumbList\",\"@id\":\"https:\/\/www.public.sn\/index.php\/2023\/02\/23\/le-geste-noble-de-aliou-cisse-el-hadji-diouf-et-demba-ba-en-faveur-des-victimes-du-seisme-en-turquie\/#breadcrumb\",\"itemListElement\":[{\"@type\":\"ListItem\",\"position\":1,\"name\":\"Accueil\",\"item\":\"https:\/\/www.public.sn\/\"},{\"@type\":\"ListItem\",\"position\":2,\"name\":\"Le geste noble de Aliou Ciss\u00e9, El Hadji Diouf, et Demba Ba en faveur des victimes du s\u00e9isme en Turquie\"}]},{\"@type\":\"WebSite\",\"@id\":\"https:\/\/www.public.sn\/#website\",\"url\":\"https:\/\/www.public.sn\/\",\"name\":\"LE PUBLIC\",\"description\":\"\",\"publisher\":{\"@id\":\"https:\/\/www.public.sn\/#organization\"},\"potentialAction\":[{\"@type\":\"SearchAction\",\"target\":{\"@type\":\"EntryPoint\",\"urlTemplate\":\"https:\/\/www.public.sn\/?s={search_term_string}\"},\"query-input\":{\"@type\":\"PropertyValueSpecification\",\"valueRequired\":true,\"valueName\":\"search_term_string\"}}],\"inLanguage\":\"fr-FR\"},{\"@type\":\"Organization\",\"@id\":\"https:\/\/www.public.sn\/#organization\",\"name\":\"LE PUBLIC\",\"url\":\"https:\/\/www.public.sn\/\",\"logo\":{\"@type\":\"ImageObject\",\"inLanguage\":\"fr-FR\",\"@id\":\"https:\/\/www.public.sn\/#\/schema\/logo\/image\/\",\"url\":\"https:\/\/www.public.sn\/wp-content\/uploads\/2024\/05\/cropped-LOGO-PUBLIC.SN_.png\",\"contentUrl\":\"https:\/\/www.public.sn\/wp-content\/uploads\/2024\/05\/cropped-LOGO-PUBLIC.SN_.png\",\"width\":682,\"height\":192,\"caption\":\"LE PUBLIC\"},\"image\":{\"@id\":\"https:\/\/www.public.sn\/#\/schema\/logo\/image\/\"}},{\"@type\":\"Person\",\"@id\":\"https:\/\/www.public.sn\/#\/schema\/person\/cb76c8e1b8becc6be61fb5e92d6d0224\",\"name\":\"LA REDACTION\",\"image\":{\"@type\":\"ImageObject\",\"inLanguage\":\"fr-FR\",\"@id\":\"https:\/\/www.public.sn\/#\/schema\/person\/image\/\",\"url\":\"https:\/\/secure.gravatar.com\/avatar\/2dce5ddd34b8fef0180efe03aa2a9bee7d953856048f9a16b298190a3178407c?s=96&d=mm&r=g\",\"contentUrl\":\"https:\/\/secure.gravatar.com\/avatar\/2dce5ddd34b8fef0180efe03aa2a9bee7d953856048f9a16b298190a3178407c?s=96&d=mm&r=g\",\"caption\":\"LA REDACTION\"},\"url\":\"https:\/\/www.public.sn\/index.php\/author\/editeurpsn\/\"}]}<\/script>\n<!-- \/ Yoast SEO plugin. -->","yoast_head_json":{"title":"Le geste noble de Aliou Ciss\u00e9, El Hadji Diouf, et Demba Ba en faveur des victimes du s\u00e9isme en Turquie - LE PUBLIC","robots":{"index":"index","follow":"follow","max-snippet":"max-snippet:-1","max-image-preview":"max-image-preview:large","max-video-preview":"max-video-preview:-1"},"canonical":"https:\/\/www.public.sn\/index.php\/2023\/02\/23\/le-geste-noble-de-aliou-cisse-el-hadji-diouf-et-demba-ba-en-faveur-des-victimes-du-seisme-en-turquie\/","og_locale":"fr_FR","og_type":"article","og_title":"Le geste noble de Aliou Ciss\u00e9, El Hadji Diouf, et Demba Ba en faveur des victimes du s\u00e9isme en Turquie - LE PUBLIC","og_description":"Des ex-footballeurs s\u00e9n\u00e9galais se sont rassembl\u00e9s pour soutenir les victimes des r\u00e9cents tremblements de terre en Turquie. El Hadji Diouf et Aliou Ciss\u00e9 ont g\u00e9n\u00e9reusement offert leurs maillots d\u00e9dicac\u00e9s de la Coupe du Monde 2002 \u00e0 une vente aux ench\u00e8res organis\u00e9e par l\u2019ambassade turque \u00e0 Dakar. Le match m\u00e9morable entre la Turquie et le S\u00e9n\u00e9gal en quart de finale de la Coupe du Monde de 2002 est encore vivant dans les esprits, o\u00f9 la Turquie a \u00e9limin\u00e9 le S\u00e9n\u00e9gal gr\u00e2ce \u00e0 un but en or. Les maillots port\u00e9s pendant ce match seront vendus aux ench\u00e8res pour aider les victimes des tremblements de terre. La star d\u2019hier de l\u2019\u00e9quipe de Medipol Basaksehir, Demba Ba, a \u00e9galement offert son maillot pour la vente aux ench\u00e8res en signe de solidarit\u00e9. De plus, Mame Thiam, attaquant s\u00e9n\u00e9galais de Yukatel Kayserispor, a fait don de ses maillots sign\u00e9s de Kayserispor et de Fenerbahce. Les tremblements de terre qui ont frapp\u00e9 le sud de la Turquie en f\u00e9vrier 2023 ont co\u00fbt\u00e9 la vie \u00e0 plus de 42 310 personnes et bless\u00e9 des milliers d\u2019autres. Gr\u00e2ce \u00e0 l\u2019initiative de ces anciens joueurs de football s\u00e9n\u00e9galais, la communaut\u00e9 internationale peut aider \u00e0 soutenir les personnes touch\u00e9es par ces catastrophes naturelles.","og_url":"https:\/\/www.public.sn\/index.php\/2023\/02\/23\/le-geste-noble-de-aliou-cisse-el-hadji-diouf-et-demba-ba-en-faveur-des-victimes-du-seisme-en-turquie\/","og_site_name":"LE PUBLIC","article_published_time":"2023-02-23T16:36:04+00:00","og_image":[{"width":789,"height":560,"url":"https:\/\/www.public.sn\/wp-content\/uploads\/2023\/02\/Aliou-CisseDioufy.gif","type":"image\/gif"}],"author":"LA REDACTION","twitter_card":"summary_large_image","twitter_misc":{"\u00c9crit par":"LA REDACTION","Dur\u00e9e de lecture estim\u00e9e":"2 minutes"},"schema":{"@context":"https:\/\/schema.org","@graph":[{"@type":"Article","@id":"https:\/\/www.public.sn\/index.php\/2023\/02\/23\/le-geste-noble-de-aliou-cisse-el-hadji-diouf-et-demba-ba-en-faveur-des-victimes-du-seisme-en-turquie\/#article","isPartOf":{"@id":"https:\/\/www.public.sn\/index.php\/2023\/02\/23\/le-geste-noble-de-aliou-cisse-el-hadji-diouf-et-demba-ba-en-faveur-des-victimes-du-seisme-en-turquie\/"},"author":{"name":"LA REDACTION","@id":"https:\/\/www.public.sn\/#\/schema\/person\/cb76c8e1b8becc6be61fb5e92d6d0224"},"headline":"Le geste noble de Aliou Ciss\u00e9, El Hadji Diouf, et Demba Ba en faveur des victimes du s\u00e9isme en Turquie","datePublished":"2023-02-23T16:36:04+00:00","mainEntityOfPage":{"@id":"https:\/\/www.public.sn\/index.php\/2023\/02\/23\/le-geste-noble-de-aliou-cisse-el-hadji-diouf-et-demba-ba-en-faveur-des-victimes-du-seisme-en-turquie\/"},"wordCount":245,"commentCount":0,"publisher":{"@id":"https:\/\/www.public.sn\/#organization"},"image":{"@id":"https:\/\/www.public.sn\/index.php\/2023\/02\/23\/le-geste-noble-de-aliou-cisse-el-hadji-diouf-et-demba-ba-en-faveur-des-victimes-du-seisme-en-turquie\/#primaryimage"},"thumbnailUrl":"https:\/\/www.public.sn\/wp-content\/uploads\/2023\/02\/Aliou-CisseDioufy.gif","keywords":["Aliou Ciss\u00e9","demba ba","diouf","s\u00e9isme turquie"],"articleSection":["ACTUALIT\u00c9S","AFRIQUE &amp; MONDE","FAITS DIVERS","internationale","SANT\u00c9","SOCIETE","SPORTS"],"inLanguage":"fr-FR","potentialAction":[{"@type":"CommentAction","name":"Comment","target":["https:\/\/www.public.sn\/index.php\/2023\/02\/23\/le-geste-noble-de-aliou-cisse-el-hadji-diouf-et-demba-ba-en-faveur-des-victimes-du-seisme-en-turquie\/#respond"]}]},{"@type":"WebPage","@id":"https:\/\/www.public.sn\/index.php\/2023\/02\/23\/le-geste-noble-de-aliou-cisse-el-hadji-diouf-et-demba-ba-en-faveur-des-victimes-du-seisme-en-turquie\/","url":"https:\/\/www.public.sn\/index.php\/2023\/02\/23\/le-geste-noble-de-aliou-cisse-el-hadji-diouf-et-demba-ba-en-faveur-des-victimes-du-seisme-en-turquie\/","name":"Le geste noble de Aliou Ciss\u00e9, El Hadji Diouf, et Demba Ba en faveur des victimes du s\u00e9isme en Turquie - LE PUBLIC","isPartOf":{"@id":"https:\/\/www.public.sn\/#website"},"primaryImageOfPage":{"@id":"https:\/\/www.public.sn\/index.php\/2023\/02\/23\/le-geste-noble-de-aliou-cisse-el-hadji-diouf-et-demba-ba-en-faveur-des-victimes-du-seisme-en-turquie\/#primaryimage"},"image":{"@id":"https:\/\/www.public.sn\/index.php\/2023\/02\/23\/le-geste-noble-de-aliou-cisse-el-hadji-diouf-et-demba-ba-en-faveur-des-victimes-du-seisme-en-turquie\/#primaryimage"},"thumbnailUrl":"https:\/\/www.public.sn\/wp-content\/uploads\/2023\/02\/Aliou-CisseDioufy.gif","datePublished":"2023-02-23T16:36:04+00:00","breadcrumb":{"@id":"https:\/\/www.public.sn\/index.php\/2023\/02\/23\/le-geste-noble-de-aliou-cisse-el-hadji-diouf-et-demba-ba-en-faveur-des-victimes-du-seisme-en-turquie\/#breadcrumb"},"inLanguage":"fr-FR","potentialAction":[{"@type":"ReadAction","target":["https:\/\/www.public.sn\/index.php\/2023\/02\/23\/le-geste-noble-de-aliou-cisse-el-hadji-diouf-et-demba-ba-en-faveur-des-victimes-du-seisme-en-turquie\/"]}]},{"@type":"ImageObject","inLanguage":"fr-FR","@id":"https:\/\/www.public.sn\/index.php\/2023\/02\/23\/le-geste-noble-de-aliou-cisse-el-hadji-diouf-et-demba-ba-en-faveur-des-victimes-du-seisme-en-turquie\/#primaryimage","url":"https:\/\/www.public.sn\/wp-content\/uploads\/2023\/02\/Aliou-CisseDioufy.gif","contentUrl":"https:\/\/www.public.sn\/wp-content\/uploads\/2023\/02\/Aliou-CisseDioufy.gif","width":789,"height":560},{"@type":"BreadcrumbList","@id":"https:\/\/www.public.sn\/index.php\/2023\/02\/23\/le-geste-noble-de-aliou-cisse-el-hadji-diouf-et-demba-ba-en-faveur-des-victimes-du-seisme-en-turquie\/#breadcrumb","itemListElement":[{"@type":"ListItem","position":1,"name":"Accueil","item":"https:\/\/www.public.sn\/"},{"@type":"ListItem","position":2,"name":"Le geste noble de Aliou Ciss\u00e9, El Hadji Diouf, et Demba Ba en faveur des victimes du s\u00e9isme en Turquie"}]},{"@type":"WebSite","@id":"https:\/\/www.public.sn\/#website","url":"https:\/\/www.public.sn\/","name":"LE PUBLIC","description":"","publisher":{"@id":"https:\/\/www.public.sn\/#organization"},"potentialAction":[{"@type":"SearchAction","target":{"@type":"EntryPoint","urlTemplate":"https:\/\/www.public.sn\/?s={search_term_string}"},"query-input":{"@type":"PropertyValueSpecification","valueRequired":true,"valueName":"search_term_string"}}],"inLanguage":"fr-FR"},{"@type":"Organization","@id":"https:\/\/www.public.sn\/#organization","name":"LE PUBLIC","url":"https:\/\/www.public.sn\/","logo":{"@type":"ImageObject","inLanguage":"fr-FR","@id":"https:\/\/www.public.sn\/#\/schema\/logo\/image\/","url":"https:\/\/www.public.sn\/wp-content\/uploads\/2024\/05\/cropped-LOGO-PUBLIC.SN_.png","contentUrl":"https:\/\/www.public.sn\/wp-content\/uploads\/2024\/05\/cropped-LOGO-PUBLIC.SN_.png","width":682,"height":192,"caption":"LE PUBLIC"},"image":{"@id":"https:\/\/www.public.sn\/#\/schema\/logo\/image\/"}},{"@type":"Person","@id":"https:\/\/www.public.sn\/#\/schema\/person\/cb76c8e1b8becc6be61fb5e92d6d0224","name":"LA REDACTION","image":{"@type":"ImageObject","inLanguage":"fr-FR","@id":"https:\/\/www.public.sn\/#\/schema\/person\/image\/","url":"https:\/\/secure.gravatar.com\/avatar\/2dce5ddd34b8fef0180efe03aa2a9bee7d953856048f9a16b298190a3178407c?s=96&d=mm&r=g","contentUrl":"https:\/\/secure.gravatar.com\/avatar\/2dce5ddd34b8fef0180efe03aa2a9bee7d953856048f9a16b298190a3178407c?s=96&d=mm&r=g","caption":"LA REDACTION"},"url":"https:\/\/www.public.sn\/index.php\/author\/editeurpsn\/"}]}},"jetpack_featured_media_url":"https:\/\/www.public.sn\/wp-content\/uploads\/2023\/02\/Aliou-CisseDioufy.gif","jetpack_sharing_enabled":true,"_links":{"self":[{"href":"https:\/\/www.public.sn\/index.php\/wp-json\/wp\/v2\/posts\/16387","targetHints":{"allow":["GET"]}}],"collection":[{"href":"https:\/\/www.public.sn\/index.php\/wp-json\/wp\/v2\/posts"}],"about":[{"href":"https:\/\/www.public.sn\/index.php\/wp-json\/wp\/v2\/types\/post"}],"author":[{"embeddable":true,"href":"https:\/\/www.public.sn\/index.php\/wp-json\/wp\/v2\/users\/7"}],"replies":[{"embeddable":true,"href":"https:\/\/www.public.sn\/index.php\/wp-json\/wp\/v2\/comments?post=16387"}],"version-history":[{"count":1,"href":"https:\/\/www.public.sn\/index.php\/wp-json\/wp\/v2\/posts\/16387\/revisions"}],"predecessor-version":[{"id":16389,"href":"https:\/\/www.public.sn\/index.php\/wp-json\/wp\/v2\/posts\/16387\/revisions\/16389"}],"wp:featuredmedia":[{"embeddable":true,"href":"https:\/\/www.public.sn\/index.php\/wp-json\/wp\/v2\/media\/16388"}],"wp:attachment":[{"href":"https:\/\/www.public.sn\/index.php\/wp-json\/wp\/v2\/media?parent=16387"}],"wp:term":[{"taxonomy":"category","embeddable":true,"href":"https:\/\/www.public.sn\/index.php\/wp-json\/wp\/v2\/categories?post=16387"},{"taxonomy":"post_tag","embeddable":true,"href":"https:\/\/www.public.sn\/index.php\/wp-json\/wp\/v2\/tags?post=16387"}],"curies":[{"name":"wp","href":"https:\/\/api.w.org\/{rel}","templated":true}]}}