{"id":16397,"date":"2023-02-23T17:21:05","date_gmt":"2023-02-23T17:21:05","guid":{"rendered":"https:\/\/www.public.sn\/?p=16397"},"modified":"2023-02-23T17:21:05","modified_gmt":"2023-02-23T17:21:05","slug":"la-famille-de-mame-maodo-lance-un-appel-a-la-retenue-pour-preserver-la-stabilite-du-pays","status":"publish","type":"post","link":"https:\/\/www.public.sn\/index.php\/2023\/02\/23\/la-famille-de-mame-maodo-lance-un-appel-a-la-retenue-pour-preserver-la-stabilite-du-pays\/","title":{"rendered":"La famille de Mame Maodo lance un appel \u00e0 la \u00abretenue\u00bb pour pr\u00e9server la stabilit\u00e9 du pays."},"content":{"rendered":"<p><img fetchpriority=\"high\" decoding=\"async\" class=\"alignnone size-full wp-image-16398\" src=\"https:\/\/www.public.sn\/wp-content\/uploads\/2023\/02\/serigne-mbaye-sy.jpg\" alt=\"\" width=\"650\" height=\"391\" srcset=\"https:\/\/www.public.sn\/wp-content\/uploads\/2023\/02\/serigne-mbaye-sy.jpg 650w, https:\/\/www.public.sn\/wp-content\/uploads\/2023\/02\/serigne-mbaye-sy-600x361.jpg 600w, https:\/\/www.public.sn\/wp-content\/uploads\/2023\/02\/serigne-mbaye-sy-300x180.jpg 300w\" sizes=\"(max-width: 650px) 100vw, 650px\" \/><\/p>\n<h4><strong>Le Gamou annuel de Fass\/Diacksao, fief spirituel de Seydil Hadj Malick Sy (Rta), un \u00e9v\u00e8nement qui s\u2019inscrit dans la continuit\u00e9 du grand Gamou de Tivaouane, tenu cette ann\u00e9e dans un contexte politique tr\u00e8s charg\u00e9, a \u00e9t\u00e9 mis \u00e0 profit par la famille maraboutique Sy de Tivaouane pour appeler \u00e0 \u00abla pr\u00e9servation de la paix au S\u00e9n\u00e9gal\u00bb.<\/strong><\/h4>\n<p>\u00abLa paix.\u00bb Un th\u00e8me sp\u00e9cifique puis\u00e9 du Saint-Coran, qui a \u00e9t\u00e9 retenu cette ann\u00e9e pour l\u2019\u00e9dition 2023 du Gamou annuel de Fass\/Diacksao. Une occasion pour la famille Sy de Tivaouane d\u2019appeler les acteurs politiques, toutes ob\u00e9issances confondues, au \u00absens de la tenue et de la retenue\u00bb. Un th\u00e8me qui, selon les guides religieux de la capitale de la Tidianiyya, \u00abr\u00e9pond au contexte avec tout ce qu\u2019on observe sur l\u2019espace public, \u00e0 travers les r\u00e9seaux sociaux, la presse, les propos ind\u00e9cents, des invectives, des propos injurieux, irrespectueux\u00bb. C\u2019est pourquoi tous ces leaders religieux, remarque ce petit-fils de Maodo, Abdoul Aziz Diop, \u00abde Touba \u00e0 Tivaouane en passant par Thi\u00e9naba, la famille omarienne, Ndiassane, Yoff Lay\u00e8ne, la famille Niass\u00e8ne de Kaolack, etc., partout les guide religieux ont pr\u00f4n\u00e9 le retour vers la pr\u00e9servation, la consolidation de la paix, la stabilit\u00e9 sociale, la coh\u00e9sion sociale, le vivre ensemble, le respect mutuel entre acteurs, la confiance mutuelle\u00bb.<\/p><div class=\"publi-paragraphe1\" style=\"margin-top: 10px;margin-bottom: 10px;margin-left: auto;margin-right: auto;text-align: center;\" id=\"publi-2331964264\"><div class=\"publi-adlabel\">Publicit\u00e9<\/div><script async src=\"\/\/pagead2.googlesyndication.com\/pagead\/js\/adsbygoogle.js?client=ca-pub-4089586018074219\" crossorigin=\"anonymous\"><\/script><ins class=\"adsbygoogle\" style=\"display:block;\" data-ad-client=\"ca-pub-4089586018074219\" \ndata-ad-slot=\"2087940154\" \ndata-ad-format=\"auto\"><\/ins>\n<script> \n(adsbygoogle = window.adsbygoogle || []).push({}); \n<\/script>\n<\/div>\n<p>La famille de Mame Maodo, pr\u00e9occup\u00e9e par la \u00abtension politico-sociale au S\u00e9n\u00e9gal\u00bb, lance un appel \u00e0 la \u00abretenue\u00bb pour pr\u00e9server la stabilit\u00e9 du pays. Serigne Sidy Ahmed Sy Ibn El Hadji Abdoul Aziz Sy Dabakh Malick invite les S\u00e9\u00adn\u00e9galais \u00e0 \u00abune introspection collective avant que l\u2019irr\u00e9parable ne se produise\u00bb.<br \/>\nFort du constat fait sur \u00abla situation politique tr\u00e8s tendue au S\u00e9n\u00e9gal, les crises multiformes que le pays traverse, notamment la crise des valeurs, de l\u2019autorit\u00e9, la crise de confiance entre les diff\u00e9rents acteurs\u00bb, le Cheikh de Diacksao a pens\u00e9 devoir appeler tous les S\u00e9n\u00e9galais sans exclusive \u00e0 \u00abune introspection collective\u00bb, les invitant \u00e0 \u00abmettre en avant l\u2019int\u00e9r\u00eat sup\u00e9rieur de la Nation, au-dessus des int\u00e9r\u00eats partisans, personnels ou individuels\u00bb. Le digne fils de Dabaakh est revenu sur \u00abce chapelet d\u2019incertitudes qui plane sur l\u2019avenir du S\u00e9n\u00e9gal, \u00e0 travers des invectives, des prises de position, des diatribes venant de tous les bords\u00bb. D\u2019o\u00f9 son appel \u00e0 \u00abla raison lanc\u00e9 \u00e0 tous les acteurs, de quelque bord qu\u2019ils se situent\u00bb. Ce en conformit\u00e9 d\u2019ailleurs avec le th\u00e8me du Gamou tir\u00e9 du Saint-Coran\u00a0: \u00abNe dites que du bien des gens\u00bb, avec comme parrain, la famille omarienne, pour magnifier \u00abla n\u00e9cessit\u00e9 d\u2019une concorde et d\u2019une coh\u00e9sion nationales\u00bb. Le guide religieux rappelle que \u00abnous avons un patrimoine immat\u00e9riel inestimable que les autres n\u2019ont pas. Il urge de le pr\u00e9server, car c\u2019est le gage de notre stabilit\u00e9 sociale, de notre coh\u00e9sion nationale. La confiance mutuelle et le respect doivent \u00eatre de mise dans l\u2019espace public et priv\u00e9\u00bb.<\/p>\n<div class=\"publi-apres-le-contenu\" style=\"margin-top: 10px;margin-bottom: 10px;margin-left: auto;margin-right: auto;text-align: center;\" id=\"publi-2687254709\"><div class=\"publi-adlabel\">Publicit\u00e9<\/div><script async src=\"\/\/pagead2.googlesyndication.com\/pagead\/js\/adsbygoogle.js?client=ca-pub-4089586018074219\" crossorigin=\"anonymous\"><\/script><ins class=\"adsbygoogle\" style=\"display:block;\" data-ad-client=\"ca-pub-4089586018074219\" \ndata-ad-slot=\"2087940154\" \ndata-ad-format=\"auto\"><\/ins>\n<script> \n(adsbygoogle = window.adsbygoogle || []).push({}); \n<\/script>\n<\/div>","protected":false},"excerpt":{"rendered":"<p>Le Gamou annuel de Fass\/Diacksao, fief spirituel de Seydil Hadj Malick Sy (Rta), un \u00e9v\u00e8nement qui s\u2019inscrit dans la continuit\u00e9 du grand Gamou de Tivaouane, tenu cette ann\u00e9e dans un contexte politique tr\u00e8s charg\u00e9, a \u00e9t\u00e9 mis \u00e0 profit par la famille maraboutique Sy de Tivaouane pour appeler \u00e0 \u00abla pr\u00e9servation de la paix au S\u00e9n\u00e9gal\u00bb. \u00abLa paix.\u00bb Un th\u00e8me sp\u00e9cifique puis\u00e9 du Saint-Coran, qui a \u00e9t\u00e9 retenu cette ann\u00e9e pour l\u2019\u00e9dition 2023 du Gamou annuel de Fass\/Diacksao. Une occasion pour la famille Sy de Tivaouane d\u2019appeler les acteurs politiques, toutes ob\u00e9issances confondues, au \u00absens de la tenue et de la retenue\u00bb. Un th\u00e8me qui, selon les guides religieux de la capitale de la Tidianiyya, \u00abr\u00e9pond au contexte avec tout ce qu\u2019on observe sur l\u2019espace public, \u00e0 travers les r\u00e9seaux sociaux, la presse, les propos ind\u00e9cents, des invectives, des propos injurieux, irrespectueux\u00bb. C\u2019est pourquoi tous ces leaders religieux, remarque ce petit-fils de Maodo, Abdoul Aziz Diop, \u00abde Touba \u00e0 Tivaouane en passant par Thi\u00e9naba, la famille omarienne, Ndiassane, Yoff Lay\u00e8ne, la famille Niass\u00e8ne de Kaolack, etc., partout les guide religieux ont pr\u00f4n\u00e9 le retour vers la pr\u00e9servation, la consolidation de la paix, la stabilit\u00e9 sociale, la coh\u00e9sion sociale, le vivre ensemble, le respect mutuel entre acteurs, la confiance mutuelle\u00bb. La famille de Mame Maodo, pr\u00e9occup\u00e9e par la \u00abtension politico-sociale au S\u00e9n\u00e9gal\u00bb, lance un appel \u00e0 la \u00abretenue\u00bb pour pr\u00e9server la stabilit\u00e9 du pays. Serigne Sidy Ahmed Sy Ibn El Hadji Abdoul Aziz Sy Dabakh Malick invite les S\u00e9\u00adn\u00e9galais \u00e0 \u00abune introspection collective avant que l\u2019irr\u00e9parable ne se produise\u00bb. Fort du constat fait sur \u00abla situation politique tr\u00e8s tendue au S\u00e9n\u00e9gal, les crises multiformes que le pays traverse, notamment la crise des valeurs, de l\u2019autorit\u00e9, la crise de confiance entre les diff\u00e9rents acteurs\u00bb, le Cheikh de Diacksao a pens\u00e9 devoir appeler tous les S\u00e9n\u00e9galais sans exclusive \u00e0 \u00abune introspection collective\u00bb, les invitant \u00e0 \u00abmettre en avant l\u2019int\u00e9r\u00eat sup\u00e9rieur de la Nation, au-dessus des int\u00e9r\u00eats partisans, personnels ou individuels\u00bb. Le digne fils de Dabaakh est revenu sur \u00abce chapelet d\u2019incertitudes qui plane sur l\u2019avenir du S\u00e9n\u00e9gal, \u00e0 travers des invectives, des prises de position, des diatribes venant de tous les bords\u00bb. D\u2019o\u00f9 son appel \u00e0 \u00abla raison lanc\u00e9 \u00e0 tous les acteurs, de quelque bord qu\u2019ils se situent\u00bb. Ce en conformit\u00e9 d\u2019ailleurs avec le th\u00e8me du Gamou tir\u00e9 du Saint-Coran\u00a0: \u00abNe dites que du bien des gens\u00bb, avec comme parrain, la famille omarienne, pour magnifier \u00abla n\u00e9cessit\u00e9 d\u2019une concorde et d\u2019une coh\u00e9sion nationales\u00bb. Le guide religieux rappelle que \u00abnous avons un patrimoine immat\u00e9riel inestimable que les autres n\u2019ont pas. Il urge de le pr\u00e9server, car c\u2019est le gage de notre stabilit\u00e9 sociale, de notre coh\u00e9sion nationale. La confiance mutuelle et le respect doivent \u00eatre de mise dans l\u2019espace public et priv\u00e9\u00bb.<\/p>\n","protected":false},"author":7,"featured_media":16398,"comment_status":"open","ping_status":"open","sticky":false,"template":"","format":"standard","meta":{"_jetpack_memberships_contains_paid_content":false,"footnotes":""},"categories":[375,3,844,372],"tags":[],"class_list":["post-16397","post","type-post","status-publish","format-standard","has-post-thumbnail","hentry","category-actualites","category-politique","category-revue-de-presse","category-vedette","entry","has-media","owp-thumbs-layout-horizontal","owp-btn-normal","owp-tabs-layout-horizontal","has-no-thumbnails","has-product-nav"],"yoast_head":"<!-- This site is optimized with the Yoast SEO plugin v25.5 - https:\/\/yoast.com\/wordpress\/plugins\/seo\/ -->\n<title>La famille de Mame Maodo lance un appel \u00e0 la \u00abretenue\u00bb pour pr\u00e9server la stabilit\u00e9 du pays. - LE PUBLIC<\/title>\n<meta name=\"robots\" content=\"index, follow, max-snippet:-1, max-image-preview:large, max-video-preview:-1\" \/>\n<link rel=\"canonical\" href=\"https:\/\/www.public.sn\/index.php\/2023\/02\/23\/la-famille-de-mame-maodo-lance-un-appel-a-la-retenue-pour-preserver-la-stabilite-du-pays\/\" \/>\n<meta property=\"og:locale\" content=\"fr_FR\" \/>\n<meta property=\"og:type\" content=\"article\" \/>\n<meta property=\"og:title\" content=\"La famille de Mame Maodo lance un appel \u00e0 la \u00abretenue\u00bb pour pr\u00e9server la stabilit\u00e9 du pays. - LE PUBLIC\" \/>\n<meta property=\"og:description\" content=\"Le Gamou annuel de Fass\/Diacksao, fief spirituel de Seydil Hadj Malick Sy (Rta), un \u00e9v\u00e8nement qui s\u2019inscrit dans la continuit\u00e9 du grand Gamou de Tivaouane, tenu cette ann\u00e9e dans un contexte politique tr\u00e8s charg\u00e9, a \u00e9t\u00e9 mis \u00e0 profit par la famille maraboutique Sy de Tivaouane pour appeler \u00e0 \u00abla pr\u00e9servation de la paix au S\u00e9n\u00e9gal\u00bb. \u00abLa paix.\u00bb Un th\u00e8me sp\u00e9cifique puis\u00e9 du Saint-Coran, qui a \u00e9t\u00e9 retenu cette ann\u00e9e pour l\u2019\u00e9dition 2023 du Gamou annuel de Fass\/Diacksao. Une occasion pour la famille Sy de Tivaouane d\u2019appeler les acteurs politiques, toutes ob\u00e9issances confondues, au \u00absens de la tenue et de la retenue\u00bb. Un th\u00e8me qui, selon les guides religieux de la capitale de la Tidianiyya, \u00abr\u00e9pond au contexte avec tout ce qu\u2019on observe sur l\u2019espace public, \u00e0 travers les r\u00e9seaux sociaux, la presse, les propos ind\u00e9cents, des invectives, des propos injurieux, irrespectueux\u00bb. C\u2019est pourquoi tous ces leaders religieux, remarque ce petit-fils de Maodo, Abdoul Aziz Diop, \u00abde Touba \u00e0 Tivaouane en passant par Thi\u00e9naba, la famille omarienne, Ndiassane, Yoff Lay\u00e8ne, la famille Niass\u00e8ne de Kaolack, etc., partout les guide religieux ont pr\u00f4n\u00e9 le retour vers la pr\u00e9servation, la consolidation de la paix, la stabilit\u00e9 sociale, la coh\u00e9sion sociale, le vivre ensemble, le respect mutuel entre acteurs, la confiance mutuelle\u00bb. La famille de Mame Maodo, pr\u00e9occup\u00e9e par la \u00abtension politico-sociale au S\u00e9n\u00e9gal\u00bb, lance un appel \u00e0 la \u00abretenue\u00bb pour pr\u00e9server la stabilit\u00e9 du pays. Serigne Sidy Ahmed Sy Ibn El Hadji Abdoul Aziz Sy Dabakh Malick invite les S\u00e9\u00adn\u00e9galais \u00e0 \u00abune introspection collective avant que l\u2019irr\u00e9parable ne se produise\u00bb. Fort du constat fait sur \u00abla situation politique tr\u00e8s tendue au S\u00e9n\u00e9gal, les crises multiformes que le pays traverse, notamment la crise des valeurs, de l\u2019autorit\u00e9, la crise de confiance entre les diff\u00e9rents acteurs\u00bb, le Cheikh de Diacksao a pens\u00e9 devoir appeler tous les S\u00e9n\u00e9galais sans exclusive \u00e0 \u00abune introspection collective\u00bb, les invitant \u00e0 \u00abmettre en avant l\u2019int\u00e9r\u00eat sup\u00e9rieur de la Nation, au-dessus des int\u00e9r\u00eats partisans, personnels ou individuels\u00bb. Le digne fils de Dabaakh est revenu sur \u00abce chapelet d\u2019incertitudes qui plane sur l\u2019avenir du S\u00e9n\u00e9gal, \u00e0 travers des invectives, des prises de position, des diatribes venant de tous les bords\u00bb. D\u2019o\u00f9 son appel \u00e0 \u00abla raison lanc\u00e9 \u00e0 tous les acteurs, de quelque bord qu\u2019ils se situent\u00bb. Ce en conformit\u00e9 d\u2019ailleurs avec le th\u00e8me du Gamou tir\u00e9 du Saint-Coran\u00a0: \u00abNe dites que du bien des gens\u00bb, avec comme parrain, la famille omarienne, pour magnifier \u00abla n\u00e9cessit\u00e9 d\u2019une concorde et d\u2019une coh\u00e9sion nationales\u00bb. Le guide religieux rappelle que \u00abnous avons un patrimoine immat\u00e9riel inestimable que les autres n\u2019ont pas. Il urge de le pr\u00e9server, car c\u2019est le gage de notre stabilit\u00e9 sociale, de notre coh\u00e9sion nationale. La confiance mutuelle et le respect doivent \u00eatre de mise dans l\u2019espace public et priv\u00e9\u00bb.\" \/>\n<meta property=\"og:url\" content=\"https:\/\/www.public.sn\/index.php\/2023\/02\/23\/la-famille-de-mame-maodo-lance-un-appel-a-la-retenue-pour-preserver-la-stabilite-du-pays\/\" \/>\n<meta property=\"og:site_name\" content=\"LE PUBLIC\" \/>\n<meta property=\"article:published_time\" content=\"2023-02-23T17:21:05+00:00\" \/>\n<meta property=\"og:image\" content=\"https:\/\/www.public.sn\/wp-content\/uploads\/2023\/02\/serigne-mbaye-sy.jpg\" \/>\n\t<meta property=\"og:image:width\" content=\"650\" \/>\n\t<meta property=\"og:image:height\" content=\"391\" \/>\n\t<meta property=\"og:image:type\" content=\"image\/jpeg\" \/>\n<meta name=\"author\" content=\"LA REDACTION\" \/>\n<meta name=\"twitter:card\" content=\"summary_large_image\" \/>\n<meta name=\"twitter:label1\" content=\"\u00c9crit par\" \/>\n\t<meta name=\"twitter:data1\" content=\"LA REDACTION\" \/>\n\t<meta name=\"twitter:label2\" content=\"Dur\u00e9e de lecture estim\u00e9e\" \/>\n\t<meta name=\"twitter:data2\" content=\"3 minutes\" \/>\n<script type=\"application\/ld+json\" class=\"yoast-schema-graph\">{\"@context\":\"https:\/\/schema.org\",\"@graph\":[{\"@type\":\"Article\",\"@id\":\"https:\/\/www.public.sn\/index.php\/2023\/02\/23\/la-famille-de-mame-maodo-lance-un-appel-a-la-retenue-pour-preserver-la-stabilite-du-pays\/#article\",\"isPartOf\":{\"@id\":\"https:\/\/www.public.sn\/index.php\/2023\/02\/23\/la-famille-de-mame-maodo-lance-un-appel-a-la-retenue-pour-preserver-la-stabilite-du-pays\/\"},\"author\":{\"name\":\"LA REDACTION\",\"@id\":\"https:\/\/www.public.sn\/#\/schema\/person\/cb76c8e1b8becc6be61fb5e92d6d0224\"},\"headline\":\"La famille de Mame Maodo lance un appel \u00e0 la \u00abretenue\u00bb pour pr\u00e9server la stabilit\u00e9 du pays.\",\"datePublished\":\"2023-02-23T17:21:05+00:00\",\"mainEntityOfPage\":{\"@id\":\"https:\/\/www.public.sn\/index.php\/2023\/02\/23\/la-famille-de-mame-maodo-lance-un-appel-a-la-retenue-pour-preserver-la-stabilite-du-pays\/\"},\"wordCount\":532,\"commentCount\":0,\"publisher\":{\"@id\":\"https:\/\/www.public.sn\/#organization\"},\"image\":{\"@id\":\"https:\/\/www.public.sn\/index.php\/2023\/02\/23\/la-famille-de-mame-maodo-lance-un-appel-a-la-retenue-pour-preserver-la-stabilite-du-pays\/#primaryimage\"},\"thumbnailUrl\":\"https:\/\/www.public.sn\/wp-content\/uploads\/2023\/02\/serigne-mbaye-sy.jpg\",\"articleSection\":[\"ACTUALIT\u00c9S\",\"POLITIQUE\",\"REVUE DE PRESSE\",\"VEDETTE\"],\"inLanguage\":\"fr-FR\",\"potentialAction\":[{\"@type\":\"CommentAction\",\"name\":\"Comment\",\"target\":[\"https:\/\/www.public.sn\/index.php\/2023\/02\/23\/la-famille-de-mame-maodo-lance-un-appel-a-la-retenue-pour-preserver-la-stabilite-du-pays\/#respond\"]}]},{\"@type\":\"WebPage\",\"@id\":\"https:\/\/www.public.sn\/index.php\/2023\/02\/23\/la-famille-de-mame-maodo-lance-un-appel-a-la-retenue-pour-preserver-la-stabilite-du-pays\/\",\"url\":\"https:\/\/www.public.sn\/index.php\/2023\/02\/23\/la-famille-de-mame-maodo-lance-un-appel-a-la-retenue-pour-preserver-la-stabilite-du-pays\/\",\"name\":\"La famille de Mame Maodo lance un appel \u00e0 la \u00abretenue\u00bb pour pr\u00e9server la stabilit\u00e9 du pays. - LE PUBLIC\",\"isPartOf\":{\"@id\":\"https:\/\/www.public.sn\/#website\"},\"primaryImageOfPage\":{\"@id\":\"https:\/\/www.public.sn\/index.php\/2023\/02\/23\/la-famille-de-mame-maodo-lance-un-appel-a-la-retenue-pour-preserver-la-stabilite-du-pays\/#primaryimage\"},\"image\":{\"@id\":\"https:\/\/www.public.sn\/index.php\/2023\/02\/23\/la-famille-de-mame-maodo-lance-un-appel-a-la-retenue-pour-preserver-la-stabilite-du-pays\/#primaryimage\"},\"thumbnailUrl\":\"https:\/\/www.public.sn\/wp-content\/uploads\/2023\/02\/serigne-mbaye-sy.jpg\",\"datePublished\":\"2023-02-23T17:21:05+00:00\",\"breadcrumb\":{\"@id\":\"https:\/\/www.public.sn\/index.php\/2023\/02\/23\/la-famille-de-mame-maodo-lance-un-appel-a-la-retenue-pour-preserver-la-stabilite-du-pays\/#breadcrumb\"},\"inLanguage\":\"fr-FR\",\"potentialAction\":[{\"@type\":\"ReadAction\",\"target\":[\"https:\/\/www.public.sn\/index.php\/2023\/02\/23\/la-famille-de-mame-maodo-lance-un-appel-a-la-retenue-pour-preserver-la-stabilite-du-pays\/\"]}]},{\"@type\":\"ImageObject\",\"inLanguage\":\"fr-FR\",\"@id\":\"https:\/\/www.public.sn\/index.php\/2023\/02\/23\/la-famille-de-mame-maodo-lance-un-appel-a-la-retenue-pour-preserver-la-stabilite-du-pays\/#primaryimage\",\"url\":\"https:\/\/www.public.sn\/wp-content\/uploads\/2023\/02\/serigne-mbaye-sy.jpg\",\"contentUrl\":\"https:\/\/www.public.sn\/wp-content\/uploads\/2023\/02\/serigne-mbaye-sy.jpg\",\"width\":650,\"height\":391},{\"@type\":\"BreadcrumbList\",\"@id\":\"https:\/\/www.public.sn\/index.php\/2023\/02\/23\/la-famille-de-mame-maodo-lance-un-appel-a-la-retenue-pour-preserver-la-stabilite-du-pays\/#breadcrumb\",\"itemListElement\":[{\"@type\":\"ListItem\",\"position\":1,\"name\":\"Accueil\",\"item\":\"https:\/\/www.public.sn\/\"},{\"@type\":\"ListItem\",\"position\":2,\"name\":\"La famille de Mame Maodo lance un appel \u00e0 la \u00abretenue\u00bb pour pr\u00e9server la stabilit\u00e9 du pays.\"}]},{\"@type\":\"WebSite\",\"@id\":\"https:\/\/www.public.sn\/#website\",\"url\":\"https:\/\/www.public.sn\/\",\"name\":\"LE PUBLIC\",\"description\":\"\",\"publisher\":{\"@id\":\"https:\/\/www.public.sn\/#organization\"},\"potentialAction\":[{\"@type\":\"SearchAction\",\"target\":{\"@type\":\"EntryPoint\",\"urlTemplate\":\"https:\/\/www.public.sn\/?s={search_term_string}\"},\"query-input\":{\"@type\":\"PropertyValueSpecification\",\"valueRequired\":true,\"valueName\":\"search_term_string\"}}],\"inLanguage\":\"fr-FR\"},{\"@type\":\"Organization\",\"@id\":\"https:\/\/www.public.sn\/#organization\",\"name\":\"LE PUBLIC\",\"url\":\"https:\/\/www.public.sn\/\",\"logo\":{\"@type\":\"ImageObject\",\"inLanguage\":\"fr-FR\",\"@id\":\"https:\/\/www.public.sn\/#\/schema\/logo\/image\/\",\"url\":\"https:\/\/www.public.sn\/wp-content\/uploads\/2024\/05\/cropped-LOGO-PUBLIC.SN_.png\",\"contentUrl\":\"https:\/\/www.public.sn\/wp-content\/uploads\/2024\/05\/cropped-LOGO-PUBLIC.SN_.png\",\"width\":682,\"height\":192,\"caption\":\"LE PUBLIC\"},\"image\":{\"@id\":\"https:\/\/www.public.sn\/#\/schema\/logo\/image\/\"}},{\"@type\":\"Person\",\"@id\":\"https:\/\/www.public.sn\/#\/schema\/person\/cb76c8e1b8becc6be61fb5e92d6d0224\",\"name\":\"LA REDACTION\",\"image\":{\"@type\":\"ImageObject\",\"inLanguage\":\"fr-FR\",\"@id\":\"https:\/\/www.public.sn\/#\/schema\/person\/image\/\",\"url\":\"https:\/\/secure.gravatar.com\/avatar\/2dce5ddd34b8fef0180efe03aa2a9bee7d953856048f9a16b298190a3178407c?s=96&d=mm&r=g\",\"contentUrl\":\"https:\/\/secure.gravatar.com\/avatar\/2dce5ddd34b8fef0180efe03aa2a9bee7d953856048f9a16b298190a3178407c?s=96&d=mm&r=g\",\"caption\":\"LA REDACTION\"},\"url\":\"https:\/\/www.public.sn\/index.php\/author\/editeurpsn\/\"}]}<\/script>\n<!-- \/ Yoast SEO plugin. -->","yoast_head_json":{"title":"La famille de Mame Maodo lance un appel \u00e0 la \u00abretenue\u00bb pour pr\u00e9server la stabilit\u00e9 du pays. - LE PUBLIC","robots":{"index":"index","follow":"follow","max-snippet":"max-snippet:-1","max-image-preview":"max-image-preview:large","max-video-preview":"max-video-preview:-1"},"canonical":"https:\/\/www.public.sn\/index.php\/2023\/02\/23\/la-famille-de-mame-maodo-lance-un-appel-a-la-retenue-pour-preserver-la-stabilite-du-pays\/","og_locale":"fr_FR","og_type":"article","og_title":"La famille de Mame Maodo lance un appel \u00e0 la \u00abretenue\u00bb pour pr\u00e9server la stabilit\u00e9 du pays. - LE PUBLIC","og_description":"Le Gamou annuel de Fass\/Diacksao, fief spirituel de Seydil Hadj Malick Sy (Rta), un \u00e9v\u00e8nement qui s\u2019inscrit dans la continuit\u00e9 du grand Gamou de Tivaouane, tenu cette ann\u00e9e dans un contexte politique tr\u00e8s charg\u00e9, a \u00e9t\u00e9 mis \u00e0 profit par la famille maraboutique Sy de Tivaouane pour appeler \u00e0 \u00abla pr\u00e9servation de la paix au S\u00e9n\u00e9gal\u00bb. \u00abLa paix.\u00bb Un th\u00e8me sp\u00e9cifique puis\u00e9 du Saint-Coran, qui a \u00e9t\u00e9 retenu cette ann\u00e9e pour l\u2019\u00e9dition 2023 du Gamou annuel de Fass\/Diacksao. Une occasion pour la famille Sy de Tivaouane d\u2019appeler les acteurs politiques, toutes ob\u00e9issances confondues, au \u00absens de la tenue et de la retenue\u00bb. Un th\u00e8me qui, selon les guides religieux de la capitale de la Tidianiyya, \u00abr\u00e9pond au contexte avec tout ce qu\u2019on observe sur l\u2019espace public, \u00e0 travers les r\u00e9seaux sociaux, la presse, les propos ind\u00e9cents, des invectives, des propos injurieux, irrespectueux\u00bb. C\u2019est pourquoi tous ces leaders religieux, remarque ce petit-fils de Maodo, Abdoul Aziz Diop, \u00abde Touba \u00e0 Tivaouane en passant par Thi\u00e9naba, la famille omarienne, Ndiassane, Yoff Lay\u00e8ne, la famille Niass\u00e8ne de Kaolack, etc., partout les guide religieux ont pr\u00f4n\u00e9 le retour vers la pr\u00e9servation, la consolidation de la paix, la stabilit\u00e9 sociale, la coh\u00e9sion sociale, le vivre ensemble, le respect mutuel entre acteurs, la confiance mutuelle\u00bb. La famille de Mame Maodo, pr\u00e9occup\u00e9e par la \u00abtension politico-sociale au S\u00e9n\u00e9gal\u00bb, lance un appel \u00e0 la \u00abretenue\u00bb pour pr\u00e9server la stabilit\u00e9 du pays. Serigne Sidy Ahmed Sy Ibn El Hadji Abdoul Aziz Sy Dabakh Malick invite les S\u00e9\u00adn\u00e9galais \u00e0 \u00abune introspection collective avant que l\u2019irr\u00e9parable ne se produise\u00bb. Fort du constat fait sur \u00abla situation politique tr\u00e8s tendue au S\u00e9n\u00e9gal, les crises multiformes que le pays traverse, notamment la crise des valeurs, de l\u2019autorit\u00e9, la crise de confiance entre les diff\u00e9rents acteurs\u00bb, le Cheikh de Diacksao a pens\u00e9 devoir appeler tous les S\u00e9n\u00e9galais sans exclusive \u00e0 \u00abune introspection collective\u00bb, les invitant \u00e0 \u00abmettre en avant l\u2019int\u00e9r\u00eat sup\u00e9rieur de la Nation, au-dessus des int\u00e9r\u00eats partisans, personnels ou individuels\u00bb. Le digne fils de Dabaakh est revenu sur \u00abce chapelet d\u2019incertitudes qui plane sur l\u2019avenir du S\u00e9n\u00e9gal, \u00e0 travers des invectives, des prises de position, des diatribes venant de tous les bords\u00bb. D\u2019o\u00f9 son appel \u00e0 \u00abla raison lanc\u00e9 \u00e0 tous les acteurs, de quelque bord qu\u2019ils se situent\u00bb. Ce en conformit\u00e9 d\u2019ailleurs avec le th\u00e8me du Gamou tir\u00e9 du Saint-Coran\u00a0: \u00abNe dites que du bien des gens\u00bb, avec comme parrain, la famille omarienne, pour magnifier \u00abla n\u00e9cessit\u00e9 d\u2019une concorde et d\u2019une coh\u00e9sion nationales\u00bb. Le guide religieux rappelle que \u00abnous avons un patrimoine immat\u00e9riel inestimable que les autres n\u2019ont pas. Il urge de le pr\u00e9server, car c\u2019est le gage de notre stabilit\u00e9 sociale, de notre coh\u00e9sion nationale. La confiance mutuelle et le respect doivent \u00eatre de mise dans l\u2019espace public et priv\u00e9\u00bb.","og_url":"https:\/\/www.public.sn\/index.php\/2023\/02\/23\/la-famille-de-mame-maodo-lance-un-appel-a-la-retenue-pour-preserver-la-stabilite-du-pays\/","og_site_name":"LE PUBLIC","article_published_time":"2023-02-23T17:21:05+00:00","og_image":[{"width":650,"height":391,"url":"https:\/\/www.public.sn\/wp-content\/uploads\/2023\/02\/serigne-mbaye-sy.jpg","type":"image\/jpeg"}],"author":"LA REDACTION","twitter_card":"summary_large_image","twitter_misc":{"\u00c9crit par":"LA REDACTION","Dur\u00e9e de lecture estim\u00e9e":"3 minutes"},"schema":{"@context":"https:\/\/schema.org","@graph":[{"@type":"Article","@id":"https:\/\/www.public.sn\/index.php\/2023\/02\/23\/la-famille-de-mame-maodo-lance-un-appel-a-la-retenue-pour-preserver-la-stabilite-du-pays\/#article","isPartOf":{"@id":"https:\/\/www.public.sn\/index.php\/2023\/02\/23\/la-famille-de-mame-maodo-lance-un-appel-a-la-retenue-pour-preserver-la-stabilite-du-pays\/"},"author":{"name":"LA REDACTION","@id":"https:\/\/www.public.sn\/#\/schema\/person\/cb76c8e1b8becc6be61fb5e92d6d0224"},"headline":"La famille de Mame Maodo lance un appel \u00e0 la \u00abretenue\u00bb pour pr\u00e9server la stabilit\u00e9 du pays.","datePublished":"2023-02-23T17:21:05+00:00","mainEntityOfPage":{"@id":"https:\/\/www.public.sn\/index.php\/2023\/02\/23\/la-famille-de-mame-maodo-lance-un-appel-a-la-retenue-pour-preserver-la-stabilite-du-pays\/"},"wordCount":532,"commentCount":0,"publisher":{"@id":"https:\/\/www.public.sn\/#organization"},"image":{"@id":"https:\/\/www.public.sn\/index.php\/2023\/02\/23\/la-famille-de-mame-maodo-lance-un-appel-a-la-retenue-pour-preserver-la-stabilite-du-pays\/#primaryimage"},"thumbnailUrl":"https:\/\/www.public.sn\/wp-content\/uploads\/2023\/02\/serigne-mbaye-sy.jpg","articleSection":["ACTUALIT\u00c9S","POLITIQUE","REVUE DE PRESSE","VEDETTE"],"inLanguage":"fr-FR","potentialAction":[{"@type":"CommentAction","name":"Comment","target":["https:\/\/www.public.sn\/index.php\/2023\/02\/23\/la-famille-de-mame-maodo-lance-un-appel-a-la-retenue-pour-preserver-la-stabilite-du-pays\/#respond"]}]},{"@type":"WebPage","@id":"https:\/\/www.public.sn\/index.php\/2023\/02\/23\/la-famille-de-mame-maodo-lance-un-appel-a-la-retenue-pour-preserver-la-stabilite-du-pays\/","url":"https:\/\/www.public.sn\/index.php\/2023\/02\/23\/la-famille-de-mame-maodo-lance-un-appel-a-la-retenue-pour-preserver-la-stabilite-du-pays\/","name":"La famille de Mame Maodo lance un appel \u00e0 la \u00abretenue\u00bb pour pr\u00e9server la stabilit\u00e9 du pays. - LE PUBLIC","isPartOf":{"@id":"https:\/\/www.public.sn\/#website"},"primaryImageOfPage":{"@id":"https:\/\/www.public.sn\/index.php\/2023\/02\/23\/la-famille-de-mame-maodo-lance-un-appel-a-la-retenue-pour-preserver-la-stabilite-du-pays\/#primaryimage"},"image":{"@id":"https:\/\/www.public.sn\/index.php\/2023\/02\/23\/la-famille-de-mame-maodo-lance-un-appel-a-la-retenue-pour-preserver-la-stabilite-du-pays\/#primaryimage"},"thumbnailUrl":"https:\/\/www.public.sn\/wp-content\/uploads\/2023\/02\/serigne-mbaye-sy.jpg","datePublished":"2023-02-23T17:21:05+00:00","breadcrumb":{"@id":"https:\/\/www.public.sn\/index.php\/2023\/02\/23\/la-famille-de-mame-maodo-lance-un-appel-a-la-retenue-pour-preserver-la-stabilite-du-pays\/#breadcrumb"},"inLanguage":"fr-FR","potentialAction":[{"@type":"ReadAction","target":["https:\/\/www.public.sn\/index.php\/2023\/02\/23\/la-famille-de-mame-maodo-lance-un-appel-a-la-retenue-pour-preserver-la-stabilite-du-pays\/"]}]},{"@type":"ImageObject","inLanguage":"fr-FR","@id":"https:\/\/www.public.sn\/index.php\/2023\/02\/23\/la-famille-de-mame-maodo-lance-un-appel-a-la-retenue-pour-preserver-la-stabilite-du-pays\/#primaryimage","url":"https:\/\/www.public.sn\/wp-content\/uploads\/2023\/02\/serigne-mbaye-sy.jpg","contentUrl":"https:\/\/www.public.sn\/wp-content\/uploads\/2023\/02\/serigne-mbaye-sy.jpg","width":650,"height":391},{"@type":"BreadcrumbList","@id":"https:\/\/www.public.sn\/index.php\/2023\/02\/23\/la-famille-de-mame-maodo-lance-un-appel-a-la-retenue-pour-preserver-la-stabilite-du-pays\/#breadcrumb","itemListElement":[{"@type":"ListItem","position":1,"name":"Accueil","item":"https:\/\/www.public.sn\/"},{"@type":"ListItem","position":2,"name":"La famille de Mame Maodo lance un appel \u00e0 la \u00abretenue\u00bb pour pr\u00e9server la stabilit\u00e9 du pays."}]},{"@type":"WebSite","@id":"https:\/\/www.public.sn\/#website","url":"https:\/\/www.public.sn\/","name":"LE PUBLIC","description":"","publisher":{"@id":"https:\/\/www.public.sn\/#organization"},"potentialAction":[{"@type":"SearchAction","target":{"@type":"EntryPoint","urlTemplate":"https:\/\/www.public.sn\/?s={search_term_string}"},"query-input":{"@type":"PropertyValueSpecification","valueRequired":true,"valueName":"search_term_string"}}],"inLanguage":"fr-FR"},{"@type":"Organization","@id":"https:\/\/www.public.sn\/#organization","name":"LE PUBLIC","url":"https:\/\/www.public.sn\/","logo":{"@type":"ImageObject","inLanguage":"fr-FR","@id":"https:\/\/www.public.sn\/#\/schema\/logo\/image\/","url":"https:\/\/www.public.sn\/wp-content\/uploads\/2024\/05\/cropped-LOGO-PUBLIC.SN_.png","contentUrl":"https:\/\/www.public.sn\/wp-content\/uploads\/2024\/05\/cropped-LOGO-PUBLIC.SN_.png","width":682,"height":192,"caption":"LE PUBLIC"},"image":{"@id":"https:\/\/www.public.sn\/#\/schema\/logo\/image\/"}},{"@type":"Person","@id":"https:\/\/www.public.sn\/#\/schema\/person\/cb76c8e1b8becc6be61fb5e92d6d0224","name":"LA REDACTION","image":{"@type":"ImageObject","inLanguage":"fr-FR","@id":"https:\/\/www.public.sn\/#\/schema\/person\/image\/","url":"https:\/\/secure.gravatar.com\/avatar\/2dce5ddd34b8fef0180efe03aa2a9bee7d953856048f9a16b298190a3178407c?s=96&d=mm&r=g","contentUrl":"https:\/\/secure.gravatar.com\/avatar\/2dce5ddd34b8fef0180efe03aa2a9bee7d953856048f9a16b298190a3178407c?s=96&d=mm&r=g","caption":"LA REDACTION"},"url":"https:\/\/www.public.sn\/index.php\/author\/editeurpsn\/"}]}},"jetpack_featured_media_url":"https:\/\/www.public.sn\/wp-content\/uploads\/2023\/02\/serigne-mbaye-sy.jpg","jetpack_sharing_enabled":true,"_links":{"self":[{"href":"https:\/\/www.public.sn\/index.php\/wp-json\/wp\/v2\/posts\/16397","targetHints":{"allow":["GET"]}}],"collection":[{"href":"https:\/\/www.public.sn\/index.php\/wp-json\/wp\/v2\/posts"}],"about":[{"href":"https:\/\/www.public.sn\/index.php\/wp-json\/wp\/v2\/types\/post"}],"author":[{"embeddable":true,"href":"https:\/\/www.public.sn\/index.php\/wp-json\/wp\/v2\/users\/7"}],"replies":[{"embeddable":true,"href":"https:\/\/www.public.sn\/index.php\/wp-json\/wp\/v2\/comments?post=16397"}],"version-history":[{"count":1,"href":"https:\/\/www.public.sn\/index.php\/wp-json\/wp\/v2\/posts\/16397\/revisions"}],"predecessor-version":[{"id":16399,"href":"https:\/\/www.public.sn\/index.php\/wp-json\/wp\/v2\/posts\/16397\/revisions\/16399"}],"wp:featuredmedia":[{"embeddable":true,"href":"https:\/\/www.public.sn\/index.php\/wp-json\/wp\/v2\/media\/16398"}],"wp:attachment":[{"href":"https:\/\/www.public.sn\/index.php\/wp-json\/wp\/v2\/media?parent=16397"}],"wp:term":[{"taxonomy":"category","embeddable":true,"href":"https:\/\/www.public.sn\/index.php\/wp-json\/wp\/v2\/categories?post=16397"},{"taxonomy":"post_tag","embeddable":true,"href":"https:\/\/www.public.sn\/index.php\/wp-json\/wp\/v2\/tags?post=16397"}],"curies":[{"name":"wp","href":"https:\/\/api.w.org\/{rel}","templated":true}]}}