{"id":16406,"date":"2023-02-23T17:56:51","date_gmt":"2023-02-23T17:56:51","guid":{"rendered":"https:\/\/www.public.sn\/?p=16406"},"modified":"2023-02-23T17:56:51","modified_gmt":"2023-02-23T17:56:51","slug":"ousmane-sonko-recu-par-le-porte-parole-des-layenesce-jeudi-23-fevrier-2023","status":"publish","type":"post","link":"https:\/\/www.public.sn\/index.php\/2023\/02\/23\/ousmane-sonko-recu-par-le-porte-parole-des-layenesce-jeudi-23-fevrier-2023\/","title":{"rendered":"Ousmane Sonko re\u00e7u par le Porte Parole des Layenes,Ce Jeudi 23 f\u00e9vrier 2023"},"content":{"rendered":"<p><img fetchpriority=\"high\" decoding=\"async\" class=\"alignnone size-full wp-image-16407\" src=\"https:\/\/www.public.sn\/wp-content\/uploads\/2023\/02\/Ousmane-Sonko-recu-par-le-porte-parole-du-Khalife-general-des-layennes.png\" alt=\"\" width=\"727\" height=\"360\" srcset=\"https:\/\/www.public.sn\/wp-content\/uploads\/2023\/02\/Ousmane-Sonko-recu-par-le-porte-parole-du-Khalife-general-des-layennes.png 727w, https:\/\/www.public.sn\/wp-content\/uploads\/2023\/02\/Ousmane-Sonko-recu-par-le-porte-parole-du-Khalife-general-des-layennes-600x297.png 600w, https:\/\/www.public.sn\/wp-content\/uploads\/2023\/02\/Ousmane-Sonko-recu-par-le-porte-parole-du-Khalife-general-des-layennes-300x149.png 300w\" sizes=\"(max-width: 727px) 100vw, 727px\" \/><\/p>\n<h4><strong>Ousmane Sonko s\u2019est rendu \u00e0 Yoff Lay\u00e8ne au lendemain de la 143\u00e8me \u00e9dition de l\u2019Appel. Le leader de Pastef\/Les Patriotes a \u00e9t\u00e9 re\u00e7u par le porte-parole du Khalife g\u00e9n\u00e9ral des lay\u00e8nes, Mame Libasse Laye.<\/strong><\/h4>\n<p>Les \u00e9changes entre le leader politique et le religieux ont port\u00e9 sur la paix, th\u00e8me de cette 143\u00e8me Appel et dont les\u00a0<a href=\"https:\/\/lequotidien.sn\/attaques-contre-les-tarikha-lappel-des-confreries\/\">chefs religieux de Yoff<\/a>\u00a0ont entretenu au long des deux jours de communion.<\/p><div class=\"publi-paragraphe1\" style=\"margin-top: 10px;margin-bottom: 10px;margin-left: auto;margin-right: auto;text-align: center;\" id=\"publi-4203091953\"><div class=\"publi-adlabel\">Publicit\u00e9<\/div><script async src=\"\/\/pagead2.googlesyndication.com\/pagead\/js\/adsbygoogle.js?client=ca-pub-4089586018074219\" crossorigin=\"anonymous\"><\/script><ins class=\"adsbygoogle\" style=\"display:block;\" data-ad-client=\"ca-pub-4089586018074219\" \ndata-ad-slot=\"2087940154\" \ndata-ad-format=\"auto\"><\/ins>\n<script> \n(adsbygoogle = window.adsbygoogle || []).push({}); \n<\/script>\n<\/div>\n<p>Le leader de Pastef a r\u00e9agi sur le message de paix pr\u00f4n\u00e9 par le foyer religieux.<\/p>\n<p>\u00ab On ne veut que la paix et personne ne peut prouver qu\u2019on n\u2019est pas pour la paix jusqu\u2019\u00e0 pers\u00e9cuter des personnes. Mais, il arrive qu\u2019on nous opprime jusqu\u2019\u00e0 vouloir r\u00e9agir pour nous pr\u00e9munir. Et, je crois cela n\u2019est pas contraire \u00e0 la paix. Toutefois, nous ferons plus d\u2019efforts. Nous avons entendu vos messages et nous acceptons aussi votre discours \u00bb a d\u00e9clar\u00e9 Ousmane Sonko.<\/p>\n<p>Le porte-parole du Khalife g\u00e9n\u00e9ral des lay\u00e8nes, Mame Libasse Laye a, lors de son discours, r\u00e9it\u00e9r\u00e9 son message de paix et de stabilit\u00e9 pour le pays. Le porte-parole du khalife demande aux populations \u00e0 une introspection et de revenir \u00e0 de meilleurs sentiments.<\/p>\n<p>Mame Libasse Laye a appel\u00e9 \u00e0 la coh\u00e9sion et \u00e0 l\u2019entente. Il a invit\u00e9 autant les leaders que les militants \u00e0 privil\u00e9gier l\u2019expression du suffrage que celle de la violence.<\/p>\n<div class=\"publi-apres-le-contenu\" style=\"margin-top: 10px;margin-bottom: 10px;margin-left: auto;margin-right: auto;text-align: center;\" id=\"publi-621359709\"><div class=\"publi-adlabel\">Publicit\u00e9<\/div><script async src=\"\/\/pagead2.googlesyndication.com\/pagead\/js\/adsbygoogle.js?client=ca-pub-4089586018074219\" crossorigin=\"anonymous\"><\/script><ins class=\"adsbygoogle\" style=\"display:block;\" data-ad-client=\"ca-pub-4089586018074219\" \ndata-ad-slot=\"2087940154\" \ndata-ad-format=\"auto\"><\/ins>\n<script> \n(adsbygoogle = window.adsbygoogle || []).push({}); \n<\/script>\n<\/div>","protected":false},"excerpt":{"rendered":"<p>Ousmane Sonko s\u2019est rendu \u00e0 Yoff Lay\u00e8ne au lendemain de la 143\u00e8me \u00e9dition de l\u2019Appel. Le leader de Pastef\/Les Patriotes a \u00e9t\u00e9 re\u00e7u par le porte-parole du Khalife g\u00e9n\u00e9ral des lay\u00e8nes, Mame Libasse Laye. Les \u00e9changes entre le leader politique et le religieux ont port\u00e9 sur la paix, th\u00e8me de cette 143\u00e8me Appel et dont les\u00a0chefs religieux de Yoff\u00a0ont entretenu au long des deux jours de communion. Le leader de Pastef a r\u00e9agi sur le message de paix pr\u00f4n\u00e9 par le foyer religieux. \u00ab On ne veut que la paix et personne ne peut prouver qu\u2019on n\u2019est pas pour la paix jusqu\u2019\u00e0 pers\u00e9cuter des personnes. Mais, il arrive qu\u2019on nous opprime jusqu\u2019\u00e0 vouloir r\u00e9agir pour nous pr\u00e9munir. Et, je crois cela n\u2019est pas contraire \u00e0 la paix. Toutefois, nous ferons plus d\u2019efforts. Nous avons entendu vos messages et nous acceptons aussi votre discours \u00bb a d\u00e9clar\u00e9 Ousmane Sonko. Le porte-parole du Khalife g\u00e9n\u00e9ral des lay\u00e8nes, Mame Libasse Laye a, lors de son discours, r\u00e9it\u00e9r\u00e9 son message de paix et de stabilit\u00e9 pour le pays. Le porte-parole du khalife demande aux populations \u00e0 une introspection et de revenir \u00e0 de meilleurs sentiments. Mame Libasse Laye a appel\u00e9 \u00e0 la coh\u00e9sion et \u00e0 l\u2019entente. Il a invit\u00e9 autant les leaders que les militants \u00e0 privil\u00e9gier l\u2019expression du suffrage que celle de la violence.<\/p>\n","protected":false},"author":7,"featured_media":16407,"comment_status":"open","ping_status":"open","sticky":false,"template":"","format":"standard","meta":{"_jetpack_memberships_contains_paid_content":false,"footnotes":""},"categories":[375,379,4353,3,372],"tags":[],"class_list":["post-16406","post","type-post","status-publish","format-standard","has-post-thumbnail","hentry","category-actualites","category-faits-divers","category-manifestations","category-politique","category-vedette","entry","has-media","owp-thumbs-layout-horizontal","owp-btn-normal","owp-tabs-layout-horizontal","has-no-thumbnails","has-product-nav"],"yoast_head":"<!-- This site is optimized with the Yoast SEO plugin v25.5 - https:\/\/yoast.com\/wordpress\/plugins\/seo\/ -->\n<title>Ousmane Sonko re\u00e7u par le Porte Parole des Layenes,Ce Jeudi 23 f\u00e9vrier 2023 - LE PUBLIC<\/title>\n<meta name=\"robots\" content=\"index, follow, max-snippet:-1, max-image-preview:large, max-video-preview:-1\" \/>\n<link rel=\"canonical\" href=\"https:\/\/www.public.sn\/index.php\/2023\/02\/23\/ousmane-sonko-recu-par-le-porte-parole-des-layenesce-jeudi-23-fevrier-2023\/\" \/>\n<meta property=\"og:locale\" content=\"fr_FR\" \/>\n<meta property=\"og:type\" content=\"article\" \/>\n<meta property=\"og:title\" content=\"Ousmane Sonko re\u00e7u par le Porte Parole des Layenes,Ce Jeudi 23 f\u00e9vrier 2023 - LE PUBLIC\" \/>\n<meta property=\"og:description\" content=\"Ousmane Sonko s\u2019est rendu \u00e0 Yoff Lay\u00e8ne au lendemain de la 143\u00e8me \u00e9dition de l\u2019Appel. Le leader de Pastef\/Les Patriotes a \u00e9t\u00e9 re\u00e7u par le porte-parole du Khalife g\u00e9n\u00e9ral des lay\u00e8nes, Mame Libasse Laye. Les \u00e9changes entre le leader politique et le religieux ont port\u00e9 sur la paix, th\u00e8me de cette 143\u00e8me Appel et dont les\u00a0chefs religieux de Yoff\u00a0ont entretenu au long des deux jours de communion. Le leader de Pastef a r\u00e9agi sur le message de paix pr\u00f4n\u00e9 par le foyer religieux. \u00ab On ne veut que la paix et personne ne peut prouver qu\u2019on n\u2019est pas pour la paix jusqu\u2019\u00e0 pers\u00e9cuter des personnes. Mais, il arrive qu\u2019on nous opprime jusqu\u2019\u00e0 vouloir r\u00e9agir pour nous pr\u00e9munir. Et, je crois cela n\u2019est pas contraire \u00e0 la paix. Toutefois, nous ferons plus d\u2019efforts. Nous avons entendu vos messages et nous acceptons aussi votre discours \u00bb a d\u00e9clar\u00e9 Ousmane Sonko. Le porte-parole du Khalife g\u00e9n\u00e9ral des lay\u00e8nes, Mame Libasse Laye a, lors de son discours, r\u00e9it\u00e9r\u00e9 son message de paix et de stabilit\u00e9 pour le pays. Le porte-parole du khalife demande aux populations \u00e0 une introspection et de revenir \u00e0 de meilleurs sentiments. Mame Libasse Laye a appel\u00e9 \u00e0 la coh\u00e9sion et \u00e0 l\u2019entente. Il a invit\u00e9 autant les leaders que les militants \u00e0 privil\u00e9gier l\u2019expression du suffrage que celle de la violence.\" \/>\n<meta property=\"og:url\" content=\"https:\/\/www.public.sn\/index.php\/2023\/02\/23\/ousmane-sonko-recu-par-le-porte-parole-des-layenesce-jeudi-23-fevrier-2023\/\" \/>\n<meta property=\"og:site_name\" content=\"LE PUBLIC\" \/>\n<meta property=\"article:published_time\" content=\"2023-02-23T17:56:51+00:00\" \/>\n<meta property=\"og:image\" content=\"https:\/\/www.public.sn\/wp-content\/uploads\/2023\/02\/Ousmane-Sonko-recu-par-le-porte-parole-du-Khalife-general-des-layennes.png\" \/>\n\t<meta property=\"og:image:width\" content=\"727\" \/>\n\t<meta property=\"og:image:height\" content=\"360\" \/>\n\t<meta property=\"og:image:type\" content=\"image\/png\" \/>\n<meta name=\"author\" content=\"LA REDACTION\" \/>\n<meta name=\"twitter:card\" content=\"summary_large_image\" \/>\n<meta name=\"twitter:label1\" content=\"\u00c9crit par\" \/>\n\t<meta name=\"twitter:data1\" content=\"LA REDACTION\" \/>\n\t<meta name=\"twitter:label2\" content=\"Dur\u00e9e de lecture estim\u00e9e\" \/>\n\t<meta name=\"twitter:data2\" content=\"2 minutes\" \/>\n<script type=\"application\/ld+json\" class=\"yoast-schema-graph\">{\"@context\":\"https:\/\/schema.org\",\"@graph\":[{\"@type\":\"Article\",\"@id\":\"https:\/\/www.public.sn\/index.php\/2023\/02\/23\/ousmane-sonko-recu-par-le-porte-parole-des-layenesce-jeudi-23-fevrier-2023\/#article\",\"isPartOf\":{\"@id\":\"https:\/\/www.public.sn\/index.php\/2023\/02\/23\/ousmane-sonko-recu-par-le-porte-parole-des-layenesce-jeudi-23-fevrier-2023\/\"},\"author\":{\"name\":\"LA REDACTION\",\"@id\":\"https:\/\/www.public.sn\/#\/schema\/person\/cb76c8e1b8becc6be61fb5e92d6d0224\"},\"headline\":\"Ousmane Sonko re\u00e7u par le Porte Parole des Layenes,Ce Jeudi 23 f\u00e9vrier 2023\",\"datePublished\":\"2023-02-23T17:56:51+00:00\",\"mainEntityOfPage\":{\"@id\":\"https:\/\/www.public.sn\/index.php\/2023\/02\/23\/ousmane-sonko-recu-par-le-porte-parole-des-layenesce-jeudi-23-fevrier-2023\/\"},\"wordCount\":257,\"commentCount\":0,\"publisher\":{\"@id\":\"https:\/\/www.public.sn\/#organization\"},\"image\":{\"@id\":\"https:\/\/www.public.sn\/index.php\/2023\/02\/23\/ousmane-sonko-recu-par-le-porte-parole-des-layenesce-jeudi-23-fevrier-2023\/#primaryimage\"},\"thumbnailUrl\":\"https:\/\/www.public.sn\/wp-content\/uploads\/2023\/02\/Ousmane-Sonko-recu-par-le-porte-parole-du-Khalife-general-des-layennes.png\",\"articleSection\":[\"ACTUALIT\u00c9S\",\"FAITS DIVERS\",\"MANIFESTATIONS\",\"POLITIQUE\",\"VEDETTE\"],\"inLanguage\":\"fr-FR\",\"potentialAction\":[{\"@type\":\"CommentAction\",\"name\":\"Comment\",\"target\":[\"https:\/\/www.public.sn\/index.php\/2023\/02\/23\/ousmane-sonko-recu-par-le-porte-parole-des-layenesce-jeudi-23-fevrier-2023\/#respond\"]}]},{\"@type\":\"WebPage\",\"@id\":\"https:\/\/www.public.sn\/index.php\/2023\/02\/23\/ousmane-sonko-recu-par-le-porte-parole-des-layenesce-jeudi-23-fevrier-2023\/\",\"url\":\"https:\/\/www.public.sn\/index.php\/2023\/02\/23\/ousmane-sonko-recu-par-le-porte-parole-des-layenesce-jeudi-23-fevrier-2023\/\",\"name\":\"Ousmane Sonko re\u00e7u par le Porte Parole des Layenes,Ce Jeudi 23 f\u00e9vrier 2023 - LE PUBLIC\",\"isPartOf\":{\"@id\":\"https:\/\/www.public.sn\/#website\"},\"primaryImageOfPage\":{\"@id\":\"https:\/\/www.public.sn\/index.php\/2023\/02\/23\/ousmane-sonko-recu-par-le-porte-parole-des-layenesce-jeudi-23-fevrier-2023\/#primaryimage\"},\"image\":{\"@id\":\"https:\/\/www.public.sn\/index.php\/2023\/02\/23\/ousmane-sonko-recu-par-le-porte-parole-des-layenesce-jeudi-23-fevrier-2023\/#primaryimage\"},\"thumbnailUrl\":\"https:\/\/www.public.sn\/wp-content\/uploads\/2023\/02\/Ousmane-Sonko-recu-par-le-porte-parole-du-Khalife-general-des-layennes.png\",\"datePublished\":\"2023-02-23T17:56:51+00:00\",\"breadcrumb\":{\"@id\":\"https:\/\/www.public.sn\/index.php\/2023\/02\/23\/ousmane-sonko-recu-par-le-porte-parole-des-layenesce-jeudi-23-fevrier-2023\/#breadcrumb\"},\"inLanguage\":\"fr-FR\",\"potentialAction\":[{\"@type\":\"ReadAction\",\"target\":[\"https:\/\/www.public.sn\/index.php\/2023\/02\/23\/ousmane-sonko-recu-par-le-porte-parole-des-layenesce-jeudi-23-fevrier-2023\/\"]}]},{\"@type\":\"ImageObject\",\"inLanguage\":\"fr-FR\",\"@id\":\"https:\/\/www.public.sn\/index.php\/2023\/02\/23\/ousmane-sonko-recu-par-le-porte-parole-des-layenesce-jeudi-23-fevrier-2023\/#primaryimage\",\"url\":\"https:\/\/www.public.sn\/wp-content\/uploads\/2023\/02\/Ousmane-Sonko-recu-par-le-porte-parole-du-Khalife-general-des-layennes.png\",\"contentUrl\":\"https:\/\/www.public.sn\/wp-content\/uploads\/2023\/02\/Ousmane-Sonko-recu-par-le-porte-parole-du-Khalife-general-des-layennes.png\",\"width\":727,\"height\":360},{\"@type\":\"BreadcrumbList\",\"@id\":\"https:\/\/www.public.sn\/index.php\/2023\/02\/23\/ousmane-sonko-recu-par-le-porte-parole-des-layenesce-jeudi-23-fevrier-2023\/#breadcrumb\",\"itemListElement\":[{\"@type\":\"ListItem\",\"position\":1,\"name\":\"Accueil\",\"item\":\"https:\/\/www.public.sn\/\"},{\"@type\":\"ListItem\",\"position\":2,\"name\":\"Ousmane Sonko re\u00e7u par le Porte Parole des Layenes,Ce Jeudi 23 f\u00e9vrier 2023\"}]},{\"@type\":\"WebSite\",\"@id\":\"https:\/\/www.public.sn\/#website\",\"url\":\"https:\/\/www.public.sn\/\",\"name\":\"LE PUBLIC\",\"description\":\"\",\"publisher\":{\"@id\":\"https:\/\/www.public.sn\/#organization\"},\"potentialAction\":[{\"@type\":\"SearchAction\",\"target\":{\"@type\":\"EntryPoint\",\"urlTemplate\":\"https:\/\/www.public.sn\/?s={search_term_string}\"},\"query-input\":{\"@type\":\"PropertyValueSpecification\",\"valueRequired\":true,\"valueName\":\"search_term_string\"}}],\"inLanguage\":\"fr-FR\"},{\"@type\":\"Organization\",\"@id\":\"https:\/\/www.public.sn\/#organization\",\"name\":\"LE PUBLIC\",\"url\":\"https:\/\/www.public.sn\/\",\"logo\":{\"@type\":\"ImageObject\",\"inLanguage\":\"fr-FR\",\"@id\":\"https:\/\/www.public.sn\/#\/schema\/logo\/image\/\",\"url\":\"https:\/\/www.public.sn\/wp-content\/uploads\/2024\/05\/cropped-LOGO-PUBLIC.SN_.png\",\"contentUrl\":\"https:\/\/www.public.sn\/wp-content\/uploads\/2024\/05\/cropped-LOGO-PUBLIC.SN_.png\",\"width\":682,\"height\":192,\"caption\":\"LE PUBLIC\"},\"image\":{\"@id\":\"https:\/\/www.public.sn\/#\/schema\/logo\/image\/\"}},{\"@type\":\"Person\",\"@id\":\"https:\/\/www.public.sn\/#\/schema\/person\/cb76c8e1b8becc6be61fb5e92d6d0224\",\"name\":\"LA REDACTION\",\"image\":{\"@type\":\"ImageObject\",\"inLanguage\":\"fr-FR\",\"@id\":\"https:\/\/www.public.sn\/#\/schema\/person\/image\/\",\"url\":\"https:\/\/secure.gravatar.com\/avatar\/2dce5ddd34b8fef0180efe03aa2a9bee7d953856048f9a16b298190a3178407c?s=96&d=mm&r=g\",\"contentUrl\":\"https:\/\/secure.gravatar.com\/avatar\/2dce5ddd34b8fef0180efe03aa2a9bee7d953856048f9a16b298190a3178407c?s=96&d=mm&r=g\",\"caption\":\"LA REDACTION\"},\"url\":\"https:\/\/www.public.sn\/index.php\/author\/editeurpsn\/\"}]}<\/script>\n<!-- \/ Yoast SEO plugin. -->","yoast_head_json":{"title":"Ousmane Sonko re\u00e7u par le Porte Parole des Layenes,Ce Jeudi 23 f\u00e9vrier 2023 - LE PUBLIC","robots":{"index":"index","follow":"follow","max-snippet":"max-snippet:-1","max-image-preview":"max-image-preview:large","max-video-preview":"max-video-preview:-1"},"canonical":"https:\/\/www.public.sn\/index.php\/2023\/02\/23\/ousmane-sonko-recu-par-le-porte-parole-des-layenesce-jeudi-23-fevrier-2023\/","og_locale":"fr_FR","og_type":"article","og_title":"Ousmane Sonko re\u00e7u par le Porte Parole des Layenes,Ce Jeudi 23 f\u00e9vrier 2023 - LE PUBLIC","og_description":"Ousmane Sonko s\u2019est rendu \u00e0 Yoff Lay\u00e8ne au lendemain de la 143\u00e8me \u00e9dition de l\u2019Appel. Le leader de Pastef\/Les Patriotes a \u00e9t\u00e9 re\u00e7u par le porte-parole du Khalife g\u00e9n\u00e9ral des lay\u00e8nes, Mame Libasse Laye. Les \u00e9changes entre le leader politique et le religieux ont port\u00e9 sur la paix, th\u00e8me de cette 143\u00e8me Appel et dont les\u00a0chefs religieux de Yoff\u00a0ont entretenu au long des deux jours de communion. Le leader de Pastef a r\u00e9agi sur le message de paix pr\u00f4n\u00e9 par le foyer religieux. \u00ab On ne veut que la paix et personne ne peut prouver qu\u2019on n\u2019est pas pour la paix jusqu\u2019\u00e0 pers\u00e9cuter des personnes. Mais, il arrive qu\u2019on nous opprime jusqu\u2019\u00e0 vouloir r\u00e9agir pour nous pr\u00e9munir. Et, je crois cela n\u2019est pas contraire \u00e0 la paix. Toutefois, nous ferons plus d\u2019efforts. Nous avons entendu vos messages et nous acceptons aussi votre discours \u00bb a d\u00e9clar\u00e9 Ousmane Sonko. Le porte-parole du Khalife g\u00e9n\u00e9ral des lay\u00e8nes, Mame Libasse Laye a, lors de son discours, r\u00e9it\u00e9r\u00e9 son message de paix et de stabilit\u00e9 pour le pays. Le porte-parole du khalife demande aux populations \u00e0 une introspection et de revenir \u00e0 de meilleurs sentiments. Mame Libasse Laye a appel\u00e9 \u00e0 la coh\u00e9sion et \u00e0 l\u2019entente. Il a invit\u00e9 autant les leaders que les militants \u00e0 privil\u00e9gier l\u2019expression du suffrage que celle de la violence.","og_url":"https:\/\/www.public.sn\/index.php\/2023\/02\/23\/ousmane-sonko-recu-par-le-porte-parole-des-layenesce-jeudi-23-fevrier-2023\/","og_site_name":"LE PUBLIC","article_published_time":"2023-02-23T17:56:51+00:00","og_image":[{"width":727,"height":360,"url":"https:\/\/www.public.sn\/wp-content\/uploads\/2023\/02\/Ousmane-Sonko-recu-par-le-porte-parole-du-Khalife-general-des-layennes.png","type":"image\/png"}],"author":"LA REDACTION","twitter_card":"summary_large_image","twitter_misc":{"\u00c9crit par":"LA REDACTION","Dur\u00e9e de lecture estim\u00e9e":"2 minutes"},"schema":{"@context":"https:\/\/schema.org","@graph":[{"@type":"Article","@id":"https:\/\/www.public.sn\/index.php\/2023\/02\/23\/ousmane-sonko-recu-par-le-porte-parole-des-layenesce-jeudi-23-fevrier-2023\/#article","isPartOf":{"@id":"https:\/\/www.public.sn\/index.php\/2023\/02\/23\/ousmane-sonko-recu-par-le-porte-parole-des-layenesce-jeudi-23-fevrier-2023\/"},"author":{"name":"LA REDACTION","@id":"https:\/\/www.public.sn\/#\/schema\/person\/cb76c8e1b8becc6be61fb5e92d6d0224"},"headline":"Ousmane Sonko re\u00e7u par le Porte Parole des Layenes,Ce Jeudi 23 f\u00e9vrier 2023","datePublished":"2023-02-23T17:56:51+00:00","mainEntityOfPage":{"@id":"https:\/\/www.public.sn\/index.php\/2023\/02\/23\/ousmane-sonko-recu-par-le-porte-parole-des-layenesce-jeudi-23-fevrier-2023\/"},"wordCount":257,"commentCount":0,"publisher":{"@id":"https:\/\/www.public.sn\/#organization"},"image":{"@id":"https:\/\/www.public.sn\/index.php\/2023\/02\/23\/ousmane-sonko-recu-par-le-porte-parole-des-layenesce-jeudi-23-fevrier-2023\/#primaryimage"},"thumbnailUrl":"https:\/\/www.public.sn\/wp-content\/uploads\/2023\/02\/Ousmane-Sonko-recu-par-le-porte-parole-du-Khalife-general-des-layennes.png","articleSection":["ACTUALIT\u00c9S","FAITS DIVERS","MANIFESTATIONS","POLITIQUE","VEDETTE"],"inLanguage":"fr-FR","potentialAction":[{"@type":"CommentAction","name":"Comment","target":["https:\/\/www.public.sn\/index.php\/2023\/02\/23\/ousmane-sonko-recu-par-le-porte-parole-des-layenesce-jeudi-23-fevrier-2023\/#respond"]}]},{"@type":"WebPage","@id":"https:\/\/www.public.sn\/index.php\/2023\/02\/23\/ousmane-sonko-recu-par-le-porte-parole-des-layenesce-jeudi-23-fevrier-2023\/","url":"https:\/\/www.public.sn\/index.php\/2023\/02\/23\/ousmane-sonko-recu-par-le-porte-parole-des-layenesce-jeudi-23-fevrier-2023\/","name":"Ousmane Sonko re\u00e7u par le Porte Parole des Layenes,Ce Jeudi 23 f\u00e9vrier 2023 - LE PUBLIC","isPartOf":{"@id":"https:\/\/www.public.sn\/#website"},"primaryImageOfPage":{"@id":"https:\/\/www.public.sn\/index.php\/2023\/02\/23\/ousmane-sonko-recu-par-le-porte-parole-des-layenesce-jeudi-23-fevrier-2023\/#primaryimage"},"image":{"@id":"https:\/\/www.public.sn\/index.php\/2023\/02\/23\/ousmane-sonko-recu-par-le-porte-parole-des-layenesce-jeudi-23-fevrier-2023\/#primaryimage"},"thumbnailUrl":"https:\/\/www.public.sn\/wp-content\/uploads\/2023\/02\/Ousmane-Sonko-recu-par-le-porte-parole-du-Khalife-general-des-layennes.png","datePublished":"2023-02-23T17:56:51+00:00","breadcrumb":{"@id":"https:\/\/www.public.sn\/index.php\/2023\/02\/23\/ousmane-sonko-recu-par-le-porte-parole-des-layenesce-jeudi-23-fevrier-2023\/#breadcrumb"},"inLanguage":"fr-FR","potentialAction":[{"@type":"ReadAction","target":["https:\/\/www.public.sn\/index.php\/2023\/02\/23\/ousmane-sonko-recu-par-le-porte-parole-des-layenesce-jeudi-23-fevrier-2023\/"]}]},{"@type":"ImageObject","inLanguage":"fr-FR","@id":"https:\/\/www.public.sn\/index.php\/2023\/02\/23\/ousmane-sonko-recu-par-le-porte-parole-des-layenesce-jeudi-23-fevrier-2023\/#primaryimage","url":"https:\/\/www.public.sn\/wp-content\/uploads\/2023\/02\/Ousmane-Sonko-recu-par-le-porte-parole-du-Khalife-general-des-layennes.png","contentUrl":"https:\/\/www.public.sn\/wp-content\/uploads\/2023\/02\/Ousmane-Sonko-recu-par-le-porte-parole-du-Khalife-general-des-layennes.png","width":727,"height":360},{"@type":"BreadcrumbList","@id":"https:\/\/www.public.sn\/index.php\/2023\/02\/23\/ousmane-sonko-recu-par-le-porte-parole-des-layenesce-jeudi-23-fevrier-2023\/#breadcrumb","itemListElement":[{"@type":"ListItem","position":1,"name":"Accueil","item":"https:\/\/www.public.sn\/"},{"@type":"ListItem","position":2,"name":"Ousmane Sonko re\u00e7u par le Porte Parole des Layenes,Ce Jeudi 23 f\u00e9vrier 2023"}]},{"@type":"WebSite","@id":"https:\/\/www.public.sn\/#website","url":"https:\/\/www.public.sn\/","name":"LE PUBLIC","description":"","publisher":{"@id":"https:\/\/www.public.sn\/#organization"},"potentialAction":[{"@type":"SearchAction","target":{"@type":"EntryPoint","urlTemplate":"https:\/\/www.public.sn\/?s={search_term_string}"},"query-input":{"@type":"PropertyValueSpecification","valueRequired":true,"valueName":"search_term_string"}}],"inLanguage":"fr-FR"},{"@type":"Organization","@id":"https:\/\/www.public.sn\/#organization","name":"LE PUBLIC","url":"https:\/\/www.public.sn\/","logo":{"@type":"ImageObject","inLanguage":"fr-FR","@id":"https:\/\/www.public.sn\/#\/schema\/logo\/image\/","url":"https:\/\/www.public.sn\/wp-content\/uploads\/2024\/05\/cropped-LOGO-PUBLIC.SN_.png","contentUrl":"https:\/\/www.public.sn\/wp-content\/uploads\/2024\/05\/cropped-LOGO-PUBLIC.SN_.png","width":682,"height":192,"caption":"LE PUBLIC"},"image":{"@id":"https:\/\/www.public.sn\/#\/schema\/logo\/image\/"}},{"@type":"Person","@id":"https:\/\/www.public.sn\/#\/schema\/person\/cb76c8e1b8becc6be61fb5e92d6d0224","name":"LA REDACTION","image":{"@type":"ImageObject","inLanguage":"fr-FR","@id":"https:\/\/www.public.sn\/#\/schema\/person\/image\/","url":"https:\/\/secure.gravatar.com\/avatar\/2dce5ddd34b8fef0180efe03aa2a9bee7d953856048f9a16b298190a3178407c?s=96&d=mm&r=g","contentUrl":"https:\/\/secure.gravatar.com\/avatar\/2dce5ddd34b8fef0180efe03aa2a9bee7d953856048f9a16b298190a3178407c?s=96&d=mm&r=g","caption":"LA REDACTION"},"url":"https:\/\/www.public.sn\/index.php\/author\/editeurpsn\/"}]}},"jetpack_featured_media_url":"https:\/\/www.public.sn\/wp-content\/uploads\/2023\/02\/Ousmane-Sonko-recu-par-le-porte-parole-du-Khalife-general-des-layennes.png","jetpack_sharing_enabled":true,"_links":{"self":[{"href":"https:\/\/www.public.sn\/index.php\/wp-json\/wp\/v2\/posts\/16406","targetHints":{"allow":["GET"]}}],"collection":[{"href":"https:\/\/www.public.sn\/index.php\/wp-json\/wp\/v2\/posts"}],"about":[{"href":"https:\/\/www.public.sn\/index.php\/wp-json\/wp\/v2\/types\/post"}],"author":[{"embeddable":true,"href":"https:\/\/www.public.sn\/index.php\/wp-json\/wp\/v2\/users\/7"}],"replies":[{"embeddable":true,"href":"https:\/\/www.public.sn\/index.php\/wp-json\/wp\/v2\/comments?post=16406"}],"version-history":[{"count":1,"href":"https:\/\/www.public.sn\/index.php\/wp-json\/wp\/v2\/posts\/16406\/revisions"}],"predecessor-version":[{"id":16409,"href":"https:\/\/www.public.sn\/index.php\/wp-json\/wp\/v2\/posts\/16406\/revisions\/16409"}],"wp:featuredmedia":[{"embeddable":true,"href":"https:\/\/www.public.sn\/index.php\/wp-json\/wp\/v2\/media\/16407"}],"wp:attachment":[{"href":"https:\/\/www.public.sn\/index.php\/wp-json\/wp\/v2\/media?parent=16406"}],"wp:term":[{"taxonomy":"category","embeddable":true,"href":"https:\/\/www.public.sn\/index.php\/wp-json\/wp\/v2\/categories?post=16406"},{"taxonomy":"post_tag","embeddable":true,"href":"https:\/\/www.public.sn\/index.php\/wp-json\/wp\/v2\/tags?post=16406"}],"curies":[{"name":"wp","href":"https:\/\/api.w.org\/{rel}","templated":true}]}}