{"id":1646,"date":"2022-09-10T22:24:15","date_gmt":"2022-09-10T20:24:15","guid":{"rendered":"https:\/\/www.public.sn\/?p=1646"},"modified":"2022-09-10T22:24:15","modified_gmt":"2022-09-10T20:24:15","slug":"audience-lansana-gagny-sakho-recu-par-ousmane-sonko","status":"publish","type":"post","link":"https:\/\/www.public.sn\/index.php\/2022\/09\/10\/audience-lansana-gagny-sakho-recu-par-ousmane-sonko\/","title":{"rendered":"Audience: Lansana Gagny Sakho re\u00e7u par Ousmane Sonko."},"content":{"rendered":"\n<p><strong>L\u2019ancien directeur de l\u2019Onas Lansana Gagny Sakho a \u00e9t\u00e9 re\u00e7u ce samedi par le leader de Pastef, Ousmane Sonko. <\/strong><br>Il m\u2019a manqu\u00e9 de magnifier cette rencontre \u00e0 travers un post sur son compte Twitter.<\/p><div class=\"publi-paragraphe1\" style=\"margin-top: 10px;margin-bottom: 10px;margin-left: auto;margin-right: auto;text-align: center;\" id=\"publi-97680873\"><div class=\"publi-adlabel\">Publicit\u00e9<\/div><script async src=\"\/\/pagead2.googlesyndication.com\/pagead\/js\/adsbygoogle.js?client=ca-pub-4089586018074219\" crossorigin=\"anonymous\"><\/script><ins class=\"adsbygoogle\" style=\"display:block;\" data-ad-client=\"ca-pub-4089586018074219\" \ndata-ad-slot=\"2087940154\" \ndata-ad-format=\"auto\"><\/ins>\n<script> \n(adsbygoogle = window.adsbygoogle || []).push({}); \n<\/script>\n<\/div>\n\n\n\n<p>\u201cTr\u00e8s honor\u00e9 d\u2019avoir \u00e9t\u00e9 re\u00e7u ce matin par le Pr\u00e9sident Ousmane Sonko. Demain se pr\u00e9pare Today. Rester #focus sur l\u2019essentiel\u2026 Ce pays regorge de jeunes talentueux ce qui fait d\u00e9faut reste un leadership #transformationnel capable de transformer cet essai #ProjetPastef #Presidentielle2024\u201d, a-t-il post\u00e9.<\/p>\n<div class=\"publi-apres-le-contenu\" style=\"margin-top: 10px;margin-bottom: 10px;margin-left: auto;margin-right: auto;text-align: center;\" id=\"publi-145496517\"><div class=\"publi-adlabel\">Publicit\u00e9<\/div><script async src=\"\/\/pagead2.googlesyndication.com\/pagead\/js\/adsbygoogle.js?client=ca-pub-4089586018074219\" crossorigin=\"anonymous\"><\/script><ins class=\"adsbygoogle\" style=\"display:block;\" data-ad-client=\"ca-pub-4089586018074219\" \ndata-ad-slot=\"2087940154\" \ndata-ad-format=\"auto\"><\/ins>\n<script> \n(adsbygoogle = window.adsbygoogle || []).push({}); \n<\/script>\n<\/div>","protected":false},"excerpt":{"rendered":"<p>L\u2019ancien directeur de l\u2019Onas Lansana Gagny Sakho a \u00e9t\u00e9 re\u00e7u ce samedi par le leader de Pastef, Ousmane Sonko. Il m\u2019a manqu\u00e9 de magnifier cette rencontre \u00e0 travers un post sur son compte Twitter. \u201cTr\u00e8s honor\u00e9 d\u2019avoir \u00e9t\u00e9 re\u00e7u ce matin par le Pr\u00e9sident Ousmane Sonko. Demain se pr\u00e9pare Today. Rester #focus sur l\u2019essentiel\u2026 Ce pays regorge de jeunes talentueux ce qui fait d\u00e9faut reste un leadership #transformationnel capable de transformer cet essai #ProjetPastef #Presidentielle2024\u201d, a-t-il post\u00e9.<\/p>\n","protected":false},"author":1,"featured_media":1647,"comment_status":"open","ping_status":"open","sticky":false,"template":"","format":"standard","meta":{"_jetpack_memberships_contains_paid_content":false,"footnotes":""},"categories":[375,3],"tags":[512,705,16,20],"class_list":["post-1646","post","type-post","status-publish","format-standard","has-post-thumbnail","hentry","category-actualites","category-politique","tag-audience","tag-lansana-gagny-sakho","tag-ousmane-sonko","tag-presidentielle-2024","entry","has-media","owp-thumbs-layout-horizontal","owp-btn-normal","owp-tabs-layout-horizontal","has-no-thumbnails","has-product-nav"],"yoast_head":"<!-- This site is optimized with the Yoast SEO plugin v25.5 - https:\/\/yoast.com\/wordpress\/plugins\/seo\/ -->\n<title>Audience: Lansana Gagny Sakho re\u00e7u par Ousmane Sonko. - LE PUBLIC<\/title>\n<meta name=\"robots\" content=\"index, follow, max-snippet:-1, max-image-preview:large, max-video-preview:-1\" \/>\n<link rel=\"canonical\" href=\"https:\/\/www.public.sn\/index.php\/2022\/09\/10\/audience-lansana-gagny-sakho-recu-par-ousmane-sonko\/\" \/>\n<meta property=\"og:locale\" content=\"fr_FR\" \/>\n<meta property=\"og:type\" content=\"article\" \/>\n<meta property=\"og:title\" content=\"Audience: Lansana Gagny Sakho re\u00e7u par Ousmane Sonko. - LE PUBLIC\" \/>\n<meta property=\"og:description\" content=\"L\u2019ancien directeur de l\u2019Onas Lansana Gagny Sakho a \u00e9t\u00e9 re\u00e7u ce samedi par le leader de Pastef, Ousmane Sonko. Il m\u2019a manqu\u00e9 de magnifier cette rencontre \u00e0 travers un post sur son compte Twitter. \u201cTr\u00e8s honor\u00e9 d\u2019avoir \u00e9t\u00e9 re\u00e7u ce matin par le Pr\u00e9sident Ousmane Sonko. Demain se pr\u00e9pare Today. Rester #focus sur l\u2019essentiel\u2026 Ce pays regorge de jeunes talentueux ce qui fait d\u00e9faut reste un leadership #transformationnel capable de transformer cet essai #ProjetPastef #Presidentielle2024\u201d, a-t-il post\u00e9.\" \/>\n<meta property=\"og:url\" content=\"https:\/\/www.public.sn\/index.php\/2022\/09\/10\/audience-lansana-gagny-sakho-recu-par-ousmane-sonko\/\" \/>\n<meta property=\"og:site_name\" content=\"LE PUBLIC\" \/>\n<meta property=\"article:published_time\" content=\"2022-09-10T20:24:15+00:00\" \/>\n<meta property=\"og:image\" content=\"https:\/\/www.public.sn\/wp-content\/uploads\/2022\/09\/06C09D2B-4703-457B-833C-66A768B40E5C.jpeg\" \/>\n\t<meta property=\"og:image:width\" content=\"2048\" \/>\n\t<meta property=\"og:image:height\" content=\"1132\" \/>\n\t<meta property=\"og:image:type\" content=\"image\/jpeg\" \/>\n<meta name=\"author\" content=\"LA REDACTION\" \/>\n<meta name=\"twitter:card\" content=\"summary_large_image\" \/>\n<meta name=\"twitter:label1\" content=\"\u00c9crit par\" \/>\n\t<meta name=\"twitter:data1\" content=\"LA REDACTION\" \/>\n\t<meta name=\"twitter:label2\" content=\"Dur\u00e9e de lecture estim\u00e9e\" \/>\n\t<meta name=\"twitter:data2\" content=\"1 minute\" \/>\n<script type=\"application\/ld+json\" class=\"yoast-schema-graph\">{\"@context\":\"https:\/\/schema.org\",\"@graph\":[{\"@type\":\"Article\",\"@id\":\"https:\/\/www.public.sn\/index.php\/2022\/09\/10\/audience-lansana-gagny-sakho-recu-par-ousmane-sonko\/#article\",\"isPartOf\":{\"@id\":\"https:\/\/www.public.sn\/index.php\/2022\/09\/10\/audience-lansana-gagny-sakho-recu-par-ousmane-sonko\/\"},\"author\":{\"name\":\"LA REDACTION\",\"@id\":\"https:\/\/www.public.sn\/#\/schema\/person\/e3f4a11b037d4203902db148f9bc8d5a\"},\"headline\":\"Audience: Lansana Gagny Sakho re\u00e7u par Ousmane Sonko.\",\"datePublished\":\"2022-09-10T20:24:15+00:00\",\"mainEntityOfPage\":{\"@id\":\"https:\/\/www.public.sn\/index.php\/2022\/09\/10\/audience-lansana-gagny-sakho-recu-par-ousmane-sonko\/\"},\"wordCount\":96,\"commentCount\":0,\"publisher\":{\"@id\":\"https:\/\/www.public.sn\/#organization\"},\"image\":{\"@id\":\"https:\/\/www.public.sn\/index.php\/2022\/09\/10\/audience-lansana-gagny-sakho-recu-par-ousmane-sonko\/#primaryimage\"},\"thumbnailUrl\":\"https:\/\/www.public.sn\/wp-content\/uploads\/2022\/09\/06C09D2B-4703-457B-833C-66A768B40E5C.jpeg\",\"keywords\":[\"Audience\",\"Lansana Gagny Sakho\",\"Ousmane Sonko\",\"Pr\u00e9sidentielle 2024\"],\"articleSection\":[\"ACTUALIT\u00c9S\",\"POLITIQUE\"],\"inLanguage\":\"fr-FR\",\"potentialAction\":[{\"@type\":\"CommentAction\",\"name\":\"Comment\",\"target\":[\"https:\/\/www.public.sn\/index.php\/2022\/09\/10\/audience-lansana-gagny-sakho-recu-par-ousmane-sonko\/#respond\"]}]},{\"@type\":\"WebPage\",\"@id\":\"https:\/\/www.public.sn\/index.php\/2022\/09\/10\/audience-lansana-gagny-sakho-recu-par-ousmane-sonko\/\",\"url\":\"https:\/\/www.public.sn\/index.php\/2022\/09\/10\/audience-lansana-gagny-sakho-recu-par-ousmane-sonko\/\",\"name\":\"Audience: Lansana Gagny Sakho re\u00e7u par Ousmane Sonko. - LE PUBLIC\",\"isPartOf\":{\"@id\":\"https:\/\/www.public.sn\/#website\"},\"primaryImageOfPage\":{\"@id\":\"https:\/\/www.public.sn\/index.php\/2022\/09\/10\/audience-lansana-gagny-sakho-recu-par-ousmane-sonko\/#primaryimage\"},\"image\":{\"@id\":\"https:\/\/www.public.sn\/index.php\/2022\/09\/10\/audience-lansana-gagny-sakho-recu-par-ousmane-sonko\/#primaryimage\"},\"thumbnailUrl\":\"https:\/\/www.public.sn\/wp-content\/uploads\/2022\/09\/06C09D2B-4703-457B-833C-66A768B40E5C.jpeg\",\"datePublished\":\"2022-09-10T20:24:15+00:00\",\"breadcrumb\":{\"@id\":\"https:\/\/www.public.sn\/index.php\/2022\/09\/10\/audience-lansana-gagny-sakho-recu-par-ousmane-sonko\/#breadcrumb\"},\"inLanguage\":\"fr-FR\",\"potentialAction\":[{\"@type\":\"ReadAction\",\"target\":[\"https:\/\/www.public.sn\/index.php\/2022\/09\/10\/audience-lansana-gagny-sakho-recu-par-ousmane-sonko\/\"]}]},{\"@type\":\"ImageObject\",\"inLanguage\":\"fr-FR\",\"@id\":\"https:\/\/www.public.sn\/index.php\/2022\/09\/10\/audience-lansana-gagny-sakho-recu-par-ousmane-sonko\/#primaryimage\",\"url\":\"https:\/\/www.public.sn\/wp-content\/uploads\/2022\/09\/06C09D2B-4703-457B-833C-66A768B40E5C.jpeg\",\"contentUrl\":\"https:\/\/www.public.sn\/wp-content\/uploads\/2022\/09\/06C09D2B-4703-457B-833C-66A768B40E5C.jpeg\",\"width\":2048,\"height\":1132},{\"@type\":\"BreadcrumbList\",\"@id\":\"https:\/\/www.public.sn\/index.php\/2022\/09\/10\/audience-lansana-gagny-sakho-recu-par-ousmane-sonko\/#breadcrumb\",\"itemListElement\":[{\"@type\":\"ListItem\",\"position\":1,\"name\":\"Accueil\",\"item\":\"https:\/\/www.public.sn\/\"},{\"@type\":\"ListItem\",\"position\":2,\"name\":\"Audience: Lansana Gagny Sakho re\u00e7u par Ousmane Sonko.\"}]},{\"@type\":\"WebSite\",\"@id\":\"https:\/\/www.public.sn\/#website\",\"url\":\"https:\/\/www.public.sn\/\",\"name\":\"LE PUBLIC\",\"description\":\"\",\"publisher\":{\"@id\":\"https:\/\/www.public.sn\/#organization\"},\"potentialAction\":[{\"@type\":\"SearchAction\",\"target\":{\"@type\":\"EntryPoint\",\"urlTemplate\":\"https:\/\/www.public.sn\/?s={search_term_string}\"},\"query-input\":{\"@type\":\"PropertyValueSpecification\",\"valueRequired\":true,\"valueName\":\"search_term_string\"}}],\"inLanguage\":\"fr-FR\"},{\"@type\":\"Organization\",\"@id\":\"https:\/\/www.public.sn\/#organization\",\"name\":\"LE PUBLIC\",\"url\":\"https:\/\/www.public.sn\/\",\"logo\":{\"@type\":\"ImageObject\",\"inLanguage\":\"fr-FR\",\"@id\":\"https:\/\/www.public.sn\/#\/schema\/logo\/image\/\",\"url\":\"https:\/\/www.public.sn\/wp-content\/uploads\/2024\/05\/cropped-LOGO-PUBLIC.SN_.png\",\"contentUrl\":\"https:\/\/www.public.sn\/wp-content\/uploads\/2024\/05\/cropped-LOGO-PUBLIC.SN_.png\",\"width\":682,\"height\":192,\"caption\":\"LE PUBLIC\"},\"image\":{\"@id\":\"https:\/\/www.public.sn\/#\/schema\/logo\/image\/\"}},{\"@type\":\"Person\",\"@id\":\"https:\/\/www.public.sn\/#\/schema\/person\/e3f4a11b037d4203902db148f9bc8d5a\",\"name\":\"LA REDACTION\",\"image\":{\"@type\":\"ImageObject\",\"inLanguage\":\"fr-FR\",\"@id\":\"https:\/\/www.public.sn\/#\/schema\/person\/image\/\",\"url\":\"https:\/\/secure.gravatar.com\/avatar\/d6c030db45db2883c075085c5d6c6258654a801a93766b49af0b82d4f454e2a5?s=96&d=mm&r=g\",\"contentUrl\":\"https:\/\/secure.gravatar.com\/avatar\/d6c030db45db2883c075085c5d6c6258654a801a93766b49af0b82d4f454e2a5?s=96&d=mm&r=g\",\"caption\":\"LA REDACTION\"},\"sameAs\":[\"http:\/\/www.public.sn\"],\"url\":\"https:\/\/www.public.sn\/index.php\/author\/admin7324\/\"}]}<\/script>\n<!-- \/ Yoast SEO plugin. -->","yoast_head_json":{"title":"Audience: Lansana Gagny Sakho re\u00e7u par Ousmane Sonko. - LE PUBLIC","robots":{"index":"index","follow":"follow","max-snippet":"max-snippet:-1","max-image-preview":"max-image-preview:large","max-video-preview":"max-video-preview:-1"},"canonical":"https:\/\/www.public.sn\/index.php\/2022\/09\/10\/audience-lansana-gagny-sakho-recu-par-ousmane-sonko\/","og_locale":"fr_FR","og_type":"article","og_title":"Audience: Lansana Gagny Sakho re\u00e7u par Ousmane Sonko. - LE PUBLIC","og_description":"L\u2019ancien directeur de l\u2019Onas Lansana Gagny Sakho a \u00e9t\u00e9 re\u00e7u ce samedi par le leader de Pastef, Ousmane Sonko. Il m\u2019a manqu\u00e9 de magnifier cette rencontre \u00e0 travers un post sur son compte Twitter. \u201cTr\u00e8s honor\u00e9 d\u2019avoir \u00e9t\u00e9 re\u00e7u ce matin par le Pr\u00e9sident Ousmane Sonko. Demain se pr\u00e9pare Today. Rester #focus sur l\u2019essentiel\u2026 Ce pays regorge de jeunes talentueux ce qui fait d\u00e9faut reste un leadership #transformationnel capable de transformer cet essai #ProjetPastef #Presidentielle2024\u201d, a-t-il post\u00e9.","og_url":"https:\/\/www.public.sn\/index.php\/2022\/09\/10\/audience-lansana-gagny-sakho-recu-par-ousmane-sonko\/","og_site_name":"LE PUBLIC","article_published_time":"2022-09-10T20:24:15+00:00","og_image":[{"width":2048,"height":1132,"url":"https:\/\/www.public.sn\/wp-content\/uploads\/2022\/09\/06C09D2B-4703-457B-833C-66A768B40E5C.jpeg","type":"image\/jpeg"}],"author":"LA REDACTION","twitter_card":"summary_large_image","twitter_misc":{"\u00c9crit par":"LA REDACTION","Dur\u00e9e de lecture estim\u00e9e":"1 minute"},"schema":{"@context":"https:\/\/schema.org","@graph":[{"@type":"Article","@id":"https:\/\/www.public.sn\/index.php\/2022\/09\/10\/audience-lansana-gagny-sakho-recu-par-ousmane-sonko\/#article","isPartOf":{"@id":"https:\/\/www.public.sn\/index.php\/2022\/09\/10\/audience-lansana-gagny-sakho-recu-par-ousmane-sonko\/"},"author":{"name":"LA REDACTION","@id":"https:\/\/www.public.sn\/#\/schema\/person\/e3f4a11b037d4203902db148f9bc8d5a"},"headline":"Audience: Lansana Gagny Sakho re\u00e7u par Ousmane Sonko.","datePublished":"2022-09-10T20:24:15+00:00","mainEntityOfPage":{"@id":"https:\/\/www.public.sn\/index.php\/2022\/09\/10\/audience-lansana-gagny-sakho-recu-par-ousmane-sonko\/"},"wordCount":96,"commentCount":0,"publisher":{"@id":"https:\/\/www.public.sn\/#organization"},"image":{"@id":"https:\/\/www.public.sn\/index.php\/2022\/09\/10\/audience-lansana-gagny-sakho-recu-par-ousmane-sonko\/#primaryimage"},"thumbnailUrl":"https:\/\/www.public.sn\/wp-content\/uploads\/2022\/09\/06C09D2B-4703-457B-833C-66A768B40E5C.jpeg","keywords":["Audience","Lansana Gagny Sakho","Ousmane Sonko","Pr\u00e9sidentielle 2024"],"articleSection":["ACTUALIT\u00c9S","POLITIQUE"],"inLanguage":"fr-FR","potentialAction":[{"@type":"CommentAction","name":"Comment","target":["https:\/\/www.public.sn\/index.php\/2022\/09\/10\/audience-lansana-gagny-sakho-recu-par-ousmane-sonko\/#respond"]}]},{"@type":"WebPage","@id":"https:\/\/www.public.sn\/index.php\/2022\/09\/10\/audience-lansana-gagny-sakho-recu-par-ousmane-sonko\/","url":"https:\/\/www.public.sn\/index.php\/2022\/09\/10\/audience-lansana-gagny-sakho-recu-par-ousmane-sonko\/","name":"Audience: Lansana Gagny Sakho re\u00e7u par Ousmane Sonko. - LE PUBLIC","isPartOf":{"@id":"https:\/\/www.public.sn\/#website"},"primaryImageOfPage":{"@id":"https:\/\/www.public.sn\/index.php\/2022\/09\/10\/audience-lansana-gagny-sakho-recu-par-ousmane-sonko\/#primaryimage"},"image":{"@id":"https:\/\/www.public.sn\/index.php\/2022\/09\/10\/audience-lansana-gagny-sakho-recu-par-ousmane-sonko\/#primaryimage"},"thumbnailUrl":"https:\/\/www.public.sn\/wp-content\/uploads\/2022\/09\/06C09D2B-4703-457B-833C-66A768B40E5C.jpeg","datePublished":"2022-09-10T20:24:15+00:00","breadcrumb":{"@id":"https:\/\/www.public.sn\/index.php\/2022\/09\/10\/audience-lansana-gagny-sakho-recu-par-ousmane-sonko\/#breadcrumb"},"inLanguage":"fr-FR","potentialAction":[{"@type":"ReadAction","target":["https:\/\/www.public.sn\/index.php\/2022\/09\/10\/audience-lansana-gagny-sakho-recu-par-ousmane-sonko\/"]}]},{"@type":"ImageObject","inLanguage":"fr-FR","@id":"https:\/\/www.public.sn\/index.php\/2022\/09\/10\/audience-lansana-gagny-sakho-recu-par-ousmane-sonko\/#primaryimage","url":"https:\/\/www.public.sn\/wp-content\/uploads\/2022\/09\/06C09D2B-4703-457B-833C-66A768B40E5C.jpeg","contentUrl":"https:\/\/www.public.sn\/wp-content\/uploads\/2022\/09\/06C09D2B-4703-457B-833C-66A768B40E5C.jpeg","width":2048,"height":1132},{"@type":"BreadcrumbList","@id":"https:\/\/www.public.sn\/index.php\/2022\/09\/10\/audience-lansana-gagny-sakho-recu-par-ousmane-sonko\/#breadcrumb","itemListElement":[{"@type":"ListItem","position":1,"name":"Accueil","item":"https:\/\/www.public.sn\/"},{"@type":"ListItem","position":2,"name":"Audience: Lansana Gagny Sakho re\u00e7u par Ousmane Sonko."}]},{"@type":"WebSite","@id":"https:\/\/www.public.sn\/#website","url":"https:\/\/www.public.sn\/","name":"LE PUBLIC","description":"","publisher":{"@id":"https:\/\/www.public.sn\/#organization"},"potentialAction":[{"@type":"SearchAction","target":{"@type":"EntryPoint","urlTemplate":"https:\/\/www.public.sn\/?s={search_term_string}"},"query-input":{"@type":"PropertyValueSpecification","valueRequired":true,"valueName":"search_term_string"}}],"inLanguage":"fr-FR"},{"@type":"Organization","@id":"https:\/\/www.public.sn\/#organization","name":"LE PUBLIC","url":"https:\/\/www.public.sn\/","logo":{"@type":"ImageObject","inLanguage":"fr-FR","@id":"https:\/\/www.public.sn\/#\/schema\/logo\/image\/","url":"https:\/\/www.public.sn\/wp-content\/uploads\/2024\/05\/cropped-LOGO-PUBLIC.SN_.png","contentUrl":"https:\/\/www.public.sn\/wp-content\/uploads\/2024\/05\/cropped-LOGO-PUBLIC.SN_.png","width":682,"height":192,"caption":"LE PUBLIC"},"image":{"@id":"https:\/\/www.public.sn\/#\/schema\/logo\/image\/"}},{"@type":"Person","@id":"https:\/\/www.public.sn\/#\/schema\/person\/e3f4a11b037d4203902db148f9bc8d5a","name":"LA REDACTION","image":{"@type":"ImageObject","inLanguage":"fr-FR","@id":"https:\/\/www.public.sn\/#\/schema\/person\/image\/","url":"https:\/\/secure.gravatar.com\/avatar\/d6c030db45db2883c075085c5d6c6258654a801a93766b49af0b82d4f454e2a5?s=96&d=mm&r=g","contentUrl":"https:\/\/secure.gravatar.com\/avatar\/d6c030db45db2883c075085c5d6c6258654a801a93766b49af0b82d4f454e2a5?s=96&d=mm&r=g","caption":"LA REDACTION"},"sameAs":["http:\/\/www.public.sn"],"url":"https:\/\/www.public.sn\/index.php\/author\/admin7324\/"}]}},"jetpack_featured_media_url":"https:\/\/www.public.sn\/wp-content\/uploads\/2022\/09\/06C09D2B-4703-457B-833C-66A768B40E5C.jpeg","jetpack_sharing_enabled":true,"_links":{"self":[{"href":"https:\/\/www.public.sn\/index.php\/wp-json\/wp\/v2\/posts\/1646","targetHints":{"allow":["GET"]}}],"collection":[{"href":"https:\/\/www.public.sn\/index.php\/wp-json\/wp\/v2\/posts"}],"about":[{"href":"https:\/\/www.public.sn\/index.php\/wp-json\/wp\/v2\/types\/post"}],"author":[{"embeddable":true,"href":"https:\/\/www.public.sn\/index.php\/wp-json\/wp\/v2\/users\/1"}],"replies":[{"embeddable":true,"href":"https:\/\/www.public.sn\/index.php\/wp-json\/wp\/v2\/comments?post=1646"}],"version-history":[{"count":1,"href":"https:\/\/www.public.sn\/index.php\/wp-json\/wp\/v2\/posts\/1646\/revisions"}],"predecessor-version":[{"id":1648,"href":"https:\/\/www.public.sn\/index.php\/wp-json\/wp\/v2\/posts\/1646\/revisions\/1648"}],"wp:featuredmedia":[{"embeddable":true,"href":"https:\/\/www.public.sn\/index.php\/wp-json\/wp\/v2\/media\/1647"}],"wp:attachment":[{"href":"https:\/\/www.public.sn\/index.php\/wp-json\/wp\/v2\/media?parent=1646"}],"wp:term":[{"taxonomy":"category","embeddable":true,"href":"https:\/\/www.public.sn\/index.php\/wp-json\/wp\/v2\/categories?post=1646"},{"taxonomy":"post_tag","embeddable":true,"href":"https:\/\/www.public.sn\/index.php\/wp-json\/wp\/v2\/tags?post=1646"}],"curies":[{"name":"wp","href":"https:\/\/api.w.org\/{rel}","templated":true}]}}