{"id":1649,"date":"2022-09-10T22:31:33","date_gmt":"2022-09-10T20:31:33","guid":{"rendered":"https:\/\/www.public.sn\/?p=1649"},"modified":"2022-09-10T22:31:34","modified_gmt":"2022-09-10T20:31:34","slug":"ameth-aidara-est-officiellement-candidat-a-la-presidence-de-lassemblee-nationale","status":"publish","type":"post","link":"https:\/\/www.public.sn\/index.php\/2022\/09\/10\/ameth-aidara-est-officiellement-candidat-a-la-presidence-de-lassemblee-nationale\/","title":{"rendered":"Ameth Aidara est officiellement candidat \u00e0 la pr\u00e9sidence de l\u2019Assembl\u00e9e nationale."},"content":{"rendered":"\n<p><strong>Ce n\u2019est plus un bruit de couloir. C\u2019est d\u00e9sormais officiel. Le maire de Gu\u00e9diawaye, Ahmed A\u00efdara est candidat \u00e0 la pr\u00e9sidence de l\u2019Assembl\u00e9e nationale.\u00a0<\/strong><\/p><div class=\"publi-paragraphe1\" style=\"margin-top: 10px;margin-bottom: 10px;margin-left: auto;margin-right: auto;text-align: center;\" id=\"publi-3586736383\"><div class=\"publi-adlabel\">Publicit\u00e9<\/div><script async src=\"\/\/pagead2.googlesyndication.com\/pagead\/js\/adsbygoogle.js?client=ca-pub-4089586018074219\" crossorigin=\"anonymous\"><\/script><ins class=\"adsbygoogle\" style=\"display:block;\" data-ad-client=\"ca-pub-4089586018074219\" \ndata-ad-slot=\"2087940154\" \ndata-ad-format=\"auto\"><\/ins>\n<script> \n(adsbygoogle = window.adsbygoogle || []).push({}); \n<\/script>\n<\/div>\n\n\n\n<p>\u201c<em>Je rends gr\u00e2ce \u00e0 dieu et r\u00e9affirme ma d\u00e9termination \u00e0 \u0153uvrer pour la concr\u00e9tisation de notre contrat de mandataire pour une Assembl\u00e9e Nationale de rupture r\u00e9solument engag\u00e9e pour la d\u00e9fense des int\u00e9r\u00eats exclusifs du peuple s\u00e9n\u00e9galais.\u00a0\u00a0Apr\u00e8s en avoir inform\u00e9 la conf\u00e9rence des leaders de la Coalition Yewwi Askan Wi le mardi 30 ao\u00fbt 2022, j\u2019ai pris la d\u00e9cision de me porter solennellement candidat \u00e0 la pr\u00e9sidence de notre auguste assembl\u00e9e nationale ce lundi 12 septembre 2022. Vive la R\u00e9publique Vive le S\u00e9n\u00e9gal<\/em>\u201d, a-t-il post\u00e9 sur les r\u00e9seaux sociaux.<\/p>\n<div class=\"publi-apres-le-contenu\" style=\"margin-top: 10px;margin-bottom: 10px;margin-left: auto;margin-right: auto;text-align: center;\" id=\"publi-3983015759\"><div class=\"publi-adlabel\">Publicit\u00e9<\/div><script async src=\"\/\/pagead2.googlesyndication.com\/pagead\/js\/adsbygoogle.js?client=ca-pub-4089586018074219\" crossorigin=\"anonymous\"><\/script><ins class=\"adsbygoogle\" style=\"display:block;\" data-ad-client=\"ca-pub-4089586018074219\" \ndata-ad-slot=\"2087940154\" \ndata-ad-format=\"auto\"><\/ins>\n<script> \n(adsbygoogle = window.adsbygoogle || []).push({}); \n<\/script>\n<\/div>","protected":false},"excerpt":{"rendered":"<p>Ce n\u2019est plus un bruit de couloir. C\u2019est d\u00e9sormais officiel. Le maire de Gu\u00e9diawaye, Ahmed A\u00efdara est candidat \u00e0 la pr\u00e9sidence de l\u2019Assembl\u00e9e nationale.\u00a0 \u201cJe rends gr\u00e2ce \u00e0 dieu et r\u00e9affirme ma d\u00e9termination \u00e0 \u0153uvrer pour la concr\u00e9tisation de notre contrat de mandataire pour une Assembl\u00e9e Nationale de rupture r\u00e9solument engag\u00e9e pour la d\u00e9fense des int\u00e9r\u00eats exclusifs du peuple s\u00e9n\u00e9galais.\u00a0\u00a0Apr\u00e8s en avoir inform\u00e9 la conf\u00e9rence des leaders de la Coalition Yewwi Askan Wi le mardi 30 ao\u00fbt 2022, j\u2019ai pris la d\u00e9cision de me porter solennellement candidat \u00e0 la pr\u00e9sidence de notre auguste assembl\u00e9e nationale ce lundi 12 septembre 2022. Vive la R\u00e9publique Vive le S\u00e9n\u00e9gal\u201d, a-t-il post\u00e9 sur les r\u00e9seaux sociaux.<\/p>\n","protected":false},"author":1,"featured_media":1650,"comment_status":"open","ping_status":"open","sticky":false,"template":"","format":"standard","meta":{"_jetpack_memberships_contains_paid_content":false,"footnotes":""},"categories":[375,3],"tags":[706,606,12,352,301],"class_list":["post-1649","post","type-post","status-publish","format-standard","has-post-thumbnail","hentry","category-actualites","category-politique","tag-1ere-session","tag-ameth-aidara-2","tag-assemblee-nationale","tag-presidence","tag-yewwi","entry","has-media","owp-thumbs-layout-horizontal","owp-btn-normal","owp-tabs-layout-horizontal","has-no-thumbnails","has-product-nav"],"yoast_head":"<!-- This site is optimized with the Yoast SEO plugin v25.5 - https:\/\/yoast.com\/wordpress\/plugins\/seo\/ -->\n<title>Ameth Aidara est officiellement candidat \u00e0 la pr\u00e9sidence de l\u2019Assembl\u00e9e nationale. - LE PUBLIC<\/title>\n<meta name=\"robots\" content=\"index, follow, max-snippet:-1, max-image-preview:large, max-video-preview:-1\" \/>\n<link rel=\"canonical\" href=\"https:\/\/www.public.sn\/index.php\/2022\/09\/10\/ameth-aidara-est-officiellement-candidat-a-la-presidence-de-lassemblee-nationale\/\" \/>\n<meta property=\"og:locale\" content=\"fr_FR\" \/>\n<meta property=\"og:type\" content=\"article\" \/>\n<meta property=\"og:title\" content=\"Ameth Aidara est officiellement candidat \u00e0 la pr\u00e9sidence de l\u2019Assembl\u00e9e nationale. - LE PUBLIC\" \/>\n<meta property=\"og:description\" content=\"Ce n\u2019est plus un bruit de couloir. C\u2019est d\u00e9sormais officiel. Le maire de Gu\u00e9diawaye, Ahmed A\u00efdara est candidat \u00e0 la pr\u00e9sidence de l\u2019Assembl\u00e9e nationale.\u00a0 \u201cJe rends gr\u00e2ce \u00e0 dieu et r\u00e9affirme ma d\u00e9termination \u00e0 \u0153uvrer pour la concr\u00e9tisation de notre contrat de mandataire pour une Assembl\u00e9e Nationale de rupture r\u00e9solument engag\u00e9e pour la d\u00e9fense des int\u00e9r\u00eats exclusifs du peuple s\u00e9n\u00e9galais.\u00a0\u00a0Apr\u00e8s en avoir inform\u00e9 la conf\u00e9rence des leaders de la Coalition Yewwi Askan Wi le mardi 30 ao\u00fbt 2022, j\u2019ai pris la d\u00e9cision de me porter solennellement candidat \u00e0 la pr\u00e9sidence de notre auguste assembl\u00e9e nationale ce lundi 12 septembre 2022. Vive la R\u00e9publique Vive le S\u00e9n\u00e9gal\u201d, a-t-il post\u00e9 sur les r\u00e9seaux sociaux.\" \/>\n<meta property=\"og:url\" content=\"https:\/\/www.public.sn\/index.php\/2022\/09\/10\/ameth-aidara-est-officiellement-candidat-a-la-presidence-de-lassemblee-nationale\/\" \/>\n<meta property=\"og:site_name\" content=\"LE PUBLIC\" \/>\n<meta property=\"article:published_time\" content=\"2022-09-10T20:31:33+00:00\" \/>\n<meta property=\"article:modified_time\" content=\"2022-09-10T20:31:34+00:00\" \/>\n<meta property=\"og:image\" content=\"https:\/\/www.public.sn\/wp-content\/uploads\/2022\/09\/4EB6BDC6-618B-4A91-AD72-3543A597F2CD.jpeg\" \/>\n\t<meta property=\"og:image:width\" content=\"720\" \/>\n\t<meta property=\"og:image:height\" content=\"394\" \/>\n\t<meta property=\"og:image:type\" content=\"image\/jpeg\" \/>\n<meta name=\"author\" content=\"LA REDACTION\" \/>\n<meta name=\"twitter:card\" content=\"summary_large_image\" \/>\n<meta name=\"twitter:label1\" content=\"\u00c9crit par\" \/>\n\t<meta name=\"twitter:data1\" content=\"LA REDACTION\" \/>\n\t<meta name=\"twitter:label2\" content=\"Dur\u00e9e de lecture estim\u00e9e\" \/>\n\t<meta name=\"twitter:data2\" content=\"1 minute\" \/>\n<script type=\"application\/ld+json\" class=\"yoast-schema-graph\">{\"@context\":\"https:\/\/schema.org\",\"@graph\":[{\"@type\":\"Article\",\"@id\":\"https:\/\/www.public.sn\/index.php\/2022\/09\/10\/ameth-aidara-est-officiellement-candidat-a-la-presidence-de-lassemblee-nationale\/#article\",\"isPartOf\":{\"@id\":\"https:\/\/www.public.sn\/index.php\/2022\/09\/10\/ameth-aidara-est-officiellement-candidat-a-la-presidence-de-lassemblee-nationale\/\"},\"author\":{\"name\":\"LA REDACTION\",\"@id\":\"https:\/\/www.public.sn\/#\/schema\/person\/e3f4a11b037d4203902db148f9bc8d5a\"},\"headline\":\"Ameth Aidara est officiellement candidat \u00e0 la pr\u00e9sidence de l\u2019Assembl\u00e9e nationale.\",\"datePublished\":\"2022-09-10T20:31:33+00:00\",\"dateModified\":\"2022-09-10T20:31:34+00:00\",\"mainEntityOfPage\":{\"@id\":\"https:\/\/www.public.sn\/index.php\/2022\/09\/10\/ameth-aidara-est-officiellement-candidat-a-la-presidence-de-lassemblee-nationale\/\"},\"wordCount\":149,\"commentCount\":0,\"publisher\":{\"@id\":\"https:\/\/www.public.sn\/#organization\"},\"image\":{\"@id\":\"https:\/\/www.public.sn\/index.php\/2022\/09\/10\/ameth-aidara-est-officiellement-candidat-a-la-presidence-de-lassemblee-nationale\/#primaryimage\"},\"thumbnailUrl\":\"https:\/\/www.public.sn\/wp-content\/uploads\/2022\/09\/4EB6BDC6-618B-4A91-AD72-3543A597F2CD.jpeg\",\"keywords\":[\"1\u00e8re session\",\"Ameth A\u00efdara\",\"Assembl\u00e9e Nationale\",\"Pr\u00e9sidence\",\"Yewwi\"],\"articleSection\":[\"ACTUALIT\u00c9S\",\"POLITIQUE\"],\"inLanguage\":\"fr-FR\",\"potentialAction\":[{\"@type\":\"CommentAction\",\"name\":\"Comment\",\"target\":[\"https:\/\/www.public.sn\/index.php\/2022\/09\/10\/ameth-aidara-est-officiellement-candidat-a-la-presidence-de-lassemblee-nationale\/#respond\"]}]},{\"@type\":\"WebPage\",\"@id\":\"https:\/\/www.public.sn\/index.php\/2022\/09\/10\/ameth-aidara-est-officiellement-candidat-a-la-presidence-de-lassemblee-nationale\/\",\"url\":\"https:\/\/www.public.sn\/index.php\/2022\/09\/10\/ameth-aidara-est-officiellement-candidat-a-la-presidence-de-lassemblee-nationale\/\",\"name\":\"Ameth Aidara est officiellement candidat \u00e0 la pr\u00e9sidence de l\u2019Assembl\u00e9e nationale. - LE PUBLIC\",\"isPartOf\":{\"@id\":\"https:\/\/www.public.sn\/#website\"},\"primaryImageOfPage\":{\"@id\":\"https:\/\/www.public.sn\/index.php\/2022\/09\/10\/ameth-aidara-est-officiellement-candidat-a-la-presidence-de-lassemblee-nationale\/#primaryimage\"},\"image\":{\"@id\":\"https:\/\/www.public.sn\/index.php\/2022\/09\/10\/ameth-aidara-est-officiellement-candidat-a-la-presidence-de-lassemblee-nationale\/#primaryimage\"},\"thumbnailUrl\":\"https:\/\/www.public.sn\/wp-content\/uploads\/2022\/09\/4EB6BDC6-618B-4A91-AD72-3543A597F2CD.jpeg\",\"datePublished\":\"2022-09-10T20:31:33+00:00\",\"dateModified\":\"2022-09-10T20:31:34+00:00\",\"breadcrumb\":{\"@id\":\"https:\/\/www.public.sn\/index.php\/2022\/09\/10\/ameth-aidara-est-officiellement-candidat-a-la-presidence-de-lassemblee-nationale\/#breadcrumb\"},\"inLanguage\":\"fr-FR\",\"potentialAction\":[{\"@type\":\"ReadAction\",\"target\":[\"https:\/\/www.public.sn\/index.php\/2022\/09\/10\/ameth-aidara-est-officiellement-candidat-a-la-presidence-de-lassemblee-nationale\/\"]}]},{\"@type\":\"ImageObject\",\"inLanguage\":\"fr-FR\",\"@id\":\"https:\/\/www.public.sn\/index.php\/2022\/09\/10\/ameth-aidara-est-officiellement-candidat-a-la-presidence-de-lassemblee-nationale\/#primaryimage\",\"url\":\"https:\/\/www.public.sn\/wp-content\/uploads\/2022\/09\/4EB6BDC6-618B-4A91-AD72-3543A597F2CD.jpeg\",\"contentUrl\":\"https:\/\/www.public.sn\/wp-content\/uploads\/2022\/09\/4EB6BDC6-618B-4A91-AD72-3543A597F2CD.jpeg\",\"width\":720,\"height\":394},{\"@type\":\"BreadcrumbList\",\"@id\":\"https:\/\/www.public.sn\/index.php\/2022\/09\/10\/ameth-aidara-est-officiellement-candidat-a-la-presidence-de-lassemblee-nationale\/#breadcrumb\",\"itemListElement\":[{\"@type\":\"ListItem\",\"position\":1,\"name\":\"Accueil\",\"item\":\"https:\/\/www.public.sn\/\"},{\"@type\":\"ListItem\",\"position\":2,\"name\":\"Ameth Aidara est officiellement candidat \u00e0 la pr\u00e9sidence de l\u2019Assembl\u00e9e nationale.\"}]},{\"@type\":\"WebSite\",\"@id\":\"https:\/\/www.public.sn\/#website\",\"url\":\"https:\/\/www.public.sn\/\",\"name\":\"LE PUBLIC\",\"description\":\"\",\"publisher\":{\"@id\":\"https:\/\/www.public.sn\/#organization\"},\"potentialAction\":[{\"@type\":\"SearchAction\",\"target\":{\"@type\":\"EntryPoint\",\"urlTemplate\":\"https:\/\/www.public.sn\/?s={search_term_string}\"},\"query-input\":{\"@type\":\"PropertyValueSpecification\",\"valueRequired\":true,\"valueName\":\"search_term_string\"}}],\"inLanguage\":\"fr-FR\"},{\"@type\":\"Organization\",\"@id\":\"https:\/\/www.public.sn\/#organization\",\"name\":\"LE PUBLIC\",\"url\":\"https:\/\/www.public.sn\/\",\"logo\":{\"@type\":\"ImageObject\",\"inLanguage\":\"fr-FR\",\"@id\":\"https:\/\/www.public.sn\/#\/schema\/logo\/image\/\",\"url\":\"https:\/\/www.public.sn\/wp-content\/uploads\/2024\/05\/cropped-LOGO-PUBLIC.SN_.png\",\"contentUrl\":\"https:\/\/www.public.sn\/wp-content\/uploads\/2024\/05\/cropped-LOGO-PUBLIC.SN_.png\",\"width\":682,\"height\":192,\"caption\":\"LE PUBLIC\"},\"image\":{\"@id\":\"https:\/\/www.public.sn\/#\/schema\/logo\/image\/\"}},{\"@type\":\"Person\",\"@id\":\"https:\/\/www.public.sn\/#\/schema\/person\/e3f4a11b037d4203902db148f9bc8d5a\",\"name\":\"LA REDACTION\",\"image\":{\"@type\":\"ImageObject\",\"inLanguage\":\"fr-FR\",\"@id\":\"https:\/\/www.public.sn\/#\/schema\/person\/image\/\",\"url\":\"https:\/\/secure.gravatar.com\/avatar\/d6c030db45db2883c075085c5d6c6258654a801a93766b49af0b82d4f454e2a5?s=96&d=mm&r=g\",\"contentUrl\":\"https:\/\/secure.gravatar.com\/avatar\/d6c030db45db2883c075085c5d6c6258654a801a93766b49af0b82d4f454e2a5?s=96&d=mm&r=g\",\"caption\":\"LA REDACTION\"},\"sameAs\":[\"http:\/\/www.public.sn\"],\"url\":\"https:\/\/www.public.sn\/index.php\/author\/admin7324\/\"}]}<\/script>\n<!-- \/ Yoast SEO plugin. -->","yoast_head_json":{"title":"Ameth Aidara est officiellement candidat \u00e0 la pr\u00e9sidence de l\u2019Assembl\u00e9e nationale. - LE PUBLIC","robots":{"index":"index","follow":"follow","max-snippet":"max-snippet:-1","max-image-preview":"max-image-preview:large","max-video-preview":"max-video-preview:-1"},"canonical":"https:\/\/www.public.sn\/index.php\/2022\/09\/10\/ameth-aidara-est-officiellement-candidat-a-la-presidence-de-lassemblee-nationale\/","og_locale":"fr_FR","og_type":"article","og_title":"Ameth Aidara est officiellement candidat \u00e0 la pr\u00e9sidence de l\u2019Assembl\u00e9e nationale. - LE PUBLIC","og_description":"Ce n\u2019est plus un bruit de couloir. C\u2019est d\u00e9sormais officiel. Le maire de Gu\u00e9diawaye, Ahmed A\u00efdara est candidat \u00e0 la pr\u00e9sidence de l\u2019Assembl\u00e9e nationale.\u00a0 \u201cJe rends gr\u00e2ce \u00e0 dieu et r\u00e9affirme ma d\u00e9termination \u00e0 \u0153uvrer pour la concr\u00e9tisation de notre contrat de mandataire pour une Assembl\u00e9e Nationale de rupture r\u00e9solument engag\u00e9e pour la d\u00e9fense des int\u00e9r\u00eats exclusifs du peuple s\u00e9n\u00e9galais.\u00a0\u00a0Apr\u00e8s en avoir inform\u00e9 la conf\u00e9rence des leaders de la Coalition Yewwi Askan Wi le mardi 30 ao\u00fbt 2022, j\u2019ai pris la d\u00e9cision de me porter solennellement candidat \u00e0 la pr\u00e9sidence de notre auguste assembl\u00e9e nationale ce lundi 12 septembre 2022. Vive la R\u00e9publique Vive le S\u00e9n\u00e9gal\u201d, a-t-il post\u00e9 sur les r\u00e9seaux sociaux.","og_url":"https:\/\/www.public.sn\/index.php\/2022\/09\/10\/ameth-aidara-est-officiellement-candidat-a-la-presidence-de-lassemblee-nationale\/","og_site_name":"LE PUBLIC","article_published_time":"2022-09-10T20:31:33+00:00","article_modified_time":"2022-09-10T20:31:34+00:00","og_image":[{"width":720,"height":394,"url":"https:\/\/www.public.sn\/wp-content\/uploads\/2022\/09\/4EB6BDC6-618B-4A91-AD72-3543A597F2CD.jpeg","type":"image\/jpeg"}],"author":"LA REDACTION","twitter_card":"summary_large_image","twitter_misc":{"\u00c9crit par":"LA REDACTION","Dur\u00e9e de lecture estim\u00e9e":"1 minute"},"schema":{"@context":"https:\/\/schema.org","@graph":[{"@type":"Article","@id":"https:\/\/www.public.sn\/index.php\/2022\/09\/10\/ameth-aidara-est-officiellement-candidat-a-la-presidence-de-lassemblee-nationale\/#article","isPartOf":{"@id":"https:\/\/www.public.sn\/index.php\/2022\/09\/10\/ameth-aidara-est-officiellement-candidat-a-la-presidence-de-lassemblee-nationale\/"},"author":{"name":"LA REDACTION","@id":"https:\/\/www.public.sn\/#\/schema\/person\/e3f4a11b037d4203902db148f9bc8d5a"},"headline":"Ameth Aidara est officiellement candidat \u00e0 la pr\u00e9sidence de l\u2019Assembl\u00e9e nationale.","datePublished":"2022-09-10T20:31:33+00:00","dateModified":"2022-09-10T20:31:34+00:00","mainEntityOfPage":{"@id":"https:\/\/www.public.sn\/index.php\/2022\/09\/10\/ameth-aidara-est-officiellement-candidat-a-la-presidence-de-lassemblee-nationale\/"},"wordCount":149,"commentCount":0,"publisher":{"@id":"https:\/\/www.public.sn\/#organization"},"image":{"@id":"https:\/\/www.public.sn\/index.php\/2022\/09\/10\/ameth-aidara-est-officiellement-candidat-a-la-presidence-de-lassemblee-nationale\/#primaryimage"},"thumbnailUrl":"https:\/\/www.public.sn\/wp-content\/uploads\/2022\/09\/4EB6BDC6-618B-4A91-AD72-3543A597F2CD.jpeg","keywords":["1\u00e8re session","Ameth A\u00efdara","Assembl\u00e9e Nationale","Pr\u00e9sidence","Yewwi"],"articleSection":["ACTUALIT\u00c9S","POLITIQUE"],"inLanguage":"fr-FR","potentialAction":[{"@type":"CommentAction","name":"Comment","target":["https:\/\/www.public.sn\/index.php\/2022\/09\/10\/ameth-aidara-est-officiellement-candidat-a-la-presidence-de-lassemblee-nationale\/#respond"]}]},{"@type":"WebPage","@id":"https:\/\/www.public.sn\/index.php\/2022\/09\/10\/ameth-aidara-est-officiellement-candidat-a-la-presidence-de-lassemblee-nationale\/","url":"https:\/\/www.public.sn\/index.php\/2022\/09\/10\/ameth-aidara-est-officiellement-candidat-a-la-presidence-de-lassemblee-nationale\/","name":"Ameth Aidara est officiellement candidat \u00e0 la pr\u00e9sidence de l\u2019Assembl\u00e9e nationale. - LE PUBLIC","isPartOf":{"@id":"https:\/\/www.public.sn\/#website"},"primaryImageOfPage":{"@id":"https:\/\/www.public.sn\/index.php\/2022\/09\/10\/ameth-aidara-est-officiellement-candidat-a-la-presidence-de-lassemblee-nationale\/#primaryimage"},"image":{"@id":"https:\/\/www.public.sn\/index.php\/2022\/09\/10\/ameth-aidara-est-officiellement-candidat-a-la-presidence-de-lassemblee-nationale\/#primaryimage"},"thumbnailUrl":"https:\/\/www.public.sn\/wp-content\/uploads\/2022\/09\/4EB6BDC6-618B-4A91-AD72-3543A597F2CD.jpeg","datePublished":"2022-09-10T20:31:33+00:00","dateModified":"2022-09-10T20:31:34+00:00","breadcrumb":{"@id":"https:\/\/www.public.sn\/index.php\/2022\/09\/10\/ameth-aidara-est-officiellement-candidat-a-la-presidence-de-lassemblee-nationale\/#breadcrumb"},"inLanguage":"fr-FR","potentialAction":[{"@type":"ReadAction","target":["https:\/\/www.public.sn\/index.php\/2022\/09\/10\/ameth-aidara-est-officiellement-candidat-a-la-presidence-de-lassemblee-nationale\/"]}]},{"@type":"ImageObject","inLanguage":"fr-FR","@id":"https:\/\/www.public.sn\/index.php\/2022\/09\/10\/ameth-aidara-est-officiellement-candidat-a-la-presidence-de-lassemblee-nationale\/#primaryimage","url":"https:\/\/www.public.sn\/wp-content\/uploads\/2022\/09\/4EB6BDC6-618B-4A91-AD72-3543A597F2CD.jpeg","contentUrl":"https:\/\/www.public.sn\/wp-content\/uploads\/2022\/09\/4EB6BDC6-618B-4A91-AD72-3543A597F2CD.jpeg","width":720,"height":394},{"@type":"BreadcrumbList","@id":"https:\/\/www.public.sn\/index.php\/2022\/09\/10\/ameth-aidara-est-officiellement-candidat-a-la-presidence-de-lassemblee-nationale\/#breadcrumb","itemListElement":[{"@type":"ListItem","position":1,"name":"Accueil","item":"https:\/\/www.public.sn\/"},{"@type":"ListItem","position":2,"name":"Ameth Aidara est officiellement candidat \u00e0 la pr\u00e9sidence de l\u2019Assembl\u00e9e nationale."}]},{"@type":"WebSite","@id":"https:\/\/www.public.sn\/#website","url":"https:\/\/www.public.sn\/","name":"LE PUBLIC","description":"","publisher":{"@id":"https:\/\/www.public.sn\/#organization"},"potentialAction":[{"@type":"SearchAction","target":{"@type":"EntryPoint","urlTemplate":"https:\/\/www.public.sn\/?s={search_term_string}"},"query-input":{"@type":"PropertyValueSpecification","valueRequired":true,"valueName":"search_term_string"}}],"inLanguage":"fr-FR"},{"@type":"Organization","@id":"https:\/\/www.public.sn\/#organization","name":"LE PUBLIC","url":"https:\/\/www.public.sn\/","logo":{"@type":"ImageObject","inLanguage":"fr-FR","@id":"https:\/\/www.public.sn\/#\/schema\/logo\/image\/","url":"https:\/\/www.public.sn\/wp-content\/uploads\/2024\/05\/cropped-LOGO-PUBLIC.SN_.png","contentUrl":"https:\/\/www.public.sn\/wp-content\/uploads\/2024\/05\/cropped-LOGO-PUBLIC.SN_.png","width":682,"height":192,"caption":"LE PUBLIC"},"image":{"@id":"https:\/\/www.public.sn\/#\/schema\/logo\/image\/"}},{"@type":"Person","@id":"https:\/\/www.public.sn\/#\/schema\/person\/e3f4a11b037d4203902db148f9bc8d5a","name":"LA REDACTION","image":{"@type":"ImageObject","inLanguage":"fr-FR","@id":"https:\/\/www.public.sn\/#\/schema\/person\/image\/","url":"https:\/\/secure.gravatar.com\/avatar\/d6c030db45db2883c075085c5d6c6258654a801a93766b49af0b82d4f454e2a5?s=96&d=mm&r=g","contentUrl":"https:\/\/secure.gravatar.com\/avatar\/d6c030db45db2883c075085c5d6c6258654a801a93766b49af0b82d4f454e2a5?s=96&d=mm&r=g","caption":"LA REDACTION"},"sameAs":["http:\/\/www.public.sn"],"url":"https:\/\/www.public.sn\/index.php\/author\/admin7324\/"}]}},"jetpack_featured_media_url":"https:\/\/www.public.sn\/wp-content\/uploads\/2022\/09\/4EB6BDC6-618B-4A91-AD72-3543A597F2CD.jpeg","jetpack_sharing_enabled":true,"_links":{"self":[{"href":"https:\/\/www.public.sn\/index.php\/wp-json\/wp\/v2\/posts\/1649","targetHints":{"allow":["GET"]}}],"collection":[{"href":"https:\/\/www.public.sn\/index.php\/wp-json\/wp\/v2\/posts"}],"about":[{"href":"https:\/\/www.public.sn\/index.php\/wp-json\/wp\/v2\/types\/post"}],"author":[{"embeddable":true,"href":"https:\/\/www.public.sn\/index.php\/wp-json\/wp\/v2\/users\/1"}],"replies":[{"embeddable":true,"href":"https:\/\/www.public.sn\/index.php\/wp-json\/wp\/v2\/comments?post=1649"}],"version-history":[{"count":1,"href":"https:\/\/www.public.sn\/index.php\/wp-json\/wp\/v2\/posts\/1649\/revisions"}],"predecessor-version":[{"id":1651,"href":"https:\/\/www.public.sn\/index.php\/wp-json\/wp\/v2\/posts\/1649\/revisions\/1651"}],"wp:featuredmedia":[{"embeddable":true,"href":"https:\/\/www.public.sn\/index.php\/wp-json\/wp\/v2\/media\/1650"}],"wp:attachment":[{"href":"https:\/\/www.public.sn\/index.php\/wp-json\/wp\/v2\/media?parent=1649"}],"wp:term":[{"taxonomy":"category","embeddable":true,"href":"https:\/\/www.public.sn\/index.php\/wp-json\/wp\/v2\/categories?post=1649"},{"taxonomy":"post_tag","embeddable":true,"href":"https:\/\/www.public.sn\/index.php\/wp-json\/wp\/v2\/tags?post=1649"}],"curies":[{"name":"wp","href":"https:\/\/api.w.org\/{rel}","templated":true}]}}