{"id":16513,"date":"2023-02-24T16:18:24","date_gmt":"2023-02-24T16:18:24","guid":{"rendered":"https:\/\/www.public.sn\/?p=16513"},"modified":"2023-02-24T16:18:24","modified_gmt":"2023-02-24T16:18:24","slug":"yewi-askan-wi-et-gueum-sa-bopp-vers-une-plate-forme-commune-pour-lutter-contre-le-troisieme-mandat-de-macky-sall","status":"publish","type":"post","link":"https:\/\/www.public.sn\/index.php\/2023\/02\/24\/yewi-askan-wi-et-gueum-sa-bopp-vers-une-plate-forme-commune-pour-lutter-contre-le-troisieme-mandat-de-macky-sall\/","title":{"rendered":"Yewi Askan wi et Gueum Sa Bopp vers une plate-forme commune pour lutter contre le troisi\u00e8me mandat de Macky Sall."},"content":{"rendered":"<p><strong>Le Pr\u00e9sident Bougane a re\u00e7u ce jour plusieurs organisations dont Yewi (Pr\u00e9sident Habib Sy, <\/strong><strong>Cheikh Tidiane Youm), FRAPP (Honorable Guy<\/strong><br \/>\n<strong>Marius Sagna), Mouvement Mimi 2024 (honorable Aminata Tour\u00e9), LD Debout<\/strong><br \/>\n<strong>(Abdoulaye Bathily), (Mohamed Ndiaye) Awale.<\/strong><\/p><div class=\"publi-paragraphe1\" style=\"margin-top: 10px;margin-bottom: 10px;margin-left: auto;margin-right: auto;text-align: center;\" id=\"publi-1433281400\"><div class=\"publi-adlabel\">Publicit\u00e9<\/div><script async src=\"\/\/pagead2.googlesyndication.com\/pagead\/js\/adsbygoogle.js?client=ca-pub-4089586018074219\" crossorigin=\"anonymous\"><\/script><ins class=\"adsbygoogle\" style=\"display:block;\" data-ad-client=\"ca-pub-4089586018074219\" \ndata-ad-slot=\"2087940154\" \ndata-ad-format=\"auto\"><\/ins>\n<script> \n(adsbygoogle = window.adsbygoogle || []).push({}); \n<\/script>\n<\/div>\n<p>Ce groupe de contact de la plateforme contre le 3e mandat r\u00e9pond \u00e0 une vieille requ\u00eate du Pr\u00e9sident de la coalition Gueum Sa Bopp pour faire face \u00e0 Macky Sall.<br \/>\nLa Grande coalition Gueum Sa Bopp s&rsquo;engage aux c\u00f4t\u00e9s des forces vives pour barrer la route \u00e0 Macky Sall et l&rsquo;obliger \u00e0 organiser une \u00e9lection Pr\u00e9sidentielle libre et transparente.<\/p>\n<div class=\"publi-apres-le-contenu\" style=\"margin-top: 10px;margin-bottom: 10px;margin-left: auto;margin-right: auto;text-align: center;\" id=\"publi-1733705073\"><div class=\"publi-adlabel\">Publicit\u00e9<\/div><script async src=\"\/\/pagead2.googlesyndication.com\/pagead\/js\/adsbygoogle.js?client=ca-pub-4089586018074219\" crossorigin=\"anonymous\"><\/script><ins class=\"adsbygoogle\" style=\"display:block;\" data-ad-client=\"ca-pub-4089586018074219\" \ndata-ad-slot=\"2087940154\" \ndata-ad-format=\"auto\"><\/ins>\n<script> \n(adsbygoogle = window.adsbygoogle || []).push({}); \n<\/script>\n<\/div>","protected":false},"excerpt":{"rendered":"<p>Le Pr\u00e9sident Bougane a re\u00e7u ce jour plusieurs organisations dont Yewi (Pr\u00e9sident Habib Sy, Cheikh Tidiane Youm), FRAPP (Honorable Guy Marius Sagna), Mouvement Mimi 2024 (honorable Aminata Tour\u00e9), LD Debout (Abdoulaye Bathily), (Mohamed Ndiaye) Awale. Ce groupe de contact de la plateforme contre le 3e mandat r\u00e9pond \u00e0 une vieille requ\u00eate du Pr\u00e9sident de la coalition Gueum Sa Bopp pour faire face \u00e0 Macky Sall. La Grande coalition Gueum Sa Bopp s&rsquo;engage aux c\u00f4t\u00e9s des forces vives pour barrer la route \u00e0 Macky Sall et l&rsquo;obliger \u00e0 organiser une \u00e9lection Pr\u00e9sidentielle libre et transparente.<\/p>\n","protected":false},"author":7,"featured_media":16514,"comment_status":"open","ping_status":"open","sticky":false,"template":"","format":"standard","meta":{"_jetpack_memberships_contains_paid_content":false,"footnotes":""},"categories":[375,3,376,1,4],"tags":[295,11,2252],"class_list":["post-16513","post","type-post","status-publish","format-standard","has-post-thumbnail","hentry","category-actualites","category-politique","category-securite-justice","category-non-classe","category-societe","tag-3eme-mandat","tag-macky-sall","tag-retrouvaille","entry","has-media","owp-thumbs-layout-horizontal","owp-btn-normal","owp-tabs-layout-horizontal","has-no-thumbnails","has-product-nav"],"yoast_head":"<!-- This site is optimized with the Yoast SEO plugin v25.5 - https:\/\/yoast.com\/wordpress\/plugins\/seo\/ -->\n<title>Yewi Askan wi et Gueum Sa Bopp vers une plate-forme commune pour lutter contre le troisi\u00e8me mandat de Macky Sall. - LE PUBLIC<\/title>\n<meta name=\"robots\" content=\"index, follow, max-snippet:-1, max-image-preview:large, max-video-preview:-1\" \/>\n<link rel=\"canonical\" href=\"https:\/\/www.public.sn\/index.php\/2023\/02\/24\/yewi-askan-wi-et-gueum-sa-bopp-vers-une-plate-forme-commune-pour-lutter-contre-le-troisieme-mandat-de-macky-sall\/\" \/>\n<meta property=\"og:locale\" content=\"fr_FR\" \/>\n<meta property=\"og:type\" content=\"article\" \/>\n<meta property=\"og:title\" content=\"Yewi Askan wi et Gueum Sa Bopp vers une plate-forme commune pour lutter contre le troisi\u00e8me mandat de Macky Sall. - LE PUBLIC\" \/>\n<meta property=\"og:description\" content=\"Le Pr\u00e9sident Bougane a re\u00e7u ce jour plusieurs organisations dont Yewi (Pr\u00e9sident Habib Sy, Cheikh Tidiane Youm), FRAPP (Honorable Guy Marius Sagna), Mouvement Mimi 2024 (honorable Aminata Tour\u00e9), LD Debout (Abdoulaye Bathily), (Mohamed Ndiaye) Awale. Ce groupe de contact de la plateforme contre le 3e mandat r\u00e9pond \u00e0 une vieille requ\u00eate du Pr\u00e9sident de la coalition Gueum Sa Bopp pour faire face \u00e0 Macky Sall. La Grande coalition Gueum Sa Bopp s&rsquo;engage aux c\u00f4t\u00e9s des forces vives pour barrer la route \u00e0 Macky Sall et l&rsquo;obliger \u00e0 organiser une \u00e9lection Pr\u00e9sidentielle libre et transparente.\" \/>\n<meta property=\"og:url\" content=\"https:\/\/www.public.sn\/index.php\/2023\/02\/24\/yewi-askan-wi-et-gueum-sa-bopp-vers-une-plate-forme-commune-pour-lutter-contre-le-troisieme-mandat-de-macky-sall\/\" \/>\n<meta property=\"og:site_name\" content=\"LE PUBLIC\" \/>\n<meta property=\"article:published_time\" content=\"2023-02-24T16:18:24+00:00\" \/>\n<meta property=\"og:image\" content=\"https:\/\/www.public.sn\/wp-content\/uploads\/2023\/02\/Sonko-et-Bougane.jpeg\" \/>\n\t<meta property=\"og:image:width\" content=\"563\" \/>\n\t<meta property=\"og:image:height\" content=\"421\" \/>\n\t<meta property=\"og:image:type\" content=\"image\/jpeg\" \/>\n<meta name=\"author\" content=\"LA REDACTION\" \/>\n<meta name=\"twitter:card\" content=\"summary_large_image\" \/>\n<meta name=\"twitter:label1\" content=\"\u00c9crit par\" \/>\n\t<meta name=\"twitter:data1\" content=\"LA REDACTION\" \/>\n\t<meta name=\"twitter:label2\" content=\"Dur\u00e9e de lecture estim\u00e9e\" \/>\n\t<meta name=\"twitter:data2\" content=\"1 minute\" \/>\n<script type=\"application\/ld+json\" class=\"yoast-schema-graph\">{\"@context\":\"https:\/\/schema.org\",\"@graph\":[{\"@type\":\"Article\",\"@id\":\"https:\/\/www.public.sn\/index.php\/2023\/02\/24\/yewi-askan-wi-et-gueum-sa-bopp-vers-une-plate-forme-commune-pour-lutter-contre-le-troisieme-mandat-de-macky-sall\/#article\",\"isPartOf\":{\"@id\":\"https:\/\/www.public.sn\/index.php\/2023\/02\/24\/yewi-askan-wi-et-gueum-sa-bopp-vers-une-plate-forme-commune-pour-lutter-contre-le-troisieme-mandat-de-macky-sall\/\"},\"author\":{\"name\":\"LA REDACTION\",\"@id\":\"https:\/\/www.public.sn\/#\/schema\/person\/cb76c8e1b8becc6be61fb5e92d6d0224\"},\"headline\":\"Yewi Askan wi et Gueum Sa Bopp vers une plate-forme commune pour lutter contre le troisi\u00e8me mandat de Macky Sall.\",\"datePublished\":\"2023-02-24T16:18:24+00:00\",\"mainEntityOfPage\":{\"@id\":\"https:\/\/www.public.sn\/index.php\/2023\/02\/24\/yewi-askan-wi-et-gueum-sa-bopp-vers-une-plate-forme-commune-pour-lutter-contre-le-troisieme-mandat-de-macky-sall\/\"},\"wordCount\":119,\"commentCount\":0,\"publisher\":{\"@id\":\"https:\/\/www.public.sn\/#organization\"},\"image\":{\"@id\":\"https:\/\/www.public.sn\/index.php\/2023\/02\/24\/yewi-askan-wi-et-gueum-sa-bopp-vers-une-plate-forme-commune-pour-lutter-contre-le-troisieme-mandat-de-macky-sall\/#primaryimage\"},\"thumbnailUrl\":\"https:\/\/www.public.sn\/wp-content\/uploads\/2023\/02\/Sonko-et-Bougane.jpeg\",\"keywords\":[\"3\u00e8me mandat\",\"Macky Sall\",\"retrouvaille\"],\"articleSection\":[\"ACTUALIT\u00c9S\",\"POLITIQUE\",\"S\u00c9CURIT\u00c9 &amp; JUSTICE\",\"S\u00c9N\u00c9GAL\",\"SOCIETE\"],\"inLanguage\":\"fr-FR\",\"potentialAction\":[{\"@type\":\"CommentAction\",\"name\":\"Comment\",\"target\":[\"https:\/\/www.public.sn\/index.php\/2023\/02\/24\/yewi-askan-wi-et-gueum-sa-bopp-vers-une-plate-forme-commune-pour-lutter-contre-le-troisieme-mandat-de-macky-sall\/#respond\"]}]},{\"@type\":\"WebPage\",\"@id\":\"https:\/\/www.public.sn\/index.php\/2023\/02\/24\/yewi-askan-wi-et-gueum-sa-bopp-vers-une-plate-forme-commune-pour-lutter-contre-le-troisieme-mandat-de-macky-sall\/\",\"url\":\"https:\/\/www.public.sn\/index.php\/2023\/02\/24\/yewi-askan-wi-et-gueum-sa-bopp-vers-une-plate-forme-commune-pour-lutter-contre-le-troisieme-mandat-de-macky-sall\/\",\"name\":\"Yewi Askan wi et Gueum Sa Bopp vers une plate-forme commune pour lutter contre le troisi\u00e8me mandat de Macky Sall. - LE PUBLIC\",\"isPartOf\":{\"@id\":\"https:\/\/www.public.sn\/#website\"},\"primaryImageOfPage\":{\"@id\":\"https:\/\/www.public.sn\/index.php\/2023\/02\/24\/yewi-askan-wi-et-gueum-sa-bopp-vers-une-plate-forme-commune-pour-lutter-contre-le-troisieme-mandat-de-macky-sall\/#primaryimage\"},\"image\":{\"@id\":\"https:\/\/www.public.sn\/index.php\/2023\/02\/24\/yewi-askan-wi-et-gueum-sa-bopp-vers-une-plate-forme-commune-pour-lutter-contre-le-troisieme-mandat-de-macky-sall\/#primaryimage\"},\"thumbnailUrl\":\"https:\/\/www.public.sn\/wp-content\/uploads\/2023\/02\/Sonko-et-Bougane.jpeg\",\"datePublished\":\"2023-02-24T16:18:24+00:00\",\"breadcrumb\":{\"@id\":\"https:\/\/www.public.sn\/index.php\/2023\/02\/24\/yewi-askan-wi-et-gueum-sa-bopp-vers-une-plate-forme-commune-pour-lutter-contre-le-troisieme-mandat-de-macky-sall\/#breadcrumb\"},\"inLanguage\":\"fr-FR\",\"potentialAction\":[{\"@type\":\"ReadAction\",\"target\":[\"https:\/\/www.public.sn\/index.php\/2023\/02\/24\/yewi-askan-wi-et-gueum-sa-bopp-vers-une-plate-forme-commune-pour-lutter-contre-le-troisieme-mandat-de-macky-sall\/\"]}]},{\"@type\":\"ImageObject\",\"inLanguage\":\"fr-FR\",\"@id\":\"https:\/\/www.public.sn\/index.php\/2023\/02\/24\/yewi-askan-wi-et-gueum-sa-bopp-vers-une-plate-forme-commune-pour-lutter-contre-le-troisieme-mandat-de-macky-sall\/#primaryimage\",\"url\":\"https:\/\/www.public.sn\/wp-content\/uploads\/2023\/02\/Sonko-et-Bougane.jpeg\",\"contentUrl\":\"https:\/\/www.public.sn\/wp-content\/uploads\/2023\/02\/Sonko-et-Bougane.jpeg\",\"width\":563,\"height\":421},{\"@type\":\"BreadcrumbList\",\"@id\":\"https:\/\/www.public.sn\/index.php\/2023\/02\/24\/yewi-askan-wi-et-gueum-sa-bopp-vers-une-plate-forme-commune-pour-lutter-contre-le-troisieme-mandat-de-macky-sall\/#breadcrumb\",\"itemListElement\":[{\"@type\":\"ListItem\",\"position\":1,\"name\":\"Accueil\",\"item\":\"https:\/\/www.public.sn\/\"},{\"@type\":\"ListItem\",\"position\":2,\"name\":\"Yewi Askan wi et Gueum Sa Bopp vers une plate-forme commune pour lutter contre le troisi\u00e8me mandat de Macky Sall.\"}]},{\"@type\":\"WebSite\",\"@id\":\"https:\/\/www.public.sn\/#website\",\"url\":\"https:\/\/www.public.sn\/\",\"name\":\"LE PUBLIC\",\"description\":\"\",\"publisher\":{\"@id\":\"https:\/\/www.public.sn\/#organization\"},\"potentialAction\":[{\"@type\":\"SearchAction\",\"target\":{\"@type\":\"EntryPoint\",\"urlTemplate\":\"https:\/\/www.public.sn\/?s={search_term_string}\"},\"query-input\":{\"@type\":\"PropertyValueSpecification\",\"valueRequired\":true,\"valueName\":\"search_term_string\"}}],\"inLanguage\":\"fr-FR\"},{\"@type\":\"Organization\",\"@id\":\"https:\/\/www.public.sn\/#organization\",\"name\":\"LE PUBLIC\",\"url\":\"https:\/\/www.public.sn\/\",\"logo\":{\"@type\":\"ImageObject\",\"inLanguage\":\"fr-FR\",\"@id\":\"https:\/\/www.public.sn\/#\/schema\/logo\/image\/\",\"url\":\"https:\/\/www.public.sn\/wp-content\/uploads\/2024\/05\/cropped-LOGO-PUBLIC.SN_.png\",\"contentUrl\":\"https:\/\/www.public.sn\/wp-content\/uploads\/2024\/05\/cropped-LOGO-PUBLIC.SN_.png\",\"width\":682,\"height\":192,\"caption\":\"LE PUBLIC\"},\"image\":{\"@id\":\"https:\/\/www.public.sn\/#\/schema\/logo\/image\/\"}},{\"@type\":\"Person\",\"@id\":\"https:\/\/www.public.sn\/#\/schema\/person\/cb76c8e1b8becc6be61fb5e92d6d0224\",\"name\":\"LA REDACTION\",\"image\":{\"@type\":\"ImageObject\",\"inLanguage\":\"fr-FR\",\"@id\":\"https:\/\/www.public.sn\/#\/schema\/person\/image\/\",\"url\":\"https:\/\/secure.gravatar.com\/avatar\/2dce5ddd34b8fef0180efe03aa2a9bee7d953856048f9a16b298190a3178407c?s=96&d=mm&r=g\",\"contentUrl\":\"https:\/\/secure.gravatar.com\/avatar\/2dce5ddd34b8fef0180efe03aa2a9bee7d953856048f9a16b298190a3178407c?s=96&d=mm&r=g\",\"caption\":\"LA REDACTION\"},\"url\":\"https:\/\/www.public.sn\/index.php\/author\/editeurpsn\/\"}]}<\/script>\n<!-- \/ Yoast SEO plugin. -->","yoast_head_json":{"title":"Yewi Askan wi et Gueum Sa Bopp vers une plate-forme commune pour lutter contre le troisi\u00e8me mandat de Macky Sall. - LE PUBLIC","robots":{"index":"index","follow":"follow","max-snippet":"max-snippet:-1","max-image-preview":"max-image-preview:large","max-video-preview":"max-video-preview:-1"},"canonical":"https:\/\/www.public.sn\/index.php\/2023\/02\/24\/yewi-askan-wi-et-gueum-sa-bopp-vers-une-plate-forme-commune-pour-lutter-contre-le-troisieme-mandat-de-macky-sall\/","og_locale":"fr_FR","og_type":"article","og_title":"Yewi Askan wi et Gueum Sa Bopp vers une plate-forme commune pour lutter contre le troisi\u00e8me mandat de Macky Sall. - LE PUBLIC","og_description":"Le Pr\u00e9sident Bougane a re\u00e7u ce jour plusieurs organisations dont Yewi (Pr\u00e9sident Habib Sy, Cheikh Tidiane Youm), FRAPP (Honorable Guy Marius Sagna), Mouvement Mimi 2024 (honorable Aminata Tour\u00e9), LD Debout (Abdoulaye Bathily), (Mohamed Ndiaye) Awale. Ce groupe de contact de la plateforme contre le 3e mandat r\u00e9pond \u00e0 une vieille requ\u00eate du Pr\u00e9sident de la coalition Gueum Sa Bopp pour faire face \u00e0 Macky Sall. La Grande coalition Gueum Sa Bopp s&rsquo;engage aux c\u00f4t\u00e9s des forces vives pour barrer la route \u00e0 Macky Sall et l&rsquo;obliger \u00e0 organiser une \u00e9lection Pr\u00e9sidentielle libre et transparente.","og_url":"https:\/\/www.public.sn\/index.php\/2023\/02\/24\/yewi-askan-wi-et-gueum-sa-bopp-vers-une-plate-forme-commune-pour-lutter-contre-le-troisieme-mandat-de-macky-sall\/","og_site_name":"LE PUBLIC","article_published_time":"2023-02-24T16:18:24+00:00","og_image":[{"width":563,"height":421,"url":"https:\/\/www.public.sn\/wp-content\/uploads\/2023\/02\/Sonko-et-Bougane.jpeg","type":"image\/jpeg"}],"author":"LA REDACTION","twitter_card":"summary_large_image","twitter_misc":{"\u00c9crit par":"LA REDACTION","Dur\u00e9e de lecture estim\u00e9e":"1 minute"},"schema":{"@context":"https:\/\/schema.org","@graph":[{"@type":"Article","@id":"https:\/\/www.public.sn\/index.php\/2023\/02\/24\/yewi-askan-wi-et-gueum-sa-bopp-vers-une-plate-forme-commune-pour-lutter-contre-le-troisieme-mandat-de-macky-sall\/#article","isPartOf":{"@id":"https:\/\/www.public.sn\/index.php\/2023\/02\/24\/yewi-askan-wi-et-gueum-sa-bopp-vers-une-plate-forme-commune-pour-lutter-contre-le-troisieme-mandat-de-macky-sall\/"},"author":{"name":"LA REDACTION","@id":"https:\/\/www.public.sn\/#\/schema\/person\/cb76c8e1b8becc6be61fb5e92d6d0224"},"headline":"Yewi Askan wi et Gueum Sa Bopp vers une plate-forme commune pour lutter contre le troisi\u00e8me mandat de Macky Sall.","datePublished":"2023-02-24T16:18:24+00:00","mainEntityOfPage":{"@id":"https:\/\/www.public.sn\/index.php\/2023\/02\/24\/yewi-askan-wi-et-gueum-sa-bopp-vers-une-plate-forme-commune-pour-lutter-contre-le-troisieme-mandat-de-macky-sall\/"},"wordCount":119,"commentCount":0,"publisher":{"@id":"https:\/\/www.public.sn\/#organization"},"image":{"@id":"https:\/\/www.public.sn\/index.php\/2023\/02\/24\/yewi-askan-wi-et-gueum-sa-bopp-vers-une-plate-forme-commune-pour-lutter-contre-le-troisieme-mandat-de-macky-sall\/#primaryimage"},"thumbnailUrl":"https:\/\/www.public.sn\/wp-content\/uploads\/2023\/02\/Sonko-et-Bougane.jpeg","keywords":["3\u00e8me mandat","Macky Sall","retrouvaille"],"articleSection":["ACTUALIT\u00c9S","POLITIQUE","S\u00c9CURIT\u00c9 &amp; JUSTICE","S\u00c9N\u00c9GAL","SOCIETE"],"inLanguage":"fr-FR","potentialAction":[{"@type":"CommentAction","name":"Comment","target":["https:\/\/www.public.sn\/index.php\/2023\/02\/24\/yewi-askan-wi-et-gueum-sa-bopp-vers-une-plate-forme-commune-pour-lutter-contre-le-troisieme-mandat-de-macky-sall\/#respond"]}]},{"@type":"WebPage","@id":"https:\/\/www.public.sn\/index.php\/2023\/02\/24\/yewi-askan-wi-et-gueum-sa-bopp-vers-une-plate-forme-commune-pour-lutter-contre-le-troisieme-mandat-de-macky-sall\/","url":"https:\/\/www.public.sn\/index.php\/2023\/02\/24\/yewi-askan-wi-et-gueum-sa-bopp-vers-une-plate-forme-commune-pour-lutter-contre-le-troisieme-mandat-de-macky-sall\/","name":"Yewi Askan wi et Gueum Sa Bopp vers une plate-forme commune pour lutter contre le troisi\u00e8me mandat de Macky Sall. - LE PUBLIC","isPartOf":{"@id":"https:\/\/www.public.sn\/#website"},"primaryImageOfPage":{"@id":"https:\/\/www.public.sn\/index.php\/2023\/02\/24\/yewi-askan-wi-et-gueum-sa-bopp-vers-une-plate-forme-commune-pour-lutter-contre-le-troisieme-mandat-de-macky-sall\/#primaryimage"},"image":{"@id":"https:\/\/www.public.sn\/index.php\/2023\/02\/24\/yewi-askan-wi-et-gueum-sa-bopp-vers-une-plate-forme-commune-pour-lutter-contre-le-troisieme-mandat-de-macky-sall\/#primaryimage"},"thumbnailUrl":"https:\/\/www.public.sn\/wp-content\/uploads\/2023\/02\/Sonko-et-Bougane.jpeg","datePublished":"2023-02-24T16:18:24+00:00","breadcrumb":{"@id":"https:\/\/www.public.sn\/index.php\/2023\/02\/24\/yewi-askan-wi-et-gueum-sa-bopp-vers-une-plate-forme-commune-pour-lutter-contre-le-troisieme-mandat-de-macky-sall\/#breadcrumb"},"inLanguage":"fr-FR","potentialAction":[{"@type":"ReadAction","target":["https:\/\/www.public.sn\/index.php\/2023\/02\/24\/yewi-askan-wi-et-gueum-sa-bopp-vers-une-plate-forme-commune-pour-lutter-contre-le-troisieme-mandat-de-macky-sall\/"]}]},{"@type":"ImageObject","inLanguage":"fr-FR","@id":"https:\/\/www.public.sn\/index.php\/2023\/02\/24\/yewi-askan-wi-et-gueum-sa-bopp-vers-une-plate-forme-commune-pour-lutter-contre-le-troisieme-mandat-de-macky-sall\/#primaryimage","url":"https:\/\/www.public.sn\/wp-content\/uploads\/2023\/02\/Sonko-et-Bougane.jpeg","contentUrl":"https:\/\/www.public.sn\/wp-content\/uploads\/2023\/02\/Sonko-et-Bougane.jpeg","width":563,"height":421},{"@type":"BreadcrumbList","@id":"https:\/\/www.public.sn\/index.php\/2023\/02\/24\/yewi-askan-wi-et-gueum-sa-bopp-vers-une-plate-forme-commune-pour-lutter-contre-le-troisieme-mandat-de-macky-sall\/#breadcrumb","itemListElement":[{"@type":"ListItem","position":1,"name":"Accueil","item":"https:\/\/www.public.sn\/"},{"@type":"ListItem","position":2,"name":"Yewi Askan wi et Gueum Sa Bopp vers une plate-forme commune pour lutter contre le troisi\u00e8me mandat de Macky Sall."}]},{"@type":"WebSite","@id":"https:\/\/www.public.sn\/#website","url":"https:\/\/www.public.sn\/","name":"LE PUBLIC","description":"","publisher":{"@id":"https:\/\/www.public.sn\/#organization"},"potentialAction":[{"@type":"SearchAction","target":{"@type":"EntryPoint","urlTemplate":"https:\/\/www.public.sn\/?s={search_term_string}"},"query-input":{"@type":"PropertyValueSpecification","valueRequired":true,"valueName":"search_term_string"}}],"inLanguage":"fr-FR"},{"@type":"Organization","@id":"https:\/\/www.public.sn\/#organization","name":"LE PUBLIC","url":"https:\/\/www.public.sn\/","logo":{"@type":"ImageObject","inLanguage":"fr-FR","@id":"https:\/\/www.public.sn\/#\/schema\/logo\/image\/","url":"https:\/\/www.public.sn\/wp-content\/uploads\/2024\/05\/cropped-LOGO-PUBLIC.SN_.png","contentUrl":"https:\/\/www.public.sn\/wp-content\/uploads\/2024\/05\/cropped-LOGO-PUBLIC.SN_.png","width":682,"height":192,"caption":"LE PUBLIC"},"image":{"@id":"https:\/\/www.public.sn\/#\/schema\/logo\/image\/"}},{"@type":"Person","@id":"https:\/\/www.public.sn\/#\/schema\/person\/cb76c8e1b8becc6be61fb5e92d6d0224","name":"LA REDACTION","image":{"@type":"ImageObject","inLanguage":"fr-FR","@id":"https:\/\/www.public.sn\/#\/schema\/person\/image\/","url":"https:\/\/secure.gravatar.com\/avatar\/2dce5ddd34b8fef0180efe03aa2a9bee7d953856048f9a16b298190a3178407c?s=96&d=mm&r=g","contentUrl":"https:\/\/secure.gravatar.com\/avatar\/2dce5ddd34b8fef0180efe03aa2a9bee7d953856048f9a16b298190a3178407c?s=96&d=mm&r=g","caption":"LA REDACTION"},"url":"https:\/\/www.public.sn\/index.php\/author\/editeurpsn\/"}]}},"jetpack_featured_media_url":"https:\/\/www.public.sn\/wp-content\/uploads\/2023\/02\/Sonko-et-Bougane.jpeg","jetpack_sharing_enabled":true,"_links":{"self":[{"href":"https:\/\/www.public.sn\/index.php\/wp-json\/wp\/v2\/posts\/16513","targetHints":{"allow":["GET"]}}],"collection":[{"href":"https:\/\/www.public.sn\/index.php\/wp-json\/wp\/v2\/posts"}],"about":[{"href":"https:\/\/www.public.sn\/index.php\/wp-json\/wp\/v2\/types\/post"}],"author":[{"embeddable":true,"href":"https:\/\/www.public.sn\/index.php\/wp-json\/wp\/v2\/users\/7"}],"replies":[{"embeddable":true,"href":"https:\/\/www.public.sn\/index.php\/wp-json\/wp\/v2\/comments?post=16513"}],"version-history":[{"count":1,"href":"https:\/\/www.public.sn\/index.php\/wp-json\/wp\/v2\/posts\/16513\/revisions"}],"predecessor-version":[{"id":16515,"href":"https:\/\/www.public.sn\/index.php\/wp-json\/wp\/v2\/posts\/16513\/revisions\/16515"}],"wp:featuredmedia":[{"embeddable":true,"href":"https:\/\/www.public.sn\/index.php\/wp-json\/wp\/v2\/media\/16514"}],"wp:attachment":[{"href":"https:\/\/www.public.sn\/index.php\/wp-json\/wp\/v2\/media?parent=16513"}],"wp:term":[{"taxonomy":"category","embeddable":true,"href":"https:\/\/www.public.sn\/index.php\/wp-json\/wp\/v2\/categories?post=16513"},{"taxonomy":"post_tag","embeddable":true,"href":"https:\/\/www.public.sn\/index.php\/wp-json\/wp\/v2\/tags?post=16513"}],"curies":[{"name":"wp","href":"https:\/\/api.w.org\/{rel}","templated":true}]}}