{"id":16516,"date":"2023-02-24T16:53:47","date_gmt":"2023-02-24T16:53:47","guid":{"rendered":"https:\/\/www.public.sn\/?p=16516"},"modified":"2023-02-24T16:53:47","modified_gmt":"2023-02-24T16:53:47","slug":"deja-condamne-a-30-ans-r-kelly-ecope-dune-nouvelle-peine-de-20-ans-la-raison","status":"publish","type":"post","link":"https:\/\/www.public.sn\/index.php\/2023\/02\/24\/deja-condamne-a-30-ans-r-kelly-ecope-dune-nouvelle-peine-de-20-ans-la-raison\/","title":{"rendered":"D\u00e9ja condamn\u00e9 \u00e0 30 ans, R. Kelly \u00e9cope d\u2019une nouvelle peine de 20 ans, la raison !"},"content":{"rendered":"<p>La star d\u00e9chue R. Kelly purge d\u00e9j\u00e0 une peine de 30 ans de prison apr\u00e8s avoir \u00e9t\u00e9 condamn\u00e9 pour des crimes sexuels. Il vient d\u2019\u00eatre condamn\u00e9 pour production de p\u00e9dopornographie.<\/p><div class=\"publi-paragraphe1\" style=\"margin-top: 10px;margin-bottom: 10px;margin-left: auto;margin-right: auto;text-align: center;\" id=\"publi-914900401\"><div class=\"publi-adlabel\">Publicit\u00e9<\/div><script async src=\"\/\/pagead2.googlesyndication.com\/pagead\/js\/adsbygoogle.js?client=ca-pub-4089586018074219\" crossorigin=\"anonymous\"><\/script><ins class=\"adsbygoogle\" style=\"display:block;\" data-ad-client=\"ca-pub-4089586018074219\" \ndata-ad-slot=\"2087940154\" \ndata-ad-format=\"auto\"><\/ins>\n<script> \n(adsbygoogle = window.adsbygoogle || []).push({}); \n<\/script>\n<\/div>\n<div><\/div>\n<p>Le chanteur de R&amp;B\u00a0R. Kelly\u00a0a \u00e9t\u00e9 condamn\u00e9 ce jeudi \u00e0 20 ans de prison pour production de p\u00e9dopornographie et d\u00e9tournement de mineur, annonce CNN.<\/p>\n<div class=\"publi-apres-le-contenu\" style=\"margin-top: 10px;margin-bottom: 10px;margin-left: auto;margin-right: auto;text-align: center;\" id=\"publi-319156975\"><div class=\"publi-adlabel\">Publicit\u00e9<\/div><script async src=\"\/\/pagead2.googlesyndication.com\/pagead\/js\/adsbygoogle.js?client=ca-pub-4089586018074219\" crossorigin=\"anonymous\"><\/script><ins class=\"adsbygoogle\" style=\"display:block;\" data-ad-client=\"ca-pub-4089586018074219\" \ndata-ad-slot=\"2087940154\" \ndata-ad-format=\"auto\"><\/ins>\n<script> \n(adsbygoogle = window.adsbygoogle || []).push({}); \n<\/script>\n<\/div>","protected":false},"excerpt":{"rendered":"<p>La star d\u00e9chue R. Kelly purge d\u00e9j\u00e0 une peine de 30 ans de prison apr\u00e8s avoir \u00e9t\u00e9 condamn\u00e9 pour des crimes sexuels. Il vient d\u2019\u00eatre condamn\u00e9 pour production de p\u00e9dopornographie. Le chanteur de R&amp;B\u00a0R. Kelly\u00a0a \u00e9t\u00e9 condamn\u00e9 ce jeudi \u00e0 20 ans de prison pour production de p\u00e9dopornographie et d\u00e9tournement de mineur, annonce CNN.<\/p>\n","protected":false},"author":7,"featured_media":16517,"comment_status":"open","ping_status":"open","sticky":false,"template":"","format":"standard","meta":{"_jetpack_memberships_contains_paid_content":false,"footnotes":""},"categories":[375,550,1023,3728,3724,372],"tags":[4537,130],"class_list":["post-16516","post","type-post","status-publish","format-standard","has-post-thumbnail","hentry","category-actualites","category-afrique-monde","category-buzz","category-internationale","category-justice","category-vedette","tag-kelly","tag-prison","entry","has-media","owp-thumbs-layout-horizontal","owp-btn-normal","owp-tabs-layout-horizontal","has-no-thumbnails","has-product-nav"],"yoast_head":"<!-- This site is optimized with the Yoast SEO plugin v25.5 - https:\/\/yoast.com\/wordpress\/plugins\/seo\/ -->\n<title>D\u00e9ja condamn\u00e9 \u00e0 30 ans, R. Kelly \u00e9cope d\u2019une nouvelle peine de 20 ans, la raison ! - LE PUBLIC<\/title>\n<meta name=\"robots\" content=\"index, follow, max-snippet:-1, max-image-preview:large, max-video-preview:-1\" \/>\n<link rel=\"canonical\" href=\"https:\/\/www.public.sn\/index.php\/2023\/02\/24\/deja-condamne-a-30-ans-r-kelly-ecope-dune-nouvelle-peine-de-20-ans-la-raison\/\" \/>\n<meta property=\"og:locale\" content=\"fr_FR\" \/>\n<meta property=\"og:type\" content=\"article\" \/>\n<meta property=\"og:title\" content=\"D\u00e9ja condamn\u00e9 \u00e0 30 ans, R. Kelly \u00e9cope d\u2019une nouvelle peine de 20 ans, la raison ! - LE PUBLIC\" \/>\n<meta property=\"og:description\" content=\"La star d\u00e9chue R. Kelly purge d\u00e9j\u00e0 une peine de 30 ans de prison apr\u00e8s avoir \u00e9t\u00e9 condamn\u00e9 pour des crimes sexuels. Il vient d\u2019\u00eatre condamn\u00e9 pour production de p\u00e9dopornographie. Le chanteur de R&amp;B\u00a0R. Kelly\u00a0a \u00e9t\u00e9 condamn\u00e9 ce jeudi \u00e0 20 ans de prison pour production de p\u00e9dopornographie et d\u00e9tournement de mineur, annonce CNN.\" \/>\n<meta property=\"og:url\" content=\"https:\/\/www.public.sn\/index.php\/2023\/02\/24\/deja-condamne-a-30-ans-r-kelly-ecope-dune-nouvelle-peine-de-20-ans-la-raison\/\" \/>\n<meta property=\"og:site_name\" content=\"LE PUBLIC\" \/>\n<meta property=\"article:published_time\" content=\"2023-02-24T16:53:47+00:00\" \/>\n<meta property=\"og:image\" content=\"https:\/\/www.public.sn\/wp-content\/uploads\/2023\/02\/kelly.jpg\" \/>\n\t<meta property=\"og:image:width\" content=\"1024\" \/>\n\t<meta property=\"og:image:height\" content=\"683\" \/>\n\t<meta property=\"og:image:type\" content=\"image\/jpeg\" \/>\n<meta name=\"author\" content=\"LA REDACTION\" \/>\n<meta name=\"twitter:card\" content=\"summary_large_image\" \/>\n<meta name=\"twitter:label1\" content=\"\u00c9crit par\" \/>\n\t<meta name=\"twitter:data1\" content=\"LA REDACTION\" \/>\n\t<meta name=\"twitter:label2\" content=\"Dur\u00e9e de lecture estim\u00e9e\" \/>\n\t<meta name=\"twitter:data2\" content=\"1 minute\" \/>\n<script type=\"application\/ld+json\" class=\"yoast-schema-graph\">{\"@context\":\"https:\/\/schema.org\",\"@graph\":[{\"@type\":\"Article\",\"@id\":\"https:\/\/www.public.sn\/index.php\/2023\/02\/24\/deja-condamne-a-30-ans-r-kelly-ecope-dune-nouvelle-peine-de-20-ans-la-raison\/#article\",\"isPartOf\":{\"@id\":\"https:\/\/www.public.sn\/index.php\/2023\/02\/24\/deja-condamne-a-30-ans-r-kelly-ecope-dune-nouvelle-peine-de-20-ans-la-raison\/\"},\"author\":{\"name\":\"LA REDACTION\",\"@id\":\"https:\/\/www.public.sn\/#\/schema\/person\/cb76c8e1b8becc6be61fb5e92d6d0224\"},\"headline\":\"D\u00e9ja condamn\u00e9 \u00e0 30 ans, R. Kelly \u00e9cope d\u2019une nouvelle peine de 20 ans, la raison !\",\"datePublished\":\"2023-02-24T16:53:47+00:00\",\"mainEntityOfPage\":{\"@id\":\"https:\/\/www.public.sn\/index.php\/2023\/02\/24\/deja-condamne-a-30-ans-r-kelly-ecope-dune-nouvelle-peine-de-20-ans-la-raison\/\"},\"wordCount\":77,\"commentCount\":0,\"publisher\":{\"@id\":\"https:\/\/www.public.sn\/#organization\"},\"image\":{\"@id\":\"https:\/\/www.public.sn\/index.php\/2023\/02\/24\/deja-condamne-a-30-ans-r-kelly-ecope-dune-nouvelle-peine-de-20-ans-la-raison\/#primaryimage\"},\"thumbnailUrl\":\"https:\/\/www.public.sn\/wp-content\/uploads\/2023\/02\/kelly.jpg\",\"keywords\":[\"kelly\",\"Prison\"],\"articleSection\":[\"ACTUALIT\u00c9S\",\"AFRIQUE &amp; MONDE\",\"BUZZ\",\"internationale\",\"justice\",\"VEDETTE\"],\"inLanguage\":\"fr-FR\",\"potentialAction\":[{\"@type\":\"CommentAction\",\"name\":\"Comment\",\"target\":[\"https:\/\/www.public.sn\/index.php\/2023\/02\/24\/deja-condamne-a-30-ans-r-kelly-ecope-dune-nouvelle-peine-de-20-ans-la-raison\/#respond\"]}]},{\"@type\":\"WebPage\",\"@id\":\"https:\/\/www.public.sn\/index.php\/2023\/02\/24\/deja-condamne-a-30-ans-r-kelly-ecope-dune-nouvelle-peine-de-20-ans-la-raison\/\",\"url\":\"https:\/\/www.public.sn\/index.php\/2023\/02\/24\/deja-condamne-a-30-ans-r-kelly-ecope-dune-nouvelle-peine-de-20-ans-la-raison\/\",\"name\":\"D\u00e9ja condamn\u00e9 \u00e0 30 ans, R. Kelly \u00e9cope d\u2019une nouvelle peine de 20 ans, la raison ! - LE PUBLIC\",\"isPartOf\":{\"@id\":\"https:\/\/www.public.sn\/#website\"},\"primaryImageOfPage\":{\"@id\":\"https:\/\/www.public.sn\/index.php\/2023\/02\/24\/deja-condamne-a-30-ans-r-kelly-ecope-dune-nouvelle-peine-de-20-ans-la-raison\/#primaryimage\"},\"image\":{\"@id\":\"https:\/\/www.public.sn\/index.php\/2023\/02\/24\/deja-condamne-a-30-ans-r-kelly-ecope-dune-nouvelle-peine-de-20-ans-la-raison\/#primaryimage\"},\"thumbnailUrl\":\"https:\/\/www.public.sn\/wp-content\/uploads\/2023\/02\/kelly.jpg\",\"datePublished\":\"2023-02-24T16:53:47+00:00\",\"breadcrumb\":{\"@id\":\"https:\/\/www.public.sn\/index.php\/2023\/02\/24\/deja-condamne-a-30-ans-r-kelly-ecope-dune-nouvelle-peine-de-20-ans-la-raison\/#breadcrumb\"},\"inLanguage\":\"fr-FR\",\"potentialAction\":[{\"@type\":\"ReadAction\",\"target\":[\"https:\/\/www.public.sn\/index.php\/2023\/02\/24\/deja-condamne-a-30-ans-r-kelly-ecope-dune-nouvelle-peine-de-20-ans-la-raison\/\"]}]},{\"@type\":\"ImageObject\",\"inLanguage\":\"fr-FR\",\"@id\":\"https:\/\/www.public.sn\/index.php\/2023\/02\/24\/deja-condamne-a-30-ans-r-kelly-ecope-dune-nouvelle-peine-de-20-ans-la-raison\/#primaryimage\",\"url\":\"https:\/\/www.public.sn\/wp-content\/uploads\/2023\/02\/kelly.jpg\",\"contentUrl\":\"https:\/\/www.public.sn\/wp-content\/uploads\/2023\/02\/kelly.jpg\",\"width\":1024,\"height\":683},{\"@type\":\"BreadcrumbList\",\"@id\":\"https:\/\/www.public.sn\/index.php\/2023\/02\/24\/deja-condamne-a-30-ans-r-kelly-ecope-dune-nouvelle-peine-de-20-ans-la-raison\/#breadcrumb\",\"itemListElement\":[{\"@type\":\"ListItem\",\"position\":1,\"name\":\"Accueil\",\"item\":\"https:\/\/www.public.sn\/\"},{\"@type\":\"ListItem\",\"position\":2,\"name\":\"D\u00e9ja condamn\u00e9 \u00e0 30 ans, R. Kelly \u00e9cope d\u2019une nouvelle peine de 20 ans, la raison !\"}]},{\"@type\":\"WebSite\",\"@id\":\"https:\/\/www.public.sn\/#website\",\"url\":\"https:\/\/www.public.sn\/\",\"name\":\"LE PUBLIC\",\"description\":\"\",\"publisher\":{\"@id\":\"https:\/\/www.public.sn\/#organization\"},\"potentialAction\":[{\"@type\":\"SearchAction\",\"target\":{\"@type\":\"EntryPoint\",\"urlTemplate\":\"https:\/\/www.public.sn\/?s={search_term_string}\"},\"query-input\":{\"@type\":\"PropertyValueSpecification\",\"valueRequired\":true,\"valueName\":\"search_term_string\"}}],\"inLanguage\":\"fr-FR\"},{\"@type\":\"Organization\",\"@id\":\"https:\/\/www.public.sn\/#organization\",\"name\":\"LE PUBLIC\",\"url\":\"https:\/\/www.public.sn\/\",\"logo\":{\"@type\":\"ImageObject\",\"inLanguage\":\"fr-FR\",\"@id\":\"https:\/\/www.public.sn\/#\/schema\/logo\/image\/\",\"url\":\"https:\/\/www.public.sn\/wp-content\/uploads\/2024\/05\/cropped-LOGO-PUBLIC.SN_.png\",\"contentUrl\":\"https:\/\/www.public.sn\/wp-content\/uploads\/2024\/05\/cropped-LOGO-PUBLIC.SN_.png\",\"width\":682,\"height\":192,\"caption\":\"LE PUBLIC\"},\"image\":{\"@id\":\"https:\/\/www.public.sn\/#\/schema\/logo\/image\/\"}},{\"@type\":\"Person\",\"@id\":\"https:\/\/www.public.sn\/#\/schema\/person\/cb76c8e1b8becc6be61fb5e92d6d0224\",\"name\":\"LA REDACTION\",\"image\":{\"@type\":\"ImageObject\",\"inLanguage\":\"fr-FR\",\"@id\":\"https:\/\/www.public.sn\/#\/schema\/person\/image\/\",\"url\":\"https:\/\/secure.gravatar.com\/avatar\/2dce5ddd34b8fef0180efe03aa2a9bee7d953856048f9a16b298190a3178407c?s=96&d=mm&r=g\",\"contentUrl\":\"https:\/\/secure.gravatar.com\/avatar\/2dce5ddd34b8fef0180efe03aa2a9bee7d953856048f9a16b298190a3178407c?s=96&d=mm&r=g\",\"caption\":\"LA REDACTION\"},\"url\":\"https:\/\/www.public.sn\/index.php\/author\/editeurpsn\/\"}]}<\/script>\n<!-- \/ Yoast SEO plugin. -->","yoast_head_json":{"title":"D\u00e9ja condamn\u00e9 \u00e0 30 ans, R. Kelly \u00e9cope d\u2019une nouvelle peine de 20 ans, la raison ! - LE PUBLIC","robots":{"index":"index","follow":"follow","max-snippet":"max-snippet:-1","max-image-preview":"max-image-preview:large","max-video-preview":"max-video-preview:-1"},"canonical":"https:\/\/www.public.sn\/index.php\/2023\/02\/24\/deja-condamne-a-30-ans-r-kelly-ecope-dune-nouvelle-peine-de-20-ans-la-raison\/","og_locale":"fr_FR","og_type":"article","og_title":"D\u00e9ja condamn\u00e9 \u00e0 30 ans, R. Kelly \u00e9cope d\u2019une nouvelle peine de 20 ans, la raison ! - LE PUBLIC","og_description":"La star d\u00e9chue R. Kelly purge d\u00e9j\u00e0 une peine de 30 ans de prison apr\u00e8s avoir \u00e9t\u00e9 condamn\u00e9 pour des crimes sexuels. Il vient d\u2019\u00eatre condamn\u00e9 pour production de p\u00e9dopornographie. Le chanteur de R&amp;B\u00a0R. Kelly\u00a0a \u00e9t\u00e9 condamn\u00e9 ce jeudi \u00e0 20 ans de prison pour production de p\u00e9dopornographie et d\u00e9tournement de mineur, annonce CNN.","og_url":"https:\/\/www.public.sn\/index.php\/2023\/02\/24\/deja-condamne-a-30-ans-r-kelly-ecope-dune-nouvelle-peine-de-20-ans-la-raison\/","og_site_name":"LE PUBLIC","article_published_time":"2023-02-24T16:53:47+00:00","og_image":[{"width":1024,"height":683,"url":"https:\/\/www.public.sn\/wp-content\/uploads\/2023\/02\/kelly.jpg","type":"image\/jpeg"}],"author":"LA REDACTION","twitter_card":"summary_large_image","twitter_misc":{"\u00c9crit par":"LA REDACTION","Dur\u00e9e de lecture estim\u00e9e":"1 minute"},"schema":{"@context":"https:\/\/schema.org","@graph":[{"@type":"Article","@id":"https:\/\/www.public.sn\/index.php\/2023\/02\/24\/deja-condamne-a-30-ans-r-kelly-ecope-dune-nouvelle-peine-de-20-ans-la-raison\/#article","isPartOf":{"@id":"https:\/\/www.public.sn\/index.php\/2023\/02\/24\/deja-condamne-a-30-ans-r-kelly-ecope-dune-nouvelle-peine-de-20-ans-la-raison\/"},"author":{"name":"LA REDACTION","@id":"https:\/\/www.public.sn\/#\/schema\/person\/cb76c8e1b8becc6be61fb5e92d6d0224"},"headline":"D\u00e9ja condamn\u00e9 \u00e0 30 ans, R. Kelly \u00e9cope d\u2019une nouvelle peine de 20 ans, la raison !","datePublished":"2023-02-24T16:53:47+00:00","mainEntityOfPage":{"@id":"https:\/\/www.public.sn\/index.php\/2023\/02\/24\/deja-condamne-a-30-ans-r-kelly-ecope-dune-nouvelle-peine-de-20-ans-la-raison\/"},"wordCount":77,"commentCount":0,"publisher":{"@id":"https:\/\/www.public.sn\/#organization"},"image":{"@id":"https:\/\/www.public.sn\/index.php\/2023\/02\/24\/deja-condamne-a-30-ans-r-kelly-ecope-dune-nouvelle-peine-de-20-ans-la-raison\/#primaryimage"},"thumbnailUrl":"https:\/\/www.public.sn\/wp-content\/uploads\/2023\/02\/kelly.jpg","keywords":["kelly","Prison"],"articleSection":["ACTUALIT\u00c9S","AFRIQUE &amp; MONDE","BUZZ","internationale","justice","VEDETTE"],"inLanguage":"fr-FR","potentialAction":[{"@type":"CommentAction","name":"Comment","target":["https:\/\/www.public.sn\/index.php\/2023\/02\/24\/deja-condamne-a-30-ans-r-kelly-ecope-dune-nouvelle-peine-de-20-ans-la-raison\/#respond"]}]},{"@type":"WebPage","@id":"https:\/\/www.public.sn\/index.php\/2023\/02\/24\/deja-condamne-a-30-ans-r-kelly-ecope-dune-nouvelle-peine-de-20-ans-la-raison\/","url":"https:\/\/www.public.sn\/index.php\/2023\/02\/24\/deja-condamne-a-30-ans-r-kelly-ecope-dune-nouvelle-peine-de-20-ans-la-raison\/","name":"D\u00e9ja condamn\u00e9 \u00e0 30 ans, R. Kelly \u00e9cope d\u2019une nouvelle peine de 20 ans, la raison ! - LE PUBLIC","isPartOf":{"@id":"https:\/\/www.public.sn\/#website"},"primaryImageOfPage":{"@id":"https:\/\/www.public.sn\/index.php\/2023\/02\/24\/deja-condamne-a-30-ans-r-kelly-ecope-dune-nouvelle-peine-de-20-ans-la-raison\/#primaryimage"},"image":{"@id":"https:\/\/www.public.sn\/index.php\/2023\/02\/24\/deja-condamne-a-30-ans-r-kelly-ecope-dune-nouvelle-peine-de-20-ans-la-raison\/#primaryimage"},"thumbnailUrl":"https:\/\/www.public.sn\/wp-content\/uploads\/2023\/02\/kelly.jpg","datePublished":"2023-02-24T16:53:47+00:00","breadcrumb":{"@id":"https:\/\/www.public.sn\/index.php\/2023\/02\/24\/deja-condamne-a-30-ans-r-kelly-ecope-dune-nouvelle-peine-de-20-ans-la-raison\/#breadcrumb"},"inLanguage":"fr-FR","potentialAction":[{"@type":"ReadAction","target":["https:\/\/www.public.sn\/index.php\/2023\/02\/24\/deja-condamne-a-30-ans-r-kelly-ecope-dune-nouvelle-peine-de-20-ans-la-raison\/"]}]},{"@type":"ImageObject","inLanguage":"fr-FR","@id":"https:\/\/www.public.sn\/index.php\/2023\/02\/24\/deja-condamne-a-30-ans-r-kelly-ecope-dune-nouvelle-peine-de-20-ans-la-raison\/#primaryimage","url":"https:\/\/www.public.sn\/wp-content\/uploads\/2023\/02\/kelly.jpg","contentUrl":"https:\/\/www.public.sn\/wp-content\/uploads\/2023\/02\/kelly.jpg","width":1024,"height":683},{"@type":"BreadcrumbList","@id":"https:\/\/www.public.sn\/index.php\/2023\/02\/24\/deja-condamne-a-30-ans-r-kelly-ecope-dune-nouvelle-peine-de-20-ans-la-raison\/#breadcrumb","itemListElement":[{"@type":"ListItem","position":1,"name":"Accueil","item":"https:\/\/www.public.sn\/"},{"@type":"ListItem","position":2,"name":"D\u00e9ja condamn\u00e9 \u00e0 30 ans, R. Kelly \u00e9cope d\u2019une nouvelle peine de 20 ans, la raison !"}]},{"@type":"WebSite","@id":"https:\/\/www.public.sn\/#website","url":"https:\/\/www.public.sn\/","name":"LE PUBLIC","description":"","publisher":{"@id":"https:\/\/www.public.sn\/#organization"},"potentialAction":[{"@type":"SearchAction","target":{"@type":"EntryPoint","urlTemplate":"https:\/\/www.public.sn\/?s={search_term_string}"},"query-input":{"@type":"PropertyValueSpecification","valueRequired":true,"valueName":"search_term_string"}}],"inLanguage":"fr-FR"},{"@type":"Organization","@id":"https:\/\/www.public.sn\/#organization","name":"LE PUBLIC","url":"https:\/\/www.public.sn\/","logo":{"@type":"ImageObject","inLanguage":"fr-FR","@id":"https:\/\/www.public.sn\/#\/schema\/logo\/image\/","url":"https:\/\/www.public.sn\/wp-content\/uploads\/2024\/05\/cropped-LOGO-PUBLIC.SN_.png","contentUrl":"https:\/\/www.public.sn\/wp-content\/uploads\/2024\/05\/cropped-LOGO-PUBLIC.SN_.png","width":682,"height":192,"caption":"LE PUBLIC"},"image":{"@id":"https:\/\/www.public.sn\/#\/schema\/logo\/image\/"}},{"@type":"Person","@id":"https:\/\/www.public.sn\/#\/schema\/person\/cb76c8e1b8becc6be61fb5e92d6d0224","name":"LA REDACTION","image":{"@type":"ImageObject","inLanguage":"fr-FR","@id":"https:\/\/www.public.sn\/#\/schema\/person\/image\/","url":"https:\/\/secure.gravatar.com\/avatar\/2dce5ddd34b8fef0180efe03aa2a9bee7d953856048f9a16b298190a3178407c?s=96&d=mm&r=g","contentUrl":"https:\/\/secure.gravatar.com\/avatar\/2dce5ddd34b8fef0180efe03aa2a9bee7d953856048f9a16b298190a3178407c?s=96&d=mm&r=g","caption":"LA REDACTION"},"url":"https:\/\/www.public.sn\/index.php\/author\/editeurpsn\/"}]}},"jetpack_featured_media_url":"https:\/\/www.public.sn\/wp-content\/uploads\/2023\/02\/kelly.jpg","jetpack_sharing_enabled":true,"_links":{"self":[{"href":"https:\/\/www.public.sn\/index.php\/wp-json\/wp\/v2\/posts\/16516","targetHints":{"allow":["GET"]}}],"collection":[{"href":"https:\/\/www.public.sn\/index.php\/wp-json\/wp\/v2\/posts"}],"about":[{"href":"https:\/\/www.public.sn\/index.php\/wp-json\/wp\/v2\/types\/post"}],"author":[{"embeddable":true,"href":"https:\/\/www.public.sn\/index.php\/wp-json\/wp\/v2\/users\/7"}],"replies":[{"embeddable":true,"href":"https:\/\/www.public.sn\/index.php\/wp-json\/wp\/v2\/comments?post=16516"}],"version-history":[{"count":1,"href":"https:\/\/www.public.sn\/index.php\/wp-json\/wp\/v2\/posts\/16516\/revisions"}],"predecessor-version":[{"id":16518,"href":"https:\/\/www.public.sn\/index.php\/wp-json\/wp\/v2\/posts\/16516\/revisions\/16518"}],"wp:featuredmedia":[{"embeddable":true,"href":"https:\/\/www.public.sn\/index.php\/wp-json\/wp\/v2\/media\/16517"}],"wp:attachment":[{"href":"https:\/\/www.public.sn\/index.php\/wp-json\/wp\/v2\/media?parent=16516"}],"wp:term":[{"taxonomy":"category","embeddable":true,"href":"https:\/\/www.public.sn\/index.php\/wp-json\/wp\/v2\/categories?post=16516"},{"taxonomy":"post_tag","embeddable":true,"href":"https:\/\/www.public.sn\/index.php\/wp-json\/wp\/v2\/tags?post=16516"}],"curies":[{"name":"wp","href":"https:\/\/api.w.org\/{rel}","templated":true}]}}