{"id":16524,"date":"2023-02-24T18:52:45","date_gmt":"2023-02-24T18:52:45","guid":{"rendered":"https:\/\/www.public.sn\/?p=16524"},"modified":"2023-02-24T18:54:10","modified_gmt":"2023-02-24T18:54:10","slug":"incroyable-et-inattendu-violemment-attaque-par-une-fan-de-mia-guisse-no-face-lui-assene-de","status":"publish","type":"post","link":"https:\/\/www.public.sn\/index.php\/2023\/02\/24\/incroyable-et-inattendu-violemment-attaque-par-une-fan-de-mia-guisse-no-face-lui-assene-de\/","title":{"rendered":"Incroyable et inattendu : Violemment attaqu\u00e9 par une fan de Mia Guiss\u00e9, No Face lui ass\u00e8ne de\u2026"},"content":{"rendered":"<p><strong>Depuis sa s\u00e9paration avec son ex-femme Mia, No Face est confront\u00e9 \u00e0 des attaques verbales r\u00e9currentes sur les r\u00e9seaux sociaux. Cette situation est malheureusement courante dans les relations de couple qui prennent fin, surtout lorsque les partenaires sont des personnalit\u00e9s publiques.<\/strong><\/p><div class=\"publi-paragraphe1\" style=\"margin-top: 10px;margin-bottom: 10px;margin-left: auto;margin-right: auto;text-align: center;\" id=\"publi-36845287\"><div class=\"publi-adlabel\">Publicit\u00e9<\/div><script async src=\"\/\/pagead2.googlesyndication.com\/pagead\/js\/adsbygoogle.js?client=ca-pub-4089586018074219\" crossorigin=\"anonymous\"><\/script><ins class=\"adsbygoogle\" style=\"display:block;\" data-ad-client=\"ca-pub-4089586018074219\" \ndata-ad-slot=\"2087940154\" \ndata-ad-format=\"auto\"><\/ins>\n<script> \n(adsbygoogle = window.adsbygoogle || []).push({}); \n<\/script>\n<\/div>\n<div><\/div>\n<p>Les attaques verbales sur les r\u00e9seaux sociaux peuvent avoir des cons\u00e9quences graves sur la sant\u00e9 mentale et \u00e9motionnelle des personnes qui en sont victimes. Les insultes, les mensonges et les diffamations peuvent causer des dommages psychologiques importants, tels que l\u2019anxi\u00e9t\u00e9, la d\u00e9pression et l\u2019isolement social.<\/p>\n<p>Il est important de rappeler que chacun a le droit \u00e0 la vie priv\u00e9e et que la fin d\u2019une relation de couple ne devrait pas \u00eatre utilis\u00e9e comme une excuse pour attaquer publiquement une personne. Les r\u00e9seaux sociaux doivent \u00eatre utilis\u00e9s de mani\u00e8re responsable et respectueuse, et les attaques verbales doivent \u00eatre condamn\u00e9es et signal\u00e9es.<\/p>\n<p>Malheureusement c\u2019est le cas de\u00a0No Face\u00a0qui ne cesse d\u2019\u00eatre insult\u00e9 \u00e0 longueur de journ\u00e9e. Ce matin, il a \u00e9t\u00e9 attaqu\u00e9 par une fan de Mia Guiss\u00e9 mais lui au lieu de riposter, il a pri\u00e9 pour elle.<\/p>\n<p><img fetchpriority=\"high\" decoding=\"async\" class=\"alignnone wp-image-16525\" src=\"https:\/\/www.public.sn\/wp-content\/uploads\/2023\/02\/Maabo.webp\" alt=\"\" width=\"750\" height=\"740\" srcset=\"https:\/\/www.public.sn\/wp-content\/uploads\/2023\/02\/Maabo.webp 469w, https:\/\/www.public.sn\/wp-content\/uploads\/2023\/02\/Maabo-100x100.webp 100w, https:\/\/www.public.sn\/wp-content\/uploads\/2023\/02\/Maabo-300x296.webp 300w, https:\/\/www.public.sn\/wp-content\/uploads\/2023\/02\/Maabo-75x75.webp 75w\" sizes=\"(max-width: 750px) 100vw, 750px\" \/><\/p>\n<div class=\"publi-apres-le-contenu\" style=\"margin-top: 10px;margin-bottom: 10px;margin-left: auto;margin-right: auto;text-align: center;\" id=\"publi-2392895331\"><div class=\"publi-adlabel\">Publicit\u00e9<\/div><script async src=\"\/\/pagead2.googlesyndication.com\/pagead\/js\/adsbygoogle.js?client=ca-pub-4089586018074219\" crossorigin=\"anonymous\"><\/script><ins class=\"adsbygoogle\" style=\"display:block;\" data-ad-client=\"ca-pub-4089586018074219\" \ndata-ad-slot=\"2087940154\" \ndata-ad-format=\"auto\"><\/ins>\n<script> \n(adsbygoogle = window.adsbygoogle || []).push({}); \n<\/script>\n<\/div>","protected":false},"excerpt":{"rendered":"<p>Depuis sa s\u00e9paration avec son ex-femme Mia, No Face est confront\u00e9 \u00e0 des attaques verbales r\u00e9currentes sur les r\u00e9seaux sociaux. Cette situation est malheureusement courante dans les relations de couple qui prennent fin, surtout lorsque les partenaires sont des personnalit\u00e9s publiques. Les attaques verbales sur les r\u00e9seaux sociaux peuvent avoir des cons\u00e9quences graves sur la sant\u00e9 mentale et \u00e9motionnelle des personnes qui en sont victimes. Les insultes, les mensonges et les diffamations peuvent causer des dommages psychologiques importants, tels que l\u2019anxi\u00e9t\u00e9, la d\u00e9pression et l\u2019isolement social. Il est important de rappeler que chacun a le droit \u00e0 la vie priv\u00e9e et que la fin d\u2019une relation de couple ne devrait pas \u00eatre utilis\u00e9e comme une excuse pour attaquer publiquement une personne. Les r\u00e9seaux sociaux doivent \u00eatre utilis\u00e9s de mani\u00e8re responsable et respectueuse, et les attaques verbales doivent \u00eatre condamn\u00e9es et signal\u00e9es. Malheureusement c\u2019est le cas de\u00a0No Face\u00a0qui ne cesse d\u2019\u00eatre insult\u00e9 \u00e0 longueur de journ\u00e9e. Ce matin, il a \u00e9t\u00e9 attaqu\u00e9 par une fan de Mia Guiss\u00e9 mais lui au lieu de riposter, il a pri\u00e9 pour elle.<\/p>\n","protected":false},"author":7,"featured_media":16527,"comment_status":"open","ping_status":"open","sticky":false,"template":"","format":"standard","meta":{"_jetpack_memberships_contains_paid_content":false,"footnotes":""},"categories":[375,1023,853,1034,5,872,1,4,372],"tags":[1099,3317,3146],"class_list":["post-16524","post","type-post","status-publish","format-standard","has-post-thumbnail","hentry","category-actualites","category-buzz","category-mode","category-musique","category-people","category-photos","category-non-classe","category-societe","category-vedette","tag-maabo","tag-mia","tag-nfu","entry","has-media","owp-thumbs-layout-horizontal","owp-btn-normal","owp-tabs-layout-horizontal","has-no-thumbnails","has-product-nav"],"yoast_head":"<!-- This site is optimized with the Yoast SEO plugin v25.5 - https:\/\/yoast.com\/wordpress\/plugins\/seo\/ -->\n<title>Incroyable et inattendu : Violemment attaqu\u00e9 par une fan de Mia Guiss\u00e9, No Face lui ass\u00e8ne de\u2026 - LE PUBLIC<\/title>\n<meta name=\"robots\" content=\"index, follow, max-snippet:-1, max-image-preview:large, max-video-preview:-1\" \/>\n<link rel=\"canonical\" href=\"https:\/\/www.public.sn\/index.php\/2023\/02\/24\/incroyable-et-inattendu-violemment-attaque-par-une-fan-de-mia-guisse-no-face-lui-assene-de\/\" \/>\n<meta property=\"og:locale\" content=\"fr_FR\" \/>\n<meta property=\"og:type\" content=\"article\" \/>\n<meta property=\"og:title\" content=\"Incroyable et inattendu : Violemment attaqu\u00e9 par une fan de Mia Guiss\u00e9, No Face lui ass\u00e8ne de\u2026 - LE PUBLIC\" \/>\n<meta property=\"og:description\" content=\"Depuis sa s\u00e9paration avec son ex-femme Mia, No Face est confront\u00e9 \u00e0 des attaques verbales r\u00e9currentes sur les r\u00e9seaux sociaux. Cette situation est malheureusement courante dans les relations de couple qui prennent fin, surtout lorsque les partenaires sont des personnalit\u00e9s publiques. Les attaques verbales sur les r\u00e9seaux sociaux peuvent avoir des cons\u00e9quences graves sur la sant\u00e9 mentale et \u00e9motionnelle des personnes qui en sont victimes. Les insultes, les mensonges et les diffamations peuvent causer des dommages psychologiques importants, tels que l\u2019anxi\u00e9t\u00e9, la d\u00e9pression et l\u2019isolement social. Il est important de rappeler que chacun a le droit \u00e0 la vie priv\u00e9e et que la fin d\u2019une relation de couple ne devrait pas \u00eatre utilis\u00e9e comme une excuse pour attaquer publiquement une personne. Les r\u00e9seaux sociaux doivent \u00eatre utilis\u00e9s de mani\u00e8re responsable et respectueuse, et les attaques verbales doivent \u00eatre condamn\u00e9es et signal\u00e9es. Malheureusement c\u2019est le cas de\u00a0No Face\u00a0qui ne cesse d\u2019\u00eatre insult\u00e9 \u00e0 longueur de journ\u00e9e. Ce matin, il a \u00e9t\u00e9 attaqu\u00e9 par une fan de Mia Guiss\u00e9 mais lui au lieu de riposter, il a pri\u00e9 pour elle.\" \/>\n<meta property=\"og:url\" content=\"https:\/\/www.public.sn\/index.php\/2023\/02\/24\/incroyable-et-inattendu-violemment-attaque-par-une-fan-de-mia-guisse-no-face-lui-assene-de\/\" \/>\n<meta property=\"og:site_name\" content=\"LE PUBLIC\" \/>\n<meta property=\"article:published_time\" content=\"2023-02-24T18:52:45+00:00\" \/>\n<meta property=\"article:modified_time\" content=\"2023-02-24T18:54:10+00:00\" \/>\n<meta property=\"og:image\" content=\"https:\/\/www.public.sn\/wp-content\/uploads\/2023\/02\/NFU.png\" \/>\n\t<meta property=\"og:image:width\" content=\"630\" \/>\n\t<meta property=\"og:image:height\" content=\"315\" \/>\n\t<meta property=\"og:image:type\" content=\"image\/png\" \/>\n<meta name=\"author\" content=\"LA REDACTION\" \/>\n<meta name=\"twitter:card\" content=\"summary_large_image\" \/>\n<meta name=\"twitter:label1\" content=\"\u00c9crit par\" \/>\n\t<meta name=\"twitter:data1\" content=\"LA REDACTION\" \/>\n\t<meta name=\"twitter:label2\" content=\"Dur\u00e9e de lecture estim\u00e9e\" \/>\n\t<meta name=\"twitter:data2\" content=\"2 minutes\" \/>\n<script type=\"application\/ld+json\" class=\"yoast-schema-graph\">{\"@context\":\"https:\/\/schema.org\",\"@graph\":[{\"@type\":\"Article\",\"@id\":\"https:\/\/www.public.sn\/index.php\/2023\/02\/24\/incroyable-et-inattendu-violemment-attaque-par-une-fan-de-mia-guisse-no-face-lui-assene-de\/#article\",\"isPartOf\":{\"@id\":\"https:\/\/www.public.sn\/index.php\/2023\/02\/24\/incroyable-et-inattendu-violemment-attaque-par-une-fan-de-mia-guisse-no-face-lui-assene-de\/\"},\"author\":{\"name\":\"LA REDACTION\",\"@id\":\"https:\/\/www.public.sn\/#\/schema\/person\/cb76c8e1b8becc6be61fb5e92d6d0224\"},\"headline\":\"Incroyable et inattendu : Violemment attaqu\u00e9 par une fan de Mia Guiss\u00e9, No Face lui ass\u00e8ne de\u2026\",\"datePublished\":\"2023-02-24T18:52:45+00:00\",\"dateModified\":\"2023-02-24T18:54:10+00:00\",\"mainEntityOfPage\":{\"@id\":\"https:\/\/www.public.sn\/index.php\/2023\/02\/24\/incroyable-et-inattendu-violemment-attaque-par-une-fan-de-mia-guisse-no-face-lui-assene-de\/\"},\"wordCount\":215,\"commentCount\":0,\"publisher\":{\"@id\":\"https:\/\/www.public.sn\/#organization\"},\"image\":{\"@id\":\"https:\/\/www.public.sn\/index.php\/2023\/02\/24\/incroyable-et-inattendu-violemment-attaque-par-une-fan-de-mia-guisse-no-face-lui-assene-de\/#primaryimage\"},\"thumbnailUrl\":\"https:\/\/www.public.sn\/wp-content\/uploads\/2023\/02\/NFU.png\",\"keywords\":[\"Maabo\",\"mia\",\"NFU\"],\"articleSection\":[\"ACTUALIT\u00c9S\",\"BUZZ\",\"MODE\",\"MUSIQUE\",\"PEOPLE\",\"PHOTOS\",\"S\u00c9N\u00c9GAL\",\"SOCIETE\",\"VEDETTE\"],\"inLanguage\":\"fr-FR\",\"potentialAction\":[{\"@type\":\"CommentAction\",\"name\":\"Comment\",\"target\":[\"https:\/\/www.public.sn\/index.php\/2023\/02\/24\/incroyable-et-inattendu-violemment-attaque-par-une-fan-de-mia-guisse-no-face-lui-assene-de\/#respond\"]}]},{\"@type\":\"WebPage\",\"@id\":\"https:\/\/www.public.sn\/index.php\/2023\/02\/24\/incroyable-et-inattendu-violemment-attaque-par-une-fan-de-mia-guisse-no-face-lui-assene-de\/\",\"url\":\"https:\/\/www.public.sn\/index.php\/2023\/02\/24\/incroyable-et-inattendu-violemment-attaque-par-une-fan-de-mia-guisse-no-face-lui-assene-de\/\",\"name\":\"Incroyable et inattendu : Violemment attaqu\u00e9 par une fan de Mia Guiss\u00e9, No Face lui ass\u00e8ne de\u2026 - LE PUBLIC\",\"isPartOf\":{\"@id\":\"https:\/\/www.public.sn\/#website\"},\"primaryImageOfPage\":{\"@id\":\"https:\/\/www.public.sn\/index.php\/2023\/02\/24\/incroyable-et-inattendu-violemment-attaque-par-une-fan-de-mia-guisse-no-face-lui-assene-de\/#primaryimage\"},\"image\":{\"@id\":\"https:\/\/www.public.sn\/index.php\/2023\/02\/24\/incroyable-et-inattendu-violemment-attaque-par-une-fan-de-mia-guisse-no-face-lui-assene-de\/#primaryimage\"},\"thumbnailUrl\":\"https:\/\/www.public.sn\/wp-content\/uploads\/2023\/02\/NFU.png\",\"datePublished\":\"2023-02-24T18:52:45+00:00\",\"dateModified\":\"2023-02-24T18:54:10+00:00\",\"breadcrumb\":{\"@id\":\"https:\/\/www.public.sn\/index.php\/2023\/02\/24\/incroyable-et-inattendu-violemment-attaque-par-une-fan-de-mia-guisse-no-face-lui-assene-de\/#breadcrumb\"},\"inLanguage\":\"fr-FR\",\"potentialAction\":[{\"@type\":\"ReadAction\",\"target\":[\"https:\/\/www.public.sn\/index.php\/2023\/02\/24\/incroyable-et-inattendu-violemment-attaque-par-une-fan-de-mia-guisse-no-face-lui-assene-de\/\"]}]},{\"@type\":\"ImageObject\",\"inLanguage\":\"fr-FR\",\"@id\":\"https:\/\/www.public.sn\/index.php\/2023\/02\/24\/incroyable-et-inattendu-violemment-attaque-par-une-fan-de-mia-guisse-no-face-lui-assene-de\/#primaryimage\",\"url\":\"https:\/\/www.public.sn\/wp-content\/uploads\/2023\/02\/NFU.png\",\"contentUrl\":\"https:\/\/www.public.sn\/wp-content\/uploads\/2023\/02\/NFU.png\",\"width\":630,\"height\":315},{\"@type\":\"BreadcrumbList\",\"@id\":\"https:\/\/www.public.sn\/index.php\/2023\/02\/24\/incroyable-et-inattendu-violemment-attaque-par-une-fan-de-mia-guisse-no-face-lui-assene-de\/#breadcrumb\",\"itemListElement\":[{\"@type\":\"ListItem\",\"position\":1,\"name\":\"Accueil\",\"item\":\"https:\/\/www.public.sn\/\"},{\"@type\":\"ListItem\",\"position\":2,\"name\":\"Incroyable et inattendu : Violemment attaqu\u00e9 par une fan de Mia Guiss\u00e9, No Face lui ass\u00e8ne de\u2026\"}]},{\"@type\":\"WebSite\",\"@id\":\"https:\/\/www.public.sn\/#website\",\"url\":\"https:\/\/www.public.sn\/\",\"name\":\"LE PUBLIC\",\"description\":\"\",\"publisher\":{\"@id\":\"https:\/\/www.public.sn\/#organization\"},\"potentialAction\":[{\"@type\":\"SearchAction\",\"target\":{\"@type\":\"EntryPoint\",\"urlTemplate\":\"https:\/\/www.public.sn\/?s={search_term_string}\"},\"query-input\":{\"@type\":\"PropertyValueSpecification\",\"valueRequired\":true,\"valueName\":\"search_term_string\"}}],\"inLanguage\":\"fr-FR\"},{\"@type\":\"Organization\",\"@id\":\"https:\/\/www.public.sn\/#organization\",\"name\":\"LE PUBLIC\",\"url\":\"https:\/\/www.public.sn\/\",\"logo\":{\"@type\":\"ImageObject\",\"inLanguage\":\"fr-FR\",\"@id\":\"https:\/\/www.public.sn\/#\/schema\/logo\/image\/\",\"url\":\"https:\/\/www.public.sn\/wp-content\/uploads\/2024\/05\/cropped-LOGO-PUBLIC.SN_.png\",\"contentUrl\":\"https:\/\/www.public.sn\/wp-content\/uploads\/2024\/05\/cropped-LOGO-PUBLIC.SN_.png\",\"width\":682,\"height\":192,\"caption\":\"LE PUBLIC\"},\"image\":{\"@id\":\"https:\/\/www.public.sn\/#\/schema\/logo\/image\/\"}},{\"@type\":\"Person\",\"@id\":\"https:\/\/www.public.sn\/#\/schema\/person\/cb76c8e1b8becc6be61fb5e92d6d0224\",\"name\":\"LA REDACTION\",\"image\":{\"@type\":\"ImageObject\",\"inLanguage\":\"fr-FR\",\"@id\":\"https:\/\/www.public.sn\/#\/schema\/person\/image\/\",\"url\":\"https:\/\/secure.gravatar.com\/avatar\/2dce5ddd34b8fef0180efe03aa2a9bee7d953856048f9a16b298190a3178407c?s=96&d=mm&r=g\",\"contentUrl\":\"https:\/\/secure.gravatar.com\/avatar\/2dce5ddd34b8fef0180efe03aa2a9bee7d953856048f9a16b298190a3178407c?s=96&d=mm&r=g\",\"caption\":\"LA REDACTION\"},\"url\":\"https:\/\/www.public.sn\/index.php\/author\/editeurpsn\/\"}]}<\/script>\n<!-- \/ Yoast SEO plugin. -->","yoast_head_json":{"title":"Incroyable et inattendu : Violemment attaqu\u00e9 par une fan de Mia Guiss\u00e9, No Face lui ass\u00e8ne de\u2026 - LE PUBLIC","robots":{"index":"index","follow":"follow","max-snippet":"max-snippet:-1","max-image-preview":"max-image-preview:large","max-video-preview":"max-video-preview:-1"},"canonical":"https:\/\/www.public.sn\/index.php\/2023\/02\/24\/incroyable-et-inattendu-violemment-attaque-par-une-fan-de-mia-guisse-no-face-lui-assene-de\/","og_locale":"fr_FR","og_type":"article","og_title":"Incroyable et inattendu : Violemment attaqu\u00e9 par une fan de Mia Guiss\u00e9, No Face lui ass\u00e8ne de\u2026 - LE PUBLIC","og_description":"Depuis sa s\u00e9paration avec son ex-femme Mia, No Face est confront\u00e9 \u00e0 des attaques verbales r\u00e9currentes sur les r\u00e9seaux sociaux. Cette situation est malheureusement courante dans les relations de couple qui prennent fin, surtout lorsque les partenaires sont des personnalit\u00e9s publiques. Les attaques verbales sur les r\u00e9seaux sociaux peuvent avoir des cons\u00e9quences graves sur la sant\u00e9 mentale et \u00e9motionnelle des personnes qui en sont victimes. Les insultes, les mensonges et les diffamations peuvent causer des dommages psychologiques importants, tels que l\u2019anxi\u00e9t\u00e9, la d\u00e9pression et l\u2019isolement social. Il est important de rappeler que chacun a le droit \u00e0 la vie priv\u00e9e et que la fin d\u2019une relation de couple ne devrait pas \u00eatre utilis\u00e9e comme une excuse pour attaquer publiquement une personne. Les r\u00e9seaux sociaux doivent \u00eatre utilis\u00e9s de mani\u00e8re responsable et respectueuse, et les attaques verbales doivent \u00eatre condamn\u00e9es et signal\u00e9es. Malheureusement c\u2019est le cas de\u00a0No Face\u00a0qui ne cesse d\u2019\u00eatre insult\u00e9 \u00e0 longueur de journ\u00e9e. Ce matin, il a \u00e9t\u00e9 attaqu\u00e9 par une fan de Mia Guiss\u00e9 mais lui au lieu de riposter, il a pri\u00e9 pour elle.","og_url":"https:\/\/www.public.sn\/index.php\/2023\/02\/24\/incroyable-et-inattendu-violemment-attaque-par-une-fan-de-mia-guisse-no-face-lui-assene-de\/","og_site_name":"LE PUBLIC","article_published_time":"2023-02-24T18:52:45+00:00","article_modified_time":"2023-02-24T18:54:10+00:00","og_image":[{"width":630,"height":315,"url":"https:\/\/www.public.sn\/wp-content\/uploads\/2023\/02\/NFU.png","type":"image\/png"}],"author":"LA REDACTION","twitter_card":"summary_large_image","twitter_misc":{"\u00c9crit par":"LA REDACTION","Dur\u00e9e de lecture estim\u00e9e":"2 minutes"},"schema":{"@context":"https:\/\/schema.org","@graph":[{"@type":"Article","@id":"https:\/\/www.public.sn\/index.php\/2023\/02\/24\/incroyable-et-inattendu-violemment-attaque-par-une-fan-de-mia-guisse-no-face-lui-assene-de\/#article","isPartOf":{"@id":"https:\/\/www.public.sn\/index.php\/2023\/02\/24\/incroyable-et-inattendu-violemment-attaque-par-une-fan-de-mia-guisse-no-face-lui-assene-de\/"},"author":{"name":"LA REDACTION","@id":"https:\/\/www.public.sn\/#\/schema\/person\/cb76c8e1b8becc6be61fb5e92d6d0224"},"headline":"Incroyable et inattendu : Violemment attaqu\u00e9 par une fan de Mia Guiss\u00e9, No Face lui ass\u00e8ne de\u2026","datePublished":"2023-02-24T18:52:45+00:00","dateModified":"2023-02-24T18:54:10+00:00","mainEntityOfPage":{"@id":"https:\/\/www.public.sn\/index.php\/2023\/02\/24\/incroyable-et-inattendu-violemment-attaque-par-une-fan-de-mia-guisse-no-face-lui-assene-de\/"},"wordCount":215,"commentCount":0,"publisher":{"@id":"https:\/\/www.public.sn\/#organization"},"image":{"@id":"https:\/\/www.public.sn\/index.php\/2023\/02\/24\/incroyable-et-inattendu-violemment-attaque-par-une-fan-de-mia-guisse-no-face-lui-assene-de\/#primaryimage"},"thumbnailUrl":"https:\/\/www.public.sn\/wp-content\/uploads\/2023\/02\/NFU.png","keywords":["Maabo","mia","NFU"],"articleSection":["ACTUALIT\u00c9S","BUZZ","MODE","MUSIQUE","PEOPLE","PHOTOS","S\u00c9N\u00c9GAL","SOCIETE","VEDETTE"],"inLanguage":"fr-FR","potentialAction":[{"@type":"CommentAction","name":"Comment","target":["https:\/\/www.public.sn\/index.php\/2023\/02\/24\/incroyable-et-inattendu-violemment-attaque-par-une-fan-de-mia-guisse-no-face-lui-assene-de\/#respond"]}]},{"@type":"WebPage","@id":"https:\/\/www.public.sn\/index.php\/2023\/02\/24\/incroyable-et-inattendu-violemment-attaque-par-une-fan-de-mia-guisse-no-face-lui-assene-de\/","url":"https:\/\/www.public.sn\/index.php\/2023\/02\/24\/incroyable-et-inattendu-violemment-attaque-par-une-fan-de-mia-guisse-no-face-lui-assene-de\/","name":"Incroyable et inattendu : Violemment attaqu\u00e9 par une fan de Mia Guiss\u00e9, No Face lui ass\u00e8ne de\u2026 - LE PUBLIC","isPartOf":{"@id":"https:\/\/www.public.sn\/#website"},"primaryImageOfPage":{"@id":"https:\/\/www.public.sn\/index.php\/2023\/02\/24\/incroyable-et-inattendu-violemment-attaque-par-une-fan-de-mia-guisse-no-face-lui-assene-de\/#primaryimage"},"image":{"@id":"https:\/\/www.public.sn\/index.php\/2023\/02\/24\/incroyable-et-inattendu-violemment-attaque-par-une-fan-de-mia-guisse-no-face-lui-assene-de\/#primaryimage"},"thumbnailUrl":"https:\/\/www.public.sn\/wp-content\/uploads\/2023\/02\/NFU.png","datePublished":"2023-02-24T18:52:45+00:00","dateModified":"2023-02-24T18:54:10+00:00","breadcrumb":{"@id":"https:\/\/www.public.sn\/index.php\/2023\/02\/24\/incroyable-et-inattendu-violemment-attaque-par-une-fan-de-mia-guisse-no-face-lui-assene-de\/#breadcrumb"},"inLanguage":"fr-FR","potentialAction":[{"@type":"ReadAction","target":["https:\/\/www.public.sn\/index.php\/2023\/02\/24\/incroyable-et-inattendu-violemment-attaque-par-une-fan-de-mia-guisse-no-face-lui-assene-de\/"]}]},{"@type":"ImageObject","inLanguage":"fr-FR","@id":"https:\/\/www.public.sn\/index.php\/2023\/02\/24\/incroyable-et-inattendu-violemment-attaque-par-une-fan-de-mia-guisse-no-face-lui-assene-de\/#primaryimage","url":"https:\/\/www.public.sn\/wp-content\/uploads\/2023\/02\/NFU.png","contentUrl":"https:\/\/www.public.sn\/wp-content\/uploads\/2023\/02\/NFU.png","width":630,"height":315},{"@type":"BreadcrumbList","@id":"https:\/\/www.public.sn\/index.php\/2023\/02\/24\/incroyable-et-inattendu-violemment-attaque-par-une-fan-de-mia-guisse-no-face-lui-assene-de\/#breadcrumb","itemListElement":[{"@type":"ListItem","position":1,"name":"Accueil","item":"https:\/\/www.public.sn\/"},{"@type":"ListItem","position":2,"name":"Incroyable et inattendu : Violemment attaqu\u00e9 par une fan de Mia Guiss\u00e9, No Face lui ass\u00e8ne de\u2026"}]},{"@type":"WebSite","@id":"https:\/\/www.public.sn\/#website","url":"https:\/\/www.public.sn\/","name":"LE PUBLIC","description":"","publisher":{"@id":"https:\/\/www.public.sn\/#organization"},"potentialAction":[{"@type":"SearchAction","target":{"@type":"EntryPoint","urlTemplate":"https:\/\/www.public.sn\/?s={search_term_string}"},"query-input":{"@type":"PropertyValueSpecification","valueRequired":true,"valueName":"search_term_string"}}],"inLanguage":"fr-FR"},{"@type":"Organization","@id":"https:\/\/www.public.sn\/#organization","name":"LE PUBLIC","url":"https:\/\/www.public.sn\/","logo":{"@type":"ImageObject","inLanguage":"fr-FR","@id":"https:\/\/www.public.sn\/#\/schema\/logo\/image\/","url":"https:\/\/www.public.sn\/wp-content\/uploads\/2024\/05\/cropped-LOGO-PUBLIC.SN_.png","contentUrl":"https:\/\/www.public.sn\/wp-content\/uploads\/2024\/05\/cropped-LOGO-PUBLIC.SN_.png","width":682,"height":192,"caption":"LE PUBLIC"},"image":{"@id":"https:\/\/www.public.sn\/#\/schema\/logo\/image\/"}},{"@type":"Person","@id":"https:\/\/www.public.sn\/#\/schema\/person\/cb76c8e1b8becc6be61fb5e92d6d0224","name":"LA REDACTION","image":{"@type":"ImageObject","inLanguage":"fr-FR","@id":"https:\/\/www.public.sn\/#\/schema\/person\/image\/","url":"https:\/\/secure.gravatar.com\/avatar\/2dce5ddd34b8fef0180efe03aa2a9bee7d953856048f9a16b298190a3178407c?s=96&d=mm&r=g","contentUrl":"https:\/\/secure.gravatar.com\/avatar\/2dce5ddd34b8fef0180efe03aa2a9bee7d953856048f9a16b298190a3178407c?s=96&d=mm&r=g","caption":"LA REDACTION"},"url":"https:\/\/www.public.sn\/index.php\/author\/editeurpsn\/"}]}},"jetpack_featured_media_url":"https:\/\/www.public.sn\/wp-content\/uploads\/2023\/02\/NFU.png","jetpack_sharing_enabled":true,"_links":{"self":[{"href":"https:\/\/www.public.sn\/index.php\/wp-json\/wp\/v2\/posts\/16524","targetHints":{"allow":["GET"]}}],"collection":[{"href":"https:\/\/www.public.sn\/index.php\/wp-json\/wp\/v2\/posts"}],"about":[{"href":"https:\/\/www.public.sn\/index.php\/wp-json\/wp\/v2\/types\/post"}],"author":[{"embeddable":true,"href":"https:\/\/www.public.sn\/index.php\/wp-json\/wp\/v2\/users\/7"}],"replies":[{"embeddable":true,"href":"https:\/\/www.public.sn\/index.php\/wp-json\/wp\/v2\/comments?post=16524"}],"version-history":[{"count":1,"href":"https:\/\/www.public.sn\/index.php\/wp-json\/wp\/v2\/posts\/16524\/revisions"}],"predecessor-version":[{"id":16526,"href":"https:\/\/www.public.sn\/index.php\/wp-json\/wp\/v2\/posts\/16524\/revisions\/16526"}],"wp:featuredmedia":[{"embeddable":true,"href":"https:\/\/www.public.sn\/index.php\/wp-json\/wp\/v2\/media\/16527"}],"wp:attachment":[{"href":"https:\/\/www.public.sn\/index.php\/wp-json\/wp\/v2\/media?parent=16524"}],"wp:term":[{"taxonomy":"category","embeddable":true,"href":"https:\/\/www.public.sn\/index.php\/wp-json\/wp\/v2\/categories?post=16524"},{"taxonomy":"post_tag","embeddable":true,"href":"https:\/\/www.public.sn\/index.php\/wp-json\/wp\/v2\/tags?post=16524"}],"curies":[{"name":"wp","href":"https:\/\/api.w.org\/{rel}","templated":true}]}}