{"id":16528,"date":"2023-02-25T12:38:41","date_gmt":"2023-02-25T12:38:41","guid":{"rendered":"https:\/\/www.public.sn\/?p=16528"},"modified":"2023-02-25T12:38:41","modified_gmt":"2023-02-25T12:38:41","slug":"un-jeune-age-de-12-ans-il-echappe-de-justesse-a-la-decpitation-a-kaolack","status":"publish","type":"post","link":"https:\/\/www.public.sn\/index.php\/2023\/02\/25\/un-jeune-age-de-12-ans-il-echappe-de-justesse-a-la-decpitation-a-kaolack\/","title":{"rendered":"Un jeune \u00e2g\u00e9 de 12 ans, il \u00e9chappe de justesse \u00e0 la d\u00e9c@pitation \u00e0 Kaolack"},"content":{"rendered":"<p>L\u2019irr\u00e9parable a failli se produire ce mardi \u00e0 la cit\u00e9 Papa Dame, sise dans la commune de Kahone, d\u00e9partement de Kaolack. Un enfant de 12 ans a \u00e9chapp\u00e9 de peu \u00e0 une d\u00e9capitation.<\/p><div class=\"publi-paragraphe1\" style=\"margin-top: 10px;margin-bottom: 10px;margin-left: auto;margin-right: auto;text-align: center;\" id=\"publi-2792197998\"><div class=\"publi-adlabel\">Publicit\u00e9<\/div><script async src=\"\/\/pagead2.googlesyndication.com\/pagead\/js\/adsbygoogle.js?client=ca-pub-4089586018074219\" crossorigin=\"anonymous\"><\/script><ins class=\"adsbygoogle\" style=\"display:block;\" data-ad-client=\"ca-pub-4089586018074219\" \ndata-ad-slot=\"2087940154\" \ndata-ad-format=\"auto\"><\/ins>\n<script> \n(adsbygoogle = window.adsbygoogle || []).push({}); \n<\/script>\n<\/div>\n<div><\/div>\n<p>Envoy\u00e9 par sa grand m\u00e8re acheter du couscous, l\u2019enfant a \u00e9t\u00e9 attrap\u00e9 par un homme arm\u00e9 d\u2019un couteau, qui avait commenc\u00e9 \u00e0 le d\u00e9capiter et le tra\u00eener vers une maison en construction<\/p>\n<p>. Alert\u00e9s par ses cris, ses fr\u00e8res sont sortis lui porter secours. Ce qui a fait fuir le malfrat.<\/p>\n<p>Pour la grand-m\u00e8re, l\u2019absence d\u2019\u00e9clairage public et les nombreuses maisons en construction augmentent l\u2019ins\u00e9curit\u00e9 qui r\u00e8gne \u00e0 la cit\u00e9 Papa Dame de Kahone. \u00ab Avant hier, en pleine journ\u00e9e, j\u2019ai \u00e9t\u00e9 pourchass\u00e9e par un homme qui me voulait du mal. Cette situation nous hante et menace nos vies et celles de nos familles \u00bb, s\u2019est-elle plainte.<\/p>\n<p>L\u2019enfant a \u00e9t\u00e9 \u00e9vacu\u00e9 au centre hospitalier r\u00e9gional El Hadji Ibrahima Niass de Kaolack et une enqu\u00eate a \u00e9t\u00e9 ouverte par la gendarmerie.<\/p>\n<div class=\"publi-apres-le-contenu\" style=\"margin-top: 10px;margin-bottom: 10px;margin-left: auto;margin-right: auto;text-align: center;\" id=\"publi-1216059077\"><div class=\"publi-adlabel\">Publicit\u00e9<\/div><script async src=\"\/\/pagead2.googlesyndication.com\/pagead\/js\/adsbygoogle.js?client=ca-pub-4089586018074219\" crossorigin=\"anonymous\"><\/script><ins class=\"adsbygoogle\" style=\"display:block;\" data-ad-client=\"ca-pub-4089586018074219\" \ndata-ad-slot=\"2087940154\" \ndata-ad-format=\"auto\"><\/ins>\n<script> \n(adsbygoogle = window.adsbygoogle || []).push({}); \n<\/script>\n<\/div>","protected":false},"excerpt":{"rendered":"<p>L\u2019irr\u00e9parable a failli se produire ce mardi \u00e0 la cit\u00e9 Papa Dame, sise dans la commune de Kahone, d\u00e9partement de Kaolack. Un enfant de 12 ans a \u00e9chapp\u00e9 de peu \u00e0 une d\u00e9capitation. Envoy\u00e9 par sa grand m\u00e8re acheter du couscous, l\u2019enfant a \u00e9t\u00e9 attrap\u00e9 par un homme arm\u00e9 d\u2019un couteau, qui avait commenc\u00e9 \u00e0 le d\u00e9capiter et le tra\u00eener vers une maison en construction . Alert\u00e9s par ses cris, ses fr\u00e8res sont sortis lui porter secours. Ce qui a fait fuir le malfrat. Pour la grand-m\u00e8re, l\u2019absence d\u2019\u00e9clairage public et les nombreuses maisons en construction augmentent l\u2019ins\u00e9curit\u00e9 qui r\u00e8gne \u00e0 la cit\u00e9 Papa Dame de Kahone. \u00ab Avant hier, en pleine journ\u00e9e, j\u2019ai \u00e9t\u00e9 pourchass\u00e9e par un homme qui me voulait du mal. Cette situation nous hante et menace nos vies et celles de nos familles \u00bb, s\u2019est-elle plainte. L\u2019enfant a \u00e9t\u00e9 \u00e9vacu\u00e9 au centre hospitalier r\u00e9gional El Hadji Ibrahima Niass de Kaolack et une enqu\u00eate a \u00e9t\u00e9 ouverte par la gendarmerie.<\/p>\n","protected":false},"author":7,"featured_media":16529,"comment_status":"open","ping_status":"open","sticky":false,"template":"","format":"standard","meta":{"_jetpack_memberships_contains_paid_content":false,"footnotes":""},"categories":[375,1051,379,3724,1574,376,1,4],"tags":[4540,4539,24,334,33],"class_list":["post-16528","post","type-post","status-publish","format-standard","has-post-thumbnail","hentry","category-actualites","category-drame","category-faits-divers","category-justice","category-sante","category-securite-justice","category-non-classe","category-societe","tag-decapitaion","tag-enfant-de-12ans","tag-justice","tag-kahone","tag-kaolack","entry","has-media","owp-thumbs-layout-horizontal","owp-btn-normal","owp-tabs-layout-horizontal","has-no-thumbnails","has-product-nav"],"yoast_head":"<!-- This site is optimized with the Yoast SEO plugin v25.5 - https:\/\/yoast.com\/wordpress\/plugins\/seo\/ -->\n<title>Un jeune \u00e2g\u00e9 de 12 ans, il \u00e9chappe de justesse \u00e0 la d\u00e9c@pitation \u00e0 Kaolack - LE PUBLIC<\/title>\n<meta name=\"robots\" content=\"index, follow, max-snippet:-1, max-image-preview:large, max-video-preview:-1\" \/>\n<link rel=\"canonical\" href=\"https:\/\/www.public.sn\/index.php\/2023\/02\/25\/un-jeune-age-de-12-ans-il-echappe-de-justesse-a-la-decpitation-a-kaolack\/\" \/>\n<meta property=\"og:locale\" content=\"fr_FR\" \/>\n<meta property=\"og:type\" content=\"article\" \/>\n<meta property=\"og:title\" content=\"Un jeune \u00e2g\u00e9 de 12 ans, il \u00e9chappe de justesse \u00e0 la d\u00e9c@pitation \u00e0 Kaolack - LE PUBLIC\" \/>\n<meta property=\"og:description\" content=\"L\u2019irr\u00e9parable a failli se produire ce mardi \u00e0 la cit\u00e9 Papa Dame, sise dans la commune de Kahone, d\u00e9partement de Kaolack. Un enfant de 12 ans a \u00e9chapp\u00e9 de peu \u00e0 une d\u00e9capitation. Envoy\u00e9 par sa grand m\u00e8re acheter du couscous, l\u2019enfant a \u00e9t\u00e9 attrap\u00e9 par un homme arm\u00e9 d\u2019un couteau, qui avait commenc\u00e9 \u00e0 le d\u00e9capiter et le tra\u00eener vers une maison en construction . Alert\u00e9s par ses cris, ses fr\u00e8res sont sortis lui porter secours. Ce qui a fait fuir le malfrat. Pour la grand-m\u00e8re, l\u2019absence d\u2019\u00e9clairage public et les nombreuses maisons en construction augmentent l\u2019ins\u00e9curit\u00e9 qui r\u00e8gne \u00e0 la cit\u00e9 Papa Dame de Kahone. \u00ab Avant hier, en pleine journ\u00e9e, j\u2019ai \u00e9t\u00e9 pourchass\u00e9e par un homme qui me voulait du mal. Cette situation nous hante et menace nos vies et celles de nos familles \u00bb, s\u2019est-elle plainte. L\u2019enfant a \u00e9t\u00e9 \u00e9vacu\u00e9 au centre hospitalier r\u00e9gional El Hadji Ibrahima Niass de Kaolack et une enqu\u00eate a \u00e9t\u00e9 ouverte par la gendarmerie.\" \/>\n<meta property=\"og:url\" content=\"https:\/\/www.public.sn\/index.php\/2023\/02\/25\/un-jeune-age-de-12-ans-il-echappe-de-justesse-a-la-decpitation-a-kaolack\/\" \/>\n<meta property=\"og:site_name\" content=\"LE PUBLIC\" \/>\n<meta property=\"article:published_time\" content=\"2023-02-25T12:38:41+00:00\" \/>\n<meta property=\"og:image\" content=\"https:\/\/www.public.sn\/wp-content\/uploads\/2023\/02\/decapitation-kahone.webp\" \/>\n\t<meta property=\"og:image:width\" content=\"664\" \/>\n\t<meta property=\"og:image:height\" content=\"372\" \/>\n\t<meta property=\"og:image:type\" content=\"image\/webp\" \/>\n<meta name=\"author\" content=\"LA REDACTION\" \/>\n<meta name=\"twitter:card\" content=\"summary_large_image\" \/>\n<meta name=\"twitter:label1\" content=\"\u00c9crit par\" \/>\n\t<meta name=\"twitter:data1\" content=\"LA REDACTION\" \/>\n\t<meta name=\"twitter:label2\" content=\"Dur\u00e9e de lecture estim\u00e9e\" \/>\n\t<meta name=\"twitter:data2\" content=\"1 minute\" \/>\n<script type=\"application\/ld+json\" class=\"yoast-schema-graph\">{\"@context\":\"https:\/\/schema.org\",\"@graph\":[{\"@type\":\"Article\",\"@id\":\"https:\/\/www.public.sn\/index.php\/2023\/02\/25\/un-jeune-age-de-12-ans-il-echappe-de-justesse-a-la-decpitation-a-kaolack\/#article\",\"isPartOf\":{\"@id\":\"https:\/\/www.public.sn\/index.php\/2023\/02\/25\/un-jeune-age-de-12-ans-il-echappe-de-justesse-a-la-decpitation-a-kaolack\/\"},\"author\":{\"name\":\"LA REDACTION\",\"@id\":\"https:\/\/www.public.sn\/#\/schema\/person\/cb76c8e1b8becc6be61fb5e92d6d0224\"},\"headline\":\"Un jeune \u00e2g\u00e9 de 12 ans, il \u00e9chappe de justesse \u00e0 la d\u00e9c@pitation \u00e0 Kaolack\",\"datePublished\":\"2023-02-25T12:38:41+00:00\",\"mainEntityOfPage\":{\"@id\":\"https:\/\/www.public.sn\/index.php\/2023\/02\/25\/un-jeune-age-de-12-ans-il-echappe-de-justesse-a-la-decpitation-a-kaolack\/\"},\"wordCount\":193,\"commentCount\":0,\"publisher\":{\"@id\":\"https:\/\/www.public.sn\/#organization\"},\"image\":{\"@id\":\"https:\/\/www.public.sn\/index.php\/2023\/02\/25\/un-jeune-age-de-12-ans-il-echappe-de-justesse-a-la-decpitation-a-kaolack\/#primaryimage\"},\"thumbnailUrl\":\"https:\/\/www.public.sn\/wp-content\/uploads\/2023\/02\/decapitation-kahone.webp\",\"keywords\":[\"d\u00e9capitaion\",\"enfant de 12ans\",\"Justice\",\"Kahone\",\"Kaolack\"],\"articleSection\":[\"ACTUALIT\u00c9S\",\"DRAME\",\"FAITS DIVERS\",\"justice\",\"SANT\u00c9\",\"S\u00c9CURIT\u00c9 &amp; JUSTICE\",\"S\u00c9N\u00c9GAL\",\"SOCIETE\"],\"inLanguage\":\"fr-FR\",\"potentialAction\":[{\"@type\":\"CommentAction\",\"name\":\"Comment\",\"target\":[\"https:\/\/www.public.sn\/index.php\/2023\/02\/25\/un-jeune-age-de-12-ans-il-echappe-de-justesse-a-la-decpitation-a-kaolack\/#respond\"]}]},{\"@type\":\"WebPage\",\"@id\":\"https:\/\/www.public.sn\/index.php\/2023\/02\/25\/un-jeune-age-de-12-ans-il-echappe-de-justesse-a-la-decpitation-a-kaolack\/\",\"url\":\"https:\/\/www.public.sn\/index.php\/2023\/02\/25\/un-jeune-age-de-12-ans-il-echappe-de-justesse-a-la-decpitation-a-kaolack\/\",\"name\":\"Un jeune \u00e2g\u00e9 de 12 ans, il \u00e9chappe de justesse \u00e0 la d\u00e9c@pitation \u00e0 Kaolack - LE PUBLIC\",\"isPartOf\":{\"@id\":\"https:\/\/www.public.sn\/#website\"},\"primaryImageOfPage\":{\"@id\":\"https:\/\/www.public.sn\/index.php\/2023\/02\/25\/un-jeune-age-de-12-ans-il-echappe-de-justesse-a-la-decpitation-a-kaolack\/#primaryimage\"},\"image\":{\"@id\":\"https:\/\/www.public.sn\/index.php\/2023\/02\/25\/un-jeune-age-de-12-ans-il-echappe-de-justesse-a-la-decpitation-a-kaolack\/#primaryimage\"},\"thumbnailUrl\":\"https:\/\/www.public.sn\/wp-content\/uploads\/2023\/02\/decapitation-kahone.webp\",\"datePublished\":\"2023-02-25T12:38:41+00:00\",\"breadcrumb\":{\"@id\":\"https:\/\/www.public.sn\/index.php\/2023\/02\/25\/un-jeune-age-de-12-ans-il-echappe-de-justesse-a-la-decpitation-a-kaolack\/#breadcrumb\"},\"inLanguage\":\"fr-FR\",\"potentialAction\":[{\"@type\":\"ReadAction\",\"target\":[\"https:\/\/www.public.sn\/index.php\/2023\/02\/25\/un-jeune-age-de-12-ans-il-echappe-de-justesse-a-la-decpitation-a-kaolack\/\"]}]},{\"@type\":\"ImageObject\",\"inLanguage\":\"fr-FR\",\"@id\":\"https:\/\/www.public.sn\/index.php\/2023\/02\/25\/un-jeune-age-de-12-ans-il-echappe-de-justesse-a-la-decpitation-a-kaolack\/#primaryimage\",\"url\":\"https:\/\/www.public.sn\/wp-content\/uploads\/2023\/02\/decapitation-kahone.webp\",\"contentUrl\":\"https:\/\/www.public.sn\/wp-content\/uploads\/2023\/02\/decapitation-kahone.webp\",\"width\":664,\"height\":372},{\"@type\":\"BreadcrumbList\",\"@id\":\"https:\/\/www.public.sn\/index.php\/2023\/02\/25\/un-jeune-age-de-12-ans-il-echappe-de-justesse-a-la-decpitation-a-kaolack\/#breadcrumb\",\"itemListElement\":[{\"@type\":\"ListItem\",\"position\":1,\"name\":\"Accueil\",\"item\":\"https:\/\/www.public.sn\/\"},{\"@type\":\"ListItem\",\"position\":2,\"name\":\"Un jeune \u00e2g\u00e9 de 12 ans, il \u00e9chappe de justesse \u00e0 la d\u00e9c@pitation \u00e0 Kaolack\"}]},{\"@type\":\"WebSite\",\"@id\":\"https:\/\/www.public.sn\/#website\",\"url\":\"https:\/\/www.public.sn\/\",\"name\":\"LE PUBLIC\",\"description\":\"\",\"publisher\":{\"@id\":\"https:\/\/www.public.sn\/#organization\"},\"potentialAction\":[{\"@type\":\"SearchAction\",\"target\":{\"@type\":\"EntryPoint\",\"urlTemplate\":\"https:\/\/www.public.sn\/?s={search_term_string}\"},\"query-input\":{\"@type\":\"PropertyValueSpecification\",\"valueRequired\":true,\"valueName\":\"search_term_string\"}}],\"inLanguage\":\"fr-FR\"},{\"@type\":\"Organization\",\"@id\":\"https:\/\/www.public.sn\/#organization\",\"name\":\"LE PUBLIC\",\"url\":\"https:\/\/www.public.sn\/\",\"logo\":{\"@type\":\"ImageObject\",\"inLanguage\":\"fr-FR\",\"@id\":\"https:\/\/www.public.sn\/#\/schema\/logo\/image\/\",\"url\":\"https:\/\/www.public.sn\/wp-content\/uploads\/2024\/05\/cropped-LOGO-PUBLIC.SN_.png\",\"contentUrl\":\"https:\/\/www.public.sn\/wp-content\/uploads\/2024\/05\/cropped-LOGO-PUBLIC.SN_.png\",\"width\":682,\"height\":192,\"caption\":\"LE PUBLIC\"},\"image\":{\"@id\":\"https:\/\/www.public.sn\/#\/schema\/logo\/image\/\"}},{\"@type\":\"Person\",\"@id\":\"https:\/\/www.public.sn\/#\/schema\/person\/cb76c8e1b8becc6be61fb5e92d6d0224\",\"name\":\"LA REDACTION\",\"image\":{\"@type\":\"ImageObject\",\"inLanguage\":\"fr-FR\",\"@id\":\"https:\/\/www.public.sn\/#\/schema\/person\/image\/\",\"url\":\"https:\/\/secure.gravatar.com\/avatar\/2dce5ddd34b8fef0180efe03aa2a9bee7d953856048f9a16b298190a3178407c?s=96&d=mm&r=g\",\"contentUrl\":\"https:\/\/secure.gravatar.com\/avatar\/2dce5ddd34b8fef0180efe03aa2a9bee7d953856048f9a16b298190a3178407c?s=96&d=mm&r=g\",\"caption\":\"LA REDACTION\"},\"url\":\"https:\/\/www.public.sn\/index.php\/author\/editeurpsn\/\"}]}<\/script>\n<!-- \/ Yoast SEO plugin. -->","yoast_head_json":{"title":"Un jeune \u00e2g\u00e9 de 12 ans, il \u00e9chappe de justesse \u00e0 la d\u00e9c@pitation \u00e0 Kaolack - LE PUBLIC","robots":{"index":"index","follow":"follow","max-snippet":"max-snippet:-1","max-image-preview":"max-image-preview:large","max-video-preview":"max-video-preview:-1"},"canonical":"https:\/\/www.public.sn\/index.php\/2023\/02\/25\/un-jeune-age-de-12-ans-il-echappe-de-justesse-a-la-decpitation-a-kaolack\/","og_locale":"fr_FR","og_type":"article","og_title":"Un jeune \u00e2g\u00e9 de 12 ans, il \u00e9chappe de justesse \u00e0 la d\u00e9c@pitation \u00e0 Kaolack - LE PUBLIC","og_description":"L\u2019irr\u00e9parable a failli se produire ce mardi \u00e0 la cit\u00e9 Papa Dame, sise dans la commune de Kahone, d\u00e9partement de Kaolack. Un enfant de 12 ans a \u00e9chapp\u00e9 de peu \u00e0 une d\u00e9capitation. Envoy\u00e9 par sa grand m\u00e8re acheter du couscous, l\u2019enfant a \u00e9t\u00e9 attrap\u00e9 par un homme arm\u00e9 d\u2019un couteau, qui avait commenc\u00e9 \u00e0 le d\u00e9capiter et le tra\u00eener vers une maison en construction . Alert\u00e9s par ses cris, ses fr\u00e8res sont sortis lui porter secours. Ce qui a fait fuir le malfrat. Pour la grand-m\u00e8re, l\u2019absence d\u2019\u00e9clairage public et les nombreuses maisons en construction augmentent l\u2019ins\u00e9curit\u00e9 qui r\u00e8gne \u00e0 la cit\u00e9 Papa Dame de Kahone. \u00ab Avant hier, en pleine journ\u00e9e, j\u2019ai \u00e9t\u00e9 pourchass\u00e9e par un homme qui me voulait du mal. Cette situation nous hante et menace nos vies et celles de nos familles \u00bb, s\u2019est-elle plainte. L\u2019enfant a \u00e9t\u00e9 \u00e9vacu\u00e9 au centre hospitalier r\u00e9gional El Hadji Ibrahima Niass de Kaolack et une enqu\u00eate a \u00e9t\u00e9 ouverte par la gendarmerie.","og_url":"https:\/\/www.public.sn\/index.php\/2023\/02\/25\/un-jeune-age-de-12-ans-il-echappe-de-justesse-a-la-decpitation-a-kaolack\/","og_site_name":"LE PUBLIC","article_published_time":"2023-02-25T12:38:41+00:00","og_image":[{"width":664,"height":372,"url":"https:\/\/www.public.sn\/wp-content\/uploads\/2023\/02\/decapitation-kahone.webp","type":"image\/webp"}],"author":"LA REDACTION","twitter_card":"summary_large_image","twitter_misc":{"\u00c9crit par":"LA REDACTION","Dur\u00e9e de lecture estim\u00e9e":"1 minute"},"schema":{"@context":"https:\/\/schema.org","@graph":[{"@type":"Article","@id":"https:\/\/www.public.sn\/index.php\/2023\/02\/25\/un-jeune-age-de-12-ans-il-echappe-de-justesse-a-la-decpitation-a-kaolack\/#article","isPartOf":{"@id":"https:\/\/www.public.sn\/index.php\/2023\/02\/25\/un-jeune-age-de-12-ans-il-echappe-de-justesse-a-la-decpitation-a-kaolack\/"},"author":{"name":"LA REDACTION","@id":"https:\/\/www.public.sn\/#\/schema\/person\/cb76c8e1b8becc6be61fb5e92d6d0224"},"headline":"Un jeune \u00e2g\u00e9 de 12 ans, il \u00e9chappe de justesse \u00e0 la d\u00e9c@pitation \u00e0 Kaolack","datePublished":"2023-02-25T12:38:41+00:00","mainEntityOfPage":{"@id":"https:\/\/www.public.sn\/index.php\/2023\/02\/25\/un-jeune-age-de-12-ans-il-echappe-de-justesse-a-la-decpitation-a-kaolack\/"},"wordCount":193,"commentCount":0,"publisher":{"@id":"https:\/\/www.public.sn\/#organization"},"image":{"@id":"https:\/\/www.public.sn\/index.php\/2023\/02\/25\/un-jeune-age-de-12-ans-il-echappe-de-justesse-a-la-decpitation-a-kaolack\/#primaryimage"},"thumbnailUrl":"https:\/\/www.public.sn\/wp-content\/uploads\/2023\/02\/decapitation-kahone.webp","keywords":["d\u00e9capitaion","enfant de 12ans","Justice","Kahone","Kaolack"],"articleSection":["ACTUALIT\u00c9S","DRAME","FAITS DIVERS","justice","SANT\u00c9","S\u00c9CURIT\u00c9 &amp; JUSTICE","S\u00c9N\u00c9GAL","SOCIETE"],"inLanguage":"fr-FR","potentialAction":[{"@type":"CommentAction","name":"Comment","target":["https:\/\/www.public.sn\/index.php\/2023\/02\/25\/un-jeune-age-de-12-ans-il-echappe-de-justesse-a-la-decpitation-a-kaolack\/#respond"]}]},{"@type":"WebPage","@id":"https:\/\/www.public.sn\/index.php\/2023\/02\/25\/un-jeune-age-de-12-ans-il-echappe-de-justesse-a-la-decpitation-a-kaolack\/","url":"https:\/\/www.public.sn\/index.php\/2023\/02\/25\/un-jeune-age-de-12-ans-il-echappe-de-justesse-a-la-decpitation-a-kaolack\/","name":"Un jeune \u00e2g\u00e9 de 12 ans, il \u00e9chappe de justesse \u00e0 la d\u00e9c@pitation \u00e0 Kaolack - LE PUBLIC","isPartOf":{"@id":"https:\/\/www.public.sn\/#website"},"primaryImageOfPage":{"@id":"https:\/\/www.public.sn\/index.php\/2023\/02\/25\/un-jeune-age-de-12-ans-il-echappe-de-justesse-a-la-decpitation-a-kaolack\/#primaryimage"},"image":{"@id":"https:\/\/www.public.sn\/index.php\/2023\/02\/25\/un-jeune-age-de-12-ans-il-echappe-de-justesse-a-la-decpitation-a-kaolack\/#primaryimage"},"thumbnailUrl":"https:\/\/www.public.sn\/wp-content\/uploads\/2023\/02\/decapitation-kahone.webp","datePublished":"2023-02-25T12:38:41+00:00","breadcrumb":{"@id":"https:\/\/www.public.sn\/index.php\/2023\/02\/25\/un-jeune-age-de-12-ans-il-echappe-de-justesse-a-la-decpitation-a-kaolack\/#breadcrumb"},"inLanguage":"fr-FR","potentialAction":[{"@type":"ReadAction","target":["https:\/\/www.public.sn\/index.php\/2023\/02\/25\/un-jeune-age-de-12-ans-il-echappe-de-justesse-a-la-decpitation-a-kaolack\/"]}]},{"@type":"ImageObject","inLanguage":"fr-FR","@id":"https:\/\/www.public.sn\/index.php\/2023\/02\/25\/un-jeune-age-de-12-ans-il-echappe-de-justesse-a-la-decpitation-a-kaolack\/#primaryimage","url":"https:\/\/www.public.sn\/wp-content\/uploads\/2023\/02\/decapitation-kahone.webp","contentUrl":"https:\/\/www.public.sn\/wp-content\/uploads\/2023\/02\/decapitation-kahone.webp","width":664,"height":372},{"@type":"BreadcrumbList","@id":"https:\/\/www.public.sn\/index.php\/2023\/02\/25\/un-jeune-age-de-12-ans-il-echappe-de-justesse-a-la-decpitation-a-kaolack\/#breadcrumb","itemListElement":[{"@type":"ListItem","position":1,"name":"Accueil","item":"https:\/\/www.public.sn\/"},{"@type":"ListItem","position":2,"name":"Un jeune \u00e2g\u00e9 de 12 ans, il \u00e9chappe de justesse \u00e0 la d\u00e9c@pitation \u00e0 Kaolack"}]},{"@type":"WebSite","@id":"https:\/\/www.public.sn\/#website","url":"https:\/\/www.public.sn\/","name":"LE PUBLIC","description":"","publisher":{"@id":"https:\/\/www.public.sn\/#organization"},"potentialAction":[{"@type":"SearchAction","target":{"@type":"EntryPoint","urlTemplate":"https:\/\/www.public.sn\/?s={search_term_string}"},"query-input":{"@type":"PropertyValueSpecification","valueRequired":true,"valueName":"search_term_string"}}],"inLanguage":"fr-FR"},{"@type":"Organization","@id":"https:\/\/www.public.sn\/#organization","name":"LE PUBLIC","url":"https:\/\/www.public.sn\/","logo":{"@type":"ImageObject","inLanguage":"fr-FR","@id":"https:\/\/www.public.sn\/#\/schema\/logo\/image\/","url":"https:\/\/www.public.sn\/wp-content\/uploads\/2024\/05\/cropped-LOGO-PUBLIC.SN_.png","contentUrl":"https:\/\/www.public.sn\/wp-content\/uploads\/2024\/05\/cropped-LOGO-PUBLIC.SN_.png","width":682,"height":192,"caption":"LE PUBLIC"},"image":{"@id":"https:\/\/www.public.sn\/#\/schema\/logo\/image\/"}},{"@type":"Person","@id":"https:\/\/www.public.sn\/#\/schema\/person\/cb76c8e1b8becc6be61fb5e92d6d0224","name":"LA REDACTION","image":{"@type":"ImageObject","inLanguage":"fr-FR","@id":"https:\/\/www.public.sn\/#\/schema\/person\/image\/","url":"https:\/\/secure.gravatar.com\/avatar\/2dce5ddd34b8fef0180efe03aa2a9bee7d953856048f9a16b298190a3178407c?s=96&d=mm&r=g","contentUrl":"https:\/\/secure.gravatar.com\/avatar\/2dce5ddd34b8fef0180efe03aa2a9bee7d953856048f9a16b298190a3178407c?s=96&d=mm&r=g","caption":"LA REDACTION"},"url":"https:\/\/www.public.sn\/index.php\/author\/editeurpsn\/"}]}},"jetpack_featured_media_url":"https:\/\/www.public.sn\/wp-content\/uploads\/2023\/02\/decapitation-kahone.webp","jetpack_sharing_enabled":true,"_links":{"self":[{"href":"https:\/\/www.public.sn\/index.php\/wp-json\/wp\/v2\/posts\/16528","targetHints":{"allow":["GET"]}}],"collection":[{"href":"https:\/\/www.public.sn\/index.php\/wp-json\/wp\/v2\/posts"}],"about":[{"href":"https:\/\/www.public.sn\/index.php\/wp-json\/wp\/v2\/types\/post"}],"author":[{"embeddable":true,"href":"https:\/\/www.public.sn\/index.php\/wp-json\/wp\/v2\/users\/7"}],"replies":[{"embeddable":true,"href":"https:\/\/www.public.sn\/index.php\/wp-json\/wp\/v2\/comments?post=16528"}],"version-history":[{"count":1,"href":"https:\/\/www.public.sn\/index.php\/wp-json\/wp\/v2\/posts\/16528\/revisions"}],"predecessor-version":[{"id":16530,"href":"https:\/\/www.public.sn\/index.php\/wp-json\/wp\/v2\/posts\/16528\/revisions\/16530"}],"wp:featuredmedia":[{"embeddable":true,"href":"https:\/\/www.public.sn\/index.php\/wp-json\/wp\/v2\/media\/16529"}],"wp:attachment":[{"href":"https:\/\/www.public.sn\/index.php\/wp-json\/wp\/v2\/media?parent=16528"}],"wp:term":[{"taxonomy":"category","embeddable":true,"href":"https:\/\/www.public.sn\/index.php\/wp-json\/wp\/v2\/categories?post=16528"},{"taxonomy":"post_tag","embeddable":true,"href":"https:\/\/www.public.sn\/index.php\/wp-json\/wp\/v2\/tags?post=16528"}],"curies":[{"name":"wp","href":"https:\/\/api.w.org\/{rel}","templated":true}]}}