{"id":1655,"date":"2022-09-10T23:15:16","date_gmt":"2022-09-10T21:15:16","guid":{"rendered":"https:\/\/www.public.sn\/?p=1655"},"modified":"2022-09-11T13:57:36","modified_gmt":"2022-09-11T11:57:36","slug":"le-chef-de-letat-macky-sall-recu-par-la-khalif-general-des-mourides-serigne-mountakha-mbacke","status":"publish","type":"post","link":"https:\/\/www.public.sn\/index.php\/2022\/09\/10\/le-chef-de-letat-macky-sall-recu-par-la-khalif-general-des-mourides-serigne-mountakha-mbacke\/","title":{"rendered":"Le Chef de l\u2019\u00c9tat Macky Sall re\u00e7u par la Khalif g\u00e9n\u00e9ral des mourides Serigne Mountakha Mback\u00e9."},"content":{"rendered":"\n<p><strong>Le chef de l\u2019Etat a fait son Ziara, ce samedi, aupr\u00e8s du Khalife g\u00e9n\u00e9ral des mourides. La lutte contre les inondations et son oeuvre \u00e0 la t\u00eate de l\u2019Etat, \u00e9taient au c\u0153ur de son discours. Ci-dessous un large extrait<\/strong>.<\/p><div class=\"publi-paragraphe1\" style=\"margin-top: 10px;margin-bottom: 10px;margin-left: auto;margin-right: auto;text-align: center;\" id=\"publi-1666686707\"><div class=\"publi-adlabel\">Publicit\u00e9<\/div><script async src=\"\/\/pagead2.googlesyndication.com\/pagead\/js\/adsbygoogle.js?client=ca-pub-4089586018074219\" crossorigin=\"anonymous\"><\/script><ins class=\"adsbygoogle\" style=\"display:block;\" data-ad-client=\"ca-pub-4089586018074219\" \ndata-ad-slot=\"2087940154\" \ndata-ad-format=\"auto\"><\/ins>\n<script> \n(adsbygoogle = window.adsbygoogle || []).push({}); \n<\/script>\n<\/div>\n\n\n\n<p>\u00abNous rendons gr\u00e2ce \u00e0 Dieu, puisque nous avions pri\u00e9 pour un hivernage pluvieux. Mais aujourd\u2019hui, avec le changement climatique, partout dans le monde, y compris dans les pays les plus d\u00e9velopp\u00e9s, l\u2019eau est en train de d\u00e9truire. Nous aussi, nous avons des soucis avec les inondations, y compris ici m\u00eame \u00e0 Touba et \u00e0 Dakar. Ce sont les deux zones qui ont plus de soucis avec les inondations.<\/p>\n\n\n\n<p>Quand tu m\u2019avais parl\u00e9 du souci de l\u2019eau qui avait inond\u00e9 les maisons ici \u00e0 Touba, nous avons &nbsp;refait un nouveau programme avec de nouveaux forages d\u2019urgence pour pomper l\u2019eau. Mais l\u2019hivernage a rattrap\u00e9 les travaux. Cependant nous avons mis en place un programme de 23 milliards pour agrandir le bassin de Keur Niang o\u00f9 se d\u00e9versent les eaux des 6 stations de pompage.<\/p>\n\n\n\n<p>Mais, quand le flux d\u2019eau est important, il y a des d\u00e9bordements. Puisque Touba n\u2019a pas de mer ou de fleuve, nous avons creus\u00e9 un grand bassin. Cette ann\u00e9e, avec le grand flux d\u2019eaux, il a \u00e9t\u00e9 d\u00e9bord\u00e9 et a inond\u00e9 les champs. Nous avons fait un autre bassin. Mais nous savons que c\u2019est loin d\u2019\u00eatre suffisant au vu de la dimension de la ville. C\u2019est pourquoi nous avons fait un autre bassin 60 hectares. Une premi\u00e8re au S\u00e9n\u00e9gal.<\/p>\n\n\n\n<p>Donc c\u2019est du travail. Et le travail ne s\u2019accompagne pas de bavardage. Et quand quelqu\u2019un travaille, on doit l\u2019encourager pour qu\u2019il travaille davantage. Mais le S\u00e9n\u00e9gal, est ainsi fait. Et le travail que je fais ici au S\u00e9n\u00e9gal et \u00e0 Touba, je ne l\u00e8verai pas le pied. Aucune personne ne me d\u00e9viera de ce chemin. Car je veux que, quand je ne serai plus l\u00e0,&nbsp; que les gens sachent d\u2019o\u00f9 j\u2019ai pris le pays et jusqu\u2019o\u00f9 je l\u2019ai propuls\u00e9. Le reste, quelqu\u2019un d\u2019autre (son successeur) prendra le relais. Nous avons aussi ajout\u00e9 4 forages.\u00bb<\/p>\n<div class=\"publi-apres-le-contenu\" style=\"margin-top: 10px;margin-bottom: 10px;margin-left: auto;margin-right: auto;text-align: center;\" id=\"publi-3639385244\"><div class=\"publi-adlabel\">Publicit\u00e9<\/div><script async src=\"\/\/pagead2.googlesyndication.com\/pagead\/js\/adsbygoogle.js?client=ca-pub-4089586018074219\" crossorigin=\"anonymous\"><\/script><ins class=\"adsbygoogle\" style=\"display:block;\" data-ad-client=\"ca-pub-4089586018074219\" \ndata-ad-slot=\"2087940154\" \ndata-ad-format=\"auto\"><\/ins>\n<script> \n(adsbygoogle = window.adsbygoogle || []).push({}); \n<\/script>\n<\/div>","protected":false},"excerpt":{"rendered":"<p>Le chef de l\u2019Etat a fait son Ziara, ce samedi, aupr\u00e8s du Khalife g\u00e9n\u00e9ral des mourides. La lutte contre les inondations et son oeuvre \u00e0 la t\u00eate de l\u2019Etat, \u00e9taient au c\u0153ur de son discours. Ci-dessous un large extrait. \u00abNous rendons gr\u00e2ce \u00e0 Dieu, puisque nous avions pri\u00e9 pour un hivernage pluvieux. Mais aujourd\u2019hui, avec le changement climatique, partout dans le monde, y compris dans les pays les plus d\u00e9velopp\u00e9s, l\u2019eau est en train de d\u00e9truire. Nous aussi, nous avons des soucis avec les inondations, y compris ici m\u00eame \u00e0 Touba et \u00e0 Dakar. Ce sont les deux zones qui ont plus de soucis avec les inondations. Quand tu m\u2019avais parl\u00e9 du souci de l\u2019eau qui avait inond\u00e9 les maisons ici \u00e0 Touba, nous avons &nbsp;refait un nouveau programme avec de nouveaux forages d\u2019urgence pour pomper l\u2019eau. Mais l\u2019hivernage a rattrap\u00e9 les travaux. Cependant nous avons mis en place un programme de 23 milliards pour agrandir le bassin de Keur Niang o\u00f9 se d\u00e9versent les eaux des 6 stations de pompage. Mais, quand le flux d\u2019eau est important, il y a des d\u00e9bordements. Puisque Touba n\u2019a pas de mer ou de fleuve, nous avons creus\u00e9 un grand bassin. Cette ann\u00e9e, avec le grand flux d\u2019eaux, il a \u00e9t\u00e9 d\u00e9bord\u00e9 et a inond\u00e9 les champs. Nous avons fait un autre bassin. Mais nous savons que c\u2019est loin d\u2019\u00eatre suffisant au vu de la dimension de la ville. C\u2019est pourquoi nous avons fait un autre bassin 60 hectares. Une premi\u00e8re au S\u00e9n\u00e9gal. Donc c\u2019est du travail. Et le travail ne s\u2019accompagne pas de bavardage. Et quand quelqu\u2019un travaille, on doit l\u2019encourager pour qu\u2019il travaille davantage. Mais le S\u00e9n\u00e9gal, est ainsi fait. Et le travail que je fais ici au S\u00e9n\u00e9gal et \u00e0 Touba, je ne l\u00e8verai pas le pied. Aucune personne ne me d\u00e9viera de ce chemin. Car je veux que, quand je ne serai plus l\u00e0,&nbsp; que les gens sachent d\u2019o\u00f9 j\u2019ai pris le pays et jusqu\u2019o\u00f9 je l\u2019ai propuls\u00e9. Le reste, quelqu\u2019un d\u2019autre (son successeur) prendra le relais. Nous avons aussi ajout\u00e9 4 forages.\u00bb<\/p>\n","protected":false},"author":1,"featured_media":1656,"comment_status":"open","ping_status":"open","sticky":false,"template":"","format":"standard","meta":{"_jetpack_memberships_contains_paid_content":false,"footnotes":""},"categories":[375,372],"tags":[92,11,232,169],"class_list":["post-1655","post","type-post","status-publish","format-standard","has-post-thumbnail","hentry","category-actualites","category-vedette","tag-inondations","tag-macky-sall","tag-magal-de-touba","tag-serigne-mountakha-mbacke","entry","has-media","owp-thumbs-layout-horizontal","owp-btn-normal","owp-tabs-layout-horizontal","has-no-thumbnails","has-product-nav"],"yoast_head":"<!-- This site is optimized with the Yoast SEO plugin v25.5 - https:\/\/yoast.com\/wordpress\/plugins\/seo\/ -->\n<title>Le Chef de l\u2019\u00c9tat Macky Sall re\u00e7u par la Khalif g\u00e9n\u00e9ral des mourides Serigne Mountakha Mback\u00e9. - LE PUBLIC<\/title>\n<meta name=\"robots\" content=\"index, follow, max-snippet:-1, max-image-preview:large, max-video-preview:-1\" \/>\n<link rel=\"canonical\" href=\"https:\/\/www.public.sn\/index.php\/2022\/09\/10\/le-chef-de-letat-macky-sall-recu-par-la-khalif-general-des-mourides-serigne-mountakha-mbacke\/\" \/>\n<meta property=\"og:locale\" content=\"fr_FR\" \/>\n<meta property=\"og:type\" content=\"article\" \/>\n<meta property=\"og:title\" content=\"Le Chef de l\u2019\u00c9tat Macky Sall re\u00e7u par la Khalif g\u00e9n\u00e9ral des mourides Serigne Mountakha Mback\u00e9. - LE PUBLIC\" \/>\n<meta property=\"og:description\" content=\"Le chef de l\u2019Etat a fait son Ziara, ce samedi, aupr\u00e8s du Khalife g\u00e9n\u00e9ral des mourides. La lutte contre les inondations et son oeuvre \u00e0 la t\u00eate de l\u2019Etat, \u00e9taient au c\u0153ur de son discours. Ci-dessous un large extrait. \u00abNous rendons gr\u00e2ce \u00e0 Dieu, puisque nous avions pri\u00e9 pour un hivernage pluvieux. Mais aujourd\u2019hui, avec le changement climatique, partout dans le monde, y compris dans les pays les plus d\u00e9velopp\u00e9s, l\u2019eau est en train de d\u00e9truire. Nous aussi, nous avons des soucis avec les inondations, y compris ici m\u00eame \u00e0 Touba et \u00e0 Dakar. Ce sont les deux zones qui ont plus de soucis avec les inondations. Quand tu m\u2019avais parl\u00e9 du souci de l\u2019eau qui avait inond\u00e9 les maisons ici \u00e0 Touba, nous avons &nbsp;refait un nouveau programme avec de nouveaux forages d\u2019urgence pour pomper l\u2019eau. Mais l\u2019hivernage a rattrap\u00e9 les travaux. Cependant nous avons mis en place un programme de 23 milliards pour agrandir le bassin de Keur Niang o\u00f9 se d\u00e9versent les eaux des 6 stations de pompage. Mais, quand le flux d\u2019eau est important, il y a des d\u00e9bordements. Puisque Touba n\u2019a pas de mer ou de fleuve, nous avons creus\u00e9 un grand bassin. Cette ann\u00e9e, avec le grand flux d\u2019eaux, il a \u00e9t\u00e9 d\u00e9bord\u00e9 et a inond\u00e9 les champs. Nous avons fait un autre bassin. Mais nous savons que c\u2019est loin d\u2019\u00eatre suffisant au vu de la dimension de la ville. C\u2019est pourquoi nous avons fait un autre bassin 60 hectares. Une premi\u00e8re au S\u00e9n\u00e9gal. Donc c\u2019est du travail. Et le travail ne s\u2019accompagne pas de bavardage. Et quand quelqu\u2019un travaille, on doit l\u2019encourager pour qu\u2019il travaille davantage. Mais le S\u00e9n\u00e9gal, est ainsi fait. Et le travail que je fais ici au S\u00e9n\u00e9gal et \u00e0 Touba, je ne l\u00e8verai pas le pied. Aucune personne ne me d\u00e9viera de ce chemin. Car je veux que, quand je ne serai plus l\u00e0,&nbsp; que les gens sachent d\u2019o\u00f9 j\u2019ai pris le pays et jusqu\u2019o\u00f9 je l\u2019ai propuls\u00e9. Le reste, quelqu\u2019un d\u2019autre (son successeur) prendra le relais. Nous avons aussi ajout\u00e9 4 forages.\u00bb\" \/>\n<meta property=\"og:url\" content=\"https:\/\/www.public.sn\/index.php\/2022\/09\/10\/le-chef-de-letat-macky-sall-recu-par-la-khalif-general-des-mourides-serigne-mountakha-mbacke\/\" \/>\n<meta property=\"og:site_name\" content=\"LE PUBLIC\" \/>\n<meta property=\"article:published_time\" content=\"2022-09-10T21:15:16+00:00\" \/>\n<meta property=\"article:modified_time\" content=\"2022-09-11T11:57:36+00:00\" \/>\n<meta property=\"og:image\" content=\"https:\/\/www.public.sn\/wp-content\/uploads\/2022\/09\/F7152A9C-EF0A-4EA8-B4C1-E2A284F45B20.jpeg\" \/>\n\t<meta property=\"og:image:width\" content=\"780\" \/>\n\t<meta property=\"og:image:height\" content=\"470\" \/>\n\t<meta property=\"og:image:type\" content=\"image\/jpeg\" \/>\n<meta name=\"author\" content=\"LA REDACTION\" \/>\n<meta name=\"twitter:card\" content=\"summary_large_image\" \/>\n<meta name=\"twitter:label1\" content=\"\u00c9crit par\" \/>\n\t<meta name=\"twitter:data1\" content=\"LA REDACTION\" \/>\n\t<meta name=\"twitter:label2\" content=\"Dur\u00e9e de lecture estim\u00e9e\" \/>\n\t<meta name=\"twitter:data2\" content=\"2 minutes\" \/>\n<script type=\"application\/ld+json\" class=\"yoast-schema-graph\">{\"@context\":\"https:\/\/schema.org\",\"@graph\":[{\"@type\":\"Article\",\"@id\":\"https:\/\/www.public.sn\/index.php\/2022\/09\/10\/le-chef-de-letat-macky-sall-recu-par-la-khalif-general-des-mourides-serigne-mountakha-mbacke\/#article\",\"isPartOf\":{\"@id\":\"https:\/\/www.public.sn\/index.php\/2022\/09\/10\/le-chef-de-letat-macky-sall-recu-par-la-khalif-general-des-mourides-serigne-mountakha-mbacke\/\"},\"author\":{\"name\":\"LA REDACTION\",\"@id\":\"https:\/\/www.public.sn\/#\/schema\/person\/e3f4a11b037d4203902db148f9bc8d5a\"},\"headline\":\"Le Chef de l\u2019\u00c9tat Macky Sall re\u00e7u par la Khalif g\u00e9n\u00e9ral des mourides Serigne Mountakha Mback\u00e9.\",\"datePublished\":\"2022-09-10T21:15:16+00:00\",\"dateModified\":\"2022-09-11T11:57:36+00:00\",\"mainEntityOfPage\":{\"@id\":\"https:\/\/www.public.sn\/index.php\/2022\/09\/10\/le-chef-de-letat-macky-sall-recu-par-la-khalif-general-des-mourides-serigne-mountakha-mbacke\/\"},\"wordCount\":405,\"commentCount\":0,\"publisher\":{\"@id\":\"https:\/\/www.public.sn\/#organization\"},\"image\":{\"@id\":\"https:\/\/www.public.sn\/index.php\/2022\/09\/10\/le-chef-de-letat-macky-sall-recu-par-la-khalif-general-des-mourides-serigne-mountakha-mbacke\/#primaryimage\"},\"thumbnailUrl\":\"https:\/\/www.public.sn\/wp-content\/uploads\/2022\/09\/F7152A9C-EF0A-4EA8-B4C1-E2A284F45B20.jpeg\",\"keywords\":[\"Inondations\",\"Macky Sall\",\"Magal de Touba\",\"S\u00e9rigne Mountakha Mback\u00e9\"],\"articleSection\":[\"ACTUALIT\u00c9S\",\"VEDETTE\"],\"inLanguage\":\"fr-FR\",\"potentialAction\":[{\"@type\":\"CommentAction\",\"name\":\"Comment\",\"target\":[\"https:\/\/www.public.sn\/index.php\/2022\/09\/10\/le-chef-de-letat-macky-sall-recu-par-la-khalif-general-des-mourides-serigne-mountakha-mbacke\/#respond\"]}]},{\"@type\":\"WebPage\",\"@id\":\"https:\/\/www.public.sn\/index.php\/2022\/09\/10\/le-chef-de-letat-macky-sall-recu-par-la-khalif-general-des-mourides-serigne-mountakha-mbacke\/\",\"url\":\"https:\/\/www.public.sn\/index.php\/2022\/09\/10\/le-chef-de-letat-macky-sall-recu-par-la-khalif-general-des-mourides-serigne-mountakha-mbacke\/\",\"name\":\"Le Chef de l\u2019\u00c9tat Macky Sall re\u00e7u par la Khalif g\u00e9n\u00e9ral des mourides Serigne Mountakha Mback\u00e9. - LE PUBLIC\",\"isPartOf\":{\"@id\":\"https:\/\/www.public.sn\/#website\"},\"primaryImageOfPage\":{\"@id\":\"https:\/\/www.public.sn\/index.php\/2022\/09\/10\/le-chef-de-letat-macky-sall-recu-par-la-khalif-general-des-mourides-serigne-mountakha-mbacke\/#primaryimage\"},\"image\":{\"@id\":\"https:\/\/www.public.sn\/index.php\/2022\/09\/10\/le-chef-de-letat-macky-sall-recu-par-la-khalif-general-des-mourides-serigne-mountakha-mbacke\/#primaryimage\"},\"thumbnailUrl\":\"https:\/\/www.public.sn\/wp-content\/uploads\/2022\/09\/F7152A9C-EF0A-4EA8-B4C1-E2A284F45B20.jpeg\",\"datePublished\":\"2022-09-10T21:15:16+00:00\",\"dateModified\":\"2022-09-11T11:57:36+00:00\",\"breadcrumb\":{\"@id\":\"https:\/\/www.public.sn\/index.php\/2022\/09\/10\/le-chef-de-letat-macky-sall-recu-par-la-khalif-general-des-mourides-serigne-mountakha-mbacke\/#breadcrumb\"},\"inLanguage\":\"fr-FR\",\"potentialAction\":[{\"@type\":\"ReadAction\",\"target\":[\"https:\/\/www.public.sn\/index.php\/2022\/09\/10\/le-chef-de-letat-macky-sall-recu-par-la-khalif-general-des-mourides-serigne-mountakha-mbacke\/\"]}]},{\"@type\":\"ImageObject\",\"inLanguage\":\"fr-FR\",\"@id\":\"https:\/\/www.public.sn\/index.php\/2022\/09\/10\/le-chef-de-letat-macky-sall-recu-par-la-khalif-general-des-mourides-serigne-mountakha-mbacke\/#primaryimage\",\"url\":\"https:\/\/www.public.sn\/wp-content\/uploads\/2022\/09\/F7152A9C-EF0A-4EA8-B4C1-E2A284F45B20.jpeg\",\"contentUrl\":\"https:\/\/www.public.sn\/wp-content\/uploads\/2022\/09\/F7152A9C-EF0A-4EA8-B4C1-E2A284F45B20.jpeg\",\"width\":780,\"height\":470},{\"@type\":\"BreadcrumbList\",\"@id\":\"https:\/\/www.public.sn\/index.php\/2022\/09\/10\/le-chef-de-letat-macky-sall-recu-par-la-khalif-general-des-mourides-serigne-mountakha-mbacke\/#breadcrumb\",\"itemListElement\":[{\"@type\":\"ListItem\",\"position\":1,\"name\":\"Accueil\",\"item\":\"https:\/\/www.public.sn\/\"},{\"@type\":\"ListItem\",\"position\":2,\"name\":\"Le Chef de l\u2019\u00c9tat Macky Sall re\u00e7u par la Khalif g\u00e9n\u00e9ral des mourides Serigne Mountakha Mback\u00e9.\"}]},{\"@type\":\"WebSite\",\"@id\":\"https:\/\/www.public.sn\/#website\",\"url\":\"https:\/\/www.public.sn\/\",\"name\":\"LE PUBLIC\",\"description\":\"\",\"publisher\":{\"@id\":\"https:\/\/www.public.sn\/#organization\"},\"potentialAction\":[{\"@type\":\"SearchAction\",\"target\":{\"@type\":\"EntryPoint\",\"urlTemplate\":\"https:\/\/www.public.sn\/?s={search_term_string}\"},\"query-input\":{\"@type\":\"PropertyValueSpecification\",\"valueRequired\":true,\"valueName\":\"search_term_string\"}}],\"inLanguage\":\"fr-FR\"},{\"@type\":\"Organization\",\"@id\":\"https:\/\/www.public.sn\/#organization\",\"name\":\"LE PUBLIC\",\"url\":\"https:\/\/www.public.sn\/\",\"logo\":{\"@type\":\"ImageObject\",\"inLanguage\":\"fr-FR\",\"@id\":\"https:\/\/www.public.sn\/#\/schema\/logo\/image\/\",\"url\":\"https:\/\/www.public.sn\/wp-content\/uploads\/2024\/05\/cropped-LOGO-PUBLIC.SN_.png\",\"contentUrl\":\"https:\/\/www.public.sn\/wp-content\/uploads\/2024\/05\/cropped-LOGO-PUBLIC.SN_.png\",\"width\":682,\"height\":192,\"caption\":\"LE PUBLIC\"},\"image\":{\"@id\":\"https:\/\/www.public.sn\/#\/schema\/logo\/image\/\"}},{\"@type\":\"Person\",\"@id\":\"https:\/\/www.public.sn\/#\/schema\/person\/e3f4a11b037d4203902db148f9bc8d5a\",\"name\":\"LA REDACTION\",\"image\":{\"@type\":\"ImageObject\",\"inLanguage\":\"fr-FR\",\"@id\":\"https:\/\/www.public.sn\/#\/schema\/person\/image\/\",\"url\":\"https:\/\/secure.gravatar.com\/avatar\/d6c030db45db2883c075085c5d6c6258654a801a93766b49af0b82d4f454e2a5?s=96&d=mm&r=g\",\"contentUrl\":\"https:\/\/secure.gravatar.com\/avatar\/d6c030db45db2883c075085c5d6c6258654a801a93766b49af0b82d4f454e2a5?s=96&d=mm&r=g\",\"caption\":\"LA REDACTION\"},\"sameAs\":[\"http:\/\/www.public.sn\"],\"url\":\"https:\/\/www.public.sn\/index.php\/author\/admin7324\/\"}]}<\/script>\n<!-- \/ Yoast SEO plugin. -->","yoast_head_json":{"title":"Le Chef de l\u2019\u00c9tat Macky Sall re\u00e7u par la Khalif g\u00e9n\u00e9ral des mourides Serigne Mountakha Mback\u00e9. - LE PUBLIC","robots":{"index":"index","follow":"follow","max-snippet":"max-snippet:-1","max-image-preview":"max-image-preview:large","max-video-preview":"max-video-preview:-1"},"canonical":"https:\/\/www.public.sn\/index.php\/2022\/09\/10\/le-chef-de-letat-macky-sall-recu-par-la-khalif-general-des-mourides-serigne-mountakha-mbacke\/","og_locale":"fr_FR","og_type":"article","og_title":"Le Chef de l\u2019\u00c9tat Macky Sall re\u00e7u par la Khalif g\u00e9n\u00e9ral des mourides Serigne Mountakha Mback\u00e9. - LE PUBLIC","og_description":"Le chef de l\u2019Etat a fait son Ziara, ce samedi, aupr\u00e8s du Khalife g\u00e9n\u00e9ral des mourides. La lutte contre les inondations et son oeuvre \u00e0 la t\u00eate de l\u2019Etat, \u00e9taient au c\u0153ur de son discours. Ci-dessous un large extrait. \u00abNous rendons gr\u00e2ce \u00e0 Dieu, puisque nous avions pri\u00e9 pour un hivernage pluvieux. Mais aujourd\u2019hui, avec le changement climatique, partout dans le monde, y compris dans les pays les plus d\u00e9velopp\u00e9s, l\u2019eau est en train de d\u00e9truire. Nous aussi, nous avons des soucis avec les inondations, y compris ici m\u00eame \u00e0 Touba et \u00e0 Dakar. Ce sont les deux zones qui ont plus de soucis avec les inondations. Quand tu m\u2019avais parl\u00e9 du souci de l\u2019eau qui avait inond\u00e9 les maisons ici \u00e0 Touba, nous avons &nbsp;refait un nouveau programme avec de nouveaux forages d\u2019urgence pour pomper l\u2019eau. Mais l\u2019hivernage a rattrap\u00e9 les travaux. Cependant nous avons mis en place un programme de 23 milliards pour agrandir le bassin de Keur Niang o\u00f9 se d\u00e9versent les eaux des 6 stations de pompage. Mais, quand le flux d\u2019eau est important, il y a des d\u00e9bordements. Puisque Touba n\u2019a pas de mer ou de fleuve, nous avons creus\u00e9 un grand bassin. Cette ann\u00e9e, avec le grand flux d\u2019eaux, il a \u00e9t\u00e9 d\u00e9bord\u00e9 et a inond\u00e9 les champs. Nous avons fait un autre bassin. Mais nous savons que c\u2019est loin d\u2019\u00eatre suffisant au vu de la dimension de la ville. C\u2019est pourquoi nous avons fait un autre bassin 60 hectares. Une premi\u00e8re au S\u00e9n\u00e9gal. Donc c\u2019est du travail. Et le travail ne s\u2019accompagne pas de bavardage. Et quand quelqu\u2019un travaille, on doit l\u2019encourager pour qu\u2019il travaille davantage. Mais le S\u00e9n\u00e9gal, est ainsi fait. Et le travail que je fais ici au S\u00e9n\u00e9gal et \u00e0 Touba, je ne l\u00e8verai pas le pied. Aucune personne ne me d\u00e9viera de ce chemin. Car je veux que, quand je ne serai plus l\u00e0,&nbsp; que les gens sachent d\u2019o\u00f9 j\u2019ai pris le pays et jusqu\u2019o\u00f9 je l\u2019ai propuls\u00e9. Le reste, quelqu\u2019un d\u2019autre (son successeur) prendra le relais. Nous avons aussi ajout\u00e9 4 forages.\u00bb","og_url":"https:\/\/www.public.sn\/index.php\/2022\/09\/10\/le-chef-de-letat-macky-sall-recu-par-la-khalif-general-des-mourides-serigne-mountakha-mbacke\/","og_site_name":"LE PUBLIC","article_published_time":"2022-09-10T21:15:16+00:00","article_modified_time":"2022-09-11T11:57:36+00:00","og_image":[{"width":780,"height":470,"url":"https:\/\/www.public.sn\/wp-content\/uploads\/2022\/09\/F7152A9C-EF0A-4EA8-B4C1-E2A284F45B20.jpeg","type":"image\/jpeg"}],"author":"LA REDACTION","twitter_card":"summary_large_image","twitter_misc":{"\u00c9crit par":"LA REDACTION","Dur\u00e9e de lecture estim\u00e9e":"2 minutes"},"schema":{"@context":"https:\/\/schema.org","@graph":[{"@type":"Article","@id":"https:\/\/www.public.sn\/index.php\/2022\/09\/10\/le-chef-de-letat-macky-sall-recu-par-la-khalif-general-des-mourides-serigne-mountakha-mbacke\/#article","isPartOf":{"@id":"https:\/\/www.public.sn\/index.php\/2022\/09\/10\/le-chef-de-letat-macky-sall-recu-par-la-khalif-general-des-mourides-serigne-mountakha-mbacke\/"},"author":{"name":"LA REDACTION","@id":"https:\/\/www.public.sn\/#\/schema\/person\/e3f4a11b037d4203902db148f9bc8d5a"},"headline":"Le Chef de l\u2019\u00c9tat Macky Sall re\u00e7u par la Khalif g\u00e9n\u00e9ral des mourides Serigne Mountakha Mback\u00e9.","datePublished":"2022-09-10T21:15:16+00:00","dateModified":"2022-09-11T11:57:36+00:00","mainEntityOfPage":{"@id":"https:\/\/www.public.sn\/index.php\/2022\/09\/10\/le-chef-de-letat-macky-sall-recu-par-la-khalif-general-des-mourides-serigne-mountakha-mbacke\/"},"wordCount":405,"commentCount":0,"publisher":{"@id":"https:\/\/www.public.sn\/#organization"},"image":{"@id":"https:\/\/www.public.sn\/index.php\/2022\/09\/10\/le-chef-de-letat-macky-sall-recu-par-la-khalif-general-des-mourides-serigne-mountakha-mbacke\/#primaryimage"},"thumbnailUrl":"https:\/\/www.public.sn\/wp-content\/uploads\/2022\/09\/F7152A9C-EF0A-4EA8-B4C1-E2A284F45B20.jpeg","keywords":["Inondations","Macky Sall","Magal de Touba","S\u00e9rigne Mountakha Mback\u00e9"],"articleSection":["ACTUALIT\u00c9S","VEDETTE"],"inLanguage":"fr-FR","potentialAction":[{"@type":"CommentAction","name":"Comment","target":["https:\/\/www.public.sn\/index.php\/2022\/09\/10\/le-chef-de-letat-macky-sall-recu-par-la-khalif-general-des-mourides-serigne-mountakha-mbacke\/#respond"]}]},{"@type":"WebPage","@id":"https:\/\/www.public.sn\/index.php\/2022\/09\/10\/le-chef-de-letat-macky-sall-recu-par-la-khalif-general-des-mourides-serigne-mountakha-mbacke\/","url":"https:\/\/www.public.sn\/index.php\/2022\/09\/10\/le-chef-de-letat-macky-sall-recu-par-la-khalif-general-des-mourides-serigne-mountakha-mbacke\/","name":"Le Chef de l\u2019\u00c9tat Macky Sall re\u00e7u par la Khalif g\u00e9n\u00e9ral des mourides Serigne Mountakha Mback\u00e9. - LE PUBLIC","isPartOf":{"@id":"https:\/\/www.public.sn\/#website"},"primaryImageOfPage":{"@id":"https:\/\/www.public.sn\/index.php\/2022\/09\/10\/le-chef-de-letat-macky-sall-recu-par-la-khalif-general-des-mourides-serigne-mountakha-mbacke\/#primaryimage"},"image":{"@id":"https:\/\/www.public.sn\/index.php\/2022\/09\/10\/le-chef-de-letat-macky-sall-recu-par-la-khalif-general-des-mourides-serigne-mountakha-mbacke\/#primaryimage"},"thumbnailUrl":"https:\/\/www.public.sn\/wp-content\/uploads\/2022\/09\/F7152A9C-EF0A-4EA8-B4C1-E2A284F45B20.jpeg","datePublished":"2022-09-10T21:15:16+00:00","dateModified":"2022-09-11T11:57:36+00:00","breadcrumb":{"@id":"https:\/\/www.public.sn\/index.php\/2022\/09\/10\/le-chef-de-letat-macky-sall-recu-par-la-khalif-general-des-mourides-serigne-mountakha-mbacke\/#breadcrumb"},"inLanguage":"fr-FR","potentialAction":[{"@type":"ReadAction","target":["https:\/\/www.public.sn\/index.php\/2022\/09\/10\/le-chef-de-letat-macky-sall-recu-par-la-khalif-general-des-mourides-serigne-mountakha-mbacke\/"]}]},{"@type":"ImageObject","inLanguage":"fr-FR","@id":"https:\/\/www.public.sn\/index.php\/2022\/09\/10\/le-chef-de-letat-macky-sall-recu-par-la-khalif-general-des-mourides-serigne-mountakha-mbacke\/#primaryimage","url":"https:\/\/www.public.sn\/wp-content\/uploads\/2022\/09\/F7152A9C-EF0A-4EA8-B4C1-E2A284F45B20.jpeg","contentUrl":"https:\/\/www.public.sn\/wp-content\/uploads\/2022\/09\/F7152A9C-EF0A-4EA8-B4C1-E2A284F45B20.jpeg","width":780,"height":470},{"@type":"BreadcrumbList","@id":"https:\/\/www.public.sn\/index.php\/2022\/09\/10\/le-chef-de-letat-macky-sall-recu-par-la-khalif-general-des-mourides-serigne-mountakha-mbacke\/#breadcrumb","itemListElement":[{"@type":"ListItem","position":1,"name":"Accueil","item":"https:\/\/www.public.sn\/"},{"@type":"ListItem","position":2,"name":"Le Chef de l\u2019\u00c9tat Macky Sall re\u00e7u par la Khalif g\u00e9n\u00e9ral des mourides Serigne Mountakha Mback\u00e9."}]},{"@type":"WebSite","@id":"https:\/\/www.public.sn\/#website","url":"https:\/\/www.public.sn\/","name":"LE PUBLIC","description":"","publisher":{"@id":"https:\/\/www.public.sn\/#organization"},"potentialAction":[{"@type":"SearchAction","target":{"@type":"EntryPoint","urlTemplate":"https:\/\/www.public.sn\/?s={search_term_string}"},"query-input":{"@type":"PropertyValueSpecification","valueRequired":true,"valueName":"search_term_string"}}],"inLanguage":"fr-FR"},{"@type":"Organization","@id":"https:\/\/www.public.sn\/#organization","name":"LE PUBLIC","url":"https:\/\/www.public.sn\/","logo":{"@type":"ImageObject","inLanguage":"fr-FR","@id":"https:\/\/www.public.sn\/#\/schema\/logo\/image\/","url":"https:\/\/www.public.sn\/wp-content\/uploads\/2024\/05\/cropped-LOGO-PUBLIC.SN_.png","contentUrl":"https:\/\/www.public.sn\/wp-content\/uploads\/2024\/05\/cropped-LOGO-PUBLIC.SN_.png","width":682,"height":192,"caption":"LE PUBLIC"},"image":{"@id":"https:\/\/www.public.sn\/#\/schema\/logo\/image\/"}},{"@type":"Person","@id":"https:\/\/www.public.sn\/#\/schema\/person\/e3f4a11b037d4203902db148f9bc8d5a","name":"LA REDACTION","image":{"@type":"ImageObject","inLanguage":"fr-FR","@id":"https:\/\/www.public.sn\/#\/schema\/person\/image\/","url":"https:\/\/secure.gravatar.com\/avatar\/d6c030db45db2883c075085c5d6c6258654a801a93766b49af0b82d4f454e2a5?s=96&d=mm&r=g","contentUrl":"https:\/\/secure.gravatar.com\/avatar\/d6c030db45db2883c075085c5d6c6258654a801a93766b49af0b82d4f454e2a5?s=96&d=mm&r=g","caption":"LA REDACTION"},"sameAs":["http:\/\/www.public.sn"],"url":"https:\/\/www.public.sn\/index.php\/author\/admin7324\/"}]}},"jetpack_featured_media_url":"https:\/\/www.public.sn\/wp-content\/uploads\/2022\/09\/F7152A9C-EF0A-4EA8-B4C1-E2A284F45B20.jpeg","jetpack_sharing_enabled":true,"_links":{"self":[{"href":"https:\/\/www.public.sn\/index.php\/wp-json\/wp\/v2\/posts\/1655","targetHints":{"allow":["GET"]}}],"collection":[{"href":"https:\/\/www.public.sn\/index.php\/wp-json\/wp\/v2\/posts"}],"about":[{"href":"https:\/\/www.public.sn\/index.php\/wp-json\/wp\/v2\/types\/post"}],"author":[{"embeddable":true,"href":"https:\/\/www.public.sn\/index.php\/wp-json\/wp\/v2\/users\/1"}],"replies":[{"embeddable":true,"href":"https:\/\/www.public.sn\/index.php\/wp-json\/wp\/v2\/comments?post=1655"}],"version-history":[{"count":1,"href":"https:\/\/www.public.sn\/index.php\/wp-json\/wp\/v2\/posts\/1655\/revisions"}],"predecessor-version":[{"id":1657,"href":"https:\/\/www.public.sn\/index.php\/wp-json\/wp\/v2\/posts\/1655\/revisions\/1657"}],"wp:featuredmedia":[{"embeddable":true,"href":"https:\/\/www.public.sn\/index.php\/wp-json\/wp\/v2\/media\/1656"}],"wp:attachment":[{"href":"https:\/\/www.public.sn\/index.php\/wp-json\/wp\/v2\/media?parent=1655"}],"wp:term":[{"taxonomy":"category","embeddable":true,"href":"https:\/\/www.public.sn\/index.php\/wp-json\/wp\/v2\/categories?post=1655"},{"taxonomy":"post_tag","embeddable":true,"href":"https:\/\/www.public.sn\/index.php\/wp-json\/wp\/v2\/tags?post=1655"}],"curies":[{"name":"wp","href":"https:\/\/api.w.org\/{rel}","templated":true}]}}