{"id":16559,"date":"2023-02-25T16:02:11","date_gmt":"2023-02-25T16:02:11","guid":{"rendered":"https:\/\/www.public.sn\/?p=16559"},"modified":"2023-02-25T16:02:11","modified_gmt":"2023-02-25T16:02:11","slug":"tunisie-lunion-africaine-reagit-aux-propos-racistes-contre-les-migrants","status":"publish","type":"post","link":"https:\/\/www.public.sn\/index.php\/2023\/02\/25\/tunisie-lunion-africaine-reagit-aux-propos-racistes-contre-les-migrants\/","title":{"rendered":"Tunisie : l\u2019Union africaine r\u00e9agit aux propos racistes contre les migrants"},"content":{"rendered":"<p>Beaucoup d\u2019hommes politiques et de personnalit\u00e9s publiques avaient appel\u00e9 l\u2019instance continentale \u00e0 se prononcer apr\u00e8s les d\u00e9clarations controvers\u00e9es du Pr\u00e9sident tunisien sur les migrants subsahariens. L\u2019Union africaine est sortie de sa torpeur.<\/p><div class=\"publi-paragraphe1\" style=\"margin-top: 10px;margin-bottom: 10px;margin-left: auto;margin-right: auto;text-align: center;\" id=\"publi-1098406826\"><div class=\"publi-adlabel\">Publicit\u00e9<\/div><script async src=\"\/\/pagead2.googlesyndication.com\/pagead\/js\/adsbygoogle.js?client=ca-pub-4089586018074219\" crossorigin=\"anonymous\"><\/script><ins class=\"adsbygoogle\" style=\"display:block;\" data-ad-client=\"ca-pub-4089586018074219\" \ndata-ad-slot=\"2087940154\" \ndata-ad-format=\"auto\"><\/ins>\n<script> \n(adsbygoogle = window.adsbygoogle || []).push({}); \n<\/script>\n<\/div>\n<p>L\u2019Union africaine a condamn\u00e9 les propos du pr\u00e9sident tunisien sur les migrants originaires d\u2019Afrique subsaharienne et appel\u00e9 ses \u00e9tats membres \u00e0 \u00ab\u00a0s\u2019abstenir de tout discours haineux \u00e0 caract\u00e8re raciste, susceptible de nuire aux personnes\u00a0\u00bb.<\/p>\n<p>Le pr\u00e9sident Kais Saied\u00a0avait pr\u00f4n\u00e9 mardi des \u00ab\u00a0mesures urgentes\u00a0\u00bb contre l\u2019immigration clandestine de ressortissants de pays d\u2019Afrique subsaharienne, affirmant que leur pr\u00e9sence en Tunisie \u00e9tait source de \u00ab\u00a0violence, de crimes et d\u2019actes inacceptables\u00a0\u00bb, des propos d\u00e9nonc\u00e9s par des ONG.<\/p>\n<p>Lors d\u2019une r\u00e9union, il a aussi tenu des propos tr\u00e8s durs sur l\u2019arriv\u00e9e de \u00ab\u00a0hordes de migrants clandestins\u00a0\u00bb et insist\u00e9 sur \u00ab\u00a0la n\u00e9cessit\u00e9 de mettre rapidement fin\u00a0\u00bb \u00e0 cette immigration.<\/p>\n<p>Dans un communiqu\u00e9 vendredi, le pr\u00e9sident de la commission de l\u2019Union Africaine, Moussa Faki Mahamat, \u00ab\u00a0condamne fermement les d\u00e9clarations choquantes faites par les autorit\u00e9s Tunisiennes contre des compatriotes Africains, qui vont \u00e0 l\u2019encontre de la lettre et de l\u2019esprit de notre Organisation et de nos principes fondateurs\u00a0\u00bb.<\/p>\n<div class=\"nty nty-post-middle nty-float-center nty-align-center nty-column-1 nty-clearfix no-bg-box-model\">\n<div id=\"nty-3576-1825551597\" class=\"nty-container nty-type-code \" data-adid=\"3576\" data-type=\"code\">\n<div id=\"nty-3576-1825551597-place\"><\/div>\n<\/div>\n<\/div>\n<p>Il \u00ab\u00a0rappelle \u00e0 tous les pays, en particulier aux \u00c9tats membres de l\u2019Union africaine, qu\u2019ils doivent honorer les obligations qui leur incombent en vertu du droit international (\u2026), \u00e0 savoir traiter tous les migrants avec dignit\u00e9, d\u2019o\u00f9 qu\u2019ils viennent, s\u2019abstenir de tout discours haineux \u00e0 caract\u00e8re raciste, susceptible de nuire aux personnes, et accorder la priorit\u00e9 \u00e0 leur s\u00e9curit\u00e9 et \u00e0 leurs droits fondamentaux\u00a0\u00bb.<\/p>\n<p>Moussa Faki Mahamat r\u00e9it\u00e8re \u00ab\u00a0l\u2019engagement de la commission \u00e0 soutenir les autorit\u00e9s Tunisiennes en vue de la r\u00e9solution des probl\u00e8mes de migration afin de rendre la migration s\u00fbre, digne et r\u00e9guli\u00e8re\u00a0\u00bb.<\/p>\n<p>Le discours de M. Saied, qui concentre tous les pouvoirs apr\u00e8s avoir suspendu en juillet 2021 le Parlement et limog\u00e9 le gouvernement, est survenu alors que le pays traverse une grave crise \u00e9conomique marqu\u00e9e par des p\u00e9nuries r\u00e9currentes de produits de base, sur fond de tensions politiques.<\/p>\n<p>Selon des chiffres officiels cit\u00e9s par le Forum tunisien pour les droits \u00e9conomiques et sociaux (FTDES), la Tunisie, un pays de quelque 12 millions d\u2019habitants, compte plus de 21.000 ressortissants de pays d\u2019Afrique subsaharienne, en majorit\u00e9 en situation irr\u00e9guli\u00e8re.<\/p>\n<div class=\"publi-apres-le-contenu\" style=\"margin-top: 10px;margin-bottom: 10px;margin-left: auto;margin-right: auto;text-align: center;\" id=\"publi-217995319\"><div class=\"publi-adlabel\">Publicit\u00e9<\/div><script async src=\"\/\/pagead2.googlesyndication.com\/pagead\/js\/adsbygoogle.js?client=ca-pub-4089586018074219\" crossorigin=\"anonymous\"><\/script><ins class=\"adsbygoogle\" style=\"display:block;\" data-ad-client=\"ca-pub-4089586018074219\" \ndata-ad-slot=\"2087940154\" \ndata-ad-format=\"auto\"><\/ins>\n<script> \n(adsbygoogle = window.adsbygoogle || []).push({}); \n<\/script>\n<\/div>","protected":false},"excerpt":{"rendered":"<p>Beaucoup d\u2019hommes politiques et de personnalit\u00e9s publiques avaient appel\u00e9 l\u2019instance continentale \u00e0 se prononcer apr\u00e8s les d\u00e9clarations controvers\u00e9es du Pr\u00e9sident tunisien sur les migrants subsahariens. L\u2019Union africaine est sortie de sa torpeur. L\u2019Union africaine a condamn\u00e9 les propos du pr\u00e9sident tunisien sur les migrants originaires d\u2019Afrique subsaharienne et appel\u00e9 ses \u00e9tats membres \u00e0 \u00ab\u00a0s\u2019abstenir de tout discours haineux \u00e0 caract\u00e8re raciste, susceptible de nuire aux personnes\u00a0\u00bb. Le pr\u00e9sident Kais Saied\u00a0avait pr\u00f4n\u00e9 mardi des \u00ab\u00a0mesures urgentes\u00a0\u00bb contre l\u2019immigration clandestine de ressortissants de pays d\u2019Afrique subsaharienne, affirmant que leur pr\u00e9sence en Tunisie \u00e9tait source de \u00ab\u00a0violence, de crimes et d\u2019actes inacceptables\u00a0\u00bb, des propos d\u00e9nonc\u00e9s par des ONG. Lors d\u2019une r\u00e9union, il a aussi tenu des propos tr\u00e8s durs sur l\u2019arriv\u00e9e de \u00ab\u00a0hordes de migrants clandestins\u00a0\u00bb et insist\u00e9 sur \u00ab\u00a0la n\u00e9cessit\u00e9 de mettre rapidement fin\u00a0\u00bb \u00e0 cette immigration. Dans un communiqu\u00e9 vendredi, le pr\u00e9sident de la commission de l\u2019Union Africaine, Moussa Faki Mahamat, \u00ab\u00a0condamne fermement les d\u00e9clarations choquantes faites par les autorit\u00e9s Tunisiennes contre des compatriotes Africains, qui vont \u00e0 l\u2019encontre de la lettre et de l\u2019esprit de notre Organisation et de nos principes fondateurs\u00a0\u00bb. Il \u00ab\u00a0rappelle \u00e0 tous les pays, en particulier aux \u00c9tats membres de l\u2019Union africaine, qu\u2019ils doivent honorer les obligations qui leur incombent en vertu du droit international (\u2026), \u00e0 savoir traiter tous les migrants avec dignit\u00e9, d\u2019o\u00f9 qu\u2019ils viennent, s\u2019abstenir de tout discours haineux \u00e0 caract\u00e8re raciste, susceptible de nuire aux personnes, et accorder la priorit\u00e9 \u00e0 leur s\u00e9curit\u00e9 et \u00e0 leurs droits fondamentaux\u00a0\u00bb. Moussa Faki Mahamat r\u00e9it\u00e8re \u00ab\u00a0l\u2019engagement de la commission \u00e0 soutenir les autorit\u00e9s Tunisiennes en vue de la r\u00e9solution des probl\u00e8mes de migration afin de rendre la migration s\u00fbre, digne et r\u00e9guli\u00e8re\u00a0\u00bb. Le discours de M. Saied, qui concentre tous les pouvoirs apr\u00e8s avoir suspendu en juillet 2021 le Parlement et limog\u00e9 le gouvernement, est survenu alors que le pays traverse une grave crise \u00e9conomique marqu\u00e9e par des p\u00e9nuries r\u00e9currentes de produits de base, sur fond de tensions politiques. Selon des chiffres officiels cit\u00e9s par le Forum tunisien pour les droits \u00e9conomiques et sociaux (FTDES), la Tunisie, un pays de quelque 12 millions d\u2019habitants, compte plus de 21.000 ressortissants de pays d\u2019Afrique subsaharienne, en majorit\u00e9 en situation irr\u00e9guli\u00e8re.<\/p>\n","protected":false},"author":7,"featured_media":16560,"comment_status":"open","ping_status":"open","sticky":false,"template":"","format":"standard","meta":{"_jetpack_memberships_contains_paid_content":false,"footnotes":""},"categories":[375,550,3728,3,376,1],"tags":[4550,3394,4551],"class_list":["post-16559","post","type-post","status-publish","format-standard","has-post-thumbnail","hentry","category-actualites","category-afrique-monde","category-internationale","category-politique","category-securite-justice","category-non-classe","tag-racisme-tunisienne","tag-tunisie","tag-union-europeenne","entry","has-media","owp-thumbs-layout-horizontal","owp-btn-normal","owp-tabs-layout-horizontal","has-no-thumbnails","has-product-nav"],"yoast_head":"<!-- This site is optimized with the Yoast SEO plugin v25.5 - https:\/\/yoast.com\/wordpress\/plugins\/seo\/ -->\n<title>Tunisie : l\u2019Union africaine r\u00e9agit aux propos racistes contre les migrants - LE PUBLIC<\/title>\n<meta name=\"robots\" content=\"index, follow, max-snippet:-1, max-image-preview:large, max-video-preview:-1\" \/>\n<link rel=\"canonical\" href=\"https:\/\/www.public.sn\/index.php\/2023\/02\/25\/tunisie-lunion-africaine-reagit-aux-propos-racistes-contre-les-migrants\/\" \/>\n<meta property=\"og:locale\" content=\"fr_FR\" \/>\n<meta property=\"og:type\" content=\"article\" \/>\n<meta property=\"og:title\" content=\"Tunisie : l\u2019Union africaine r\u00e9agit aux propos racistes contre les migrants - LE PUBLIC\" \/>\n<meta property=\"og:description\" content=\"Beaucoup d\u2019hommes politiques et de personnalit\u00e9s publiques avaient appel\u00e9 l\u2019instance continentale \u00e0 se prononcer apr\u00e8s les d\u00e9clarations controvers\u00e9es du Pr\u00e9sident tunisien sur les migrants subsahariens. L\u2019Union africaine est sortie de sa torpeur. L\u2019Union africaine a condamn\u00e9 les propos du pr\u00e9sident tunisien sur les migrants originaires d\u2019Afrique subsaharienne et appel\u00e9 ses \u00e9tats membres \u00e0 \u00ab\u00a0s\u2019abstenir de tout discours haineux \u00e0 caract\u00e8re raciste, susceptible de nuire aux personnes\u00a0\u00bb. Le pr\u00e9sident Kais Saied\u00a0avait pr\u00f4n\u00e9 mardi des \u00ab\u00a0mesures urgentes\u00a0\u00bb contre l\u2019immigration clandestine de ressortissants de pays d\u2019Afrique subsaharienne, affirmant que leur pr\u00e9sence en Tunisie \u00e9tait source de \u00ab\u00a0violence, de crimes et d\u2019actes inacceptables\u00a0\u00bb, des propos d\u00e9nonc\u00e9s par des ONG. Lors d\u2019une r\u00e9union, il a aussi tenu des propos tr\u00e8s durs sur l\u2019arriv\u00e9e de \u00ab\u00a0hordes de migrants clandestins\u00a0\u00bb et insist\u00e9 sur \u00ab\u00a0la n\u00e9cessit\u00e9 de mettre rapidement fin\u00a0\u00bb \u00e0 cette immigration. Dans un communiqu\u00e9 vendredi, le pr\u00e9sident de la commission de l\u2019Union Africaine, Moussa Faki Mahamat, \u00ab\u00a0condamne fermement les d\u00e9clarations choquantes faites par les autorit\u00e9s Tunisiennes contre des compatriotes Africains, qui vont \u00e0 l\u2019encontre de la lettre et de l\u2019esprit de notre Organisation et de nos principes fondateurs\u00a0\u00bb. Il \u00ab\u00a0rappelle \u00e0 tous les pays, en particulier aux \u00c9tats membres de l\u2019Union africaine, qu\u2019ils doivent honorer les obligations qui leur incombent en vertu du droit international (\u2026), \u00e0 savoir traiter tous les migrants avec dignit\u00e9, d\u2019o\u00f9 qu\u2019ils viennent, s\u2019abstenir de tout discours haineux \u00e0 caract\u00e8re raciste, susceptible de nuire aux personnes, et accorder la priorit\u00e9 \u00e0 leur s\u00e9curit\u00e9 et \u00e0 leurs droits fondamentaux\u00a0\u00bb. Moussa Faki Mahamat r\u00e9it\u00e8re \u00ab\u00a0l\u2019engagement de la commission \u00e0 soutenir les autorit\u00e9s Tunisiennes en vue de la r\u00e9solution des probl\u00e8mes de migration afin de rendre la migration s\u00fbre, digne et r\u00e9guli\u00e8re\u00a0\u00bb. Le discours de M. Saied, qui concentre tous les pouvoirs apr\u00e8s avoir suspendu en juillet 2021 le Parlement et limog\u00e9 le gouvernement, est survenu alors que le pays traverse une grave crise \u00e9conomique marqu\u00e9e par des p\u00e9nuries r\u00e9currentes de produits de base, sur fond de tensions politiques. Selon des chiffres officiels cit\u00e9s par le Forum tunisien pour les droits \u00e9conomiques et sociaux (FTDES), la Tunisie, un pays de quelque 12 millions d\u2019habitants, compte plus de 21.000 ressortissants de pays d\u2019Afrique subsaharienne, en majorit\u00e9 en situation irr\u00e9guli\u00e8re.\" \/>\n<meta property=\"og:url\" content=\"https:\/\/www.public.sn\/index.php\/2023\/02\/25\/tunisie-lunion-africaine-reagit-aux-propos-racistes-contre-les-migrants\/\" \/>\n<meta property=\"og:site_name\" content=\"LE PUBLIC\" \/>\n<meta property=\"article:published_time\" content=\"2023-02-25T16:02:11+00:00\" \/>\n<meta property=\"og:image\" content=\"https:\/\/www.public.sn\/wp-content\/uploads\/2023\/02\/african_union.jpg\" \/>\n\t<meta property=\"og:image:width\" content=\"800\" \/>\n\t<meta property=\"og:image:height\" content=\"475\" \/>\n\t<meta property=\"og:image:type\" content=\"image\/jpeg\" \/>\n<meta name=\"author\" content=\"LA REDACTION\" \/>\n<meta name=\"twitter:card\" content=\"summary_large_image\" \/>\n<meta name=\"twitter:label1\" content=\"\u00c9crit par\" \/>\n\t<meta name=\"twitter:data1\" content=\"LA REDACTION\" \/>\n\t<meta name=\"twitter:label2\" content=\"Dur\u00e9e de lecture estim\u00e9e\" \/>\n\t<meta name=\"twitter:data2\" content=\"2 minutes\" \/>\n<script type=\"application\/ld+json\" class=\"yoast-schema-graph\">{\"@context\":\"https:\/\/schema.org\",\"@graph\":[{\"@type\":\"Article\",\"@id\":\"https:\/\/www.public.sn\/index.php\/2023\/02\/25\/tunisie-lunion-africaine-reagit-aux-propos-racistes-contre-les-migrants\/#article\",\"isPartOf\":{\"@id\":\"https:\/\/www.public.sn\/index.php\/2023\/02\/25\/tunisie-lunion-africaine-reagit-aux-propos-racistes-contre-les-migrants\/\"},\"author\":{\"name\":\"LA REDACTION\",\"@id\":\"https:\/\/www.public.sn\/#\/schema\/person\/cb76c8e1b8becc6be61fb5e92d6d0224\"},\"headline\":\"Tunisie : l\u2019Union africaine r\u00e9agit aux propos racistes contre les migrants\",\"datePublished\":\"2023-02-25T16:02:11+00:00\",\"mainEntityOfPage\":{\"@id\":\"https:\/\/www.public.sn\/index.php\/2023\/02\/25\/tunisie-lunion-africaine-reagit-aux-propos-racistes-contre-les-migrants\/\"},\"wordCount\":419,\"commentCount\":0,\"publisher\":{\"@id\":\"https:\/\/www.public.sn\/#organization\"},\"image\":{\"@id\":\"https:\/\/www.public.sn\/index.php\/2023\/02\/25\/tunisie-lunion-africaine-reagit-aux-propos-racistes-contre-les-migrants\/#primaryimage\"},\"thumbnailUrl\":\"https:\/\/www.public.sn\/wp-content\/uploads\/2023\/02\/african_union.jpg\",\"keywords\":[\"racisme tunisienne\",\"tunisie\",\"Union Europ\u00e9enne\"],\"articleSection\":[\"ACTUALIT\u00c9S\",\"AFRIQUE &amp; MONDE\",\"internationale\",\"POLITIQUE\",\"S\u00c9CURIT\u00c9 &amp; JUSTICE\",\"S\u00c9N\u00c9GAL\"],\"inLanguage\":\"fr-FR\",\"potentialAction\":[{\"@type\":\"CommentAction\",\"name\":\"Comment\",\"target\":[\"https:\/\/www.public.sn\/index.php\/2023\/02\/25\/tunisie-lunion-africaine-reagit-aux-propos-racistes-contre-les-migrants\/#respond\"]}]},{\"@type\":\"WebPage\",\"@id\":\"https:\/\/www.public.sn\/index.php\/2023\/02\/25\/tunisie-lunion-africaine-reagit-aux-propos-racistes-contre-les-migrants\/\",\"url\":\"https:\/\/www.public.sn\/index.php\/2023\/02\/25\/tunisie-lunion-africaine-reagit-aux-propos-racistes-contre-les-migrants\/\",\"name\":\"Tunisie : l\u2019Union africaine r\u00e9agit aux propos racistes contre les migrants - LE PUBLIC\",\"isPartOf\":{\"@id\":\"https:\/\/www.public.sn\/#website\"},\"primaryImageOfPage\":{\"@id\":\"https:\/\/www.public.sn\/index.php\/2023\/02\/25\/tunisie-lunion-africaine-reagit-aux-propos-racistes-contre-les-migrants\/#primaryimage\"},\"image\":{\"@id\":\"https:\/\/www.public.sn\/index.php\/2023\/02\/25\/tunisie-lunion-africaine-reagit-aux-propos-racistes-contre-les-migrants\/#primaryimage\"},\"thumbnailUrl\":\"https:\/\/www.public.sn\/wp-content\/uploads\/2023\/02\/african_union.jpg\",\"datePublished\":\"2023-02-25T16:02:11+00:00\",\"breadcrumb\":{\"@id\":\"https:\/\/www.public.sn\/index.php\/2023\/02\/25\/tunisie-lunion-africaine-reagit-aux-propos-racistes-contre-les-migrants\/#breadcrumb\"},\"inLanguage\":\"fr-FR\",\"potentialAction\":[{\"@type\":\"ReadAction\",\"target\":[\"https:\/\/www.public.sn\/index.php\/2023\/02\/25\/tunisie-lunion-africaine-reagit-aux-propos-racistes-contre-les-migrants\/\"]}]},{\"@type\":\"ImageObject\",\"inLanguage\":\"fr-FR\",\"@id\":\"https:\/\/www.public.sn\/index.php\/2023\/02\/25\/tunisie-lunion-africaine-reagit-aux-propos-racistes-contre-les-migrants\/#primaryimage\",\"url\":\"https:\/\/www.public.sn\/wp-content\/uploads\/2023\/02\/african_union.jpg\",\"contentUrl\":\"https:\/\/www.public.sn\/wp-content\/uploads\/2023\/02\/african_union.jpg\",\"width\":800,\"height\":475},{\"@type\":\"BreadcrumbList\",\"@id\":\"https:\/\/www.public.sn\/index.php\/2023\/02\/25\/tunisie-lunion-africaine-reagit-aux-propos-racistes-contre-les-migrants\/#breadcrumb\",\"itemListElement\":[{\"@type\":\"ListItem\",\"position\":1,\"name\":\"Accueil\",\"item\":\"https:\/\/www.public.sn\/\"},{\"@type\":\"ListItem\",\"position\":2,\"name\":\"Tunisie : l\u2019Union africaine r\u00e9agit aux propos racistes contre les migrants\"}]},{\"@type\":\"WebSite\",\"@id\":\"https:\/\/www.public.sn\/#website\",\"url\":\"https:\/\/www.public.sn\/\",\"name\":\"LE PUBLIC\",\"description\":\"\",\"publisher\":{\"@id\":\"https:\/\/www.public.sn\/#organization\"},\"potentialAction\":[{\"@type\":\"SearchAction\",\"target\":{\"@type\":\"EntryPoint\",\"urlTemplate\":\"https:\/\/www.public.sn\/?s={search_term_string}\"},\"query-input\":{\"@type\":\"PropertyValueSpecification\",\"valueRequired\":true,\"valueName\":\"search_term_string\"}}],\"inLanguage\":\"fr-FR\"},{\"@type\":\"Organization\",\"@id\":\"https:\/\/www.public.sn\/#organization\",\"name\":\"LE PUBLIC\",\"url\":\"https:\/\/www.public.sn\/\",\"logo\":{\"@type\":\"ImageObject\",\"inLanguage\":\"fr-FR\",\"@id\":\"https:\/\/www.public.sn\/#\/schema\/logo\/image\/\",\"url\":\"https:\/\/www.public.sn\/wp-content\/uploads\/2024\/05\/cropped-LOGO-PUBLIC.SN_.png\",\"contentUrl\":\"https:\/\/www.public.sn\/wp-content\/uploads\/2024\/05\/cropped-LOGO-PUBLIC.SN_.png\",\"width\":682,\"height\":192,\"caption\":\"LE PUBLIC\"},\"image\":{\"@id\":\"https:\/\/www.public.sn\/#\/schema\/logo\/image\/\"}},{\"@type\":\"Person\",\"@id\":\"https:\/\/www.public.sn\/#\/schema\/person\/cb76c8e1b8becc6be61fb5e92d6d0224\",\"name\":\"LA REDACTION\",\"image\":{\"@type\":\"ImageObject\",\"inLanguage\":\"fr-FR\",\"@id\":\"https:\/\/www.public.sn\/#\/schema\/person\/image\/\",\"url\":\"https:\/\/secure.gravatar.com\/avatar\/2dce5ddd34b8fef0180efe03aa2a9bee7d953856048f9a16b298190a3178407c?s=96&d=mm&r=g\",\"contentUrl\":\"https:\/\/secure.gravatar.com\/avatar\/2dce5ddd34b8fef0180efe03aa2a9bee7d953856048f9a16b298190a3178407c?s=96&d=mm&r=g\",\"caption\":\"LA REDACTION\"},\"url\":\"https:\/\/www.public.sn\/index.php\/author\/editeurpsn\/\"}]}<\/script>\n<!-- \/ Yoast SEO plugin. -->","yoast_head_json":{"title":"Tunisie : l\u2019Union africaine r\u00e9agit aux propos racistes contre les migrants - LE PUBLIC","robots":{"index":"index","follow":"follow","max-snippet":"max-snippet:-1","max-image-preview":"max-image-preview:large","max-video-preview":"max-video-preview:-1"},"canonical":"https:\/\/www.public.sn\/index.php\/2023\/02\/25\/tunisie-lunion-africaine-reagit-aux-propos-racistes-contre-les-migrants\/","og_locale":"fr_FR","og_type":"article","og_title":"Tunisie : l\u2019Union africaine r\u00e9agit aux propos racistes contre les migrants - LE PUBLIC","og_description":"Beaucoup d\u2019hommes politiques et de personnalit\u00e9s publiques avaient appel\u00e9 l\u2019instance continentale \u00e0 se prononcer apr\u00e8s les d\u00e9clarations controvers\u00e9es du Pr\u00e9sident tunisien sur les migrants subsahariens. L\u2019Union africaine est sortie de sa torpeur. L\u2019Union africaine a condamn\u00e9 les propos du pr\u00e9sident tunisien sur les migrants originaires d\u2019Afrique subsaharienne et appel\u00e9 ses \u00e9tats membres \u00e0 \u00ab\u00a0s\u2019abstenir de tout discours haineux \u00e0 caract\u00e8re raciste, susceptible de nuire aux personnes\u00a0\u00bb. Le pr\u00e9sident Kais Saied\u00a0avait pr\u00f4n\u00e9 mardi des \u00ab\u00a0mesures urgentes\u00a0\u00bb contre l\u2019immigration clandestine de ressortissants de pays d\u2019Afrique subsaharienne, affirmant que leur pr\u00e9sence en Tunisie \u00e9tait source de \u00ab\u00a0violence, de crimes et d\u2019actes inacceptables\u00a0\u00bb, des propos d\u00e9nonc\u00e9s par des ONG. Lors d\u2019une r\u00e9union, il a aussi tenu des propos tr\u00e8s durs sur l\u2019arriv\u00e9e de \u00ab\u00a0hordes de migrants clandestins\u00a0\u00bb et insist\u00e9 sur \u00ab\u00a0la n\u00e9cessit\u00e9 de mettre rapidement fin\u00a0\u00bb \u00e0 cette immigration. Dans un communiqu\u00e9 vendredi, le pr\u00e9sident de la commission de l\u2019Union Africaine, Moussa Faki Mahamat, \u00ab\u00a0condamne fermement les d\u00e9clarations choquantes faites par les autorit\u00e9s Tunisiennes contre des compatriotes Africains, qui vont \u00e0 l\u2019encontre de la lettre et de l\u2019esprit de notre Organisation et de nos principes fondateurs\u00a0\u00bb. Il \u00ab\u00a0rappelle \u00e0 tous les pays, en particulier aux \u00c9tats membres de l\u2019Union africaine, qu\u2019ils doivent honorer les obligations qui leur incombent en vertu du droit international (\u2026), \u00e0 savoir traiter tous les migrants avec dignit\u00e9, d\u2019o\u00f9 qu\u2019ils viennent, s\u2019abstenir de tout discours haineux \u00e0 caract\u00e8re raciste, susceptible de nuire aux personnes, et accorder la priorit\u00e9 \u00e0 leur s\u00e9curit\u00e9 et \u00e0 leurs droits fondamentaux\u00a0\u00bb. Moussa Faki Mahamat r\u00e9it\u00e8re \u00ab\u00a0l\u2019engagement de la commission \u00e0 soutenir les autorit\u00e9s Tunisiennes en vue de la r\u00e9solution des probl\u00e8mes de migration afin de rendre la migration s\u00fbre, digne et r\u00e9guli\u00e8re\u00a0\u00bb. Le discours de M. Saied, qui concentre tous les pouvoirs apr\u00e8s avoir suspendu en juillet 2021 le Parlement et limog\u00e9 le gouvernement, est survenu alors que le pays traverse une grave crise \u00e9conomique marqu\u00e9e par des p\u00e9nuries r\u00e9currentes de produits de base, sur fond de tensions politiques. Selon des chiffres officiels cit\u00e9s par le Forum tunisien pour les droits \u00e9conomiques et sociaux (FTDES), la Tunisie, un pays de quelque 12 millions d\u2019habitants, compte plus de 21.000 ressortissants de pays d\u2019Afrique subsaharienne, en majorit\u00e9 en situation irr\u00e9guli\u00e8re.","og_url":"https:\/\/www.public.sn\/index.php\/2023\/02\/25\/tunisie-lunion-africaine-reagit-aux-propos-racistes-contre-les-migrants\/","og_site_name":"LE PUBLIC","article_published_time":"2023-02-25T16:02:11+00:00","og_image":[{"width":800,"height":475,"url":"https:\/\/www.public.sn\/wp-content\/uploads\/2023\/02\/african_union.jpg","type":"image\/jpeg"}],"author":"LA REDACTION","twitter_card":"summary_large_image","twitter_misc":{"\u00c9crit par":"LA REDACTION","Dur\u00e9e de lecture estim\u00e9e":"2 minutes"},"schema":{"@context":"https:\/\/schema.org","@graph":[{"@type":"Article","@id":"https:\/\/www.public.sn\/index.php\/2023\/02\/25\/tunisie-lunion-africaine-reagit-aux-propos-racistes-contre-les-migrants\/#article","isPartOf":{"@id":"https:\/\/www.public.sn\/index.php\/2023\/02\/25\/tunisie-lunion-africaine-reagit-aux-propos-racistes-contre-les-migrants\/"},"author":{"name":"LA REDACTION","@id":"https:\/\/www.public.sn\/#\/schema\/person\/cb76c8e1b8becc6be61fb5e92d6d0224"},"headline":"Tunisie : l\u2019Union africaine r\u00e9agit aux propos racistes contre les migrants","datePublished":"2023-02-25T16:02:11+00:00","mainEntityOfPage":{"@id":"https:\/\/www.public.sn\/index.php\/2023\/02\/25\/tunisie-lunion-africaine-reagit-aux-propos-racistes-contre-les-migrants\/"},"wordCount":419,"commentCount":0,"publisher":{"@id":"https:\/\/www.public.sn\/#organization"},"image":{"@id":"https:\/\/www.public.sn\/index.php\/2023\/02\/25\/tunisie-lunion-africaine-reagit-aux-propos-racistes-contre-les-migrants\/#primaryimage"},"thumbnailUrl":"https:\/\/www.public.sn\/wp-content\/uploads\/2023\/02\/african_union.jpg","keywords":["racisme tunisienne","tunisie","Union Europ\u00e9enne"],"articleSection":["ACTUALIT\u00c9S","AFRIQUE &amp; MONDE","internationale","POLITIQUE","S\u00c9CURIT\u00c9 &amp; JUSTICE","S\u00c9N\u00c9GAL"],"inLanguage":"fr-FR","potentialAction":[{"@type":"CommentAction","name":"Comment","target":["https:\/\/www.public.sn\/index.php\/2023\/02\/25\/tunisie-lunion-africaine-reagit-aux-propos-racistes-contre-les-migrants\/#respond"]}]},{"@type":"WebPage","@id":"https:\/\/www.public.sn\/index.php\/2023\/02\/25\/tunisie-lunion-africaine-reagit-aux-propos-racistes-contre-les-migrants\/","url":"https:\/\/www.public.sn\/index.php\/2023\/02\/25\/tunisie-lunion-africaine-reagit-aux-propos-racistes-contre-les-migrants\/","name":"Tunisie : l\u2019Union africaine r\u00e9agit aux propos racistes contre les migrants - LE PUBLIC","isPartOf":{"@id":"https:\/\/www.public.sn\/#website"},"primaryImageOfPage":{"@id":"https:\/\/www.public.sn\/index.php\/2023\/02\/25\/tunisie-lunion-africaine-reagit-aux-propos-racistes-contre-les-migrants\/#primaryimage"},"image":{"@id":"https:\/\/www.public.sn\/index.php\/2023\/02\/25\/tunisie-lunion-africaine-reagit-aux-propos-racistes-contre-les-migrants\/#primaryimage"},"thumbnailUrl":"https:\/\/www.public.sn\/wp-content\/uploads\/2023\/02\/african_union.jpg","datePublished":"2023-02-25T16:02:11+00:00","breadcrumb":{"@id":"https:\/\/www.public.sn\/index.php\/2023\/02\/25\/tunisie-lunion-africaine-reagit-aux-propos-racistes-contre-les-migrants\/#breadcrumb"},"inLanguage":"fr-FR","potentialAction":[{"@type":"ReadAction","target":["https:\/\/www.public.sn\/index.php\/2023\/02\/25\/tunisie-lunion-africaine-reagit-aux-propos-racistes-contre-les-migrants\/"]}]},{"@type":"ImageObject","inLanguage":"fr-FR","@id":"https:\/\/www.public.sn\/index.php\/2023\/02\/25\/tunisie-lunion-africaine-reagit-aux-propos-racistes-contre-les-migrants\/#primaryimage","url":"https:\/\/www.public.sn\/wp-content\/uploads\/2023\/02\/african_union.jpg","contentUrl":"https:\/\/www.public.sn\/wp-content\/uploads\/2023\/02\/african_union.jpg","width":800,"height":475},{"@type":"BreadcrumbList","@id":"https:\/\/www.public.sn\/index.php\/2023\/02\/25\/tunisie-lunion-africaine-reagit-aux-propos-racistes-contre-les-migrants\/#breadcrumb","itemListElement":[{"@type":"ListItem","position":1,"name":"Accueil","item":"https:\/\/www.public.sn\/"},{"@type":"ListItem","position":2,"name":"Tunisie : l\u2019Union africaine r\u00e9agit aux propos racistes contre les migrants"}]},{"@type":"WebSite","@id":"https:\/\/www.public.sn\/#website","url":"https:\/\/www.public.sn\/","name":"LE PUBLIC","description":"","publisher":{"@id":"https:\/\/www.public.sn\/#organization"},"potentialAction":[{"@type":"SearchAction","target":{"@type":"EntryPoint","urlTemplate":"https:\/\/www.public.sn\/?s={search_term_string}"},"query-input":{"@type":"PropertyValueSpecification","valueRequired":true,"valueName":"search_term_string"}}],"inLanguage":"fr-FR"},{"@type":"Organization","@id":"https:\/\/www.public.sn\/#organization","name":"LE PUBLIC","url":"https:\/\/www.public.sn\/","logo":{"@type":"ImageObject","inLanguage":"fr-FR","@id":"https:\/\/www.public.sn\/#\/schema\/logo\/image\/","url":"https:\/\/www.public.sn\/wp-content\/uploads\/2024\/05\/cropped-LOGO-PUBLIC.SN_.png","contentUrl":"https:\/\/www.public.sn\/wp-content\/uploads\/2024\/05\/cropped-LOGO-PUBLIC.SN_.png","width":682,"height":192,"caption":"LE PUBLIC"},"image":{"@id":"https:\/\/www.public.sn\/#\/schema\/logo\/image\/"}},{"@type":"Person","@id":"https:\/\/www.public.sn\/#\/schema\/person\/cb76c8e1b8becc6be61fb5e92d6d0224","name":"LA REDACTION","image":{"@type":"ImageObject","inLanguage":"fr-FR","@id":"https:\/\/www.public.sn\/#\/schema\/person\/image\/","url":"https:\/\/secure.gravatar.com\/avatar\/2dce5ddd34b8fef0180efe03aa2a9bee7d953856048f9a16b298190a3178407c?s=96&d=mm&r=g","contentUrl":"https:\/\/secure.gravatar.com\/avatar\/2dce5ddd34b8fef0180efe03aa2a9bee7d953856048f9a16b298190a3178407c?s=96&d=mm&r=g","caption":"LA REDACTION"},"url":"https:\/\/www.public.sn\/index.php\/author\/editeurpsn\/"}]}},"jetpack_featured_media_url":"https:\/\/www.public.sn\/wp-content\/uploads\/2023\/02\/african_union.jpg","jetpack_sharing_enabled":true,"_links":{"self":[{"href":"https:\/\/www.public.sn\/index.php\/wp-json\/wp\/v2\/posts\/16559","targetHints":{"allow":["GET"]}}],"collection":[{"href":"https:\/\/www.public.sn\/index.php\/wp-json\/wp\/v2\/posts"}],"about":[{"href":"https:\/\/www.public.sn\/index.php\/wp-json\/wp\/v2\/types\/post"}],"author":[{"embeddable":true,"href":"https:\/\/www.public.sn\/index.php\/wp-json\/wp\/v2\/users\/7"}],"replies":[{"embeddable":true,"href":"https:\/\/www.public.sn\/index.php\/wp-json\/wp\/v2\/comments?post=16559"}],"version-history":[{"count":1,"href":"https:\/\/www.public.sn\/index.php\/wp-json\/wp\/v2\/posts\/16559\/revisions"}],"predecessor-version":[{"id":16561,"href":"https:\/\/www.public.sn\/index.php\/wp-json\/wp\/v2\/posts\/16559\/revisions\/16561"}],"wp:featuredmedia":[{"embeddable":true,"href":"https:\/\/www.public.sn\/index.php\/wp-json\/wp\/v2\/media\/16560"}],"wp:attachment":[{"href":"https:\/\/www.public.sn\/index.php\/wp-json\/wp\/v2\/media?parent=16559"}],"wp:term":[{"taxonomy":"category","embeddable":true,"href":"https:\/\/www.public.sn\/index.php\/wp-json\/wp\/v2\/categories?post=16559"},{"taxonomy":"post_tag","embeddable":true,"href":"https:\/\/www.public.sn\/index.php\/wp-json\/wp\/v2\/tags?post=16559"}],"curies":[{"name":"wp","href":"https:\/\/api.w.org\/{rel}","templated":true}]}}