{"id":16562,"date":"2023-02-25T16:12:13","date_gmt":"2023-02-25T16:12:13","guid":{"rendered":"https:\/\/www.public.sn\/?p=16562"},"modified":"2023-02-25T16:12:13","modified_gmt":"2023-02-25T16:12:13","slug":"presidentielle-2024-le-remplacant-ideal-de-sonko-selon-fou-malade","status":"publish","type":"post","link":"https:\/\/www.public.sn\/index.php\/2023\/02\/25\/presidentielle-2024-le-remplacant-ideal-de-sonko-selon-fou-malade\/","title":{"rendered":"Pr\u00e9sidentielle 2024 :  le rempla\u00e7ant \u00ab id\u00e9al \u00bb de Sonko selon Fou Malade"},"content":{"rendered":"<p>Alors que le S\u00e9n\u00e9gal se pr\u00e9pare pour l\u2019\u00e9lection pr\u00e9sidentielle pr\u00e9vue le 25 f\u00e9vrier 2024, le positionnement des candidats devient de plus en plus important. Dans l\u2019\u00e9mission Jakaarlo du vendredi, Fou Malade a \u00e9mis une hypoth\u00e8se quant l\u2019\u00e9ventuelle condamnation d\u2019Ousmane Sonko, leader du parti Pastef serait act\u00e9e.<\/p><div class=\"publi-paragraphe1\" style=\"margin-top: 10px;margin-bottom: 10px;margin-left: auto;margin-right: auto;text-align: center;\" id=\"publi-2795520516\"><div class=\"publi-adlabel\">Publicit\u00e9<\/div><script async src=\"\/\/pagead2.googlesyndication.com\/pagead\/js\/adsbygoogle.js?client=ca-pub-4089586018074219\" crossorigin=\"anonymous\"><\/script><ins class=\"adsbygoogle\" style=\"display:block;\" data-ad-client=\"ca-pub-4089586018074219\" \ndata-ad-slot=\"2087940154\" \ndata-ad-format=\"auto\"><\/ins>\n<script> \n(adsbygoogle = window.adsbygoogle || []).push({}); \n<\/script>\n<\/div>\n<p><img fetchpriority=\"high\" decoding=\"async\" class=\"alignnone wp-image-16563\" src=\"https:\/\/www.public.sn\/wp-content\/uploads\/2023\/02\/dethie-Fall-et-Sonko.jpg\" alt=\"\" width=\"1024\" height=\"683\" srcset=\"https:\/\/www.public.sn\/wp-content\/uploads\/2023\/02\/dethie-Fall-et-Sonko.jpg 984w, https:\/\/www.public.sn\/wp-content\/uploads\/2023\/02\/dethie-Fall-et-Sonko-600x400.jpg 600w, https:\/\/www.public.sn\/wp-content\/uploads\/2023\/02\/dethie-Fall-et-Sonko-300x200.jpg 300w, https:\/\/www.public.sn\/wp-content\/uploads\/2023\/02\/dethie-Fall-et-Sonko-768x512.jpg 768w, https:\/\/www.public.sn\/wp-content\/uploads\/2023\/02\/dethie-Fall-et-Sonko-750x500.jpg 750w\" sizes=\"(max-width: 1024px) 100vw, 1024px\" \/><\/p>\n<p>Selon Fou Malade, si Ousmane Sonko ne se pr\u00e9sentait pas \u00e0 l\u2019\u00e9lection, D\u00e9thi\u00e9 Fall serait la personne la mieux plac\u00e9e pour le remplacer. Dans son analyse, le chroniqueur estime que si le patriote en chef \u00e9tait condamn\u00e9 et ne pouvait pas se pr\u00e9senter, le leader du PRP serait le meilleur candidat, car il pourrait \u00eatre consid\u00e9r\u00e9 comme un cocktail de personnalit\u00e9s politiques au S\u00e9n\u00e9gal.<\/p>\n<p>Fou Malade souligne \u00e9galement la bonne relation entre Fall et Sonko, ce qui pourrait faciliter une \u00e9ventuelle substitution en cas d\u2019absence du leader de Pastef \u00e0 l\u2019\u00e9lection.<\/p>\n<p><img decoding=\"async\" class=\"alignnone wp-image-16564\" src=\"https:\/\/www.public.sn\/wp-content\/uploads\/2023\/02\/dethie_fall_1.jpg\" alt=\"\" width=\"1024\" height=\"768\" srcset=\"https:\/\/www.public.sn\/wp-content\/uploads\/2023\/02\/dethie_fall_1.jpg 800w, https:\/\/www.public.sn\/wp-content\/uploads\/2023\/02\/dethie_fall_1-600x450.jpg 600w, https:\/\/www.public.sn\/wp-content\/uploads\/2023\/02\/dethie_fall_1-300x225.jpg 300w, https:\/\/www.public.sn\/wp-content\/uploads\/2023\/02\/dethie_fall_1-768x576.jpg 768w, https:\/\/www.public.sn\/wp-content\/uploads\/2023\/02\/dethie_fall_1-750x563.jpg 750w\" sizes=\"(max-width: 1024px) 100vw, 1024px\" \/><\/p>\n<div class=\"publi-apres-le-contenu\" style=\"margin-top: 10px;margin-bottom: 10px;margin-left: auto;margin-right: auto;text-align: center;\" id=\"publi-3937465560\"><div class=\"publi-adlabel\">Publicit\u00e9<\/div><script async src=\"\/\/pagead2.googlesyndication.com\/pagead\/js\/adsbygoogle.js?client=ca-pub-4089586018074219\" crossorigin=\"anonymous\"><\/script><ins class=\"adsbygoogle\" style=\"display:block;\" data-ad-client=\"ca-pub-4089586018074219\" \ndata-ad-slot=\"2087940154\" \ndata-ad-format=\"auto\"><\/ins>\n<script> \n(adsbygoogle = window.adsbygoogle || []).push({}); \n<\/script>\n<\/div>","protected":false},"excerpt":{"rendered":"<p>Alors que le S\u00e9n\u00e9gal se pr\u00e9pare pour l\u2019\u00e9lection pr\u00e9sidentielle pr\u00e9vue le 25 f\u00e9vrier 2024, le positionnement des candidats devient de plus en plus important. Dans l\u2019\u00e9mission Jakaarlo du vendredi, Fou Malade a \u00e9mis une hypoth\u00e8se quant l\u2019\u00e9ventuelle condamnation d\u2019Ousmane Sonko, leader du parti Pastef serait act\u00e9e. Selon Fou Malade, si Ousmane Sonko ne se pr\u00e9sentait pas \u00e0 l\u2019\u00e9lection, D\u00e9thi\u00e9 Fall serait la personne la mieux plac\u00e9e pour le remplacer. Dans son analyse, le chroniqueur estime que si le patriote en chef \u00e9tait condamn\u00e9 et ne pouvait pas se pr\u00e9senter, le leader du PRP serait le meilleur candidat, car il pourrait \u00eatre consid\u00e9r\u00e9 comme un cocktail de personnalit\u00e9s politiques au S\u00e9n\u00e9gal. Fou Malade souligne \u00e9galement la bonne relation entre Fall et Sonko, ce qui pourrait faciliter une \u00e9ventuelle substitution en cas d\u2019absence du leader de Pastef \u00e0 l\u2019\u00e9lection.<\/p>\n","protected":false},"author":7,"featured_media":16565,"comment_status":"open","ping_status":"open","sticky":false,"template":"","format":"standard","meta":{"_jetpack_memberships_contains_paid_content":false,"footnotes":""},"categories":[375,1023,3,1,4,372],"tags":[31,4552,16,20],"class_list":["post-16562","post","type-post","status-publish","format-standard","has-post-thumbnail","hentry","category-actualites","category-buzz","category-politique","category-non-classe","category-societe","category-vedette","tag-dethie-fall","tag-fou-malade","tag-ousmane-sonko","tag-presidentielle-2024","entry","has-media","owp-thumbs-layout-horizontal","owp-btn-normal","owp-tabs-layout-horizontal","has-no-thumbnails","has-product-nav"],"yoast_head":"<!-- This site is optimized with the Yoast SEO plugin v25.5 - https:\/\/yoast.com\/wordpress\/plugins\/seo\/ -->\n<title>Pr\u00e9sidentielle 2024 : le rempla\u00e7ant \u00ab id\u00e9al \u00bb de Sonko selon Fou Malade - LE PUBLIC<\/title>\n<meta name=\"robots\" content=\"index, follow, max-snippet:-1, max-image-preview:large, max-video-preview:-1\" \/>\n<link rel=\"canonical\" href=\"https:\/\/www.public.sn\/index.php\/2023\/02\/25\/presidentielle-2024-le-remplacant-ideal-de-sonko-selon-fou-malade\/\" \/>\n<meta property=\"og:locale\" content=\"fr_FR\" \/>\n<meta property=\"og:type\" content=\"article\" \/>\n<meta property=\"og:title\" content=\"Pr\u00e9sidentielle 2024 : le rempla\u00e7ant \u00ab id\u00e9al \u00bb de Sonko selon Fou Malade - LE PUBLIC\" \/>\n<meta property=\"og:description\" content=\"Alors que le S\u00e9n\u00e9gal se pr\u00e9pare pour l\u2019\u00e9lection pr\u00e9sidentielle pr\u00e9vue le 25 f\u00e9vrier 2024, le positionnement des candidats devient de plus en plus important. Dans l\u2019\u00e9mission Jakaarlo du vendredi, Fou Malade a \u00e9mis une hypoth\u00e8se quant l\u2019\u00e9ventuelle condamnation d\u2019Ousmane Sonko, leader du parti Pastef serait act\u00e9e. Selon Fou Malade, si Ousmane Sonko ne se pr\u00e9sentait pas \u00e0 l\u2019\u00e9lection, D\u00e9thi\u00e9 Fall serait la personne la mieux plac\u00e9e pour le remplacer. Dans son analyse, le chroniqueur estime que si le patriote en chef \u00e9tait condamn\u00e9 et ne pouvait pas se pr\u00e9senter, le leader du PRP serait le meilleur candidat, car il pourrait \u00eatre consid\u00e9r\u00e9 comme un cocktail de personnalit\u00e9s politiques au S\u00e9n\u00e9gal. Fou Malade souligne \u00e9galement la bonne relation entre Fall et Sonko, ce qui pourrait faciliter une \u00e9ventuelle substitution en cas d\u2019absence du leader de Pastef \u00e0 l\u2019\u00e9lection.\" \/>\n<meta property=\"og:url\" content=\"https:\/\/www.public.sn\/index.php\/2023\/02\/25\/presidentielle-2024-le-remplacant-ideal-de-sonko-selon-fou-malade\/\" \/>\n<meta property=\"og:site_name\" content=\"LE PUBLIC\" \/>\n<meta property=\"article:published_time\" content=\"2023-02-25T16:12:13+00:00\" \/>\n<meta property=\"og:image\" content=\"https:\/\/www.public.sn\/wp-content\/uploads\/2023\/02\/fou-malade.jpg\" \/>\n\t<meta property=\"og:image:width\" content=\"1280\" \/>\n\t<meta property=\"og:image:height\" content=\"720\" \/>\n\t<meta property=\"og:image:type\" content=\"image\/jpeg\" \/>\n<meta name=\"author\" content=\"LA REDACTION\" \/>\n<meta name=\"twitter:card\" content=\"summary_large_image\" \/>\n<meta name=\"twitter:label1\" content=\"\u00c9crit par\" \/>\n\t<meta name=\"twitter:data1\" content=\"LA REDACTION\" \/>\n\t<meta name=\"twitter:label2\" content=\"Dur\u00e9e de lecture estim\u00e9e\" \/>\n\t<meta name=\"twitter:data2\" content=\"2 minutes\" \/>\n<script type=\"application\/ld+json\" class=\"yoast-schema-graph\">{\"@context\":\"https:\/\/schema.org\",\"@graph\":[{\"@type\":\"Article\",\"@id\":\"https:\/\/www.public.sn\/index.php\/2023\/02\/25\/presidentielle-2024-le-remplacant-ideal-de-sonko-selon-fou-malade\/#article\",\"isPartOf\":{\"@id\":\"https:\/\/www.public.sn\/index.php\/2023\/02\/25\/presidentielle-2024-le-remplacant-ideal-de-sonko-selon-fou-malade\/\"},\"author\":{\"name\":\"LA REDACTION\",\"@id\":\"https:\/\/www.public.sn\/#\/schema\/person\/cb76c8e1b8becc6be61fb5e92d6d0224\"},\"headline\":\"Pr\u00e9sidentielle 2024 : le rempla\u00e7ant \u00ab id\u00e9al \u00bb de Sonko selon Fou Malade\",\"datePublished\":\"2023-02-25T16:12:13+00:00\",\"mainEntityOfPage\":{\"@id\":\"https:\/\/www.public.sn\/index.php\/2023\/02\/25\/presidentielle-2024-le-remplacant-ideal-de-sonko-selon-fou-malade\/\"},\"wordCount\":168,\"commentCount\":0,\"publisher\":{\"@id\":\"https:\/\/www.public.sn\/#organization\"},\"image\":{\"@id\":\"https:\/\/www.public.sn\/index.php\/2023\/02\/25\/presidentielle-2024-le-remplacant-ideal-de-sonko-selon-fou-malade\/#primaryimage\"},\"thumbnailUrl\":\"https:\/\/www.public.sn\/wp-content\/uploads\/2023\/02\/fou-malade.jpg\",\"keywords\":[\"D\u00e9thi\u00e9 Fall\",\"fou malade\",\"Ousmane Sonko\",\"Pr\u00e9sidentielle 2024\"],\"articleSection\":[\"ACTUALIT\u00c9S\",\"BUZZ\",\"POLITIQUE\",\"S\u00c9N\u00c9GAL\",\"SOCIETE\",\"VEDETTE\"],\"inLanguage\":\"fr-FR\",\"potentialAction\":[{\"@type\":\"CommentAction\",\"name\":\"Comment\",\"target\":[\"https:\/\/www.public.sn\/index.php\/2023\/02\/25\/presidentielle-2024-le-remplacant-ideal-de-sonko-selon-fou-malade\/#respond\"]}]},{\"@type\":\"WebPage\",\"@id\":\"https:\/\/www.public.sn\/index.php\/2023\/02\/25\/presidentielle-2024-le-remplacant-ideal-de-sonko-selon-fou-malade\/\",\"url\":\"https:\/\/www.public.sn\/index.php\/2023\/02\/25\/presidentielle-2024-le-remplacant-ideal-de-sonko-selon-fou-malade\/\",\"name\":\"Pr\u00e9sidentielle 2024 : le rempla\u00e7ant \u00ab id\u00e9al \u00bb de Sonko selon Fou Malade - LE PUBLIC\",\"isPartOf\":{\"@id\":\"https:\/\/www.public.sn\/#website\"},\"primaryImageOfPage\":{\"@id\":\"https:\/\/www.public.sn\/index.php\/2023\/02\/25\/presidentielle-2024-le-remplacant-ideal-de-sonko-selon-fou-malade\/#primaryimage\"},\"image\":{\"@id\":\"https:\/\/www.public.sn\/index.php\/2023\/02\/25\/presidentielle-2024-le-remplacant-ideal-de-sonko-selon-fou-malade\/#primaryimage\"},\"thumbnailUrl\":\"https:\/\/www.public.sn\/wp-content\/uploads\/2023\/02\/fou-malade.jpg\",\"datePublished\":\"2023-02-25T16:12:13+00:00\",\"breadcrumb\":{\"@id\":\"https:\/\/www.public.sn\/index.php\/2023\/02\/25\/presidentielle-2024-le-remplacant-ideal-de-sonko-selon-fou-malade\/#breadcrumb\"},\"inLanguage\":\"fr-FR\",\"potentialAction\":[{\"@type\":\"ReadAction\",\"target\":[\"https:\/\/www.public.sn\/index.php\/2023\/02\/25\/presidentielle-2024-le-remplacant-ideal-de-sonko-selon-fou-malade\/\"]}]},{\"@type\":\"ImageObject\",\"inLanguage\":\"fr-FR\",\"@id\":\"https:\/\/www.public.sn\/index.php\/2023\/02\/25\/presidentielle-2024-le-remplacant-ideal-de-sonko-selon-fou-malade\/#primaryimage\",\"url\":\"https:\/\/www.public.sn\/wp-content\/uploads\/2023\/02\/fou-malade.jpg\",\"contentUrl\":\"https:\/\/www.public.sn\/wp-content\/uploads\/2023\/02\/fou-malade.jpg\",\"width\":1280,\"height\":720},{\"@type\":\"BreadcrumbList\",\"@id\":\"https:\/\/www.public.sn\/index.php\/2023\/02\/25\/presidentielle-2024-le-remplacant-ideal-de-sonko-selon-fou-malade\/#breadcrumb\",\"itemListElement\":[{\"@type\":\"ListItem\",\"position\":1,\"name\":\"Accueil\",\"item\":\"https:\/\/www.public.sn\/\"},{\"@type\":\"ListItem\",\"position\":2,\"name\":\"Pr\u00e9sidentielle 2024 : le rempla\u00e7ant \u00ab id\u00e9al \u00bb de Sonko selon Fou Malade\"}]},{\"@type\":\"WebSite\",\"@id\":\"https:\/\/www.public.sn\/#website\",\"url\":\"https:\/\/www.public.sn\/\",\"name\":\"LE PUBLIC\",\"description\":\"\",\"publisher\":{\"@id\":\"https:\/\/www.public.sn\/#organization\"},\"potentialAction\":[{\"@type\":\"SearchAction\",\"target\":{\"@type\":\"EntryPoint\",\"urlTemplate\":\"https:\/\/www.public.sn\/?s={search_term_string}\"},\"query-input\":{\"@type\":\"PropertyValueSpecification\",\"valueRequired\":true,\"valueName\":\"search_term_string\"}}],\"inLanguage\":\"fr-FR\"},{\"@type\":\"Organization\",\"@id\":\"https:\/\/www.public.sn\/#organization\",\"name\":\"LE PUBLIC\",\"url\":\"https:\/\/www.public.sn\/\",\"logo\":{\"@type\":\"ImageObject\",\"inLanguage\":\"fr-FR\",\"@id\":\"https:\/\/www.public.sn\/#\/schema\/logo\/image\/\",\"url\":\"https:\/\/www.public.sn\/wp-content\/uploads\/2024\/05\/cropped-LOGO-PUBLIC.SN_.png\",\"contentUrl\":\"https:\/\/www.public.sn\/wp-content\/uploads\/2024\/05\/cropped-LOGO-PUBLIC.SN_.png\",\"width\":682,\"height\":192,\"caption\":\"LE PUBLIC\"},\"image\":{\"@id\":\"https:\/\/www.public.sn\/#\/schema\/logo\/image\/\"}},{\"@type\":\"Person\",\"@id\":\"https:\/\/www.public.sn\/#\/schema\/person\/cb76c8e1b8becc6be61fb5e92d6d0224\",\"name\":\"LA REDACTION\",\"image\":{\"@type\":\"ImageObject\",\"inLanguage\":\"fr-FR\",\"@id\":\"https:\/\/www.public.sn\/#\/schema\/person\/image\/\",\"url\":\"https:\/\/secure.gravatar.com\/avatar\/2dce5ddd34b8fef0180efe03aa2a9bee7d953856048f9a16b298190a3178407c?s=96&d=mm&r=g\",\"contentUrl\":\"https:\/\/secure.gravatar.com\/avatar\/2dce5ddd34b8fef0180efe03aa2a9bee7d953856048f9a16b298190a3178407c?s=96&d=mm&r=g\",\"caption\":\"LA REDACTION\"},\"url\":\"https:\/\/www.public.sn\/index.php\/author\/editeurpsn\/\"}]}<\/script>\n<!-- \/ Yoast SEO plugin. -->","yoast_head_json":{"title":"Pr\u00e9sidentielle 2024 : le rempla\u00e7ant \u00ab id\u00e9al \u00bb de Sonko selon Fou Malade - LE PUBLIC","robots":{"index":"index","follow":"follow","max-snippet":"max-snippet:-1","max-image-preview":"max-image-preview:large","max-video-preview":"max-video-preview:-1"},"canonical":"https:\/\/www.public.sn\/index.php\/2023\/02\/25\/presidentielle-2024-le-remplacant-ideal-de-sonko-selon-fou-malade\/","og_locale":"fr_FR","og_type":"article","og_title":"Pr\u00e9sidentielle 2024 : le rempla\u00e7ant \u00ab id\u00e9al \u00bb de Sonko selon Fou Malade - LE PUBLIC","og_description":"Alors que le S\u00e9n\u00e9gal se pr\u00e9pare pour l\u2019\u00e9lection pr\u00e9sidentielle pr\u00e9vue le 25 f\u00e9vrier 2024, le positionnement des candidats devient de plus en plus important. Dans l\u2019\u00e9mission Jakaarlo du vendredi, Fou Malade a \u00e9mis une hypoth\u00e8se quant l\u2019\u00e9ventuelle condamnation d\u2019Ousmane Sonko, leader du parti Pastef serait act\u00e9e. Selon Fou Malade, si Ousmane Sonko ne se pr\u00e9sentait pas \u00e0 l\u2019\u00e9lection, D\u00e9thi\u00e9 Fall serait la personne la mieux plac\u00e9e pour le remplacer. Dans son analyse, le chroniqueur estime que si le patriote en chef \u00e9tait condamn\u00e9 et ne pouvait pas se pr\u00e9senter, le leader du PRP serait le meilleur candidat, car il pourrait \u00eatre consid\u00e9r\u00e9 comme un cocktail de personnalit\u00e9s politiques au S\u00e9n\u00e9gal. Fou Malade souligne \u00e9galement la bonne relation entre Fall et Sonko, ce qui pourrait faciliter une \u00e9ventuelle substitution en cas d\u2019absence du leader de Pastef \u00e0 l\u2019\u00e9lection.","og_url":"https:\/\/www.public.sn\/index.php\/2023\/02\/25\/presidentielle-2024-le-remplacant-ideal-de-sonko-selon-fou-malade\/","og_site_name":"LE PUBLIC","article_published_time":"2023-02-25T16:12:13+00:00","og_image":[{"width":1280,"height":720,"url":"https:\/\/www.public.sn\/wp-content\/uploads\/2023\/02\/fou-malade.jpg","type":"image\/jpeg"}],"author":"LA REDACTION","twitter_card":"summary_large_image","twitter_misc":{"\u00c9crit par":"LA REDACTION","Dur\u00e9e de lecture estim\u00e9e":"2 minutes"},"schema":{"@context":"https:\/\/schema.org","@graph":[{"@type":"Article","@id":"https:\/\/www.public.sn\/index.php\/2023\/02\/25\/presidentielle-2024-le-remplacant-ideal-de-sonko-selon-fou-malade\/#article","isPartOf":{"@id":"https:\/\/www.public.sn\/index.php\/2023\/02\/25\/presidentielle-2024-le-remplacant-ideal-de-sonko-selon-fou-malade\/"},"author":{"name":"LA REDACTION","@id":"https:\/\/www.public.sn\/#\/schema\/person\/cb76c8e1b8becc6be61fb5e92d6d0224"},"headline":"Pr\u00e9sidentielle 2024 : le rempla\u00e7ant \u00ab id\u00e9al \u00bb de Sonko selon Fou Malade","datePublished":"2023-02-25T16:12:13+00:00","mainEntityOfPage":{"@id":"https:\/\/www.public.sn\/index.php\/2023\/02\/25\/presidentielle-2024-le-remplacant-ideal-de-sonko-selon-fou-malade\/"},"wordCount":168,"commentCount":0,"publisher":{"@id":"https:\/\/www.public.sn\/#organization"},"image":{"@id":"https:\/\/www.public.sn\/index.php\/2023\/02\/25\/presidentielle-2024-le-remplacant-ideal-de-sonko-selon-fou-malade\/#primaryimage"},"thumbnailUrl":"https:\/\/www.public.sn\/wp-content\/uploads\/2023\/02\/fou-malade.jpg","keywords":["D\u00e9thi\u00e9 Fall","fou malade","Ousmane Sonko","Pr\u00e9sidentielle 2024"],"articleSection":["ACTUALIT\u00c9S","BUZZ","POLITIQUE","S\u00c9N\u00c9GAL","SOCIETE","VEDETTE"],"inLanguage":"fr-FR","potentialAction":[{"@type":"CommentAction","name":"Comment","target":["https:\/\/www.public.sn\/index.php\/2023\/02\/25\/presidentielle-2024-le-remplacant-ideal-de-sonko-selon-fou-malade\/#respond"]}]},{"@type":"WebPage","@id":"https:\/\/www.public.sn\/index.php\/2023\/02\/25\/presidentielle-2024-le-remplacant-ideal-de-sonko-selon-fou-malade\/","url":"https:\/\/www.public.sn\/index.php\/2023\/02\/25\/presidentielle-2024-le-remplacant-ideal-de-sonko-selon-fou-malade\/","name":"Pr\u00e9sidentielle 2024 : le rempla\u00e7ant \u00ab id\u00e9al \u00bb de Sonko selon Fou Malade - LE PUBLIC","isPartOf":{"@id":"https:\/\/www.public.sn\/#website"},"primaryImageOfPage":{"@id":"https:\/\/www.public.sn\/index.php\/2023\/02\/25\/presidentielle-2024-le-remplacant-ideal-de-sonko-selon-fou-malade\/#primaryimage"},"image":{"@id":"https:\/\/www.public.sn\/index.php\/2023\/02\/25\/presidentielle-2024-le-remplacant-ideal-de-sonko-selon-fou-malade\/#primaryimage"},"thumbnailUrl":"https:\/\/www.public.sn\/wp-content\/uploads\/2023\/02\/fou-malade.jpg","datePublished":"2023-02-25T16:12:13+00:00","breadcrumb":{"@id":"https:\/\/www.public.sn\/index.php\/2023\/02\/25\/presidentielle-2024-le-remplacant-ideal-de-sonko-selon-fou-malade\/#breadcrumb"},"inLanguage":"fr-FR","potentialAction":[{"@type":"ReadAction","target":["https:\/\/www.public.sn\/index.php\/2023\/02\/25\/presidentielle-2024-le-remplacant-ideal-de-sonko-selon-fou-malade\/"]}]},{"@type":"ImageObject","inLanguage":"fr-FR","@id":"https:\/\/www.public.sn\/index.php\/2023\/02\/25\/presidentielle-2024-le-remplacant-ideal-de-sonko-selon-fou-malade\/#primaryimage","url":"https:\/\/www.public.sn\/wp-content\/uploads\/2023\/02\/fou-malade.jpg","contentUrl":"https:\/\/www.public.sn\/wp-content\/uploads\/2023\/02\/fou-malade.jpg","width":1280,"height":720},{"@type":"BreadcrumbList","@id":"https:\/\/www.public.sn\/index.php\/2023\/02\/25\/presidentielle-2024-le-remplacant-ideal-de-sonko-selon-fou-malade\/#breadcrumb","itemListElement":[{"@type":"ListItem","position":1,"name":"Accueil","item":"https:\/\/www.public.sn\/"},{"@type":"ListItem","position":2,"name":"Pr\u00e9sidentielle 2024 : le rempla\u00e7ant \u00ab id\u00e9al \u00bb de Sonko selon Fou Malade"}]},{"@type":"WebSite","@id":"https:\/\/www.public.sn\/#website","url":"https:\/\/www.public.sn\/","name":"LE PUBLIC","description":"","publisher":{"@id":"https:\/\/www.public.sn\/#organization"},"potentialAction":[{"@type":"SearchAction","target":{"@type":"EntryPoint","urlTemplate":"https:\/\/www.public.sn\/?s={search_term_string}"},"query-input":{"@type":"PropertyValueSpecification","valueRequired":true,"valueName":"search_term_string"}}],"inLanguage":"fr-FR"},{"@type":"Organization","@id":"https:\/\/www.public.sn\/#organization","name":"LE PUBLIC","url":"https:\/\/www.public.sn\/","logo":{"@type":"ImageObject","inLanguage":"fr-FR","@id":"https:\/\/www.public.sn\/#\/schema\/logo\/image\/","url":"https:\/\/www.public.sn\/wp-content\/uploads\/2024\/05\/cropped-LOGO-PUBLIC.SN_.png","contentUrl":"https:\/\/www.public.sn\/wp-content\/uploads\/2024\/05\/cropped-LOGO-PUBLIC.SN_.png","width":682,"height":192,"caption":"LE PUBLIC"},"image":{"@id":"https:\/\/www.public.sn\/#\/schema\/logo\/image\/"}},{"@type":"Person","@id":"https:\/\/www.public.sn\/#\/schema\/person\/cb76c8e1b8becc6be61fb5e92d6d0224","name":"LA REDACTION","image":{"@type":"ImageObject","inLanguage":"fr-FR","@id":"https:\/\/www.public.sn\/#\/schema\/person\/image\/","url":"https:\/\/secure.gravatar.com\/avatar\/2dce5ddd34b8fef0180efe03aa2a9bee7d953856048f9a16b298190a3178407c?s=96&d=mm&r=g","contentUrl":"https:\/\/secure.gravatar.com\/avatar\/2dce5ddd34b8fef0180efe03aa2a9bee7d953856048f9a16b298190a3178407c?s=96&d=mm&r=g","caption":"LA REDACTION"},"url":"https:\/\/www.public.sn\/index.php\/author\/editeurpsn\/"}]}},"jetpack_featured_media_url":"https:\/\/www.public.sn\/wp-content\/uploads\/2023\/02\/fou-malade.jpg","jetpack_sharing_enabled":true,"_links":{"self":[{"href":"https:\/\/www.public.sn\/index.php\/wp-json\/wp\/v2\/posts\/16562","targetHints":{"allow":["GET"]}}],"collection":[{"href":"https:\/\/www.public.sn\/index.php\/wp-json\/wp\/v2\/posts"}],"about":[{"href":"https:\/\/www.public.sn\/index.php\/wp-json\/wp\/v2\/types\/post"}],"author":[{"embeddable":true,"href":"https:\/\/www.public.sn\/index.php\/wp-json\/wp\/v2\/users\/7"}],"replies":[{"embeddable":true,"href":"https:\/\/www.public.sn\/index.php\/wp-json\/wp\/v2\/comments?post=16562"}],"version-history":[{"count":1,"href":"https:\/\/www.public.sn\/index.php\/wp-json\/wp\/v2\/posts\/16562\/revisions"}],"predecessor-version":[{"id":16566,"href":"https:\/\/www.public.sn\/index.php\/wp-json\/wp\/v2\/posts\/16562\/revisions\/16566"}],"wp:featuredmedia":[{"embeddable":true,"href":"https:\/\/www.public.sn\/index.php\/wp-json\/wp\/v2\/media\/16565"}],"wp:attachment":[{"href":"https:\/\/www.public.sn\/index.php\/wp-json\/wp\/v2\/media?parent=16562"}],"wp:term":[{"taxonomy":"category","embeddable":true,"href":"https:\/\/www.public.sn\/index.php\/wp-json\/wp\/v2\/categories?post=16562"},{"taxonomy":"post_tag","embeddable":true,"href":"https:\/\/www.public.sn\/index.php\/wp-json\/wp\/v2\/tags?post=16562"}],"curies":[{"name":"wp","href":"https:\/\/api.w.org\/{rel}","templated":true}]}}