{"id":16575,"date":"2023-02-27T10:54:00","date_gmt":"2023-02-27T10:54:00","guid":{"rendered":"https:\/\/www.public.sn\/?p=16575"},"modified":"2023-02-27T10:54:00","modified_gmt":"2023-02-27T10:54:00","slug":"tres-lourde-peine-de-prison-pour-le-maitre-coranique-qui-a-engrosse-son-eleve-de-15ans","status":"publish","type":"post","link":"https:\/\/www.public.sn\/index.php\/2023\/02\/27\/tres-lourde-peine-de-prison-pour-le-maitre-coranique-qui-a-engrosse-son-eleve-de-15ans\/","title":{"rendered":"Tr\u00e8s lourde peine de prison pour le ma\u00eetre coranique qui a engross\u00e9 son \u00e9l\u00e8ve de 15ans"},"content":{"rendered":"<p>Mamadou Marico, un enseignant de la religion islamique \u00e9tabli \u00e0 Bakel (Est) a \u00e9t\u00e9 condamn\u00e9 \u00e0 une peine de 5 ans de prison. \u00c0 l\u2019\u00e2ge de 31 ans et sans enfant, il a mis enceinte une jeune fille de 15 ans qui \u00e9tait son \u00e9l\u00e8ve.<\/p><div class=\"publi-paragraphe1\" style=\"margin-top: 10px;margin-bottom: 10px;margin-left: auto;margin-right: auto;text-align: center;\" id=\"publi-2064057133\"><div class=\"publi-adlabel\">Publicit\u00e9<\/div><script async src=\"\/\/pagead2.googlesyndication.com\/pagead\/js\/adsbygoogle.js?client=ca-pub-4089586018074219\" crossorigin=\"anonymous\"><\/script><ins class=\"adsbygoogle\" style=\"display:block;\" data-ad-client=\"ca-pub-4089586018074219\" \ndata-ad-slot=\"2087940154\" \ndata-ad-format=\"auto\"><\/ins>\n<script> \n(adsbygoogle = window.adsbygoogle || []).push({}); \n<\/script>\n<\/div>\n<div><\/div>\n<p>Les \u00e9v\u00e9nements ont eu lieu le 15 avril 2020, apr\u00e8s l\u2019ouverture d\u2019une enqu\u00eate par la brigade de gendarmerie de cette r\u00e9gion de l\u2019est du S\u00e9n\u00e9gal. La pr\u00e9sum\u00e9e victime, A. Diarra, a \u00e9t\u00e9 interrog\u00e9e et a d\u00e9clar\u00e9 que Marico \u00e9tait son professeur de religion et qu\u2019il dispensait des cours de renforcement \u00e0 son domicile, avec d\u2019autres \u00e9l\u00e8ves.<\/p>\n<p>Interrog\u00e9e sur sa relation avec\u00a0Marico, elle a inform\u00e9 les enqu\u00eateurs qu\u2019elle sortait secr\u00e8tement avec lui et qu\u2019au d\u00e9but du mois de f\u00e9vrier 2020, elle s\u2019\u00e9tait rendue seule chez lui pour ses cours habituels, sans ses camarades.<\/p>\n<p>Elle a d\u00e9clar\u00e9 que Marico l\u2019a invit\u00e9e dans sa chambre et qu\u2019une fois \u00e0 l\u2019int\u00e9rieur, ils ont commenc\u00e9 \u00e0 flirter. Finalement, ils ont eu une relation sexuelle au cours de laquelle elle a \u00e9prouv\u00e9 des douleurs et a saign\u00e9. Elle a ajout\u00e9 qu\u2019elle n\u2019avait pas \u00e9t\u00e9 forc\u00e9e, mais qu\u2019elle avait eu honte de dire non.<\/p>\n<p>Marico a \u00e9t\u00e9 arr\u00eat\u00e9 et plac\u00e9 en garde \u00e0 vue, o\u00f9 il a avou\u00e9 les faits, tout en soulignant qu\u2019il ignorait l\u2019\u00e2ge d\u2019A. Diarra. Il a \u00e9t\u00e9 inculp\u00e9 pour viol, p\u00e9dophilie et d\u00e9tournement de mineure.<\/p>\n<p>Lors de son proc\u00e8s en appel \u00e0 Tambacounda, la cour a confirm\u00e9 la condamnation de Marico \u00e0 une peine de 5 ans de r\u00e9clusion criminelle pour ses actes.<\/p>\n<div class=\"publi-apres-le-contenu\" style=\"margin-top: 10px;margin-bottom: 10px;margin-left: auto;margin-right: auto;text-align: center;\" id=\"publi-4165998035\"><div class=\"publi-adlabel\">Publicit\u00e9<\/div><script async src=\"\/\/pagead2.googlesyndication.com\/pagead\/js\/adsbygoogle.js?client=ca-pub-4089586018074219\" crossorigin=\"anonymous\"><\/script><ins class=\"adsbygoogle\" style=\"display:block;\" data-ad-client=\"ca-pub-4089586018074219\" \ndata-ad-slot=\"2087940154\" \ndata-ad-format=\"auto\"><\/ins>\n<script> \n(adsbygoogle = window.adsbygoogle || []).push({}); \n<\/script>\n<\/div>","protected":false},"excerpt":{"rendered":"<p>Mamadou Marico, un enseignant de la religion islamique \u00e9tabli \u00e0 Bakel (Est) a \u00e9t\u00e9 condamn\u00e9 \u00e0 une peine de 5 ans de prison. \u00c0 l\u2019\u00e2ge de 31 ans et sans enfant, il a mis enceinte une jeune fille de 15 ans qui \u00e9tait son \u00e9l\u00e8ve. Les \u00e9v\u00e9nements ont eu lieu le 15 avril 2020, apr\u00e8s l\u2019ouverture d\u2019une enqu\u00eate par la brigade de gendarmerie de cette r\u00e9gion de l\u2019est du S\u00e9n\u00e9gal. La pr\u00e9sum\u00e9e victime, A. Diarra, a \u00e9t\u00e9 interrog\u00e9e et a d\u00e9clar\u00e9 que Marico \u00e9tait son professeur de religion et qu\u2019il dispensait des cours de renforcement \u00e0 son domicile, avec d\u2019autres \u00e9l\u00e8ves. Interrog\u00e9e sur sa relation avec\u00a0Marico, elle a inform\u00e9 les enqu\u00eateurs qu\u2019elle sortait secr\u00e8tement avec lui et qu\u2019au d\u00e9but du mois de f\u00e9vrier 2020, elle s\u2019\u00e9tait rendue seule chez lui pour ses cours habituels, sans ses camarades. Elle a d\u00e9clar\u00e9 que Marico l\u2019a invit\u00e9e dans sa chambre et qu\u2019une fois \u00e0 l\u2019int\u00e9rieur, ils ont commenc\u00e9 \u00e0 flirter. Finalement, ils ont eu une relation sexuelle au cours de laquelle elle a \u00e9prouv\u00e9 des douleurs et a saign\u00e9. Elle a ajout\u00e9 qu\u2019elle n\u2019avait pas \u00e9t\u00e9 forc\u00e9e, mais qu\u2019elle avait eu honte de dire non. Marico a \u00e9t\u00e9 arr\u00eat\u00e9 et plac\u00e9 en garde \u00e0 vue, o\u00f9 il a avou\u00e9 les faits, tout en soulignant qu\u2019il ignorait l\u2019\u00e2ge d\u2019A. Diarra. Il a \u00e9t\u00e9 inculp\u00e9 pour viol, p\u00e9dophilie et d\u00e9tournement de mineure. Lors de son proc\u00e8s en appel \u00e0 Tambacounda, la cour a confirm\u00e9 la condamnation de Marico \u00e0 une peine de 5 ans de r\u00e9clusion criminelle pour ses actes.<\/p>\n","protected":false},"author":7,"featured_media":16605,"comment_status":"open","ping_status":"open","sticky":false,"template":"","format":"standard","meta":{"_jetpack_memberships_contains_paid_content":false,"footnotes":""},"categories":[375,854,379,3724,1574,376,1,4],"tags":[1674,4553,4554,2659,130],"class_list":["post-16575","post","type-post","status-publish","format-standard","has-post-thumbnail","hentry","category-actualites","category-education","category-faits-divers","category-justice","category-sante","category-securite-justice","category-non-classe","category-societe","tag-bakel","tag-engrosser","tag-fille-de-15ans","tag-maitre-coranique","tag-prison","entry","has-media","owp-thumbs-layout-horizontal","owp-btn-normal","owp-tabs-layout-horizontal","has-no-thumbnails","has-product-nav"],"yoast_head":"<!-- This site is optimized with the Yoast SEO plugin v25.5 - https:\/\/yoast.com\/wordpress\/plugins\/seo\/ -->\n<title>Tr\u00e8s lourde peine de prison pour le ma\u00eetre coranique qui a engross\u00e9 son \u00e9l\u00e8ve de 15ans - LE PUBLIC<\/title>\n<meta name=\"robots\" content=\"index, follow, max-snippet:-1, max-image-preview:large, max-video-preview:-1\" \/>\n<link rel=\"canonical\" href=\"https:\/\/www.public.sn\/index.php\/2023\/02\/27\/tres-lourde-peine-de-prison-pour-le-maitre-coranique-qui-a-engrosse-son-eleve-de-15ans\/\" \/>\n<meta property=\"og:locale\" content=\"fr_FR\" \/>\n<meta property=\"og:type\" content=\"article\" \/>\n<meta property=\"og:title\" content=\"Tr\u00e8s lourde peine de prison pour le ma\u00eetre coranique qui a engross\u00e9 son \u00e9l\u00e8ve de 15ans - LE PUBLIC\" \/>\n<meta property=\"og:description\" content=\"Mamadou Marico, un enseignant de la religion islamique \u00e9tabli \u00e0 Bakel (Est) a \u00e9t\u00e9 condamn\u00e9 \u00e0 une peine de 5 ans de prison. \u00c0 l\u2019\u00e2ge de 31 ans et sans enfant, il a mis enceinte une jeune fille de 15 ans qui \u00e9tait son \u00e9l\u00e8ve. Les \u00e9v\u00e9nements ont eu lieu le 15 avril 2020, apr\u00e8s l\u2019ouverture d\u2019une enqu\u00eate par la brigade de gendarmerie de cette r\u00e9gion de l\u2019est du S\u00e9n\u00e9gal. La pr\u00e9sum\u00e9e victime, A. Diarra, a \u00e9t\u00e9 interrog\u00e9e et a d\u00e9clar\u00e9 que Marico \u00e9tait son professeur de religion et qu\u2019il dispensait des cours de renforcement \u00e0 son domicile, avec d\u2019autres \u00e9l\u00e8ves. Interrog\u00e9e sur sa relation avec\u00a0Marico, elle a inform\u00e9 les enqu\u00eateurs qu\u2019elle sortait secr\u00e8tement avec lui et qu\u2019au d\u00e9but du mois de f\u00e9vrier 2020, elle s\u2019\u00e9tait rendue seule chez lui pour ses cours habituels, sans ses camarades. Elle a d\u00e9clar\u00e9 que Marico l\u2019a invit\u00e9e dans sa chambre et qu\u2019une fois \u00e0 l\u2019int\u00e9rieur, ils ont commenc\u00e9 \u00e0 flirter. Finalement, ils ont eu une relation sexuelle au cours de laquelle elle a \u00e9prouv\u00e9 des douleurs et a saign\u00e9. Elle a ajout\u00e9 qu\u2019elle n\u2019avait pas \u00e9t\u00e9 forc\u00e9e, mais qu\u2019elle avait eu honte de dire non. Marico a \u00e9t\u00e9 arr\u00eat\u00e9 et plac\u00e9 en garde \u00e0 vue, o\u00f9 il a avou\u00e9 les faits, tout en soulignant qu\u2019il ignorait l\u2019\u00e2ge d\u2019A. Diarra. Il a \u00e9t\u00e9 inculp\u00e9 pour viol, p\u00e9dophilie et d\u00e9tournement de mineure. Lors de son proc\u00e8s en appel \u00e0 Tambacounda, la cour a confirm\u00e9 la condamnation de Marico \u00e0 une peine de 5 ans de r\u00e9clusion criminelle pour ses actes.\" \/>\n<meta property=\"og:url\" content=\"https:\/\/www.public.sn\/index.php\/2023\/02\/27\/tres-lourde-peine-de-prison-pour-le-maitre-coranique-qui-a-engrosse-son-eleve-de-15ans\/\" \/>\n<meta property=\"og:site_name\" content=\"LE PUBLIC\" \/>\n<meta property=\"article:published_time\" content=\"2023-02-27T10:54:00+00:00\" \/>\n<meta property=\"og:image\" content=\"https:\/\/www.public.sn\/wp-content\/uploads\/2023\/02\/cour_dappel_de_tamba.jpg\" \/>\n\t<meta property=\"og:image:width\" content=\"674\" \/>\n\t<meta property=\"og:image:height\" content=\"421\" \/>\n\t<meta property=\"og:image:type\" content=\"image\/jpeg\" \/>\n<meta name=\"author\" content=\"LA REDACTION\" \/>\n<meta name=\"twitter:card\" content=\"summary_large_image\" \/>\n<meta name=\"twitter:label1\" content=\"\u00c9crit par\" \/>\n\t<meta name=\"twitter:data1\" content=\"LA REDACTION\" \/>\n\t<meta name=\"twitter:label2\" content=\"Dur\u00e9e de lecture estim\u00e9e\" \/>\n\t<meta name=\"twitter:data2\" content=\"2 minutes\" \/>\n<script type=\"application\/ld+json\" class=\"yoast-schema-graph\">{\"@context\":\"https:\/\/schema.org\",\"@graph\":[{\"@type\":\"Article\",\"@id\":\"https:\/\/www.public.sn\/index.php\/2023\/02\/27\/tres-lourde-peine-de-prison-pour-le-maitre-coranique-qui-a-engrosse-son-eleve-de-15ans\/#article\",\"isPartOf\":{\"@id\":\"https:\/\/www.public.sn\/index.php\/2023\/02\/27\/tres-lourde-peine-de-prison-pour-le-maitre-coranique-qui-a-engrosse-son-eleve-de-15ans\/\"},\"author\":{\"name\":\"LA REDACTION\",\"@id\":\"https:\/\/www.public.sn\/#\/schema\/person\/cb76c8e1b8becc6be61fb5e92d6d0224\"},\"headline\":\"Tr\u00e8s lourde peine de prison pour le ma\u00eetre coranique qui a engross\u00e9 son \u00e9l\u00e8ve de 15ans\",\"datePublished\":\"2023-02-27T10:54:00+00:00\",\"mainEntityOfPage\":{\"@id\":\"https:\/\/www.public.sn\/index.php\/2023\/02\/27\/tres-lourde-peine-de-prison-pour-le-maitre-coranique-qui-a-engrosse-son-eleve-de-15ans\/\"},\"wordCount\":303,\"commentCount\":0,\"publisher\":{\"@id\":\"https:\/\/www.public.sn\/#organization\"},\"image\":{\"@id\":\"https:\/\/www.public.sn\/index.php\/2023\/02\/27\/tres-lourde-peine-de-prison-pour-le-maitre-coranique-qui-a-engrosse-son-eleve-de-15ans\/#primaryimage\"},\"thumbnailUrl\":\"https:\/\/www.public.sn\/wp-content\/uploads\/2023\/02\/cour_dappel_de_tamba.jpg\",\"keywords\":[\"bakel\",\"engrosser\",\"fille de 15ans\",\"maitre coranique\",\"Prison\"],\"articleSection\":[\"ACTUALIT\u00c9S\",\"\u00c9DUCATION\",\"FAITS DIVERS\",\"justice\",\"SANT\u00c9\",\"S\u00c9CURIT\u00c9 &amp; JUSTICE\",\"S\u00c9N\u00c9GAL\",\"SOCIETE\"],\"inLanguage\":\"fr-FR\",\"potentialAction\":[{\"@type\":\"CommentAction\",\"name\":\"Comment\",\"target\":[\"https:\/\/www.public.sn\/index.php\/2023\/02\/27\/tres-lourde-peine-de-prison-pour-le-maitre-coranique-qui-a-engrosse-son-eleve-de-15ans\/#respond\"]}]},{\"@type\":\"WebPage\",\"@id\":\"https:\/\/www.public.sn\/index.php\/2023\/02\/27\/tres-lourde-peine-de-prison-pour-le-maitre-coranique-qui-a-engrosse-son-eleve-de-15ans\/\",\"url\":\"https:\/\/www.public.sn\/index.php\/2023\/02\/27\/tres-lourde-peine-de-prison-pour-le-maitre-coranique-qui-a-engrosse-son-eleve-de-15ans\/\",\"name\":\"Tr\u00e8s lourde peine de prison pour le ma\u00eetre coranique qui a engross\u00e9 son \u00e9l\u00e8ve de 15ans - LE PUBLIC\",\"isPartOf\":{\"@id\":\"https:\/\/www.public.sn\/#website\"},\"primaryImageOfPage\":{\"@id\":\"https:\/\/www.public.sn\/index.php\/2023\/02\/27\/tres-lourde-peine-de-prison-pour-le-maitre-coranique-qui-a-engrosse-son-eleve-de-15ans\/#primaryimage\"},\"image\":{\"@id\":\"https:\/\/www.public.sn\/index.php\/2023\/02\/27\/tres-lourde-peine-de-prison-pour-le-maitre-coranique-qui-a-engrosse-son-eleve-de-15ans\/#primaryimage\"},\"thumbnailUrl\":\"https:\/\/www.public.sn\/wp-content\/uploads\/2023\/02\/cour_dappel_de_tamba.jpg\",\"datePublished\":\"2023-02-27T10:54:00+00:00\",\"breadcrumb\":{\"@id\":\"https:\/\/www.public.sn\/index.php\/2023\/02\/27\/tres-lourde-peine-de-prison-pour-le-maitre-coranique-qui-a-engrosse-son-eleve-de-15ans\/#breadcrumb\"},\"inLanguage\":\"fr-FR\",\"potentialAction\":[{\"@type\":\"ReadAction\",\"target\":[\"https:\/\/www.public.sn\/index.php\/2023\/02\/27\/tres-lourde-peine-de-prison-pour-le-maitre-coranique-qui-a-engrosse-son-eleve-de-15ans\/\"]}]},{\"@type\":\"ImageObject\",\"inLanguage\":\"fr-FR\",\"@id\":\"https:\/\/www.public.sn\/index.php\/2023\/02\/27\/tres-lourde-peine-de-prison-pour-le-maitre-coranique-qui-a-engrosse-son-eleve-de-15ans\/#primaryimage\",\"url\":\"https:\/\/www.public.sn\/wp-content\/uploads\/2023\/02\/cour_dappel_de_tamba.jpg\",\"contentUrl\":\"https:\/\/www.public.sn\/wp-content\/uploads\/2023\/02\/cour_dappel_de_tamba.jpg\",\"width\":674,\"height\":421},{\"@type\":\"BreadcrumbList\",\"@id\":\"https:\/\/www.public.sn\/index.php\/2023\/02\/27\/tres-lourde-peine-de-prison-pour-le-maitre-coranique-qui-a-engrosse-son-eleve-de-15ans\/#breadcrumb\",\"itemListElement\":[{\"@type\":\"ListItem\",\"position\":1,\"name\":\"Accueil\",\"item\":\"https:\/\/www.public.sn\/\"},{\"@type\":\"ListItem\",\"position\":2,\"name\":\"Tr\u00e8s lourde peine de prison pour le ma\u00eetre coranique qui a engross\u00e9 son \u00e9l\u00e8ve de 15ans\"}]},{\"@type\":\"WebSite\",\"@id\":\"https:\/\/www.public.sn\/#website\",\"url\":\"https:\/\/www.public.sn\/\",\"name\":\"LE PUBLIC\",\"description\":\"\",\"publisher\":{\"@id\":\"https:\/\/www.public.sn\/#organization\"},\"potentialAction\":[{\"@type\":\"SearchAction\",\"target\":{\"@type\":\"EntryPoint\",\"urlTemplate\":\"https:\/\/www.public.sn\/?s={search_term_string}\"},\"query-input\":{\"@type\":\"PropertyValueSpecification\",\"valueRequired\":true,\"valueName\":\"search_term_string\"}}],\"inLanguage\":\"fr-FR\"},{\"@type\":\"Organization\",\"@id\":\"https:\/\/www.public.sn\/#organization\",\"name\":\"LE PUBLIC\",\"url\":\"https:\/\/www.public.sn\/\",\"logo\":{\"@type\":\"ImageObject\",\"inLanguage\":\"fr-FR\",\"@id\":\"https:\/\/www.public.sn\/#\/schema\/logo\/image\/\",\"url\":\"https:\/\/www.public.sn\/wp-content\/uploads\/2024\/05\/cropped-LOGO-PUBLIC.SN_.png\",\"contentUrl\":\"https:\/\/www.public.sn\/wp-content\/uploads\/2024\/05\/cropped-LOGO-PUBLIC.SN_.png\",\"width\":682,\"height\":192,\"caption\":\"LE PUBLIC\"},\"image\":{\"@id\":\"https:\/\/www.public.sn\/#\/schema\/logo\/image\/\"}},{\"@type\":\"Person\",\"@id\":\"https:\/\/www.public.sn\/#\/schema\/person\/cb76c8e1b8becc6be61fb5e92d6d0224\",\"name\":\"LA REDACTION\",\"image\":{\"@type\":\"ImageObject\",\"inLanguage\":\"fr-FR\",\"@id\":\"https:\/\/www.public.sn\/#\/schema\/person\/image\/\",\"url\":\"https:\/\/secure.gravatar.com\/avatar\/2dce5ddd34b8fef0180efe03aa2a9bee7d953856048f9a16b298190a3178407c?s=96&d=mm&r=g\",\"contentUrl\":\"https:\/\/secure.gravatar.com\/avatar\/2dce5ddd34b8fef0180efe03aa2a9bee7d953856048f9a16b298190a3178407c?s=96&d=mm&r=g\",\"caption\":\"LA REDACTION\"},\"url\":\"https:\/\/www.public.sn\/index.php\/author\/editeurpsn\/\"}]}<\/script>\n<!-- \/ Yoast SEO plugin. -->","yoast_head_json":{"title":"Tr\u00e8s lourde peine de prison pour le ma\u00eetre coranique qui a engross\u00e9 son \u00e9l\u00e8ve de 15ans - LE PUBLIC","robots":{"index":"index","follow":"follow","max-snippet":"max-snippet:-1","max-image-preview":"max-image-preview:large","max-video-preview":"max-video-preview:-1"},"canonical":"https:\/\/www.public.sn\/index.php\/2023\/02\/27\/tres-lourde-peine-de-prison-pour-le-maitre-coranique-qui-a-engrosse-son-eleve-de-15ans\/","og_locale":"fr_FR","og_type":"article","og_title":"Tr\u00e8s lourde peine de prison pour le ma\u00eetre coranique qui a engross\u00e9 son \u00e9l\u00e8ve de 15ans - LE PUBLIC","og_description":"Mamadou Marico, un enseignant de la religion islamique \u00e9tabli \u00e0 Bakel (Est) a \u00e9t\u00e9 condamn\u00e9 \u00e0 une peine de 5 ans de prison. \u00c0 l\u2019\u00e2ge de 31 ans et sans enfant, il a mis enceinte une jeune fille de 15 ans qui \u00e9tait son \u00e9l\u00e8ve. Les \u00e9v\u00e9nements ont eu lieu le 15 avril 2020, apr\u00e8s l\u2019ouverture d\u2019une enqu\u00eate par la brigade de gendarmerie de cette r\u00e9gion de l\u2019est du S\u00e9n\u00e9gal. La pr\u00e9sum\u00e9e victime, A. Diarra, a \u00e9t\u00e9 interrog\u00e9e et a d\u00e9clar\u00e9 que Marico \u00e9tait son professeur de religion et qu\u2019il dispensait des cours de renforcement \u00e0 son domicile, avec d\u2019autres \u00e9l\u00e8ves. Interrog\u00e9e sur sa relation avec\u00a0Marico, elle a inform\u00e9 les enqu\u00eateurs qu\u2019elle sortait secr\u00e8tement avec lui et qu\u2019au d\u00e9but du mois de f\u00e9vrier 2020, elle s\u2019\u00e9tait rendue seule chez lui pour ses cours habituels, sans ses camarades. Elle a d\u00e9clar\u00e9 que Marico l\u2019a invit\u00e9e dans sa chambre et qu\u2019une fois \u00e0 l\u2019int\u00e9rieur, ils ont commenc\u00e9 \u00e0 flirter. Finalement, ils ont eu une relation sexuelle au cours de laquelle elle a \u00e9prouv\u00e9 des douleurs et a saign\u00e9. Elle a ajout\u00e9 qu\u2019elle n\u2019avait pas \u00e9t\u00e9 forc\u00e9e, mais qu\u2019elle avait eu honte de dire non. Marico a \u00e9t\u00e9 arr\u00eat\u00e9 et plac\u00e9 en garde \u00e0 vue, o\u00f9 il a avou\u00e9 les faits, tout en soulignant qu\u2019il ignorait l\u2019\u00e2ge d\u2019A. Diarra. Il a \u00e9t\u00e9 inculp\u00e9 pour viol, p\u00e9dophilie et d\u00e9tournement de mineure. Lors de son proc\u00e8s en appel \u00e0 Tambacounda, la cour a confirm\u00e9 la condamnation de Marico \u00e0 une peine de 5 ans de r\u00e9clusion criminelle pour ses actes.","og_url":"https:\/\/www.public.sn\/index.php\/2023\/02\/27\/tres-lourde-peine-de-prison-pour-le-maitre-coranique-qui-a-engrosse-son-eleve-de-15ans\/","og_site_name":"LE PUBLIC","article_published_time":"2023-02-27T10:54:00+00:00","og_image":[{"width":674,"height":421,"url":"https:\/\/www.public.sn\/wp-content\/uploads\/2023\/02\/cour_dappel_de_tamba.jpg","type":"image\/jpeg"}],"author":"LA REDACTION","twitter_card":"summary_large_image","twitter_misc":{"\u00c9crit par":"LA REDACTION","Dur\u00e9e de lecture estim\u00e9e":"2 minutes"},"schema":{"@context":"https:\/\/schema.org","@graph":[{"@type":"Article","@id":"https:\/\/www.public.sn\/index.php\/2023\/02\/27\/tres-lourde-peine-de-prison-pour-le-maitre-coranique-qui-a-engrosse-son-eleve-de-15ans\/#article","isPartOf":{"@id":"https:\/\/www.public.sn\/index.php\/2023\/02\/27\/tres-lourde-peine-de-prison-pour-le-maitre-coranique-qui-a-engrosse-son-eleve-de-15ans\/"},"author":{"name":"LA REDACTION","@id":"https:\/\/www.public.sn\/#\/schema\/person\/cb76c8e1b8becc6be61fb5e92d6d0224"},"headline":"Tr\u00e8s lourde peine de prison pour le ma\u00eetre coranique qui a engross\u00e9 son \u00e9l\u00e8ve de 15ans","datePublished":"2023-02-27T10:54:00+00:00","mainEntityOfPage":{"@id":"https:\/\/www.public.sn\/index.php\/2023\/02\/27\/tres-lourde-peine-de-prison-pour-le-maitre-coranique-qui-a-engrosse-son-eleve-de-15ans\/"},"wordCount":303,"commentCount":0,"publisher":{"@id":"https:\/\/www.public.sn\/#organization"},"image":{"@id":"https:\/\/www.public.sn\/index.php\/2023\/02\/27\/tres-lourde-peine-de-prison-pour-le-maitre-coranique-qui-a-engrosse-son-eleve-de-15ans\/#primaryimage"},"thumbnailUrl":"https:\/\/www.public.sn\/wp-content\/uploads\/2023\/02\/cour_dappel_de_tamba.jpg","keywords":["bakel","engrosser","fille de 15ans","maitre coranique","Prison"],"articleSection":["ACTUALIT\u00c9S","\u00c9DUCATION","FAITS DIVERS","justice","SANT\u00c9","S\u00c9CURIT\u00c9 &amp; JUSTICE","S\u00c9N\u00c9GAL","SOCIETE"],"inLanguage":"fr-FR","potentialAction":[{"@type":"CommentAction","name":"Comment","target":["https:\/\/www.public.sn\/index.php\/2023\/02\/27\/tres-lourde-peine-de-prison-pour-le-maitre-coranique-qui-a-engrosse-son-eleve-de-15ans\/#respond"]}]},{"@type":"WebPage","@id":"https:\/\/www.public.sn\/index.php\/2023\/02\/27\/tres-lourde-peine-de-prison-pour-le-maitre-coranique-qui-a-engrosse-son-eleve-de-15ans\/","url":"https:\/\/www.public.sn\/index.php\/2023\/02\/27\/tres-lourde-peine-de-prison-pour-le-maitre-coranique-qui-a-engrosse-son-eleve-de-15ans\/","name":"Tr\u00e8s lourde peine de prison pour le ma\u00eetre coranique qui a engross\u00e9 son \u00e9l\u00e8ve de 15ans - LE PUBLIC","isPartOf":{"@id":"https:\/\/www.public.sn\/#website"},"primaryImageOfPage":{"@id":"https:\/\/www.public.sn\/index.php\/2023\/02\/27\/tres-lourde-peine-de-prison-pour-le-maitre-coranique-qui-a-engrosse-son-eleve-de-15ans\/#primaryimage"},"image":{"@id":"https:\/\/www.public.sn\/index.php\/2023\/02\/27\/tres-lourde-peine-de-prison-pour-le-maitre-coranique-qui-a-engrosse-son-eleve-de-15ans\/#primaryimage"},"thumbnailUrl":"https:\/\/www.public.sn\/wp-content\/uploads\/2023\/02\/cour_dappel_de_tamba.jpg","datePublished":"2023-02-27T10:54:00+00:00","breadcrumb":{"@id":"https:\/\/www.public.sn\/index.php\/2023\/02\/27\/tres-lourde-peine-de-prison-pour-le-maitre-coranique-qui-a-engrosse-son-eleve-de-15ans\/#breadcrumb"},"inLanguage":"fr-FR","potentialAction":[{"@type":"ReadAction","target":["https:\/\/www.public.sn\/index.php\/2023\/02\/27\/tres-lourde-peine-de-prison-pour-le-maitre-coranique-qui-a-engrosse-son-eleve-de-15ans\/"]}]},{"@type":"ImageObject","inLanguage":"fr-FR","@id":"https:\/\/www.public.sn\/index.php\/2023\/02\/27\/tres-lourde-peine-de-prison-pour-le-maitre-coranique-qui-a-engrosse-son-eleve-de-15ans\/#primaryimage","url":"https:\/\/www.public.sn\/wp-content\/uploads\/2023\/02\/cour_dappel_de_tamba.jpg","contentUrl":"https:\/\/www.public.sn\/wp-content\/uploads\/2023\/02\/cour_dappel_de_tamba.jpg","width":674,"height":421},{"@type":"BreadcrumbList","@id":"https:\/\/www.public.sn\/index.php\/2023\/02\/27\/tres-lourde-peine-de-prison-pour-le-maitre-coranique-qui-a-engrosse-son-eleve-de-15ans\/#breadcrumb","itemListElement":[{"@type":"ListItem","position":1,"name":"Accueil","item":"https:\/\/www.public.sn\/"},{"@type":"ListItem","position":2,"name":"Tr\u00e8s lourde peine de prison pour le ma\u00eetre coranique qui a engross\u00e9 son \u00e9l\u00e8ve de 15ans"}]},{"@type":"WebSite","@id":"https:\/\/www.public.sn\/#website","url":"https:\/\/www.public.sn\/","name":"LE PUBLIC","description":"","publisher":{"@id":"https:\/\/www.public.sn\/#organization"},"potentialAction":[{"@type":"SearchAction","target":{"@type":"EntryPoint","urlTemplate":"https:\/\/www.public.sn\/?s={search_term_string}"},"query-input":{"@type":"PropertyValueSpecification","valueRequired":true,"valueName":"search_term_string"}}],"inLanguage":"fr-FR"},{"@type":"Organization","@id":"https:\/\/www.public.sn\/#organization","name":"LE PUBLIC","url":"https:\/\/www.public.sn\/","logo":{"@type":"ImageObject","inLanguage":"fr-FR","@id":"https:\/\/www.public.sn\/#\/schema\/logo\/image\/","url":"https:\/\/www.public.sn\/wp-content\/uploads\/2024\/05\/cropped-LOGO-PUBLIC.SN_.png","contentUrl":"https:\/\/www.public.sn\/wp-content\/uploads\/2024\/05\/cropped-LOGO-PUBLIC.SN_.png","width":682,"height":192,"caption":"LE PUBLIC"},"image":{"@id":"https:\/\/www.public.sn\/#\/schema\/logo\/image\/"}},{"@type":"Person","@id":"https:\/\/www.public.sn\/#\/schema\/person\/cb76c8e1b8becc6be61fb5e92d6d0224","name":"LA REDACTION","image":{"@type":"ImageObject","inLanguage":"fr-FR","@id":"https:\/\/www.public.sn\/#\/schema\/person\/image\/","url":"https:\/\/secure.gravatar.com\/avatar\/2dce5ddd34b8fef0180efe03aa2a9bee7d953856048f9a16b298190a3178407c?s=96&d=mm&r=g","contentUrl":"https:\/\/secure.gravatar.com\/avatar\/2dce5ddd34b8fef0180efe03aa2a9bee7d953856048f9a16b298190a3178407c?s=96&d=mm&r=g","caption":"LA REDACTION"},"url":"https:\/\/www.public.sn\/index.php\/author\/editeurpsn\/"}]}},"jetpack_featured_media_url":"https:\/\/www.public.sn\/wp-content\/uploads\/2023\/02\/cour_dappel_de_tamba.jpg","jetpack_sharing_enabled":true,"_links":{"self":[{"href":"https:\/\/www.public.sn\/index.php\/wp-json\/wp\/v2\/posts\/16575","targetHints":{"allow":["GET"]}}],"collection":[{"href":"https:\/\/www.public.sn\/index.php\/wp-json\/wp\/v2\/posts"}],"about":[{"href":"https:\/\/www.public.sn\/index.php\/wp-json\/wp\/v2\/types\/post"}],"author":[{"embeddable":true,"href":"https:\/\/www.public.sn\/index.php\/wp-json\/wp\/v2\/users\/7"}],"replies":[{"embeddable":true,"href":"https:\/\/www.public.sn\/index.php\/wp-json\/wp\/v2\/comments?post=16575"}],"version-history":[{"count":1,"href":"https:\/\/www.public.sn\/index.php\/wp-json\/wp\/v2\/posts\/16575\/revisions"}],"predecessor-version":[{"id":16606,"href":"https:\/\/www.public.sn\/index.php\/wp-json\/wp\/v2\/posts\/16575\/revisions\/16606"}],"wp:featuredmedia":[{"embeddable":true,"href":"https:\/\/www.public.sn\/index.php\/wp-json\/wp\/v2\/media\/16605"}],"wp:attachment":[{"href":"https:\/\/www.public.sn\/index.php\/wp-json\/wp\/v2\/media?parent=16575"}],"wp:term":[{"taxonomy":"category","embeddable":true,"href":"https:\/\/www.public.sn\/index.php\/wp-json\/wp\/v2\/categories?post=16575"},{"taxonomy":"post_tag","embeddable":true,"href":"https:\/\/www.public.sn\/index.php\/wp-json\/wp\/v2\/tags?post=16575"}],"curies":[{"name":"wp","href":"https:\/\/api.w.org\/{rel}","templated":true}]}}